{"id":55154,"date":"2022-10-16T08:00:00","date_gmt":"2022-10-16T07:00:00","guid":{"rendered":"https:\/\/www.escapadarural.com\/blog\/?p=55154"},"modified":"2025-08-01T12:41:53","modified_gmt":"2025-08-01T10:41:53","slug":"el-huerto-de-sissi-emperatriz-en-espana","status":"publish","type":"post","link":"https:\/\/www.escapadarural.com\/blog\/el-huerto-de-sissi-emperatriz-en-espana\/","title":{"rendered":"El huerto que enamor\u00f3 a Sissi Emperatriz y su viaje por Espa\u00f1a"},"content":{"rendered":"\n<p>El romance hist\u00f3rico siempre ha tenido una fiel legi\u00f3n de seguidores pero actualmente su popularidad se est\u00e1 acrecentando. Es gracias \u2013o por culpa\u2013 de las plataformas de <em>streaming<\/em>, que cuando detectan que un g\u00e9nero o tem\u00e1tica triunfa entre la audiencia aprovechan el tir\u00f3n. Netflix ha sido la que m\u00e1s provecho le ha sacado a esta moda: <em>The Crown<\/em> fue la puerta de entrada al universo de las intrigas palaciegas, aunque la serie <em>Los Bridgerton<\/em> supuso una aut\u00e9ntica revoluci\u00f3n de p\u00fablico. <\/p>\n\n\n\n<p>La sigui\u00f3 la adaptaci\u00f3n de la novela de Jane Austen titulada <em>Persuasi\u00f3n<\/em> y ahora le llega el turno a<strong> <em>La emperatriz<\/em><\/strong>, la miniserie alemana basada en la vida, una vez m\u00e1s, de Isabel de Baviera, emperatriz de Austria y reina consorte de Hungr\u00eda, m\u00e1s conocida como Sissi.<\/p>\n\n\n\n<p><em>The Crown<\/em> se basa en la vida de la Familia Real Brit\u00e1nica desde el ascenso al trono de Isabel II y <em>La emperatriz<\/em> comienza con el enamoramiento del <strong>emperador Francisco Jos\u00e9 I<\/strong> quien, en lugar de escoger a Elena de Baviera como esposa, se qued\u00f3 prendado de su hermana Isabel. Aunque se supone que la historia fue m\u00e1s o menos as\u00ed, en la producci\u00f3n no se hace hincapi\u00e9 en que la novia apenas ten\u00eda diecis\u00e9is a\u00f1os, aunque s\u00ed se refleja desde el principio que su naturaleza no estaba hecha para seguir las normas.<\/p>\n\n\n\n<figure class=\"wp-block-image size-large\"><a href=\"https:\/\/www.escapadarural.com\/blog\/wp-content\/uploads\/AdobeStock_129363775-scaled.jpeg\"><img decoding=\"async\" src=\"https:\/\/www.escapadarural.com\/blog\/wp-content\/uploads\/AdobeStock_129363775-1024x669.jpeg\" alt=\"Palmeral de Elche, uno de los lugares visitados por Sissi Emperatriz en Espa\u00f1a\" class=\"wp-image-55186\"\/><\/a><figcaption class=\"wp-element-caption\">Palmeral de Elche, uno de los lugares visitados por Sissi Emperatriz en Espa\u00f1a. Por Leonid Andronov<\/figcaption><\/figure>\n\n\n\n<p>As\u00ed fue c\u00f3mo, queriendo cumplir el sue\u00f1o del amor rom\u00e1ntico, Isabel (seg\u00fan la nueva serie, no aguantaba que la llamasen Sissi) se vio abocada a una <strong>vida llena de restricciones<\/strong> que no soportaba, con una suegra que se inmiscu\u00eda en cualquier aspecto de su vida y con una salud mental inestable. <\/p>\n\n\n\n<p>Sobre su personalidad se han contado muchas historias, aunque dependiendo de la fuente, a veces var\u00edan: las m\u00e1s populares hacen referencia al control f\u00e9rreo que llevaba sobre su peso \u2013se dice que padec\u00eda bulimia nerviosa\u2013, a la preocupaci\u00f3n por su aspecto y a su obsesi\u00f3n por el ejercicio f\u00edsico. Durante su juventud era casi m\u00e1s conocida por su belleza que por cualquier otra de sus facetas, aunque ella tambi\u00e9n particip\u00f3 en las decisiones estrat\u00e9gicas de su imperio y era amante de la literatura, por ejemplo.<\/p>\n\n\n\n<figure class=\"wp-block-image size-large\"><a href=\"https:\/\/www.escapadarural.com\/blog\/wp-content\/uploads\/6652164117_9ecd2b6534_o.jpg\"><img decoding=\"async\" src=\"https:\/\/www.escapadarural.com\/blog\/wp-content\/uploads\/6652164117_9ecd2b6534_o-1024x768.jpg\" alt=\"casa s'Estaca retrato de Sissi\" class=\"wp-image-55185\"\/><\/a><figcaption class=\"wp-element-caption\">Mallorca -casa s&#8217;Estaca retrato de Sissi. Por <a href=\"https:\/\/www.flickr.com\/photos\/ferlomu\/6652164117\" target=\"_blank\" rel=\"noreferrer noopener nofollow\">Fernando L\u00f3pez<\/a><\/figcaption><\/figure>\n\n\n\n<p>Sin embargo, los problemas de la emperatriz no solo ten\u00edan que ver con su propia idiosincrasia. La muerte de dos de sus hijos (Sof\u00eda, cuando a\u00fan era muy peque\u00f1a y durante un viaje) y Rodolfo (en extra\u00f1as circunstancias junto a su amante la duquesa Mar\u00eda Vetsera a los treinta a\u00f1os) la marcaron para siempre. Esa depresi\u00f3n perenne por la p\u00e9rdida (despu\u00e9s de la desgracia de su hijo no volvi\u00f3 a vestir de otro color que no fuese el negro) y su inacabable curiosidad por el mundo la convirtieron en<strong> una viajera incansable<\/strong>.&nbsp;<\/p>\n\n\n\n<h2 class=\"wp-block-heading\" id=\"h-el-viaje-de-sissi-emperatriz-en-espana\"><strong>El viaje de Sissi Emperatriz en Espa\u00f1a<\/strong><\/h2>\n\n\n\n<figure class=\"wp-block-image size-large\"><a href=\"https:\/\/www.escapadarural.com\/blog\/wp-content\/uploads\/AdobeStock_408290255-scaled.jpeg\"><img decoding=\"async\" src=\"https:\/\/www.escapadarural.com\/blog\/wp-content\/uploads\/AdobeStock_408290255-1024x683.jpeg\" alt=\"Palmera imperial en Elche, visitada por Sissi Emperatriz en Espa\u00f1a\" class=\"wp-image-55182\"\/><\/a><figcaption class=\"wp-element-caption\">Palmera Imperial en Elche, visitada por Sissi Emperatriz en Espa\u00f1a. Por Tolo<\/figcaption><\/figure>\n\n\n\n<p>Aunque la serie se rod\u00f3 \u00edntegramente en Baviera lo cierto es que, durante su vida real, la protagonista se movi\u00f3 por el mundo con ligereza, manteniendo su identidad en secreto y rechazando invitaciones de miembros de la realeza y aristocracia europea. <strong>Corf\u00fa y <\/strong><strong>Madeira<\/strong><strong> fueron dos de sus destinos favoritos, pero tambi\u00e9n visit\u00f3 Espa\u00f1a<\/strong> en donde dej\u00f3 huella y adem\u00e1s, se divirti\u00f3.<\/p>\n\n\n\n<p>Uno de los lugares que le marc\u00f3 y, a su vez,<strong> en el que ella dej\u00f3 rastro fue Elche<\/strong>, en concreto su palmeral. La emperatriz lleg\u00f3 al puerto de Alicante en 1884 y quiso visitar el <strong>famoso Huerto del Cura<\/strong>, cuyo due\u00f1o en aquel momento (lo fue hasta 1918) era el capell\u00e1n Jos\u00e9 Casta\u00f1o. En el jard\u00edn de su propiedad, que cultivaba con esmero, hab\u00eda crecido una palmera muy especial que dej\u00f3 sorprendida a la visitante:&nbsp;de su mismo tronco hab\u00edan salido siete brazos o siete hijuelos, como se dice de forma m\u00e1s t\u00e9cnica.&nbsp;<\/p>\n\n\n\n<p>Con motivo de la visita de Isabel de Austria, el capell\u00e1n bautiz\u00f3 a ese ejemplar de \u2018Phoenix Dactylifera&#8217; como<strong> \u2018Palmera imperial\u2019<\/strong> y mand\u00f3 elaborar <strong>un busto de la emperatriz<\/strong>, que ahora est\u00e1 colocado junto a dicha planta. En el a\u00f1o 2000, este jard\u00edn fue nombrado Patrimonio de la Humanidad. Es el m\u00e1s grande de Europa y, por supuesto, el pulm\u00f3n de Elche.<\/p>\n\n\n\n<figure class=\"wp-block-image size-large\"><img decoding=\"async\" src=\"https:\/\/www.escapadarural.com\/blog\/wp-content\/uploads\/AdobeStock_211849823-1024x683.jpeg\" alt=\"palacete de Son Marroig, donde se aloj\u00f3 Sissi Emperatriz en Espa\u00f1a\" class=\"wp-image-55184\"\/><figcaption class=\"wp-element-caption\">Palacete de Son Marroig, donde se aloj\u00f3 Sissi Emperatriz en Espa\u00f1a. Por dudlajzov<\/figcaption><\/figure>\n\n\n\n<p>Pero no fue la \u00fanica vez que la emperatriz \u2013que a partir de su 50 cumplea\u00f1os comenz\u00f3 a esconder su rostro de las c\u00e1maras de fotos y de los observadores desconocidos usando velos o abanicos\u2013 pis\u00f3 suelo espa\u00f1ol. En sus frecuentes escapadas a la zona mediterr\u00e1nea, <strong>pas\u00f3 por <\/strong><a href=\"https:\/\/www.escapadarural.com\/casas-rurales\/sevilla_sevilla\"><strong>Sevilla<\/strong><\/a><strong> en 1861<\/strong>, en donde asisti\u00f3 a una corrida de toros que hicieron en su honor (uno de los pocos agasajos que acept\u00f3 en sus visitas). A\u00f1os m\u00e1s tarde, volvi\u00f3 a Andaluc\u00eda para <strong>conocer <\/strong><a href=\"https:\/\/www.escapadarural.com\/casas-rurales\/granada\"><strong>Granada<\/strong><\/a><strong> en 1863<\/strong>, como ha recogido la <a href=\"https:\/\/www.granadahoy.com\/granada\/Sissi-emperatriz-Alhambra_0_881612375.html\" target=\"_blank\" rel=\"noreferrer noopener nofollow\">prensa actual<\/a>, aunque no la de la \u00e9poca&nbsp; .<\/p>\n\n\n\n<p><a href=\"https:\/\/www.escapadarural.com\/casas-rurales\/mallorca\"><strong>Mallorca<\/strong><\/a><strong> tambi\u00e9n fue otro de los destinos de la emperatriz<\/strong>. El clima mediterr\u00e1neo calmaba sus nervios y en el palacete de Son Marroig, situado en Dei\u00e0 \u2013y por aquel entonces propiedad del archiduque Luis Salvador de Habsburgo\u2013, a\u00fan resuenan sus pasos. Se dice que Isabel de Baviera disfrut\u00f3 del atardecer desde su mirador, al igual que muchos de los visitantes que se acercan a esta construcci\u00f3n declarada Bien de Inter\u00e9s Cultural. Asimismo, la emperatriz tambi\u00e9n <strong>se aloj\u00f3 en el monasterio de Miramar<\/strong>, que pertenec\u00eda al mismo arist\u00f3crata, en el que ahora se puede ver una talla de la virgen que la honorable hu\u00e9sped dej\u00f3 en agradecimiento.<\/p>\n\n\n\n<figure class=\"wp-block-image size-large\"><a href=\"https:\/\/www.escapadarural.com\/blog\/wp-content\/uploads\/AdobeStock_514153648-scaled.jpeg\"><img decoding=\"async\" src=\"https:\/\/www.escapadarural.com\/blog\/wp-content\/uploads\/AdobeStock_514153648-1024x686.jpeg\" alt=\"monasterio de Miramar\" class=\"wp-image-55189\"\/><\/a><figcaption class=\"wp-element-caption\">Monasterio de Miramar. Por Tolo<\/figcaption><\/figure>\n\n\n\n<p>La vida de la que fue conocida como Sissi termin\u00f3 de forma abrupta y dram\u00e1tica, como hab\u00eda sido su existencia. Cuando ten\u00eda 61 a\u00f1os estaba paseando cerca del lago Lem\u00e1n, en Ginebra, junto a la reina rumana Isabel de Wied cuando tropez\u00f3 con un hombre. No era otro que el anarquista italiano Luigi Lucheni, que <strong>le clav\u00f3 un fino estilete casi en el coraz\u00f3n a la emperatriz<\/strong> y la mat\u00f3. En el lugar del crimen ahora hay una estatua que la recuerda.&nbsp;<\/p>\n\n\n\n<div class=\"wp-block-buttons is-layout-flex wp-block-buttons-is-layout-flex\">\n<div class=\"wp-block-button\"><a class=\"wp-block-button__link wp-element-button\" href=\"https:\/\/www.escapadarural.com\/casas-rurales\/alicante\">Casas rurales en Alicante<\/a><\/div>\n<\/div>\n","protected":false},"excerpt":{"rendered":"<p>Sissi Emperatriz estuvo en Espa\u00f1a en 1884. La ruta comenz\u00f3 en Alicante y continu\u00f3 por Granada, Sevilla y Mallorca. En Elche, la emperatriz se enamor\u00f3 de la peculiar palmera de siete brazos de El huerto del Cura, que acabaron bautiz\u00e1ndola en su honor como la Palmera imperial. Este es el viaje de Sissi Emperatriz en Espa\u00f1a. <\/p>\n","protected":false},"author":114,"featured_media":99277,"comment_status":"open","ping_status":"open","sticky":false,"template":"","format":"standard","meta":{"_acf_changed":false,"om_disable_all_campaigns":false,"footnotes":""},"categories":[231],"tags":[260,883,338,440,4636,4637,2323,410,4638,312,2739],"class_list":["post-55154","post","type-post","status-publish","format-standard","has-post-thumbnail","hentry","category-arte-y-cultura","tag-articulo","tag-elche","tag-que-ver-en-granada","tag-historias-y-curiosidades","tag-huerto-del-cura","tag-isabel-de-baviera","tag-madeira","tag-mallorca","tag-palmera-imperial","tag-que-ver-en-sevilla","tag-sissi-emperatriz"],"acf":[],"featured_image_src":"https:\/\/www.escapadarural.com\/blog\/wp-content\/uploads\/2024\/10\/sissi-en-elche-1024x786-1.jpg","author_info":{"display_name":"Carmen L\u00f3pez","author_link":"https:\/\/www.escapadarural.com\/blog\/autor\/carmenlopez\/"},"yoast_head":"<!-- This site is optimized with the Yoast SEO plugin v27.5 - https:\/\/yoast.com\/product\/yoast-seo-wordpress\/ -->\n<title>El huerto que enamor\u00f3 a Sissi Emperatriz y su viaje por Espa\u00f1a - EscapadaRural<\/title>\n<meta name=\"robots\" content=\"index, follow, max-snippet:-1, max-image-preview:large, max-video-preview:-1\" \/>\n<link rel=\"canonical\" href=\"https:\/\/www.escapadarural.com\/blog\/el-huerto-de-sissi-emperatriz-en-espana\/\" \/>\n<meta property=\"og:locale\" content=\"es_ES\" \/>\n<meta property=\"og:type\" content=\"article\" \/>\n<meta property=\"og:title\" content=\"El huerto que enamor\u00f3 a Sissi Emperatriz y su viaje por Espa\u00f1a - EscapadaRural\" \/>\n<meta property=\"og:description\" content=\"Sissi Emperatriz estuvo en Espa\u00f1a en 1884. La ruta comenz\u00f3 en Alicante y continu\u00f3 por Granada, Sevilla y Mallorca. En Elche, la emperatriz se enamor\u00f3 de la peculiar palmera de siete brazos de El huerto del Cura, que acabaron bautiz\u00e1ndola en su honor como la Palmera imperial. Este es el viaje de Sissi Emperatriz en Espa\u00f1a.\" \/>\n<meta property=\"og:url\" content=\"https:\/\/www.escapadarural.com\/blog\/el-huerto-de-sissi-emperatriz-en-espana\/\" \/>\n<meta property=\"og:site_name\" content=\"Magazine de viajes de EscapadaRural\" \/>\n<meta property=\"article:publisher\" content=\"https:\/\/www.facebook.com\/escapadarural\" \/>\n<meta property=\"article:published_time\" content=\"2022-10-16T07:00:00+00:00\" \/>\n<meta property=\"article:modified_time\" content=\"2025-08-01T10:41:53+00:00\" \/>\n<meta property=\"og:image\" content=\"https:\/\/www.escapadarural.com\/blog\/wp-content\/uploads\/2024\/10\/sissi-en-elche-1024x786-1.jpg?v=1754044915\" \/>\n\t<meta property=\"og:image:width\" content=\"1024\" \/>\n\t<meta property=\"og:image:height\" content=\"786\" \/>\n\t<meta property=\"og:image:type\" content=\"image\/jpeg\" \/>\n<meta name=\"author\" content=\"Carmen L\u00f3pez\" \/>\n<meta name=\"twitter:card\" content=\"summary_large_image\" \/>\n<meta name=\"twitter:label1\" content=\"Escrito por\" \/>\n\t<meta name=\"twitter:data1\" content=\"Carmen L\u00f3pez\" \/>\n\t<meta name=\"twitter:label2\" content=\"Tiempo de lectura\" \/>\n\t<meta name=\"twitter:data2\" content=\"7 minutos\" \/>\n<script type=\"application\/ld+json\" class=\"yoast-schema-graph\">{\"@context\":\"https:\\\/\\\/schema.org\",\"@graph\":[{\"@type\":\"Article\",\"@id\":\"https:\\\/\\\/www.escapadarural.com\\\/blog\\\/el-huerto-de-sissi-emperatriz-en-espana\\\/#article\",\"isPartOf\":{\"@id\":\"https:\\\/\\\/www.escapadarural.com\\\/blog\\\/el-huerto-de-sissi-emperatriz-en-espana\\\/\"},\"author\":{\"name\":\"Carmen L\u00f3pez\",\"@id\":\"https:\\\/\\\/www.escapadarural.com\\\/blog\\\/#\\\/schema\\\/person\\\/42dfdff6118172efc6a04c8ae599a2ce\"},\"headline\":\"El huerto que enamor\u00f3 a Sissi Emperatriz y su viaje por Espa\u00f1a\",\"datePublished\":\"2022-10-16T07:00:00+00:00\",\"dateModified\":\"2025-08-01T10:41:53+00:00\",\"mainEntityOfPage\":{\"@id\":\"https:\\\/\\\/www.escapadarural.com\\\/blog\\\/el-huerto-de-sissi-emperatriz-en-espana\\\/\"},\"wordCount\":1117,\"commentCount\":1,\"publisher\":{\"@id\":\"https:\\\/\\\/www.escapadarural.com\\\/blog\\\/#organization\"},\"image\":{\"@id\":\"https:\\\/\\\/www.escapadarural.com\\\/blog\\\/el-huerto-de-sissi-emperatriz-en-espana\\\/#primaryimage\"},\"thumbnailUrl\":\"https:\\\/\\\/www.escapadarural.com\\\/blog\\\/wp-content\\\/uploads\\\/2024\\\/10\\\/sissi-en-elche-1024x786-1.jpg\",\"keywords\":[\"art\u00edculo\",\"Elche\",\"Granada\",\"Historias y Curiosidades\",\"huerto del cura\",\"isabel de baviera\",\"Madeira\",\"Mallorca\",\"palmera imperial\",\"Sevilla\",\"sissi emperatriz\"],\"articleSection\":[\"Arte y Cultura\"],\"inLanguage\":\"es\",\"potentialAction\":[{\"@type\":\"CommentAction\",\"name\":\"Comment\",\"target\":[\"https:\\\/\\\/www.escapadarural.com\\\/blog\\\/el-huerto-de-sissi-emperatriz-en-espana\\\/#respond\"]}]},{\"@type\":\"WebPage\",\"@id\":\"https:\\\/\\\/www.escapadarural.com\\\/blog\\\/el-huerto-de-sissi-emperatriz-en-espana\\\/\",\"url\":\"https:\\\/\\\/www.escapadarural.com\\\/blog\\\/el-huerto-de-sissi-emperatriz-en-espana\\\/\",\"name\":\"El huerto que enamor\u00f3 a Sissi Emperatriz y su viaje por Espa\u00f1a - EscapadaRural\",\"isPartOf\":{\"@id\":\"https:\\\/\\\/www.escapadarural.com\\\/blog\\\/#website\"},\"primaryImageOfPage\":{\"@id\":\"https:\\\/\\\/www.escapadarural.com\\\/blog\\\/el-huerto-de-sissi-emperatriz-en-espana\\\/#primaryimage\"},\"image\":{\"@id\":\"https:\\\/\\\/www.escapadarural.com\\\/blog\\\/el-huerto-de-sissi-emperatriz-en-espana\\\/#primaryimage\"},\"thumbnailUrl\":\"https:\\\/\\\/www.escapadarural.com\\\/blog\\\/wp-content\\\/uploads\\\/2024\\\/10\\\/sissi-en-elche-1024x786-1.jpg\",\"datePublished\":\"2022-10-16T07:00:00+00:00\",\"dateModified\":\"2025-08-01T10:41:53+00:00\",\"breadcrumb\":{\"@id\":\"https:\\\/\\\/www.escapadarural.com\\\/blog\\\/el-huerto-de-sissi-emperatriz-en-espana\\\/#breadcrumb\"},\"inLanguage\":\"es\",\"potentialAction\":[{\"@type\":\"ReadAction\",\"target\":[\"https:\\\/\\\/www.escapadarural.com\\\/blog\\\/el-huerto-de-sissi-emperatriz-en-espana\\\/\"]}]},{\"@type\":\"ImageObject\",\"inLanguage\":\"es\",\"@id\":\"https:\\\/\\\/www.escapadarural.com\\\/blog\\\/el-huerto-de-sissi-emperatriz-en-espana\\\/#primaryimage\",\"url\":\"https:\\\/\\\/www.escapadarural.com\\\/blog\\\/wp-content\\\/uploads\\\/2024\\\/10\\\/sissi-en-elche-1024x786-1.jpg\",\"contentUrl\":\"https:\\\/\\\/www.escapadarural.com\\\/blog\\\/wp-content\\\/uploads\\\/2024\\\/10\\\/sissi-en-elche-1024x786-1.jpg\",\"width\":1024,\"height\":786,\"caption\":\"Un busto de piedra de una mujer con el pelo ondulado, que lleva un collar y ropas drapeadas, est\u00e1 colocado al aire libre entre frondosos helechos verdes y \u00e1rboles, con la luz del sol iluminando su rostro.\"},{\"@type\":\"BreadcrumbList\",\"@id\":\"https:\\\/\\\/www.escapadarural.com\\\/blog\\\/el-huerto-de-sissi-emperatriz-en-espana\\\/#breadcrumb\",\"itemListElement\":[{\"@type\":\"ListItem\",\"position\":1,\"name\":\"Inicio\",\"item\":\"https:\\\/\\\/www.escapadarural.com\\\/blog\\\/\"},{\"@type\":\"ListItem\",\"position\":2,\"name\":\"Arte y Cultura\",\"item\":\"https:\\\/\\\/www.escapadarural.com\\\/blog\\\/categoria\\\/arte-y-cultura\\\/\"},{\"@type\":\"ListItem\",\"position\":3,\"name\":\"El huerto que enamor\u00f3 a Sissi Emperatriz y su viaje por Espa\u00f1a\"}]},{\"@type\":\"WebSite\",\"@id\":\"https:\\\/\\\/www.escapadarural.com\\\/blog\\\/#website\",\"url\":\"https:\\\/\\\/www.escapadarural.com\\\/blog\\\/\",\"name\":\"Blog de viajes | turismo rural, alojamientos e inspiraci\u00f3n\",\"description\":\"Alojamientos rurales e inspiraci\u00f3n para tus escapadas\",\"publisher\":{\"@id\":\"https:\\\/\\\/www.escapadarural.com\\\/blog\\\/#organization\"},\"alternateName\":\"Magazine de viajes de EscapadaRural\",\"potentialAction\":[{\"@type\":\"SearchAction\",\"target\":{\"@type\":\"EntryPoint\",\"urlTemplate\":\"https:\\\/\\\/www.escapadarural.com\\\/blog\\\/?s={search_term_string}\"},\"query-input\":{\"@type\":\"PropertyValueSpecification\",\"valueRequired\":true,\"valueName\":\"search_term_string\"}}],\"inLanguage\":\"es\"},{\"@type\":\"Organization\",\"@id\":\"https:\\\/\\\/www.escapadarural.com\\\/blog\\\/#organization\",\"name\":\"EscapadaRural\",\"url\":\"https:\\\/\\\/www.escapadarural.com\\\/blog\\\/\",\"logo\":{\"@type\":\"ImageObject\",\"inLanguage\":\"es\",\"@id\":\"https:\\\/\\\/www.escapadarural.com\\\/blog\\\/#\\\/schema\\\/logo\\\/image\\\/\",\"url\":\"https:\\\/\\\/www.escapadarural.com\\\/blog\\\/wp-content\\\/uploads\\\/2024\\\/10\\\/cropped-cropped-escapada-rural-icon-mag-3.png\",\"contentUrl\":\"https:\\\/\\\/www.escapadarural.com\\\/blog\\\/wp-content\\\/uploads\\\/2024\\\/10\\\/cropped-cropped-escapada-rural-icon-mag-3.png\",\"width\":512,\"height\":512,\"caption\":\"EscapadaRural\"},\"image\":{\"@id\":\"https:\\\/\\\/www.escapadarural.com\\\/blog\\\/#\\\/schema\\\/logo\\\/image\\\/\"},\"sameAs\":[\"https:\\\/\\\/www.facebook.com\\\/escapadarural\",\"https:\\\/\\\/www.instagram.com\\\/escapadarural\\\/\",\"https:\\\/\\\/www.youtube.com\\\/@escapadaruralcom\"]},{\"@type\":\"Person\",\"@id\":\"https:\\\/\\\/www.escapadarural.com\\\/blog\\\/#\\\/schema\\\/person\\\/42dfdff6118172efc6a04c8ae599a2ce\",\"name\":\"Carmen L\u00f3pez\",\"image\":{\"@type\":\"ImageObject\",\"inLanguage\":\"es\",\"@id\":\"https:\\\/\\\/www.escapadarural.com\\\/blog\\\/wp-content\\\/uploads\\\/2024\\\/11\\\/cropped-perfil_eldiario-96x96-1-96x96.jpeg\",\"url\":\"https:\\\/\\\/www.escapadarural.com\\\/blog\\\/wp-content\\\/uploads\\\/2024\\\/11\\\/cropped-perfil_eldiario-96x96-1-96x96.jpeg\",\"contentUrl\":\"https:\\\/\\\/www.escapadarural.com\\\/blog\\\/wp-content\\\/uploads\\\/2024\\\/11\\\/cropped-perfil_eldiario-96x96-1-96x96.jpeg\",\"caption\":\"Carmen L\u00f3pez\"},\"description\":\"Soy periodista y escribo sobre cosas que importan en sitios que interesan desde hace m\u00e1s de una d\u00e9cada.\",\"url\":\"https:\\\/\\\/www.escapadarural.com\\\/blog\\\/autor\\\/carmenlopez\\\/\"}]}<\/script>\n<!-- \/ Yoast SEO plugin. -->","yoast_head_json":{"title":"El huerto que enamor\u00f3 a Sissi Emperatriz y su viaje por Espa\u00f1a - EscapadaRural","robots":{"index":"index","follow":"follow","max-snippet":"max-snippet:-1","max-image-preview":"max-image-preview:large","max-video-preview":"max-video-preview:-1"},"canonical":"https:\/\/www.escapadarural.com\/blog\/el-huerto-de-sissi-emperatriz-en-espana\/","og_locale":"es_ES","og_type":"article","og_title":"El huerto que enamor\u00f3 a Sissi Emperatriz y su viaje por Espa\u00f1a - EscapadaRural","og_description":"Sissi Emperatriz estuvo en Espa\u00f1a en 1884. La ruta comenz\u00f3 en Alicante y continu\u00f3 por Granada, Sevilla y Mallorca. En Elche, la emperatriz se enamor\u00f3 de la peculiar palmera de siete brazos de El huerto del Cura, que acabaron bautiz\u00e1ndola en su honor como la Palmera imperial. Este es el viaje de Sissi Emperatriz en Espa\u00f1a.","og_url":"https:\/\/www.escapadarural.com\/blog\/el-huerto-de-sissi-emperatriz-en-espana\/","og_site_name":"Magazine de viajes de EscapadaRural","article_publisher":"https:\/\/www.facebook.com\/escapadarural","article_published_time":"2022-10-16T07:00:00+00:00","article_modified_time":"2025-08-01T10:41:53+00:00","og_image":[{"width":1024,"height":786,"url":"https:\/\/www.escapadarural.com\/blog\/wp-content\/uploads\/2024\/10\/sissi-en-elche-1024x786-1.jpg?v=1754044915","type":"image\/jpeg"}],"author":"Carmen L\u00f3pez","twitter_card":"summary_large_image","twitter_misc":{"Escrito por":"Carmen L\u00f3pez","Tiempo de lectura":"7 minutos"},"schema":{"@context":"https:\/\/schema.org","@graph":[{"@type":"Article","@id":"https:\/\/www.escapadarural.com\/blog\/el-huerto-de-sissi-emperatriz-en-espana\/#article","isPartOf":{"@id":"https:\/\/www.escapadarural.com\/blog\/el-huerto-de-sissi-emperatriz-en-espana\/"},"author":{"name":"Carmen L\u00f3pez","@id":"https:\/\/www.escapadarural.com\/blog\/#\/schema\/person\/42dfdff6118172efc6a04c8ae599a2ce"},"headline":"El huerto que enamor\u00f3 a Sissi Emperatriz y su viaje por Espa\u00f1a","datePublished":"2022-10-16T07:00:00+00:00","dateModified":"2025-08-01T10:41:53+00:00","mainEntityOfPage":{"@id":"https:\/\/www.escapadarural.com\/blog\/el-huerto-de-sissi-emperatriz-en-espana\/"},"wordCount":1117,"commentCount":1,"publisher":{"@id":"https:\/\/www.escapadarural.com\/blog\/#organization"},"image":{"@id":"https:\/\/www.escapadarural.com\/blog\/el-huerto-de-sissi-emperatriz-en-espana\/#primaryimage"},"thumbnailUrl":"https:\/\/www.escapadarural.com\/blog\/wp-content\/uploads\/2024\/10\/sissi-en-elche-1024x786-1.jpg","keywords":["art\u00edculo","Elche","Granada","Historias y Curiosidades","huerto del cura","isabel de baviera","Madeira","Mallorca","palmera imperial","Sevilla","sissi emperatriz"],"articleSection":["Arte y Cultura"],"inLanguage":"es","potentialAction":[{"@type":"CommentAction","name":"Comment","target":["https:\/\/www.escapadarural.com\/blog\/el-huerto-de-sissi-emperatriz-en-espana\/#respond"]}]},{"@type":"WebPage","@id":"https:\/\/www.escapadarural.com\/blog\/el-huerto-de-sissi-emperatriz-en-espana\/","url":"https:\/\/www.escapadarural.com\/blog\/el-huerto-de-sissi-emperatriz-en-espana\/","name":"El huerto que enamor\u00f3 a Sissi Emperatriz y su viaje por Espa\u00f1a - EscapadaRural","isPartOf":{"@id":"https:\/\/www.escapadarural.com\/blog\/#website"},"primaryImageOfPage":{"@id":"https:\/\/www.escapadarural.com\/blog\/el-huerto-de-sissi-emperatriz-en-espana\/#primaryimage"},"image":{"@id":"https:\/\/www.escapadarural.com\/blog\/el-huerto-de-sissi-emperatriz-en-espana\/#primaryimage"},"thumbnailUrl":"https:\/\/www.escapadarural.com\/blog\/wp-content\/uploads\/2024\/10\/sissi-en-elche-1024x786-1.jpg","datePublished":"2022-10-16T07:00:00+00:00","dateModified":"2025-08-01T10:41:53+00:00","breadcrumb":{"@id":"https:\/\/www.escapadarural.com\/blog\/el-huerto-de-sissi-emperatriz-en-espana\/#breadcrumb"},"inLanguage":"es","potentialAction":[{"@type":"ReadAction","target":["https:\/\/www.escapadarural.com\/blog\/el-huerto-de-sissi-emperatriz-en-espana\/"]}]},{"@type":"ImageObject","inLanguage":"es","@id":"https:\/\/www.escapadarural.com\/blog\/el-huerto-de-sissi-emperatriz-en-espana\/#primaryimage","url":"https:\/\/www.escapadarural.com\/blog\/wp-content\/uploads\/2024\/10\/sissi-en-elche-1024x786-1.jpg","contentUrl":"https:\/\/www.escapadarural.com\/blog\/wp-content\/uploads\/2024\/10\/sissi-en-elche-1024x786-1.jpg","width":1024,"height":786,"caption":"Un busto de piedra de una mujer con el pelo ondulado, que lleva un collar y ropas drapeadas, est\u00e1 colocado al aire libre entre frondosos helechos verdes y \u00e1rboles, con la luz del sol iluminando su rostro."},{"@type":"BreadcrumbList","@id":"https:\/\/www.escapadarural.com\/blog\/el-huerto-de-sissi-emperatriz-en-espana\/#breadcrumb","itemListElement":[{"@type":"ListItem","position":1,"name":"Inicio","item":"https:\/\/www.escapadarural.com\/blog\/"},{"@type":"ListItem","position":2,"name":"Arte y Cultura","item":"https:\/\/www.escapadarural.com\/blog\/categoria\/arte-y-cultura\/"},{"@type":"ListItem","position":3,"name":"El huerto que enamor\u00f3 a Sissi Emperatriz y su viaje por Espa\u00f1a"}]},{"@type":"WebSite","@id":"https:\/\/www.escapadarural.com\/blog\/#website","url":"https:\/\/www.escapadarural.com\/blog\/","name":"Blog de viajes | turismo rural, alojamientos e inspiraci\u00f3n","description":"Alojamientos rurales e inspiraci\u00f3n para tus escapadas","publisher":{"@id":"https:\/\/www.escapadarural.com\/blog\/#organization"},"alternateName":"Magazine de viajes de EscapadaRural","potentialAction":[{"@type":"SearchAction","target":{"@type":"EntryPoint","urlTemplate":"https:\/\/www.escapadarural.com\/blog\/?s={search_term_string}"},"query-input":{"@type":"PropertyValueSpecification","valueRequired":true,"valueName":"search_term_string"}}],"inLanguage":"es"},{"@type":"Organization","@id":"https:\/\/www.escapadarural.com\/blog\/#organization","name":"EscapadaRural","url":"https:\/\/www.escapadarural.com\/blog\/","logo":{"@type":"ImageObject","inLanguage":"es","@id":"https:\/\/www.escapadarural.com\/blog\/#\/schema\/logo\/image\/","url":"https:\/\/www.escapadarural.com\/blog\/wp-content\/uploads\/2024\/10\/cropped-cropped-escapada-rural-icon-mag-3.png","contentUrl":"https:\/\/www.escapadarural.com\/blog\/wp-content\/uploads\/2024\/10\/cropped-cropped-escapada-rural-icon-mag-3.png","width":512,"height":512,"caption":"EscapadaRural"},"image":{"@id":"https:\/\/www.escapadarural.com\/blog\/#\/schema\/logo\/image\/"},"sameAs":["https:\/\/www.facebook.com\/escapadarural","https:\/\/www.instagram.com\/escapadarural\/","https:\/\/www.youtube.com\/@escapadaruralcom"]},{"@type":"Person","@id":"https:\/\/www.escapadarural.com\/blog\/#\/schema\/person\/42dfdff6118172efc6a04c8ae599a2ce","name":"Carmen L\u00f3pez","image":{"@type":"ImageObject","inLanguage":"es","@id":"https:\/\/www.escapadarural.com\/blog\/wp-content\/uploads\/2024\/11\/cropped-perfil_eldiario-96x96-1-96x96.jpeg","url":"https:\/\/www.escapadarural.com\/blog\/wp-content\/uploads\/2024\/11\/cropped-perfil_eldiario-96x96-1-96x96.jpeg","contentUrl":"https:\/\/www.escapadarural.com\/blog\/wp-content\/uploads\/2024\/11\/cropped-perfil_eldiario-96x96-1-96x96.jpeg","caption":"Carmen L\u00f3pez"},"description":"Soy periodista y escribo sobre cosas que importan en sitios que interesan desde hace m\u00e1s de una d\u00e9cada.","url":"https:\/\/www.escapadarural.com\/blog\/autor\/carmenlopez\/"}]}},"_links":{"self":[{"href":"https:\/\/www.escapadarural.com\/blog\/wp-json\/wp\/v2\/posts\/55154","targetHints":{"allow":["GET"]}}],"collection":[{"href":"https:\/\/www.escapadarural.com\/blog\/wp-json\/wp\/v2\/posts"}],"about":[{"href":"https:\/\/www.escapadarural.com\/blog\/wp-json\/wp\/v2\/types\/post"}],"author":[{"embeddable":true,"href":"https:\/\/www.escapadarural.com\/blog\/wp-json\/wp\/v2\/users\/114"}],"replies":[{"embeddable":true,"href":"https:\/\/www.escapadarural.com\/blog\/wp-json\/wp\/v2\/comments?post=55154"}],"version-history":[{"count":0,"href":"https:\/\/www.escapadarural.com\/blog\/wp-json\/wp\/v2\/posts\/55154\/revisions"}],"wp:featuredmedia":[{"embeddable":true,"href":"https:\/\/www.escapadarural.com\/blog\/wp-json\/wp\/v2\/media\/99277"}],"wp:attachment":[{"href":"https:\/\/www.escapadarural.com\/blog\/wp-json\/wp\/v2\/media?parent=55154"}],"wp:term":[{"taxonomy":"category","embeddable":true,"href":"https:\/\/www.escapadarural.com\/blog\/wp-json\/wp\/v2\/categories?post=55154"},{"taxonomy":"post_tag","embeddable":true,"href":"https:\/\/www.escapadarural.com\/blog\/wp-json\/wp\/v2\/tags?post=55154"}],"curies":[{"name":"wp","href":"https:\/\/api.w.org\/{rel}","templated":true}]}}