{"id":55328,"date":"2022-10-25T09:32:18","date_gmt":"2022-10-25T08:32:18","guid":{"rendered":"https:\/\/www.escapadarural.com\/blog\/?p=55328"},"modified":"2025-08-01T12:36:01","modified_gmt":"2025-08-01T10:36:01","slug":"o-corpino-santuario-de-los-exorcismos","status":"publish","type":"post","link":"https:\/\/www.escapadarural.com\/blog\/o-corpino-santuario-de-los-exorcismos\/","title":{"rendered":"O Corpi\u00f1o, el santuario gallego de los exorcismos"},"content":{"rendered":"\n<figure class=\"wp-block-image size-large\"><a href=\"https:\/\/www.escapadarural.com\/blog\/wp-content\/uploads\/1280px-Santuario_de_O_Corpino.jpg\"><img decoding=\"async\" src=\"https:\/\/www.escapadarural.com\/blog\/wp-content\/uploads\/1280px-Santuario_de_O_Corpino-1024x773.jpg\" alt=\"Santuario de Nosa Se\u00f1ora do Corpi\u00f1o\" class=\"wp-image-55432\"\/><\/a><figcaption class=\"wp-element-caption\">Santuario de los exorcismos Nosa Se\u00f1ora do Corpi\u00f1o. Por Santuario de O Corpi\u00f1o<\/figcaption><\/figure>\n\n\n\n<p>En 1973, el director de cine William Friedkin marc\u00f3 para siempre en el imaginario colectivo de la sociedad occidental la escenograf\u00eda de una posesi\u00f3n diab\u00f3lica con su<strong> pel\u00edcula <em>El exorcista<\/em><\/strong>. Basada en la novela hom\u00f3nima de William Peter Blatty, que lleg\u00f3 a vender casi 15 millones de ejemplares en todo el mundo, cuenta la historia de una ni\u00f1a de 12 a\u00f1os llamada Regan MacNeil pose\u00edda por el maligno y la labor del Padre Karras para sacar al demonio de su cuerpo. La banda sonora \u2013en especial el extracto de <em>Tubular Bells<\/em> de Mike Olfield\u2013 est\u00e1 estrechamente ligada a la sensaci\u00f3n de inquietud y la cabeza humana que gira 360\u00ba es uno de los grandes hitos del g\u00e9nero de terror cinematogr\u00e1fico.<\/p>\n\n\n\n<p>Hay<strong> mucho misticismo en torno al filme<\/strong>, con historias sobre hechos extra\u00f1os durante el rodaje (incendios repentinos, muertes inesperadas) y lo cierto es que Blatty se bas\u00f3 en una noticia \u2018real\u2019 que hab\u00eda le\u00eddo en The Washington Post. Seg\u00fan el medio norteamericano, a<strong> un adolescente de 14 a\u00f1os le hab\u00edan sometido a varios exorcismos<\/strong> debido a los cambios radicales que sufr\u00eda en su personalidad y a los sucesos inexplicables que ten\u00edan lugar en su habitaci\u00f3n, como la cama que saltaba y otras anomal\u00edas que se reflejan en el filme. Por lo visto, despu\u00e9s de una veintena de sesiones de exorcismo, el demonio se fue y \u00e9l lleg\u00f3 a ser ingeniero de la NASA.<\/p>\n\n\n\n<p>Hay <strong>conexiones entre dos territorios<\/strong> que pueden ser muy sorprendentes, como es el caso de Georgetown (donde se localiza la pel\u00edcula, en Estados Unidos) y <strong><a href=\"https:\/\/www.escapadarural.com\/casas-rurales\/lalin\">Lal\u00edn<\/a>, un peque\u00f1o pueblo de la provincia de Pontevedra<\/strong>. \u00bfQu\u00e9 es lo que les une? Pues nada menos que<strong> la pr\u00e1ctica de exorcismos<\/strong>, aunque los gallegos no han llegado a la gran pantalla. Pero s\u00ed, seg\u00fan testimonios que se han recogido en <a href=\"https:\/\/www.elcorreogallego.es\/galicia\/los-exorcismos-siguen-siendo-una-realidad-en-o-corpino-DK5084324\" target=\"_blank\" rel=\"noreferrer noopener nofollow\">los medios<\/a>, <strong>hubo un caso de una adolescente pose\u00edda por una fuerza<\/strong> que pudo con los hombres que trataban de reducirla, al estilo del chaval norteamericano, y a la que hubo que realizar un exorcismo. Si la raz\u00f3n de su turbulencia era el demonio o no depende de las creencias de cada persona.&nbsp;<\/p>\n\n\n\n<figure class=\"wp-block-embed is-type-video is-provider-youtube wp-block-embed-youtube wp-embed-aspect-16-9 wp-has-aspect-ratio\"><div class=\"wp-block-embed__wrapper\">\n<span class=\"mycPRauABGUwJh79YdgrIqtsEZkbD6sylCiV41YVNWQ97tecRvpTU1MqevoOM438zjQSdOgfGL0uDHBXFN\"><div class=\"video-shortcode\"><iframe title=\"Exorcistas - Una aldea en Galicia: gran templo de los exorcismos\" width=\"1200\" height=\"675\" src=\"https:\/\/www.youtube.com\/embed\/CfBCqbmYfDo?feature=oembed\" frameborder=\"0\" allow=\"accelerometer; autoplay; clipboard-write; encrypted-media; gyroscope; picture-in-picture; web-share\" referrerpolicy=\"strict-origin-when-cross-origin\" allowfullscreen><\/iframe><\/div><\/span>\n<\/div><\/figure>\n\n\n\n<p>La pel\u00edcula fue un \u00e9xito mundial y<strong> lo que sucede en Lal\u00edn no es ning\u00fan secreto<\/strong>. En lo alto de esta aldea de poco m\u00e1s de 60 vecinos se encuentra el <strong>santuario de O Corpi\u00f1o<\/strong>, uno de los centros marianos m\u00e1s visitados por los devotos que buscan curaci\u00f3n para enfermedades o para el \u2018meigallo\u2019, como le dicen en Galicia al mal de ojo.&nbsp;<\/p>\n\n\n\n<p>All\u00ed, <strong>primero el p\u00e1rroco Ulloa y despu\u00e9s el padre Donsi\u00f3n<\/strong> practicaban exorcismos a personas que parec\u00edan necesitarlo. Fue el segundo el que abri\u00f3 la puerta a la prensa que, aunque no pudo acceder a las sesiones de expulsi\u00f3n del demonio, s\u00ed acudi\u00f3 al lugar para intentar descubrir lo que ocurr\u00eda. Hoy, el actual p\u00e1rroco no quiere hablar sobre el tema aunque s\u00ed concedi\u00f3 <strong>alguna <\/strong><a href=\"https:\/\/www.religionenlibertad.com\/personajes\/990550578\/Jose-exorcista-y-parroco-del-santuario-gallego-de-O-Corpino-AYa-he-liberado-a-muchas-personasA.html\" target=\"_blank\" rel=\"noreferrer noopener nofollow\"><strong>entrevista<\/strong><\/a><strong> a\u00f1os atr\u00e1s<\/strong> comentando que contin\u00faa con la labor de sus antecesores.&nbsp;<\/p>\n\n\n\n<h2 class=\"wp-block-heading\" id=\"h-una-romeria-multitudinaria-en-o-corpino\"><strong>Una romer\u00eda multitudinaria<\/strong> en O Corpi\u00f1o<\/h2>\n\n\n\n<figure class=\"wp-block-embed is-type-video is-provider-youtube wp-block-embed-youtube wp-embed-aspect-4-3 wp-has-aspect-ratio\"><div class=\"wp-block-embed__wrapper\">\n<span class=\"QpGvk0rZOIED5RLM6U71jBf4wHVqYhFm2cxToAKNXle\"><div class=\"video-shortcode\"><iframe title=\"Rogatives a la Santi\u00f1a d&#039;O Corpi\u00f1o a Lalin (&quot;Lejos de los \u00e1rboles&quot;, Jacinto Esteva (1972)\" width=\"1200\" height=\"900\" src=\"https:\/\/www.youtube.com\/embed\/VDWbLrp3BDg?start=207&#038;feature=oembed\" frameborder=\"0\" allow=\"accelerometer; autoplay; clipboard-write; encrypted-media; gyroscope; picture-in-picture; web-share\" referrerpolicy=\"strict-origin-when-cross-origin\" allowfullscreen><\/iframe><\/div><\/span>\n<\/div><\/figure>\n\n\n\n<p>Los d\u00edas 24 y 25 de junio, <strong>el santuario de O Corpi\u00f1o recibe a multitud de feligreses<\/strong> que quieren acercarse a la Virgen que sale en procesi\u00f3n para pedirle sanaci\u00f3n. Existen v\u00eddeos de los a\u00f1os 70 del siglo pasado en los que se pueden ver a decenas de asistentes al acto viviendo la experiencia con intensidad, con gritos, movimientos espasm\u00f3dicos y miradas desencajadas. Gestos que se<strong> podr\u00edan atribuir a los de una posesi\u00f3n demon\u00edaca<\/strong> seg\u00fan lo ha mostrado la cultura popular [aunque el n\u00famero de personas que lo han visto en directo no sea demasiado alto]. Por supuesto, tambi\u00e9n <strong>podr\u00eda tratarse de alg\u00fan problema sanitario o del efecto domin\u00f3<\/strong>, claro. De nuevo, es la tenencia o ausencia de f\u00e9 la que decide la conclusi\u00f3n.<\/p>\n\n\n\n<p>Tambi\u00e9n existen documentos audiovisuales que recogen lo sucedido en ediciones m\u00e1s recientes, en las que ya <strong>no hay comportamientos extra\u00f1os pero se sigue manteniendo la tradici\u00f3n<\/strong> de tocar a la Virgen \u2013y pasar por debajo de ella cuando la est\u00e1n cargando\u2013 para pedirle protecci\u00f3n y salud.<\/p>\n\n\n\n<figure class=\"wp-block-embed is-type-video is-provider-youtube wp-block-embed-youtube wp-embed-aspect-4-3 wp-has-aspect-ratio\"><div class=\"wp-block-embed__wrapper\">\n<span class=\"Q2lSBEOCtvD5HNPbfoKL\"><div class=\"video-shortcode\"><iframe title=\"O Corpin\u0303o 1973 - Exorcismos para los pobres - Exorcisms for the poor\" width=\"1200\" height=\"900\" src=\"https:\/\/www.youtube.com\/embed\/iWiS2mkH2RM?feature=oembed\" frameborder=\"0\" allow=\"accelerometer; autoplay; clipboard-write; encrypted-media; gyroscope; picture-in-picture; web-share\" referrerpolicy=\"strict-origin-when-cross-origin\" allowfullscreen><\/iframe><\/div><\/span>\n<\/div><\/figure>\n\n\n\n<p>Seg\u00fan el p\u00e1rroco, que respondi\u00f3 a varias preguntas de EscapadaRural el a\u00f1o pasado, para entender esta romer\u00eda hay que remontarse a tiempos inmemoriales y <strong>conocer algo de la historia del templo<\/strong>. \u201cTodo comenz\u00f3 en el siglo VIII, con un ermita\u00f1o que viv\u00eda en el monte llamado Carrio, en cuya falda se ubica hoy el santuario. Este ermita\u00f1o ten\u00eda gran devoci\u00f3n a la Sant\u00edsima Virgen Mar\u00eda y predicaba mucho sobre ella a las personas que en aquel entonces viv\u00edan en estas tierras. La gente lo escuchaba con gran atenci\u00f3n y con frecuencia visitaban la cueva en la que viv\u00eda\u201d, explica el cura.<\/p>\n\n\n\n<p>\u201cUn d\u00eda falleci\u00f3 el eremita y los vecinos hallaron su cuerpo incorrupto en su gruta y decidieron edificar una capilla en el mismo lugar donde hab\u00eda vivido y se hallaba su cuerpo\u201d.<\/p>\n\n\n\n<p>Los<strong> lugare\u00f1os empezaron a llamar O Corpi\u00f1o a la tumba<\/strong> donde estaba enterrado y poco a poco el nombre fue ganando popularidad hasta el punto en el que el pueblo termin\u00f3 adoptando ese nombre. La iglesia original fue destru\u00edda con la conquista musulmana del siglo VIII, pero 400 a\u00f1os despu\u00e9s un suceso m\u00edstico propici\u00f3 que se volviese a levantar un templo en aquel lugar.&nbsp;<\/p>\n\n\n\n<p>Un d\u00eda de tormenta, unos j\u00f3venes pastores se refugiaron en las ruinas de la iglesia original. All\u00ed,<strong> se les apareci\u00f3 la Virgen<\/strong> y les inst\u00f3 a hacer la se\u00f1al de la cruz para que parase la tormenta, algo que ocurri\u00f3 cuando cumplieron su petici\u00f3n. Pasaron la noche en aquel lugar acompa\u00f1ados por \u2018la Hermosa Se\u00f1ora, envuelta en luz radiante\u2019, como explica textualmente un documento que se conserva en el santuario.&nbsp;<\/p>\n\n\n\n<figure class=\"wp-block-embed is-type-video is-provider-youtube wp-block-embed-youtube wp-embed-aspect-16-9 wp-has-aspect-ratio\"><div class=\"wp-block-embed__wrapper\">\n<span class=\"875Xcjt6FrSVU4vNJP3PG6hu8WCyxYkTR2IMh9qmU7HW1wwFlBHEr5ZAoXLiMajK\"><div class=\"video-shortcode\"><iframe title=\"Fiesta 24 Junio 2014 - Virgen de O Corpi\u00f1o - Procesi\u00f3n I\" width=\"1200\" height=\"675\" src=\"https:\/\/www.youtube.com\/embed\/7oa564iwMKE?feature=oembed\" frameborder=\"0\" allow=\"accelerometer; autoplay; clipboard-write; encrypted-media; gyroscope; picture-in-picture; web-share\" referrerpolicy=\"strict-origin-when-cross-origin\" allowfullscreen><\/iframe><\/div><\/span>\n<\/div><\/figure>\n\n\n\n<p>Despu\u00e9s de insistir para que se les creyese, la Virgen se le apareci\u00f3 primero a una vecina del pueblo muy devota y despu\u00e9s, el d\u00eda 24 de junio, a todo el pueblo para que no quedase m\u00e1s duda. Tras aquellos sucesos marianos, <strong>el pueblo construy\u00f3 una nueva capilla<\/strong>, de la que tampoco se conserva nada. El <strong>santuario actual \u201ccomenz\u00f3 a construirse en el siglo XVI<\/strong> y ya fue ampliado en dos ocasiones por falta de capacidad\u201d.&nbsp;<\/p>\n\n\n\n<p>Antes de la pandemia de la COVID-19, el templo recib\u00eda cada d\u00eda autobuses llenos de devotos y <strong>en la romer\u00eda llegaron a congregarse 12.000 personas<\/strong>. A d\u00eda de hoy, la afluencia se ha recuperado y los interesados en los milagros pero tambi\u00e9n en las posesiones demon\u00edacas siguen acudiendo a Lal\u00edn movidos por la f\u00e9 o la curiosidad. Cada cual atiende a sus razones.<\/p>\n\n\n\n<div class=\"wp-block-buttons is-layout-flex wp-block-buttons-is-layout-flex\">\n<div class=\"wp-block-button\"><a class=\"wp-block-button__link wp-element-button\" href=\"https:\/\/www.escapadarural.com\/casas-rurales\/lalin\">Casas rurales en Lal\u00edn<\/a><\/div>\n<\/div>\n","protected":false},"excerpt":{"rendered":"<p>Durante los a\u00f1os 70, O Corpi\u00f1o, en Lal\u00edn, se dio a conocer como el santuario de los exorcismos. Cientos de feligreses acud\u00edan a quitarse el diablo de dentro o a sanarse. <\/p>\n","protected":false},"author":114,"featured_media":99215,"comment_status":"open","ping_status":"open","sticky":false,"template":"","format":"standard","meta":{"_acf_changed":false,"om_disable_all_campaigns":false,"footnotes":""},"categories":[231],"tags":[260,4660,468,4661,4662,320,4663,4664],"class_list":["post-55328","post","type-post","status-publish","format-standard","has-post-thumbnail","hentry","category-arte-y-cultura","tag-articulo","tag-exorcismos","tag-que-ver-en-galicia","tag-lalin","tag-o-corpino","tag-que-ver-en-pontevedra","tag-posesion-demoniaca","tag-romeria"],"acf":[],"featured_image_src":"https:\/\/www.escapadarural.com\/blog\/wp-content\/uploads\/2024\/10\/1280px-Santuario_de_O_Corpino-1024x773-3.jpg","author_info":{"display_name":"Carmen L\u00f3pez","author_link":"https:\/\/www.escapadarural.com\/blog\/autor\/carmenlopez\/"},"yoast_head":"<!-- This site is optimized with the Yoast SEO plugin v27.5 - https:\/\/yoast.com\/product\/yoast-seo-wordpress\/ -->\n<title>O Corpi\u00f1o, el santuario gallego de los exorcismos - EscapadaRural<\/title>\n<meta name=\"robots\" content=\"index, follow, max-snippet:-1, max-image-preview:large, max-video-preview:-1\" \/>\n<link rel=\"canonical\" href=\"https:\/\/www.escapadarural.com\/blog\/o-corpino-santuario-de-los-exorcismos\/\" \/>\n<meta property=\"og:locale\" content=\"es_ES\" \/>\n<meta property=\"og:type\" content=\"article\" \/>\n<meta property=\"og:title\" content=\"O Corpi\u00f1o, el santuario gallego de los exorcismos - EscapadaRural\" \/>\n<meta property=\"og:description\" content=\"Durante los a\u00f1os 70, O Corpi\u00f1o, en Lal\u00edn, se dio a conocer como el santuario de los exorcismos. Cientos de feligreses acud\u00edan a quitarse el diablo de dentro o a sanarse.\" \/>\n<meta property=\"og:url\" content=\"https:\/\/www.escapadarural.com\/blog\/o-corpino-santuario-de-los-exorcismos\/\" \/>\n<meta property=\"og:site_name\" content=\"Magazine de viajes de EscapadaRural\" \/>\n<meta property=\"article:publisher\" content=\"https:\/\/www.facebook.com\/escapadarural\" \/>\n<meta property=\"article:published_time\" content=\"2022-10-25T08:32:18+00:00\" \/>\n<meta property=\"article:modified_time\" content=\"2025-08-01T10:36:01+00:00\" \/>\n<meta property=\"og:image\" content=\"https:\/\/www.escapadarural.com\/blog\/wp-content\/uploads\/2024\/10\/1280px-Santuario_de_O_Corpino-1024x773-3.jpg?v=1754044562\" \/>\n\t<meta property=\"og:image:width\" content=\"1024\" \/>\n\t<meta property=\"og:image:height\" content=\"773\" \/>\n\t<meta property=\"og:image:type\" content=\"image\/jpeg\" \/>\n<meta name=\"author\" content=\"Carmen L\u00f3pez\" \/>\n<meta name=\"twitter:card\" content=\"summary_large_image\" \/>\n<meta name=\"twitter:label1\" content=\"Escrito por\" \/>\n\t<meta name=\"twitter:data1\" content=\"Carmen L\u00f3pez\" \/>\n\t<meta name=\"twitter:label2\" content=\"Tiempo de lectura\" \/>\n\t<meta name=\"twitter:data2\" content=\"6 minutos\" \/>\n<script type=\"application\/ld+json\" class=\"yoast-schema-graph\">{\"@context\":\"https:\\\/\\\/schema.org\",\"@graph\":[{\"@type\":\"Article\",\"@id\":\"https:\\\/\\\/www.escapadarural.com\\\/blog\\\/o-corpino-santuario-de-los-exorcismos\\\/#article\",\"isPartOf\":{\"@id\":\"https:\\\/\\\/www.escapadarural.com\\\/blog\\\/o-corpino-santuario-de-los-exorcismos\\\/\"},\"author\":{\"name\":\"Carmen L\u00f3pez\",\"@id\":\"https:\\\/\\\/www.escapadarural.com\\\/blog\\\/#\\\/schema\\\/person\\\/42dfdff6118172efc6a04c8ae599a2ce\"},\"headline\":\"O Corpi\u00f1o, el santuario gallego de los exorcismos\",\"datePublished\":\"2022-10-25T08:32:18+00:00\",\"dateModified\":\"2025-08-01T10:36:01+00:00\",\"mainEntityOfPage\":{\"@id\":\"https:\\\/\\\/www.escapadarural.com\\\/blog\\\/o-corpino-santuario-de-los-exorcismos\\\/\"},\"wordCount\":1242,\"commentCount\":0,\"publisher\":{\"@id\":\"https:\\\/\\\/www.escapadarural.com\\\/blog\\\/#organization\"},\"image\":{\"@id\":\"https:\\\/\\\/www.escapadarural.com\\\/blog\\\/o-corpino-santuario-de-los-exorcismos\\\/#primaryimage\"},\"thumbnailUrl\":\"https:\\\/\\\/www.escapadarural.com\\\/blog\\\/wp-content\\\/uploads\\\/2024\\\/10\\\/1280px-Santuario_de_O_Corpino-1024x773-3.jpg\",\"keywords\":[\"art\u00edculo\",\"exorcismos\",\"Galicia\",\"lal\u00edn\",\"o corpi\u00f1o\",\"Pontevedra\",\"posesi\u00f3n demon\u00edaca\",\"romer\u00eda\"],\"articleSection\":[\"Arte y Cultura\"],\"inLanguage\":\"es\",\"potentialAction\":[{\"@type\":\"CommentAction\",\"name\":\"Comment\",\"target\":[\"https:\\\/\\\/www.escapadarural.com\\\/blog\\\/o-corpino-santuario-de-los-exorcismos\\\/#respond\"]}]},{\"@type\":\"WebPage\",\"@id\":\"https:\\\/\\\/www.escapadarural.com\\\/blog\\\/o-corpino-santuario-de-los-exorcismos\\\/\",\"url\":\"https:\\\/\\\/www.escapadarural.com\\\/blog\\\/o-corpino-santuario-de-los-exorcismos\\\/\",\"name\":\"O Corpi\u00f1o, el santuario gallego de los exorcismos - EscapadaRural\",\"isPartOf\":{\"@id\":\"https:\\\/\\\/www.escapadarural.com\\\/blog\\\/#website\"},\"primaryImageOfPage\":{\"@id\":\"https:\\\/\\\/www.escapadarural.com\\\/blog\\\/o-corpino-santuario-de-los-exorcismos\\\/#primaryimage\"},\"image\":{\"@id\":\"https:\\\/\\\/www.escapadarural.com\\\/blog\\\/o-corpino-santuario-de-los-exorcismos\\\/#primaryimage\"},\"thumbnailUrl\":\"https:\\\/\\\/www.escapadarural.com\\\/blog\\\/wp-content\\\/uploads\\\/2024\\\/10\\\/1280px-Santuario_de_O_Corpino-1024x773-3.jpg\",\"datePublished\":\"2022-10-25T08:32:18+00:00\",\"dateModified\":\"2025-08-01T10:36:01+00:00\",\"breadcrumb\":{\"@id\":\"https:\\\/\\\/www.escapadarural.com\\\/blog\\\/o-corpino-santuario-de-los-exorcismos\\\/#breadcrumb\"},\"inLanguage\":\"es\",\"potentialAction\":[{\"@type\":\"ReadAction\",\"target\":[\"https:\\\/\\\/www.escapadarural.com\\\/blog\\\/o-corpino-santuario-de-los-exorcismos\\\/\"]}]},{\"@type\":\"ImageObject\",\"inLanguage\":\"es\",\"@id\":\"https:\\\/\\\/www.escapadarural.com\\\/blog\\\/o-corpino-santuario-de-los-exorcismos\\\/#primaryimage\",\"url\":\"https:\\\/\\\/www.escapadarural.com\\\/blog\\\/wp-content\\\/uploads\\\/2024\\\/10\\\/1280px-Santuario_de_O_Corpino-1024x773-3.jpg\",\"contentUrl\":\"https:\\\/\\\/www.escapadarural.com\\\/blog\\\/wp-content\\\/uploads\\\/2024\\\/10\\\/1280px-Santuario_de_O_Corpino-1024x773-3.jpg\",\"width\":1024,\"height\":773,\"caption\":\"Una iglesia de piedra con un alto campanario se alza sobre una colina bajo un cielo azul intenso, con nubes difusas y estelas de condensaci\u00f3n. Hierba verde y flores de tr\u00e9bol cubren el primer plano.\"},{\"@type\":\"BreadcrumbList\",\"@id\":\"https:\\\/\\\/www.escapadarural.com\\\/blog\\\/o-corpino-santuario-de-los-exorcismos\\\/#breadcrumb\",\"itemListElement\":[{\"@type\":\"ListItem\",\"position\":1,\"name\":\"Inicio\",\"item\":\"https:\\\/\\\/www.escapadarural.com\\\/blog\\\/\"},{\"@type\":\"ListItem\",\"position\":2,\"name\":\"Arte y Cultura\",\"item\":\"https:\\\/\\\/www.escapadarural.com\\\/blog\\\/categoria\\\/arte-y-cultura\\\/\"},{\"@type\":\"ListItem\",\"position\":3,\"name\":\"O Corpi\u00f1o, el santuario gallego de los exorcismos\"}]},{\"@type\":\"WebSite\",\"@id\":\"https:\\\/\\\/www.escapadarural.com\\\/blog\\\/#website\",\"url\":\"https:\\\/\\\/www.escapadarural.com\\\/blog\\\/\",\"name\":\"Blog de viajes | turismo rural, alojamientos e inspiraci\u00f3n\",\"description\":\"Alojamientos rurales e inspiraci\u00f3n para tus escapadas\",\"publisher\":{\"@id\":\"https:\\\/\\\/www.escapadarural.com\\\/blog\\\/#organization\"},\"alternateName\":\"Magazine de viajes de EscapadaRural\",\"potentialAction\":[{\"@type\":\"SearchAction\",\"target\":{\"@type\":\"EntryPoint\",\"urlTemplate\":\"https:\\\/\\\/www.escapadarural.com\\\/blog\\\/?s={search_term_string}\"},\"query-input\":{\"@type\":\"PropertyValueSpecification\",\"valueRequired\":true,\"valueName\":\"search_term_string\"}}],\"inLanguage\":\"es\"},{\"@type\":\"Organization\",\"@id\":\"https:\\\/\\\/www.escapadarural.com\\\/blog\\\/#organization\",\"name\":\"EscapadaRural\",\"url\":\"https:\\\/\\\/www.escapadarural.com\\\/blog\\\/\",\"logo\":{\"@type\":\"ImageObject\",\"inLanguage\":\"es\",\"@id\":\"https:\\\/\\\/www.escapadarural.com\\\/blog\\\/#\\\/schema\\\/logo\\\/image\\\/\",\"url\":\"https:\\\/\\\/www.escapadarural.com\\\/blog\\\/wp-content\\\/uploads\\\/2024\\\/10\\\/cropped-cropped-escapada-rural-icon-mag-3.png\",\"contentUrl\":\"https:\\\/\\\/www.escapadarural.com\\\/blog\\\/wp-content\\\/uploads\\\/2024\\\/10\\\/cropped-cropped-escapada-rural-icon-mag-3.png\",\"width\":512,\"height\":512,\"caption\":\"EscapadaRural\"},\"image\":{\"@id\":\"https:\\\/\\\/www.escapadarural.com\\\/blog\\\/#\\\/schema\\\/logo\\\/image\\\/\"},\"sameAs\":[\"https:\\\/\\\/www.facebook.com\\\/escapadarural\",\"https:\\\/\\\/www.instagram.com\\\/escapadarural\\\/\",\"https:\\\/\\\/www.youtube.com\\\/@escapadaruralcom\"]},{\"@type\":\"Person\",\"@id\":\"https:\\\/\\\/www.escapadarural.com\\\/blog\\\/#\\\/schema\\\/person\\\/42dfdff6118172efc6a04c8ae599a2ce\",\"name\":\"Carmen L\u00f3pez\",\"image\":{\"@type\":\"ImageObject\",\"inLanguage\":\"es\",\"@id\":\"https:\\\/\\\/www.escapadarural.com\\\/blog\\\/wp-content\\\/uploads\\\/2024\\\/11\\\/cropped-perfil_eldiario-96x96-1-96x96.jpeg\",\"url\":\"https:\\\/\\\/www.escapadarural.com\\\/blog\\\/wp-content\\\/uploads\\\/2024\\\/11\\\/cropped-perfil_eldiario-96x96-1-96x96.jpeg\",\"contentUrl\":\"https:\\\/\\\/www.escapadarural.com\\\/blog\\\/wp-content\\\/uploads\\\/2024\\\/11\\\/cropped-perfil_eldiario-96x96-1-96x96.jpeg\",\"caption\":\"Carmen L\u00f3pez\"},\"description\":\"Soy periodista y escribo sobre cosas que importan en sitios que interesan desde hace m\u00e1s de una d\u00e9cada.\",\"url\":\"https:\\\/\\\/www.escapadarural.com\\\/blog\\\/autor\\\/carmenlopez\\\/\"}]}<\/script>\n<!-- \/ Yoast SEO plugin. -->","yoast_head_json":{"title":"O Corpi\u00f1o, el santuario gallego de los exorcismos - EscapadaRural","robots":{"index":"index","follow":"follow","max-snippet":"max-snippet:-1","max-image-preview":"max-image-preview:large","max-video-preview":"max-video-preview:-1"},"canonical":"https:\/\/www.escapadarural.com\/blog\/o-corpino-santuario-de-los-exorcismos\/","og_locale":"es_ES","og_type":"article","og_title":"O Corpi\u00f1o, el santuario gallego de los exorcismos - EscapadaRural","og_description":"Durante los a\u00f1os 70, O Corpi\u00f1o, en Lal\u00edn, se dio a conocer como el santuario de los exorcismos. Cientos de feligreses acud\u00edan a quitarse el diablo de dentro o a sanarse.","og_url":"https:\/\/www.escapadarural.com\/blog\/o-corpino-santuario-de-los-exorcismos\/","og_site_name":"Magazine de viajes de EscapadaRural","article_publisher":"https:\/\/www.facebook.com\/escapadarural","article_published_time":"2022-10-25T08:32:18+00:00","article_modified_time":"2025-08-01T10:36:01+00:00","og_image":[{"width":1024,"height":773,"url":"https:\/\/www.escapadarural.com\/blog\/wp-content\/uploads\/2024\/10\/1280px-Santuario_de_O_Corpino-1024x773-3.jpg?v=1754044562","type":"image\/jpeg"}],"author":"Carmen L\u00f3pez","twitter_card":"summary_large_image","twitter_misc":{"Escrito por":"Carmen L\u00f3pez","Tiempo de lectura":"6 minutos"},"schema":{"@context":"https:\/\/schema.org","@graph":[{"@type":"Article","@id":"https:\/\/www.escapadarural.com\/blog\/o-corpino-santuario-de-los-exorcismos\/#article","isPartOf":{"@id":"https:\/\/www.escapadarural.com\/blog\/o-corpino-santuario-de-los-exorcismos\/"},"author":{"name":"Carmen L\u00f3pez","@id":"https:\/\/www.escapadarural.com\/blog\/#\/schema\/person\/42dfdff6118172efc6a04c8ae599a2ce"},"headline":"O Corpi\u00f1o, el santuario gallego de los exorcismos","datePublished":"2022-10-25T08:32:18+00:00","dateModified":"2025-08-01T10:36:01+00:00","mainEntityOfPage":{"@id":"https:\/\/www.escapadarural.com\/blog\/o-corpino-santuario-de-los-exorcismos\/"},"wordCount":1242,"commentCount":0,"publisher":{"@id":"https:\/\/www.escapadarural.com\/blog\/#organization"},"image":{"@id":"https:\/\/www.escapadarural.com\/blog\/o-corpino-santuario-de-los-exorcismos\/#primaryimage"},"thumbnailUrl":"https:\/\/www.escapadarural.com\/blog\/wp-content\/uploads\/2024\/10\/1280px-Santuario_de_O_Corpino-1024x773-3.jpg","keywords":["art\u00edculo","exorcismos","Galicia","lal\u00edn","o corpi\u00f1o","Pontevedra","posesi\u00f3n demon\u00edaca","romer\u00eda"],"articleSection":["Arte y Cultura"],"inLanguage":"es","potentialAction":[{"@type":"CommentAction","name":"Comment","target":["https:\/\/www.escapadarural.com\/blog\/o-corpino-santuario-de-los-exorcismos\/#respond"]}]},{"@type":"WebPage","@id":"https:\/\/www.escapadarural.com\/blog\/o-corpino-santuario-de-los-exorcismos\/","url":"https:\/\/www.escapadarural.com\/blog\/o-corpino-santuario-de-los-exorcismos\/","name":"O Corpi\u00f1o, el santuario gallego de los exorcismos - EscapadaRural","isPartOf":{"@id":"https:\/\/www.escapadarural.com\/blog\/#website"},"primaryImageOfPage":{"@id":"https:\/\/www.escapadarural.com\/blog\/o-corpino-santuario-de-los-exorcismos\/#primaryimage"},"image":{"@id":"https:\/\/www.escapadarural.com\/blog\/o-corpino-santuario-de-los-exorcismos\/#primaryimage"},"thumbnailUrl":"https:\/\/www.escapadarural.com\/blog\/wp-content\/uploads\/2024\/10\/1280px-Santuario_de_O_Corpino-1024x773-3.jpg","datePublished":"2022-10-25T08:32:18+00:00","dateModified":"2025-08-01T10:36:01+00:00","breadcrumb":{"@id":"https:\/\/www.escapadarural.com\/blog\/o-corpino-santuario-de-los-exorcismos\/#breadcrumb"},"inLanguage":"es","potentialAction":[{"@type":"ReadAction","target":["https:\/\/www.escapadarural.com\/blog\/o-corpino-santuario-de-los-exorcismos\/"]}]},{"@type":"ImageObject","inLanguage":"es","@id":"https:\/\/www.escapadarural.com\/blog\/o-corpino-santuario-de-los-exorcismos\/#primaryimage","url":"https:\/\/www.escapadarural.com\/blog\/wp-content\/uploads\/2024\/10\/1280px-Santuario_de_O_Corpino-1024x773-3.jpg","contentUrl":"https:\/\/www.escapadarural.com\/blog\/wp-content\/uploads\/2024\/10\/1280px-Santuario_de_O_Corpino-1024x773-3.jpg","width":1024,"height":773,"caption":"Una iglesia de piedra con un alto campanario se alza sobre una colina bajo un cielo azul intenso, con nubes difusas y estelas de condensaci\u00f3n. Hierba verde y flores de tr\u00e9bol cubren el primer plano."},{"@type":"BreadcrumbList","@id":"https:\/\/www.escapadarural.com\/blog\/o-corpino-santuario-de-los-exorcismos\/#breadcrumb","itemListElement":[{"@type":"ListItem","position":1,"name":"Inicio","item":"https:\/\/www.escapadarural.com\/blog\/"},{"@type":"ListItem","position":2,"name":"Arte y Cultura","item":"https:\/\/www.escapadarural.com\/blog\/categoria\/arte-y-cultura\/"},{"@type":"ListItem","position":3,"name":"O Corpi\u00f1o, el santuario gallego de los exorcismos"}]},{"@type":"WebSite","@id":"https:\/\/www.escapadarural.com\/blog\/#website","url":"https:\/\/www.escapadarural.com\/blog\/","name":"Blog de viajes | turismo rural, alojamientos e inspiraci\u00f3n","description":"Alojamientos rurales e inspiraci\u00f3n para tus escapadas","publisher":{"@id":"https:\/\/www.escapadarural.com\/blog\/#organization"},"alternateName":"Magazine de viajes de EscapadaRural","potentialAction":[{"@type":"SearchAction","target":{"@type":"EntryPoint","urlTemplate":"https:\/\/www.escapadarural.com\/blog\/?s={search_term_string}"},"query-input":{"@type":"PropertyValueSpecification","valueRequired":true,"valueName":"search_term_string"}}],"inLanguage":"es"},{"@type":"Organization","@id":"https:\/\/www.escapadarural.com\/blog\/#organization","name":"EscapadaRural","url":"https:\/\/www.escapadarural.com\/blog\/","logo":{"@type":"ImageObject","inLanguage":"es","@id":"https:\/\/www.escapadarural.com\/blog\/#\/schema\/logo\/image\/","url":"https:\/\/www.escapadarural.com\/blog\/wp-content\/uploads\/2024\/10\/cropped-cropped-escapada-rural-icon-mag-3.png","contentUrl":"https:\/\/www.escapadarural.com\/blog\/wp-content\/uploads\/2024\/10\/cropped-cropped-escapada-rural-icon-mag-3.png","width":512,"height":512,"caption":"EscapadaRural"},"image":{"@id":"https:\/\/www.escapadarural.com\/blog\/#\/schema\/logo\/image\/"},"sameAs":["https:\/\/www.facebook.com\/escapadarural","https:\/\/www.instagram.com\/escapadarural\/","https:\/\/www.youtube.com\/@escapadaruralcom"]},{"@type":"Person","@id":"https:\/\/www.escapadarural.com\/blog\/#\/schema\/person\/42dfdff6118172efc6a04c8ae599a2ce","name":"Carmen L\u00f3pez","image":{"@type":"ImageObject","inLanguage":"es","@id":"https:\/\/www.escapadarural.com\/blog\/wp-content\/uploads\/2024\/11\/cropped-perfil_eldiario-96x96-1-96x96.jpeg","url":"https:\/\/www.escapadarural.com\/blog\/wp-content\/uploads\/2024\/11\/cropped-perfil_eldiario-96x96-1-96x96.jpeg","contentUrl":"https:\/\/www.escapadarural.com\/blog\/wp-content\/uploads\/2024\/11\/cropped-perfil_eldiario-96x96-1-96x96.jpeg","caption":"Carmen L\u00f3pez"},"description":"Soy periodista y escribo sobre cosas que importan en sitios que interesan desde hace m\u00e1s de una d\u00e9cada.","url":"https:\/\/www.escapadarural.com\/blog\/autor\/carmenlopez\/"}]}},"_links":{"self":[{"href":"https:\/\/www.escapadarural.com\/blog\/wp-json\/wp\/v2\/posts\/55328","targetHints":{"allow":["GET"]}}],"collection":[{"href":"https:\/\/www.escapadarural.com\/blog\/wp-json\/wp\/v2\/posts"}],"about":[{"href":"https:\/\/www.escapadarural.com\/blog\/wp-json\/wp\/v2\/types\/post"}],"author":[{"embeddable":true,"href":"https:\/\/www.escapadarural.com\/blog\/wp-json\/wp\/v2\/users\/114"}],"replies":[{"embeddable":true,"href":"https:\/\/www.escapadarural.com\/blog\/wp-json\/wp\/v2\/comments?post=55328"}],"version-history":[{"count":0,"href":"https:\/\/www.escapadarural.com\/blog\/wp-json\/wp\/v2\/posts\/55328\/revisions"}],"wp:featuredmedia":[{"embeddable":true,"href":"https:\/\/www.escapadarural.com\/blog\/wp-json\/wp\/v2\/media\/99215"}],"wp:attachment":[{"href":"https:\/\/www.escapadarural.com\/blog\/wp-json\/wp\/v2\/media?parent=55328"}],"wp:term":[{"taxonomy":"category","embeddable":true,"href":"https:\/\/www.escapadarural.com\/blog\/wp-json\/wp\/v2\/categories?post=55328"},{"taxonomy":"post_tag","embeddable":true,"href":"https:\/\/www.escapadarural.com\/blog\/wp-json\/wp\/v2\/tags?post=55328"}],"curies":[{"name":"wp","href":"https:\/\/api.w.org\/{rel}","templated":true}]}}