{"id":55383,"date":"2022-10-29T08:00:00","date_gmt":"2022-10-29T07:00:00","guid":{"rendered":"https:\/\/www.escapadarural.com\/blog\/?p=55383"},"modified":"2025-08-01T12:34:28","modified_gmt":"2025-08-01T10:34:28","slug":"mejores-cementerios-de-espana","status":"publish","type":"post","link":"https:\/\/www.escapadarural.com\/blog\/mejores-cementerios-de-espana\/","title":{"rendered":"Los mejores cementerios de Espa\u00f1a"},"content":{"rendered":"\n<p>Estos son los camposantos ganadores del la VII edici\u00f3n del Concurso de Cementerios organizado por la revista Adi\u00f3s Cultural<\/p>\n\n\n\n<figure class=\"wp-block-image size-large\"><img decoding=\"async\" src=\"https:\/\/www.escapadarural.com\/blog\/wp-content\/uploads\/AdobeStock_451497016-1024x633.jpeg\" alt=\"cementerio de Ballena de Castro Urdiales, uno de los mejores cementerios de Espa\u00f1a\" class=\"wp-image-55485\"\/><figcaption class=\"wp-element-caption\">Los mejores cementerios de Espa\u00f1a: de Ballena de Castro Urdiales. Por Iv\u00e1n Vieito Garc\u00eda<\/figcaption><\/figure>\n\n\n\n<p>La escritora Mariana Enr\u00edquez tiene una afici\u00f3n que practica cuando viaja, que suele ser bastante a menudo: visitar cementerios. Por suerte para sus numerosos lectores, ha ido recogiendo sus impresiones en una serie de cr\u00f3nicas que funcionan casi como una gu\u00eda de <a href=\"https:\/\/www.escapadarural.com\/blog\/turismo-de-cementerios-el-arte-y-la-historia-que-custodian-nuestros-muertos\/\">necroturismo<\/a> o retazos de su autobiograf\u00eda. Veinticuatro de esos textos se recopilaron en un volumen que lleg\u00f3 el a\u00f1o pasado a Espa\u00f1a titulado<strong> <em>Alguien camina sobre tu tumba. Mis viajes a cementerios<\/em><\/strong>. En dicha antolog\u00eda aparecen necr\u00f3polis de Par\u00eds, Lima, Londres, Praga, Buenos Aires o Barcelona, en concreto el situado en el barrio de Poble Nou.<\/p>\n\n\n\n<p>Se adentr\u00f3 en \u00e9l en 2018, en busca de <strong>la escultura conocida como <em>El beso de la muerte<\/em> o <em>El pet\u00f3<\/em><\/strong> (en catal\u00e1n). Seg\u00fan relata: \u201cLa historia de la escultura cuenta que fue realizada en el taller del escultor Jaume Barba hacia 1939 pero, se cree, la concibi\u00f3 uno de sus disc\u00edpulos, Joan Fontbernat, porque Barba ten\u00eda m\u00e1s de setenta a\u00f1os cuando le lleg\u00f3 el pedido. El encargo lo hizo la familia Llaudet, como homenaje a uno de sus hijos que muri\u00f3 demasiado joven \u2013aunque la identidad del protagonista no aparece en ninguna parte y s\u00ed el nombre de Josep Llaudet Soler, empresario textil-, \u00bfsu padre?\u201d.<\/p>\n\n\n\n<p>La obra que fascina a Enr\u00edquez qued\u00f3 en la segunda posici\u00f3n de la categor\u00eda mejor escultura del <strong>I Concurso de Cementerios organizado por la revista Adi\u00f3s Cultural<\/strong> en 2014. Por delante se situ\u00f3 la dedicada al cantante de \u00f3pera Jul\u00edan Gayarre del cementerio de <a href=\"https:\/\/www.escapadarural.com\/casas-rurales\/roncal-erronkari\">Roncal<\/a> (Navarra) y en tercer lugar la que domina el pante\u00f3n de la familia Mor\u00f3der del cementerio general de Valencia.&nbsp;<\/p>\n\n\n\n<figure class=\"wp-block-image size-full\"><a href=\"https:\/\/www.escapadarural.com\/blog\/wp-content\/uploads\/2018\/10\/cementerio-poblenou2-1.jpg\"><img decoding=\"async\" src=\"https:\/\/www.escapadarural.com\/blog\/wp-content\/uploads\/2018\/10\/cementerio-poblenou2-1.jpg\" alt=\"Cementerio de Poblenou\" class=\"wp-image-25651\"\/><\/a><figcaption class=\"wp-element-caption\">El beso de la muerte en el cementerio de Poblenou. Por Fotokon<\/figcaption><\/figure>\n\n\n\n<p>Ese ranking de los mejores cementerios de Espa\u00f1a se ha seguido elaborando desde aquel a\u00f1o hasta ahora, exceptuando el par\u00f3n causado por esa pandemia que paraliz\u00f3 el mundo en 2020. La publicaci\u00f3n ha comunicado recientemente <strong>los resultados de la \u00faltima edici\u00f3n de esta<\/strong> \u2018competici\u00f3n anual\u2019 en la que profesionales del sector funerario y especialistas en arte, historia y medioambiente escogen a los mejores cementerios de cuatro categor\u00edas, porque la quinta depende del voto de los lectores. Los premios son de 5.000 euros que se deben reinvertir en el propio cementerio para impulsar \u201csu actividad patrimonial, cultural y ambiental\u201d, explican desde la revista, editada por Funespa\u00f1a.<\/p>\n\n\n\n<p>Con esta iniciativa, adem\u00e1s de ayudar a los ganadores, aumentan los puntos de inter\u00e9s que los aficionados al necroturismo pueden apuntar en su mapa. En la mayor parte de las listas de \u2018los mejores cementerios\u2019 siempre aparecen <strong>el cementerio de <\/strong><a href=\"https:\/\/www.escapadarural.com\/casas-rurales\/comillas\"><strong>Comillas<\/strong><\/a><strong> (Cantabria), el de <\/strong><a href=\"https:\/\/www.escapadarural.com\/casas-rurales\/san-amaro\"><strong>San Amaro<\/strong><\/a><strong> (Ourense), el de Monturque (C\u00f3rdoba) o el de Montjuic (Barcelona).<\/strong><\/p>\n\n\n\n<p>Este 2022,<strong> los <\/strong>mejores cementerios de Espa\u00f1a elegidos entre todos los que se presentaron a la convocatoria han sido los siguientes:<\/p>\n\n\n\n<h2 class=\"wp-block-heading\" id=\"h-mejor-cementerio-cementerio-general-de-valencia\"><strong>Mejor cementerio: cementerio General de Valencia<\/strong><\/h2>\n\n\n\n<figure class=\"wp-block-image size-large\"><a href=\"https:\/\/www.escapadarural.com\/blog\/wp-content\/uploads\/Cementeri_General_de_Valencia_panteons-scaled.jpg\"><img decoding=\"async\" src=\"https:\/\/www.escapadarural.com\/blog\/wp-content\/uploads\/Cementeri_General_de_Valencia_panteons-1024x667.jpg\" alt=\"Cementerio General de Valencia\" class=\"wp-image-55491\"\/><\/a><figcaption class=\"wp-element-caption\">Cementerio General de Valencia. Por Joanbanjo <\/figcaption><\/figure>\n\n\n\n<p>Abri\u00f3 sus puertas en 1807, con la firma de los autores Crist\u00f3bal Sales y Manuel Blasco. Si en 2014 ya apareci\u00f3 en la lista de ganadores del concurso, en el tercer puesto de la mejor escultura, ahora lo hace en la general. Sus puntos fuertes son <strong>el conjunto del patio de columnas<\/strong> \u2013formado por 170 pilares \u201cde orden d\u00f3rico de piedra arenisca blanda con fuste en una sola pieza\u201d\u2013 y <strong>el conjunto de panteones <\/strong>situado en la secci\u00f3n tercera izquierda. La segunda y la tercera posici\u00f3n del ranking de los mejores cementerios de Espa\u00f1a han sido para los camposantos de <a href=\"https:\/\/www.escapadarural.com\/casas-rurales\/villaluenga-del-rosario\">Villaluenga del Rosario<\/a> (C\u00e1diz) y <a href=\"https:\/\/www.escapadarural.com\/casas-rurales\/archidona_malaga\">Archidona<\/a> (M\u00e1laga).&nbsp;<\/p>\n\n\n\n<h2 class=\"wp-block-heading\" id=\"h-mejor-iniciativa-medioambiental-cementerio-municipal-de-bilbao\"><strong>Mejor iniciativa medioambiental: cementerio municipal de Bilbao<\/strong><\/h2>\n\n\n\n<figure class=\"wp-block-image size-large\"><a href=\"https:\/\/www.escapadarural.com\/blog\/wp-content\/uploads\/Derio_-_Cementerio_de_Bilbao_002.jpg\"><img decoding=\"async\" src=\"https:\/\/www.escapadarural.com\/blog\/wp-content\/uploads\/Derio_-_Cementerio_de_Bilbao_002-1024x718.jpg\" alt=\"Cementerio de Bilbao\" class=\"wp-image-55490\"\/><\/a><figcaption class=\"wp-element-caption\">Cementerio municipal de Bilbao. Por Zarateman<\/figcaption><\/figure>\n\n\n\n<p>\u00bfCu\u00e1l es su apuesta para ayudar a combatir el deterioro del medioambiente? Pues sus responsables han instalado placas solares fotovoltaicas y adem\u00e1s tiene el objetivo de sustituir, antes de que termine el 2022, su flota de veh\u00edculos de combusti\u00f3n por el\u00e9ctricos. Esta iniciativa est\u00e1 alineada con<strong> la Estrategia Ambiental de Bilbao<\/strong>, que pretende ser neutral en CO2 as\u00ed como resiliente al cambio clim\u00e1tico y tener una calidad ambiental saludable.&nbsp;<\/p>\n\n\n\n<h2 class=\"wp-block-heading\" id=\"h-mejor-monumento-cementerio-municipal-la-carriona-de-aviles\"><strong>Mejor monumento: cementerio municipal La Carriona de Avil\u00e9s<\/strong><\/h2>\n\n\n\n<figure class=\"wp-block-image size-full\"><a href=\"https:\/\/www.escapadarural.com\/blog\/wp-content\/uploads\/1024px-Cementerio_Municipal_de_La_Carriona.jpg\"><img decoding=\"async\" src=\"https:\/\/www.escapadarural.com\/blog\/wp-content\/uploads\/1024px-Cementerio_Municipal_de_La_Carriona.jpg\" alt=\"Cementerio de La Carriona\" class=\"wp-image-55487\"\/><\/a><figcaption class=\"wp-element-caption\">Cementerio de La Carriona, en Avil\u00e9s. Por Toxicityofrock<\/figcaption><\/figure>\n\n\n\n<p>El cementerio de La Carriona de <a href=\"https:\/\/www.escapadarural.com\/casas-rurales\/comarca-de-aviles\">Avil\u00e9s<\/a> es una de las necr\u00f3polis que suele aparecer en las listas de cementerios m\u00e1s bonitos gracias, precisamente, a sus monumentos. El que ha hecho que consiga el primer puesto en esta categor\u00eda es el llamado <em>Losa del tiempo<\/em>, hecho por el artista Carlos Suarez en 2022. La obra pesa cuatro toneladas y <strong>tiene como objetivo recuperar la memoria de las v\u00edctimas del franquismo<\/strong>. El cementerio de <a href=\"https:\/\/www.escapadarural.com\/casas-rurales?l=reus\">Reus<\/a> qued\u00f3 en el segundo lugar y el de Villaluenga del Rosario, en C\u00e1diz, en el tercero.<\/p>\n\n\n<blockquote class=\"instagram-media\" data-instgrm-captioned=\"\" data-instgrm-permalink=\"https:\/\/www.instagram.com\/p\/CjQjZMAMipm\/?utm_source=ig_embed&amp;utm_campaign=loading\" data-instgrm-version=\"14\" style=\" background:#FFF; border:0; border-radius:3px; box-shadow:0 0 1px 0 rgba(0,0,0,0.5),0 1px 10px 0 rgba(0,0,0,0.15); margin: 1px; max-width:540px; min-width:326px; padding:0; width:99.375%; width:-webkit-calc(100% - 2px); width:calc(100% - 2px);\">\n<div style=\"padding:16px;\"> <a href=\"https:\/\/www.instagram.com\/p\/CjQjZMAMipm\/?utm_source=ig_embed&amp;utm_campaign=loading\" style=\" background:#FFFFFF; line-height:0; padding:0 0; text-align:center; text-decoration:none; width:100%;\" target=\"_blank\" rel=\"noopener\"> <\/p>\n<div style=\" display: flex; flex-direction: row; align-items: center;\">\n<div style=\"background-color: #F4F4F4; border-radius: 50%; flex-grow: 0; height: 40px; margin-right: 14px; width: 40px;\"><\/div>\n<div style=\"display: flex; flex-direction: column; flex-grow: 1; justify-content: center;\">\n<div style=\" background-color: #F4F4F4; border-radius: 4px; flex-grow: 0; height: 14px; margin-bottom: 6px; width: 100px;\"><\/div>\n<div style=\" background-color: #F4F4F4; border-radius: 4px; flex-grow: 0; height: 14px; width: 60px;\"><\/div>\n<\/div>\n<\/div>\n<div style=\"padding: 19% 0;\"><\/div>\n<div style=\"display:block; height:50px; margin:0 auto 12px; width:50px;\"><svg width=\"50px\" height=\"50px\" viewBox=\"0 0 60 60\" version=\"1.1\" xmlns=\"https:\/\/www.w3.org\/2000\/svg\" xmlns:xlink=\"https:\/\/www.w3.org\/1999\/xlink\"><g stroke=\"none\" stroke-width=\"1\" fill=\"none\" fill-rule=\"evenodd\"><g transform=\"translate(-511.000000, -20.000000)\" fill=\"#000000\"><g><path d=\"M556.869,30.41 C554.814,30.41 553.148,32.076 553.148,34.131 C553.148,36.186 554.814,37.852 556.869,37.852 C558.924,37.852 560.59,36.186 560.59,34.131 C560.59,32.076 558.924,30.41 556.869,30.41 M541,60.657 C535.114,60.657 530.342,55.887 530.342,50 C530.342,44.114 535.114,39.342 541,39.342 C546.887,39.342 551.658,44.114 551.658,50 C551.658,55.887 546.887,60.657 541,60.657 M541,33.886 C532.1,33.886 524.886,41.1 524.886,50 C524.886,58.899 532.1,66.113 541,66.113 C549.9,66.113 557.115,58.899 557.115,50 C557.115,41.1 549.9,33.886 541,33.886 M565.378,62.101 C565.244,65.022 564.756,66.606 564.346,67.663 C563.803,69.06 563.154,70.057 562.106,71.106 C561.058,72.155 560.06,72.803 558.662,73.347 C557.607,73.757 556.021,74.244 553.102,74.378 C549.944,74.521 548.997,74.552 541,74.552 C533.003,74.552 532.056,74.521 528.898,74.378 C525.979,74.244 524.393,73.757 523.338,73.347 C521.94,72.803 520.942,72.155 519.894,71.106 C518.846,70.057 518.197,69.06 517.654,67.663 C517.244,66.606 516.755,65.022 516.623,62.101 C516.479,58.943 516.448,57.996 516.448,50 C516.448,42.003 516.479,41.056 516.623,37.899 C516.755,34.978 517.244,33.391 517.654,32.338 C518.197,30.938 518.846,29.942 519.894,28.894 C520.942,27.846 521.94,27.196 523.338,26.654 C524.393,26.244 525.979,25.756 528.898,25.623 C532.057,25.479 533.004,25.448 541,25.448 C548.997,25.448 549.943,25.479 553.102,25.623 C556.021,25.756 557.607,26.244 558.662,26.654 C560.06,27.196 561.058,27.846 562.106,28.894 C563.154,29.942 563.803,30.938 564.346,32.338 C564.756,33.391 565.244,34.978 565.378,37.899 C565.522,41.056 565.552,42.003 565.552,50 C565.552,57.996 565.522,58.943 565.378,62.101 M570.82,37.631 C570.674,34.438 570.167,32.258 569.425,30.349 C568.659,28.377 567.633,26.702 565.965,25.035 C564.297,23.368 562.623,22.342 560.652,21.575 C558.743,20.834 556.562,20.326 553.369,20.18 C550.169,20.033 549.148,20 541,20 C532.853,20 531.831,20.033 528.631,20.18 C525.438,20.326 523.257,20.834 521.349,21.575 C519.376,22.342 517.703,23.368 516.035,25.035 C514.368,26.702 513.342,28.377 512.574,30.349 C511.834,32.258 511.326,34.438 511.181,37.631 C511.035,40.831 511,41.851 511,50 C511,58.147 511.035,59.17 511.181,62.369 C511.326,65.562 511.834,67.743 512.574,69.651 C513.342,71.625 514.368,73.296 516.035,74.965 C517.703,76.634 519.376,77.658 521.349,78.425 C523.257,79.167 525.438,79.673 528.631,79.82 C531.831,79.965 532.853,80.001 541,80.001 C549.148,80.001 550.169,79.965 553.369,79.82 C556.562,79.673 558.743,79.167 560.652,78.425 C562.623,77.658 564.297,76.634 565.965,74.965 C567.633,73.296 568.659,71.625 569.425,69.651 C570.167,67.743 570.674,65.562 570.82,62.369 C570.966,59.17 571,58.147 571,50 C571,41.851 570.966,40.831 570.82,37.631\"><\/path><\/g><\/g><\/g><\/svg><\/div>\n<div style=\"padding-top: 8px;\">\n<div style=\" color:#3897f0; font-family:Arial,sans-serif; font-size:14px; font-style:normal; font-weight:550; line-height:18px;\">Ver esta publicaci\u00f3n en Instagram<\/div>\n<\/div>\n<div style=\"padding: 12.5% 0;\"><\/div>\n<div style=\"display: flex; flex-direction: row; margin-bottom: 14px; align-items: center;\">\n<div>\n<div style=\"background-color: #F4F4F4; border-radius: 50%; height: 12.5px; width: 12.5px; transform: translateX(0px) translateY(7px);\"><\/div>\n<div style=\"background-color: #F4F4F4; height: 12.5px; transform: rotate(-45deg) translateX(3px) translateY(1px); width: 12.5px; flex-grow: 0; margin-right: 14px; margin-left: 2px;\"><\/div>\n<div style=\"background-color: #F4F4F4; border-radius: 50%; height: 12.5px; width: 12.5px; transform: translateX(9px) translateY(-18px);\"><\/div>\n<\/div>\n<div style=\"margin-left: 8px;\">\n<div style=\" background-color: #F4F4F4; border-radius: 50%; flex-grow: 0; height: 20px; width: 20px;\"><\/div>\n<div style=\" width: 0; height: 0; border-top: 2px solid transparent; border-left: 6px solid #f4f4f4; border-bottom: 2px solid transparent; transform: translateX(16px) translateY(-4px) rotate(30deg)\"><\/div>\n<\/div>\n<div style=\"margin-left: auto;\">\n<div style=\" width: 0px; border-top: 8px solid #F4F4F4; border-right: 8px solid transparent; transform: translateY(16px);\"><\/div>\n<div style=\" background-color: #F4F4F4; flex-grow: 0; height: 12px; width: 16px; transform: translateY(-4px);\"><\/div>\n<div style=\" width: 0; height: 0; border-top: 8px solid #F4F4F4; border-left: 8px solid transparent; transform: translateY(-4px) translateX(8px);\"><\/div>\n<\/div>\n<\/div>\n<div style=\"display: flex; flex-direction: column; flex-grow: 1; justify-content: center; margin-bottom: 24px;\">\n<div style=\" background-color: #F4F4F4; border-radius: 4px; flex-grow: 0; height: 14px; margin-bottom: 6px; width: 224px;\"><\/div>\n<div style=\" background-color: #F4F4F4; border-radius: 4px; flex-grow: 0; height: 14px; width: 144px;\"><\/div>\n<\/div>\n<p><\/a><\/p>\n<p style=\" color:#c9c8cd; font-family:Arial,sans-serif; font-size:14px; line-height:17px; margin-bottom:0; margin-top:8px; overflow:hidden; padding:8px 0 7px; text-align:center; text-overflow:ellipsis; white-space:nowrap;\"><a href=\"https:\/\/www.instagram.com\/p\/CjQjZMAMipm\/?utm_source=ig_embed&amp;utm_campaign=loading\" style=\" color:#c9c8cd; font-family:Arial,sans-serif; font-size:14px; font-style:normal; font-weight:normal; line-height:17px; text-decoration:none;\" target=\"_blank\" rel=\"noopener\">Una publicaci\u00f3n compartida de Sergio Salvador Rodriguez (@sergioasturies)<\/a><\/p>\n<\/div>\n<\/blockquote>\n<p> <script async=\"\" src=\"\/\/www.instagram.com\/embed.js\"><\/script><\/p>\n\n\n\n<h2 class=\"wp-block-heading\" id=\"h-mejor-actividad-publica-realizada-en-el-cementerio-cementerio-de-ballena-de-castro-urdiales\"><strong>Mejor actividad p\u00fablica realizada en el cementerio: cementerio de Ballena de <\/strong><a href=\"https:\/\/www.escapadarural.com\/casas-rurales\/castro-urdiales\"><strong>Castro Urdiales<\/strong><\/a><\/h2>\n\n\n\n<figure class=\"wp-block-image size-large\"><a href=\"https:\/\/www.escapadarural.com\/blog\/wp-content\/uploads\/AdobeStock_451497016-scaled.jpeg\"><img decoding=\"async\" src=\"https:\/\/www.escapadarural.com\/blog\/wp-content\/uploads\/AdobeStock_451497016-1024x633.jpeg\" alt=\"cementerio de Ballena de Castro Urdiales\" class=\"wp-image-55485\"\/><\/a><figcaption class=\"wp-element-caption\">cementerio de Ballena de Castro Urdiales. Por Iv\u00e1n Vieito Garc\u00eda<\/figcaption><\/figure>\n\n\n\n<p>El cementerio de Ballena de <a href=\"https:\/\/www.escapadarural.com\/casas-rurales\/castro-urdiales\">Castro Urdiales<\/a> es otro de los m\u00e1s frecuentes en los rankings de mejores cementerios de Espa\u00f1a. Ha quedado en el primer puesto gracias a <strong>su animada agenda de actuaciones culturales<\/strong>, que abarca desde visitas guiadas hasta recitales de m\u00fasica y poes\u00eda pasando por visitas teatralizadas o un cuaderno cultural infantil. Los otros puestos del podio de los tres mejores han reca\u00eddo sobre ganadores en otras categor\u00edas de esta edici\u00f3n del certamen: el cementerio de Valencia ha conseguido el segundo puesto y el tercero ha sido para el de Bilbao y el de Reus, que han empatado.<\/p>\n\n\n\n<h2 class=\"wp-block-heading\" id=\"h-cementerio-mas-bonito-cementerio-de-os-eidos-de-redondela\"><strong>Cementerio m\u00e1s bonito: cementerio de Os Eidos de <\/strong><a href=\"https:\/\/www.escapadarural.com\/casas-rurales\/redondela\"><strong>Redondela<\/strong><\/a><\/h2>\n\n\n\n<figure class=\"wp-block-image size-large\"><a href=\"https:\/\/www.escapadarural.com\/blog\/wp-content\/uploads\/AdobeStock_493668505-scaled.jpeg\"><img decoding=\"async\" src=\"https:\/\/www.escapadarural.com\/blog\/wp-content\/uploads\/AdobeStock_493668505-1024x684.jpeg\" alt=\"cementerio de Os Eidos de Redondela\" class=\"wp-image-55486\"\/><\/a><figcaption class=\"wp-element-caption\">cementerio de Os Eidos de Redondela. Por Quique Olivar<\/figcaption><\/figure>\n\n\n\n<p>Esta decisi\u00f3n es la que toman los lectores con sus votos, que este a\u00f1o han reca\u00eddo en su mayor\u00eda en este camposanto gallego que tiene la consideraci\u00f3n de c<strong>ementerio hist\u00f3rico de la Diputaci\u00f3n de Pontevedra<\/strong>. En su recinto hay 724 sepulturas (126 est\u00e1n en el suelo) que se reparten en 147 parcelas. La tumba m\u00e1s antigua es de 1860 y la m\u00e1s reciente de 1998, porque actualmente ya no tiene capacidad para acoger a nuevos inquilinos.&nbsp;<\/p>\n\n\n\n<p>Seg\u00fan explica la revista: \u201cOs Eidos cuenta con numerosos panteones y mausoleos que fueron construidos en el siglo XIX, en una \u00e9poca de esplendor para Redondela por el comercio internacional. Las tumbas eran una muestra de poder y los arquitectos de la \u00e9poca dise\u00f1aban propuestas \u00fanicas para cada familia. Los panteones fueron elaborados por canteros de la zona y tienen un gran valor art\u00edstico e hist\u00f3rico\u201d.<\/p>\n","protected":false},"excerpt":{"rendered":"<p>La revista Adi\u00f3s Cultural ha convocado su VII concurso para encontrar los mejores cementerios de Espa\u00f1a 2022. Estos son los ganadores de cada una de las cinco categor\u00edas. <\/p>\n","protected":false},"author":114,"featured_media":99191,"comment_status":"open","ping_status":"open","sticky":false,"template":"","format":"standard","meta":{"_acf_changed":false,"om_disable_all_campaigns":false,"footnotes":""},"categories":[231],"tags":[1105,4666,1930,2282,2745,1053,4667,4668,870,4669,4670,3433,602],"class_list":["post-55383","post","type-post","status-publish","format-standard","has-post-thumbnail","hentry","category-arte-y-cultura","tag-aviles","tag-ballena","tag-que-ver-en-bilbao","tag-castro-urdiales","tag-cementerios","tag-concurso","tag-la-carriona","tag-mejores-cementerios","tag-monumentos","tag-os-eidos","tag-redondela","tag-revista","tag-que-ver-en-valencia"],"acf":[],"featured_image_src":"https:\/\/www.escapadarural.com\/blog\/wp-content\/uploads\/2024\/10\/AdobeStock_451497016-1024x633-3.jpeg","author_info":{"display_name":"Carmen L\u00f3pez","author_link":"https:\/\/www.escapadarural.com\/blog\/autor\/carmenlopez\/"},"yoast_head":"<!-- This site is optimized with the Yoast SEO plugin v27.5 - https:\/\/yoast.com\/product\/yoast-seo-wordpress\/ -->\n<title>Los mejores cementerios de Espa\u00f1a - EscapadaRural<\/title>\n<meta name=\"robots\" content=\"index, follow, max-snippet:-1, max-image-preview:large, max-video-preview:-1\" \/>\n<link rel=\"canonical\" href=\"https:\/\/www.escapadarural.com\/blog\/mejores-cementerios-de-espana\/\" \/>\n<meta property=\"og:locale\" content=\"es_ES\" \/>\n<meta property=\"og:type\" content=\"article\" \/>\n<meta property=\"og:title\" content=\"Los mejores cementerios de Espa\u00f1a - EscapadaRural\" \/>\n<meta property=\"og:description\" content=\"La revista Adi\u00f3s Cultural ha convocado su VII concurso para encontrar los mejores cementerios de Espa\u00f1a 2022. Estos son los ganadores de cada una de las cinco categor\u00edas.\" \/>\n<meta property=\"og:url\" content=\"https:\/\/www.escapadarural.com\/blog\/mejores-cementerios-de-espana\/\" \/>\n<meta property=\"og:site_name\" content=\"Magazine de viajes de EscapadaRural\" \/>\n<meta property=\"article:publisher\" content=\"https:\/\/www.facebook.com\/escapadarural\" \/>\n<meta property=\"article:published_time\" content=\"2022-10-29T07:00:00+00:00\" \/>\n<meta property=\"article:modified_time\" content=\"2025-08-01T10:34:28+00:00\" \/>\n<meta property=\"og:image\" content=\"https:\/\/www.escapadarural.com\/blog\/wp-content\/uploads\/2024\/10\/AdobeStock_451497016-1024x633-3.jpeg?v=1754044471\" \/>\n\t<meta property=\"og:image:width\" content=\"1024\" \/>\n\t<meta property=\"og:image:height\" content=\"633\" \/>\n\t<meta property=\"og:image:type\" content=\"image\/jpeg\" \/>\n<meta name=\"author\" content=\"Carmen L\u00f3pez\" \/>\n<meta name=\"twitter:card\" content=\"summary_large_image\" \/>\n<meta name=\"twitter:label1\" content=\"Escrito por\" \/>\n\t<meta name=\"twitter:data1\" content=\"Carmen L\u00f3pez\" \/>\n\t<meta name=\"twitter:label2\" content=\"Tiempo de lectura\" \/>\n\t<meta name=\"twitter:data2\" content=\"6 minutos\" \/>\n<script type=\"application\/ld+json\" class=\"yoast-schema-graph\">{\"@context\":\"https:\\\/\\\/schema.org\",\"@graph\":[{\"@type\":\"Article\",\"@id\":\"https:\\\/\\\/www.escapadarural.com\\\/blog\\\/mejores-cementerios-de-espana\\\/#article\",\"isPartOf\":{\"@id\":\"https:\\\/\\\/www.escapadarural.com\\\/blog\\\/mejores-cementerios-de-espana\\\/\"},\"author\":{\"name\":\"Carmen L\u00f3pez\",\"@id\":\"https:\\\/\\\/www.escapadarural.com\\\/blog\\\/#\\\/schema\\\/person\\\/42dfdff6118172efc6a04c8ae599a2ce\"},\"headline\":\"Los mejores cementerios de Espa\u00f1a\",\"datePublished\":\"2022-10-29T07:00:00+00:00\",\"dateModified\":\"2025-08-01T10:34:28+00:00\",\"mainEntityOfPage\":{\"@id\":\"https:\\\/\\\/www.escapadarural.com\\\/blog\\\/mejores-cementerios-de-espana\\\/\"},\"wordCount\":1181,\"commentCount\":0,\"publisher\":{\"@id\":\"https:\\\/\\\/www.escapadarural.com\\\/blog\\\/#organization\"},\"image\":{\"@id\":\"https:\\\/\\\/www.escapadarural.com\\\/blog\\\/mejores-cementerios-de-espana\\\/#primaryimage\"},\"thumbnailUrl\":\"https:\\\/\\\/www.escapadarural.com\\\/blog\\\/wp-content\\\/uploads\\\/2024\\\/10\\\/AdobeStock_451497016-1024x633-3.jpeg\",\"keywords\":[\"Avil\u00e9s\",\"ballena\",\"Bilbao\",\"Castro Urdiales\",\"cementerios\",\"Concurso\",\"la carriona\",\"mejores cementerios\",\"Monumentos\",\"os eidos\",\"redondela\",\"Revista\",\"Valencia\"],\"articleSection\":[\"Arte y Cultura\"],\"inLanguage\":\"es\",\"potentialAction\":[{\"@type\":\"CommentAction\",\"name\":\"Comment\",\"target\":[\"https:\\\/\\\/www.escapadarural.com\\\/blog\\\/mejores-cementerios-de-espana\\\/#respond\"]}]},{\"@type\":\"WebPage\",\"@id\":\"https:\\\/\\\/www.escapadarural.com\\\/blog\\\/mejores-cementerios-de-espana\\\/\",\"url\":\"https:\\\/\\\/www.escapadarural.com\\\/blog\\\/mejores-cementerios-de-espana\\\/\",\"name\":\"Los mejores cementerios de Espa\u00f1a - EscapadaRural\",\"isPartOf\":{\"@id\":\"https:\\\/\\\/www.escapadarural.com\\\/blog\\\/#website\"},\"primaryImageOfPage\":{\"@id\":\"https:\\\/\\\/www.escapadarural.com\\\/blog\\\/mejores-cementerios-de-espana\\\/#primaryimage\"},\"image\":{\"@id\":\"https:\\\/\\\/www.escapadarural.com\\\/blog\\\/mejores-cementerios-de-espana\\\/#primaryimage\"},\"thumbnailUrl\":\"https:\\\/\\\/www.escapadarural.com\\\/blog\\\/wp-content\\\/uploads\\\/2024\\\/10\\\/AdobeStock_451497016-1024x633-3.jpeg\",\"datePublished\":\"2022-10-29T07:00:00+00:00\",\"dateModified\":\"2025-08-01T10:34:28+00:00\",\"breadcrumb\":{\"@id\":\"https:\\\/\\\/www.escapadarural.com\\\/blog\\\/mejores-cementerios-de-espana\\\/#breadcrumb\"},\"inLanguage\":\"es\",\"potentialAction\":[{\"@type\":\"ReadAction\",\"target\":[\"https:\\\/\\\/www.escapadarural.com\\\/blog\\\/mejores-cementerios-de-espana\\\/\"]}]},{\"@type\":\"ImageObject\",\"inLanguage\":\"es\",\"@id\":\"https:\\\/\\\/www.escapadarural.com\\\/blog\\\/mejores-cementerios-de-espana\\\/#primaryimage\",\"url\":\"https:\\\/\\\/www.escapadarural.com\\\/blog\\\/wp-content\\\/uploads\\\/2024\\\/10\\\/AdobeStock_451497016-1024x633-3.jpeg\",\"contentUrl\":\"https:\\\/\\\/www.escapadarural.com\\\/blog\\\/wp-content\\\/uploads\\\/2024\\\/10\\\/AdobeStock_451497016-1024x633-3.jpeg\",\"width\":1024,\"height\":633,\"caption\":\"Un mausoleo de piedra ornamentada con una estatua de un \u00e1ngel y placas doradas, rodeado de otras tumbas y altos cipreses en un cementerio bajo un cielo parcialmente nublado.\"},{\"@type\":\"BreadcrumbList\",\"@id\":\"https:\\\/\\\/www.escapadarural.com\\\/blog\\\/mejores-cementerios-de-espana\\\/#breadcrumb\",\"itemListElement\":[{\"@type\":\"ListItem\",\"position\":1,\"name\":\"Inicio\",\"item\":\"https:\\\/\\\/www.escapadarural.com\\\/blog\\\/\"},{\"@type\":\"ListItem\",\"position\":2,\"name\":\"Arte y Cultura\",\"item\":\"https:\\\/\\\/www.escapadarural.com\\\/blog\\\/categoria\\\/arte-y-cultura\\\/\"},{\"@type\":\"ListItem\",\"position\":3,\"name\":\"Los mejores cementerios de Espa\u00f1a\"}]},{\"@type\":\"WebSite\",\"@id\":\"https:\\\/\\\/www.escapadarural.com\\\/blog\\\/#website\",\"url\":\"https:\\\/\\\/www.escapadarural.com\\\/blog\\\/\",\"name\":\"Blog de viajes | turismo rural, alojamientos e inspiraci\u00f3n\",\"description\":\"Alojamientos rurales e inspiraci\u00f3n para tus escapadas\",\"publisher\":{\"@id\":\"https:\\\/\\\/www.escapadarural.com\\\/blog\\\/#organization\"},\"alternateName\":\"Magazine de viajes de EscapadaRural\",\"potentialAction\":[{\"@type\":\"SearchAction\",\"target\":{\"@type\":\"EntryPoint\",\"urlTemplate\":\"https:\\\/\\\/www.escapadarural.com\\\/blog\\\/?s={search_term_string}\"},\"query-input\":{\"@type\":\"PropertyValueSpecification\",\"valueRequired\":true,\"valueName\":\"search_term_string\"}}],\"inLanguage\":\"es\"},{\"@type\":\"Organization\",\"@id\":\"https:\\\/\\\/www.escapadarural.com\\\/blog\\\/#organization\",\"name\":\"EscapadaRural\",\"url\":\"https:\\\/\\\/www.escapadarural.com\\\/blog\\\/\",\"logo\":{\"@type\":\"ImageObject\",\"inLanguage\":\"es\",\"@id\":\"https:\\\/\\\/www.escapadarural.com\\\/blog\\\/#\\\/schema\\\/logo\\\/image\\\/\",\"url\":\"https:\\\/\\\/www.escapadarural.com\\\/blog\\\/wp-content\\\/uploads\\\/2024\\\/10\\\/cropped-cropped-escapada-rural-icon-mag-3.png\",\"contentUrl\":\"https:\\\/\\\/www.escapadarural.com\\\/blog\\\/wp-content\\\/uploads\\\/2024\\\/10\\\/cropped-cropped-escapada-rural-icon-mag-3.png\",\"width\":512,\"height\":512,\"caption\":\"EscapadaRural\"},\"image\":{\"@id\":\"https:\\\/\\\/www.escapadarural.com\\\/blog\\\/#\\\/schema\\\/logo\\\/image\\\/\"},\"sameAs\":[\"https:\\\/\\\/www.facebook.com\\\/escapadarural\",\"https:\\\/\\\/www.instagram.com\\\/escapadarural\\\/\",\"https:\\\/\\\/www.youtube.com\\\/@escapadaruralcom\"]},{\"@type\":\"Person\",\"@id\":\"https:\\\/\\\/www.escapadarural.com\\\/blog\\\/#\\\/schema\\\/person\\\/42dfdff6118172efc6a04c8ae599a2ce\",\"name\":\"Carmen L\u00f3pez\",\"image\":{\"@type\":\"ImageObject\",\"inLanguage\":\"es\",\"@id\":\"https:\\\/\\\/www.escapadarural.com\\\/blog\\\/wp-content\\\/uploads\\\/2024\\\/11\\\/cropped-perfil_eldiario-96x96-1-96x96.jpeg\",\"url\":\"https:\\\/\\\/www.escapadarural.com\\\/blog\\\/wp-content\\\/uploads\\\/2024\\\/11\\\/cropped-perfil_eldiario-96x96-1-96x96.jpeg\",\"contentUrl\":\"https:\\\/\\\/www.escapadarural.com\\\/blog\\\/wp-content\\\/uploads\\\/2024\\\/11\\\/cropped-perfil_eldiario-96x96-1-96x96.jpeg\",\"caption\":\"Carmen L\u00f3pez\"},\"description\":\"Soy periodista y escribo sobre cosas que importan en sitios que interesan desde hace m\u00e1s de una d\u00e9cada.\",\"url\":\"https:\\\/\\\/www.escapadarural.com\\\/blog\\\/autor\\\/carmenlopez\\\/\"}]}<\/script>\n<!-- \/ Yoast SEO plugin. -->","yoast_head_json":{"title":"Los mejores cementerios de Espa\u00f1a - EscapadaRural","robots":{"index":"index","follow":"follow","max-snippet":"max-snippet:-1","max-image-preview":"max-image-preview:large","max-video-preview":"max-video-preview:-1"},"canonical":"https:\/\/www.escapadarural.com\/blog\/mejores-cementerios-de-espana\/","og_locale":"es_ES","og_type":"article","og_title":"Los mejores cementerios de Espa\u00f1a - EscapadaRural","og_description":"La revista Adi\u00f3s Cultural ha convocado su VII concurso para encontrar los mejores cementerios de Espa\u00f1a 2022. Estos son los ganadores de cada una de las cinco categor\u00edas.","og_url":"https:\/\/www.escapadarural.com\/blog\/mejores-cementerios-de-espana\/","og_site_name":"Magazine de viajes de EscapadaRural","article_publisher":"https:\/\/www.facebook.com\/escapadarural","article_published_time":"2022-10-29T07:00:00+00:00","article_modified_time":"2025-08-01T10:34:28+00:00","og_image":[{"width":1024,"height":633,"url":"https:\/\/www.escapadarural.com\/blog\/wp-content\/uploads\/2024\/10\/AdobeStock_451497016-1024x633-3.jpeg?v=1754044471","type":"image\/jpeg"}],"author":"Carmen L\u00f3pez","twitter_card":"summary_large_image","twitter_misc":{"Escrito por":"Carmen L\u00f3pez","Tiempo de lectura":"6 minutos"},"schema":{"@context":"https:\/\/schema.org","@graph":[{"@type":"Article","@id":"https:\/\/www.escapadarural.com\/blog\/mejores-cementerios-de-espana\/#article","isPartOf":{"@id":"https:\/\/www.escapadarural.com\/blog\/mejores-cementerios-de-espana\/"},"author":{"name":"Carmen L\u00f3pez","@id":"https:\/\/www.escapadarural.com\/blog\/#\/schema\/person\/42dfdff6118172efc6a04c8ae599a2ce"},"headline":"Los mejores cementerios de Espa\u00f1a","datePublished":"2022-10-29T07:00:00+00:00","dateModified":"2025-08-01T10:34:28+00:00","mainEntityOfPage":{"@id":"https:\/\/www.escapadarural.com\/blog\/mejores-cementerios-de-espana\/"},"wordCount":1181,"commentCount":0,"publisher":{"@id":"https:\/\/www.escapadarural.com\/blog\/#organization"},"image":{"@id":"https:\/\/www.escapadarural.com\/blog\/mejores-cementerios-de-espana\/#primaryimage"},"thumbnailUrl":"https:\/\/www.escapadarural.com\/blog\/wp-content\/uploads\/2024\/10\/AdobeStock_451497016-1024x633-3.jpeg","keywords":["Avil\u00e9s","ballena","Bilbao","Castro Urdiales","cementerios","Concurso","la carriona","mejores cementerios","Monumentos","os eidos","redondela","Revista","Valencia"],"articleSection":["Arte y Cultura"],"inLanguage":"es","potentialAction":[{"@type":"CommentAction","name":"Comment","target":["https:\/\/www.escapadarural.com\/blog\/mejores-cementerios-de-espana\/#respond"]}]},{"@type":"WebPage","@id":"https:\/\/www.escapadarural.com\/blog\/mejores-cementerios-de-espana\/","url":"https:\/\/www.escapadarural.com\/blog\/mejores-cementerios-de-espana\/","name":"Los mejores cementerios de Espa\u00f1a - EscapadaRural","isPartOf":{"@id":"https:\/\/www.escapadarural.com\/blog\/#website"},"primaryImageOfPage":{"@id":"https:\/\/www.escapadarural.com\/blog\/mejores-cementerios-de-espana\/#primaryimage"},"image":{"@id":"https:\/\/www.escapadarural.com\/blog\/mejores-cementerios-de-espana\/#primaryimage"},"thumbnailUrl":"https:\/\/www.escapadarural.com\/blog\/wp-content\/uploads\/2024\/10\/AdobeStock_451497016-1024x633-3.jpeg","datePublished":"2022-10-29T07:00:00+00:00","dateModified":"2025-08-01T10:34:28+00:00","breadcrumb":{"@id":"https:\/\/www.escapadarural.com\/blog\/mejores-cementerios-de-espana\/#breadcrumb"},"inLanguage":"es","potentialAction":[{"@type":"ReadAction","target":["https:\/\/www.escapadarural.com\/blog\/mejores-cementerios-de-espana\/"]}]},{"@type":"ImageObject","inLanguage":"es","@id":"https:\/\/www.escapadarural.com\/blog\/mejores-cementerios-de-espana\/#primaryimage","url":"https:\/\/www.escapadarural.com\/blog\/wp-content\/uploads\/2024\/10\/AdobeStock_451497016-1024x633-3.jpeg","contentUrl":"https:\/\/www.escapadarural.com\/blog\/wp-content\/uploads\/2024\/10\/AdobeStock_451497016-1024x633-3.jpeg","width":1024,"height":633,"caption":"Un mausoleo de piedra ornamentada con una estatua de un \u00e1ngel y placas doradas, rodeado de otras tumbas y altos cipreses en un cementerio bajo un cielo parcialmente nublado."},{"@type":"BreadcrumbList","@id":"https:\/\/www.escapadarural.com\/blog\/mejores-cementerios-de-espana\/#breadcrumb","itemListElement":[{"@type":"ListItem","position":1,"name":"Inicio","item":"https:\/\/www.escapadarural.com\/blog\/"},{"@type":"ListItem","position":2,"name":"Arte y Cultura","item":"https:\/\/www.escapadarural.com\/blog\/categoria\/arte-y-cultura\/"},{"@type":"ListItem","position":3,"name":"Los mejores cementerios de Espa\u00f1a"}]},{"@type":"WebSite","@id":"https:\/\/www.escapadarural.com\/blog\/#website","url":"https:\/\/www.escapadarural.com\/blog\/","name":"Blog de viajes | turismo rural, alojamientos e inspiraci\u00f3n","description":"Alojamientos rurales e inspiraci\u00f3n para tus escapadas","publisher":{"@id":"https:\/\/www.escapadarural.com\/blog\/#organization"},"alternateName":"Magazine de viajes de EscapadaRural","potentialAction":[{"@type":"SearchAction","target":{"@type":"EntryPoint","urlTemplate":"https:\/\/www.escapadarural.com\/blog\/?s={search_term_string}"},"query-input":{"@type":"PropertyValueSpecification","valueRequired":true,"valueName":"search_term_string"}}],"inLanguage":"es"},{"@type":"Organization","@id":"https:\/\/www.escapadarural.com\/blog\/#organization","name":"EscapadaRural","url":"https:\/\/www.escapadarural.com\/blog\/","logo":{"@type":"ImageObject","inLanguage":"es","@id":"https:\/\/www.escapadarural.com\/blog\/#\/schema\/logo\/image\/","url":"https:\/\/www.escapadarural.com\/blog\/wp-content\/uploads\/2024\/10\/cropped-cropped-escapada-rural-icon-mag-3.png","contentUrl":"https:\/\/www.escapadarural.com\/blog\/wp-content\/uploads\/2024\/10\/cropped-cropped-escapada-rural-icon-mag-3.png","width":512,"height":512,"caption":"EscapadaRural"},"image":{"@id":"https:\/\/www.escapadarural.com\/blog\/#\/schema\/logo\/image\/"},"sameAs":["https:\/\/www.facebook.com\/escapadarural","https:\/\/www.instagram.com\/escapadarural\/","https:\/\/www.youtube.com\/@escapadaruralcom"]},{"@type":"Person","@id":"https:\/\/www.escapadarural.com\/blog\/#\/schema\/person\/42dfdff6118172efc6a04c8ae599a2ce","name":"Carmen L\u00f3pez","image":{"@type":"ImageObject","inLanguage":"es","@id":"https:\/\/www.escapadarural.com\/blog\/wp-content\/uploads\/2024\/11\/cropped-perfil_eldiario-96x96-1-96x96.jpeg","url":"https:\/\/www.escapadarural.com\/blog\/wp-content\/uploads\/2024\/11\/cropped-perfil_eldiario-96x96-1-96x96.jpeg","contentUrl":"https:\/\/www.escapadarural.com\/blog\/wp-content\/uploads\/2024\/11\/cropped-perfil_eldiario-96x96-1-96x96.jpeg","caption":"Carmen L\u00f3pez"},"description":"Soy periodista y escribo sobre cosas que importan en sitios que interesan desde hace m\u00e1s de una d\u00e9cada.","url":"https:\/\/www.escapadarural.com\/blog\/autor\/carmenlopez\/"}]}},"_links":{"self":[{"href":"https:\/\/www.escapadarural.com\/blog\/wp-json\/wp\/v2\/posts\/55383","targetHints":{"allow":["GET"]}}],"collection":[{"href":"https:\/\/www.escapadarural.com\/blog\/wp-json\/wp\/v2\/posts"}],"about":[{"href":"https:\/\/www.escapadarural.com\/blog\/wp-json\/wp\/v2\/types\/post"}],"author":[{"embeddable":true,"href":"https:\/\/www.escapadarural.com\/blog\/wp-json\/wp\/v2\/users\/114"}],"replies":[{"embeddable":true,"href":"https:\/\/www.escapadarural.com\/blog\/wp-json\/wp\/v2\/comments?post=55383"}],"version-history":[{"count":0,"href":"https:\/\/www.escapadarural.com\/blog\/wp-json\/wp\/v2\/posts\/55383\/revisions"}],"wp:featuredmedia":[{"embeddable":true,"href":"https:\/\/www.escapadarural.com\/blog\/wp-json\/wp\/v2\/media\/99191"}],"wp:attachment":[{"href":"https:\/\/www.escapadarural.com\/blog\/wp-json\/wp\/v2\/media?parent=55383"}],"wp:term":[{"taxonomy":"category","embeddable":true,"href":"https:\/\/www.escapadarural.com\/blog\/wp-json\/wp\/v2\/categories?post=55383"},{"taxonomy":"post_tag","embeddable":true,"href":"https:\/\/www.escapadarural.com\/blog\/wp-json\/wp\/v2\/tags?post=55383"}],"curies":[{"name":"wp","href":"https:\/\/api.w.org\/{rel}","templated":true}]}}