{"id":55385,"date":"2022-11-12T08:00:00","date_gmt":"2022-11-12T07:00:00","guid":{"rendered":"https:\/\/www.escapadarural.com\/blog\/?p=55385"},"modified":"2025-07-25T16:07:22","modified_gmt":"2025-07-25T14:07:22","slug":"el-cid-alcalde-de-berlanga-de-duero","status":"publish","type":"post","link":"https:\/\/www.escapadarural.com\/blog\/el-cid-alcalde-de-berlanga-de-duero\/","title":{"rendered":"El Cid, alcalde de Berlanga de Duero"},"content":{"rendered":"\n<figure class=\"wp-block-image size-large\"><img decoding=\"async\" src=\"https:\/\/www.escapadarural.com\/blog\/wp-content\/uploads\/AdobeStock_194878870-1024x681.jpeg\" alt=\"Berlanga de Duero\" class=\"wp-image-55753\"\/><figcaption class=\"wp-element-caption\">Berlanga de Duero. Por anavarro1965<\/figcaption><\/figure>\n\n\n\n<p>Hay un pueblo en <a href=\"https:\/\/www.escapadarural.com\/casas-rurales\/soria\">Soria<\/a> que tuvo un alcalde m\u00e1s que ilustre. Un alcalde de leyenda, podr\u00edamos decir. Un personaje que protagoniza una de las obras m\u00e1s famosas de nuestra literatura. El lugar es la <strong>villa de Berlanga de Duero<\/strong> y ese alcalde famoso es Rodrigo D\u00edaz de Vivar, <a href=\"https:\/\/www.escapadarural.com\/blog\/el-cid-la-nueva-serie-de-amazon-prime-que-va-de-ruta-por-espana\/\">el Cid<\/a>.<\/p>\n\n\n\n<p>Si hablamos de alcaldes famosos de la historia, muchos pensar\u00e1n en el rey Carlos III, al que se le llama <em>el mejor alcalde de Madrid<\/em>. Por supuesto, no fue alcalde, pero se preocup\u00f3 por la ciudad y de ah\u00ed el falso t\u00edtulo. Otro alcalde memorable es el que interpreta Rafael Alonso en la pel\u00edcula <em>Amanece que no es poco<\/em>. Y recordando sus \u00f3rdenes desde el balc\u00f3n, vamos a hacer <em>flashback<\/em>. Es decir, vamos a mirar al pasado.<\/p>\n\n\n\n<h2 class=\"wp-block-heading\" id=\"h-belanga-de-duero-fue-entregada-a-el-cid-como-reconocimiento-por-sus-servicios\">Belanga de Duero fue entregada a el Cid como reconocimiento por sus servicios <\/h2>\n\n\n\n<figure class=\"wp-block-image size-large\"><a href=\"https:\/\/www.escapadarural.com\/blog\/wp-content\/uploads\/AdobeStock_186161205-scaled.jpeg\"><img decoding=\"async\" src=\"https:\/\/www.escapadarural.com\/blog\/wp-content\/uploads\/AdobeStock_186161205-1024x683.jpeg\" alt=\"Berlanga de Duero\" class=\"wp-image-55755\"\/><\/a><figcaption class=\"wp-element-caption\">Berlanga de Duero. Por Evan Frank<\/figcaption><\/figure>\n\n\n\n<p>Como ha ocurrido con otras miles de l\u00edneas imaginarias que podr\u00edamos dibujar sobre Espa\u00f1a, la zona de Berlanga <strong>estuvo en disputa entre cristianos y musulmanes<\/strong>, y tambi\u00e9n entre los propios reinos cristianos, durante mucho tiempo. Por eso no es extra\u00f1o que sobre esas tierras se levantaran s\u00f3lidos <a href=\"https:\/\/www.escapadarural.com\/blog\/castillos-en-espana\/\">castillos<\/a> que serv\u00edan para defender la zona y para ir haciendo m\u00e1s fuerte esa l\u00ednea de conquista. Por otra parte, el rey reconoc\u00eda y pagaba los servicios de alguno de sus hombres entreg\u00e1ndole esas nuevas tierras que iba sumando a sus dominios.<\/p>\n\n\n\n<p>Berlanga hab\u00eda estado en poder musulm\u00e1n hasta 1060, cuando la conquist\u00f3 Fernando I de Le\u00f3n. En 1089 su hijo, Alfonso VI, <strong>entreg\u00f3 varios territorios y castillos a el Cid<\/strong> como reconocimiento y como muestra de aprecio durante la reconciliaci\u00f3n entre ambos. Uno de esos lugares fue la fortaleza que gobernaba Berlanga de Duero y las tierras y recursos correspondientes. Era el momento en que el Cid volv\u00eda de su primer destierro. Seg\u00fan la <em>Historia Roderici<\/em>, <em>regres\u00f3 a Castilla, su patria, donde lo recibi\u00f3 el rey Alfonso con todos los honores y con muestras de alegr\u00eda<\/em>.<\/p>\n\n\n\n<figure class=\"wp-block-image size-large\"><a href=\"https:\/\/www.escapadarural.com\/blog\/wp-content\/uploads\/AdobeStock_347857372-1-scaled.jpeg\"><img decoding=\"async\" src=\"https:\/\/www.escapadarural.com\/blog\/wp-content\/uploads\/AdobeStock_347857372-1-1024x768.jpeg\" alt=\"Berlanga de Duero\" class=\"wp-image-55759\"\/><\/a><figcaption class=\"wp-element-caption\">Berlanga de Duero. Por Anna<\/figcaption><\/figure>\n\n\n\n<p>Con la entrega de los castillos, territorios, poderes\u2026 el Cid se convert\u00eda en <strong>uno de los 12 hombres m\u00e1s relevantes de Castilla<\/strong>. A cambio deb\u00eda mantener un grupo de caballeros preparados para ponerse al servicio del rey siempre que este lo necesitara. Como dec\u00edamos antes, esto era lo habitual en esta vida medieval de conquistas y combates territoriales.<\/p>\n\n\n\n<p>El Cid conoc\u00eda bien la zona, porque parece bastante probable que combatiera por la zona antes de llegar a los 20 a\u00f1os, a juzgar por algunas cr\u00f3nicas de la \u00e9poca (mencionadas por Gonzalo Mart\u00ednez D\u00edez en su libro <em>El Cid hist\u00f3rico<\/em>). Es m\u00e1s, fue en esos d\u00edas cuando se gan\u00f3 el apelativo de <em>campeador<\/em>.<\/p>\n\n\n\n<h2 class=\"wp-block-heading\" id=\"h-de-entre-todos-lugares-relacionados-con-el-cid-berlanga-de-duero-es-el-que-lo-reconoce-como-primer-alcalde\">De entre todos lugares relacionados con el Cid, Berlanga de Duero es el que lo reconoce como primer alcalde<\/h2>\n\n\n\n<figure class=\"wp-block-image size-large\"><a href=\"https:\/\/www.escapadarural.com\/blog\/wp-content\/uploads\/AdobeStock_510491964-scaled.jpeg\"><img decoding=\"async\" src=\"https:\/\/www.escapadarural.com\/blog\/wp-content\/uploads\/AdobeStock_510491964-1024x682.jpeg\" alt=\"Berlanga de Duero\" class=\"wp-image-55760\"\/><\/a><figcaption class=\"wp-element-caption\">Berlanga de Duero. Por JackF<\/figcaption><\/figure>\n\n\n\n<p>Y como Berlanga de Duero era un se\u00f1or\u00edo del Cid, en cierta medida la gobernaba y por ello se le considera uno de los alcaldes que ha tenido la localidad. Es cierto que el Cid era el se\u00f1or de Berlanga de Duero, as\u00ed que bien podr\u00edamos considerarlo como algo<strong> m\u00e1s importante e influyente que un alcalde<\/strong>, tomando la idea que tenemos en la actualidad de ese t\u00edtulo. Quiz\u00e1s debamos tomarlo m\u00e1s como un t\u00edtulo honor\u00edfico que reconoce la uni\u00f3n estrecha entre el m\u00edtico caballero castellano y este pueblo soriano.<\/p>\n\n\n\n<p>M\u00e1s de 900 a\u00f1os de historia hace de todo esto, pero el personaje es tan relevante que, en el edificio del ayuntamiento de Berlanga, en nuestros d\u00edas, podemos ver una placa que habla en esos t\u00e9rminos y considera a El Cid como el primer alcalde. Fueron muchos los lugares a los que se uni\u00f3 el Cid de un modo u otro a lo lago de su aventurera vida, pero s\u00f3lo aqu\u00ed se ha conseguido que se le considere su alcalde.<\/p>\n\n\n\n<p>Berlanga de Duero forma parte de ese camino hist\u00f3rico y tur\u00edstico que es <em><strong>El camino del Cid<\/strong><\/em>, que tiene como libro de ruta b\u00e1sico y esencial <em>El cantar del m\u00edo Cid<\/em>. Este cantar de gesta, que narra con ciertas libertades la vida de Rodrigo D\u00edaz de Vivar, fue escrito en torno al a\u00f1o 1200, lo que nos sit\u00faa a casi un siglo de su muerte, ya que el <em>campeador<\/em> falleci\u00f3 en Valencia en 1099.<\/p>\n\n\n\n<h2 class=\"wp-block-heading\" id=\"h-berlanga-de-duero-esta-en-el-cantar-del-mio-cid-y-en-muchas-cronicas-historicas\">Berlanga de Duero est\u00e1 en El cantar del m\u00edo Cid y en muchas cr\u00f3nicas hist\u00f3ricas<\/h2>\n\n\n\n<figure class=\"wp-block-image size-large\"><a href=\"https:\/\/www.escapadarural.com\/blog\/wp-content\/uploads\/AdobeStock_449827571-scaled.jpeg\"><img decoding=\"async\" src=\"https:\/\/www.escapadarural.com\/blog\/wp-content\/uploads\/AdobeStock_449827571-1024x680.jpeg\" alt=\"Berlanga de Duero\" class=\"wp-image-55761\"\/><\/a><figcaption class=\"wp-element-caption\">Berlanga de Duero. Por Jose Antonio<\/figcaption><\/figure>\n\n\n\n<p>En el cantar vuelva a aparecer Berlanga, pero esta vez no tiene relaci\u00f3n con lo que ya hemos contado, sino con las hijas de el Cid. Cuenta que los infantes de Carri\u00f3n, sus esposos, planearon ultrajarlas y luego abandonarlas en los montes. Tan mal ve\u00edan las cosas ellas, que les pidieron a sus captores que les corten la cabeza en lugar de tratarlas as\u00ed, pero no sirvi\u00f3 de mucho. Las azotaron hasta sangrar, rompi\u00e9ndole la ropa, y las dejaron abandonadas pensando que estaban ya muertas.<\/p>\n\n\n\n<p>Elvira y Sol, eran las <strong>hijas de el Cid<\/strong> pero eso no las libro de que sus esposos los infantes de Carri\u00f3n quisieran matarlas. Como dec\u00edamos, las maltrataron y las dejaron en el monte d\u00e1ndolas por muertas. F\u00e9lez Mu\u00f1oz, sobrino de el Cid y por lo tanto primo de ellas, abandon\u00f3 el grupo de los infantes y volvi\u00f3 para ayudarlas. Con su sombrero cogi\u00f3 agua para limpiarlas y las tap\u00f3 con las ropas que \u00e9l ten\u00eda. Las subi\u00f3 a su caballo y as\u00ed fueron a buscar ayuda.<\/p>\n\n\n\n<p>Enterado el Cid de todo esto envi\u00f3 a doscientos caballeros desde Valencia para que fueran al encuentro de las pobre mujeres y las llevaran junto a \u00e9l. Deb\u00edan marchar d\u00eda y noche hasta estar con ellas. En el camino de vuelta, el cantar cita brevemente las etapas del viaje, y as\u00ed dice que <strong>en Berlanga descansaron una noche antes de seguir camino<\/strong>. Esta es otra muestra de la importancia de Berlanga en aquel tiempo y de su relaci\u00f3n con el Cid.<\/p>\n\n\n\n<p>Es cierto que el Campeador <strong>dej\u00f3 su marca en muchos lugares de Espa\u00f1a<\/strong>, y gracias al cantar de gesta que narra sus idas y venidas est\u00e1n marcados claramente en el mapa. Pero entre todos ellos hay un pueblo que no llega hoy a los 900 habitantes, pero que tiene un pasado destacable, como prueba su castillo y otros edificios hist\u00f3ricos. Un pueblo que es citado por Machado en su <em>Campos de Castilla<\/em> y del que se dice que tuvo al propio Cid como alcalde.<\/p>\n\n\n\n<div class=\"wp-block-buttons is-layout-flex wp-block-buttons-is-layout-flex\">\n<div class=\"wp-block-button\"><a class=\"wp-block-button__link wp-element-button\" href=\"https:\/\/www.escapadarural.com\/casas-rurales\/soria\">Casas rurales en Soria<\/a><\/div>\n<\/div>\n","protected":false},"excerpt":{"rendered":"<p>Hay un pueblo en Soria que tuvo un alcalde m\u00e1s que ilustre. Se trata de Berlanga de Duero y la personalidad que lo gobern\u00f3 fue Rodrigo D\u00edas de Vivar, el Cid.<\/p>\n","protected":false},"author":149,"featured_media":99114,"comment_status":"open","ping_status":"open","sticky":false,"template":"","format":"standard","meta":{"_acf_changed":false,"om_disable_all_campaigns":false,"footnotes":""},"categories":[231],"tags":[260,4685,5995,476,656,440,321],"class_list":["post-55385","post","type-post","status-publish","format-standard","has-post-thumbnail","hentry","category-arte-y-cultura","tag-articulo","tag-berlanga-de-duero","tag-que-ver-en-castilla-y-leon","tag-edad-media","tag-el-cid","tag-historias-y-curiosidades","tag-que-ver-en-soria"],"acf":[],"featured_image_src":"https:\/\/www.escapadarural.com\/blog\/wp-content\/uploads\/2024\/10\/AdobeStock_194878870-1024x681-2.jpeg","author_info":{"display_name":"Manuel Jes\u00fas Prieto","author_link":"https:\/\/www.escapadarural.com\/blog\/autor\/manuel\/"},"yoast_head":"<!-- This site is optimized with the Yoast SEO plugin v27.5 - https:\/\/yoast.com\/product\/yoast-seo-wordpress\/ -->\n<title>El Cid, alcalde de Berlanga de Duero - EscapadaRural<\/title>\n<meta name=\"robots\" content=\"index, follow, max-snippet:-1, max-image-preview:large, max-video-preview:-1\" \/>\n<link rel=\"canonical\" href=\"https:\/\/www.escapadarural.com\/blog\/el-cid-alcalde-de-berlanga-de-duero\/\" \/>\n<meta property=\"og:locale\" content=\"es_ES\" \/>\n<meta property=\"og:type\" content=\"article\" \/>\n<meta property=\"og:title\" content=\"El Cid, alcalde de Berlanga de Duero - EscapadaRural\" \/>\n<meta property=\"og:description\" content=\"Hay un pueblo en Soria que tuvo un alcalde m\u00e1s que ilustre. Se trata de Berlanga de Duero y la personalidad que lo gobern\u00f3 fue Rodrigo D\u00edas de Vivar, el Cid.\" \/>\n<meta property=\"og:url\" content=\"https:\/\/www.escapadarural.com\/blog\/el-cid-alcalde-de-berlanga-de-duero\/\" \/>\n<meta property=\"og:site_name\" content=\"Magazine de viajes de EscapadaRural\" \/>\n<meta property=\"article:publisher\" content=\"https:\/\/www.facebook.com\/escapadarural\" \/>\n<meta property=\"article:published_time\" content=\"2022-11-12T07:00:00+00:00\" \/>\n<meta property=\"article:modified_time\" content=\"2025-07-25T14:07:22+00:00\" \/>\n<meta property=\"og:image\" content=\"https:\/\/www.escapadarural.com\/blog\/wp-content\/uploads\/2024\/10\/AdobeStock_194878870-1024x681-2.jpeg?v=1753452443\" \/>\n\t<meta property=\"og:image:width\" content=\"1024\" \/>\n\t<meta property=\"og:image:height\" content=\"681\" \/>\n\t<meta property=\"og:image:type\" content=\"image\/jpeg\" \/>\n<meta name=\"author\" content=\"Manuel Jes\u00fas Prieto\" \/>\n<meta name=\"twitter:card\" content=\"summary_large_image\" \/>\n<meta name=\"twitter:label1\" content=\"Escrito por\" \/>\n\t<meta name=\"twitter:data1\" content=\"Manuel Jes\u00fas Prieto\" \/>\n\t<meta name=\"twitter:label2\" content=\"Tiempo de lectura\" \/>\n\t<meta name=\"twitter:data2\" content=\"6 minutos\" \/>\n<script type=\"application\/ld+json\" class=\"yoast-schema-graph\">{\"@context\":\"https:\\\/\\\/schema.org\",\"@graph\":[{\"@type\":\"Article\",\"@id\":\"https:\\\/\\\/www.escapadarural.com\\\/blog\\\/el-cid-alcalde-de-berlanga-de-duero\\\/#article\",\"isPartOf\":{\"@id\":\"https:\\\/\\\/www.escapadarural.com\\\/blog\\\/el-cid-alcalde-de-berlanga-de-duero\\\/\"},\"author\":{\"name\":\"Manuel Jes\u00fas Prieto\",\"@id\":\"https:\\\/\\\/www.escapadarural.com\\\/blog\\\/#\\\/schema\\\/person\\\/4065dfd21d15120c54fb2ac942df5353\"},\"headline\":\"El Cid, alcalde de Berlanga de Duero\",\"datePublished\":\"2022-11-12T07:00:00+00:00\",\"dateModified\":\"2025-07-25T14:07:22+00:00\",\"mainEntityOfPage\":{\"@id\":\"https:\\\/\\\/www.escapadarural.com\\\/blog\\\/el-cid-alcalde-de-berlanga-de-duero\\\/\"},\"wordCount\":1162,\"commentCount\":0,\"publisher\":{\"@id\":\"https:\\\/\\\/www.escapadarural.com\\\/blog\\\/#organization\"},\"image\":{\"@id\":\"https:\\\/\\\/www.escapadarural.com\\\/blog\\\/el-cid-alcalde-de-berlanga-de-duero\\\/#primaryimage\"},\"thumbnailUrl\":\"https:\\\/\\\/www.escapadarural.com\\\/blog\\\/wp-content\\\/uploads\\\/2024\\\/10\\\/AdobeStock_194878870-1024x681-2.jpeg\",\"keywords\":[\"art\u00edculo\",\"Berlanga de Duero\",\"Castilla y Le\u00f3n\",\"Edad Media\",\"El Cid\",\"Historias y Curiosidades\",\"Soria\"],\"articleSection\":[\"Arte y Cultura\"],\"inLanguage\":\"es\",\"potentialAction\":[{\"@type\":\"CommentAction\",\"name\":\"Comment\",\"target\":[\"https:\\\/\\\/www.escapadarural.com\\\/blog\\\/el-cid-alcalde-de-berlanga-de-duero\\\/#respond\"]}]},{\"@type\":\"WebPage\",\"@id\":\"https:\\\/\\\/www.escapadarural.com\\\/blog\\\/el-cid-alcalde-de-berlanga-de-duero\\\/\",\"url\":\"https:\\\/\\\/www.escapadarural.com\\\/blog\\\/el-cid-alcalde-de-berlanga-de-duero\\\/\",\"name\":\"El Cid, alcalde de Berlanga de Duero - EscapadaRural\",\"isPartOf\":{\"@id\":\"https:\\\/\\\/www.escapadarural.com\\\/blog\\\/#website\"},\"primaryImageOfPage\":{\"@id\":\"https:\\\/\\\/www.escapadarural.com\\\/blog\\\/el-cid-alcalde-de-berlanga-de-duero\\\/#primaryimage\"},\"image\":{\"@id\":\"https:\\\/\\\/www.escapadarural.com\\\/blog\\\/el-cid-alcalde-de-berlanga-de-duero\\\/#primaryimage\"},\"thumbnailUrl\":\"https:\\\/\\\/www.escapadarural.com\\\/blog\\\/wp-content\\\/uploads\\\/2024\\\/10\\\/AdobeStock_194878870-1024x681-2.jpeg\",\"datePublished\":\"2022-11-12T07:00:00+00:00\",\"dateModified\":\"2025-07-25T14:07:22+00:00\",\"breadcrumb\":{\"@id\":\"https:\\\/\\\/www.escapadarural.com\\\/blog\\\/el-cid-alcalde-de-berlanga-de-duero\\\/#breadcrumb\"},\"inLanguage\":\"es\",\"potentialAction\":[{\"@type\":\"ReadAction\",\"target\":[\"https:\\\/\\\/www.escapadarural.com\\\/blog\\\/el-cid-alcalde-de-berlanga-de-duero\\\/\"]}]},{\"@type\":\"ImageObject\",\"inLanguage\":\"es\",\"@id\":\"https:\\\/\\\/www.escapadarural.com\\\/blog\\\/el-cid-alcalde-de-berlanga-de-duero\\\/#primaryimage\",\"url\":\"https:\\\/\\\/www.escapadarural.com\\\/blog\\\/wp-content\\\/uploads\\\/2024\\\/10\\\/AdobeStock_194878870-1024x681-2.jpeg\",\"contentUrl\":\"https:\\\/\\\/www.escapadarural.com\\\/blog\\\/wp-content\\\/uploads\\\/2024\\\/10\\\/AdobeStock_194878870-1024x681-2.jpeg\",\"width\":1024,\"height\":681,\"caption\":\"Al atardecer, sobre una colina cubierta de hierba, se alza un castillo medieval de piedra, con una torre redonda y murallas fortificadas. En primer plano, tejados de tejas rojas y un edificio rectangular con ventanas arqueadas.\"},{\"@type\":\"BreadcrumbList\",\"@id\":\"https:\\\/\\\/www.escapadarural.com\\\/blog\\\/el-cid-alcalde-de-berlanga-de-duero\\\/#breadcrumb\",\"itemListElement\":[{\"@type\":\"ListItem\",\"position\":1,\"name\":\"Inicio\",\"item\":\"https:\\\/\\\/www.escapadarural.com\\\/blog\\\/\"},{\"@type\":\"ListItem\",\"position\":2,\"name\":\"Arte y Cultura\",\"item\":\"https:\\\/\\\/www.escapadarural.com\\\/blog\\\/categoria\\\/arte-y-cultura\\\/\"},{\"@type\":\"ListItem\",\"position\":3,\"name\":\"El Cid, alcalde de Berlanga de Duero\"}]},{\"@type\":\"WebSite\",\"@id\":\"https:\\\/\\\/www.escapadarural.com\\\/blog\\\/#website\",\"url\":\"https:\\\/\\\/www.escapadarural.com\\\/blog\\\/\",\"name\":\"Blog de viajes | turismo rural, alojamientos e inspiraci\u00f3n\",\"description\":\"Alojamientos rurales e inspiraci\u00f3n para tus escapadas\",\"publisher\":{\"@id\":\"https:\\\/\\\/www.escapadarural.com\\\/blog\\\/#organization\"},\"alternateName\":\"Magazine de viajes de EscapadaRural\",\"potentialAction\":[{\"@type\":\"SearchAction\",\"target\":{\"@type\":\"EntryPoint\",\"urlTemplate\":\"https:\\\/\\\/www.escapadarural.com\\\/blog\\\/?s={search_term_string}\"},\"query-input\":{\"@type\":\"PropertyValueSpecification\",\"valueRequired\":true,\"valueName\":\"search_term_string\"}}],\"inLanguage\":\"es\"},{\"@type\":\"Organization\",\"@id\":\"https:\\\/\\\/www.escapadarural.com\\\/blog\\\/#organization\",\"name\":\"EscapadaRural\",\"url\":\"https:\\\/\\\/www.escapadarural.com\\\/blog\\\/\",\"logo\":{\"@type\":\"ImageObject\",\"inLanguage\":\"es\",\"@id\":\"https:\\\/\\\/www.escapadarural.com\\\/blog\\\/#\\\/schema\\\/logo\\\/image\\\/\",\"url\":\"https:\\\/\\\/www.escapadarural.com\\\/blog\\\/wp-content\\\/uploads\\\/2024\\\/10\\\/cropped-cropped-escapada-rural-icon-mag-3.png\",\"contentUrl\":\"https:\\\/\\\/www.escapadarural.com\\\/blog\\\/wp-content\\\/uploads\\\/2024\\\/10\\\/cropped-cropped-escapada-rural-icon-mag-3.png\",\"width\":512,\"height\":512,\"caption\":\"EscapadaRural\"},\"image\":{\"@id\":\"https:\\\/\\\/www.escapadarural.com\\\/blog\\\/#\\\/schema\\\/logo\\\/image\\\/\"},\"sameAs\":[\"https:\\\/\\\/www.facebook.com\\\/escapadarural\",\"https:\\\/\\\/www.instagram.com\\\/escapadarural\\\/\",\"https:\\\/\\\/www.youtube.com\\\/@escapadaruralcom\"]},{\"@type\":\"Person\",\"@id\":\"https:\\\/\\\/www.escapadarural.com\\\/blog\\\/#\\\/schema\\\/person\\\/4065dfd21d15120c54fb2ac942df5353\",\"name\":\"Manuel Jes\u00fas Prieto\",\"image\":{\"@type\":\"ImageObject\",\"inLanguage\":\"es\",\"@id\":\"https:\\\/\\\/secure.gravatar.com\\\/avatar\\\/37b0a60089415adf7fccf5a36cbba1736d8f005f236f1e2dde1c27f78214b0f9?s=96&d=mm&r=g\",\"url\":\"https:\\\/\\\/secure.gravatar.com\\\/avatar\\\/37b0a60089415adf7fccf5a36cbba1736d8f005f236f1e2dde1c27f78214b0f9?s=96&d=mm&r=g\",\"contentUrl\":\"https:\\\/\\\/secure.gravatar.com\\\/avatar\\\/37b0a60089415adf7fccf5a36cbba1736d8f005f236f1e2dde1c27f78214b0f9?s=96&d=mm&r=g\",\"caption\":\"Manuel Jes\u00fas Prieto\"},\"url\":\"https:\\\/\\\/www.escapadarural.com\\\/blog\\\/autor\\\/manuel\\\/\"}]}<\/script>\n<!-- \/ Yoast SEO plugin. -->","yoast_head_json":{"title":"El Cid, alcalde de Berlanga de Duero - EscapadaRural","robots":{"index":"index","follow":"follow","max-snippet":"max-snippet:-1","max-image-preview":"max-image-preview:large","max-video-preview":"max-video-preview:-1"},"canonical":"https:\/\/www.escapadarural.com\/blog\/el-cid-alcalde-de-berlanga-de-duero\/","og_locale":"es_ES","og_type":"article","og_title":"El Cid, alcalde de Berlanga de Duero - EscapadaRural","og_description":"Hay un pueblo en Soria que tuvo un alcalde m\u00e1s que ilustre. Se trata de Berlanga de Duero y la personalidad que lo gobern\u00f3 fue Rodrigo D\u00edas de Vivar, el Cid.","og_url":"https:\/\/www.escapadarural.com\/blog\/el-cid-alcalde-de-berlanga-de-duero\/","og_site_name":"Magazine de viajes de EscapadaRural","article_publisher":"https:\/\/www.facebook.com\/escapadarural","article_published_time":"2022-11-12T07:00:00+00:00","article_modified_time":"2025-07-25T14:07:22+00:00","og_image":[{"width":1024,"height":681,"url":"https:\/\/www.escapadarural.com\/blog\/wp-content\/uploads\/2024\/10\/AdobeStock_194878870-1024x681-2.jpeg?v=1753452443","type":"image\/jpeg"}],"author":"Manuel Jes\u00fas Prieto","twitter_card":"summary_large_image","twitter_misc":{"Escrito por":"Manuel Jes\u00fas Prieto","Tiempo de lectura":"6 minutos"},"schema":{"@context":"https:\/\/schema.org","@graph":[{"@type":"Article","@id":"https:\/\/www.escapadarural.com\/blog\/el-cid-alcalde-de-berlanga-de-duero\/#article","isPartOf":{"@id":"https:\/\/www.escapadarural.com\/blog\/el-cid-alcalde-de-berlanga-de-duero\/"},"author":{"name":"Manuel Jes\u00fas Prieto","@id":"https:\/\/www.escapadarural.com\/blog\/#\/schema\/person\/4065dfd21d15120c54fb2ac942df5353"},"headline":"El Cid, alcalde de Berlanga de Duero","datePublished":"2022-11-12T07:00:00+00:00","dateModified":"2025-07-25T14:07:22+00:00","mainEntityOfPage":{"@id":"https:\/\/www.escapadarural.com\/blog\/el-cid-alcalde-de-berlanga-de-duero\/"},"wordCount":1162,"commentCount":0,"publisher":{"@id":"https:\/\/www.escapadarural.com\/blog\/#organization"},"image":{"@id":"https:\/\/www.escapadarural.com\/blog\/el-cid-alcalde-de-berlanga-de-duero\/#primaryimage"},"thumbnailUrl":"https:\/\/www.escapadarural.com\/blog\/wp-content\/uploads\/2024\/10\/AdobeStock_194878870-1024x681-2.jpeg","keywords":["art\u00edculo","Berlanga de Duero","Castilla y Le\u00f3n","Edad Media","El Cid","Historias y Curiosidades","Soria"],"articleSection":["Arte y Cultura"],"inLanguage":"es","potentialAction":[{"@type":"CommentAction","name":"Comment","target":["https:\/\/www.escapadarural.com\/blog\/el-cid-alcalde-de-berlanga-de-duero\/#respond"]}]},{"@type":"WebPage","@id":"https:\/\/www.escapadarural.com\/blog\/el-cid-alcalde-de-berlanga-de-duero\/","url":"https:\/\/www.escapadarural.com\/blog\/el-cid-alcalde-de-berlanga-de-duero\/","name":"El Cid, alcalde de Berlanga de Duero - EscapadaRural","isPartOf":{"@id":"https:\/\/www.escapadarural.com\/blog\/#website"},"primaryImageOfPage":{"@id":"https:\/\/www.escapadarural.com\/blog\/el-cid-alcalde-de-berlanga-de-duero\/#primaryimage"},"image":{"@id":"https:\/\/www.escapadarural.com\/blog\/el-cid-alcalde-de-berlanga-de-duero\/#primaryimage"},"thumbnailUrl":"https:\/\/www.escapadarural.com\/blog\/wp-content\/uploads\/2024\/10\/AdobeStock_194878870-1024x681-2.jpeg","datePublished":"2022-11-12T07:00:00+00:00","dateModified":"2025-07-25T14:07:22+00:00","breadcrumb":{"@id":"https:\/\/www.escapadarural.com\/blog\/el-cid-alcalde-de-berlanga-de-duero\/#breadcrumb"},"inLanguage":"es","potentialAction":[{"@type":"ReadAction","target":["https:\/\/www.escapadarural.com\/blog\/el-cid-alcalde-de-berlanga-de-duero\/"]}]},{"@type":"ImageObject","inLanguage":"es","@id":"https:\/\/www.escapadarural.com\/blog\/el-cid-alcalde-de-berlanga-de-duero\/#primaryimage","url":"https:\/\/www.escapadarural.com\/blog\/wp-content\/uploads\/2024\/10\/AdobeStock_194878870-1024x681-2.jpeg","contentUrl":"https:\/\/www.escapadarural.com\/blog\/wp-content\/uploads\/2024\/10\/AdobeStock_194878870-1024x681-2.jpeg","width":1024,"height":681,"caption":"Al atardecer, sobre una colina cubierta de hierba, se alza un castillo medieval de piedra, con una torre redonda y murallas fortificadas. En primer plano, tejados de tejas rojas y un edificio rectangular con ventanas arqueadas."},{"@type":"BreadcrumbList","@id":"https:\/\/www.escapadarural.com\/blog\/el-cid-alcalde-de-berlanga-de-duero\/#breadcrumb","itemListElement":[{"@type":"ListItem","position":1,"name":"Inicio","item":"https:\/\/www.escapadarural.com\/blog\/"},{"@type":"ListItem","position":2,"name":"Arte y Cultura","item":"https:\/\/www.escapadarural.com\/blog\/categoria\/arte-y-cultura\/"},{"@type":"ListItem","position":3,"name":"El Cid, alcalde de Berlanga de Duero"}]},{"@type":"WebSite","@id":"https:\/\/www.escapadarural.com\/blog\/#website","url":"https:\/\/www.escapadarural.com\/blog\/","name":"Blog de viajes | turismo rural, alojamientos e inspiraci\u00f3n","description":"Alojamientos rurales e inspiraci\u00f3n para tus escapadas","publisher":{"@id":"https:\/\/www.escapadarural.com\/blog\/#organization"},"alternateName":"Magazine de viajes de EscapadaRural","potentialAction":[{"@type":"SearchAction","target":{"@type":"EntryPoint","urlTemplate":"https:\/\/www.escapadarural.com\/blog\/?s={search_term_string}"},"query-input":{"@type":"PropertyValueSpecification","valueRequired":true,"valueName":"search_term_string"}}],"inLanguage":"es"},{"@type":"Organization","@id":"https:\/\/www.escapadarural.com\/blog\/#organization","name":"EscapadaRural","url":"https:\/\/www.escapadarural.com\/blog\/","logo":{"@type":"ImageObject","inLanguage":"es","@id":"https:\/\/www.escapadarural.com\/blog\/#\/schema\/logo\/image\/","url":"https:\/\/www.escapadarural.com\/blog\/wp-content\/uploads\/2024\/10\/cropped-cropped-escapada-rural-icon-mag-3.png","contentUrl":"https:\/\/www.escapadarural.com\/blog\/wp-content\/uploads\/2024\/10\/cropped-cropped-escapada-rural-icon-mag-3.png","width":512,"height":512,"caption":"EscapadaRural"},"image":{"@id":"https:\/\/www.escapadarural.com\/blog\/#\/schema\/logo\/image\/"},"sameAs":["https:\/\/www.facebook.com\/escapadarural","https:\/\/www.instagram.com\/escapadarural\/","https:\/\/www.youtube.com\/@escapadaruralcom"]},{"@type":"Person","@id":"https:\/\/www.escapadarural.com\/blog\/#\/schema\/person\/4065dfd21d15120c54fb2ac942df5353","name":"Manuel Jes\u00fas Prieto","image":{"@type":"ImageObject","inLanguage":"es","@id":"https:\/\/secure.gravatar.com\/avatar\/37b0a60089415adf7fccf5a36cbba1736d8f005f236f1e2dde1c27f78214b0f9?s=96&d=mm&r=g","url":"https:\/\/secure.gravatar.com\/avatar\/37b0a60089415adf7fccf5a36cbba1736d8f005f236f1e2dde1c27f78214b0f9?s=96&d=mm&r=g","contentUrl":"https:\/\/secure.gravatar.com\/avatar\/37b0a60089415adf7fccf5a36cbba1736d8f005f236f1e2dde1c27f78214b0f9?s=96&d=mm&r=g","caption":"Manuel Jes\u00fas Prieto"},"url":"https:\/\/www.escapadarural.com\/blog\/autor\/manuel\/"}]}},"_links":{"self":[{"href":"https:\/\/www.escapadarural.com\/blog\/wp-json\/wp\/v2\/posts\/55385","targetHints":{"allow":["GET"]}}],"collection":[{"href":"https:\/\/www.escapadarural.com\/blog\/wp-json\/wp\/v2\/posts"}],"about":[{"href":"https:\/\/www.escapadarural.com\/blog\/wp-json\/wp\/v2\/types\/post"}],"author":[{"embeddable":true,"href":"https:\/\/www.escapadarural.com\/blog\/wp-json\/wp\/v2\/users\/149"}],"replies":[{"embeddable":true,"href":"https:\/\/www.escapadarural.com\/blog\/wp-json\/wp\/v2\/comments?post=55385"}],"version-history":[{"count":0,"href":"https:\/\/www.escapadarural.com\/blog\/wp-json\/wp\/v2\/posts\/55385\/revisions"}],"wp:featuredmedia":[{"embeddable":true,"href":"https:\/\/www.escapadarural.com\/blog\/wp-json\/wp\/v2\/media\/99114"}],"wp:attachment":[{"href":"https:\/\/www.escapadarural.com\/blog\/wp-json\/wp\/v2\/media?parent=55385"}],"wp:term":[{"taxonomy":"category","embeddable":true,"href":"https:\/\/www.escapadarural.com\/blog\/wp-json\/wp\/v2\/categories?post=55385"},{"taxonomy":"post_tag","embeddable":true,"href":"https:\/\/www.escapadarural.com\/blog\/wp-json\/wp\/v2\/tags?post=55385"}],"curies":[{"name":"wp","href":"https:\/\/api.w.org\/{rel}","templated":true}]}}