{"id":55671,"date":"2022-11-08T10:32:49","date_gmt":"2022-11-08T09:32:49","guid":{"rendered":"https:\/\/www.escapadarural.com\/blog\/?p=55671"},"modified":"2026-02-17T17:52:16","modified_gmt":"2026-02-17T16:52:16","slug":"la-casa-de-los-picapiedra-esta-en-portugal","status":"publish","type":"post","link":"https:\/\/www.escapadarural.com\/blog\/la-casa-de-los-picapiedra-esta-en-portugal\/","title":{"rendered":"La casa de Los Picapiedra est\u00e1 en Portugal"},"content":{"rendered":"\n<p>Subimos la sierra de Fafe en direcci\u00f3n a la Casa do Penedo, a una hora en coche de Oporto. Google Maps nos asegura que estamos cada vez m\u00e1s cerca, pero tenemos dudas de que el GPS se haya equivocado de camino: no vemos ning\u00fan rastro de la famosa casa bautizada como la m\u00e1s extra\u00f1a del mundo. En lo m\u00e1s alto vemos los aerogeneradores y queremos creer que estamos cerca.<\/p>\n\n\n\n<figure class=\"wp-block-image size-full\"><a href=\"https:\/\/www.escapadarural.com\/blog\/wp-content\/uploads\/DSC04650.jpg\"><img decoding=\"async\" src=\"https:\/\/www.escapadarural.com\/blog\/wp-content\/uploads\/DSC04650.jpg\" alt=\"Casa do Penedo\" class=\"wp-image-55672\"\/><\/a><figcaption class=\"wp-element-caption\">Casa do Penedo. Por \u00c2ngela Coelho<\/figcaption><\/figure>\n\n\n\n<p>\u201cGira a la derecha\u201d, nos ordena la voz rob\u00f3tica a la que encargamos la tarea de guiarnos hasta la ubicaci\u00f3n de la <strong><a href=\"https:\/\/www.casadopenedofafe.com\/\" target=\"_blank\" rel=\"noreferrer noopener nofollow\">Casa do Penedo<\/a><\/strong>. El camino ya no est\u00e1 asfaltado y se convierte en una carretera de tierra. M\u00e1s adelante, sabremos que se llama Lameirinha y que por aqu\u00ed pasa el Rally de Portugal. Continuamos sin ver la casa, pero seguimos el camino.<\/p>\n\n\n\n<p>A\u00fan sin ver la Casa do Penedo, la valla, la puerta y el peque\u00f1o puesto con toldo revelan que este es el lugar m\u00e1s buscado de la zona. Para ver realmente la vivienda, tenemos que subir un poco m\u00e1s arriba de la monta\u00f1a, ya dentro de la valla.<\/p>\n\n\n\n<iframe src=\"https:\/\/www.google.com\/maps\/embed?pb=!1m14!1m8!1m3!1d5977.484347793703!2d-8.067815!3d41.488189!3m2!1i1024!2i768!4f13.1!3m3!1m2!1s0x0%3A0x359695f5fcf234d2!2sCasa%20do%20Penedo!5e0!3m2!1spt-PT!2ses!4v1667897340878!5m2!1spt-PT!2ses\" width=\"600\" height=\"450\" style=\"border:0;\" allowfullscreen=\"\" loading=\"lazy\" referrerpolicy=\"no-referrer-when-downgrade\"><\/iframe>\n\n\n\n<p>El objetivo de quien la construy\u00f3 era que la casa fuera discreta e integrada en la naturaleza y, de hecho, solo cuando estamos a unos metros de distancia podemos darnos cuenta de que estamos ante una casa y no ante cuatro rocas en lo alto de una monta\u00f1a.<\/p>\n\n\n\n<p>\u2013 Soy V\u00edtor, vuestro gu\u00eda de hoy, y os voy a hablar de la Casa do Penedo, la casa m\u00e1s extra\u00f1a del mundo. -comienza diciendo-.<\/p>\n\n\n\n<p>V\u00edtor Rodrigues se presenta con la confianza de quien sabe de lo que habla. No es un gu\u00eda cualquiera, es uno de los personajes principales de esta historia que comenz\u00f3 un d\u00eda de primavera de 1973. Ese d\u00eda, Leonel y Mar\u00eda Jos\u00e9 Rodrigues dejaron su tierra natal,<strong> Guimar\u00e3es<\/strong>, justo all\u00ed al lado, y decidieron llevar a sus tres hijos peque\u00f1os a cazar grillos. \u201cYo era uno de esos ni\u00f1os\u201d, dice V\u00edtor, orgulloso de ser parte de una historia que ha recorrido el mundo.<\/p>\n\n\n\n<h2 class=\"wp-block-heading\" id=\"h-la-casa-que-se-hizo-al-reves\">La casa que se hizo al rev\u00e9s<\/h2>\n\n\n\n<figure class=\"wp-block-image size-full\"><a href=\"https:\/\/www.escapadarural.com\/blog\/wp-content\/uploads\/DSC04657.jpg\"><img decoding=\"async\" src=\"https:\/\/www.escapadarural.com\/blog\/wp-content\/uploads\/DSC04657.jpg\" alt=\"Casa do Penedo\" class=\"wp-image-55683\"\/><\/a><figcaption class=\"wp-element-caption\">Fachada principal de la Casa do Penedo. Por \u00c2ngela Coelho<\/figcaption><\/figure>\n\n\n\n<p>A pesar de ser primavera, la familia Rodrigues se encontr\u00f3 con una lluvia torrencial y se vio obligada a pasar mucho tiempo dentro del coche. Cuando por fin sali\u00f3 el sol, al final del d\u00eda, los ni\u00f1os pudieron cazar grillos y Leonel y Mar\u00eda Jos\u00e9 notaron las cuatro rocas en lo alto de la monta\u00f1a.<\/p>\n\n\n\n<p>\u201cDespu\u00e9s de tantas horas dentro del coche con nosotros, pensaron que en medio de estas cuatro piedras ser\u00eda f\u00e1cil construir un refugio de monta\u00f1a, un lugar donde pudi\u00e9ramos merendar o incluso pasar un fin de semana o unas vacaciones\u201d, explica V\u00edtor, con ese tono de voz propio de quien ha contado la misma historia una infinidad de veces.<\/p>\n\n\n\n<p>\u201cMiraron a su alrededor y les gust\u00f3 el paisaje, les gust\u00f3 el lugar, aunque ahora todo est\u00e1 quemado\u201d, enfatiza. De hecho, es imposible no darse cuenta de que la <strong>Casa do Penedo<\/strong> est\u00e1 envuelta en un manto de ceniza. La piscina de fondo color turquesa se destaca en un paisaje pintado de negro. En esos d\u00edas, la piscina sirve m\u00e1s como apoyo para combatir incendios, donde los bomberos van a buscar agua, si la necesitan, que como espacio de ocio para la familia Rodrigues.<\/p>\n\n\n\n<figure class=\"wp-block-image size-full\"><a href=\"https:\/\/www.escapadarural.com\/blog\/wp-content\/uploads\/DSC04659.jpg\"><img decoding=\"async\" src=\"https:\/\/www.escapadarural.com\/blog\/wp-content\/uploads\/DSC04659.jpg\" alt=\"Casa do Penedo\" class=\"wp-image-55684\"\/><\/a><figcaption class=\"wp-element-caption\">Casa do Penedo. Por \u00c2ngela Coelho<\/figcaption><\/figure>\n\n\n\n<p>A Leonel y Mar\u00eda Jos\u00e9 les gust\u00f3 tanto el sitio que en 1973 intentaron averiguar qui\u00e9n era el due\u00f1o del terreno. Para sorpresa de la familia, las cuatro rocas ten\u00edan tres due\u00f1os diferentes. No fue una tarea f\u00e1cil, pero lograron comprar el terreno y, en el mismo a\u00f1o, comenzaron a construir la casa.<\/p>\n\n\n\n<p>Sin un proyecto firmado por un arquitecto o licencia, la casa se hizo desafiando todas las reglas arquitect\u00f3nicas y de ingenier\u00eda relacionadas con la construcci\u00f3n de un edificio. Leonel Rodrigues era ingeniero de profesi\u00f3n, pero textil, no civil. En lugar de comenzar con los cimientos, comenzaron con el techo. \u201cLa casa se hizo al rev\u00e9s, porque aqu\u00ed ya ten\u00edan las cuatro piedras\u201d, justifica V\u00edtor.<\/p>\n\n\n\n<h2 class=\"wp-block-heading\" id=\"h-de-fafe-hasta-tokio\">De Fafe hasta Tokio<\/h2>\n\n\n\n<figure class=\"wp-block-image size-full\"><a href=\"https:\/\/www.escapadarural.com\/blog\/wp-content\/uploads\/DSC04654.jpg\"><img decoding=\"async\" src=\"https:\/\/www.escapadarural.com\/blog\/wp-content\/uploads\/DSC04654.jpg\" alt=\"Casa do Penedo\" class=\"wp-image-55685\"\/><\/a><figcaption class=\"wp-element-caption\">Casa do Penedo. Por \u00c2ngela Coelho<\/figcaption><\/figure>\n\n\n\n<p>Como ya dijimos antes, los padres de V\u00edtor Rodrigues quer\u00edan que la casa fuera discreta e integrada en la naturaleza. Aunque no pod\u00edamos ver la casa desde la carretera, eso nunca impidi\u00f3 que los habitantes de Fafe y alrededores se saltasen la valla para poder inspeccionar de cerca la Casa do Penedo. <strong>\u201cLa casa siempre ha sido muy popular\u201d<\/strong>, explica V\u00edtor. Y fue tan popular que incluso lleg\u00f3 a Jap\u00f3n.<\/p>\n\n\n\n<p>Hace unos nueve a\u00f1os, V\u00edtor fue contactado por TokyoTV para grabar <strong>un programa de arquitectura sobre la Casa do Penedo<\/strong>. El equipo, que inclu\u00eda a un arquitecto japon\u00e9s, estuvo en Portugal filmando durante una semana y el resultado final fue un programa de una hora. A partir de entonces, muchos japoneses lo vieron y buscaron m\u00e1s informaci\u00f3n sobre la casa en la vasta Internet.<\/p>\n\n\n\n<p>La Casa do Penedo ya estaba en varios sitios web de cosas extra\u00f1as y curiosas e incluso de arquitectura, como uno llamado <a href=\"https:\/\/strangebuildings.com\/stone-house-guimaraes-portugal\/\" target=\"_blank\" rel=\"noreferrer noopener nofollow\">Strange Buildings<\/a>, una p\u00e1gina web interactiva donde se puede votar y donde la casa ya estaba en el octavo lugar, en 2014. La semana despu\u00e9s de la emisi\u00f3n del programa en TokyoTV, la Casa do Penedo pas\u00f3 al primer puesto de la lista, superando a edificios \u200b\u200bcomo la Casa da M\u00fasica, en Oporto, o la Sagrada Familia, en Barcelona.<\/p>\n\n\n\n<p>La \u00fanica justificaci\u00f3n que V\u00edtor Rodrigues encuentra para explicar este fen\u00f3meno fue que los japoneses votaron masivamente por la Casa do Penedo. \u201cEs el \u00fanico edificio de los 30 edificios m\u00e1s extra\u00f1os del mundo que se hizo para no ser visto. Fue hecho para ser discreto e integrado en la naturaleza. Cualquiera que pase por la calle ni siquiera deber\u00eda notar que aqu\u00ed hay una casa. Y al final, all\u00ed, a hacerse notar en primer lugar\u201d, ironiza.<\/p>\n\n\n\n<figure class=\"wp-block-image size-full\"><a href=\"https:\/\/www.escapadarural.com\/blog\/wp-content\/uploads\/DSC04686.jpg\"><img decoding=\"async\" src=\"https:\/\/www.escapadarural.com\/blog\/wp-content\/uploads\/DSC04686.jpg\" alt=\"Casa do Penedo\" class=\"wp-image-55686\"\/><\/a><figcaption class=\"wp-element-caption\">Casa do Penedo. Por \u00c2ngela Coelho<\/figcaption><\/figure>\n\n\n\n<p>\u2013 \u00bfC\u00f3mo es posible que un proyecto tan peque\u00f1o y sencillo llegue a todo el mundo, en este caso como el edificio m\u00e1s extra\u00f1o del mundo? \u2013pregunta V\u00edctor-. Para \u00e9l, la casa no tiene nada de extra\u00f1o. Es diferente, al menos.<\/p>\n\n\n\n<p>V\u00edtor aprendi\u00f3 -quiz\u00e1s sea un talento natural- a contar la historia de la casa que se mezcla con la historia de su propia vida, a\u00f1adiendo aqu\u00ed y all\u00e1 peque\u00f1os detalles que despiertan nuestra curiosidad.<\/p>\n\n\n\n<p>Extra\u00f1a, diferente, inusual, fuera de lo com\u00fan podr\u00edan ser adjetivos que usar\u00edamos para describir la Casa do Penedo. Pero, para V\u00edtor, lo m\u00e1s importante de la casa es que la construyeron sus padres y era el lugar donde m\u00e1s les gustaba estar.<\/p>\n\n\n\n<h2 class=\"wp-block-heading\" id=\"h-una-casa-con-estilo-propio\">Una casa con estilo propio<\/h2>\n\n\n\n<figure class=\"wp-block-image size-full\"><a href=\"https:\/\/www.escapadarural.com\/blog\/wp-content\/uploads\/DSC04694.jpg\"><img decoding=\"async\" src=\"https:\/\/www.escapadarural.com\/blog\/wp-content\/uploads\/DSC04694.jpg\" alt=\"Casa do Penedo\" class=\"wp-image-55687\"\/><\/a><figcaption class=\"wp-element-caption\">Fachada Este de la Casa do Penedo. Por \u00c2ngela Coelho<\/figcaption><\/figure>\n\n\n\n<p>La Casa do Penedo fue terminada en octubre de 1974 y no ha cambiado desde esa fecha, a excepci\u00f3n de las ventanas, que fueron sustituidas por cristales antibalas, porque, seg\u00fan V\u00edtor, \u201cel deporte ol\u00edmpico en Fafe era venir a romper las ventanas de la Casa do Penedo\u201d.<\/p>\n\n\n\n<p>El sof\u00e1 original fue destrozado en uno de los muchos robos en la casa hace unos a\u00f1os y por lo tanto tambi\u00e9n tuvo que ser reemplazado, pero no es de hormig\u00f3n ni pesa 350 kilos, como muchos han escrito. Todo lo dem\u00e1s en la casa permanece tal como lo idealizaron Leonel y Mar\u00eda Jos\u00e9 en 1973.<\/p>\n\n\n\n<p>Aunque la pareja de Guimar\u00e3es ya no asisti\u00f3 a la locura mundial con su querida casa de vacaciones, V\u00edtor Rodrigues se asume como el guardi\u00e1n de la Casa do Penedo y asegura que su trabajo es mantener todo como estaba, incluido el hecho de que la casa no tenga electricidad. Leonel y Mar\u00eda Jos\u00e9 no quer\u00edan que la casa tuviera ning\u00fan tipo de tecnolog\u00eda.<\/p>\n\n\n\n<p>\u201cLa casa no tiene luz, ni televisi\u00f3n, ni tel\u00e9fono, pero tiene agua, luz y gas. La luz es de velas, hay velas por toda la casa. Hay agua en la cocina y en el ba\u00f1o\u201d, explica V\u00edtor.<\/p>\n\n\n\n<figure class=\"wp-block-image size-full\"><a href=\"https:\/\/www.escapadarural.com\/blog\/wp-content\/uploads\/DSC04663.jpg\"><img decoding=\"async\" src=\"https:\/\/www.escapadarural.com\/blog\/wp-content\/uploads\/DSC04663.jpg\" alt=\"Casa do Penedo\" class=\"wp-image-55688\"\/><\/a><figcaption class=\"wp-element-caption\">La fachada m\u00e1s rom\u00e1ntica de la Casa do Penedo, seg\u00fan V\u00edtor Rodrigues. Por \u00c2ngela Coelho<\/figcaption><\/figure>\n\n\n\n<p>La obsesi\u00f3n de la familia Rodrigues por la integraci\u00f3n de la casa con la naturaleza que la rodea dio lugar a un edificio cuya arquitectura no tiene \u00e1ngulos rectos, tri\u00e1ngulos ni c\u00edrculos. \u201cSi la casa quisiera ser como la naturaleza, deber\u00eda tener formas irregulares, como la naturaleza\u201d, explica.<\/p>\n\n\n\n<p>Quiz\u00e1s por eso la Casa do Penedo es uno de los 19 edificios europeos que tienen un estilo propio. En otras palabras, <strong>\u201cla Casa do Penedo tiene el estilo Casa do Penedo. No hay otra igual\u201d.<\/strong> Pero V\u00edtor admite la inspiraci\u00f3n en el pueblo portugu\u00e9s de <strong>Monsanto<\/strong> e incluso en la serie de dibujos animados americana de los a\u00f1os 60: <em><strong>Los Picapiedra<\/strong><\/em>.<\/p>\n\n\n\n<h2 class=\"wp-block-heading\" id=\"h-dentro-de-la-casa-do-penedo\">Dentro de la Casa do Penedo<\/h2>\n\n\n\n<figure class=\"wp-block-image size-full\"><a href=\"https:\/\/www.escapadarural.com\/blog\/wp-content\/uploads\/DSC04726.jpg\"><img decoding=\"async\" src=\"https:\/\/www.escapadarural.com\/blog\/wp-content\/uploads\/DSC04726.jpg\" alt=\"Casa do Penedo\" class=\"wp-image-55690\"\/><\/a><figcaption class=\"wp-element-caption\">Casa do Penedo. Por \u00c2ngela Coelho<\/figcaption><\/figure>\n\n\n\n<p>Antes de entrar finalmente en la Casa do Penedo, V\u00edtor nos advierte que no fotografiemos ni grabemos el interior. Al final, esta sigue siendo la casa de vacaciones de la familia Rodrigues y, aunque ahora realizan visitas guiadas, quieren mantener su privacidad.<\/p>\n\n\n\n<p>La primera impresi\u00f3n que tenemos es que la casa parece mucho m\u00e1s grande por dentro. Se ha aprovechado al m\u00e1ximo el espacio y se trata de una casa perfectamente funcional. Nada m\u00e1s entrar vemos en la planta baja un solo espacio abierto con comedor para ocho personas, sal\u00f3n con chimenea y cocina con fog\u00f3n de gas. Junto a la puerta de entrada, las escaleras inclinadas de madera nos llevan a la planta superior, donde encontramos tres dormitorios y un ba\u00f1o.<\/p>\n\n\n\n<p>La casa tiene muchos detalles especiales que la hacen \u00fanica, no solo por fuera, sino tambi\u00e9n por dentro. Por ejemplo, toda la madera de la casa es mucho m\u00e1s antigua que la propia casa. \u201cTodas las vigas de la casa fueron tra\u00eddas de otras casas que la familia a\u00fan posee en Guimar\u00e3es\u201d, a\u00f1ade V\u00edtor.<\/p>\n\n\n\n<figure class=\"wp-block-image size-full\"><a href=\"https:\/\/www.escapadarural.com\/blog\/wp-content\/uploads\/DSC04717.jpg\"><img decoding=\"async\" src=\"https:\/\/www.escapadarural.com\/blog\/wp-content\/uploads\/DSC04717.jpg\" alt=\"Casa do Penedo\" class=\"wp-image-55691\"\/><\/a><figcaption class=\"wp-element-caption\">Casa do Penedo. Por \u00c2ngela Coelho<\/figcaption><\/figure>\n\n\n\n<p>La casa est\u00e1 llena de piezas antiguas que sirven de decoraci\u00f3n: hay un gallo de Barcelos roto y remendado, l\u00e1mparas oxidadas, ollas viejas. A los padres de V\u00edtor les gustaban mucho las cosas viejas y antiguas, pero en el fondo les gustaban las cosas con historia. \u201cCualquier pieza antigua, incluso una pieza rota, si ten\u00eda una historia, era una pieza interesante para la casa\u201d, dice.<\/p>\n\n\n\n<p>El objeto que m\u00e1s les gustaba a Leonel y Maria Jos\u00e9 era la famosa pieza <strong><a href=\"https:\/\/es.wikipedia.org\/wiki\/Z%C3%A9_Povinho\" target=\"_blank\" rel=\"noreferrer noopener nofollow\">Z\u00e9 Povinho<\/a><\/strong>, de Bordallo Pinheiro. Se lo dio la due\u00f1a de una peque\u00f1a tienda en el pueblo porque ya ten\u00eda la cabeza rota. En un per\u00edodo posterior a la Revoluci\u00f3n de los Claveles, \u201cpensaron que representaba el momento en el que se encontraba Portugal. Los portugueses estaban todos con la cabeza rota, haciendo gestos feos, pero muy contentos\u201d, bromea V\u00edtor.<\/p>\n\n\n\n<h2 class=\"wp-block-heading\" id=\"h-al-final-habia-otra-casa\">Al final, hab\u00eda otra casa<\/h2>\n\n\n\n<figure class=\"wp-block-image size-full\"><a href=\"https:\/\/www.escapadarural.com\/blog\/wp-content\/uploads\/DSC04668.jpg\"><img decoding=\"async\" src=\"https:\/\/www.escapadarural.com\/blog\/wp-content\/uploads\/DSC04668.jpg\" alt=\"Casa do Penedo\" class=\"wp-image-55693\"\/><\/a><figcaption class=\"wp-element-caption\">Casa do Penedo. Por \u00c2ngela Coelho<\/figcaption><\/figure>\n\n\n\n<p>La casa tiene un horno justo en la entrada, del lado derecho, que solo se us\u00f3 una vez, en el Domingo de Pascua de 1975. La idea era que el humo saliera por la puerta, pero la realidad es que el humo cubri\u00f3 todo el interior de la casa y, por lo tanto, el horno nunca m\u00e1s volvi\u00f3 a funcionar.<\/p>\n\n\n\n<p>Como alternativa, se construy\u00f3 una segunda casa a la que llamaron <strong>Casa do Forno<\/strong> (Casa del Horno). Fue construida en 1975 como apoyo de la casa principal y est\u00e1 justo al lado de la piscina.<\/p>\n\n\n\n<p>La piscina pintada de azul turquesa no armoniza con el paisaje y parece no formar parte de la casa y de esta historia. Pero lo hace. Fue la forma que encontraron Leonel y Mar\u00eda Jos\u00e9 para atraer a sus hijos a una casa sin luz ni tecnolog\u00eda, en medio de la monta\u00f1a. \u201cPensaban que \u00edbamos a crecer y que no querr\u00edamos venir con nuestros padres a un lugar donde no hab\u00eda nada que nos interesara\u201d, dice V\u00edtor.<\/p>\n\n\n\n<figure class=\"wp-block-image size-full\"><a href=\"https:\/\/www.escapadarural.com\/blog\/wp-content\/uploads\/DSC04710.jpg\"><img decoding=\"async\" src=\"https:\/\/www.escapadarural.com\/blog\/wp-content\/uploads\/DSC04710.jpg\" alt=\"Casa do Penedo\" class=\"wp-image-55694\"\/><\/a><figcaption class=\"wp-element-caption\">Casa do Penedo. Por \u00c2ngela Coelho<\/figcaption><\/figure>\n\n\n\n<p>Ahora, la<strong> Casa do Forno<\/strong> est\u00e1 siendo remodelada por dentro para la tercera generaci\u00f3n, es decir, para los hijos de V\u00edtor. Si una piscina fue suficiente para que la segunda generaci\u00f3n quisiera irse de vacaciones a la Casa do Penedo, la tercera necesita routers, cargadores de tel\u00e9fonos m\u00f3viles y otro tipo de tecnolog\u00edas.<\/p>\n\n\n\n<p>Sin embargo, hace unos cuatro a\u00f1os, V\u00edtor y su familia dejaron de pasar sus vacaciones de agosto en la Casa do Penedo, porque \u201caun con la propiedad vallada, la gente saltaba las vallas\u201d. Tambi\u00e9n fue por eso que decidieron iniciar su proyecto tur\u00edstico, en enero de 2020, y abrir la casa para visitas guiadas. De esta forma, pueden controlar el flujo de quienes ingresan a la propiedad y cuentan a su manera la historia de la casa. Porque, al fin y al cabo, aunque la Casa do Penedo sea considerada la casa m\u00e1s extra\u00f1a del mundo, es y ser\u00e1 siempre la casa de vacaciones de la familia Rodrigues.<\/p>\n\n\n<div style=\"background-color: #d9edf7; color: #31708f; border-left-color: #31708f; \" class=\"ub-styled-box ub-notification-box wp-block-ub-styled-box\" id=\"ub-styled-box-626d7b7e-890c-4ff5-80e5-96eec76aa095\">\n<p id=\"ub-styled-box-notification-content-\">Visitas guiadas<\/p>\n\n\n\n<p>Todos los d\u00edas entre las 10h y las 17h<br>Precio: 5 euros<\/p>\n\n\n<\/div>","protected":false},"excerpt":{"rendered":"<p>Subimos la sierra de Fafe en direcci\u00f3n a la Casa do Penedo, a una hora en coche de Oporto. Google Maps nos asegura que estamos cada vez m\u00e1s cerca, pero tenemos dudas de que el GPS se haya equivocado de camino: no vemos ning\u00fan rastro de la famosa casa bautizada como la m\u00e1s extra\u00f1a del mundo. En lo m\u00e1s alto vemos los aerogeneradores y queremos creer que estamos cerca.<\/p>\n","protected":false},"author":135,"featured_media":99134,"comment_status":"open","ping_status":"open","sticky":false,"template":"","format":"standard","meta":{"_acf_changed":false,"om_disable_all_campaigns":false,"footnotes":""},"categories":[231],"tags":[4718,4719,3241,440,4720,2130,2237,1382,538],"class_list":["post-55671","post","type-post","status-publish","format-standard","has-post-thumbnail","hentry","category-arte-y-cultura","tag-casa-do-penedo","tag-fafe","tag-guimaraes","tag-historias-y-curiosidades","tag-los-picapiedra","tag-monsanto","tag-museos","tag-oporto","tag-portugal"],"acf":[],"featured_image_src":"https:\/\/www.escapadarural.com\/blog\/wp-content\/uploads\/2024\/10\/DSC04650-1.jpg","author_info":{"display_name":"\u00c2ngela Coelho","author_link":"https:\/\/www.escapadarural.com\/blog\/autor\/angela\/"},"yoast_head":"<!-- This site is optimized with the Yoast SEO plugin v27.5 - https:\/\/yoast.com\/product\/yoast-seo-wordpress\/ -->\n<title>La casa de Los Picapiedra est\u00e1 en Portugal - EscapadaRural<\/title>\n<meta name=\"robots\" content=\"index, follow, max-snippet:-1, max-image-preview:large, max-video-preview:-1\" \/>\n<link rel=\"canonical\" href=\"https:\/\/www.escapadarural.com\/blog\/la-casa-de-los-picapiedra-esta-en-portugal\/\" \/>\n<meta property=\"og:locale\" content=\"es_ES\" \/>\n<meta property=\"og:type\" content=\"article\" \/>\n<meta property=\"og:title\" content=\"La casa de Los Picapiedra est\u00e1 en Portugal - EscapadaRural\" \/>\n<meta property=\"og:description\" content=\"Subimos la sierra de Fafe en direcci\u00f3n a la Casa do Penedo, a una hora en coche de Oporto. Google Maps nos asegura que estamos cada vez m\u00e1s cerca, pero tenemos dudas de que el GPS se haya equivocado de camino: no vemos ning\u00fan rastro de la famosa casa bautizada como la m\u00e1s extra\u00f1a del mundo. En lo m\u00e1s alto vemos los aerogeneradores y queremos creer que estamos cerca.\" \/>\n<meta property=\"og:url\" content=\"https:\/\/www.escapadarural.com\/blog\/la-casa-de-los-picapiedra-esta-en-portugal\/\" \/>\n<meta property=\"og:site_name\" content=\"Magazine de viajes de EscapadaRural\" \/>\n<meta property=\"article:publisher\" content=\"https:\/\/www.facebook.com\/escapadarural\" \/>\n<meta property=\"article:published_time\" content=\"2022-11-08T09:32:49+00:00\" \/>\n<meta property=\"article:modified_time\" content=\"2026-02-17T16:52:16+00:00\" \/>\n<meta property=\"og:image\" content=\"https:\/\/www.escapadarural.com\/blog\/wp-content\/uploads\/2024\/10\/DSC04650-1.jpg?v=1771347137\" \/>\n\t<meta property=\"og:image:width\" content=\"1024\" \/>\n\t<meta property=\"og:image:height\" content=\"683\" \/>\n\t<meta property=\"og:image:type\" content=\"image\/jpeg\" \/>\n<meta name=\"author\" content=\"\u00c2ngela Coelho\" \/>\n<meta name=\"twitter:card\" content=\"summary_large_image\" \/>\n<meta name=\"twitter:label1\" content=\"Escrito por\" \/>\n\t<meta name=\"twitter:data1\" content=\"\u00c2ngela Coelho\" \/>\n\t<meta name=\"twitter:label2\" content=\"Tiempo de lectura\" \/>\n\t<meta name=\"twitter:data2\" content=\"13 minutos\" \/>\n<script type=\"application\/ld+json\" class=\"yoast-schema-graph\">{\"@context\":\"https:\\\/\\\/schema.org\",\"@graph\":[{\"@type\":\"Article\",\"@id\":\"https:\\\/\\\/www.escapadarural.com\\\/blog\\\/la-casa-de-los-picapiedra-esta-en-portugal\\\/#article\",\"isPartOf\":{\"@id\":\"https:\\\/\\\/www.escapadarural.com\\\/blog\\\/la-casa-de-los-picapiedra-esta-en-portugal\\\/\"},\"author\":{\"name\":\"\u00c2ngela Coelho\",\"@id\":\"https:\\\/\\\/www.escapadarural.com\\\/blog\\\/#\\\/schema\\\/person\\\/27db72653db008ab82e5d7fe93d09972\"},\"headline\":\"La casa de Los Picapiedra est\u00e1 en Portugal\",\"datePublished\":\"2022-11-08T09:32:49+00:00\",\"dateModified\":\"2026-02-17T16:52:16+00:00\",\"mainEntityOfPage\":{\"@id\":\"https:\\\/\\\/www.escapadarural.com\\\/blog\\\/la-casa-de-los-picapiedra-esta-en-portugal\\\/\"},\"wordCount\":2314,\"commentCount\":0,\"publisher\":{\"@id\":\"https:\\\/\\\/www.escapadarural.com\\\/blog\\\/#organization\"},\"image\":{\"@id\":\"https:\\\/\\\/www.escapadarural.com\\\/blog\\\/la-casa-de-los-picapiedra-esta-en-portugal\\\/#primaryimage\"},\"thumbnailUrl\":\"https:\\\/\\\/www.escapadarural.com\\\/blog\\\/wp-content\\\/uploads\\\/2024\\\/10\\\/DSC04650-1.jpg\",\"keywords\":[\"casa do penedo\",\"fafe\",\"Guimar\u00e3es\",\"Historias y Curiosidades\",\"los picapiedra\",\"Monsanto\",\"museos\",\"Oporto\",\"portugal\"],\"articleSection\":[\"Arte y Cultura\"],\"inLanguage\":\"es\",\"potentialAction\":[{\"@type\":\"CommentAction\",\"name\":\"Comment\",\"target\":[\"https:\\\/\\\/www.escapadarural.com\\\/blog\\\/la-casa-de-los-picapiedra-esta-en-portugal\\\/#respond\"]}]},{\"@type\":\"WebPage\",\"@id\":\"https:\\\/\\\/www.escapadarural.com\\\/blog\\\/la-casa-de-los-picapiedra-esta-en-portugal\\\/\",\"url\":\"https:\\\/\\\/www.escapadarural.com\\\/blog\\\/la-casa-de-los-picapiedra-esta-en-portugal\\\/\",\"name\":\"La casa de Los Picapiedra est\u00e1 en Portugal - EscapadaRural\",\"isPartOf\":{\"@id\":\"https:\\\/\\\/www.escapadarural.com\\\/blog\\\/#website\"},\"primaryImageOfPage\":{\"@id\":\"https:\\\/\\\/www.escapadarural.com\\\/blog\\\/la-casa-de-los-picapiedra-esta-en-portugal\\\/#primaryimage\"},\"image\":{\"@id\":\"https:\\\/\\\/www.escapadarural.com\\\/blog\\\/la-casa-de-los-picapiedra-esta-en-portugal\\\/#primaryimage\"},\"thumbnailUrl\":\"https:\\\/\\\/www.escapadarural.com\\\/blog\\\/wp-content\\\/uploads\\\/2024\\\/10\\\/DSC04650-1.jpg\",\"datePublished\":\"2022-11-08T09:32:49+00:00\",\"dateModified\":\"2026-02-17T16:52:16+00:00\",\"breadcrumb\":{\"@id\":\"https:\\\/\\\/www.escapadarural.com\\\/blog\\\/la-casa-de-los-picapiedra-esta-en-portugal\\\/#breadcrumb\"},\"inLanguage\":\"es\",\"potentialAction\":[{\"@type\":\"ReadAction\",\"target\":[\"https:\\\/\\\/www.escapadarural.com\\\/blog\\\/la-casa-de-los-picapiedra-esta-en-portugal\\\/\"]}]},{\"@type\":\"ImageObject\",\"inLanguage\":\"es\",\"@id\":\"https:\\\/\\\/www.escapadarural.com\\\/blog\\\/la-casa-de-los-picapiedra-esta-en-portugal\\\/#primaryimage\",\"url\":\"https:\\\/\\\/www.escapadarural.com\\\/blog\\\/wp-content\\\/uploads\\\/2024\\\/10\\\/DSC04650-1.jpg\",\"contentUrl\":\"https:\\\/\\\/www.escapadarural.com\\\/blog\\\/wp-content\\\/uploads\\\/2024\\\/10\\\/DSC04650-1.jpg\",\"width\":1024,\"height\":683,\"caption\":\"Un camino de tierra serpentea cuesta arriba entre laderas cubiertas de hierba y helechos bajo un cielo azul despejado, con una gran roca apoyada a la derecha del sendero.\"},{\"@type\":\"BreadcrumbList\",\"@id\":\"https:\\\/\\\/www.escapadarural.com\\\/blog\\\/la-casa-de-los-picapiedra-esta-en-portugal\\\/#breadcrumb\",\"itemListElement\":[{\"@type\":\"ListItem\",\"position\":1,\"name\":\"Inicio\",\"item\":\"https:\\\/\\\/www.escapadarural.com\\\/blog\\\/\"},{\"@type\":\"ListItem\",\"position\":2,\"name\":\"Arte y Cultura\",\"item\":\"https:\\\/\\\/www.escapadarural.com\\\/blog\\\/categoria\\\/arte-y-cultura\\\/\"},{\"@type\":\"ListItem\",\"position\":3,\"name\":\"La casa de Los Picapiedra est\u00e1 en Portugal\"}]},{\"@type\":\"WebSite\",\"@id\":\"https:\\\/\\\/www.escapadarural.com\\\/blog\\\/#website\",\"url\":\"https:\\\/\\\/www.escapadarural.com\\\/blog\\\/\",\"name\":\"Blog de viajes | turismo rural, alojamientos e inspiraci\u00f3n\",\"description\":\"Alojamientos rurales e inspiraci\u00f3n para tus escapadas\",\"publisher\":{\"@id\":\"https:\\\/\\\/www.escapadarural.com\\\/blog\\\/#organization\"},\"alternateName\":\"Magazine de viajes de EscapadaRural\",\"potentialAction\":[{\"@type\":\"SearchAction\",\"target\":{\"@type\":\"EntryPoint\",\"urlTemplate\":\"https:\\\/\\\/www.escapadarural.com\\\/blog\\\/?s={search_term_string}\"},\"query-input\":{\"@type\":\"PropertyValueSpecification\",\"valueRequired\":true,\"valueName\":\"search_term_string\"}}],\"inLanguage\":\"es\"},{\"@type\":\"Organization\",\"@id\":\"https:\\\/\\\/www.escapadarural.com\\\/blog\\\/#organization\",\"name\":\"EscapadaRural\",\"url\":\"https:\\\/\\\/www.escapadarural.com\\\/blog\\\/\",\"logo\":{\"@type\":\"ImageObject\",\"inLanguage\":\"es\",\"@id\":\"https:\\\/\\\/www.escapadarural.com\\\/blog\\\/#\\\/schema\\\/logo\\\/image\\\/\",\"url\":\"https:\\\/\\\/www.escapadarural.com\\\/blog\\\/wp-content\\\/uploads\\\/2024\\\/10\\\/cropped-cropped-escapada-rural-icon-mag-3.png\",\"contentUrl\":\"https:\\\/\\\/www.escapadarural.com\\\/blog\\\/wp-content\\\/uploads\\\/2024\\\/10\\\/cropped-cropped-escapada-rural-icon-mag-3.png\",\"width\":512,\"height\":512,\"caption\":\"EscapadaRural\"},\"image\":{\"@id\":\"https:\\\/\\\/www.escapadarural.com\\\/blog\\\/#\\\/schema\\\/logo\\\/image\\\/\"},\"sameAs\":[\"https:\\\/\\\/www.facebook.com\\\/escapadarural\",\"https:\\\/\\\/www.instagram.com\\\/escapadarural\\\/\",\"https:\\\/\\\/www.youtube.com\\\/@escapadaruralcom\"]},{\"@type\":\"Person\",\"@id\":\"https:\\\/\\\/www.escapadarural.com\\\/blog\\\/#\\\/schema\\\/person\\\/27db72653db008ab82e5d7fe93d09972\",\"name\":\"\u00c2ngela Coelho\",\"image\":{\"@type\":\"ImageObject\",\"inLanguage\":\"es\",\"@id\":\"https:\\\/\\\/secure.gravatar.com\\\/avatar\\\/266007c4d733a1352809d25c72c8c5b058255e48028e729b91b5970cdc3b19ab?s=96&d=mm&r=g\",\"url\":\"https:\\\/\\\/secure.gravatar.com\\\/avatar\\\/266007c4d733a1352809d25c72c8c5b058255e48028e729b91b5970cdc3b19ab?s=96&d=mm&r=g\",\"contentUrl\":\"https:\\\/\\\/secure.gravatar.com\\\/avatar\\\/266007c4d733a1352809d25c72c8c5b058255e48028e729b91b5970cdc3b19ab?s=96&d=mm&r=g\",\"caption\":\"\u00c2ngela Coelho\"},\"url\":\"https:\\\/\\\/www.escapadarural.com\\\/blog\\\/autor\\\/angela\\\/\"}]}<\/script>\n<!-- \/ Yoast SEO plugin. -->","yoast_head_json":{"title":"La casa de Los Picapiedra est\u00e1 en Portugal - EscapadaRural","robots":{"index":"index","follow":"follow","max-snippet":"max-snippet:-1","max-image-preview":"max-image-preview:large","max-video-preview":"max-video-preview:-1"},"canonical":"https:\/\/www.escapadarural.com\/blog\/la-casa-de-los-picapiedra-esta-en-portugal\/","og_locale":"es_ES","og_type":"article","og_title":"La casa de Los Picapiedra est\u00e1 en Portugal - EscapadaRural","og_description":"Subimos la sierra de Fafe en direcci\u00f3n a la Casa do Penedo, a una hora en coche de Oporto. Google Maps nos asegura que estamos cada vez m\u00e1s cerca, pero tenemos dudas de que el GPS se haya equivocado de camino: no vemos ning\u00fan rastro de la famosa casa bautizada como la m\u00e1s extra\u00f1a del mundo. En lo m\u00e1s alto vemos los aerogeneradores y queremos creer que estamos cerca.","og_url":"https:\/\/www.escapadarural.com\/blog\/la-casa-de-los-picapiedra-esta-en-portugal\/","og_site_name":"Magazine de viajes de EscapadaRural","article_publisher":"https:\/\/www.facebook.com\/escapadarural","article_published_time":"2022-11-08T09:32:49+00:00","article_modified_time":"2026-02-17T16:52:16+00:00","og_image":[{"width":1024,"height":683,"url":"https:\/\/www.escapadarural.com\/blog\/wp-content\/uploads\/2024\/10\/DSC04650-1.jpg?v=1771347137","type":"image\/jpeg"}],"author":"\u00c2ngela Coelho","twitter_card":"summary_large_image","twitter_misc":{"Escrito por":"\u00c2ngela Coelho","Tiempo de lectura":"13 minutos"},"schema":{"@context":"https:\/\/schema.org","@graph":[{"@type":"Article","@id":"https:\/\/www.escapadarural.com\/blog\/la-casa-de-los-picapiedra-esta-en-portugal\/#article","isPartOf":{"@id":"https:\/\/www.escapadarural.com\/blog\/la-casa-de-los-picapiedra-esta-en-portugal\/"},"author":{"name":"\u00c2ngela Coelho","@id":"https:\/\/www.escapadarural.com\/blog\/#\/schema\/person\/27db72653db008ab82e5d7fe93d09972"},"headline":"La casa de Los Picapiedra est\u00e1 en Portugal","datePublished":"2022-11-08T09:32:49+00:00","dateModified":"2026-02-17T16:52:16+00:00","mainEntityOfPage":{"@id":"https:\/\/www.escapadarural.com\/blog\/la-casa-de-los-picapiedra-esta-en-portugal\/"},"wordCount":2314,"commentCount":0,"publisher":{"@id":"https:\/\/www.escapadarural.com\/blog\/#organization"},"image":{"@id":"https:\/\/www.escapadarural.com\/blog\/la-casa-de-los-picapiedra-esta-en-portugal\/#primaryimage"},"thumbnailUrl":"https:\/\/www.escapadarural.com\/blog\/wp-content\/uploads\/2024\/10\/DSC04650-1.jpg","keywords":["casa do penedo","fafe","Guimar\u00e3es","Historias y Curiosidades","los picapiedra","Monsanto","museos","Oporto","portugal"],"articleSection":["Arte y Cultura"],"inLanguage":"es","potentialAction":[{"@type":"CommentAction","name":"Comment","target":["https:\/\/www.escapadarural.com\/blog\/la-casa-de-los-picapiedra-esta-en-portugal\/#respond"]}]},{"@type":"WebPage","@id":"https:\/\/www.escapadarural.com\/blog\/la-casa-de-los-picapiedra-esta-en-portugal\/","url":"https:\/\/www.escapadarural.com\/blog\/la-casa-de-los-picapiedra-esta-en-portugal\/","name":"La casa de Los Picapiedra est\u00e1 en Portugal - EscapadaRural","isPartOf":{"@id":"https:\/\/www.escapadarural.com\/blog\/#website"},"primaryImageOfPage":{"@id":"https:\/\/www.escapadarural.com\/blog\/la-casa-de-los-picapiedra-esta-en-portugal\/#primaryimage"},"image":{"@id":"https:\/\/www.escapadarural.com\/blog\/la-casa-de-los-picapiedra-esta-en-portugal\/#primaryimage"},"thumbnailUrl":"https:\/\/www.escapadarural.com\/blog\/wp-content\/uploads\/2024\/10\/DSC04650-1.jpg","datePublished":"2022-11-08T09:32:49+00:00","dateModified":"2026-02-17T16:52:16+00:00","breadcrumb":{"@id":"https:\/\/www.escapadarural.com\/blog\/la-casa-de-los-picapiedra-esta-en-portugal\/#breadcrumb"},"inLanguage":"es","potentialAction":[{"@type":"ReadAction","target":["https:\/\/www.escapadarural.com\/blog\/la-casa-de-los-picapiedra-esta-en-portugal\/"]}]},{"@type":"ImageObject","inLanguage":"es","@id":"https:\/\/www.escapadarural.com\/blog\/la-casa-de-los-picapiedra-esta-en-portugal\/#primaryimage","url":"https:\/\/www.escapadarural.com\/blog\/wp-content\/uploads\/2024\/10\/DSC04650-1.jpg","contentUrl":"https:\/\/www.escapadarural.com\/blog\/wp-content\/uploads\/2024\/10\/DSC04650-1.jpg","width":1024,"height":683,"caption":"Un camino de tierra serpentea cuesta arriba entre laderas cubiertas de hierba y helechos bajo un cielo azul despejado, con una gran roca apoyada a la derecha del sendero."},{"@type":"BreadcrumbList","@id":"https:\/\/www.escapadarural.com\/blog\/la-casa-de-los-picapiedra-esta-en-portugal\/#breadcrumb","itemListElement":[{"@type":"ListItem","position":1,"name":"Inicio","item":"https:\/\/www.escapadarural.com\/blog\/"},{"@type":"ListItem","position":2,"name":"Arte y Cultura","item":"https:\/\/www.escapadarural.com\/blog\/categoria\/arte-y-cultura\/"},{"@type":"ListItem","position":3,"name":"La casa de Los Picapiedra est\u00e1 en Portugal"}]},{"@type":"WebSite","@id":"https:\/\/www.escapadarural.com\/blog\/#website","url":"https:\/\/www.escapadarural.com\/blog\/","name":"Blog de viajes | turismo rural, alojamientos e inspiraci\u00f3n","description":"Alojamientos rurales e inspiraci\u00f3n para tus escapadas","publisher":{"@id":"https:\/\/www.escapadarural.com\/blog\/#organization"},"alternateName":"Magazine de viajes de EscapadaRural","potentialAction":[{"@type":"SearchAction","target":{"@type":"EntryPoint","urlTemplate":"https:\/\/www.escapadarural.com\/blog\/?s={search_term_string}"},"query-input":{"@type":"PropertyValueSpecification","valueRequired":true,"valueName":"search_term_string"}}],"inLanguage":"es"},{"@type":"Organization","@id":"https:\/\/www.escapadarural.com\/blog\/#organization","name":"EscapadaRural","url":"https:\/\/www.escapadarural.com\/blog\/","logo":{"@type":"ImageObject","inLanguage":"es","@id":"https:\/\/www.escapadarural.com\/blog\/#\/schema\/logo\/image\/","url":"https:\/\/www.escapadarural.com\/blog\/wp-content\/uploads\/2024\/10\/cropped-cropped-escapada-rural-icon-mag-3.png","contentUrl":"https:\/\/www.escapadarural.com\/blog\/wp-content\/uploads\/2024\/10\/cropped-cropped-escapada-rural-icon-mag-3.png","width":512,"height":512,"caption":"EscapadaRural"},"image":{"@id":"https:\/\/www.escapadarural.com\/blog\/#\/schema\/logo\/image\/"},"sameAs":["https:\/\/www.facebook.com\/escapadarural","https:\/\/www.instagram.com\/escapadarural\/","https:\/\/www.youtube.com\/@escapadaruralcom"]},{"@type":"Person","@id":"https:\/\/www.escapadarural.com\/blog\/#\/schema\/person\/27db72653db008ab82e5d7fe93d09972","name":"\u00c2ngela Coelho","image":{"@type":"ImageObject","inLanguage":"es","@id":"https:\/\/secure.gravatar.com\/avatar\/266007c4d733a1352809d25c72c8c5b058255e48028e729b91b5970cdc3b19ab?s=96&d=mm&r=g","url":"https:\/\/secure.gravatar.com\/avatar\/266007c4d733a1352809d25c72c8c5b058255e48028e729b91b5970cdc3b19ab?s=96&d=mm&r=g","contentUrl":"https:\/\/secure.gravatar.com\/avatar\/266007c4d733a1352809d25c72c8c5b058255e48028e729b91b5970cdc3b19ab?s=96&d=mm&r=g","caption":"\u00c2ngela Coelho"},"url":"https:\/\/www.escapadarural.com\/blog\/autor\/angela\/"}]}},"_links":{"self":[{"href":"https:\/\/www.escapadarural.com\/blog\/wp-json\/wp\/v2\/posts\/55671","targetHints":{"allow":["GET"]}}],"collection":[{"href":"https:\/\/www.escapadarural.com\/blog\/wp-json\/wp\/v2\/posts"}],"about":[{"href":"https:\/\/www.escapadarural.com\/blog\/wp-json\/wp\/v2\/types\/post"}],"author":[{"embeddable":true,"href":"https:\/\/www.escapadarural.com\/blog\/wp-json\/wp\/v2\/users\/135"}],"replies":[{"embeddable":true,"href":"https:\/\/www.escapadarural.com\/blog\/wp-json\/wp\/v2\/comments?post=55671"}],"version-history":[{"count":0,"href":"https:\/\/www.escapadarural.com\/blog\/wp-json\/wp\/v2\/posts\/55671\/revisions"}],"wp:featuredmedia":[{"embeddable":true,"href":"https:\/\/www.escapadarural.com\/blog\/wp-json\/wp\/v2\/media\/99134"}],"wp:attachment":[{"href":"https:\/\/www.escapadarural.com\/blog\/wp-json\/wp\/v2\/media?parent=55671"}],"wp:term":[{"taxonomy":"category","embeddable":true,"href":"https:\/\/www.escapadarural.com\/blog\/wp-json\/wp\/v2\/categories?post=55671"},{"taxonomy":"post_tag","embeddable":true,"href":"https:\/\/www.escapadarural.com\/blog\/wp-json\/wp\/v2\/tags?post=55671"}],"curies":[{"name":"wp","href":"https:\/\/api.w.org\/{rel}","templated":true}]}}