{"id":55783,"date":"2022-11-20T08:00:00","date_gmt":"2022-11-20T07:00:00","guid":{"rendered":"https:\/\/www.escapadarural.com\/blog\/?p=55783"},"modified":"2025-07-22T12:57:33","modified_gmt":"2025-07-22T10:57:33","slug":"el-molino-de-abajo","status":"publish","type":"post","link":"https:\/\/www.escapadarural.com\/blog\/el-molino-de-abajo\/","title":{"rendered":"El \u00faltimo molino harinero de El Bosque"},"content":{"rendered":"\n<figure class=\"wp-block-image size-large\"><a href=\"https:\/\/www.escapadarural.com\/blog\/wp-content\/uploads\/Molinero-Cadiz-scaled.jpg\"><img decoding=\"async\" src=\"https:\/\/www.escapadarural.com\/blog\/wp-content\/uploads\/Molinero-Cadiz-1024x683.jpg\" alt=\"El Molino de Abajo\" class=\"wp-image-55913\"\/><\/a><figcaption class=\"wp-element-caption\">Francisco Javier Gonz\u00e1lez, propietario de El Molino de Abajo. Por Kris Ubach<\/figcaption><\/figure>\n\n\n\n<p>Situado en un enclave estrat\u00e9gico entre los parques naturales de la <a href=\"https:\/\/www.escapadarural.com\/casas-rurales\/sierra-de-grazalema\">sierra de Grazalema<\/a> y <strong>Los Alcornocales<\/strong>, la modesta localidad de <a href=\"https:\/\/www.escapadarural.com\/casas-rurales\/el-bosque\">El Bosque<\/a> est\u00e1 acostumbrada a recibir a numerosos visitantes con mochila y botas de monta\u00f1a que establecen en ella su base de operaciones para recorrer los muchos senderos que ofrecen ambos espacios protegidos. En El Bosque hay para ellos, adem\u00e1s, un Centro de Visitantes con mapas, paneles y amables informadores que est\u00e1n ah\u00ed para divulgar sobre las muchas opciones que tiene Grazalema, que por cierto est\u00e1 amparada bajo el paraguas de la Reserva de la Biosfera de la UNESCO desde 1977.&nbsp;<\/p>\n\n\n\n<p>El Bosque es  feudo de senderistas y de amantes de la ornitolog\u00eda (es Zona de Especial Protecci\u00f3n para las Aves &#8211; ZEPA) pero tambi\u00e9n acuden hasta ella muchos aficionados al paseo ocasional y al buen comer. Entre sus atractivos a pie de n\u00facleo urbano se cuenta el ser uno de los famosos <strong>pueblos blancos<\/strong> que \u2014como si alguien hubiera soltado un pu\u00f1ado de confeti sobre ellas\u2014 salpican las comarcas gaditanas de la Janda, la sierra de C\u00e1diz y la serran\u00eda de Ronda, en M\u00e1laga. <\/p>\n\n\n\n<p>El Bosque tambi\u00e9n presume de tener un pasado ligado a Don Rodrigo Ponce de Le\u00f3n; una bella arquitectura gaditana con un palacio ducal del siglo XV incluido; un jard\u00edn bot\u00e1nico para contemplar la flora aut\u00f3ctona sin necesidad de subir desnivel alguno y un museo dedicado a ese c\u00e9lebre queso <em>bosque\u00f1o<\/em>, hecho con leche de cabras aut\u00f3ctonas cuya fama ha trascendido las fronteras de Andaluc\u00eda para llevarse varios premios internacionales.<\/p>\n\n\n\n<figure class=\"wp-block-image size-large\"><a href=\"https:\/\/www.escapadarural.com\/blog\/wp-content\/uploads\/AdobeStock_168774765-1-scaled.jpeg\"><img decoding=\"async\" src=\"https:\/\/www.escapadarural.com\/blog\/wp-content\/uploads\/AdobeStock_168774765-1-1024x643.jpeg\" alt=\"EL Bosque\" class=\"wp-image-55787\"\/><\/a><figcaption class=\"wp-element-caption\">El Bosque. Por joserpizarro<\/figcaption><\/figure>\n\n\n\n<p>Pero esta localidad surcada por el r\u00edo Majaceite tiene otro lugar de inter\u00e9s que pasa desapercibido para muchos. Precisamente a la vera de este curso fluvial \u2014y alimentado por sus aguas\u2014 en El Bosque sigue en funcionamiento <strong>uno de los \u00faltimos molinos harineros (en activo) de Espa\u00f1a<\/strong>. Al frente del mismo est\u00e1 Francisco Javier Gonz\u00e1lez, quien hered\u00f3 el oficio de su padre, quien a su vez lo hab\u00eda aprendido del suyo, quien tambi\u00e9n lo hab\u00eda adquirido de su progenitor hace ya m\u00e1s de 100 a\u00f1os. <\/p>\n\n\n\n<p>El <strong>Molino de Abajo<\/strong>, construido en el siglo XVIII, es el \u00faltimo de los tres molinos que anta\u00f1o hubo en El Bosque, un ingenio que ha seguido vivo gracias al empe\u00f1o de una familia que nunca ha querido dar por perdida esta pr\u00e1ctica ancestral a pesar de las numerosas y sucesivas dificultades que han tenido que ir superando a lo largo de los a\u00f1os.<\/p>\n\n\n\n<p>\u2014 En Espa\u00f1a lleg\u00f3 a haber 22.000 molinos hidr\u00e1ulicos para la molienda de grano, pero el 99% han desaparecido completamente, o est\u00e1n en ruinas o se han reconvertido en otras cosas como restaurantes, hoteles rurales o museos \u2014cuenta Francisco Javier<\/p>\n\n\n\n<p>\u2014 Mi padre siempre tuvo la obsesi\u00f3n de que no dej\u00e1ramos morir el molino del abuelo y por ese motivo, tras 30 a\u00f1os parado por la llegada de las nuevas tecnolog\u00edas que en los a\u00f1os 70 condenaron a los molinos al olvido, decidimos rehabilitarlo y ponerlo de nuevo en funcionamiento.<\/p>\n\n\n\n<figure class=\"wp-block-image size-large\"><a href=\"https:\/\/www.escapadarural.com\/blog\/wp-content\/uploads\/entrada-molino-1.jpg\"><img decoding=\"async\" src=\"https:\/\/www.escapadarural.com\/blog\/wp-content\/uploads\/entrada-molino-1-1024x770.jpg\" alt=\"El Molino de Aajo\" class=\"wp-image-55798\"\/><\/a><figcaption class=\"wp-element-caption\">El Molino de Abajo. Por Museo El Molino de Abajo<\/figcaption><\/figure>\n\n\n\n<p>La tarea no fue f\u00e1cil pues la maquinaria llevaba d\u00e9cadas sin rodar y ya resultaba imposible encontrar piezas de recambio. As\u00ed, Francisco Javier y su padre Juan se dedicaron a <strong>recorrer Espa\u00f1a y Francia en busca de molinos tradicionales<\/strong>, de sabidur\u00eda molinera atesorada por los mayores de cada lugar y de piezas que pudieran reciclar para volver a revivir su Molino de Abajo. Entre las cosas que recuperaron se cuentan unas piedras de moler francesas de 1925.&nbsp;<\/p>\n\n\n\n<p>\u2014 Aqu\u00ed antiguamente us\u00e1bamos piedra local, pero con la fricci\u00f3n, la caliza de esta zona soltaba arena y eso les obligaba a desmontar y limpiar la muela cada d\u00eda \u2014cuenta el molinero\u2014 Ahora con este material m\u00e1s resistente solo tenemos que desmontarla cada tres semanas aproximadamente.<\/p>\n\n\n\n<figure class=\"wp-block-image size-large\"><a href=\"https:\/\/www.escapadarural.com\/blog\/wp-content\/uploads\/Molino-de-Abajo-15.jpg\"><img decoding=\"async\" src=\"https:\/\/www.escapadarural.com\/blog\/wp-content\/uploads\/Molino-de-Abajo-15-1024x683.jpg\" alt=\"El Molino de Abajo\" class=\"wp-image-55800\"\/><\/a><figcaption class=\"wp-element-caption\">El Molino de Abajo. Por Museo de El Molino de Abajo<\/figcaption><\/figure>\n\n\n\n<p>De hecho, al margen del cambio de muelas, la maquinaria m\u00e1s que tricentenaria sigue funcionando exactamente igual que cuando se inaugur\u00f3 en 1707. El agua del r\u00edo Majaceite se canaliza por tres v\u00edas que alimentan <strong>tres piedras de molino distintas<\/strong>. En cada una de ellas el agua cae por gravedad y mueve una turbina que transmite la fuerza motriz a la rueda de moler \u00abvolandera\u00bb, es decir, la piedra m\u00f3vil que se sit\u00faa sobre otra rueda est\u00e1tica llamada \u00absolera\u00bb. El grano de trigo almacenado en una tolva se introduce entre las dos ruedas en movimiento y es expulsado por un lateral en forma de harina. El grosor de la molienda depender\u00e1 de la separaci\u00f3n de las piedras entre s\u00ed.<\/p>\n\n\n\n<p>\u2014 Cuando conseguimos volver a poner en funcionamiento el molino en 2005, quisimos convertir este lugar en un museo de los molinos  \u2014relata Francisco Javier\u2014  Nuestra idea, y as\u00ed funcion\u00f3 muy bien durante los primeros a\u00f1os, era dar a conocer este oficio tradicional a los ni\u00f1os y a los grupos de turistas. Empezamos haciendo muchos talleres de pan y visitas guiadas, pero a los pocos a\u00f1os lleg\u00f3 la crisis de 2008 y todo se vino abajo. La gente dej\u00f3 de visitarnos.<\/p>\n\n\n\n<h2 class=\"wp-block-heading\" id=\"h-los-reyes-de-los-molletes\">Los reyes de los molletes<\/h2>\n\n\n\n<figure class=\"wp-block-image size-large\"><a href=\"https:\/\/www.escapadarural.com\/blog\/wp-content\/uploads\/El-molino-de-aajo-pan.jpg\"><img decoding=\"async\" src=\"https:\/\/www.escapadarural.com\/blog\/wp-content\/uploads\/El-molino-de-aajo-pan-1024x769.jpg\" alt=\"El Molino de Abajo, molletes\" class=\"wp-image-55801\"\/><\/a><figcaption class=\"wp-element-caption\">El Molino de Abajo, molletes<\/figcaption><\/figure>\n\n\n\n<p>Pero los Gonz\u00e1lez no se resignaron. Tenaces en su empe\u00f1o de no dejar morir el molino de sus ancestros, padre e hijo decidieron que si por un lado ten\u00edan un artefacto harinero en activo y por otro lado ten\u00edan un agricultor local que les proporcionaba el grano de trigo, ellos pod\u00edan dedicarse a hacer pan. Para ello reformaron el obrador situado junto al molino, lo pusieron a la altura de las normativas del siglo XXI y empezaron a<strong> elaborar molletes<\/strong>, el t\u00edpico pan blanco y suave de los desayunos andaluces.&nbsp;<\/p>\n\n\n\n<p>Algo m\u00e1s de una d\u00e9cada despu\u00e9s, las muelas del Molino de Abajo siguen rodando a diario y Francisco Javier se ha convertido en <strong>uno de los panaderos m\u00e1s famosos de la provincia de C\u00e1diz<\/strong>. Cada madrugada, sus molletes (porque ese es el \u00fanico tipo de pan que trabaja) salen del obrador de El Bosque reci\u00e9n cocidos y viajan en furgoneta por toda la geograf\u00eda sure\u00f1a.&nbsp;<\/p>\n\n\n\n<p>\u2014 Ahora en el obrador somos tres panaderos \u2014explica el molinero\u2014 y el a\u00f1o pasado entre los tres llegamos a elaborar 350.000 molletes. Es un tipo de masa muy dif\u00edcil de trabajar porque es muy fina, se pega mucho y hay que tener mucha paciencia, pero nosotros seguimos haci\u00e9ndolo todo a mano y de ah\u00ed nuestro \u00e9xito.<\/p>\n\n\n<blockquote class=\"instagram-media\" data-instgrm-captioned=\"\" data-instgrm-permalink=\"https:\/\/www.instagram.com\/p\/CN4SXErDAHz\/?utm_source=ig_embed&amp;utm_campaign=loading\" data-instgrm-version=\"14\" style=\" background:#FFF; border:0; border-radius:3px; box-shadow:0 0 1px 0 rgba(0,0,0,0.5),0 1px 10px 0 rgba(0,0,0,0.15); margin: 1px; max-width:540px; min-width:326px; padding:0; width:99.375%; width:-webkit-calc(100% - 2px); width:calc(100% - 2px);\">\n<div style=\"padding:16px;\"> <a href=\"https:\/\/www.instagram.com\/p\/CN4SXErDAHz\/?utm_source=ig_embed&amp;utm_campaign=loading\" style=\" background:#FFFFFF; line-height:0; padding:0 0; text-align:center; text-decoration:none; width:100%;\" target=\"_blank\" rel=\"noopener\"> <\/p>\n<div style=\" display: flex; flex-direction: row; align-items: center;\">\n<div style=\"background-color: #F4F4F4; border-radius: 50%; flex-grow: 0; height: 40px; margin-right: 14px; width: 40px;\"><\/div>\n<div style=\"display: flex; flex-direction: column; flex-grow: 1; justify-content: center;\">\n<div style=\" background-color: #F4F4F4; border-radius: 4px; flex-grow: 0; height: 14px; margin-bottom: 6px; width: 100px;\"><\/div>\n<div style=\" background-color: #F4F4F4; border-radius: 4px; flex-grow: 0; height: 14px; width: 60px;\"><\/div>\n<\/div>\n<\/div>\n<div style=\"padding: 19% 0;\"><\/div>\n<div style=\"display:block; height:50px; margin:0 auto 12px; width:50px;\"><svg width=\"50px\" height=\"50px\" viewBox=\"0 0 60 60\" version=\"1.1\" xmlns=\"https:\/\/www.w3.org\/2000\/svg\" xmlns:xlink=\"https:\/\/www.w3.org\/1999\/xlink\"><g stroke=\"none\" stroke-width=\"1\" fill=\"none\" fill-rule=\"evenodd\"><g transform=\"translate(-511.000000, -20.000000)\" fill=\"#000000\"><g><path d=\"M556.869,30.41 C554.814,30.41 553.148,32.076 553.148,34.131 C553.148,36.186 554.814,37.852 556.869,37.852 C558.924,37.852 560.59,36.186 560.59,34.131 C560.59,32.076 558.924,30.41 556.869,30.41 M541,60.657 C535.114,60.657 530.342,55.887 530.342,50 C530.342,44.114 535.114,39.342 541,39.342 C546.887,39.342 551.658,44.114 551.658,50 C551.658,55.887 546.887,60.657 541,60.657 M541,33.886 C532.1,33.886 524.886,41.1 524.886,50 C524.886,58.899 532.1,66.113 541,66.113 C549.9,66.113 557.115,58.899 557.115,50 C557.115,41.1 549.9,33.886 541,33.886 M565.378,62.101 C565.244,65.022 564.756,66.606 564.346,67.663 C563.803,69.06 563.154,70.057 562.106,71.106 C561.058,72.155 560.06,72.803 558.662,73.347 C557.607,73.757 556.021,74.244 553.102,74.378 C549.944,74.521 548.997,74.552 541,74.552 C533.003,74.552 532.056,74.521 528.898,74.378 C525.979,74.244 524.393,73.757 523.338,73.347 C521.94,72.803 520.942,72.155 519.894,71.106 C518.846,70.057 518.197,69.06 517.654,67.663 C517.244,66.606 516.755,65.022 516.623,62.101 C516.479,58.943 516.448,57.996 516.448,50 C516.448,42.003 516.479,41.056 516.623,37.899 C516.755,34.978 517.244,33.391 517.654,32.338 C518.197,30.938 518.846,29.942 519.894,28.894 C520.942,27.846 521.94,27.196 523.338,26.654 C524.393,26.244 525.979,25.756 528.898,25.623 C532.057,25.479 533.004,25.448 541,25.448 C548.997,25.448 549.943,25.479 553.102,25.623 C556.021,25.756 557.607,26.244 558.662,26.654 C560.06,27.196 561.058,27.846 562.106,28.894 C563.154,29.942 563.803,30.938 564.346,32.338 C564.756,33.391 565.244,34.978 565.378,37.899 C565.522,41.056 565.552,42.003 565.552,50 C565.552,57.996 565.522,58.943 565.378,62.101 M570.82,37.631 C570.674,34.438 570.167,32.258 569.425,30.349 C568.659,28.377 567.633,26.702 565.965,25.035 C564.297,23.368 562.623,22.342 560.652,21.575 C558.743,20.834 556.562,20.326 553.369,20.18 C550.169,20.033 549.148,20 541,20 C532.853,20 531.831,20.033 528.631,20.18 C525.438,20.326 523.257,20.834 521.349,21.575 C519.376,22.342 517.703,23.368 516.035,25.035 C514.368,26.702 513.342,28.377 512.574,30.349 C511.834,32.258 511.326,34.438 511.181,37.631 C511.035,40.831 511,41.851 511,50 C511,58.147 511.035,59.17 511.181,62.369 C511.326,65.562 511.834,67.743 512.574,69.651 C513.342,71.625 514.368,73.296 516.035,74.965 C517.703,76.634 519.376,77.658 521.349,78.425 C523.257,79.167 525.438,79.673 528.631,79.82 C531.831,79.965 532.853,80.001 541,80.001 C549.148,80.001 550.169,79.965 553.369,79.82 C556.562,79.673 558.743,79.167 560.652,78.425 C562.623,77.658 564.297,76.634 565.965,74.965 C567.633,73.296 568.659,71.625 569.425,69.651 C570.167,67.743 570.674,65.562 570.82,62.369 C570.966,59.17 571,58.147 571,50 C571,41.851 570.966,40.831 570.82,37.631\"><\/path><\/g><\/g><\/g><\/svg><\/div>\n<div style=\"padding-top: 8px;\">\n<div style=\" color:#3897f0; font-family:Arial,sans-serif; font-size:14px; font-style:normal; font-weight:550; line-height:18px;\">Ver esta publicaci\u00f3n en Instagram<\/div>\n<\/div>\n<div style=\"padding: 12.5% 0;\"><\/div>\n<div style=\"display: flex; flex-direction: row; margin-bottom: 14px; align-items: center;\">\n<div>\n<div style=\"background-color: #F4F4F4; border-radius: 50%; height: 12.5px; width: 12.5px; transform: translateX(0px) translateY(7px);\"><\/div>\n<div style=\"background-color: #F4F4F4; height: 12.5px; transform: rotate(-45deg) translateX(3px) translateY(1px); width: 12.5px; flex-grow: 0; margin-right: 14px; margin-left: 2px;\"><\/div>\n<div style=\"background-color: #F4F4F4; border-radius: 50%; height: 12.5px; width: 12.5px; transform: translateX(9px) translateY(-18px);\"><\/div>\n<\/div>\n<div style=\"margin-left: 8px;\">\n<div style=\" background-color: #F4F4F4; border-radius: 50%; flex-grow: 0; height: 20px; width: 20px;\"><\/div>\n<div style=\" width: 0; height: 0; border-top: 2px solid transparent; border-left: 6px solid #f4f4f4; border-bottom: 2px solid transparent; transform: translateX(16px) translateY(-4px) rotate(30deg)\"><\/div>\n<\/div>\n<div style=\"margin-left: auto;\">\n<div style=\" width: 0px; border-top: 8px solid #F4F4F4; border-right: 8px solid transparent; transform: translateY(16px);\"><\/div>\n<div style=\" background-color: #F4F4F4; flex-grow: 0; height: 12px; width: 16px; transform: translateY(-4px);\"><\/div>\n<div style=\" width: 0; height: 0; border-top: 8px solid #F4F4F4; border-left: 8px solid transparent; transform: translateY(-4px) translateX(8px);\"><\/div>\n<\/div>\n<\/div>\n<div style=\"display: flex; flex-direction: column; flex-grow: 1; justify-content: center; margin-bottom: 24px;\">\n<div style=\" background-color: #F4F4F4; border-radius: 4px; flex-grow: 0; height: 14px; margin-bottom: 6px; width: 224px;\"><\/div>\n<div style=\" background-color: #F4F4F4; border-radius: 4px; flex-grow: 0; height: 14px; width: 144px;\"><\/div>\n<\/div>\n<p><\/a><\/p>\n<p style=\" color:#c9c8cd; font-family:Arial,sans-serif; font-size:14px; line-height:17px; margin-bottom:0; margin-top:8px; overflow:hidden; padding:8px 0 7px; text-align:center; text-overflow:ellipsis; white-space:nowrap;\"><a href=\"https:\/\/www.instagram.com\/p\/CN4SXErDAHz\/?utm_source=ig_embed&amp;utm_campaign=loading\" style=\" color:#c9c8cd; font-family:Arial,sans-serif; font-size:14px; font-style:normal; font-weight:normal; line-height:17px; text-decoration:none;\" target=\"_blank\" rel=\"noopener\">Una publicaci\u00f3n compartida de Fran Villalba (@berzaconpringa)<\/a><\/p>\n<\/div>\n<\/blockquote>\n<p> <script async=\"\" src=\"\/\/www.instagram.com\/embed.js\"><\/script><\/p>\n\n\n\n<p>Francisco Javier disfruta haciendo molletes a pesar de los horarios intempestivos a los que est\u00e1n obligados los panaderos, y combina esa tarea con la de mostrar a los visitantes c\u00f3mo es el funcionamiento de un molino harinero tradicional. Junto a los molinos en activo, los Gonz\u00e1lez siguen abriendo la zona de museo que ocupa el espacio en el que su abuelo hac\u00eda y vend\u00eda pan a principios de siglo. Ah\u00ed siguen \u2014en la misma venta donde los ancianos de El Bosque recuerdan haber ido a comprar el pan tantas y tantas veces\u2014 la antigua maquinaria panadera, el banco de trabajo y el <strong>horno de le\u00f1a centenarios<\/strong>.<\/p>\n\n\n\n<div class=\"wp-block-buttons is-layout-flex wp-block-buttons-is-layout-flex\">\n<div class=\"wp-block-button\"><a class=\"wp-block-button__link wp-element-button\" href=\"https:\/\/www.escapadarural.com\/casas-rurales\/el-bosque\">Casas rurales en El Bosque<\/a><\/div>\n<\/div>\n","protected":false},"excerpt":{"rendered":"<p>El Molino de Abajo es uno de los \u00faltimos molinos harineros en activo en Espa\u00f1a. Fue construido en el siglo XVIII y al frente est\u00e1 Francisco Javier Gonz\u00e1lez, uno de los panaderos m\u00e1s famosos de C\u00e1diz por sus molletes. <\/p>\n","protected":false},"author":152,"featured_media":99074,"comment_status":"open","ping_status":"open","sticky":false,"template":"","format":"standard","meta":{"_acf_changed":false,"om_disable_all_campaigns":false,"footnotes":""},"categories":[231],"tags":[6072,260,648,3947,1072,880,2237],"class_list":["post-55783","post","type-post","status-publish","format-standard","has-post-thumbnail","hentry","category-arte-y-cultura","tag-andalucia","tag-articulo","tag-que-ver-en-cadiz","tag-el-bosque","tag-grazalema","tag-molinos","tag-museos"],"acf":[],"featured_image_src":"https:\/\/www.escapadarural.com\/blog\/wp-content\/uploads\/2024\/10\/Molinero-Cadiz-1024x683-3.jpg","author_info":{"display_name":"Kris Ubach","author_link":"https:\/\/www.escapadarural.com\/blog\/autor\/kris-ubach\/"},"yoast_head":"<!-- This site is optimized with the Yoast SEO plugin v27.5 - https:\/\/yoast.com\/product\/yoast-seo-wordpress\/ -->\n<title>El \u00faltimo molino harinero de El Bosque - EscapadaRural<\/title>\n<meta name=\"robots\" content=\"index, follow, max-snippet:-1, max-image-preview:large, max-video-preview:-1\" \/>\n<link rel=\"canonical\" href=\"https:\/\/www.escapadarural.com\/blog\/el-molino-de-abajo\/\" \/>\n<meta property=\"og:locale\" content=\"es_ES\" \/>\n<meta property=\"og:type\" content=\"article\" \/>\n<meta property=\"og:title\" content=\"El \u00faltimo molino harinero de El Bosque - EscapadaRural\" \/>\n<meta property=\"og:description\" content=\"El Molino de Abajo es uno de los \u00faltimos molinos harineros en activo en Espa\u00f1a. Fue construido en el siglo XVIII y al frente est\u00e1 Francisco Javier Gonz\u00e1lez, uno de los panaderos m\u00e1s famosos de C\u00e1diz por sus molletes.\" \/>\n<meta property=\"og:url\" content=\"https:\/\/www.escapadarural.com\/blog\/el-molino-de-abajo\/\" \/>\n<meta property=\"og:site_name\" content=\"Magazine de viajes de EscapadaRural\" \/>\n<meta property=\"article:publisher\" content=\"https:\/\/www.facebook.com\/escapadarural\" \/>\n<meta property=\"article:published_time\" content=\"2022-11-20T07:00:00+00:00\" \/>\n<meta property=\"article:modified_time\" content=\"2025-07-22T10:57:33+00:00\" \/>\n<meta property=\"og:image\" content=\"https:\/\/www.escapadarural.com\/blog\/wp-content\/uploads\/2024\/10\/Molinero-Cadiz-1024x683-3.jpg?v=1753181855\" \/>\n\t<meta property=\"og:image:width\" content=\"1024\" \/>\n\t<meta property=\"og:image:height\" content=\"683\" \/>\n\t<meta property=\"og:image:type\" content=\"image\/jpeg\" \/>\n<meta name=\"author\" content=\"Kris Ubach\" \/>\n<meta name=\"twitter:card\" content=\"summary_large_image\" \/>\n<meta name=\"twitter:label1\" content=\"Escrito por\" \/>\n\t<meta name=\"twitter:data1\" content=\"Kris Ubach\" \/>\n\t<meta name=\"twitter:label2\" content=\"Tiempo de lectura\" \/>\n\t<meta name=\"twitter:data2\" content=\"6 minutos\" \/>\n<script type=\"application\/ld+json\" class=\"yoast-schema-graph\">{\"@context\":\"https:\\\/\\\/schema.org\",\"@graph\":[{\"@type\":\"Article\",\"@id\":\"https:\\\/\\\/www.escapadarural.com\\\/blog\\\/el-molino-de-abajo\\\/#article\",\"isPartOf\":{\"@id\":\"https:\\\/\\\/www.escapadarural.com\\\/blog\\\/el-molino-de-abajo\\\/\"},\"author\":{\"name\":\"Kris Ubach\",\"@id\":\"https:\\\/\\\/www.escapadarural.com\\\/blog\\\/#\\\/schema\\\/person\\\/f4289b70dddc0c89ed5fa989a8ced0c0\"},\"headline\":\"El \u00faltimo molino harinero de El Bosque\",\"datePublished\":\"2022-11-20T07:00:00+00:00\",\"dateModified\":\"2025-07-22T10:57:33+00:00\",\"mainEntityOfPage\":{\"@id\":\"https:\\\/\\\/www.escapadarural.com\\\/blog\\\/el-molino-de-abajo\\\/\"},\"wordCount\":1280,\"commentCount\":0,\"publisher\":{\"@id\":\"https:\\\/\\\/www.escapadarural.com\\\/blog\\\/#organization\"},\"image\":{\"@id\":\"https:\\\/\\\/www.escapadarural.com\\\/blog\\\/el-molino-de-abajo\\\/#primaryimage\"},\"thumbnailUrl\":\"https:\\\/\\\/www.escapadarural.com\\\/blog\\\/wp-content\\\/uploads\\\/2024\\\/10\\\/Molinero-Cadiz-1024x683-3.jpg\",\"keywords\":[\"Andaluc\u00eda\",\"art\u00edculo\",\"C\u00e1diz\",\"El Bosque\",\"Grazalema\",\"Molinos\",\"museos\"],\"articleSection\":[\"Arte y Cultura\"],\"inLanguage\":\"es\",\"potentialAction\":[{\"@type\":\"CommentAction\",\"name\":\"Comment\",\"target\":[\"https:\\\/\\\/www.escapadarural.com\\\/blog\\\/el-molino-de-abajo\\\/#respond\"]}]},{\"@type\":\"WebPage\",\"@id\":\"https:\\\/\\\/www.escapadarural.com\\\/blog\\\/el-molino-de-abajo\\\/\",\"url\":\"https:\\\/\\\/www.escapadarural.com\\\/blog\\\/el-molino-de-abajo\\\/\",\"name\":\"El \u00faltimo molino harinero de El Bosque - EscapadaRural\",\"isPartOf\":{\"@id\":\"https:\\\/\\\/www.escapadarural.com\\\/blog\\\/#website\"},\"primaryImageOfPage\":{\"@id\":\"https:\\\/\\\/www.escapadarural.com\\\/blog\\\/el-molino-de-abajo\\\/#primaryimage\"},\"image\":{\"@id\":\"https:\\\/\\\/www.escapadarural.com\\\/blog\\\/el-molino-de-abajo\\\/#primaryimage\"},\"thumbnailUrl\":\"https:\\\/\\\/www.escapadarural.com\\\/blog\\\/wp-content\\\/uploads\\\/2024\\\/10\\\/Molinero-Cadiz-1024x683-3.jpg\",\"datePublished\":\"2022-11-20T07:00:00+00:00\",\"dateModified\":\"2025-07-22T10:57:33+00:00\",\"breadcrumb\":{\"@id\":\"https:\\\/\\\/www.escapadarural.com\\\/blog\\\/el-molino-de-abajo\\\/#breadcrumb\"},\"inLanguage\":\"es\",\"potentialAction\":[{\"@type\":\"ReadAction\",\"target\":[\"https:\\\/\\\/www.escapadarural.com\\\/blog\\\/el-molino-de-abajo\\\/\"]}]},{\"@type\":\"ImageObject\",\"inLanguage\":\"es\",\"@id\":\"https:\\\/\\\/www.escapadarural.com\\\/blog\\\/el-molino-de-abajo\\\/#primaryimage\",\"url\":\"https:\\\/\\\/www.escapadarural.com\\\/blog\\\/wp-content\\\/uploads\\\/2024\\\/10\\\/Molinero-Cadiz-1024x683-3.jpg\",\"contentUrl\":\"https:\\\/\\\/www.escapadarural.com\\\/blog\\\/wp-content\\\/uploads\\\/2024\\\/10\\\/Molinero-Cadiz-1024x683-3.jpg\",\"width\":1024,\"height\":683,\"caption\":\"Un hombre vestido con ropa informal se encuentra en el interior de una sala r\u00fastica con paredes de piedra, herramientas antiguas, cestos y una gran prensa de madera para vino u aceitunas. El escenario parece ser un taller tradicional o un museo.\"},{\"@type\":\"BreadcrumbList\",\"@id\":\"https:\\\/\\\/www.escapadarural.com\\\/blog\\\/el-molino-de-abajo\\\/#breadcrumb\",\"itemListElement\":[{\"@type\":\"ListItem\",\"position\":1,\"name\":\"Inicio\",\"item\":\"https:\\\/\\\/www.escapadarural.com\\\/blog\\\/\"},{\"@type\":\"ListItem\",\"position\":2,\"name\":\"Arte y Cultura\",\"item\":\"https:\\\/\\\/www.escapadarural.com\\\/blog\\\/categoria\\\/arte-y-cultura\\\/\"},{\"@type\":\"ListItem\",\"position\":3,\"name\":\"El \u00faltimo molino harinero de El Bosque\"}]},{\"@type\":\"WebSite\",\"@id\":\"https:\\\/\\\/www.escapadarural.com\\\/blog\\\/#website\",\"url\":\"https:\\\/\\\/www.escapadarural.com\\\/blog\\\/\",\"name\":\"Blog de viajes | turismo rural, alojamientos e inspiraci\u00f3n\",\"description\":\"Alojamientos rurales e inspiraci\u00f3n para tus escapadas\",\"publisher\":{\"@id\":\"https:\\\/\\\/www.escapadarural.com\\\/blog\\\/#organization\"},\"alternateName\":\"Magazine de viajes de EscapadaRural\",\"potentialAction\":[{\"@type\":\"SearchAction\",\"target\":{\"@type\":\"EntryPoint\",\"urlTemplate\":\"https:\\\/\\\/www.escapadarural.com\\\/blog\\\/?s={search_term_string}\"},\"query-input\":{\"@type\":\"PropertyValueSpecification\",\"valueRequired\":true,\"valueName\":\"search_term_string\"}}],\"inLanguage\":\"es\"},{\"@type\":\"Organization\",\"@id\":\"https:\\\/\\\/www.escapadarural.com\\\/blog\\\/#organization\",\"name\":\"EscapadaRural\",\"url\":\"https:\\\/\\\/www.escapadarural.com\\\/blog\\\/\",\"logo\":{\"@type\":\"ImageObject\",\"inLanguage\":\"es\",\"@id\":\"https:\\\/\\\/www.escapadarural.com\\\/blog\\\/#\\\/schema\\\/logo\\\/image\\\/\",\"url\":\"https:\\\/\\\/www.escapadarural.com\\\/blog\\\/wp-content\\\/uploads\\\/2024\\\/10\\\/cropped-cropped-escapada-rural-icon-mag-3.png\",\"contentUrl\":\"https:\\\/\\\/www.escapadarural.com\\\/blog\\\/wp-content\\\/uploads\\\/2024\\\/10\\\/cropped-cropped-escapada-rural-icon-mag-3.png\",\"width\":512,\"height\":512,\"caption\":\"EscapadaRural\"},\"image\":{\"@id\":\"https:\\\/\\\/www.escapadarural.com\\\/blog\\\/#\\\/schema\\\/logo\\\/image\\\/\"},\"sameAs\":[\"https:\\\/\\\/www.facebook.com\\\/escapadarural\",\"https:\\\/\\\/www.instagram.com\\\/escapadarural\\\/\",\"https:\\\/\\\/www.youtube.com\\\/@escapadaruralcom\"]},{\"@type\":\"Person\",\"@id\":\"https:\\\/\\\/www.escapadarural.com\\\/blog\\\/#\\\/schema\\\/person\\\/f4289b70dddc0c89ed5fa989a8ced0c0\",\"name\":\"Kris Ubach\",\"image\":{\"@type\":\"ImageObject\",\"inLanguage\":\"es\",\"@id\":\"https:\\\/\\\/secure.gravatar.com\\\/avatar\\\/d1fd4b8ace034be6dbc5914e32cce2f5351a6cb1b766b6fd91f84421764f6dd4?s=96&d=mm&r=g\",\"url\":\"https:\\\/\\\/secure.gravatar.com\\\/avatar\\\/d1fd4b8ace034be6dbc5914e32cce2f5351a6cb1b766b6fd91f84421764f6dd4?s=96&d=mm&r=g\",\"contentUrl\":\"https:\\\/\\\/secure.gravatar.com\\\/avatar\\\/d1fd4b8ace034be6dbc5914e32cce2f5351a6cb1b766b6fd91f84421764f6dd4?s=96&d=mm&r=g\",\"caption\":\"Kris Ubach\"},\"url\":\"https:\\\/\\\/www.escapadarural.com\\\/blog\\\/autor\\\/kris-ubach\\\/\"}]}<\/script>\n<!-- \/ Yoast SEO plugin. -->","yoast_head_json":{"title":"El \u00faltimo molino harinero de El Bosque - EscapadaRural","robots":{"index":"index","follow":"follow","max-snippet":"max-snippet:-1","max-image-preview":"max-image-preview:large","max-video-preview":"max-video-preview:-1"},"canonical":"https:\/\/www.escapadarural.com\/blog\/el-molino-de-abajo\/","og_locale":"es_ES","og_type":"article","og_title":"El \u00faltimo molino harinero de El Bosque - EscapadaRural","og_description":"El Molino de Abajo es uno de los \u00faltimos molinos harineros en activo en Espa\u00f1a. Fue construido en el siglo XVIII y al frente est\u00e1 Francisco Javier Gonz\u00e1lez, uno de los panaderos m\u00e1s famosos de C\u00e1diz por sus molletes.","og_url":"https:\/\/www.escapadarural.com\/blog\/el-molino-de-abajo\/","og_site_name":"Magazine de viajes de EscapadaRural","article_publisher":"https:\/\/www.facebook.com\/escapadarural","article_published_time":"2022-11-20T07:00:00+00:00","article_modified_time":"2025-07-22T10:57:33+00:00","og_image":[{"width":1024,"height":683,"url":"https:\/\/www.escapadarural.com\/blog\/wp-content\/uploads\/2024\/10\/Molinero-Cadiz-1024x683-3.jpg?v=1753181855","type":"image\/jpeg"}],"author":"Kris Ubach","twitter_card":"summary_large_image","twitter_misc":{"Escrito por":"Kris Ubach","Tiempo de lectura":"6 minutos"},"schema":{"@context":"https:\/\/schema.org","@graph":[{"@type":"Article","@id":"https:\/\/www.escapadarural.com\/blog\/el-molino-de-abajo\/#article","isPartOf":{"@id":"https:\/\/www.escapadarural.com\/blog\/el-molino-de-abajo\/"},"author":{"name":"Kris Ubach","@id":"https:\/\/www.escapadarural.com\/blog\/#\/schema\/person\/f4289b70dddc0c89ed5fa989a8ced0c0"},"headline":"El \u00faltimo molino harinero de El Bosque","datePublished":"2022-11-20T07:00:00+00:00","dateModified":"2025-07-22T10:57:33+00:00","mainEntityOfPage":{"@id":"https:\/\/www.escapadarural.com\/blog\/el-molino-de-abajo\/"},"wordCount":1280,"commentCount":0,"publisher":{"@id":"https:\/\/www.escapadarural.com\/blog\/#organization"},"image":{"@id":"https:\/\/www.escapadarural.com\/blog\/el-molino-de-abajo\/#primaryimage"},"thumbnailUrl":"https:\/\/www.escapadarural.com\/blog\/wp-content\/uploads\/2024\/10\/Molinero-Cadiz-1024x683-3.jpg","keywords":["Andaluc\u00eda","art\u00edculo","C\u00e1diz","El Bosque","Grazalema","Molinos","museos"],"articleSection":["Arte y Cultura"],"inLanguage":"es","potentialAction":[{"@type":"CommentAction","name":"Comment","target":["https:\/\/www.escapadarural.com\/blog\/el-molino-de-abajo\/#respond"]}]},{"@type":"WebPage","@id":"https:\/\/www.escapadarural.com\/blog\/el-molino-de-abajo\/","url":"https:\/\/www.escapadarural.com\/blog\/el-molino-de-abajo\/","name":"El \u00faltimo molino harinero de El Bosque - EscapadaRural","isPartOf":{"@id":"https:\/\/www.escapadarural.com\/blog\/#website"},"primaryImageOfPage":{"@id":"https:\/\/www.escapadarural.com\/blog\/el-molino-de-abajo\/#primaryimage"},"image":{"@id":"https:\/\/www.escapadarural.com\/blog\/el-molino-de-abajo\/#primaryimage"},"thumbnailUrl":"https:\/\/www.escapadarural.com\/blog\/wp-content\/uploads\/2024\/10\/Molinero-Cadiz-1024x683-3.jpg","datePublished":"2022-11-20T07:00:00+00:00","dateModified":"2025-07-22T10:57:33+00:00","breadcrumb":{"@id":"https:\/\/www.escapadarural.com\/blog\/el-molino-de-abajo\/#breadcrumb"},"inLanguage":"es","potentialAction":[{"@type":"ReadAction","target":["https:\/\/www.escapadarural.com\/blog\/el-molino-de-abajo\/"]}]},{"@type":"ImageObject","inLanguage":"es","@id":"https:\/\/www.escapadarural.com\/blog\/el-molino-de-abajo\/#primaryimage","url":"https:\/\/www.escapadarural.com\/blog\/wp-content\/uploads\/2024\/10\/Molinero-Cadiz-1024x683-3.jpg","contentUrl":"https:\/\/www.escapadarural.com\/blog\/wp-content\/uploads\/2024\/10\/Molinero-Cadiz-1024x683-3.jpg","width":1024,"height":683,"caption":"Un hombre vestido con ropa informal se encuentra en el interior de una sala r\u00fastica con paredes de piedra, herramientas antiguas, cestos y una gran prensa de madera para vino u aceitunas. El escenario parece ser un taller tradicional o un museo."},{"@type":"BreadcrumbList","@id":"https:\/\/www.escapadarural.com\/blog\/el-molino-de-abajo\/#breadcrumb","itemListElement":[{"@type":"ListItem","position":1,"name":"Inicio","item":"https:\/\/www.escapadarural.com\/blog\/"},{"@type":"ListItem","position":2,"name":"Arte y Cultura","item":"https:\/\/www.escapadarural.com\/blog\/categoria\/arte-y-cultura\/"},{"@type":"ListItem","position":3,"name":"El \u00faltimo molino harinero de El Bosque"}]},{"@type":"WebSite","@id":"https:\/\/www.escapadarural.com\/blog\/#website","url":"https:\/\/www.escapadarural.com\/blog\/","name":"Blog de viajes | turismo rural, alojamientos e inspiraci\u00f3n","description":"Alojamientos rurales e inspiraci\u00f3n para tus escapadas","publisher":{"@id":"https:\/\/www.escapadarural.com\/blog\/#organization"},"alternateName":"Magazine de viajes de EscapadaRural","potentialAction":[{"@type":"SearchAction","target":{"@type":"EntryPoint","urlTemplate":"https:\/\/www.escapadarural.com\/blog\/?s={search_term_string}"},"query-input":{"@type":"PropertyValueSpecification","valueRequired":true,"valueName":"search_term_string"}}],"inLanguage":"es"},{"@type":"Organization","@id":"https:\/\/www.escapadarural.com\/blog\/#organization","name":"EscapadaRural","url":"https:\/\/www.escapadarural.com\/blog\/","logo":{"@type":"ImageObject","inLanguage":"es","@id":"https:\/\/www.escapadarural.com\/blog\/#\/schema\/logo\/image\/","url":"https:\/\/www.escapadarural.com\/blog\/wp-content\/uploads\/2024\/10\/cropped-cropped-escapada-rural-icon-mag-3.png","contentUrl":"https:\/\/www.escapadarural.com\/blog\/wp-content\/uploads\/2024\/10\/cropped-cropped-escapada-rural-icon-mag-3.png","width":512,"height":512,"caption":"EscapadaRural"},"image":{"@id":"https:\/\/www.escapadarural.com\/blog\/#\/schema\/logo\/image\/"},"sameAs":["https:\/\/www.facebook.com\/escapadarural","https:\/\/www.instagram.com\/escapadarural\/","https:\/\/www.youtube.com\/@escapadaruralcom"]},{"@type":"Person","@id":"https:\/\/www.escapadarural.com\/blog\/#\/schema\/person\/f4289b70dddc0c89ed5fa989a8ced0c0","name":"Kris Ubach","image":{"@type":"ImageObject","inLanguage":"es","@id":"https:\/\/secure.gravatar.com\/avatar\/d1fd4b8ace034be6dbc5914e32cce2f5351a6cb1b766b6fd91f84421764f6dd4?s=96&d=mm&r=g","url":"https:\/\/secure.gravatar.com\/avatar\/d1fd4b8ace034be6dbc5914e32cce2f5351a6cb1b766b6fd91f84421764f6dd4?s=96&d=mm&r=g","contentUrl":"https:\/\/secure.gravatar.com\/avatar\/d1fd4b8ace034be6dbc5914e32cce2f5351a6cb1b766b6fd91f84421764f6dd4?s=96&d=mm&r=g","caption":"Kris Ubach"},"url":"https:\/\/www.escapadarural.com\/blog\/autor\/kris-ubach\/"}]}},"_links":{"self":[{"href":"https:\/\/www.escapadarural.com\/blog\/wp-json\/wp\/v2\/posts\/55783","targetHints":{"allow":["GET"]}}],"collection":[{"href":"https:\/\/www.escapadarural.com\/blog\/wp-json\/wp\/v2\/posts"}],"about":[{"href":"https:\/\/www.escapadarural.com\/blog\/wp-json\/wp\/v2\/types\/post"}],"author":[{"embeddable":true,"href":"https:\/\/www.escapadarural.com\/blog\/wp-json\/wp\/v2\/users\/152"}],"replies":[{"embeddable":true,"href":"https:\/\/www.escapadarural.com\/blog\/wp-json\/wp\/v2\/comments?post=55783"}],"version-history":[{"count":0,"href":"https:\/\/www.escapadarural.com\/blog\/wp-json\/wp\/v2\/posts\/55783\/revisions"}],"wp:featuredmedia":[{"embeddable":true,"href":"https:\/\/www.escapadarural.com\/blog\/wp-json\/wp\/v2\/media\/99074"}],"wp:attachment":[{"href":"https:\/\/www.escapadarural.com\/blog\/wp-json\/wp\/v2\/media?parent=55783"}],"wp:term":[{"taxonomy":"category","embeddable":true,"href":"https:\/\/www.escapadarural.com\/blog\/wp-json\/wp\/v2\/categories?post=55783"},{"taxonomy":"post_tag","embeddable":true,"href":"https:\/\/www.escapadarural.com\/blog\/wp-json\/wp\/v2\/tags?post=55783"}],"curies":[{"name":"wp","href":"https:\/\/api.w.org\/{rel}","templated":true}]}}