{"id":55889,"date":"2022-11-16T16:07:11","date_gmt":"2022-11-16T15:07:11","guid":{"rendered":"https:\/\/www.escapadarural.com\/blog\/?p=55889"},"modified":"2025-01-15T14:40:49","modified_gmt":"2025-01-15T12:40:49","slug":"planes-para-conocer-centro-de-portugal","status":"publish","type":"post","link":"https:\/\/www.escapadarural.com\/blog\/planes-para-conocer-centro-de-portugal\/","title":{"rendered":"5 planes naturales para conocer la Regi\u00f3n Centro de Portugal"},"content":{"rendered":"\n<figure class=\"wp-block-image size-large\"><a href=\"https:\/\/www.escapadarural.com\/blog\/wp-content\/uploads\/Parque-Natural-da-Serra-da-Estrela-scaled.jpg\"><img decoding=\"async\" src=\"https:\/\/www.escapadarural.com\/blog\/wp-content\/uploads\/Parque-Natural-da-Serra-da-Estrela-1024x683.jpg\" alt=\"iNature: Parque Natural da Serra da Estrela\" class=\"wp-image-55544\"\/><\/a><figcaption>Por: iNature<\/figcaption><\/figure>\n\n\n\n<p>Los doce territorios protegidos que est\u00e1n reunidos bajo el sello de <a href=\"https:\/\/bit.ly\/3TZxNbW\" target=\"_blank\" rel=\"noreferrer noopener\">iNature <\/a>proporcionan pr\u00e1cticamente una cantidad de planes infinitos para conocer la <strong>Regi\u00f3n Centro de Portugal<\/strong>, siempre en contacto estrecho con la naturaleza y sin olvidar los criterios de sostenibilidad.<\/p>\n\n\n\n<p>Para que te hagas una idea, aqu\u00ed te dejamos un aperitivo con algunas de las actividades m\u00e1s destacadas para una escapada rural antes de acabar el a\u00f1o en el pa\u00eds vecino.<\/p>\n\n\n\n<h2 class=\"wp-block-heading\">Terapia de bosque<\/h2>\n\n\n\n<figure class=\"wp-block-image size-large\"><a href=\"https:\/\/www.escapadarural.com\/blog\/wp-content\/uploads\/3_Mata-do-Bussaco_\u00a9Paulo-Magalhaes-scaled.jpg\"><img decoding=\"async\" src=\"https:\/\/www.escapadarural.com\/blog\/wp-content\/uploads\/3_Mata-do-Bussaco_\u00a9Paulo-Magalhaes-1024x680.jpg\" alt=\"Mata do Bussaco, Regi\u00e3o Centro de Portugal\" class=\"wp-image-55551\"\/><\/a><figcaption>Por: Paulo Magalh\u00e3es &#8211; iNature<\/figcaption><\/figure>\n\n\n\n<p>En abril de este a\u00f1o, <a href=\"https:\/\/bit.ly\/3sWy7g8\" rel=\"nofollow\" target=\"_blank\">La Mata Nacional do Bussaco<\/a> y la contigua villa termal de Luso acogieron el IV Congreso Internacional \u2018Bosque y Potencial para la Salud\u2019. Y es que el bosque de Bussaco adem\u00e1s de por su riqueza medioambiental destaca por ser un claro exponente del potencial de los bosques como recurso terap\u00e9utico, facilitador de bienestar y de salud. <\/p>\n\n\n\n<p>Ocupando 105 hect\u00e1rea, esta mancha boscosa de Bussaco con robles, laureles y aladiernas que se encuentra al norte de Coimbra, a <strong>200 kil\u00f3metros de Ciudad Rodrigo<\/strong>, es un escenario ideal para desarrollar actividades de ba\u00f1os y otras terapias de bosque, intervenciones multidisciplinares en medio de la naturaleza que tienen como objeto alcanzar estados positivos de salud mental, mejorar la salud f\u00edsica y social.<\/p>\n\n\n\n<h2 class=\"wp-block-heading\"><strong>El pueblo navide\u00f1o m\u00e1s ecol\u00f3gico<\/strong><\/h2>\n\n\n\n<figure class=\"wp-block-image size-large\"><a href=\"https:\/\/www.escapadarural.com\/blog\/wp-content\/uploads\/Cabeca-Aldeia-Natal_Serra-da-Estrela_Pedro-Ribeiro-scaled.jpg\"><img decoding=\"async\" src=\"https:\/\/www.escapadarural.com\/blog\/wp-content\/uploads\/Cabeca-Aldeia-Natal_Serra-da-Estrela_Pedro-Ribeiro-1024x653.jpg\" alt=\"Cabe\u00e7a Aldeia Natal, Centro de Portugal\" class=\"wp-image-55890\"\/><\/a><figcaption>Por: Pedro Ribeiro<\/figcaption><\/figure>\n\n\n\n<p>Unas mujeres manipulan la decoraci\u00f3n floral, la amarran con cintas, manejan con destreza las peque\u00f1as herramientas. Son mayores, pero se las ve feliz con la tarea. Esa es, precisamente, la esencia de la <strong>celebraci\u00f3n navide\u00f1a de Cabe\u00e7a<\/strong>, el pueblo navide\u00f1o m\u00e1s ecol\u00f3gico de Portugal (entre el 17 de diciembre y el 6 de enero).<\/p>\n\n\n\n<p>Desde principios de noviembre, los vecinos se juntan cada d\u00eda en el pabell\u00f3n del pueblo. No son m\u00e1s de 180 vecinos, pero muy implicados, que trabajan con la vegetaci\u00f3n que resulta de la limpieza de los montes del <a href=\"https:\/\/bit.ly\/3NB66En\" target=\"_blank\" rel=\"noreferrer noopener nofollow\">Parque Natural de la Serra da Estrela<\/a> para crear guirnaldas, estrellas y otros adornos con los que decoran las callejas y las t\u00edpicas casas de pizarra del pueblo.<\/p>\n\n\n\n<h2 class=\"wp-block-heading\">El fuego de la Navidad<\/h2>\n\n\n\n<figure class=\"wp-block-image size-large\"><a href=\"https:\/\/www.escapadarural.com\/blog\/wp-content\/uploads\/7_Reserva-Natural-da-Serra-da-Malcata_ruigaiola-1-scaled.jpg\"><img decoding=\"async\" src=\"https:\/\/www.escapadarural.com\/blog\/wp-content\/uploads\/7_Reserva-Natural-da-Serra-da-Malcata_ruigaiola-1-1024x683.jpg\" alt=\"Serra da Malcata, Centro de Portugal\" class=\"wp-image-55891\"\/><\/a><figcaption>Por: Rui Gaiola<\/figcaption><\/figure>\n\n\n\n<p>La localidad portuguesa de Penamacor, en la <a href=\"https:\/\/bit.ly\/3DSWrF1\" target=\"_blank\" rel=\"noreferrer noopener nofollow\">Reserva Natural Serra da Malcata<\/a>, presume de montar el que es considerado el mayor Madeiro de Natal de Portugal, que habitualmente es encendido poco antes de la medianoche del 23 de diciembre. Por \u2018madeiro\u2019 se conoce a la tradicional <strong>Hoguera del Ni\u00f1o Jes\u00fas<\/strong> que concentra una serie de actividades culturales en torno a \u00e9l.<\/p>\n\n\n\n<p>Una fiesta que multiplica las sensaciones. Todo comienza el 7 de diciembre, cuando comienza la tala y la recogida de los \u00e1rboles secos y enfermos. La madera se recoge en Penamacor con tal de ir montando la poderosa hoguera que llenar\u00e1 de resplandor y magia las noches antes de la Navidad.<\/p>\n\n\n\n<h2 class=\"wp-block-heading\"><strong>A caminar\u2026 O a pedalear<\/strong><\/h2>\n\n\n\n<figure class=\"wp-block-image size-large\"><a href=\"https:\/\/www.escapadarural.com\/blog\/wp-content\/uploads\/Parque-Natural-da-Serra-da-Estrela_kitato-scaled.jpg\"><img decoding=\"async\" src=\"https:\/\/www.escapadarural.com\/blog\/wp-content\/uploads\/Parque-Natural-da-Serra-da-Estrela_kitato-768x1024.jpg\" alt=\"Serra da Estrela\" class=\"wp-image-55556\"\/><\/a><figcaption>Parque Natural da Serra da Estrela. Por: iNature<\/figcaption><\/figure>\n\n\n\n<p>La mejor forma de conocer la naturaleza de las \u00e1reas protegidas de la Regi\u00f3n Centro de Portugal es haciendo una inmersi\u00f3n en la naturaleza, bien caminando o bien d\u00e1ndole a los pedales. La <a href=\"https:\/\/bit.ly\/3Nwx3Jg\" target=\"_blank\" rel=\"noreferrer noopener nofollow\">Grande Rota do C\u00f4a<\/a> es una gran ruta para BTT que pasa por dos de los doce territorios englobados bajo el sello iNature: Zona de Protecci\u00f3n Especial del Valle del C\u00f4a y Reserva da Faia Brava, y Reserva Natural da Serra da Malcata.<\/p>\n\n\n\n<p>Son un total de 222 km de senderos se\u00f1alizados que unen el nacimiento con la desembocadura del C\u00f4a y puede ser recorrida en los dos sentidos y que pasan por los municipios de Sabugal, Almeida, Pinhel, Figueira de Castelo Rodrigo y Vila Nova de Foz C\u00f4a. Otra coordenada imprescindible para los amantes de la bicicleta es el <a href=\"https:\/\/bit.ly\/3DtyDam\" target=\"_blank\" rel=\"noreferrer noopener nofollow\">Centro de BTT Serra da Gardunha<\/a>, que brinda a los usuarios todo tipo de servicios y facilidades junto a 8 rutas, con 4 niveles de dificultad, de moderada a dif\u00edcil, para un total de 250 km, con 2 rutas de entrada conectadas entre s\u00ed.<\/p>\n\n\n\n<p>En cuanto al senderismo, la Serra da Estrela es el escenario ideal para pasear tranquilamente mientras se respira aire fresco y limpio. Al tratarse de un territorio poco poblado y perfectamente conservado, el Parque Natural de la Serra da Estrela es una galaxia emocionante que descubrir para los senderistas, con cerca de 400 km de senderos, como la Ruta de Po\u00e7o do Inferno, la Ruta Glaciar. Para quienes busquen algo m\u00e1s intenso, hay una ruta de m\u00e1s de 90 kil\u00f3metros que cruza el parque de costado a costado que incluye la subida al pico Torre. Exigente, \u00a1pero una ruta bell\u00edsima!<\/p>\n\n\n\n<h2 class=\"wp-block-heading\">Geolog\u00eda y leyendas<\/h2>\n\n\n\n<figure class=\"wp-block-image size-large\"><a href=\"https:\/\/www.escapadarural.com\/blog\/wp-content\/uploads\/2_Parque-Natural-das-Serras-DAire-e-Candeeiros_Grutas-da-Moeda.jpg\"><img decoding=\"async\" src=\"https:\/\/www.escapadarural.com\/blog\/wp-content\/uploads\/2_Parque-Natural-das-Serras-DAire-e-Candeeiros_Grutas-da-Moeda-1024x629.jpg\" alt=\"Parque Natural das Serras d'Aire\" class=\"wp-image-55550\"\/><\/a><figcaption>Gruta da Moeda. Por: iNature<\/figcaption><\/figure>\n\n\n\n<p>El <a href=\"https:\/\/bit.ly\/3DAIQBM\" target=\"_blank\" rel=\"noreferrer noopener nofollow\">Parque Natural de las Serras d&#8217;Aire e Candeeiros<\/a> se distingue por su geolog\u00eda caliza, algo que le infunde una morfolog\u00eda muy especial en la que abundan las cuevas, como las <strong>Grutas de Mira d\u2019Aire<\/strong>, las m\u00e1s grandes y famosas de Portugal, o tambi\u00e9n las <strong>Grutas da Moeda<\/strong>.<\/p>\n\n\n\n<p>Respecto a su nombre, cuenta la leyenda que hace mucho tiempo, un hombre rico que paseaba por el bosque fue asaltado por unos ladrones y que al intentar huir cay\u00f3 por un precipicio junto con su bolsa repleta de monedas. Desde entonces al lugar se le conoci\u00f3 como <strong>Algar da Moeda<\/strong> (algar de las monedas).<\/p>\n\n\n\n<p>Las <strong>Grutas da Moeda<\/strong> fueron descubiertas en 1971, en S\u00e3o Mamede (F\u00e1tima). Llena de formaciones fabulosas de piedra caliza, se trata de un lugar de belleza cavern\u00edcola y singular. Adem\u00e1s de la estructura natural de la cueva, tambi\u00e9n se puede visitar el <strong>Centro de Interpretaci\u00f3n Cient\u00edfico-Ambiental<\/strong>. Las grutas se encuentran a s\u00f3lo 3 minutos de la poblaci\u00f3n de F\u00e1tima, por lo que se puede aprovechar para visitar el centro de turismo religioso m\u00e1s conocido de Portugal.<\/p>\n\n\n\n<p>Contenido promocionado. Cofinanciado por PROVERE &#8211; CENTRO 2020 \/ Uni\u00f3n Europea (FEDER).<\/p>\n\n\n\n<figure class=\"wp-block-image size-full\"><img decoding=\"async\" src=\"https:\/\/www.escapadarural.com\/blog\/wp-content\/uploads\/Mesa-de-trabajo-1.png\" alt=\"Logo iNature\" class=\"wp-image-55563\"\/><\/figure>\n","protected":false},"excerpt":{"rendered":"<p>Los doce territorios protegidos que est\u00e1n reunidos bajo el sello  [&#8230;]<\/p>\n","protected":false},"author":112,"featured_media":99094,"comment_status":"open","ping_status":"open","sticky":false,"template":"","format":"standard","meta":{"_acf_changed":false,"om_disable_all_campaigns":false,"footnotes":""},"categories":[1379],"tags":[212],"class_list":["post-55889","post","type-post","status-publish","format-standard","has-post-thumbnail","hentry","category-rutas-y-excursiones","tag-pueblos"],"acf":[],"featured_image_src":"https:\/\/www.escapadarural.com\/blog\/wp-content\/uploads\/2024\/10\/Parque-Natural-da-Serra-da-Estrela-1024x683-3.jpg","author_info":{"display_name":"Jos\u00e9 Alejandro Adamuz","author_link":"https:\/\/www.escapadarural.com\/blog\/autor\/josealejandro\/"},"yoast_head":"<!-- This site is optimized with the Yoast SEO plugin v27.5 - https:\/\/yoast.com\/product\/yoast-seo-wordpress\/ -->\n<title>5 planes naturales para conocer la Regi\u00f3n Centro de Portugal - EscapadaRural<\/title>\n<meta name=\"robots\" content=\"index, follow, max-snippet:-1, max-image-preview:large, max-video-preview:-1\" \/>\n<link rel=\"canonical\" href=\"https:\/\/www.escapadarural.com\/blog\/planes-para-conocer-centro-de-portugal\/\" \/>\n<meta property=\"og:locale\" content=\"es_ES\" \/>\n<meta property=\"og:type\" content=\"article\" \/>\n<meta property=\"og:title\" content=\"5 planes naturales para conocer la Regi\u00f3n Centro de Portugal - EscapadaRural\" \/>\n<meta property=\"og:description\" content=\"Los doce territorios protegidos que est\u00e1n reunidos bajo el sello [...]\" \/>\n<meta property=\"og:url\" content=\"https:\/\/www.escapadarural.com\/blog\/planes-para-conocer-centro-de-portugal\/\" \/>\n<meta property=\"og:site_name\" content=\"Magazine de viajes de EscapadaRural\" \/>\n<meta property=\"article:publisher\" content=\"https:\/\/www.facebook.com\/escapadarural\" \/>\n<meta property=\"article:published_time\" content=\"2022-11-16T15:07:11+00:00\" \/>\n<meta property=\"article:modified_time\" content=\"2025-01-15T12:40:49+00:00\" \/>\n<meta property=\"og:image\" content=\"https:\/\/www.escapadarural.com\/blog\/wp-content\/uploads\/2024\/10\/Parque-Natural-da-Serra-da-Estrela-1024x683-3.jpg\" \/>\n\t<meta property=\"og:image:width\" content=\"1024\" \/>\n\t<meta property=\"og:image:height\" content=\"683\" \/>\n\t<meta property=\"og:image:type\" content=\"image\/jpeg\" \/>\n<meta name=\"author\" content=\"Jos\u00e9 Alejandro Adamuz\" \/>\n<meta name=\"twitter:card\" content=\"summary_large_image\" \/>\n<meta name=\"twitter:label1\" content=\"Escrito por\" \/>\n\t<meta name=\"twitter:data1\" content=\"Jos\u00e9 Alejandro Adamuz\" \/>\n\t<meta name=\"twitter:label2\" content=\"Tiempo de lectura\" \/>\n\t<meta name=\"twitter:data2\" content=\"5 minutos\" \/>\n<script type=\"application\/ld+json\" class=\"yoast-schema-graph\">{\"@context\":\"https:\\\/\\\/schema.org\",\"@graph\":[{\"@type\":\"Article\",\"@id\":\"https:\\\/\\\/www.escapadarural.com\\\/blog\\\/planes-para-conocer-centro-de-portugal\\\/#article\",\"isPartOf\":{\"@id\":\"https:\\\/\\\/www.escapadarural.com\\\/blog\\\/planes-para-conocer-centro-de-portugal\\\/\"},\"author\":{\"name\":\"Jos\u00e9 Alejandro Adamuz\",\"@id\":\"https:\\\/\\\/www.escapadarural.com\\\/blog\\\/#\\\/schema\\\/person\\\/ac6969ba5ab90987dda9465be409d6b3\"},\"headline\":\"5 planes naturales para conocer la Regi\u00f3n Centro de Portugal\",\"datePublished\":\"2022-11-16T15:07:11+00:00\",\"dateModified\":\"2025-01-15T12:40:49+00:00\",\"mainEntityOfPage\":{\"@id\":\"https:\\\/\\\/www.escapadarural.com\\\/blog\\\/planes-para-conocer-centro-de-portugal\\\/\"},\"wordCount\":1000,\"commentCount\":4,\"publisher\":{\"@id\":\"https:\\\/\\\/www.escapadarural.com\\\/blog\\\/#organization\"},\"image\":{\"@id\":\"https:\\\/\\\/www.escapadarural.com\\\/blog\\\/planes-para-conocer-centro-de-portugal\\\/#primaryimage\"},\"thumbnailUrl\":\"https:\\\/\\\/www.escapadarural.com\\\/blog\\\/wp-content\\\/uploads\\\/2024\\\/10\\\/Parque-Natural-da-Serra-da-Estrela-1024x683-3.jpg\",\"keywords\":[\"pueblos\"],\"articleSection\":[\"Rutas y excursiones\"],\"inLanguage\":\"es\",\"potentialAction\":[{\"@type\":\"CommentAction\",\"name\":\"Comment\",\"target\":[\"https:\\\/\\\/www.escapadarural.com\\\/blog\\\/planes-para-conocer-centro-de-portugal\\\/#respond\"]}]},{\"@type\":\"WebPage\",\"@id\":\"https:\\\/\\\/www.escapadarural.com\\\/blog\\\/planes-para-conocer-centro-de-portugal\\\/\",\"url\":\"https:\\\/\\\/www.escapadarural.com\\\/blog\\\/planes-para-conocer-centro-de-portugal\\\/\",\"name\":\"5 planes naturales para conocer la Regi\u00f3n Centro de Portugal - EscapadaRural\",\"isPartOf\":{\"@id\":\"https:\\\/\\\/www.escapadarural.com\\\/blog\\\/#website\"},\"primaryImageOfPage\":{\"@id\":\"https:\\\/\\\/www.escapadarural.com\\\/blog\\\/planes-para-conocer-centro-de-portugal\\\/#primaryimage\"},\"image\":{\"@id\":\"https:\\\/\\\/www.escapadarural.com\\\/blog\\\/planes-para-conocer-centro-de-portugal\\\/#primaryimage\"},\"thumbnailUrl\":\"https:\\\/\\\/www.escapadarural.com\\\/blog\\\/wp-content\\\/uploads\\\/2024\\\/10\\\/Parque-Natural-da-Serra-da-Estrela-1024x683-3.jpg\",\"datePublished\":\"2022-11-16T15:07:11+00:00\",\"dateModified\":\"2025-01-15T12:40:49+00:00\",\"breadcrumb\":{\"@id\":\"https:\\\/\\\/www.escapadarural.com\\\/blog\\\/planes-para-conocer-centro-de-portugal\\\/#breadcrumb\"},\"inLanguage\":\"es\",\"potentialAction\":[{\"@type\":\"ReadAction\",\"target\":[\"https:\\\/\\\/www.escapadarural.com\\\/blog\\\/planes-para-conocer-centro-de-portugal\\\/\"]}]},{\"@type\":\"ImageObject\",\"inLanguage\":\"es\",\"@id\":\"https:\\\/\\\/www.escapadarural.com\\\/blog\\\/planes-para-conocer-centro-de-portugal\\\/#primaryimage\",\"url\":\"https:\\\/\\\/www.escapadarural.com\\\/blog\\\/wp-content\\\/uploads\\\/2024\\\/10\\\/Parque-Natural-da-Serra-da-Estrela-1024x683-3.jpg\",\"contentUrl\":\"https:\\\/\\\/www.escapadarural.com\\\/blog\\\/wp-content\\\/uploads\\\/2024\\\/10\\\/Parque-Natural-da-Serra-da-Estrela-1024x683-3.jpg\",\"width\":1024,\"height\":683,\"caption\":\"Una carretera de dos carriles se extiende en la distancia, flanqueada por \u00e1rboles cubiertos de nieve a ambos lados bajo un cielo parcialmente nublado. La escena, luminosa y serena, sugiere un fr\u00edo pero despejado d\u00eda de invierno.\"},{\"@type\":\"BreadcrumbList\",\"@id\":\"https:\\\/\\\/www.escapadarural.com\\\/blog\\\/planes-para-conocer-centro-de-portugal\\\/#breadcrumb\",\"itemListElement\":[{\"@type\":\"ListItem\",\"position\":1,\"name\":\"Inicio\",\"item\":\"https:\\\/\\\/www.escapadarural.com\\\/blog\\\/\"},{\"@type\":\"ListItem\",\"position\":2,\"name\":\"Rutas y excursiones\",\"item\":\"https:\\\/\\\/www.escapadarural.com\\\/blog\\\/categoria\\\/rutas-y-excursiones\\\/\"},{\"@type\":\"ListItem\",\"position\":3,\"name\":\"5 planes naturales para conocer la Regi\u00f3n Centro de Portugal\"}]},{\"@type\":\"WebSite\",\"@id\":\"https:\\\/\\\/www.escapadarural.com\\\/blog\\\/#website\",\"url\":\"https:\\\/\\\/www.escapadarural.com\\\/blog\\\/\",\"name\":\"Blog de viajes | turismo rural, alojamientos e inspiraci\u00f3n\",\"description\":\"Alojamientos rurales e inspiraci\u00f3n para tus escapadas\",\"publisher\":{\"@id\":\"https:\\\/\\\/www.escapadarural.com\\\/blog\\\/#organization\"},\"alternateName\":\"Magazine de viajes de EscapadaRural\",\"potentialAction\":[{\"@type\":\"SearchAction\",\"target\":{\"@type\":\"EntryPoint\",\"urlTemplate\":\"https:\\\/\\\/www.escapadarural.com\\\/blog\\\/?s={search_term_string}\"},\"query-input\":{\"@type\":\"PropertyValueSpecification\",\"valueRequired\":true,\"valueName\":\"search_term_string\"}}],\"inLanguage\":\"es\"},{\"@type\":\"Organization\",\"@id\":\"https:\\\/\\\/www.escapadarural.com\\\/blog\\\/#organization\",\"name\":\"EscapadaRural\",\"url\":\"https:\\\/\\\/www.escapadarural.com\\\/blog\\\/\",\"logo\":{\"@type\":\"ImageObject\",\"inLanguage\":\"es\",\"@id\":\"https:\\\/\\\/www.escapadarural.com\\\/blog\\\/#\\\/schema\\\/logo\\\/image\\\/\",\"url\":\"https:\\\/\\\/www.escapadarural.com\\\/blog\\\/wp-content\\\/uploads\\\/2024\\\/10\\\/cropped-cropped-escapada-rural-icon-mag-3.png\",\"contentUrl\":\"https:\\\/\\\/www.escapadarural.com\\\/blog\\\/wp-content\\\/uploads\\\/2024\\\/10\\\/cropped-cropped-escapada-rural-icon-mag-3.png\",\"width\":512,\"height\":512,\"caption\":\"EscapadaRural\"},\"image\":{\"@id\":\"https:\\\/\\\/www.escapadarural.com\\\/blog\\\/#\\\/schema\\\/logo\\\/image\\\/\"},\"sameAs\":[\"https:\\\/\\\/www.facebook.com\\\/escapadarural\",\"https:\\\/\\\/www.instagram.com\\\/escapadarural\\\/\",\"https:\\\/\\\/www.youtube.com\\\/@escapadaruralcom\"]},{\"@type\":\"Person\",\"@id\":\"https:\\\/\\\/www.escapadarural.com\\\/blog\\\/#\\\/schema\\\/person\\\/ac6969ba5ab90987dda9465be409d6b3\",\"name\":\"Jos\u00e9 Alejandro Adamuz\",\"image\":{\"@type\":\"ImageObject\",\"inLanguage\":\"es\",\"@id\":\"https:\\\/\\\/www.escapadarural.com\\\/blog\\\/wp-content\\\/uploads\\\/2025\\\/02\\\/cropped-jose_alejandro_viajar-96x96.webp\",\"url\":\"https:\\\/\\\/www.escapadarural.com\\\/blog\\\/wp-content\\\/uploads\\\/2025\\\/02\\\/cropped-jose_alejandro_viajar-96x96.webp\",\"contentUrl\":\"https:\\\/\\\/www.escapadarural.com\\\/blog\\\/wp-content\\\/uploads\\\/2025\\\/02\\\/cropped-jose_alejandro_viajar-96x96.webp\",\"caption\":\"Jos\u00e9 Alejandro Adamuz\"},\"description\":\"Soy licenciado en filolog\u00eda hisp\u00e1nica y periodista por vocaci\u00f3n. Tambi\u00e9n soy disl\u00e9xico, por lo que suelo confundir la derecha con la izquierda y los kil\u00f3metros con la literatura. Pero de momento me va bien as\u00ed. Colaboro habitualmente en diferentes medios haciendo cr\u00f3nica de viajes y periodismo cultural. Me gusta que los viajes cuenten historias y que las historias me hagan viajar.\",\"sameAs\":[\"https:\\\/\\\/viviratodaletra.com\\\/\"],\"url\":\"https:\\\/\\\/www.escapadarural.com\\\/blog\\\/autor\\\/josealejandro\\\/\"}]}<\/script>\n<!-- \/ Yoast SEO plugin. -->","yoast_head_json":{"title":"5 planes naturales para conocer la Regi\u00f3n Centro de Portugal - EscapadaRural","robots":{"index":"index","follow":"follow","max-snippet":"max-snippet:-1","max-image-preview":"max-image-preview:large","max-video-preview":"max-video-preview:-1"},"canonical":"https:\/\/www.escapadarural.com\/blog\/planes-para-conocer-centro-de-portugal\/","og_locale":"es_ES","og_type":"article","og_title":"5 planes naturales para conocer la Regi\u00f3n Centro de Portugal - EscapadaRural","og_description":"Los doce territorios protegidos que est\u00e1n reunidos bajo el sello [...]","og_url":"https:\/\/www.escapadarural.com\/blog\/planes-para-conocer-centro-de-portugal\/","og_site_name":"Magazine de viajes de EscapadaRural","article_publisher":"https:\/\/www.facebook.com\/escapadarural","article_published_time":"2022-11-16T15:07:11+00:00","article_modified_time":"2025-01-15T12:40:49+00:00","og_image":[{"width":1024,"height":683,"url":"https:\/\/www.escapadarural.com\/blog\/wp-content\/uploads\/2024\/10\/Parque-Natural-da-Serra-da-Estrela-1024x683-3.jpg","type":"image\/jpeg"}],"author":"Jos\u00e9 Alejandro Adamuz","twitter_card":"summary_large_image","twitter_misc":{"Escrito por":"Jos\u00e9 Alejandro Adamuz","Tiempo de lectura":"5 minutos"},"schema":{"@context":"https:\/\/schema.org","@graph":[{"@type":"Article","@id":"https:\/\/www.escapadarural.com\/blog\/planes-para-conocer-centro-de-portugal\/#article","isPartOf":{"@id":"https:\/\/www.escapadarural.com\/blog\/planes-para-conocer-centro-de-portugal\/"},"author":{"name":"Jos\u00e9 Alejandro Adamuz","@id":"https:\/\/www.escapadarural.com\/blog\/#\/schema\/person\/ac6969ba5ab90987dda9465be409d6b3"},"headline":"5 planes naturales para conocer la Regi\u00f3n Centro de Portugal","datePublished":"2022-11-16T15:07:11+00:00","dateModified":"2025-01-15T12:40:49+00:00","mainEntityOfPage":{"@id":"https:\/\/www.escapadarural.com\/blog\/planes-para-conocer-centro-de-portugal\/"},"wordCount":1000,"commentCount":4,"publisher":{"@id":"https:\/\/www.escapadarural.com\/blog\/#organization"},"image":{"@id":"https:\/\/www.escapadarural.com\/blog\/planes-para-conocer-centro-de-portugal\/#primaryimage"},"thumbnailUrl":"https:\/\/www.escapadarural.com\/blog\/wp-content\/uploads\/2024\/10\/Parque-Natural-da-Serra-da-Estrela-1024x683-3.jpg","keywords":["pueblos"],"articleSection":["Rutas y excursiones"],"inLanguage":"es","potentialAction":[{"@type":"CommentAction","name":"Comment","target":["https:\/\/www.escapadarural.com\/blog\/planes-para-conocer-centro-de-portugal\/#respond"]}]},{"@type":"WebPage","@id":"https:\/\/www.escapadarural.com\/blog\/planes-para-conocer-centro-de-portugal\/","url":"https:\/\/www.escapadarural.com\/blog\/planes-para-conocer-centro-de-portugal\/","name":"5 planes naturales para conocer la Regi\u00f3n Centro de Portugal - EscapadaRural","isPartOf":{"@id":"https:\/\/www.escapadarural.com\/blog\/#website"},"primaryImageOfPage":{"@id":"https:\/\/www.escapadarural.com\/blog\/planes-para-conocer-centro-de-portugal\/#primaryimage"},"image":{"@id":"https:\/\/www.escapadarural.com\/blog\/planes-para-conocer-centro-de-portugal\/#primaryimage"},"thumbnailUrl":"https:\/\/www.escapadarural.com\/blog\/wp-content\/uploads\/2024\/10\/Parque-Natural-da-Serra-da-Estrela-1024x683-3.jpg","datePublished":"2022-11-16T15:07:11+00:00","dateModified":"2025-01-15T12:40:49+00:00","breadcrumb":{"@id":"https:\/\/www.escapadarural.com\/blog\/planes-para-conocer-centro-de-portugal\/#breadcrumb"},"inLanguage":"es","potentialAction":[{"@type":"ReadAction","target":["https:\/\/www.escapadarural.com\/blog\/planes-para-conocer-centro-de-portugal\/"]}]},{"@type":"ImageObject","inLanguage":"es","@id":"https:\/\/www.escapadarural.com\/blog\/planes-para-conocer-centro-de-portugal\/#primaryimage","url":"https:\/\/www.escapadarural.com\/blog\/wp-content\/uploads\/2024\/10\/Parque-Natural-da-Serra-da-Estrela-1024x683-3.jpg","contentUrl":"https:\/\/www.escapadarural.com\/blog\/wp-content\/uploads\/2024\/10\/Parque-Natural-da-Serra-da-Estrela-1024x683-3.jpg","width":1024,"height":683,"caption":"Una carretera de dos carriles se extiende en la distancia, flanqueada por \u00e1rboles cubiertos de nieve a ambos lados bajo un cielo parcialmente nublado. La escena, luminosa y serena, sugiere un fr\u00edo pero despejado d\u00eda de invierno."},{"@type":"BreadcrumbList","@id":"https:\/\/www.escapadarural.com\/blog\/planes-para-conocer-centro-de-portugal\/#breadcrumb","itemListElement":[{"@type":"ListItem","position":1,"name":"Inicio","item":"https:\/\/www.escapadarural.com\/blog\/"},{"@type":"ListItem","position":2,"name":"Rutas y excursiones","item":"https:\/\/www.escapadarural.com\/blog\/categoria\/rutas-y-excursiones\/"},{"@type":"ListItem","position":3,"name":"5 planes naturales para conocer la Regi\u00f3n Centro de Portugal"}]},{"@type":"WebSite","@id":"https:\/\/www.escapadarural.com\/blog\/#website","url":"https:\/\/www.escapadarural.com\/blog\/","name":"Blog de viajes | turismo rural, alojamientos e inspiraci\u00f3n","description":"Alojamientos rurales e inspiraci\u00f3n para tus escapadas","publisher":{"@id":"https:\/\/www.escapadarural.com\/blog\/#organization"},"alternateName":"Magazine de viajes de EscapadaRural","potentialAction":[{"@type":"SearchAction","target":{"@type":"EntryPoint","urlTemplate":"https:\/\/www.escapadarural.com\/blog\/?s={search_term_string}"},"query-input":{"@type":"PropertyValueSpecification","valueRequired":true,"valueName":"search_term_string"}}],"inLanguage":"es"},{"@type":"Organization","@id":"https:\/\/www.escapadarural.com\/blog\/#organization","name":"EscapadaRural","url":"https:\/\/www.escapadarural.com\/blog\/","logo":{"@type":"ImageObject","inLanguage":"es","@id":"https:\/\/www.escapadarural.com\/blog\/#\/schema\/logo\/image\/","url":"https:\/\/www.escapadarural.com\/blog\/wp-content\/uploads\/2024\/10\/cropped-cropped-escapada-rural-icon-mag-3.png","contentUrl":"https:\/\/www.escapadarural.com\/blog\/wp-content\/uploads\/2024\/10\/cropped-cropped-escapada-rural-icon-mag-3.png","width":512,"height":512,"caption":"EscapadaRural"},"image":{"@id":"https:\/\/www.escapadarural.com\/blog\/#\/schema\/logo\/image\/"},"sameAs":["https:\/\/www.facebook.com\/escapadarural","https:\/\/www.instagram.com\/escapadarural\/","https:\/\/www.youtube.com\/@escapadaruralcom"]},{"@type":"Person","@id":"https:\/\/www.escapadarural.com\/blog\/#\/schema\/person\/ac6969ba5ab90987dda9465be409d6b3","name":"Jos\u00e9 Alejandro Adamuz","image":{"@type":"ImageObject","inLanguage":"es","@id":"https:\/\/www.escapadarural.com\/blog\/wp-content\/uploads\/2025\/02\/cropped-jose_alejandro_viajar-96x96.webp","url":"https:\/\/www.escapadarural.com\/blog\/wp-content\/uploads\/2025\/02\/cropped-jose_alejandro_viajar-96x96.webp","contentUrl":"https:\/\/www.escapadarural.com\/blog\/wp-content\/uploads\/2025\/02\/cropped-jose_alejandro_viajar-96x96.webp","caption":"Jos\u00e9 Alejandro Adamuz"},"description":"Soy licenciado en filolog\u00eda hisp\u00e1nica y periodista por vocaci\u00f3n. Tambi\u00e9n soy disl\u00e9xico, por lo que suelo confundir la derecha con la izquierda y los kil\u00f3metros con la literatura. Pero de momento me va bien as\u00ed. Colaboro habitualmente en diferentes medios haciendo cr\u00f3nica de viajes y periodismo cultural. Me gusta que los viajes cuenten historias y que las historias me hagan viajar.","sameAs":["https:\/\/viviratodaletra.com\/"],"url":"https:\/\/www.escapadarural.com\/blog\/autor\/josealejandro\/"}]}},"_links":{"self":[{"href":"https:\/\/www.escapadarural.com\/blog\/wp-json\/wp\/v2\/posts\/55889","targetHints":{"allow":["GET"]}}],"collection":[{"href":"https:\/\/www.escapadarural.com\/blog\/wp-json\/wp\/v2\/posts"}],"about":[{"href":"https:\/\/www.escapadarural.com\/blog\/wp-json\/wp\/v2\/types\/post"}],"author":[{"embeddable":true,"href":"https:\/\/www.escapadarural.com\/blog\/wp-json\/wp\/v2\/users\/112"}],"replies":[{"embeddable":true,"href":"https:\/\/www.escapadarural.com\/blog\/wp-json\/wp\/v2\/comments?post=55889"}],"version-history":[{"count":0,"href":"https:\/\/www.escapadarural.com\/blog\/wp-json\/wp\/v2\/posts\/55889\/revisions"}],"wp:featuredmedia":[{"embeddable":true,"href":"https:\/\/www.escapadarural.com\/blog\/wp-json\/wp\/v2\/media\/99094"}],"wp:attachment":[{"href":"https:\/\/www.escapadarural.com\/blog\/wp-json\/wp\/v2\/media?parent=55889"}],"wp:term":[{"taxonomy":"category","embeddable":true,"href":"https:\/\/www.escapadarural.com\/blog\/wp-json\/wp\/v2\/categories?post=55889"},{"taxonomy":"post_tag","embeddable":true,"href":"https:\/\/www.escapadarural.com\/blog\/wp-json\/wp\/v2\/tags?post=55889"}],"curies":[{"name":"wp","href":"https:\/\/api.w.org\/{rel}","templated":true}]}}