{"id":5594,"date":"2024-04-10T16:52:49","date_gmt":"2024-04-10T15:52:49","guid":{"rendered":"http:\/\/15.188.81.248\/2018\/09\/18\/lagos-preciosos-que-visitar-en-espana\/"},"modified":"2025-03-10T10:38:33","modified_gmt":"2025-03-10T08:38:33","slug":"lagos-preciosos-que-visitar-en-espana","status":"publish","type":"post","link":"https:\/\/www.escapadarural.com\/blog\/lagos-preciosos-que-visitar-en-espana\/","title":{"rendered":"15 lagos en Espa\u00f1a que merecen una visita"},"content":{"rendered":"\n<figure class=\"wp-block-image size-large\"><img loading=\"lazy\" decoding=\"async\" width=\"1024\" height=\"744\" src=\"https:\/\/www.escapadarural.com\/blog\/wp-content\/uploads\/2022\/03\/AdobeStock_205441960-scaled-1-1024x744.jpeg\" alt=\"Parque Natural de las Lagunas de Ruidera. Por Juanje P\u00e9rez\" class=\"wp-image-49787\" srcset=\"https:\/\/www.escapadarural.com\/blog\/wp-content\/uploads\/2022\/03\/AdobeStock_205441960-scaled-1-200x145.jpeg 200w, https:\/\/www.escapadarural.com\/blog\/wp-content\/uploads\/2022\/03\/AdobeStock_205441960-scaled-1-300x218.jpeg 300w, https:\/\/www.escapadarural.com\/blog\/wp-content\/uploads\/2022\/03\/AdobeStock_205441960-scaled-1-400x290.jpeg 400w, https:\/\/www.escapadarural.com\/blog\/wp-content\/uploads\/2022\/03\/AdobeStock_205441960-scaled-1-600x436.jpeg 600w, https:\/\/www.escapadarural.com\/blog\/wp-content\/uploads\/2022\/03\/AdobeStock_205441960-scaled-1-768x558.jpeg 768w, https:\/\/www.escapadarural.com\/blog\/wp-content\/uploads\/2022\/03\/AdobeStock_205441960-scaled-1-800x581.jpeg 800w, https:\/\/www.escapadarural.com\/blog\/wp-content\/uploads\/2022\/03\/AdobeStock_205441960-scaled-1-1024x744.jpeg 1024w, https:\/\/www.escapadarural.com\/blog\/wp-content\/uploads\/2022\/03\/AdobeStock_205441960-scaled-1-1200x871.jpeg 1200w, https:\/\/www.escapadarural.com\/blog\/wp-content\/uploads\/2022\/03\/AdobeStock_205441960-scaled-1-1536x1115.jpeg 1536w\" sizes=\"auto, (max-width: 1024px) 100vw, 1024px\" \/><figcaption class=\"wp-element-caption\">Parque Natural de las Lagunas de Ruidera. Por Juanje P\u00e9rez<\/figcaption><\/figure>\n\n\n\n<p>Lagos, ibones, embalses&#8230; Espa\u00f1a est\u00e1 repleto de rincones donde el agua es la protagonista. Y da igual que sea verano o invierno, todos ellos pueden visitarse en cualquier \u00e9poca del a\u00f1o. Aqu\u00ed os dejamos algunos de ellos que por su ubicaci\u00f3n y caracter\u00edsticas bien se merecen una visita.<\/p>\n\n\n\n<div class=\"wp-block-buttons is-layout-flex wp-block-buttons-is-layout-flex\">\n<div class=\"wp-block-button\"><a class=\"wp-block-button__link wp-element-button\" href=\"\/casas-rurales\" target=\"_blank\" rel=\"noreferrer noopener\">Encuentra tu alojamiento<\/a><\/div>\n<\/div>\n\n\n\n<h2 class=\"wp-block-heading title-rute\" id=\"h-ibon-de-estanes-huesca\">Ib\u00f3n de Estan\u00e9s (<a href=\"\/casas-rurales\/huesca\" target=\"_blank\" rel=\"noreferrer noopener\">Huesca<\/a>)<\/h2>\n\n\n\n<figure class=\"wp-block-image size-large\"><img loading=\"lazy\" decoding=\"async\" width=\"1024\" height=\"683\" src=\"https:\/\/www.escapadarural.com\/blog\/wp-content\/uploads\/2022\/03\/AdobeStock_306943766-scaled-1-1024x683.jpeg\" alt=\"Ib\u00f3n de Estanes. Por FPT\" class=\"wp-image-49783\" srcset=\"https:\/\/www.escapadarural.com\/blog\/wp-content\/uploads\/2022\/03\/AdobeStock_306943766-scaled-1-200x133.jpeg 200w, https:\/\/www.escapadarural.com\/blog\/wp-content\/uploads\/2022\/03\/AdobeStock_306943766-scaled-1-300x200.jpeg 300w, https:\/\/www.escapadarural.com\/blog\/wp-content\/uploads\/2022\/03\/AdobeStock_306943766-scaled-1-400x267.jpeg 400w, https:\/\/www.escapadarural.com\/blog\/wp-content\/uploads\/2022\/03\/AdobeStock_306943766-scaled-1-600x400.jpeg 600w, https:\/\/www.escapadarural.com\/blog\/wp-content\/uploads\/2022\/03\/AdobeStock_306943766-scaled-1-768x512.jpeg 768w, https:\/\/www.escapadarural.com\/blog\/wp-content\/uploads\/2022\/03\/AdobeStock_306943766-scaled-1-800x533.jpeg 800w, https:\/\/www.escapadarural.com\/blog\/wp-content\/uploads\/2022\/03\/AdobeStock_306943766-scaled-1-1024x683.jpeg 1024w, https:\/\/www.escapadarural.com\/blog\/wp-content\/uploads\/2022\/03\/AdobeStock_306943766-scaled-1-1200x800.jpeg 1200w, https:\/\/www.escapadarural.com\/blog\/wp-content\/uploads\/2022\/03\/AdobeStock_306943766-scaled-1-1536x1024.jpeg 1536w\" sizes=\"auto, (max-width: 1024px) 100vw, 1024px\" \/><figcaption class=\"wp-element-caption\">Ib\u00f3n de Estanes. Por FPT<\/figcaption><\/figure>\n\n\n\n<p>Para llegar al <strong>ib\u00f3n de Estan\u00e9s<\/strong> hace falta emprender una excursi\u00f3n f\u00e1cil que recorre el <strong>Parque Natural de los Valles Occidentales<\/strong> por el lado franc\u00e9s y el de Arag\u00f3n, en Huesca. Se inicia en el aparcamiento de Sansanet y concluye en el ib\u00f3n. En total, unas 3:30 horas para recorrer 10 km de ida y vuelta.<\/p>\n\n\n\n<h2 class=\"wp-block-heading title-rute\" id=\"h-lago-de-panticosa-huesca\">Lago de Panticosa (Huesca)<\/h2>\n\n\n\n<figure class=\"wp-block-image size-full\"><img loading=\"lazy\" decoding=\"async\" width=\"1000\" height=\"667\" src=\"https:\/\/www.escapadarural.com\/blog\/wp-content\/uploads\/2018\/09\/Lago-Panticosa.-Huesca.jpg\" alt=\"Lago Panticosa\" class=\"wp-image-26015\" srcset=\"https:\/\/www.escapadarural.com\/blog\/wp-content\/uploads\/2018\/09\/Lago-Panticosa.-Huesca-200x133.jpg 200w, https:\/\/www.escapadarural.com\/blog\/wp-content\/uploads\/2018\/09\/Lago-Panticosa.-Huesca-300x200.jpg 300w, https:\/\/www.escapadarural.com\/blog\/wp-content\/uploads\/2018\/09\/Lago-Panticosa.-Huesca-400x267.jpg 400w, https:\/\/www.escapadarural.com\/blog\/wp-content\/uploads\/2018\/09\/Lago-Panticosa.-Huesca-600x400.jpg 600w, https:\/\/www.escapadarural.com\/blog\/wp-content\/uploads\/2018\/09\/Lago-Panticosa.-Huesca-768x512.jpg 768w, https:\/\/www.escapadarural.com\/blog\/wp-content\/uploads\/2018\/09\/Lago-Panticosa.-Huesca-800x534.jpg 800w, https:\/\/www.escapadarural.com\/blog\/wp-content\/uploads\/2018\/09\/Lago-Panticosa.-Huesca.jpg 1000w\" sizes=\"auto, (max-width: 1000px) 100vw, 1000px\" \/><figcaption class=\"wp-element-caption\">Lago Panticosa. Por holbox<\/figcaption><\/figure>\n\n\n\n<p>Adem\u00e1s de ser precioso, el lago de <strong>Panticosa <\/strong>est\u00e1 cerca de un balneario y de una estaci\u00f3n de esqu\u00ed alpino. Hay m\u00e1s. M\u00e1s ibones en la comarca del <a href=\"\/casas-rurales\/alto-gallego\">Alto G\u00e1llego<\/a>, en el valle de Tena. Desde Panticosa, se accede a los llamados \u00abibones azules\u00bb en un recorrido de algo m\u00e1s de 3 horas. En total, 13 km de recorrido circular desde el balneario.<\/p>\n\n\n\n<h2 class=\"wp-block-heading title-rute\" id=\"h-lago-de-la-cueva-asturias\">Lago de la Cueva (<a href=\"\/casas-rurales\/asturias\" target=\"_blank\" rel=\"noreferrer noopener\">Asturias<\/a>)<\/h2>\n\n\n\n<figure class=\"wp-block-image size-full\"><img loading=\"lazy\" decoding=\"async\" width=\"680\" height=\"455\" src=\"https:\/\/www.escapadarural.com\/blog\/wp-content\/uploads\/2020\/04\/Lago-de-la-Cueva.-Somiedo.-Asturias-2-680x455-1.jpg\" alt=\"Lago de la Cueva, en Somiedo. Por matthi\" class=\"wp-image-5645\" srcset=\"https:\/\/www.escapadarural.com\/blog\/wp-content\/uploads\/2020\/04\/Lago-de-la-Cueva.-Somiedo.-Asturias-2-680x455-1-200x134.jpg 200w, https:\/\/www.escapadarural.com\/blog\/wp-content\/uploads\/2020\/04\/Lago-de-la-Cueva.-Somiedo.-Asturias-2-680x455-1-300x201.jpg 300w, https:\/\/www.escapadarural.com\/blog\/wp-content\/uploads\/2020\/04\/Lago-de-la-Cueva.-Somiedo.-Asturias-2-680x455-1-400x268.jpg 400w, https:\/\/www.escapadarural.com\/blog\/wp-content\/uploads\/2020\/04\/Lago-de-la-Cueva.-Somiedo.-Asturias-2-680x455-1-600x401.jpg 600w, https:\/\/www.escapadarural.com\/blog\/wp-content\/uploads\/2020\/04\/Lago-de-la-Cueva.-Somiedo.-Asturias-2-680x455-1.jpg 680w\" sizes=\"auto, (max-width: 680px) 100vw, 680px\" \/><figcaption class=\"wp-element-caption\">Lago de la Cueva, en Somiedo. Por matthi<\/figcaption><\/figure>\n\n\n\n<p>El <a href=\"\/casas-rurales\/parque-natural-de-somiedo\">Parque Natural de Somiedo<\/a> es como una mu\u00f1eca rusa: una maravilla con otras maravillas m\u00e1s peque\u00f1as en su interior. Desde el pueblo de Saliencia en Asturias (o desde Torrest\u00edo, en Le\u00f3n) se llega al Alto de La Farrapona. All\u00ed se deja el coche.<\/p>\n\n\n\n<p>Tras 10 min de paseo en bajada, llegar\u00e9is al precioso <strong>lago de la Cueva<\/strong>. Pod\u00e9is daros la vuelta o seguir ruta para visitar el lago Negro y el lago Cerveriz (14 km, 28 km ida y vuelta). Es la ruta de los lagos de Saliencia, imprescindible.<\/p>\n\n\n\n<h2 class=\"wp-block-heading title-rute\" id=\"h-lagunas-de-sierra-de-gredos-avila\">Lagunas de sierra de Gredos (<a href=\"\/casas-rurales\/avila\" target=\"_blank\" rel=\"noreferrer noopener\">\u00c1vila<\/a>)<\/h2>\n\n\n\n<figure class=\"wp-block-image size-full\"><img loading=\"lazy\" decoding=\"async\" width=\"1000\" height=\"667\" src=\"https:\/\/www.escapadarural.com\/blog\/wp-content\/uploads\/2018\/09\/Lago-Sierra-de-Gredos.-Avila-2.jpg\" alt=\"Lago Sierra de Gredos. Por Fernando S\u00e1nchez\" class=\"wp-image-26013\" srcset=\"https:\/\/www.escapadarural.com\/blog\/wp-content\/uploads\/2018\/09\/Lago-Sierra-de-Gredos.-Avila-2-200x133.jpg 200w, https:\/\/www.escapadarural.com\/blog\/wp-content\/uploads\/2018\/09\/Lago-Sierra-de-Gredos.-Avila-2-300x200.jpg 300w, https:\/\/www.escapadarural.com\/blog\/wp-content\/uploads\/2018\/09\/Lago-Sierra-de-Gredos.-Avila-2-400x267.jpg 400w, https:\/\/www.escapadarural.com\/blog\/wp-content\/uploads\/2018\/09\/Lago-Sierra-de-Gredos.-Avila-2-600x400.jpg 600w, https:\/\/www.escapadarural.com\/blog\/wp-content\/uploads\/2018\/09\/Lago-Sierra-de-Gredos.-Avila-2-768x512.jpg 768w, https:\/\/www.escapadarural.com\/blog\/wp-content\/uploads\/2018\/09\/Lago-Sierra-de-Gredos.-Avila-2-800x534.jpg 800w, https:\/\/www.escapadarural.com\/blog\/wp-content\/uploads\/2018\/09\/Lago-Sierra-de-Gredos.-Avila-2.jpg 1000w\" sizes=\"auto, (max-width: 1000px) 100vw, 1000px\" \/><figcaption class=\"wp-element-caption\">Lago Sierra de Gredos. Por Fernando S\u00e1nchez<\/figcaption><\/figure>\n\n\n\n<p>La <a href=\"\/casas-rurales\/sierra-de-gredos\">sierra de Gredos<\/a>, majestuosa, se extiende sobre los territorios de Salamanca, C\u00e1ceres, \u00c1vila, Madrid y Toledo. En sus dominios emerge el<strong> pico Almanzor <\/strong>(2.592 m). Precisamente a sus pies se encuentra la Laguna Grande de Gredos, en \u00c1vila, de origen glaciar. No es la \u00fanica de Gredos en \u00c1vila: las Cinco Lagunas, la laguna del Barco o la garganta de los Caballeros.<\/p>\n\n\n\n<h2 class=\"wp-block-heading title-rute\" id=\"h-lago-de-santa-fe-barcelona\">Lago de Santa Fe (<a href=\"\/casas-rurales\/barcelona\" target=\"_blank\" rel=\"noreferrer noopener\">Barcelona<\/a>)<\/h2>\n\n\n\n<figure class=\"wp-block-image size-full\"><img loading=\"lazy\" decoding=\"async\" width=\"680\" height=\"438\" src=\"https:\/\/www.escapadarural.com\/blog\/wp-content\/uploads\/2020\/04\/Montseny-680x438-1.jpg\" alt=\"Lago de Santa Fe, Montseny, Barcelona. Por Jos\u00e9 Luis Narv\u00e1ez\" class=\"wp-image-5647\" srcset=\"https:\/\/www.escapadarural.com\/blog\/wp-content\/uploads\/2020\/04\/Montseny-680x438-1-200x129.jpg 200w, https:\/\/www.escapadarural.com\/blog\/wp-content\/uploads\/2020\/04\/Montseny-680x438-1-300x193.jpg 300w, https:\/\/www.escapadarural.com\/blog\/wp-content\/uploads\/2020\/04\/Montseny-680x438-1-400x258.jpg 400w, https:\/\/www.escapadarural.com\/blog\/wp-content\/uploads\/2020\/04\/Montseny-680x438-1-600x386.jpg 600w, https:\/\/www.escapadarural.com\/blog\/wp-content\/uploads\/2020\/04\/Montseny-680x438-1.jpg 680w\" sizes=\"auto, (max-width: 680px) 100vw, 680px\" \/><figcaption class=\"wp-element-caption\">Lago de Santa Fe, Montseny, Barcelona. Por Jos\u00e9 Luis Narv\u00e1ez<\/figcaption><\/figure>\n\n\n\n<p>El <a href=\"\/casas-rurales\/el-montseny\">Parque Natural del Montseny<\/a> es un espacio preciado y protegido de Barcelona. Fuera de la ciudad, la naturaleza. Es la \u00fanica Reserva de la Biosfera de Catalu\u00f1a y se integra en la Carta Europea de Turismo Sostenible. Entre otros secretos, hay un rinc\u00f3n oto\u00f1al y fabuloso: el lago de Santa Fe.<\/p>\n\n\n\n<h2 class=\"wp-block-heading title-rute\" id=\"h-lago-negratin-sierra-de-baza-granada\">Lago Negrat\u00edn (Sierra de Baza, <a href=\"\/casas-rurales\/granada\" target=\"_blank\" rel=\"noreferrer noopener\">Granada<\/a>)<\/h2>\n\n\n\n<figure class=\"wp-block-image size-full\"><img loading=\"lazy\" decoding=\"async\" width=\"1000\" height=\"573\" src=\"https:\/\/www.escapadarural.com\/blog\/wp-content\/uploads\/2018\/09\/Lago-Negratin.-Sierra-de-Baza.-Granada-1.jpg\" alt=\"Embalse de Negrat\u00edn. Por Fotomicar\n\" class=\"wp-image-26011\" srcset=\"https:\/\/www.escapadarural.com\/blog\/wp-content\/uploads\/2018\/09\/Lago-Negratin.-Sierra-de-Baza.-Granada-1-200x115.jpg 200w, https:\/\/www.escapadarural.com\/blog\/wp-content\/uploads\/2018\/09\/Lago-Negratin.-Sierra-de-Baza.-Granada-1-300x172.jpg 300w, https:\/\/www.escapadarural.com\/blog\/wp-content\/uploads\/2018\/09\/Lago-Negratin.-Sierra-de-Baza.-Granada-1-400x229.jpg 400w, https:\/\/www.escapadarural.com\/blog\/wp-content\/uploads\/2018\/09\/Lago-Negratin.-Sierra-de-Baza.-Granada-1-600x344.jpg 600w, https:\/\/www.escapadarural.com\/blog\/wp-content\/uploads\/2018\/09\/Lago-Negratin.-Sierra-de-Baza.-Granada-1-768x440.jpg 768w, https:\/\/www.escapadarural.com\/blog\/wp-content\/uploads\/2018\/09\/Lago-Negratin.-Sierra-de-Baza.-Granada-1-800x458.jpg 800w, https:\/\/www.escapadarural.com\/blog\/wp-content\/uploads\/2018\/09\/Lago-Negratin.-Sierra-de-Baza.-Granada-1.jpg 1000w\" sizes=\"auto, (max-width: 1000px) 100vw, 1000px\" \/><figcaption class=\"wp-element-caption\">Embalse de Negrat\u00edn. Por Fotomicar\n<\/figcaption><\/figure>\n\n\n\n<p>Bajo estas preciosas aguas se sumergieron, en 1984, el antiguo balneario de Ba\u00f1os de <a href=\"\/casas-rurales\/zujar\">Z\u00fajar<\/a>, una carretera y algunos cortijos. Sobre ellos, a\u00f1os despu\u00e9s, los visitantes admiran el <strong>embalse de Negrat\u00edn<\/strong>, el tercero m\u00e1s grande de Andaluc\u00eda, pasan el d\u00eda, se dan un ba\u00f1o. Est\u00e1 al noreste de Granada. Todo cambia.<\/p>\n\n\n\n<h2 class=\"wp-block-heading title-rute\" id=\"h-lagos-de-covadonga-asturias\">Lagos de Covadonga (Asturias)<\/h2>\n\n\n\n<figure class=\"wp-block-image size-full\"><img loading=\"lazy\" decoding=\"async\" width=\"1024\" height=\"683\" src=\"https:\/\/www.escapadarural.com\/blog\/wp-content\/uploads\/2024\/10\/lagos-de-covadonga-1024x683-1.jpg\" alt=\"Lagos de Covadonga, Asturias.\" class=\"wp-image-91435\" srcset=\"https:\/\/www.escapadarural.com\/blog\/wp-content\/uploads\/2024\/10\/lagos-de-covadonga-1024x683-1-200x133.jpg 200w, https:\/\/www.escapadarural.com\/blog\/wp-content\/uploads\/2024\/10\/lagos-de-covadonga-1024x683-1-300x200.jpg 300w, https:\/\/www.escapadarural.com\/blog\/wp-content\/uploads\/2024\/10\/lagos-de-covadonga-1024x683-1-400x267.jpg 400w, https:\/\/www.escapadarural.com\/blog\/wp-content\/uploads\/2024\/10\/lagos-de-covadonga-1024x683-1-600x400.jpg 600w, https:\/\/www.escapadarural.com\/blog\/wp-content\/uploads\/2024\/10\/lagos-de-covadonga-1024x683-1-768x512.jpg 768w, https:\/\/www.escapadarural.com\/blog\/wp-content\/uploads\/2024\/10\/lagos-de-covadonga-1024x683-1-800x534.jpg 800w, https:\/\/www.escapadarural.com\/blog\/wp-content\/uploads\/2024\/10\/lagos-de-covadonga-1024x683-1.jpg 1024w\" sizes=\"auto, (max-width: 1024px) 100vw, 1024px\" \/><figcaption class=\"wp-element-caption\">Lagos de Covadonga, Asturias. <\/figcaption><\/figure>\n\n\n\n<p>Los <a href=\"\/casas-rurales\/cangas-de-onis\">Lagos de Covadonga<\/a> son el rinc\u00f3n m\u00e1s conocido de Asturias. Este lugar es precioso y suele concluir la visita a la legendaria cueva de Covadonga. La nieve y el relieve han generado los breves lagos Enol y Ercina (tambi\u00e9n El Bricial, en \u00e9poca de deshielo), de origen glacial.<\/p>\n\n\n\n<h2 class=\"wp-block-heading title-rute\" id=\"h-estany-de-banyoles-girona\">Estany de Banyoles (<a href=\"\/casas-rurales\/girona\" target=\"_blank\" rel=\"noreferrer noopener\">Girona<\/a>)<\/h2>\n\n\n\n<figure class=\"wp-block-image size-full\"><img loading=\"lazy\" decoding=\"async\" width=\"1024\" height=\"680\" src=\"https:\/\/www.escapadarural.com\/blog\/wp-content\/uploads\/2025\/01\/14_LesEstunes_lagobanyoles_nito_AdobeStock_23886892_WP14.webp\" alt=\"Lago de Banyoles. Por nito.\" class=\"wp-image-188568\" srcset=\"https:\/\/www.escapadarural.com\/blog\/wp-content\/uploads\/2025\/01\/14_LesEstunes_lagobanyoles_nito_AdobeStock_23886892_WP14-200x133.webp 200w, https:\/\/www.escapadarural.com\/blog\/wp-content\/uploads\/2025\/01\/14_LesEstunes_lagobanyoles_nito_AdobeStock_23886892_WP14-300x199.webp 300w, https:\/\/www.escapadarural.com\/blog\/wp-content\/uploads\/2025\/01\/14_LesEstunes_lagobanyoles_nito_AdobeStock_23886892_WP14-400x266.webp 400w, https:\/\/www.escapadarural.com\/blog\/wp-content\/uploads\/2025\/01\/14_LesEstunes_lagobanyoles_nito_AdobeStock_23886892_WP14-600x398.webp 600w, https:\/\/www.escapadarural.com\/blog\/wp-content\/uploads\/2025\/01\/14_LesEstunes_lagobanyoles_nito_AdobeStock_23886892_WP14-768x510.webp 768w, https:\/\/www.escapadarural.com\/blog\/wp-content\/uploads\/2025\/01\/14_LesEstunes_lagobanyoles_nito_AdobeStock_23886892_WP14-800x531.webp 800w, https:\/\/www.escapadarural.com\/blog\/wp-content\/uploads\/2025\/01\/14_LesEstunes_lagobanyoles_nito_AdobeStock_23886892_WP14.webp 1024w\" sizes=\"auto, (max-width: 1024px) 100vw, 1024px\" \/><figcaption class=\"wp-element-caption\">Lago de Banyoles. Por nito.<\/figcaption><\/figure>\n\n\n\n<p>El<strong> lago de Banyoles<\/strong> es el m\u00e1s grande de Catalu\u00f1a. Est\u00e1 en Girona y forma parte del Plan de Espacios de Inter\u00e9s Nacional. El lago es de origen subterr\u00e1neo: todo ocurre bajo el agua. Aviso a enamorados: se pueden alquilar barquitas.<\/p>\n\n\n\n<h2 class=\"wp-block-heading title-rute\" id=\"h-las-salinas-de-cabo-de-gata-almeria\">Las Salinas de Cabo de Gata (<a href=\"\/casas-rurales\/almeria\" target=\"_blank\" rel=\"noreferrer noopener\">Almer\u00eda<\/a>)<\/h2>\n\n\n\n<figure class=\"wp-block-image size-full\"><img loading=\"lazy\" decoding=\"async\" width=\"1000\" height=\"667\" src=\"https:\/\/www.escapadarural.com\/blog\/wp-content\/uploads\/2018\/09\/Salinas-Cabo-de-Gata.-Almeria.jpg\" alt=\"Salinas del Cabo de Gata. Por Juanje P\u00e9rez\n\" class=\"wp-image-26009\" srcset=\"https:\/\/www.escapadarural.com\/blog\/wp-content\/uploads\/2018\/09\/Salinas-Cabo-de-Gata.-Almeria-200x133.jpg 200w, https:\/\/www.escapadarural.com\/blog\/wp-content\/uploads\/2018\/09\/Salinas-Cabo-de-Gata.-Almeria-300x200.jpg 300w, https:\/\/www.escapadarural.com\/blog\/wp-content\/uploads\/2018\/09\/Salinas-Cabo-de-Gata.-Almeria-400x267.jpg 400w, https:\/\/www.escapadarural.com\/blog\/wp-content\/uploads\/2018\/09\/Salinas-Cabo-de-Gata.-Almeria-600x400.jpg 600w, https:\/\/www.escapadarural.com\/blog\/wp-content\/uploads\/2018\/09\/Salinas-Cabo-de-Gata.-Almeria-768x512.jpg 768w, https:\/\/www.escapadarural.com\/blog\/wp-content\/uploads\/2018\/09\/Salinas-Cabo-de-Gata.-Almeria-800x534.jpg 800w, https:\/\/www.escapadarural.com\/blog\/wp-content\/uploads\/2018\/09\/Salinas-Cabo-de-Gata.-Almeria.jpg 1000w\" sizes=\"auto, (max-width: 1000px) 100vw, 1000px\" \/><figcaption class=\"wp-element-caption\">Salinas del Cabo de Gata. Por Juanje P\u00e9rez\n<\/figcaption><\/figure>\n\n\n\n<p>Se extraen cerca de 40.000 toneladas de sal al a\u00f1o de las salinas del <a href=\"\/casas-rurales\/cabo-de-gata-nijar\">Cabo de Gata<\/a>, en Almer\u00eda. Es, adem\u00e1s, el h\u00e1bitat de m\u00e1s de 100 tipos de aves. El 70% de ellas tienen las salinas de Cabo de Gata como un lugar de descanso en sus migraciones. Por ejemplo, los flamencos. Est\u00e1 junto a la playa de las Salinas.<\/p>\n\n\n\n<h2 class=\"wp-block-heading title-rute\" id=\"h-laguna-de-gallocanta-aragon\">Laguna de Gallocanta (<a href=\"\/casas-rurales\/aragon\" target=\"_blank\" rel=\"noreferrer noopener\">Arag\u00f3n<\/a>)<\/h2>\n\n\n\n<figure class=\"wp-block-image size-full\"><img loading=\"lazy\" decoding=\"async\" width=\"1024\" height=\"507\" src=\"https:\/\/www.escapadarural.com\/blog\/wp-content\/uploads\/2023\/12\/Gallocanta-rutas-por-Espana-1024x507-1.jpg\" alt=\"Laguna de Gallocanta. Por peresanz\" class=\"wp-image-112953\" srcset=\"https:\/\/www.escapadarural.com\/blog\/wp-content\/uploads\/2023\/12\/Gallocanta-rutas-por-Espana-1024x507-1-200x99.jpg 200w, https:\/\/www.escapadarural.com\/blog\/wp-content\/uploads\/2023\/12\/Gallocanta-rutas-por-Espana-1024x507-1-300x149.jpg 300w, https:\/\/www.escapadarural.com\/blog\/wp-content\/uploads\/2023\/12\/Gallocanta-rutas-por-Espana-1024x507-1-400x198.jpg 400w, https:\/\/www.escapadarural.com\/blog\/wp-content\/uploads\/2023\/12\/Gallocanta-rutas-por-Espana-1024x507-1-600x297.jpg 600w, https:\/\/www.escapadarural.com\/blog\/wp-content\/uploads\/2023\/12\/Gallocanta-rutas-por-Espana-1024x507-1-768x380.jpg 768w, https:\/\/www.escapadarural.com\/blog\/wp-content\/uploads\/2023\/12\/Gallocanta-rutas-por-Espana-1024x507-1-800x396.jpg 800w, https:\/\/www.escapadarural.com\/blog\/wp-content\/uploads\/2023\/12\/Gallocanta-rutas-por-Espana-1024x507-1.jpg 1024w\" sizes=\"auto, (max-width: 1024px) 100vw, 1024px\" \/><figcaption class=\"wp-element-caption\">Laguna de Gallocanta. Por peresanz<\/figcaption><\/figure>\n\n\n\n<p>A 1.000 m de altitud y sobre una planicie se dispone como una alfombra la laguna de Gallocanta. Est\u00e1 entre las comarcas de <a href=\"\/casas-rurales\/campo-de-daroca\">Campo de Daroca<\/a> y <a href=\"\/casas-rurales\/comarca-del-jiloca\">Jiloca<\/a> (Arag\u00f3n). Es la mayor laguna natural de la Pen\u00ednsula con una longitud de 7 km. En invierno reposan en Gallocanta 150.000 aves de 220 especies, aproximadamente.<\/p>\n\n\n\n<h2 class=\"wp-block-heading title-rute\" id=\"h-lagunas-de-ruidera-castilla-la-mancha\">Lagunas de Ruidera (<a href=\"\/casas-rurales\/castilla-la-mancha\" target=\"_blank\" rel=\"noreferrer noopener\">Castilla-La Mancha<\/a>)<\/h2>\n\n\n\n<figure class=\"wp-block-image size-large\"><img loading=\"lazy\" decoding=\"async\" width=\"1024\" height=\"680\" src=\"https:\/\/www.escapadarural.com\/blog\/wp-content\/uploads\/2022\/07\/laguna_santo_morcillo_albacete_AdobeStock_64552581-1024x680.jpeg\" alt=\"Laguna Santo Morcillo, Parque de Lagunas de Ruidera, La Mancha.\" class=\"wp-image-184530\" srcset=\"https:\/\/www.escapadarural.com\/blog\/wp-content\/uploads\/2022\/07\/laguna_santo_morcillo_albacete_AdobeStock_64552581-200x133.jpeg 200w, https:\/\/www.escapadarural.com\/blog\/wp-content\/uploads\/2022\/07\/laguna_santo_morcillo_albacete_AdobeStock_64552581-300x199.jpeg 300w, https:\/\/www.escapadarural.com\/blog\/wp-content\/uploads\/2022\/07\/laguna_santo_morcillo_albacete_AdobeStock_64552581-400x266.jpeg 400w, https:\/\/www.escapadarural.com\/blog\/wp-content\/uploads\/2022\/07\/laguna_santo_morcillo_albacete_AdobeStock_64552581-600x398.jpeg 600w, https:\/\/www.escapadarural.com\/blog\/wp-content\/uploads\/2022\/07\/laguna_santo_morcillo_albacete_AdobeStock_64552581-768x510.jpeg 768w, https:\/\/www.escapadarural.com\/blog\/wp-content\/uploads\/2022\/07\/laguna_santo_morcillo_albacete_AdobeStock_64552581-800x531.jpeg 800w, https:\/\/www.escapadarural.com\/blog\/wp-content\/uploads\/2022\/07\/laguna_santo_morcillo_albacete_AdobeStock_64552581-1024x680.jpeg 1024w, https:\/\/www.escapadarural.com\/blog\/wp-content\/uploads\/2022\/07\/laguna_santo_morcillo_albacete_AdobeStock_64552581-1200x797.jpeg 1200w, https:\/\/www.escapadarural.com\/blog\/wp-content\/uploads\/2022\/07\/laguna_santo_morcillo_albacete_AdobeStock_64552581-1536x1020.jpeg 1536w\" sizes=\"auto, (max-width: 1024px) 100vw, 1024px\" \/><figcaption class=\"wp-element-caption\">Laguna Santo Morcillo, Parque de Lagunas de Ruidera, La Mancha. Por Noradoa<\/figcaption><\/figure>\n\n\n\n<p>Hay un lugar en La Mancha de cuyo nombre debemos acordarnos: las <a href=\"\/casas-rurales\/lagunas-de-ruidera\">lagunas de Ruidera<\/a>. Un conjunto de 15 lagunas, junto al embalse de Pe\u00f1arroya, conectadas unas con otras a trav\u00e9s de cascadas y arroyuelos, disponen un oasis entre las provincias de Albacete y Ciudad Real. En este parque natural hay cuatro itinerarios para recorrer a pie o en bicicleta.<\/p>\n\n\n\n<h2 class=\"wp-block-heading title-rute\" id=\"h-lago-de-sanabria-zamora\">Lago de Sanabria (<a href=\"\/casas-rurales\/zamora\" target=\"_blank\" rel=\"noreferrer noopener\">Zamora<\/a>)<\/h2>\n\n\n\n<figure class=\"wp-block-image size-full\"><img loading=\"lazy\" decoding=\"async\" width=\"1024\" height=\"475\" src=\"https:\/\/www.escapadarural.com\/blog\/wp-content\/uploads\/2024\/10\/Lago-de-Sanabria-4-1024x475-3.jpg\" alt=\"Lago de Sanabria, en Zamora.\" class=\"wp-image-101409\" srcset=\"https:\/\/www.escapadarural.com\/blog\/wp-content\/uploads\/2024\/10\/Lago-de-Sanabria-4-1024x475-3-200x93.jpg 200w, https:\/\/www.escapadarural.com\/blog\/wp-content\/uploads\/2024\/10\/Lago-de-Sanabria-4-1024x475-3-300x139.jpg 300w, https:\/\/www.escapadarural.com\/blog\/wp-content\/uploads\/2024\/10\/Lago-de-Sanabria-4-1024x475-3-400x186.jpg 400w, https:\/\/www.escapadarural.com\/blog\/wp-content\/uploads\/2024\/10\/Lago-de-Sanabria-4-1024x475-3-600x278.jpg 600w, https:\/\/www.escapadarural.com\/blog\/wp-content\/uploads\/2024\/10\/Lago-de-Sanabria-4-1024x475-3-768x356.jpg 768w, https:\/\/www.escapadarural.com\/blog\/wp-content\/uploads\/2024\/10\/Lago-de-Sanabria-4-1024x475-3-800x371.jpg 800w, https:\/\/www.escapadarural.com\/blog\/wp-content\/uploads\/2024\/10\/Lago-de-Sanabria-4-1024x475-3.jpg 1024w\" sizes=\"auto, (max-width: 1024px) 100vw, 1024px\" \/><figcaption class=\"wp-element-caption\">Lago de Sanabria, en Zamora.<\/figcaption><\/figure>\n\n\n\n<p>El lago de <a href=\"\/casas-rurales\/sanabria\">Sanabria<\/a>, en Zamora, es el m\u00e1s grande de Espa\u00f1a: 369 hect\u00e1reas. Llega a alcanzar los 53 m de profundidad. En sus orillas se han dispuesto varias playas. Es tan grande que se practica buceo, vela y hasta windsurf.<\/p>\n\n\n\n<h2 class=\"wp-block-heading title-rute\" id=\"h-laguna-negra-soria\">Laguna Negra (<a href=\"\/casas-rurales\/soria\" target=\"_blank\" rel=\"noreferrer noopener\">Soria<\/a>)<\/h2>\n\n\n\n<figure class=\"wp-block-image size-full\"><img loading=\"lazy\" decoding=\"async\" width=\"1024\" height=\"684\" src=\"https:\/\/www.escapadarural.com\/blog\/wp-content\/uploads\/2024\/10\/lagunas-negra-y-larga-en-el-parque-natural-de-las-lagunas-de-neila-burgos-espana-stockpack-adobe-stock-1024x684-2.jpg\" alt=\"Lagunas Negra y Larga en el Parque Natural de las Lagunas de Neila, Burgos. Por Noradoa\" class=\"wp-image-93799\" srcset=\"https:\/\/www.escapadarural.com\/blog\/wp-content\/uploads\/2024\/10\/lagunas-negra-y-larga-en-el-parque-natural-de-las-lagunas-de-neila-burgos-espana-stockpack-adobe-stock-1024x684-2-200x134.jpg 200w, https:\/\/www.escapadarural.com\/blog\/wp-content\/uploads\/2024\/10\/lagunas-negra-y-larga-en-el-parque-natural-de-las-lagunas-de-neila-burgos-espana-stockpack-adobe-stock-1024x684-2-300x200.jpg 300w, https:\/\/www.escapadarural.com\/blog\/wp-content\/uploads\/2024\/10\/lagunas-negra-y-larga-en-el-parque-natural-de-las-lagunas-de-neila-burgos-espana-stockpack-adobe-stock-1024x684-2-400x267.jpg 400w, https:\/\/www.escapadarural.com\/blog\/wp-content\/uploads\/2024\/10\/lagunas-negra-y-larga-en-el-parque-natural-de-las-lagunas-de-neila-burgos-espana-stockpack-adobe-stock-1024x684-2-600x401.jpg 600w, https:\/\/www.escapadarural.com\/blog\/wp-content\/uploads\/2024\/10\/lagunas-negra-y-larga-en-el-parque-natural-de-las-lagunas-de-neila-burgos-espana-stockpack-adobe-stock-1024x684-2-768x513.jpg 768w, https:\/\/www.escapadarural.com\/blog\/wp-content\/uploads\/2024\/10\/lagunas-negra-y-larga-en-el-parque-natural-de-las-lagunas-de-neila-burgos-espana-stockpack-adobe-stock-1024x684-2-800x534.jpg 800w, https:\/\/www.escapadarural.com\/blog\/wp-content\/uploads\/2024\/10\/lagunas-negra-y-larga-en-el-parque-natural-de-las-lagunas-de-neila-burgos-espana-stockpack-adobe-stock-1024x684-2.jpg 1024w\" sizes=\"auto, (max-width: 1024px) 100vw, 1024px\" \/><figcaption class=\"wp-element-caption\">Lagunas Negra y Larga en el Parque Natural de las Lagunas de Neila, Burgos. Por Noradoa<\/figcaption><\/figure>\n\n\n\n<p>La Laguna Negra est\u00e1 rodeada de monta\u00f1as y misterio. Est\u00e1 en la sierra de los picos de Urbi\u00f3n, en <a class=\"rank-math-link\" href=\"https:\/\/www.escapadarural.com\/casas-rurales\/soria\">Soria<\/a>. Se dice que no tiene fondo. La ciencia dice que su profundidad es de 8 m. Cada primer domingo de agosto se cruza la laguna a nado y de parte a parte. Hay una pel\u00edcula de 1952 ambientada aqu\u00ed: <a href=\"https:\/\/es.wikipedia.org\/wiki\/La_laguna_negra_(pel%C3%ADcula)\" target=\"_blank\" rel=\"noreferrer noopener nofollow\"><em>La laguna negra<\/em><\/a> y Antonio Machado la menciona en <em>Campos de Castilla<\/em>.<\/p>\n\n\n\n<h2 class=\"wp-block-heading title-rute\" id=\"h-guadalest-alicante\">Guadalest (<a href=\"\/casas-rurales\/alicante\">Alicante<\/a>)<\/h2>\n\n\n\n<figure class=\"wp-block-image size-full\"><img loading=\"lazy\" decoding=\"async\" width=\"1000\" height=\"667\" src=\"https:\/\/www.escapadarural.com\/blog\/wp-content\/uploads\/2018\/09\/Guadalest-3.jpg\" alt=\"Guadalest. Por Lledo\" class=\"wp-image-26004\" srcset=\"https:\/\/www.escapadarural.com\/blog\/wp-content\/uploads\/2018\/09\/Guadalest-3-200x133.jpg 200w, https:\/\/www.escapadarural.com\/blog\/wp-content\/uploads\/2018\/09\/Guadalest-3-300x200.jpg 300w, https:\/\/www.escapadarural.com\/blog\/wp-content\/uploads\/2018\/09\/Guadalest-3-400x267.jpg 400w, https:\/\/www.escapadarural.com\/blog\/wp-content\/uploads\/2018\/09\/Guadalest-3-600x400.jpg 600w, https:\/\/www.escapadarural.com\/blog\/wp-content\/uploads\/2018\/09\/Guadalest-3-768x512.jpg 768w, https:\/\/www.escapadarural.com\/blog\/wp-content\/uploads\/2018\/09\/Guadalest-3-800x534.jpg 800w, https:\/\/www.escapadarural.com\/blog\/wp-content\/uploads\/2018\/09\/Guadalest-3.jpg 1000w\" sizes=\"auto, (max-width: 1000px) 100vw, 1000px\" \/><figcaption class=\"wp-element-caption\">Guadalest. Por Lledo<\/figcaption><\/figure>\n\n\n\n<p><a href=\"\/casas-rurales\/guadalest\">Guadalest<\/a> est\u00e1 en Alicante. El embalse de Guadalest recibe el agua de un afluente del r\u00edo Algar (el Guadalest, claro). Es un lugar bonito para un d\u00eda cualquiera. Sobre el embalse mira amenazante su castillo, desde donde hay una panor\u00e1mica inmejorable.<\/p>\n\n\n\n<h2 class=\"wp-block-heading title-rute\" id=\"h-lago-de-tinenca-de-benifassa-castellon\">Lago de Tinen\u00e7a de Benifass\u00e0 (<a href=\"\/casas-rurales\/castellon\" target=\"_blank\" rel=\"noreferrer noopener\">Castell\u00f3n<\/a>)<\/h2>\n\n\n\n<figure class=\"wp-block-image size-large\"><img loading=\"lazy\" decoding=\"async\" width=\"1024\" height=\"768\" src=\"https:\/\/www.escapadarural.com\/blog\/wp-content\/uploads\/2022\/03\/AdobeStock_190371890-scaled-1-1024x768.jpeg\" alt=\"embalse de Ulldecona\" class=\"wp-image-49784\" srcset=\"https:\/\/www.escapadarural.com\/blog\/wp-content\/uploads\/2022\/03\/AdobeStock_190371890-scaled-1-200x150.jpeg 200w, https:\/\/www.escapadarural.com\/blog\/wp-content\/uploads\/2022\/03\/AdobeStock_190371890-scaled-1-300x225.jpeg 300w, https:\/\/www.escapadarural.com\/blog\/wp-content\/uploads\/2022\/03\/AdobeStock_190371890-scaled-1-400x300.jpeg 400w, https:\/\/www.escapadarural.com\/blog\/wp-content\/uploads\/2022\/03\/AdobeStock_190371890-scaled-1-600x450.jpeg 600w, https:\/\/www.escapadarural.com\/blog\/wp-content\/uploads\/2022\/03\/AdobeStock_190371890-scaled-1-768x576.jpeg 768w, https:\/\/www.escapadarural.com\/blog\/wp-content\/uploads\/2022\/03\/AdobeStock_190371890-scaled-1-800x600.jpeg 800w, https:\/\/www.escapadarural.com\/blog\/wp-content\/uploads\/2022\/03\/AdobeStock_190371890-scaled-1-1024x768.jpeg 1024w, https:\/\/www.escapadarural.com\/blog\/wp-content\/uploads\/2022\/03\/AdobeStock_190371890-scaled-1-1200x900.jpeg 1200w, https:\/\/www.escapadarural.com\/blog\/wp-content\/uploads\/2022\/03\/AdobeStock_190371890-scaled-1-1536x1152.jpeg 1536w\" sizes=\"auto, (max-width: 1024px) 100vw, 1024px\" \/><figcaption class=\"wp-element-caption\">embalse de Ulldecona. Por VEOy.com<\/figcaption><\/figure>\n\n\n\n<p>Este es el embalse de Ulldecona en La Tinen\u00e7a de Benifass\u00e0. Est\u00e1 en Castell\u00f3n, en un rinconcito de un parque natural pr\u00e1cticamente desconocido para los de la propia regi\u00f3n. Te contamos <a href=\"\/blog\/la-tinenca-de-benifassa-paraiso-desconocido\/\">nuestra experiencia en la Tinen\u00e7a de Benifass\u00e0<\/a>, un para\u00edso.<\/p>\n","protected":false},"excerpt":{"rendered":"<p>Lagos, ibones, embalses&#8230; Espa\u00f1a est\u00e1 repleto de rincones donde el agua es la protagonista. Y da igual que sea verano o invierno, todos ellos pueden visitarse en cualquier \u00e9poca del a\u00f1o. Aqu\u00ed os dejamos algunos de ellos que por su ubicaci\u00f3n y caracter\u00edsticas bien se merecen una visita. <\/p>\n","protected":false},"author":141,"featured_media":49787,"comment_status":"open","ping_status":"closed","sticky":false,"template":"","format":"standard","meta":{"_acf_changed":false,"om_disable_all_campaigns":false,"footnotes":""},"categories":[191],"tags":[1272,977,683,1026,1273,215,1274],"class_list":["post-5594","post","type-post","status-publish","format-standard","has-post-thumbnail","hentry","category-destinos","tag-covadonga","tag-embalses","tag-lagos","tag-laguna-negra","tag-lagunas-de-ruidera","tag-listado","tag-paisajes"],"acf":[],"featured_image_src":"https:\/\/www.escapadarural.com\/blog\/wp-content\/uploads\/2022\/03\/AdobeStock_205441960-scaled-1.jpeg","author_info":{"display_name":"Carla Diaz","author_link":"https:\/\/www.escapadarural.com\/blog\/autor\/carla-diaz\/"},"yoast_head":"<!-- This site is optimized with the Yoast SEO plugin v27.5 - https:\/\/yoast.com\/product\/yoast-seo-wordpress\/ -->\n<title>15 lagos en Espa\u00f1a que merecen una visita - EscapadaRural<\/title>\n<meta name=\"robots\" content=\"index, follow, max-snippet:-1, max-image-preview:large, max-video-preview:-1\" \/>\n<link rel=\"canonical\" href=\"https:\/\/www.escapadarural.com\/blog\/lagos-preciosos-que-visitar-en-espana\/\" \/>\n<meta property=\"og:locale\" content=\"es_ES\" \/>\n<meta property=\"og:type\" content=\"article\" \/>\n<meta property=\"og:title\" content=\"15 lagos en Espa\u00f1a que merecen una visita - EscapadaRural\" \/>\n<meta property=\"og:description\" content=\"Lagos, ibones, embalses... Espa\u00f1a est\u00e1 repleto de rincones donde el agua es la protagonista. Y da igual que sea verano o invierno, todos ellos pueden visitarse en cualquier \u00e9poca del a\u00f1o. Aqu\u00ed os dejamos algunos de ellos que por su ubicaci\u00f3n y caracter\u00edsticas bien se merecen una visita.\" \/>\n<meta property=\"og:url\" content=\"https:\/\/www.escapadarural.com\/blog\/lagos-preciosos-que-visitar-en-espana\/\" \/>\n<meta property=\"og:site_name\" content=\"Magazine de viajes de EscapadaRural\" \/>\n<meta property=\"article:publisher\" content=\"https:\/\/www.facebook.com\/escapadarural\" \/>\n<meta property=\"article:published_time\" content=\"2024-04-10T15:52:49+00:00\" \/>\n<meta property=\"article:modified_time\" content=\"2025-03-10T08:38:33+00:00\" \/>\n<meta property=\"og:image\" content=\"https:\/\/www.escapadarural.com\/blog\/wp-content\/uploads\/2022\/03\/AdobeStock_205441960-scaled-1.jpeg\" \/>\n\t<meta property=\"og:image:width\" content=\"2048\" \/>\n\t<meta property=\"og:image:height\" content=\"1487\" \/>\n\t<meta property=\"og:image:type\" content=\"image\/jpeg\" \/>\n<meta name=\"author\" content=\"Carla Diaz\" \/>\n<meta name=\"twitter:card\" content=\"summary_large_image\" \/>\n<meta name=\"twitter:label1\" content=\"Escrito por\" \/>\n\t<meta name=\"twitter:data1\" content=\"Carla Diaz\" \/>\n\t<meta name=\"twitter:label2\" content=\"Tiempo de lectura\" \/>\n\t<meta name=\"twitter:data2\" content=\"9 minutos\" \/>\n<script type=\"application\/ld+json\" class=\"yoast-schema-graph\">{\"@context\":\"https:\\\/\\\/schema.org\",\"@graph\":[{\"@type\":\"Article\",\"@id\":\"https:\\\/\\\/www.escapadarural.com\\\/blog\\\/lagos-preciosos-que-visitar-en-espana\\\/#article\",\"isPartOf\":{\"@id\":\"https:\\\/\\\/www.escapadarural.com\\\/blog\\\/lagos-preciosos-que-visitar-en-espana\\\/\"},\"author\":{\"name\":\"Carla Diaz\",\"@id\":\"https:\\\/\\\/www.escapadarural.com\\\/blog\\\/#\\\/schema\\\/person\\\/c5b104d3154c1624dd9d1b78c6d43e7d\"},\"headline\":\"15 lagos en Espa\u00f1a que merecen una visita\",\"datePublished\":\"2024-04-10T15:52:49+00:00\",\"dateModified\":\"2025-03-10T08:38:33+00:00\",\"mainEntityOfPage\":{\"@id\":\"https:\\\/\\\/www.escapadarural.com\\\/blog\\\/lagos-preciosos-que-visitar-en-espana\\\/\"},\"wordCount\":1134,\"commentCount\":30,\"publisher\":{\"@id\":\"https:\\\/\\\/www.escapadarural.com\\\/blog\\\/#organization\"},\"image\":{\"@id\":\"https:\\\/\\\/www.escapadarural.com\\\/blog\\\/lagos-preciosos-que-visitar-en-espana\\\/#primaryimage\"},\"thumbnailUrl\":\"https:\\\/\\\/www.escapadarural.com\\\/blog\\\/wp-content\\\/uploads\\\/2022\\\/03\\\/AdobeStock_205441960-scaled-1.jpeg\",\"keywords\":[\"Covadonga\",\"embalses\",\"Lagos\",\"Laguna Negra\",\"Lagunas de Ruidera\",\"Listado\",\"paisajes\"],\"articleSection\":[\"Destinos\"],\"inLanguage\":\"es\",\"potentialAction\":[{\"@type\":\"CommentAction\",\"name\":\"Comment\",\"target\":[\"https:\\\/\\\/www.escapadarural.com\\\/blog\\\/lagos-preciosos-que-visitar-en-espana\\\/#respond\"]}]},{\"@type\":\"WebPage\",\"@id\":\"https:\\\/\\\/www.escapadarural.com\\\/blog\\\/lagos-preciosos-que-visitar-en-espana\\\/\",\"url\":\"https:\\\/\\\/www.escapadarural.com\\\/blog\\\/lagos-preciosos-que-visitar-en-espana\\\/\",\"name\":\"15 lagos en Espa\u00f1a que merecen una visita - EscapadaRural\",\"isPartOf\":{\"@id\":\"https:\\\/\\\/www.escapadarural.com\\\/blog\\\/#website\"},\"primaryImageOfPage\":{\"@id\":\"https:\\\/\\\/www.escapadarural.com\\\/blog\\\/lagos-preciosos-que-visitar-en-espana\\\/#primaryimage\"},\"image\":{\"@id\":\"https:\\\/\\\/www.escapadarural.com\\\/blog\\\/lagos-preciosos-que-visitar-en-espana\\\/#primaryimage\"},\"thumbnailUrl\":\"https:\\\/\\\/www.escapadarural.com\\\/blog\\\/wp-content\\\/uploads\\\/2022\\\/03\\\/AdobeStock_205441960-scaled-1.jpeg\",\"datePublished\":\"2024-04-10T15:52:49+00:00\",\"dateModified\":\"2025-03-10T08:38:33+00:00\",\"breadcrumb\":{\"@id\":\"https:\\\/\\\/www.escapadarural.com\\\/blog\\\/lagos-preciosos-que-visitar-en-espana\\\/#breadcrumb\"},\"inLanguage\":\"es\",\"potentialAction\":[{\"@type\":\"ReadAction\",\"target\":[\"https:\\\/\\\/www.escapadarural.com\\\/blog\\\/lagos-preciosos-que-visitar-en-espana\\\/\"]}]},{\"@type\":\"ImageObject\",\"inLanguage\":\"es\",\"@id\":\"https:\\\/\\\/www.escapadarural.com\\\/blog\\\/lagos-preciosos-que-visitar-en-espana\\\/#primaryimage\",\"url\":\"https:\\\/\\\/www.escapadarural.com\\\/blog\\\/wp-content\\\/uploads\\\/2022\\\/03\\\/AdobeStock_205441960-scaled-1.jpeg\",\"contentUrl\":\"https:\\\/\\\/www.escapadarural.com\\\/blog\\\/wp-content\\\/uploads\\\/2022\\\/03\\\/AdobeStock_205441960-scaled-1.jpeg\",\"width\":2048,\"height\":1487,\"caption\":\"Parque Natural de las Lagunas de Ruidera. Por Juanje P\u00e9rez\"},{\"@type\":\"BreadcrumbList\",\"@id\":\"https:\\\/\\\/www.escapadarural.com\\\/blog\\\/lagos-preciosos-que-visitar-en-espana\\\/#breadcrumb\",\"itemListElement\":[{\"@type\":\"ListItem\",\"position\":1,\"name\":\"Inicio\",\"item\":\"https:\\\/\\\/www.escapadarural.com\\\/blog\\\/\"},{\"@type\":\"ListItem\",\"position\":2,\"name\":\"Destinos\",\"item\":\"https:\\\/\\\/www.escapadarural.com\\\/blog\\\/categoria\\\/destinos\\\/\"},{\"@type\":\"ListItem\",\"position\":3,\"name\":\"15 lagos en Espa\u00f1a que merecen una visita\"}]},{\"@type\":\"WebSite\",\"@id\":\"https:\\\/\\\/www.escapadarural.com\\\/blog\\\/#website\",\"url\":\"https:\\\/\\\/www.escapadarural.com\\\/blog\\\/\",\"name\":\"Blog de viajes | turismo rural, alojamientos e inspiraci\u00f3n\",\"description\":\"Alojamientos rurales e inspiraci\u00f3n para tus escapadas\",\"publisher\":{\"@id\":\"https:\\\/\\\/www.escapadarural.com\\\/blog\\\/#organization\"},\"alternateName\":\"Magazine de viajes de EscapadaRural\",\"potentialAction\":[{\"@type\":\"SearchAction\",\"target\":{\"@type\":\"EntryPoint\",\"urlTemplate\":\"https:\\\/\\\/www.escapadarural.com\\\/blog\\\/?s={search_term_string}\"},\"query-input\":{\"@type\":\"PropertyValueSpecification\",\"valueRequired\":true,\"valueName\":\"search_term_string\"}}],\"inLanguage\":\"es\"},{\"@type\":\"Organization\",\"@id\":\"https:\\\/\\\/www.escapadarural.com\\\/blog\\\/#organization\",\"name\":\"EscapadaRural\",\"url\":\"https:\\\/\\\/www.escapadarural.com\\\/blog\\\/\",\"logo\":{\"@type\":\"ImageObject\",\"inLanguage\":\"es\",\"@id\":\"https:\\\/\\\/www.escapadarural.com\\\/blog\\\/#\\\/schema\\\/logo\\\/image\\\/\",\"url\":\"https:\\\/\\\/www.escapadarural.com\\\/blog\\\/wp-content\\\/uploads\\\/2024\\\/10\\\/cropped-cropped-escapada-rural-icon-mag-3.png\",\"contentUrl\":\"https:\\\/\\\/www.escapadarural.com\\\/blog\\\/wp-content\\\/uploads\\\/2024\\\/10\\\/cropped-cropped-escapada-rural-icon-mag-3.png\",\"width\":512,\"height\":512,\"caption\":\"EscapadaRural\"},\"image\":{\"@id\":\"https:\\\/\\\/www.escapadarural.com\\\/blog\\\/#\\\/schema\\\/logo\\\/image\\\/\"},\"sameAs\":[\"https:\\\/\\\/www.facebook.com\\\/escapadarural\",\"https:\\\/\\\/www.instagram.com\\\/escapadarural\\\/\",\"https:\\\/\\\/www.youtube.com\\\/@escapadaruralcom\"]},{\"@type\":\"Person\",\"@id\":\"https:\\\/\\\/www.escapadarural.com\\\/blog\\\/#\\\/schema\\\/person\\\/c5b104d3154c1624dd9d1b78c6d43e7d\",\"name\":\"Carla Diaz\",\"image\":{\"@type\":\"ImageObject\",\"inLanguage\":\"es\",\"@id\":\"https:\\\/\\\/secure.gravatar.com\\\/avatar\\\/d3a16e9717a5a6c9dd6ed2d85ae0c519247c8abcda2c52dee3ab4db23b756c20?s=96&d=mm&r=g\",\"url\":\"https:\\\/\\\/secure.gravatar.com\\\/avatar\\\/d3a16e9717a5a6c9dd6ed2d85ae0c519247c8abcda2c52dee3ab4db23b756c20?s=96&d=mm&r=g\",\"contentUrl\":\"https:\\\/\\\/secure.gravatar.com\\\/avatar\\\/d3a16e9717a5a6c9dd6ed2d85ae0c519247c8abcda2c52dee3ab4db23b756c20?s=96&d=mm&r=g\",\"caption\":\"Carla Diaz\"},\"url\":\"https:\\\/\\\/www.escapadarural.com\\\/blog\\\/autor\\\/carla-diaz\\\/\"}]}<\/script>\n<!-- \/ Yoast SEO plugin. -->","yoast_head_json":{"title":"15 lagos en Espa\u00f1a que merecen una visita - EscapadaRural","robots":{"index":"index","follow":"follow","max-snippet":"max-snippet:-1","max-image-preview":"max-image-preview:large","max-video-preview":"max-video-preview:-1"},"canonical":"https:\/\/www.escapadarural.com\/blog\/lagos-preciosos-que-visitar-en-espana\/","og_locale":"es_ES","og_type":"article","og_title":"15 lagos en Espa\u00f1a que merecen una visita - EscapadaRural","og_description":"Lagos, ibones, embalses... Espa\u00f1a est\u00e1 repleto de rincones donde el agua es la protagonista. Y da igual que sea verano o invierno, todos ellos pueden visitarse en cualquier \u00e9poca del a\u00f1o. Aqu\u00ed os dejamos algunos de ellos que por su ubicaci\u00f3n y caracter\u00edsticas bien se merecen una visita.","og_url":"https:\/\/www.escapadarural.com\/blog\/lagos-preciosos-que-visitar-en-espana\/","og_site_name":"Magazine de viajes de EscapadaRural","article_publisher":"https:\/\/www.facebook.com\/escapadarural","article_published_time":"2024-04-10T15:52:49+00:00","article_modified_time":"2025-03-10T08:38:33+00:00","og_image":[{"width":2048,"height":1487,"url":"https:\/\/www.escapadarural.com\/blog\/wp-content\/uploads\/2022\/03\/AdobeStock_205441960-scaled-1.jpeg","type":"image\/jpeg"}],"author":"Carla Diaz","twitter_card":"summary_large_image","twitter_misc":{"Escrito por":"Carla Diaz","Tiempo de lectura":"9 minutos"},"schema":{"@context":"https:\/\/schema.org","@graph":[{"@type":"Article","@id":"https:\/\/www.escapadarural.com\/blog\/lagos-preciosos-que-visitar-en-espana\/#article","isPartOf":{"@id":"https:\/\/www.escapadarural.com\/blog\/lagos-preciosos-que-visitar-en-espana\/"},"author":{"name":"Carla Diaz","@id":"https:\/\/www.escapadarural.com\/blog\/#\/schema\/person\/c5b104d3154c1624dd9d1b78c6d43e7d"},"headline":"15 lagos en Espa\u00f1a que merecen una visita","datePublished":"2024-04-10T15:52:49+00:00","dateModified":"2025-03-10T08:38:33+00:00","mainEntityOfPage":{"@id":"https:\/\/www.escapadarural.com\/blog\/lagos-preciosos-que-visitar-en-espana\/"},"wordCount":1134,"commentCount":30,"publisher":{"@id":"https:\/\/www.escapadarural.com\/blog\/#organization"},"image":{"@id":"https:\/\/www.escapadarural.com\/blog\/lagos-preciosos-que-visitar-en-espana\/#primaryimage"},"thumbnailUrl":"https:\/\/www.escapadarural.com\/blog\/wp-content\/uploads\/2022\/03\/AdobeStock_205441960-scaled-1.jpeg","keywords":["Covadonga","embalses","Lagos","Laguna Negra","Lagunas de Ruidera","Listado","paisajes"],"articleSection":["Destinos"],"inLanguage":"es","potentialAction":[{"@type":"CommentAction","name":"Comment","target":["https:\/\/www.escapadarural.com\/blog\/lagos-preciosos-que-visitar-en-espana\/#respond"]}]},{"@type":"WebPage","@id":"https:\/\/www.escapadarural.com\/blog\/lagos-preciosos-que-visitar-en-espana\/","url":"https:\/\/www.escapadarural.com\/blog\/lagos-preciosos-que-visitar-en-espana\/","name":"15 lagos en Espa\u00f1a que merecen una visita - EscapadaRural","isPartOf":{"@id":"https:\/\/www.escapadarural.com\/blog\/#website"},"primaryImageOfPage":{"@id":"https:\/\/www.escapadarural.com\/blog\/lagos-preciosos-que-visitar-en-espana\/#primaryimage"},"image":{"@id":"https:\/\/www.escapadarural.com\/blog\/lagos-preciosos-que-visitar-en-espana\/#primaryimage"},"thumbnailUrl":"https:\/\/www.escapadarural.com\/blog\/wp-content\/uploads\/2022\/03\/AdobeStock_205441960-scaled-1.jpeg","datePublished":"2024-04-10T15:52:49+00:00","dateModified":"2025-03-10T08:38:33+00:00","breadcrumb":{"@id":"https:\/\/www.escapadarural.com\/blog\/lagos-preciosos-que-visitar-en-espana\/#breadcrumb"},"inLanguage":"es","potentialAction":[{"@type":"ReadAction","target":["https:\/\/www.escapadarural.com\/blog\/lagos-preciosos-que-visitar-en-espana\/"]}]},{"@type":"ImageObject","inLanguage":"es","@id":"https:\/\/www.escapadarural.com\/blog\/lagos-preciosos-que-visitar-en-espana\/#primaryimage","url":"https:\/\/www.escapadarural.com\/blog\/wp-content\/uploads\/2022\/03\/AdobeStock_205441960-scaled-1.jpeg","contentUrl":"https:\/\/www.escapadarural.com\/blog\/wp-content\/uploads\/2022\/03\/AdobeStock_205441960-scaled-1.jpeg","width":2048,"height":1487,"caption":"Parque Natural de las Lagunas de Ruidera. Por Juanje P\u00e9rez"},{"@type":"BreadcrumbList","@id":"https:\/\/www.escapadarural.com\/blog\/lagos-preciosos-que-visitar-en-espana\/#breadcrumb","itemListElement":[{"@type":"ListItem","position":1,"name":"Inicio","item":"https:\/\/www.escapadarural.com\/blog\/"},{"@type":"ListItem","position":2,"name":"Destinos","item":"https:\/\/www.escapadarural.com\/blog\/categoria\/destinos\/"},{"@type":"ListItem","position":3,"name":"15 lagos en Espa\u00f1a que merecen una visita"}]},{"@type":"WebSite","@id":"https:\/\/www.escapadarural.com\/blog\/#website","url":"https:\/\/www.escapadarural.com\/blog\/","name":"Blog de viajes | turismo rural, alojamientos e inspiraci\u00f3n","description":"Alojamientos rurales e inspiraci\u00f3n para tus escapadas","publisher":{"@id":"https:\/\/www.escapadarural.com\/blog\/#organization"},"alternateName":"Magazine de viajes de EscapadaRural","potentialAction":[{"@type":"SearchAction","target":{"@type":"EntryPoint","urlTemplate":"https:\/\/www.escapadarural.com\/blog\/?s={search_term_string}"},"query-input":{"@type":"PropertyValueSpecification","valueRequired":true,"valueName":"search_term_string"}}],"inLanguage":"es"},{"@type":"Organization","@id":"https:\/\/www.escapadarural.com\/blog\/#organization","name":"EscapadaRural","url":"https:\/\/www.escapadarural.com\/blog\/","logo":{"@type":"ImageObject","inLanguage":"es","@id":"https:\/\/www.escapadarural.com\/blog\/#\/schema\/logo\/image\/","url":"https:\/\/www.escapadarural.com\/blog\/wp-content\/uploads\/2024\/10\/cropped-cropped-escapada-rural-icon-mag-3.png","contentUrl":"https:\/\/www.escapadarural.com\/blog\/wp-content\/uploads\/2024\/10\/cropped-cropped-escapada-rural-icon-mag-3.png","width":512,"height":512,"caption":"EscapadaRural"},"image":{"@id":"https:\/\/www.escapadarural.com\/blog\/#\/schema\/logo\/image\/"},"sameAs":["https:\/\/www.facebook.com\/escapadarural","https:\/\/www.instagram.com\/escapadarural\/","https:\/\/www.youtube.com\/@escapadaruralcom"]},{"@type":"Person","@id":"https:\/\/www.escapadarural.com\/blog\/#\/schema\/person\/c5b104d3154c1624dd9d1b78c6d43e7d","name":"Carla Diaz","image":{"@type":"ImageObject","inLanguage":"es","@id":"https:\/\/secure.gravatar.com\/avatar\/d3a16e9717a5a6c9dd6ed2d85ae0c519247c8abcda2c52dee3ab4db23b756c20?s=96&d=mm&r=g","url":"https:\/\/secure.gravatar.com\/avatar\/d3a16e9717a5a6c9dd6ed2d85ae0c519247c8abcda2c52dee3ab4db23b756c20?s=96&d=mm&r=g","contentUrl":"https:\/\/secure.gravatar.com\/avatar\/d3a16e9717a5a6c9dd6ed2d85ae0c519247c8abcda2c52dee3ab4db23b756c20?s=96&d=mm&r=g","caption":"Carla Diaz"},"url":"https:\/\/www.escapadarural.com\/blog\/autor\/carla-diaz\/"}]}},"_links":{"self":[{"href":"https:\/\/www.escapadarural.com\/blog\/wp-json\/wp\/v2\/posts\/5594","targetHints":{"allow":["GET"]}}],"collection":[{"href":"https:\/\/www.escapadarural.com\/blog\/wp-json\/wp\/v2\/posts"}],"about":[{"href":"https:\/\/www.escapadarural.com\/blog\/wp-json\/wp\/v2\/types\/post"}],"author":[{"embeddable":true,"href":"https:\/\/www.escapadarural.com\/blog\/wp-json\/wp\/v2\/users\/141"}],"replies":[{"embeddable":true,"href":"https:\/\/www.escapadarural.com\/blog\/wp-json\/wp\/v2\/comments?post=5594"}],"version-history":[{"count":0,"href":"https:\/\/www.escapadarural.com\/blog\/wp-json\/wp\/v2\/posts\/5594\/revisions"}],"wp:featuredmedia":[{"embeddable":true,"href":"https:\/\/www.escapadarural.com\/blog\/wp-json\/wp\/v2\/media\/49787"}],"wp:attachment":[{"href":"https:\/\/www.escapadarural.com\/blog\/wp-json\/wp\/v2\/media?parent=5594"}],"wp:term":[{"taxonomy":"category","embeddable":true,"href":"https:\/\/www.escapadarural.com\/blog\/wp-json\/wp\/v2\/categories?post=5594"},{"taxonomy":"post_tag","embeddable":true,"href":"https:\/\/www.escapadarural.com\/blog\/wp-json\/wp\/v2\/tags?post=5594"}],"curies":[{"name":"wp","href":"https:\/\/api.w.org\/{rel}","templated":true}]}}