{"id":55982,"date":"2023-03-24T10:29:15","date_gmt":"2023-03-24T09:29:15","guid":{"rendered":"https:\/\/www.escapadarural.com\/blog\/?p=55982"},"modified":"2025-04-15T11:26:00","modified_gmt":"2025-04-15T09:26:00","slug":"origen-expresion-eres-mas-feo-que-picio","status":"publish","type":"post","link":"https:\/\/www.escapadarural.com\/blog\/origen-expresion-eres-mas-feo-que-picio\/","title":{"rendered":"\u00bfDe d\u00f3nde viene la expresi\u00f3n \u00abEres m\u00e1s feo que Picio\u00bb?"},"content":{"rendered":"\n<figure class=\"wp-block-image size-full\"><img loading=\"lazy\" decoding=\"async\" width=\"1024\" height=\"657\" src=\"https:\/\/www.escapadarural.com\/blog\/wp-content\/uploads\/2024\/10\/Gollum_s_journey_commences_by_Frederic_Bennett-1024x657-3.jpg\" alt=\"Gollum podr\u00eda ser el \u00aberes m\u00e1s feo que Picio\u00bb. Por Fr\u00e9d\u00e9ric Bennett (Benef)\n\" class=\"wp-image-98397\" srcset=\"https:\/\/www.escapadarural.com\/blog\/wp-content\/uploads\/2024\/10\/Gollum_s_journey_commences_by_Frederic_Bennett-1024x657-3-200x128.jpg 200w, https:\/\/www.escapadarural.com\/blog\/wp-content\/uploads\/2024\/10\/Gollum_s_journey_commences_by_Frederic_Bennett-1024x657-3-300x192.jpg 300w, https:\/\/www.escapadarural.com\/blog\/wp-content\/uploads\/2024\/10\/Gollum_s_journey_commences_by_Frederic_Bennett-1024x657-3-400x257.jpg 400w, https:\/\/www.escapadarural.com\/blog\/wp-content\/uploads\/2024\/10\/Gollum_s_journey_commences_by_Frederic_Bennett-1024x657-3-600x385.jpg 600w, https:\/\/www.escapadarural.com\/blog\/wp-content\/uploads\/2024\/10\/Gollum_s_journey_commences_by_Frederic_Bennett-1024x657-3-768x493.jpg 768w, https:\/\/www.escapadarural.com\/blog\/wp-content\/uploads\/2024\/10\/Gollum_s_journey_commences_by_Frederic_Bennett-1024x657-3-800x513.jpg 800w, https:\/\/www.escapadarural.com\/blog\/wp-content\/uploads\/2024\/10\/Gollum_s_journey_commences_by_Frederic_Bennett-1024x657-3.jpg 1024w\" sizes=\"auto, (max-width: 1024px) 100vw, 1024px\" \/><figcaption class=\"wp-element-caption\">Gollum podr\u00eda ser el \u00aberes m\u00e1s feo que Picio\u00bb. Por Fr\u00e9d\u00e9ric Bennett (Benef)\n<\/figcaption><\/figure>\n\n\n\n<p>Hay un lugar en <a href=\"https:\/\/www.escapadarural.com\/casas-rurales\/granada\">Granada<\/a> donde naci\u00f3 el hombre que sirve como escala, como referencia, para la fealdad: Picio. Vino al mundo en un pueblo llamado Alhed\u00edn, y muri\u00f3 en Granada capital, acosado cruelmente por culpa de su fealdad. La suya fue una forma bastante tr\u00e1gica de dejar el nombre para la posteridad. La manera en la que ha pasado a ser hist\u00f3rico no es muy lustrosa, como tampoco lo es hacerlo por ser la mujer barbuda. Pero tambi\u00e9n hay varios casos m\u00e1s.<\/p>\n\n\n\n<p>Hay muchas <strong>formas de pasar a la historia<\/strong>. A veces conseguirlo tiene cierto m\u00e9rito porque requiere alguna virtud. Otras, en cambio, uno lo obtiene de regalo, casi por nacimiento o por casualidad. Pocas veces el motivo es una desgracia. De igual forma, no es lo mismo pasar a la posteridad a trav\u00e9s de los libros acad\u00e9micos que protagonizando una obra de arte importante. O pasar a la historia qued\u00e1ndose a vivir en la cultura popular, en el lenguaje. El caso de la Barbuda de Pe\u00f1aranda es un caso muy especial.<\/p>\n\n\n\n<h2 class=\"wp-block-heading\" id=\"h-la-mujer-barbuda-fue-retratada-para-dejar-constancia-de-su-aspecto\">La mujer barbuda fue retratada para dejar constancia de su aspecto<\/h2>\n\n\n\n<figure class=\"wp-block-image size-large\"><img loading=\"lazy\" decoding=\"async\" width=\"636\" height=\"1024\" src=\"https:\/\/www.escapadarural.com\/blog\/wp-content\/uploads\/2023\/03\/Brigida-del-Rio-la-barbuda-de-Penaranda-636x1024.webp\" alt=\"La barbuda de Pe\u00f1aranda. Por Museo del Prado\n\" class=\"wp-image-195427\" srcset=\"https:\/\/www.escapadarural.com\/blog\/wp-content\/uploads\/2023\/03\/Brigida-del-Rio-la-barbuda-de-Penaranda-186x300.webp 186w, https:\/\/www.escapadarural.com\/blog\/wp-content\/uploads\/2023\/03\/Brigida-del-Rio-la-barbuda-de-Penaranda-200x322.webp 200w, https:\/\/www.escapadarural.com\/blog\/wp-content\/uploads\/2023\/03\/Brigida-del-Rio-la-barbuda-de-Penaranda-400x644.webp 400w, https:\/\/www.escapadarural.com\/blog\/wp-content\/uploads\/2023\/03\/Brigida-del-Rio-la-barbuda-de-Penaranda-600x966.webp 600w, https:\/\/www.escapadarural.com\/blog\/wp-content\/uploads\/2023\/03\/Brigida-del-Rio-la-barbuda-de-Penaranda-636x1024.webp 636w, https:\/\/www.escapadarural.com\/blog\/wp-content\/uploads\/2023\/03\/Brigida-del-Rio-la-barbuda-de-Penaranda-768x1237.webp 768w, https:\/\/www.escapadarural.com\/blog\/wp-content\/uploads\/2023\/03\/Brigida-del-Rio-la-barbuda-de-Penaranda-800x1288.webp 800w, https:\/\/www.escapadarural.com\/blog\/wp-content\/uploads\/2023\/03\/Brigida-del-Rio-la-barbuda-de-Penaranda-954x1536.webp 954w, https:\/\/www.escapadarural.com\/blog\/wp-content\/uploads\/2023\/03\/Brigida-del-Rio-la-barbuda-de-Penaranda.webp 1024w\" sizes=\"auto, (max-width: 636px) 100vw, 636px\" \/><figcaption class=\"wp-element-caption\">La barbuda de Pe\u00f1aranda. Por Museo del Prado<br><\/figcaption><\/figure>\n\n\n\n<p>En el Museo del Prado, que uno deber\u00eda visitarlo tantas veces como pueda y le deje el sentido com\u00fan, hay una obra de Juan S\u00e1nchez Cot\u00e1n cuyo t\u00edtulo es <em>Br\u00edgida del R\u00edo, la barbuda de Pe\u00f1aranda<\/em>. En este momento, por cierto, no est\u00e1 expuesta, pero se puede ver con todo detalle en la <a href=\"https:\/\/www.museodelprado.es\/coleccion\/obra-de-arte\/brigida-del-rio-la-barbuda-de-pearanda\/4a025c3f-1cd4-4a77-92f0-eb0890110675\" target=\"_blank\">web del museo<\/a>. A trav\u00e9s de este cuadro, no muy grande, de poco m\u00e1s de un metro de alto y unos 60 cent\u00edmetros de ancho, es una de las formas en las que Br\u00edgida del R\u00edo ha pasado a la historia. Porque esta mujer barbuda fue un personaje hist\u00f3rico.<\/p>\n\n\n\n<p>Hay quien pasa a la historia y en su tiempo fue desconocido. Bien, ese no es el caso de Br\u00edgida del R\u00edo. Esta mujer fue muy popular en su tiempo, el siglo XVI. De hecho, no s\u00f3lo aparece en este cuadro, sino tambi\u00e9n en otros y en algunas obras literarias tan relevantes como el <em>Guzm\u00e1n de Alfarache<\/em> de Mateo Alem\u00e1n. Adem\u00e1s, nuestra protagonista fue llevada a la corte, donde ya saben que hab\u00eda bufones, enanos\u2026<\/p>\n\n\n\n<p>Br\u00edgida del r\u00edo no es la \u00fanica mujer barbuda que ha acabado retratada para siempre. Piensen que en un tiempo en el que no hab\u00eda fotos, la forma de dejar constancia m\u00e1s o menos fidedigna de la existencia de estas rarezas anat\u00f3micas era el retrato a manos de un pintor. De hecho, con esa intenci\u00f3n de dejar constancia de la mujer barbuda, en el cuadro de S\u00e1nchez Cot\u00e1n hay escrito un texto en el extremo superior izquierdo del cuadro. <\/p>\n\n\n\n<p>Constata el autor ah\u00ed que la retratada es Br\u00edgida del R\u00edo, de Pe\u00f1a Arada, y que ten\u00eda 50 a\u00f1os cuando se la retrat\u00f3. Este dato, por cierto, est\u00e1 escrito en n\u00fameros romanos. Tambi\u00e9n se pone la fecha en la que se hizo el retrato.<\/p>\n\n\n\n<figure class=\"wp-block-image size-large\"><img loading=\"lazy\" decoding=\"async\" width=\"667\" height=\"1024\" src=\"https:\/\/www.escapadarural.com\/blog\/wp-content\/uploads\/2023\/03\/La_mujer_barbuda_de_Jose_de_Ribera-667x1024.webp\" alt=\"La mujer barbuda (Magdalena Ventura con su marido). Por Jusepe de Ribera\" class=\"wp-image-195428\" srcset=\"https:\/\/www.escapadarural.com\/blog\/wp-content\/uploads\/2023\/03\/La_mujer_barbuda_de_Jose_de_Ribera-195x300.webp 195w, https:\/\/www.escapadarural.com\/blog\/wp-content\/uploads\/2023\/03\/La_mujer_barbuda_de_Jose_de_Ribera-200x307.webp 200w, https:\/\/www.escapadarural.com\/blog\/wp-content\/uploads\/2023\/03\/La_mujer_barbuda_de_Jose_de_Ribera-400x614.webp 400w, https:\/\/www.escapadarural.com\/blog\/wp-content\/uploads\/2023\/03\/La_mujer_barbuda_de_Jose_de_Ribera-600x921.webp 600w, https:\/\/www.escapadarural.com\/blog\/wp-content\/uploads\/2023\/03\/La_mujer_barbuda_de_Jose_de_Ribera-667x1024.webp 667w, https:\/\/www.escapadarural.com\/blog\/wp-content\/uploads\/2023\/03\/La_mujer_barbuda_de_Jose_de_Ribera-768x1179.webp 768w, https:\/\/www.escapadarural.com\/blog\/wp-content\/uploads\/2023\/03\/La_mujer_barbuda_de_Jose_de_Ribera-800x1228.webp 800w, https:\/\/www.escapadarural.com\/blog\/wp-content\/uploads\/2023\/03\/La_mujer_barbuda_de_Jose_de_Ribera-1001x1536.webp 1001w, https:\/\/www.escapadarural.com\/blog\/wp-content\/uploads\/2023\/03\/La_mujer_barbuda_de_Jose_de_Ribera.webp 1024w\" sizes=\"auto, (max-width: 667px) 100vw, 667px\" \/><figcaption class=\"wp-element-caption\">La mujer barbuda (Magdalena Ventura con su marido). Por Jusepe de Ribera\n<\/figcaption><\/figure>\n\n\n\n<p>Se conserva en el Prado una obra de Jos\u00e9 Ribera titulada <em>La mujer barbuda (Magdalena Ventura con su marido)<\/em>, que es otro ejemplo de mujer barbuda retratada para la posteridad. En este caso la mujer est\u00e1 acompa\u00f1ada de su marido, como indica el t\u00edtulo, pero adem\u00e1s tiene un beb\u00e9 en brazos. Un beb\u00e9 al que est\u00e1 amamantando. En este caso, Magdalena Ventura era italiana, de la zona de los Abruzos, y ten\u00eda 52 a\u00f1os cuando fue retratada. El que tiene en brazos es el menor de sus tres hijos.<\/p>\n\n\n\n<h2 class=\"wp-block-heading\" id=\"h-picio-el-feo-por-antonomasia\">Picio, el feo por antonomasia<\/h2>\n\n\n\n<p>Pero ninguna de esas mujeres ha alcanzado la presencia en la cultura popular del feo Picio. Este es la personificaci\u00f3n, la escala para medir la fealdad. Picio fue un pobre zapatero granadino que a finales del siglo XVIII se convirti\u00f3 en ejemplo de fealdad. Luego vendr\u00eda el dicho que todos conocemos: <strong>eres m\u00e1s feo que Picio<\/strong>. Lo cierto es que ese Picio existi\u00f3 de verdad. Y lo triste no es que sea la referencia para medir la fealdad, sino c\u00f3mo se le desfigur\u00f3 la cara y alcanz\u00f3 esa fealdad.<\/p>\n\n\n\n<figure class=\"wp-block-image size-full\"><img loading=\"lazy\" decoding=\"async\" width=\"1024\" height=\"768\" src=\"https:\/\/www.escapadarural.com\/blog\/wp-content\/uploads\/2023\/03\/15673573891_a12c2cd382_o.webp\" alt=\"Picio se qued\u00f3 sin cejas, ni pesta\u00f1as, como Gollum. Por Javier Enjuto\" class=\"wp-image-195426\" srcset=\"https:\/\/www.escapadarural.com\/blog\/wp-content\/uploads\/2023\/03\/15673573891_a12c2cd382_o-200x150.webp 200w, https:\/\/www.escapadarural.com\/blog\/wp-content\/uploads\/2023\/03\/15673573891_a12c2cd382_o-300x225.webp 300w, https:\/\/www.escapadarural.com\/blog\/wp-content\/uploads\/2023\/03\/15673573891_a12c2cd382_o-400x300.webp 400w, https:\/\/www.escapadarural.com\/blog\/wp-content\/uploads\/2023\/03\/15673573891_a12c2cd382_o-600x450.webp 600w, https:\/\/www.escapadarural.com\/blog\/wp-content\/uploads\/2023\/03\/15673573891_a12c2cd382_o-768x576.webp 768w, https:\/\/www.escapadarural.com\/blog\/wp-content\/uploads\/2023\/03\/15673573891_a12c2cd382_o-800x600.webp 800w, https:\/\/www.escapadarural.com\/blog\/wp-content\/uploads\/2023\/03\/15673573891_a12c2cd382_o.webp 1024w\" sizes=\"auto, (max-width: 1024px) 100vw, 1024px\" \/><figcaption class=\"wp-element-caption\">Picio se qued\u00f3 sin cejas, ni pesta\u00f1as, como Gollum. Por Javier Enjuto<\/figcaption><\/figure>\n\n\n\n<p>Este granadino, concretamente de Alhed\u00edn, fue condenado a muerte. Seg\u00fan algunas fuentes, una ri\u00f1a de taberna acab\u00f3 con un muerto por un navajazo y Picio, que en realidad se llamaba Francisco, carg\u00f3 con el muerto, nunca mejor dicho. El estr\u00e9s y la ansiedad, que dir\u00edamos ahora, le debieron afectar, como es de esperar para cualquiera que espere la muerte tras una condena, si bien la fealdad no lleg\u00f3 con la pena sino con la alegr\u00eda.<\/p>\n\n\n\n<p>Tuvo suerte, fue indultado al demostrarse su inocencia, y la buena noticia, la alegr\u00eda y la excitaci\u00f3n, fueron las que hicieron que el rostro le cambiara y se convirtiera en el feo por antonomasia. Seg\u00fan dicen, perdi\u00f3 todo el pelo, las pesta\u00f1as y las cejas incluidas, y se le qued\u00f3 en la cara un rictus extra\u00f1o. Hasta le salieron bultos que le deformaron la cara.<\/p>\n\n\n\n<h2 class=\"wp-block-heading\" id=\"h-una-obra-de-teatro-fue-la-condena-de-picio-para-siempre\">Una obra de teatro fue la condena de Picio para siempre<\/h2>\n\n\n\n<p>Este cambio en su aspecto fue la verdadera condena. Quiz\u00e1s parezca no tan dura como la condena a muerte, pero igualmente le cambi\u00f3 la vida. El pobre Picio tuvo que enfrentarse con el desprecio de la gente y con ser objetivo de todas las miradas. No lo soport\u00f3, as\u00ed que huy\u00f3 de su pueblo. Trat\u00f3 de esconderse, primero en <a href=\"https:\/\/www.escapadarural.com\/casas-rurales\/lanjaron\">Lanjar\u00f3n<\/a> y finalmente en la propia capital, en Granada. All\u00ed, malviviendo, le lleg\u00f3 la muerte poco despu\u00e9s.<\/p>\n\n\n\n<p>Pero, volviendo a los modos extra\u00f1os de pasar a la historia, Picio podr\u00eda haber sido el feo local y temporal de Granada, pero no fue as\u00ed. A principios del siglo XIX su nombre como personificaci\u00f3n del feo a rabiar fue incluido en una obra de teatro. La obra tuvo \u00e9xito y se populariz\u00f3 el dicho de que alguien era m\u00e1s feo que Picio. <strong>Se convirti\u00f3 en la escala de fealdad<\/strong>: ser m\u00e1s o menos feo que \u00e9l. Y en poco m\u00e1s acab\u00f3 su nombre en la RAE, donde hoy sigue. Y una vez que uno llega a la RAE como ejemplo de algo, pasa a la historia, con seguridad.<\/p>\n\n\n\n<div class=\"wp-block-buttons is-layout-flex wp-block-buttons-is-layout-flex\">\n<div class=\"wp-block-button\"><a class=\"wp-block-button__link wp-element-button\" href=\"https:\/\/www.escapadarural.com\/casas-rurales\/granada\">Casas rurales en Granada<\/a><\/div>\n<\/div>\n","protected":false},"excerpt":{"rendered":"<p>Hay un lugar en Granada donde naci\u00f3 el hombre que sirve como escala, como referencia, para la fealdad: Picio.  Esta es la historia de \u00aberes m\u00e1s feo que Picio\u00bb<\/p>\n","protected":false},"author":149,"featured_media":98397,"comment_status":"open","ping_status":"open","sticky":false,"template":"","format":"standard","meta":{"_acf_changed":false,"om_disable_all_campaigns":false,"footnotes":""},"categories":[231],"tags":[4980,448,1717,260,807,6188,338,440],"class_list":["post-55982","post","type-post","status-publish","format-standard","has-post-thumbnail","hentry","category-arte-y-cultura","tag-alhedin","tag-que-ver-en-andalucia","tag-arte","tag-articulo","tag-dichos","tag-gollum","tag-que-ver-en-granada","tag-historias-y-curiosidades"],"acf":[],"featured_image_src":"https:\/\/www.escapadarural.com\/blog\/wp-content\/uploads\/2024\/10\/Gollum_s_journey_commences_by_Frederic_Bennett-1024x657-3.jpg","author_info":{"display_name":"Manuel Jes\u00fas Prieto","author_link":"https:\/\/www.escapadarural.com\/blog\/autor\/manuel\/"},"yoast_head":"<!-- This site is optimized with the Yoast SEO plugin v27.5 - https:\/\/yoast.com\/product\/yoast-seo-wordpress\/ -->\n<title>\u00bfDe d\u00f3nde viene la expresi\u00f3n &quot;Eres m\u00e1s feo que Picio&quot;? - EscapadaRural<\/title>\n<meta name=\"robots\" content=\"index, follow, max-snippet:-1, max-image-preview:large, max-video-preview:-1\" \/>\n<link rel=\"canonical\" href=\"https:\/\/www.escapadarural.com\/blog\/origen-expresion-eres-mas-feo-que-picio\/\" \/>\n<meta property=\"og:locale\" content=\"es_ES\" \/>\n<meta property=\"og:type\" content=\"article\" \/>\n<meta property=\"og:title\" content=\"\u00bfDe d\u00f3nde viene la expresi\u00f3n &quot;Eres m\u00e1s feo que Picio&quot;? - EscapadaRural\" \/>\n<meta property=\"og:description\" content=\"Hay un lugar en Granada donde naci\u00f3 el hombre que sirve como escala, como referencia, para la fealdad: Picio. Esta es la historia de &quot;eres m\u00e1s feo que Picio&quot;\" \/>\n<meta property=\"og:url\" content=\"https:\/\/www.escapadarural.com\/blog\/origen-expresion-eres-mas-feo-que-picio\/\" \/>\n<meta property=\"og:site_name\" content=\"Magazine de viajes de EscapadaRural\" \/>\n<meta property=\"article:publisher\" content=\"https:\/\/www.facebook.com\/escapadarural\" \/>\n<meta property=\"article:published_time\" content=\"2023-03-24T09:29:15+00:00\" \/>\n<meta property=\"article:modified_time\" content=\"2025-04-15T09:26:00+00:00\" \/>\n<meta property=\"og:image\" content=\"https:\/\/www.escapadarural.com\/blog\/wp-content\/uploads\/2024\/10\/Gollum_s_journey_commences_by_Frederic_Bennett-1024x657-3.jpg\" \/>\n\t<meta property=\"og:image:width\" content=\"1024\" \/>\n\t<meta property=\"og:image:height\" content=\"657\" \/>\n\t<meta property=\"og:image:type\" content=\"image\/jpeg\" \/>\n<meta name=\"author\" content=\"Manuel Jes\u00fas Prieto\" \/>\n<meta name=\"twitter:card\" content=\"summary_large_image\" \/>\n<meta name=\"twitter:label1\" content=\"Escrito por\" \/>\n\t<meta name=\"twitter:data1\" content=\"Manuel Jes\u00fas Prieto\" \/>\n\t<meta name=\"twitter:label2\" content=\"Tiempo de lectura\" \/>\n\t<meta name=\"twitter:data2\" content=\"6 minutos\" \/>\n<script type=\"application\/ld+json\" class=\"yoast-schema-graph\">{\"@context\":\"https:\\\/\\\/schema.org\",\"@graph\":[{\"@type\":\"Article\",\"@id\":\"https:\\\/\\\/www.escapadarural.com\\\/blog\\\/origen-expresion-eres-mas-feo-que-picio\\\/#article\",\"isPartOf\":{\"@id\":\"https:\\\/\\\/www.escapadarural.com\\\/blog\\\/origen-expresion-eres-mas-feo-que-picio\\\/\"},\"author\":{\"name\":\"Manuel Jes\u00fas Prieto\",\"@id\":\"https:\\\/\\\/www.escapadarural.com\\\/blog\\\/#\\\/schema\\\/person\\\/4065dfd21d15120c54fb2ac942df5353\"},\"headline\":\"\u00bfDe d\u00f3nde viene la expresi\u00f3n \u00abEres m\u00e1s feo que Picio\u00bb?\",\"datePublished\":\"2023-03-24T09:29:15+00:00\",\"dateModified\":\"2025-04-15T09:26:00+00:00\",\"mainEntityOfPage\":{\"@id\":\"https:\\\/\\\/www.escapadarural.com\\\/blog\\\/origen-expresion-eres-mas-feo-que-picio\\\/\"},\"wordCount\":1144,\"commentCount\":0,\"publisher\":{\"@id\":\"https:\\\/\\\/www.escapadarural.com\\\/blog\\\/#organization\"},\"image\":{\"@id\":\"https:\\\/\\\/www.escapadarural.com\\\/blog\\\/origen-expresion-eres-mas-feo-que-picio\\\/#primaryimage\"},\"thumbnailUrl\":\"https:\\\/\\\/www.escapadarural.com\\\/blog\\\/wp-content\\\/uploads\\\/2024\\\/10\\\/Gollum_s_journey_commences_by_Frederic_Bennett-1024x657-3.jpg\",\"keywords\":[\"Alhed\u00edn\",\"Andaluc\u00eda\",\"arte\",\"art\u00edculo\",\"dichos\",\"Gollum\",\"Granada\",\"Historias y Curiosidades\"],\"articleSection\":[\"Arte y Cultura\"],\"inLanguage\":\"es\",\"potentialAction\":[{\"@type\":\"CommentAction\",\"name\":\"Comment\",\"target\":[\"https:\\\/\\\/www.escapadarural.com\\\/blog\\\/origen-expresion-eres-mas-feo-que-picio\\\/#respond\"]}]},{\"@type\":\"WebPage\",\"@id\":\"https:\\\/\\\/www.escapadarural.com\\\/blog\\\/origen-expresion-eres-mas-feo-que-picio\\\/\",\"url\":\"https:\\\/\\\/www.escapadarural.com\\\/blog\\\/origen-expresion-eres-mas-feo-que-picio\\\/\",\"name\":\"\u00bfDe d\u00f3nde viene la expresi\u00f3n \\\"Eres m\u00e1s feo que Picio\\\"? - EscapadaRural\",\"isPartOf\":{\"@id\":\"https:\\\/\\\/www.escapadarural.com\\\/blog\\\/#website\"},\"primaryImageOfPage\":{\"@id\":\"https:\\\/\\\/www.escapadarural.com\\\/blog\\\/origen-expresion-eres-mas-feo-que-picio\\\/#primaryimage\"},\"image\":{\"@id\":\"https:\\\/\\\/www.escapadarural.com\\\/blog\\\/origen-expresion-eres-mas-feo-que-picio\\\/#primaryimage\"},\"thumbnailUrl\":\"https:\\\/\\\/www.escapadarural.com\\\/blog\\\/wp-content\\\/uploads\\\/2024\\\/10\\\/Gollum_s_journey_commences_by_Frederic_Bennett-1024x657-3.jpg\",\"datePublished\":\"2023-03-24T09:29:15+00:00\",\"dateModified\":\"2025-04-15T09:26:00+00:00\",\"breadcrumb\":{\"@id\":\"https:\\\/\\\/www.escapadarural.com\\\/blog\\\/origen-expresion-eres-mas-feo-que-picio\\\/#breadcrumb\"},\"inLanguage\":\"es\",\"potentialAction\":[{\"@type\":\"ReadAction\",\"target\":[\"https:\\\/\\\/www.escapadarural.com\\\/blog\\\/origen-expresion-eres-mas-feo-que-picio\\\/\"]}]},{\"@type\":\"ImageObject\",\"inLanguage\":\"es\",\"@id\":\"https:\\\/\\\/www.escapadarural.com\\\/blog\\\/origen-expresion-eres-mas-feo-que-picio\\\/#primaryimage\",\"url\":\"https:\\\/\\\/www.escapadarural.com\\\/blog\\\/wp-content\\\/uploads\\\/2024\\\/10\\\/Gollum_s_journey_commences_by_Frederic_Bennett-1024x657-3.jpg\",\"contentUrl\":\"https:\\\/\\\/www.escapadarural.com\\\/blog\\\/wp-content\\\/uploads\\\/2024\\\/10\\\/Gollum_s_journey_commences_by_Frederic_Bennett-1024x657-3.jpg\",\"width\":1024,\"height\":657,\"caption\":\"Gollum podr\u00eda ser el \u00aberes m\u00e1s feo que Picio\u00bb. Por Fr\u00e9d\u00e9ric Bennett (Benef)\"},{\"@type\":\"BreadcrumbList\",\"@id\":\"https:\\\/\\\/www.escapadarural.com\\\/blog\\\/origen-expresion-eres-mas-feo-que-picio\\\/#breadcrumb\",\"itemListElement\":[{\"@type\":\"ListItem\",\"position\":1,\"name\":\"Inicio\",\"item\":\"https:\\\/\\\/www.escapadarural.com\\\/blog\\\/\"},{\"@type\":\"ListItem\",\"position\":2,\"name\":\"Arte y Cultura\",\"item\":\"https:\\\/\\\/www.escapadarural.com\\\/blog\\\/categoria\\\/arte-y-cultura\\\/\"},{\"@type\":\"ListItem\",\"position\":3,\"name\":\"\u00bfDe d\u00f3nde viene la expresi\u00f3n \u00abEres m\u00e1s feo que Picio\u00bb?\"}]},{\"@type\":\"WebSite\",\"@id\":\"https:\\\/\\\/www.escapadarural.com\\\/blog\\\/#website\",\"url\":\"https:\\\/\\\/www.escapadarural.com\\\/blog\\\/\",\"name\":\"Blog de viajes | turismo rural, alojamientos e inspiraci\u00f3n\",\"description\":\"Alojamientos rurales e inspiraci\u00f3n para tus escapadas\",\"publisher\":{\"@id\":\"https:\\\/\\\/www.escapadarural.com\\\/blog\\\/#organization\"},\"alternateName\":\"Magazine de viajes de EscapadaRural\",\"potentialAction\":[{\"@type\":\"SearchAction\",\"target\":{\"@type\":\"EntryPoint\",\"urlTemplate\":\"https:\\\/\\\/www.escapadarural.com\\\/blog\\\/?s={search_term_string}\"},\"query-input\":{\"@type\":\"PropertyValueSpecification\",\"valueRequired\":true,\"valueName\":\"search_term_string\"}}],\"inLanguage\":\"es\"},{\"@type\":\"Organization\",\"@id\":\"https:\\\/\\\/www.escapadarural.com\\\/blog\\\/#organization\",\"name\":\"EscapadaRural\",\"url\":\"https:\\\/\\\/www.escapadarural.com\\\/blog\\\/\",\"logo\":{\"@type\":\"ImageObject\",\"inLanguage\":\"es\",\"@id\":\"https:\\\/\\\/www.escapadarural.com\\\/blog\\\/#\\\/schema\\\/logo\\\/image\\\/\",\"url\":\"https:\\\/\\\/www.escapadarural.com\\\/blog\\\/wp-content\\\/uploads\\\/2024\\\/10\\\/cropped-cropped-escapada-rural-icon-mag-3.png\",\"contentUrl\":\"https:\\\/\\\/www.escapadarural.com\\\/blog\\\/wp-content\\\/uploads\\\/2024\\\/10\\\/cropped-cropped-escapada-rural-icon-mag-3.png\",\"width\":512,\"height\":512,\"caption\":\"EscapadaRural\"},\"image\":{\"@id\":\"https:\\\/\\\/www.escapadarural.com\\\/blog\\\/#\\\/schema\\\/logo\\\/image\\\/\"},\"sameAs\":[\"https:\\\/\\\/www.facebook.com\\\/escapadarural\",\"https:\\\/\\\/www.instagram.com\\\/escapadarural\\\/\",\"https:\\\/\\\/www.youtube.com\\\/@escapadaruralcom\"]},{\"@type\":\"Person\",\"@id\":\"https:\\\/\\\/www.escapadarural.com\\\/blog\\\/#\\\/schema\\\/person\\\/4065dfd21d15120c54fb2ac942df5353\",\"name\":\"Manuel Jes\u00fas Prieto\",\"image\":{\"@type\":\"ImageObject\",\"inLanguage\":\"es\",\"@id\":\"https:\\\/\\\/secure.gravatar.com\\\/avatar\\\/37b0a60089415adf7fccf5a36cbba1736d8f005f236f1e2dde1c27f78214b0f9?s=96&d=mm&r=g\",\"url\":\"https:\\\/\\\/secure.gravatar.com\\\/avatar\\\/37b0a60089415adf7fccf5a36cbba1736d8f005f236f1e2dde1c27f78214b0f9?s=96&d=mm&r=g\",\"contentUrl\":\"https:\\\/\\\/secure.gravatar.com\\\/avatar\\\/37b0a60089415adf7fccf5a36cbba1736d8f005f236f1e2dde1c27f78214b0f9?s=96&d=mm&r=g\",\"caption\":\"Manuel Jes\u00fas Prieto\"},\"url\":\"https:\\\/\\\/www.escapadarural.com\\\/blog\\\/autor\\\/manuel\\\/\"}]}<\/script>\n<!-- \/ Yoast SEO plugin. -->","yoast_head_json":{"title":"\u00bfDe d\u00f3nde viene la expresi\u00f3n \"Eres m\u00e1s feo que Picio\"? - EscapadaRural","robots":{"index":"index","follow":"follow","max-snippet":"max-snippet:-1","max-image-preview":"max-image-preview:large","max-video-preview":"max-video-preview:-1"},"canonical":"https:\/\/www.escapadarural.com\/blog\/origen-expresion-eres-mas-feo-que-picio\/","og_locale":"es_ES","og_type":"article","og_title":"\u00bfDe d\u00f3nde viene la expresi\u00f3n \"Eres m\u00e1s feo que Picio\"? - EscapadaRural","og_description":"Hay un lugar en Granada donde naci\u00f3 el hombre que sirve como escala, como referencia, para la fealdad: Picio. Esta es la historia de \"eres m\u00e1s feo que Picio\"","og_url":"https:\/\/www.escapadarural.com\/blog\/origen-expresion-eres-mas-feo-que-picio\/","og_site_name":"Magazine de viajes de EscapadaRural","article_publisher":"https:\/\/www.facebook.com\/escapadarural","article_published_time":"2023-03-24T09:29:15+00:00","article_modified_time":"2025-04-15T09:26:00+00:00","og_image":[{"width":1024,"height":657,"url":"https:\/\/www.escapadarural.com\/blog\/wp-content\/uploads\/2024\/10\/Gollum_s_journey_commences_by_Frederic_Bennett-1024x657-3.jpg","type":"image\/jpeg"}],"author":"Manuel Jes\u00fas Prieto","twitter_card":"summary_large_image","twitter_misc":{"Escrito por":"Manuel Jes\u00fas Prieto","Tiempo de lectura":"6 minutos"},"schema":{"@context":"https:\/\/schema.org","@graph":[{"@type":"Article","@id":"https:\/\/www.escapadarural.com\/blog\/origen-expresion-eres-mas-feo-que-picio\/#article","isPartOf":{"@id":"https:\/\/www.escapadarural.com\/blog\/origen-expresion-eres-mas-feo-que-picio\/"},"author":{"name":"Manuel Jes\u00fas Prieto","@id":"https:\/\/www.escapadarural.com\/blog\/#\/schema\/person\/4065dfd21d15120c54fb2ac942df5353"},"headline":"\u00bfDe d\u00f3nde viene la expresi\u00f3n \u00abEres m\u00e1s feo que Picio\u00bb?","datePublished":"2023-03-24T09:29:15+00:00","dateModified":"2025-04-15T09:26:00+00:00","mainEntityOfPage":{"@id":"https:\/\/www.escapadarural.com\/blog\/origen-expresion-eres-mas-feo-que-picio\/"},"wordCount":1144,"commentCount":0,"publisher":{"@id":"https:\/\/www.escapadarural.com\/blog\/#organization"},"image":{"@id":"https:\/\/www.escapadarural.com\/blog\/origen-expresion-eres-mas-feo-que-picio\/#primaryimage"},"thumbnailUrl":"https:\/\/www.escapadarural.com\/blog\/wp-content\/uploads\/2024\/10\/Gollum_s_journey_commences_by_Frederic_Bennett-1024x657-3.jpg","keywords":["Alhed\u00edn","Andaluc\u00eda","arte","art\u00edculo","dichos","Gollum","Granada","Historias y Curiosidades"],"articleSection":["Arte y Cultura"],"inLanguage":"es","potentialAction":[{"@type":"CommentAction","name":"Comment","target":["https:\/\/www.escapadarural.com\/blog\/origen-expresion-eres-mas-feo-que-picio\/#respond"]}]},{"@type":"WebPage","@id":"https:\/\/www.escapadarural.com\/blog\/origen-expresion-eres-mas-feo-que-picio\/","url":"https:\/\/www.escapadarural.com\/blog\/origen-expresion-eres-mas-feo-que-picio\/","name":"\u00bfDe d\u00f3nde viene la expresi\u00f3n \"Eres m\u00e1s feo que Picio\"? - EscapadaRural","isPartOf":{"@id":"https:\/\/www.escapadarural.com\/blog\/#website"},"primaryImageOfPage":{"@id":"https:\/\/www.escapadarural.com\/blog\/origen-expresion-eres-mas-feo-que-picio\/#primaryimage"},"image":{"@id":"https:\/\/www.escapadarural.com\/blog\/origen-expresion-eres-mas-feo-que-picio\/#primaryimage"},"thumbnailUrl":"https:\/\/www.escapadarural.com\/blog\/wp-content\/uploads\/2024\/10\/Gollum_s_journey_commences_by_Frederic_Bennett-1024x657-3.jpg","datePublished":"2023-03-24T09:29:15+00:00","dateModified":"2025-04-15T09:26:00+00:00","breadcrumb":{"@id":"https:\/\/www.escapadarural.com\/blog\/origen-expresion-eres-mas-feo-que-picio\/#breadcrumb"},"inLanguage":"es","potentialAction":[{"@type":"ReadAction","target":["https:\/\/www.escapadarural.com\/blog\/origen-expresion-eres-mas-feo-que-picio\/"]}]},{"@type":"ImageObject","inLanguage":"es","@id":"https:\/\/www.escapadarural.com\/blog\/origen-expresion-eres-mas-feo-que-picio\/#primaryimage","url":"https:\/\/www.escapadarural.com\/blog\/wp-content\/uploads\/2024\/10\/Gollum_s_journey_commences_by_Frederic_Bennett-1024x657-3.jpg","contentUrl":"https:\/\/www.escapadarural.com\/blog\/wp-content\/uploads\/2024\/10\/Gollum_s_journey_commences_by_Frederic_Bennett-1024x657-3.jpg","width":1024,"height":657,"caption":"Gollum podr\u00eda ser el \u00aberes m\u00e1s feo que Picio\u00bb. Por Fr\u00e9d\u00e9ric Bennett (Benef)"},{"@type":"BreadcrumbList","@id":"https:\/\/www.escapadarural.com\/blog\/origen-expresion-eres-mas-feo-que-picio\/#breadcrumb","itemListElement":[{"@type":"ListItem","position":1,"name":"Inicio","item":"https:\/\/www.escapadarural.com\/blog\/"},{"@type":"ListItem","position":2,"name":"Arte y Cultura","item":"https:\/\/www.escapadarural.com\/blog\/categoria\/arte-y-cultura\/"},{"@type":"ListItem","position":3,"name":"\u00bfDe d\u00f3nde viene la expresi\u00f3n \u00abEres m\u00e1s feo que Picio\u00bb?"}]},{"@type":"WebSite","@id":"https:\/\/www.escapadarural.com\/blog\/#website","url":"https:\/\/www.escapadarural.com\/blog\/","name":"Blog de viajes | turismo rural, alojamientos e inspiraci\u00f3n","description":"Alojamientos rurales e inspiraci\u00f3n para tus escapadas","publisher":{"@id":"https:\/\/www.escapadarural.com\/blog\/#organization"},"alternateName":"Magazine de viajes de EscapadaRural","potentialAction":[{"@type":"SearchAction","target":{"@type":"EntryPoint","urlTemplate":"https:\/\/www.escapadarural.com\/blog\/?s={search_term_string}"},"query-input":{"@type":"PropertyValueSpecification","valueRequired":true,"valueName":"search_term_string"}}],"inLanguage":"es"},{"@type":"Organization","@id":"https:\/\/www.escapadarural.com\/blog\/#organization","name":"EscapadaRural","url":"https:\/\/www.escapadarural.com\/blog\/","logo":{"@type":"ImageObject","inLanguage":"es","@id":"https:\/\/www.escapadarural.com\/blog\/#\/schema\/logo\/image\/","url":"https:\/\/www.escapadarural.com\/blog\/wp-content\/uploads\/2024\/10\/cropped-cropped-escapada-rural-icon-mag-3.png","contentUrl":"https:\/\/www.escapadarural.com\/blog\/wp-content\/uploads\/2024\/10\/cropped-cropped-escapada-rural-icon-mag-3.png","width":512,"height":512,"caption":"EscapadaRural"},"image":{"@id":"https:\/\/www.escapadarural.com\/blog\/#\/schema\/logo\/image\/"},"sameAs":["https:\/\/www.facebook.com\/escapadarural","https:\/\/www.instagram.com\/escapadarural\/","https:\/\/www.youtube.com\/@escapadaruralcom"]},{"@type":"Person","@id":"https:\/\/www.escapadarural.com\/blog\/#\/schema\/person\/4065dfd21d15120c54fb2ac942df5353","name":"Manuel Jes\u00fas Prieto","image":{"@type":"ImageObject","inLanguage":"es","@id":"https:\/\/secure.gravatar.com\/avatar\/37b0a60089415adf7fccf5a36cbba1736d8f005f236f1e2dde1c27f78214b0f9?s=96&d=mm&r=g","url":"https:\/\/secure.gravatar.com\/avatar\/37b0a60089415adf7fccf5a36cbba1736d8f005f236f1e2dde1c27f78214b0f9?s=96&d=mm&r=g","contentUrl":"https:\/\/secure.gravatar.com\/avatar\/37b0a60089415adf7fccf5a36cbba1736d8f005f236f1e2dde1c27f78214b0f9?s=96&d=mm&r=g","caption":"Manuel Jes\u00fas Prieto"},"url":"https:\/\/www.escapadarural.com\/blog\/autor\/manuel\/"}]}},"_links":{"self":[{"href":"https:\/\/www.escapadarural.com\/blog\/wp-json\/wp\/v2\/posts\/55982","targetHints":{"allow":["GET"]}}],"collection":[{"href":"https:\/\/www.escapadarural.com\/blog\/wp-json\/wp\/v2\/posts"}],"about":[{"href":"https:\/\/www.escapadarural.com\/blog\/wp-json\/wp\/v2\/types\/post"}],"author":[{"embeddable":true,"href":"https:\/\/www.escapadarural.com\/blog\/wp-json\/wp\/v2\/users\/149"}],"replies":[{"embeddable":true,"href":"https:\/\/www.escapadarural.com\/blog\/wp-json\/wp\/v2\/comments?post=55982"}],"version-history":[{"count":0,"href":"https:\/\/www.escapadarural.com\/blog\/wp-json\/wp\/v2\/posts\/55982\/revisions"}],"wp:featuredmedia":[{"embeddable":true,"href":"https:\/\/www.escapadarural.com\/blog\/wp-json\/wp\/v2\/media\/98397"}],"wp:attachment":[{"href":"https:\/\/www.escapadarural.com\/blog\/wp-json\/wp\/v2\/media?parent=55982"}],"wp:term":[{"taxonomy":"category","embeddable":true,"href":"https:\/\/www.escapadarural.com\/blog\/wp-json\/wp\/v2\/categories?post=55982"},{"taxonomy":"post_tag","embeddable":true,"href":"https:\/\/www.escapadarural.com\/blog\/wp-json\/wp\/v2\/tags?post=55982"}],"curies":[{"name":"wp","href":"https:\/\/api.w.org\/{rel}","templated":true}]}}