{"id":55996,"date":"2026-02-18T08:55:00","date_gmt":"2026-02-18T07:55:00","guid":{"rendered":"https:\/\/www.escapadarural.com\/blog\/?p=55996"},"modified":"2026-03-13T14:23:58","modified_gmt":"2026-03-13T13:23:58","slug":"rutas-de-invierno-en-espana","status":"publish","type":"post","link":"https:\/\/www.escapadarural.com\/blog\/rutas-de-invierno-en-espana\/","title":{"rendered":"Rutas de senderismo para disfrutar en invierno"},"content":{"rendered":"\n<p>El <strong>invierno<\/strong> ya est\u00e1 aqu\u00ed y muchos ya tenemos ganas de disfrutar de los <strong>paisajes blancos cubiertos de nieve<\/strong> y sentir el aire fresco en el rostro. Si t\u00fa tambi\u00e9n estabas deseando que llegase esta \u00e9poca del a\u00f1o, sigue leyendo.<\/p>\n\n\n\n<p>Hemos preparado una lista con <strong>7 rutas de senderismo<\/strong> para disfrutar este invierno, pero antes de entrar en materia queremos recordarte algunos aspectos a tener en cuenta:<\/p>\n\n\n\n<ul class=\"wp-block-list\">\n<li>\ud83e\udde5 <strong>V\u00edstete por capas:<\/strong> es el truco perfecto para regular la temperatura corporal para que no pases ni fr\u00edo ni calor.<\/li>\n\n\n\n<li>\ud83c\udf27\ufe0f <strong>Lleva un abrigo impermeable:<\/strong> en cualquier momento puede empezar a llover o nevar y lo mejor es ir protegido.<\/li>\n\n\n\n<li>\ud83e\udd7e <strong>No te olvides las botas:<\/strong> recomendamos que las botas sean lo m\u00e1s impermeables posible y que, adem\u00e1s, te protejan los tobillos.<\/li>\n\n\n\n<li>\ud83c\udf92 <strong>Prepara la mochila:<\/strong> recuerda llevar agua suficiente, comida y algo caliente para beber por si necesitas entrar en calor.<\/li>\n\n\n\n<li>\ud83d\udccd <strong>Informa:<\/strong> deja avisado a la familia, amigos o alguien de confianza d\u00f3nde planeas ir y qu\u00e9 ruta seguir\u00e1s.<\/li>\n\n\n\n<li>\ud83d\udcf1 <strong>Apps:<\/strong> te recomendamos descargar el mapa de la zona antes de empezar la ruta, as\u00ed como My112, la aplicaci\u00f3n m\u00f3vil de emergencias y geolocalizaci\u00f3n.<\/li>\n<\/ul>\n\n\n\n<p>Y recuerda siempre: elige una ruta apta para ti y <strong>no corras riesgos<\/strong> innecesarios.<\/p>\n\n\n\n<p>\u00a1Ahora s\u00ed, vamos a ponernos en marcha y a  disfrutar!<\/p>\n\n\n\n<div class=\"wp-block-buttons is-layout-flex wp-block-buttons-is-layout-flex\">\n<div class=\"wp-block-button\"><a class=\"wp-block-button__link wp-element-button\" href=\"\/casas-rurales\">Encuentra tu alojamiento<\/a><\/div>\n<\/div>\n\n\n\n<h2 class=\"wp-block-heading\" id=\"h-ruta-por-la-ciudad-encantada-de-cuenca\">Ruta por la Ciudad Encantada de <a href=\"\/casas-rurales\/cuenca\">Cuenca<\/a><\/h2>\n\n\n\n<figure class=\"wp-block-image size-full\"><img loading=\"lazy\" decoding=\"async\" width=\"1024\" height=\"682\" src=\"https:\/\/www.escapadarural.com\/blog\/wp-content\/uploads\/2023\/11\/AdobeStock_818238540.webp\" alt=\"Invierno en la Ciudad Encantada de Cuenca\" class=\"wp-image-185519\" srcset=\"https:\/\/www.escapadarural.com\/blog\/wp-content\/uploads\/2023\/11\/AdobeStock_818238540-200x133.webp 200w, https:\/\/www.escapadarural.com\/blog\/wp-content\/uploads\/2023\/11\/AdobeStock_818238540-300x200.webp 300w, https:\/\/www.escapadarural.com\/blog\/wp-content\/uploads\/2023\/11\/AdobeStock_818238540-400x266.webp 400w, https:\/\/www.escapadarural.com\/blog\/wp-content\/uploads\/2023\/11\/AdobeStock_818238540-600x400.webp 600w, https:\/\/www.escapadarural.com\/blog\/wp-content\/uploads\/2023\/11\/AdobeStock_818238540-768x512.webp 768w, https:\/\/www.escapadarural.com\/blog\/wp-content\/uploads\/2023\/11\/AdobeStock_818238540-800x533.webp 800w, https:\/\/www.escapadarural.com\/blog\/wp-content\/uploads\/2023\/11\/AdobeStock_818238540.webp 1024w\" sizes=\"auto, (max-width: 1024px) 100vw, 1024px\" \/><figcaption class=\"wp-element-caption\">Ciudad Encantada de Cuenca con nieve. Por: tabaro<\/figcaption><\/figure>\n\n\n<div style=\"background-color: #dff0d8; color: #3c763d; border-left-color: #3c763d; \" class=\"ub-styled-box ub-notification-box wp-block-ub-styled-box\" id=\"ub-styled-box-a3eb0ea4-48f0-426b-9e34-590fbae5fa87\">\n<p id=\"ub-styled-box-notification-content-\"><strong>Longitud:<\/strong> 3 kil\u00f3metros<\/p>\n\n\n\n<p><strong>Tipo de ruta:<\/strong> circular<\/p>\n\n\n\n<p><strong>Dificultad:<\/strong> f\u00e1cil<\/p>\n\n\n\n<p><a href=\"https:\/\/es.wikiloc.com\/rutas-a-pie\/ciudad-encantada-24758373\" target=\"_blank\" rel=\"noreferrer noopener nofollow\">Track de Wikiloc<\/a><\/p>\n\n\n<\/div>\n\n\n<p>La <strong>Ciudad Encantada de Cuenca<\/strong> es el lugar ideal para disfrutar de una sencilla y encantadora ruta de senderismo junto con la familia, y si vas en invierno es todav\u00eda mejor. Se trata de una zona boscosa t\u00edpica de la serran\u00eda conquense que, adem\u00e1s, cuenta con diferentes y muy peculiares rocas.<\/p>\n\n\n\n<p>Se trata de una ruta circular de aproximadamente 3 kil\u00f3metros, sin mucha pendiente y en la que se completa en dos horas. El acceso a la <a href=\"https:\/\/www.ciudadencantada.es\/\" target=\"_blank\" rel=\"noreferrer noopener nofollow\">Ciudad Encantada<\/a> cuesta 7\u20ac y para los ni\u00f1os menores de 7 a\u00f1os es gratis. <strong>La entrada al parque se compra directamente en taquilla<\/strong>, no se puede reservar online.<\/p>\n\n\n\n<p>Muy cerca de la Ciudad Encantada, la casa rural <strong><a href=\"\/casa-rural\/cuenca\/del-alba-al-ocaso\">Del Alba al Ocaso<\/a><\/strong>, en el pueblo de U\u00f1a, es una excelente opci\u00f3n para una escapada invernal. Destaca por su <strong>entorno natural privilegiado<\/strong>, sus estancias c\u00e1lidas con calefacci\u00f3n y chimenea, y una ubicaci\u00f3n ideal para explorar la Serran\u00eda de Cuenca y relajarse al final del d\u00eda.<\/p>\n\n\n\n<div class=\"wp-block-buttons is-layout-flex wp-block-buttons-is-layout-flex\">\n<div class=\"wp-block-button\"><a class=\"wp-block-button__link wp-element-button\" href=\"\/casas-rurales\/serrania-de-cuenca\">Alojamientos rurales en Serran\u00eda de Cuenca<\/a><\/div>\n<\/div>\n\n\n\n<h2 class=\"wp-block-heading\" id=\"h-ruta-de-la-estacion-de-esqui-vallter-hacia-el-refugio-d-ulldeter-girona-en-invierno\">Ruta de la estaci\u00f3n de esqu\u00ed Vallter hacia el refugio d&#8217;Ulldeter (<a href=\"\/casas-rurales\/girona\">Girona<\/a>) en invierno<\/h2>\n\n\n\n<figure class=\"wp-block-image size-full\"><img loading=\"lazy\" decoding=\"async\" width=\"1024\" height=\"768\" src=\"https:\/\/www.escapadarural.com\/blog\/wp-content\/uploads\/2023\/11\/AdobeStock_305559211.webp\" alt=\"Invierno en las pistas de esqu\u00ed Vallter 2000\" class=\"wp-image-185520\" srcset=\"https:\/\/www.escapadarural.com\/blog\/wp-content\/uploads\/2023\/11\/AdobeStock_305559211-200x150.webp 200w, https:\/\/www.escapadarural.com\/blog\/wp-content\/uploads\/2023\/11\/AdobeStock_305559211-300x225.webp 300w, https:\/\/www.escapadarural.com\/blog\/wp-content\/uploads\/2023\/11\/AdobeStock_305559211-400x300.webp 400w, https:\/\/www.escapadarural.com\/blog\/wp-content\/uploads\/2023\/11\/AdobeStock_305559211-600x450.webp 600w, https:\/\/www.escapadarural.com\/blog\/wp-content\/uploads\/2023\/11\/AdobeStock_305559211-768x576.webp 768w, https:\/\/www.escapadarural.com\/blog\/wp-content\/uploads\/2023\/11\/AdobeStock_305559211-800x600.webp 800w, https:\/\/www.escapadarural.com\/blog\/wp-content\/uploads\/2023\/11\/AdobeStock_305559211.webp 1024w\" sizes=\"auto, (max-width: 1024px) 100vw, 1024px\" \/><figcaption class=\"wp-element-caption\">Estaci\u00f3n de esqu\u00ed Vallter 2000 (Girona). Por: juancajuarez<\/figcaption><\/figure>\n\n\n<div style=\"background-color: #dff0d8; color: #3c763d; border-left-color: #3c763d; \" class=\"ub-styled-box ub-notification-box wp-block-ub-styled-box\" id=\"ub-styled-box-822e8769-8905-4c3f-97bf-c6e5c7cce308\">\n<p id=\"ub-styled-box-notification-content-\"><strong>Longitud:<\/strong> 5 kil\u00f3metros<\/p>\n\n\n\n<p><strong>Tipo de ruta:<\/strong> circular<\/p>\n\n\n\n<p><strong>Dificultad:<\/strong> moderada<\/p>\n\n\n\n<p><a href=\"https:\/\/es.wikiloc.com\/rutas-raquetas\/naixement-del-ter-refugi-vell-dulldeter-refugi-dulldeter-i-pont-sobre-el-ter-des-de-vallter-169599465\" target=\"_blank\" rel=\"noreferrer noopener nofollow\">Track de Wikiloc<\/a><\/p>\n\n\n<\/div>\n\n\n<p>Los Pirineos catalanes son el destino perfecto para disfrutar de los deportes de invierno y del encanto de los pueblos de alta monta\u00f1a. Entre sus 10 estaciones de esqu\u00ed tambi\u00e9n hay diferentes rutas, una de ellas es la que va desde la <strong>estaci\u00f3n de esqu\u00ed de Vallter hacia el refugio d&#8217;Ulldeter, <\/strong>pasando por el nacimiento del r\u00edo Ter.<\/p>\n\n\n\n<p>Se trata de un recorrido de poco m\u00e1s de 5 kil\u00f3metros y que cuenta con un desnivel de unos 400 metros. Esta ruta se realiza con <a href=\"\/blog\/rutas-con-raquetas-de-nieve\/\">raquetas de nieve<\/a>. Si lo que buscas son rutas de m\u00e1s nivel por monta\u00f1as, recomendamos ir al <strong><a href=\"\/casas-rurales\/alt-pirineu\">Parque Natural de l\u2019Alt Pirineu<\/a><\/strong> donde podr\u00e1s disfrutar de las grandes cumbres de la zona del Pallars.<\/p>\n\n\n\n<p>Cerca de la estaci\u00f3n de Vallter, la casa rural <strong><a href=\"\/casa-rural\/girona\/mas-batllo\">Mas Batll\u00f3<\/a><\/strong>, en el tranquilo pueblo de Abella (valle de Camprodon), ofrece un refugio c\u00e1lido tras un d\u00eda de aventura invernal. Esta mas\u00eda del siglo XVIII restaurada combina <strong>arquitectura rural catalana<\/strong>, chimenea y calefacci\u00f3n con exteriores amplios (jard\u00edn, terraza y zona de barbacoa), todo ello en un entorno natural perfecto para seguir explorando los Pirineos catalanes.<\/p>\n\n\n\n<div class=\"wp-block-buttons is-layout-flex wp-block-buttons-is-layout-flex\">\n<div class=\"wp-block-button\"><a class=\"wp-block-button__link wp-element-button\" href=\"\/casas-rurales\/setcases\">Alojamientos rurales cerca de Vallter<\/a><\/div>\n<\/div>\n\n\n\n<h2 class=\"wp-block-heading\" id=\"h-senda-del-pozo-de-la-nieve-avila\">Senda del Pozo de la Nieve (<a href=\"\/casas-rurales\/avila\">\u00c1vila<\/a>)<\/h2>\n\n\n\n<figure class=\"wp-block-image size-full\"><img loading=\"lazy\" decoding=\"async\" width=\"1024\" height=\"724\" src=\"https:\/\/www.escapadarural.com\/blog\/wp-content\/uploads\/2023\/11\/AdobeStock_396621047.webp\" alt=\"Pozo de las Nieves\" class=\"wp-image-185521\" srcset=\"https:\/\/www.escapadarural.com\/blog\/wp-content\/uploads\/2023\/11\/AdobeStock_396621047-200x141.webp 200w, https:\/\/www.escapadarural.com\/blog\/wp-content\/uploads\/2023\/11\/AdobeStock_396621047-300x212.webp 300w, https:\/\/www.escapadarural.com\/blog\/wp-content\/uploads\/2023\/11\/AdobeStock_396621047-400x283.webp 400w, https:\/\/www.escapadarural.com\/blog\/wp-content\/uploads\/2023\/11\/AdobeStock_396621047-600x424.webp 600w, https:\/\/www.escapadarural.com\/blog\/wp-content\/uploads\/2023\/11\/AdobeStock_396621047-768x543.webp 768w, https:\/\/www.escapadarural.com\/blog\/wp-content\/uploads\/2023\/11\/AdobeStock_396621047-800x566.webp 800w, https:\/\/www.escapadarural.com\/blog\/wp-content\/uploads\/2023\/11\/AdobeStock_396621047.webp 1024w\" sizes=\"auto, (max-width: 1024px) 100vw, 1024px\" \/><figcaption class=\"wp-element-caption\">Pozo de la Nieve de El Tiemblo (\u00c1vila). Por: pintxoman<\/figcaption><\/figure>\n\n\n<div style=\"background-color: #dff0d8; color: #3c763d; border-left-color: #3c763d; \" class=\"ub-styled-box ub-notification-box wp-block-ub-styled-box\" id=\"ub-styled-box-4f6b2017-0d25-4ec5-958b-f47cd8f9f353\">\n<p id=\"ub-styled-box-notification-content-\"><a href=\"https:\/\/es.wikiloc.com\/rutas-senderismo\/senda-al-pozo-de-la-nieve-desde-el-area-recreativa-las-barrancas-el-tiemblo-44812213\" target=\"_blank\" rel=\"noreferrer noopener nofollow\"><strong>Longitud:<\/strong><\/a> 5,2 kil\u00f3metros<\/p>\n\n\n\n<p><strong>Tipo de ruta:<\/strong> circular<\/p>\n\n\n\n<p><strong>Dificultad:<\/strong> moderada<\/p>\n\n\n\n<p><a href=\"https:\/\/es.wikiloc.com\/rutas-senderismo\/senda-al-pozo-de-la-nieve-desde-el-area-recreativa-las-barrancas-el-tiemblo-44812213\" target=\"_blank\" rel=\"noreferrer noopener nofollow\">Track de Wikiloc<\/a><\/p>\n\n\n<\/div>\n\n\n<p>Otra ruta para disfrutar en familia es la <a href=\"https:\/\/visitambroz.es\/guia_del_ambroz\/el-nevero-pozo-de-nieve\/\" target=\"_blank\" rel=\"noreferrer noopener nofollow\">Senda del Pozo de la Nieve<\/a>, en El Tiemblo. Se encuentra en la <strong>Reserva Natural del Valle de Iruelas<\/strong>, por lo que las vistas espectaculares y el contacto m\u00e1s intimo con la naturaleza est\u00e1n garantidos.<\/p>\n\n\n\n<p>Puedes empezar la ruta desde el <strong>\u00e1rea recreativa Las Barrancas<\/strong> (5,2 km ida y vuelta), o ampliar el recorrido saliendo desde el aparcamiento del <strong><a href=\"\/blog\/la-joya-natural-del-tiemblo\/\">Casta\u00f1ar de El Tiemblo<\/a><\/strong> (unos 10 km ida y vuelta). El camino discurre por prados, grandes piedras y bosques de helechos.<\/p>\n\n\n\n<p>En las cercan\u00edas de la Senda del Pozo de la Nieve, <strong><a href=\"\/casa-rural\/avila\/nidogredos-la-casa\">NidoGredos &#8211; La Casa<\/a><\/strong> y <strong><a href=\"\/casa-rural\/avila\/nidogredos-la-suite\">NidoGredos &#8211; La Suite<\/a><\/strong> son dos acogedores alojamientos que combinan <strong>dise\u00f1o contempor\u00e1neo y confort<\/strong> con la tranquilidad del entorno serrano de \u00c1vila. Con espacios amplios y luminosos, chimenea y todas las comodidades para relajarse tras la ruta, es una base ideal para explorar los bosques y praderas del valle de Iruelas y sumergirse en el paisaje invernal de Gredos.<\/p>\n\n\n\n<div class=\"wp-block-buttons is-layout-flex wp-block-buttons-is-layout-flex\">\n<div class=\"wp-block-button\"><a class=\"wp-block-button__link wp-element-button\" href=\"\/casas-rurales\/valle-de-iruelas\">Alojamientos rurales en Valle de Iruelas<\/a><\/div>\n<\/div>\n\n\n\n<h2 class=\"wp-block-heading\" id=\"h-subida-al-monte-gorbea-vizcaya\">Subida al Monte Gorbea (<a href=\"\/casas-rurales\/vizcaya\">Vizcaya<\/a>)<\/h2>\n\n\n\n<figure class=\"wp-block-image size-full\"><img loading=\"lazy\" decoding=\"async\" width=\"1024\" height=\"682\" src=\"https:\/\/www.escapadarural.com\/blog\/wp-content\/uploads\/2023\/11\/AdobeStock_517955969.webp\" alt=\"Subida al Monte Gorbea en invierno\" class=\"wp-image-185523\" srcset=\"https:\/\/www.escapadarural.com\/blog\/wp-content\/uploads\/2023\/11\/AdobeStock_517955969-200x133.webp 200w, https:\/\/www.escapadarural.com\/blog\/wp-content\/uploads\/2023\/11\/AdobeStock_517955969-300x200.webp 300w, https:\/\/www.escapadarural.com\/blog\/wp-content\/uploads\/2023\/11\/AdobeStock_517955969-400x266.webp 400w, https:\/\/www.escapadarural.com\/blog\/wp-content\/uploads\/2023\/11\/AdobeStock_517955969-600x400.webp 600w, https:\/\/www.escapadarural.com\/blog\/wp-content\/uploads\/2023\/11\/AdobeStock_517955969-768x512.webp 768w, https:\/\/www.escapadarural.com\/blog\/wp-content\/uploads\/2023\/11\/AdobeStock_517955969-800x533.webp 800w, https:\/\/www.escapadarural.com\/blog\/wp-content\/uploads\/2023\/11\/AdobeStock_517955969.webp 1024w\" sizes=\"auto, (max-width: 1024px) 100vw, 1024px\" \/><figcaption class=\"wp-element-caption\">Rutas de invierno: subida al Gorbea. Por: N\u00e9stor MN<\/figcaption><\/figure>\n\n\n<div style=\"background-color: #dff0d8; color: #3c763d; border-left-color: #3c763d; \" class=\"ub-styled-box ub-notification-box wp-block-ub-styled-box\" id=\"ub-styled-box-37e09b56-7034-4e73-8096-df818e0b714e\">\n<p id=\"ub-styled-box-notification-content-\"><strong>Longitud:<\/strong> 22 kil\u00f3metros<\/p>\n\n\n\n<p><strong>Tipo de ruta:<\/strong> circular<\/p>\n\n\n\n<p><strong>Dificultad:<\/strong> moderada\/alta<\/p>\n\n\n\n<p><a href=\"https:\/\/es.wikiloc.com\/rutas-raquetas\/ubide-gorbeia-gorbea-64038859\" target=\"_blank\" rel=\"noreferrer noopener nofollow\">Track de Wikiloc<\/a><\/p>\n\n\n<\/div>\n\n\n<p>El <strong>Parque Natural del Gorbea<\/strong> es una de las postales m\u00e1s bonitas del Pa\u00eds Vasco. Se trata del parque natural de mayor extensi\u00f3n de la comunidad aut\u00f3noma y como \u00e9rase de esperar las opciones de ruta por la zona son muy amplias. Nosotros recomendamos la subida al Gorbea partiendo de Ubide.<\/p>\n\n\n\n<p>El sendero es de <strong>dificultad media-alta <\/strong>y tiene una duraci\u00f3n de aproximadamente 6 horas (ida y vuelta). Presenta un desnivel 910 metros, por lo que recomendamos solo para quienes est\u00e9n acostumbrados a realizar este tipo de ruta. En condiciones de mucha nieve, son necesarias las raquetas.<\/p>\n\n\n\n<p>En el entorno del Parque Natural del Gorbea, la <strong><a href=\"\/casa-rural\/alava\/izpiliku\">casa rural Izpiliku<\/a><\/strong>, en el tranquilo pueblo de Acosta-Okoizta, es una opci\u00f3n ideal. Este antiguo caser\u00edo del siglo XIX conserva su encanto rural entre monta\u00f1as y bosques, con estancias decoradas con personalidad, <strong>chimenea y zonas comunes acogedoras<\/strong>, adem\u00e1s de jard\u00edn y sala de lectura, perfectos para descansar y sumergirse en la tranquilidad del paisaje natural.<\/p>\n\n\n\n<div class=\"wp-block-buttons is-layout-flex wp-block-buttons-is-layout-flex\">\n<div class=\"wp-block-button\"><a class=\"wp-block-button__link wp-element-button\" href=\"\/casas-rurales\/gorbeia\">Alojamientos rurales en Parque Natural del Gorbea<\/a><\/div>\n<\/div>\n\n\n\n<h2 class=\"wp-block-heading\" id=\"h-ascenso-a-la-laguna-grande-de-gredos-avila\">Ascenso a la Laguna Grande de Gredos (<a href=\"\/casas-rurales\/avila\">\u00c1vila<\/a>)<\/h2>\n\n\n\n<figure class=\"wp-block-image size-large\"><img loading=\"lazy\" decoding=\"async\" width=\"1024\" height=\"683\" src=\"https:\/\/www.escapadarural.com\/blog\/wp-content\/uploads\/2026\/01\/laguna-grande-de-gredos-helada-stockpack-adobe-stock-1024x683.jpg\" alt=\"Laguna Grande de Gredos (\u00c1vila) helada.\" class=\"wp-image-212577\" srcset=\"https:\/\/www.escapadarural.com\/blog\/wp-content\/uploads\/2026\/01\/laguna-grande-de-gredos-helada-stockpack-adobe-stock-200x133.jpg 200w, https:\/\/www.escapadarural.com\/blog\/wp-content\/uploads\/2026\/01\/laguna-grande-de-gredos-helada-stockpack-adobe-stock-300x200.jpg 300w, https:\/\/www.escapadarural.com\/blog\/wp-content\/uploads\/2026\/01\/laguna-grande-de-gredos-helada-stockpack-adobe-stock-400x267.jpg 400w, https:\/\/www.escapadarural.com\/blog\/wp-content\/uploads\/2026\/01\/laguna-grande-de-gredos-helada-stockpack-adobe-stock-600x400.jpg 600w, https:\/\/www.escapadarural.com\/blog\/wp-content\/uploads\/2026\/01\/laguna-grande-de-gredos-helada-stockpack-adobe-stock-768x512.jpg 768w, https:\/\/www.escapadarural.com\/blog\/wp-content\/uploads\/2026\/01\/laguna-grande-de-gredos-helada-stockpack-adobe-stock-800x533.jpg 800w, https:\/\/www.escapadarural.com\/blog\/wp-content\/uploads\/2026\/01\/laguna-grande-de-gredos-helada-stockpack-adobe-stock-1024x683.jpg 1024w, https:\/\/www.escapadarural.com\/blog\/wp-content\/uploads\/2026\/01\/laguna-grande-de-gredos-helada-stockpack-adobe-stock-1200x800.jpg 1200w, https:\/\/www.escapadarural.com\/blog\/wp-content\/uploads\/2026\/01\/laguna-grande-de-gredos-helada-stockpack-adobe-stock-1536x1024.jpg 1536w\" sizes=\"auto, (max-width: 1024px) 100vw, 1024px\" \/><figcaption class=\"wp-element-caption\">Laguna Grande de Gredos (\u00c1vila) helada. Por: Miguel Del Cerro.<\/figcaption><\/figure>\n\n\n<div style=\"background-color: #dff0d8; color: #3c763d; border-left-color: #3c763d; \" class=\"ub-styled-box ub-notification-box wp-block-ub-styled-box\" id=\"ub-styled-box-013912b8-3e9a-4d31-9b42-a76d1451b997\">\n<p id=\"ub-styled-box-notification-content-\"><strong>Longitud:<\/strong> 13 kil\u00f3metros<\/p>\n\n\n\n<p><strong>Tipo de ruta:<\/strong> circular<\/p>\n\n\n\n<p><strong>Dificultad:<\/strong> f\u00e1cil<\/p>\n\n\n\n<p><a href=\"https:\/\/es.wikiloc.com\/rutas-senderismo\/2014-01-25-plataforma-laguna-grande-gredos-helada-6038779\" target=\"_blank\" rel=\"noreferrer noopener nofollow\">Track de Wikiloc<\/a><\/p>\n\n\n<\/div>\n\n\n<p>La <strong>Laguna Grande de Gredos<\/strong> es uno de los escenarios m\u00e1s ic\u00f3nicos del invierno en el centro peninsular. Durante los meses m\u00e1s fr\u00edos, este <a href=\"\/blog\/lagos-glaciares-donde-banarnos-en-espana\/\">lago de origen glaciar<\/a> puede aparecer <a href=\"\/blog\/lagos-congelados-en-espana\/\">parcial o totalmente helado<\/a>, <strong>rodeado de cumbres nevadas y un ambiente de alta monta\u00f1a<\/strong> que impone respeto y calma a partes iguales.<\/p>\n\n\n\n<p>La ruta parte desde la Plataforma de Gredos y, aunque es muy popular el resto del a\u00f1o, <strong>en invierno se vuelve m\u00e1s exigente<\/strong> por la nieve y el hielo, por lo que est\u00e1 recomendada para senderistas con experiencia y buena preparaci\u00f3n. El esfuerzo se ve recompensado con uno de los paisajes invernales m\u00e1s espectaculares de Espa\u00f1a.<\/p>\n\n\n\n<p>En el coraz\u00f3n de la Sierra de Gredos, junto al pueblo de Hoyos del Collado, <strong><a href=\"\/casa-rural\/avila\/el-rondillo-de-gredos\">El Rondillo de Gredos<\/a><\/strong> ofrece <strong>dos acogedoras casas rurales de estilo tradicional<\/strong> con chimenea, calefacci\u00f3n y espacios amplios ideales para relajarse tras una ruta invernal. Con jardines, zona de barbacoa y vistas a la monta\u00f1a, este alojamiento permite disfrutar de la tranquilidad del paisaje del parque regional.<\/p>\n\n\n\n<div class=\"wp-block-buttons is-layout-flex wp-block-buttons-is-layout-flex\">\n<div class=\"wp-block-button\"><a class=\"wp-block-button__link wp-element-button\" href=\"\/casas-rurales\/sierra-de-gredos\">Alojamientos rurales en Sierra de Gredos<\/a><\/div>\n<\/div>\n\n\n\n<h2 class=\"wp-block-heading\" id=\"h-cascada-helada-de-oros-bajo-huesca\">Cascada helada de Or\u00f3s Bajo (<a href=\"\/casas-rurales\/lleida\">Huesca<\/a>)<\/h2>\n\n\n\n<figure class=\"wp-block-image size-large\"><img loading=\"lazy\" decoding=\"async\" width=\"1024\" height=\"683\" src=\"https:\/\/www.escapadarural.com\/blog\/wp-content\/uploads\/2025\/07\/04_OrosBajo_CascadaInvierno_Cosadedos_AdobeStock_475361198_WP04-1024x683.webp\" alt=\"En invierno, la cascada de Or\u00f3s Bajo parece sacada de Arendell o Invernalia.\" class=\"wp-image-205016\" srcset=\"https:\/\/www.escapadarural.com\/blog\/wp-content\/uploads\/2025\/07\/04_OrosBajo_CascadaInvierno_Cosadedos_AdobeStock_475361198_WP04-200x133.webp 200w, https:\/\/www.escapadarural.com\/blog\/wp-content\/uploads\/2025\/07\/04_OrosBajo_CascadaInvierno_Cosadedos_AdobeStock_475361198_WP04-300x200.webp 300w, https:\/\/www.escapadarural.com\/blog\/wp-content\/uploads\/2025\/07\/04_OrosBajo_CascadaInvierno_Cosadedos_AdobeStock_475361198_WP04-400x267.webp 400w, https:\/\/www.escapadarural.com\/blog\/wp-content\/uploads\/2025\/07\/04_OrosBajo_CascadaInvierno_Cosadedos_AdobeStock_475361198_WP04-600x400.webp 600w, https:\/\/www.escapadarural.com\/blog\/wp-content\/uploads\/2025\/07\/04_OrosBajo_CascadaInvierno_Cosadedos_AdobeStock_475361198_WP04-768x512.webp 768w, https:\/\/www.escapadarural.com\/blog\/wp-content\/uploads\/2025\/07\/04_OrosBajo_CascadaInvierno_Cosadedos_AdobeStock_475361198_WP04-800x533.webp 800w, https:\/\/www.escapadarural.com\/blog\/wp-content\/uploads\/2025\/07\/04_OrosBajo_CascadaInvierno_Cosadedos_AdobeStock_475361198_WP04-1024x683.webp 1024w, https:\/\/www.escapadarural.com\/blog\/wp-content\/uploads\/2025\/07\/04_OrosBajo_CascadaInvierno_Cosadedos_AdobeStock_475361198_WP04.webp 1200w\" sizes=\"auto, (max-width: 1024px) 100vw, 1024px\" \/><figcaption class=\"wp-element-caption\">En invierno, la cascada de Or\u00f3s Bajo parece sacada de Arendell o Invernalia. Por Cosadedos.<\/figcaption><\/figure>\n\n\n<div style=\"background-color: #dff0d8; color: #3c763d; border-left-color: #3c763d; \" class=\"ub-styled-box ub-notification-box wp-block-ub-styled-box\" id=\"ub-styled-box-7e6359ff-87bb-47a6-bbf4-3122dbefd9ec\">\n<p id=\"ub-styled-box-notification-content-\"><strong>Longitud:<\/strong> 1,3 kil\u00f3metros<\/p>\n\n\n\n<p><strong>Tipo de ruta:<\/strong> circular<\/p>\n\n\n\n<p><strong>Dificultad:<\/strong> f\u00e1cil\/moderda<\/p>\n\n\n\n<p><a href=\"https:\/\/es.wikiloc.com\/rutas-senderismo\/huesca-cascada-de-oros-bajo-en-invierno-198952042\" target=\"_blank\" rel=\"noreferrer noopener nofollow\">Track de Wikiloc<\/a><\/p>\n\n\n<\/div>\n\n\n<p>En el <strong>Valle de Tena (Huesca)<\/strong>, la <strong>Cascada de Or\u00f3s Bajo<\/strong>, en el barranco d\u2019Os Lucas, se convierte en invierno en uno de los rincones m\u00e1s fotog\u00e9nicos del Pirineo aragon\u00e9s. El sendero, corto y accesible desde el propio pueblo, conduce hasta un <strong>salto de agua de doble ca\u00edda<\/strong>. Lo que en verano es <a href=\"\/blog\/ruta-cascada-oros-bajo-piscina-natural\/\">una magn\u00edfica piscina natural<\/a>, con el fr\u00edo suele mostrar formaciones de hielo y estalactitas en sus paredes de roca, creando una estampa plenamente invernal.<\/p>\n\n\n\n<p>Aunque es una ruta sencilla, el ambiente cambia por completo en los meses fr\u00edos: silencio, temperaturas bajas y un paisaje dominado por el contraste entre el agua y la piedra helada. <strong>Conviene ir bien equipado y comprobar el estado del camino<\/strong>, pero la recompensa es una cascada espectacular en su versi\u00f3n m\u00e1s salvaje y tranquila.<\/p>\n\n\n\n<p>Cerca de la cascada de Or\u00f3s Bajo, <strong><a href=\"\/casa-rural\/huesca\/casa-jacinto\">Casa Jacinto<\/a><\/strong> es una acogedora casa rural en Or\u00f3s Alto con <strong>interiores c\u00e1lidos, chimenea y espacios c\u00f3modos<\/strong>, ideal para relajarse tras la caminata. Su entorno tranquilo y las vistas al valle de Tena la convierten en una base perfecta para disfrutar del invierno en los Pirineos.<\/p>\n\n\n\n<div class=\"wp-block-buttons is-layout-flex wp-block-buttons-is-layout-flex\">\n<div class=\"wp-block-button\"><a class=\"wp-block-button__link wp-element-button\" href=\"\/casas-rurales\/valle-de-tena\">Alojamientos rurales en Valle de Tena<\/a><\/div>\n<\/div>\n\n\n\n<h2 class=\"wp-block-heading\" id=\"h-lagos-de-covadonga-en-invierno-asturias\">Lagos de Covadonga en invierno (<a href=\"\/casas-rurales\/asturias\">Asturias<\/a>)<\/h2>\n\n\n\n<figure class=\"wp-block-image size-large\"><img loading=\"lazy\" decoding=\"async\" width=\"1024\" height=\"599\" src=\"https:\/\/www.escapadarural.com\/blog\/wp-content\/uploads\/2024\/01\/grna-nevada-lagos-de-covadonga-scaled-1-1024x599.jpg\" alt=\"Nevada en los Lagos de Covadonga. Por Starstuff\" class=\"wp-image-69632\" srcset=\"https:\/\/www.escapadarural.com\/blog\/wp-content\/uploads\/2024\/01\/grna-nevada-lagos-de-covadonga-scaled-1-200x117.jpg 200w, https:\/\/www.escapadarural.com\/blog\/wp-content\/uploads\/2024\/01\/grna-nevada-lagos-de-covadonga-scaled-1-300x175.jpg 300w, https:\/\/www.escapadarural.com\/blog\/wp-content\/uploads\/2024\/01\/grna-nevada-lagos-de-covadonga-scaled-1-400x234.jpg 400w, https:\/\/www.escapadarural.com\/blog\/wp-content\/uploads\/2024\/01\/grna-nevada-lagos-de-covadonga-scaled-1-600x351.jpg 600w, https:\/\/www.escapadarural.com\/blog\/wp-content\/uploads\/2024\/01\/grna-nevada-lagos-de-covadonga-scaled-1-768x449.jpg 768w, https:\/\/www.escapadarural.com\/blog\/wp-content\/uploads\/2024\/01\/grna-nevada-lagos-de-covadonga-scaled-1-800x468.jpg 800w, https:\/\/www.escapadarural.com\/blog\/wp-content\/uploads\/2024\/01\/grna-nevada-lagos-de-covadonga-scaled-1-1024x599.jpg 1024w, https:\/\/www.escapadarural.com\/blog\/wp-content\/uploads\/2024\/01\/grna-nevada-lagos-de-covadonga-scaled-1-1200x701.jpg 1200w, https:\/\/www.escapadarural.com\/blog\/wp-content\/uploads\/2024\/01\/grna-nevada-lagos-de-covadonga-scaled-1-1536x898.jpg 1536w\" sizes=\"auto, (max-width: 1024px) 100vw, 1024px\" \/><figcaption class=\"wp-element-caption\">Nevada en los Lagos de Covadonga. Por Starstuff<\/figcaption><\/figure>\n\n\n<div style=\"background-color: #dff0d8; color: #3c763d; border-left-color: #3c763d; \" class=\"ub-styled-box ub-notification-box wp-block-ub-styled-box\" id=\"ub-styled-box-bd1ee967-9469-4fd3-92b3-2a8a9bc7f18e\">\n<p id=\"ub-styled-box-notification-content-\"><strong>Longitud:<\/strong> 7 kil\u00f3metros<\/p>\n\n\n\n<p><strong>Tipo de ruta:<\/strong> circular<\/p>\n\n\n\n<p><strong>Dificultad:<\/strong> moderada<\/p>\n\n\n\n<p><a href=\"https:\/\/es.wikiloc.com\/rutas-senderismo\/lagos-de-covadonga-circular-pr-pne2-187005689\" target=\"_blank\" rel=\"noreferrer noopener nofollow\">Track de Wikiloc<\/a><\/p>\n\n\n<\/div>\n\n\n<p>Cuando las condiciones lo permiten, los <strong><a href=\"\/blog\/lagos-de-covadonga-los-diamantes-de-los-picos-de-europa\/\">Lagos de Covadonga<\/a><\/strong> ofrecen <strong>una de las im\u00e1genes m\u00e1s reconocibles del invierno<\/strong> en el norte de Espa\u00f1a. La nieve cubre praderas y caminos, el fr\u00edo deja estampas de hielo en las orillas y la niebla aporta un aire misterioso al conjunto.<\/p>\n\n\n\n<p>La ruta, sencilla en verano, se vuelve especialmente evocadora en invierno, aunque <strong>conviene informarse previamente del estado de accesos y restricciones<\/strong>. Es una opci\u00f3n perfecta para quienes buscan un entorno invernal sin grandes desniveles, pero con un fuerte impacto paisaj\u00edstico.<\/p>\n\n\n\n<p>A poca distancia de los Lagos de Covadonga, en Cangas de On\u00eds, los apartamentos <strong><a href=\"\/casa-rural\/asturias\/aptos--ambasaguasrural\">AmbasaguasRural<\/a><\/strong> ofrecen una estancia c\u00f3moda y acogedora tras recorrer los paisajes invernales de Picos de Europa. Con <strong>espacios bien equipados y ubicados en un entorno tranquilo<\/strong>, son una opci\u00f3n pr\u00e1ctica para descansar y preparar nuevas rutas por los alrededores mientras disfrutas de la gastronom\u00eda asturiana y el ambiente rural.<\/p>\n\n\n\n<div class=\"wp-block-buttons is-layout-flex wp-block-buttons-is-layout-flex\">\n<div class=\"wp-block-button\"><a class=\"wp-block-button__link wp-element-button\" href=\"\/casas-rurales\/cangas-de-onis\">Alojamientos rurales en Cangas de On\u00eds<\/a><\/div>\n<\/div>\n","protected":false},"excerpt":{"rendered":"<p>El invierno est\u00e1 aqu\u00ed y os hemos preparado esta lista con siete rutas invernales de senderismo para disfrutarlo a tope<\/p>\n","protected":false},"author":85,"featured_media":185523,"comment_status":"open","ping_status":"open","sticky":false,"template":"","format":"standard","meta":{"_acf_changed":false,"om_disable_all_campaigns":false,"footnotes":""},"categories":[1379],"tags":[6013,246,896,5426,329,694,511,404,1756,4567,5438,6417,450,5439,5440,6087,1285,5441,737],"class_list":["post-55996","post","type-post","status-publish","format-standard","has-post-thumbnail","hentry","category-rutas-y-excursiones","tag-que-ver-en-aragon","tag-que-ver-en-asturias","tag-que-ver-en-avila","tag-ciudad-encantada","tag-que-ver-en-cuenca","tag-euskadi","tag-familia","tag-que-ver-en-girona","tag-invierno","tag-lagos-de-covadonga","tag-monte-gorbea","tag-oros-bajo","tag-que-ver-en-pais-vasco","tag-pozo-de-la-nieve","tag-rutas-de-invierno","tag-senderismo","tag-sierra-de-gredos","tag-vallter","tag-que-ver-en-vizcaya"],"acf":[],"featured_image_src":"https:\/\/www.escapadarural.com\/blog\/wp-content\/uploads\/2023\/11\/AdobeStock_517955969.webp","author_info":{"display_name":"Redacci\u00f3n ER","author_link":"https:\/\/www.escapadarural.com\/blog\/autor\/admin\/"},"yoast_head":"<!-- This site is optimized with the Yoast SEO plugin v27.5 - https:\/\/yoast.com\/product\/yoast-seo-wordpress\/ -->\n<title>Invierno: rutas para disfrutar de la estaci\u00f3n fr\u00eda - EscapadaRural<\/title>\n<meta name=\"description\" content=\"El invierno est\u00e1 aqu\u00ed y os hemos preparado esta lista con siete rutas invernales de senderismo para disfrutarlo a tope\" \/>\n<meta name=\"robots\" content=\"index, follow, max-snippet:-1, max-image-preview:large, max-video-preview:-1\" \/>\n<link rel=\"canonical\" href=\"https:\/\/www.escapadarural.com\/blog\/rutas-de-invierno-en-espana\/\" \/>\n<meta property=\"og:locale\" content=\"es_ES\" \/>\n<meta property=\"og:type\" content=\"article\" \/>\n<meta property=\"og:title\" content=\"Invierno: rutas para disfrutar de la estaci\u00f3n fr\u00eda - EscapadaRural\" \/>\n<meta property=\"og:description\" content=\"El invierno est\u00e1 aqu\u00ed y os hemos preparado esta lista con siete rutas invernales de senderismo para disfrutarlo a tope\" \/>\n<meta property=\"og:url\" content=\"https:\/\/www.escapadarural.com\/blog\/rutas-de-invierno-en-espana\/\" \/>\n<meta property=\"og:site_name\" content=\"Magazine de viajes de EscapadaRural\" \/>\n<meta property=\"article:publisher\" content=\"https:\/\/www.facebook.com\/escapadarural\" \/>\n<meta property=\"article:published_time\" content=\"2026-02-18T07:55:00+00:00\" \/>\n<meta property=\"article:modified_time\" content=\"2026-03-13T13:23:58+00:00\" \/>\n<meta property=\"og:image\" content=\"https:\/\/www.escapadarural.com\/blog\/wp-content\/uploads\/2023\/11\/AdobeStock_517955969.webp?v=1773408241\" \/>\n\t<meta property=\"og:image:width\" content=\"1024\" \/>\n\t<meta property=\"og:image:height\" content=\"682\" \/>\n\t<meta property=\"og:image:type\" content=\"image\/webp\" \/>\n<meta name=\"author\" content=\"Redacci\u00f3n ER\" \/>\n<meta name=\"twitter:card\" content=\"summary_large_image\" \/>\n<meta name=\"twitter:label1\" content=\"Escrito por\" \/>\n\t<meta name=\"twitter:data1\" content=\"Redacci\u00f3n ER\" \/>\n\t<meta name=\"twitter:label2\" content=\"Tiempo de lectura\" \/>\n\t<meta name=\"twitter:data2\" content=\"5 minutos\" \/>\n<script type=\"application\/ld+json\" class=\"yoast-schema-graph\">{\"@context\":\"https:\\\/\\\/schema.org\",\"@graph\":[{\"@type\":\"Article\",\"@id\":\"https:\\\/\\\/www.escapadarural.com\\\/blog\\\/rutas-de-invierno-en-espana\\\/#article\",\"isPartOf\":{\"@id\":\"https:\\\/\\\/www.escapadarural.com\\\/blog\\\/rutas-de-invierno-en-espana\\\/\"},\"author\":{\"name\":\"Redacci\u00f3n ER\",\"@id\":\"https:\\\/\\\/www.escapadarural.com\\\/blog\\\/#\\\/schema\\\/person\\\/bd5b0d7ad308a0bf4efed73e8308b4fa\"},\"headline\":\"Rutas de senderismo para disfrutar en invierno\",\"datePublished\":\"2026-02-18T07:55:00+00:00\",\"dateModified\":\"2026-03-13T13:23:58+00:00\",\"mainEntityOfPage\":{\"@id\":\"https:\\\/\\\/www.escapadarural.com\\\/blog\\\/rutas-de-invierno-en-espana\\\/\"},\"wordCount\":1740,\"commentCount\":0,\"publisher\":{\"@id\":\"https:\\\/\\\/www.escapadarural.com\\\/blog\\\/#organization\"},\"image\":{\"@id\":\"https:\\\/\\\/www.escapadarural.com\\\/blog\\\/rutas-de-invierno-en-espana\\\/#primaryimage\"},\"thumbnailUrl\":\"https:\\\/\\\/www.escapadarural.com\\\/blog\\\/wp-content\\\/uploads\\\/2023\\\/11\\\/AdobeStock_517955969.webp\",\"keywords\":[\"Arag\u00f3n\",\"Asturias\",\"\u00c1vila\",\"ciudad encantada\",\"Cuenca\",\"Euskadi\",\"Familia\",\"Girona\",\"Invierno\",\"lagos de covadonga\",\"Monte Gorbea\",\"Or\u00f3s Bajo\",\"Pa\u00eds Vasco\",\"Pozo de la Nieve\",\"Rutas de invierno\",\"senderismo\",\"Sierra de Gredos\",\"Vallter\",\"Vizcaya\"],\"articleSection\":[\"Rutas y excursiones\"],\"inLanguage\":\"es\",\"potentialAction\":[{\"@type\":\"CommentAction\",\"name\":\"Comment\",\"target\":[\"https:\\\/\\\/www.escapadarural.com\\\/blog\\\/rutas-de-invierno-en-espana\\\/#respond\"]}]},{\"@type\":\"WebPage\",\"@id\":\"https:\\\/\\\/www.escapadarural.com\\\/blog\\\/rutas-de-invierno-en-espana\\\/\",\"url\":\"https:\\\/\\\/www.escapadarural.com\\\/blog\\\/rutas-de-invierno-en-espana\\\/\",\"name\":\"Invierno: rutas para disfrutar de la estaci\u00f3n fr\u00eda - EscapadaRural\",\"isPartOf\":{\"@id\":\"https:\\\/\\\/www.escapadarural.com\\\/blog\\\/#website\"},\"primaryImageOfPage\":{\"@id\":\"https:\\\/\\\/www.escapadarural.com\\\/blog\\\/rutas-de-invierno-en-espana\\\/#primaryimage\"},\"image\":{\"@id\":\"https:\\\/\\\/www.escapadarural.com\\\/blog\\\/rutas-de-invierno-en-espana\\\/#primaryimage\"},\"thumbnailUrl\":\"https:\\\/\\\/www.escapadarural.com\\\/blog\\\/wp-content\\\/uploads\\\/2023\\\/11\\\/AdobeStock_517955969.webp\",\"datePublished\":\"2026-02-18T07:55:00+00:00\",\"dateModified\":\"2026-03-13T13:23:58+00:00\",\"description\":\"El invierno est\u00e1 aqu\u00ed y os hemos preparado esta lista con siete rutas invernales de senderismo para disfrutarlo a tope\",\"breadcrumb\":{\"@id\":\"https:\\\/\\\/www.escapadarural.com\\\/blog\\\/rutas-de-invierno-en-espana\\\/#breadcrumb\"},\"inLanguage\":\"es\",\"potentialAction\":[{\"@type\":\"ReadAction\",\"target\":[\"https:\\\/\\\/www.escapadarural.com\\\/blog\\\/rutas-de-invierno-en-espana\\\/\"]}]},{\"@type\":\"ImageObject\",\"inLanguage\":\"es\",\"@id\":\"https:\\\/\\\/www.escapadarural.com\\\/blog\\\/rutas-de-invierno-en-espana\\\/#primaryimage\",\"url\":\"https:\\\/\\\/www.escapadarural.com\\\/blog\\\/wp-content\\\/uploads\\\/2023\\\/11\\\/AdobeStock_517955969.webp\",\"contentUrl\":\"https:\\\/\\\/www.escapadarural.com\\\/blog\\\/wp-content\\\/uploads\\\/2023\\\/11\\\/AdobeStock_517955969.webp\",\"width\":1024,\"height\":682,\"caption\":\"Por: N\u00e9stor MN\"},{\"@type\":\"BreadcrumbList\",\"@id\":\"https:\\\/\\\/www.escapadarural.com\\\/blog\\\/rutas-de-invierno-en-espana\\\/#breadcrumb\",\"itemListElement\":[{\"@type\":\"ListItem\",\"position\":1,\"name\":\"Inicio\",\"item\":\"https:\\\/\\\/www.escapadarural.com\\\/blog\\\/\"},{\"@type\":\"ListItem\",\"position\":2,\"name\":\"Rutas y excursiones\",\"item\":\"https:\\\/\\\/www.escapadarural.com\\\/blog\\\/categoria\\\/rutas-y-excursiones\\\/\"},{\"@type\":\"ListItem\",\"position\":3,\"name\":\"Rutas de senderismo para disfrutar en invierno\"}]},{\"@type\":\"WebSite\",\"@id\":\"https:\\\/\\\/www.escapadarural.com\\\/blog\\\/#website\",\"url\":\"https:\\\/\\\/www.escapadarural.com\\\/blog\\\/\",\"name\":\"Blog de viajes | turismo rural, alojamientos e inspiraci\u00f3n\",\"description\":\"Alojamientos rurales e inspiraci\u00f3n para tus escapadas\",\"publisher\":{\"@id\":\"https:\\\/\\\/www.escapadarural.com\\\/blog\\\/#organization\"},\"alternateName\":\"Magazine de viajes de EscapadaRural\",\"potentialAction\":[{\"@type\":\"SearchAction\",\"target\":{\"@type\":\"EntryPoint\",\"urlTemplate\":\"https:\\\/\\\/www.escapadarural.com\\\/blog\\\/?s={search_term_string}\"},\"query-input\":{\"@type\":\"PropertyValueSpecification\",\"valueRequired\":true,\"valueName\":\"search_term_string\"}}],\"inLanguage\":\"es\"},{\"@type\":\"Organization\",\"@id\":\"https:\\\/\\\/www.escapadarural.com\\\/blog\\\/#organization\",\"name\":\"EscapadaRural\",\"url\":\"https:\\\/\\\/www.escapadarural.com\\\/blog\\\/\",\"logo\":{\"@type\":\"ImageObject\",\"inLanguage\":\"es\",\"@id\":\"https:\\\/\\\/www.escapadarural.com\\\/blog\\\/#\\\/schema\\\/logo\\\/image\\\/\",\"url\":\"https:\\\/\\\/www.escapadarural.com\\\/blog\\\/wp-content\\\/uploads\\\/2024\\\/10\\\/cropped-cropped-escapada-rural-icon-mag-3.png\",\"contentUrl\":\"https:\\\/\\\/www.escapadarural.com\\\/blog\\\/wp-content\\\/uploads\\\/2024\\\/10\\\/cropped-cropped-escapada-rural-icon-mag-3.png\",\"width\":512,\"height\":512,\"caption\":\"EscapadaRural\"},\"image\":{\"@id\":\"https:\\\/\\\/www.escapadarural.com\\\/blog\\\/#\\\/schema\\\/logo\\\/image\\\/\"},\"sameAs\":[\"https:\\\/\\\/www.facebook.com\\\/escapadarural\",\"https:\\\/\\\/www.instagram.com\\\/escapadarural\\\/\",\"https:\\\/\\\/www.youtube.com\\\/@escapadaruralcom\"]},{\"@type\":\"Person\",\"@id\":\"https:\\\/\\\/www.escapadarural.com\\\/blog\\\/#\\\/schema\\\/person\\\/bd5b0d7ad308a0bf4efed73e8308b4fa\",\"name\":\"Redacci\u00f3n ER\",\"image\":{\"@type\":\"ImageObject\",\"inLanguage\":\"es\",\"@id\":\"https:\\\/\\\/www.escapadarural.com\\\/blog\\\/wp-content\\\/uploads\\\/2024\\\/10\\\/cropped-cropped-escapada-rural-icon-mag-3-96x96.png\",\"url\":\"https:\\\/\\\/www.escapadarural.com\\\/blog\\\/wp-content\\\/uploads\\\/2024\\\/10\\\/cropped-cropped-escapada-rural-icon-mag-3-96x96.png\",\"contentUrl\":\"https:\\\/\\\/www.escapadarural.com\\\/blog\\\/wp-content\\\/uploads\\\/2024\\\/10\\\/cropped-cropped-escapada-rural-icon-mag-3-96x96.png\",\"caption\":\"Redacci\u00f3n ER\"},\"description\":\"Nos encanta inspirar a viajeros y ayudar a los propietarios con nuestros contenidos\",\"url\":\"https:\\\/\\\/www.escapadarural.com\\\/blog\\\/autor\\\/admin\\\/\"}]}<\/script>\n<!-- \/ Yoast SEO plugin. -->","yoast_head_json":{"title":"Invierno: rutas para disfrutar de la estaci\u00f3n fr\u00eda - EscapadaRural","description":"El invierno est\u00e1 aqu\u00ed y os hemos preparado esta lista con siete rutas invernales de senderismo para disfrutarlo a tope","robots":{"index":"index","follow":"follow","max-snippet":"max-snippet:-1","max-image-preview":"max-image-preview:large","max-video-preview":"max-video-preview:-1"},"canonical":"https:\/\/www.escapadarural.com\/blog\/rutas-de-invierno-en-espana\/","og_locale":"es_ES","og_type":"article","og_title":"Invierno: rutas para disfrutar de la estaci\u00f3n fr\u00eda - EscapadaRural","og_description":"El invierno est\u00e1 aqu\u00ed y os hemos preparado esta lista con siete rutas invernales de senderismo para disfrutarlo a tope","og_url":"https:\/\/www.escapadarural.com\/blog\/rutas-de-invierno-en-espana\/","og_site_name":"Magazine de viajes de EscapadaRural","article_publisher":"https:\/\/www.facebook.com\/escapadarural","article_published_time":"2026-02-18T07:55:00+00:00","article_modified_time":"2026-03-13T13:23:58+00:00","og_image":[{"width":1024,"height":682,"url":"https:\/\/www.escapadarural.com\/blog\/wp-content\/uploads\/2023\/11\/AdobeStock_517955969.webp?v=1773408241","type":"image\/webp"}],"author":"Redacci\u00f3n ER","twitter_card":"summary_large_image","twitter_misc":{"Escrito por":"Redacci\u00f3n ER","Tiempo de lectura":"5 minutos"},"schema":{"@context":"https:\/\/schema.org","@graph":[{"@type":"Article","@id":"https:\/\/www.escapadarural.com\/blog\/rutas-de-invierno-en-espana\/#article","isPartOf":{"@id":"https:\/\/www.escapadarural.com\/blog\/rutas-de-invierno-en-espana\/"},"author":{"name":"Redacci\u00f3n ER","@id":"https:\/\/www.escapadarural.com\/blog\/#\/schema\/person\/bd5b0d7ad308a0bf4efed73e8308b4fa"},"headline":"Rutas de senderismo para disfrutar en invierno","datePublished":"2026-02-18T07:55:00+00:00","dateModified":"2026-03-13T13:23:58+00:00","mainEntityOfPage":{"@id":"https:\/\/www.escapadarural.com\/blog\/rutas-de-invierno-en-espana\/"},"wordCount":1740,"commentCount":0,"publisher":{"@id":"https:\/\/www.escapadarural.com\/blog\/#organization"},"image":{"@id":"https:\/\/www.escapadarural.com\/blog\/rutas-de-invierno-en-espana\/#primaryimage"},"thumbnailUrl":"https:\/\/www.escapadarural.com\/blog\/wp-content\/uploads\/2023\/11\/AdobeStock_517955969.webp","keywords":["Arag\u00f3n","Asturias","\u00c1vila","ciudad encantada","Cuenca","Euskadi","Familia","Girona","Invierno","lagos de covadonga","Monte Gorbea","Or\u00f3s Bajo","Pa\u00eds Vasco","Pozo de la Nieve","Rutas de invierno","senderismo","Sierra de Gredos","Vallter","Vizcaya"],"articleSection":["Rutas y excursiones"],"inLanguage":"es","potentialAction":[{"@type":"CommentAction","name":"Comment","target":["https:\/\/www.escapadarural.com\/blog\/rutas-de-invierno-en-espana\/#respond"]}]},{"@type":"WebPage","@id":"https:\/\/www.escapadarural.com\/blog\/rutas-de-invierno-en-espana\/","url":"https:\/\/www.escapadarural.com\/blog\/rutas-de-invierno-en-espana\/","name":"Invierno: rutas para disfrutar de la estaci\u00f3n fr\u00eda - EscapadaRural","isPartOf":{"@id":"https:\/\/www.escapadarural.com\/blog\/#website"},"primaryImageOfPage":{"@id":"https:\/\/www.escapadarural.com\/blog\/rutas-de-invierno-en-espana\/#primaryimage"},"image":{"@id":"https:\/\/www.escapadarural.com\/blog\/rutas-de-invierno-en-espana\/#primaryimage"},"thumbnailUrl":"https:\/\/www.escapadarural.com\/blog\/wp-content\/uploads\/2023\/11\/AdobeStock_517955969.webp","datePublished":"2026-02-18T07:55:00+00:00","dateModified":"2026-03-13T13:23:58+00:00","description":"El invierno est\u00e1 aqu\u00ed y os hemos preparado esta lista con siete rutas invernales de senderismo para disfrutarlo a tope","breadcrumb":{"@id":"https:\/\/www.escapadarural.com\/blog\/rutas-de-invierno-en-espana\/#breadcrumb"},"inLanguage":"es","potentialAction":[{"@type":"ReadAction","target":["https:\/\/www.escapadarural.com\/blog\/rutas-de-invierno-en-espana\/"]}]},{"@type":"ImageObject","inLanguage":"es","@id":"https:\/\/www.escapadarural.com\/blog\/rutas-de-invierno-en-espana\/#primaryimage","url":"https:\/\/www.escapadarural.com\/blog\/wp-content\/uploads\/2023\/11\/AdobeStock_517955969.webp","contentUrl":"https:\/\/www.escapadarural.com\/blog\/wp-content\/uploads\/2023\/11\/AdobeStock_517955969.webp","width":1024,"height":682,"caption":"Por: N\u00e9stor MN"},{"@type":"BreadcrumbList","@id":"https:\/\/www.escapadarural.com\/blog\/rutas-de-invierno-en-espana\/#breadcrumb","itemListElement":[{"@type":"ListItem","position":1,"name":"Inicio","item":"https:\/\/www.escapadarural.com\/blog\/"},{"@type":"ListItem","position":2,"name":"Rutas y excursiones","item":"https:\/\/www.escapadarural.com\/blog\/categoria\/rutas-y-excursiones\/"},{"@type":"ListItem","position":3,"name":"Rutas de senderismo para disfrutar en invierno"}]},{"@type":"WebSite","@id":"https:\/\/www.escapadarural.com\/blog\/#website","url":"https:\/\/www.escapadarural.com\/blog\/","name":"Blog de viajes | turismo rural, alojamientos e inspiraci\u00f3n","description":"Alojamientos rurales e inspiraci\u00f3n para tus escapadas","publisher":{"@id":"https:\/\/www.escapadarural.com\/blog\/#organization"},"alternateName":"Magazine de viajes de EscapadaRural","potentialAction":[{"@type":"SearchAction","target":{"@type":"EntryPoint","urlTemplate":"https:\/\/www.escapadarural.com\/blog\/?s={search_term_string}"},"query-input":{"@type":"PropertyValueSpecification","valueRequired":true,"valueName":"search_term_string"}}],"inLanguage":"es"},{"@type":"Organization","@id":"https:\/\/www.escapadarural.com\/blog\/#organization","name":"EscapadaRural","url":"https:\/\/www.escapadarural.com\/blog\/","logo":{"@type":"ImageObject","inLanguage":"es","@id":"https:\/\/www.escapadarural.com\/blog\/#\/schema\/logo\/image\/","url":"https:\/\/www.escapadarural.com\/blog\/wp-content\/uploads\/2024\/10\/cropped-cropped-escapada-rural-icon-mag-3.png","contentUrl":"https:\/\/www.escapadarural.com\/blog\/wp-content\/uploads\/2024\/10\/cropped-cropped-escapada-rural-icon-mag-3.png","width":512,"height":512,"caption":"EscapadaRural"},"image":{"@id":"https:\/\/www.escapadarural.com\/blog\/#\/schema\/logo\/image\/"},"sameAs":["https:\/\/www.facebook.com\/escapadarural","https:\/\/www.instagram.com\/escapadarural\/","https:\/\/www.youtube.com\/@escapadaruralcom"]},{"@type":"Person","@id":"https:\/\/www.escapadarural.com\/blog\/#\/schema\/person\/bd5b0d7ad308a0bf4efed73e8308b4fa","name":"Redacci\u00f3n ER","image":{"@type":"ImageObject","inLanguage":"es","@id":"https:\/\/www.escapadarural.com\/blog\/wp-content\/uploads\/2024\/10\/cropped-cropped-escapada-rural-icon-mag-3-96x96.png","url":"https:\/\/www.escapadarural.com\/blog\/wp-content\/uploads\/2024\/10\/cropped-cropped-escapada-rural-icon-mag-3-96x96.png","contentUrl":"https:\/\/www.escapadarural.com\/blog\/wp-content\/uploads\/2024\/10\/cropped-cropped-escapada-rural-icon-mag-3-96x96.png","caption":"Redacci\u00f3n ER"},"description":"Nos encanta inspirar a viajeros y ayudar a los propietarios con nuestros contenidos","url":"https:\/\/www.escapadarural.com\/blog\/autor\/admin\/"}]}},"_links":{"self":[{"href":"https:\/\/www.escapadarural.com\/blog\/wp-json\/wp\/v2\/posts\/55996","targetHints":{"allow":["GET"]}}],"collection":[{"href":"https:\/\/www.escapadarural.com\/blog\/wp-json\/wp\/v2\/posts"}],"about":[{"href":"https:\/\/www.escapadarural.com\/blog\/wp-json\/wp\/v2\/types\/post"}],"author":[{"embeddable":true,"href":"https:\/\/www.escapadarural.com\/blog\/wp-json\/wp\/v2\/users\/85"}],"replies":[{"embeddable":true,"href":"https:\/\/www.escapadarural.com\/blog\/wp-json\/wp\/v2\/comments?post=55996"}],"version-history":[{"count":0,"href":"https:\/\/www.escapadarural.com\/blog\/wp-json\/wp\/v2\/posts\/55996\/revisions"}],"wp:featuredmedia":[{"embeddable":true,"href":"https:\/\/www.escapadarural.com\/blog\/wp-json\/wp\/v2\/media\/185523"}],"wp:attachment":[{"href":"https:\/\/www.escapadarural.com\/blog\/wp-json\/wp\/v2\/media?parent=55996"}],"wp:term":[{"taxonomy":"category","embeddable":true,"href":"https:\/\/www.escapadarural.com\/blog\/wp-json\/wp\/v2\/categories?post=55996"},{"taxonomy":"post_tag","embeddable":true,"href":"https:\/\/www.escapadarural.com\/blog\/wp-json\/wp\/v2\/tags?post=55996"}],"curies":[{"name":"wp","href":"https:\/\/api.w.org\/{rel}","templated":true}]}}