{"id":56346,"date":"2022-12-17T09:00:00","date_gmt":"2022-12-17T08:00:00","guid":{"rendered":"https:\/\/www.escapadarural.com\/blog\/?p=56346"},"modified":"2025-07-22T12:43:18","modified_gmt":"2025-07-22T10:43:18","slug":"las-islas-baleares-y-navidad","status":"publish","type":"post","link":"https:\/\/www.escapadarural.com\/blog\/las-islas-baleares-y-navidad\/","title":{"rendered":"Las Islas Baleares contagian su esp\u00edritu m\u00e1s navide\u00f1o"},"content":{"rendered":"\n<figure class=\"wp-block-image size-large\"><img decoding=\"async\" src=\"https:\/\/www.escapadarural.com\/blog\/wp-content\/uploads\/catedral-de-palma-la-seusxiv-xvipalmamallorcabalearesespana-stockpack-adobe-stock-1024x683.jpg\" alt=\"Catedral de Palma, Palma, Islas Baleares.\" class=\"wp-image-56597\"\/><figcaption class=\"wp-element-caption\">Catedral de Palma. Por Tolo<\/figcaption><\/figure>\n\n\n\n<p>Que no suela nevar en el archipi\u00e9lago balear no significa que la Navidad y el esp\u00edritu navide\u00f1o no hayan contagiado las calles de sus islas y que incluso haya podido llegar a sus playas y calas. Todas sus poblaciones se han ido iluminando y los eventos navide\u00f1os ya han sido programados para que todos puedan disfrutar de esta temporada m\u00e1gica de una forma especial en cada isla. <\/p>\n\n\n\n<p>Seg\u00fan varias encuestas, la Navidad es una de las \u00e9pocas del a\u00f1o que m\u00e1s gusta a los espa\u00f1oles (despu\u00e9s del verano). No nos extra\u00f1a ya que aunque oscurezca antes y la luz del d\u00eda dure menos, las luces y los adornos de Navidad amenizan las noches y las hacen menos oscuras. <\/p>\n\n\n\n<p>Por otro lado, la \u00e9poca de fiestas hace que salir a dar una vuelta cueste menos gracias a los chocolates calientes, los caldos caseros o el vino caliente, que suelen venderse en muchos de los mercados navide\u00f1os. \u00a1Qu\u00e9 har\u00edamos sin ellos!<\/p>\n\n\n\n<p>Si bien es cierto que son muchas las ciudades y poblaciones del pa\u00eds que destacan por su iluminaci\u00f3n navide\u00f1a, las Islas Baleares no se quedan atr\u00e1s. Este a\u00f1o dan la bienvenida a la temporada con <strong>una estrella de 12 metros<\/strong>, una bola gigantesca de 9 y un enorme \u00e1rbol de 23 metros en su capital, Palma. Menorca tambi\u00e9n destaca con una programaci\u00f3n de navidad que se extiende por toda la isla y por ser el primer lugar en el que amanecer\u00e1 en 2023.<\/p>\n\n\n\n<p>Ibiza y la peque\u00f1a Formentera tambi\u00e9n esconden muchas sorpresas navide\u00f1as que se ir\u00e1n desvelando y dando a conocer a lo largo de este art\u00edculo, algunas incluso gastron\u00f3micas. \u00bfNos acompa\u00f1as?<\/p>\n\n\n\n<p><strong>La ciudad de Palma y su nueva iluminaci\u00f3n<\/strong><\/p>\n\n\n\n<figure class=\"wp-block-image size-large\"><img decoding=\"async\" src=\"https:\/\/www.escapadarural.com\/blog\/wp-content\/uploads\/passeig-des-borncentro-historicopalmamallorcabalearesespana-stockpack-adobe-stock-1024x683.jpg\" alt=\"Passeig des Born iluminado por Navidad, Palma. Por Tolo\" class=\"wp-image-56606\"\/><\/figure>\n\n\n\n<p>Palma de Mallorca tiene mucho que ofrecer en \u00e9poca navide\u00f1a, desde iluminaciones nuevas hasta fiestas como la del <strong>Estandarte,<\/strong> el tradicional evento de San Silvestre Juaneda o su rica gastronom\u00eda y platos de cuchara.<\/p>\n\n\n\n<p>Toda la ciudad se viste con guirnaldas, \u00e1rboles alumbrados, bolas y bolas gigantes para dar la bienvenida a una de las \u00e9pocas m\u00e1s especiales del a\u00f1o. Para que este a\u00f1o sea a\u00fan m\u00e1s especial y m\u00e1gico, la ciudad cuenta con <strong>una nueva bola gigante de 9 metros<\/strong> de altura (con paso interior) y una estrella de 12 metros que se ha instalado en la Puerta de Santa Catalina.<\/p>\n\n\n\n<p>Otra gran raz\u00f3n para conocer Mallorca en \u00e9poca navide\u00f1a es poder acudir a la <strong>Fiesta del Estandarte<\/strong>, la cual se celebra tradicionalmente el \u00faltimo d\u00eda del a\u00f1o (31 de diciembre) en la Plaza de la Cort de Palma. Esta fiesta se remonta al siglo XIII y en ella se conmemora la Conquista de Mallorca con grandes ofrendas florales y lectura de poemas.<\/p>\n\n\n\n<p>Por \u00faltimo, resulta inevitable ir a Mallorca y no presenciar todo un cl\u00e1sico navide\u00f1o, La San Silvestre palmesana. Se disputa el 26 de diciembre y es una de las carreras m\u00e1s esperadas, su popularidad va en aumento a\u00f1o tras a\u00f1o y su circuito pasa en su mayor\u00eda por el precioso <strong>Castillo de Bellver<\/strong>. Es una carrera apta para todos los niveles y, despu\u00e9s de participar en ella, es tradici\u00f3n reunirse en familia para disfrutar de todos los platos de cuchara (o pescado a la mallorquina) que se prepararon en la jornada anterior (25 de diciembre).<\/p>\n\n\n\n<p><strong>Menorca, el primer lugar donde amanecer\u00e1 en 2023<\/strong><\/p>\n\n\n\n<p>Si se busca degustar y probar los <strong>amargos<\/strong>, uno de los mejores dulces t\u00edpicos navide\u00f1os, te recomendamos ir a Menorca. Son originales de la isla y se llega a decir incluso que \u201csin amargos no hay navidad\u201d. Son los dulces por excelencia de la \u00e9poca, est\u00e1n hechos a base de almendras y az\u00facar y tienen una forma redonda y aplanada.<\/p>\n\n\n\n<p>Desde la agencia de comunicaci\u00f3n que trabaja con la Agencia de Estrategia Tur\u00edstica de las Illes Balears (<a href=\"https:\/\/www.caib.es\/govern\/organigrama\/area.do?coduo=475&amp;lang=es\" target=\"_blank\">AETIB<\/a>), nos informan que Menorca tiene un encendido de luces muy peculiar. El encendido de luces de Mah\u00f3n es uno de los eventos m\u00e1s esperados y, para encenderlas, <strong>los duendes llamados<em> Llumets<\/em><\/strong> van recorriendo las calles y dan la bienvenida a la Navidad. Los <em>Llumets<\/em> suelen descender con cuerdas del campanario y se pasean por la capital saludando a ni\u00f1os y mayores.<\/p>\n\n\n\n<p>Por \u00faltimo, otra de las tradiciones que no pod\u00eda faltar son los mercados navide\u00f1os y los conciertos. Est\u00e1n distribuidos por toda la isla pero <strong>destaca el Mercado Navide\u00f1o de Ciutadella<\/strong> (lo encontrar\u00e1s en los alrededores de la Plaza de la Catedral) y el tradicional concierto de Villancicos de Ciutadella (se celebra cada 21 de diciembre y participa el Coro de Pueri Cantores de la Catedral).<\/p>\n\n\n\n<p><strong>Ibiza y Formentera tambi\u00e9n sorprenden en Navidad<\/strong><\/p>\n\n\n\n<figure class=\"wp-block-image size-large\"><img decoding=\"async\" src=\"https:\/\/www.escapadarural.com\/blog\/wp-content\/uploads\/ibiza-balearic-islands-spain-with-fireworks-during-new-years-celebration-stockpack-adobe-stock-1024x683.jpg\" alt=\"Ibiza, Nochevieja\" class=\"wp-image-56607\"\/><figcaption class=\"wp-element-caption\">Ibiza. Por Martina<\/figcaption><\/figure>\n\n\n\n<p>Ibiza y Formentera tambi\u00e9n cuentan con varios atractivos navide\u00f1os. Desde un gran \u00e1rbol de navidad en Santa Eul\u00e0lia hasta una capital, Ibiza, m\u00e1s blanca y m\u00e1s llena de luz que nunca. Entre los quehaceres se encuentra <strong>visitar la Feria de Navidad de Ibiza<\/strong>, pasear por el Mercadillo de Sant Antoni y descubrir m\u00faltiples artesan\u00edas o subirse a un barco direcci\u00f3n a la paradis\u00edaca Formentera.<\/p>\n\n\n\n<p>En Sant Francesc Xavier, la poblaci\u00f3n principal de la isla, <strong>se celebra cada a\u00f1o el Mercadillo Navide\u00f1o de Sant Francesc<\/strong>. Tiene lugar en la plaza con su mismo nombre y tambi\u00e9n se pueden encontrar muestras de espect\u00e1culos infantiles, una rica oferta gastron\u00f3mica y los regalos m\u00e1s originales. <\/p>\n\n\n\n<p>Otro de los motivos por los que pasear y dejarse perder por sus calles es el <strong>XVI Concurso de Escaparatismo Navide\u00f1o<\/strong>, que sin duda acent\u00faa el ambiente festivo entre los habitantes de Formentera y los establecimientos de la isla.<\/p>\n\n\n\n<div class=\"wp-block-buttons is-layout-flex wp-block-buttons-is-layout-flex\">\n<div class=\"wp-block-button\"><a class=\"wp-block-button__link wp-element-button\" href=\"https:\/\/www.escapadarural.com\/casas-rurales\/islas-baleares\">Casas rurales en Baleares<\/a><\/div>\n<\/div>\n","protected":false},"excerpt":{"rendered":"<p>Las Islas Baleares no se quedan atr\u00e1s en iluminaci\u00f3n navide\u00f1a. Este a\u00f1o dan la bienvenida a la temporada con una estrella de 12 metros, una bola gigantesca de 9 y un enorme \u00e1rbol de 23 metros en su capital, Palma. Menorca tambi\u00e9n destaca con una programaci\u00f3n de navidad que se extiende por toda la isla y por ser el primer lugar en el que amanecer\u00e1 en 2023.<\/p>\n","protected":false},"author":151,"featured_media":98967,"comment_status":"open","ping_status":"open","sticky":false,"template":"","format":"standard","meta":{"_acf_changed":false,"om_disable_all_campaigns":false,"footnotes":""},"categories":[231],"tags":[412,600],"class_list":["post-56346","post","type-post","status-publish","format-standard","has-post-thumbnail","hentry","category-arte-y-cultura","tag-que-ver-en-islas-baleares","tag-navidad"],"acf":[],"featured_image_src":"https:\/\/www.escapadarural.com\/blog\/wp-content\/uploads\/2024\/10\/catedral-de-palma-la-seusxiv-xvipalmamallorcabalearesespana-stockpack-adobe-stock-1024x683-2.jpg","author_info":{"display_name":"Alba Feliz","author_link":"https:\/\/www.escapadarural.com\/blog\/autor\/alba\/"},"yoast_head":"<!-- This site is optimized with the Yoast SEO plugin v27.5 - https:\/\/yoast.com\/product\/yoast-seo-wordpress\/ -->\n<title>Las Islas Baleares contagian su esp\u00edritu m\u00e1s navide\u00f1o - EscapadaRural<\/title>\n<meta name=\"robots\" content=\"index, follow, max-snippet:-1, max-image-preview:large, max-video-preview:-1\" \/>\n<link rel=\"canonical\" href=\"https:\/\/www.escapadarural.com\/blog\/las-islas-baleares-y-navidad\/\" \/>\n<meta property=\"og:locale\" content=\"es_ES\" \/>\n<meta property=\"og:type\" content=\"article\" \/>\n<meta property=\"og:title\" content=\"Las Islas Baleares contagian su esp\u00edritu m\u00e1s navide\u00f1o - EscapadaRural\" \/>\n<meta property=\"og:description\" content=\"Las Islas Baleares no se quedan atr\u00e1s en iluminaci\u00f3n navide\u00f1a. Este a\u00f1o dan la bienvenida a la temporada con una estrella de 12 metros, una bola gigantesca de 9 y un enorme \u00e1rbol de 23 metros en su capital, Palma. Menorca tambi\u00e9n destaca con una programaci\u00f3n de navidad que se extiende por toda la isla y por ser el primer lugar en el que amanecer\u00e1 en 2023.\" \/>\n<meta property=\"og:url\" content=\"https:\/\/www.escapadarural.com\/blog\/las-islas-baleares-y-navidad\/\" \/>\n<meta property=\"og:site_name\" content=\"Magazine de viajes de EscapadaRural\" \/>\n<meta property=\"article:publisher\" content=\"https:\/\/www.facebook.com\/escapadarural\" \/>\n<meta property=\"article:published_time\" content=\"2022-12-17T08:00:00+00:00\" \/>\n<meta property=\"article:modified_time\" content=\"2025-07-22T10:43:18+00:00\" \/>\n<meta property=\"og:image\" content=\"https:\/\/www.escapadarural.com\/blog\/wp-content\/uploads\/2024\/10\/catedral-de-palma-la-seusxiv-xvipalmamallorcabalearesespana-stockpack-adobe-stock-1024x683-2.jpg?v=1753180999\" \/>\n\t<meta property=\"og:image:width\" content=\"1024\" \/>\n\t<meta property=\"og:image:height\" content=\"683\" \/>\n\t<meta property=\"og:image:type\" content=\"image\/jpeg\" \/>\n<meta name=\"author\" content=\"Alba Feliz\" \/>\n<meta name=\"twitter:card\" content=\"summary_large_image\" \/>\n<meta name=\"twitter:label1\" content=\"Escrito por\" \/>\n\t<meta name=\"twitter:data1\" content=\"Alba Feliz\" \/>\n\t<meta name=\"twitter:label2\" content=\"Tiempo de lectura\" \/>\n\t<meta name=\"twitter:data2\" content=\"5 minutos\" \/>\n<script type=\"application\/ld+json\" class=\"yoast-schema-graph\">{\"@context\":\"https:\\\/\\\/schema.org\",\"@graph\":[{\"@type\":\"Article\",\"@id\":\"https:\\\/\\\/www.escapadarural.com\\\/blog\\\/las-islas-baleares-y-navidad\\\/#article\",\"isPartOf\":{\"@id\":\"https:\\\/\\\/www.escapadarural.com\\\/blog\\\/las-islas-baleares-y-navidad\\\/\"},\"author\":{\"name\":\"Alba Feliz\",\"@id\":\"https:\\\/\\\/www.escapadarural.com\\\/blog\\\/#\\\/schema\\\/person\\\/65271b7b847121ab7a4f8c3be624d420\"},\"headline\":\"Las Islas Baleares contagian su esp\u00edritu m\u00e1s navide\u00f1o\",\"datePublished\":\"2022-12-17T08:00:00+00:00\",\"dateModified\":\"2025-07-22T10:43:18+00:00\",\"mainEntityOfPage\":{\"@id\":\"https:\\\/\\\/www.escapadarural.com\\\/blog\\\/las-islas-baleares-y-navidad\\\/\"},\"wordCount\":1001,\"commentCount\":0,\"publisher\":{\"@id\":\"https:\\\/\\\/www.escapadarural.com\\\/blog\\\/#organization\"},\"image\":{\"@id\":\"https:\\\/\\\/www.escapadarural.com\\\/blog\\\/las-islas-baleares-y-navidad\\\/#primaryimage\"},\"thumbnailUrl\":\"https:\\\/\\\/www.escapadarural.com\\\/blog\\\/wp-content\\\/uploads\\\/2024\\\/10\\\/catedral-de-palma-la-seusxiv-xvipalmamallorcabalearesespana-stockpack-adobe-stock-1024x683-2.jpg\",\"keywords\":[\"Islas Baleares\",\"Navidad\"],\"articleSection\":[\"Arte y Cultura\"],\"inLanguage\":\"es\",\"potentialAction\":[{\"@type\":\"CommentAction\",\"name\":\"Comment\",\"target\":[\"https:\\\/\\\/www.escapadarural.com\\\/blog\\\/las-islas-baleares-y-navidad\\\/#respond\"]}]},{\"@type\":\"WebPage\",\"@id\":\"https:\\\/\\\/www.escapadarural.com\\\/blog\\\/las-islas-baleares-y-navidad\\\/\",\"url\":\"https:\\\/\\\/www.escapadarural.com\\\/blog\\\/las-islas-baleares-y-navidad\\\/\",\"name\":\"Las Islas Baleares contagian su esp\u00edritu m\u00e1s navide\u00f1o - EscapadaRural\",\"isPartOf\":{\"@id\":\"https:\\\/\\\/www.escapadarural.com\\\/blog\\\/#website\"},\"primaryImageOfPage\":{\"@id\":\"https:\\\/\\\/www.escapadarural.com\\\/blog\\\/las-islas-baleares-y-navidad\\\/#primaryimage\"},\"image\":{\"@id\":\"https:\\\/\\\/www.escapadarural.com\\\/blog\\\/las-islas-baleares-y-navidad\\\/#primaryimage\"},\"thumbnailUrl\":\"https:\\\/\\\/www.escapadarural.com\\\/blog\\\/wp-content\\\/uploads\\\/2024\\\/10\\\/catedral-de-palma-la-seusxiv-xvipalmamallorcabalearesespana-stockpack-adobe-stock-1024x683-2.jpg\",\"datePublished\":\"2022-12-17T08:00:00+00:00\",\"dateModified\":\"2025-07-22T10:43:18+00:00\",\"breadcrumb\":{\"@id\":\"https:\\\/\\\/www.escapadarural.com\\\/blog\\\/las-islas-baleares-y-navidad\\\/#breadcrumb\"},\"inLanguage\":\"es\",\"potentialAction\":[{\"@type\":\"ReadAction\",\"target\":[\"https:\\\/\\\/www.escapadarural.com\\\/blog\\\/las-islas-baleares-y-navidad\\\/\"]}]},{\"@type\":\"ImageObject\",\"inLanguage\":\"es\",\"@id\":\"https:\\\/\\\/www.escapadarural.com\\\/blog\\\/las-islas-baleares-y-navidad\\\/#primaryimage\",\"url\":\"https:\\\/\\\/www.escapadarural.com\\\/blog\\\/wp-content\\\/uploads\\\/2024\\\/10\\\/catedral-de-palma-la-seusxiv-xvipalmamallorcabalearesespana-stockpack-adobe-stock-1024x683-2.jpg\",\"contentUrl\":\"https:\\\/\\\/www.escapadarural.com\\\/blog\\\/wp-content\\\/uploads\\\/2024\\\/10\\\/catedral-de-palma-la-seusxiv-xvipalmamallorcabalearesespana-stockpack-adobe-stock-1024x683-2.jpg\",\"width\":1024,\"height\":683,\"caption\":\"Catedral de Palma de Mallorca\"},{\"@type\":\"BreadcrumbList\",\"@id\":\"https:\\\/\\\/www.escapadarural.com\\\/blog\\\/las-islas-baleares-y-navidad\\\/#breadcrumb\",\"itemListElement\":[{\"@type\":\"ListItem\",\"position\":1,\"name\":\"Inicio\",\"item\":\"https:\\\/\\\/www.escapadarural.com\\\/blog\\\/\"},{\"@type\":\"ListItem\",\"position\":2,\"name\":\"Arte y Cultura\",\"item\":\"https:\\\/\\\/www.escapadarural.com\\\/blog\\\/categoria\\\/arte-y-cultura\\\/\"},{\"@type\":\"ListItem\",\"position\":3,\"name\":\"Las Islas Baleares contagian su esp\u00edritu m\u00e1s navide\u00f1o\"}]},{\"@type\":\"WebSite\",\"@id\":\"https:\\\/\\\/www.escapadarural.com\\\/blog\\\/#website\",\"url\":\"https:\\\/\\\/www.escapadarural.com\\\/blog\\\/\",\"name\":\"Blog de viajes | turismo rural, alojamientos e inspiraci\u00f3n\",\"description\":\"Alojamientos rurales e inspiraci\u00f3n para tus escapadas\",\"publisher\":{\"@id\":\"https:\\\/\\\/www.escapadarural.com\\\/blog\\\/#organization\"},\"alternateName\":\"Magazine de viajes de EscapadaRural\",\"potentialAction\":[{\"@type\":\"SearchAction\",\"target\":{\"@type\":\"EntryPoint\",\"urlTemplate\":\"https:\\\/\\\/www.escapadarural.com\\\/blog\\\/?s={search_term_string}\"},\"query-input\":{\"@type\":\"PropertyValueSpecification\",\"valueRequired\":true,\"valueName\":\"search_term_string\"}}],\"inLanguage\":\"es\"},{\"@type\":\"Organization\",\"@id\":\"https:\\\/\\\/www.escapadarural.com\\\/blog\\\/#organization\",\"name\":\"EscapadaRural\",\"url\":\"https:\\\/\\\/www.escapadarural.com\\\/blog\\\/\",\"logo\":{\"@type\":\"ImageObject\",\"inLanguage\":\"es\",\"@id\":\"https:\\\/\\\/www.escapadarural.com\\\/blog\\\/#\\\/schema\\\/logo\\\/image\\\/\",\"url\":\"https:\\\/\\\/www.escapadarural.com\\\/blog\\\/wp-content\\\/uploads\\\/2024\\\/10\\\/cropped-cropped-escapada-rural-icon-mag-3.png\",\"contentUrl\":\"https:\\\/\\\/www.escapadarural.com\\\/blog\\\/wp-content\\\/uploads\\\/2024\\\/10\\\/cropped-cropped-escapada-rural-icon-mag-3.png\",\"width\":512,\"height\":512,\"caption\":\"EscapadaRural\"},\"image\":{\"@id\":\"https:\\\/\\\/www.escapadarural.com\\\/blog\\\/#\\\/schema\\\/logo\\\/image\\\/\"},\"sameAs\":[\"https:\\\/\\\/www.facebook.com\\\/escapadarural\",\"https:\\\/\\\/www.instagram.com\\\/escapadarural\\\/\",\"https:\\\/\\\/www.youtube.com\\\/@escapadaruralcom\"]},{\"@type\":\"Person\",\"@id\":\"https:\\\/\\\/www.escapadarural.com\\\/blog\\\/#\\\/schema\\\/person\\\/65271b7b847121ab7a4f8c3be624d420\",\"name\":\"Alba Feliz\",\"image\":{\"@type\":\"ImageObject\",\"inLanguage\":\"es\",\"@id\":\"https:\\\/\\\/www.escapadarural.com\\\/blog\\\/wp-content\\\/uploads\\\/2024\\\/11\\\/cropped-alba-96x96.jpg\",\"url\":\"https:\\\/\\\/www.escapadarural.com\\\/blog\\\/wp-content\\\/uploads\\\/2024\\\/11\\\/cropped-alba-96x96.jpg\",\"contentUrl\":\"https:\\\/\\\/www.escapadarural.com\\\/blog\\\/wp-content\\\/uploads\\\/2024\\\/11\\\/cropped-alba-96x96.jpg\",\"caption\":\"Alba Feliz\"},\"description\":\"Redactora, productora audiovisual y graduada en turismo y direcci\u00f3n hotelera. Creo firmemente que viajar abre la mente y permite conocer otras realidades que quiz\u00e1s desconocemos. Me apasiona la fotograf\u00eda anal\u00f3gica (la de toda la vida) y darle una oportunidad a los destinos menos conocidos.\",\"url\":\"https:\\\/\\\/www.escapadarural.com\\\/blog\\\/autor\\\/alba\\\/\"}]}<\/script>\n<!-- \/ Yoast SEO plugin. -->","yoast_head_json":{"title":"Las Islas Baleares contagian su esp\u00edritu m\u00e1s navide\u00f1o - EscapadaRural","robots":{"index":"index","follow":"follow","max-snippet":"max-snippet:-1","max-image-preview":"max-image-preview:large","max-video-preview":"max-video-preview:-1"},"canonical":"https:\/\/www.escapadarural.com\/blog\/las-islas-baleares-y-navidad\/","og_locale":"es_ES","og_type":"article","og_title":"Las Islas Baleares contagian su esp\u00edritu m\u00e1s navide\u00f1o - EscapadaRural","og_description":"Las Islas Baleares no se quedan atr\u00e1s en iluminaci\u00f3n navide\u00f1a. Este a\u00f1o dan la bienvenida a la temporada con una estrella de 12 metros, una bola gigantesca de 9 y un enorme \u00e1rbol de 23 metros en su capital, Palma. Menorca tambi\u00e9n destaca con una programaci\u00f3n de navidad que se extiende por toda la isla y por ser el primer lugar en el que amanecer\u00e1 en 2023.","og_url":"https:\/\/www.escapadarural.com\/blog\/las-islas-baleares-y-navidad\/","og_site_name":"Magazine de viajes de EscapadaRural","article_publisher":"https:\/\/www.facebook.com\/escapadarural","article_published_time":"2022-12-17T08:00:00+00:00","article_modified_time":"2025-07-22T10:43:18+00:00","og_image":[{"width":1024,"height":683,"url":"https:\/\/www.escapadarural.com\/blog\/wp-content\/uploads\/2024\/10\/catedral-de-palma-la-seusxiv-xvipalmamallorcabalearesespana-stockpack-adobe-stock-1024x683-2.jpg?v=1753180999","type":"image\/jpeg"}],"author":"Alba Feliz","twitter_card":"summary_large_image","twitter_misc":{"Escrito por":"Alba Feliz","Tiempo de lectura":"5 minutos"},"schema":{"@context":"https:\/\/schema.org","@graph":[{"@type":"Article","@id":"https:\/\/www.escapadarural.com\/blog\/las-islas-baleares-y-navidad\/#article","isPartOf":{"@id":"https:\/\/www.escapadarural.com\/blog\/las-islas-baleares-y-navidad\/"},"author":{"name":"Alba Feliz","@id":"https:\/\/www.escapadarural.com\/blog\/#\/schema\/person\/65271b7b847121ab7a4f8c3be624d420"},"headline":"Las Islas Baleares contagian su esp\u00edritu m\u00e1s navide\u00f1o","datePublished":"2022-12-17T08:00:00+00:00","dateModified":"2025-07-22T10:43:18+00:00","mainEntityOfPage":{"@id":"https:\/\/www.escapadarural.com\/blog\/las-islas-baleares-y-navidad\/"},"wordCount":1001,"commentCount":0,"publisher":{"@id":"https:\/\/www.escapadarural.com\/blog\/#organization"},"image":{"@id":"https:\/\/www.escapadarural.com\/blog\/las-islas-baleares-y-navidad\/#primaryimage"},"thumbnailUrl":"https:\/\/www.escapadarural.com\/blog\/wp-content\/uploads\/2024\/10\/catedral-de-palma-la-seusxiv-xvipalmamallorcabalearesespana-stockpack-adobe-stock-1024x683-2.jpg","keywords":["Islas Baleares","Navidad"],"articleSection":["Arte y Cultura"],"inLanguage":"es","potentialAction":[{"@type":"CommentAction","name":"Comment","target":["https:\/\/www.escapadarural.com\/blog\/las-islas-baleares-y-navidad\/#respond"]}]},{"@type":"WebPage","@id":"https:\/\/www.escapadarural.com\/blog\/las-islas-baleares-y-navidad\/","url":"https:\/\/www.escapadarural.com\/blog\/las-islas-baleares-y-navidad\/","name":"Las Islas Baleares contagian su esp\u00edritu m\u00e1s navide\u00f1o - EscapadaRural","isPartOf":{"@id":"https:\/\/www.escapadarural.com\/blog\/#website"},"primaryImageOfPage":{"@id":"https:\/\/www.escapadarural.com\/blog\/las-islas-baleares-y-navidad\/#primaryimage"},"image":{"@id":"https:\/\/www.escapadarural.com\/blog\/las-islas-baleares-y-navidad\/#primaryimage"},"thumbnailUrl":"https:\/\/www.escapadarural.com\/blog\/wp-content\/uploads\/2024\/10\/catedral-de-palma-la-seusxiv-xvipalmamallorcabalearesespana-stockpack-adobe-stock-1024x683-2.jpg","datePublished":"2022-12-17T08:00:00+00:00","dateModified":"2025-07-22T10:43:18+00:00","breadcrumb":{"@id":"https:\/\/www.escapadarural.com\/blog\/las-islas-baleares-y-navidad\/#breadcrumb"},"inLanguage":"es","potentialAction":[{"@type":"ReadAction","target":["https:\/\/www.escapadarural.com\/blog\/las-islas-baleares-y-navidad\/"]}]},{"@type":"ImageObject","inLanguage":"es","@id":"https:\/\/www.escapadarural.com\/blog\/las-islas-baleares-y-navidad\/#primaryimage","url":"https:\/\/www.escapadarural.com\/blog\/wp-content\/uploads\/2024\/10\/catedral-de-palma-la-seusxiv-xvipalmamallorcabalearesespana-stockpack-adobe-stock-1024x683-2.jpg","contentUrl":"https:\/\/www.escapadarural.com\/blog\/wp-content\/uploads\/2024\/10\/catedral-de-palma-la-seusxiv-xvipalmamallorcabalearesespana-stockpack-adobe-stock-1024x683-2.jpg","width":1024,"height":683,"caption":"Catedral de Palma de Mallorca"},{"@type":"BreadcrumbList","@id":"https:\/\/www.escapadarural.com\/blog\/las-islas-baleares-y-navidad\/#breadcrumb","itemListElement":[{"@type":"ListItem","position":1,"name":"Inicio","item":"https:\/\/www.escapadarural.com\/blog\/"},{"@type":"ListItem","position":2,"name":"Arte y Cultura","item":"https:\/\/www.escapadarural.com\/blog\/categoria\/arte-y-cultura\/"},{"@type":"ListItem","position":3,"name":"Las Islas Baleares contagian su esp\u00edritu m\u00e1s navide\u00f1o"}]},{"@type":"WebSite","@id":"https:\/\/www.escapadarural.com\/blog\/#website","url":"https:\/\/www.escapadarural.com\/blog\/","name":"Blog de viajes | turismo rural, alojamientos e inspiraci\u00f3n","description":"Alojamientos rurales e inspiraci\u00f3n para tus escapadas","publisher":{"@id":"https:\/\/www.escapadarural.com\/blog\/#organization"},"alternateName":"Magazine de viajes de EscapadaRural","potentialAction":[{"@type":"SearchAction","target":{"@type":"EntryPoint","urlTemplate":"https:\/\/www.escapadarural.com\/blog\/?s={search_term_string}"},"query-input":{"@type":"PropertyValueSpecification","valueRequired":true,"valueName":"search_term_string"}}],"inLanguage":"es"},{"@type":"Organization","@id":"https:\/\/www.escapadarural.com\/blog\/#organization","name":"EscapadaRural","url":"https:\/\/www.escapadarural.com\/blog\/","logo":{"@type":"ImageObject","inLanguage":"es","@id":"https:\/\/www.escapadarural.com\/blog\/#\/schema\/logo\/image\/","url":"https:\/\/www.escapadarural.com\/blog\/wp-content\/uploads\/2024\/10\/cropped-cropped-escapada-rural-icon-mag-3.png","contentUrl":"https:\/\/www.escapadarural.com\/blog\/wp-content\/uploads\/2024\/10\/cropped-cropped-escapada-rural-icon-mag-3.png","width":512,"height":512,"caption":"EscapadaRural"},"image":{"@id":"https:\/\/www.escapadarural.com\/blog\/#\/schema\/logo\/image\/"},"sameAs":["https:\/\/www.facebook.com\/escapadarural","https:\/\/www.instagram.com\/escapadarural\/","https:\/\/www.youtube.com\/@escapadaruralcom"]},{"@type":"Person","@id":"https:\/\/www.escapadarural.com\/blog\/#\/schema\/person\/65271b7b847121ab7a4f8c3be624d420","name":"Alba Feliz","image":{"@type":"ImageObject","inLanguage":"es","@id":"https:\/\/www.escapadarural.com\/blog\/wp-content\/uploads\/2024\/11\/cropped-alba-96x96.jpg","url":"https:\/\/www.escapadarural.com\/blog\/wp-content\/uploads\/2024\/11\/cropped-alba-96x96.jpg","contentUrl":"https:\/\/www.escapadarural.com\/blog\/wp-content\/uploads\/2024\/11\/cropped-alba-96x96.jpg","caption":"Alba Feliz"},"description":"Redactora, productora audiovisual y graduada en turismo y direcci\u00f3n hotelera. Creo firmemente que viajar abre la mente y permite conocer otras realidades que quiz\u00e1s desconocemos. Me apasiona la fotograf\u00eda anal\u00f3gica (la de toda la vida) y darle una oportunidad a los destinos menos conocidos.","url":"https:\/\/www.escapadarural.com\/blog\/autor\/alba\/"}]}},"_links":{"self":[{"href":"https:\/\/www.escapadarural.com\/blog\/wp-json\/wp\/v2\/posts\/56346","targetHints":{"allow":["GET"]}}],"collection":[{"href":"https:\/\/www.escapadarural.com\/blog\/wp-json\/wp\/v2\/posts"}],"about":[{"href":"https:\/\/www.escapadarural.com\/blog\/wp-json\/wp\/v2\/types\/post"}],"author":[{"embeddable":true,"href":"https:\/\/www.escapadarural.com\/blog\/wp-json\/wp\/v2\/users\/151"}],"replies":[{"embeddable":true,"href":"https:\/\/www.escapadarural.com\/blog\/wp-json\/wp\/v2\/comments?post=56346"}],"version-history":[{"count":0,"href":"https:\/\/www.escapadarural.com\/blog\/wp-json\/wp\/v2\/posts\/56346\/revisions"}],"wp:featuredmedia":[{"embeddable":true,"href":"https:\/\/www.escapadarural.com\/blog\/wp-json\/wp\/v2\/media\/98967"}],"wp:attachment":[{"href":"https:\/\/www.escapadarural.com\/blog\/wp-json\/wp\/v2\/media?parent=56346"}],"wp:term":[{"taxonomy":"category","embeddable":true,"href":"https:\/\/www.escapadarural.com\/blog\/wp-json\/wp\/v2\/categories?post=56346"},{"taxonomy":"post_tag","embeddable":true,"href":"https:\/\/www.escapadarural.com\/blog\/wp-json\/wp\/v2\/tags?post=56346"}],"curies":[{"name":"wp","href":"https:\/\/api.w.org\/{rel}","templated":true}]}}