{"id":56361,"date":"2022-11-29T11:41:20","date_gmt":"2022-11-29T10:41:20","guid":{"rendered":"https:\/\/www.escapadarural.com\/blog\/?p=56361"},"modified":"2025-06-26T18:18:40","modified_gmt":"2025-06-26T16:18:40","slug":"ocupacion-turismo-rural-diciembre","status":"publish","type":"post","link":"https:\/\/www.escapadarural.com\/blog\/ocupacion-turismo-rural-diciembre\/","title":{"rendered":"Fin de a\u00f1o y Nochebuena impulsan el turismo rural en diciembre"},"content":{"rendered":"\n<figure class=\"wp-block-image size-large\"><a href=\"https:\/\/www.escapadarural.com\/blog\/wp-content\/uploads\/5be4295f700fe-scaled.jpeg\"><img decoding=\"async\" src=\"https:\/\/www.escapadarural.com\/blog\/wp-content\/uploads\/5be4295f700fe-1024x787.jpeg\" alt=\"Turismo rural en fin de a\u00f1o en Agroturismo Mari Cruz\" class=\"wp-image-56159\"\/><\/a><figcaption class=\"wp-element-caption\">Agroturismo Mari Cruz\n<\/figcaption><\/figure>\n\n\n\n<ul class=\"wp-block-list\">\n<li><strong>En concreto, Fin de A\u00f1o es el periodo para el que se registra una mayor demanda de alojamientos rurales con la ocupaci\u00f3n al 55% cuando a\u00fan faltan m\u00e1s de 4 semanas para la fecha.<\/strong><\/li>\n<\/ul>\n\n\n\n<ul class=\"wp-block-list\">\n<li><strong>La ocupaci\u00f3n para la nochebuena es del 41% con Navarra, Catalu\u00f1a, Murcia, Pa\u00eds Vasco, Canarias y Baleares en cabeza del ranking de comunidades con mayor ocupaci\u00f3n.<\/strong><\/li>\n<\/ul>\n\n\n\n<ul class=\"wp-block-list\">\n<li><strong>La ocupaci\u00f3n media para el puente de diciembre es del 25%, pero al ser un puente tan largo y con varias opciones de festivos los datos oscilan registrando la mayor ocupaci\u00f3n el primer fin de semana (30%).&nbsp;<\/strong><\/li>\n<\/ul>\n\n\n\n<ul class=\"wp-block-list\">\n<li><strong>Son datos de EscapadaRural, la plataforma digital especializada en turismo rural m\u00e1s importante de nuestro pa\u00eds con m\u00e1s de 18.000 alojamientos rurales en Espa\u00f1a.<\/strong><\/li>\n<\/ul>\n\n\n\n<p>El turismo rural es una opci\u00f3n cada vez m\u00e1s extendida entre los espa\u00f1oles tanto para disfrutar de escapadas de fines de semana, periodos vacacionales o incluso para celebraciones especiales. De hecho, las noches de <strong>Fin de A\u00f1o<\/strong> y <strong>Nochebuena<\/strong> est\u00e1n impulsado el turismo rural este mes de diciembre y, pr\u00e1cticamente a un mes vista, ya se registran ocupaciones del <strong>54% y del 41% respectivamente<\/strong>, aunque se prev\u00e9 alcanzar cifras de, al menos, el 60% y el 50% en cada una de estas fechas. La semana del <strong>puente de diciembre<\/strong> tambi\u00e9n contribuye a la ocupaci\u00f3n, llegando algunas noches hasta el <strong>30%<\/strong>.&nbsp;<\/p>\n\n\n\n<h2 class=\"wp-block-heading\"><strong>Ocupaci\u00f3n puente de diciembre&nbsp;<\/strong><\/h2>\n\n\n\n<p>Este a\u00f1o el puente de diciembre se extiende a lo largo de una semana, del s\u00e1bado 3 al domingo 11 de diciembre, y aunque el promedio de ocupaci\u00f3n a nivel nacional para toda la semana es del 25%, este dato es superior si lo analizamos por fines de semana. Concretamente, el primer fin de semana del puente, la ocupaci\u00f3n alcanza el 30% y el segundo llega al 26%. Mientras que los d\u00edas entre medio bajan hasta el 20%.<\/p>\n\n\n\n<p>Judith Monmany explica que \u201cestos datos son fruto del cambio de comportamiento de los viajeros en el puente de diciembre de este a\u00f1o respecto al de los \u00faltimos a\u00f1os. En primer lugar, su larga duraci\u00f3n hace que los desplazamientos queden m\u00e1s repartidos a lo largo de toda la semana en vez de concentrarse en un fin de semana como pas\u00f3, por ejemplo, en 2019. Adem\u00e1s, seguimos viendo que la decisi\u00f3n de viajar se toma con menor antelaci\u00f3n y en una encuesta realizada a cerca dos mil viajeros rurales (**), el 41% todav\u00eda no sab\u00eda qu\u00e9 iban a hacer por el puente y el 75% de los que s\u00ed ten\u00edan previsto ir de escapada rural, todav\u00eda no hab\u00edan realizado su reserva\u201d.&nbsp;<\/p>\n\n\n\n<p>En cuanto a la duraci\u00f3n de las escapadas, tanto los viajeros (74%) como los propietarios (75%) de alojamientos rurales en Espa\u00f1a (*) afirman que la duraci\u00f3n m\u00e1s habitual de las estancias para el puente ser\u00e1 de entre 1 y 3 noches.&nbsp;<\/p>\n\n\n\n<p>Las comunidades aut\u00f3nomas que registran una mayor ocupaci\u00f3n son las <a href=\"https:\/\/www.escapadarural.com\/casas-rurales\/islas-baleares\" target=\"_blank\" rel=\"noreferrer noopener\">Islas Baleares<\/a> (46%),&nbsp;<a href=\"https:\/\/www.escapadarural.com\/casas-rurales\/islas-canarias\" target=\"_blank\" rel=\"noreferrer noopener\"> Canarias<\/a> (39%), <a href=\"https:\/\/www.escapadarural.com\/casas-rurales\/navarra\" target=\"_blank\" rel=\"noreferrer noopener\">Navarra<\/a> (38%), <a href=\"https:\/\/www.escapadarural.com\/casas-rurales\/cataluna\" target=\"_blank\" rel=\"noreferrer noopener\">Catalunya<\/a> (29%) y <a href=\"https:\/\/www.escapadarural.com\/casas-rurales\/murcia\" target=\"_blank\" rel=\"noreferrer noopener\">Murcia<\/a> (27%).<\/p>\n\n\n\n<h2 class=\"wp-block-heading\"><strong>Nochebuena<\/strong><\/h2>\n\n\n\n<figure class=\"wp-block-image size-large\"><a href=\"https:\/\/www.escapadarural.com\/blog\/wp-content\/uploads\/red-gold-christmas-stockpack-unsplash-scaled.jpg\"><img decoding=\"async\" src=\"https:\/\/www.escapadarural.com\/blog\/wp-content\/uploads\/red-gold-christmas-stockpack-unsplash-1024x683.jpg\" alt=\"Diciembre rural\" class=\"wp-image-56362\"\/><\/a><figcaption class=\"wp-element-caption\">Por: Andy Holmes<\/figcaption><\/figure>\n\n\n\n<p>La m\u00e1gica noche de <strong>Navidad<\/strong> no se queda muy atr\u00e1s y la ocupaci\u00f3n rural arroja una cifra del 41%. Navarra encabeza el ranking de comunidades con mayores cifras, con una ocupaci\u00f3n del 54%. Solo a un punto de Navarra se sit\u00faan Catalu\u00f1a y Murcia (53%), y a \u00e9stas le siguen <a href=\"https:\/\/www.escapadarural.com\/casas-rurales\/pais-vasco\" target=\"_blank\" rel=\"noreferrer noopener\">Pa\u00eds Vasco<\/a> (52%), Canarias, Baleares y <a href=\"https:\/\/www.escapadarural.com\/casas-rurales\/madrid\" target=\"_blank\" rel=\"noreferrer noopener\">Madrid <\/a>(51%), todas ellas con m\u00e1s de la mitad de plazas rurales al completo.<\/p>\n\n\n\n<h2 class=\"wp-block-heading\"><strong>Fin de A\u00f1o<\/strong><\/h2>\n\n\n\n<p>A fecha de hoy, la ocupaci\u00f3n de de los alojamientos rurales para despedir el 2022, se encuentra al 55%. Murcia es la comunidad aut\u00f3noma con <strong>mayor ocupaci\u00f3n de alojamientos rurales<\/strong> para disfrutar del <strong>fin de a\u00f1o<\/strong> con un 82%. A \u00e9sta le siguen Catalu\u00f1a (71%), Navarra (65%), la <a href=\"https:\/\/www.escapadarural.com\/casas-rurales\/comunidad-valenciana\" target=\"_blank\" rel=\"noreferrer noopener\">Comunidad Valenciana<\/a> (64%) y <a href=\"https:\/\/www.escapadarural.com\/casas-rurales\/andalucia\" target=\"_blank\" rel=\"noreferrer noopener\">Andaluc\u00eda<\/a>, donde ya se ha alcanzado una ocupaci\u00f3n del 62%.&nbsp;<\/p>\n\n\n\n<p>Unas cifras elevadas que seguro que seguir\u00e1n creciendo en los pr\u00f3ximos d\u00edas. Los propietarios* se muestran optimistas y el 73% apunta que la ocupaci\u00f3n para este fin de a\u00f1o ser\u00e1 igual o superior a la del a\u00f1o pasado.<\/p>\n\n\n\n<p>(*): Encuesta realizada entre el 16 y el 24 de noviembre a 1.486 propietarios de alojamientos rurales en Espa\u00f1a.&nbsp;<\/p>\n\n\n\n<p>(**): Encuesta realizada entre el 16 y el 24 de noviembre a 1.973 viajeros&nbsp; rurales de Espa\u00f1a.<\/p>\n","protected":false},"excerpt":{"rendered":"<p>El turismo rural es una opci\u00f3n cada vez m\u00e1s extendida entre los espa\u00f1oles tanto para disfrutar de escapadas de fines de semana, periodos vacacionales o incluso para celebraciones especiales. <\/p>\n","protected":false},"author":85,"featured_media":201137,"comment_status":"open","ping_status":"open","sticky":false,"template":"","format":"standard","meta":{"_acf_changed":false,"om_disable_all_campaigns":false,"footnotes":""},"categories":[390],"tags":[1764,918,274],"class_list":["post-56361","post","type-post","status-publish","format-standard","has-post-thumbnail","hentry","category-noticias","tag-fin-de-ano","tag-ocupacion","tag-turismo-rural"],"acf":[],"featured_image_src":"https:\/\/www.escapadarural.com\/blog\/wp-content\/uploads\/2025\/05\/02b_CasasAutosuficientes_CollDeNargo_WP05.webp","author_info":{"display_name":"Redacci\u00f3n ER","author_link":"https:\/\/www.escapadarural.com\/blog\/autor\/admin\/"},"yoast_head":"<!-- This site is optimized with the Yoast SEO plugin v27.5 - https:\/\/yoast.com\/product\/yoast-seo-wordpress\/ -->\n<title>Fin de a\u00f1o y Nochebuena impulsan el turismo rural en diciembre - EscapadaRural<\/title>\n<meta name=\"robots\" content=\"index, follow, max-snippet:-1, max-image-preview:large, max-video-preview:-1\" \/>\n<link rel=\"canonical\" href=\"https:\/\/www.escapadarural.com\/blog\/ocupacion-turismo-rural-diciembre\/\" \/>\n<meta property=\"og:locale\" content=\"es_ES\" \/>\n<meta property=\"og:type\" content=\"article\" \/>\n<meta property=\"og:title\" content=\"Fin de a\u00f1o y Nochebuena impulsan el turismo rural en diciembre - EscapadaRural\" \/>\n<meta property=\"og:description\" content=\"El turismo rural es una opci\u00f3n cada vez m\u00e1s extendida entre los espa\u00f1oles tanto para disfrutar de escapadas de fines de semana, periodos vacacionales o incluso para celebraciones especiales.\" \/>\n<meta property=\"og:url\" content=\"https:\/\/www.escapadarural.com\/blog\/ocupacion-turismo-rural-diciembre\/\" \/>\n<meta property=\"og:site_name\" content=\"Magazine de viajes de EscapadaRural\" \/>\n<meta property=\"article:publisher\" content=\"https:\/\/www.facebook.com\/escapadarural\" \/>\n<meta property=\"article:published_time\" content=\"2022-11-29T10:41:20+00:00\" \/>\n<meta property=\"article:modified_time\" content=\"2025-06-26T16:18:40+00:00\" \/>\n<meta property=\"og:image\" content=\"https:\/\/www.escapadarural.com\/blog\/wp-content\/uploads\/2025\/05\/02b_CasasAutosuficientes_CollDeNargo_WP05.webp?v=1750954721\" \/>\n\t<meta property=\"og:image:width\" content=\"1024\" \/>\n\t<meta property=\"og:image:height\" content=\"748\" \/>\n\t<meta property=\"og:image:type\" content=\"image\/webp\" \/>\n<meta name=\"author\" content=\"Redacci\u00f3n ER\" \/>\n<meta name=\"twitter:card\" content=\"summary_large_image\" \/>\n<meta name=\"twitter:label1\" content=\"Escrito por\" \/>\n\t<meta name=\"twitter:data1\" content=\"Redacci\u00f3n ER\" \/>\n\t<meta name=\"twitter:label2\" content=\"Tiempo de lectura\" \/>\n\t<meta name=\"twitter:data2\" content=\"4 minutos\" \/>\n<script type=\"application\/ld+json\" class=\"yoast-schema-graph\">{\"@context\":\"https:\\\/\\\/schema.org\",\"@graph\":[{\"@type\":\"Article\",\"@id\":\"https:\\\/\\\/www.escapadarural.com\\\/blog\\\/ocupacion-turismo-rural-diciembre\\\/#article\",\"isPartOf\":{\"@id\":\"https:\\\/\\\/www.escapadarural.com\\\/blog\\\/ocupacion-turismo-rural-diciembre\\\/\"},\"author\":{\"name\":\"Redacci\u00f3n ER\",\"@id\":\"https:\\\/\\\/www.escapadarural.com\\\/blog\\\/#\\\/schema\\\/person\\\/bd5b0d7ad308a0bf4efed73e8308b4fa\"},\"headline\":\"Fin de a\u00f1o y Nochebuena impulsan el turismo rural en diciembre\",\"datePublished\":\"2022-11-29T10:41:20+00:00\",\"dateModified\":\"2025-06-26T16:18:40+00:00\",\"mainEntityOfPage\":{\"@id\":\"https:\\\/\\\/www.escapadarural.com\\\/blog\\\/ocupacion-turismo-rural-diciembre\\\/\"},\"wordCount\":741,\"commentCount\":0,\"publisher\":{\"@id\":\"https:\\\/\\\/www.escapadarural.com\\\/blog\\\/#organization\"},\"image\":{\"@id\":\"https:\\\/\\\/www.escapadarural.com\\\/blog\\\/ocupacion-turismo-rural-diciembre\\\/#primaryimage\"},\"thumbnailUrl\":\"https:\\\/\\\/www.escapadarural.com\\\/blog\\\/wp-content\\\/uploads\\\/2025\\\/05\\\/02b_CasasAutosuficientes_CollDeNargo_WP05.webp\",\"keywords\":[\"Fin de A\u00f1o\",\"Ocupaci\u00f3n\",\"turismo rural\"],\"articleSection\":[\"Noticias\"],\"inLanguage\":\"es\",\"potentialAction\":[{\"@type\":\"CommentAction\",\"name\":\"Comment\",\"target\":[\"https:\\\/\\\/www.escapadarural.com\\\/blog\\\/ocupacion-turismo-rural-diciembre\\\/#respond\"]}]},{\"@type\":\"WebPage\",\"@id\":\"https:\\\/\\\/www.escapadarural.com\\\/blog\\\/ocupacion-turismo-rural-diciembre\\\/\",\"url\":\"https:\\\/\\\/www.escapadarural.com\\\/blog\\\/ocupacion-turismo-rural-diciembre\\\/\",\"name\":\"Fin de a\u00f1o y Nochebuena impulsan el turismo rural en diciembre - EscapadaRural\",\"isPartOf\":{\"@id\":\"https:\\\/\\\/www.escapadarural.com\\\/blog\\\/#website\"},\"primaryImageOfPage\":{\"@id\":\"https:\\\/\\\/www.escapadarural.com\\\/blog\\\/ocupacion-turismo-rural-diciembre\\\/#primaryimage\"},\"image\":{\"@id\":\"https:\\\/\\\/www.escapadarural.com\\\/blog\\\/ocupacion-turismo-rural-diciembre\\\/#primaryimage\"},\"thumbnailUrl\":\"https:\\\/\\\/www.escapadarural.com\\\/blog\\\/wp-content\\\/uploads\\\/2025\\\/05\\\/02b_CasasAutosuficientes_CollDeNargo_WP05.webp\",\"datePublished\":\"2022-11-29T10:41:20+00:00\",\"dateModified\":\"2025-06-26T16:18:40+00:00\",\"breadcrumb\":{\"@id\":\"https:\\\/\\\/www.escapadarural.com\\\/blog\\\/ocupacion-turismo-rural-diciembre\\\/#breadcrumb\"},\"inLanguage\":\"es\",\"potentialAction\":[{\"@type\":\"ReadAction\",\"target\":[\"https:\\\/\\\/www.escapadarural.com\\\/blog\\\/ocupacion-turismo-rural-diciembre\\\/\"]}]},{\"@type\":\"ImageObject\",\"inLanguage\":\"es\",\"@id\":\"https:\\\/\\\/www.escapadarural.com\\\/blog\\\/ocupacion-turismo-rural-diciembre\\\/#primaryimage\",\"url\":\"https:\\\/\\\/www.escapadarural.com\\\/blog\\\/wp-content\\\/uploads\\\/2025\\\/05\\\/02b_CasasAutosuficientes_CollDeNargo_WP05.webp\",\"contentUrl\":\"https:\\\/\\\/www.escapadarural.com\\\/blog\\\/wp-content\\\/uploads\\\/2025\\\/05\\\/02b_CasasAutosuficientes_CollDeNargo_WP05.webp\",\"width\":1024,\"height\":748,\"caption\":\"Casas rurales autosuficientes: La Pegatera (Coll de Narg\u00f3, Lleida).\"},{\"@type\":\"BreadcrumbList\",\"@id\":\"https:\\\/\\\/www.escapadarural.com\\\/blog\\\/ocupacion-turismo-rural-diciembre\\\/#breadcrumb\",\"itemListElement\":[{\"@type\":\"ListItem\",\"position\":1,\"name\":\"Inicio\",\"item\":\"https:\\\/\\\/www.escapadarural.com\\\/blog\\\/\"},{\"@type\":\"ListItem\",\"position\":2,\"name\":\"Noticias\",\"item\":\"https:\\\/\\\/www.escapadarural.com\\\/blog\\\/categoria\\\/noticias\\\/\"},{\"@type\":\"ListItem\",\"position\":3,\"name\":\"Fin de a\u00f1o y Nochebuena impulsan el turismo rural en diciembre\"}]},{\"@type\":\"WebSite\",\"@id\":\"https:\\\/\\\/www.escapadarural.com\\\/blog\\\/#website\",\"url\":\"https:\\\/\\\/www.escapadarural.com\\\/blog\\\/\",\"name\":\"Blog de viajes | turismo rural, alojamientos e inspiraci\u00f3n\",\"description\":\"Alojamientos rurales e inspiraci\u00f3n para tus escapadas\",\"publisher\":{\"@id\":\"https:\\\/\\\/www.escapadarural.com\\\/blog\\\/#organization\"},\"alternateName\":\"Magazine de viajes de EscapadaRural\",\"potentialAction\":[{\"@type\":\"SearchAction\",\"target\":{\"@type\":\"EntryPoint\",\"urlTemplate\":\"https:\\\/\\\/www.escapadarural.com\\\/blog\\\/?s={search_term_string}\"},\"query-input\":{\"@type\":\"PropertyValueSpecification\",\"valueRequired\":true,\"valueName\":\"search_term_string\"}}],\"inLanguage\":\"es\"},{\"@type\":\"Organization\",\"@id\":\"https:\\\/\\\/www.escapadarural.com\\\/blog\\\/#organization\",\"name\":\"EscapadaRural\",\"url\":\"https:\\\/\\\/www.escapadarural.com\\\/blog\\\/\",\"logo\":{\"@type\":\"ImageObject\",\"inLanguage\":\"es\",\"@id\":\"https:\\\/\\\/www.escapadarural.com\\\/blog\\\/#\\\/schema\\\/logo\\\/image\\\/\",\"url\":\"https:\\\/\\\/www.escapadarural.com\\\/blog\\\/wp-content\\\/uploads\\\/2024\\\/10\\\/cropped-cropped-escapada-rural-icon-mag-3.png\",\"contentUrl\":\"https:\\\/\\\/www.escapadarural.com\\\/blog\\\/wp-content\\\/uploads\\\/2024\\\/10\\\/cropped-cropped-escapada-rural-icon-mag-3.png\",\"width\":512,\"height\":512,\"caption\":\"EscapadaRural\"},\"image\":{\"@id\":\"https:\\\/\\\/www.escapadarural.com\\\/blog\\\/#\\\/schema\\\/logo\\\/image\\\/\"},\"sameAs\":[\"https:\\\/\\\/www.facebook.com\\\/escapadarural\",\"https:\\\/\\\/www.instagram.com\\\/escapadarural\\\/\",\"https:\\\/\\\/www.youtube.com\\\/@escapadaruralcom\"]},{\"@type\":\"Person\",\"@id\":\"https:\\\/\\\/www.escapadarural.com\\\/blog\\\/#\\\/schema\\\/person\\\/bd5b0d7ad308a0bf4efed73e8308b4fa\",\"name\":\"Redacci\u00f3n ER\",\"image\":{\"@type\":\"ImageObject\",\"inLanguage\":\"es\",\"@id\":\"https:\\\/\\\/www.escapadarural.com\\\/blog\\\/wp-content\\\/uploads\\\/2024\\\/10\\\/cropped-cropped-escapada-rural-icon-mag-3-96x96.png\",\"url\":\"https:\\\/\\\/www.escapadarural.com\\\/blog\\\/wp-content\\\/uploads\\\/2024\\\/10\\\/cropped-cropped-escapada-rural-icon-mag-3-96x96.png\",\"contentUrl\":\"https:\\\/\\\/www.escapadarural.com\\\/blog\\\/wp-content\\\/uploads\\\/2024\\\/10\\\/cropped-cropped-escapada-rural-icon-mag-3-96x96.png\",\"caption\":\"Redacci\u00f3n ER\"},\"description\":\"Nos encanta inspirar a viajeros y ayudar a los propietarios con nuestros contenidos\",\"url\":\"https:\\\/\\\/www.escapadarural.com\\\/blog\\\/autor\\\/admin\\\/\"}]}<\/script>\n<!-- \/ Yoast SEO plugin. -->","yoast_head_json":{"title":"Fin de a\u00f1o y Nochebuena impulsan el turismo rural en diciembre - EscapadaRural","robots":{"index":"index","follow":"follow","max-snippet":"max-snippet:-1","max-image-preview":"max-image-preview:large","max-video-preview":"max-video-preview:-1"},"canonical":"https:\/\/www.escapadarural.com\/blog\/ocupacion-turismo-rural-diciembre\/","og_locale":"es_ES","og_type":"article","og_title":"Fin de a\u00f1o y Nochebuena impulsan el turismo rural en diciembre - EscapadaRural","og_description":"El turismo rural es una opci\u00f3n cada vez m\u00e1s extendida entre los espa\u00f1oles tanto para disfrutar de escapadas de fines de semana, periodos vacacionales o incluso para celebraciones especiales.","og_url":"https:\/\/www.escapadarural.com\/blog\/ocupacion-turismo-rural-diciembre\/","og_site_name":"Magazine de viajes de EscapadaRural","article_publisher":"https:\/\/www.facebook.com\/escapadarural","article_published_time":"2022-11-29T10:41:20+00:00","article_modified_time":"2025-06-26T16:18:40+00:00","og_image":[{"width":1024,"height":748,"url":"https:\/\/www.escapadarural.com\/blog\/wp-content\/uploads\/2025\/05\/02b_CasasAutosuficientes_CollDeNargo_WP05.webp?v=1750954721","type":"image\/webp"}],"author":"Redacci\u00f3n ER","twitter_card":"summary_large_image","twitter_misc":{"Escrito por":"Redacci\u00f3n ER","Tiempo de lectura":"4 minutos"},"schema":{"@context":"https:\/\/schema.org","@graph":[{"@type":"Article","@id":"https:\/\/www.escapadarural.com\/blog\/ocupacion-turismo-rural-diciembre\/#article","isPartOf":{"@id":"https:\/\/www.escapadarural.com\/blog\/ocupacion-turismo-rural-diciembre\/"},"author":{"name":"Redacci\u00f3n ER","@id":"https:\/\/www.escapadarural.com\/blog\/#\/schema\/person\/bd5b0d7ad308a0bf4efed73e8308b4fa"},"headline":"Fin de a\u00f1o y Nochebuena impulsan el turismo rural en diciembre","datePublished":"2022-11-29T10:41:20+00:00","dateModified":"2025-06-26T16:18:40+00:00","mainEntityOfPage":{"@id":"https:\/\/www.escapadarural.com\/blog\/ocupacion-turismo-rural-diciembre\/"},"wordCount":741,"commentCount":0,"publisher":{"@id":"https:\/\/www.escapadarural.com\/blog\/#organization"},"image":{"@id":"https:\/\/www.escapadarural.com\/blog\/ocupacion-turismo-rural-diciembre\/#primaryimage"},"thumbnailUrl":"https:\/\/www.escapadarural.com\/blog\/wp-content\/uploads\/2025\/05\/02b_CasasAutosuficientes_CollDeNargo_WP05.webp","keywords":["Fin de A\u00f1o","Ocupaci\u00f3n","turismo rural"],"articleSection":["Noticias"],"inLanguage":"es","potentialAction":[{"@type":"CommentAction","name":"Comment","target":["https:\/\/www.escapadarural.com\/blog\/ocupacion-turismo-rural-diciembre\/#respond"]}]},{"@type":"WebPage","@id":"https:\/\/www.escapadarural.com\/blog\/ocupacion-turismo-rural-diciembre\/","url":"https:\/\/www.escapadarural.com\/blog\/ocupacion-turismo-rural-diciembre\/","name":"Fin de a\u00f1o y Nochebuena impulsan el turismo rural en diciembre - EscapadaRural","isPartOf":{"@id":"https:\/\/www.escapadarural.com\/blog\/#website"},"primaryImageOfPage":{"@id":"https:\/\/www.escapadarural.com\/blog\/ocupacion-turismo-rural-diciembre\/#primaryimage"},"image":{"@id":"https:\/\/www.escapadarural.com\/blog\/ocupacion-turismo-rural-diciembre\/#primaryimage"},"thumbnailUrl":"https:\/\/www.escapadarural.com\/blog\/wp-content\/uploads\/2025\/05\/02b_CasasAutosuficientes_CollDeNargo_WP05.webp","datePublished":"2022-11-29T10:41:20+00:00","dateModified":"2025-06-26T16:18:40+00:00","breadcrumb":{"@id":"https:\/\/www.escapadarural.com\/blog\/ocupacion-turismo-rural-diciembre\/#breadcrumb"},"inLanguage":"es","potentialAction":[{"@type":"ReadAction","target":["https:\/\/www.escapadarural.com\/blog\/ocupacion-turismo-rural-diciembre\/"]}]},{"@type":"ImageObject","inLanguage":"es","@id":"https:\/\/www.escapadarural.com\/blog\/ocupacion-turismo-rural-diciembre\/#primaryimage","url":"https:\/\/www.escapadarural.com\/blog\/wp-content\/uploads\/2025\/05\/02b_CasasAutosuficientes_CollDeNargo_WP05.webp","contentUrl":"https:\/\/www.escapadarural.com\/blog\/wp-content\/uploads\/2025\/05\/02b_CasasAutosuficientes_CollDeNargo_WP05.webp","width":1024,"height":748,"caption":"Casas rurales autosuficientes: La Pegatera (Coll de Narg\u00f3, Lleida)."},{"@type":"BreadcrumbList","@id":"https:\/\/www.escapadarural.com\/blog\/ocupacion-turismo-rural-diciembre\/#breadcrumb","itemListElement":[{"@type":"ListItem","position":1,"name":"Inicio","item":"https:\/\/www.escapadarural.com\/blog\/"},{"@type":"ListItem","position":2,"name":"Noticias","item":"https:\/\/www.escapadarural.com\/blog\/categoria\/noticias\/"},{"@type":"ListItem","position":3,"name":"Fin de a\u00f1o y Nochebuena impulsan el turismo rural en diciembre"}]},{"@type":"WebSite","@id":"https:\/\/www.escapadarural.com\/blog\/#website","url":"https:\/\/www.escapadarural.com\/blog\/","name":"Blog de viajes | turismo rural, alojamientos e inspiraci\u00f3n","description":"Alojamientos rurales e inspiraci\u00f3n para tus escapadas","publisher":{"@id":"https:\/\/www.escapadarural.com\/blog\/#organization"},"alternateName":"Magazine de viajes de EscapadaRural","potentialAction":[{"@type":"SearchAction","target":{"@type":"EntryPoint","urlTemplate":"https:\/\/www.escapadarural.com\/blog\/?s={search_term_string}"},"query-input":{"@type":"PropertyValueSpecification","valueRequired":true,"valueName":"search_term_string"}}],"inLanguage":"es"},{"@type":"Organization","@id":"https:\/\/www.escapadarural.com\/blog\/#organization","name":"EscapadaRural","url":"https:\/\/www.escapadarural.com\/blog\/","logo":{"@type":"ImageObject","inLanguage":"es","@id":"https:\/\/www.escapadarural.com\/blog\/#\/schema\/logo\/image\/","url":"https:\/\/www.escapadarural.com\/blog\/wp-content\/uploads\/2024\/10\/cropped-cropped-escapada-rural-icon-mag-3.png","contentUrl":"https:\/\/www.escapadarural.com\/blog\/wp-content\/uploads\/2024\/10\/cropped-cropped-escapada-rural-icon-mag-3.png","width":512,"height":512,"caption":"EscapadaRural"},"image":{"@id":"https:\/\/www.escapadarural.com\/blog\/#\/schema\/logo\/image\/"},"sameAs":["https:\/\/www.facebook.com\/escapadarural","https:\/\/www.instagram.com\/escapadarural\/","https:\/\/www.youtube.com\/@escapadaruralcom"]},{"@type":"Person","@id":"https:\/\/www.escapadarural.com\/blog\/#\/schema\/person\/bd5b0d7ad308a0bf4efed73e8308b4fa","name":"Redacci\u00f3n ER","image":{"@type":"ImageObject","inLanguage":"es","@id":"https:\/\/www.escapadarural.com\/blog\/wp-content\/uploads\/2024\/10\/cropped-cropped-escapada-rural-icon-mag-3-96x96.png","url":"https:\/\/www.escapadarural.com\/blog\/wp-content\/uploads\/2024\/10\/cropped-cropped-escapada-rural-icon-mag-3-96x96.png","contentUrl":"https:\/\/www.escapadarural.com\/blog\/wp-content\/uploads\/2024\/10\/cropped-cropped-escapada-rural-icon-mag-3-96x96.png","caption":"Redacci\u00f3n ER"},"description":"Nos encanta inspirar a viajeros y ayudar a los propietarios con nuestros contenidos","url":"https:\/\/www.escapadarural.com\/blog\/autor\/admin\/"}]}},"_links":{"self":[{"href":"https:\/\/www.escapadarural.com\/blog\/wp-json\/wp\/v2\/posts\/56361","targetHints":{"allow":["GET"]}}],"collection":[{"href":"https:\/\/www.escapadarural.com\/blog\/wp-json\/wp\/v2\/posts"}],"about":[{"href":"https:\/\/www.escapadarural.com\/blog\/wp-json\/wp\/v2\/types\/post"}],"author":[{"embeddable":true,"href":"https:\/\/www.escapadarural.com\/blog\/wp-json\/wp\/v2\/users\/85"}],"replies":[{"embeddable":true,"href":"https:\/\/www.escapadarural.com\/blog\/wp-json\/wp\/v2\/comments?post=56361"}],"version-history":[{"count":0,"href":"https:\/\/www.escapadarural.com\/blog\/wp-json\/wp\/v2\/posts\/56361\/revisions"}],"wp:featuredmedia":[{"embeddable":true,"href":"https:\/\/www.escapadarural.com\/blog\/wp-json\/wp\/v2\/media\/201137"}],"wp:attachment":[{"href":"https:\/\/www.escapadarural.com\/blog\/wp-json\/wp\/v2\/media?parent=56361"}],"wp:term":[{"taxonomy":"category","embeddable":true,"href":"https:\/\/www.escapadarural.com\/blog\/wp-json\/wp\/v2\/categories?post=56361"},{"taxonomy":"post_tag","embeddable":true,"href":"https:\/\/www.escapadarural.com\/blog\/wp-json\/wp\/v2\/tags?post=56361"}],"curies":[{"name":"wp","href":"https:\/\/api.w.org\/{rel}","templated":true}]}}