{"id":56497,"date":"2024-01-26T09:11:09","date_gmt":"2024-01-26T08:11:09","guid":{"rendered":"https:\/\/www.escapadarural.com\/blog\/?p=56497"},"modified":"2025-02-27T13:32:11","modified_gmt":"2025-02-27T11:32:11","slug":"montanana-pueblo-huesca-edad-media","status":"publish","type":"post","link":"https:\/\/www.escapadarural.com\/blog\/montanana-pueblo-huesca-edad-media\/","title":{"rendered":"Monta\u00f1ana, un pueblo congelado en la Edad Media"},"content":{"rendered":"\n<p>Incluso en el tema de la despoblaci\u00f3n siempre hay una excepci\u00f3n que confirma la norma. Para un pueblo, pasar a formar parte de lo que se conoce \u2018Espa\u00f1a vaciada\u2019 no tiene por qu\u00e9 ser sin\u00f3nimo de abandono. Aunque ya no sea una localidad habitada, hay otras formas de conservar su legado hist\u00f3rico, como es el caso de <strong>Monta\u00f1ana<\/strong>. Asentado en la comarca de la <a href=\"https:\/\/www.escapadarural.com\/casas-rurales\/la-ribagorza\">Ribagorza<\/a><strong>,<\/strong> en <a href=\"https:\/\/www.escapadarural.com\/casas-rurales\/huesca\">Huesca<\/a>, caminar por sus calles supone un trasunto de viaje en el tiempo, en concreto, a la Edad Media. Los admiradores de dicho periodo, que no son pocos, disfrutar\u00e1n como ni\u00f1os en un parque de atracciones.<\/p>\n\n\n\n<figure class=\"wp-block-image size-large\"><a href=\"https:\/\/www.escapadarural.com\/blog\/wp-content\/uploads\/8724434164_8c1a6d1c14_k.jpg\"><img decoding=\"async\" src=\"https:\/\/www.escapadarural.com\/blog\/wp-content\/uploads\/2024\/10\/8724434164_8c1a6d1c14_k-1024x768-1.jpg\" alt=\"Monta\u00f1ana\" class=\"wp-image-57879\"\/><\/a><figcaption class=\"wp-element-caption\">Monta\u00f1ana. Por <a href=\"https:\/\/www.flickr.com\/photos\/rubira\/8724434164\/in\/photostream\/\" target=\"_blank\" rel=\"noreferrer noopener nofollow\">Miguel Rubira Garc\u00eda<\/a><\/figcaption><\/figure>\n\n\n\n<p>La <strong>historia de Monta\u00f1ana se remonta a finales del siglo X<\/strong> o, al menos, es la primera referencia al pueblo que se ha encontrado en el cartulario de Ala\u00f3n (se trata de una colecci\u00f3n de documentos referentes al monasterio de Santa Mar\u00eda y San Pedro de Ala\u00f3n, situado tambi\u00e9n en Ribagorza, escritos entre el siglo IV y el XIII). En concreto se\u00f1ala la existencia del castro cristiano de Monta\u00f1ana, que con el discurrir de la historia fue ganando en importancia. Seg\u00fan cuenta Jos\u00e9 Luis Ac\u00edn en <em>Monta\u00f1ana, enclave medieval<\/em> (Prames, 2014):<\/p>\n\n\n\n<p>\u201cCon los reyes de la Corona de Arag\u00f3n el castro de Monta\u00f1ana represent\u00f3 un destacado papel; y a ello se debe el que a sus tenentes Berenguer de Monta\u00f1ana y esposa Felisa les fuese encomendado el de Lumberre (o Lumbier) cerca de Graus, por Alfonso II, en 1177, declar\u00e1ndose su protector\u201d. Siglo a siglo el pueblo fue ganando importancia: \u201cEsta situaci\u00f3n alcista, de gran relevancia, se mantuvo hasta finales del XV e inicios del XVI, es decir, hasta los postreros instantes de la Edad Media y los que daban comienzo a la Moderna\u201d.<\/p>\n\n\n\n<figure class=\"wp-block-image size-large\"><a href=\"https:\/\/www.escapadarural.com\/blog\/wp-content\/uploads\/2024\/10\/Montanana_8679351658-1024x683-1.jpg\"><img decoding=\"async\" src=\"https:\/\/www.escapadarural.com\/blog\/wp-content\/uploads\/2024\/10\/Montanana_8679351658-1024x683-1.jpg\" alt=\"Monta\u00f1ana \" class=\"wp-image-57875\"\/><\/a><figcaption class=\"wp-element-caption\">Monta\u00f1ana . Por Juanedc<\/figcaption><\/figure>\n\n\n\n<p>Desde entonces y hasta mediados del siglo XX, que fue cuando tuvo lugar su <strong>declive total<\/strong>, Monta\u00f1ana fue perdiendo poco a poco a sus habitantes, que se fueron instalando en Puente de Monta\u00f1ana hasta que la aldea original qued\u00f3 casi deshabitada. Uno de los grandes motivos del \u00e9xodo definitivo fue el desempleo que gener\u00f3 el final de las obras hidroel\u00e9ctricas de la zona, ya que los vecinos tuvieron que ir a ganarse el sueldo a otra parte.<\/p>\n\n\n\n<p>Pero pese a todo, sus monumentos y los detalles urban\u00edsticos que lo identifican como pueblo medieval siguen manteni\u00e9ndose, sobre todo desde que<strong> <\/strong>en 1984 el gobierno de Arag\u00f3n le concedi\u00f3 el t\u00edtulo de<strong> Conjunto Monumental<\/strong>. En 1997 se empezaron con los trabajos de restauraci\u00f3n con el apuntalamiento de la iglesia de Bald\u00f3s y de la ermita de San Juan. Desde el 2014, la Fundaci\u00f3n Monta\u00f1ana Medieval \u2013en la que intervienen entidades p\u00fablicas y privadas\u2013 se encarga del mantenimiento, promoci\u00f3n y puesta en valor de la localidad.&nbsp;<\/p>\n\n\n\n<h2 class=\"wp-block-heading\" id=\"h-como-y-que-ver-en-montanana\"><strong>C\u00f3mo y qu\u00e9 ver en Monta\u00f1ana<\/strong><\/h2>\n\n\n\n<figure class=\"wp-block-image size-large\"><a href=\"https:\/\/www.escapadarural.com\/blog\/wp-content\/uploads\/Montanana_Puente_de_Montanana_4842-scaled.jpg\"><img decoding=\"async\" src=\"https:\/\/www.escapadarural.com\/blog\/wp-content\/uploads\/2024\/10\/Montanana_Puente_de_Montanana_4842-683x1024-1.jpg\" alt=\"Puente de Monta\u00f1ana\" class=\"wp-image-57882\"\/><\/a><figcaption class=\"wp-element-caption\">Puente de Monta\u00f1ana. Por Reinhardhauke <\/figcaption><\/figure>\n\n\n\n<p>Lo mejor para conocer el pueblo es escoger alguna de <strong>las visitas guiadas<\/strong> que se realizan durante todo el a\u00f1o. Se pueden realizar varios itinerarios que van m\u00e1s all\u00e1 del propio pueblo y&nbsp;que tambi\u00e9n acercan al visitante a otros puntos de inter\u00e9s como los castillos de la comarca, el<strong> <\/strong>Camino Natural de Monfalc\u00f3 al <a href=\"https:\/\/www.escapadarural.com\/blog\/montrebei-en-kayak\/\">Congost de Mont-rebei<\/a> o el que lleva a otras localidades como<strong> Benabarre o <\/strong><a href=\"https:\/\/www.escapadarural.com\/casas-rurales?l=aren\"><strong>Ar\u00e9n<\/strong><\/a><strong>.<\/strong><\/p>\n\n\n\n<p>En Monta\u00f1ana hay varios puntos de inter\u00e9s, todos relacionados con la arquitectura, por supuesto. Uno es <strong>el puente de dos ojos<\/strong>, con gran arco central apuntado, que data del siglo XV. Cerca de \u00e9l hay otros detalles medievales como el paso abovedado por el que se entra a la plaza o los restos de los muros de un recinto. Entre las v\u00edas del pueblo hay que destacar la calle Mayor, que termina en dos casas unidas por una balconada de madera, en cuyo interior se puede comprobar c\u00f3mo era la forma de vida tradicional.<\/p>\n\n\n\n<figure class=\"wp-block-image size-large\"><a href=\"https:\/\/www.escapadarural.com\/blog\/wp-content\/uploads\/Torre_preso1-INM-HUE-004-188-004-scaled.jpg\"><img decoding=\"async\" src=\"https:\/\/www.escapadarural.com\/blog\/wp-content\/uploads\/2024\/10\/Torre_preso1-INM-HUE-004-188-004-1024x745-1.jpg\" alt=\"Torre de la C\u00e1rcel\" class=\"wp-image-57885\"\/><\/a><figcaption class=\"wp-element-caption\">Torre de la C\u00e1rcel. Por Agafamans<\/figcaption><\/figure>\n\n\n\n<p>En la mencionada plaza se encuentra<strong> <\/strong>el Ayuntamiento, construido en el siglo XIX. Para su edificaci\u00f3n se aprovecharon dos capiteles y tres m\u00e9nsulas rom\u00e1nicas que pertenec\u00edan a la desaparecida ermita de San Miguel. Las antiguas murallas y sus puertas trasladan la imaginaci\u00f3n del visitante a la \u00e9poca medieval casi sin darse cuenta, sensaci\u00f3n que se acent\u00faa al ver la<strong> Torre de la C\u00e1rcel, el elemento m\u00e1s representativo<\/strong> del sistema defensivo que ten\u00eda el lugar en los siglos XV-XVI.<\/p>\n\n\n\n<p>Los monumentos m\u00e1s destacados son<strong> <\/strong>la iglesia rom\u00e1nica de Nuestra Se\u00f1ora de Bald\u00f3s, erigida entre finales del XII e inicios del XIII, que tiene una nave de b\u00f3veda apuntada, una torre adosada de principios del g\u00f3tico y en su interior se puede ver un conjunto <strong>mural pict\u00f3rico del siglo XV<\/strong>. Tambi\u00e9n est\u00e1 la ermita de San Juan, construida entre finales del XII o inicios del XIII y la<strong> Torre de la Mora, el \u00fanico elemento <\/strong>que a\u00fan queda de las construcciones del siglo XI, que constituyen el origen de Monta\u00f1ana.<\/p>\n\n\n\n<figure class=\"wp-block-image size-large\"><a href=\"https:\/\/www.escapadarural.com\/blog\/wp-content\/uploads\/AdobeStock_457747777-scaled.jpeg\"><img decoding=\"async\" src=\"https:\/\/www.escapadarural.com\/blog\/wp-content\/uploads\/2024\/10\/AdobeStock_457747777-768x1024-1.jpeg\" alt=\"Iglesia rom\u00e1nica en Monta\u00f1ana\" class=\"wp-image-57874\"\/><\/a><figcaption class=\"wp-element-caption\">Iglesia rom\u00e1nica de Monta\u00f1ana. Por Phacus<\/figcaption><\/figure>\n\n\n\n<p>Para ver una aut\u00e9ntica recreaci\u00f3n hist\u00f3rica al detalle hay que esperar a la celebraci\u00f3n de San Jorge y el Pilar, cuando se pone en marcha la iniciativa <strong>Monta\u00f1ana Historia Viva<\/strong> en la que participan diferentes entidades. As\u00ed, a trav\u00e9s de representaciones se explica c\u00f3mo se vivi\u00f3 en la villa de una manera m\u00e1s cercana incluso. Se puede comprobar c\u00f3mo trabajaban los artesanos hilanderos o carpinteros, c\u00f3mo se cobraba el impuesto por cruzar el puente o c\u00f3mo se hac\u00eda el pan y funcionaban las cocinas. Una gozada para todos los p\u00fablicos.<\/p>\n\n\n\n<figure class=\"wp-block-embed is-type-video is-provider-youtube wp-block-embed-youtube wp-embed-aspect-16-9 wp-has-aspect-ratio\"><div class=\"wp-block-embed__wrapper\">\n<span class=\"dr2oM7WgOzwJWnUU7bGLIeh3b5QgEL4GhTlrCKtlvm63V18cei0k9qfpc5jSyDwqR6y1XJ\"><div class=\"video-shortcode\"><iframe title=\"Montan\u0303ana #huesca #monta\u00f1ana\" width=\"1200\" height=\"675\" src=\"https:\/\/www.youtube.com\/embed\/XyBv5jHZSyo?feature=oembed\" frameborder=\"0\" allow=\"accelerometer; autoplay; clipboard-write; encrypted-media; gyroscope; picture-in-picture; web-share\" referrerpolicy=\"strict-origin-when-cross-origin\" allowfullscreen><\/iframe><\/div><\/span>\n<\/div><\/figure>\n\n\n\n<div class=\"wp-block-buttons is-layout-flex wp-block-buttons-is-layout-flex\">\n<div class=\"wp-block-button\"><a class=\"wp-block-button__link wp-element-button\" href=\"https:\/\/www.escapadarural.com\/casas-rurales\/la-ribagorza\">Casas rurales en La Ribagorza<\/a><\/div>\n<\/div>\n","protected":false},"excerpt":{"rendered":"<p>Monta\u00f1ana es un pueblo de la comarca de la Ribagorza que parece haberse congelado en la Edad Media. Est\u00e1 rodeado de vegetaci\u00f3n, muy cerca del popular Congost de Mont-rebei.<\/p>\n","protected":false},"author":114,"featured_media":94226,"comment_status":"open","ping_status":"open","sticky":false,"template":"","format":"standard","meta":{"_acf_changed":false,"om_disable_all_campaigns":false,"footnotes":""},"categories":[191],"tags":[6013,260,476,296,5534,4582,472,212,5591],"class_list":["post-56497","post","type-post","status-publish","format-standard","has-post-thumbnail","hentry","category-destinos","tag-que-ver-en-aragon","tag-articulo","tag-edad-media","tag-que-ver-en-huesca","tag-lo-mas-leido-en-febrero","tag-montanana","tag-pueblo-medieval","tag-pueblos","tag-ribagorza"],"acf":[],"featured_image_src":"https:\/\/www.escapadarural.com\/blog\/wp-content\/uploads\/2024\/10\/8724434164_8c1a6d1c14_k-1024x768-1.jpg","author_info":{"display_name":"Carmen L\u00f3pez","author_link":"https:\/\/www.escapadarural.com\/blog\/autor\/carmenlopez\/"},"yoast_head":"<!-- This site is optimized with the Yoast SEO plugin v27.5 - https:\/\/yoast.com\/product\/yoast-seo-wordpress\/ -->\n<title>Monta\u00f1ana, un pueblo congelado en la Edad Media - EscapadaRural<\/title>\n<meta name=\"robots\" content=\"index, follow, max-snippet:-1, max-image-preview:large, max-video-preview:-1\" \/>\n<link rel=\"canonical\" href=\"https:\/\/www.escapadarural.com\/blog\/montanana-pueblo-huesca-edad-media\/\" \/>\n<meta property=\"og:locale\" content=\"es_ES\" \/>\n<meta property=\"og:type\" content=\"article\" \/>\n<meta property=\"og:title\" content=\"Monta\u00f1ana, un pueblo congelado en la Edad Media - EscapadaRural\" \/>\n<meta property=\"og:description\" content=\"Monta\u00f1ana es un pueblo de la comarca de la Ribagorza que parece haberse congelado en la Edad Media. Est\u00e1 rodeado de vegetaci\u00f3n, muy cerca del popular Congost de Mont-rebei.\" \/>\n<meta property=\"og:url\" content=\"https:\/\/www.escapadarural.com\/blog\/montanana-pueblo-huesca-edad-media\/\" \/>\n<meta property=\"og:site_name\" content=\"Magazine de viajes de EscapadaRural\" \/>\n<meta property=\"article:publisher\" content=\"https:\/\/www.facebook.com\/escapadarural\" \/>\n<meta property=\"article:published_time\" content=\"2024-01-26T08:11:09+00:00\" \/>\n<meta property=\"article:modified_time\" content=\"2025-02-27T11:32:11+00:00\" \/>\n<meta property=\"og:image\" content=\"https:\/\/www.escapadarural.com\/blog\/wp-content\/uploads\/2024\/10\/8724434164_8c1a6d1c14_k-1024x768-1.jpg\" \/>\n\t<meta property=\"og:image:width\" content=\"1024\" \/>\n\t<meta property=\"og:image:height\" content=\"768\" \/>\n\t<meta property=\"og:image:type\" content=\"image\/jpeg\" \/>\n<meta name=\"author\" content=\"Carmen L\u00f3pez\" \/>\n<meta name=\"twitter:card\" content=\"summary_large_image\" \/>\n<meta name=\"twitter:label1\" content=\"Escrito por\" \/>\n\t<meta name=\"twitter:data1\" content=\"Carmen L\u00f3pez\" \/>\n\t<meta name=\"twitter:label2\" content=\"Tiempo de lectura\" \/>\n\t<meta name=\"twitter:data2\" content=\"6 minutos\" \/>\n<script type=\"application\/ld+json\" class=\"yoast-schema-graph\">{\"@context\":\"https:\\\/\\\/schema.org\",\"@graph\":[{\"@type\":\"Article\",\"@id\":\"https:\\\/\\\/www.escapadarural.com\\\/blog\\\/montanana-pueblo-huesca-edad-media\\\/#article\",\"isPartOf\":{\"@id\":\"https:\\\/\\\/www.escapadarural.com\\\/blog\\\/montanana-pueblo-huesca-edad-media\\\/\"},\"author\":{\"name\":\"Carmen L\u00f3pez\",\"@id\":\"https:\\\/\\\/www.escapadarural.com\\\/blog\\\/#\\\/schema\\\/person\\\/42dfdff6118172efc6a04c8ae599a2ce\"},\"headline\":\"Monta\u00f1ana, un pueblo congelado en la Edad Media\",\"datePublished\":\"2024-01-26T08:11:09+00:00\",\"dateModified\":\"2025-02-27T11:32:11+00:00\",\"mainEntityOfPage\":{\"@id\":\"https:\\\/\\\/www.escapadarural.com\\\/blog\\\/montanana-pueblo-huesca-edad-media\\\/\"},\"wordCount\":1008,\"commentCount\":1,\"publisher\":{\"@id\":\"https:\\\/\\\/www.escapadarural.com\\\/blog\\\/#organization\"},\"image\":{\"@id\":\"https:\\\/\\\/www.escapadarural.com\\\/blog\\\/montanana-pueblo-huesca-edad-media\\\/#primaryimage\"},\"thumbnailUrl\":\"https:\\\/\\\/www.escapadarural.com\\\/blog\\\/wp-content\\\/uploads\\\/2024\\\/10\\\/8724434164_8c1a6d1c14_k-1024x768-1.jpg\",\"keywords\":[\"Arag\u00f3n\",\"art\u00edculo\",\"Edad Media\",\"Huesca\",\"Los mejores planes para febrero\",\"Monta\u00f1ana\",\"pueblo medieval\",\"pueblos\",\"ribagorza\"],\"articleSection\":[\"Destinos\"],\"inLanguage\":\"es\",\"potentialAction\":[{\"@type\":\"CommentAction\",\"name\":\"Comment\",\"target\":[\"https:\\\/\\\/www.escapadarural.com\\\/blog\\\/montanana-pueblo-huesca-edad-media\\\/#respond\"]}]},{\"@type\":\"WebPage\",\"@id\":\"https:\\\/\\\/www.escapadarural.com\\\/blog\\\/montanana-pueblo-huesca-edad-media\\\/\",\"url\":\"https:\\\/\\\/www.escapadarural.com\\\/blog\\\/montanana-pueblo-huesca-edad-media\\\/\",\"name\":\"Monta\u00f1ana, un pueblo congelado en la Edad Media - EscapadaRural\",\"isPartOf\":{\"@id\":\"https:\\\/\\\/www.escapadarural.com\\\/blog\\\/#website\"},\"primaryImageOfPage\":{\"@id\":\"https:\\\/\\\/www.escapadarural.com\\\/blog\\\/montanana-pueblo-huesca-edad-media\\\/#primaryimage\"},\"image\":{\"@id\":\"https:\\\/\\\/www.escapadarural.com\\\/blog\\\/montanana-pueblo-huesca-edad-media\\\/#primaryimage\"},\"thumbnailUrl\":\"https:\\\/\\\/www.escapadarural.com\\\/blog\\\/wp-content\\\/uploads\\\/2024\\\/10\\\/8724434164_8c1a6d1c14_k-1024x768-1.jpg\",\"datePublished\":\"2024-01-26T08:11:09+00:00\",\"dateModified\":\"2025-02-27T11:32:11+00:00\",\"breadcrumb\":{\"@id\":\"https:\\\/\\\/www.escapadarural.com\\\/blog\\\/montanana-pueblo-huesca-edad-media\\\/#breadcrumb\"},\"inLanguage\":\"es\",\"potentialAction\":[{\"@type\":\"ReadAction\",\"target\":[\"https:\\\/\\\/www.escapadarural.com\\\/blog\\\/montanana-pueblo-huesca-edad-media\\\/\"]}]},{\"@type\":\"ImageObject\",\"inLanguage\":\"es\",\"@id\":\"https:\\\/\\\/www.escapadarural.com\\\/blog\\\/montanana-pueblo-huesca-edad-media\\\/#primaryimage\",\"url\":\"https:\\\/\\\/www.escapadarural.com\\\/blog\\\/wp-content\\\/uploads\\\/2024\\\/10\\\/8724434164_8c1a6d1c14_k-1024x768-1.jpg\",\"contentUrl\":\"https:\\\/\\\/www.escapadarural.com\\\/blog\\\/wp-content\\\/uploads\\\/2024\\\/10\\\/8724434164_8c1a6d1c14_k-1024x768-1.jpg\",\"width\":1024,\"height\":768,\"caption\":\"Monta\u00f1ana, Huesca. Por Miguel Rubira Garc\u00eda\"},{\"@type\":\"BreadcrumbList\",\"@id\":\"https:\\\/\\\/www.escapadarural.com\\\/blog\\\/montanana-pueblo-huesca-edad-media\\\/#breadcrumb\",\"itemListElement\":[{\"@type\":\"ListItem\",\"position\":1,\"name\":\"Inicio\",\"item\":\"https:\\\/\\\/www.escapadarural.com\\\/blog\\\/\"},{\"@type\":\"ListItem\",\"position\":2,\"name\":\"Destinos\",\"item\":\"https:\\\/\\\/www.escapadarural.com\\\/blog\\\/categoria\\\/destinos\\\/\"},{\"@type\":\"ListItem\",\"position\":3,\"name\":\"Monta\u00f1ana, un pueblo congelado en la Edad Media\"}]},{\"@type\":\"WebSite\",\"@id\":\"https:\\\/\\\/www.escapadarural.com\\\/blog\\\/#website\",\"url\":\"https:\\\/\\\/www.escapadarural.com\\\/blog\\\/\",\"name\":\"Blog de viajes | turismo rural, alojamientos e inspiraci\u00f3n\",\"description\":\"Alojamientos rurales e inspiraci\u00f3n para tus escapadas\",\"publisher\":{\"@id\":\"https:\\\/\\\/www.escapadarural.com\\\/blog\\\/#organization\"},\"alternateName\":\"Magazine de viajes de EscapadaRural\",\"potentialAction\":[{\"@type\":\"SearchAction\",\"target\":{\"@type\":\"EntryPoint\",\"urlTemplate\":\"https:\\\/\\\/www.escapadarural.com\\\/blog\\\/?s={search_term_string}\"},\"query-input\":{\"@type\":\"PropertyValueSpecification\",\"valueRequired\":true,\"valueName\":\"search_term_string\"}}],\"inLanguage\":\"es\"},{\"@type\":\"Organization\",\"@id\":\"https:\\\/\\\/www.escapadarural.com\\\/blog\\\/#organization\",\"name\":\"EscapadaRural\",\"url\":\"https:\\\/\\\/www.escapadarural.com\\\/blog\\\/\",\"logo\":{\"@type\":\"ImageObject\",\"inLanguage\":\"es\",\"@id\":\"https:\\\/\\\/www.escapadarural.com\\\/blog\\\/#\\\/schema\\\/logo\\\/image\\\/\",\"url\":\"https:\\\/\\\/www.escapadarural.com\\\/blog\\\/wp-content\\\/uploads\\\/2024\\\/10\\\/cropped-cropped-escapada-rural-icon-mag-3.png\",\"contentUrl\":\"https:\\\/\\\/www.escapadarural.com\\\/blog\\\/wp-content\\\/uploads\\\/2024\\\/10\\\/cropped-cropped-escapada-rural-icon-mag-3.png\",\"width\":512,\"height\":512,\"caption\":\"EscapadaRural\"},\"image\":{\"@id\":\"https:\\\/\\\/www.escapadarural.com\\\/blog\\\/#\\\/schema\\\/logo\\\/image\\\/\"},\"sameAs\":[\"https:\\\/\\\/www.facebook.com\\\/escapadarural\",\"https:\\\/\\\/www.instagram.com\\\/escapadarural\\\/\",\"https:\\\/\\\/www.youtube.com\\\/@escapadaruralcom\"]},{\"@type\":\"Person\",\"@id\":\"https:\\\/\\\/www.escapadarural.com\\\/blog\\\/#\\\/schema\\\/person\\\/42dfdff6118172efc6a04c8ae599a2ce\",\"name\":\"Carmen L\u00f3pez\",\"image\":{\"@type\":\"ImageObject\",\"inLanguage\":\"es\",\"@id\":\"https:\\\/\\\/www.escapadarural.com\\\/blog\\\/wp-content\\\/uploads\\\/2024\\\/11\\\/cropped-perfil_eldiario-96x96-1-96x96.jpeg\",\"url\":\"https:\\\/\\\/www.escapadarural.com\\\/blog\\\/wp-content\\\/uploads\\\/2024\\\/11\\\/cropped-perfil_eldiario-96x96-1-96x96.jpeg\",\"contentUrl\":\"https:\\\/\\\/www.escapadarural.com\\\/blog\\\/wp-content\\\/uploads\\\/2024\\\/11\\\/cropped-perfil_eldiario-96x96-1-96x96.jpeg\",\"caption\":\"Carmen L\u00f3pez\"},\"description\":\"Soy periodista y escribo sobre cosas que importan en sitios que interesan desde hace m\u00e1s de una d\u00e9cada.\",\"url\":\"https:\\\/\\\/www.escapadarural.com\\\/blog\\\/autor\\\/carmenlopez\\\/\"}]}<\/script>\n<!-- \/ Yoast SEO plugin. -->","yoast_head_json":{"title":"Monta\u00f1ana, un pueblo congelado en la Edad Media - EscapadaRural","robots":{"index":"index","follow":"follow","max-snippet":"max-snippet:-1","max-image-preview":"max-image-preview:large","max-video-preview":"max-video-preview:-1"},"canonical":"https:\/\/www.escapadarural.com\/blog\/montanana-pueblo-huesca-edad-media\/","og_locale":"es_ES","og_type":"article","og_title":"Monta\u00f1ana, un pueblo congelado en la Edad Media - EscapadaRural","og_description":"Monta\u00f1ana es un pueblo de la comarca de la Ribagorza que parece haberse congelado en la Edad Media. Est\u00e1 rodeado de vegetaci\u00f3n, muy cerca del popular Congost de Mont-rebei.","og_url":"https:\/\/www.escapadarural.com\/blog\/montanana-pueblo-huesca-edad-media\/","og_site_name":"Magazine de viajes de EscapadaRural","article_publisher":"https:\/\/www.facebook.com\/escapadarural","article_published_time":"2024-01-26T08:11:09+00:00","article_modified_time":"2025-02-27T11:32:11+00:00","og_image":[{"width":1024,"height":768,"url":"https:\/\/www.escapadarural.com\/blog\/wp-content\/uploads\/2024\/10\/8724434164_8c1a6d1c14_k-1024x768-1.jpg","type":"image\/jpeg"}],"author":"Carmen L\u00f3pez","twitter_card":"summary_large_image","twitter_misc":{"Escrito por":"Carmen L\u00f3pez","Tiempo de lectura":"6 minutos"},"schema":{"@context":"https:\/\/schema.org","@graph":[{"@type":"Article","@id":"https:\/\/www.escapadarural.com\/blog\/montanana-pueblo-huesca-edad-media\/#article","isPartOf":{"@id":"https:\/\/www.escapadarural.com\/blog\/montanana-pueblo-huesca-edad-media\/"},"author":{"name":"Carmen L\u00f3pez","@id":"https:\/\/www.escapadarural.com\/blog\/#\/schema\/person\/42dfdff6118172efc6a04c8ae599a2ce"},"headline":"Monta\u00f1ana, un pueblo congelado en la Edad Media","datePublished":"2024-01-26T08:11:09+00:00","dateModified":"2025-02-27T11:32:11+00:00","mainEntityOfPage":{"@id":"https:\/\/www.escapadarural.com\/blog\/montanana-pueblo-huesca-edad-media\/"},"wordCount":1008,"commentCount":1,"publisher":{"@id":"https:\/\/www.escapadarural.com\/blog\/#organization"},"image":{"@id":"https:\/\/www.escapadarural.com\/blog\/montanana-pueblo-huesca-edad-media\/#primaryimage"},"thumbnailUrl":"https:\/\/www.escapadarural.com\/blog\/wp-content\/uploads\/2024\/10\/8724434164_8c1a6d1c14_k-1024x768-1.jpg","keywords":["Arag\u00f3n","art\u00edculo","Edad Media","Huesca","Los mejores planes para febrero","Monta\u00f1ana","pueblo medieval","pueblos","ribagorza"],"articleSection":["Destinos"],"inLanguage":"es","potentialAction":[{"@type":"CommentAction","name":"Comment","target":["https:\/\/www.escapadarural.com\/blog\/montanana-pueblo-huesca-edad-media\/#respond"]}]},{"@type":"WebPage","@id":"https:\/\/www.escapadarural.com\/blog\/montanana-pueblo-huesca-edad-media\/","url":"https:\/\/www.escapadarural.com\/blog\/montanana-pueblo-huesca-edad-media\/","name":"Monta\u00f1ana, un pueblo congelado en la Edad Media - EscapadaRural","isPartOf":{"@id":"https:\/\/www.escapadarural.com\/blog\/#website"},"primaryImageOfPage":{"@id":"https:\/\/www.escapadarural.com\/blog\/montanana-pueblo-huesca-edad-media\/#primaryimage"},"image":{"@id":"https:\/\/www.escapadarural.com\/blog\/montanana-pueblo-huesca-edad-media\/#primaryimage"},"thumbnailUrl":"https:\/\/www.escapadarural.com\/blog\/wp-content\/uploads\/2024\/10\/8724434164_8c1a6d1c14_k-1024x768-1.jpg","datePublished":"2024-01-26T08:11:09+00:00","dateModified":"2025-02-27T11:32:11+00:00","breadcrumb":{"@id":"https:\/\/www.escapadarural.com\/blog\/montanana-pueblo-huesca-edad-media\/#breadcrumb"},"inLanguage":"es","potentialAction":[{"@type":"ReadAction","target":["https:\/\/www.escapadarural.com\/blog\/montanana-pueblo-huesca-edad-media\/"]}]},{"@type":"ImageObject","inLanguage":"es","@id":"https:\/\/www.escapadarural.com\/blog\/montanana-pueblo-huesca-edad-media\/#primaryimage","url":"https:\/\/www.escapadarural.com\/blog\/wp-content\/uploads\/2024\/10\/8724434164_8c1a6d1c14_k-1024x768-1.jpg","contentUrl":"https:\/\/www.escapadarural.com\/blog\/wp-content\/uploads\/2024\/10\/8724434164_8c1a6d1c14_k-1024x768-1.jpg","width":1024,"height":768,"caption":"Monta\u00f1ana, Huesca. Por Miguel Rubira Garc\u00eda"},{"@type":"BreadcrumbList","@id":"https:\/\/www.escapadarural.com\/blog\/montanana-pueblo-huesca-edad-media\/#breadcrumb","itemListElement":[{"@type":"ListItem","position":1,"name":"Inicio","item":"https:\/\/www.escapadarural.com\/blog\/"},{"@type":"ListItem","position":2,"name":"Destinos","item":"https:\/\/www.escapadarural.com\/blog\/categoria\/destinos\/"},{"@type":"ListItem","position":3,"name":"Monta\u00f1ana, un pueblo congelado en la Edad Media"}]},{"@type":"WebSite","@id":"https:\/\/www.escapadarural.com\/blog\/#website","url":"https:\/\/www.escapadarural.com\/blog\/","name":"Blog de viajes | turismo rural, alojamientos e inspiraci\u00f3n","description":"Alojamientos rurales e inspiraci\u00f3n para tus escapadas","publisher":{"@id":"https:\/\/www.escapadarural.com\/blog\/#organization"},"alternateName":"Magazine de viajes de EscapadaRural","potentialAction":[{"@type":"SearchAction","target":{"@type":"EntryPoint","urlTemplate":"https:\/\/www.escapadarural.com\/blog\/?s={search_term_string}"},"query-input":{"@type":"PropertyValueSpecification","valueRequired":true,"valueName":"search_term_string"}}],"inLanguage":"es"},{"@type":"Organization","@id":"https:\/\/www.escapadarural.com\/blog\/#organization","name":"EscapadaRural","url":"https:\/\/www.escapadarural.com\/blog\/","logo":{"@type":"ImageObject","inLanguage":"es","@id":"https:\/\/www.escapadarural.com\/blog\/#\/schema\/logo\/image\/","url":"https:\/\/www.escapadarural.com\/blog\/wp-content\/uploads\/2024\/10\/cropped-cropped-escapada-rural-icon-mag-3.png","contentUrl":"https:\/\/www.escapadarural.com\/blog\/wp-content\/uploads\/2024\/10\/cropped-cropped-escapada-rural-icon-mag-3.png","width":512,"height":512,"caption":"EscapadaRural"},"image":{"@id":"https:\/\/www.escapadarural.com\/blog\/#\/schema\/logo\/image\/"},"sameAs":["https:\/\/www.facebook.com\/escapadarural","https:\/\/www.instagram.com\/escapadarural\/","https:\/\/www.youtube.com\/@escapadaruralcom"]},{"@type":"Person","@id":"https:\/\/www.escapadarural.com\/blog\/#\/schema\/person\/42dfdff6118172efc6a04c8ae599a2ce","name":"Carmen L\u00f3pez","image":{"@type":"ImageObject","inLanguage":"es","@id":"https:\/\/www.escapadarural.com\/blog\/wp-content\/uploads\/2024\/11\/cropped-perfil_eldiario-96x96-1-96x96.jpeg","url":"https:\/\/www.escapadarural.com\/blog\/wp-content\/uploads\/2024\/11\/cropped-perfil_eldiario-96x96-1-96x96.jpeg","contentUrl":"https:\/\/www.escapadarural.com\/blog\/wp-content\/uploads\/2024\/11\/cropped-perfil_eldiario-96x96-1-96x96.jpeg","caption":"Carmen L\u00f3pez"},"description":"Soy periodista y escribo sobre cosas que importan en sitios que interesan desde hace m\u00e1s de una d\u00e9cada.","url":"https:\/\/www.escapadarural.com\/blog\/autor\/carmenlopez\/"}]}},"_links":{"self":[{"href":"https:\/\/www.escapadarural.com\/blog\/wp-json\/wp\/v2\/posts\/56497","targetHints":{"allow":["GET"]}}],"collection":[{"href":"https:\/\/www.escapadarural.com\/blog\/wp-json\/wp\/v2\/posts"}],"about":[{"href":"https:\/\/www.escapadarural.com\/blog\/wp-json\/wp\/v2\/types\/post"}],"author":[{"embeddable":true,"href":"https:\/\/www.escapadarural.com\/blog\/wp-json\/wp\/v2\/users\/114"}],"replies":[{"embeddable":true,"href":"https:\/\/www.escapadarural.com\/blog\/wp-json\/wp\/v2\/comments?post=56497"}],"version-history":[{"count":0,"href":"https:\/\/www.escapadarural.com\/blog\/wp-json\/wp\/v2\/posts\/56497\/revisions"}],"wp:featuredmedia":[{"embeddable":true,"href":"https:\/\/www.escapadarural.com\/blog\/wp-json\/wp\/v2\/media\/94226"}],"wp:attachment":[{"href":"https:\/\/www.escapadarural.com\/blog\/wp-json\/wp\/v2\/media?parent=56497"}],"wp:term":[{"taxonomy":"category","embeddable":true,"href":"https:\/\/www.escapadarural.com\/blog\/wp-json\/wp\/v2\/categories?post=56497"},{"taxonomy":"post_tag","embeddable":true,"href":"https:\/\/www.escapadarural.com\/blog\/wp-json\/wp\/v2\/tags?post=56497"}],"curies":[{"name":"wp","href":"https:\/\/api.w.org\/{rel}","templated":true}]}}