{"id":56531,"date":"2023-01-26T10:23:44","date_gmt":"2023-01-26T09:23:44","guid":{"rendered":"https:\/\/www.escapadarural.com\/blog\/?p=56531"},"modified":"2026-02-17T17:19:18","modified_gmt":"2026-02-17T16:19:18","slug":"con-los-trogloditas-de-gran-canaria","status":"publish","type":"post","link":"https:\/\/www.escapadarural.com\/blog\/con-los-trogloditas-de-gran-canaria\/","title":{"rendered":"Con los trogloditas de Gran Canaria"},"content":{"rendered":"\n<p><em>Muchos vecinos de la Cumbre, la zona central y elevada de la isla de Gran Canaria,\u00a0 siguen viviendo en las cuevas que excavaron los abor\u00edgenes en las murallas volc\u00e1nicas. Ellos nos gu\u00edan por este mundo antiguo y actual de pueblos subterr\u00e1neos, con sus santuarios rupestres, observatorios solares y hasta una especie de sala de cine prehist\u00f3rica.\u00a0<\/em><\/p>\n\n\n\n<hr class=\"wp-block-separator has-alpha-channel-opacity\"\/>\n\n\n\n<p>El Hornillo es un pueblo de cuevas excavadas en una pared volc\u00e1nica que se va desmigajando. Cuelgan 750 metros sobre el nivel del mar, que reluce all\u00e1 al fondo, en la desembocadura del barranco verde de Agaete.&nbsp;<\/p>\n\n\n\n<p>\u2014A m\u00ed no me suena que ning\u00fan vecino haya muerto aplastado por un derrumbe \u2014me dice Nicola\u2014. Despe\u00f1ados s\u00ed. Una se\u00f1ora estaba trabajando en su huerta ah\u00ed arriba, en ese and\u00e9n, y el burro la tir\u00f3 hasta el fondo.<\/p>\n\n\n\n<p>\u2014Vaya.<\/p>\n\n\n\n<p>En <a href=\"https:\/\/www.escapadarural.com\/casas-rurales\/islas-canarias\" target=\"_blank\" rel=\"noreferrer noopener\">Gran Canaria<\/a> llaman andenes a las estrechas repisas de los barrancos, donde los vecinos cultivaban sus hortalizas o soltaban las cabras para que pastaran. Aqu\u00ed las cabras se andenan.<\/p>\n\n\n\n<p>\u2014Hubo otros casos \u2014sigue Nicola\u2014. Una boda de sangre. Una boda de hace cien a\u00f1os, en la cueva m\u00e1s alta del pueblo. \u00bfVes all\u00e1 arriba, una fila de cuevas encaladas? Las llaman el Campanario, porque son las m\u00e1s altas. Pues all\u00ed celebraron la boda. Parece que bebieron mucho, hubo una pelea, un chico se cay\u00f3 por el barranco y lo encontraron con la cabeza destrozada. Acusaron a otros dos chicos de haberlo tirado, los metieron en la c\u00e1rcel pero al final los soltaron, parece que no hab\u00edan sido ellos, o que hab\u00eda sido un accidente. Ah, bueno, y luego est\u00e1 lo del coche que cay\u00f3 del cielo.<\/p>\n\n\n\n<figure class=\"wp-block-image size-large\"><img decoding=\"async\" src=\"https:\/\/www.escapadarural.com\/blog\/wp-content\/uploads\/2024\/10\/IMG_20221114_085524-1024x768-1.jpg\" alt=\"El Hornillo es un pueblo de cuevas excavadas en lo alto del barranco de Agaete, con los trogloditas de Gran Canaria\" class=\"wp-image-57626\"\/><figcaption class=\"wp-element-caption\">El Hornillo es un pueblo de cuevas excavadas en lo alto del barranco de Agaete. Por Ander Izagirre<\/figcaption><\/figure>\n\n\n\n<p>Paseo por este poblado troglodita en el que <strong>a\u00fan viven quince personas<\/strong>. Solo seis permanecen aqu\u00ed arriba todo el a\u00f1o. Los abor\u00edgenes canarios excavaron docenas de cuevas en esta pared vertical, de toba volc\u00e1nica ocre que se deshace entre las manos, y algunas a\u00fan se utilizan como viviendas. La mayor\u00eda est\u00e1n abandonadas, medio ocultas por matorrales y derrumbes, llenas de cajas de pl\u00e1stico, chapas oxidadas, somieres retorcidos, un frigor\u00edfico despanzurrado. El Hornillo tuvo trescientos habitantes a mediados del siglo XX. Los pocos que a\u00fan resisten aqu\u00ed, todo el a\u00f1o o por temporadas, aprovecharon los m\u00ednimos resaltes del barranco para construirse extensiones en la boca de sus cuevas: una estrecha terraza con barandilla, una p\u00e9rgola, incluso alguna casita exenta, blanca, reluciente, con espacio para una sala y una cocina, pero con los dormitorios prehisp\u00e1nicos siempre frescos en la entra\u00f1a del volc\u00e1n.<\/p>\n\n\n\n<p>La \u00fanica calle es un sendero enlosado con barandilla que serpentea de cueva en cueva, entre el precipicio y el pared\u00f3n amenazante con sus extraplomados y sus huecos de derrumbes que parecen recientes. Llego a una modesta casa blanca: la de Carmita Guill\u00e9n, donde aterriz\u00f3 el coche ca\u00eddo del cielo. En los d\u00edas anteriores alguien not\u00f3 que un hombre daba vueltas con su todoterreno Mitsubishi por la parte alta de la monta\u00f1a, justo encima de El Hornillo, y despu\u00e9s dedujeron que estaba eligiendo el sitio para saltar: pues menuda punter\u00eda. \u201cEl coche salt\u00f3 cincuenta metros desde lo alto del risco\u201d, cont\u00f3 Carmita Guill\u00e9n a sus 89 a\u00f1os, en una entrevista que le hizo el diario <em>La Provincia<\/em> en 2002. \u201cEntr\u00f3 zumbando y me cay\u00f3 en la puerta del ba\u00f1o. Yo estaba acurrucada en la alcoba, gracias a Dios, porque si veo a aquel hombre me desalo\u201d. Tuvieron que recoger el cuerpo destrozado y desguazar el todoterreno para sacarlo de all\u00ed. Carmita dec\u00eda que a\u00fan ten\u00eda \u201clos hierros\u201d guardados en una cueva.<\/p>\n\n\n\n<p>El sendero termina, se disuelve en una trocha que baja hacia el fondo del barranco, y yo ya me vuelvo al refugio. Son las diez de la ma\u00f1ana, no veo a nadie, me ladra un perro atado. A las cuatro de la tarde, cuando yo ya no est\u00e9 aqu\u00ed, se desprender\u00e1n unos pe\u00f1ascos que bloquear\u00e1n el camino, romper\u00e1n la barandilla y caer\u00e1n veinte metros hasta el cauce de un arroyo.<\/p>\n\n\n\n<p>\u2014Es el cuarto derrumbe en seis meses \u2014me explicar\u00e1 Nicola\u2014. Hemos hablado con las autoridades, les hemos pedido un estudio geol\u00f3gico para ver la estabilidad del risco, que pongan alguna contenci\u00f3n, porque si no el pueblo va a desaparecer definitivamente. Ya has visto todo lo que han hecho, \u00bfno?<\/p>\n\n\n\n<p>Me indica una se\u00f1al que plantaron en el inicio del camino: peligro por derrumbes.<\/p>\n\n\n\n<h2 class=\"wp-block-heading\" id=\"h-como-guirres-vivis\"><strong>Como guirres viv\u00eds<\/strong><\/h2>\n\n\n\n<figure class=\"wp-block-image size-large\"><img decoding=\"async\" src=\"https:\/\/www.escapadarural.com\/blog\/wp-content\/uploads\/2023\/01\/IMG_20221116_162830-1024x768-1.jpg\" alt=\"La Cumbre de Gran Canaria est\u00e1 perforada por un complejo sistema de cuevas abor\u00edgenes: viviendas, graneros, establos, templos\u2026\" class=\"wp-image-57628\"\/><figcaption class=\"wp-element-caption\">La Cumbre de Gran Canaria est\u00e1 perforada por un complejo sistema de cuevas abor\u00edgenes: viviendas, graneros, establos, templos\u2026 Por Ander Izagirre.<\/figcaption><\/figure>\n\n\n\n<p>Hace m\u00e1s de cien a\u00f1os, un ni\u00f1o baj\u00f3 los nueve kil\u00f3metros de barranco hasta el pueblo costero de Agaete,&nbsp; al que pertenecen las cuevas, para pedirle al cura que subiera a administrar los santos sacramentos a su abuelo moribundo. El cura era un catal\u00e1n, don Juan Valls y Roca, que hab\u00eda pedido el traslado a las Canarias creyendo que aqu\u00ed se le mejorar\u00eda la tuberculosis. Los habitantes de El Hornillo lo reclamaban de vez en cuando, al menos para dar la comuni\u00f3n y confesar a los enfermos, y a \u00e9l no le hac\u00eda ninguna gracia trepar por aquellos riscos, pero esta vez acept\u00f3: no pod\u00eda dejar de asistir a un alma en su camino hacia el Se\u00f1or. As\u00ed que el cura sali\u00f3 de Agaete, detr\u00e1s de un monaguillo que iba tocando la campanilla para advertir del paso del Santo Vi\u00e1tico. Subieron por el fondo del valle, dejaron atr\u00e1s El Sao, el \u00faltimo barrio de casas campesinas, treparon por senderos escarpados hacia la base del murall\u00f3n volc\u00e1nico y el cura pregunt\u00f3, mosqueado, d\u00f3nde viv\u00eda el moribundo. El ni\u00f1o se\u00f1al\u00f3 las bocas de las cuevas encaladas, all\u00e1 arriba, abiertas en la pared. Y el cura se neg\u00f3 a seguir.&nbsp; Lanz\u00f3 su bendici\u00f3n hacia las alturas y dijo:<\/p>\n\n\n\n<p>\u2014\u00a1Como guirres viv\u00eds\u2026<\/p>\n\n\n\n<p>(Los guirres son los <a href=\"https:\/\/www.escapadarural.com\/blog\/el-hombre-buitre\/\" target=\"_blank\" rel=\"noreferrer noopener\">alimoches<\/a>, aves rapaces ya extinguidas en Gran Canaria).<\/p>\n\n\n\n<p>\u2014&#8230;y como guirres mor\u00eds!<\/p>\n\n\n\n<p>Si viv\u00edan como guirres, no era por capricho.<\/p>\n\n\n\n<p>\u2014Aqu\u00ed los terratenientes se quedaron con los mejores terrenos de los valles y los campesinos tuvieron que buscarse la vida en los barrancos \u2014dice Nicola, un hombre en la cincuentena, alto, espigado, con gafas y pelo canoso revuelto, un amante de las letras y las monta\u00f1as, de frases cortas y silencios largos.<\/p>\n\n\n\n<p>Nicola Baccino es genov\u00e9s, como aquellos comerciantes que vinieron a las islas Canarias hace cinco siglos a buscar la orchilla: el <a href=\"https:\/\/es.wikipedia.org\/wiki\/Liquen#:~:text=Un%20liquen%20tradicionalmente%20se%20define,el%20hospedero%20o%20ex%2Dhabitante.\" target=\"_blank\" rel=\"noreferrer noopener\">liquen<\/a> del que se obten\u00eda un tinte violeta muy apreciado por las f\u00e1bricas textiles europeas. \u00c9l lleg\u00f3 al interior de esta isla en 2013, qued\u00f3 seducido por el paisaje y los latidos de un mundo antiguo en v\u00edas de extinci\u00f3n y en 2016 obtuvo la concesi\u00f3n de un edificio de dos pisos en el borde del barranco: la vieja escuela unitaria, en la que estudiaban los ni\u00f1os y ni\u00f1as de todas las edades de El Hornillo, cuando en El Hornillo hab\u00eda ni\u00f1as y ni\u00f1os. A principios de los a\u00f1os 80 dej\u00f3 de haberlos y la escuela cerr\u00f3. Baccino la ha convertido en <strong>un refugio<\/strong> agradable. Y ha querido conservar su memoria: en las paredes de la sala cuelgan fotos en blanco y negro de ni\u00f1os que se afanan en un pupitre de madera junto a un globo terr\u00e1queo, de las mujeres que bajaban descalzas hasta la costa con una docena de tinajas de loza amarradas a la cabeza, como insectos mitol\u00f3gicos, para trucarlas por telas o sardinas.&nbsp;<\/p>\n\n\n\n<p>\u2014Ahora la vida en este pueblo es una maravilla \u2014me dice Pilar, una de las ni\u00f1as que posa en las fotos escolares de hace sesenta o setenta a\u00f1os, y que se me aparece, ya en color, en la puerta de una casita exenta junto al refugio\u2014. Aqu\u00ed no nos enteramos de nada. Lo poco que vemos por la tele y nada m\u00e1s.<\/p>\n\n\n\n<p>En realidad ya hace mucho que Pilar se mud\u00f3 con su marido a Santa Br\u00edgida, un pueblo en el este de la isla, en busca de trabajo, escuelas, servicios. Pero mantienen esta casa familiar en el barranco y vienen a pasar temporadas largas. Sobre todo en la pandemia, cuando hasta aqu\u00ed no llegaba el mundo.<\/p>\n\n\n\n<p>\u2014Usted ve ahora todo esto vac\u00edo de gente, pero cuando yo era ni\u00f1a, \u00a1buenooo\u2026! Entonces las familias no ten\u00edan un hijo o dos, \u00bfeh? Nosotros \u00e9ramos once hermanos. Viv\u00edamos en aquella cueva, \u00bfla ve usted, aquella de arriba? No, m\u00e1s arriba, m\u00e1s arriba. \u00bfLa ve? \u00bfS\u00ed? Pues en aquellos tiempos estaban todas las cuevas llenas de familias numerosas. Imag\u00ednese.&nbsp;<\/p>\n\n\n\n<p>\u2014\u00bfY de qu\u00e9 viv\u00edan?<\/p>\n\n\n\n<p>\u2014De las huertas. Ahora los bancales est\u00e1n tapados de ca\u00f1as y maleza, pero entonces estaba todo cultivado hasta el \u00faltimo cent\u00edmetro. Tambi\u00e9n se trabajaba para otros, en la construcci\u00f3n de las presas o en la zafra del tomate. Y sobre todo viv\u00edamos de la pinocha.<\/p>\n\n\n\n<p>La <strong>pinocha <\/strong>es la hoja seca de los pinos, que alfombra los pinares, y que era muy demandada para rellenar las cajas de pl\u00e1tanos que se exportaban desde las Canarias, para acolcharlos y protegerlos. Tambi\u00e9n la usaban para el relleno de los colchones. Cuando dej\u00f3 de emplearse, las familias perdieron buena parte de sus ingresos y en los a\u00f1os 70 emigraron a las ciudades costeras, a trabajar en la construcci\u00f3n y el turismo. Caminaron barranco abajo, porque carretera no hab\u00eda, y dejaron atr\u00e1s una aldea troglodita sin agua corriente ni electricidad. Los ni\u00f1os desaparecieron. La escuela cerr\u00f3.&nbsp;<\/p>\n\n\n\n<p>Ahora solo quedan esos seis vecinos permanentes, seis corazones que dan los pen\u00faltimos latidos de una cultura aborigen que se refugi\u00f3 en estas cuevas durante mil quinientos o dos mil a\u00f1os. El arque\u00f3logo <a href=\"https:\/\/www.holaislascanarias.com\/experiencias\/julio-cuenca-la-historia-de-los-antiguos-canarios-nos-ayuda-a-entender-la-nuestra\/\" target=\"_blank\" rel=\"noreferrer noopener nofollow\">Julio Cuenca<\/a>, descubridor de sus huellas m\u00e1s conmovedoras, cree que m\u00e1s.&nbsp;<\/p>\n\n\n\n<h2 class=\"wp-block-heading\" id=\"h-el-templo-perdido-de-los-canarios\">El templo perdido de los canarios<\/h2>\n\n\n\n<p>A mediados de los a\u00f1os 90, Cuenca visit\u00f3 un conjunto de cuevas artificiales en Barranco Hondo, a solo dos kil\u00f3metros de El Hornillo. Las hab\u00edan construido los abor\u00edgenes canarios y se hab\u00edan utilizado durante siglos como viviendas, establos, graneros, pajares, hasta que las abandonaron alrededor de 1950. En esa \u00e9poca los vecinos notaron que el risco ced\u00eda, las puertas de las cuevas ya no cerraban, las paredes se mov\u00edan, aumentaban los derrumbes. En la zona todav\u00eda se cuenta la historia nebulosa de una familia sepultada hace muchos a\u00f1os, unos dicen que nunca pudieron rescatarlos y que all\u00ed deben de seguir sus huesos, otros dicen que s\u00ed recuperaron los cad\u00e1veres; hay quien habla de una ni\u00f1a que se qued\u00f3 castigada en la cueva y de la madre desesperada cuando volvi\u00f3 y se encontr\u00f3 con el risco derruido. Una de las \u00faltimas vecinas sigui\u00f3 guardando sus cabras en una cueva: un d\u00eda fue a atenderlas y muri\u00f3 aplastada por un desprendimiento. El arque\u00f3logo Cuenca cont\u00f3 veinti\u00fan cuevas artificiales en ese paraje que por algo se llama Risco Ca\u00eddo.<\/p>\n\n\n\n<p>Las investig\u00f3 durante a\u00f1os y una de ellas le llam\u00f3 mucho la atenci\u00f3n. Un campesino la usaba como pajar para su caballo, estaba llena de pasto seco, pero le pareci\u00f3 que en \u00e9pocas remotas debi\u00f3 de cumplir alguna funci\u00f3n m\u00e1s misteriosa. Presentaba una forma ins\u00f3lita: era una cueva de planta circular rematada por una b\u00f3veda exquisitamente tallada. En el suelo encontr\u00f3 las habituales cazoletas (huecos perforados) en las que los abor\u00edgenes derramaban leche de cabra y manteca durante los rituales. Cuenca tambi\u00e9n descubri\u00f3 un friso de tri\u00e1ngulos equil\u00e1teros invertidos (los tri\u00e1ngulos p\u00fabicos que aparecen como s\u00edmbolo de fertilidad en muchos templos rupestres de las Canarias). Lo m\u00e1s curioso es que estaban grabados en una pared donde incid\u00edan los rayos del sol en algunas \u00e9pocas del a\u00f1o, a trav\u00e9s de un conducto estrecho que los antiguos constructores hab\u00edan horadado en la parte alta de la cueva. En 2009 Cuenca tuvo una intuici\u00f3n. En <a href=\"https:\/\/www.escapadarural.com\/blog\/el-tunel-de-valdealgorfa-teruel-por-donde-cruza-el-sol\/\" target=\"_blank\" rel=\"noreferrer noopener\">el solsticio de verano<\/a>, asisti\u00f3 al amanecer en el interior de la cueva y se qued\u00f3 maravillado: un rayo solar penetr\u00f3 por el orificio, ilumin\u00f3 la pared, fue bajando poco a poco durante un par de horas, hasta que entr\u00f3 en uno de los tri\u00e1ngulos p\u00fabicos por su muesca central, lo ba\u00f1\u00f3 de luz durante unos minutos y se apag\u00f3.<\/p>\n\n\n\n<p>Entendi\u00f3 que estaba ante un calendario astron\u00f3mico: la cueva redondeada, el conducto de la luz y los grabados estaban dise\u00f1ados de tal manera que los abor\u00edgenes sab\u00edan, al ver aquella vulva simb\u00f3lica inundada de luz, que ya era el solsticio de verano.&nbsp;&nbsp;<\/p>\n\n\n\n<figure class=\"wp-block-image size-large\"><img decoding=\"async\" src=\"https:\/\/www.escapadarural.com\/blog\/wp-content\/uploads\/2023\/01\/IMG_20221115_162434-1024x768-1.jpg\" alt=\"Observatorio solar aborigen en el roque Bentayga. En los equinoccios, el primer rayo de sol atraviesa la muesca de la roca vertical y cae sobre el c\u00edrculo tallado en el centro de la plataforma.\" class=\"wp-image-57623\"\/><figcaption class=\"wp-element-caption\">Observatorio solar aborigen en el roque Bentayga. En los equinoccios, el primer rayo de sol atraviesa la muesca de la roca vertical y cae sobre el c\u00edrculo tallado en el centro de la plataforma. Por Ander Izagirre.<\/figcaption><\/figure>\n\n\n\n<p>La cueva, como comprobaron en los siguientes a\u00f1os, constituye un calendario a\u00fan m\u00e1s complejo. Permanece a oscuras durante el invierno. La primera luz entra en el equinoccio de primavera, hacia el 20 de marzo, y recorre la pared durante unos pocos minutos. Luego se proyecta unos minutos m\u00e1s cada d\u00eda, va ampliando su recorrido, se va agrandando, va ba\u00f1ando los tri\u00e1ngulos p\u00fabicos de la pared como si los fuera fertilizando, hasta que inunda de luz el gran tri\u00e1ngulo del solsticio hacia el 21 de junio. Entonces los abor\u00edgenes comprend\u00edan que los d\u00edas empezar\u00edan a acortarse. A partir de ese momento la luz sigue un recorrido inverso, cada vez m\u00e1s corto, cada vez menos luminoso, hasta alcanzar otro tri\u00e1ngulo p\u00fabico en el equinoccio de oto\u00f1o hacia el 22 de septiembre. A partir de entonces la luz del sol desaparece. Solo la luna ilumina el interior de la cueva durante los siguientes seis meses.<\/p>\n\n\n\n<p>Con este <strong>calendario astron\u00f3mico<\/strong>, los abor\u00edgenes conoc\u00edan el momento del a\u00f1o en el que se encontraban y cu\u00e1ndo tocaba la siembra, la cosecha, el nacimiento de las cr\u00edas del ganado. Tambi\u00e9n parece un santuario religioso, para <a href=\"https:\/\/www.escapadarural.com\/blog\/un-vistazo-al-porno-del-siglo-doce\/\" target=\"_blank\" rel=\"noreferrer noopener\">propiciar la fertilidad<\/a> de las mujeres y de la madre tierra con las ofrendas de leche, incluso una sala de cine prehist\u00f3rica: la luz proyectada sobre la pared va representando distintas formas en cada momento del a\u00f1o, empieza como un punto que algunos interpretan como una semilla, toma una forma alargada que podr\u00eda interpretarse como un pene que va fecundando los tri\u00e1ngulos p\u00fabicos y adquiere al fin la figura de una mujer embarazada. Son puras interpretaciones, porque tampoco se sabe si el hueco tuvo siempre esa forma, si se alter\u00f3 con el paso de los siglos, si existe alguna intenci\u00f3n, pero Cuenca est\u00e1 convencido de que esas luces que van encendiendo los tri\u00e1ngulos p\u00fabicos y otras muescas artificiales en la pared narran un relato con im\u00e1genes en movimiento: una pel\u00edcula que dise\u00f1aron los abor\u00edgenes canarios y que ha seguido proyect\u00e1ndose a\u00f1o tras a\u00f1o, durante siglos, hasta nuestros d\u00edas.<\/p>\n\n\n\n<p>\u2014Lo llamamos el templo perdido porque ya nadie recordaba que aquello fuera un almogar\u00e9n \u2014explica Cuenca en el documental <em>Canarias amazigh<\/em>. Los almogarenes eran los santuarios abor\u00edgenes.&nbsp;<\/p>\n\n\n\n<figure class=\"wp-block-embed is-type-video is-provider-youtube wp-block-embed-youtube wp-embed-aspect-16-9 wp-has-aspect-ratio\"><div class=\"wp-block-embed__wrapper\">\n<span class=\"IulNhCY6UWqG8dPQeJsLVbH1D7wcjp\"><div class=\"video-shortcode\"><iframe title=\"Canarias Amazigh, tras las huellas de los antiguos canarios\" width=\"1200\" height=\"675\" src=\"https:\/\/www.youtube.com\/embed\/2uxR7EVz_dQ?feature=oembed\" frameborder=\"0\" allow=\"accelerometer; autoplay; clipboard-write; encrypted-media; gyroscope; picture-in-picture; web-share\" referrerpolicy=\"strict-origin-when-cross-origin\" allowfullscreen><\/iframe><\/div><\/span>\n<\/div><\/figure>\n\n\n\n<p>Tras la conquista castellana, los canarios mantuvieron el templo en secreto. En un documento notarial del siglo XVII, un descendiente de los abor\u00edgenes leg\u00f3 una cueva de Barranco Hondo a su hermano con condiciones estrictas: no pod\u00eda venderla ni alterarla, solo podr\u00eda cederla a su sobrina, y deb\u00eda depositar una fianza como garant\u00eda de estas cl\u00e1usulas. Con ninguna otra cueva se tomaron tantos escr\u00fapulos. Cuenca interpreta que se trataba de esta cueva santuario y que quer\u00edan mantenerla siempre en manos de abor\u00edgenes que velaran por su car\u00e1cter sagrado. Ese conocimiento se fue disolviendo con los siglos. La cueva se convirti\u00f3 en un pajar y se conserv\u00f3 en bastante buen estado, a pesar de ciertas intervenciones de los pastores, hasta que llegaron los arque\u00f3logos a finales del siglo XX.<\/p>\n\n\n\n<p>En 2020 inauguraron una r\u00e9plica exacta de la cueva en el centro de interpretaci\u00f3n de Artenara. La original no se puede visitar desde hace a\u00f1os, desde que <strong>el Cabildo de Gran Canaria prohibi\u00f3 el acceso por el peligro<\/strong> de desprendimientos. El 10 de octubre de 2022, Julio Cuenca escribi\u00f3 <a href=\"https:\/\/www.eldiario.es\/canariasahora\/canarias-opina\/abandono-ruina-sitio-patrimonio-humanidad-risco-caido_132_9612201.html\" target=\"_blank\">un art\u00edculo en eldiario.es<\/a> para denunciar el abandono en el que se encuentran el templo observatorio y el conjunto de Risco Ca\u00eddo. Mencion\u00f3 ca\u00eddas recientes de piedras, incluso habl\u00f3 de un serio riesgo de colapso porque los trabajos de conservaci\u00f3n est\u00e1n \u201cparalizados sin justificaci\u00f3n\u201d desde 2015. Este es uno de los enclaves m\u00e1s valiosos del Paisaje Cultural de Risco Ca\u00eddo y las Monta\u00f1as Sagradas de Gran Canaria, as\u00ed nombrado por la Unesco como patrimonio de la humanidad, con sus exigencias de preservaci\u00f3n, pero el arque\u00f3logo afirma que durante la visita en 2017 de una inspectora para valorar la candidatura se hicieron \u201cfiligranas\u201d para que \u201cno viera lo que no ten\u00eda que ver, esto es: la ruina y la desolaci\u00f3n que rodeaban al almogar\u00e9n de Risco Ca\u00eddo\u201d y \u201cotros complejos arqueol\u00f3gicos que forman parte de la candidatura, como la Mesa de Acusa y el roque de Cuevas del Rey\u201d.<\/p>\n\n\n\n<p>En esta zona de Barranco Hondo, El Tablado, Juncalillo y Lugarejos existen much\u00edsimas cuevas excavadas en la monta\u00f1a desde tiempos prehisp\u00e1nicos. Cuenca cree que todo este conjunto debi\u00f3 de ser <strong>Artevigua, la gran poblaci\u00f3n troglodita<\/strong> de la que hablan las cr\u00f3nicas castellanas.<\/p>\n\n\n\n<p>Los antiguos canarios proven\u00edan del norte de \u00c1frica, donde las culturas <em>amazighs <\/em>tambi\u00e9n mantuvieron la costumbre de vivir en cuevas, pero este urbanismo vertical alcanz\u00f3 un desarrollo extraordinario en Gran Canaria. En la Cumbre, la zona central y elevada de la isla, los canarios excavaron en las laderas volc\u00e1nicas un inmenso complejo de viviendas, establos, graneros, santuarios, cisternas, canales, pasadizos, t\u00faneles, escaleras, ventanas colgadas en el precipicio, toda una vida troglodita y campesina que perdura hasta nuestros d\u00edas. Estudios gen\u00e9ticos demostraron que los agricultores actuales cosechan el mismo linaje de cebada que trajeron los <em>amazighs <\/em>a las islas hace dos mil a\u00f1os, una continuidad vegetal tan longeva como solo ocurre en tres o cuatro lugares del planeta.<\/p>\n\n\n\n<p>En 1773, tres siglos despu\u00e9s de la conquista castellana, el historiador Viera y Clavijo relataba que los habitantes de las monta\u00f1as segu\u00edan viviendo \u201cen agujeros, a manera de nidos de aves\u201d. En 1883, cuatro siglos despu\u00e9s, la viajera inglesa Olivia Stone escribi\u00f3 que los vecinos de Artenara eran \u201crespetables agricultores\u201d que viv\u00edan en \u201ccuevas de todas clases, tama\u00f1os y formas que abundan por doquier; solo dejan el espacio justo entre ellas para que las paredes sean lo suficientemente gruesas y los techos seguros\u201d. Describi\u00f3 cuevas en las que guardaban cabras y vacas; cuevas-vivienda limpias y c\u00f3modas con una sala principal, que sol\u00eda tener el piso cubierto con esteras de palma para sentarse a comer, alacenas talladas en las paredes y tres o <a href=\"https:\/\/www.escapadarural.com\/blog\/tallada-demporda-cuatro-pueblos-en-uno\/\" title=\"La Tallada d\u2019Empord\u00e0, cuatro pueblos en uno\"  data-wpil-monitor-id=\"1225\">cuatro<\/a> cuartitos con camas y cortinas blancas; le sorprendi\u00f3 que incluso la escuela de Artenara estuviera en una cueva.<\/p>\n\n\n\n<h2 class=\"wp-block-heading\" id=\"h-la-maestra-de-artenara\"><strong>La maestra de Artenara<\/strong><\/h2>\n\n\n\n<figure class=\"wp-block-image size-large\"><img decoding=\"async\" src=\"https:\/\/www.escapadarural.com\/blog\/wp-content\/uploads\/2023\/01\/IMG_20221116_135112-1024x768-1.jpg\" alt=\"Isabel Romero, en el centro, fue maestra en el pueblo troglodita de Artenara. A la derecha, su hermana Alicia.\" class=\"wp-image-57619\"\/><figcaption class=\"wp-element-caption\">Isabel Romero, en el centro, fue maestra en el pueblo troglodita de Artenara. A la derecha, su hermana Alicia. Por Ander Izagirre.<\/figcaption><\/figure>\n\n\n\n<p>Artenara es el pueblo m\u00e1s alto de Gran Canaria: est\u00e1 a 1.250 metros de altitud, asomado a la cuenca de Tejeda, una hoya descomunal que se form\u00f3 por el colapso de una monta\u00f1a volc\u00e1nica de cuatro mil metros de altitud. La erosi\u00f3n taj\u00f3 barrancos profundos y dej\u00f3 un perfil erizado de crestas,&nbsp;agujas y pitones como el Roque Nublo o el Roque Bentayga.<\/p>\n\n\n\n<p>Isabel Romero fue maestra de Artenara a partir de la d\u00e9cada de 1940. La escuela ya no estaba en una cueva, pero sus alumnos y alumnas s\u00ed que viv\u00edan en ellas, por supuesto.<\/p>\n\n\n\n<p>\u2014Ven\u00edan de familias pobres, de agricultores, pastores, algunos se marchaban por temporadas a la costa a trabajar en la zafra del tomate. O a Cuba, a Venezuela. Mucha gente de la Cumbre emigr\u00f3. Porque hubo a\u00f1os de no llover, la agricultura no rend\u00eda. Y se marchaban a montones. \u00bfNo sabe usted eso de que los canarios llegaban a Cuba con alpargatas que solo ten\u00edan la parte de arriba? Ya ni suela les quedaba, pisaban descalzos.&nbsp;<\/p>\n\n\n\n<p>Romero tiene 93 a\u00f1os. Es una mujer peque\u00f1a, vivaracha, que se r\u00ede mucho y achina los ojos tras sus gafas amplias de mariposa. La peluquera le acaba de hacer la permanente con un tono casta\u00f1o claro, porque dentro de unas horas tiene que bajar a Las Palmas a visitar al m\u00e9dico. Ha salido a la puerta de su casa a recibirme, me ha llevado a la sala con pasos cortos y r\u00e1pidos, se ha sentado en su sill\u00f3n, se ha tapado el regazo con una manta y se ha puesto a recordar sus tiempos de maestra.<\/p>\n\n\n\n<p>\u2014Aqu\u00ed en el casco de Artenara no ten\u00edamos una escuela sino dos. Una de ni\u00f1os y otra de ni\u00f1as. Esto estaba lleno de vida.&nbsp;<\/p>\n\n\n\n<p>Ahora solo quedan diez alumnos, sumando los de primaria y secundaria. Artenara rond\u00f3 los dos mil habitantes a mediados del siglo XX, luego sus vecinos emigraron a Cuba, a Venezuela, a la costa grancanaria para recoger tomates en las fincas del conde y luego para trabajar de peones en la construcci\u00f3n y el turismo.<\/p>\n\n\n\n<p>Alicia, hermana de Isabel, entra a la sala y se une a la conversaci\u00f3n. Es m\u00e1s joven, tiene media melena gris, ojos claros, vestido estampado de hojas y flores rojas, verdes, amarillas.<\/p>\n\n\n\n<p>\u2014Qu\u00e9 tristeza nos daba cuando las familias se iban a la zafra del tomate \u2014dice\u2014. Se sub\u00edan todos a las cajas de los camiones como si fueran ganado, un mont\u00f3n de matrimonios j\u00f3venes con los ni\u00f1os, con los macutos de ropa, con un pan y un queso. Se llevaban los colchones de pinocha, porque all\u00e1 en la costa los met\u00edan a vivir en unos cuartuchos, unos habit\u00e1culos con n\u00fameros, sin cama ni ba\u00f1o ni nada. Se marchaban cantando, pero a nosotros se nos quedaba una angustia cuando se iban&#8230; Los camiones eran del conde de la Vega Grande, el propietario de las plantaciones de tomate. Las familias se iban en septiembre, trabajaban hasta mayo recogiendo tomates y volv\u00edan. Tra\u00edan cosas nuevas de la costa. Me acuerdo mucho de los platos y las cucharas de aluminio. <strong>Eran un progreso<\/strong>. Aqu\u00ed ni eso ten\u00edan. Igual alguna vez consegu\u00edan una lata de sardinas, se com\u00edan las sardinas y la lata se la guardaban como recipiente, esa era toda la vajilla.<\/p>\n\n\n\n<p>Se marchaban los del pueblo, llegaban los primeros grupos de forasteros:<\/p>\n\n\n\n<p>\u2014\u00a1Los turistas! Nos qued\u00e1bamos con la boca abierta mir\u00e1ndolos. Ven\u00edan en guaguas peque\u00f1as y se bajaban en pantal\u00f3n corto y camiseta corta aunque fuera invierno. Nosotras sal\u00edamos heladas de la escuela y eso es lo que m\u00e1s nos impresionaba: eran altos, rubios, p\u00e1lidos, sab\u00edamos que ven\u00edan de pa\u00edses del norte de Europa y que por eso nunca ten\u00edan fr\u00edo. A veces nos ofrec\u00edan comida pero nosotras no la acept\u00e1bamos. Est\u00e1bamos ense\u00f1adas de casa: no ten\u00edamos que coger lo que nos dieran extra\u00f1os.<\/p>\n\n\n\n<p>Alicia cuenta que la llegada de los turistas sirvi\u00f3 para abrir el mundo a algunos j\u00f3venes de Artenara: escucharon otros idiomas, entendieron que hab\u00eda otras vidas y otras costumbres, vislumbraron posibilidades. Muchos quisieron salir del pueblo a estudiar, a trabajar, al menos a Las Palmas.&nbsp;&nbsp;<\/p>\n\n\n\n<p>\u2014Los que emigraron eran muy adelantados.<\/p>\n\n\n\n<p>\u2014\u00bfEn qu\u00e9 sentido? \u2014le pregunto.<\/p>\n\n\n\n<p>\u2014Adelantados en inteligencia. Ve\u00edan m\u00e1s all\u00e1. Aqu\u00ed no hab\u00eda agua, ni electricidad, ni tel\u00e9fono ni nada, esto era un pueblo perdido en el monte, tercermundista, pero hab\u00eda gente que desde Artenara ve\u00eda m\u00e1s all\u00e1 del horizonte y ve\u00eda Cuba. Se marcharon porque esto era una pobreza extrema. A muchos otros les hubiera gustado irse pero no se atrevieron.&nbsp;<\/p>\n\n\n\n<p>\u2014Un t\u00edo nuestro se fue a Cuba y tuvo nueve hijos \u2014dice Isabel\u2014. Todos hicieron carrera: uno m\u00e9dico, otro abogado&#8230;<\/p>\n\n\n\n<p>\u2014Nuestra madre se muri\u00f3 con la pena de no aprender ingl\u00e9s y todas las lenguas de Espa\u00f1a \u2014dice Alicia\u2014. Esa gente, nuestros antepasados, ten\u00edan una luz. Buscaban crecer en sabidur\u00eda. Desde la Cumbre muchos salieron a estudiar como pudieron. Se iban andando, porque aqu\u00ed no hab\u00eda carretera. Iban caminando por las veredas hasta el pinar de G\u00e1ldar, a ocho kil\u00f3metros de Artenara, all\u00ed llegaba la carretera y ya pod\u00edan pod\u00edan tomar las guaguas para bajar a la ciudad.<\/p>\n\n\n\n<p>\u2014Hasta Carlota sali\u00f3 caminando \u2014dice Isabel\u2014. \u00a1Carlota de la Quintana, <strong>la primera m\u00e9dica de Espa\u00f1a<\/strong>! Era de Artenara, \u00bflo sab\u00edas?&nbsp;<\/p>\n\n\n\n<p>Carlota de la Quintana era hija de un abogado y de una astr\u00f3noma de familia aristocr\u00e1tica. Estudi\u00f3 el bachillerato en Las Palmas y la carrera de Medicina en Madrid, en los a\u00f1os 30, donde era la \u00fanica mujer y se top\u00f3 con mil obst\u00e1culos y burlas. Si no la primera, fue una de las primeras m\u00e9dicas de Espa\u00f1a, la primera canaria. Enviud\u00f3 joven, con dos ni\u00f1as, pero sigui\u00f3 estudiando en Francia, Inglaterra, Rusia, Estados Unidos, y regres\u00f3 a Las Palmas para abrir su propia consulta. Sus paisanos la adoran porque visitaba los barrios de los pobres y los atend\u00eda sin cobrarles.<\/p>\n\n\n\n<p>\u2014Yo no s\u00e9 qu\u00e9 inquietud hab\u00eda en Artenara \u2014sigue Isabel\u2014. De familias pobres salieron un mont\u00f3n de m\u00e9dicos, maestros, abogados\u2026 Quer\u00edan progresar, porque esto era muy retr\u00f3gado. Viv\u00edamos como los guanches.<\/p>\n\n\n\n<p>\u2014Isabel, \u00bfen la escuela se ense\u00f1aba algo sobre los antiguos canarios?<\/p>\n\n\n\n<p>\u2014No, de eso no se hablaba entonces. Sab\u00edamos que hubo una raza de aqu\u00ed, que ellos hicieron las cuevas de Artenara donde viv\u00eda todo el mundo, pero poquito m\u00e1s. En el pueblo hab\u00eda un hombre que ten\u00eda la piel bastante negra y los labios gordos y se dec\u00eda que era de la raza antigua, de los negros de \u00c1frica\u2026<\/p>\n\n\n\n<p>Las mezclas se confunden en la memoria popular. Los colonos castellanos introdujeron la ca\u00f1a de az\u00facar en Canarias y trajeron esclavos africanos para trabajarla. Su presencia en las islas durante siglos dej\u00f3 una marca gen\u00e9tica apreciable en la poblaci\u00f3n, seg\u00fan investigadores de la Universidad de La Laguna (Tenerife), aunque los componentes gen\u00e9ticos principales son el europeo y el norteafricano. Los primeros pobladores de las islas Canarias compart\u00edan cultura con el mundo <em>amazigh <\/em>o bereber, llegaron del norte de \u00c1frica pero no est\u00e1 claro cu\u00e1ndo. Algunos apuntan a que los romanos deportaron a poblaciones rebeldes a las islas, pero el arque\u00f3logo Cuenca no lo cree probable: aquellos primeros colonos no llegaron de manera abrupta, expulsados repentinamente, sino que se organizaron para traer los animales y las semillas que necesitaban para extender la ganader\u00eda y la agricultura en estas islas volc\u00e1nicas. Tampoco dejaron ninguna huella t\u00e9cnica o cultural que indicara la influencia de la civilizaci\u00f3n romana. S\u00ed que dejaron, en cambio, la mayor densidad mundial de grabados rupestres con forma de tri\u00e1ngulos p\u00fabicos: un s\u00edmbolo de fertilidad que los humanos representaron ya desde hace treinta mil a\u00f1os.<\/p>\n\n\n\n<p>\u2014Sab\u00edamos que Artenara era un poblado aborigen y que en Acusa encontraron las famosas momias en las cuevas \u2014dice Isabel\u2014. Tambi\u00e9n se contaba que en la cueva de los Candiles viv\u00edan brujas, que de ah\u00ed sal\u00edan a hacer sus trastadas y no s\u00e9 qu\u00e9 cuentos\u2026&nbsp;<\/p>\n\n\n\n<figure class=\"wp-block-image size-large\"><img decoding=\"async\" src=\"https:\/\/www.escapadarural.com\/blog\/wp-content\/uploads\/2023\/01\/IMG_20221116_162619-1024x768-1.jpg\" alt=\"Esta cueva de Acusa se abre a la cuenca volc\u00e1nica de Bentayga, presidida por el roque Bentayga. Al fondo, el roque Nublo.\" class=\"wp-image-57629\"\/><figcaption class=\"wp-element-caption\">Esta cueva de Acusa se abre a la cuenca volc\u00e1nica de Bentayga, presidida por el roque Bentayga. Al fondo, el roque Nublo. Por Ander Izagirre.<\/figcaption><\/figure>\n\n\n\n<p>Esa cueva de los Candiles, reutilizada por los pastores hasta mediados del siglo XX, es uno de los santuarios m\u00e1s llamativos de la Cumbre de Gran Canaria: presenta nada menos que 348 tri\u00e1ngulos p\u00fabicos grabados en sus paredes. Quiz\u00e1 marcaban as\u00ed los nacimientos, los embarazos; quiz\u00e1, aventuran expertos, era una sala de engorde prenupcial: donde encerraban a las mujeres para que ganaran peso antes de procrear. Antes de la arqueolog\u00eda, las leyendas populares explicaban ese misterio rupestre femenino como pod\u00edan: con brujas.<\/p>\n\n\n\n<p>La Iglesia cat\u00f3lica tambi\u00e9n reinterpret\u00f3 las creencias abor\u00edgenes. Dado que los canarios eran animistas y adoraban a los elementos m\u00e1s destacados del paisaje, como un inmenso pino en Teror, la Virgen se apareci\u00f3 entre las ramas de ese mismo pino en 1481, durante la conquista castellana, y as\u00ed continu\u00f3 el culto pero ya adaptado al cristianismo. Y si los antiguos pobladores de la Cumbre bajaban con ramas de pinos hasta la costa, se alineaban en la orilla y azotaban el mar para invocar la lluvia en pleno solsticio de verano, el padre de Isabel y Alicia ped\u00eda permiso al guarda forestal para cortar ramas en esas mismas fechas:<\/p>\n\n\n\n<p>\u2014Porque los muchachos bajaban desde el monte hasta el pueblo bailando las ramas, con una banda de m\u00fasica \u2014explica Isabel\u2014, para celebrar las fiestas de San Juan.<\/p>\n\n\n\n<h2 class=\"wp-block-heading\" id=\"h-orgullo-t-roglodita\"><strong>Orgullo t<\/strong>roglodita<\/h2>\n\n\n\n<figure class=\"wp-block-image size-large\"><img decoding=\"async\" src=\"https:\/\/www.escapadarural.com\/blog\/wp-content\/uploads\/2023\/01\/IMG_20221115_180042-1024x768-1.jpg\" alt=\"El naturalista Daniel Gonz\u00e1lez conoce a fondo el sistema de cuevas de la Cumbre de Gran Canaria.\" class=\"wp-image-57624\"\/><figcaption class=\"wp-element-caption\">El naturalista Daniel Gonz\u00e1lez conoce a fondo el sistema de cuevas de la Cumbre de Gran Canaria. Por Ander Izagirre.<\/figcaption><\/figure>\n\n\n\n<p>\u2014A m\u00ed me da mucha pena que se liquidara ese mundo espiritual y que se perdiera la lengua <em>amazigh<\/em> \u2014dice Daniel Gonz\u00e1lez\u2014. Ahora hay canarios que la estudian. Hace tres meses se organiz\u00f3 aqu\u00ed un encuentro entre j\u00f3venes canarios y norteafricanos de cultura <em>amazigh<\/em>, estudiantes de Antropolog\u00eda, Arqueolog\u00eda, Ling\u00fc\u00edstica, Historia\u2026 Yo ya no cuento como joven \u2014se r\u00ede\u2014 pero me acerqu\u00e9 a conocerlos y a caminar con ellos. Les dec\u00eda nombres de plantas end\u00e9micas, como el bejeque, y ellos los reconoc\u00edan como palabras <em>amazighs<\/em>.<\/p>\n\n\n\n<p>Daniel Gonz\u00e1lez es un naturalista de 35 a\u00f1os, fundador de <a href=\"https:\/\/www.facebook.com\/azaeneguenaturalistas\/?locale=es_LA\" target=\"_blank\" rel=\"noreferrer noopener\">Azaenegue Naturalistas<\/a>, una iniciativa para promover el conocimiento del medio grancanario, un chico tranquilo cuando pasea observando el entorno, buscando f\u00f3siles vegetales en los estratos volc\u00e1nicos, hiperactivo cuando se lanza a sus tareas: acaba de recoger muestras de plantas en el archipi\u00e9lago de Cabo Verde para entregarlas en el Jard\u00edn Bot\u00e1nico de Las Palmas, se dedica al seguimiento de la poblaci\u00f3n de pinzones azules en los pinares de Gran Canaria y queda conmigo por las tardes porque dedica las ma\u00f1anas a trabajar su finca de \u00e1rboles frutales. Vive por supuesto en una casa cueva de Artenara y conoce la isla palmo a palmo. Con sus botas y sus prism\u00e1ticos al cuello, me lleva durante tres tardes a recorrer los riscos, barrancos y bosques de la Cumbre, a conocer el mundo troglodita de los canarios. En esas tres tardes entro a m\u00e1s cuevas que en el resto de mi vida.<\/p>\n\n\n\n<p>En la cueva del Guayre, Daniel recrea ese mundo perdido.<\/p>\n\n\n\n<p>\u2014\u00a1M\u00e1s misterio! \u2014dice, orgulloso ante mi pasmo cuando yo ya me sent\u00eda incapaz de ning\u00fan pasmo, tras visitar cuevas y m\u00e1s cuevas, viviendas subterr\u00e1neas, establos subterr\u00e1neos, enormes graneros subterr\u00e1neos que despliegan sus silos como un intrincado sistema alveolar comunicado por escaleras, pasadizos y andenes, siempre al filo del abismo. Pero me pasmo, vaya si me pasmo, porque la cueva del Guayre es una especie de sala de palacio rupestre, pintada con franjas rojas, blancas y negras. Es una estancia de planta rectangular, paredes y techos labrados con una suavidad extraordinaria. Aqu\u00ed no hay aristas, salientes ni puntas. El suelo aparece perforado por canales y cazoletas, como es habitual en otras cuevas, pero en este caso trazan una red m\u00e1s densa y compleja. Quiz\u00e1 serv\u00edan para derramar la leche de las ofrendas religiosas, quiz\u00e1 para sostener alguna tarima en la que se sentaban los personajes notables en sus reuniones con el guayre. En el momento de la conquista, en Gran Canaria hab\u00eda doce guayres, jefes comarcales, lugartenientes del guanarteme, de su rey.<\/p>\n\n\n\n<p>\u2014Imag\u00ednate esta cueva reci\u00e9n pintada, reluciente de rojo, blanco y negro, con pieles en las paredes, con alfombras de pieles o un suelo de esteras. Aqu\u00ed te puedes imaginar las reuniones de los jefes o las ceremonias religiosas. Me fastidia mucho que liquidaran todo ese mundo.<\/p>\n\n\n\n<p>La cueva del Guayre est\u00e1 en la sierra de Bentayga, un espinazo que divide la cuenca volc\u00e1nica de Tejeda en dos, de este a oeste. Daniel cree que ser\u00eda m\u00e1s apropiado llamarla cuenca de Bentayga, por respetar ese antiguo top\u00f3nimo canario. De ese espinazo brota el Roque Bentayga, un colmillo descomunal de tonos ocres y anaranjados que se eleva desde la entra\u00f1a oscura de los barrancos hacia la luz (o para ser m\u00e1s preciso: un colmillo que la erosi\u00f3n a\u00fan no ha rendido al fondo de los barrancos). Una hip\u00f3tesis sugiere que su nombre <em>amazigh <\/em>significa&nbsp; \u201clugar que sostiene\u201d. Y que los antiguos canarios ve\u00edan en este roque el <em><strong>axis mundi<\/strong><\/em>, el eje del mundo presente en muchas culturas, la columna que sostiene el cielo. La cuenca de Bentayga se abre como un inmenso ombligo con esa columna en el centro y la idea suena convincente.<\/p>\n\n\n\n<p>En cualquier caso, no cabe duda de la importancia simb\u00f3lica que le dieron los canarios: en el Bentayga y en otros roques menores de la misma sierra abundan los templos rupestres, las cuevas de enterramiento, incluso un delicado observatorio astron\u00f3mico tallado en la piedra.<\/p>\n\n\n\n<p>Daniel me sube por un sendero pedregoso entre tabaibas, esos arbustos que se abren como paraguas, hasta que nos topamos de frente con una modesta muralla de rocas negras apiladas: son los restos de las fortificaciones que levantaban los canarios y que probablemente reutilizaron ante la invasi\u00f3n castellana. Una repisa artificial, reforzada con muretes, rodea el per\u00edmetro del roque de Bentayga. Tiene toda la pinta de un camino de ronda, desde el que vigilaban la cuenca entera.<\/p>\n\n\n\n<p>\u2014El Roque Bentayga fue uno de los pen\u00faltimos n\u00facleos de resistencia \u2014dice Daniel. Seg\u00fan las cr\u00f3nicas, las tropas castellanas lo asediaron para intentar rendirlos por hambre, \u201cpero ellos ten\u00edan proveimiento para muchos meses\u201d. Cuando subieron a reducirlos por la fuerza, \u201cse defendieron con valor (\u2026) arrojando grandes piedras por los riscos abajo. Aqu\u00ed mataron los canarios a muchos soldados e hirieron a tantos\u201d.<\/p>\n\n\n\n<p>En 1483, a los pies de la fortaleza aborigen de Ajodar, las tropas castellanas sufrieron la peor derrota de los cinco a\u00f1os que dur\u00f3 la conquista de Gran Canaria. Los canarios atrajeron a las alturas al ej\u00e9rcito invasor y le soltaron un alud de piedras que hab\u00edan acumulado en las laderas m\u00e1s verticales: all\u00ed murieron sepultados doscientos o trescientos ballesteros vizca\u00ednos, cuyos huesos y armaduras siguen buscando por la isla. El arque\u00f3logo Cuenca sit\u00faa esa batalla en la Mesa del Junquillo, una monta\u00f1a prominente en el oeste de esta cuenca de Tejeda, pero Daniel parece dispuesto a repetir la escena aqu\u00ed, en el Roque Bentayga: me espera en lo alto de la muralla y me amenaza, otra vez el nativo canario contra el vasco invasor, alzando una roca invisible sobre su cabeza.<\/p>\n\n\n\n<figure class=\"wp-block-image size-large\"><img decoding=\"async\" src=\"https:\/\/www.escapadarural.com\/blog\/wp-content\/uploads\/2023\/01\/IMG_20221115_164001-1024x768-1.jpg\" alt=\"Petroglifos en escritura l\u00edbico-amazigh, en el roque Bentayga.\" class=\"wp-image-57627\"\/><figcaption class=\"wp-element-caption\">Petroglifos en escritura l\u00edbico-amazigh, en el roque Bentayga. Por Ander Izagirre.<\/figcaption><\/figure>\n\n\n\n<p>Por suerte, Daniel se distrae enseguida. Ve tesoros por todas partes. Entre las rocas distingue unos fragmentos min\u00fasculos de cer\u00e1mica roja, coloreada con almagre por los abor\u00edgenes. Un poco m\u00e1s adelante me ense\u00f1a una pared con petroglifos: son cuatro signos de un alfabeto l\u00edbico-amazigh, formados por cruces, rect\u00e1ngulos, c\u00edrculos y rayas, junto a otras incisiones que forman estrellas. Quedan muy cerca del almogar\u00e9n de Bentayga, santuario, observatorio solar: es una peque\u00f1a plataforma tallada en el roque, al pie de una roca vertical de cinco metros de alto, a la que le abrieron una muesca en forma de uve. En los equinoccios, el primer rayo del amanecer atraviesa esa muesca y cae sobre un c\u00edrculo excavado en el centro del almogar\u00e9n.<\/p>\n\n\n\n<p>El roque Bentayga era, desde luego, un reloj del mundo.<\/p>\n\n\n\n<p>Se\u00f1alaba los ritmos a los cientos de personas que viv\u00edan encaramados en esta monta\u00f1a. La cara sur del roque aparece perforada por m\u00e1s de cien cuevas que fueron habitaciones, templos, silos, establos, reutilizados hasta nuestros d\u00edas. Daniel avanza como una cabra por los bordes del roque, en el filo del precipicio, y me va se\u00f1alando semicuevas que se quedaron boquiabiertas all\u00e1 arriba en mitad de un pared\u00f3n vertical, aisladas tras alg\u00fan derrumbe, inalcanzables ahora. Trepa por peque\u00f1as chimeneas rocosas, sus pies no dudan, recuerdan cada amontonamiento de rocas colocadas ah\u00ed para apoyar el paso y subir a la entrada de cualquier covacha.<\/p>\n\n\n\n<p>Daniel ve lo grande y lo peque\u00f1o, entiende la importancia de lo enorme y lo min\u00fasculo. Interpreta el movimiento de los astros y la grieta en una covacha que alguien tall\u00f3 a mano, sin metales, hace quinientos, ochocientos, mil quinientos a\u00f1os: en el techo de esta gruta me se\u00f1ala unas manchas blancuzcas min\u00fasculas, en las que yo jam\u00e1s habr\u00eda reparado.&nbsp;<\/p>\n\n\n\n<p>\u2014Es argamasa \u2014me explica\u2014. Los abor\u00edgenes mezclaban semillas, cenizas, agua, y con esa pasta iban sellando las grietas de la cueva para que no se filtrara ninguna humedad ni entraran los gorgojos. As\u00ed conservaban el trigo o la cebada durante mucho tiempo.&nbsp;<\/p>\n\n\n\n<p>Se\u00f1ala, en la argamasa, una zona levemente ahuecada de unos dos cent\u00edmetros: se distingue una huella digital.<\/p>\n\n\n\n<p>\u2014La marca de la persona que sell\u00f3 esta cueva.&nbsp;<\/p>\n\n\n\n<p>Daniel la mira en silencio. Aqu\u00ed, en esta covacha al borde del abismo, percibe la mano que construy\u00f3 el mundo de los canarios.&nbsp;<\/p>\n\n\n\n<div class=\"wp-block-buttons is-layout-flex wp-block-buttons-is-layout-flex\">\n<div class=\"wp-block-button\"><a class=\"wp-block-button__link wp-element-button\" href=\"https:\/\/www.escapadarural.com\/blog\/tag\/canarias\/\">Qu\u00e9 ver en Canarias<\/a><\/div>\n<\/div>\n","protected":false},"excerpt":{"rendered":"<p>Muchos vecinos de la Cumbre, la zona central y elevada de la isla de Gran Canaria,\u00a0 siguen viviendo en las cuevas que excavaron los abor\u00edgenes en las murallas volc\u00e1nicas. Ellos nos gu\u00edan por este mundo antiguo y actual de pueblos subterr\u00e1neos, con sus santuarios rupestres, observatorios solares y hasta una especie de sala de cine prehist\u00f3rica.\u00a0<\/p>\n","protected":false},"author":139,"featured_media":98701,"comment_status":"open","ping_status":"open","sticky":false,"template":"","format":"standard","meta":{"_acf_changed":false,"om_disable_all_campaigns":false,"footnotes":""},"categories":[231],"tags":[1378,2698,4884,227,4885,2090,440,307,4886,4887,1308,758,2313,4888,4889,3352],"class_list":["post-56531","post","type-post","status-publish","format-standard","has-post-thumbnail","hentry","category-arte-y-cultura","tag-arqueologia","tag-artenara","tag-bentayga","tag-cuevas","tag-el-hornillo","tag-gran-canaria","tag-historias-y-curiosidades","tag-que-ver-en-islas-canarias","tag-julio-cuenca","tag-la-cumbre","tag-que-ver-en-las-palmas","tag-prehistoria","tag-reportaje","tag-risco-caido","tag-trogloditas","tag-volcanes"],"acf":[],"featured_image_src":"https:\/\/www.escapadarural.com\/blog\/wp-content\/uploads\/2024\/10\/IMG_20221114_085524-1024x768-1.jpg","author_info":{"display_name":"Ander Izagirre","author_link":"https:\/\/www.escapadarural.com\/blog\/autor\/ander\/"},"yoast_head":"<!-- This site is optimized with the Yoast SEO plugin v27.5 - https:\/\/yoast.com\/product\/yoast-seo-wordpress\/ -->\n<title>Con los trogloditas de Gran Canaria - EscapadaRural<\/title>\n<meta name=\"robots\" content=\"index, follow, max-snippet:-1, max-image-preview:large, max-video-preview:-1\" \/>\n<link rel=\"canonical\" href=\"https:\/\/www.escapadarural.com\/blog\/con-los-trogloditas-de-gran-canaria\/\" \/>\n<meta property=\"og:locale\" content=\"es_ES\" \/>\n<meta property=\"og:type\" content=\"article\" \/>\n<meta property=\"og:title\" content=\"Con los trogloditas de Gran Canaria - EscapadaRural\" \/>\n<meta property=\"og:description\" content=\"Muchos vecinos de la Cumbre, la zona central y elevada de la isla de Gran Canaria,\u00a0 siguen viviendo en las cuevas que excavaron los abor\u00edgenes en las murallas volc\u00e1nicas. Ellos nos gu\u00edan por este mundo antiguo y actual de pueblos subterr\u00e1neos, con sus santuarios rupestres, observatorios solares y hasta una especie de sala de cine prehist\u00f3rica.\u00a0\" \/>\n<meta property=\"og:url\" content=\"https:\/\/www.escapadarural.com\/blog\/con-los-trogloditas-de-gran-canaria\/\" \/>\n<meta property=\"og:site_name\" content=\"Magazine de viajes de EscapadaRural\" \/>\n<meta property=\"article:publisher\" content=\"https:\/\/www.facebook.com\/escapadarural\" \/>\n<meta property=\"article:published_time\" content=\"2023-01-26T09:23:44+00:00\" \/>\n<meta property=\"article:modified_time\" content=\"2026-02-17T16:19:18+00:00\" \/>\n<meta property=\"og:image\" content=\"https:\/\/www.escapadarural.com\/blog\/wp-content\/uploads\/2024\/10\/IMG_20221114_085524-1024x768-1.jpg\" \/>\n\t<meta property=\"og:image:width\" content=\"1024\" \/>\n\t<meta property=\"og:image:height\" content=\"768\" \/>\n\t<meta property=\"og:image:type\" content=\"image\/jpeg\" \/>\n<meta name=\"author\" content=\"Ander Izagirre\" \/>\n<meta name=\"twitter:card\" content=\"summary_large_image\" \/>\n<meta name=\"twitter:label1\" content=\"Escrito por\" \/>\n\t<meta name=\"twitter:data1\" content=\"Ander Izagirre\" \/>\n\t<meta name=\"twitter:label2\" content=\"Tiempo de lectura\" \/>\n\t<meta name=\"twitter:data2\" content=\"32 minutos\" \/>\n<script type=\"application\/ld+json\" class=\"yoast-schema-graph\">{\"@context\":\"https:\\\/\\\/schema.org\",\"@graph\":[{\"@type\":\"Article\",\"@id\":\"https:\\\/\\\/www.escapadarural.com\\\/blog\\\/con-los-trogloditas-de-gran-canaria\\\/#article\",\"isPartOf\":{\"@id\":\"https:\\\/\\\/www.escapadarural.com\\\/blog\\\/con-los-trogloditas-de-gran-canaria\\\/\"},\"author\":{\"name\":\"Ander Izagirre\",\"@id\":\"https:\\\/\\\/www.escapadarural.com\\\/blog\\\/#\\\/schema\\\/person\\\/61723f566076c6fcd5d69c19c29701be\"},\"headline\":\"Con los trogloditas de Gran Canaria\",\"datePublished\":\"2023-01-26T09:23:44+00:00\",\"dateModified\":\"2026-02-17T16:19:18+00:00\",\"mainEntityOfPage\":{\"@id\":\"https:\\\/\\\/www.escapadarural.com\\\/blog\\\/con-los-trogloditas-de-gran-canaria\\\/\"},\"wordCount\":6471,\"commentCount\":1,\"publisher\":{\"@id\":\"https:\\\/\\\/www.escapadarural.com\\\/blog\\\/#organization\"},\"image\":{\"@id\":\"https:\\\/\\\/www.escapadarural.com\\\/blog\\\/con-los-trogloditas-de-gran-canaria\\\/#primaryimage\"},\"thumbnailUrl\":\"https:\\\/\\\/www.escapadarural.com\\\/blog\\\/wp-content\\\/uploads\\\/2024\\\/10\\\/IMG_20221114_085524-1024x768-1.jpg\",\"keywords\":[\"Arqueolog\u00eda\",\"Artenara\",\"Bentayga\",\"cuevas\",\"El Hornillo\",\"Gran Canaria\",\"Historias y Curiosidades\",\"Islas Canarias\",\"Julio Cuenca\",\"La Cumbre\",\"Las Palmas\",\"Prehistoria\",\"reportaje\",\"Risco Ca\u00eddo\",\"trogloditas\",\"Volcanes\"],\"articleSection\":[\"Arte y Cultura\"],\"inLanguage\":\"es\",\"potentialAction\":[{\"@type\":\"CommentAction\",\"name\":\"Comment\",\"target\":[\"https:\\\/\\\/www.escapadarural.com\\\/blog\\\/con-los-trogloditas-de-gran-canaria\\\/#respond\"]}]},{\"@type\":\"WebPage\",\"@id\":\"https:\\\/\\\/www.escapadarural.com\\\/blog\\\/con-los-trogloditas-de-gran-canaria\\\/\",\"url\":\"https:\\\/\\\/www.escapadarural.com\\\/blog\\\/con-los-trogloditas-de-gran-canaria\\\/\",\"name\":\"Con los trogloditas de Gran Canaria - EscapadaRural\",\"isPartOf\":{\"@id\":\"https:\\\/\\\/www.escapadarural.com\\\/blog\\\/#website\"},\"primaryImageOfPage\":{\"@id\":\"https:\\\/\\\/www.escapadarural.com\\\/blog\\\/con-los-trogloditas-de-gran-canaria\\\/#primaryimage\"},\"image\":{\"@id\":\"https:\\\/\\\/www.escapadarural.com\\\/blog\\\/con-los-trogloditas-de-gran-canaria\\\/#primaryimage\"},\"thumbnailUrl\":\"https:\\\/\\\/www.escapadarural.com\\\/blog\\\/wp-content\\\/uploads\\\/2024\\\/10\\\/IMG_20221114_085524-1024x768-1.jpg\",\"datePublished\":\"2023-01-26T09:23:44+00:00\",\"dateModified\":\"2026-02-17T16:19:18+00:00\",\"breadcrumb\":{\"@id\":\"https:\\\/\\\/www.escapadarural.com\\\/blog\\\/con-los-trogloditas-de-gran-canaria\\\/#breadcrumb\"},\"inLanguage\":\"es\",\"potentialAction\":[{\"@type\":\"ReadAction\",\"target\":[\"https:\\\/\\\/www.escapadarural.com\\\/blog\\\/con-los-trogloditas-de-gran-canaria\\\/\"]}]},{\"@type\":\"ImageObject\",\"inLanguage\":\"es\",\"@id\":\"https:\\\/\\\/www.escapadarural.com\\\/blog\\\/con-los-trogloditas-de-gran-canaria\\\/#primaryimage\",\"url\":\"https:\\\/\\\/www.escapadarural.com\\\/blog\\\/wp-content\\\/uploads\\\/2024\\\/10\\\/IMG_20221114_085524-1024x768-1.jpg\",\"contentUrl\":\"https:\\\/\\\/www.escapadarural.com\\\/blog\\\/wp-content\\\/uploads\\\/2024\\\/10\\\/IMG_20221114_085524-1024x768-1.jpg\",\"width\":1024,\"height\":768,\"caption\":\"Una ladera escarpada y rocosa con manchas de vegetaci\u00f3n verde y varias peque\u00f1as aberturas de cuevas cerca de la base; los \u00e1rboles crecen a lo largo del borde en la parte superior bajo un cielo despejado.\"},{\"@type\":\"BreadcrumbList\",\"@id\":\"https:\\\/\\\/www.escapadarural.com\\\/blog\\\/con-los-trogloditas-de-gran-canaria\\\/#breadcrumb\",\"itemListElement\":[{\"@type\":\"ListItem\",\"position\":1,\"name\":\"Inicio\",\"item\":\"https:\\\/\\\/www.escapadarural.com\\\/blog\\\/\"},{\"@type\":\"ListItem\",\"position\":2,\"name\":\"Arte y Cultura\",\"item\":\"https:\\\/\\\/www.escapadarural.com\\\/blog\\\/categoria\\\/arte-y-cultura\\\/\"},{\"@type\":\"ListItem\",\"position\":3,\"name\":\"Con los trogloditas de Gran Canaria\"}]},{\"@type\":\"WebSite\",\"@id\":\"https:\\\/\\\/www.escapadarural.com\\\/blog\\\/#website\",\"url\":\"https:\\\/\\\/www.escapadarural.com\\\/blog\\\/\",\"name\":\"Blog de viajes | turismo rural, alojamientos e inspiraci\u00f3n\",\"description\":\"Alojamientos rurales e inspiraci\u00f3n para tus escapadas\",\"publisher\":{\"@id\":\"https:\\\/\\\/www.escapadarural.com\\\/blog\\\/#organization\"},\"alternateName\":\"Magazine de viajes de EscapadaRural\",\"potentialAction\":[{\"@type\":\"SearchAction\",\"target\":{\"@type\":\"EntryPoint\",\"urlTemplate\":\"https:\\\/\\\/www.escapadarural.com\\\/blog\\\/?s={search_term_string}\"},\"query-input\":{\"@type\":\"PropertyValueSpecification\",\"valueRequired\":true,\"valueName\":\"search_term_string\"}}],\"inLanguage\":\"es\"},{\"@type\":\"Organization\",\"@id\":\"https:\\\/\\\/www.escapadarural.com\\\/blog\\\/#organization\",\"name\":\"EscapadaRural\",\"url\":\"https:\\\/\\\/www.escapadarural.com\\\/blog\\\/\",\"logo\":{\"@type\":\"ImageObject\",\"inLanguage\":\"es\",\"@id\":\"https:\\\/\\\/www.escapadarural.com\\\/blog\\\/#\\\/schema\\\/logo\\\/image\\\/\",\"url\":\"https:\\\/\\\/www.escapadarural.com\\\/blog\\\/wp-content\\\/uploads\\\/2024\\\/10\\\/cropped-cropped-escapada-rural-icon-mag-3.png\",\"contentUrl\":\"https:\\\/\\\/www.escapadarural.com\\\/blog\\\/wp-content\\\/uploads\\\/2024\\\/10\\\/cropped-cropped-escapada-rural-icon-mag-3.png\",\"width\":512,\"height\":512,\"caption\":\"EscapadaRural\"},\"image\":{\"@id\":\"https:\\\/\\\/www.escapadarural.com\\\/blog\\\/#\\\/schema\\\/logo\\\/image\\\/\"},\"sameAs\":[\"https:\\\/\\\/www.facebook.com\\\/escapadarural\",\"https:\\\/\\\/www.instagram.com\\\/escapadarural\\\/\",\"https:\\\/\\\/www.youtube.com\\\/@escapadaruralcom\"]},{\"@type\":\"Person\",\"@id\":\"https:\\\/\\\/www.escapadarural.com\\\/blog\\\/#\\\/schema\\\/person\\\/61723f566076c6fcd5d69c19c29701be\",\"name\":\"Ander Izagirre\",\"image\":{\"@type\":\"ImageObject\",\"inLanguage\":\"es\",\"@id\":\"https:\\\/\\\/secure.gravatar.com\\\/avatar\\\/3180d3896c97e73a53a1a23d03ffe24d8f4b0f0aa8b4e585dc410f5d866029c6?s=96&d=mm&r=g\",\"url\":\"https:\\\/\\\/secure.gravatar.com\\\/avatar\\\/3180d3896c97e73a53a1a23d03ffe24d8f4b0f0aa8b4e585dc410f5d866029c6?s=96&d=mm&r=g\",\"contentUrl\":\"https:\\\/\\\/secure.gravatar.com\\\/avatar\\\/3180d3896c97e73a53a1a23d03ffe24d8f4b0f0aa8b4e585dc410f5d866029c6?s=96&d=mm&r=g\",\"caption\":\"Ander Izagirre\"},\"url\":\"https:\\\/\\\/www.escapadarural.com\\\/blog\\\/autor\\\/ander\\\/\"}]}<\/script>\n<!-- \/ Yoast SEO plugin. -->","yoast_head_json":{"title":"Con los trogloditas de Gran Canaria - EscapadaRural","robots":{"index":"index","follow":"follow","max-snippet":"max-snippet:-1","max-image-preview":"max-image-preview:large","max-video-preview":"max-video-preview:-1"},"canonical":"https:\/\/www.escapadarural.com\/blog\/con-los-trogloditas-de-gran-canaria\/","og_locale":"es_ES","og_type":"article","og_title":"Con los trogloditas de Gran Canaria - EscapadaRural","og_description":"Muchos vecinos de la Cumbre, la zona central y elevada de la isla de Gran Canaria,\u00a0 siguen viviendo en las cuevas que excavaron los abor\u00edgenes en las murallas volc\u00e1nicas. Ellos nos gu\u00edan por este mundo antiguo y actual de pueblos subterr\u00e1neos, con sus santuarios rupestres, observatorios solares y hasta una especie de sala de cine prehist\u00f3rica.\u00a0","og_url":"https:\/\/www.escapadarural.com\/blog\/con-los-trogloditas-de-gran-canaria\/","og_site_name":"Magazine de viajes de EscapadaRural","article_publisher":"https:\/\/www.facebook.com\/escapadarural","article_published_time":"2023-01-26T09:23:44+00:00","article_modified_time":"2026-02-17T16:19:18+00:00","og_image":[{"width":1024,"height":768,"url":"https:\/\/www.escapadarural.com\/blog\/wp-content\/uploads\/2024\/10\/IMG_20221114_085524-1024x768-1.jpg","type":"image\/jpeg"}],"author":"Ander Izagirre","twitter_card":"summary_large_image","twitter_misc":{"Escrito por":"Ander Izagirre","Tiempo de lectura":"32 minutos"},"schema":{"@context":"https:\/\/schema.org","@graph":[{"@type":"Article","@id":"https:\/\/www.escapadarural.com\/blog\/con-los-trogloditas-de-gran-canaria\/#article","isPartOf":{"@id":"https:\/\/www.escapadarural.com\/blog\/con-los-trogloditas-de-gran-canaria\/"},"author":{"name":"Ander Izagirre","@id":"https:\/\/www.escapadarural.com\/blog\/#\/schema\/person\/61723f566076c6fcd5d69c19c29701be"},"headline":"Con los trogloditas de Gran Canaria","datePublished":"2023-01-26T09:23:44+00:00","dateModified":"2026-02-17T16:19:18+00:00","mainEntityOfPage":{"@id":"https:\/\/www.escapadarural.com\/blog\/con-los-trogloditas-de-gran-canaria\/"},"wordCount":6471,"commentCount":1,"publisher":{"@id":"https:\/\/www.escapadarural.com\/blog\/#organization"},"image":{"@id":"https:\/\/www.escapadarural.com\/blog\/con-los-trogloditas-de-gran-canaria\/#primaryimage"},"thumbnailUrl":"https:\/\/www.escapadarural.com\/blog\/wp-content\/uploads\/2024\/10\/IMG_20221114_085524-1024x768-1.jpg","keywords":["Arqueolog\u00eda","Artenara","Bentayga","cuevas","El Hornillo","Gran Canaria","Historias y Curiosidades","Islas Canarias","Julio Cuenca","La Cumbre","Las Palmas","Prehistoria","reportaje","Risco Ca\u00eddo","trogloditas","Volcanes"],"articleSection":["Arte y Cultura"],"inLanguage":"es","potentialAction":[{"@type":"CommentAction","name":"Comment","target":["https:\/\/www.escapadarural.com\/blog\/con-los-trogloditas-de-gran-canaria\/#respond"]}]},{"@type":"WebPage","@id":"https:\/\/www.escapadarural.com\/blog\/con-los-trogloditas-de-gran-canaria\/","url":"https:\/\/www.escapadarural.com\/blog\/con-los-trogloditas-de-gran-canaria\/","name":"Con los trogloditas de Gran Canaria - EscapadaRural","isPartOf":{"@id":"https:\/\/www.escapadarural.com\/blog\/#website"},"primaryImageOfPage":{"@id":"https:\/\/www.escapadarural.com\/blog\/con-los-trogloditas-de-gran-canaria\/#primaryimage"},"image":{"@id":"https:\/\/www.escapadarural.com\/blog\/con-los-trogloditas-de-gran-canaria\/#primaryimage"},"thumbnailUrl":"https:\/\/www.escapadarural.com\/blog\/wp-content\/uploads\/2024\/10\/IMG_20221114_085524-1024x768-1.jpg","datePublished":"2023-01-26T09:23:44+00:00","dateModified":"2026-02-17T16:19:18+00:00","breadcrumb":{"@id":"https:\/\/www.escapadarural.com\/blog\/con-los-trogloditas-de-gran-canaria\/#breadcrumb"},"inLanguage":"es","potentialAction":[{"@type":"ReadAction","target":["https:\/\/www.escapadarural.com\/blog\/con-los-trogloditas-de-gran-canaria\/"]}]},{"@type":"ImageObject","inLanguage":"es","@id":"https:\/\/www.escapadarural.com\/blog\/con-los-trogloditas-de-gran-canaria\/#primaryimage","url":"https:\/\/www.escapadarural.com\/blog\/wp-content\/uploads\/2024\/10\/IMG_20221114_085524-1024x768-1.jpg","contentUrl":"https:\/\/www.escapadarural.com\/blog\/wp-content\/uploads\/2024\/10\/IMG_20221114_085524-1024x768-1.jpg","width":1024,"height":768,"caption":"Una ladera escarpada y rocosa con manchas de vegetaci\u00f3n verde y varias peque\u00f1as aberturas de cuevas cerca de la base; los \u00e1rboles crecen a lo largo del borde en la parte superior bajo un cielo despejado."},{"@type":"BreadcrumbList","@id":"https:\/\/www.escapadarural.com\/blog\/con-los-trogloditas-de-gran-canaria\/#breadcrumb","itemListElement":[{"@type":"ListItem","position":1,"name":"Inicio","item":"https:\/\/www.escapadarural.com\/blog\/"},{"@type":"ListItem","position":2,"name":"Arte y Cultura","item":"https:\/\/www.escapadarural.com\/blog\/categoria\/arte-y-cultura\/"},{"@type":"ListItem","position":3,"name":"Con los trogloditas de Gran Canaria"}]},{"@type":"WebSite","@id":"https:\/\/www.escapadarural.com\/blog\/#website","url":"https:\/\/www.escapadarural.com\/blog\/","name":"Blog de viajes | turismo rural, alojamientos e inspiraci\u00f3n","description":"Alojamientos rurales e inspiraci\u00f3n para tus escapadas","publisher":{"@id":"https:\/\/www.escapadarural.com\/blog\/#organization"},"alternateName":"Magazine de viajes de EscapadaRural","potentialAction":[{"@type":"SearchAction","target":{"@type":"EntryPoint","urlTemplate":"https:\/\/www.escapadarural.com\/blog\/?s={search_term_string}"},"query-input":{"@type":"PropertyValueSpecification","valueRequired":true,"valueName":"search_term_string"}}],"inLanguage":"es"},{"@type":"Organization","@id":"https:\/\/www.escapadarural.com\/blog\/#organization","name":"EscapadaRural","url":"https:\/\/www.escapadarural.com\/blog\/","logo":{"@type":"ImageObject","inLanguage":"es","@id":"https:\/\/www.escapadarural.com\/blog\/#\/schema\/logo\/image\/","url":"https:\/\/www.escapadarural.com\/blog\/wp-content\/uploads\/2024\/10\/cropped-cropped-escapada-rural-icon-mag-3.png","contentUrl":"https:\/\/www.escapadarural.com\/blog\/wp-content\/uploads\/2024\/10\/cropped-cropped-escapada-rural-icon-mag-3.png","width":512,"height":512,"caption":"EscapadaRural"},"image":{"@id":"https:\/\/www.escapadarural.com\/blog\/#\/schema\/logo\/image\/"},"sameAs":["https:\/\/www.facebook.com\/escapadarural","https:\/\/www.instagram.com\/escapadarural\/","https:\/\/www.youtube.com\/@escapadaruralcom"]},{"@type":"Person","@id":"https:\/\/www.escapadarural.com\/blog\/#\/schema\/person\/61723f566076c6fcd5d69c19c29701be","name":"Ander Izagirre","image":{"@type":"ImageObject","inLanguage":"es","@id":"https:\/\/secure.gravatar.com\/avatar\/3180d3896c97e73a53a1a23d03ffe24d8f4b0f0aa8b4e585dc410f5d866029c6?s=96&d=mm&r=g","url":"https:\/\/secure.gravatar.com\/avatar\/3180d3896c97e73a53a1a23d03ffe24d8f4b0f0aa8b4e585dc410f5d866029c6?s=96&d=mm&r=g","contentUrl":"https:\/\/secure.gravatar.com\/avatar\/3180d3896c97e73a53a1a23d03ffe24d8f4b0f0aa8b4e585dc410f5d866029c6?s=96&d=mm&r=g","caption":"Ander Izagirre"},"url":"https:\/\/www.escapadarural.com\/blog\/autor\/ander\/"}]}},"_links":{"self":[{"href":"https:\/\/www.escapadarural.com\/blog\/wp-json\/wp\/v2\/posts\/56531","targetHints":{"allow":["GET"]}}],"collection":[{"href":"https:\/\/www.escapadarural.com\/blog\/wp-json\/wp\/v2\/posts"}],"about":[{"href":"https:\/\/www.escapadarural.com\/blog\/wp-json\/wp\/v2\/types\/post"}],"author":[{"embeddable":true,"href":"https:\/\/www.escapadarural.com\/blog\/wp-json\/wp\/v2\/users\/139"}],"replies":[{"embeddable":true,"href":"https:\/\/www.escapadarural.com\/blog\/wp-json\/wp\/v2\/comments?post=56531"}],"version-history":[{"count":0,"href":"https:\/\/www.escapadarural.com\/blog\/wp-json\/wp\/v2\/posts\/56531\/revisions"}],"wp:featuredmedia":[{"embeddable":true,"href":"https:\/\/www.escapadarural.com\/blog\/wp-json\/wp\/v2\/media\/98701"}],"wp:attachment":[{"href":"https:\/\/www.escapadarural.com\/blog\/wp-json\/wp\/v2\/media?parent=56531"}],"wp:term":[{"taxonomy":"category","embeddable":true,"href":"https:\/\/www.escapadarural.com\/blog\/wp-json\/wp\/v2\/categories?post=56531"},{"taxonomy":"post_tag","embeddable":true,"href":"https:\/\/www.escapadarural.com\/blog\/wp-json\/wp\/v2\/tags?post=56531"}],"curies":[{"name":"wp","href":"https:\/\/api.w.org\/{rel}","templated":true}]}}