{"id":56538,"date":"2022-12-18T09:00:00","date_gmt":"2022-12-18T08:00:00","guid":{"rendered":"https:\/\/www.escapadarural.com\/blog\/?p=56538"},"modified":"2025-02-24T17:12:57","modified_gmt":"2025-02-24T15:12:57","slug":"mojacar-iluminado-navidad","status":"publish","type":"post","link":"https:\/\/www.escapadarural.com\/blog\/mojacar-iluminado-navidad\/","title":{"rendered":"Moj\u00e1car, el pueblo m\u00e1s iluminado de esta Navidad"},"content":{"rendered":"\n<figure class=\"wp-block-image size-large\"><img decoding=\"async\" src=\"https:\/\/www.escapadarural.com\/blog\/wp-content\/uploads\/precious-things-in-the-municipality-of-mojacar-a-town-of-white-houses-on-the-top-stockpack-adobe-stock-1024x683.jpg\" alt=\"Moj\u00e1car\" class=\"wp-image-56636\"\/><figcaption class=\"wp-element-caption\">Moj\u00e1car. Por AkuAku<\/figcaption><\/figure>\n\n\n\n<p>La Navidad es tiempo de iluminaci\u00f3n y este a\u00f1o <a href=\"https:\/\/www.escapadarural.com\/casas-rurales\/mojacar\"><strong>Moj\u00e1car<\/strong><\/a> va a disfrutar de una muy especial gracias a<strong> la iniciativa \u2018Juntos brillamos m\u00e1s\u2019 de Ferrero Rocher<\/strong>. Este pueblo almeriense ha sido el ganador de este concurso cuyo premio es ser \u2018el m\u00e1s iluminado\u2019 de las fiestas navide\u00f1as. Junto a \u00e9l se presentaron al concurso otras siete localidades, cada una con un \u2018pueblo padrino\u2019 que, en el caso de Moj\u00e1car, fue <a href=\"https:\/\/www.escapadarural.com\/casas-rurales\/peniscola\"><strong>Pe\u00f1\u00edscola<\/strong>.<\/a> En total, se han contabilizado 580.000 votaciones, muchas m\u00e1s que en anteriores ocasiones.<\/p>\n\n\n\n<p>La marca \u2013cuyos bombones envueltos en papel dorado son un cl\u00e1sico de estas fechas, sobre todo gracias a anuncios como el protagonizado por Isabel Preysler\u2013 encender\u00e1 <strong>el 18 de diciembre la iluminaci\u00f3n de Moj\u00e1car<\/strong>, compuesta por luces LED de alta eficiencia energ\u00e9tica para limitar el consumo de electricidad sin renunciar a la magia.<\/p>\n\n\n\n<p><a href=\"https:\/\/www.escapadarural.com\/casas-rurales\/ainsa\"><strong>A\u00ednsa<\/strong><\/a><strong>, Moj\u00e1car y <\/strong><a href=\"https:\/\/www.escapadarural.com\/casas-rurales\/santillana-del-mar\"><strong>Santillana del Mar<\/strong><\/a> fueron los tres finalistas de esta convocatoria a la que <strong>tambi\u00e9n se presentaron <\/strong><a href=\"https:\/\/www.escapadarural.com\/casas-rurales\/cazalla-de-la-sierra\"><strong>Cazalla de la Sierra<\/strong><\/a><strong>, <\/strong><a href=\"https:\/\/www.escapadarural.com\/casas-rurales\/chinchon\"><strong>Chinch\u00f3n<\/strong><\/a><strong>, <\/strong><a href=\"https:\/\/www.escapadarural.com\/casas-rurales\/portomarin\"><strong>Portomar\u00edn<\/strong><\/a><strong> y <\/strong><a href=\"https:\/\/www.escapadarural.com\/casas-rurales\/sigueenza\"><strong>Sig\u00fcenza<\/strong><\/a>. Los pueblos trabajaron duro para atraer votos: por ejemplo, A\u00ednsa levant\u00f3 un \u00e1rbol de Navidad hecho con ganchillo y recibi\u00f3 el apoyo p\u00fablico de personas conocidas como el presidente aragon\u00e9s Javier Lamb\u00e1n o la actriz Itziar Miranda. Por su parte, Santillana del Mar tambi\u00e9n cont\u00f3 con el respaldo de famosos como David Bustamante, Antonio Resines o Marta Hazas y Moj\u00e1car con el de David Bisbal, Carlos Herrera o Isabel Jim\u00e9nez.<\/p>\n\n\n\n<p>Algunos de los candidatos ya hab\u00edan obtenido otros galardones en el pasado aunque en otras competiciones. Por ejemplo, Santillana del Mar y Sig\u00fcenza fueron<strong> Capital de Turismo Rural<\/strong> en 2019 y 2017 respectivamente y Chinch\u00f3n fue finalista este a\u00f1o, aunque finalmente el triunfo fue para Cazorla.&nbsp;<\/p>\n\n\n\n<figure class=\"wp-block-image size-large\"><img decoding=\"async\" src=\"https:\/\/www.escapadarural.com\/blog\/wp-content\/uploads\/star-chocolate-star-follower-stockpack-pixabay-1024x768.jpg\" alt=\"ferrero rocher moj\u00e1car\" class=\"wp-image-56638\"\/><figcaption class=\"wp-element-caption\">Por <a class=\"stockpack-author\" href=\"https:\/\/pixabay.com\/users\/KRiemer?utm_source=Stockpack&amp;utm_medium=referral\" target=\"_blank\" rel=\"nofollow noopener noreferrer\">KRiemer<\/a><\/figcaption><\/figure>\n\n\n\n<p>La candidatura de Moj\u00e1car tambi\u00e9n se vio favorecida por <strong>la acci\u00f3n \u2018Reto Ferrero\u2019<\/strong>, que consisti\u00f3 en congregar al mayor n\u00famero de personas comiendo un bomb\u00f3n Ferrero Rocher a la vez. Seg\u00fan la organizaci\u00f3n, se llegaron a repartir hasta 3.000 entre todos los que acudieron a la llamada. Asimismo, cont\u00f3 con el apoyo de Pe\u00f1\u00edscola, su padrino y ganador de la pasada edici\u00f3n con quien comparte \u201csu cultura mediterr\u00e1nea\u201d, dicen en la web de la marca en la que se puede ver el v\u00eddeo promocional del galard\u00f3n.<\/p>\n\n\n\n<p><strong>\u00bfQu\u00e9 m\u00e1s hay en Moj\u00e1car?<\/strong><\/p>\n\n\n\n<figure class=\"wp-block-embed is-type-video is-provider-youtube wp-block-embed-youtube wp-embed-aspect-16-9 wp-has-aspect-ratio\"><div class=\"wp-block-embed__wrapper\">\n<span class=\"2nwsg8QJaujfhGaRDzOWqnmJvKZ0kyK1ebuI5pPps3zQG9ME8VbFlYRdBg04UN7oH6xh3AClvZDTcS\"><div class=\"video-shortcode\"><iframe title=\"FERRERO ROCHER PUEBLOS - 2022 MOJACAR\" width=\"1200\" height=\"675\" src=\"https:\/\/www.youtube.com\/embed\/0t4srJwrnJo?feature=oembed\" frameborder=\"0\" allow=\"accelerometer; autoplay; clipboard-write; encrypted-media; gyroscope; picture-in-picture; web-share\" referrerpolicy=\"strict-origin-when-cross-origin\" allowfullscreen><\/iframe><\/div><\/span>\n<\/div><\/figure>\n\n\n\n<p>Estas navidades se podr\u00e1 disfrutar de <strong>este pueblo de Almer\u00eda iluminado a lo grande<\/strong> por las noches, pero lo cierto es que pr\u00e1cticamente cualquier ocasi\u00f3n es buena para visitar esta localidad de calles enrevesadas y casas de fachadas blancas y techos planos. Adem\u00e1s, tambi\u00e9n se lo conoce como \u2018pueblo indalo\u2019 por excelencia, aunque muchas personas no sepan lo que significa.<\/p>\n\n\n\n<p>\u00bfQu\u00e9 es el Indalo? Se trata de una figura rupestre (de la \u00e9poca del Neol\u00edtico o de la Edad de Cobre) que representa a <strong>una persona con los brazos en cruz cubierta por un arco<\/strong>. En 1896 lo descubri\u00f3 en la Cueva de los Letreros, situada en <a href=\"https:\/\/www.escapadarural.com\/casas-rurales?l=velez-blanco\">V\u00e9lez Blanco<\/a>, el arque\u00f3logo Manuel de G\u00f3ngora y Mart\u00ednez y actualmente est\u00e1 declarado Patrimonio de la Humanidad. Dicho \u2018dibujo\u2019 se puede ver en casi cualquier lado de Moj\u00e1car, desde muros a souvenirs e incluso fue mascota de los Juegos del Mediterr\u00e1neo de 2005 con el nombre de <em>Indalete<\/em>. Popularmente, <strong>se utiliza como s\u00edmbolo de protecci\u00f3n y buena suerte<\/strong>, por eso est\u00e1 pintado en muchas fachadas.<\/p>\n\n\n\n<p>Los \u00e1rabes dejaron un buen rastro cuando pasaron por la localidad hace siglos. Puede apreciarse en<strong> la plaza del Parterre<\/strong>, donde se supone que hab\u00eda una antigua necr\u00f3polis donde los restos est\u00e1n orientados hacia La Meca. Por supuesto, otro ejemplo indiscutible de este pasado mud\u00e9jar es <strong>el antiguo aljibe musulm\u00e1n que se conserva<\/strong> en el mirador del castillo desde donde se ve el horizonte a 175 metros sobre el nivel del mar.<\/p>\n\n\n\n<figure class=\"wp-block-image size-large\"><img decoding=\"async\" src=\"https:\/\/www.escapadarural.com\/blog\/wp-content\/uploads\/historic-macenas-castle-on-the-mediterranean-beach-of-mojacar-almeria-spain-stockpack-adobe-stock-1024x637.jpg\" alt=\"Castillo Macenas de Moj\u00e1car\" class=\"wp-image-56640\"\/><figcaption class=\"wp-element-caption\">Castillo Macenas de Moj\u00e1car. Por Lux Blue<\/figcaption><\/figure>\n\n\n\n<p>Adem\u00e1s, <strong>la puerta de la ciudad<\/strong> \u2013acceso original a Moj\u00e1car\u2013 est\u00e1 hecha sobre los restos de la antigua puerta \u00e1rabe. Fue reconstruida en el siglo XVI y en ella se puede ver el escudo de la ciudad, con el \u00e1guila bic\u00e9fala de la casa de los Austria, y leer la leyenda \u201cA la muy noble y leal ciudad de Moj\u00e1car, llave y amparo del reino de Granada\u201d.<\/p>\n\n\n\n<p>El arte tambi\u00e9n est\u00e1 muy presente en las calles del pueblo. Por ejemplo, est\u00e1n<strong> las <em>Estatuas mojaqueras<\/em><\/strong> firmadas por la escultora almeriense M\u00aa \u00c1ngeles L\u00e1zaro Guil en 1989. Se trata de un homenaje a las vecinas del pueblo y al trabajo que han realizado durante siglos por mantener la vida y el bienestar de los habitantes de la localidad. Adem\u00e1s, <strong>tambi\u00e9n se puede visitar el Sopalmo<\/strong>, una pedan\u00eda con una ermita que fue lugar de reuni\u00f3n de artistas y pintores.<\/p>\n\n\n\n<figure class=\"wp-block-image size-large\"><img decoding=\"async\" src=\"https:\/\/www.escapadarural.com\/blog\/wp-content\/uploads\/mojacar-province-of-almeriaandalucia-stockpack-adobe-stock-1024x604.jpg\" alt=\"Mojacar, province of Almeria,Andalucia\" class=\"wp-image-56641\"\/><figcaption class=\"wp-element-caption\">Vista panor\u00e1mica de Moj\u00e1car. Por unamojacar<\/figcaption><\/figure>\n\n\n\n<p>Y otro de los<strong> lugares imperdibles de Moj\u00e1car es barrio jud\u00edo de El Arrabal<\/strong>, construido en el siglo XVII fuera de la muralla que rodeaba el pueblo. Se caracteriza sobre todo por sus cuestas empinadas, as\u00ed que lo mejor para recuperar fuerzas despu\u00e9s de recorrerlo es disfrutar de algunas de las delicias gastron\u00f3micas de la zona como los gurullos (un puchero de pasta elaborada con azafr\u00e1n y harina de trigo) y <strong>una copa de vino de la tierra<\/strong>. \u00a1Felices fiestas!<\/p>\n\n\n\n<div class=\"wp-block-buttons is-layout-flex wp-block-buttons-is-layout-flex\">\n<div class=\"wp-block-button\"><a class=\"wp-block-button__link wp-element-button\" href=\"https:\/\/www.escapadarural.com\/casas-rurales\/mojacar\">Casas rurales en Moj\u00e1car<\/a><\/div>\n<\/div>\n","protected":false},"excerpt":{"rendered":"<p>Estas navidades se podr\u00e1 disfrutar de este pueblo de Almer\u00eda iluminado a lo grande por las noches, pero lo cierto es que pr\u00e1cticamente cualquier ocasi\u00f3n es buena para visitar esta localidad de calles enrevesadas y casas de fachadas blancas y techos planos. Adem\u00e1s, tambi\u00e9n se lo conoce como \u2018pueblo indalo\u2019 por excelencia, aunque muchas personas no sepan lo que significa.<\/p>\n","protected":false},"author":114,"featured_media":56641,"comment_status":"open","ping_status":"open","sticky":false,"template":"","format":"standard","meta":{"_acf_changed":false,"om_disable_all_campaigns":false,"footnotes":""},"categories":[231],"tags":[355,6072,1053,4774,4775,4776,358,600,789],"class_list":["post-56538","post","type-post","status-publish","format-standard","has-post-thumbnail","hentry","category-arte-y-cultura","tag-que-ver-en-almeria","tag-andalucia","tag-concurso","tag-ferrero-rocher","tag-iluminacion","tag-juntos-brillamos-mas","tag-mojacar","tag-navidad","tag-peniscola"],"acf":[],"featured_image_src":"https:\/\/www.escapadarural.com\/blog\/wp-content\/uploads\/2022\/12\/mojacar-province-of-almeriaandalucia-stockpack-adobe-stock-scaled-1.jpg","author_info":{"display_name":"Carmen L\u00f3pez","author_link":"https:\/\/www.escapadarural.com\/blog\/autor\/carmenlopez\/"},"yoast_head":"<!-- This site is optimized with the Yoast SEO plugin v27.5 - https:\/\/yoast.com\/product\/yoast-seo-wordpress\/ -->\n<title>Moj\u00e1car, el pueblo m\u00e1s iluminado de esta Navidad - EscapadaRural<\/title>\n<meta name=\"robots\" content=\"index, follow, max-snippet:-1, max-image-preview:large, max-video-preview:-1\" \/>\n<link rel=\"canonical\" href=\"https:\/\/www.escapadarural.com\/blog\/mojacar-iluminado-navidad\/\" \/>\n<meta property=\"og:locale\" content=\"es_ES\" \/>\n<meta property=\"og:type\" content=\"article\" \/>\n<meta property=\"og:title\" content=\"Moj\u00e1car, el pueblo m\u00e1s iluminado de esta Navidad - EscapadaRural\" \/>\n<meta property=\"og:description\" content=\"Estas navidades se podr\u00e1 disfrutar de este pueblo de Almer\u00eda iluminado a lo grande por las noches, pero lo cierto es que pr\u00e1cticamente cualquier ocasi\u00f3n es buena para visitar esta localidad de calles enrevesadas y casas de fachadas blancas y techos planos. Adem\u00e1s, tambi\u00e9n se lo conoce como \u2018pueblo indalo\u2019 por excelencia, aunque muchas personas no sepan lo que significa.\" \/>\n<meta property=\"og:url\" content=\"https:\/\/www.escapadarural.com\/blog\/mojacar-iluminado-navidad\/\" \/>\n<meta property=\"og:site_name\" content=\"Magazine de viajes de EscapadaRural\" \/>\n<meta property=\"article:publisher\" content=\"https:\/\/www.facebook.com\/escapadarural\" \/>\n<meta property=\"article:published_time\" content=\"2022-12-18T08:00:00+00:00\" \/>\n<meta property=\"article:modified_time\" content=\"2025-02-24T15:12:57+00:00\" \/>\n<meta property=\"og:image\" content=\"https:\/\/www.escapadarural.com\/blog\/wp-content\/uploads\/2022\/12\/mojacar-province-of-almeriaandalucia-stockpack-adobe-stock-scaled-1.jpg\" \/>\n\t<meta property=\"og:image:width\" content=\"2048\" \/>\n\t<meta property=\"og:image:height\" content=\"1208\" \/>\n\t<meta property=\"og:image:type\" content=\"image\/jpeg\" \/>\n<meta name=\"author\" content=\"Carmen L\u00f3pez\" \/>\n<meta name=\"twitter:card\" content=\"summary_large_image\" \/>\n<meta name=\"twitter:label1\" content=\"Escrito por\" \/>\n\t<meta name=\"twitter:data1\" content=\"Carmen L\u00f3pez\" \/>\n\t<meta name=\"twitter:label2\" content=\"Tiempo de lectura\" \/>\n\t<meta name=\"twitter:data2\" content=\"5 minutos\" \/>\n<script type=\"application\/ld+json\" class=\"yoast-schema-graph\">{\"@context\":\"https:\\\/\\\/schema.org\",\"@graph\":[{\"@type\":\"Article\",\"@id\":\"https:\\\/\\\/www.escapadarural.com\\\/blog\\\/mojacar-iluminado-navidad\\\/#article\",\"isPartOf\":{\"@id\":\"https:\\\/\\\/www.escapadarural.com\\\/blog\\\/mojacar-iluminado-navidad\\\/\"},\"author\":{\"name\":\"Carmen L\u00f3pez\",\"@id\":\"https:\\\/\\\/www.escapadarural.com\\\/blog\\\/#\\\/schema\\\/person\\\/42dfdff6118172efc6a04c8ae599a2ce\"},\"headline\":\"Moj\u00e1car, el pueblo m\u00e1s iluminado de esta Navidad\",\"datePublished\":\"2022-12-18T08:00:00+00:00\",\"dateModified\":\"2025-02-24T15:12:57+00:00\",\"mainEntityOfPage\":{\"@id\":\"https:\\\/\\\/www.escapadarural.com\\\/blog\\\/mojacar-iluminado-navidad\\\/\"},\"wordCount\":956,\"commentCount\":0,\"publisher\":{\"@id\":\"https:\\\/\\\/www.escapadarural.com\\\/blog\\\/#organization\"},\"image\":{\"@id\":\"https:\\\/\\\/www.escapadarural.com\\\/blog\\\/mojacar-iluminado-navidad\\\/#primaryimage\"},\"thumbnailUrl\":\"https:\\\/\\\/www.escapadarural.com\\\/blog\\\/wp-content\\\/uploads\\\/2022\\\/12\\\/mojacar-province-of-almeriaandalucia-stockpack-adobe-stock-scaled-1.jpg\",\"keywords\":[\"Almer\u00eda\",\"Andaluc\u00eda\",\"Concurso\",\"Ferrero Rocher\",\"iluminaci\u00f3n\",\"juntos brillamos m\u00e1s\",\"Moj\u00e1car\",\"Navidad\",\"Pen\u00edscola\"],\"articleSection\":[\"Arte y Cultura\"],\"inLanguage\":\"es\",\"potentialAction\":[{\"@type\":\"CommentAction\",\"name\":\"Comment\",\"target\":[\"https:\\\/\\\/www.escapadarural.com\\\/blog\\\/mojacar-iluminado-navidad\\\/#respond\"]}]},{\"@type\":\"WebPage\",\"@id\":\"https:\\\/\\\/www.escapadarural.com\\\/blog\\\/mojacar-iluminado-navidad\\\/\",\"url\":\"https:\\\/\\\/www.escapadarural.com\\\/blog\\\/mojacar-iluminado-navidad\\\/\",\"name\":\"Moj\u00e1car, el pueblo m\u00e1s iluminado de esta Navidad - EscapadaRural\",\"isPartOf\":{\"@id\":\"https:\\\/\\\/www.escapadarural.com\\\/blog\\\/#website\"},\"primaryImageOfPage\":{\"@id\":\"https:\\\/\\\/www.escapadarural.com\\\/blog\\\/mojacar-iluminado-navidad\\\/#primaryimage\"},\"image\":{\"@id\":\"https:\\\/\\\/www.escapadarural.com\\\/blog\\\/mojacar-iluminado-navidad\\\/#primaryimage\"},\"thumbnailUrl\":\"https:\\\/\\\/www.escapadarural.com\\\/blog\\\/wp-content\\\/uploads\\\/2022\\\/12\\\/mojacar-province-of-almeriaandalucia-stockpack-adobe-stock-scaled-1.jpg\",\"datePublished\":\"2022-12-18T08:00:00+00:00\",\"dateModified\":\"2025-02-24T15:12:57+00:00\",\"breadcrumb\":{\"@id\":\"https:\\\/\\\/www.escapadarural.com\\\/blog\\\/mojacar-iluminado-navidad\\\/#breadcrumb\"},\"inLanguage\":\"es\",\"potentialAction\":[{\"@type\":\"ReadAction\",\"target\":[\"https:\\\/\\\/www.escapadarural.com\\\/blog\\\/mojacar-iluminado-navidad\\\/\"]}]},{\"@type\":\"ImageObject\",\"inLanguage\":\"es\",\"@id\":\"https:\\\/\\\/www.escapadarural.com\\\/blog\\\/mojacar-iluminado-navidad\\\/#primaryimage\",\"url\":\"https:\\\/\\\/www.escapadarural.com\\\/blog\\\/wp-content\\\/uploads\\\/2022\\\/12\\\/mojacar-province-of-almeriaandalucia-stockpack-adobe-stock-scaled-1.jpg\",\"contentUrl\":\"https:\\\/\\\/www.escapadarural.com\\\/blog\\\/wp-content\\\/uploads\\\/2022\\\/12\\\/mojacar-province-of-almeriaandalucia-stockpack-adobe-stock-scaled-1.jpg\",\"width\":2048,\"height\":1208,\"caption\":\"Vista panor\u00e1mica de Moj\u00e1car. Por unamojacar\"},{\"@type\":\"BreadcrumbList\",\"@id\":\"https:\\\/\\\/www.escapadarural.com\\\/blog\\\/mojacar-iluminado-navidad\\\/#breadcrumb\",\"itemListElement\":[{\"@type\":\"ListItem\",\"position\":1,\"name\":\"Inicio\",\"item\":\"https:\\\/\\\/www.escapadarural.com\\\/blog\\\/\"},{\"@type\":\"ListItem\",\"position\":2,\"name\":\"Arte y Cultura\",\"item\":\"https:\\\/\\\/www.escapadarural.com\\\/blog\\\/categoria\\\/arte-y-cultura\\\/\"},{\"@type\":\"ListItem\",\"position\":3,\"name\":\"Moj\u00e1car, el pueblo m\u00e1s iluminado de esta Navidad\"}]},{\"@type\":\"WebSite\",\"@id\":\"https:\\\/\\\/www.escapadarural.com\\\/blog\\\/#website\",\"url\":\"https:\\\/\\\/www.escapadarural.com\\\/blog\\\/\",\"name\":\"Blog de viajes | turismo rural, alojamientos e inspiraci\u00f3n\",\"description\":\"Alojamientos rurales e inspiraci\u00f3n para tus escapadas\",\"publisher\":{\"@id\":\"https:\\\/\\\/www.escapadarural.com\\\/blog\\\/#organization\"},\"alternateName\":\"Magazine de viajes de EscapadaRural\",\"potentialAction\":[{\"@type\":\"SearchAction\",\"target\":{\"@type\":\"EntryPoint\",\"urlTemplate\":\"https:\\\/\\\/www.escapadarural.com\\\/blog\\\/?s={search_term_string}\"},\"query-input\":{\"@type\":\"PropertyValueSpecification\",\"valueRequired\":true,\"valueName\":\"search_term_string\"}}],\"inLanguage\":\"es\"},{\"@type\":\"Organization\",\"@id\":\"https:\\\/\\\/www.escapadarural.com\\\/blog\\\/#organization\",\"name\":\"EscapadaRural\",\"url\":\"https:\\\/\\\/www.escapadarural.com\\\/blog\\\/\",\"logo\":{\"@type\":\"ImageObject\",\"inLanguage\":\"es\",\"@id\":\"https:\\\/\\\/www.escapadarural.com\\\/blog\\\/#\\\/schema\\\/logo\\\/image\\\/\",\"url\":\"https:\\\/\\\/www.escapadarural.com\\\/blog\\\/wp-content\\\/uploads\\\/2024\\\/10\\\/cropped-cropped-escapada-rural-icon-mag-3.png\",\"contentUrl\":\"https:\\\/\\\/www.escapadarural.com\\\/blog\\\/wp-content\\\/uploads\\\/2024\\\/10\\\/cropped-cropped-escapada-rural-icon-mag-3.png\",\"width\":512,\"height\":512,\"caption\":\"EscapadaRural\"},\"image\":{\"@id\":\"https:\\\/\\\/www.escapadarural.com\\\/blog\\\/#\\\/schema\\\/logo\\\/image\\\/\"},\"sameAs\":[\"https:\\\/\\\/www.facebook.com\\\/escapadarural\",\"https:\\\/\\\/www.instagram.com\\\/escapadarural\\\/\",\"https:\\\/\\\/www.youtube.com\\\/@escapadaruralcom\"]},{\"@type\":\"Person\",\"@id\":\"https:\\\/\\\/www.escapadarural.com\\\/blog\\\/#\\\/schema\\\/person\\\/42dfdff6118172efc6a04c8ae599a2ce\",\"name\":\"Carmen L\u00f3pez\",\"image\":{\"@type\":\"ImageObject\",\"inLanguage\":\"es\",\"@id\":\"https:\\\/\\\/www.escapadarural.com\\\/blog\\\/wp-content\\\/uploads\\\/2024\\\/11\\\/cropped-perfil_eldiario-96x96-1-96x96.jpeg\",\"url\":\"https:\\\/\\\/www.escapadarural.com\\\/blog\\\/wp-content\\\/uploads\\\/2024\\\/11\\\/cropped-perfil_eldiario-96x96-1-96x96.jpeg\",\"contentUrl\":\"https:\\\/\\\/www.escapadarural.com\\\/blog\\\/wp-content\\\/uploads\\\/2024\\\/11\\\/cropped-perfil_eldiario-96x96-1-96x96.jpeg\",\"caption\":\"Carmen L\u00f3pez\"},\"description\":\"Soy periodista y escribo sobre cosas que importan en sitios que interesan desde hace m\u00e1s de una d\u00e9cada.\",\"url\":\"https:\\\/\\\/www.escapadarural.com\\\/blog\\\/autor\\\/carmenlopez\\\/\"}]}<\/script>\n<!-- \/ Yoast SEO plugin. -->","yoast_head_json":{"title":"Moj\u00e1car, el pueblo m\u00e1s iluminado de esta Navidad - EscapadaRural","robots":{"index":"index","follow":"follow","max-snippet":"max-snippet:-1","max-image-preview":"max-image-preview:large","max-video-preview":"max-video-preview:-1"},"canonical":"https:\/\/www.escapadarural.com\/blog\/mojacar-iluminado-navidad\/","og_locale":"es_ES","og_type":"article","og_title":"Moj\u00e1car, el pueblo m\u00e1s iluminado de esta Navidad - EscapadaRural","og_description":"Estas navidades se podr\u00e1 disfrutar de este pueblo de Almer\u00eda iluminado a lo grande por las noches, pero lo cierto es que pr\u00e1cticamente cualquier ocasi\u00f3n es buena para visitar esta localidad de calles enrevesadas y casas de fachadas blancas y techos planos. Adem\u00e1s, tambi\u00e9n se lo conoce como \u2018pueblo indalo\u2019 por excelencia, aunque muchas personas no sepan lo que significa.","og_url":"https:\/\/www.escapadarural.com\/blog\/mojacar-iluminado-navidad\/","og_site_name":"Magazine de viajes de EscapadaRural","article_publisher":"https:\/\/www.facebook.com\/escapadarural","article_published_time":"2022-12-18T08:00:00+00:00","article_modified_time":"2025-02-24T15:12:57+00:00","og_image":[{"width":2048,"height":1208,"url":"https:\/\/www.escapadarural.com\/blog\/wp-content\/uploads\/2022\/12\/mojacar-province-of-almeriaandalucia-stockpack-adobe-stock-scaled-1.jpg","type":"image\/jpeg"}],"author":"Carmen L\u00f3pez","twitter_card":"summary_large_image","twitter_misc":{"Escrito por":"Carmen L\u00f3pez","Tiempo de lectura":"5 minutos"},"schema":{"@context":"https:\/\/schema.org","@graph":[{"@type":"Article","@id":"https:\/\/www.escapadarural.com\/blog\/mojacar-iluminado-navidad\/#article","isPartOf":{"@id":"https:\/\/www.escapadarural.com\/blog\/mojacar-iluminado-navidad\/"},"author":{"name":"Carmen L\u00f3pez","@id":"https:\/\/www.escapadarural.com\/blog\/#\/schema\/person\/42dfdff6118172efc6a04c8ae599a2ce"},"headline":"Moj\u00e1car, el pueblo m\u00e1s iluminado de esta Navidad","datePublished":"2022-12-18T08:00:00+00:00","dateModified":"2025-02-24T15:12:57+00:00","mainEntityOfPage":{"@id":"https:\/\/www.escapadarural.com\/blog\/mojacar-iluminado-navidad\/"},"wordCount":956,"commentCount":0,"publisher":{"@id":"https:\/\/www.escapadarural.com\/blog\/#organization"},"image":{"@id":"https:\/\/www.escapadarural.com\/blog\/mojacar-iluminado-navidad\/#primaryimage"},"thumbnailUrl":"https:\/\/www.escapadarural.com\/blog\/wp-content\/uploads\/2022\/12\/mojacar-province-of-almeriaandalucia-stockpack-adobe-stock-scaled-1.jpg","keywords":["Almer\u00eda","Andaluc\u00eda","Concurso","Ferrero Rocher","iluminaci\u00f3n","juntos brillamos m\u00e1s","Moj\u00e1car","Navidad","Pen\u00edscola"],"articleSection":["Arte y Cultura"],"inLanguage":"es","potentialAction":[{"@type":"CommentAction","name":"Comment","target":["https:\/\/www.escapadarural.com\/blog\/mojacar-iluminado-navidad\/#respond"]}]},{"@type":"WebPage","@id":"https:\/\/www.escapadarural.com\/blog\/mojacar-iluminado-navidad\/","url":"https:\/\/www.escapadarural.com\/blog\/mojacar-iluminado-navidad\/","name":"Moj\u00e1car, el pueblo m\u00e1s iluminado de esta Navidad - EscapadaRural","isPartOf":{"@id":"https:\/\/www.escapadarural.com\/blog\/#website"},"primaryImageOfPage":{"@id":"https:\/\/www.escapadarural.com\/blog\/mojacar-iluminado-navidad\/#primaryimage"},"image":{"@id":"https:\/\/www.escapadarural.com\/blog\/mojacar-iluminado-navidad\/#primaryimage"},"thumbnailUrl":"https:\/\/www.escapadarural.com\/blog\/wp-content\/uploads\/2022\/12\/mojacar-province-of-almeriaandalucia-stockpack-adobe-stock-scaled-1.jpg","datePublished":"2022-12-18T08:00:00+00:00","dateModified":"2025-02-24T15:12:57+00:00","breadcrumb":{"@id":"https:\/\/www.escapadarural.com\/blog\/mojacar-iluminado-navidad\/#breadcrumb"},"inLanguage":"es","potentialAction":[{"@type":"ReadAction","target":["https:\/\/www.escapadarural.com\/blog\/mojacar-iluminado-navidad\/"]}]},{"@type":"ImageObject","inLanguage":"es","@id":"https:\/\/www.escapadarural.com\/blog\/mojacar-iluminado-navidad\/#primaryimage","url":"https:\/\/www.escapadarural.com\/blog\/wp-content\/uploads\/2022\/12\/mojacar-province-of-almeriaandalucia-stockpack-adobe-stock-scaled-1.jpg","contentUrl":"https:\/\/www.escapadarural.com\/blog\/wp-content\/uploads\/2022\/12\/mojacar-province-of-almeriaandalucia-stockpack-adobe-stock-scaled-1.jpg","width":2048,"height":1208,"caption":"Vista panor\u00e1mica de Moj\u00e1car. Por unamojacar"},{"@type":"BreadcrumbList","@id":"https:\/\/www.escapadarural.com\/blog\/mojacar-iluminado-navidad\/#breadcrumb","itemListElement":[{"@type":"ListItem","position":1,"name":"Inicio","item":"https:\/\/www.escapadarural.com\/blog\/"},{"@type":"ListItem","position":2,"name":"Arte y Cultura","item":"https:\/\/www.escapadarural.com\/blog\/categoria\/arte-y-cultura\/"},{"@type":"ListItem","position":3,"name":"Moj\u00e1car, el pueblo m\u00e1s iluminado de esta Navidad"}]},{"@type":"WebSite","@id":"https:\/\/www.escapadarural.com\/blog\/#website","url":"https:\/\/www.escapadarural.com\/blog\/","name":"Blog de viajes | turismo rural, alojamientos e inspiraci\u00f3n","description":"Alojamientos rurales e inspiraci\u00f3n para tus escapadas","publisher":{"@id":"https:\/\/www.escapadarural.com\/blog\/#organization"},"alternateName":"Magazine de viajes de EscapadaRural","potentialAction":[{"@type":"SearchAction","target":{"@type":"EntryPoint","urlTemplate":"https:\/\/www.escapadarural.com\/blog\/?s={search_term_string}"},"query-input":{"@type":"PropertyValueSpecification","valueRequired":true,"valueName":"search_term_string"}}],"inLanguage":"es"},{"@type":"Organization","@id":"https:\/\/www.escapadarural.com\/blog\/#organization","name":"EscapadaRural","url":"https:\/\/www.escapadarural.com\/blog\/","logo":{"@type":"ImageObject","inLanguage":"es","@id":"https:\/\/www.escapadarural.com\/blog\/#\/schema\/logo\/image\/","url":"https:\/\/www.escapadarural.com\/blog\/wp-content\/uploads\/2024\/10\/cropped-cropped-escapada-rural-icon-mag-3.png","contentUrl":"https:\/\/www.escapadarural.com\/blog\/wp-content\/uploads\/2024\/10\/cropped-cropped-escapada-rural-icon-mag-3.png","width":512,"height":512,"caption":"EscapadaRural"},"image":{"@id":"https:\/\/www.escapadarural.com\/blog\/#\/schema\/logo\/image\/"},"sameAs":["https:\/\/www.facebook.com\/escapadarural","https:\/\/www.instagram.com\/escapadarural\/","https:\/\/www.youtube.com\/@escapadaruralcom"]},{"@type":"Person","@id":"https:\/\/www.escapadarural.com\/blog\/#\/schema\/person\/42dfdff6118172efc6a04c8ae599a2ce","name":"Carmen L\u00f3pez","image":{"@type":"ImageObject","inLanguage":"es","@id":"https:\/\/www.escapadarural.com\/blog\/wp-content\/uploads\/2024\/11\/cropped-perfil_eldiario-96x96-1-96x96.jpeg","url":"https:\/\/www.escapadarural.com\/blog\/wp-content\/uploads\/2024\/11\/cropped-perfil_eldiario-96x96-1-96x96.jpeg","contentUrl":"https:\/\/www.escapadarural.com\/blog\/wp-content\/uploads\/2024\/11\/cropped-perfil_eldiario-96x96-1-96x96.jpeg","caption":"Carmen L\u00f3pez"},"description":"Soy periodista y escribo sobre cosas que importan en sitios que interesan desde hace m\u00e1s de una d\u00e9cada.","url":"https:\/\/www.escapadarural.com\/blog\/autor\/carmenlopez\/"}]}},"_links":{"self":[{"href":"https:\/\/www.escapadarural.com\/blog\/wp-json\/wp\/v2\/posts\/56538","targetHints":{"allow":["GET"]}}],"collection":[{"href":"https:\/\/www.escapadarural.com\/blog\/wp-json\/wp\/v2\/posts"}],"about":[{"href":"https:\/\/www.escapadarural.com\/blog\/wp-json\/wp\/v2\/types\/post"}],"author":[{"embeddable":true,"href":"https:\/\/www.escapadarural.com\/blog\/wp-json\/wp\/v2\/users\/114"}],"replies":[{"embeddable":true,"href":"https:\/\/www.escapadarural.com\/blog\/wp-json\/wp\/v2\/comments?post=56538"}],"version-history":[{"count":0,"href":"https:\/\/www.escapadarural.com\/blog\/wp-json\/wp\/v2\/posts\/56538\/revisions"}],"wp:featuredmedia":[{"embeddable":true,"href":"https:\/\/www.escapadarural.com\/blog\/wp-json\/wp\/v2\/media\/56641"}],"wp:attachment":[{"href":"https:\/\/www.escapadarural.com\/blog\/wp-json\/wp\/v2\/media?parent=56538"}],"wp:term":[{"taxonomy":"category","embeddable":true,"href":"https:\/\/www.escapadarural.com\/blog\/wp-json\/wp\/v2\/categories?post=56538"},{"taxonomy":"post_tag","embeddable":true,"href":"https:\/\/www.escapadarural.com\/blog\/wp-json\/wp\/v2\/tags?post=56538"}],"curies":[{"name":"wp","href":"https:\/\/api.w.org\/{rel}","templated":true}]}}