{"id":56540,"date":"2022-12-15T09:56:04","date_gmt":"2022-12-15T08:56:04","guid":{"rendered":"https:\/\/www.escapadarural.com\/blog\/?p=56540"},"modified":"2025-06-10T15:22:19","modified_gmt":"2025-06-10T13:22:19","slug":"refugios-de-animales-en-cataluna","status":"publish","type":"post","link":"https:\/\/www.escapadarural.com\/blog\/refugios-de-animales-en-cataluna\/","title":{"rendered":"Destinos en Catalu\u00f1a donde los animales hablan"},"content":{"rendered":"\n<figure class=\"wp-block-image size-full\"><a href=\"https:\/\/www.escapadarural.com\/blog\/wp-content\/uploads\/Borda-Macia-al-poble-de-Roni.jpg\"><img decoding=\"async\" src=\"https:\/\/www.escapadarural.com\/blog\/wp-content\/uploads\/Borda-Macia-al-poble-de-Roni.jpg\" alt=\"Animales en agroturismo  familiar en Catalu\u00f1a\" class=\"wp-image-56541\"\/><\/a><figcaption class=\"wp-element-caption\">Por: INMEDIA SOLUTIONS S.L<\/figcaption><\/figure>\n\n\n\n<p>Estaba la periodista brit\u00e1nica Lucy Jones en el jard\u00edn de su casa una tarde de principios de oto\u00f1o con su beb\u00e9 cuando tuvo una especie de epifan\u00eda: \u00bfQuedar\u00eda en el futuro alg\u00fan bosque o vieja encina a la que su hija pudiese trepar? Luego escribi\u00f3 un precioso ensayo (<em>Perdiendo el ed\u00e9n<\/em>, Gatopardo Ediciones) sobre la importancia de <strong>permanecer en contacto con la naturaleza<\/strong> y cuidarla para nuestro propio bienestar psicol\u00f3gico y el desarrollo de capacidades cognitivas y afectivas.<\/p>\n\n\n\n<p>Por eso es importante conocer c\u00f3mo viven los animales, ver la fauna m\u00e1s all\u00e1 de la televisi\u00f3n, en su h\u00e1bitat natural si es posible. Verla, por ejemplo, en alguna de las granjas, refugios o parques especiales de animales que hay por todo<a href=\"https:\/\/www.escapadarural.com\/casas-rurales\/cataluna\" target=\"_blank\" rel=\"noreferrer noopener\"> Catalu\u00f1a<\/a>. Es posible (y muy divertido) <a href=\"\/blog\/experiencias-con-animales\/\">conocer la vida animal en familia<\/a> gracias a estas actividades.<\/p>\n\n\n\n<h2 class=\"wp-block-heading\" id=\"h-hacia-rutas-salvajes\"><strong>Hacia rutas salvajes<\/strong><\/h2>\n\n\n\n<figure class=\"wp-block-image size-large\"><a href=\"https:\/\/www.escapadarural.com\/blog\/wp-content\/uploads\/Exhibicio-de-vol-2c_Zoo-del-Pirineu-scaled.jpg\"><img decoding=\"async\" src=\"https:\/\/www.escapadarural.com\/blog\/wp-content\/uploads\/Exhibicio-de-vol-2c_Zoo-del-Pirineu-1024x683.jpg\" alt=\"Animales en el Zoo del Pirineu \" class=\"wp-image-56543\"\/><\/a><figcaption class=\"wp-element-caption\">Por: Zoo del Pirineu<\/figcaption><\/figure>\n\n\n\n<p>La vida salvaje puede latir mucho m\u00e1s cerca de casa de lo que nos parece. Basta con viajar hasta el <a href=\"https:\/\/www.escapadarural.com\/casas-rurales\/el-solsones\" target=\"_blank\" rel=\"noreferrer noopener\">Solson\u00e8s<\/a>, por ejemplo, para descubrirlo. Situado al pie de la <a href=\"https:\/\/www.escapadarural.com\/casas-rurales\/serres-d-oden-port-del-comte\" target=\"_blank\" rel=\"noreferrer noopener\">sierra del Port del Comte<\/a> y con unas vistas privilegiadas, el<strong> Zoo del Pirineu de Od\u00e8n en las Terres de Lleida,<\/strong> es un refugio que se puede visitar donde se dedican al <strong>cuidado, recuperaci\u00f3n y reintroducci\u00f3n<\/strong> (siempre que sea posible) de animales que han podido sufrir alg\u00fan percance.<\/p>\n\n\n\n<p>Sin salir de los Pirineos de Catalu\u00f1a, en las <a href=\"https:\/\/www.escapadarural.com\/casas-rurales\/valls-d-aneu\" target=\"_blank\" rel=\"noreferrer noopener\">Valls d&#8217;\u00c0neu<\/a> podemos vivir un encuentro animal de lo m\u00e1s fascinante. El lince boreal, uno de los felinos m\u00e1s majestuosos de Europa, habr\u00eda desaparecido sin la labor de centros como <a href=\"https:\/\/www.escapadarural.com\/casa-rural\/lleida\/mon-natura-pirineus\" target=\"_blank\" rel=\"noreferrer noopener\"><strong>M\u00f3nNatura Pirineus<\/strong>.<\/a> All\u00ed, en mayo del 2019, naci\u00f3 el primer ejemplar desde hac\u00eda un siglo.<\/p>\n\n\n\n<p>Si lo que se busca es un punto de adrenalina extra, despu\u00e9s de adentrarse como un cuidador m\u00e1s en los espacios naturales de <strong>Moll\u00f3 Parc<\/strong>, situado en el <a href=\"https:\/\/www.escapadarural.com\/casas-rurales\/vall-de-camprodon\" target=\"_blank\" rel=\"noreferrer noopener\">Valle de Camprod\u00f3n<\/a>, para ver zorros, gamos o corzos entre otros muchas especies aut\u00f3ctonas, se puede optar por aventurarse por cualquiera de los cuatro circuitos sobre los \u00e1rboles, adaptados a edades diferentes.<\/p>\n\n\n\n<h2 class=\"wp-block-heading\" id=\"h-un-dia-en-la-granja\">Un d\u00eda en la granja<\/h2>\n\n\n\n<figure class=\"wp-block-image size-large\"><a href=\"https:\/\/www.escapadarural.com\/blog\/wp-content\/uploads\/mas-la-coromina-scaled.jpg\"><img decoding=\"async\" src=\"https:\/\/www.escapadarural.com\/blog\/wp-content\/uploads\/mas-la-coromina-1024x808.jpg\" alt=\"Animales en Mas La Coromina\" class=\"wp-image-56545\"\/><\/a><figcaption class=\"wp-element-caption\">Por: Mas La Coromina<\/figcaption><\/figure>\n\n\n\n<p><strong>Mas La Coromina<\/strong> es una historia familiar de compromiso ecol\u00f3gico que empez\u00f3 en la Vall d\u2019en Bas en los Pirineos de Catalu\u00f1a en 1964 con unas pocas vacas y mucha ilusi\u00f3n. Hoy, Isabel y Albert son la tercera generaci\u00f3n y han convertido la granja en una <strong>explotaci\u00f3n ecol\u00f3gica<\/strong> con centenares de cabezas de ganado donde se respeta el ciclo de la naturaleza y donde muestran a sus vacas lecheras y toda su actividad para que ni\u00f1os y no tan ni\u00f1os aprendan un poco m\u00e1s del lugar de donde vienen algunos productos l\u00e1cteos que se encuentran en los lineales del supermercado. La jornada siempre finaliza con una degustaci\u00f3n de su leche y de los derivados que elaboran.<\/p>\n\n\n\n<p>Otra alternativa interesante es <strong>La Manreana<\/strong>, una granja donde hay espacio tanto para las especies m\u00e1s comunes como para los animales salvajes de la zona de la plana de <a href=\"https:\/\/www.escapadarural.com\/casas-rurales\/lleida\" target=\"_blank\" rel=\"noreferrer noopener\">Lleida<\/a>. Esta antigua mas\u00eda de pay\u00e9s rodeada de campos, situada en Juneda, en la comarca de <a href=\"https:\/\/www.escapadarural.com\/casas-rurales\/les-garrigues\" target=\"_blank\" rel=\"noreferrer noopener\">Les Garrigues<\/a> (Lleida), es el escenario ideal para dedicarse a la divulgaci\u00f3n del mundo del campesinado gracias a visitas teatralizadas cada fin de semana.<\/p>\n\n\n\n<p>Una oportunidad de disfrutar de una experiencia divertida y did\u00e1ctica a la vez, como tambi\u00e9n es el caso de <strong>M\u00f3n la Bassa<\/strong>, en El Vendrell en la <a href=\"https:\/\/www.escapadarural.com\/casas-rurales\/costa-daurada\" target=\"_blank\" rel=\"noreferrer noopener\">Costa Daurada<\/a>. All\u00ed, el burro Pippo se acerca siempre que puede a saludar a los visitantes. La responsable es Laia Galeano, quien en 2007, buscando un cambio de aires en su vida, decidi\u00f3 montar este refugio para acercar de forma creativa y respetuosa el mundo animal a las familias. Tiempo despu\u00e9s, m\u00e1s de 300 animales conviven en la finca y se pueden visitar cada domingo.<\/p>\n\n\n\n<p>Si lo que se pretende es combinar alojamiento y contacto directo con animales y fauna variopinta, una buena opci\u00f3n es el <strong>Camping Serra de Prades Resort<\/strong>. Ubicado en Vilanova de Prades, entre el <strong>Parque Natural de Poblet y el Parque Natural de la Sierra de Montsant<\/strong> en el interior de la Costa Daurada, es un camping familiar que organiza un taller rural para que los m\u00e1s peque\u00f1os aprendan a ocuparse de los animales junto a un granjero experto.<\/p>\n\n\n\n<h2 class=\"wp-block-heading\" id=\"h-contando-ovejas\">Contando ovejas<\/h2>\n\n\n\n<figure class=\"wp-block-image size-full\"><a href=\"https:\/\/www.escapadarural.com\/casa-rural\/lleida\/casa-macia\" target=\"_blank\" rel=\"noreferrer noopener\"><img decoding=\"async\" src=\"https:\/\/www.escapadarural.com\/blog\/wp-content\/uploads\/538839_1.jpg\" alt=\"La txusqueta\" class=\"wp-image-56547\"\/><\/a><figcaption class=\"wp-element-caption\">Casa Maci\u00e0, en Rialp. Por: INMEDIA SOLUTIONS S.L<\/figcaption><\/figure>\n\n\n\n<p>La <strong>Vall d\u2019\u00c0ssua<\/strong> en el Pirineo catal\u00e1n sorprende por ser en la pr\u00e1ctica un gran pasto verde. Y es que este es un valle que desde tiempos remotos gira alrededor del ciclo de los animales. Los pastores fueron aqu\u00ed los protagonistas mientras la <em>txisqueta<\/em>, la oveja t\u00edpica del Pallars, experta en sobrevivir en entornos de gran dureza, saltaba de aqu\u00ed para all\u00e1 en libertad.<\/p>\n\n\n\n<p>En la actualidad, los reba\u00f1os se han reducido, pero a\u00fan es posible conocer el oficio gracias al <strong>Ecomuseu dels Pastors de la Vall d\u2019\u00c0ssua<\/strong> y su actividad con la que vivir como un pastor durante un d\u00eda, mientras disfrutamos de la belleza del paisaje de alta monta\u00f1a. <em>Aviem lo bestiar<\/em> es una actividad organizada por el <strong>Ecomuseu dels Pastors de la Vall d\u2019\u00c0ssua<\/strong>.<\/p>\n\n\n\n<h2 class=\"wp-block-heading\" id=\"h-al-trote\">Al trote<\/h2>\n\n\n\n<figure class=\"wp-block-image size-large\"><a href=\"https:\/\/www.escapadarural.com\/blog\/wp-content\/uploads\/48323_Pineda-de-Mar_c_Nuria-Puentes.jpg\"><img decoding=\"async\" src=\"https:\/\/www.escapadarural.com\/blog\/wp-content\/uploads\/48323_Pineda-de-Mar_c_Nuria-Puentes-1024x677.jpg\" alt=\"Animales en Pineda de Mar\" class=\"wp-image-56548\"\/><\/a><figcaption class=\"wp-element-caption\">Por: N\u00faria Puentes<\/figcaption><\/figure>\n\n\n\n<p>Hay varios estudios por parte de la Universidad Aut\u00f3noma de Barcelona (UAB) y la Universidad de Lleida (UDL) que demuestran el impacto positivo en el paisaje, en la biodiversidad y en la salud de los bosques, de la presencia de caballos estos \u00faltimos a\u00f1os en el <a href=\"https:\/\/www.escapadarural.com\/casas-rurales\/parque-natural-del-garraf\" target=\"_blank\" rel=\"noreferrer noopener\">Parque del Garraf<\/a>.<\/p>\n\n\n\n<p>Lo mejor es que el p\u00fablico en general&nbsp; puede conocer de primera mano este importante proyecto gracias a las jornadas que organiza el ayuntamiento de <strong>Vilanova i la Geltr\u00fa<\/strong> en la Costa Barcelona junto con la Fundaci\u00f3n Miranda.<\/p>\n\n\n\n<p>Se tratan de jornadas inmersivas durante oto\u00f1o e invierno en los entornos naturales del parque con visitas guiadas para ir al encuentro de los <strong>caballos que pacen en libertad en los pastos<\/strong>, con explicaciones detalladas de comportamientos y vida de los animales incluida.&nbsp; As\u00ed, no solo se beneficia el entorno natural, tanto caballos como personas pueden conectar en armon\u00eda, desarroll\u00e1ndose como individuos.<\/p>\n\n\n\n<p>Contenido patrocinado por:<\/p>\n\n\n\n<figure class=\"wp-block-image size-full\"><a href=\"http:\/\/act.gencat.cat\/?lang=es\" target=\"_blank\"><img decoding=\"async\" src=\"https:\/\/www.escapadarural.com\/blog\/wp-content\/uploads\/Logo-Hola-Familia.jpg\" alt=\"Logo GENCAT + Hola Familia\" class=\"wp-image-56617\"\/><\/a><\/figure>\n","protected":false},"excerpt":{"rendered":"<p>Es importante conocer c\u00f3mo viven los animales en su h\u00e1bitat natural si es posible. Verla en alguna de las granjas y refugios que hay por todo Catalu\u00f1a.<\/p>\n","protected":false},"author":112,"featured_media":98968,"comment_status":"open","ping_status":"open","sticky":false,"template":"","format":"standard","meta":{"_acf_changed":false,"om_disable_all_campaigns":false,"footnotes":""},"categories":[191],"tags":[5994,4778,511,1185,2383,4779,4780,4003,4781],"class_list":["post-56540","post","type-post","status-publish","format-standard","has-post-thumbnail","hentry","category-destinos","tag-que-ver-en-cataluna","tag-ecomuseu-dels-pastors","tag-familia","tag-granja","tag-monnatura-pirineus","tag-parc-del-garraf","tag-refugio-de-animales","tag-solsones","tag-zoo-del-pirineu-de-oden"],"acf":[],"featured_image_src":"https:\/\/www.escapadarural.com\/blog\/wp-content\/uploads\/2024\/10\/Borda-Macia-al-poble-de-Roni.jpg","author_info":{"display_name":"Jos\u00e9 Alejandro Adamuz","author_link":"https:\/\/www.escapadarural.com\/blog\/autor\/josealejandro\/"},"yoast_head":"<!-- This site is optimized with the Yoast SEO plugin v27.5 - https:\/\/yoast.com\/product\/yoast-seo-wordpress\/ -->\n<title>Destinos en Catalu\u00f1a donde los animales hablan - EscapadaRural<\/title>\n<meta name=\"robots\" content=\"index, follow, max-snippet:-1, max-image-preview:large, max-video-preview:-1\" \/>\n<link rel=\"canonical\" href=\"https:\/\/www.escapadarural.com\/blog\/refugios-de-animales-en-cataluna\/\" \/>\n<meta property=\"og:locale\" content=\"es_ES\" \/>\n<meta property=\"og:type\" content=\"article\" \/>\n<meta property=\"og:title\" content=\"Destinos en Catalu\u00f1a donde los animales hablan - EscapadaRural\" \/>\n<meta property=\"og:description\" content=\"Es importante conocer c\u00f3mo viven los animales en su h\u00e1bitat natural si es posible. Verla en alguna de las granjas y refugios que hay por todo Catalu\u00f1a.\" \/>\n<meta property=\"og:url\" content=\"https:\/\/www.escapadarural.com\/blog\/refugios-de-animales-en-cataluna\/\" \/>\n<meta property=\"og:site_name\" content=\"Magazine de viajes de EscapadaRural\" \/>\n<meta property=\"article:publisher\" content=\"https:\/\/www.facebook.com\/escapadarural\" \/>\n<meta property=\"article:published_time\" content=\"2022-12-15T08:56:04+00:00\" \/>\n<meta property=\"article:modified_time\" content=\"2025-06-10T13:22:19+00:00\" \/>\n<meta property=\"og:image\" content=\"https:\/\/www.escapadarural.com\/blog\/wp-content\/uploads\/2024\/10\/Borda-Macia-al-poble-de-Roni.jpg\" \/>\n\t<meta property=\"og:image:width\" content=\"1024\" \/>\n\t<meta property=\"og:image:height\" content=\"682\" \/>\n\t<meta property=\"og:image:type\" content=\"image\/jpeg\" \/>\n<meta name=\"author\" content=\"Jos\u00e9 Alejandro Adamuz\" \/>\n<meta name=\"twitter:card\" content=\"summary_large_image\" \/>\n<meta name=\"twitter:label1\" content=\"Escrito por\" \/>\n\t<meta name=\"twitter:data1\" content=\"Jos\u00e9 Alejandro Adamuz\" \/>\n\t<meta name=\"twitter:label2\" content=\"Tiempo de lectura\" \/>\n\t<meta name=\"twitter:data2\" content=\"5 minutos\" \/>\n<script type=\"application\/ld+json\" class=\"yoast-schema-graph\">{\"@context\":\"https:\\\/\\\/schema.org\",\"@graph\":[{\"@type\":\"Article\",\"@id\":\"https:\\\/\\\/www.escapadarural.com\\\/blog\\\/refugios-de-animales-en-cataluna\\\/#article\",\"isPartOf\":{\"@id\":\"https:\\\/\\\/www.escapadarural.com\\\/blog\\\/refugios-de-animales-en-cataluna\\\/\"},\"author\":{\"name\":\"Jos\u00e9 Alejandro Adamuz\",\"@id\":\"https:\\\/\\\/www.escapadarural.com\\\/blog\\\/#\\\/schema\\\/person\\\/ac6969ba5ab90987dda9465be409d6b3\"},\"headline\":\"Destinos en Catalu\u00f1a donde los animales hablan\",\"datePublished\":\"2022-12-15T08:56:04+00:00\",\"dateModified\":\"2025-06-10T13:22:19+00:00\",\"mainEntityOfPage\":{\"@id\":\"https:\\\/\\\/www.escapadarural.com\\\/blog\\\/refugios-de-animales-en-cataluna\\\/\"},\"wordCount\":1078,\"commentCount\":1,\"publisher\":{\"@id\":\"https:\\\/\\\/www.escapadarural.com\\\/blog\\\/#organization\"},\"image\":{\"@id\":\"https:\\\/\\\/www.escapadarural.com\\\/blog\\\/refugios-de-animales-en-cataluna\\\/#primaryimage\"},\"thumbnailUrl\":\"https:\\\/\\\/www.escapadarural.com\\\/blog\\\/wp-content\\\/uploads\\\/2024\\\/10\\\/Borda-Macia-al-poble-de-Roni.jpg\",\"keywords\":[\"Catalu\u00f1a\",\"Ecomuseu dels Pastors\",\"Familia\",\"granja\",\"M\u00f3nNatura Pirineus\",\"Parc del Garraf\",\"Refugio de animales\",\"Solson\u00e8s\",\"Zoo del Pirineu de Od\u00e8n\"],\"articleSection\":[\"Destinos\"],\"inLanguage\":\"es\",\"potentialAction\":[{\"@type\":\"CommentAction\",\"name\":\"Comment\",\"target\":[\"https:\\\/\\\/www.escapadarural.com\\\/blog\\\/refugios-de-animales-en-cataluna\\\/#respond\"]}]},{\"@type\":\"WebPage\",\"@id\":\"https:\\\/\\\/www.escapadarural.com\\\/blog\\\/refugios-de-animales-en-cataluna\\\/\",\"url\":\"https:\\\/\\\/www.escapadarural.com\\\/blog\\\/refugios-de-animales-en-cataluna\\\/\",\"name\":\"Destinos en Catalu\u00f1a donde los animales hablan - EscapadaRural\",\"isPartOf\":{\"@id\":\"https:\\\/\\\/www.escapadarural.com\\\/blog\\\/#website\"},\"primaryImageOfPage\":{\"@id\":\"https:\\\/\\\/www.escapadarural.com\\\/blog\\\/refugios-de-animales-en-cataluna\\\/#primaryimage\"},\"image\":{\"@id\":\"https:\\\/\\\/www.escapadarural.com\\\/blog\\\/refugios-de-animales-en-cataluna\\\/#primaryimage\"},\"thumbnailUrl\":\"https:\\\/\\\/www.escapadarural.com\\\/blog\\\/wp-content\\\/uploads\\\/2024\\\/10\\\/Borda-Macia-al-poble-de-Roni.jpg\",\"datePublished\":\"2022-12-15T08:56:04+00:00\",\"dateModified\":\"2025-06-10T13:22:19+00:00\",\"breadcrumb\":{\"@id\":\"https:\\\/\\\/www.escapadarural.com\\\/blog\\\/refugios-de-animales-en-cataluna\\\/#breadcrumb\"},\"inLanguage\":\"es\",\"potentialAction\":[{\"@type\":\"ReadAction\",\"target\":[\"https:\\\/\\\/www.escapadarural.com\\\/blog\\\/refugios-de-animales-en-cataluna\\\/\"]}]},{\"@type\":\"ImageObject\",\"inLanguage\":\"es\",\"@id\":\"https:\\\/\\\/www.escapadarural.com\\\/blog\\\/refugios-de-animales-en-cataluna\\\/#primaryimage\",\"url\":\"https:\\\/\\\/www.escapadarural.com\\\/blog\\\/wp-content\\\/uploads\\\/2024\\\/10\\\/Borda-Macia-al-poble-de-Roni.jpg\",\"contentUrl\":\"https:\\\/\\\/www.escapadarural.com\\\/blog\\\/wp-content\\\/uploads\\\/2024\\\/10\\\/Borda-Macia-al-poble-de-Roni.jpg\",\"width\":1024,\"height\":682,\"caption\":\"Un ni\u00f1o con chaqueta blanca y bufanda estampada ofrece comida a una cabra parda que est\u00e1 en un terreno rocoso al aire libre. El fondo es herboso y ligeramente monta\u00f1oso.\"},{\"@type\":\"BreadcrumbList\",\"@id\":\"https:\\\/\\\/www.escapadarural.com\\\/blog\\\/refugios-de-animales-en-cataluna\\\/#breadcrumb\",\"itemListElement\":[{\"@type\":\"ListItem\",\"position\":1,\"name\":\"Inicio\",\"item\":\"https:\\\/\\\/www.escapadarural.com\\\/blog\\\/\"},{\"@type\":\"ListItem\",\"position\":2,\"name\":\"Destinos\",\"item\":\"https:\\\/\\\/www.escapadarural.com\\\/blog\\\/categoria\\\/destinos\\\/\"},{\"@type\":\"ListItem\",\"position\":3,\"name\":\"Destinos en Catalu\u00f1a donde los animales hablan\"}]},{\"@type\":\"WebSite\",\"@id\":\"https:\\\/\\\/www.escapadarural.com\\\/blog\\\/#website\",\"url\":\"https:\\\/\\\/www.escapadarural.com\\\/blog\\\/\",\"name\":\"Blog de viajes | turismo rural, alojamientos e inspiraci\u00f3n\",\"description\":\"Alojamientos rurales e inspiraci\u00f3n para tus escapadas\",\"publisher\":{\"@id\":\"https:\\\/\\\/www.escapadarural.com\\\/blog\\\/#organization\"},\"alternateName\":\"Magazine de viajes de EscapadaRural\",\"potentialAction\":[{\"@type\":\"SearchAction\",\"target\":{\"@type\":\"EntryPoint\",\"urlTemplate\":\"https:\\\/\\\/www.escapadarural.com\\\/blog\\\/?s={search_term_string}\"},\"query-input\":{\"@type\":\"PropertyValueSpecification\",\"valueRequired\":true,\"valueName\":\"search_term_string\"}}],\"inLanguage\":\"es\"},{\"@type\":\"Organization\",\"@id\":\"https:\\\/\\\/www.escapadarural.com\\\/blog\\\/#organization\",\"name\":\"EscapadaRural\",\"url\":\"https:\\\/\\\/www.escapadarural.com\\\/blog\\\/\",\"logo\":{\"@type\":\"ImageObject\",\"inLanguage\":\"es\",\"@id\":\"https:\\\/\\\/www.escapadarural.com\\\/blog\\\/#\\\/schema\\\/logo\\\/image\\\/\",\"url\":\"https:\\\/\\\/www.escapadarural.com\\\/blog\\\/wp-content\\\/uploads\\\/2024\\\/10\\\/cropped-cropped-escapada-rural-icon-mag-3.png\",\"contentUrl\":\"https:\\\/\\\/www.escapadarural.com\\\/blog\\\/wp-content\\\/uploads\\\/2024\\\/10\\\/cropped-cropped-escapada-rural-icon-mag-3.png\",\"width\":512,\"height\":512,\"caption\":\"EscapadaRural\"},\"image\":{\"@id\":\"https:\\\/\\\/www.escapadarural.com\\\/blog\\\/#\\\/schema\\\/logo\\\/image\\\/\"},\"sameAs\":[\"https:\\\/\\\/www.facebook.com\\\/escapadarural\",\"https:\\\/\\\/www.instagram.com\\\/escapadarural\\\/\",\"https:\\\/\\\/www.youtube.com\\\/@escapadaruralcom\"]},{\"@type\":\"Person\",\"@id\":\"https:\\\/\\\/www.escapadarural.com\\\/blog\\\/#\\\/schema\\\/person\\\/ac6969ba5ab90987dda9465be409d6b3\",\"name\":\"Jos\u00e9 Alejandro Adamuz\",\"image\":{\"@type\":\"ImageObject\",\"inLanguage\":\"es\",\"@id\":\"https:\\\/\\\/www.escapadarural.com\\\/blog\\\/wp-content\\\/uploads\\\/2025\\\/02\\\/cropped-jose_alejandro_viajar-96x96.webp\",\"url\":\"https:\\\/\\\/www.escapadarural.com\\\/blog\\\/wp-content\\\/uploads\\\/2025\\\/02\\\/cropped-jose_alejandro_viajar-96x96.webp\",\"contentUrl\":\"https:\\\/\\\/www.escapadarural.com\\\/blog\\\/wp-content\\\/uploads\\\/2025\\\/02\\\/cropped-jose_alejandro_viajar-96x96.webp\",\"caption\":\"Jos\u00e9 Alejandro Adamuz\"},\"description\":\"Soy licenciado en filolog\u00eda hisp\u00e1nica y periodista por vocaci\u00f3n. Tambi\u00e9n soy disl\u00e9xico, por lo que suelo confundir la derecha con la izquierda y los kil\u00f3metros con la literatura. Pero de momento me va bien as\u00ed. Colaboro habitualmente en diferentes medios haciendo cr\u00f3nica de viajes y periodismo cultural. Me gusta que los viajes cuenten historias y que las historias me hagan viajar.\",\"sameAs\":[\"https:\\\/\\\/viviratodaletra.com\\\/\"],\"url\":\"https:\\\/\\\/www.escapadarural.com\\\/blog\\\/autor\\\/josealejandro\\\/\"}]}<\/script>\n<!-- \/ Yoast SEO plugin. -->","yoast_head_json":{"title":"Destinos en Catalu\u00f1a donde los animales hablan - EscapadaRural","robots":{"index":"index","follow":"follow","max-snippet":"max-snippet:-1","max-image-preview":"max-image-preview:large","max-video-preview":"max-video-preview:-1"},"canonical":"https:\/\/www.escapadarural.com\/blog\/refugios-de-animales-en-cataluna\/","og_locale":"es_ES","og_type":"article","og_title":"Destinos en Catalu\u00f1a donde los animales hablan - EscapadaRural","og_description":"Es importante conocer c\u00f3mo viven los animales en su h\u00e1bitat natural si es posible. Verla en alguna de las granjas y refugios que hay por todo Catalu\u00f1a.","og_url":"https:\/\/www.escapadarural.com\/blog\/refugios-de-animales-en-cataluna\/","og_site_name":"Magazine de viajes de EscapadaRural","article_publisher":"https:\/\/www.facebook.com\/escapadarural","article_published_time":"2022-12-15T08:56:04+00:00","article_modified_time":"2025-06-10T13:22:19+00:00","og_image":[{"width":1024,"height":682,"url":"https:\/\/www.escapadarural.com\/blog\/wp-content\/uploads\/2024\/10\/Borda-Macia-al-poble-de-Roni.jpg","type":"image\/jpeg"}],"author":"Jos\u00e9 Alejandro Adamuz","twitter_card":"summary_large_image","twitter_misc":{"Escrito por":"Jos\u00e9 Alejandro Adamuz","Tiempo de lectura":"5 minutos"},"schema":{"@context":"https:\/\/schema.org","@graph":[{"@type":"Article","@id":"https:\/\/www.escapadarural.com\/blog\/refugios-de-animales-en-cataluna\/#article","isPartOf":{"@id":"https:\/\/www.escapadarural.com\/blog\/refugios-de-animales-en-cataluna\/"},"author":{"name":"Jos\u00e9 Alejandro Adamuz","@id":"https:\/\/www.escapadarural.com\/blog\/#\/schema\/person\/ac6969ba5ab90987dda9465be409d6b3"},"headline":"Destinos en Catalu\u00f1a donde los animales hablan","datePublished":"2022-12-15T08:56:04+00:00","dateModified":"2025-06-10T13:22:19+00:00","mainEntityOfPage":{"@id":"https:\/\/www.escapadarural.com\/blog\/refugios-de-animales-en-cataluna\/"},"wordCount":1078,"commentCount":1,"publisher":{"@id":"https:\/\/www.escapadarural.com\/blog\/#organization"},"image":{"@id":"https:\/\/www.escapadarural.com\/blog\/refugios-de-animales-en-cataluna\/#primaryimage"},"thumbnailUrl":"https:\/\/www.escapadarural.com\/blog\/wp-content\/uploads\/2024\/10\/Borda-Macia-al-poble-de-Roni.jpg","keywords":["Catalu\u00f1a","Ecomuseu dels Pastors","Familia","granja","M\u00f3nNatura Pirineus","Parc del Garraf","Refugio de animales","Solson\u00e8s","Zoo del Pirineu de Od\u00e8n"],"articleSection":["Destinos"],"inLanguage":"es","potentialAction":[{"@type":"CommentAction","name":"Comment","target":["https:\/\/www.escapadarural.com\/blog\/refugios-de-animales-en-cataluna\/#respond"]}]},{"@type":"WebPage","@id":"https:\/\/www.escapadarural.com\/blog\/refugios-de-animales-en-cataluna\/","url":"https:\/\/www.escapadarural.com\/blog\/refugios-de-animales-en-cataluna\/","name":"Destinos en Catalu\u00f1a donde los animales hablan - EscapadaRural","isPartOf":{"@id":"https:\/\/www.escapadarural.com\/blog\/#website"},"primaryImageOfPage":{"@id":"https:\/\/www.escapadarural.com\/blog\/refugios-de-animales-en-cataluna\/#primaryimage"},"image":{"@id":"https:\/\/www.escapadarural.com\/blog\/refugios-de-animales-en-cataluna\/#primaryimage"},"thumbnailUrl":"https:\/\/www.escapadarural.com\/blog\/wp-content\/uploads\/2024\/10\/Borda-Macia-al-poble-de-Roni.jpg","datePublished":"2022-12-15T08:56:04+00:00","dateModified":"2025-06-10T13:22:19+00:00","breadcrumb":{"@id":"https:\/\/www.escapadarural.com\/blog\/refugios-de-animales-en-cataluna\/#breadcrumb"},"inLanguage":"es","potentialAction":[{"@type":"ReadAction","target":["https:\/\/www.escapadarural.com\/blog\/refugios-de-animales-en-cataluna\/"]}]},{"@type":"ImageObject","inLanguage":"es","@id":"https:\/\/www.escapadarural.com\/blog\/refugios-de-animales-en-cataluna\/#primaryimage","url":"https:\/\/www.escapadarural.com\/blog\/wp-content\/uploads\/2024\/10\/Borda-Macia-al-poble-de-Roni.jpg","contentUrl":"https:\/\/www.escapadarural.com\/blog\/wp-content\/uploads\/2024\/10\/Borda-Macia-al-poble-de-Roni.jpg","width":1024,"height":682,"caption":"Un ni\u00f1o con chaqueta blanca y bufanda estampada ofrece comida a una cabra parda que est\u00e1 en un terreno rocoso al aire libre. El fondo es herboso y ligeramente monta\u00f1oso."},{"@type":"BreadcrumbList","@id":"https:\/\/www.escapadarural.com\/blog\/refugios-de-animales-en-cataluna\/#breadcrumb","itemListElement":[{"@type":"ListItem","position":1,"name":"Inicio","item":"https:\/\/www.escapadarural.com\/blog\/"},{"@type":"ListItem","position":2,"name":"Destinos","item":"https:\/\/www.escapadarural.com\/blog\/categoria\/destinos\/"},{"@type":"ListItem","position":3,"name":"Destinos en Catalu\u00f1a donde los animales hablan"}]},{"@type":"WebSite","@id":"https:\/\/www.escapadarural.com\/blog\/#website","url":"https:\/\/www.escapadarural.com\/blog\/","name":"Blog de viajes | turismo rural, alojamientos e inspiraci\u00f3n","description":"Alojamientos rurales e inspiraci\u00f3n para tus escapadas","publisher":{"@id":"https:\/\/www.escapadarural.com\/blog\/#organization"},"alternateName":"Magazine de viajes de EscapadaRural","potentialAction":[{"@type":"SearchAction","target":{"@type":"EntryPoint","urlTemplate":"https:\/\/www.escapadarural.com\/blog\/?s={search_term_string}"},"query-input":{"@type":"PropertyValueSpecification","valueRequired":true,"valueName":"search_term_string"}}],"inLanguage":"es"},{"@type":"Organization","@id":"https:\/\/www.escapadarural.com\/blog\/#organization","name":"EscapadaRural","url":"https:\/\/www.escapadarural.com\/blog\/","logo":{"@type":"ImageObject","inLanguage":"es","@id":"https:\/\/www.escapadarural.com\/blog\/#\/schema\/logo\/image\/","url":"https:\/\/www.escapadarural.com\/blog\/wp-content\/uploads\/2024\/10\/cropped-cropped-escapada-rural-icon-mag-3.png","contentUrl":"https:\/\/www.escapadarural.com\/blog\/wp-content\/uploads\/2024\/10\/cropped-cropped-escapada-rural-icon-mag-3.png","width":512,"height":512,"caption":"EscapadaRural"},"image":{"@id":"https:\/\/www.escapadarural.com\/blog\/#\/schema\/logo\/image\/"},"sameAs":["https:\/\/www.facebook.com\/escapadarural","https:\/\/www.instagram.com\/escapadarural\/","https:\/\/www.youtube.com\/@escapadaruralcom"]},{"@type":"Person","@id":"https:\/\/www.escapadarural.com\/blog\/#\/schema\/person\/ac6969ba5ab90987dda9465be409d6b3","name":"Jos\u00e9 Alejandro Adamuz","image":{"@type":"ImageObject","inLanguage":"es","@id":"https:\/\/www.escapadarural.com\/blog\/wp-content\/uploads\/2025\/02\/cropped-jose_alejandro_viajar-96x96.webp","url":"https:\/\/www.escapadarural.com\/blog\/wp-content\/uploads\/2025\/02\/cropped-jose_alejandro_viajar-96x96.webp","contentUrl":"https:\/\/www.escapadarural.com\/blog\/wp-content\/uploads\/2025\/02\/cropped-jose_alejandro_viajar-96x96.webp","caption":"Jos\u00e9 Alejandro Adamuz"},"description":"Soy licenciado en filolog\u00eda hisp\u00e1nica y periodista por vocaci\u00f3n. Tambi\u00e9n soy disl\u00e9xico, por lo que suelo confundir la derecha con la izquierda y los kil\u00f3metros con la literatura. Pero de momento me va bien as\u00ed. Colaboro habitualmente en diferentes medios haciendo cr\u00f3nica de viajes y periodismo cultural. Me gusta que los viajes cuenten historias y que las historias me hagan viajar.","sameAs":["https:\/\/viviratodaletra.com\/"],"url":"https:\/\/www.escapadarural.com\/blog\/autor\/josealejandro\/"}]}},"_links":{"self":[{"href":"https:\/\/www.escapadarural.com\/blog\/wp-json\/wp\/v2\/posts\/56540","targetHints":{"allow":["GET"]}}],"collection":[{"href":"https:\/\/www.escapadarural.com\/blog\/wp-json\/wp\/v2\/posts"}],"about":[{"href":"https:\/\/www.escapadarural.com\/blog\/wp-json\/wp\/v2\/types\/post"}],"author":[{"embeddable":true,"href":"https:\/\/www.escapadarural.com\/blog\/wp-json\/wp\/v2\/users\/112"}],"replies":[{"embeddable":true,"href":"https:\/\/www.escapadarural.com\/blog\/wp-json\/wp\/v2\/comments?post=56540"}],"version-history":[{"count":0,"href":"https:\/\/www.escapadarural.com\/blog\/wp-json\/wp\/v2\/posts\/56540\/revisions"}],"wp:featuredmedia":[{"embeddable":true,"href":"https:\/\/www.escapadarural.com\/blog\/wp-json\/wp\/v2\/media\/98968"}],"wp:attachment":[{"href":"https:\/\/www.escapadarural.com\/blog\/wp-json\/wp\/v2\/media?parent=56540"}],"wp:term":[{"taxonomy":"category","embeddable":true,"href":"https:\/\/www.escapadarural.com\/blog\/wp-json\/wp\/v2\/categories?post=56540"},{"taxonomy":"post_tag","embeddable":true,"href":"https:\/\/www.escapadarural.com\/blog\/wp-json\/wp\/v2\/tags?post=56540"}],"curies":[{"name":"wp","href":"https:\/\/api.w.org\/{rel}","templated":true}]}}