{"id":56646,"date":"2023-01-31T10:07:35","date_gmt":"2023-01-31T09:07:35","guid":{"rendered":"https:\/\/www.escapadarural.com\/blog\/?p=56646"},"modified":"2025-08-12T17:25:47","modified_gmt":"2025-08-12T15:25:47","slug":"cueva-de-ardales-malaga-arte-rupestre","status":"publish","type":"post","link":"https:\/\/www.escapadarural.com\/blog\/cueva-de-ardales-malaga-arte-rupestre\/","title":{"rendered":"La cueva espa\u00f1ola que fue utilizada durante 50.000 a\u00f1os"},"content":{"rendered":"\n<figure class=\"wp-block-image size-large\"><a href=\"https:\/\/www.escapadarural.com\/blog\/wp-content\/uploads\/Cueva_de_Ardales_2-1-scaled.jpg\"><img decoding=\"async\" src=\"https:\/\/www.escapadarural.com\/blog\/wp-content\/uploads\/2023\/01\/Cueva_de_Ardales_2-1-924x1024-1.jpg\" alt=\"Cueva de Ardales\" class=\"wp-image-57738\"\/><\/a><figcaption class=\"wp-element-caption\">Cueva de Ardales. Por JamesNarmer<\/figcaption><\/figure>\n\n\n\n<p>La cueva de <a href=\"https:\/\/www.escapadarural.com\/casas-rurales\/ardales\">Ardales<\/a>, situada en el pueblo hom\u00f3nimo, en M\u00e1laga, es c\u00e9lebre por el abundante y diverso arte prehist\u00f3rico pintado e inscrito en sus paredes. Ubicada en el cerro de la Calinoria, a unos 50 kil\u00f3metros de la costa, la cavidad contiene <strong>m\u00e1s de 1.000 pinturas y grabados<\/strong> que se encuentran en una amplia variedad de superficies.&nbsp;<\/p>\n\n\n\n<p>Con una longitud de 1.577 metros en dos niveles conectados entre s\u00ed, la cueva fue descubierta en 1821, cuando un terremoto removi\u00f3 los sedimentos y dej\u00f3 libre la actual entrada a la gruta. Las manifestaciones rupestres fueron descubiertas por H. Breuil y Miguel Such cuando realizaron la primera visita hace m\u00e1s de un siglo (en 1918), identificando entonces diversas&nbsp;<strong>figuras pintadas<\/strong> en la sala de \u00abEl Calvario\u00bb.<\/p>\n\n\n\n<p>La cueva es de gran inter\u00e9s tur\u00edstico y cultural, y est\u00e1 abierta al p\u00fablico para visitas guiadas. Durante la visita, se pueden ver las diferentes salas de la cueva, como la de los Murci\u00e9lagos, la de los Espejos y la sala de los Galones, que ofrecen unas impresionantes vistas de las formaciones rocosas y la historia de la cueva.<\/p>\n\n\n\n<figure class=\"wp-block-image size-large\"><a href=\"https:\/\/www.escapadarural.com\/blog\/wp-content\/uploads\/02-cueva-de-ardales-sala-de-las-estrellas-scaled.jpg\"><img decoding=\"async\" src=\"https:\/\/www.escapadarural.com\/blog\/wp-content\/uploads\/2023\/01\/02-cueva-de-ardales-sala-de-las-estrellas-1024x683-1.jpg\" alt=\"Cueva de Ardales\" class=\"wp-image-57739\"\/><\/a><figcaption class=\"wp-element-caption\">Cueva de Ardales. Por Ayuntamiento de Ardales<\/figcaption><\/figure>\n\n\n\n<p>La visita siempre es guiada y hay que reservar con antelaci\u00f3n, pues est\u00e1 <strong>restringida a 15 personas por d\u00eda<\/strong>. Habitualmente, la visita tiene su inicio en el Centro de Interpretaci\u00f3n ubicado en el n\u00facleo urbano de Ardales y, desde ah\u00ed, en coche se accede hasta la entrada de la gruta, en la que se realiza un itinerario de dos horas. A todos los visitantes se les proporcionan linternas individuales para que arranquen las sombras que cubren las obras m\u00e1s extraordinarias de la cueva.&nbsp;<\/p>\n\n\n\n<p>Tambi\u00e9n es importante tener en cuenta que la cueva es un lugar fr\u00edo y h\u00famedo, por lo que es recomendable llevar ropa abrigada y c\u00f3moda para la visita.<\/p>\n\n\n\n<h2 class=\"wp-block-heading\" id=\"h-nuestros-primos-neandertales-de-la-cueva-de-ardales\"><strong>Nuestros primos neandertales<\/strong> de la cueva de Ardales<\/h2>\n\n\n\n<figure class=\"wp-block-embed is-type-video is-provider-youtube wp-block-embed-youtube wp-embed-aspect-16-9 wp-has-aspect-ratio\"><div class=\"wp-block-embed__wrapper\">\n<span class=\"20cYwS41Iuyrk5MDqgtsi6ALmUTavEpdfzVBbHR\"><div class=\"video-shortcode\"><iframe title=\"Catedral del Tri\u00e1sico, La Cueva de Ardales, M\u00e1laga\" width=\"1200\" height=\"675\" src=\"https:\/\/www.youtube.com\/embed\/cVwaRS_bpNk?feature=oembed\" frameborder=\"0\" allow=\"accelerometer; autoplay; clipboard-write; encrypted-media; gyroscope; picture-in-picture; web-share\" referrerpolicy=\"strict-origin-when-cross-origin\" allowfullscreen><\/iframe><\/div><\/span>\n<\/div><\/figure>\n\n\n\n<p>Los <strong>neandertales<\/strong> (<em>Homo neanderthalensis<\/em>) fueron una especie de hom\u00ednido que vivi\u00f3 en Europa y el Asia Occidental durante un periodo comprendido entre hace unos 400.000 y 40.000 a\u00f1os. Los neandertales eran humanos evolucionados que compart\u00edan muchas caracter\u00edsticas con los humanos modernos, pero tambi\u00e9n presentaban algunas diferencias f\u00edsicas y culturales.<\/p>\n\n\n\n<p>Se cree que eran muy h\u00e1biles en la fabricaci\u00f3n de herramientas de piedra y que ten\u00edan una gran capacidad para sobrevivir en entornos dif\u00edciles. Tambi\u00e9n se sabe que eran capaces de usar el fuego y que ten\u00edan una relaci\u00f3n cercana con sus muertos, a menudo enterr\u00e1ndolos con objetos y ceremonias. Aunque los neandertales desaparecieron <strong>hace aproximadamente 40.000 a\u00f1os<\/strong>, han dejado una importante huella en la historia de la humanidad.<\/p>\n\n\n\n<p>Si bien la mayor\u00eda de las pinturas, en las que destacan las representaciones abstractas realizadas con pigmentos rojos, se han datado en el Paleol\u00edtico Superior (35.000-10.000 a.C.), estudios recientes han desvelado una antig\u00fcedad m\u00e1s tard\u00eda, que se remontar\u00eda hasta hace 65.000 a\u00f1os. Es decir, fueron realizadas por <strong>neandertales<\/strong> en la cueva de Ardales.<\/p>\n\n\n\n<figure class=\"wp-block-image size-large\"><a href=\"https:\/\/www.escapadarural.com\/blog\/wp-content\/uploads\/cueva-de-ardales-arte-paleolitico-01-scaled.jpg\"><img decoding=\"async\" src=\"https:\/\/www.escapadarural.com\/blog\/wp-content\/uploads\/2023\/01\/cueva-de-ardales-arte-paleolitico-01-1024x685-1.jpg\" alt=\"Cueva de Ardales\" class=\"wp-image-57740\"\/><\/a><figcaption class=\"wp-element-caption\">Pinturas rupestres en la cueva de Ardales. Por Ayuntamiento de Ardales <\/figcaption><\/figure>\n\n\n\n<p>A pesar de que fue descubierta hace m\u00e1s de 200 a\u00f1os, hasta hace poco se desconoc\u00eda la naturaleza de la ocupaci\u00f3n humana y el uso de la cueva aparte de la producci\u00f3n de arte rupestre, dado que no se hab\u00edan realizado excavaciones anteriormente.&nbsp;<\/p>\n\n\n\n<p>Con el fin de obtener una mejor comprensi\u00f3n de las actividades humanas que tuvieron lugar en la cueva, su cronolog\u00eda y su posible relaci\u00f3n con el arte rupestre, un equipo hispano-alem\u00e1n realiz\u00f3 excavaciones en la cueva entre 2011 y 2018. Seg\u00fan los resultados, publicados en la revista<a href=\"https:\/\/journals.plos.org\/plosone\/article?id=10.1371\/journal.pone.0266788\" target=\"_blank\" rel=\"noreferrer noopener nofollow\"> <em>PNAS<\/em><\/a>, los neandertale<strong>s entraron en la cueva de Ardales hace m\u00e1s de 65.000 a\u00f1os<\/strong> y dejaron evidencias de las pr\u00e1cticas simb\u00f3licas que all\u00ed realizaron.<\/p>\n\n\n\n<p>Se cree que los neandertales y los humanos modernos (<em>Homo sapiens<\/em>) compartieron un antepasado com\u00fan hace unos 500.000 a\u00f1os y que se separaron en dos l\u00edneas evolutivas diferentes. Los neandertales evolucionaron en Europa y el Asia Occidental, mientras que los humanos modernos evolucionaron en \u00c1frica.<\/p>\n\n\n\n<figure class=\"wp-block-image size-large\"><a href=\"https:\/\/www.escapadarural.com\/blog\/wp-content\/uploads\/06-arte-arcaico-mano-aerografiada-en-la-sala-de-las-estrellas-scaled.jpg\"><img decoding=\"async\" src=\"https:\/\/www.escapadarural.com\/blog\/wp-content\/uploads\/2023\/01\/06-arte-arcaico-mano-aerografiada-en-la-sala-de-las-estrellas-1024x683-1.jpg\" alt=\"Cueva de Ardales\" class=\"wp-image-57741\"\/><\/a><figcaption class=\"wp-element-caption\">Cueva de Ardales. Mano aerografiada en la sala de las Estrellas. Por Ayuntamiento de Ardales. <\/figcaption><\/figure>\n\n\n\n<p>Los humanos modernos empezaron a salir de \u00c1frica hace unos 100.000 a\u00f1os y se expandieron por todo el mundo, incluyendo Europa y el Asia Occidental. Cuando llegaron a estas \u00e1reas, encontraron a los neandertales ya establecidos all\u00ed. Se cree que los neandertales y los humanos modernos coexistieron durante un tiempo, y que incluso tuvieron relaciones sexuales y<strong> tuvieron descendencia<\/strong>.<\/p>\n\n\n\n<p>Esta cueva, pues, pone de manifiesto hasta qu\u00e9 punto se mezclaron los humanos modernos y los neandertales, incluy\u00e9ndose mutuamente de formas que a\u00fan no conocemos.&nbsp;&nbsp;<\/p>\n\n\n\n<h2 class=\"wp-block-heading\" id=\"h-cada-vez-mas-lejos-de-la-naturaleza\"><strong>Cada vez m\u00e1s lejos de la naturaleza<\/strong><\/h2>\n\n\n\n<figure class=\"wp-block-image size-large\"><a href=\"https:\/\/www.escapadarural.com\/blog\/wp-content\/uploads\/AdobeStock_483819696-scaled.jpeg\"><img decoding=\"async\" src=\"https:\/\/www.escapadarural.com\/blog\/wp-content\/uploads\/2023\/01\/AdobeStock_483819696-1024x576-1.jpeg\" alt=\"Ardales\" class=\"wp-image-57742\"\/><\/a><figcaption class=\"wp-element-caption\">Ardales, uno de los pueblos m\u00e1s bonitos de M\u00e1laga. Por Juan Mart\u00ednez<\/figcaption><\/figure>\n\n\n\n<p>Visitar esta clase de cuevas no solo nos retrotrae a nuestros or\u00edgenes, sino que nos permite reconectar con la esencia de quienes somos y, de un tiempo a esta parte, parece que nos hemos resistido a continuar siendo.&nbsp;<\/p>\n\n\n\n<p>Hasta hace pocos a\u00f1os, de hecho, est\u00e1bamos profundamente vinculados con la naturaleza (las monta\u00f1as, las cuevas, los bosques), pero nuestra desvinculaci\u00f3n ha sido tan brusca que incluso ha llamado la atenci\u00f3n de algunos investigadores.&nbsp;<\/p>\n\n\n\n<p>Un <a href=\"https:\/\/www.sciencedaily.com\/releases\/2022\/12\/221214092431.htm\" target=\"_blank\" rel=\"noreferrer noopener nofollow\">reciente an\u00e1lisis<\/a> ha medido c\u00f3mo cambi\u00f3 la distancia promedio desde el hogar de un individuo hasta el \u00e1rea m\u00e1s cercana con bajo impacto humano en la \u00faltima d\u00e9cada. Se descubri\u00f3 as\u00ed qu<strong>e los humanos viven actualmente a 9,7 km de un \u00e1rea natural<\/strong>, en promedio, que es un 7 % m\u00e1s lejos que en el a\u00f1o 2000. Europa y Asia oriental tienen la distancia promedio m\u00e1s alta con las \u00e1reas naturales, con 22 km en Alemania y 16 km en Francia.<\/p>\n\n\n\n<p>En el mismo estudio, los autores buscaron sistem\u00e1ticamente publicaciones cient\u00edficas que evaluaran una <strong>tendencia a la baja en las experiencias realizadas en la naturaleza<\/strong>.&nbsp; Los 18 estudios encontrados por los autores muestran, por ejemplo, una disminuci\u00f3n en las visitas a <a href=\"https:\/\/www.escapadarural.com\/blog\/los-16-parques-nacionales-de-espana\/\">parques naturales<\/a>, una disminuci\u00f3n en las actividades de campamento y una disminuci\u00f3n en la cantidad de especies de flores observadas por los ni\u00f1os. Tambi\u00e9n encuentran signos de desconexi\u00f3n en presencia cada vez menor de elementos naturales en novelas, canciones, \u00e1lbumes infantiles y pel\u00edculas animadas, que est\u00e1n cada vez menos imbuidos de im\u00e1genes naturales.<\/p>\n\n\n\n<p>La cueva de Ardales, sin embargo, nos recuerda qui\u00e9nes somos, de d\u00f3nde venimos y qui\u00e9nes continuamos siendo. A pesar de que le demos la espalda.&nbsp;&nbsp;<\/p>\n\n\n\n<div class=\"wp-block-buttons is-layout-flex wp-block-buttons-is-layout-flex\">\n<div class=\"wp-block-button\"><a class=\"wp-block-button__link wp-element-button\" href=\"https:\/\/www.escapadarural.com\/casas-rurales\/ardales\">Casas rurales en Ardales<\/a><\/div>\n<\/div>\n","protected":false},"excerpt":{"rendered":"<p>La cueva de Ardales fue descubierta en 1821, cuando un terremoto movi\u00f3 los sedimentos y dej\u00f3  libre la entrada a la gruta. En su interior se encontraron m\u00e1s de 1.000 pinturas y grabados rupestres. <\/p>\n","protected":false},"author":120,"featured_media":207276,"comment_status":"open","ping_status":"open","sticky":false,"template":"","format":"standard","meta":{"_acf_changed":false,"om_disable_all_campaigns":false,"footnotes":""},"categories":[279,191],"tags":[4555,260,227,792],"class_list":["post-56646","post","type-post","status-publish","format-standard","has-post-thumbnail","hentry","category-ciencia","category-destinos","tag-ardales","tag-articulo","tag-cuevas","tag-que-ver-en-malaga"],"acf":[],"featured_image_src":"https:\/\/www.escapadarural.com\/blog\/wp-content\/uploads\/2023\/01\/Cueva_de_Ardales.webp","author_info":{"display_name":"Sergio Parra","author_link":"https:\/\/www.escapadarural.com\/blog\/autor\/sergio\/"},"yoast_head":"<!-- This site is optimized with the Yoast SEO plugin v27.5 - https:\/\/yoast.com\/product\/yoast-seo-wordpress\/ -->\n<title>La cueva espa\u00f1ola que fue utilizada durante 50.000 a\u00f1os - EscapadaRural<\/title>\n<meta name=\"robots\" content=\"index, follow, max-snippet:-1, max-image-preview:large, max-video-preview:-1\" \/>\n<link rel=\"canonical\" href=\"https:\/\/www.escapadarural.com\/blog\/cueva-de-ardales-malaga-arte-rupestre\/\" \/>\n<meta property=\"og:locale\" content=\"es_ES\" \/>\n<meta property=\"og:type\" content=\"article\" \/>\n<meta property=\"og:title\" content=\"La cueva espa\u00f1ola que fue utilizada durante 50.000 a\u00f1os - EscapadaRural\" \/>\n<meta property=\"og:description\" content=\"La cueva de Ardales fue descubierta en 1821, cuando un terremoto movi\u00f3 los sedimentos y dej\u00f3 libre la entrada a la gruta. En su interior se encontraron m\u00e1s de 1.000 pinturas y grabados rupestres.\" \/>\n<meta property=\"og:url\" content=\"https:\/\/www.escapadarural.com\/blog\/cueva-de-ardales-malaga-arte-rupestre\/\" \/>\n<meta property=\"og:site_name\" content=\"Magazine de viajes de EscapadaRural\" \/>\n<meta property=\"article:publisher\" content=\"https:\/\/www.facebook.com\/escapadarural\" \/>\n<meta property=\"article:published_time\" content=\"2023-01-31T09:07:35+00:00\" \/>\n<meta property=\"article:modified_time\" content=\"2025-08-12T15:25:47+00:00\" \/>\n<meta property=\"og:image\" content=\"https:\/\/www.escapadarural.com\/blog\/wp-content\/uploads\/2023\/01\/Cueva_de_Ardales.webp?v=1755012348\" \/>\n\t<meta property=\"og:image:width\" content=\"924\" \/>\n\t<meta property=\"og:image:height\" content=\"1024\" \/>\n\t<meta property=\"og:image:type\" content=\"image\/webp\" \/>\n<meta name=\"author\" content=\"Sergio Parra\" \/>\n<meta name=\"twitter:card\" content=\"summary_large_image\" \/>\n<meta name=\"twitter:label1\" content=\"Escrito por\" \/>\n\t<meta name=\"twitter:data1\" content=\"Sergio Parra\" \/>\n\t<meta name=\"twitter:label2\" content=\"Tiempo de lectura\" \/>\n\t<meta name=\"twitter:data2\" content=\"6 minutos\" \/>\n<script type=\"application\/ld+json\" class=\"yoast-schema-graph\">{\"@context\":\"https:\\\/\\\/schema.org\",\"@graph\":[{\"@type\":\"Article\",\"@id\":\"https:\\\/\\\/www.escapadarural.com\\\/blog\\\/cueva-de-ardales-malaga-arte-rupestre\\\/#article\",\"isPartOf\":{\"@id\":\"https:\\\/\\\/www.escapadarural.com\\\/blog\\\/cueva-de-ardales-malaga-arte-rupestre\\\/\"},\"author\":{\"name\":\"Sergio Parra\",\"@id\":\"https:\\\/\\\/www.escapadarural.com\\\/blog\\\/#\\\/schema\\\/person\\\/b19b2221b2fc03d3ab5ec82d81f7a678\"},\"headline\":\"La cueva espa\u00f1ola que fue utilizada durante 50.000 a\u00f1os\",\"datePublished\":\"2023-01-31T09:07:35+00:00\",\"dateModified\":\"2025-08-12T15:25:47+00:00\",\"mainEntityOfPage\":{\"@id\":\"https:\\\/\\\/www.escapadarural.com\\\/blog\\\/cueva-de-ardales-malaga-arte-rupestre\\\/\"},\"wordCount\":1151,\"commentCount\":0,\"publisher\":{\"@id\":\"https:\\\/\\\/www.escapadarural.com\\\/blog\\\/#organization\"},\"image\":{\"@id\":\"https:\\\/\\\/www.escapadarural.com\\\/blog\\\/cueva-de-ardales-malaga-arte-rupestre\\\/#primaryimage\"},\"thumbnailUrl\":\"https:\\\/\\\/www.escapadarural.com\\\/blog\\\/wp-content\\\/uploads\\\/2023\\\/01\\\/Cueva_de_Ardales.webp\",\"keywords\":[\"Ardales\",\"art\u00edculo\",\"cuevas\",\"M\u00e1laga\"],\"articleSection\":[\"Ciencia\",\"Destinos\"],\"inLanguage\":\"es\",\"potentialAction\":[{\"@type\":\"CommentAction\",\"name\":\"Comment\",\"target\":[\"https:\\\/\\\/www.escapadarural.com\\\/blog\\\/cueva-de-ardales-malaga-arte-rupestre\\\/#respond\"]}]},{\"@type\":\"WebPage\",\"@id\":\"https:\\\/\\\/www.escapadarural.com\\\/blog\\\/cueva-de-ardales-malaga-arte-rupestre\\\/\",\"url\":\"https:\\\/\\\/www.escapadarural.com\\\/blog\\\/cueva-de-ardales-malaga-arte-rupestre\\\/\",\"name\":\"La cueva espa\u00f1ola que fue utilizada durante 50.000 a\u00f1os - EscapadaRural\",\"isPartOf\":{\"@id\":\"https:\\\/\\\/www.escapadarural.com\\\/blog\\\/#website\"},\"primaryImageOfPage\":{\"@id\":\"https:\\\/\\\/www.escapadarural.com\\\/blog\\\/cueva-de-ardales-malaga-arte-rupestre\\\/#primaryimage\"},\"image\":{\"@id\":\"https:\\\/\\\/www.escapadarural.com\\\/blog\\\/cueva-de-ardales-malaga-arte-rupestre\\\/#primaryimage\"},\"thumbnailUrl\":\"https:\\\/\\\/www.escapadarural.com\\\/blog\\\/wp-content\\\/uploads\\\/2023\\\/01\\\/Cueva_de_Ardales.webp\",\"datePublished\":\"2023-01-31T09:07:35+00:00\",\"dateModified\":\"2025-08-12T15:25:47+00:00\",\"breadcrumb\":{\"@id\":\"https:\\\/\\\/www.escapadarural.com\\\/blog\\\/cueva-de-ardales-malaga-arte-rupestre\\\/#breadcrumb\"},\"inLanguage\":\"es\",\"potentialAction\":[{\"@type\":\"ReadAction\",\"target\":[\"https:\\\/\\\/www.escapadarural.com\\\/blog\\\/cueva-de-ardales-malaga-arte-rupestre\\\/\"]}]},{\"@type\":\"ImageObject\",\"inLanguage\":\"es\",\"@id\":\"https:\\\/\\\/www.escapadarural.com\\\/blog\\\/cueva-de-ardales-malaga-arte-rupestre\\\/#primaryimage\",\"url\":\"https:\\\/\\\/www.escapadarural.com\\\/blog\\\/wp-content\\\/uploads\\\/2023\\\/01\\\/Cueva_de_Ardales.webp\",\"contentUrl\":\"https:\\\/\\\/www.escapadarural.com\\\/blog\\\/wp-content\\\/uploads\\\/2023\\\/01\\\/Cueva_de_Ardales.webp\",\"width\":924,\"height\":1024,\"caption\":\"Cueva de Ardales. Por JamesNarmer\"},{\"@type\":\"BreadcrumbList\",\"@id\":\"https:\\\/\\\/www.escapadarural.com\\\/blog\\\/cueva-de-ardales-malaga-arte-rupestre\\\/#breadcrumb\",\"itemListElement\":[{\"@type\":\"ListItem\",\"position\":1,\"name\":\"Inicio\",\"item\":\"https:\\\/\\\/www.escapadarural.com\\\/blog\\\/\"},{\"@type\":\"ListItem\",\"position\":2,\"name\":\"Destinos\",\"item\":\"https:\\\/\\\/www.escapadarural.com\\\/blog\\\/categoria\\\/destinos\\\/\"},{\"@type\":\"ListItem\",\"position\":3,\"name\":\"La cueva espa\u00f1ola que fue utilizada durante 50.000 a\u00f1os\"}]},{\"@type\":\"WebSite\",\"@id\":\"https:\\\/\\\/www.escapadarural.com\\\/blog\\\/#website\",\"url\":\"https:\\\/\\\/www.escapadarural.com\\\/blog\\\/\",\"name\":\"Blog de viajes | turismo rural, alojamientos e inspiraci\u00f3n\",\"description\":\"Alojamientos rurales e inspiraci\u00f3n para tus escapadas\",\"publisher\":{\"@id\":\"https:\\\/\\\/www.escapadarural.com\\\/blog\\\/#organization\"},\"alternateName\":\"Magazine de viajes de EscapadaRural\",\"potentialAction\":[{\"@type\":\"SearchAction\",\"target\":{\"@type\":\"EntryPoint\",\"urlTemplate\":\"https:\\\/\\\/www.escapadarural.com\\\/blog\\\/?s={search_term_string}\"},\"query-input\":{\"@type\":\"PropertyValueSpecification\",\"valueRequired\":true,\"valueName\":\"search_term_string\"}}],\"inLanguage\":\"es\"},{\"@type\":\"Organization\",\"@id\":\"https:\\\/\\\/www.escapadarural.com\\\/blog\\\/#organization\",\"name\":\"EscapadaRural\",\"url\":\"https:\\\/\\\/www.escapadarural.com\\\/blog\\\/\",\"logo\":{\"@type\":\"ImageObject\",\"inLanguage\":\"es\",\"@id\":\"https:\\\/\\\/www.escapadarural.com\\\/blog\\\/#\\\/schema\\\/logo\\\/image\\\/\",\"url\":\"https:\\\/\\\/www.escapadarural.com\\\/blog\\\/wp-content\\\/uploads\\\/2024\\\/10\\\/cropped-cropped-escapada-rural-icon-mag-3.png\",\"contentUrl\":\"https:\\\/\\\/www.escapadarural.com\\\/blog\\\/wp-content\\\/uploads\\\/2024\\\/10\\\/cropped-cropped-escapada-rural-icon-mag-3.png\",\"width\":512,\"height\":512,\"caption\":\"EscapadaRural\"},\"image\":{\"@id\":\"https:\\\/\\\/www.escapadarural.com\\\/blog\\\/#\\\/schema\\\/logo\\\/image\\\/\"},\"sameAs\":[\"https:\\\/\\\/www.facebook.com\\\/escapadarural\",\"https:\\\/\\\/www.instagram.com\\\/escapadarural\\\/\",\"https:\\\/\\\/www.youtube.com\\\/@escapadaruralcom\"]},{\"@type\":\"Person\",\"@id\":\"https:\\\/\\\/www.escapadarural.com\\\/blog\\\/#\\\/schema\\\/person\\\/b19b2221b2fc03d3ab5ec82d81f7a678\",\"name\":\"Sergio Parra\",\"image\":{\"@type\":\"ImageObject\",\"inLanguage\":\"es\",\"@id\":\"https:\\\/\\\/www.escapadarural.com\\\/blog\\\/wp-content\\\/uploads\\\/2025\\\/02\\\/cropped-sergio_parra.webp\",\"url\":\"https:\\\/\\\/www.escapadarural.com\\\/blog\\\/wp-content\\\/uploads\\\/2025\\\/02\\\/cropped-sergio_parra.webp\",\"contentUrl\":\"https:\\\/\\\/www.escapadarural.com\\\/blog\\\/wp-content\\\/uploads\\\/2025\\\/02\\\/cropped-sergio_parra.webp\",\"caption\":\"Sergio Parra\"},\"description\":\"Juntaletras, divulgador y alfanum\u00e9rico vocacional. Siempre a la caza de historias que iluminen el camino y de ense\u00f1anzas que permitan capturar lo que te salga al paso. Escribo en Yorokobu, Jot Down y Muy Interesante, y soy editor de Xataka Ciencia y Diario del Viajero. Cuando necesito recogimiento, escribo libros. Cuando me siento extrovertido, salgo en el canal de YouTube Optirrealismo o el podcast Xanad\u00fa: Hearst &amp; Kane. Cuando busco perspectiva, me marcho lejos en bicicleta.\",\"sameAs\":[\"https:\\\/\\\/about.me\\\/sergioparra\",\"https:\\\/\\\/www.instagram.com\\\/melvinud\\\/\"],\"url\":\"https:\\\/\\\/www.escapadarural.com\\\/blog\\\/autor\\\/sergio\\\/\"}]}<\/script>\n<!-- \/ Yoast SEO plugin. -->","yoast_head_json":{"title":"La cueva espa\u00f1ola que fue utilizada durante 50.000 a\u00f1os - EscapadaRural","robots":{"index":"index","follow":"follow","max-snippet":"max-snippet:-1","max-image-preview":"max-image-preview:large","max-video-preview":"max-video-preview:-1"},"canonical":"https:\/\/www.escapadarural.com\/blog\/cueva-de-ardales-malaga-arte-rupestre\/","og_locale":"es_ES","og_type":"article","og_title":"La cueva espa\u00f1ola que fue utilizada durante 50.000 a\u00f1os - EscapadaRural","og_description":"La cueva de Ardales fue descubierta en 1821, cuando un terremoto movi\u00f3 los sedimentos y dej\u00f3 libre la entrada a la gruta. En su interior se encontraron m\u00e1s de 1.000 pinturas y grabados rupestres.","og_url":"https:\/\/www.escapadarural.com\/blog\/cueva-de-ardales-malaga-arte-rupestre\/","og_site_name":"Magazine de viajes de EscapadaRural","article_publisher":"https:\/\/www.facebook.com\/escapadarural","article_published_time":"2023-01-31T09:07:35+00:00","article_modified_time":"2025-08-12T15:25:47+00:00","og_image":[{"width":924,"height":1024,"url":"https:\/\/www.escapadarural.com\/blog\/wp-content\/uploads\/2023\/01\/Cueva_de_Ardales.webp?v=1755012348","type":"image\/webp"}],"author":"Sergio Parra","twitter_card":"summary_large_image","twitter_misc":{"Escrito por":"Sergio Parra","Tiempo de lectura":"6 minutos"},"schema":{"@context":"https:\/\/schema.org","@graph":[{"@type":"Article","@id":"https:\/\/www.escapadarural.com\/blog\/cueva-de-ardales-malaga-arte-rupestre\/#article","isPartOf":{"@id":"https:\/\/www.escapadarural.com\/blog\/cueva-de-ardales-malaga-arte-rupestre\/"},"author":{"name":"Sergio Parra","@id":"https:\/\/www.escapadarural.com\/blog\/#\/schema\/person\/b19b2221b2fc03d3ab5ec82d81f7a678"},"headline":"La cueva espa\u00f1ola que fue utilizada durante 50.000 a\u00f1os","datePublished":"2023-01-31T09:07:35+00:00","dateModified":"2025-08-12T15:25:47+00:00","mainEntityOfPage":{"@id":"https:\/\/www.escapadarural.com\/blog\/cueva-de-ardales-malaga-arte-rupestre\/"},"wordCount":1151,"commentCount":0,"publisher":{"@id":"https:\/\/www.escapadarural.com\/blog\/#organization"},"image":{"@id":"https:\/\/www.escapadarural.com\/blog\/cueva-de-ardales-malaga-arte-rupestre\/#primaryimage"},"thumbnailUrl":"https:\/\/www.escapadarural.com\/blog\/wp-content\/uploads\/2023\/01\/Cueva_de_Ardales.webp","keywords":["Ardales","art\u00edculo","cuevas","M\u00e1laga"],"articleSection":["Ciencia","Destinos"],"inLanguage":"es","potentialAction":[{"@type":"CommentAction","name":"Comment","target":["https:\/\/www.escapadarural.com\/blog\/cueva-de-ardales-malaga-arte-rupestre\/#respond"]}]},{"@type":"WebPage","@id":"https:\/\/www.escapadarural.com\/blog\/cueva-de-ardales-malaga-arte-rupestre\/","url":"https:\/\/www.escapadarural.com\/blog\/cueva-de-ardales-malaga-arte-rupestre\/","name":"La cueva espa\u00f1ola que fue utilizada durante 50.000 a\u00f1os - EscapadaRural","isPartOf":{"@id":"https:\/\/www.escapadarural.com\/blog\/#website"},"primaryImageOfPage":{"@id":"https:\/\/www.escapadarural.com\/blog\/cueva-de-ardales-malaga-arte-rupestre\/#primaryimage"},"image":{"@id":"https:\/\/www.escapadarural.com\/blog\/cueva-de-ardales-malaga-arte-rupestre\/#primaryimage"},"thumbnailUrl":"https:\/\/www.escapadarural.com\/blog\/wp-content\/uploads\/2023\/01\/Cueva_de_Ardales.webp","datePublished":"2023-01-31T09:07:35+00:00","dateModified":"2025-08-12T15:25:47+00:00","breadcrumb":{"@id":"https:\/\/www.escapadarural.com\/blog\/cueva-de-ardales-malaga-arte-rupestre\/#breadcrumb"},"inLanguage":"es","potentialAction":[{"@type":"ReadAction","target":["https:\/\/www.escapadarural.com\/blog\/cueva-de-ardales-malaga-arte-rupestre\/"]}]},{"@type":"ImageObject","inLanguage":"es","@id":"https:\/\/www.escapadarural.com\/blog\/cueva-de-ardales-malaga-arte-rupestre\/#primaryimage","url":"https:\/\/www.escapadarural.com\/blog\/wp-content\/uploads\/2023\/01\/Cueva_de_Ardales.webp","contentUrl":"https:\/\/www.escapadarural.com\/blog\/wp-content\/uploads\/2023\/01\/Cueva_de_Ardales.webp","width":924,"height":1024,"caption":"Cueva de Ardales. Por JamesNarmer"},{"@type":"BreadcrumbList","@id":"https:\/\/www.escapadarural.com\/blog\/cueva-de-ardales-malaga-arte-rupestre\/#breadcrumb","itemListElement":[{"@type":"ListItem","position":1,"name":"Inicio","item":"https:\/\/www.escapadarural.com\/blog\/"},{"@type":"ListItem","position":2,"name":"Destinos","item":"https:\/\/www.escapadarural.com\/blog\/categoria\/destinos\/"},{"@type":"ListItem","position":3,"name":"La cueva espa\u00f1ola que fue utilizada durante 50.000 a\u00f1os"}]},{"@type":"WebSite","@id":"https:\/\/www.escapadarural.com\/blog\/#website","url":"https:\/\/www.escapadarural.com\/blog\/","name":"Blog de viajes | turismo rural, alojamientos e inspiraci\u00f3n","description":"Alojamientos rurales e inspiraci\u00f3n para tus escapadas","publisher":{"@id":"https:\/\/www.escapadarural.com\/blog\/#organization"},"alternateName":"Magazine de viajes de EscapadaRural","potentialAction":[{"@type":"SearchAction","target":{"@type":"EntryPoint","urlTemplate":"https:\/\/www.escapadarural.com\/blog\/?s={search_term_string}"},"query-input":{"@type":"PropertyValueSpecification","valueRequired":true,"valueName":"search_term_string"}}],"inLanguage":"es"},{"@type":"Organization","@id":"https:\/\/www.escapadarural.com\/blog\/#organization","name":"EscapadaRural","url":"https:\/\/www.escapadarural.com\/blog\/","logo":{"@type":"ImageObject","inLanguage":"es","@id":"https:\/\/www.escapadarural.com\/blog\/#\/schema\/logo\/image\/","url":"https:\/\/www.escapadarural.com\/blog\/wp-content\/uploads\/2024\/10\/cropped-cropped-escapada-rural-icon-mag-3.png","contentUrl":"https:\/\/www.escapadarural.com\/blog\/wp-content\/uploads\/2024\/10\/cropped-cropped-escapada-rural-icon-mag-3.png","width":512,"height":512,"caption":"EscapadaRural"},"image":{"@id":"https:\/\/www.escapadarural.com\/blog\/#\/schema\/logo\/image\/"},"sameAs":["https:\/\/www.facebook.com\/escapadarural","https:\/\/www.instagram.com\/escapadarural\/","https:\/\/www.youtube.com\/@escapadaruralcom"]},{"@type":"Person","@id":"https:\/\/www.escapadarural.com\/blog\/#\/schema\/person\/b19b2221b2fc03d3ab5ec82d81f7a678","name":"Sergio Parra","image":{"@type":"ImageObject","inLanguage":"es","@id":"https:\/\/www.escapadarural.com\/blog\/wp-content\/uploads\/2025\/02\/cropped-sergio_parra.webp","url":"https:\/\/www.escapadarural.com\/blog\/wp-content\/uploads\/2025\/02\/cropped-sergio_parra.webp","contentUrl":"https:\/\/www.escapadarural.com\/blog\/wp-content\/uploads\/2025\/02\/cropped-sergio_parra.webp","caption":"Sergio Parra"},"description":"Juntaletras, divulgador y alfanum\u00e9rico vocacional. Siempre a la caza de historias que iluminen el camino y de ense\u00f1anzas que permitan capturar lo que te salga al paso. Escribo en Yorokobu, Jot Down y Muy Interesante, y soy editor de Xataka Ciencia y Diario del Viajero. Cuando necesito recogimiento, escribo libros. Cuando me siento extrovertido, salgo en el canal de YouTube Optirrealismo o el podcast Xanad\u00fa: Hearst &amp; Kane. Cuando busco perspectiva, me marcho lejos en bicicleta.","sameAs":["https:\/\/about.me\/sergioparra","https:\/\/www.instagram.com\/melvinud\/"],"url":"https:\/\/www.escapadarural.com\/blog\/autor\/sergio\/"}]}},"_links":{"self":[{"href":"https:\/\/www.escapadarural.com\/blog\/wp-json\/wp\/v2\/posts\/56646","targetHints":{"allow":["GET"]}}],"collection":[{"href":"https:\/\/www.escapadarural.com\/blog\/wp-json\/wp\/v2\/posts"}],"about":[{"href":"https:\/\/www.escapadarural.com\/blog\/wp-json\/wp\/v2\/types\/post"}],"author":[{"embeddable":true,"href":"https:\/\/www.escapadarural.com\/blog\/wp-json\/wp\/v2\/users\/120"}],"replies":[{"embeddable":true,"href":"https:\/\/www.escapadarural.com\/blog\/wp-json\/wp\/v2\/comments?post=56646"}],"version-history":[{"count":0,"href":"https:\/\/www.escapadarural.com\/blog\/wp-json\/wp\/v2\/posts\/56646\/revisions"}],"wp:featuredmedia":[{"embeddable":true,"href":"https:\/\/www.escapadarural.com\/blog\/wp-json\/wp\/v2\/media\/207276"}],"wp:attachment":[{"href":"https:\/\/www.escapadarural.com\/blog\/wp-json\/wp\/v2\/media?parent=56646"}],"wp:term":[{"taxonomy":"category","embeddable":true,"href":"https:\/\/www.escapadarural.com\/blog\/wp-json\/wp\/v2\/categories?post=56646"},{"taxonomy":"post_tag","embeddable":true,"href":"https:\/\/www.escapadarural.com\/blog\/wp-json\/wp\/v2\/tags?post=56646"}],"curies":[{"name":"wp","href":"https:\/\/api.w.org\/{rel}","templated":true}]}}