{"id":5668,"date":"2015-10-08T17:13:50","date_gmt":"2015-10-08T16:13:50","guid":{"rendered":"http:\/\/15.188.81.248\/2015\/10\/08\/la-leyenda-nazi-de-la-casa-winter\/"},"modified":"2025-08-12T15:03:14","modified_gmt":"2025-08-12T13:03:14","slug":"la-leyenda-nazi-de-la-casa-winter","status":"publish","type":"post","link":"https:\/\/www.escapadarural.com\/blog\/la-leyenda-nazi-de-la-casa-winter\/","title":{"rendered":"Las leyendas de la Casa Winter"},"content":{"rendered":"\n<figure class=\"wp-block-image size-large\"><a href=\"https:\/\/www.escapadarural.com\/blog\/wp-content\/uploads\/2015\/10\/Casa-Winter-en-Cofete-1.jpg\"><img decoding=\"async\" src=\"https:\/\/www.escapadarural.com\/blog\/wp-content\/uploads\/2015\/10\/Casa-Winter-en-Cofete-1.jpg\" alt=\"Casa Winter\" class=\"wp-image-35485\"\/><\/a><figcaption>Fuente: Oliver Hoffmann \/ Shutterstock\n\n<\/figcaption><\/figure>\n\n\n\n<p>Esta es una historia de nazis, de un esp\u00eda alem\u00e1n que levant\u00f3 una casa singular en un paisaje inh\u00f3spito de Fuerteventura, de avionetas vigiladas, submarinos de guerra y pasadizos secretos.<\/p>\n\n\n\n<p>Nada de esto existe en los papeles oficiales, sino en la mente de miles de majoreros (habitantes de Fuerteventura) que alimentan la leyenda de la Casa Winter.<\/p>\n\n\n\n<!--more-->\n\n\n\n<h2 class=\"title-rute wp-block-heading\">La casa Winter<\/h2>\n\n\n\n<figure class=\"wp-block-image size-large\"><a href=\"https:\/\/www.escapadarural.com\/blog\/wp-content\/uploads\/2015\/10\/Casa-Winter-en-Cofete-2.jpg\"><img decoding=\"async\" src=\"https:\/\/www.escapadarural.com\/blog\/wp-content\/uploads\/2015\/10\/Casa-Winter-en-Cofete-2.jpg\" alt=\"Casa Winter\" class=\"wp-image-35484\"\/><\/a><figcaption>Fuente: Rafal Gadomski \/ Shutterstock\n\n<\/figcaption><\/figure>\n\n\n\n<p>Se trata de un palacete con torre de la playa de Cofete. Se encuentra en la Pen\u00ednsula de Jand\u00eda (Fuerteventura), a los pies del Pico de la Zarza, en la ladera de una cadena monta\u00f1osa que separa el Norte y el Sur de la Pen\u00ednsula de Jand\u00eda. Es la zona m\u00e1s inh\u00f3spita de la pen\u00ednsula de Jand\u00eda, azota el viento y el acceso es dif\u00edcil.<\/p>\n\n\n\n<p>La casa se levant\u00f3 en 1946 y pertenec\u00eda a Gustav Winter. Gustav Winter (1893 &#8211; 1971) fue un ingeniero alem\u00e1n considerado miembro de <a href=\"https:\/\/elpais.com\/diario\/1997\/03\/30\/espana\/859676418_850215.html\" target=\"_blank\">la lista negra del espionaje alem\u00e1n<\/a> que elabor\u00f3 Inglaterra en 1945. Las 104 personas de la lista habr\u00edan vivido en Espa\u00f1a con la protecci\u00f3n de Franco.<\/p>\n\n\n\n<p>Para los majoreros (habitantes de Fuerteventura) era Don Gustavo.<\/p>\n\n\n\n<p>El escritor Alberto V\u00e1zquez-Figueroa, que escribi\u00f3 <em>Fuerteventura<\/em> (novela en que aparece la casa Winter y el contexto nazi), dijo en una entrevista a <em>Canarias Ahora<\/em> que \u00aba nadie se le ocurre hacer un caser\u00f3n como aquel en un lugar tan perdido. Si ahora para llegar te juegas la vida, en los a\u00f1os 40 deb\u00eda ser mucho m\u00e1s peligroso. Algo muy importante ten\u00edan que esconder para construir ese monstruo escondido en un sitio absolutamente inaccesible\u00bb.<\/p>\n\n\n\n<h2 class=\"title-rute wp-block-heading\">Las leyendas de la Casa Winter<\/h2>\n\n\n\n<figure class=\"wp-block-image size-large\"><a href=\"https:\/\/www.escapadarural.com\/blog\/wp-content\/uploads\/2015\/10\/Casa-Winter-en-Cofete-5.jpg\"><img decoding=\"async\" src=\"https:\/\/www.escapadarural.com\/blog\/wp-content\/uploads\/2015\/10\/Casa-Winter-en-Cofete-5.jpg\" alt=\"Casa Winter\" class=\"wp-image-35483\"\/><\/a><figcaption>Fuente: picture4you \/ Shutterstock\n\n<\/figcaption><\/figure>\n\n\n\n<ul class=\"wp-block-list\"><li><strong>Los submarinos alemanes<\/strong>: la tienen por leyenda disparatada, pero se menciona con frecuencia. Los submarinos alemanes tendr\u00edan acceso subterr\u00e1neo desde el Oc\u00e9ano. La tesis tiene en cuenta el origen volc\u00e1nico de la isla y el sistema de cuevas derivado del proceso de formaci\u00f3n, como la <a href=\"https:\/\/www.fotonazos.es\/2011\/06\/visita-a-la-cueva-del-viento-en-icod-de-los-vinos\/\" target=\"_blank\">Cueva del Viento<\/a>, en Tenerife.<\/li><li><strong>La valla<\/strong>. Don Gustavo firm\u00f3 un contrato de arrendamiento sobre la Pen\u00ednsula de Jand\u00eda con los herederos del conde Santa Coloma en 1937. Quiso iniciar una f\u00e1brica de cemento y luego una de pescado. Ning\u00fan proyecto prosper\u00f3. G. Winter vall\u00f3 todo el territorio hasta los a\u00f1os &#8217;50. La leyenda sugiere que Franco cedi\u00f3 toda la zona a los alemanes y que construyeron una peque\u00f1a pista de aterrizaje.<\/li><li><strong>La vagoneta Krupp<\/strong>: cerca de la casa descansa una vagoneta de la empresa Krupp, alemana, y todav\u00eda se aprecian algunos ra\u00edles en direcci\u00f3n hacia la monta\u00f1a. La leyenda establece la intenci\u00f3n de Gustav Winter de unir Cofete (Norte) con Morro Jable (Sur) para facilitar la navegaci\u00f3n militar en una zona m\u00e1s favorable.<\/li><li><strong>Las explosiones<\/strong>: algunos vecinos <a href=\"https:\/\/www.eldiario.es\/canariasahora\/premium_en_abierto\/misterio-Winter_0_272623024.html\" target=\"_blank\">aseguraron<\/a> recordar explosiones en las inmediaciones de la Villa Winter. Algunos tratan de ver la construcci\u00f3n de t\u00faneles secretos. Otros creen que con las explosiones Winter quiso alcanzar Morro Jable a trav\u00e9s de las monta\u00f1as.<\/li><li><strong>El viaje de Don Gustavo<\/strong>: en 1937 Gustav Winter viaj\u00f3 a Berl\u00edn para recibir dinero que invertir en Fuerteventura. El viaje no se ha constatado. La \u00fanica referencia apareci\u00f3 en 1971 en la revista <em>Stern<\/em>, la \u00fanica entrevista que Don Gustavo dio a un medio alem\u00e1n. Seg\u00fan esta versi\u00f3n, Winter lleg\u00f3 de Alemania con un malet\u00edn lleno de dinero. La leyenda dice que el dinero era de <a href=\"https:\/\/es.wikipedia.org\/wiki\/Hermann_G%C3%B6ring\" target=\"_blank\">Hermann G\u00f6ring<\/a>, lugarteniente de Hitler. \u00abSon tonter\u00edas\u00bb, dijo Winter.<\/li><\/ul>\n\n\n\n<figure class=\"wp-block-image size-large\"><a href=\"https:\/\/www.escapadarural.com\/blog\/wp-content\/uploads\/2015\/10\/Casa-Winter-en-Cofete-4.jpg\"><img decoding=\"async\" src=\"https:\/\/www.escapadarural.com\/blog\/wp-content\/uploads\/2015\/10\/Casa-Winter-en-Cofete-4.jpg\" alt=\"Casa Winter\" class=\"wp-image-35482\"\/><\/a><figcaption>Fuente: Pawel Kazmierczak \/ Shutterstock\n\n<\/figcaption><\/figure>\n\n\n\n<p>Aunque no dejan de ser leyendas, no todas pueden ser descartadas.<\/p>\n\n\n\n<p>Hay algunos flecos que quedan sin resolver y que los acontecimientos hist\u00f3ricos parecieron apoyar los rumores m\u00e1s que rechazarlos.<\/p>\n\n\n\n<p>La actividad de los submarinos alemanes en las Canarias, por ejemplo, alimenta la leyenda. En 1941 hab\u00eda seis estaciones de submarinos alemanes en el puerto de Las Palmas. El 6 de abril de 1943, un avi\u00f3n ingl\u00e9s hundi\u00f3 al submarino U-167 en el Archipi\u00e9lago Canario.<\/p>\n\n\n\n<p>La valla contribuy\u00f3 a la desinformaci\u00f3n de lo que ocurr\u00eda en la Casa Winter y en todo su territorio. La colaboraci\u00f3n franquista con el r\u00e9gimen nazi reforz\u00f3 las leyendas. Qu\u00e9 ocurr\u00eda all\u00ed dentro y por qu\u00e9 una casa en un lugar tan desolado.<\/p>\n\n\n\n<p>Por \u00faltimo, la industria pesada nazi desarroll\u00f3 la mejor tecnolog\u00eda europea del momento. La artiller\u00eda y los ferrocarriles fueron motivo de orgullo nacional. La vagoneta Krupp relaciona la industria militar nazi con el Sr. Winter.<\/p>\n\n\n\n<p>Parece que la leyenda de la casa Winter continuar\u00e1. Los descendientes de Gustav Winter, que vendieron las parcelas de la villa que todav\u00eda conservaban en 1997 a Lopes\u00e1n Construcciones S.A., lo han negado todo varias veces y no quieren o\u00edr hablar del asunto.<\/p>\n\n\n\n<p>Hay dos cosas indudablemente ciertas en toda esta historia: el viento y los rumores siguen atizando con fuerza la Casa Winter.<\/p>\n","protected":false},"excerpt":{"rendered":"<p>Esta es una historia esp\u00edas, de avionetas vigiladas, submarinos de guerra y pasadizos secretos en Fuerteventura&#8230;<\/p>\n","protected":false},"author":136,"featured_media":99794,"comment_status":"open","ping_status":"closed","sticky":false,"template":"","format":"standard","meta":{"_acf_changed":false,"om_disable_all_campaigns":false,"footnotes":""},"categories":[231],"tags":[1715,330,440,1308,611],"class_list":["post-5668","post","type-post","status-publish","format-standard","has-post-thumbnail","hentry","category-arte-y-cultura","tag-casa-winter","tag-fuerteventura","tag-historias-y-curiosidades","tag-que-ver-en-las-palmas","tag-leyendas"],"acf":[],"featured_image_src":"https:\/\/www.escapadarural.com\/blog\/wp-content\/uploads\/2024\/10\/man-and-his-dog-playing-on-the-beach-of-cofete-in-fuerteventura-stockpack-adobe-stock-1024x683-3.jpg","author_info":{"display_name":"Escapada Rural","author_link":"https:\/\/www.escapadarural.com\/blog\/autor\/user\/"},"yoast_head":"<!-- This site is optimized with the Yoast SEO plugin v27.5 - https:\/\/yoast.com\/product\/yoast-seo-wordpress\/ -->\n<title>Las leyendas de la Casa Winter - EscapadaRural<\/title>\n<meta name=\"robots\" content=\"index, follow, max-snippet:-1, max-image-preview:large, max-video-preview:-1\" \/>\n<link rel=\"canonical\" href=\"https:\/\/www.escapadarural.com\/blog\/la-leyenda-nazi-de-la-casa-winter\/\" \/>\n<meta property=\"og:locale\" content=\"es_ES\" \/>\n<meta property=\"og:type\" content=\"article\" \/>\n<meta property=\"og:title\" content=\"Las leyendas de la Casa Winter - EscapadaRural\" \/>\n<meta property=\"og:description\" content=\"Esta es una historia esp\u00edas, de avionetas vigiladas, submarinos de guerra y pasadizos secretos en Fuerteventura...\" \/>\n<meta property=\"og:url\" content=\"https:\/\/www.escapadarural.com\/blog\/la-leyenda-nazi-de-la-casa-winter\/\" \/>\n<meta property=\"og:site_name\" content=\"Magazine de viajes de EscapadaRural\" \/>\n<meta property=\"article:publisher\" content=\"https:\/\/www.facebook.com\/escapadarural\" \/>\n<meta property=\"article:author\" content=\"https:\/\/www.facebook.com\/escapadarural\" \/>\n<meta property=\"article:published_time\" content=\"2015-10-08T16:13:50+00:00\" \/>\n<meta property=\"article:modified_time\" content=\"2025-08-12T13:03:14+00:00\" \/>\n<meta property=\"og:image\" content=\"https:\/\/www.escapadarural.com\/blog\/wp-content\/uploads\/2024\/10\/man-and-his-dog-playing-on-the-beach-of-cofete-in-fuerteventura-stockpack-adobe-stock-1024x683-3.jpg?v=1755003795\" \/>\n\t<meta property=\"og:image:width\" content=\"1024\" \/>\n\t<meta property=\"og:image:height\" content=\"683\" \/>\n\t<meta property=\"og:image:type\" content=\"image\/jpeg\" \/>\n<meta name=\"author\" content=\"Escapada Rural\" \/>\n<meta name=\"twitter:card\" content=\"summary_large_image\" \/>\n<meta name=\"twitter:creator\" content=\"@https:\/\/x.com\/i\/flow\/login?redirect_after_login=escapadarural\" \/>\n<meta name=\"twitter:label1\" content=\"Escrito por\" \/>\n\t<meta name=\"twitter:data1\" content=\"Escapada Rural\" \/>\n\t<meta name=\"twitter:label2\" content=\"Tiempo de lectura\" \/>\n\t<meta name=\"twitter:data2\" content=\"4 minutos\" \/>\n<script type=\"application\/ld+json\" class=\"yoast-schema-graph\">{\"@context\":\"https:\\\/\\\/schema.org\",\"@graph\":[{\"@type\":\"Article\",\"@id\":\"https:\\\/\\\/www.escapadarural.com\\\/blog\\\/la-leyenda-nazi-de-la-casa-winter\\\/#article\",\"isPartOf\":{\"@id\":\"https:\\\/\\\/www.escapadarural.com\\\/blog\\\/la-leyenda-nazi-de-la-casa-winter\\\/\"},\"author\":{\"name\":\"Escapada Rural\",\"@id\":\"https:\\\/\\\/www.escapadarural.com\\\/blog\\\/#\\\/schema\\\/person\\\/d9ee55ff3e0cef41d6eac8922b4f972c\"},\"headline\":\"Las leyendas de la Casa Winter\",\"datePublished\":\"2015-10-08T16:13:50+00:00\",\"dateModified\":\"2025-08-12T13:03:14+00:00\",\"mainEntityOfPage\":{\"@id\":\"https:\\\/\\\/www.escapadarural.com\\\/blog\\\/la-leyenda-nazi-de-la-casa-winter\\\/\"},\"wordCount\":843,\"commentCount\":7,\"publisher\":{\"@id\":\"https:\\\/\\\/www.escapadarural.com\\\/blog\\\/#organization\"},\"image\":{\"@id\":\"https:\\\/\\\/www.escapadarural.com\\\/blog\\\/la-leyenda-nazi-de-la-casa-winter\\\/#primaryimage\"},\"thumbnailUrl\":\"https:\\\/\\\/www.escapadarural.com\\\/blog\\\/wp-content\\\/uploads\\\/2024\\\/10\\\/man-and-his-dog-playing-on-the-beach-of-cofete-in-fuerteventura-stockpack-adobe-stock-1024x683-3.jpg\",\"keywords\":[\"Casa Winter\",\"Fuerteventura\",\"Historias y Curiosidades\",\"Las Palmas\",\"Leyendas\"],\"articleSection\":[\"Arte y Cultura\"],\"inLanguage\":\"es\",\"potentialAction\":[{\"@type\":\"CommentAction\",\"name\":\"Comment\",\"target\":[\"https:\\\/\\\/www.escapadarural.com\\\/blog\\\/la-leyenda-nazi-de-la-casa-winter\\\/#respond\"]}]},{\"@type\":\"WebPage\",\"@id\":\"https:\\\/\\\/www.escapadarural.com\\\/blog\\\/la-leyenda-nazi-de-la-casa-winter\\\/\",\"url\":\"https:\\\/\\\/www.escapadarural.com\\\/blog\\\/la-leyenda-nazi-de-la-casa-winter\\\/\",\"name\":\"Las leyendas de la Casa Winter - EscapadaRural\",\"isPartOf\":{\"@id\":\"https:\\\/\\\/www.escapadarural.com\\\/blog\\\/#website\"},\"primaryImageOfPage\":{\"@id\":\"https:\\\/\\\/www.escapadarural.com\\\/blog\\\/la-leyenda-nazi-de-la-casa-winter\\\/#primaryimage\"},\"image\":{\"@id\":\"https:\\\/\\\/www.escapadarural.com\\\/blog\\\/la-leyenda-nazi-de-la-casa-winter\\\/#primaryimage\"},\"thumbnailUrl\":\"https:\\\/\\\/www.escapadarural.com\\\/blog\\\/wp-content\\\/uploads\\\/2024\\\/10\\\/man-and-his-dog-playing-on-the-beach-of-cofete-in-fuerteventura-stockpack-adobe-stock-1024x683-3.jpg\",\"datePublished\":\"2015-10-08T16:13:50+00:00\",\"dateModified\":\"2025-08-12T13:03:14+00:00\",\"breadcrumb\":{\"@id\":\"https:\\\/\\\/www.escapadarural.com\\\/blog\\\/la-leyenda-nazi-de-la-casa-winter\\\/#breadcrumb\"},\"inLanguage\":\"es\",\"potentialAction\":[{\"@type\":\"ReadAction\",\"target\":[\"https:\\\/\\\/www.escapadarural.com\\\/blog\\\/la-leyenda-nazi-de-la-casa-winter\\\/\"]}]},{\"@type\":\"ImageObject\",\"inLanguage\":\"es\",\"@id\":\"https:\\\/\\\/www.escapadarural.com\\\/blog\\\/la-leyenda-nazi-de-la-casa-winter\\\/#primaryimage\",\"url\":\"https:\\\/\\\/www.escapadarural.com\\\/blog\\\/wp-content\\\/uploads\\\/2024\\\/10\\\/man-and-his-dog-playing-on-the-beach-of-cofete-in-fuerteventura-stockpack-adobe-stock-1024x683-3.jpg\",\"contentUrl\":\"https:\\\/\\\/www.escapadarural.com\\\/blog\\\/wp-content\\\/uploads\\\/2024\\\/10\\\/man-and-his-dog-playing-on-the-beach-of-cofete-in-fuerteventura-stockpack-adobe-stock-1024x683-3.jpg\",\"width\":1024,\"height\":683,\"caption\":\"Playa de Cofete, Fuerteventura\"},{\"@type\":\"BreadcrumbList\",\"@id\":\"https:\\\/\\\/www.escapadarural.com\\\/blog\\\/la-leyenda-nazi-de-la-casa-winter\\\/#breadcrumb\",\"itemListElement\":[{\"@type\":\"ListItem\",\"position\":1,\"name\":\"Inicio\",\"item\":\"https:\\\/\\\/www.escapadarural.com\\\/blog\\\/\"},{\"@type\":\"ListItem\",\"position\":2,\"name\":\"Arte y Cultura\",\"item\":\"https:\\\/\\\/www.escapadarural.com\\\/blog\\\/categoria\\\/arte-y-cultura\\\/\"},{\"@type\":\"ListItem\",\"position\":3,\"name\":\"Las leyendas de la Casa Winter\"}]},{\"@type\":\"WebSite\",\"@id\":\"https:\\\/\\\/www.escapadarural.com\\\/blog\\\/#website\",\"url\":\"https:\\\/\\\/www.escapadarural.com\\\/blog\\\/\",\"name\":\"Blog de viajes | turismo rural, alojamientos e inspiraci\u00f3n\",\"description\":\"Alojamientos rurales e inspiraci\u00f3n para tus escapadas\",\"publisher\":{\"@id\":\"https:\\\/\\\/www.escapadarural.com\\\/blog\\\/#organization\"},\"alternateName\":\"Magazine de viajes de EscapadaRural\",\"potentialAction\":[{\"@type\":\"SearchAction\",\"target\":{\"@type\":\"EntryPoint\",\"urlTemplate\":\"https:\\\/\\\/www.escapadarural.com\\\/blog\\\/?s={search_term_string}\"},\"query-input\":{\"@type\":\"PropertyValueSpecification\",\"valueRequired\":true,\"valueName\":\"search_term_string\"}}],\"inLanguage\":\"es\"},{\"@type\":\"Organization\",\"@id\":\"https:\\\/\\\/www.escapadarural.com\\\/blog\\\/#organization\",\"name\":\"EscapadaRural\",\"url\":\"https:\\\/\\\/www.escapadarural.com\\\/blog\\\/\",\"logo\":{\"@type\":\"ImageObject\",\"inLanguage\":\"es\",\"@id\":\"https:\\\/\\\/www.escapadarural.com\\\/blog\\\/#\\\/schema\\\/logo\\\/image\\\/\",\"url\":\"https:\\\/\\\/www.escapadarural.com\\\/blog\\\/wp-content\\\/uploads\\\/2024\\\/10\\\/cropped-cropped-escapada-rural-icon-mag-3.png\",\"contentUrl\":\"https:\\\/\\\/www.escapadarural.com\\\/blog\\\/wp-content\\\/uploads\\\/2024\\\/10\\\/cropped-cropped-escapada-rural-icon-mag-3.png\",\"width\":512,\"height\":512,\"caption\":\"EscapadaRural\"},\"image\":{\"@id\":\"https:\\\/\\\/www.escapadarural.com\\\/blog\\\/#\\\/schema\\\/logo\\\/image\\\/\"},\"sameAs\":[\"https:\\\/\\\/www.facebook.com\\\/escapadarural\",\"https:\\\/\\\/www.instagram.com\\\/escapadarural\\\/\",\"https:\\\/\\\/www.youtube.com\\\/@escapadaruralcom\"]},{\"@type\":\"Person\",\"@id\":\"https:\\\/\\\/www.escapadarural.com\\\/blog\\\/#\\\/schema\\\/person\\\/d9ee55ff3e0cef41d6eac8922b4f972c\",\"name\":\"Escapada Rural\",\"image\":{\"@type\":\"ImageObject\",\"inLanguage\":\"es\",\"@id\":\"https:\\\/\\\/www.escapadarural.com\\\/blog\\\/wp-content\\\/uploads\\\/2024\\\/10\\\/cropped-cropped-escapada-rural-icon-mag-3-96x96.png\",\"url\":\"https:\\\/\\\/www.escapadarural.com\\\/blog\\\/wp-content\\\/uploads\\\/2024\\\/10\\\/cropped-cropped-escapada-rural-icon-mag-3-96x96.png\",\"contentUrl\":\"https:\\\/\\\/www.escapadarural.com\\\/blog\\\/wp-content\\\/uploads\\\/2024\\\/10\\\/cropped-cropped-escapada-rural-icon-mag-3-96x96.png\",\"caption\":\"Escapada Rural\"},\"sameAs\":[\"https:\\\/\\\/www.facebook.com\\\/escapadarural\",\"https:\\\/\\\/www.linkedin.com\\\/company\\\/escapada-rural\\\/?originalSubdomain=es\",\"https:\\\/\\\/x.com\\\/https:\\\/\\\/x.com\\\/i\\\/flow\\\/login?redirect_after_login=escapadarural\"],\"url\":\"https:\\\/\\\/www.escapadarural.com\\\/blog\\\/autor\\\/user\\\/\"}]}<\/script>\n<!-- \/ Yoast SEO plugin. -->","yoast_head_json":{"title":"Las leyendas de la Casa Winter - EscapadaRural","robots":{"index":"index","follow":"follow","max-snippet":"max-snippet:-1","max-image-preview":"max-image-preview:large","max-video-preview":"max-video-preview:-1"},"canonical":"https:\/\/www.escapadarural.com\/blog\/la-leyenda-nazi-de-la-casa-winter\/","og_locale":"es_ES","og_type":"article","og_title":"Las leyendas de la Casa Winter - EscapadaRural","og_description":"Esta es una historia esp\u00edas, de avionetas vigiladas, submarinos de guerra y pasadizos secretos en Fuerteventura...","og_url":"https:\/\/www.escapadarural.com\/blog\/la-leyenda-nazi-de-la-casa-winter\/","og_site_name":"Magazine de viajes de EscapadaRural","article_publisher":"https:\/\/www.facebook.com\/escapadarural","article_author":"https:\/\/www.facebook.com\/escapadarural","article_published_time":"2015-10-08T16:13:50+00:00","article_modified_time":"2025-08-12T13:03:14+00:00","og_image":[{"width":1024,"height":683,"url":"https:\/\/www.escapadarural.com\/blog\/wp-content\/uploads\/2024\/10\/man-and-his-dog-playing-on-the-beach-of-cofete-in-fuerteventura-stockpack-adobe-stock-1024x683-3.jpg?v=1755003795","type":"image\/jpeg"}],"author":"Escapada Rural","twitter_card":"summary_large_image","twitter_creator":"@https:\/\/x.com\/i\/flow\/login?redirect_after_login=escapadarural","twitter_misc":{"Escrito por":"Escapada Rural","Tiempo de lectura":"4 minutos"},"schema":{"@context":"https:\/\/schema.org","@graph":[{"@type":"Article","@id":"https:\/\/www.escapadarural.com\/blog\/la-leyenda-nazi-de-la-casa-winter\/#article","isPartOf":{"@id":"https:\/\/www.escapadarural.com\/blog\/la-leyenda-nazi-de-la-casa-winter\/"},"author":{"name":"Escapada Rural","@id":"https:\/\/www.escapadarural.com\/blog\/#\/schema\/person\/d9ee55ff3e0cef41d6eac8922b4f972c"},"headline":"Las leyendas de la Casa Winter","datePublished":"2015-10-08T16:13:50+00:00","dateModified":"2025-08-12T13:03:14+00:00","mainEntityOfPage":{"@id":"https:\/\/www.escapadarural.com\/blog\/la-leyenda-nazi-de-la-casa-winter\/"},"wordCount":843,"commentCount":7,"publisher":{"@id":"https:\/\/www.escapadarural.com\/blog\/#organization"},"image":{"@id":"https:\/\/www.escapadarural.com\/blog\/la-leyenda-nazi-de-la-casa-winter\/#primaryimage"},"thumbnailUrl":"https:\/\/www.escapadarural.com\/blog\/wp-content\/uploads\/2024\/10\/man-and-his-dog-playing-on-the-beach-of-cofete-in-fuerteventura-stockpack-adobe-stock-1024x683-3.jpg","keywords":["Casa Winter","Fuerteventura","Historias y Curiosidades","Las Palmas","Leyendas"],"articleSection":["Arte y Cultura"],"inLanguage":"es","potentialAction":[{"@type":"CommentAction","name":"Comment","target":["https:\/\/www.escapadarural.com\/blog\/la-leyenda-nazi-de-la-casa-winter\/#respond"]}]},{"@type":"WebPage","@id":"https:\/\/www.escapadarural.com\/blog\/la-leyenda-nazi-de-la-casa-winter\/","url":"https:\/\/www.escapadarural.com\/blog\/la-leyenda-nazi-de-la-casa-winter\/","name":"Las leyendas de la Casa Winter - EscapadaRural","isPartOf":{"@id":"https:\/\/www.escapadarural.com\/blog\/#website"},"primaryImageOfPage":{"@id":"https:\/\/www.escapadarural.com\/blog\/la-leyenda-nazi-de-la-casa-winter\/#primaryimage"},"image":{"@id":"https:\/\/www.escapadarural.com\/blog\/la-leyenda-nazi-de-la-casa-winter\/#primaryimage"},"thumbnailUrl":"https:\/\/www.escapadarural.com\/blog\/wp-content\/uploads\/2024\/10\/man-and-his-dog-playing-on-the-beach-of-cofete-in-fuerteventura-stockpack-adobe-stock-1024x683-3.jpg","datePublished":"2015-10-08T16:13:50+00:00","dateModified":"2025-08-12T13:03:14+00:00","breadcrumb":{"@id":"https:\/\/www.escapadarural.com\/blog\/la-leyenda-nazi-de-la-casa-winter\/#breadcrumb"},"inLanguage":"es","potentialAction":[{"@type":"ReadAction","target":["https:\/\/www.escapadarural.com\/blog\/la-leyenda-nazi-de-la-casa-winter\/"]}]},{"@type":"ImageObject","inLanguage":"es","@id":"https:\/\/www.escapadarural.com\/blog\/la-leyenda-nazi-de-la-casa-winter\/#primaryimage","url":"https:\/\/www.escapadarural.com\/blog\/wp-content\/uploads\/2024\/10\/man-and-his-dog-playing-on-the-beach-of-cofete-in-fuerteventura-stockpack-adobe-stock-1024x683-3.jpg","contentUrl":"https:\/\/www.escapadarural.com\/blog\/wp-content\/uploads\/2024\/10\/man-and-his-dog-playing-on-the-beach-of-cofete-in-fuerteventura-stockpack-adobe-stock-1024x683-3.jpg","width":1024,"height":683,"caption":"Playa de Cofete, Fuerteventura"},{"@type":"BreadcrumbList","@id":"https:\/\/www.escapadarural.com\/blog\/la-leyenda-nazi-de-la-casa-winter\/#breadcrumb","itemListElement":[{"@type":"ListItem","position":1,"name":"Inicio","item":"https:\/\/www.escapadarural.com\/blog\/"},{"@type":"ListItem","position":2,"name":"Arte y Cultura","item":"https:\/\/www.escapadarural.com\/blog\/categoria\/arte-y-cultura\/"},{"@type":"ListItem","position":3,"name":"Las leyendas de la Casa Winter"}]},{"@type":"WebSite","@id":"https:\/\/www.escapadarural.com\/blog\/#website","url":"https:\/\/www.escapadarural.com\/blog\/","name":"Blog de viajes | turismo rural, alojamientos e inspiraci\u00f3n","description":"Alojamientos rurales e inspiraci\u00f3n para tus escapadas","publisher":{"@id":"https:\/\/www.escapadarural.com\/blog\/#organization"},"alternateName":"Magazine de viajes de EscapadaRural","potentialAction":[{"@type":"SearchAction","target":{"@type":"EntryPoint","urlTemplate":"https:\/\/www.escapadarural.com\/blog\/?s={search_term_string}"},"query-input":{"@type":"PropertyValueSpecification","valueRequired":true,"valueName":"search_term_string"}}],"inLanguage":"es"},{"@type":"Organization","@id":"https:\/\/www.escapadarural.com\/blog\/#organization","name":"EscapadaRural","url":"https:\/\/www.escapadarural.com\/blog\/","logo":{"@type":"ImageObject","inLanguage":"es","@id":"https:\/\/www.escapadarural.com\/blog\/#\/schema\/logo\/image\/","url":"https:\/\/www.escapadarural.com\/blog\/wp-content\/uploads\/2024\/10\/cropped-cropped-escapada-rural-icon-mag-3.png","contentUrl":"https:\/\/www.escapadarural.com\/blog\/wp-content\/uploads\/2024\/10\/cropped-cropped-escapada-rural-icon-mag-3.png","width":512,"height":512,"caption":"EscapadaRural"},"image":{"@id":"https:\/\/www.escapadarural.com\/blog\/#\/schema\/logo\/image\/"},"sameAs":["https:\/\/www.facebook.com\/escapadarural","https:\/\/www.instagram.com\/escapadarural\/","https:\/\/www.youtube.com\/@escapadaruralcom"]},{"@type":"Person","@id":"https:\/\/www.escapadarural.com\/blog\/#\/schema\/person\/d9ee55ff3e0cef41d6eac8922b4f972c","name":"Escapada Rural","image":{"@type":"ImageObject","inLanguage":"es","@id":"https:\/\/www.escapadarural.com\/blog\/wp-content\/uploads\/2024\/10\/cropped-cropped-escapada-rural-icon-mag-3-96x96.png","url":"https:\/\/www.escapadarural.com\/blog\/wp-content\/uploads\/2024\/10\/cropped-cropped-escapada-rural-icon-mag-3-96x96.png","contentUrl":"https:\/\/www.escapadarural.com\/blog\/wp-content\/uploads\/2024\/10\/cropped-cropped-escapada-rural-icon-mag-3-96x96.png","caption":"Escapada Rural"},"sameAs":["https:\/\/www.facebook.com\/escapadarural","https:\/\/www.linkedin.com\/company\/escapada-rural\/?originalSubdomain=es","https:\/\/x.com\/https:\/\/x.com\/i\/flow\/login?redirect_after_login=escapadarural"],"url":"https:\/\/www.escapadarural.com\/blog\/autor\/user\/"}]}},"_links":{"self":[{"href":"https:\/\/www.escapadarural.com\/blog\/wp-json\/wp\/v2\/posts\/5668","targetHints":{"allow":["GET"]}}],"collection":[{"href":"https:\/\/www.escapadarural.com\/blog\/wp-json\/wp\/v2\/posts"}],"about":[{"href":"https:\/\/www.escapadarural.com\/blog\/wp-json\/wp\/v2\/types\/post"}],"author":[{"embeddable":true,"href":"https:\/\/www.escapadarural.com\/blog\/wp-json\/wp\/v2\/users\/136"}],"replies":[{"embeddable":true,"href":"https:\/\/www.escapadarural.com\/blog\/wp-json\/wp\/v2\/comments?post=5668"}],"version-history":[{"count":0,"href":"https:\/\/www.escapadarural.com\/blog\/wp-json\/wp\/v2\/posts\/5668\/revisions"}],"wp:featuredmedia":[{"embeddable":true,"href":"https:\/\/www.escapadarural.com\/blog\/wp-json\/wp\/v2\/media\/99794"}],"wp:attachment":[{"href":"https:\/\/www.escapadarural.com\/blog\/wp-json\/wp\/v2\/media?parent=5668"}],"wp:term":[{"taxonomy":"category","embeddable":true,"href":"https:\/\/www.escapadarural.com\/blog\/wp-json\/wp\/v2\/categories?post=5668"},{"taxonomy":"post_tag","embeddable":true,"href":"https:\/\/www.escapadarural.com\/blog\/wp-json\/wp\/v2\/tags?post=5668"}],"curies":[{"name":"wp","href":"https:\/\/api.w.org\/{rel}","templated":true}]}}