{"id":56688,"date":"2023-01-08T08:00:00","date_gmt":"2023-01-08T07:00:00","guid":{"rendered":"https:\/\/www.escapadarural.com\/blog\/?p=56688"},"modified":"2025-08-06T14:59:24","modified_gmt":"2025-08-06T12:59:24","slug":"ruta-por-el-valle-de-estos-benasque","status":"publish","type":"post","link":"https:\/\/www.escapadarural.com\/blog\/ruta-por-el-valle-de-estos-benasque\/","title":{"rendered":"Ruta hasta la caba\u00f1a del Turmo de los Celtas Cortos"},"content":{"rendered":"\n<figure class=\"wp-block-image size-large\"><a href=\"https:\/\/www.escapadarural.com\/blog\/wp-content\/uploads\/Perdiguero_from_Estos_Valley_-_panoramio-scaled.jpg\"><img decoding=\"async\" src=\"https:\/\/www.escapadarural.com\/blog\/wp-content\/uploads\/Perdiguero_from_Estos_Valley_-_panoramio-1024x768.jpg\" alt=\"Ruta por el valle de Est\u00f3s\" class=\"wp-image-57059\"\/><\/a><figcaption class=\"wp-element-caption\">Ruta por el valle de Est\u00f3s. Por Santiago Puig Vilado<\/figcaption><\/figure>\n\n\n\n<p>La comarca de <a href=\"https:\/\/www.escapadarural.com\/casas-rurales\/benasque\">Benasque<\/a> es una m\u00e1quina de fabricar rutas de senderismo muy bien engrasada. Son m\u00faltiples las opciones que ofrece para los amantes de la monta\u00f1a, del agua, y tambi\u00e9n de la m\u00fasica. La ruta por el valle de Est\u00f3s, en el coraz\u00f3n del <strong>Parque Natural Posets-Maladeta<\/strong>, es un claro ejemplo de ello. De hecho, es uno de los itinerarios m\u00e1s sobresalientes.<\/p>\n\n\n\n<p>\u00bfY porqu\u00e9 es tan especial? Pues, entre otros motivos, porque permite disfrutar de unas <strong>curiosas formaciones llamadas gorgas<\/strong> que, seg\u00fan la RAE, son \u00ab<em>Remolinos que forman las aguas de los r\u00edos en algunos lugares, excavando en olla las arenas del fondo<\/em>\u00ab. En este caso, las aguas del r\u00edo Est\u00f3s se han puesto creativas. <\/p>\n\n\n\n<p>Otro de sus alicientes es que tambi\u00e9n nos lleva hasta la caba\u00f1a del Turmo, popularizada por los Celtas Cortos en el a\u00f1o 91. El refugio, que siempre ha suscitado muchas dudas acerca de su pronunciaci\u00f3n (\u00bfEs turbo? \u00bfTurno? No, es Turmo), aparece en la letra de su m\u00edtica canci\u00f3n <em>20 de abril<\/em>, en la primera parte de su estribillo:<\/p>\n\n\n\n<blockquote class=\"wp-block-quote is-layout-flow wp-block-quote-is-layout-flow\">\n<p>\u00bfRecuerdas aquella noche en la caba\u00f1a del Turmo?<br>Las risas que nos hac\u00edamos antes todos juntos<br>Hoy no queda casi nadie de los de antes<br>Y los que hay han cambiado<\/p>\n<cite>20 de abril, Celtas Cortos<\/cite><\/blockquote>\n\n\n\n<p>Adem\u00e1s, desde hace unos a\u00f1os tambi\u00e9n aparece en su videoclip. \u00bfA qui\u00e9n no le gustar\u00eda conocerla?<\/p>\n\n\n\n<h2 class=\"wp-block-heading\" id=\"h-como-llegar-hasta-la-cabana-del-turmo-la-ruta-por-el-valle-de-estos\">C\u00f3mo llegar hasta la caba\u00f1a del Turmo: la ruta por el valle de Est\u00f3s<\/h2>\n\n\n\n<figure class=\"wp-block-image size-large\"><a href=\"https:\/\/www.escapadarural.com\/blog\/wp-content\/uploads\/AdobeStock_378529987-scaled.jpeg\"><img decoding=\"async\" src=\"https:\/\/www.escapadarural.com\/blog\/wp-content\/uploads\/AdobeStock_378529987-1024x683.jpeg\" alt=\"Caba\u00f1a de Santa Ana.Valle de Est\u00f3s\" class=\"wp-image-57056\"\/><\/a><figcaption class=\"wp-element-caption\">Caba\u00f1a de Santa Ana.Valle de Est\u00f3s. Por Tolo<\/figcaption><\/figure>\n\n\n\n<p>Para iniciar esta bonita ruta por el <a href=\"https:\/\/www.escapadarural.com\/casas-rurales\/pirineo-aragones\">Pirineo aragon\u00e9s<\/a> debemos dirigirnos al parking del valle de Est\u00f3s. Desde all\u00ed parte el sendero lineal que completaremos en unas tres horas, aproximadamente (solo ida). Eso s\u00ed, con un desnivel acumulado de 450 metros que apenas entra\u00f1a dificultad t\u00e9cnica y est\u00e1 muy bien se\u00f1alizado. <\/p>\n\n\n\n<p>El embalse de Est\u00f3s, con su presa, es la primera parada de la ruta. Desde all\u00ed, tras cruzar el puente de la Palanca, continuamos marcha dejando el curso del r\u00edo de nuestro lado izquierdo. El camino es ahora bastante m\u00e1s ancho y las panor\u00e1micas del Perdiguero en el fondo del valle nos llenan la vista.<\/p>\n\n\n\n<p>Pocos pasos despu\u00e9s, la caba\u00f1a de Santa Ana, abrazada por los verdes prados que tanto caracterizan esta zona, sale a nuestro encuentro. La paz que se respira en el lugar invita a tomarse un descanso y ponerse en modo contemplativo.<\/p>\n\n\n\n<figure class=\"wp-block-image size-large\"><a href=\"https:\/\/www.escapadarural.com\/blog\/wp-content\/uploads\/Valle_de_Estos01.jpg\"><img decoding=\"async\" src=\"https:\/\/www.escapadarural.com\/blog\/wp-content\/uploads\/Valle_de_Estos01-1024x768.jpg\" alt=\"Valle de Est\u00f3s\" class=\"wp-image-57058\"\/><\/a><figcaption class=\"wp-element-caption\">Ruta por el valle de Est\u00f3s, Benasque. Por Miguel303xm<\/figcaption><\/figure>\n\n\n\n<p>Si hemos elegido hacer la <strong>ruta por el valle de Est\u00f3s, gorgas de los Galantes y caba\u00f1a del Turmo<\/strong> en verano, vamos a agradecer sobremanera la sombra que provee el hayedo que encontramos unos metros m\u00e1s adelante. Y si es en oto\u00f1o, la fiesta crom\u00e1tica aportar\u00e1 un toque de magia a la senda.<\/p>\n\n\n\n<p>Por fin llegamos a las famosas <strong>gorgas de los Galantes<\/strong>. Una clara se\u00f1alizaci\u00f3n nos indica el camino para acceder a los miradores. El estruendo del abundante caudal gorgoteando es ensordecedor e hipn\u00f3tico al mismo tiempo. Tal es la afluencia de agua que, debido a su peligrosidad, se recomienda practicar barranquismo solo durante los meses de agosto y septiembre.<\/p>\n\n\n\n<p>Para contemplar las gorgas de los Galantes hay dos miradores, el inferior y el superior. Si bien el primero ofrece una buena perspectiva, la panor\u00e1mica que se obtiene desde el superior es, sencillamente, de postal.<\/p>\n\n\n\n<p>A\u00fan sorprendidos por la belleza que desprende cada cent\u00edmetro de este enclave, continuamos la ruta hasta llegar, por fin, a una pradera donde <strong>encontraremos la famosa Caba\u00f1a del Turmo<\/strong>, un antiguo alojamiento que daba cobijo a los pastores que necesitaban pernoctar durante la temporada de trashumancia. El refugio se ha rehabilitado recientemente gracias a una campa\u00f1a de micromecenazgo ejecutada por los propietarios del Monte Est\u00f3s. <\/p>\n\n\n\n<figure class=\"wp-block-image size-large\"><a href=\"https:\/\/www.escapadarural.com\/blog\/wp-content\/uploads\/Cabana_del_Turmo_Vall_dEstos_16-scaled.jpg\"><img decoding=\"async\" src=\"https:\/\/www.escapadarural.com\/blog\/wp-content\/uploads\/Cabana_del_Turmo_Vall_dEstos_16-1024x614.jpg\" alt=\"Caba\u00f1a del Turmo\" class=\"wp-image-57057\"\/><\/a><figcaption class=\"wp-element-caption\">Caba\u00f1a del Turmo. Por Pacopac<\/figcaption><\/figure>\n\n\n\n<p>Unos metros m\u00e1s adelante, llegamos al <strong>final de la ruta<\/strong>: el <strong>refugio de Est\u00f3s<\/strong>. Un precioso lugar donde reponer fuerzas para emprender el camino de vuelta o en el que, incluso, nos podemos quedar a dormir.<\/p>\n\n\n\n<figure class=\"wp-block-embed is-type-video is-provider-youtube wp-block-embed-youtube wp-embed-aspect-16-9 wp-has-aspect-ratio\"><div class=\"wp-block-embed__wrapper\">\n<span class=\"3JiNLrQh01ITYO9D6oyOFR67ltspKWQP7o59gjs5VafHmmnEBWSnzX8ZxHdedgAwhTvLkCEX4accA\"><div class=\"video-shortcode\"><iframe title=\"Celtas Cortos - 20 DE ABRIL (Videoclip oficial)\" width=\"1200\" height=\"675\" src=\"https:\/\/www.youtube.com\/embed\/sMvPN3349og?feature=oembed\" frameborder=\"0\" allow=\"accelerometer; autoplay; clipboard-write; encrypted-media; gyroscope; picture-in-picture; web-share\" referrerpolicy=\"strict-origin-when-cross-origin\" allowfullscreen><\/iframe><\/div><\/span>\n<\/div><\/figure>\n\n\n\n<div class=\"wp-block-buttons is-layout-flex wp-block-buttons-is-layout-flex\">\n<div class=\"wp-block-button\"><a class=\"wp-block-button__link wp-element-button\" href=\"https:\/\/www.escapadarural.com\/casas-rurales\/benasque\">Casas rurales en Benasque<\/a><\/div>\n<\/div>\n","protected":false},"excerpt":{"rendered":"<p>Naturaleza, agua y m\u00fasica. Est\u00e1 ruta por el valle de Est\u00f3s nos permite disfrutar de las tradicionales gorgas y llegar hasta la popular caba\u00f1a del Turmo, nombrada en la canci\u00f3n 20 de abril de los Celtas Cortos<\/p>\n","protected":false},"author":109,"featured_media":96842,"comment_status":"open","ping_status":"open","sticky":false,"template":"","format":"standard","meta":{"_acf_changed":false,"om_disable_all_campaigns":false,"footnotes":""},"categories":[1379],"tags":[6013,2163,866,4829],"class_list":["post-56688","post","type-post","status-publish","format-standard","has-post-thumbnail","hentry","category-rutas-y-excursiones","tag-que-ver-en-aragon","tag-benasque","tag-parques-naturales","tag-valle-de-estos"],"acf":[],"featured_image_src":"https:\/\/www.escapadarural.com\/blog\/wp-content\/uploads\/2024\/10\/Perdiguero_from_Estos_Valley_-_panoramio-1024x768-1.jpg","author_info":{"display_name":"El\u00edsabet Garc\u00eda","author_link":"https:\/\/www.escapadarural.com\/blog\/autor\/lagranescapada\/"},"yoast_head":"<!-- This site is optimized with the Yoast SEO plugin v27.5 - https:\/\/yoast.com\/product\/yoast-seo-wordpress\/ -->\n<title>Ruta hasta la caba\u00f1a del Turmo de los Celtas Cortos - EscapadaRural<\/title>\n<meta name=\"robots\" content=\"index, follow, max-snippet:-1, max-image-preview:large, max-video-preview:-1\" \/>\n<link rel=\"canonical\" href=\"https:\/\/www.escapadarural.com\/blog\/ruta-por-el-valle-de-estos-benasque\/\" \/>\n<meta property=\"og:locale\" content=\"es_ES\" \/>\n<meta property=\"og:type\" content=\"article\" \/>\n<meta property=\"og:title\" content=\"Ruta hasta la caba\u00f1a del Turmo de los Celtas Cortos - EscapadaRural\" \/>\n<meta property=\"og:description\" content=\"Naturaleza, agua y m\u00fasica. Est\u00e1 ruta por el valle de Est\u00f3s nos permite disfrutar de las tradicionales gorgas y llegar hasta la popular caba\u00f1a del Turmo, nombrada en la canci\u00f3n 20 de abril de los Celtas Cortos\" \/>\n<meta property=\"og:url\" content=\"https:\/\/www.escapadarural.com\/blog\/ruta-por-el-valle-de-estos-benasque\/\" \/>\n<meta property=\"og:site_name\" content=\"Magazine de viajes de EscapadaRural\" \/>\n<meta property=\"article:publisher\" content=\"https:\/\/www.facebook.com\/escapadarural\" \/>\n<meta property=\"article:published_time\" content=\"2023-01-08T07:00:00+00:00\" \/>\n<meta property=\"article:modified_time\" content=\"2025-08-06T12:59:24+00:00\" \/>\n<meta property=\"og:image\" content=\"https:\/\/www.escapadarural.com\/blog\/wp-content\/uploads\/2024\/10\/Perdiguero_from_Estos_Valley_-_panoramio-1024x768-1.jpg?v=1754485166\" \/>\n\t<meta property=\"og:image:width\" content=\"1024\" \/>\n\t<meta property=\"og:image:height\" content=\"768\" \/>\n\t<meta property=\"og:image:type\" content=\"image\/jpeg\" \/>\n<meta name=\"author\" content=\"El\u00edsabet Garc\u00eda\" \/>\n<meta name=\"twitter:card\" content=\"summary_large_image\" \/>\n<meta name=\"twitter:label1\" content=\"Escrito por\" \/>\n\t<meta name=\"twitter:data1\" content=\"El\u00edsabet Garc\u00eda\" \/>\n\t<meta name=\"twitter:label2\" content=\"Tiempo de lectura\" \/>\n\t<meta name=\"twitter:data2\" content=\"4 minutos\" \/>\n<script type=\"application\/ld+json\" class=\"yoast-schema-graph\">{\"@context\":\"https:\\\/\\\/schema.org\",\"@graph\":[{\"@type\":\"Article\",\"@id\":\"https:\\\/\\\/www.escapadarural.com\\\/blog\\\/ruta-por-el-valle-de-estos-benasque\\\/#article\",\"isPartOf\":{\"@id\":\"https:\\\/\\\/www.escapadarural.com\\\/blog\\\/ruta-por-el-valle-de-estos-benasque\\\/\"},\"author\":{\"name\":\"El\u00edsabet Garc\u00eda\",\"@id\":\"https:\\\/\\\/www.escapadarural.com\\\/blog\\\/#\\\/schema\\\/person\\\/2cac652e2d16373a24890ffaa220140f\"},\"headline\":\"Ruta hasta la caba\u00f1a del Turmo de los Celtas Cortos\",\"datePublished\":\"2023-01-08T07:00:00+00:00\",\"dateModified\":\"2025-08-06T12:59:24+00:00\",\"mainEntityOfPage\":{\"@id\":\"https:\\\/\\\/www.escapadarural.com\\\/blog\\\/ruta-por-el-valle-de-estos-benasque\\\/\"},\"wordCount\":745,\"commentCount\":0,\"publisher\":{\"@id\":\"https:\\\/\\\/www.escapadarural.com\\\/blog\\\/#organization\"},\"image\":{\"@id\":\"https:\\\/\\\/www.escapadarural.com\\\/blog\\\/ruta-por-el-valle-de-estos-benasque\\\/#primaryimage\"},\"thumbnailUrl\":\"https:\\\/\\\/www.escapadarural.com\\\/blog\\\/wp-content\\\/uploads\\\/2024\\\/10\\\/Perdiguero_from_Estos_Valley_-_panoramio-1024x768-1.jpg\",\"keywords\":[\"Arag\u00f3n\",\"Benasque\",\"Parques Naturales\",\"valle de Est\u00f3s\"],\"articleSection\":[\"Rutas y excursiones\"],\"inLanguage\":\"es\",\"potentialAction\":[{\"@type\":\"CommentAction\",\"name\":\"Comment\",\"target\":[\"https:\\\/\\\/www.escapadarural.com\\\/blog\\\/ruta-por-el-valle-de-estos-benasque\\\/#respond\"]}]},{\"@type\":\"WebPage\",\"@id\":\"https:\\\/\\\/www.escapadarural.com\\\/blog\\\/ruta-por-el-valle-de-estos-benasque\\\/\",\"url\":\"https:\\\/\\\/www.escapadarural.com\\\/blog\\\/ruta-por-el-valle-de-estos-benasque\\\/\",\"name\":\"Ruta hasta la caba\u00f1a del Turmo de los Celtas Cortos - EscapadaRural\",\"isPartOf\":{\"@id\":\"https:\\\/\\\/www.escapadarural.com\\\/blog\\\/#website\"},\"primaryImageOfPage\":{\"@id\":\"https:\\\/\\\/www.escapadarural.com\\\/blog\\\/ruta-por-el-valle-de-estos-benasque\\\/#primaryimage\"},\"image\":{\"@id\":\"https:\\\/\\\/www.escapadarural.com\\\/blog\\\/ruta-por-el-valle-de-estos-benasque\\\/#primaryimage\"},\"thumbnailUrl\":\"https:\\\/\\\/www.escapadarural.com\\\/blog\\\/wp-content\\\/uploads\\\/2024\\\/10\\\/Perdiguero_from_Estos_Valley_-_panoramio-1024x768-1.jpg\",\"datePublished\":\"2023-01-08T07:00:00+00:00\",\"dateModified\":\"2025-08-06T12:59:24+00:00\",\"breadcrumb\":{\"@id\":\"https:\\\/\\\/www.escapadarural.com\\\/blog\\\/ruta-por-el-valle-de-estos-benasque\\\/#breadcrumb\"},\"inLanguage\":\"es\",\"potentialAction\":[{\"@type\":\"ReadAction\",\"target\":[\"https:\\\/\\\/www.escapadarural.com\\\/blog\\\/ruta-por-el-valle-de-estos-benasque\\\/\"]}]},{\"@type\":\"ImageObject\",\"inLanguage\":\"es\",\"@id\":\"https:\\\/\\\/www.escapadarural.com\\\/blog\\\/ruta-por-el-valle-de-estos-benasque\\\/#primaryimage\",\"url\":\"https:\\\/\\\/www.escapadarural.com\\\/blog\\\/wp-content\\\/uploads\\\/2024\\\/10\\\/Perdiguero_from_Estos_Valley_-_panoramio-1024x768-1.jpg\",\"contentUrl\":\"https:\\\/\\\/www.escapadarural.com\\\/blog\\\/wp-content\\\/uploads\\\/2024\\\/10\\\/Perdiguero_from_Estos_Valley_-_panoramio-1024x768-1.jpg\",\"width\":1024,\"height\":768,\"caption\":\"Valle de Est\u00f3s. Por Santiago Puig Vilado\"},{\"@type\":\"BreadcrumbList\",\"@id\":\"https:\\\/\\\/www.escapadarural.com\\\/blog\\\/ruta-por-el-valle-de-estos-benasque\\\/#breadcrumb\",\"itemListElement\":[{\"@type\":\"ListItem\",\"position\":1,\"name\":\"Inicio\",\"item\":\"https:\\\/\\\/www.escapadarural.com\\\/blog\\\/\"},{\"@type\":\"ListItem\",\"position\":2,\"name\":\"Rutas y excursiones\",\"item\":\"https:\\\/\\\/www.escapadarural.com\\\/blog\\\/categoria\\\/rutas-y-excursiones\\\/\"},{\"@type\":\"ListItem\",\"position\":3,\"name\":\"Ruta hasta la caba\u00f1a del Turmo de los Celtas Cortos\"}]},{\"@type\":\"WebSite\",\"@id\":\"https:\\\/\\\/www.escapadarural.com\\\/blog\\\/#website\",\"url\":\"https:\\\/\\\/www.escapadarural.com\\\/blog\\\/\",\"name\":\"Blog de viajes | turismo rural, alojamientos e inspiraci\u00f3n\",\"description\":\"Alojamientos rurales e inspiraci\u00f3n para tus escapadas\",\"publisher\":{\"@id\":\"https:\\\/\\\/www.escapadarural.com\\\/blog\\\/#organization\"},\"alternateName\":\"Magazine de viajes de EscapadaRural\",\"potentialAction\":[{\"@type\":\"SearchAction\",\"target\":{\"@type\":\"EntryPoint\",\"urlTemplate\":\"https:\\\/\\\/www.escapadarural.com\\\/blog\\\/?s={search_term_string}\"},\"query-input\":{\"@type\":\"PropertyValueSpecification\",\"valueRequired\":true,\"valueName\":\"search_term_string\"}}],\"inLanguage\":\"es\"},{\"@type\":\"Organization\",\"@id\":\"https:\\\/\\\/www.escapadarural.com\\\/blog\\\/#organization\",\"name\":\"EscapadaRural\",\"url\":\"https:\\\/\\\/www.escapadarural.com\\\/blog\\\/\",\"logo\":{\"@type\":\"ImageObject\",\"inLanguage\":\"es\",\"@id\":\"https:\\\/\\\/www.escapadarural.com\\\/blog\\\/#\\\/schema\\\/logo\\\/image\\\/\",\"url\":\"https:\\\/\\\/www.escapadarural.com\\\/blog\\\/wp-content\\\/uploads\\\/2024\\\/10\\\/cropped-cropped-escapada-rural-icon-mag-3.png\",\"contentUrl\":\"https:\\\/\\\/www.escapadarural.com\\\/blog\\\/wp-content\\\/uploads\\\/2024\\\/10\\\/cropped-cropped-escapada-rural-icon-mag-3.png\",\"width\":512,\"height\":512,\"caption\":\"EscapadaRural\"},\"image\":{\"@id\":\"https:\\\/\\\/www.escapadarural.com\\\/blog\\\/#\\\/schema\\\/logo\\\/image\\\/\"},\"sameAs\":[\"https:\\\/\\\/www.facebook.com\\\/escapadarural\",\"https:\\\/\\\/www.instagram.com\\\/escapadarural\\\/\",\"https:\\\/\\\/www.youtube.com\\\/@escapadaruralcom\"]},{\"@type\":\"Person\",\"@id\":\"https:\\\/\\\/www.escapadarural.com\\\/blog\\\/#\\\/schema\\\/person\\\/2cac652e2d16373a24890ffaa220140f\",\"name\":\"El\u00edsabet Garc\u00eda\",\"image\":{\"@type\":\"ImageObject\",\"inLanguage\":\"es\",\"@id\":\"https:\\\/\\\/www.escapadarural.com\\\/blog\\\/wp-content\\\/uploads\\\/2025\\\/02\\\/elisabet_gran_escapada.webp\",\"url\":\"https:\\\/\\\/www.escapadarural.com\\\/blog\\\/wp-content\\\/uploads\\\/2025\\\/02\\\/elisabet_gran_escapada.webp\",\"contentUrl\":\"https:\\\/\\\/www.escapadarural.com\\\/blog\\\/wp-content\\\/uploads\\\/2025\\\/02\\\/elisabet_gran_escapada.webp\",\"caption\":\"El\u00edsabet Garc\u00eda\"},\"description\":\"Hola a todos! Soy El\u00edsabet Garc\u00eda, Consultora Inform\u00e1tica y, desde hace 7 a\u00f1os, blogger de viajes. Me apasiona viajar, conocer lugares inh\u00f3spitos, experimentar aventuras, perderme por la naturaleza y saborear la gastronom\u00eda local de cada lugar. Coeditora del blog lagranescapada.com junto a Mar Gonz\u00e1lez, un lugar que creamos para compartir cada nueva escapada que hacemos por el mundo.\",\"sameAs\":[\"https:\\\/\\\/lagranescapada.com\\\/\"],\"url\":\"https:\\\/\\\/www.escapadarural.com\\\/blog\\\/autor\\\/lagranescapada\\\/\"}]}<\/script>\n<!-- \/ Yoast SEO plugin. -->","yoast_head_json":{"title":"Ruta hasta la caba\u00f1a del Turmo de los Celtas Cortos - EscapadaRural","robots":{"index":"index","follow":"follow","max-snippet":"max-snippet:-1","max-image-preview":"max-image-preview:large","max-video-preview":"max-video-preview:-1"},"canonical":"https:\/\/www.escapadarural.com\/blog\/ruta-por-el-valle-de-estos-benasque\/","og_locale":"es_ES","og_type":"article","og_title":"Ruta hasta la caba\u00f1a del Turmo de los Celtas Cortos - EscapadaRural","og_description":"Naturaleza, agua y m\u00fasica. Est\u00e1 ruta por el valle de Est\u00f3s nos permite disfrutar de las tradicionales gorgas y llegar hasta la popular caba\u00f1a del Turmo, nombrada en la canci\u00f3n 20 de abril de los Celtas Cortos","og_url":"https:\/\/www.escapadarural.com\/blog\/ruta-por-el-valle-de-estos-benasque\/","og_site_name":"Magazine de viajes de EscapadaRural","article_publisher":"https:\/\/www.facebook.com\/escapadarural","article_published_time":"2023-01-08T07:00:00+00:00","article_modified_time":"2025-08-06T12:59:24+00:00","og_image":[{"width":1024,"height":768,"url":"https:\/\/www.escapadarural.com\/blog\/wp-content\/uploads\/2024\/10\/Perdiguero_from_Estos_Valley_-_panoramio-1024x768-1.jpg?v=1754485166","type":"image\/jpeg"}],"author":"El\u00edsabet Garc\u00eda","twitter_card":"summary_large_image","twitter_misc":{"Escrito por":"El\u00edsabet Garc\u00eda","Tiempo de lectura":"4 minutos"},"schema":{"@context":"https:\/\/schema.org","@graph":[{"@type":"Article","@id":"https:\/\/www.escapadarural.com\/blog\/ruta-por-el-valle-de-estos-benasque\/#article","isPartOf":{"@id":"https:\/\/www.escapadarural.com\/blog\/ruta-por-el-valle-de-estos-benasque\/"},"author":{"name":"El\u00edsabet Garc\u00eda","@id":"https:\/\/www.escapadarural.com\/blog\/#\/schema\/person\/2cac652e2d16373a24890ffaa220140f"},"headline":"Ruta hasta la caba\u00f1a del Turmo de los Celtas Cortos","datePublished":"2023-01-08T07:00:00+00:00","dateModified":"2025-08-06T12:59:24+00:00","mainEntityOfPage":{"@id":"https:\/\/www.escapadarural.com\/blog\/ruta-por-el-valle-de-estos-benasque\/"},"wordCount":745,"commentCount":0,"publisher":{"@id":"https:\/\/www.escapadarural.com\/blog\/#organization"},"image":{"@id":"https:\/\/www.escapadarural.com\/blog\/ruta-por-el-valle-de-estos-benasque\/#primaryimage"},"thumbnailUrl":"https:\/\/www.escapadarural.com\/blog\/wp-content\/uploads\/2024\/10\/Perdiguero_from_Estos_Valley_-_panoramio-1024x768-1.jpg","keywords":["Arag\u00f3n","Benasque","Parques Naturales","valle de Est\u00f3s"],"articleSection":["Rutas y excursiones"],"inLanguage":"es","potentialAction":[{"@type":"CommentAction","name":"Comment","target":["https:\/\/www.escapadarural.com\/blog\/ruta-por-el-valle-de-estos-benasque\/#respond"]}]},{"@type":"WebPage","@id":"https:\/\/www.escapadarural.com\/blog\/ruta-por-el-valle-de-estos-benasque\/","url":"https:\/\/www.escapadarural.com\/blog\/ruta-por-el-valle-de-estos-benasque\/","name":"Ruta hasta la caba\u00f1a del Turmo de los Celtas Cortos - EscapadaRural","isPartOf":{"@id":"https:\/\/www.escapadarural.com\/blog\/#website"},"primaryImageOfPage":{"@id":"https:\/\/www.escapadarural.com\/blog\/ruta-por-el-valle-de-estos-benasque\/#primaryimage"},"image":{"@id":"https:\/\/www.escapadarural.com\/blog\/ruta-por-el-valle-de-estos-benasque\/#primaryimage"},"thumbnailUrl":"https:\/\/www.escapadarural.com\/blog\/wp-content\/uploads\/2024\/10\/Perdiguero_from_Estos_Valley_-_panoramio-1024x768-1.jpg","datePublished":"2023-01-08T07:00:00+00:00","dateModified":"2025-08-06T12:59:24+00:00","breadcrumb":{"@id":"https:\/\/www.escapadarural.com\/blog\/ruta-por-el-valle-de-estos-benasque\/#breadcrumb"},"inLanguage":"es","potentialAction":[{"@type":"ReadAction","target":["https:\/\/www.escapadarural.com\/blog\/ruta-por-el-valle-de-estos-benasque\/"]}]},{"@type":"ImageObject","inLanguage":"es","@id":"https:\/\/www.escapadarural.com\/blog\/ruta-por-el-valle-de-estos-benasque\/#primaryimage","url":"https:\/\/www.escapadarural.com\/blog\/wp-content\/uploads\/2024\/10\/Perdiguero_from_Estos_Valley_-_panoramio-1024x768-1.jpg","contentUrl":"https:\/\/www.escapadarural.com\/blog\/wp-content\/uploads\/2024\/10\/Perdiguero_from_Estos_Valley_-_panoramio-1024x768-1.jpg","width":1024,"height":768,"caption":"Valle de Est\u00f3s. Por Santiago Puig Vilado"},{"@type":"BreadcrumbList","@id":"https:\/\/www.escapadarural.com\/blog\/ruta-por-el-valle-de-estos-benasque\/#breadcrumb","itemListElement":[{"@type":"ListItem","position":1,"name":"Inicio","item":"https:\/\/www.escapadarural.com\/blog\/"},{"@type":"ListItem","position":2,"name":"Rutas y excursiones","item":"https:\/\/www.escapadarural.com\/blog\/categoria\/rutas-y-excursiones\/"},{"@type":"ListItem","position":3,"name":"Ruta hasta la caba\u00f1a del Turmo de los Celtas Cortos"}]},{"@type":"WebSite","@id":"https:\/\/www.escapadarural.com\/blog\/#website","url":"https:\/\/www.escapadarural.com\/blog\/","name":"Blog de viajes | turismo rural, alojamientos e inspiraci\u00f3n","description":"Alojamientos rurales e inspiraci\u00f3n para tus escapadas","publisher":{"@id":"https:\/\/www.escapadarural.com\/blog\/#organization"},"alternateName":"Magazine de viajes de EscapadaRural","potentialAction":[{"@type":"SearchAction","target":{"@type":"EntryPoint","urlTemplate":"https:\/\/www.escapadarural.com\/blog\/?s={search_term_string}"},"query-input":{"@type":"PropertyValueSpecification","valueRequired":true,"valueName":"search_term_string"}}],"inLanguage":"es"},{"@type":"Organization","@id":"https:\/\/www.escapadarural.com\/blog\/#organization","name":"EscapadaRural","url":"https:\/\/www.escapadarural.com\/blog\/","logo":{"@type":"ImageObject","inLanguage":"es","@id":"https:\/\/www.escapadarural.com\/blog\/#\/schema\/logo\/image\/","url":"https:\/\/www.escapadarural.com\/blog\/wp-content\/uploads\/2024\/10\/cropped-cropped-escapada-rural-icon-mag-3.png","contentUrl":"https:\/\/www.escapadarural.com\/blog\/wp-content\/uploads\/2024\/10\/cropped-cropped-escapada-rural-icon-mag-3.png","width":512,"height":512,"caption":"EscapadaRural"},"image":{"@id":"https:\/\/www.escapadarural.com\/blog\/#\/schema\/logo\/image\/"},"sameAs":["https:\/\/www.facebook.com\/escapadarural","https:\/\/www.instagram.com\/escapadarural\/","https:\/\/www.youtube.com\/@escapadaruralcom"]},{"@type":"Person","@id":"https:\/\/www.escapadarural.com\/blog\/#\/schema\/person\/2cac652e2d16373a24890ffaa220140f","name":"El\u00edsabet Garc\u00eda","image":{"@type":"ImageObject","inLanguage":"es","@id":"https:\/\/www.escapadarural.com\/blog\/wp-content\/uploads\/2025\/02\/elisabet_gran_escapada.webp","url":"https:\/\/www.escapadarural.com\/blog\/wp-content\/uploads\/2025\/02\/elisabet_gran_escapada.webp","contentUrl":"https:\/\/www.escapadarural.com\/blog\/wp-content\/uploads\/2025\/02\/elisabet_gran_escapada.webp","caption":"El\u00edsabet Garc\u00eda"},"description":"Hola a todos! Soy El\u00edsabet Garc\u00eda, Consultora Inform\u00e1tica y, desde hace 7 a\u00f1os, blogger de viajes. Me apasiona viajar, conocer lugares inh\u00f3spitos, experimentar aventuras, perderme por la naturaleza y saborear la gastronom\u00eda local de cada lugar. Coeditora del blog lagranescapada.com junto a Mar Gonz\u00e1lez, un lugar que creamos para compartir cada nueva escapada que hacemos por el mundo.","sameAs":["https:\/\/lagranescapada.com\/"],"url":"https:\/\/www.escapadarural.com\/blog\/autor\/lagranescapada\/"}]}},"_links":{"self":[{"href":"https:\/\/www.escapadarural.com\/blog\/wp-json\/wp\/v2\/posts\/56688","targetHints":{"allow":["GET"]}}],"collection":[{"href":"https:\/\/www.escapadarural.com\/blog\/wp-json\/wp\/v2\/posts"}],"about":[{"href":"https:\/\/www.escapadarural.com\/blog\/wp-json\/wp\/v2\/types\/post"}],"author":[{"embeddable":true,"href":"https:\/\/www.escapadarural.com\/blog\/wp-json\/wp\/v2\/users\/109"}],"replies":[{"embeddable":true,"href":"https:\/\/www.escapadarural.com\/blog\/wp-json\/wp\/v2\/comments?post=56688"}],"version-history":[{"count":0,"href":"https:\/\/www.escapadarural.com\/blog\/wp-json\/wp\/v2\/posts\/56688\/revisions"}],"wp:featuredmedia":[{"embeddable":true,"href":"https:\/\/www.escapadarural.com\/blog\/wp-json\/wp\/v2\/media\/96842"}],"wp:attachment":[{"href":"https:\/\/www.escapadarural.com\/blog\/wp-json\/wp\/v2\/media?parent=56688"}],"wp:term":[{"taxonomy":"category","embeddable":true,"href":"https:\/\/www.escapadarural.com\/blog\/wp-json\/wp\/v2\/categories?post=56688"},{"taxonomy":"post_tag","embeddable":true,"href":"https:\/\/www.escapadarural.com\/blog\/wp-json\/wp\/v2\/tags?post=56688"}],"curies":[{"name":"wp","href":"https:\/\/api.w.org\/{rel}","templated":true}]}}