{"id":5718,"date":"2023-10-24T11:04:46","date_gmt":"2023-10-24T10:04:46","guid":{"rendered":"http:\/\/15.188.81.248\/2019\/08\/29\/pueblos-medievales-y-preciosos-en-espana\/"},"modified":"2025-08-01T14:17:41","modified_gmt":"2025-08-01T12:17:41","slug":"pueblos-medievales-y-preciosos-en-espana","status":"publish","type":"post","link":"https:\/\/www.escapadarural.com\/blog\/pueblos-medievales-y-preciosos-en-espana\/","title":{"rendered":"24 pueblos medievales y preciosos en Espa\u00f1a"},"content":{"rendered":"\n<figure class=\"wp-block-image size-full\"><img loading=\"lazy\" decoding=\"async\" width=\"1024\" height=\"683\" src=\"https:\/\/www.escapadarural.com\/blog\/wp-content\/uploads\/2023\/10\/00_PueblosMedievales_Besalu_Myschka79_AdobeStock_326381612_WP01.webp\" alt=\"Puente medieval de Besal\u00fa (Girona).\" class=\"wp-image-194634\" srcset=\"https:\/\/www.escapadarural.com\/blog\/wp-content\/uploads\/2023\/10\/00_PueblosMedievales_Besalu_Myschka79_AdobeStock_326381612_WP01-200x133.webp 200w, https:\/\/www.escapadarural.com\/blog\/wp-content\/uploads\/2023\/10\/00_PueblosMedievales_Besalu_Myschka79_AdobeStock_326381612_WP01-300x200.webp 300w, https:\/\/www.escapadarural.com\/blog\/wp-content\/uploads\/2023\/10\/00_PueblosMedievales_Besalu_Myschka79_AdobeStock_326381612_WP01-400x267.webp 400w, https:\/\/www.escapadarural.com\/blog\/wp-content\/uploads\/2023\/10\/00_PueblosMedievales_Besalu_Myschka79_AdobeStock_326381612_WP01-600x400.webp 600w, https:\/\/www.escapadarural.com\/blog\/wp-content\/uploads\/2023\/10\/00_PueblosMedievales_Besalu_Myschka79_AdobeStock_326381612_WP01-768x512.webp 768w, https:\/\/www.escapadarural.com\/blog\/wp-content\/uploads\/2023\/10\/00_PueblosMedievales_Besalu_Myschka79_AdobeStock_326381612_WP01-800x534.webp 800w, https:\/\/www.escapadarural.com\/blog\/wp-content\/uploads\/2023\/10\/00_PueblosMedievales_Besalu_Myschka79_AdobeStock_326381612_WP01.webp 1024w\" sizes=\"auto, (max-width: 1024px) 100vw, 1024px\" \/><figcaption class=\"wp-element-caption\">Puente medieval de Besal\u00fa (Girona). Por Myschka79.<\/figcaption><\/figure>\n\n\n\n<p>El orden social y econ\u00f3mico medieval dio como resultado un tipo de ciudades y pueblos que hoy tomamos por encantadores. Eran n\u00facleos <strong>compactos y amurallados<\/strong> levantados en torno a la iglesia, la plaza del mercado y el castillo si lo hab\u00eda.<\/p>\n\n\n\n<p>Las calles eran estrechas, lo justo para que pasaran carros y carretas, y los gremios de <strong>artesanos<\/strong> conformaban los barrios (o burgos). Todo ten\u00eda su lugar y todos ten\u00edan su rol en torno al vasallaje. Hoy nos cuesta ver las calles embarradas, los olores de las especias, quesos y carnes del mercado o de las v\u00edas sin alcantarillas y no podemos imaginar los pasos densos de las vacas ni los gritos de un posadero o los restallidos del l\u00e1tigo del se\u00f1or feudal.<\/p>\n\n\n\n<h3 class=\"wp-block-heading\" id=\"h-los-pueblos-medievales-con-mas-encanto-de-espana\">Los pueblos medievales con m\u00e1s encanto de Espa\u00f1a<\/h3>\n\n\n\n<p>No sabemos qu\u00e9 tienen las ciudades medievales. Un poso de leyendas, aromas, tradiciones. \u00bfQu\u00e9? Y aunque no cambiar\u00edamos nuestra vida por la de aquellos, el encanto <strong>medieval<\/strong> nos atrapa durante los viajes.<\/p>\n\n\n\n<p>Siempre se me ocurre la misma pregunta irrelevante: si el feudalismo fuera el orden del s. XXI y nuestro mundo fuera el del siglo XIII, si todo el avance tecnol\u00f3gico y cient\u00edfico se replegara, si ellos vivieran ahora y nosotros antes, \u00bfadmirar\u00edan nuestras ciudades y formas de vida como admiramos nosotros estos <strong>pueblos medievales<\/strong>?<\/p>\n\n\n\n<h2 class=\"wp-block-heading title-rute\" id=\"0-1-tossa-de-mar-girona-\"><strong>1.<\/strong> Tossa de Mar (<a href=\"\/casas-rurales\/girona\">Girona<\/a>)<\/h2>\n\n\n\n<figure class=\"wp-block-image size-large\"><img loading=\"lazy\" decoding=\"async\" width=\"1024\" height=\"683\" src=\"https:\/\/www.escapadarural.com\/blog\/wp-content\/uploads\/2021\/03\/AdobeStock_211194842_tossa_de_mar-1024x683.webp\" alt=\"Tossa de Mar, Girona. Por Boris Stroujko\" class=\"wp-image-193985\" srcset=\"https:\/\/www.escapadarural.com\/blog\/wp-content\/uploads\/2021\/03\/AdobeStock_211194842_tossa_de_mar-200x133.webp 200w, https:\/\/www.escapadarural.com\/blog\/wp-content\/uploads\/2021\/03\/AdobeStock_211194842_tossa_de_mar-300x200.webp 300w, https:\/\/www.escapadarural.com\/blog\/wp-content\/uploads\/2021\/03\/AdobeStock_211194842_tossa_de_mar-400x267.webp 400w, https:\/\/www.escapadarural.com\/blog\/wp-content\/uploads\/2021\/03\/AdobeStock_211194842_tossa_de_mar-600x400.webp 600w, https:\/\/www.escapadarural.com\/blog\/wp-content\/uploads\/2021\/03\/AdobeStock_211194842_tossa_de_mar-768x513.webp 768w, https:\/\/www.escapadarural.com\/blog\/wp-content\/uploads\/2021\/03\/AdobeStock_211194842_tossa_de_mar-800x534.webp 800w, https:\/\/www.escapadarural.com\/blog\/wp-content\/uploads\/2021\/03\/AdobeStock_211194842_tossa_de_mar-1024x683.webp 1024w, https:\/\/www.escapadarural.com\/blog\/wp-content\/uploads\/2021\/03\/AdobeStock_211194842_tossa_de_mar-1200x801.webp 1200w, https:\/\/www.escapadarural.com\/blog\/wp-content\/uploads\/2021\/03\/AdobeStock_211194842_tossa_de_mar-1536x1025.webp 1536w\" sizes=\"auto, (max-width: 1024px) 100vw, 1024px\" \/><figcaption class=\"wp-element-caption\">Tossa de Mar, Girona. Por Boris Stroujko<\/figcaption><\/figure>\n\n\n\n<p>Tossa de Mar es el \u00fanico ejemplo de<strong> poblado medieval fortificado<\/strong> que a\u00fan pervive en el litoral catal\u00e1n. La muralla se levant\u00f3 en el siglo XIII. El castillo no permanece y en su lugar se yergue el faro. Es curioso: donde antes se rechazaba con las armas hoy se acoge con la luz.<\/p>\n\n\n\n<p>Adem\u00e1s de <strong>las playas y las tres torres<\/strong>, encontrar\u00e9is satisfactorio caminar por callecitas estrechas. Por all\u00ed, durante el auge de Tossa en los siglos XV y XVI, se agrupaban unas 80 casitas y sus microhistorias. Os recomendamos la visita guiada.<\/p>\n\n\n\n<div class=\"wp-block-buttons is-layout-flex wp-block-buttons-is-layout-flex\">\n<div class=\"wp-block-button\"><a class=\"wp-block-button__link wp-element-button\" href=\"\/casas-rurales\/tossa-de-mar\">Alojamientos rurales en Tossa de Mar<\/a><\/div>\n<\/div>\n\n\n\n<h2 class=\"wp-block-heading title-rute\" id=\"1-2-besal%C3%BA-girona-\"><strong>2.<\/strong> Besal\u00fa (Girona)<\/h2>\n\n\n\n<figure class=\"wp-block-image size-full\"><img loading=\"lazy\" decoding=\"async\" width=\"1024\" height=\"683\" src=\"https:\/\/www.escapadarural.com\/blog\/wp-content\/uploads\/2023\/10\/00_PueblosMedievales_Besalu_Myschka79_AdobeStock_326381612_WP01.webp\" alt=\"Puente medieval de Besal\u00fa (Girona).\" class=\"wp-image-194634\" srcset=\"https:\/\/www.escapadarural.com\/blog\/wp-content\/uploads\/2023\/10\/00_PueblosMedievales_Besalu_Myschka79_AdobeStock_326381612_WP01-200x133.webp 200w, https:\/\/www.escapadarural.com\/blog\/wp-content\/uploads\/2023\/10\/00_PueblosMedievales_Besalu_Myschka79_AdobeStock_326381612_WP01-300x200.webp 300w, https:\/\/www.escapadarural.com\/blog\/wp-content\/uploads\/2023\/10\/00_PueblosMedievales_Besalu_Myschka79_AdobeStock_326381612_WP01-400x267.webp 400w, https:\/\/www.escapadarural.com\/blog\/wp-content\/uploads\/2023\/10\/00_PueblosMedievales_Besalu_Myschka79_AdobeStock_326381612_WP01-600x400.webp 600w, https:\/\/www.escapadarural.com\/blog\/wp-content\/uploads\/2023\/10\/00_PueblosMedievales_Besalu_Myschka79_AdobeStock_326381612_WP01-768x512.webp 768w, https:\/\/www.escapadarural.com\/blog\/wp-content\/uploads\/2023\/10\/00_PueblosMedievales_Besalu_Myschka79_AdobeStock_326381612_WP01-800x534.webp 800w, https:\/\/www.escapadarural.com\/blog\/wp-content\/uploads\/2023\/10\/00_PueblosMedievales_Besalu_Myschka79_AdobeStock_326381612_WP01.webp 1024w\" sizes=\"auto, (max-width: 1024px) 100vw, 1024px\" \/><figcaption class=\"wp-element-caption\">Puente medieval de Besal\u00fa (Girona). Por Myschka79.<\/figcaption><\/figure>\n\n\n\n<p>El \u00faltimo fin de semana de agosto se celebra el festival medieval de <a href=\"\/blog\/razones-para-visitar-besalu\/\">Besal\u00fa<\/a>. Un \u00e9xito. Es dif\u00edcil encontrar una poblaci\u00f3n medieval tan <strong>bien conservada<\/strong>. En brev\u00edsimo espacio se articulan templos, construcciones civiles y todo un patrimonio de la comunidad jud\u00eda medieval de Besal\u00fa. Durante el festival hay batallas, artesanos, grandes cenas, espect\u00e1culos. Una propuesta de inmersi\u00f3n total en el medievo.<\/p>\n\n\n\n<div class=\"wp-block-buttons is-layout-flex wp-block-buttons-is-layout-flex\">\n<div class=\"wp-block-button\"><a class=\"wp-block-button__link wp-element-button\" href=\"\/casas-rurales\/besalu\">Alojamientos rurales en Besal\u00fa<\/a><\/div>\n<\/div>\n\n\n\n<h2 class=\"wp-block-heading title-rute\" id=\"2-3-albarrac%C3%ADn-teruel-\"><strong>3.<\/strong> Albarrac\u00edn (<a href=\"\/casas-rurales\/teruel\">Teruel<\/a>)<\/h2>\n\n\n\n<figure class=\"wp-block-image size-full\"><img loading=\"lazy\" decoding=\"async\" width=\"1024\" height=\"683\" src=\"https:\/\/www.escapadarural.com\/blog\/wp-content\/uploads\/2023\/10\/03_PueblosMedievales_Albarracin_JackF_AdobeStock_62629063_WP02.webp\" alt=\"Atardecer en Albarrac\u00edn (Teruel).\" class=\"wp-image-194639\" srcset=\"https:\/\/www.escapadarural.com\/blog\/wp-content\/uploads\/2023\/10\/03_PueblosMedievales_Albarracin_JackF_AdobeStock_62629063_WP02-200x133.webp 200w, https:\/\/www.escapadarural.com\/blog\/wp-content\/uploads\/2023\/10\/03_PueblosMedievales_Albarracin_JackF_AdobeStock_62629063_WP02-300x200.webp 300w, https:\/\/www.escapadarural.com\/blog\/wp-content\/uploads\/2023\/10\/03_PueblosMedievales_Albarracin_JackF_AdobeStock_62629063_WP02-400x267.webp 400w, https:\/\/www.escapadarural.com\/blog\/wp-content\/uploads\/2023\/10\/03_PueblosMedievales_Albarracin_JackF_AdobeStock_62629063_WP02-600x400.webp 600w, https:\/\/www.escapadarural.com\/blog\/wp-content\/uploads\/2023\/10\/03_PueblosMedievales_Albarracin_JackF_AdobeStock_62629063_WP02-768x512.webp 768w, https:\/\/www.escapadarural.com\/blog\/wp-content\/uploads\/2023\/10\/03_PueblosMedievales_Albarracin_JackF_AdobeStock_62629063_WP02-800x534.webp 800w, https:\/\/www.escapadarural.com\/blog\/wp-content\/uploads\/2023\/10\/03_PueblosMedievales_Albarracin_JackF_AdobeStock_62629063_WP02.webp 1024w\" sizes=\"auto, (max-width: 1024px) 100vw, 1024px\" \/><figcaption class=\"wp-element-caption\">Atardecer en Albarrac\u00edn (Teruel). Por JackF.<\/figcaption><\/figure>\n\n\n\n<p>Buceando en la etimolog\u00eda emergen peque\u00f1as joyas de informaci\u00f3n de la historia de <a href=\"\/blog\/que-hacer-en-albarracin-teruel\">Albarrac\u00edn<\/a>. Aqu\u00ed se asent\u00f3 en el siglo XI un grupo musulm\u00e1n, perteneciente al linaje de <strong>los <em>Ibn-Racin<\/em><\/strong>. El Castillo de Albarrac\u00edn fue entonces la alcazaba de los Razin. El pueblo tambi\u00e9n conserva todav\u00eda la torre del Andador y la disposici\u00f3n original de la villa. Albarrac\u00edn no perteneci\u00f3 a la Corona de Arag\u00f3n hasta el siglo XIV. El sistema defensivo visible es la consecuencia de la tensi\u00f3n b\u00e9lica constante que sufri\u00f3.<\/p>\n\n\n\n<div class=\"wp-block-buttons is-layout-flex wp-block-buttons-is-layout-flex\">\n<div class=\"wp-block-button\"><a class=\"wp-block-button__link wp-element-button\" href=\"https:\/\/www.escapadarural.com\/casas-rurales\/albarracin\">Alojamientos rurales en Albarrac\u00edn<\/a><\/div>\n<\/div>\n\n\n\n<h2 class=\"wp-block-heading title-rute\" id=\"3-4-a%C3%ADnsa-huesca-\"><strong>4.<\/strong> A\u00ednsa (<a href=\"\/casas-rurales\/huesca\">Huesca<\/a>)<\/h2>\n\n\n\n<figure class=\"wp-block-image size-full\"><img loading=\"lazy\" decoding=\"async\" width=\"1024\" height=\"683\" src=\"https:\/\/www.escapadarural.com\/blog\/wp-content\/uploads\/2024\/10\/PueblosAragon_Ainsa_AdobeStock_621326504WP03.webp\" alt=\"A\u00ednsa (Huesca).\" class=\"wp-image-91137\" srcset=\"https:\/\/www.escapadarural.com\/blog\/wp-content\/uploads\/2024\/10\/PueblosAragon_Ainsa_AdobeStock_621326504WP03-200x133.webp 200w, https:\/\/www.escapadarural.com\/blog\/wp-content\/uploads\/2024\/10\/PueblosAragon_Ainsa_AdobeStock_621326504WP03-300x200.webp 300w, https:\/\/www.escapadarural.com\/blog\/wp-content\/uploads\/2024\/10\/PueblosAragon_Ainsa_AdobeStock_621326504WP03-400x267.webp 400w, https:\/\/www.escapadarural.com\/blog\/wp-content\/uploads\/2024\/10\/PueblosAragon_Ainsa_AdobeStock_621326504WP03-600x400.webp 600w, https:\/\/www.escapadarural.com\/blog\/wp-content\/uploads\/2024\/10\/PueblosAragon_Ainsa_AdobeStock_621326504WP03-768x512.webp 768w, https:\/\/www.escapadarural.com\/blog\/wp-content\/uploads\/2024\/10\/PueblosAragon_Ainsa_AdobeStock_621326504WP03-800x534.webp 800w, https:\/\/www.escapadarural.com\/blog\/wp-content\/uploads\/2024\/10\/PueblosAragon_Ainsa_AdobeStock_621326504WP03.webp 1024w\" sizes=\"auto, (max-width: 1024px) 100vw, 1024px\" \/><figcaption class=\"wp-element-caption\">A\u00ednsa (Huesca). Por MiguelAngel.<\/figcaption><\/figure>\n\n\n\n<p>Al principio fue un castillo. M\u00e1s tarde la muralla, la capitalidad del <strong>condado de Sobrarbe <\/strong>y finalmente la anexi\u00f3n al Reino de Arag\u00f3n. Al parecer, <a href=\"\/blog\/ainsa-y-alquezar-las-dos-joyas-medievales-en-huesca\">A\u00ednsa<\/a>, adem\u00e1s de ser uno de los pueblos medievales m\u00e1s hermosos, jam\u00e1s fue conquistado por los musulmanes. Tan combativa fue que incluso su iglesia se concibi\u00f3 tambi\u00e9n como un templo defensivo con arqueras (desde donde disparar flechas o lanzas). A\u00ednsa es <strong>Conjunto Hist\u00f3rico Art\u00edstico<\/strong> desde 1965: castillo (XI), muralla, puertas, iglesia (XII), casa Arnal y casa Bielsa (XVI). Y el paisaje.<\/p>\n\n\n\n<div class=\"wp-block-buttons is-layout-flex wp-block-buttons-is-layout-flex\">\n<div class=\"wp-block-button\"><a class=\"wp-block-button__link wp-element-button\" href=\"https:\/\/www.escapadarural.com\/casas-rurales\/ainsa\">Alojamientos rurales en A\u00ednsa<\/a><\/div>\n<\/div>\n\n\n\n<h2 class=\"wp-block-heading title-rute\" id=\"4-5-peratallada-girona\"><strong>5.<\/strong> Peratallada (Girona)<\/h2>\n\n\n\n<figure class=\"wp-block-image size-full\"><a href=\"https:\/\/www.escapadarural.com\/blog\/wp-content\/uploads\/2025\/02\/AdobeStock_1076429562.webp\"><img loading=\"lazy\" decoding=\"async\" width=\"1024\" height=\"682\" src=\"https:\/\/www.escapadarural.com\/blog\/wp-content\/uploads\/2025\/02\/AdobeStock_1076429562.webp\" alt=\"Peratallada (Girona)\" class=\"wp-image-192270\" srcset=\"https:\/\/www.escapadarural.com\/blog\/wp-content\/uploads\/2025\/02\/AdobeStock_1076429562-200x133.webp 200w, https:\/\/www.escapadarural.com\/blog\/wp-content\/uploads\/2025\/02\/AdobeStock_1076429562-300x200.webp 300w, https:\/\/www.escapadarural.com\/blog\/wp-content\/uploads\/2025\/02\/AdobeStock_1076429562-400x266.webp 400w, https:\/\/www.escapadarural.com\/blog\/wp-content\/uploads\/2025\/02\/AdobeStock_1076429562-600x400.webp 600w, https:\/\/www.escapadarural.com\/blog\/wp-content\/uploads\/2025\/02\/AdobeStock_1076429562-768x512.webp 768w, https:\/\/www.escapadarural.com\/blog\/wp-content\/uploads\/2025\/02\/AdobeStock_1076429562-800x533.webp 800w, https:\/\/www.escapadarural.com\/blog\/wp-content\/uploads\/2025\/02\/AdobeStock_1076429562.webp 1024w\" sizes=\"auto, (max-width: 1024px) 100vw, 1024px\" \/><\/a><figcaption class=\"wp-element-caption\">Peratallada (Girona). Por: ikuday<\/figcaption><\/figure>\n\n\n\n<p><a href=\"\/blog\/peratallada-un-pueblo-medieval-que-casi-parece-un-decorado\/\">Peratallada<\/a> es uno de los pueblos m\u00e1s recomendables para admirar la arquitectura medieval de Catalu\u00f1a. Pertenece al t\u00e9rmino de Forallac. Las casas de piedra vista, con las puertas de madera que dan acceso, o salida, a calles estrechas, tortuosas muchas veces. Deriva de las palabras <em>petra scissa<\/em>, \u00abpiedra tallada\u00bb. Podr\u00e9is admirar la torre del Homenaje del castillo-palacio (siglos XI-XIV), las murallas (siglos XII- XIII) y la iglesia de Sant Esteve (s. XIII).<\/p>\n\n\n\n<div class=\"wp-block-buttons is-layout-flex wp-block-buttons-is-layout-flex\">\n<div class=\"wp-block-button\"><a class=\"wp-block-button__link wp-element-button\" href=\"https:\/\/www.escapadarural.com\/casas-rurales\/peratallada\">Alojamientos rurales en Peratallada<\/a><\/div>\n<\/div>\n\n\n\n<h2 class=\"wp-block-heading title-rute\" id=\"5-6-%C3%A1vila\"><strong>6.<\/strong> \u00c1vila<\/h2>\n\n\n\n<figure class=\"wp-block-image size-full\"><img loading=\"lazy\" decoding=\"async\" width=\"1024\" height=\"345\" src=\"https:\/\/www.escapadarural.com\/blog\/wp-content\/uploads\/2023\/10\/06_PueblosMedievales_Avila_marcinjucha_AdobeStock_181485692_WP03.webp\" alt=\"Muralla de \u00c1vila.\" class=\"wp-image-194640\" srcset=\"https:\/\/www.escapadarural.com\/blog\/wp-content\/uploads\/2023\/10\/06_PueblosMedievales_Avila_marcinjucha_AdobeStock_181485692_WP03-200x67.webp 200w, https:\/\/www.escapadarural.com\/blog\/wp-content\/uploads\/2023\/10\/06_PueblosMedievales_Avila_marcinjucha_AdobeStock_181485692_WP03-300x101.webp 300w, https:\/\/www.escapadarural.com\/blog\/wp-content\/uploads\/2023\/10\/06_PueblosMedievales_Avila_marcinjucha_AdobeStock_181485692_WP03-400x135.webp 400w, https:\/\/www.escapadarural.com\/blog\/wp-content\/uploads\/2023\/10\/06_PueblosMedievales_Avila_marcinjucha_AdobeStock_181485692_WP03-600x202.webp 600w, https:\/\/www.escapadarural.com\/blog\/wp-content\/uploads\/2023\/10\/06_PueblosMedievales_Avila_marcinjucha_AdobeStock_181485692_WP03-768x259.webp 768w, https:\/\/www.escapadarural.com\/blog\/wp-content\/uploads\/2023\/10\/06_PueblosMedievales_Avila_marcinjucha_AdobeStock_181485692_WP03-800x270.webp 800w, https:\/\/www.escapadarural.com\/blog\/wp-content\/uploads\/2023\/10\/06_PueblosMedievales_Avila_marcinjucha_AdobeStock_181485692_WP03.webp 1024w\" sizes=\"auto, (max-width: 1024px) 100vw, 1024px\" \/><figcaption class=\"wp-element-caption\">Muralla de \u00c1vila. Por marcin jucha.<\/figcaption><\/figure>\n\n\n\n<p>\u00c1vila es una ciudad, s\u00ed, pero tiene un <strong>pasado medieval<\/strong> irrenunciable. La tierra de \u00c1vila fue fronteriza, tierra de nadie, durante la \u00e9poca de conquista musulmana de la Pen\u00ednsula. <a href=\"https:\/\/es.wikipedia.org\/wiki\/Raimundo_de_Borgo%C3%B1a\" target=\"_blank\" rel=\"noreferrer noopener nofollow\">Raimundo de Borgo\u00f1a<\/a>, emparentado con el Rey Alfonso VI de Le\u00f3n y de Castilla, repobl\u00f3 estas tierras en el s. XI y las afianz\u00f3 fortificando la ciudad. La muralla imprime car\u00e1cter. Y es el s\u00edmbolo de \u00c1vila. Durante el s. XIV, la muralla tuvo foso y puentes levadizos.<\/p>\n\n\n\n<div class=\"wp-block-buttons is-layout-flex wp-block-buttons-is-layout-flex\">\n<div class=\"wp-block-button\"><a class=\"wp-block-button__link wp-element-button\" href=\"\/casas-rurales\/avila\">Alojamientos rurales en \u00c1vila<\/a><\/div>\n<\/div>\n\n\n\n<h2 class=\"wp-block-heading title-rute\" id=\"6-7-santillana-del-mar-cantabria-\"><strong>7.<\/strong> Santillana del Mar (<a href=\"\/blog\/casas-rurales-para-amantes-de-la-gastronomia\/\">Cantabria<\/a>)<\/h2>\n\n\n\n<figure class=\"wp-block-image size-full\"><img loading=\"lazy\" decoding=\"async\" width=\"1024\" height=\"684\" src=\"https:\/\/www.escapadarural.com\/blog\/wp-content\/uploads\/2023\/10\/07_PueblosMedievales_Santillana_dudlajzov_AdobeStock_586002945_WP04.webp\" alt=\"Santillana del Mar (Cantabria).\" class=\"wp-image-194641\" srcset=\"https:\/\/www.escapadarural.com\/blog\/wp-content\/uploads\/2023\/10\/07_PueblosMedievales_Santillana_dudlajzov_AdobeStock_586002945_WP04-200x134.webp 200w, https:\/\/www.escapadarural.com\/blog\/wp-content\/uploads\/2023\/10\/07_PueblosMedievales_Santillana_dudlajzov_AdobeStock_586002945_WP04-300x200.webp 300w, https:\/\/www.escapadarural.com\/blog\/wp-content\/uploads\/2023\/10\/07_PueblosMedievales_Santillana_dudlajzov_AdobeStock_586002945_WP04-400x267.webp 400w, https:\/\/www.escapadarural.com\/blog\/wp-content\/uploads\/2023\/10\/07_PueblosMedievales_Santillana_dudlajzov_AdobeStock_586002945_WP04-600x401.webp 600w, https:\/\/www.escapadarural.com\/blog\/wp-content\/uploads\/2023\/10\/07_PueblosMedievales_Santillana_dudlajzov_AdobeStock_586002945_WP04-768x513.webp 768w, https:\/\/www.escapadarural.com\/blog\/wp-content\/uploads\/2023\/10\/07_PueblosMedievales_Santillana_dudlajzov_AdobeStock_586002945_WP04-800x534.webp 800w, https:\/\/www.escapadarural.com\/blog\/wp-content\/uploads\/2023\/10\/07_PueblosMedievales_Santillana_dudlajzov_AdobeStock_586002945_WP04.webp 1024w\" sizes=\"auto, (max-width: 1024px) 100vw, 1024px\" \/><figcaption class=\"wp-element-caption\">Santillana del Mar (Cantabria). Por dudlajzov.<\/figcaption><\/figure>\n\n\n\n<p>Santillana del Mar creci\u00f3 durante la Edad Media al amparo de la colegiata de Santa Juliana, <em>Sant Iuliana<\/em>, de donde le viene el nombre. Fue uno de los lugares de paso del <a href=\"\/blog\/tag\/camino-de-santiago\/\">Camino de Santiago<\/a>, una aut\u00e9ntica v\u00eda de comunicaci\u00f3n, comercio y transmisi\u00f3n de conocimiento. La abad\u00eda lleg\u00f3 a convertirse en la m\u00e1s importante de aquella Cantabria medieval para luego depender, en el s. XII, de la di\u00f3cesis de Burgos. En el s. XV se nombra al primer Marqu\u00e9s de Santillana. Sea como fuere, Santillana del Mar ha quedado como una localidad preciosa que <strong>conserva con orgullo su patrimonio hist\u00f3rico<\/strong>.<\/p>\n\n\n\n<div class=\"wp-block-buttons is-layout-flex wp-block-buttons-is-layout-flex\">\n<div class=\"wp-block-button\"><a class=\"wp-block-button__link wp-element-button\" href=\"\/casas-rurales\/santillana-del-mar\">Alojamientos rurales en Santillana del Mar<\/a><\/div>\n<\/div>\n\n\n\n<h2 class=\"wp-block-heading title-rute\" id=\"7-8-ronda-m%C3%A1laga-\"><strong>8.<\/strong> Ronda (<a href=\"\/casas-rurales\/malaga\">M\u00e1laga<\/a>)<\/h2>\n\n\n\n<figure class=\"wp-block-image size-full\"><img loading=\"lazy\" decoding=\"async\" width=\"1024\" height=\"683\" src=\"https:\/\/www.escapadarural.com\/blog\/wp-content\/uploads\/2023\/05\/10_Miradores_Ronda_SeanPavone_WP10.webp\" alt=\"Mirador del Puente Nuevo de Ronda (M\u00e1laga).\" class=\"wp-image-193778\" srcset=\"https:\/\/www.escapadarural.com\/blog\/wp-content\/uploads\/2023\/05\/10_Miradores_Ronda_SeanPavone_WP10-200x133.webp 200w, https:\/\/www.escapadarural.com\/blog\/wp-content\/uploads\/2023\/05\/10_Miradores_Ronda_SeanPavone_WP10-300x200.webp 300w, https:\/\/www.escapadarural.com\/blog\/wp-content\/uploads\/2023\/05\/10_Miradores_Ronda_SeanPavone_WP10-400x267.webp 400w, https:\/\/www.escapadarural.com\/blog\/wp-content\/uploads\/2023\/05\/10_Miradores_Ronda_SeanPavone_WP10-600x400.webp 600w, https:\/\/www.escapadarural.com\/blog\/wp-content\/uploads\/2023\/05\/10_Miradores_Ronda_SeanPavone_WP10-768x512.webp 768w, https:\/\/www.escapadarural.com\/blog\/wp-content\/uploads\/2023\/05\/10_Miradores_Ronda_SeanPavone_WP10-800x534.webp 800w, https:\/\/www.escapadarural.com\/blog\/wp-content\/uploads\/2023\/05\/10_Miradores_Ronda_SeanPavone_WP10.webp 1024w\" sizes=\"auto, (max-width: 1024px) 100vw, 1024px\" \/><figcaption class=\"wp-element-caption\">Mirador del Puente Nuevo de Ronda (M\u00e1laga). Por Sean Pavone.<\/figcaption><\/figure>\n\n\n\n<p>El periodo isl\u00e1mico medieval de <a href=\"\/blog\/tag\/ronda\/\">Ronda<\/a> destaca por el <strong>legado cultural<\/strong> que se mantiene a\u00fan en las tradiciones, en los sistemas de cultivo, en la gastronom\u00eda o en el urbanismo. Es decir, por su influencia. Ronda lleg\u00f3 a ser capital de <em>Takurunna<\/em> (una de las provincias en que se dividi\u00f3 al-Andalus). El papel de Ronda durante el reinado nazar\u00ed de Granada fue esencial como paso fronterizo. Sin embargo, los monumentos m\u00e1s significativos que admiramos hoy en Ronda, el <a href=\"\/blog\/el-puente-nuevo-de-ronda\/\">Puente Nuevo<\/a> o la Plaza de Toros, son del s. XVIII.<\/p>\n\n\n\n<div class=\"wp-block-buttons is-layout-flex wp-block-buttons-is-layout-flex\">\n<div class=\"wp-block-button\"><a class=\"wp-block-button__link wp-element-button\" href=\"\/casas-rurales\/ronda\">Alojamientos rurales en Ronda<\/a><\/div>\n<\/div>\n\n\n\n<h2 class=\"wp-block-heading title-rute\" id=\"8-9-b%C3%A1rcena-mayor-cantabria\"><strong>9.<\/strong> B\u00e1rcena Mayor (Cantabria)<\/h2>\n\n\n\n<figure class=\"wp-block-image size-full\"><img loading=\"lazy\" decoding=\"async\" width=\"1024\" height=\"677\" src=\"https:\/\/www.escapadarural.com\/blog\/wp-content\/uploads\/2023\/10\/09_PueblosMedievales_BarcenaMayor_josemiguelsangar_AdobeStock_441980017_WP05.webp\" alt=\"B\u00e1rcena Mayor (Cantabria).\" class=\"wp-image-194643\" srcset=\"https:\/\/www.escapadarural.com\/blog\/wp-content\/uploads\/2023\/10\/09_PueblosMedievales_BarcenaMayor_josemiguelsangar_AdobeStock_441980017_WP05-200x132.webp 200w, https:\/\/www.escapadarural.com\/blog\/wp-content\/uploads\/2023\/10\/09_PueblosMedievales_BarcenaMayor_josemiguelsangar_AdobeStock_441980017_WP05-300x198.webp 300w, https:\/\/www.escapadarural.com\/blog\/wp-content\/uploads\/2023\/10\/09_PueblosMedievales_BarcenaMayor_josemiguelsangar_AdobeStock_441980017_WP05-400x264.webp 400w, https:\/\/www.escapadarural.com\/blog\/wp-content\/uploads\/2023\/10\/09_PueblosMedievales_BarcenaMayor_josemiguelsangar_AdobeStock_441980017_WP05-600x397.webp 600w, https:\/\/www.escapadarural.com\/blog\/wp-content\/uploads\/2023\/10\/09_PueblosMedievales_BarcenaMayor_josemiguelsangar_AdobeStock_441980017_WP05-768x508.webp 768w, https:\/\/www.escapadarural.com\/blog\/wp-content\/uploads\/2023\/10\/09_PueblosMedievales_BarcenaMayor_josemiguelsangar_AdobeStock_441980017_WP05-800x529.webp 800w, https:\/\/www.escapadarural.com\/blog\/wp-content\/uploads\/2023\/10\/09_PueblosMedievales_BarcenaMayor_josemiguelsangar_AdobeStock_441980017_WP05.webp 1024w\" sizes=\"auto, (max-width: 1024px) 100vw, 1024px\" \/><figcaption class=\"wp-element-caption\">B\u00e1rcena Mayor (Cantabria). Por josemiguelsangar.<\/figcaption><\/figure>\n\n\n\n<p>B\u00e1rcena Mayor est\u00e1 en la <strong>Reserva del Saja<\/strong>, un \u00e1rea natural y pintoresca de monta\u00f1a. La monta\u00f1a, m\u00e1s que la \u00e9poca, ha sido lo que m\u00e1s influy\u00f3 en este peque\u00f1o y pintoresco pueblo. Aqu\u00ed se vivi\u00f3 y se vive con el ritmo del cultivo de los campos, de las estaciones y el ganado.<\/p>\n\n\n\n<p>Hoy se venden como <em>souvenirs<\/em> representaciones artesanales de yugos, zuecos o cestas. Las <strong>casas t\u00edpicas<\/strong>, los balcones de madera, tradicionales y floridos, las calles empedradas. Apenas hay noticias de la actividad medieval de B\u00e1rcena Mayor, pero es de suponer que prosperaba: los documentos del s. XVIII certifican casi 200 casas en el lugar. Que la Historia pase desapercibida para la mayor\u00eda ha permitido conservar su patrimonio.<\/p>\n\n\n\n<div class=\"wp-block-buttons is-layout-flex wp-block-buttons-is-layout-flex\">\n<div class=\"wp-block-button\"><a class=\"wp-block-button__link wp-element-button\" href=\"https:\/\/www.escapadarural.com\/casas-rurales\/barcena-mayor\">Alojamientos rurales en B\u00e1rcena Mayor<\/a><\/div>\n<\/div>\n\n\n\n<h2 class=\"wp-block-heading title-rute\" id=\"9-10-fr%C3%ADas-burgos-\"><strong>10.<\/strong> Fr\u00edas (<a href=\"\/casas-rurales\/burgos\">Burgos<\/a>)<\/h2>\n\n\n\n<figure class=\"wp-block-image size-large\"><img loading=\"lazy\" decoding=\"async\" width=\"1024\" height=\"682\" src=\"https:\/\/www.escapadarural.com\/blog\/wp-content\/uploads\/2024\/03\/AdobeStock_202221764_frias_burgos-1024x682.webp\" alt=\"Fr\u00edas, en Burgos. Por pintxoman\" class=\"wp-image-193961\" srcset=\"https:\/\/www.escapadarural.com\/blog\/wp-content\/uploads\/2024\/03\/AdobeStock_202221764_frias_burgos-200x133.webp 200w, https:\/\/www.escapadarural.com\/blog\/wp-content\/uploads\/2024\/03\/AdobeStock_202221764_frias_burgos-300x200.webp 300w, https:\/\/www.escapadarural.com\/blog\/wp-content\/uploads\/2024\/03\/AdobeStock_202221764_frias_burgos-400x267.webp 400w, https:\/\/www.escapadarural.com\/blog\/wp-content\/uploads\/2024\/03\/AdobeStock_202221764_frias_burgos-600x400.webp 600w, https:\/\/www.escapadarural.com\/blog\/wp-content\/uploads\/2024\/03\/AdobeStock_202221764_frias_burgos-768x512.webp 768w, https:\/\/www.escapadarural.com\/blog\/wp-content\/uploads\/2024\/03\/AdobeStock_202221764_frias_burgos-800x533.webp 800w, https:\/\/www.escapadarural.com\/blog\/wp-content\/uploads\/2024\/03\/AdobeStock_202221764_frias_burgos-1024x682.webp 1024w, https:\/\/www.escapadarural.com\/blog\/wp-content\/uploads\/2024\/03\/AdobeStock_202221764_frias_burgos-1200x800.webp 1200w, https:\/\/www.escapadarural.com\/blog\/wp-content\/uploads\/2024\/03\/AdobeStock_202221764_frias_burgos-1536x1024.webp 1536w\" sizes=\"auto, (max-width: 1024px) 100vw, 1024px\" \/><figcaption class=\"wp-element-caption\">Fr\u00edas, en Burgos. Por pintxoman<\/figcaption><\/figure>\n\n\n\n<p>La primera noticia documentada de Fr\u00edas data del siglo IX, uno de tantos n\u00facleos aparecidos durante la ocupaci\u00f3n del Alto Ebro durante la lucha de Navarra contra Castilla. S\u00ed, <strong>Fr\u00edas perteneci\u00f3 al Reyno de Navarra<\/strong>. Su nombre deriva de \u00abAguas Fridas\u00bb y, al parecer, el auge y protagonismo de Fr\u00edas le lleg\u00f3 en tiempos de <a href=\"https:\/\/es.wikipedia.org\/wiki\/Alfonso_VIII_de_Castilla\" target=\"_blank\" rel=\"noreferrer noopener nofollow\">Alfonso VIII<\/a> (s. XII). Elevada, estrecha, vigilante, Fr\u00edas parece eterna.<\/p>\n\n\n\n<div class=\"wp-block-buttons is-layout-flex wp-block-buttons-is-layout-flex\">\n<div class=\"wp-block-button\"><a class=\"wp-block-button__link wp-element-button\" href=\"\/casas-rurales\/frias\">Alojamientos rurales en Fr\u00edas<\/a><\/div>\n<\/div>\n\n\n\n<h2 class=\"wp-block-heading title-rute\" id=\"10-11-olvera-c%C3%A1diz-\"><strong>11.<\/strong> Olvera (<a href=\"\/casas-rurales\/cadiz\">C\u00e1diz<\/a>)<\/h2>\n\n\n\n<figure class=\"wp-block-image size-large\"><img loading=\"lazy\" decoding=\"async\" width=\"1024\" height=\"576\" src=\"https:\/\/www.escapadarural.com\/blog\/wp-content\/uploads\/2024\/03\/AdobeStock_1123124485_castillo_de_olvera_cadiz3-1024x576.webp\" alt=\"Castillo de Olvera, en C\u00e1diz. Por LuisFrancisco\" class=\"wp-image-193936\" srcset=\"https:\/\/www.escapadarural.com\/blog\/wp-content\/uploads\/2024\/03\/AdobeStock_1123124485_castillo_de_olvera_cadiz3-200x112.webp 200w, https:\/\/www.escapadarural.com\/blog\/wp-content\/uploads\/2024\/03\/AdobeStock_1123124485_castillo_de_olvera_cadiz3-300x169.webp 300w, https:\/\/www.escapadarural.com\/blog\/wp-content\/uploads\/2024\/03\/AdobeStock_1123124485_castillo_de_olvera_cadiz3-400x225.webp 400w, https:\/\/www.escapadarural.com\/blog\/wp-content\/uploads\/2024\/03\/AdobeStock_1123124485_castillo_de_olvera_cadiz3-600x337.webp 600w, https:\/\/www.escapadarural.com\/blog\/wp-content\/uploads\/2024\/03\/AdobeStock_1123124485_castillo_de_olvera_cadiz3-768x432.webp 768w, https:\/\/www.escapadarural.com\/blog\/wp-content\/uploads\/2024\/03\/AdobeStock_1123124485_castillo_de_olvera_cadiz3-800x450.webp 800w, https:\/\/www.escapadarural.com\/blog\/wp-content\/uploads\/2024\/03\/AdobeStock_1123124485_castillo_de_olvera_cadiz3-1024x576.webp 1024w, https:\/\/www.escapadarural.com\/blog\/wp-content\/uploads\/2024\/03\/AdobeStock_1123124485_castillo_de_olvera_cadiz3-1200x675.webp 1200w, https:\/\/www.escapadarural.com\/blog\/wp-content\/uploads\/2024\/03\/AdobeStock_1123124485_castillo_de_olvera_cadiz3-1536x864.webp 1536w\" sizes=\"auto, (max-width: 1024px) 100vw, 1024px\" \/><figcaption class=\"wp-element-caption\">Castillo de Olvera, en C\u00e1diz. Por LuisFrancisco<\/figcaption><\/figure>\n\n\n\n<p>En Olvera hay recovecos propios de los entramados de callejones. Tambi\u00e9n hay fachadas de casas se\u00f1oriales y peque\u00f1as plazas y <em>albarradillas<\/em> (terrazas para aliviar las pendientes) a los pies del castillo y la iglesia arciprestal de Nuestra Se\u00f1ora de la Encarnaci\u00f3n.<strong> <\/strong><a href=\"\/blog\/pueblos-blancos-mas-bonitos-de-andalucia\/\">Todo blanco<\/a>. <strong>Su origen data del s. XII<\/strong>, durante el periodo nazar\u00ed, en torno al castillo \u00e1rabe. La villa se extiende siguiendo los niveles de la pendiente, entre curvas y plazas.<\/p>\n\n\n\n<div class=\"wp-block-buttons is-layout-flex wp-block-buttons-is-layout-flex\">\n<div class=\"wp-block-button\"><a class=\"wp-block-button__link wp-element-button\" href=\"\/casas-rurales\/olvera\">Alojamientos rurales en Olvera<\/a><\/div>\n<\/div>\n\n\n\n<h2 class=\"wp-block-heading title-rute\" id=\"11-12-olite-navarra-\"><strong>12.<\/strong> Olite (<a href=\"https:\/\/www.escapadarural.com\/casas-rurales\/navarra\" target=\"_blank\" aria-label=\"Navarra (opens in a new tab)\" rel=\"noreferrer noopener\" class=\"rank-math-link\">Navarra<\/a>)<\/h2>\n\n\n\n<figure class=\"wp-block-image size-full\"><img loading=\"lazy\" decoding=\"async\" width=\"1024\" height=\"684\" src=\"https:\/\/www.escapadarural.com\/blog\/wp-content\/uploads\/2023\/10\/12_PueblosMedievales_Olite_dudlajzov_AdobeStock_586020024_WP06.webp\" alt=\"Olite (Navarra).\" class=\"wp-image-194644\" srcset=\"https:\/\/www.escapadarural.com\/blog\/wp-content\/uploads\/2023\/10\/12_PueblosMedievales_Olite_dudlajzov_AdobeStock_586020024_WP06-200x134.webp 200w, https:\/\/www.escapadarural.com\/blog\/wp-content\/uploads\/2023\/10\/12_PueblosMedievales_Olite_dudlajzov_AdobeStock_586020024_WP06-300x200.webp 300w, https:\/\/www.escapadarural.com\/blog\/wp-content\/uploads\/2023\/10\/12_PueblosMedievales_Olite_dudlajzov_AdobeStock_586020024_WP06-400x267.webp 400w, https:\/\/www.escapadarural.com\/blog\/wp-content\/uploads\/2023\/10\/12_PueblosMedievales_Olite_dudlajzov_AdobeStock_586020024_WP06-600x401.webp 600w, https:\/\/www.escapadarural.com\/blog\/wp-content\/uploads\/2023\/10\/12_PueblosMedievales_Olite_dudlajzov_AdobeStock_586020024_WP06-768x513.webp 768w, https:\/\/www.escapadarural.com\/blog\/wp-content\/uploads\/2023\/10\/12_PueblosMedievales_Olite_dudlajzov_AdobeStock_586020024_WP06-800x534.webp 800w, https:\/\/www.escapadarural.com\/blog\/wp-content\/uploads\/2023\/10\/12_PueblosMedievales_Olite_dudlajzov_AdobeStock_586020024_WP06.webp 1024w\" sizes=\"auto, (max-width: 1024px) 100vw, 1024px\" \/><figcaption class=\"wp-element-caption\">Olite (Navarra). Por dudlajzov.<\/figcaption><\/figure>\n\n\n\n<p>De <a href=\"\/blog\/vuelta-al-medievo-en-olite\/\">Olite medieval<\/a> nos quedamos con el famoso palacio fortaleza, el rastro de la juder\u00eda y la Orden de San Antonio Abad. La Casa, el Monasterio y el Hospital pertenecieron a los antonianos de Olite, una villa que <strong>en el s. XIII contaba con 5.000 vecinos<\/strong> y tierras de cultivo propias desde que le otorgaron el Fuero de los francos de Estella. La juder\u00eda, adyacente al palacio real, ten\u00eda sinagoga (desaparecida) y en torno a 16 familias.<\/p>\n\n\n\n<p>Formaban parte de los artesanos, m\u00e9dicos y prestamistas. A finales de la Edad Media, en torno al s. XV, los reyes de Navarra reconstruyeron el <a href=\"\/blog\/el-palacio-real-de-olite-el-capricho-de-lujo-de-navarra\/\">Palacio Real de Navarra<\/a> y la tomaron como una de sus sedes. Aquella <strong>Olite fue esplendorosa<\/strong>.<\/p>\n\n\n\n<div class=\"wp-block-buttons is-layout-flex wp-block-buttons-is-layout-flex\">\n<div class=\"wp-block-button\"><a class=\"wp-block-button__link wp-element-button\" href=\"\/casas-rurales\/olite-erriberri\">Alojamientos rurales en Olite<\/a><\/div>\n<\/div>\n\n\n\n<h2 class=\"wp-block-heading title-rute\" id=\"12-13-priego-de-c%C3%B3rdoba-c%C3%B3rdoba-\"><strong>13.<\/strong> Priego de C\u00f3rdoba (<a href=\"https:\/\/www.escapadarural.com\/casas-rurales\/cordoba\" target=\"_blank\" aria-label=\"C\u00f3rdoba (opens in a new tab)\" rel=\"noreferrer noopener\" class=\"rank-math-link\">C\u00f3rdoba<\/a>)<\/h2>\n\n\n\n<figure class=\"wp-block-image size-full\"><img loading=\"lazy\" decoding=\"async\" width=\"1024\" height=\"683\" src=\"https:\/\/www.escapadarural.com\/blog\/wp-content\/uploads\/2023\/10\/13_PueblosMedievales_PriegodeCordoba_tonicarmona_AdobeStock_52383558_WP07.webp\" alt=\"Priego de C\u00f3rdoba. \" class=\"wp-image-194646\" srcset=\"https:\/\/www.escapadarural.com\/blog\/wp-content\/uploads\/2023\/10\/13_PueblosMedievales_PriegodeCordoba_tonicarmona_AdobeStock_52383558_WP07-200x133.webp 200w, https:\/\/www.escapadarural.com\/blog\/wp-content\/uploads\/2023\/10\/13_PueblosMedievales_PriegodeCordoba_tonicarmona_AdobeStock_52383558_WP07-300x200.webp 300w, https:\/\/www.escapadarural.com\/blog\/wp-content\/uploads\/2023\/10\/13_PueblosMedievales_PriegodeCordoba_tonicarmona_AdobeStock_52383558_WP07-400x267.webp 400w, https:\/\/www.escapadarural.com\/blog\/wp-content\/uploads\/2023\/10\/13_PueblosMedievales_PriegodeCordoba_tonicarmona_AdobeStock_52383558_WP07-600x400.webp 600w, https:\/\/www.escapadarural.com\/blog\/wp-content\/uploads\/2023\/10\/13_PueblosMedievales_PriegodeCordoba_tonicarmona_AdobeStock_52383558_WP07-768x512.webp 768w, https:\/\/www.escapadarural.com\/blog\/wp-content\/uploads\/2023\/10\/13_PueblosMedievales_PriegodeCordoba_tonicarmona_AdobeStock_52383558_WP07-800x534.webp 800w, https:\/\/www.escapadarural.com\/blog\/wp-content\/uploads\/2023\/10\/13_PueblosMedievales_PriegodeCordoba_tonicarmona_AdobeStock_52383558_WP07.webp 1024w\" sizes=\"auto, (max-width: 1024px) 100vw, 1024px\" \/><figcaption class=\"wp-element-caption\">Priego de C\u00f3rdoba. Por toni carmona.<\/figcaption><\/figure>\n\n\n\n<p>Otro pueblo blanco de Andaluc\u00eda, una de las joyas de los <a aria-label=\" (opens in a new tab)\" class=\"rank-math-link\" href=\"\/blog\/guia-practica-para-descubrir-los-caminos-de-pasion-andaluces\/#priego\" target=\"_blank\" rel=\"noreferrer noopener\">Caminos de Pasi\u00f3n<\/a>. Era la <em>Medina Baha<\/em> en el s. IX. Estuvo bajo el dominio del reino Zirita primero y despu\u00e9s del Nazar\u00ed. Tambi\u00e9n pas\u00f3 por el reinado de Fernando III en el s. XIII, por el del Afonso XI en el s. XIV y finalmente por los Reyes Cat\u00f3licos en el XVI. Es decir, es un lugar influenciado, fronterizo y con un patrimonio enorme. El barrio de la villa de Priego de C\u00f3rdoba es un <strong>laberinto arabesco<\/strong> y blanco de callejas y flores.<\/p>\n\n\n\n<div class=\"wp-block-buttons is-layout-flex wp-block-buttons-is-layout-flex\">\n<div class=\"wp-block-button\"><a class=\"wp-block-button__link wp-element-button\" href=\"\/casas-rurales\/priego-de-cordoba\">Alojamientos rurales en Priego de C\u00f3rdoba<\/a><\/div>\n<\/div>\n\n\n\n<h2 class=\"wp-block-heading title-rute\" id=\"13-14-castellfollit-de-la-roca-girona\"><strong>14.<\/strong> Castellfollit de la Roca (Girona)<\/h2>\n\n\n\n<figure class=\"wp-block-image size-full\"><img loading=\"lazy\" decoding=\"async\" width=\"1024\" height=\"575\" src=\"https:\/\/www.escapadarural.com\/blog\/wp-content\/uploads\/2024\/12\/AdobeStock_283178274_WP_06.webp\" alt=\"Castellfollit de la Roca\" class=\"wp-image-185435\" srcset=\"https:\/\/www.escapadarural.com\/blog\/wp-content\/uploads\/2024\/12\/AdobeStock_283178274_WP_06-200x112.webp 200w, https:\/\/www.escapadarural.com\/blog\/wp-content\/uploads\/2024\/12\/AdobeStock_283178274_WP_06-300x168.webp 300w, https:\/\/www.escapadarural.com\/blog\/wp-content\/uploads\/2024\/12\/AdobeStock_283178274_WP_06-400x225.webp 400w, https:\/\/www.escapadarural.com\/blog\/wp-content\/uploads\/2024\/12\/AdobeStock_283178274_WP_06-600x337.webp 600w, https:\/\/www.escapadarural.com\/blog\/wp-content\/uploads\/2024\/12\/AdobeStock_283178274_WP_06-768x431.webp 768w, https:\/\/www.escapadarural.com\/blog\/wp-content\/uploads\/2024\/12\/AdobeStock_283178274_WP_06-800x449.webp 800w, https:\/\/www.escapadarural.com\/blog\/wp-content\/uploads\/2024\/12\/AdobeStock_283178274_WP_06.webp 1024w\" sizes=\"auto, (max-width: 1024px) 100vw, 1024px\" \/><figcaption class=\"wp-element-caption\">Castellfollit de la Roca. Por Stanislav<\/figcaption><\/figure>\n\n\n\n<p>Castellfollit de la Roca es y fue uno de los t\u00e9rminos m\u00e1s peque\u00f1os de Catalu\u00f1a. En la actualidad es un pueblo con 1.000 habitantes y 1 km2 de superficie. Est\u00e1 construido <strong>sobre un acantilado de basalto<\/strong>, entre los r\u00edos Fluvi\u00e0 y Toronell. Las casas est\u00e1n <a href=\"\/blog\/que-ver-en-castellfollit-de-la-roca\/\">construidas con piedra volc\u00e1nica<\/a> del entorno. El casco antiguo creci\u00f3, en el s. XIII, limitado por los bordes del precipicio y en torno a la iglesia de Sant Salvador. Las callejuelas, estrechas y umbr\u00edas. Las vistas, panor\u00e1micas.<\/p>\n\n\n\n<div class=\"wp-block-buttons is-layout-flex wp-block-buttons-is-layout-flex\">\n<div class=\"wp-block-button\"><a class=\"wp-block-button__link wp-element-button\" href=\"\/casas-rurales\/castellfollit-de-la-roca\">Casas rurales en Castellfollit de la Roca<\/a><\/div>\n<\/div>\n\n\n\n<h2 class=\"wp-block-heading title-rute\" id=\"14-15-la-alberca-salamanca-\"><strong>15.<\/strong> La Alberca (<a href=\"\/casas-rurales\/salamanca\">Salamanca<\/a>)<\/h2>\n\n\n\n<figure class=\"wp-block-image size-full\"><img loading=\"lazy\" decoding=\"async\" width=\"1024\" height=\"683\" src=\"https:\/\/www.escapadarural.com\/blog\/wp-content\/uploads\/2024\/12\/AdobeStock_496657449_WP_10.webp\" alt=\"La Alberca, en Salamanca.\" class=\"wp-image-185439\" srcset=\"https:\/\/www.escapadarural.com\/blog\/wp-content\/uploads\/2024\/12\/AdobeStock_496657449_WP_10-200x133.webp 200w, https:\/\/www.escapadarural.com\/blog\/wp-content\/uploads\/2024\/12\/AdobeStock_496657449_WP_10-300x200.webp 300w, https:\/\/www.escapadarural.com\/blog\/wp-content\/uploads\/2024\/12\/AdobeStock_496657449_WP_10-400x267.webp 400w, https:\/\/www.escapadarural.com\/blog\/wp-content\/uploads\/2024\/12\/AdobeStock_496657449_WP_10-600x400.webp 600w, https:\/\/www.escapadarural.com\/blog\/wp-content\/uploads\/2024\/12\/AdobeStock_496657449_WP_10-768x512.webp 768w, https:\/\/www.escapadarural.com\/blog\/wp-content\/uploads\/2024\/12\/AdobeStock_496657449_WP_10-800x534.webp 800w, https:\/\/www.escapadarural.com\/blog\/wp-content\/uploads\/2024\/12\/AdobeStock_496657449_WP_10.webp 1024w\" sizes=\"auto, (max-width: 1024px) 100vw, 1024px\" \/><figcaption class=\"wp-element-caption\">La Alberca, en Salamanca. Por josemiguelsangar<\/figcaption><\/figure>\n\n\n\n<p>Casas populares levantadas con la labor de las piedras y entramados de madera. Pocos pueblos se conservan tan bien como <a href=\"\/blog\/la-alberca-pueblo-medieval-salamanca\/\">La Alberca<\/a>. La arquitectura popular es una joya conservada no ya en los museos, sino integrada en la vida diaria de los vecinos. Como si nada. En su historia, La Alberca recibi\u00f3 el influjo franc\u00e9s y un est\u00edmulo ritual e intenso de la religi\u00f3n cristiana. La Alberca se repobl\u00f3 durante los s. XII y XIII bajo la figura de Raimundo de Borgo\u00f1a, franc\u00e9s, noble, casado con Do\u00f1a Urraca. <strong>La historia de este lugar es inacabable<\/strong>.<\/p>\n\n\n\n<div class=\"wp-block-buttons is-layout-flex wp-block-buttons-is-layout-flex\">\n<div class=\"wp-block-button\"><a class=\"wp-block-button__link wp-element-button\" href=\"\/casas-rurales\/la-alberca\">Alojamientos rurales en La Alberca<\/a><\/div>\n<\/div>\n\n\n\n<h2 class=\"wp-block-heading title-rute\" id=\"15-16-pedraza-segovia-\"><strong>16.<\/strong> Pedraza (<a href=\"https:\/\/www.escapadarural.com\/casas-rurales\/segovia\" target=\"_blank\" aria-label=\"Segovia (opens in a new tab)\" rel=\"noreferrer noopener\" class=\"rank-math-link\">Segovia<\/a>)<\/h2>\n\n\n\n<figure class=\"wp-block-image size-full\"><img loading=\"lazy\" decoding=\"async\" width=\"1024\" height=\"574\" src=\"https:\/\/www.escapadarural.com\/blog\/wp-content\/uploads\/2023\/10\/16_PueblosMedievales_Pedraza_AlCarrera_AdobeStock_753614973_WP08.webp\" alt=\"Pedraza (Segovia).\" class=\"wp-image-194647\" srcset=\"https:\/\/www.escapadarural.com\/blog\/wp-content\/uploads\/2023\/10\/16_PueblosMedievales_Pedraza_AlCarrera_AdobeStock_753614973_WP08-200x112.webp 200w, https:\/\/www.escapadarural.com\/blog\/wp-content\/uploads\/2023\/10\/16_PueblosMedievales_Pedraza_AlCarrera_AdobeStock_753614973_WP08-300x168.webp 300w, https:\/\/www.escapadarural.com\/blog\/wp-content\/uploads\/2023\/10\/16_PueblosMedievales_Pedraza_AlCarrera_AdobeStock_753614973_WP08-400x224.webp 400w, https:\/\/www.escapadarural.com\/blog\/wp-content\/uploads\/2023\/10\/16_PueblosMedievales_Pedraza_AlCarrera_AdobeStock_753614973_WP08-600x336.webp 600w, https:\/\/www.escapadarural.com\/blog\/wp-content\/uploads\/2023\/10\/16_PueblosMedievales_Pedraza_AlCarrera_AdobeStock_753614973_WP08-768x431.webp 768w, https:\/\/www.escapadarural.com\/blog\/wp-content\/uploads\/2023\/10\/16_PueblosMedievales_Pedraza_AlCarrera_AdobeStock_753614973_WP08-800x448.webp 800w, https:\/\/www.escapadarural.com\/blog\/wp-content\/uploads\/2023\/10\/16_PueblosMedievales_Pedraza_AlCarrera_AdobeStock_753614973_WP08.webp 1024w\" sizes=\"auto, (max-width: 1024px) 100vw, 1024px\" \/><figcaption class=\"wp-element-caption\">Pedraza (Segovia). Por Al Carrera.<\/figcaption><\/figure>\n\n\n\n<p>Pedraza emerge amurallada sobre un cerro. Desde 1991 est\u00e1 declarada <strong>Conjunto Monumental<\/strong> y se ha hecho famosa su fiesta musical celebrada durante los dos primeros s\u00e1bados de julio: el <a href=\"\/blog\/la-noche-de-las-velas-de-pedraza\/\">Concierto de las Velas<\/a>. M\u00e1s de 35.000 velas encendidas en la Plaza Mayor, el centro de la vida medieval y moderna del pueblo. En esta plaza, porticada, se encuentran las casonas y palacios de la antigua nobleza de Pedraza. Tambi\u00e9n la iglesia de San Juan Bautista, del s. XIII. Las calles empedradas y la est\u00e9tica general le dan un aire que no sabr\u00edamos catalogar: aut\u00e9ntico. No sabemos. En la \u00fanica puerta de entrada se situaba la c\u00e1rcel. Los presos ser\u00edan los primeros en caer (desde la ventana, literalmente) sobre los enemigos.<\/p>\n\n\n\n<div class=\"wp-block-buttons is-layout-flex wp-block-buttons-is-layout-flex\">\n<div class=\"wp-block-button\"><a class=\"wp-block-button__link wp-element-button\" href=\"\/casas-rurales\/pedraza\">Alojamientos rurales en Pedraza<\/a><\/div>\n<\/div>\n\n\n\n<h2 class=\"wp-block-heading title-rute\" id=\"16-17-buitrago-de-lozoya-madrid-\"><strong>17.<\/strong> Buitrago de Lozoya (<a href=\"\/casas-rurales\/madrid\">Madrid<\/a>)<\/h2>\n\n\n\n<figure class=\"wp-block-image size-full\"><img loading=\"lazy\" decoding=\"async\" width=\"1024\" height=\"678\" src=\"https:\/\/www.escapadarural.com\/blog\/wp-content\/uploads\/2023\/01\/AdobeStock_509581247_WP_03.webp\" alt=\"Buitrago de Lozoya\" class=\"wp-image-186608\" srcset=\"https:\/\/www.escapadarural.com\/blog\/wp-content\/uploads\/2023\/01\/AdobeStock_509581247_WP_03-200x132.webp 200w, https:\/\/www.escapadarural.com\/blog\/wp-content\/uploads\/2023\/01\/AdobeStock_509581247_WP_03-300x199.webp 300w, https:\/\/www.escapadarural.com\/blog\/wp-content\/uploads\/2023\/01\/AdobeStock_509581247_WP_03-400x265.webp 400w, https:\/\/www.escapadarural.com\/blog\/wp-content\/uploads\/2023\/01\/AdobeStock_509581247_WP_03-600x397.webp 600w, https:\/\/www.escapadarural.com\/blog\/wp-content\/uploads\/2023\/01\/AdobeStock_509581247_WP_03-768x509.webp 768w, https:\/\/www.escapadarural.com\/blog\/wp-content\/uploads\/2023\/01\/AdobeStock_509581247_WP_03-800x530.webp 800w, https:\/\/www.escapadarural.com\/blog\/wp-content\/uploads\/2023\/01\/AdobeStock_509581247_WP_03.webp 1024w\" sizes=\"auto, (max-width: 1024px) 100vw, 1024px\" \/><figcaption class=\"wp-element-caption\">Buitrago de Lozoya. Por NumenPhoto<\/figcaption><\/figure>\n\n\n\n<p>Lo m\u00e1s antiguo de Buitrago es \u00abla villa\u00bb, en la zona alta del recinto amurallado. Desde all\u00ed, tras los movimientos de repoblaci\u00f3n iniciados por Alfonso VI (siglo XI), la poblaci\u00f3n creci\u00f3 tanto que se formaron dos arrabales: el del sur, San Juan; el del norte, Andarr\u00edo, al otro lazo del <a href=\"\/blog\/ruta-por-los-canones-del-rio-lozoya\/\">r\u00edo Lozoya<\/a>. En la Villa hab\u00eda cuatro iglesias, de las cuales se conserva la de Santa Mar\u00eda del Castillo, y un Hospital, fundado por el Marqu\u00e9s de Santillana (siglo XV). Pocos lugares cuentan con el <strong>sistema \u00e1rabe defensivo<\/strong> tan bien conservado.<\/p>\n\n\n\n<div class=\"wp-block-buttons is-layout-flex wp-block-buttons-is-layout-flex\">\n<div class=\"wp-block-button\"><a class=\"wp-block-button__link wp-element-button\" href=\"https:\/\/www.escapadarural.com\/casas-rurales\/buitrago-del-lozoya\">Casas rurales en Buitrago de Lozoya<\/a><\/div>\n<\/div>\n\n\n\n<h2 class=\"wp-block-heading title-rute\" id=\"17-18-pe%C3%B1afiel-valladolid-\"><strong>18.<\/strong> Pe\u00f1afiel (<a href=\"https:\/\/www.escapadarural.com\/casas-rurales\/valladolid\" target=\"_blank\" aria-label=\"Valladolid (opens in a new tab)\" rel=\"noreferrer noopener\" class=\"rank-math-link\">Valladolid<\/a>)<\/h2>\n\n\n\n<figure class=\"wp-block-image size-full\"><img loading=\"lazy\" decoding=\"async\" width=\"1024\" height=\"683\" src=\"https:\/\/www.escapadarural.com\/blog\/wp-content\/uploads\/2023\/10\/18_Pueblosmedievales_Penafiel_josevgluis_AdobeStock_679494009_WP09.webp\" alt=\"Pe\u00f1afiel (Valladolid).\" class=\"wp-image-194648\" srcset=\"https:\/\/www.escapadarural.com\/blog\/wp-content\/uploads\/2023\/10\/18_Pueblosmedievales_Penafiel_josevgluis_AdobeStock_679494009_WP09-200x133.webp 200w, https:\/\/www.escapadarural.com\/blog\/wp-content\/uploads\/2023\/10\/18_Pueblosmedievales_Penafiel_josevgluis_AdobeStock_679494009_WP09-300x200.webp 300w, https:\/\/www.escapadarural.com\/blog\/wp-content\/uploads\/2023\/10\/18_Pueblosmedievales_Penafiel_josevgluis_AdobeStock_679494009_WP09-400x267.webp 400w, https:\/\/www.escapadarural.com\/blog\/wp-content\/uploads\/2023\/10\/18_Pueblosmedievales_Penafiel_josevgluis_AdobeStock_679494009_WP09-600x400.webp 600w, https:\/\/www.escapadarural.com\/blog\/wp-content\/uploads\/2023\/10\/18_Pueblosmedievales_Penafiel_josevgluis_AdobeStock_679494009_WP09-768x512.webp 768w, https:\/\/www.escapadarural.com\/blog\/wp-content\/uploads\/2023\/10\/18_Pueblosmedievales_Penafiel_josevgluis_AdobeStock_679494009_WP09-800x534.webp 800w, https:\/\/www.escapadarural.com\/blog\/wp-content\/uploads\/2023\/10\/18_Pueblosmedievales_Penafiel_josevgluis_AdobeStock_679494009_WP09.webp 1024w\" sizes=\"auto, (max-width: 1024px) 100vw, 1024px\" \/><figcaption class=\"wp-element-caption\">Pe\u00f1afiel (Valladolid). Por josevgluis.<\/figcaption><\/figure>\n\n\n\n<p><a href=\"\/blog\/que-ver-en-penafiel\/\">Pe\u00f1afiel<\/a> fue tomada por los \u00e1rabes en el siglo X y conquistada por los cristianos en el siglo XI. <strong>El horizonte est\u00e1 dominado por un castillo<\/strong> raro y genial dispuesto como un barco lineal sobre el cerro. A sus pies, la villa. Ni m\u00e1s ni menos que el infante Don Juan Manuel, sobrino de Alfonso X el Sabio, tom\u00f3 posesi\u00f3n de Pe\u00f1afiel. El n\u00facleo prosper\u00f3: lleg\u00f3 a tener 18 iglesias y a desarrollar un movimiento art\u00edstico de primer orden. De su patrimonio quedan la Plaza del Coso, el Castillo, la Torre del Reloj y la arquitectura popular, tan bien conservada, adem\u00e1s de cuatro iglesias destacadas.<\/p>\n\n\n\n<div class=\"wp-block-buttons is-layout-flex wp-block-buttons-is-layout-flex\">\n<div class=\"wp-block-button\"><a class=\"wp-block-button__link wp-element-button\" href=\"\/casas-rurales\/penafiel\">Alojamientos rurales en Pe\u00f1afiel<\/a><\/div>\n<\/div>\n\n\n\n<h2 class=\"wp-block-heading title-rute\" id=\"18-19-pals-girona\"><strong>19.<\/strong> Pals (Girona)<\/h2>\n\n\n\n<figure class=\"wp-block-image size-full\"><img loading=\"lazy\" decoding=\"async\" width=\"1024\" height=\"683\" src=\"https:\/\/www.escapadarural.com\/blog\/wp-content\/uploads\/2023\/10\/19_PueblosMedievales_Pals_zkcristian_AdobeStock_216433985_WP10.webp\" alt=\"Pals (Girona).\" class=\"wp-image-194650\" srcset=\"https:\/\/www.escapadarural.com\/blog\/wp-content\/uploads\/2023\/10\/19_PueblosMedievales_Pals_zkcristian_AdobeStock_216433985_WP10-200x133.webp 200w, https:\/\/www.escapadarural.com\/blog\/wp-content\/uploads\/2023\/10\/19_PueblosMedievales_Pals_zkcristian_AdobeStock_216433985_WP10-300x200.webp 300w, https:\/\/www.escapadarural.com\/blog\/wp-content\/uploads\/2023\/10\/19_PueblosMedievales_Pals_zkcristian_AdobeStock_216433985_WP10-400x267.webp 400w, https:\/\/www.escapadarural.com\/blog\/wp-content\/uploads\/2023\/10\/19_PueblosMedievales_Pals_zkcristian_AdobeStock_216433985_WP10-600x400.webp 600w, https:\/\/www.escapadarural.com\/blog\/wp-content\/uploads\/2023\/10\/19_PueblosMedievales_Pals_zkcristian_AdobeStock_216433985_WP10-768x512.webp 768w, https:\/\/www.escapadarural.com\/blog\/wp-content\/uploads\/2023\/10\/19_PueblosMedievales_Pals_zkcristian_AdobeStock_216433985_WP10-800x534.webp 800w, https:\/\/www.escapadarural.com\/blog\/wp-content\/uploads\/2023\/10\/19_PueblosMedievales_Pals_zkcristian_AdobeStock_216433985_WP10.webp 1024w\" sizes=\"auto, (max-width: 1024px) 100vw, 1024px\" \/><figcaption class=\"wp-element-caption\">Pals (Girona). Por zkcristian.<\/figcaption><\/figure>\n\n\n\n<p>Pals es un pueblito encantador de la <a href=\"\/casas-rurales\/costa-brava\">Costa Brava<\/a> de Girona. Todo su patrimonio se agrupaba en torno al castillo (hoy desaparecido), la villa y las murallas. Callejas estrechas de piedra, pasos arqueados, escalones y flores. Nadie dir\u00eda que en esta apacible villa hubo, en los siglos XIV y XV, una revuelta de campesinos que termin\u00f3 en guerra contra Joan II: el castillo qued\u00f3 casi destruido y sus piedras se reutilizaron para levantar la iglesia de Sant Pere y las murallas. <strong>De Pals se tiene constancia desde el 889<\/strong> (!), con el rey <a href=\"https:\/\/es.wikipedia.org\/wiki\/Eudes_de_Francia\" target=\"_blank\" rel=\"noreferrer noopener nofollow\">Od\u00f3n de Francia<\/a>. En el siglo XI, Pals ya pertenec\u00eda a los condes de Barcelona.<\/p>\n\n\n\n<div class=\"wp-block-buttons is-layout-flex wp-block-buttons-is-layout-flex\">\n<div class=\"wp-block-button\"><a class=\"wp-block-button__link wp-element-button\" href=\"https:\/\/www.escapadarural.com\/casas-rurales\/pals\">Alojamientos rurales en Pals<\/a><\/div>\n<\/div>\n\n\n\n<h2 class=\"wp-block-heading title-rute\" id=\"19-20-alqu%C3%A9zar-huesca\"><strong>20.<\/strong> Alqu\u00e9zar (Huesca)<\/h2>\n\n\n\n<figure class=\"wp-block-image size-full\"><img loading=\"lazy\" decoding=\"async\" width=\"1024\" height=\"683\" src=\"https:\/\/www.escapadarural.com\/blog\/wp-content\/uploads\/2025\/02\/AdobeStock_879340661_WP_06.webp\" alt=\"Alqu\u00e9zar, Huesca.\" class=\"wp-image-192230\" srcset=\"https:\/\/www.escapadarural.com\/blog\/wp-content\/uploads\/2025\/02\/AdobeStock_879340661_WP_06-200x133.webp 200w, https:\/\/www.escapadarural.com\/blog\/wp-content\/uploads\/2025\/02\/AdobeStock_879340661_WP_06-300x200.webp 300w, https:\/\/www.escapadarural.com\/blog\/wp-content\/uploads\/2025\/02\/AdobeStock_879340661_WP_06-400x267.webp 400w, https:\/\/www.escapadarural.com\/blog\/wp-content\/uploads\/2025\/02\/AdobeStock_879340661_WP_06-600x400.webp 600w, https:\/\/www.escapadarural.com\/blog\/wp-content\/uploads\/2025\/02\/AdobeStock_879340661_WP_06-768x512.webp 768w, https:\/\/www.escapadarural.com\/blog\/wp-content\/uploads\/2025\/02\/AdobeStock_879340661_WP_06-800x534.webp 800w, https:\/\/www.escapadarural.com\/blog\/wp-content\/uploads\/2025\/02\/AdobeStock_879340661_WP_06.webp 1024w\" sizes=\"auto, (max-width: 1024px) 100vw, 1024px\" \/><figcaption class=\"wp-element-caption\">Alqu\u00e9zar. Por Tolo<\/figcaption><\/figure>\n\n\n\n<p>Podr\u00edais suponerlo s\u00f3lo con la contemplaci\u00f3n: <em>al-Qasr<\/em>, Alqu\u00e9zar, <strong>quiere decir \u00abFortaleza\u00bb<\/strong>. Salta a la vista. Como en tantos otros pueblos medievales, primero fue el castillo y a su sombra, en su ladera, se encarama la villa. El castillo se levant\u00f3 en el s. IX como defensa contra el condado aut\u00f3ctono y cristiano de <a href=\"\/casas-rurales\/sobrarbe\">Sobrarbe<\/a>. Sin embargo, pas\u00f3 a manos cristianas en el s. XI. A medida que los cristianos conquistan territorio a los musulmanes durante la Edad Media, <a href=\"\/blog\/10-fotos-para-enamorarse-de-alquezar\/\">Alqu\u00e9zar<\/a> fue perdiendo importancia y se desarroll\u00f3 no ya como una fortaleza, sino como un centro religioso y comercial. Fue entonces cuando se construyeron casas fuera de los muros. Algo parecido a la paz.<\/p>\n\n\n\n<div class=\"wp-block-buttons is-layout-flex wp-block-buttons-is-layout-flex\">\n<div class=\"wp-block-button\"><a class=\"wp-block-button__link wp-element-button\" href=\"\/casas-rurales\/alquezar\">Alojamientos rurales en Alqu\u00e9zar<\/a><\/div>\n<\/div>\n\n\n\n<h2 class=\"wp-block-heading title-rute\" id=\"20-21-sig%C3%BCenza-guadalajara-\"><strong>21.<\/strong> Sig\u00fcenza (<a href=\"\/casas-rurales\/guadalajara\">Guadalajara<\/a>)<\/h2>\n\n\n\n<figure class=\"wp-block-image size-full\"><img loading=\"lazy\" decoding=\"async\" width=\"1024\" height=\"684\" src=\"https:\/\/www.escapadarural.com\/blog\/wp-content\/uploads\/2023\/10\/21_PueblosMedievales_Siguenza_dudlajzov_AdobeStock_586011157_WP11.webp\" alt=\"Sig\u00fcenza (Guadalajara).\" class=\"wp-image-194651\" srcset=\"https:\/\/www.escapadarural.com\/blog\/wp-content\/uploads\/2023\/10\/21_PueblosMedievales_Siguenza_dudlajzov_AdobeStock_586011157_WP11-200x134.webp 200w, https:\/\/www.escapadarural.com\/blog\/wp-content\/uploads\/2023\/10\/21_PueblosMedievales_Siguenza_dudlajzov_AdobeStock_586011157_WP11-300x200.webp 300w, https:\/\/www.escapadarural.com\/blog\/wp-content\/uploads\/2023\/10\/21_PueblosMedievales_Siguenza_dudlajzov_AdobeStock_586011157_WP11-400x267.webp 400w, https:\/\/www.escapadarural.com\/blog\/wp-content\/uploads\/2023\/10\/21_PueblosMedievales_Siguenza_dudlajzov_AdobeStock_586011157_WP11-600x401.webp 600w, https:\/\/www.escapadarural.com\/blog\/wp-content\/uploads\/2023\/10\/21_PueblosMedievales_Siguenza_dudlajzov_AdobeStock_586011157_WP11-768x513.webp 768w, https:\/\/www.escapadarural.com\/blog\/wp-content\/uploads\/2023\/10\/21_PueblosMedievales_Siguenza_dudlajzov_AdobeStock_586011157_WP11-800x534.webp 800w, https:\/\/www.escapadarural.com\/blog\/wp-content\/uploads\/2023\/10\/21_PueblosMedievales_Siguenza_dudlajzov_AdobeStock_586011157_WP11.webp 1024w\" sizes=\"auto, (max-width: 1024px) 100vw, 1024px\" \/><figcaption class=\"wp-element-caption\">Sig\u00fcenza (Guadalajara). Por dudlajzov.<\/figcaption><\/figure>\n\n\n\n<p>Sig\u00fcenza es el <strong>pueblo medieval por excelencia<\/strong> de Guadalajara. Durante \u00e9poca musulmana, <a href=\"\/blog\/tag\/siguenza\/\">Sig\u00fcenza<\/a> se dedic\u00f3 a la defensa: domin\u00f3 la vida de la villa el Castillo (la alcazaba), sobre el valle de Henares. Los cristianos conquistaron Sig\u00fcenza hacia el s. XII, aunque no pacificado.<\/p>\n\n\n\n<p>La villa conserva el trazado medieval y se nota la<strong> influencia del obispado <\/strong>durante seis siglos de dominaci\u00f3n cultural. Las murallas, la casa El Doncel, la Plazuela de la C\u00e1rcel o la Catedral son los principales monumentos de Sig\u00fcenza medieval. Y su gastronom\u00eda.<\/p>\n\n\n\n<div class=\"wp-block-buttons is-layout-flex wp-block-buttons-is-layout-flex\">\n<div class=\"wp-block-button\"><a class=\"wp-block-button__link wp-element-button\" href=\"\/casas-rurales\/sigueenza\">Alojamientos rurales en Sig\u00fcenza<\/a><\/div>\n<\/div>\n\n\n\n<h2 class=\"wp-block-heading title-rute\" id=\"21-22-montefr%C3%ADo-granada-\"><strong>22.<\/strong> Montefr\u00edo (<a href=\"\/casas-rurales\/granada\">Granada<\/a>)<\/h2>\n\n\n\n<figure class=\"wp-block-image size-full\"><img loading=\"lazy\" decoding=\"async\" width=\"1024\" height=\"683\" src=\"https:\/\/www.escapadarural.com\/blog\/wp-content\/uploads\/2023\/10\/22_PueblosMedievales_Montefrio_Lucia_AdobeStock_292189455_WP12.webp\" alt=\"Montefr\u00edo (Granada).\" class=\"wp-image-194652\" srcset=\"https:\/\/www.escapadarural.com\/blog\/wp-content\/uploads\/2023\/10\/22_PueblosMedievales_Montefrio_Lucia_AdobeStock_292189455_WP12-200x133.webp 200w, https:\/\/www.escapadarural.com\/blog\/wp-content\/uploads\/2023\/10\/22_PueblosMedievales_Montefrio_Lucia_AdobeStock_292189455_WP12-300x200.webp 300w, https:\/\/www.escapadarural.com\/blog\/wp-content\/uploads\/2023\/10\/22_PueblosMedievales_Montefrio_Lucia_AdobeStock_292189455_WP12-400x267.webp 400w, https:\/\/www.escapadarural.com\/blog\/wp-content\/uploads\/2023\/10\/22_PueblosMedievales_Montefrio_Lucia_AdobeStock_292189455_WP12-600x400.webp 600w, https:\/\/www.escapadarural.com\/blog\/wp-content\/uploads\/2023\/10\/22_PueblosMedievales_Montefrio_Lucia_AdobeStock_292189455_WP12-768x512.webp 768w, https:\/\/www.escapadarural.com\/blog\/wp-content\/uploads\/2023\/10\/22_PueblosMedievales_Montefrio_Lucia_AdobeStock_292189455_WP12-800x534.webp 800w, https:\/\/www.escapadarural.com\/blog\/wp-content\/uploads\/2023\/10\/22_PueblosMedievales_Montefrio_Lucia_AdobeStock_292189455_WP12.webp 1024w\" sizes=\"auto, (max-width: 1024px) 100vw, 1024px\" \/><figcaption class=\"wp-element-caption\">Montefr\u00edo (Granada). Por Luc\u00eda.<\/figcaption><\/figure>\n\n\n\n<p>Montefr\u00edo es un pueblo blanco y precioso de Granada. Corona la villa un castillo levantado sobre el cerro. El original no existe. Aquel lo mand\u00f3 construir Ab\u00fa-Abdal\u00e1 Jusuf, en plena \u00e9poca nazar\u00ed, hacia 1352, para defender el terreno. El lugar lo eligi\u00f3 un experto <em>(alarife)<\/em> de la Alhambra. Otros monumentos son <a href=\"\/blog\/panteon-agripa-montefrio-granada\/\">la iglesia de La Encarnaci\u00f3n<\/a> o el Hospital de San Juan, entre otros. Uno de los pueblos medievales del sur con m\u00e1s encanto. <strong>Qu\u00e9 bonito<\/strong>.<\/p>\n\n\n\n<div class=\"wp-block-buttons is-layout-flex wp-block-buttons-is-layout-flex\">\n<div class=\"wp-block-button\"><a class=\"wp-block-button__link wp-element-button\" href=\"\/casas-rurales\/montefrio\">Alojamientos rurales en Montefr\u00edo<\/a><\/div>\n<\/div>\n\n\n\n<h2 class=\"wp-block-heading title-rute\" id=\"22-23-rupit-barcelona-\"><strong>23.<\/strong> Rupit (<a href=\"\/casas-rurales\/barcelona\">Barcelona<\/a>)<\/h2>\n\n\n\n<figure class=\"wp-block-image size-full\"><img loading=\"lazy\" decoding=\"async\" width=\"1024\" height=\"683\" src=\"https:\/\/www.escapadarural.com\/blog\/wp-content\/uploads\/2023\/10\/23_PueblosMedievales_RupitiPruit_RokaB_AdobeStock_121244590_WP13.webp\" alt=\"Rupit i Pruit (Barcelona).\" class=\"wp-image-194653\" srcset=\"https:\/\/www.escapadarural.com\/blog\/wp-content\/uploads\/2023\/10\/23_PueblosMedievales_RupitiPruit_RokaB_AdobeStock_121244590_WP13-200x133.webp 200w, https:\/\/www.escapadarural.com\/blog\/wp-content\/uploads\/2023\/10\/23_PueblosMedievales_RupitiPruit_RokaB_AdobeStock_121244590_WP13-300x200.webp 300w, https:\/\/www.escapadarural.com\/blog\/wp-content\/uploads\/2023\/10\/23_PueblosMedievales_RupitiPruit_RokaB_AdobeStock_121244590_WP13-400x267.webp 400w, https:\/\/www.escapadarural.com\/blog\/wp-content\/uploads\/2023\/10\/23_PueblosMedievales_RupitiPruit_RokaB_AdobeStock_121244590_WP13-600x400.webp 600w, https:\/\/www.escapadarural.com\/blog\/wp-content\/uploads\/2023\/10\/23_PueblosMedievales_RupitiPruit_RokaB_AdobeStock_121244590_WP13-768x512.webp 768w, https:\/\/www.escapadarural.com\/blog\/wp-content\/uploads\/2023\/10\/23_PueblosMedievales_RupitiPruit_RokaB_AdobeStock_121244590_WP13-800x534.webp 800w, https:\/\/www.escapadarural.com\/blog\/wp-content\/uploads\/2023\/10\/23_PueblosMedievales_RupitiPruit_RokaB_AdobeStock_121244590_WP13.webp 1024w\" sizes=\"auto, (max-width: 1024px) 100vw, 1024px\" \/><figcaption class=\"wp-element-caption\">Rupit i Pruit (Barcelona). Por RokaB.<\/figcaption><\/figure>\n\n\n\n<p>Rupit y Pruit son dos <a href=\"\/blog\/pueblos-medievales-en-barcelona\/\">pueblos medievales de la provincia de Barcelona<\/a>. Rupit se enclava a 845 m de altitud y Pruit a 950 m. <strong>Est\u00e1n encajados en la naturaleza<\/strong>: un r\u00edo divide el n\u00facleo de Rupit, los bosques lo a\u00edslan y las calles empedradas se elevan menos que los \u00e1rboles. La foto t\u00edpica se toma en el puente colgante de Rupit. Otro imprescindible es el Salto de Sallent. Y la <em>ratafia<\/em> de Rupit, un licor t\u00edpico.<\/p>\n\n\n\n<div class=\"wp-block-buttons is-layout-flex wp-block-buttons-is-layout-flex\">\n<div class=\"wp-block-button\"><a class=\"wp-block-button__link wp-element-button\" href=\"\/casas-rurales\/rupit-i-pruit\">Alojamientos rurales en Rupit i Pruit<\/a><\/div>\n<\/div>\n\n\n\n<h2 class=\"wp-block-heading title-rute\" id=\"23-24-hondarribia-guip%C3%BAzcoa-\"><strong>24.<\/strong> Hondarribia (<a href=\"\/casas-rurales\/guipuzcoa\">Guip\u00fazcoa<\/a>)<\/h2>\n\n\n\n<figure class=\"wp-block-image size-full\"><img loading=\"lazy\" decoding=\"async\" width=\"1024\" height=\"682\" src=\"https:\/\/www.escapadarural.com\/blog\/wp-content\/uploads\/2024\/11\/AdobeStock_588323303-1.webp\" alt=\"Hondarribia, Guip\u00fazcoa. Pa\u00eds Vasco. Por unai\" class=\"wp-image-183997\" srcset=\"https:\/\/www.escapadarural.com\/blog\/wp-content\/uploads\/2024\/11\/AdobeStock_588323303-1-200x133.webp 200w, https:\/\/www.escapadarural.com\/blog\/wp-content\/uploads\/2024\/11\/AdobeStock_588323303-1-300x200.webp 300w, https:\/\/www.escapadarural.com\/blog\/wp-content\/uploads\/2024\/11\/AdobeStock_588323303-1-400x266.webp 400w, https:\/\/www.escapadarural.com\/blog\/wp-content\/uploads\/2024\/11\/AdobeStock_588323303-1-600x400.webp 600w, https:\/\/www.escapadarural.com\/blog\/wp-content\/uploads\/2024\/11\/AdobeStock_588323303-1-768x512.webp 768w, https:\/\/www.escapadarural.com\/blog\/wp-content\/uploads\/2024\/11\/AdobeStock_588323303-1-800x533.webp 800w, https:\/\/www.escapadarural.com\/blog\/wp-content\/uploads\/2024\/11\/AdobeStock_588323303-1.webp 1024w\" sizes=\"auto, (max-width: 1024px) 100vw, 1024px\" \/><figcaption class=\"wp-element-caption\">Hondarribia, Guip\u00fazcoa. Pa\u00eds Vasco. Por unai<\/figcaption><\/figure>\n\n\n\n<p>Hondarribia (o <em>Fuenterrab\u00eda<\/em>) est\u00e1 en el noreste de Guip\u00fazcoa. Es una <a href=\"\/blog\/que-ver-en-hondarribia-pueblo-medieval\/\">villa marinera y medieval<\/a> que emerge en la desembocadura del Bidasoa. Su posici\u00f3n ribere\u00f1a frente a las costas francesas fue esencial. Se amurall\u00f3 la villa, sufri\u00f3 al menos ocho asedios del siglo XII al XIX. Cuenta con palacios, casas nobles, murallas, el castillo de Carlos V y el de San Telmo, torreones, plazas, el barrio del Puerto (o de la Marina)&#8230; <strong>Hondarribia no se acaba<\/strong>.<\/p>\n\n\n\n<div class=\"wp-block-buttons is-layout-flex wp-block-buttons-is-layout-flex\">\n<div class=\"wp-block-button\"><a class=\"wp-block-button__link wp-element-button\" href=\"\/casas-rurales\/hondarribia\">Alojamientos rurales en Hondarribia<\/a><\/div>\n<\/div>\n\n\n\n<p><strong>\u00bfQu\u00e9 pueblo medieval recomiendas t\u00fa?<\/strong><\/p>\n","protected":false},"excerpt":{"rendered":"<p>Algo tendr\u00e1n los pueblos medievales que nos atrapan durante los viajes. Un poso de leyendas, aromas, tradiciones&#8230;<\/p>\n","protected":false},"author":85,"featured_media":193962,"comment_status":"open","ping_status":"closed","sticky":false,"template":"","format":"standard","meta":{"_acf_changed":false,"om_disable_all_campaigns":false,"footnotes":""},"categories":[191],"tags":[331,215,419,212,1278],"class_list":["post-5718","post","type-post","status-publish","format-standard","has-post-thumbnail","hentry","category-destinos","tag-espana","tag-listado","tag-medieval","tag-pueblos","tag-pueblos-medievales"],"acf":[],"featured_image_src":"https:\/\/www.escapadarural.com\/blog\/wp-content\/uploads\/2024\/03\/AdobeStock_516550036_frias_burgos-scaled.webp","author_info":{"display_name":"Redacci\u00f3n ER","author_link":"https:\/\/www.escapadarural.com\/blog\/autor\/admin\/"},"yoast_head":"<!-- This site is optimized with the Yoast SEO plugin v27.5 - https:\/\/yoast.com\/product\/yoast-seo-wordpress\/ -->\n<title>24 pueblos medievales y preciosos en Espa\u00f1a - EscapadaRural<\/title>\n<meta name=\"description\" content=\"Algo tendr\u00e1n los pueblos medievales que nos atrapan durante los viajes. Un poso de leyendas, aromas, tradiciones...\" \/>\n<meta name=\"robots\" content=\"index, follow, max-snippet:-1, max-image-preview:large, max-video-preview:-1\" \/>\n<link rel=\"canonical\" href=\"https:\/\/www.escapadarural.com\/blog\/pueblos-medievales-y-preciosos-en-espana\/\" \/>\n<meta property=\"og:locale\" content=\"es_ES\" \/>\n<meta property=\"og:type\" content=\"article\" \/>\n<meta property=\"og:title\" content=\"24 pueblos medievales y preciosos en Espa\u00f1a - EscapadaRural\" \/>\n<meta property=\"og:description\" content=\"Algo tendr\u00e1n los pueblos medievales que nos atrapan durante los viajes. Un poso de leyendas, aromas, tradiciones...\" \/>\n<meta property=\"og:url\" content=\"https:\/\/www.escapadarural.com\/blog\/pueblos-medievales-y-preciosos-en-espana\/\" \/>\n<meta property=\"og:site_name\" content=\"Magazine de viajes de EscapadaRural\" \/>\n<meta property=\"article:publisher\" content=\"https:\/\/www.facebook.com\/escapadarural\" \/>\n<meta property=\"article:published_time\" content=\"2023-10-24T10:04:46+00:00\" \/>\n<meta property=\"article:modified_time\" content=\"2025-08-01T12:17:41+00:00\" \/>\n<meta property=\"og:image\" content=\"https:\/\/www.escapadarural.com\/blog\/wp-content\/uploads\/2024\/03\/AdobeStock_516550036_frias_burgos-scaled.webp?v=1754050666\" \/>\n\t<meta property=\"og:image:width\" content=\"2048\" \/>\n\t<meta property=\"og:image:height\" content=\"1361\" \/>\n\t<meta property=\"og:image:type\" content=\"image\/webp\" \/>\n<meta name=\"author\" content=\"Redacci\u00f3n ER\" \/>\n<meta name=\"twitter:card\" content=\"summary_large_image\" \/>\n<meta name=\"twitter:label1\" content=\"Escrito por\" \/>\n\t<meta name=\"twitter:data1\" content=\"Redacci\u00f3n ER\" \/>\n\t<meta name=\"twitter:label2\" content=\"Tiempo de lectura\" \/>\n\t<meta name=\"twitter:data2\" content=\"18 minutos\" \/>\n<script type=\"application\/ld+json\" class=\"yoast-schema-graph\">{\"@context\":\"https:\\\/\\\/schema.org\",\"@graph\":[{\"@type\":\"Article\",\"@id\":\"https:\\\/\\\/www.escapadarural.com\\\/blog\\\/pueblos-medievales-y-preciosos-en-espana\\\/#article\",\"isPartOf\":{\"@id\":\"https:\\\/\\\/www.escapadarural.com\\\/blog\\\/pueblos-medievales-y-preciosos-en-espana\\\/\"},\"author\":{\"name\":\"Redacci\u00f3n ER\",\"@id\":\"https:\\\/\\\/www.escapadarural.com\\\/blog\\\/#\\\/schema\\\/person\\\/bd5b0d7ad308a0bf4efed73e8308b4fa\"},\"headline\":\"24 pueblos medievales y preciosos en Espa\u00f1a\",\"datePublished\":\"2023-10-24T10:04:46+00:00\",\"dateModified\":\"2025-08-01T12:17:41+00:00\",\"mainEntityOfPage\":{\"@id\":\"https:\\\/\\\/www.escapadarural.com\\\/blog\\\/pueblos-medievales-y-preciosos-en-espana\\\/\"},\"wordCount\":2885,\"commentCount\":122,\"publisher\":{\"@id\":\"https:\\\/\\\/www.escapadarural.com\\\/blog\\\/#organization\"},\"image\":{\"@id\":\"https:\\\/\\\/www.escapadarural.com\\\/blog\\\/pueblos-medievales-y-preciosos-en-espana\\\/#primaryimage\"},\"thumbnailUrl\":\"https:\\\/\\\/www.escapadarural.com\\\/blog\\\/wp-content\\\/uploads\\\/2024\\\/03\\\/AdobeStock_516550036_frias_burgos-scaled.webp\",\"keywords\":[\"Espa\u00f1a\",\"Listado\",\"Medieval\",\"pueblos\",\"pueblos medievales\"],\"articleSection\":[\"Destinos\"],\"inLanguage\":\"es\",\"potentialAction\":[{\"@type\":\"CommentAction\",\"name\":\"Comment\",\"target\":[\"https:\\\/\\\/www.escapadarural.com\\\/blog\\\/pueblos-medievales-y-preciosos-en-espana\\\/#respond\"]}]},{\"@type\":\"WebPage\",\"@id\":\"https:\\\/\\\/www.escapadarural.com\\\/blog\\\/pueblos-medievales-y-preciosos-en-espana\\\/\",\"url\":\"https:\\\/\\\/www.escapadarural.com\\\/blog\\\/pueblos-medievales-y-preciosos-en-espana\\\/\",\"name\":\"24 pueblos medievales y preciosos en Espa\u00f1a - EscapadaRural\",\"isPartOf\":{\"@id\":\"https:\\\/\\\/www.escapadarural.com\\\/blog\\\/#website\"},\"primaryImageOfPage\":{\"@id\":\"https:\\\/\\\/www.escapadarural.com\\\/blog\\\/pueblos-medievales-y-preciosos-en-espana\\\/#primaryimage\"},\"image\":{\"@id\":\"https:\\\/\\\/www.escapadarural.com\\\/blog\\\/pueblos-medievales-y-preciosos-en-espana\\\/#primaryimage\"},\"thumbnailUrl\":\"https:\\\/\\\/www.escapadarural.com\\\/blog\\\/wp-content\\\/uploads\\\/2024\\\/03\\\/AdobeStock_516550036_frias_burgos-scaled.webp\",\"datePublished\":\"2023-10-24T10:04:46+00:00\",\"dateModified\":\"2025-08-01T12:17:41+00:00\",\"description\":\"Algo tendr\u00e1n los pueblos medievales que nos atrapan durante los viajes. Un poso de leyendas, aromas, tradiciones...\",\"breadcrumb\":{\"@id\":\"https:\\\/\\\/www.escapadarural.com\\\/blog\\\/pueblos-medievales-y-preciosos-en-espana\\\/#breadcrumb\"},\"inLanguage\":\"es\",\"potentialAction\":[{\"@type\":\"ReadAction\",\"target\":[\"https:\\\/\\\/www.escapadarural.com\\\/blog\\\/pueblos-medievales-y-preciosos-en-espana\\\/\"]}]},{\"@type\":\"ImageObject\",\"inLanguage\":\"es\",\"@id\":\"https:\\\/\\\/www.escapadarural.com\\\/blog\\\/pueblos-medievales-y-preciosos-en-espana\\\/#primaryimage\",\"url\":\"https:\\\/\\\/www.escapadarural.com\\\/blog\\\/wp-content\\\/uploads\\\/2024\\\/03\\\/AdobeStock_516550036_frias_burgos-scaled.webp\",\"contentUrl\":\"https:\\\/\\\/www.escapadarural.com\\\/blog\\\/wp-content\\\/uploads\\\/2024\\\/03\\\/AdobeStock_516550036_frias_burgos-scaled.webp\",\"width\":2048,\"height\":1361,\"caption\":\"Fr\u00edas, en Burgos. Por N\u00e9stor MN\"},{\"@type\":\"BreadcrumbList\",\"@id\":\"https:\\\/\\\/www.escapadarural.com\\\/blog\\\/pueblos-medievales-y-preciosos-en-espana\\\/#breadcrumb\",\"itemListElement\":[{\"@type\":\"ListItem\",\"position\":1,\"name\":\"Inicio\",\"item\":\"https:\\\/\\\/www.escapadarural.com\\\/blog\\\/\"},{\"@type\":\"ListItem\",\"position\":2,\"name\":\"Destinos\",\"item\":\"https:\\\/\\\/www.escapadarural.com\\\/blog\\\/categoria\\\/destinos\\\/\"},{\"@type\":\"ListItem\",\"position\":3,\"name\":\"24 pueblos medievales y preciosos en Espa\u00f1a\"}]},{\"@type\":\"WebSite\",\"@id\":\"https:\\\/\\\/www.escapadarural.com\\\/blog\\\/#website\",\"url\":\"https:\\\/\\\/www.escapadarural.com\\\/blog\\\/\",\"name\":\"Blog de viajes | turismo rural, alojamientos e inspiraci\u00f3n\",\"description\":\"Alojamientos rurales e inspiraci\u00f3n para tus escapadas\",\"publisher\":{\"@id\":\"https:\\\/\\\/www.escapadarural.com\\\/blog\\\/#organization\"},\"alternateName\":\"Magazine de viajes de EscapadaRural\",\"potentialAction\":[{\"@type\":\"SearchAction\",\"target\":{\"@type\":\"EntryPoint\",\"urlTemplate\":\"https:\\\/\\\/www.escapadarural.com\\\/blog\\\/?s={search_term_string}\"},\"query-input\":{\"@type\":\"PropertyValueSpecification\",\"valueRequired\":true,\"valueName\":\"search_term_string\"}}],\"inLanguage\":\"es\"},{\"@type\":\"Organization\",\"@id\":\"https:\\\/\\\/www.escapadarural.com\\\/blog\\\/#organization\",\"name\":\"EscapadaRural\",\"url\":\"https:\\\/\\\/www.escapadarural.com\\\/blog\\\/\",\"logo\":{\"@type\":\"ImageObject\",\"inLanguage\":\"es\",\"@id\":\"https:\\\/\\\/www.escapadarural.com\\\/blog\\\/#\\\/schema\\\/logo\\\/image\\\/\",\"url\":\"https:\\\/\\\/www.escapadarural.com\\\/blog\\\/wp-content\\\/uploads\\\/2024\\\/10\\\/cropped-cropped-escapada-rural-icon-mag-3.png\",\"contentUrl\":\"https:\\\/\\\/www.escapadarural.com\\\/blog\\\/wp-content\\\/uploads\\\/2024\\\/10\\\/cropped-cropped-escapada-rural-icon-mag-3.png\",\"width\":512,\"height\":512,\"caption\":\"EscapadaRural\"},\"image\":{\"@id\":\"https:\\\/\\\/www.escapadarural.com\\\/blog\\\/#\\\/schema\\\/logo\\\/image\\\/\"},\"sameAs\":[\"https:\\\/\\\/www.facebook.com\\\/escapadarural\",\"https:\\\/\\\/www.instagram.com\\\/escapadarural\\\/\",\"https:\\\/\\\/www.youtube.com\\\/@escapadaruralcom\"]},{\"@type\":\"Person\",\"@id\":\"https:\\\/\\\/www.escapadarural.com\\\/blog\\\/#\\\/schema\\\/person\\\/bd5b0d7ad308a0bf4efed73e8308b4fa\",\"name\":\"Redacci\u00f3n ER\",\"image\":{\"@type\":\"ImageObject\",\"inLanguage\":\"es\",\"@id\":\"https:\\\/\\\/www.escapadarural.com\\\/blog\\\/wp-content\\\/uploads\\\/2024\\\/10\\\/cropped-cropped-escapada-rural-icon-mag-3-96x96.png\",\"url\":\"https:\\\/\\\/www.escapadarural.com\\\/blog\\\/wp-content\\\/uploads\\\/2024\\\/10\\\/cropped-cropped-escapada-rural-icon-mag-3-96x96.png\",\"contentUrl\":\"https:\\\/\\\/www.escapadarural.com\\\/blog\\\/wp-content\\\/uploads\\\/2024\\\/10\\\/cropped-cropped-escapada-rural-icon-mag-3-96x96.png\",\"caption\":\"Redacci\u00f3n ER\"},\"description\":\"Nos encanta inspirar a viajeros y ayudar a los propietarios con nuestros contenidos\",\"url\":\"https:\\\/\\\/www.escapadarural.com\\\/blog\\\/autor\\\/admin\\\/\"}]}<\/script>\n<!-- \/ Yoast SEO plugin. -->","yoast_head_json":{"title":"24 pueblos medievales y preciosos en Espa\u00f1a - EscapadaRural","description":"Algo tendr\u00e1n los pueblos medievales que nos atrapan durante los viajes. Un poso de leyendas, aromas, tradiciones...","robots":{"index":"index","follow":"follow","max-snippet":"max-snippet:-1","max-image-preview":"max-image-preview:large","max-video-preview":"max-video-preview:-1"},"canonical":"https:\/\/www.escapadarural.com\/blog\/pueblos-medievales-y-preciosos-en-espana\/","og_locale":"es_ES","og_type":"article","og_title":"24 pueblos medievales y preciosos en Espa\u00f1a - EscapadaRural","og_description":"Algo tendr\u00e1n los pueblos medievales que nos atrapan durante los viajes. Un poso de leyendas, aromas, tradiciones...","og_url":"https:\/\/www.escapadarural.com\/blog\/pueblos-medievales-y-preciosos-en-espana\/","og_site_name":"Magazine de viajes de EscapadaRural","article_publisher":"https:\/\/www.facebook.com\/escapadarural","article_published_time":"2023-10-24T10:04:46+00:00","article_modified_time":"2025-08-01T12:17:41+00:00","og_image":[{"width":2048,"height":1361,"url":"https:\/\/www.escapadarural.com\/blog\/wp-content\/uploads\/2024\/03\/AdobeStock_516550036_frias_burgos-scaled.webp?v=1754050666","type":"image\/webp"}],"author":"Redacci\u00f3n ER","twitter_card":"summary_large_image","twitter_misc":{"Escrito por":"Redacci\u00f3n ER","Tiempo de lectura":"18 minutos"},"schema":{"@context":"https:\/\/schema.org","@graph":[{"@type":"Article","@id":"https:\/\/www.escapadarural.com\/blog\/pueblos-medievales-y-preciosos-en-espana\/#article","isPartOf":{"@id":"https:\/\/www.escapadarural.com\/blog\/pueblos-medievales-y-preciosos-en-espana\/"},"author":{"name":"Redacci\u00f3n ER","@id":"https:\/\/www.escapadarural.com\/blog\/#\/schema\/person\/bd5b0d7ad308a0bf4efed73e8308b4fa"},"headline":"24 pueblos medievales y preciosos en Espa\u00f1a","datePublished":"2023-10-24T10:04:46+00:00","dateModified":"2025-08-01T12:17:41+00:00","mainEntityOfPage":{"@id":"https:\/\/www.escapadarural.com\/blog\/pueblos-medievales-y-preciosos-en-espana\/"},"wordCount":2885,"commentCount":122,"publisher":{"@id":"https:\/\/www.escapadarural.com\/blog\/#organization"},"image":{"@id":"https:\/\/www.escapadarural.com\/blog\/pueblos-medievales-y-preciosos-en-espana\/#primaryimage"},"thumbnailUrl":"https:\/\/www.escapadarural.com\/blog\/wp-content\/uploads\/2024\/03\/AdobeStock_516550036_frias_burgos-scaled.webp","keywords":["Espa\u00f1a","Listado","Medieval","pueblos","pueblos medievales"],"articleSection":["Destinos"],"inLanguage":"es","potentialAction":[{"@type":"CommentAction","name":"Comment","target":["https:\/\/www.escapadarural.com\/blog\/pueblos-medievales-y-preciosos-en-espana\/#respond"]}]},{"@type":"WebPage","@id":"https:\/\/www.escapadarural.com\/blog\/pueblos-medievales-y-preciosos-en-espana\/","url":"https:\/\/www.escapadarural.com\/blog\/pueblos-medievales-y-preciosos-en-espana\/","name":"24 pueblos medievales y preciosos en Espa\u00f1a - EscapadaRural","isPartOf":{"@id":"https:\/\/www.escapadarural.com\/blog\/#website"},"primaryImageOfPage":{"@id":"https:\/\/www.escapadarural.com\/blog\/pueblos-medievales-y-preciosos-en-espana\/#primaryimage"},"image":{"@id":"https:\/\/www.escapadarural.com\/blog\/pueblos-medievales-y-preciosos-en-espana\/#primaryimage"},"thumbnailUrl":"https:\/\/www.escapadarural.com\/blog\/wp-content\/uploads\/2024\/03\/AdobeStock_516550036_frias_burgos-scaled.webp","datePublished":"2023-10-24T10:04:46+00:00","dateModified":"2025-08-01T12:17:41+00:00","description":"Algo tendr\u00e1n los pueblos medievales que nos atrapan durante los viajes. Un poso de leyendas, aromas, tradiciones...","breadcrumb":{"@id":"https:\/\/www.escapadarural.com\/blog\/pueblos-medievales-y-preciosos-en-espana\/#breadcrumb"},"inLanguage":"es","potentialAction":[{"@type":"ReadAction","target":["https:\/\/www.escapadarural.com\/blog\/pueblos-medievales-y-preciosos-en-espana\/"]}]},{"@type":"ImageObject","inLanguage":"es","@id":"https:\/\/www.escapadarural.com\/blog\/pueblos-medievales-y-preciosos-en-espana\/#primaryimage","url":"https:\/\/www.escapadarural.com\/blog\/wp-content\/uploads\/2024\/03\/AdobeStock_516550036_frias_burgos-scaled.webp","contentUrl":"https:\/\/www.escapadarural.com\/blog\/wp-content\/uploads\/2024\/03\/AdobeStock_516550036_frias_burgos-scaled.webp","width":2048,"height":1361,"caption":"Fr\u00edas, en Burgos. Por N\u00e9stor MN"},{"@type":"BreadcrumbList","@id":"https:\/\/www.escapadarural.com\/blog\/pueblos-medievales-y-preciosos-en-espana\/#breadcrumb","itemListElement":[{"@type":"ListItem","position":1,"name":"Inicio","item":"https:\/\/www.escapadarural.com\/blog\/"},{"@type":"ListItem","position":2,"name":"Destinos","item":"https:\/\/www.escapadarural.com\/blog\/categoria\/destinos\/"},{"@type":"ListItem","position":3,"name":"24 pueblos medievales y preciosos en Espa\u00f1a"}]},{"@type":"WebSite","@id":"https:\/\/www.escapadarural.com\/blog\/#website","url":"https:\/\/www.escapadarural.com\/blog\/","name":"Blog de viajes | turismo rural, alojamientos e inspiraci\u00f3n","description":"Alojamientos rurales e inspiraci\u00f3n para tus escapadas","publisher":{"@id":"https:\/\/www.escapadarural.com\/blog\/#organization"},"alternateName":"Magazine de viajes de EscapadaRural","potentialAction":[{"@type":"SearchAction","target":{"@type":"EntryPoint","urlTemplate":"https:\/\/www.escapadarural.com\/blog\/?s={search_term_string}"},"query-input":{"@type":"PropertyValueSpecification","valueRequired":true,"valueName":"search_term_string"}}],"inLanguage":"es"},{"@type":"Organization","@id":"https:\/\/www.escapadarural.com\/blog\/#organization","name":"EscapadaRural","url":"https:\/\/www.escapadarural.com\/blog\/","logo":{"@type":"ImageObject","inLanguage":"es","@id":"https:\/\/www.escapadarural.com\/blog\/#\/schema\/logo\/image\/","url":"https:\/\/www.escapadarural.com\/blog\/wp-content\/uploads\/2024\/10\/cropped-cropped-escapada-rural-icon-mag-3.png","contentUrl":"https:\/\/www.escapadarural.com\/blog\/wp-content\/uploads\/2024\/10\/cropped-cropped-escapada-rural-icon-mag-3.png","width":512,"height":512,"caption":"EscapadaRural"},"image":{"@id":"https:\/\/www.escapadarural.com\/blog\/#\/schema\/logo\/image\/"},"sameAs":["https:\/\/www.facebook.com\/escapadarural","https:\/\/www.instagram.com\/escapadarural\/","https:\/\/www.youtube.com\/@escapadaruralcom"]},{"@type":"Person","@id":"https:\/\/www.escapadarural.com\/blog\/#\/schema\/person\/bd5b0d7ad308a0bf4efed73e8308b4fa","name":"Redacci\u00f3n ER","image":{"@type":"ImageObject","inLanguage":"es","@id":"https:\/\/www.escapadarural.com\/blog\/wp-content\/uploads\/2024\/10\/cropped-cropped-escapada-rural-icon-mag-3-96x96.png","url":"https:\/\/www.escapadarural.com\/blog\/wp-content\/uploads\/2024\/10\/cropped-cropped-escapada-rural-icon-mag-3-96x96.png","contentUrl":"https:\/\/www.escapadarural.com\/blog\/wp-content\/uploads\/2024\/10\/cropped-cropped-escapada-rural-icon-mag-3-96x96.png","caption":"Redacci\u00f3n ER"},"description":"Nos encanta inspirar a viajeros y ayudar a los propietarios con nuestros contenidos","url":"https:\/\/www.escapadarural.com\/blog\/autor\/admin\/"}]}},"_links":{"self":[{"href":"https:\/\/www.escapadarural.com\/blog\/wp-json\/wp\/v2\/posts\/5718","targetHints":{"allow":["GET"]}}],"collection":[{"href":"https:\/\/www.escapadarural.com\/blog\/wp-json\/wp\/v2\/posts"}],"about":[{"href":"https:\/\/www.escapadarural.com\/blog\/wp-json\/wp\/v2\/types\/post"}],"author":[{"embeddable":true,"href":"https:\/\/www.escapadarural.com\/blog\/wp-json\/wp\/v2\/users\/85"}],"replies":[{"embeddable":true,"href":"https:\/\/www.escapadarural.com\/blog\/wp-json\/wp\/v2\/comments?post=5718"}],"version-history":[{"count":0,"href":"https:\/\/www.escapadarural.com\/blog\/wp-json\/wp\/v2\/posts\/5718\/revisions"}],"wp:featuredmedia":[{"embeddable":true,"href":"https:\/\/www.escapadarural.com\/blog\/wp-json\/wp\/v2\/media\/193962"}],"wp:attachment":[{"href":"https:\/\/www.escapadarural.com\/blog\/wp-json\/wp\/v2\/media?parent=5718"}],"wp:term":[{"taxonomy":"category","embeddable":true,"href":"https:\/\/www.escapadarural.com\/blog\/wp-json\/wp\/v2\/categories?post=5718"},{"taxonomy":"post_tag","embeddable":true,"href":"https:\/\/www.escapadarural.com\/blog\/wp-json\/wp\/v2\/tags?post=5718"}],"curies":[{"name":"wp","href":"https:\/\/api.w.org\/{rel}","templated":true}]}}