{"id":57333,"date":"2023-01-18T14:59:51","date_gmt":"2023-01-18T13:59:51","guid":{"rendered":"https:\/\/www.escapadarural.com\/blog\/?p=57333"},"modified":"2025-01-15T10:33:33","modified_gmt":"2025-01-15T08:33:33","slug":"la-alberca-salamanca-coetur-2023","status":"publish","type":"post","link":"https:\/\/www.escapadarural.com\/blog\/la-alberca-salamanca-coetur-2023\/","title":{"rendered":"La Alberca ser\u00e1 la sede del IX Congreso Europeo de Turismo Rural"},"content":{"rendered":"\n<ul class=\"wp-block-list\">\n<li><strong>La IX edici\u00f3n de COETUR, el Congreso Europeo de Turismo Rural, se celebrar\u00e1 los d\u00edas 10 y 11 de mayo en el municipio salmantino de La Alberca y reunir\u00e1 a propietarios de alojamientos, representantes de las administraciones p\u00fablicas y empresas de turismo activo o actividades complementarias.<\/strong><\/li>\n<\/ul>\n\n\n\n<ul class=\"wp-block-list\">\n<li><strong>El Congreso se ha convertido ya en un punto de referencia para los profesionales del sector del turismo rural y tiene como objetivo seguir impulsando el desarrollo del turismo mediante sesiones de formaci\u00f3n y talleres impartidos por expertos.<\/strong><\/li>\n<\/ul>\n\n\n\n<ul class=\"wp-block-list\">\n<li><strong>Castilla y Le\u00f3n se sit\u00faan en el top3 de comunidades aut\u00f3nomas que los viajeros rurales tienen previsto visitar en 2023.<\/strong><\/li>\n<\/ul>\n\n\n\n<figure class=\"wp-block-image size-full\"><a href=\"https:\/\/www.escapadarural.com\/blog\/wp-content\/uploads\/2018\/11\/La-Alberca-7-1.jpg\"><img decoding=\"async\" src=\"https:\/\/www.escapadarural.com\/blog\/wp-content\/uploads\/2018\/11\/La-Alberca-7-1.jpg\" alt=\"La Alberca\" class=\"wp-image-25412\"\/><\/a><figcaption class=\"wp-element-caption\">La Alberca. Por Alfonso de Tomas<\/figcaption><\/figure>\n\n\n\n<p>\u00a0El municipio salmantino de La Alberca acoger\u00e1 la IX edici\u00f3n de COETUR, el Congreso Europeo de Turismo Rural organizado por <a href=\"https:\/\/www.escapadarural.com\/\" target=\"_blank\" rel=\"noreferrer noopener\">EscapadaRural<\/a> con el apoyo institucional de la\u00a0<a href=\"https:\/\/www.turismocastillayleon.com\/\" target=\"_blank\" rel=\"noreferrer noopener\">Consejer\u00eda de Cultura, Turismo y Deporte de la\u00a0 Junta de Castilla y Le\u00f3n<\/a>, que se celebrar\u00e1 los d\u00edas 10 y 11 de mayo\u00a0 de este a\u00f1o. As\u00ed lo ha anunciado hoy <strong>D. Gonzalo Santonja G\u00f3mez<\/strong>, <strong><a href=\"http:\/\/www.turismocastillayleon.com\" target=\"_blank\" rel=\"noreferrer noopener\">Consejero de Cultura, Turismo y Deporte de Castilla y Le\u00f3n<\/a><\/strong>,\u00a0 en el marco de FITUR.\u00a0<\/p>\n\n\n\n<figure class=\"wp-block-image size-large\"><a href=\"https:\/\/www.escapadarural.com\/blog\/wp-content\/uploads\/Anuncio-sede-COETUR-scaled.jpg\"><img decoding=\"async\" src=\"https:\/\/www.escapadarural.com\/blog\/wp-content\/uploads\/Anuncio-sede-COETUR-1024x865.jpg\" alt=\"\" class=\"wp-image-57468\"\/><\/a><figcaption class=\"wp-element-caption\">D. Gonzalo Santonja, Consejero de Cultura, Turismo y Deporte de la Junta de Castilla y Le\u00f3n; Miguel \u00c1ngel Luengo, Alcalde de La Alberca; y Alejandra Torent, responsable de relaciones externas de EscapadaRural<\/figcaption><\/figure>\n\n\n\n<p>Con ocho ediciones a sus espaldas, COETUR es ya un punto de encuentro y referencia para los profesionales del sector del turismo rural. En la \u00faltima edici\u00f3n, asistieron al encuentro m\u00e1s de 350 profesionales del sector entre propietarios de alojamientos, representantes de las administraciones p\u00fablicas y empresas de turismo activo o actividades complementarias.&nbsp; De \u00e9stos, 150 estuvieron presencialmente en el Congreso y m\u00e1s de 200 siguieron la retransmisi\u00f3n en streaming participando tambi\u00e9n con sus comentarios y preguntas.&nbsp;<\/p>\n\n\n\n<p>\u201cEn esta nueva edici\u00f3n de COETUR seguiremos impulsando el desarrollo del turismo mediante ponencias, mesas de debate y talleres impartidos por expertos\u201d, explica <strong>Alejandra Torent, responsable de relaciones externas de EscapadaRural<\/strong>. Tambi\u00e9n a\u00f1ade que \u201cel v\u00ednculo de Castilla y Le\u00f3n con el turismo rural es indiscutible y, seg\u00fan nuestro <a href=\"https:\/\/www.escapadarural.com\/blog\/informe-anual-del-turismo-rural-2022\/\" target=\"_blank\" rel=\"noreferrer noopener\">Observatorio del Turismo Rural<\/a>, es la tercera comunidad a la que m\u00e1s viajeros rurales tienen previsto realizar escapadas este a\u00f1o. Adem\u00e1s, la riqueza natural, arquitect\u00f3nica y gastron\u00f3mica de La Alberca, convierten al municipio en&nbsp; un escenario maravilloso que vamos a promover tambi\u00e9n entre nuestros m\u00e1s de dos millones de usuarios y m\u00e1s de medio mill\u00f3n de seguidores en redes sociales\u201d.<\/p>\n\n\n\n<p>As\u00ed, La Alberca suceder\u00e1 al municipio sevillano de Cazalla de la Sierra en el que tuvo lugar el anterior congreso celebrado en septiembre del pasado a\u00f1o, una edici\u00f3n en la que, adem\u00e1s, la provincia de Extremadura fue territorio invitado. Esta ser\u00e1 la primera ocasi\u00f3n en la que un municipio de Castilla y Le\u00f3n acoge la celebraci\u00f3n de COETUR.<\/p>\n\n\n\n<figure class=\"wp-block-image size-large\"><a href=\"https:\/\/www.turismocastillayleon.com\/\" target=\"_blank\" rel=\"noreferrer noopener\"><img decoding=\"async\" src=\"https:\/\/www.escapadarural.com\/blog\/wp-content\/uploads\/imagen-pantalla-1024x576.jpg\" alt=\"\" class=\"wp-image-57391\"\/><\/a><figcaption class=\"wp-element-caption\">COETUR 2023<\/figcaption><\/figure>\n","protected":false},"excerpt":{"rendered":"<p>La IX edici\u00f3n de COETUR, el Congreso Europeo de Turismo Rural, se celebrar\u00e1 los d\u00edas 10 y 11 de mayo en el municipio salmantino de La Alberca.<\/p>\n","protected":false},"author":144,"featured_media":98752,"comment_status":"open","ping_status":"open","sticky":false,"template":"","format":"standard","meta":{"_acf_changed":false,"om_disable_all_campaigns":false,"footnotes":""},"categories":[385,390],"tags":[386,4873],"class_list":["post-57333","post","type-post","status-publish","format-standard","has-post-thumbnail","hentry","category-coetur","category-noticias","tag-coetur","tag-coetur2023"],"acf":[],"featured_image_src":"https:\/\/www.escapadarural.com\/blog\/wp-content\/uploads\/2024\/10\/La-Alberca-7-1-3.jpg","author_info":{"display_name":"Judith Monmany","author_link":"https:\/\/www.escapadarural.com\/blog\/autor\/judith-monmany\/"},"yoast_head":"<!-- This site is optimized with the Yoast SEO plugin v27.5 - https:\/\/yoast.com\/product\/yoast-seo-wordpress\/ -->\n<title>La Alberca ser\u00e1 la sede del IX Congreso Europeo de Turismo Rural - EscapadaRural<\/title>\n<meta name=\"robots\" content=\"index, follow, max-snippet:-1, max-image-preview:large, max-video-preview:-1\" \/>\n<link rel=\"canonical\" href=\"https:\/\/www.escapadarural.com\/blog\/la-alberca-salamanca-coetur-2023\/\" \/>\n<meta property=\"og:locale\" content=\"es_ES\" \/>\n<meta property=\"og:type\" content=\"article\" \/>\n<meta property=\"og:title\" content=\"La Alberca ser\u00e1 la sede del IX Congreso Europeo de Turismo Rural - EscapadaRural\" \/>\n<meta property=\"og:description\" content=\"La IX edici\u00f3n de COETUR, el Congreso Europeo de Turismo Rural, se celebrar\u00e1 los d\u00edas 10 y 11 de mayo en el municipio salmantino de La Alberca.\" \/>\n<meta property=\"og:url\" content=\"https:\/\/www.escapadarural.com\/blog\/la-alberca-salamanca-coetur-2023\/\" \/>\n<meta property=\"og:site_name\" content=\"Magazine de viajes de EscapadaRural\" \/>\n<meta property=\"article:publisher\" content=\"https:\/\/www.facebook.com\/escapadarural\" \/>\n<meta property=\"article:published_time\" content=\"2023-01-18T13:59:51+00:00\" \/>\n<meta property=\"article:modified_time\" content=\"2025-01-15T08:33:33+00:00\" \/>\n<meta property=\"og:image\" content=\"https:\/\/www.escapadarural.com\/blog\/wp-content\/uploads\/2024\/10\/La-Alberca-7-1-3.jpg\" \/>\n\t<meta property=\"og:image:width\" content=\"1024\" \/>\n\t<meta property=\"og:image:height\" content=\"678\" \/>\n\t<meta property=\"og:image:type\" content=\"image\/jpeg\" \/>\n<meta name=\"author\" content=\"Judith Monmany\" \/>\n<meta name=\"twitter:card\" content=\"summary_large_image\" \/>\n<meta name=\"twitter:label1\" content=\"Escrito por\" \/>\n\t<meta name=\"twitter:data1\" content=\"Judith Monmany\" \/>\n\t<meta name=\"twitter:label2\" content=\"Tiempo de lectura\" \/>\n\t<meta name=\"twitter:data2\" content=\"3 minutos\" \/>\n<script type=\"application\/ld+json\" class=\"yoast-schema-graph\">{\"@context\":\"https:\\\/\\\/schema.org\",\"@graph\":[{\"@type\":\"Article\",\"@id\":\"https:\\\/\\\/www.escapadarural.com\\\/blog\\\/la-alberca-salamanca-coetur-2023\\\/#article\",\"isPartOf\":{\"@id\":\"https:\\\/\\\/www.escapadarural.com\\\/blog\\\/la-alberca-salamanca-coetur-2023\\\/\"},\"author\":{\"name\":\"Judith Monmany\",\"@id\":\"https:\\\/\\\/www.escapadarural.com\\\/blog\\\/#\\\/schema\\\/person\\\/25786969bae765c9b5eadf92da1dcffd\"},\"headline\":\"La Alberca ser\u00e1 la sede del IX Congreso Europeo de Turismo Rural\",\"datePublished\":\"2023-01-18T13:59:51+00:00\",\"dateModified\":\"2025-01-15T08:33:33+00:00\",\"mainEntityOfPage\":{\"@id\":\"https:\\\/\\\/www.escapadarural.com\\\/blog\\\/la-alberca-salamanca-coetur-2023\\\/\"},\"wordCount\":513,\"commentCount\":3,\"publisher\":{\"@id\":\"https:\\\/\\\/www.escapadarural.com\\\/blog\\\/#organization\"},\"image\":{\"@id\":\"https:\\\/\\\/www.escapadarural.com\\\/blog\\\/la-alberca-salamanca-coetur-2023\\\/#primaryimage\"},\"thumbnailUrl\":\"https:\\\/\\\/www.escapadarural.com\\\/blog\\\/wp-content\\\/uploads\\\/2024\\\/10\\\/La-Alberca-7-1-3.jpg\",\"keywords\":[\"COETUR\",\"coetur2023\"],\"articleSection\":[\"Coetur\",\"Noticias\"],\"inLanguage\":\"es\",\"potentialAction\":[{\"@type\":\"CommentAction\",\"name\":\"Comment\",\"target\":[\"https:\\\/\\\/www.escapadarural.com\\\/blog\\\/la-alberca-salamanca-coetur-2023\\\/#respond\"]}]},{\"@type\":\"WebPage\",\"@id\":\"https:\\\/\\\/www.escapadarural.com\\\/blog\\\/la-alberca-salamanca-coetur-2023\\\/\",\"url\":\"https:\\\/\\\/www.escapadarural.com\\\/blog\\\/la-alberca-salamanca-coetur-2023\\\/\",\"name\":\"La Alberca ser\u00e1 la sede del IX Congreso Europeo de Turismo Rural - EscapadaRural\",\"isPartOf\":{\"@id\":\"https:\\\/\\\/www.escapadarural.com\\\/blog\\\/#website\"},\"primaryImageOfPage\":{\"@id\":\"https:\\\/\\\/www.escapadarural.com\\\/blog\\\/la-alberca-salamanca-coetur-2023\\\/#primaryimage\"},\"image\":{\"@id\":\"https:\\\/\\\/www.escapadarural.com\\\/blog\\\/la-alberca-salamanca-coetur-2023\\\/#primaryimage\"},\"thumbnailUrl\":\"https:\\\/\\\/www.escapadarural.com\\\/blog\\\/wp-content\\\/uploads\\\/2024\\\/10\\\/La-Alberca-7-1-3.jpg\",\"datePublished\":\"2023-01-18T13:59:51+00:00\",\"dateModified\":\"2025-01-15T08:33:33+00:00\",\"breadcrumb\":{\"@id\":\"https:\\\/\\\/www.escapadarural.com\\\/blog\\\/la-alberca-salamanca-coetur-2023\\\/#breadcrumb\"},\"inLanguage\":\"es\",\"potentialAction\":[{\"@type\":\"ReadAction\",\"target\":[\"https:\\\/\\\/www.escapadarural.com\\\/blog\\\/la-alberca-salamanca-coetur-2023\\\/\"]}]},{\"@type\":\"ImageObject\",\"inLanguage\":\"es\",\"@id\":\"https:\\\/\\\/www.escapadarural.com\\\/blog\\\/la-alberca-salamanca-coetur-2023\\\/#primaryimage\",\"url\":\"https:\\\/\\\/www.escapadarural.com\\\/blog\\\/wp-content\\\/uploads\\\/2024\\\/10\\\/La-Alberca-7-1-3.jpg\",\"contentUrl\":\"https:\\\/\\\/www.escapadarural.com\\\/blog\\\/wp-content\\\/uploads\\\/2024\\\/10\\\/La-Alberca-7-1-3.jpg\",\"width\":1024,\"height\":678,\"caption\":\"La Alberca, en Salamanca\"},{\"@type\":\"BreadcrumbList\",\"@id\":\"https:\\\/\\\/www.escapadarural.com\\\/blog\\\/la-alberca-salamanca-coetur-2023\\\/#breadcrumb\",\"itemListElement\":[{\"@type\":\"ListItem\",\"position\":1,\"name\":\"Inicio\",\"item\":\"https:\\\/\\\/www.escapadarural.com\\\/blog\\\/\"},{\"@type\":\"ListItem\",\"position\":2,\"name\":\"Coetur\",\"item\":\"https:\\\/\\\/www.escapadarural.com\\\/blog\\\/categoria\\\/coetur\\\/\"},{\"@type\":\"ListItem\",\"position\":3,\"name\":\"La Alberca ser\u00e1 la sede del IX Congreso Europeo de Turismo Rural\"}]},{\"@type\":\"WebSite\",\"@id\":\"https:\\\/\\\/www.escapadarural.com\\\/blog\\\/#website\",\"url\":\"https:\\\/\\\/www.escapadarural.com\\\/blog\\\/\",\"name\":\"Blog de viajes | turismo rural, alojamientos e inspiraci\u00f3n\",\"description\":\"Alojamientos rurales e inspiraci\u00f3n para tus escapadas\",\"publisher\":{\"@id\":\"https:\\\/\\\/www.escapadarural.com\\\/blog\\\/#organization\"},\"alternateName\":\"Magazine de viajes de EscapadaRural\",\"potentialAction\":[{\"@type\":\"SearchAction\",\"target\":{\"@type\":\"EntryPoint\",\"urlTemplate\":\"https:\\\/\\\/www.escapadarural.com\\\/blog\\\/?s={search_term_string}\"},\"query-input\":{\"@type\":\"PropertyValueSpecification\",\"valueRequired\":true,\"valueName\":\"search_term_string\"}}],\"inLanguage\":\"es\"},{\"@type\":\"Organization\",\"@id\":\"https:\\\/\\\/www.escapadarural.com\\\/blog\\\/#organization\",\"name\":\"EscapadaRural\",\"url\":\"https:\\\/\\\/www.escapadarural.com\\\/blog\\\/\",\"logo\":{\"@type\":\"ImageObject\",\"inLanguage\":\"es\",\"@id\":\"https:\\\/\\\/www.escapadarural.com\\\/blog\\\/#\\\/schema\\\/logo\\\/image\\\/\",\"url\":\"https:\\\/\\\/www.escapadarural.com\\\/blog\\\/wp-content\\\/uploads\\\/2024\\\/10\\\/cropped-cropped-escapada-rural-icon-mag-3.png\",\"contentUrl\":\"https:\\\/\\\/www.escapadarural.com\\\/blog\\\/wp-content\\\/uploads\\\/2024\\\/10\\\/cropped-cropped-escapada-rural-icon-mag-3.png\",\"width\":512,\"height\":512,\"caption\":\"EscapadaRural\"},\"image\":{\"@id\":\"https:\\\/\\\/www.escapadarural.com\\\/blog\\\/#\\\/schema\\\/logo\\\/image\\\/\"},\"sameAs\":[\"https:\\\/\\\/www.facebook.com\\\/escapadarural\",\"https:\\\/\\\/www.instagram.com\\\/escapadarural\\\/\",\"https:\\\/\\\/www.youtube.com\\\/@escapadaruralcom\"]},{\"@type\":\"Person\",\"@id\":\"https:\\\/\\\/www.escapadarural.com\\\/blog\\\/#\\\/schema\\\/person\\\/25786969bae765c9b5eadf92da1dcffd\",\"name\":\"Judith Monmany\",\"image\":{\"@type\":\"ImageObject\",\"inLanguage\":\"es\",\"@id\":\"https:\\\/\\\/secure.gravatar.com\\\/avatar\\\/1754df140325b983610fbba984e4f092ec9249b645010699d0749b7a1ade7c37?s=96&d=mm&r=g\",\"url\":\"https:\\\/\\\/secure.gravatar.com\\\/avatar\\\/1754df140325b983610fbba984e4f092ec9249b645010699d0749b7a1ade7c37?s=96&d=mm&r=g\",\"contentUrl\":\"https:\\\/\\\/secure.gravatar.com\\\/avatar\\\/1754df140325b983610fbba984e4f092ec9249b645010699d0749b7a1ade7c37?s=96&d=mm&r=g\",\"caption\":\"Judith Monmany\"},\"url\":\"https:\\\/\\\/www.escapadarural.com\\\/blog\\\/autor\\\/judith-monmany\\\/\"}]}<\/script>\n<!-- \/ Yoast SEO plugin. -->","yoast_head_json":{"title":"La Alberca ser\u00e1 la sede del IX Congreso Europeo de Turismo Rural - EscapadaRural","robots":{"index":"index","follow":"follow","max-snippet":"max-snippet:-1","max-image-preview":"max-image-preview:large","max-video-preview":"max-video-preview:-1"},"canonical":"https:\/\/www.escapadarural.com\/blog\/la-alberca-salamanca-coetur-2023\/","og_locale":"es_ES","og_type":"article","og_title":"La Alberca ser\u00e1 la sede del IX Congreso Europeo de Turismo Rural - EscapadaRural","og_description":"La IX edici\u00f3n de COETUR, el Congreso Europeo de Turismo Rural, se celebrar\u00e1 los d\u00edas 10 y 11 de mayo en el municipio salmantino de La Alberca.","og_url":"https:\/\/www.escapadarural.com\/blog\/la-alberca-salamanca-coetur-2023\/","og_site_name":"Magazine de viajes de EscapadaRural","article_publisher":"https:\/\/www.facebook.com\/escapadarural","article_published_time":"2023-01-18T13:59:51+00:00","article_modified_time":"2025-01-15T08:33:33+00:00","og_image":[{"width":1024,"height":678,"url":"https:\/\/www.escapadarural.com\/blog\/wp-content\/uploads\/2024\/10\/La-Alberca-7-1-3.jpg","type":"image\/jpeg"}],"author":"Judith Monmany","twitter_card":"summary_large_image","twitter_misc":{"Escrito por":"Judith Monmany","Tiempo de lectura":"3 minutos"},"schema":{"@context":"https:\/\/schema.org","@graph":[{"@type":"Article","@id":"https:\/\/www.escapadarural.com\/blog\/la-alberca-salamanca-coetur-2023\/#article","isPartOf":{"@id":"https:\/\/www.escapadarural.com\/blog\/la-alberca-salamanca-coetur-2023\/"},"author":{"name":"Judith Monmany","@id":"https:\/\/www.escapadarural.com\/blog\/#\/schema\/person\/25786969bae765c9b5eadf92da1dcffd"},"headline":"La Alberca ser\u00e1 la sede del IX Congreso Europeo de Turismo Rural","datePublished":"2023-01-18T13:59:51+00:00","dateModified":"2025-01-15T08:33:33+00:00","mainEntityOfPage":{"@id":"https:\/\/www.escapadarural.com\/blog\/la-alberca-salamanca-coetur-2023\/"},"wordCount":513,"commentCount":3,"publisher":{"@id":"https:\/\/www.escapadarural.com\/blog\/#organization"},"image":{"@id":"https:\/\/www.escapadarural.com\/blog\/la-alberca-salamanca-coetur-2023\/#primaryimage"},"thumbnailUrl":"https:\/\/www.escapadarural.com\/blog\/wp-content\/uploads\/2024\/10\/La-Alberca-7-1-3.jpg","keywords":["COETUR","coetur2023"],"articleSection":["Coetur","Noticias"],"inLanguage":"es","potentialAction":[{"@type":"CommentAction","name":"Comment","target":["https:\/\/www.escapadarural.com\/blog\/la-alberca-salamanca-coetur-2023\/#respond"]}]},{"@type":"WebPage","@id":"https:\/\/www.escapadarural.com\/blog\/la-alberca-salamanca-coetur-2023\/","url":"https:\/\/www.escapadarural.com\/blog\/la-alberca-salamanca-coetur-2023\/","name":"La Alberca ser\u00e1 la sede del IX Congreso Europeo de Turismo Rural - EscapadaRural","isPartOf":{"@id":"https:\/\/www.escapadarural.com\/blog\/#website"},"primaryImageOfPage":{"@id":"https:\/\/www.escapadarural.com\/blog\/la-alberca-salamanca-coetur-2023\/#primaryimage"},"image":{"@id":"https:\/\/www.escapadarural.com\/blog\/la-alberca-salamanca-coetur-2023\/#primaryimage"},"thumbnailUrl":"https:\/\/www.escapadarural.com\/blog\/wp-content\/uploads\/2024\/10\/La-Alberca-7-1-3.jpg","datePublished":"2023-01-18T13:59:51+00:00","dateModified":"2025-01-15T08:33:33+00:00","breadcrumb":{"@id":"https:\/\/www.escapadarural.com\/blog\/la-alberca-salamanca-coetur-2023\/#breadcrumb"},"inLanguage":"es","potentialAction":[{"@type":"ReadAction","target":["https:\/\/www.escapadarural.com\/blog\/la-alberca-salamanca-coetur-2023\/"]}]},{"@type":"ImageObject","inLanguage":"es","@id":"https:\/\/www.escapadarural.com\/blog\/la-alberca-salamanca-coetur-2023\/#primaryimage","url":"https:\/\/www.escapadarural.com\/blog\/wp-content\/uploads\/2024\/10\/La-Alberca-7-1-3.jpg","contentUrl":"https:\/\/www.escapadarural.com\/blog\/wp-content\/uploads\/2024\/10\/La-Alberca-7-1-3.jpg","width":1024,"height":678,"caption":"La Alberca, en Salamanca"},{"@type":"BreadcrumbList","@id":"https:\/\/www.escapadarural.com\/blog\/la-alberca-salamanca-coetur-2023\/#breadcrumb","itemListElement":[{"@type":"ListItem","position":1,"name":"Inicio","item":"https:\/\/www.escapadarural.com\/blog\/"},{"@type":"ListItem","position":2,"name":"Coetur","item":"https:\/\/www.escapadarural.com\/blog\/categoria\/coetur\/"},{"@type":"ListItem","position":3,"name":"La Alberca ser\u00e1 la sede del IX Congreso Europeo de Turismo Rural"}]},{"@type":"WebSite","@id":"https:\/\/www.escapadarural.com\/blog\/#website","url":"https:\/\/www.escapadarural.com\/blog\/","name":"Blog de viajes | turismo rural, alojamientos e inspiraci\u00f3n","description":"Alojamientos rurales e inspiraci\u00f3n para tus escapadas","publisher":{"@id":"https:\/\/www.escapadarural.com\/blog\/#organization"},"alternateName":"Magazine de viajes de EscapadaRural","potentialAction":[{"@type":"SearchAction","target":{"@type":"EntryPoint","urlTemplate":"https:\/\/www.escapadarural.com\/blog\/?s={search_term_string}"},"query-input":{"@type":"PropertyValueSpecification","valueRequired":true,"valueName":"search_term_string"}}],"inLanguage":"es"},{"@type":"Organization","@id":"https:\/\/www.escapadarural.com\/blog\/#organization","name":"EscapadaRural","url":"https:\/\/www.escapadarural.com\/blog\/","logo":{"@type":"ImageObject","inLanguage":"es","@id":"https:\/\/www.escapadarural.com\/blog\/#\/schema\/logo\/image\/","url":"https:\/\/www.escapadarural.com\/blog\/wp-content\/uploads\/2024\/10\/cropped-cropped-escapada-rural-icon-mag-3.png","contentUrl":"https:\/\/www.escapadarural.com\/blog\/wp-content\/uploads\/2024\/10\/cropped-cropped-escapada-rural-icon-mag-3.png","width":512,"height":512,"caption":"EscapadaRural"},"image":{"@id":"https:\/\/www.escapadarural.com\/blog\/#\/schema\/logo\/image\/"},"sameAs":["https:\/\/www.facebook.com\/escapadarural","https:\/\/www.instagram.com\/escapadarural\/","https:\/\/www.youtube.com\/@escapadaruralcom"]},{"@type":"Person","@id":"https:\/\/www.escapadarural.com\/blog\/#\/schema\/person\/25786969bae765c9b5eadf92da1dcffd","name":"Judith Monmany","image":{"@type":"ImageObject","inLanguage":"es","@id":"https:\/\/secure.gravatar.com\/avatar\/1754df140325b983610fbba984e4f092ec9249b645010699d0749b7a1ade7c37?s=96&d=mm&r=g","url":"https:\/\/secure.gravatar.com\/avatar\/1754df140325b983610fbba984e4f092ec9249b645010699d0749b7a1ade7c37?s=96&d=mm&r=g","contentUrl":"https:\/\/secure.gravatar.com\/avatar\/1754df140325b983610fbba984e4f092ec9249b645010699d0749b7a1ade7c37?s=96&d=mm&r=g","caption":"Judith Monmany"},"url":"https:\/\/www.escapadarural.com\/blog\/autor\/judith-monmany\/"}]}},"_links":{"self":[{"href":"https:\/\/www.escapadarural.com\/blog\/wp-json\/wp\/v2\/posts\/57333","targetHints":{"allow":["GET"]}}],"collection":[{"href":"https:\/\/www.escapadarural.com\/blog\/wp-json\/wp\/v2\/posts"}],"about":[{"href":"https:\/\/www.escapadarural.com\/blog\/wp-json\/wp\/v2\/types\/post"}],"author":[{"embeddable":true,"href":"https:\/\/www.escapadarural.com\/blog\/wp-json\/wp\/v2\/users\/144"}],"replies":[{"embeddable":true,"href":"https:\/\/www.escapadarural.com\/blog\/wp-json\/wp\/v2\/comments?post=57333"}],"version-history":[{"count":0,"href":"https:\/\/www.escapadarural.com\/blog\/wp-json\/wp\/v2\/posts\/57333\/revisions"}],"wp:featuredmedia":[{"embeddable":true,"href":"https:\/\/www.escapadarural.com\/blog\/wp-json\/wp\/v2\/media\/98752"}],"wp:attachment":[{"href":"https:\/\/www.escapadarural.com\/blog\/wp-json\/wp\/v2\/media?parent=57333"}],"wp:term":[{"taxonomy":"category","embeddable":true,"href":"https:\/\/www.escapadarural.com\/blog\/wp-json\/wp\/v2\/categories?post=57333"},{"taxonomy":"post_tag","embeddable":true,"href":"https:\/\/www.escapadarural.com\/blog\/wp-json\/wp\/v2\/tags?post=57333"}],"curies":[{"name":"wp","href":"https:\/\/api.w.org\/{rel}","templated":true}]}}