{"id":57397,"date":"2023-02-27T11:44:51","date_gmt":"2023-02-27T10:44:51","guid":{"rendered":"https:\/\/www.escapadarural.com\/blog\/?p=57397"},"modified":"2025-05-22T13:17:20","modified_gmt":"2025-05-22T11:17:20","slug":"ruta-mejores-quesos-de-espana","status":"publish","type":"post","link":"https:\/\/www.escapadarural.com\/blog\/ruta-mejores-quesos-de-espana\/","title":{"rendered":"La ruta de los mejores quesos de Espa\u00f1a"},"content":{"rendered":"\n<figure class=\"wp-block-image size-large\"><a href=\"https:\/\/www.escapadarural.com\/blog\/wp-content\/uploads\/queso-de-tetilla.jpg\"><img decoding=\"async\" src=\"https:\/\/www.escapadarural.com\/blog\/wp-content\/uploads\/2023\/02\/queso-de-tetilla-1024x682-1.jpg\" alt=\"Queso de tetilla, uno de los mejores quesos de Espa\u00f1a\" class=\"wp-image-58441\"\/><\/a><figcaption class=\"wp-element-caption\">Queso de tetilla, uno de los mejores quesos de Espa\u00f1a. Por Picture Partners<\/figcaption><\/figure>\n\n\n\n<p>Francia tiene la fama, pero Espa\u00f1a no se queda muy atr\u00e1s. Aunque los galos pueden presumir de vivir en \u2018el pa\u00eds de los mil quesos\u2019, los espa\u00f1oles pueden sentirse m\u00e1s que orgullosos de su producci\u00f3n. De hecho, algunas queser\u00edas han recibido galardones internacionales como en el caso de la jienense <a href=\"https:\/\/www.escapadarural.com\/blog\/quesos-y-besos-la-queseria-andaluza-que-elabora-el-mejor-queso-del-mundo\/\">Quesos y besos<\/a>, que en 2021 recibi\u00f3 el S\u00faper Oro absoluto en los<strong> World Cheese Awards<\/strong> por su queso Olavidia. Es decir, que fue escogido por el jurado como \u2018mejor queso del mundo\u2019 despu\u00e9s de catar m\u00e1s de 4.000 variedades internacionales.&nbsp;<\/p>\n\n\n\n<p>Silvia Pel\u00e1ez, responsable de esta queser\u00eda de Guarrom\u00e1n junto a su marido Paco Romero, coment\u00f3 en su momento a Escapada Rural que: \u201cNos presentamos para intentar conseguir alguna medallita o un oro, pero ganar el concurso jam\u00e1s pas\u00f3 por nuestra cabeza. Cuando nos lo comunicaron fue un momento inolvidable\u201d.<\/p>\n\n\n\n<p>Pero este no es el \u00fanico queso de nuestro pa\u00eds reconocido internacionalmente. Aunque no todos tienen premios, aqu\u00ed os dejamos una ruta para probar algunos de los mejores quesos de Espa\u00f1a. Por supuesto, no est\u00e1n todos, hay muchos m\u00e1s. <\/p>\n\n\n\n<h2 class=\"wp-block-heading\" id=\"h-andalucia\">Andaluc\u00eda<\/h2>\n\n\n\n<figure class=\"wp-block-image size-large\"><a href=\"https:\/\/www.escapadarural.com\/blog\/wp-content\/uploads\/AdobeStock_180044825-scaled.jpeg\"><img decoding=\"async\" src=\"https:\/\/www.escapadarural.com\/blog\/wp-content\/uploads\/2023\/02\/AdobeStock_180044825-1024x745-1.jpeg\" alt=\"Queso de cabra Payoya\" class=\"wp-image-58453\"\/><\/a><figcaption class=\"wp-element-caption\">Queso de cabra Payoya. Por joserpizarro<\/figcaption><\/figure>\n\n\n\n<p>El Olavidia est\u00e1 elaborado con leche de cabra, el m\u00e1s utilizado en Andaluc\u00eda para elaborar sus quesos debido a la gran producci\u00f3n de este alimento que hay en la comunidad. Algunos ejemplos son <strong>el queso Payoya <\/strong>propio de C\u00e1diz o el queso de <a href=\"https:\/\/www.escapadarural.com\/casas-rurales\/sierra-de-aracena-y-picos-de-aroche\">Aracena<\/a>, tambi\u00e9n conocido como \u2018queso sudado\u2019.&nbsp;<\/p>\n\n\n\n<h2 class=\"wp-block-heading\" id=\"h-extremadura\">Extremadura<\/h2>\n\n\n\n<figure class=\"wp-block-image size-large\"><a href=\"https:\/\/www.escapadarural.com\/blog\/wp-content\/uploads\/AdobeStock_178262050-1.jpg\"><img decoding=\"async\" src=\"https:\/\/www.escapadarural.com\/blog\/wp-content\/uploads\/2023\/02\/AdobeStock_178262050-1-1024x683-1.jpg\" alt=\"Torta del Casar\" class=\"wp-image-39236\"\/><\/a><figcaption class=\"wp-element-caption\">Torta del Casar. Por Isaphoto2016<\/figcaption><\/figure>\n\n\n\n<p>En Extremadura se elaboran dos de los m\u00e1s apreciados del territorio espa\u00f1ol: <strong>la Torta del Casar y el queso de bola de <\/strong><a href=\"https:\/\/www.escapadarural.com\/casas-rurales\/la-serena_zona-turistica\"><strong>La Serena<\/strong><\/a>. Este segundo se hace en la sierra que le da nombre con leche de oveja de la raza merina. Tiene una corteza dura y su sabor es fuerte y algo ahumado. El primero se elabora con el mismo tipo de leche y tiene una corteza dura que contiene una pasta suave. Se puede comer untado, rallado o en otras preparaciones como tartas.<\/p>\n\n\n\n<h2 class=\"wp-block-heading\" id=\"h-castilla-la-mancha\">Castilla-La Mancha<\/h2>\n\n\n\n<figure class=\"wp-block-image size-large\"><a href=\"https:\/\/www.escapadarural.com\/blog\/wp-content\/uploads\/queso-manchego.jpg\"><img decoding=\"async\" src=\"https:\/\/www.escapadarural.com\/blog\/wp-content\/uploads\/2023\/02\/queso-manchego-1024x682-1.jpg\" alt=\"Queso manchego curado \" class=\"wp-image-58436\"\/><\/a><figcaption class=\"wp-element-caption\">Queso manchego curado. Por Alex Manzanares<\/figcaption><\/figure>\n\n\n\n<p>Una de las <strong>regiones queseras por excelencia es Castilla-La Mancha<\/strong>. Es posible que el queso manchego sea uno de los m\u00e1s reconocidos a nivel internacional y, por supuesto, a nivel nacional. Est\u00e1 elaborado con leche de oveja de raza manchega y se caracteriza por su color que oscila entre el blanco y el marfil y porque puede tener \u2018peque\u00f1os ojos\u2019 en su corte. De all\u00ed tambi\u00e9n sale el<strong> <\/strong>queso ib\u00e9rico, muy consumido en todo el pa\u00eds, que est\u00e1 hecho con mezcla de varias leches (vaca, oveja y cabra).<\/p>\n\n\n\n<h2 class=\"wp-block-heading\" id=\"h-murcia\">Murcia<\/h2>\n\n\n\n<figure class=\"wp-block-image size-large\"><a href=\"https:\/\/www.escapadarural.com\/blog\/wp-content\/uploads\/queso-al-vino-murcia.jpg\"><img decoding=\"async\" src=\"https:\/\/www.escapadarural.com\/blog\/wp-content\/uploads\/2023\/02\/queso-al-vino-murcia-1024x656-1.jpg\" alt=\"Queso al vino, Murcia\" class=\"wp-image-58437\"\/><\/a><figcaption class=\"wp-element-caption\">Queso al vino, Murcia. Por barmalini<\/figcaption><\/figure>\n\n\n\n<p>El <strong>queso al vino es t\u00edpico de Murcia<\/strong>. Como su nombre indica, se trata de un queso que se elabora con leche de cabra murciano-granadina y cuya pasta es lisa y de color blanco marfil. Su corteza tiene color de vino tinto, porque durante el proceso de maduraci\u00f3n se lava con caldos con DOP de la regi\u00f3n como los de Jumilla, Yecla y Bullas.&nbsp;<\/p>\n\n\n\n<h2 class=\"wp-block-heading\" id=\"h-menorca\">Menorca<\/h2>\n\n\n\n<figure class=\"wp-block-image size-large\"><a href=\"https:\/\/www.escapadarural.com\/blog\/wp-content\/uploads\/AdobeStock_509687057-scaled.jpeg\"><img decoding=\"async\" src=\"https:\/\/www.escapadarural.com\/blog\/wp-content\/uploads\/2023\/02\/AdobeStock_509687057-1024x683-1.jpeg\" alt=\"queso Mah\u00f3n\" class=\"wp-image-54606\"\/><\/a><figcaption class=\"wp-element-caption\">Queso Mah\u00f3n. Por Concept Island<\/figcaption><\/figure>\n\n\n\n<p><a href=\"https:\/\/www.escapadarural.com\/casas-rurales\/menorca\">Menorca<\/a> ofrece otro de los quesos m\u00e1s apreciados por la gente: <strong>el de Mah\u00f3n<\/strong>. Est\u00e1 elaborado con leche de vaca, y se caracteriza por su sabor fuerte y a veces con un toque de nuez. Se trata de un queso curado que tiene una corteza amarillenta y rugosa, est\u00e1 cubierto con aceite o cera para protegerlo de la deshidrataci\u00f3n y su pasta es de color amarillo.&nbsp;<\/p>\n\n\n\n<h2 class=\"wp-block-heading\" id=\"h-castilla-y-leon\">Castilla y Le\u00f3n<\/h2>\n\n\n\n<figure class=\"wp-block-image size-large\"><a href=\"https:\/\/www.escapadarural.com\/blog\/wp-content\/uploads\/Chillon_Curado_-_Club_del_Queso_Mumumio_-_Septiembre_2012.jpg\"><img decoding=\"async\" src=\"https:\/\/www.escapadarural.com\/blog\/wp-content\/uploads\/2023\/02\/Chillon_Curado_-_Club_del_Queso_Mumumio_-_Septiembre_2012-1024x768-1.jpg\" alt=\"Queso zamorano\" class=\"wp-image-58438\"\/><\/a><figcaption class=\"wp-element-caption\">Queso zamorano. Por Mumum\u00edo<\/figcaption><\/figure>\n\n\n\n<p>Castilla y Le\u00f3n tambi\u00e9n es tierra de quesos. Uno de los m\u00e1s reconocidos es <strong>el queso zamorano<\/strong>, que se elabora con leche de oveja. Puede ser curado o semicurado y sabe fuerte, con un toque ligeramente picante. Uno de los quesos azules m\u00e1s representativos de Espa\u00f1a se fabrica precisamente en las monta\u00f1as de Le\u00f3n, en los Picos de Europa. Se trata del <strong>queso de <\/strong><a href=\"https:\/\/www.escapadarural.com\/casas-rurales\/valle-de-valdeon\"><strong>Valde\u00f3n<\/strong><\/a>, hecho con leche de vaca, cabra o la mezcla de ambas. Por supuesto, su sabor es muy intenso y suele comerse acompa\u00f1ado con pan o en salsa rebajado con leche o nata.<\/p>\n\n\n\n<p>\u00bfQui\u00e9n no ha probado alguna vez <strong>el queso fresco de Burgos<\/strong>? Presente en pr\u00e1cticamente todos los supermercados del pa\u00eds gracias a una marca bien conocida, es habitual en las ensaladas o las meriendas tradicionales acompa\u00f1ado de membrillo o mermelada, por poner dos ejemplos. Est\u00e1 elaborado con leche de vaca y su proceso de curaci\u00f3n no dura m\u00e1s de 15 d\u00edas. Es originario de la ciudad que le da nombre.<\/p>\n\n\n\n<h2 class=\"wp-block-heading\" id=\"h-navarra-y-pais-vasco\">Navarra y Pa\u00eds Vasco<\/h2>\n\n\n\n<figure class=\"wp-block-image size-large\"><a href=\"https:\/\/www.escapadarural.com\/blog\/wp-content\/uploads\/queso-idiazabal-scaled.jpg\"><img decoding=\"async\" src=\"https:\/\/www.escapadarural.com\/blog\/wp-content\/uploads\/2023\/02\/queso-idiazabal-1024x829-1.jpg\" alt=\"queso idiaz\u00e1bal, uno de los mejores quesos de Espa\u00f1a\" class=\"wp-image-58440\"\/><\/a><figcaption class=\"wp-element-caption\">Queso idiaz\u00e1bal, uno de los mejores quesos de Espa\u00f1a. Por carlos perez gomez<\/figcaption><\/figure>\n\n\n\n<p>El queso <a href=\"https:\/\/www.escapadarural.com\/casas-rurales\/valle-de-roncal\">Roncal<\/a> se produce en Navarra y es uno de los m\u00e1s conocidos y apreciados, tanto que ha ganado diversos concursos. Est\u00e1 elaborado con leche de vaca y puede ser curado o semicurado, su sabor es intenso y fuerte y su textura es firme y consistente. En la misma regi\u00f3n y tambi\u00e9n en el Pa\u00eds Vasco se elabora <strong>el queso Idiaz\u00e1bal,<\/strong> otro de los m\u00e1s conocidos y consumidos en Espa\u00f1a. Se hace a partir de leche de oveja, su sabor es intenso y ligeramente ahumado, por su proceso de elaboraci\u00f3n. Su textura es firme, su color amarillento y una corteza natural.<\/p>\n\n\n\n<h2 class=\"wp-block-heading\" id=\"h-asturias\">Asturias<\/h2>\n\n\n\n<figure class=\"wp-block-image size-full\"><a href=\"https:\/\/www.escapadarural.com\/blog\/wp-content\/uploads\/2023\/02\/cabrales-1.jpg\"><img decoding=\"async\" src=\"https:\/\/www.escapadarural.com\/blog\/wp-content\/uploads\/2023\/02\/cabrales-1.jpg\" alt=\"Queso Cabrales\" class=\"wp-image-24712\"\/><\/a><figcaption class=\"wp-element-caption\">Queso Cabrales. Por Sergio Mart\u00ednez<\/figcaption><\/figure>\n\n\n\n<p>Tambi\u00e9n por esas alturas, pero ya en la parte asturiana, se hace el queso azul que probablemente sea el m\u00e1s conocido de su tipo en Espa\u00f1a y m\u00e1s all\u00e1: <strong>el queso de <\/strong><a href=\"https:\/\/www.escapadarural.com\/casas-rurales\/cabrales\"><strong>Cabrales<\/strong><\/a>, que puede estar elaborado con leche de cabra, vaca, oveja o las tres a la vez. Dependiendo de cu\u00e1l sea la f\u00f3rmula y el tiempo de curaci\u00f3n ser\u00e1 m\u00e1s o menos intenso, pero siempre es fuerte y un poco picante. <\/p>\n\n\n\n<p>Tambi\u00e9n destaca <strong>el queso Cas\u00edn<\/strong>, que tiene el honor de ser el <a href=\"https:\/\/www.escapadarural.com\/blog\/el-casin-el-queso-mas-antiguo-de-europa\/\"><strong>m\u00e1s antiguo de Europa<\/strong><\/a>. Los municipios de Caso, Sobrescobio y Pilo\u00f1a son los que poseen su DOP y las primeras referencias documentales que se tienen del producto datan del siglo XIV. Se hace con leche de vaca de alta monta\u00f1a, su color es claro y su sabor fuerte, con un regusto picante.<\/p>\n\n\n\n<h2 class=\"wp-block-heading\" id=\"h-galicia\">Galicia<\/h2>\n\n\n\n<figure class=\"wp-block-image size-large\"><a href=\"https:\/\/www.escapadarural.com\/blog\/wp-content\/uploads\/queso-de-tetilla.jpg\"><img decoding=\"async\" src=\"https:\/\/www.escapadarural.com\/blog\/wp-content\/uploads\/2023\/02\/queso-de-tetilla-1024x682-1.jpg\" alt=\"Queso de tetilla\" class=\"wp-image-58441\"\/><\/a><figcaption class=\"wp-element-caption\">Queso de tetilla. Por Picture Partners<\/figcaption><\/figure>\n\n\n\n<p>En una lista de los mejores quesos del pa\u00eds no pueden faltar los gallegos. El <strong>queso Arz\u00faa-Ulloa<\/strong> se elabora en las comarcas que le dan nombre y tambi\u00e9n se lo conoce como queso de<strong> <\/strong>Lugo<strong> <\/strong>o queso de <a href=\"https:\/\/www.escapadarural.com\/casas-rurales\/chantada\">Chantada<\/a>. La leche que se utiliza para elaborarlo es de vaca y tiene un sabor suave y una textura untuosa. Hay que mencionar, por supuesto, <strong>el queso de tetilla<\/strong> \u2013se llama as\u00ed por su forma\u2013, elaborado tambi\u00e9n con leche de vaca, con un sabor suave y una textura cremosa.<\/p>\n\n\n\n<h2 class=\"wp-block-heading\" id=\"h-cataluna\">Catalu\u00f1a<\/h2>\n\n\n\n<figure class=\"wp-block-image size-large\"><a href=\"https:\/\/www.escapadarural.com\/blog\/wp-content\/uploads\/mel-i-mato.jpg\"><img decoding=\"async\" src=\"https:\/\/www.escapadarural.com\/blog\/wp-content\/uploads\/2023\/02\/mel-i-mato-1024x682-1.jpg\" alt=\"Quesos de Espa\u00f1a: Mel i mat\u00f3\" class=\"wp-image-58442\"\/><\/a><figcaption class=\"wp-element-caption\">Quesos de Espa\u00f1a: Mel i mat\u00f3, postre t\u00edpico catal\u00e1n. Por nito<\/figcaption><\/figure>\n\n\n\n<p>Catalu\u00f1a aparece en esta enumeraci\u00f3n con varios quesos. Uno es el de<strong> La Garrotxa<\/strong>, elaborado con leche de cabra y que puede estar curado o semicurado. <strong>El mat\u00f3 es un queso fresco<\/strong> elaborado a partir de leche de vaca o cabra similar al reques\u00f3n, aunque no son lo mismo. Tambi\u00e9n se le llama<strong> <\/strong>queso brossat o Brull. Completa la enumeraci\u00f3n el queso de <a href=\"https:\/\/www.escapadarural.com\/casas-rurales\/la-segarra\">La Segarra<\/a>, elaborado con leche de cabra y propio de la comarca de Lleida que le da nombre.<\/p>\n\n\n\n<p>Teniendo en cuenta la riqueza y variedad de quesos con la que cuenta Espa\u00f1a, en esta lista faltan muchos. \u00bfCu\u00e1les son los preferidos de los lectores y lectoras?<\/p>\n\n\n\n<h2 class=\"wp-block-heading\" id=\"h-mira-mas-propuestas-de-turismo-rural-y-gastronomia\">Mira m\u00e1s propuestas de turismo rural y gastronom\u00eda<\/h2>\n\n\n<section class=\"wp-block-ub-post-grid ub-block-post-grid align  is-equal-height preserve-post-image-aspect-ratio\" style=\"\" id=\"ub-post-grid-\"><div class=\"ub-post-grid-items is-list\" style=\"row-gap: 32px; column-gap: 32px; \"><article id=\"post-214017\" class=\"ub-post-grid-item post-214017 post type-post status-publish format-standard has-post-thumbnail hentry category-arte-y-cultura tag-caviar tag-espana tag-familia tag-gastronomia tag-que-ver-en-granada tag-grupos tag-que-ver-en-huesca tag-listado tag-que-ver-en-lleida tag-pareja tag-que-ver-en-teruel\" style=\"\"><div class=\"ub-block-post-grid-image\" style=\"\"><a href=\"https:\/\/www.escapadarural.com\/blog\/pueblos-productores-de-caviar-espana\/\" rel=\"bookmark\" aria-hidden=\"true\" tabindex=\"-1\"><img loading=\"lazy\" decoding=\"async\" width=\"2048\" height=\"1365\" src=\"https:\/\/www.escapadarural.com\/blog\/wp-content\/uploads\/2026\/02\/AdobeStock_214591702-scaled.jpeg\" class=\"attachment-full size-full\" alt=\"Caviar. Por Natalia Lisovskaya\" style=\"max-width: 600px; \" srcset=\"https:\/\/www.escapadarural.com\/blog\/wp-content\/uploads\/2026\/02\/AdobeStock_214591702-200x133.jpeg 200w, https:\/\/www.escapadarural.com\/blog\/wp-content\/uploads\/2026\/02\/AdobeStock_214591702-300x200.jpeg 300w, https:\/\/www.escapadarural.com\/blog\/wp-content\/uploads\/2026\/02\/AdobeStock_214591702-400x267.jpeg 400w, https:\/\/www.escapadarural.com\/blog\/wp-content\/uploads\/2026\/02\/AdobeStock_214591702-600x400.jpeg 600w, https:\/\/www.escapadarural.com\/blog\/wp-content\/uploads\/2026\/02\/AdobeStock_214591702-768x512.jpeg 768w, https:\/\/www.escapadarural.com\/blog\/wp-content\/uploads\/2026\/02\/AdobeStock_214591702-800x533.jpeg 800w, https:\/\/www.escapadarural.com\/blog\/wp-content\/uploads\/2026\/02\/AdobeStock_214591702-1024x683.jpeg 1024w, https:\/\/www.escapadarural.com\/blog\/wp-content\/uploads\/2026\/02\/AdobeStock_214591702-1200x800.jpeg 1200w, https:\/\/www.escapadarural.com\/blog\/wp-content\/uploads\/2026\/02\/AdobeStock_214591702-1536x1024.jpeg 1536w, https:\/\/www.escapadarural.com\/blog\/wp-content\/uploads\/2026\/02\/AdobeStock_214591702-scaled.jpeg 2048w\" sizes=\"auto, (max-width: 2048px) 100vw, 2048px\"><\/a><\/div><div class=\"ub-block-post-grid-text\" style=\"\"><div class=\"ub-block-post-grid-header-content\"><header class=\"ub-block-post-grid-header\"><h3 class=\"ub-block-post-grid-title\"><a style=\"\" href=\"https:\/\/www.escapadarural.com\/blog\/pueblos-productores-de-caviar-espana\/\" rel=\"bookmark\">Caviar con \u2018D.O. Espa\u00f1a\u2019: los pueblos espa\u00f1oles que producen oro negro<\/a><\/h3><\/header><\/div><div class=\"ub-block-post-grid-excerpt\"><div class=\"ub-block-post-grid-excerpt-text\" style=\"\"><p>\u00bfSab\u00edas que se elabora este \u00aboro negro\u00bb en los Pirineos, en Teruel y en Granada? Ofrecen visitas guiadas para conocer a fondo el caviar<\/p>\n<\/div><\/div><\/div><\/article>\n<article id=\"post-58459\" class=\"ub-post-grid-item post-58459 post type-post status-publish format-standard has-post-thumbnail hentry category-arte-y-cultura category-destinos tag-que-ver-en-a-coruna tag-amigos tag-que-ver-en-badajoz tag-que-ver-en-barcelona tag-familia tag-gastronomia tag-listado tag-que-ver-en-madrid tag-que-ver-en-navarra tag-tortilla-de-patata\" style=\"\"><div class=\"ub-block-post-grid-image\" style=\"\"><a href=\"https:\/\/www.escapadarural.com\/blog\/las-mejores-tortillas-de-patatas\/\" rel=\"bookmark\" aria-hidden=\"true\" tabindex=\"-1\"><img loading=\"lazy\" decoding=\"async\" width=\"2048\" height=\"1371\" src=\"https:\/\/www.escapadarural.com\/blog\/wp-content\/uploads\/2024\/03\/00_TortillaPatatas_Ossobuko_AdobeStock_136161607-scaled.jpeg\" class=\"attachment-full size-full\" alt=\"Picho de tortilla de patatas.\" style=\"max-width: 600px; \" srcset=\"https:\/\/www.escapadarural.com\/blog\/wp-content\/uploads\/2024\/03\/00_TortillaPatatas_Ossobuko_AdobeStock_136161607-200x134.jpeg 200w, https:\/\/www.escapadarural.com\/blog\/wp-content\/uploads\/2024\/03\/00_TortillaPatatas_Ossobuko_AdobeStock_136161607-300x201.jpeg 300w, https:\/\/www.escapadarural.com\/blog\/wp-content\/uploads\/2024\/03\/00_TortillaPatatas_Ossobuko_AdobeStock_136161607-400x268.jpeg 400w, https:\/\/www.escapadarural.com\/blog\/wp-content\/uploads\/2024\/03\/00_TortillaPatatas_Ossobuko_AdobeStock_136161607-600x402.jpeg 600w, https:\/\/www.escapadarural.com\/blog\/wp-content\/uploads\/2024\/03\/00_TortillaPatatas_Ossobuko_AdobeStock_136161607-768x514.jpeg 768w, https:\/\/www.escapadarural.com\/blog\/wp-content\/uploads\/2024\/03\/00_TortillaPatatas_Ossobuko_AdobeStock_136161607-800x535.jpeg 800w, https:\/\/www.escapadarural.com\/blog\/wp-content\/uploads\/2024\/03\/00_TortillaPatatas_Ossobuko_AdobeStock_136161607-1024x685.jpeg 1024w, https:\/\/www.escapadarural.com\/blog\/wp-content\/uploads\/2024\/03\/00_TortillaPatatas_Ossobuko_AdobeStock_136161607-1200x803.jpeg 1200w, https:\/\/www.escapadarural.com\/blog\/wp-content\/uploads\/2024\/03\/00_TortillaPatatas_Ossobuko_AdobeStock_136161607-1536x1028.jpeg 1536w, https:\/\/www.escapadarural.com\/blog\/wp-content\/uploads\/2024\/03\/00_TortillaPatatas_Ossobuko_AdobeStock_136161607-scaled.jpeg 2048w\" sizes=\"auto, (max-width: 2048px) 100vw, 2048px\"><\/a><\/div><div class=\"ub-block-post-grid-text\" style=\"\"><div class=\"ub-block-post-grid-header-content\"><header class=\"ub-block-post-grid-header\"><h3 class=\"ub-block-post-grid-title\"><a style=\"\" href=\"https:\/\/www.escapadarural.com\/blog\/las-mejores-tortillas-de-patatas\/\" rel=\"bookmark\">5 destinos para probar las mejores tortillas de patatas de Espa\u00f1a<\/a><\/h3><\/header><\/div><div class=\"ub-block-post-grid-excerpt\"><div class=\"ub-block-post-grid-excerpt-text\" style=\"\"><p>De la jugosa tortilla de Betanzos al estilo \u00fanico de Lesaka: descubre 5 destinos rurales para celebrar el D\u00eda de la Tortilla por todo lo alto<\/p>\n<\/div><\/div><\/div><\/article>\n<article id=\"post-210641\" class=\"ub-post-grid-item post-210641 post type-post status-publish format-standard has-post-thumbnail hentry category-arte-y-cultura category-destinos tag-albufera-de-valencia tag-amigos tag-que-ver-en-cadiz tag-castalla tag-cocina-espanola tag-espana tag-familia tag-gastronomia tag-que-ver-en-girona tag-que-ver-en-guipuzcoa tag-pareja tag-podcast tag-que-ver-en-valencia\" style=\"\"><div class=\"ub-block-post-grid-image\" style=\"\"><a href=\"https:\/\/www.escapadarural.com\/blog\/cosas-solo-comeras-si-vas-estos-pueblos\/\" rel=\"bookmark\" aria-hidden=\"true\" tabindex=\"-1\"><img loading=\"lazy\" decoding=\"async\" width=\"1024\" height=\"684\" src=\"https:\/\/www.escapadarural.com\/blog\/wp-content\/uploads\/2023\/02\/AdobeStock_493313837.webp\" class=\"attachment-full size-full\" alt=\"Gazpachos manchegos con caracoles. Por Carbonero Stock\" style=\"max-width: 600px; \" srcset=\"https:\/\/www.escapadarural.com\/blog\/wp-content\/uploads\/2023\/02\/AdobeStock_493313837-200x134.webp 200w, https:\/\/www.escapadarural.com\/blog\/wp-content\/uploads\/2023\/02\/AdobeStock_493313837-300x200.webp 300w, https:\/\/www.escapadarural.com\/blog\/wp-content\/uploads\/2023\/02\/AdobeStock_493313837-400x267.webp 400w, https:\/\/www.escapadarural.com\/blog\/wp-content\/uploads\/2023\/02\/AdobeStock_493313837-600x401.webp 600w, https:\/\/www.escapadarural.com\/blog\/wp-content\/uploads\/2023\/02\/AdobeStock_493313837-768x513.webp 768w, https:\/\/www.escapadarural.com\/blog\/wp-content\/uploads\/2023\/02\/AdobeStock_493313837-800x534.webp 800w, https:\/\/www.escapadarural.com\/blog\/wp-content\/uploads\/2023\/02\/AdobeStock_493313837.webp 1024w\" sizes=\"auto, (max-width: 1024px) 100vw, 1024px\"><\/a><\/div><div class=\"ub-block-post-grid-text\" style=\"\"><div class=\"ub-block-post-grid-header-content\"><header class=\"ub-block-post-grid-header\"><h3 class=\"ub-block-post-grid-title\"><a style=\"\" href=\"https:\/\/www.escapadarural.com\/blog\/cosas-solo-comeras-si-vas-estos-pueblos\/\" rel=\"bookmark\">Cosas que solo comer\u00e1s si vas a estos pueblos<\/a><\/h3><\/header><\/div><div class=\"ub-block-post-grid-excerpt\"><div class=\"ub-block-post-grid-excerpt-text\" style=\"\"><p>\u00bfConoces la urta a la rote\u00f1a? \u00bfY los figatells, el mondeju o Es Niu? Son platos t\u00edpicos de pueblos o zonas rurales muy concretas\u2026<\/p>\n<\/div><\/div><\/div><\/article>\n<article id=\"post-211588\" class=\"ub-post-grid-item post-211588 post type-post status-publish format-standard has-post-thumbnail hentry category-arte-y-cultura category-destinos tag-aielo-de-malferit tag-coca-cola tag-que-ver-en-la-comunidad-valenciana tag-familia tag-gastronomia tag-grupos tag-historia tag-pareja tag-podcast tag-pueblos tag-que-ver-en-valencia\" style=\"\"><div class=\"ub-block-post-grid-image\" style=\"\"><a href=\"https:\/\/www.escapadarural.com\/blog\/aielo-de-malferit-coca-cola\/\" rel=\"bookmark\" aria-hidden=\"true\" tabindex=\"-1\"><img loading=\"lazy\" decoding=\"async\" width=\"1536\" height=\"1090\" src=\"https:\/\/www.escapadarural.com\/blog\/wp-content\/uploads\/2025\/12\/hero-cola-1536x1090-1.png\" class=\"attachment-full size-full\" alt=\"La bebida Nuez de Kola Coca. Por Destiler\u00edas Ayelo\" style=\"max-width: 600px; \" srcset=\"https:\/\/www.escapadarural.com\/blog\/wp-content\/uploads\/2025\/12\/hero-cola-1536x1090-1-200x142.png 200w, https:\/\/www.escapadarural.com\/blog\/wp-content\/uploads\/2025\/12\/hero-cola-1536x1090-1-300x213.png 300w, https:\/\/www.escapadarural.com\/blog\/wp-content\/uploads\/2025\/12\/hero-cola-1536x1090-1-400x284.png 400w, https:\/\/www.escapadarural.com\/blog\/wp-content\/uploads\/2025\/12\/hero-cola-1536x1090-1-600x426.png 600w, https:\/\/www.escapadarural.com\/blog\/wp-content\/uploads\/2025\/12\/hero-cola-1536x1090-1-768x545.png 768w, https:\/\/www.escapadarural.com\/blog\/wp-content\/uploads\/2025\/12\/hero-cola-1536x1090-1-800x568.png 800w, https:\/\/www.escapadarural.com\/blog\/wp-content\/uploads\/2025\/12\/hero-cola-1536x1090-1-1024x727.png 1024w, https:\/\/www.escapadarural.com\/blog\/wp-content\/uploads\/2025\/12\/hero-cola-1536x1090-1-1200x852.png 1200w, https:\/\/www.escapadarural.com\/blog\/wp-content\/uploads\/2025\/12\/hero-cola-1536x1090-1.png 1536w\" sizes=\"auto, (max-width: 1536px) 100vw, 1536px\"><\/a><\/div><div class=\"ub-block-post-grid-text\" style=\"\"><div class=\"ub-block-post-grid-header-content\"><header class=\"ub-block-post-grid-header\"><h3 class=\"ub-block-post-grid-title\"><a style=\"\" href=\"https:\/\/www.escapadarural.com\/blog\/aielo-de-malferit-coca-cola\/\" rel=\"bookmark\">El pueblo valenciano que invent\u00f3 la Coca-Cola<\/a><\/h3><\/header><\/div><div class=\"ub-block-post-grid-excerpt\"><div class=\"ub-block-post-grid-excerpt-text\" style=\"\"><p>Entre monta\u00f1as, naci\u00f3 la \u2018Nuez de Kola-Coca\u2019. Te contamos la relaci\u00f3n que tiene con la famosa bebida de los EEUU<\/p>\n<\/div><\/div><\/div><\/article>\n<article id=\"post-211764\" class=\"ub-post-grid-item post-211764 post type-post status-publish format-standard has-post-thumbnail hentry category-alojamientos-rurales category-destinos tag-que-ver-en-andalucia tag-que-ver-en-asturias tag-que-ver-en-burgos tag-que-ver-en-cataluna tag-cuevas tag-familia tag-furancho tag-que-ver-en-galicia tag-gastronomia tag-guachinches tag-jerez tag-la-mancha tag-que-ver-en-la-rioja tag-que-ver-en-leon tag-llagares tag-masias tag-que-ver-en-pais-vasco tag-pareja tag-sidrerias tag-tabancos tag-tabernas tag-tenerife tag-ventas tag-ventorros\" style=\"\"><div class=\"ub-block-post-grid-image\" style=\"\"><a href=\"https:\/\/www.escapadarural.com\/blog\/furanchos-guachinches-templos-clandestinos-gastronomia-rural\/\" rel=\"bookmark\" aria-hidden=\"true\" tabindex=\"-1\"><img loading=\"lazy\" decoding=\"async\" width=\"960\" height=\"640\" src=\"https:\/\/www.escapadarural.com\/blog\/wp-content\/uploads\/2024\/10\/guachinche-romance.jpg\" class=\"attachment-full size-full\" alt=\"Guachinche Romance, en La Orotava (Tenerife).\" style=\"max-width: 600px; \" srcset=\"https:\/\/www.escapadarural.com\/blog\/wp-content\/uploads\/2024\/10\/guachinche-romance-200x133.jpg 200w, https:\/\/www.escapadarural.com\/blog\/wp-content\/uploads\/2024\/10\/guachinche-romance-300x200.jpg 300w, https:\/\/www.escapadarural.com\/blog\/wp-content\/uploads\/2024\/10\/guachinche-romance-400x267.jpg 400w, https:\/\/www.escapadarural.com\/blog\/wp-content\/uploads\/2024\/10\/guachinche-romance-600x400.jpg 600w, https:\/\/www.escapadarural.com\/blog\/wp-content\/uploads\/2024\/10\/guachinche-romance-768x512.jpg 768w, https:\/\/www.escapadarural.com\/blog\/wp-content\/uploads\/2024\/10\/guachinche-romance-800x533.jpg 800w, https:\/\/www.escapadarural.com\/blog\/wp-content\/uploads\/2024\/10\/guachinche-romance.jpg 960w\" sizes=\"auto, (max-width: 960px) 100vw, 960px\"><\/a><\/div><div class=\"ub-block-post-grid-text\" style=\"\"><div class=\"ub-block-post-grid-header-content\"><header class=\"ub-block-post-grid-header\"><h3 class=\"ub-block-post-grid-title\"><a style=\"\" href=\"https:\/\/www.escapadarural.com\/blog\/furanchos-guachinches-templos-clandestinos-gastronomia-rural\/\" rel=\"bookmark\">El sabor de lo aut\u00e9ntico: furanchos, guachinches y otros templos casi clandestinos de la gastronom\u00eda rural en Espa\u00f1a<\/a><\/h3><\/header><\/div><div class=\"ub-block-post-grid-excerpt\"><div class=\"ub-block-post-grid-excerpt-text\" style=\"\"><p>Rincones gastron\u00f3micos rurales donde a\u00fan pervive la cocina m\u00e1s aut\u00e9ntica de Espa\u00f1a: vino casero, cocina aut\u00e9ntica y alojamientos con encanto<\/p>\n<\/div><\/div><\/div><\/article>\n<article id=\"post-210336\" class=\"ub-post-grid-item post-210336 post type-post status-publish format-standard has-post-thumbnail hentry category-destinos tag-que-ver-en-alicante tag-que-ver-en-la-comunidad-valenciana tag-denia tag-gastronomia tag-polp-sec tag-pulpo-a-feira tag-pulpo-seco\" style=\"\"><div class=\"ub-block-post-grid-image\" style=\"\"><a href=\"https:\/\/www.escapadarural.com\/blog\/polp-sec-pulpo-tendido-denia\/\" rel=\"bookmark\" aria-hidden=\"true\" tabindex=\"-1\"><img loading=\"lazy\" decoding=\"async\" width=\"1024\" height=\"683\" src=\"https:\/\/www.escapadarural.com\/blog\/wp-content\/uploads\/2025\/11\/AdobeStock_330586130.webp\" class=\"attachment-full size-full\" alt=\"Una mujer fotograf\u00eda pulpos tendidos en D\u00e9nia. Por Jes\u00fas de Fuensanta\" style=\"max-width: 600px; \" srcset=\"https:\/\/www.escapadarural.com\/blog\/wp-content\/uploads\/2025\/11\/AdobeStock_330586130-200x133.webp 200w, https:\/\/www.escapadarural.com\/blog\/wp-content\/uploads\/2025\/11\/AdobeStock_330586130-300x200.webp 300w, https:\/\/www.escapadarural.com\/blog\/wp-content\/uploads\/2025\/11\/AdobeStock_330586130-400x267.webp 400w, https:\/\/www.escapadarural.com\/blog\/wp-content\/uploads\/2025\/11\/AdobeStock_330586130-600x400.webp 600w, https:\/\/www.escapadarural.com\/blog\/wp-content\/uploads\/2025\/11\/AdobeStock_330586130-768x512.webp 768w, https:\/\/www.escapadarural.com\/blog\/wp-content\/uploads\/2025\/11\/AdobeStock_330586130-800x534.webp 800w, https:\/\/www.escapadarural.com\/blog\/wp-content\/uploads\/2025\/11\/AdobeStock_330586130.webp 1024w\" sizes=\"auto, (max-width: 1024px) 100vw, 1024px\"><\/a><\/div><div class=\"ub-block-post-grid-text\" style=\"\"><div class=\"ub-block-post-grid-header-content\"><header class=\"ub-block-post-grid-header\"><h3 class=\"ub-block-post-grid-title\"><a style=\"\" href=\"https:\/\/www.escapadarural.com\/blog\/polp-sec-pulpo-tendido-denia\/\" rel=\"bookmark\">No todo el pulpo es gallego: as\u00ed es el que se tiende en D\u00e9nia<\/a><\/h3><\/header><\/div><div class=\"ub-block-post-grid-excerpt\"><div class=\"ub-block-post-grid-excerpt-text\" style=\"\"><p>Entre oto\u00f1o y primavera, es habitual ver pulpos tendidos en los alrededores de los restaurantes de D\u00e9nia. \u00a1Descubre esta pr\u00e1ctica tradicional!<\/p>\n<\/div><\/div><\/div><\/article>\n<article id=\"post-209179\" class=\"ub-post-grid-item post-209179 post type-post status-publish format-standard has-post-thumbnail hentry category-destinos tag-que-ver-en-barcelona tag-bosques tag-que-ver-en-castilla-y-leon tag-que-ver-en-galicia tag-gastronomia tag-que-ver-en-huesca tag-listado tag-que-ver-en-madrid tag-montseny tag-que-ver-en-navarra tag-otono tag-pirineo-aragones tag-selva-de-irati tag-setas tag-sierra-de-guadarrama\" style=\"\"><div class=\"ub-block-post-grid-image\" style=\"\"><a href=\"https:\/\/www.escapadarural.com\/blog\/cada-seta-en-su-bosque\/\" rel=\"bookmark\" aria-hidden=\"true\" tabindex=\"-1\"><img loading=\"lazy\" decoding=\"async\" width=\"1200\" height=\"800\" src=\"https:\/\/www.escapadarural.com\/blog\/wp-content\/uploads\/2025\/10\/00_Setas_Fox17_AdobeStock_89822690_WP01.webp\" class=\"attachment-full size-full\" alt=\"El oto\u00f1o es la \u00e9poca perfecta para recoger setas en Espa\u00f1a.\" style=\"max-width: 600px; \" srcset=\"https:\/\/www.escapadarural.com\/blog\/wp-content\/uploads\/2025\/10\/00_Setas_Fox17_AdobeStock_89822690_WP01-200x133.webp 200w, https:\/\/www.escapadarural.com\/blog\/wp-content\/uploads\/2025\/10\/00_Setas_Fox17_AdobeStock_89822690_WP01-300x200.webp 300w, https:\/\/www.escapadarural.com\/blog\/wp-content\/uploads\/2025\/10\/00_Setas_Fox17_AdobeStock_89822690_WP01-400x267.webp 400w, https:\/\/www.escapadarural.com\/blog\/wp-content\/uploads\/2025\/10\/00_Setas_Fox17_AdobeStock_89822690_WP01-600x400.webp 600w, https:\/\/www.escapadarural.com\/blog\/wp-content\/uploads\/2025\/10\/00_Setas_Fox17_AdobeStock_89822690_WP01-768x512.webp 768w, https:\/\/www.escapadarural.com\/blog\/wp-content\/uploads\/2025\/10\/00_Setas_Fox17_AdobeStock_89822690_WP01-800x533.webp 800w, https:\/\/www.escapadarural.com\/blog\/wp-content\/uploads\/2025\/10\/00_Setas_Fox17_AdobeStock_89822690_WP01-1024x683.webp 1024w, https:\/\/www.escapadarural.com\/blog\/wp-content\/uploads\/2025\/10\/00_Setas_Fox17_AdobeStock_89822690_WP01.webp 1200w\" sizes=\"auto, (max-width: 1200px) 100vw, 1200px\"><\/a><\/div><div class=\"ub-block-post-grid-text\" style=\"\"><div class=\"ub-block-post-grid-header-content\"><header class=\"ub-block-post-grid-header\"><h3 class=\"ub-block-post-grid-title\"><a style=\"\" href=\"https:\/\/www.escapadarural.com\/blog\/cada-seta-en-su-bosque\/\" rel=\"bookmark\">Cada seta en su bosque: cinco variedades muy apetitosas y cinco lugares donde puedes encontrarlas<\/a><\/h3><\/header><\/div><div class=\"ub-block-post-grid-excerpt\"><div class=\"ub-block-post-grid-excerpt-text\" style=\"\"><p>N\u00edscalos, boletus, rebozuelos\u2026 Te sugerimos cinco bosques de Espa\u00f1a donde puedes encontrar algunas de las setas m\u00e1s apreciadas. \u00a1A buscar!<\/p>\n<\/div><\/div><\/div><\/article>\n<article id=\"post-208814\" class=\"ub-post-grid-item post-208814 post type-post status-publish format-standard has-post-thumbnail hentry category-destinos tag-experiencias-gastronomicas tag-gastronomia tag-que-ver-en-navarra tag-recomendaciones\" style=\"\"><div class=\"ub-block-post-grid-image\" style=\"\"><a href=\"https:\/\/www.escapadarural.com\/blog\/experiencias-gastronomicas-navarra\/\" rel=\"bookmark\" aria-hidden=\"true\" tabindex=\"-1\"><img loading=\"lazy\" decoding=\"async\" width=\"1200\" height=\"800\" src=\"https:\/\/www.escapadarural.com\/blog\/wp-content\/uploads\/2025\/09\/Queso-y-pastoreo-en-las-Malloas.webp\" class=\"attachment-full size-full\" alt=\"Queso y pastoreo en las Malloas, Navarra\" style=\"max-width: 600px; \" srcset=\"https:\/\/www.escapadarural.com\/blog\/wp-content\/uploads\/2025\/09\/Queso-y-pastoreo-en-las-Malloas-200x133.webp 200w, https:\/\/www.escapadarural.com\/blog\/wp-content\/uploads\/2025\/09\/Queso-y-pastoreo-en-las-Malloas-300x200.webp 300w, https:\/\/www.escapadarural.com\/blog\/wp-content\/uploads\/2025\/09\/Queso-y-pastoreo-en-las-Malloas-400x267.webp 400w, https:\/\/www.escapadarural.com\/blog\/wp-content\/uploads\/2025\/09\/Queso-y-pastoreo-en-las-Malloas-600x400.webp 600w, https:\/\/www.escapadarural.com\/blog\/wp-content\/uploads\/2025\/09\/Queso-y-pastoreo-en-las-Malloas-768x512.webp 768w, https:\/\/www.escapadarural.com\/blog\/wp-content\/uploads\/2025\/09\/Queso-y-pastoreo-en-las-Malloas-800x533.webp 800w, https:\/\/www.escapadarural.com\/blog\/wp-content\/uploads\/2025\/09\/Queso-y-pastoreo-en-las-Malloas-1024x683.webp 1024w, https:\/\/www.escapadarural.com\/blog\/wp-content\/uploads\/2025\/09\/Queso-y-pastoreo-en-las-Malloas.webp 1200w\" sizes=\"auto, (max-width: 1200px) 100vw, 1200px\"><\/a><\/div><div class=\"ub-block-post-grid-text\" style=\"\"><div class=\"ub-block-post-grid-header-content\"><header class=\"ub-block-post-grid-header\"><h3 class=\"ub-block-post-grid-title\"><a style=\"\" href=\"https:\/\/www.escapadarural.com\/blog\/experiencias-gastronomicas-navarra\/\" rel=\"bookmark\">Experiencias gastron\u00f3micas de Navarra que no puedes contar<\/a><\/h3><\/header><\/div><div class=\"ub-block-post-grid-excerpt\"><div class=\"ub-block-post-grid-excerpt-text\" style=\"\"><p>Navarra es un destino para beber, comer y callar. No porque est\u00e9 prohibido hablar durante las comidas o las cenas, sino porque al volver a casa no hay que compartir demasiado las joyas gastron\u00f3micas que se han descubierto en esta tierra\u2026 porque la magia est\u00e1 en que es un lugar que no se conoce mucho,\u2026<\/p>\n<\/div><\/div><\/div><\/article>\n<article id=\"post-208586\" class=\"ub-post-grid-item post-208586 post type-post status-publish format-standard has-post-thumbnail hentry category-destinos tag-que-ver-en-albacete tag-que-ver-en-alicante tag-que-ver-en-cantabria tag-gastronomia tag-que-ver-en-granada tag-que-ver-en-guipuzcoa tag-que-ver-en-leon tag-que-ver-en-murcia\" style=\"\"><div class=\"ub-block-post-grid-image\" style=\"\"><a href=\"https:\/\/www.escapadarural.com\/blog\/excusas-dulces-para-alargar-el-verano\/\" rel=\"bookmark\" aria-hidden=\"true\" tabindex=\"-1\"><img loading=\"lazy\" decoding=\"async\" width=\"1200\" height=\"797\" src=\"https:\/\/www.escapadarural.com\/blog\/wp-content\/uploads\/2025\/09\/Unquera2.webp\" class=\"attachment-full size-full\" alt=\"Unquera, Val de San Vicente. Cantabria\" style=\"max-width: 600px; \" srcset=\"https:\/\/www.escapadarural.com\/blog\/wp-content\/uploads\/2025\/09\/Unquera2-200x133.webp 200w, https:\/\/www.escapadarural.com\/blog\/wp-content\/uploads\/2025\/09\/Unquera2-300x199.webp 300w, https:\/\/www.escapadarural.com\/blog\/wp-content\/uploads\/2025\/09\/Unquera2-400x266.webp 400w, https:\/\/www.escapadarural.com\/blog\/wp-content\/uploads\/2025\/09\/Unquera2-600x399.webp 600w, https:\/\/www.escapadarural.com\/blog\/wp-content\/uploads\/2025\/09\/Unquera2-768x510.webp 768w, https:\/\/www.escapadarural.com\/blog\/wp-content\/uploads\/2025\/09\/Unquera2-800x531.webp 800w, https:\/\/www.escapadarural.com\/blog\/wp-content\/uploads\/2025\/09\/Unquera2-1024x680.webp 1024w, https:\/\/www.escapadarural.com\/blog\/wp-content\/uploads\/2025\/09\/Unquera2.webp 1200w\" sizes=\"auto, (max-width: 1200px) 100vw, 1200px\"><\/a><\/div><div class=\"ub-block-post-grid-text\" style=\"\"><div class=\"ub-block-post-grid-header-content\"><header class=\"ub-block-post-grid-header\"><h3 class=\"ub-block-post-grid-title\"><a style=\"\" href=\"https:\/\/www.escapadarural.com\/blog\/excusas-dulces-para-alargar-el-verano\/\" rel=\"bookmark\">7 destinos que guardan secretos dulces<\/a><\/h3><\/header><\/div><div class=\"ub-block-post-grid-excerpt\"><div class=\"ub-block-post-grid-excerpt-text\" style=\"\"><p>El oto\u00f1o empieza cuando t\u00fa decides que empiece. Y, seamos sinceros, pocas cosas acompa\u00f1an mejor estos d\u00edas que un buen postre en la plaza de un pueblo con encanto. Da igual que la rutina ya haya vuelto o que el calendario marque octubre, mientras tengas un hojaldre reci\u00e9n horneado en una mano y un caf\u00e9\u2026<\/p>\n<\/div><\/div><\/div><\/article>\n<article id=\"post-208313\" class=\"ub-post-grid-item post-208313 post type-post status-publish format-standard has-post-thumbnail hentry category-destinos tag-costa-del-sol tag-experiencias-gastronomicas tag-familia tag-frigiliana tag-gastronomia tag-que-ver-en-malaga tag-otono tag-recomendaciones tag-ronda tag-rutas-gastronomicas\" style=\"\"><div class=\"ub-block-post-grid-image\" style=\"\"><a href=\"https:\/\/www.escapadarural.com\/blog\/experiencias-gastronomicas-otono-costa-del-sol\/\" rel=\"bookmark\" aria-hidden=\"true\" tabindex=\"-1\"><img loading=\"lazy\" decoding=\"async\" width=\"1200\" height=\"641\" src=\"https:\/\/www.escapadarural.com\/blog\/wp-content\/uploads\/2025\/09\/Valle-del-Genal.webp\" class=\"attachment-full size-full\" alt=\"Serran\u00eda de Ronda. M\u00e1laga\" style=\"max-width: 600px; \" srcset=\"https:\/\/www.escapadarural.com\/blog\/wp-content\/uploads\/2025\/09\/Valle-del-Genal-200x107.webp 200w, https:\/\/www.escapadarural.com\/blog\/wp-content\/uploads\/2025\/09\/Valle-del-Genal-300x160.webp 300w, https:\/\/www.escapadarural.com\/blog\/wp-content\/uploads\/2025\/09\/Valle-del-Genal-400x214.webp 400w, https:\/\/www.escapadarural.com\/blog\/wp-content\/uploads\/2025\/09\/Valle-del-Genal-600x321.webp 600w, https:\/\/www.escapadarural.com\/blog\/wp-content\/uploads\/2025\/09\/Valle-del-Genal-768x410.webp 768w, https:\/\/www.escapadarural.com\/blog\/wp-content\/uploads\/2025\/09\/Valle-del-Genal-800x427.webp 800w, https:\/\/www.escapadarural.com\/blog\/wp-content\/uploads\/2025\/09\/Valle-del-Genal-1024x547.webp 1024w, https:\/\/www.escapadarural.com\/blog\/wp-content\/uploads\/2025\/09\/Valle-del-Genal.webp 1200w\" sizes=\"auto, (max-width: 1200px) 100vw, 1200px\"><\/a><\/div><div class=\"ub-block-post-grid-text\" style=\"\"><div class=\"ub-block-post-grid-header-content\"><header class=\"ub-block-post-grid-header\"><h3 class=\"ub-block-post-grid-title\"><a style=\"\" href=\"https:\/\/www.escapadarural.com\/blog\/experiencias-gastronomicas-otono-costa-del-sol\/\" rel=\"bookmark\">Experiencias gastron\u00f3micas: lo que tienes que probar s\u00ed o s\u00ed durante tu escapada en oto\u00f1o a la Costa del Sol<\/a><\/h3><\/header><\/div><div class=\"ub-block-post-grid-excerpt\"><div class=\"ub-block-post-grid-excerpt-text\" style=\"\"><p>Te invitamos a descubrir las experiencias gastron\u00f3micas que definen a M\u00e1laga en oto\u00f1o, como las setas, los frutos secos, el aceite y sus tapas<\/p>\n<\/div><\/div><\/div><\/article>\n<\/div><\/section>","protected":false},"excerpt":{"rendered":"<p>La Torta del Casar, el queso manchego, el Cabrales, el queso de tetilla&#8230; Esta ruta de los mejores quesos de Espa\u00f1a har\u00e1 que se nos haga la boca agua.  <\/p>\n","protected":false},"author":114,"featured_media":95910,"comment_status":"open","ping_status":"open","sticky":false,"template":"","format":"standard","meta":{"_acf_changed":false,"om_disable_all_campaigns":false,"footnotes":""},"categories":[231],"tags":[331,508,215,2638,4920,2528],"class_list":["post-57397","post","type-post","status-publish","format-standard","has-post-thumbnail","hentry","category-arte-y-cultura","tag-espana","tag-gastronomia","tag-listado","tag-quesos","tag-ruta-de-quesos","tag-tipico"],"acf":[],"featured_image_src":"https:\/\/www.escapadarural.com\/blog\/wp-content\/uploads\/2024\/10\/Gastroexperiencias-Quesos-Reborto.jpg","author_info":{"display_name":"Carmen L\u00f3pez","author_link":"https:\/\/www.escapadarural.com\/blog\/autor\/carmenlopez\/"},"yoast_head":"<!-- This site is optimized with the Yoast SEO plugin v27.5 - https:\/\/yoast.com\/product\/yoast-seo-wordpress\/ -->\n<title>La ruta de los mejores quesos de Espa\u00f1a - EscapadaRural<\/title>\n<meta name=\"robots\" content=\"index, follow, max-snippet:-1, max-image-preview:large, max-video-preview:-1\" \/>\n<link rel=\"canonical\" href=\"https:\/\/www.escapadarural.com\/blog\/ruta-mejores-quesos-de-espana\/\" \/>\n<meta property=\"og:locale\" content=\"es_ES\" \/>\n<meta property=\"og:type\" content=\"article\" \/>\n<meta property=\"og:title\" content=\"La ruta de los mejores quesos de Espa\u00f1a - EscapadaRural\" \/>\n<meta property=\"og:description\" content=\"La Torta del Casar, el queso manchego, el Cabrales, el queso de tetilla... Esta ruta de los mejores quesos de Espa\u00f1a har\u00e1 que se nos haga la boca agua.\" \/>\n<meta property=\"og:url\" content=\"https:\/\/www.escapadarural.com\/blog\/ruta-mejores-quesos-de-espana\/\" \/>\n<meta property=\"og:site_name\" content=\"Magazine de viajes de EscapadaRural\" \/>\n<meta property=\"article:publisher\" content=\"https:\/\/www.facebook.com\/escapadarural\" \/>\n<meta property=\"article:published_time\" content=\"2023-02-27T10:44:51+00:00\" \/>\n<meta property=\"article:modified_time\" content=\"2025-05-22T11:17:20+00:00\" \/>\n<meta property=\"og:image\" content=\"https:\/\/www.escapadarural.com\/blog\/wp-content\/uploads\/2024\/10\/Gastroexperiencias-Quesos-Reborto.jpg\" \/>\n\t<meta property=\"og:image:width\" content=\"800\" \/>\n\t<meta property=\"og:image:height\" content=\"534\" \/>\n\t<meta property=\"og:image:type\" content=\"image\/jpeg\" \/>\n<meta name=\"author\" content=\"Carmen L\u00f3pez\" \/>\n<meta name=\"twitter:card\" content=\"summary_large_image\" \/>\n<meta name=\"twitter:label1\" content=\"Escrito por\" \/>\n\t<meta name=\"twitter:data1\" content=\"Carmen L\u00f3pez\" \/>\n\t<meta name=\"twitter:label2\" content=\"Tiempo de lectura\" \/>\n\t<meta name=\"twitter:data2\" content=\"9 minutos\" \/>\n<script type=\"application\/ld+json\" class=\"yoast-schema-graph\">{\"@context\":\"https:\\\/\\\/schema.org\",\"@graph\":[{\"@type\":\"Article\",\"@id\":\"https:\\\/\\\/www.escapadarural.com\\\/blog\\\/ruta-mejores-quesos-de-espana\\\/#article\",\"isPartOf\":{\"@id\":\"https:\\\/\\\/www.escapadarural.com\\\/blog\\\/ruta-mejores-quesos-de-espana\\\/\"},\"author\":{\"name\":\"Carmen L\u00f3pez\",\"@id\":\"https:\\\/\\\/www.escapadarural.com\\\/blog\\\/#\\\/schema\\\/person\\\/42dfdff6118172efc6a04c8ae599a2ce\"},\"headline\":\"La ruta de los mejores quesos de Espa\u00f1a\",\"datePublished\":\"2023-02-27T10:44:51+00:00\",\"dateModified\":\"2025-05-22T11:17:20+00:00\",\"mainEntityOfPage\":{\"@id\":\"https:\\\/\\\/www.escapadarural.com\\\/blog\\\/ruta-mejores-quesos-de-espana\\\/\"},\"wordCount\":1346,\"commentCount\":2,\"publisher\":{\"@id\":\"https:\\\/\\\/www.escapadarural.com\\\/blog\\\/#organization\"},\"image\":{\"@id\":\"https:\\\/\\\/www.escapadarural.com\\\/blog\\\/ruta-mejores-quesos-de-espana\\\/#primaryimage\"},\"thumbnailUrl\":\"https:\\\/\\\/www.escapadarural.com\\\/blog\\\/wp-content\\\/uploads\\\/2024\\\/10\\\/Gastroexperiencias-Quesos-Reborto.jpg\",\"keywords\":[\"Espa\u00f1a\",\"Gastronom\u00eda\",\"Listado\",\"quesos\",\"ruta de quesos\",\"T\u00edpico\"],\"articleSection\":[\"Arte y Cultura\"],\"inLanguage\":\"es\",\"potentialAction\":[{\"@type\":\"CommentAction\",\"name\":\"Comment\",\"target\":[\"https:\\\/\\\/www.escapadarural.com\\\/blog\\\/ruta-mejores-quesos-de-espana\\\/#respond\"]}]},{\"@type\":\"WebPage\",\"@id\":\"https:\\\/\\\/www.escapadarural.com\\\/blog\\\/ruta-mejores-quesos-de-espana\\\/\",\"url\":\"https:\\\/\\\/www.escapadarural.com\\\/blog\\\/ruta-mejores-quesos-de-espana\\\/\",\"name\":\"La ruta de los mejores quesos de Espa\u00f1a - EscapadaRural\",\"isPartOf\":{\"@id\":\"https:\\\/\\\/www.escapadarural.com\\\/blog\\\/#website\"},\"primaryImageOfPage\":{\"@id\":\"https:\\\/\\\/www.escapadarural.com\\\/blog\\\/ruta-mejores-quesos-de-espana\\\/#primaryimage\"},\"image\":{\"@id\":\"https:\\\/\\\/www.escapadarural.com\\\/blog\\\/ruta-mejores-quesos-de-espana\\\/#primaryimage\"},\"thumbnailUrl\":\"https:\\\/\\\/www.escapadarural.com\\\/blog\\\/wp-content\\\/uploads\\\/2024\\\/10\\\/Gastroexperiencias-Quesos-Reborto.jpg\",\"datePublished\":\"2023-02-27T10:44:51+00:00\",\"dateModified\":\"2025-05-22T11:17:20+00:00\",\"breadcrumb\":{\"@id\":\"https:\\\/\\\/www.escapadarural.com\\\/blog\\\/ruta-mejores-quesos-de-espana\\\/#breadcrumb\"},\"inLanguage\":\"es\",\"potentialAction\":[{\"@type\":\"ReadAction\",\"target\":[\"https:\\\/\\\/www.escapadarural.com\\\/blog\\\/ruta-mejores-quesos-de-espana\\\/\"]}]},{\"@type\":\"ImageObject\",\"inLanguage\":\"es\",\"@id\":\"https:\\\/\\\/www.escapadarural.com\\\/blog\\\/ruta-mejores-quesos-de-espana\\\/#primaryimage\",\"url\":\"https:\\\/\\\/www.escapadarural.com\\\/blog\\\/wp-content\\\/uploads\\\/2024\\\/10\\\/Gastroexperiencias-Quesos-Reborto.jpg\",\"contentUrl\":\"https:\\\/\\\/www.escapadarural.com\\\/blog\\\/wp-content\\\/uploads\\\/2024\\\/10\\\/Gastroexperiencias-Quesos-Reborto.jpg\",\"width\":800,\"height\":534,\"caption\":\"Cinco personas se encuentran en una bodega r\u00fastica, disfrutando de una experiencia de turismo rural mientras degustan vino y queso alrededor de dos mesas de barril, con copas y botellas encima. Parecen estar saboreando juntos la cata clandestina.\"},{\"@type\":\"BreadcrumbList\",\"@id\":\"https:\\\/\\\/www.escapadarural.com\\\/blog\\\/ruta-mejores-quesos-de-espana\\\/#breadcrumb\",\"itemListElement\":[{\"@type\":\"ListItem\",\"position\":1,\"name\":\"Inicio\",\"item\":\"https:\\\/\\\/www.escapadarural.com\\\/blog\\\/\"},{\"@type\":\"ListItem\",\"position\":2,\"name\":\"Arte y Cultura\",\"item\":\"https:\\\/\\\/www.escapadarural.com\\\/blog\\\/categoria\\\/arte-y-cultura\\\/\"},{\"@type\":\"ListItem\",\"position\":3,\"name\":\"La ruta de los mejores quesos de Espa\u00f1a\"}]},{\"@type\":\"WebSite\",\"@id\":\"https:\\\/\\\/www.escapadarural.com\\\/blog\\\/#website\",\"url\":\"https:\\\/\\\/www.escapadarural.com\\\/blog\\\/\",\"name\":\"Blog de viajes | turismo rural, alojamientos e inspiraci\u00f3n\",\"description\":\"Alojamientos rurales e inspiraci\u00f3n para tus escapadas\",\"publisher\":{\"@id\":\"https:\\\/\\\/www.escapadarural.com\\\/blog\\\/#organization\"},\"alternateName\":\"Magazine de viajes de EscapadaRural\",\"potentialAction\":[{\"@type\":\"SearchAction\",\"target\":{\"@type\":\"EntryPoint\",\"urlTemplate\":\"https:\\\/\\\/www.escapadarural.com\\\/blog\\\/?s={search_term_string}\"},\"query-input\":{\"@type\":\"PropertyValueSpecification\",\"valueRequired\":true,\"valueName\":\"search_term_string\"}}],\"inLanguage\":\"es\"},{\"@type\":\"Organization\",\"@id\":\"https:\\\/\\\/www.escapadarural.com\\\/blog\\\/#organization\",\"name\":\"EscapadaRural\",\"url\":\"https:\\\/\\\/www.escapadarural.com\\\/blog\\\/\",\"logo\":{\"@type\":\"ImageObject\",\"inLanguage\":\"es\",\"@id\":\"https:\\\/\\\/www.escapadarural.com\\\/blog\\\/#\\\/schema\\\/logo\\\/image\\\/\",\"url\":\"https:\\\/\\\/www.escapadarural.com\\\/blog\\\/wp-content\\\/uploads\\\/2024\\\/10\\\/cropped-cropped-escapada-rural-icon-mag-3.png\",\"contentUrl\":\"https:\\\/\\\/www.escapadarural.com\\\/blog\\\/wp-content\\\/uploads\\\/2024\\\/10\\\/cropped-cropped-escapada-rural-icon-mag-3.png\",\"width\":512,\"height\":512,\"caption\":\"EscapadaRural\"},\"image\":{\"@id\":\"https:\\\/\\\/www.escapadarural.com\\\/blog\\\/#\\\/schema\\\/logo\\\/image\\\/\"},\"sameAs\":[\"https:\\\/\\\/www.facebook.com\\\/escapadarural\",\"https:\\\/\\\/www.instagram.com\\\/escapadarural\\\/\",\"https:\\\/\\\/www.youtube.com\\\/@escapadaruralcom\"]},{\"@type\":\"Person\",\"@id\":\"https:\\\/\\\/www.escapadarural.com\\\/blog\\\/#\\\/schema\\\/person\\\/42dfdff6118172efc6a04c8ae599a2ce\",\"name\":\"Carmen L\u00f3pez\",\"image\":{\"@type\":\"ImageObject\",\"inLanguage\":\"es\",\"@id\":\"https:\\\/\\\/www.escapadarural.com\\\/blog\\\/wp-content\\\/uploads\\\/2024\\\/11\\\/cropped-perfil_eldiario-96x96-1-96x96.jpeg\",\"url\":\"https:\\\/\\\/www.escapadarural.com\\\/blog\\\/wp-content\\\/uploads\\\/2024\\\/11\\\/cropped-perfil_eldiario-96x96-1-96x96.jpeg\",\"contentUrl\":\"https:\\\/\\\/www.escapadarural.com\\\/blog\\\/wp-content\\\/uploads\\\/2024\\\/11\\\/cropped-perfil_eldiario-96x96-1-96x96.jpeg\",\"caption\":\"Carmen L\u00f3pez\"},\"description\":\"Soy periodista y escribo sobre cosas que importan en sitios que interesan desde hace m\u00e1s de una d\u00e9cada.\",\"url\":\"https:\\\/\\\/www.escapadarural.com\\\/blog\\\/autor\\\/carmenlopez\\\/\"}]}<\/script>\n<!-- \/ Yoast SEO plugin. -->","yoast_head_json":{"title":"La ruta de los mejores quesos de Espa\u00f1a - EscapadaRural","robots":{"index":"index","follow":"follow","max-snippet":"max-snippet:-1","max-image-preview":"max-image-preview:large","max-video-preview":"max-video-preview:-1"},"canonical":"https:\/\/www.escapadarural.com\/blog\/ruta-mejores-quesos-de-espana\/","og_locale":"es_ES","og_type":"article","og_title":"La ruta de los mejores quesos de Espa\u00f1a - EscapadaRural","og_description":"La Torta del Casar, el queso manchego, el Cabrales, el queso de tetilla... Esta ruta de los mejores quesos de Espa\u00f1a har\u00e1 que se nos haga la boca agua.","og_url":"https:\/\/www.escapadarural.com\/blog\/ruta-mejores-quesos-de-espana\/","og_site_name":"Magazine de viajes de EscapadaRural","article_publisher":"https:\/\/www.facebook.com\/escapadarural","article_published_time":"2023-02-27T10:44:51+00:00","article_modified_time":"2025-05-22T11:17:20+00:00","og_image":[{"width":800,"height":534,"url":"https:\/\/www.escapadarural.com\/blog\/wp-content\/uploads\/2024\/10\/Gastroexperiencias-Quesos-Reborto.jpg","type":"image\/jpeg"}],"author":"Carmen L\u00f3pez","twitter_card":"summary_large_image","twitter_misc":{"Escrito por":"Carmen L\u00f3pez","Tiempo de lectura":"9 minutos"},"schema":{"@context":"https:\/\/schema.org","@graph":[{"@type":"Article","@id":"https:\/\/www.escapadarural.com\/blog\/ruta-mejores-quesos-de-espana\/#article","isPartOf":{"@id":"https:\/\/www.escapadarural.com\/blog\/ruta-mejores-quesos-de-espana\/"},"author":{"name":"Carmen L\u00f3pez","@id":"https:\/\/www.escapadarural.com\/blog\/#\/schema\/person\/42dfdff6118172efc6a04c8ae599a2ce"},"headline":"La ruta de los mejores quesos de Espa\u00f1a","datePublished":"2023-02-27T10:44:51+00:00","dateModified":"2025-05-22T11:17:20+00:00","mainEntityOfPage":{"@id":"https:\/\/www.escapadarural.com\/blog\/ruta-mejores-quesos-de-espana\/"},"wordCount":1346,"commentCount":2,"publisher":{"@id":"https:\/\/www.escapadarural.com\/blog\/#organization"},"image":{"@id":"https:\/\/www.escapadarural.com\/blog\/ruta-mejores-quesos-de-espana\/#primaryimage"},"thumbnailUrl":"https:\/\/www.escapadarural.com\/blog\/wp-content\/uploads\/2024\/10\/Gastroexperiencias-Quesos-Reborto.jpg","keywords":["Espa\u00f1a","Gastronom\u00eda","Listado","quesos","ruta de quesos","T\u00edpico"],"articleSection":["Arte y Cultura"],"inLanguage":"es","potentialAction":[{"@type":"CommentAction","name":"Comment","target":["https:\/\/www.escapadarural.com\/blog\/ruta-mejores-quesos-de-espana\/#respond"]}]},{"@type":"WebPage","@id":"https:\/\/www.escapadarural.com\/blog\/ruta-mejores-quesos-de-espana\/","url":"https:\/\/www.escapadarural.com\/blog\/ruta-mejores-quesos-de-espana\/","name":"La ruta de los mejores quesos de Espa\u00f1a - EscapadaRural","isPartOf":{"@id":"https:\/\/www.escapadarural.com\/blog\/#website"},"primaryImageOfPage":{"@id":"https:\/\/www.escapadarural.com\/blog\/ruta-mejores-quesos-de-espana\/#primaryimage"},"image":{"@id":"https:\/\/www.escapadarural.com\/blog\/ruta-mejores-quesos-de-espana\/#primaryimage"},"thumbnailUrl":"https:\/\/www.escapadarural.com\/blog\/wp-content\/uploads\/2024\/10\/Gastroexperiencias-Quesos-Reborto.jpg","datePublished":"2023-02-27T10:44:51+00:00","dateModified":"2025-05-22T11:17:20+00:00","breadcrumb":{"@id":"https:\/\/www.escapadarural.com\/blog\/ruta-mejores-quesos-de-espana\/#breadcrumb"},"inLanguage":"es","potentialAction":[{"@type":"ReadAction","target":["https:\/\/www.escapadarural.com\/blog\/ruta-mejores-quesos-de-espana\/"]}]},{"@type":"ImageObject","inLanguage":"es","@id":"https:\/\/www.escapadarural.com\/blog\/ruta-mejores-quesos-de-espana\/#primaryimage","url":"https:\/\/www.escapadarural.com\/blog\/wp-content\/uploads\/2024\/10\/Gastroexperiencias-Quesos-Reborto.jpg","contentUrl":"https:\/\/www.escapadarural.com\/blog\/wp-content\/uploads\/2024\/10\/Gastroexperiencias-Quesos-Reborto.jpg","width":800,"height":534,"caption":"Cinco personas se encuentran en una bodega r\u00fastica, disfrutando de una experiencia de turismo rural mientras degustan vino y queso alrededor de dos mesas de barril, con copas y botellas encima. Parecen estar saboreando juntos la cata clandestina."},{"@type":"BreadcrumbList","@id":"https:\/\/www.escapadarural.com\/blog\/ruta-mejores-quesos-de-espana\/#breadcrumb","itemListElement":[{"@type":"ListItem","position":1,"name":"Inicio","item":"https:\/\/www.escapadarural.com\/blog\/"},{"@type":"ListItem","position":2,"name":"Arte y Cultura","item":"https:\/\/www.escapadarural.com\/blog\/categoria\/arte-y-cultura\/"},{"@type":"ListItem","position":3,"name":"La ruta de los mejores quesos de Espa\u00f1a"}]},{"@type":"WebSite","@id":"https:\/\/www.escapadarural.com\/blog\/#website","url":"https:\/\/www.escapadarural.com\/blog\/","name":"Blog de viajes | turismo rural, alojamientos e inspiraci\u00f3n","description":"Alojamientos rurales e inspiraci\u00f3n para tus escapadas","publisher":{"@id":"https:\/\/www.escapadarural.com\/blog\/#organization"},"alternateName":"Magazine de viajes de EscapadaRural","potentialAction":[{"@type":"SearchAction","target":{"@type":"EntryPoint","urlTemplate":"https:\/\/www.escapadarural.com\/blog\/?s={search_term_string}"},"query-input":{"@type":"PropertyValueSpecification","valueRequired":true,"valueName":"search_term_string"}}],"inLanguage":"es"},{"@type":"Organization","@id":"https:\/\/www.escapadarural.com\/blog\/#organization","name":"EscapadaRural","url":"https:\/\/www.escapadarural.com\/blog\/","logo":{"@type":"ImageObject","inLanguage":"es","@id":"https:\/\/www.escapadarural.com\/blog\/#\/schema\/logo\/image\/","url":"https:\/\/www.escapadarural.com\/blog\/wp-content\/uploads\/2024\/10\/cropped-cropped-escapada-rural-icon-mag-3.png","contentUrl":"https:\/\/www.escapadarural.com\/blog\/wp-content\/uploads\/2024\/10\/cropped-cropped-escapada-rural-icon-mag-3.png","width":512,"height":512,"caption":"EscapadaRural"},"image":{"@id":"https:\/\/www.escapadarural.com\/blog\/#\/schema\/logo\/image\/"},"sameAs":["https:\/\/www.facebook.com\/escapadarural","https:\/\/www.instagram.com\/escapadarural\/","https:\/\/www.youtube.com\/@escapadaruralcom"]},{"@type":"Person","@id":"https:\/\/www.escapadarural.com\/blog\/#\/schema\/person\/42dfdff6118172efc6a04c8ae599a2ce","name":"Carmen L\u00f3pez","image":{"@type":"ImageObject","inLanguage":"es","@id":"https:\/\/www.escapadarural.com\/blog\/wp-content\/uploads\/2024\/11\/cropped-perfil_eldiario-96x96-1-96x96.jpeg","url":"https:\/\/www.escapadarural.com\/blog\/wp-content\/uploads\/2024\/11\/cropped-perfil_eldiario-96x96-1-96x96.jpeg","contentUrl":"https:\/\/www.escapadarural.com\/blog\/wp-content\/uploads\/2024\/11\/cropped-perfil_eldiario-96x96-1-96x96.jpeg","caption":"Carmen L\u00f3pez"},"description":"Soy periodista y escribo sobre cosas que importan en sitios que interesan desde hace m\u00e1s de una d\u00e9cada.","url":"https:\/\/www.escapadarural.com\/blog\/autor\/carmenlopez\/"}]}},"_links":{"self":[{"href":"https:\/\/www.escapadarural.com\/blog\/wp-json\/wp\/v2\/posts\/57397","targetHints":{"allow":["GET"]}}],"collection":[{"href":"https:\/\/www.escapadarural.com\/blog\/wp-json\/wp\/v2\/posts"}],"about":[{"href":"https:\/\/www.escapadarural.com\/blog\/wp-json\/wp\/v2\/types\/post"}],"author":[{"embeddable":true,"href":"https:\/\/www.escapadarural.com\/blog\/wp-json\/wp\/v2\/users\/114"}],"replies":[{"embeddable":true,"href":"https:\/\/www.escapadarural.com\/blog\/wp-json\/wp\/v2\/comments?post=57397"}],"version-history":[{"count":0,"href":"https:\/\/www.escapadarural.com\/blog\/wp-json\/wp\/v2\/posts\/57397\/revisions"}],"wp:featuredmedia":[{"embeddable":true,"href":"https:\/\/www.escapadarural.com\/blog\/wp-json\/wp\/v2\/media\/95910"}],"wp:attachment":[{"href":"https:\/\/www.escapadarural.com\/blog\/wp-json\/wp\/v2\/media?parent=57397"}],"wp:term":[{"taxonomy":"category","embeddable":true,"href":"https:\/\/www.escapadarural.com\/blog\/wp-json\/wp\/v2\/categories?post=57397"},{"taxonomy":"post_tag","embeddable":true,"href":"https:\/\/www.escapadarural.com\/blog\/wp-json\/wp\/v2\/tags?post=57397"}],"curies":[{"name":"wp","href":"https:\/\/api.w.org\/{rel}","templated":true}]}}