{"id":57663,"date":"2023-04-17T11:00:48","date_gmt":"2023-04-17T10:00:48","guid":{"rendered":"https:\/\/www.escapadarural.com\/blog\/?p=57663"},"modified":"2025-07-25T14:49:55","modified_gmt":"2025-07-25T12:49:55","slug":"padron-jose-cela-y-rosalia-de-castro","status":"publish","type":"post","link":"https:\/\/www.escapadarural.com\/blog\/padron-jose-cela-y-rosalia-de-castro\/","title":{"rendered":"Padr\u00f3n: un paseo literario por la cuna de Cela y De Castro"},"content":{"rendered":"\n<figure class=\"wp-block-image size-large\"><img decoding=\"async\" src=\"https:\/\/www.escapadarural.com\/blog\/wp-content\/uploads\/2023\/04\/Padron-1-1024x680-2.jpg\" alt=\"Iglesia y Puente de Padr\u00f3n\" class=\"wp-image-60789\"\/><figcaption class=\"wp-element-caption\">Iglesia y Puente de Padr\u00f3n. Por Fran Villena <\/figcaption><\/figure>\n\n\n\n<p>Son dos de las figuras m\u00e1s importantes de la cultura gallega y dos personajes hist\u00f3ricos de gran trascendencia que han situado la localidad coru\u00f1esa de Padr\u00f3n en el mapa literario espa\u00f1ol. Rosal\u00eda y Camilo Jos\u00e9, Camilo Jos\u00e9 y Rosal\u00eda. Dos autores vinculados a Padr\u00f3n -uno por nacimiento, otra por experiencias vitales- en los que esta peque\u00f1a ciudad \u201ca las orillas del Sar\u201d dej\u00f3 una profunda impresi\u00f3n.<\/p>\n\n\n\n<h2 class=\"wp-block-heading\" id=\"h-la-huella-de-rosalia-de-castro-en-padron\">La huella de Rosal\u00eda de Castro en Padr\u00f3n<\/h2>\n\n\n\n<p>El casco viejo de<a href=\"https:\/\/www.escapadarural.com\/casas-rurales\/padron\" target=\"_blank\" rel=\"noreferrer noopener\"> Padr\u00f3n<\/a> se extiende, como una ret\u00edcula de calles y plazuelas, al alcance de quien lo contemple desde el comp\u00e1s del convento del Carmen. El edificio es un curioso baluarte sobre esta ciudad fluvial, con un amplio atrio o balconada que serv\u00eda como mirador a los peregrinos del Camino portugu\u00e9s antes de recogerse en el refugio junto a la iglesia del convento.<\/p>\n\n\n\n<figure class=\"wp-block-image size-full\"><img decoding=\"async\" src=\"https:\/\/www.escapadarural.com\/blog\/wp-content\/uploads\/2023\/04\/Monumento-a-Rosalia-en-Padron.-Por-Emma-Sexto.jpg\" alt=\"\" class=\"wp-image-57665\"\/><figcaption class=\"wp-element-caption\">Monumento a Rosal\u00eda en Padr\u00f3n. Por Emma Sexto<\/figcaption><\/figure>\n\n\n\n<p>El puente de Santiago, construido a mediados del s. XIX, une las dos orillas del r\u00edo Sar. Pr\u00f3ximo a \u00e9l, en el paseo del Espol\u00f3n, se encuentra el <strong>monumento a Rosal\u00eda<\/strong>, dedicado a la escritora gallega m\u00e1s universal, Rosal\u00eda de Castro, que pas\u00f3 gran parte de su vida en Padr\u00f3n. A s\u00f3lo 400 metros de la estatua de Rosal\u00eda, en el n\u00famero 4 de la Calle de Xo\u00e1n Rodr\u00edguez, estaba la casa donde se cri\u00f3 la famosa escritora, aunque de ella s\u00f3lo queda una discreta placa conmemorativa.<\/p>\n\n\n\n<p>De Castro naci\u00f3 en <a href=\"https:\/\/www.escapadarural.com\/casas-rurales\/santiago-de-compostela\" target=\"_blank\" rel=\"noreferrer noopener\">Santiago de Compostela <\/a>en 1837 y muri\u00f3 en Padr\u00f3n en 1885. En ambas ciudades dej\u00f3 una huella imborrable, como as\u00ed lo atestiguan los monumentos, escenarios y paisajes relacionados con la escritora que nos encontramos tanto en la capital gallega como en Padr\u00f3n. <\/p>\n\n\n\n<p>Considerada por el <em>New York Times<\/em> como \u201cLa mejor poetisa nacida en la pen\u00ednsula ib\u00e9rica desde la Edad de Oro hasta Garc\u00eda Lorca\u201d, Rosal\u00eda de Castro bebi\u00f3 de la corriente del Romanticismo europeo para crear algunas de sus mejores obras, ambientadas en Galicia: <em>Cantares Gallegos<\/em> y <em>En las orillas del Sar.<\/em><\/p>\n\n\n\n<figure class=\"wp-block-image size-large\"><img decoding=\"async\" src=\"https:\/\/www.escapadarural.com\/blog\/wp-content\/uploads\/2023\/04\/3240px-Torres_de_Lestrobe_-_Pazo_de_Hermida_001-1024x683-1.jpg\" alt=\"Pazo Hermida, Dodro\" class=\"wp-image-60784\"\/><figcaption class=\"wp-element-caption\">Pazo Hermida, Dodro. Por Lmbuga <\/figcaption><\/figure>\n\n\n\n<p>Uno de sus lugares de residencia en la comarca del Sar fue el <strong>pazo de Hermida, en Dodro<\/strong>, ayuntamiento lim\u00edtrofe a Padr\u00f3n. Este pazo del s. XII fue el refugio de la autora cuando su madre falleci\u00f3 y en \u00e9l nacieron sus hijos gemelos: Ovidio y Gala. All\u00ed escribi\u00f3 algunas de sus obras inspiradas en la localidad, como <em>Padr\u00f3n y las inundaciones<\/em>.<\/p>\n\n\n\n<p>Paseando por Padr\u00f3n nos acercamos a los espacios naturales preferidos de Rosal\u00eda de Castro: las orillas de su amado r\u00edo Sar. Hay varias rutas que nos conectan con estos lugares tantas veces recorridos por la autora y mencionados en su obra, como <strong>Os Fond\u00f3ns<\/strong>, en el ayuntamiento de Rois.<\/p>\n\n\n\n<p>En Os Fond\u00f3ns el r\u00edo se vuelve protagonista durante un buen tramo del paseo y nos acompa\u00f1a la sombra de su vegetaci\u00f3n de ribera. Varias<strong> <\/strong>pasarelas de madera<strong> <\/strong>nos ayudan a salvar peque\u00f1os desniveles y nos acercan a elementos etnogr\u00e1ficos t\u00edpicos de estas zonas fluviales de Galicia, como el molino de Maqu\u00eda devorado por la vegetaci\u00f3n que todav\u00eda conserva su piedra de moler.<\/p>\n\n\n\n<figure class=\"wp-block-image size-large\"><img decoding=\"async\" src=\"https:\/\/www.escapadarural.com\/blog\/wp-content\/uploads\/2023\/04\/rio-sar-Padron-1024x575-1.jpg\" alt=\"R\u00edo Sar a su paso por Padr\u00f3n\" class=\"wp-image-60785\"\/><figcaption class=\"wp-element-caption\">R\u00edo Sar a su paso por Padr\u00f3n, Galicia\nPor Antonio<\/figcaption><\/figure>\n\n\n\n<p>Los \u00faltimos pasos de De Castro en Padr\u00f3n nos llevan hasta su vivienda, llamada <strong>Casa da Matanza<\/strong>. En ella vivi\u00f3 los a\u00f1os finales de su vida con sus hijos y su marido, el tambi\u00e9n escritor e historiador Manuel Murgu\u00eda, creador de la Real Academia Gallega. Juntos fueron los adalides del <em>Rexurdimento galego<\/em>, un movimiento cultural que trataba de poner en valor la lengua gallega e impulsar el sentimiento de pertenencia a la tierra.<\/p>\n\n\n\n<p>Tras la muerte de la escritora, la Casa da Matanza se restaur\u00f3 y en 1972 se convirti\u00f3 en la <a href=\"https:\/\/rosalia.gal\/a-casa\/a-casa-museo\/\" target=\"_blank\" rel=\"noreferrer noopener\">Casa Museo Rosal\u00eda de Castro<\/a>, de visita imprescindible en Padr\u00f3n si se quiere comprender la vida y obra de la escritora y, al tiempo, ver una casa rural labriega de finales del s. XIX.<\/p>\n\n\n\n<figure class=\"wp-block-image size-full\"><img decoding=\"async\" src=\"https:\/\/www.escapadarural.com\/blog\/wp-content\/uploads\/2023\/04\/Casa-museo_de_Rosalia.jpg\" alt=\"Casa-Museo Rosal\u00eda de Castro.\" class=\"wp-image-58648\"\/><figcaption class=\"wp-element-caption\">Casa-Museo Rosal\u00eda de Castro. Por Cookie<\/figcaption><\/figure>\n\n\n\n<p>Rosal\u00eda de Castro fue enterrada en el <strong>cementerio de Adina<\/strong>, un singular camposanto con las tumbas bajo tierra. Pertenece a la iglesia de Santa Mar\u00eda la Mayor de Iria Flavia, uno de los templos m\u00e1s antiguos de Galicia. Aqu\u00ed reposaron los restos de la escritora desde 1885 hasta 1891, a\u00f1o en el que se trasladaron al pante\u00f3n de Gallegos Ilustres de Santiago de Compostela, incumpliendo los deseos de Rosal\u00eda, que siempre quiso ser enterrada en Padr\u00f3n.<\/p>\n\n\n\n<h2 class=\"wp-block-heading\" id=\"h-tras-los-pasos-de-cela-en-padron\">Tras los pasos de Cela en Padr\u00f3n<\/h2>\n\n\n\n<figure class=\"wp-block-image size-full\"><img decoding=\"async\" src=\"https:\/\/www.escapadarural.com\/blog\/wp-content\/uploads\/2023\/04\/Cementerio-de-Adina-en-Padron.-Por-Emma-Sexto.jpg\" alt=\"Cementerio de Adina \" class=\"wp-image-57668\"\/><figcaption class=\"wp-element-caption\">Cementerio de Adina en Padr\u00f3n. Por Emma Sexto<\/figcaption><\/figure>\n\n\n\n<p>Aunque Rosal\u00eda de castro ya no yace en el cementerio de Adina, se conserva una l\u00e1pida en su honor, muy cerca de la tumba de otro peso pesado de la literatura espa\u00f1ola ligado a Padr\u00f3n desde su nacimiento: Camilo Jos\u00e9 Cela.<\/p>\n\n\n\n<p>Autor controvertido, Cela no fue contempor\u00e1neo de De Castro, ya que naci\u00f3 en 1916, m\u00e1s de 30 a\u00f1os despu\u00e9s de su fallecimiento. Sin embargo, ambos permanecen unidos a Padr\u00f3n y, en esta tesitura, hasta parecen gui\u00f1arse un ojo desde la distancia. Como en el paseo del Espol\u00f3n, en el que encontramos la rotunda figura de Cela sobre un gran pedestal en el que reza simplemente \u00abCela\u00bb. De frente, 200 metros m\u00e1s adelante y cerrando el citado paseo est\u00e1 el Monumento a Rosal\u00eda, sobre un peque\u00f1o estanque en el que mana agua de una fuente.<\/p>\n\n\n\n<figure class=\"wp-block-image size-large\"><img decoding=\"async\" src=\"https:\/\/www.escapadarural.com\/blog\/wp-content\/uploads\/2023\/04\/2880px-Inscripcion_na_lapida_de_Rosalia_de_Castro_en_Iria_Flavia.-1024x768-1.jpg\" alt=\"Tumba Rosal\u00eda de Castro\" class=\"wp-image-60786\"\/><figcaption class=\"wp-element-caption\">Inscripci\u00f3n en el lugar donde estuvo Rosal\u00eda de Castro enterrada hasta 1891<\/figcaption><\/figure>\n\n\n\n<p>El premio Nobel Camilo Jos\u00e9 Cela fue uno de los genios de la novela de posguerra. Creador multidisciplinar, fue periodista, editor y novelista. Escribi\u00f3 obras tan importantes como <em>La Colmena<\/em>, <em>La familia de Pascual Duarte<\/em> o <em>Viaje a la Alcarria<\/em>.<\/p>\n\n\n\n<p>Gran parte de los retazos de su vida y obra se recogen en uno de los museos m\u00e1s completos sobre el escritor, la <a href=\"https:\/\/fundacioncela.gal\/es\" target=\"_blank\" rel=\"noreferrer noopener nofollow\">Fundaci\u00f3n Camilo Jos\u00e9 Cela<\/a> en Iria Flavia (Padr\u00f3n). Adem\u00e1s de ver objetos personales y profesionales de Cela, con la entrada podr\u00e1s visitar el Museo do Ferrocarril John Trulock, que fue abuelo de Cela y est\u00e1 considerado como el primer ferrocarrilero, conocido por instalar la primera v\u00eda f\u00e9rrea entre Santiago y Padr\u00f3n.<\/p>\n\n\n\n<figure class=\"wp-block-image size-large\"><img decoding=\"async\" src=\"https:\/\/www.escapadarural.com\/blog\/wp-content\/uploads\/2023\/04\/Cela-Padron-683x1024-1.jpg\" alt=\"Estatua de Cela\" class=\"wp-image-60788\"\/><figcaption class=\"wp-element-caption\">Estatua de Cela. Por Arousa<\/figcaption><\/figure>\n\n\n\n<p>Enfrente del museo nos observa otro monumento m\u00e1s dedicado a \u00abDon Camilo\u00bb, un enorme busto que da la espalda al cementerio donde est\u00e1 enterrado y mira con orgullo hacia la Fundaci\u00f3n donde se expone su obra.<\/p>\n\n\n\n<h2 class=\"wp-block-heading\" id=\"h-mucho-mas-que-ver-en-padron\">Mucho m\u00e1s que ver en Padr\u00f3n<\/h2>\n\n\n\n<figure class=\"wp-block-image size-large\"><img decoding=\"async\" src=\"https:\/\/www.escapadarural.com\/blog\/wp-content\/uploads\/2023\/04\/padron-1024x683-1.jpg\" alt=\"Padr\u00f3n\" class=\"wp-image-60787\"\/><figcaption class=\"wp-element-caption\">Padr\u00f3n. Por Jorge<\/figcaption><\/figure>\n\n\n\n<p>Antiguo puerto de la ciudad de Santiago, dice la leyenda que hasta Padr\u00f3n llegaron los restos del ap\u00f3stol Santiago el Mayor desde Tierra Santa en el a\u00f1o 34 d.C. El barco que tra\u00eda al ap\u00f3stol se amarr\u00f3 en una gran piedra, conocida como \u201cel pedr\u00f3n\u201d, t\u00e9rmino que se convertir\u00eda en el top\u00f3nimo de la localidad: Padr\u00f3n.<\/p>\n\n\n\n<p>Desde el puerto, el ap\u00f3stol fue llevado hasta el lugar donde posteriormente se construy\u00f3 la catedral de Santiago de Compostela, acontecimiento que afianz\u00f3 la tradici\u00f3n jacobea y su ruta estelar: el Camino de Santiago. Si tienes la curiosidad de ver ese <em>pedr\u00f3n<\/em> con el que comenz\u00f3 la leyenda lo hallar\u00e1s bajo el altar mayor de la <strong>iglesia de Santiago <\/strong>en Padr\u00f3n, de entrada gratuita.<\/p>\n\n\n\n<p>Seguimos nuestro camino buscando m\u00e1s rincones de Padr\u00f3n y, cruzando el <strong>puente de Santiago<\/strong>, vamos a dar a la fuente del Carmen y al convento del mismo nombre, con una espectacular portada del s. XVIII. Una de las estampas m\u00e1s t\u00edpicas de Padr\u00f3n es la del puente con el convento al fondo, enclave muy querido por los peregrinos que siguen su ruta hacia Compostela.<\/p>\n\n\n\n<figure class=\"wp-block-image size-large\"><img decoding=\"async\" src=\"https:\/\/www.escapadarural.com\/blog\/wp-content\/uploads\/2023\/04\/puente-de-santiago-padron-1024x664-1.jpg\" alt=\"Puente de Santiago\" class=\"wp-image-60783\"\/><figcaption class=\"wp-element-caption\">Puente de Santiago, en Padr\u00f3n. Por joserpizarro<\/figcaption><\/figure>\n\n\n\n<p>Como espacios de recreo destaca el <strong>Jard\u00edn Bot\u00e1nico-Art\u00edstico<\/strong>. Situado en el centro de Padr\u00f3n y declarado Monumento Art\u00edstico Nacional en 1946, alberga m\u00e1s de 300 especies de flores y \u00e1rboles singulares como las sequoias rojas o palmeras de Senegal.<\/p>\n\n\n\n<p>Precisamente en el Jard\u00edn Bot\u00e1nico nos sorprende el monumento a una de las grandes figuras literarias del s. XIV,  <strong>Mac\u00edas O Namorado<\/strong>. Seg\u00fan dicen los padroneses, no hay ninguna prueba que el poeta fuera originario de Padr\u00f3n, pero tampoco ninguna duda. El banco dos Namorados, instalado en su honor en los jardines, es el escenario ideal que buscan todas las parejas para inmortalizar su amor con una foto.<\/p>\n\n\n\n<p>Si nos alejamos del casco urbano, entrando en Extramundi de Arriba y ascendiendo 132 escalones en un recorrido que simula un <em>via crucis<\/em>, llegaremos al monte de San Gregorio, popularmente conocido como <strong>Santiagui\u00f1o do Monte<\/strong>. Es un \u00e1rea recreativa donde cada 25 de julio se celebran las fiestas en honor a Santiago. Todo all\u00ed arriba alude al santo: la antigua ermita con su altar dedicado al ap\u00f3stol y el singular promontorio rocoso donde se alza un crucifijo con la imagen de Santiago.<\/p>\n\n\n\n<figure class=\"wp-block-image size-full\"><img decoding=\"async\" src=\"https:\/\/www.escapadarural.com\/blog\/wp-content\/uploads\/2023\/04\/Santiaguino-do-Monte-en-Padron.-Por-Emma-Sexto.jpg\" alt=\"\" class=\"wp-image-57670\"\/><figcaption class=\"wp-element-caption\">Santiagui\u00f1o do Monte en Padr\u00f3n. Por Emma Sexto<\/figcaption><\/figure>\n\n\n\n<p>No podemos despedirnos de este paseo por Padr\u00f3n sin acercarnos al producto estrella de su gastronom\u00eda. \u00bfQuien no ha comido alguna vez <strong>pimientos de Padr\u00f3n<\/strong>? Se dice que \u201cuns pican e outros non\u201d pero en todo caso est\u00e1n deliciosos y, adem\u00e1s de ser uno de los puntos fuertes de la cocina local, se han convertido en todo un reclamo tur\u00edstico para visitar Padr\u00f3n.<\/p>\n\n\n\n<p>Los pimientos de Padr\u00f3n tambi\u00e9n tienen su historia. En realidad, la denominaci\u00f3n de origen es pimientos de Herb\u00f3n y proceden del convento franciscano de San Antonio de Herb\u00f3n, localidad situada a 4 kil\u00f3metros de Padr\u00f3n. Fueron unos frailes franciscanos que regresaron de Am\u00e9rica en el s. XVI quienes trajeron de allende los mares esta variedad de pimientos verdes, peque\u00f1os y muy sabrosos, y empezaron a cultivarlos en su convento con gran \u00e9xito hasta que se popularizaron.<\/p>\n\n\n\n<p>Dec\u00eda Cela en su cr\u00f3nica de viaje <em>Del Mi\u00f1o al Bidasoa <\/em>&nbsp;que \u201cel vagabundo y su primo se hab\u00edan pasado por la coru\u00f1esa calle de los Olmos a comerse dos n\u00e9coras y un pu\u00f1ado de pimientos de Herb\u00f3n\u201d. Cuando el vagabundo pregunta \u201c\u00bfpican?\u201d, el primo sentencia que puede ser, pero que \u201cm\u00e1s pica la sarna y no alimenta\u201d.<\/p>\n\n\n\n<p>No puede haber mejor razonamiento que el de Cela para probar los pimientos de Herb\u00f3n y, si finalmente pican, imaginar al ingenuo personaje de su novela regando con vino el gaznate de forma apresurada, mientras su p\u00edcaro acompa\u00f1ante r\u00ede la gracia a mand\u00edbula batiente.<\/p>\n\n\n\n<div class=\"wp-block-buttons is-layout-flex wp-block-buttons-is-layout-flex\">\n<div class=\"wp-block-button\"><a class=\"wp-block-button__link wp-element-button\" href=\"https:\/\/www.escapadarural.com\/casas-rurales\/padron\">Casas rurales en Padr\u00f3n<\/a><\/div>\n<\/div>\n","protected":false},"excerpt":{"rendered":"<p>Adem\u00e1s de los pimientos, la localidad coru\u00f1esa de Padr\u00f3n es conocida por haber sido el hogar de dos personajes literarios ilustres: Rosal\u00eda de Castro y Camilo Jos\u00e9 Cela<\/p>\n","protected":false},"author":146,"featured_media":97994,"comment_status":"open","ping_status":"open","sticky":false,"template":"","format":"standard","meta":{"_acf_changed":false,"om_disable_all_campaigns":false,"footnotes":""},"categories":[231],"tags":[241,260,468,2236,2896,212],"class_list":["post-57663","post","type-post","status-publish","format-standard","has-post-thumbnail","hentry","category-arte-y-cultura","tag-que-ver-en-a-coruna","tag-articulo","tag-que-ver-en-galicia","tag-literatura","tag-padron","tag-pueblos"],"acf":[],"featured_image_src":"https:\/\/www.escapadarural.com\/blog\/wp-content\/uploads\/2024\/10\/Padron-1-1024x680-1.jpg","author_info":{"display_name":"Emma Sexto","author_link":"https:\/\/www.escapadarural.com\/blog\/autor\/emma\/"},"yoast_head":"<!-- This site is optimized with the Yoast SEO plugin v27.2 - https:\/\/yoast.com\/product\/yoast-seo-wordpress\/ -->\n<title>Padr\u00f3n: un paseo literario por la cuna de Cela y De Castro - EscapadaRural<\/title>\n<meta name=\"robots\" content=\"index, follow, max-snippet:-1, max-image-preview:large, max-video-preview:-1\" \/>\n<link rel=\"canonical\" href=\"https:\/\/www.escapadarural.com\/blog\/padron-jose-cela-y-rosalia-de-castro\/\" \/>\n<meta property=\"og:locale\" content=\"es_ES\" \/>\n<meta property=\"og:type\" content=\"article\" \/>\n<meta property=\"og:title\" content=\"Padr\u00f3n: un paseo literario por la cuna de Cela y De Castro - EscapadaRural\" \/>\n<meta property=\"og:description\" content=\"Adem\u00e1s de los pimientos, la localidad coru\u00f1esa de Padr\u00f3n es conocida por haber sido el hogar de dos personajes literarios ilustres: Rosal\u00eda de Castro y Camilo Jos\u00e9 Cela\" \/>\n<meta property=\"og:url\" content=\"https:\/\/www.escapadarural.com\/blog\/padron-jose-cela-y-rosalia-de-castro\/\" \/>\n<meta property=\"og:site_name\" content=\"Magazine de viajes de EscapadaRural\" \/>\n<meta property=\"article:publisher\" content=\"https:\/\/www.facebook.com\/escapadarural\" \/>\n<meta property=\"article:published_time\" content=\"2023-04-17T10:00:48+00:00\" \/>\n<meta property=\"article:modified_time\" content=\"2025-07-25T12:49:55+00:00\" \/>\n<meta property=\"og:image\" content=\"https:\/\/www.escapadarural.com\/blog\/wp-content\/uploads\/2024\/10\/Padron-1-1024x680-1.jpg?v=1753447796\" \/>\n\t<meta property=\"og:image:width\" content=\"1024\" \/>\n\t<meta property=\"og:image:height\" content=\"680\" \/>\n\t<meta property=\"og:image:type\" content=\"image\/jpeg\" \/>\n<meta name=\"author\" content=\"Emma Sexto\" \/>\n<meta name=\"twitter:card\" content=\"summary_large_image\" \/>\n<meta name=\"twitter:label1\" content=\"Escrito por\" \/>\n\t<meta name=\"twitter:data1\" content=\"Emma Sexto\" \/>\n\t<meta name=\"twitter:label2\" content=\"Tiempo de lectura\" \/>\n\t<meta name=\"twitter:data2\" content=\"9 minutos\" \/>\n<script type=\"application\/ld+json\" class=\"yoast-schema-graph\">{\"@context\":\"https:\/\/schema.org\",\"@graph\":[{\"@type\":\"Article\",\"@id\":\"https:\/\/www.escapadarural.com\/blog\/padron-jose-cela-y-rosalia-de-castro\/#article\",\"isPartOf\":{\"@id\":\"https:\/\/www.escapadarural.com\/blog\/padron-jose-cela-y-rosalia-de-castro\/\"},\"author\":{\"name\":\"Emma Sexto\",\"@id\":\"https:\/\/www.escapadarural.com\/blog\/#\/schema\/person\/d96b96281dd5b4a8b75a8b71c41b5a80\"},\"headline\":\"Padr\u00f3n: un paseo literario por la cuna de Cela y De Castro\",\"datePublished\":\"2023-04-17T10:00:48+00:00\",\"dateModified\":\"2025-07-25T12:49:55+00:00\",\"mainEntityOfPage\":{\"@id\":\"https:\/\/www.escapadarural.com\/blog\/padron-jose-cela-y-rosalia-de-castro\/\"},\"wordCount\":1863,\"commentCount\":0,\"publisher\":{\"@id\":\"https:\/\/www.escapadarural.com\/blog\/#organization\"},\"image\":{\"@id\":\"https:\/\/www.escapadarural.com\/blog\/padron-jose-cela-y-rosalia-de-castro\/#primaryimage\"},\"thumbnailUrl\":\"https:\/\/www.escapadarural.com\/blog\/wp-content\/uploads\/2024\/10\/Padron-1-1024x680-1.jpg\",\"keywords\":[\"A Coru\u00f1a\",\"art\u00edculo\",\"Galicia\",\"literatura\",\"Padr\u00f3n\",\"pueblos\"],\"articleSection\":[\"Arte y Cultura\"],\"inLanguage\":\"es\",\"potentialAction\":[{\"@type\":\"CommentAction\",\"name\":\"Comment\",\"target\":[\"https:\/\/www.escapadarural.com\/blog\/padron-jose-cela-y-rosalia-de-castro\/#respond\"]}]},{\"@type\":\"WebPage\",\"@id\":\"https:\/\/www.escapadarural.com\/blog\/padron-jose-cela-y-rosalia-de-castro\/\",\"url\":\"https:\/\/www.escapadarural.com\/blog\/padron-jose-cela-y-rosalia-de-castro\/\",\"name\":\"Padr\u00f3n: un paseo literario por la cuna de Cela y De Castro - EscapadaRural\",\"isPartOf\":{\"@id\":\"https:\/\/www.escapadarural.com\/blog\/#website\"},\"primaryImageOfPage\":{\"@id\":\"https:\/\/www.escapadarural.com\/blog\/padron-jose-cela-y-rosalia-de-castro\/#primaryimage\"},\"image\":{\"@id\":\"https:\/\/www.escapadarural.com\/blog\/padron-jose-cela-y-rosalia-de-castro\/#primaryimage\"},\"thumbnailUrl\":\"https:\/\/www.escapadarural.com\/blog\/wp-content\/uploads\/2024\/10\/Padron-1-1024x680-1.jpg\",\"datePublished\":\"2023-04-17T10:00:48+00:00\",\"dateModified\":\"2025-07-25T12:49:55+00:00\",\"breadcrumb\":{\"@id\":\"https:\/\/www.escapadarural.com\/blog\/padron-jose-cela-y-rosalia-de-castro\/#breadcrumb\"},\"inLanguage\":\"es\",\"potentialAction\":[{\"@type\":\"ReadAction\",\"target\":[\"https:\/\/www.escapadarural.com\/blog\/padron-jose-cela-y-rosalia-de-castro\/\"]}]},{\"@type\":\"ImageObject\",\"inLanguage\":\"es\",\"@id\":\"https:\/\/www.escapadarural.com\/blog\/padron-jose-cela-y-rosalia-de-castro\/#primaryimage\",\"url\":\"https:\/\/www.escapadarural.com\/blog\/wp-content\/uploads\/2024\/10\/Padron-1-1024x680-1.jpg\",\"contentUrl\":\"https:\/\/www.escapadarural.com\/blog\/wp-content\/uploads\/2024\/10\/Padron-1-1024x680-1.jpg\",\"width\":1024,\"height\":680,\"caption\":\"Iglesia y Puente de Padr\u00f3n. Por Fran Villena\"},{\"@type\":\"BreadcrumbList\",\"@id\":\"https:\/\/www.escapadarural.com\/blog\/padron-jose-cela-y-rosalia-de-castro\/#breadcrumb\",\"itemListElement\":[{\"@type\":\"ListItem\",\"position\":1,\"name\":\"Inicio\",\"item\":\"https:\/\/www.escapadarural.com\/blog\/\"},{\"@type\":\"ListItem\",\"position\":2,\"name\":\"Arte y Cultura\",\"item\":\"https:\/\/www.escapadarural.com\/blog\/categoria\/arte-y-cultura\/\"},{\"@type\":\"ListItem\",\"position\":3,\"name\":\"Padr\u00f3n: un paseo literario por la cuna de Cela y De Castro\"}]},{\"@type\":\"WebSite\",\"@id\":\"https:\/\/www.escapadarural.com\/blog\/#website\",\"url\":\"https:\/\/www.escapadarural.com\/blog\/\",\"name\":\"Blog de viajes | turismo rural, alojamientos e inspiraci\u00f3n\",\"description\":\"Alojamientos rurales e inspiraci\u00f3n para tus escapadas\",\"publisher\":{\"@id\":\"https:\/\/www.escapadarural.com\/blog\/#organization\"},\"alternateName\":\"Magazine de viajes de EscapadaRural\",\"potentialAction\":[{\"@type\":\"SearchAction\",\"target\":{\"@type\":\"EntryPoint\",\"urlTemplate\":\"https:\/\/www.escapadarural.com\/blog\/?s={search_term_string}\"},\"query-input\":{\"@type\":\"PropertyValueSpecification\",\"valueRequired\":true,\"valueName\":\"search_term_string\"}}],\"inLanguage\":\"es\"},{\"@type\":\"Organization\",\"@id\":\"https:\/\/www.escapadarural.com\/blog\/#organization\",\"name\":\"EscapadaRural\",\"url\":\"https:\/\/www.escapadarural.com\/blog\/\",\"logo\":{\"@type\":\"ImageObject\",\"inLanguage\":\"es\",\"@id\":\"https:\/\/www.escapadarural.com\/blog\/#\/schema\/logo\/image\/\",\"url\":\"https:\/\/www.escapadarural.com\/blog\/wp-content\/uploads\/2024\/10\/cropped-cropped-escapada-rural-icon-mag-3.png\",\"contentUrl\":\"https:\/\/www.escapadarural.com\/blog\/wp-content\/uploads\/2024\/10\/cropped-cropped-escapada-rural-icon-mag-3.png\",\"width\":512,\"height\":512,\"caption\":\"EscapadaRural\"},\"image\":{\"@id\":\"https:\/\/www.escapadarural.com\/blog\/#\/schema\/logo\/image\/\"},\"sameAs\":[\"https:\/\/www.facebook.com\/escapadarural\",\"https:\/\/www.instagram.com\/escapadarural\/\",\"https:\/\/www.youtube.com\/@escapadaruralcom\"]},{\"@type\":\"Person\",\"@id\":\"https:\/\/www.escapadarural.com\/blog\/#\/schema\/person\/d96b96281dd5b4a8b75a8b71c41b5a80\",\"name\":\"Emma Sexto\",\"image\":{\"@type\":\"ImageObject\",\"inLanguage\":\"es\",\"@id\":\"https:\/\/secure.gravatar.com\/avatar\/44e2ce7e003436b181e9ede917fe0141710c07220d1ea53cab2c3abf89c0f609?s=96&d=mm&r=g\",\"url\":\"https:\/\/secure.gravatar.com\/avatar\/44e2ce7e003436b181e9ede917fe0141710c07220d1ea53cab2c3abf89c0f609?s=96&d=mm&r=g\",\"contentUrl\":\"https:\/\/secure.gravatar.com\/avatar\/44e2ce7e003436b181e9ede917fe0141710c07220d1ea53cab2c3abf89c0f609?s=96&d=mm&r=g\",\"caption\":\"Emma Sexto\"},\"url\":\"https:\/\/www.escapadarural.com\/blog\/autor\/emma\/\"}]}<\/script>\n<!-- \/ Yoast SEO plugin. -->","yoast_head_json":{"title":"Padr\u00f3n: un paseo literario por la cuna de Cela y De Castro - EscapadaRural","robots":{"index":"index","follow":"follow","max-snippet":"max-snippet:-1","max-image-preview":"max-image-preview:large","max-video-preview":"max-video-preview:-1"},"canonical":"https:\/\/www.escapadarural.com\/blog\/padron-jose-cela-y-rosalia-de-castro\/","og_locale":"es_ES","og_type":"article","og_title":"Padr\u00f3n: un paseo literario por la cuna de Cela y De Castro - EscapadaRural","og_description":"Adem\u00e1s de los pimientos, la localidad coru\u00f1esa de Padr\u00f3n es conocida por haber sido el hogar de dos personajes literarios ilustres: Rosal\u00eda de Castro y Camilo Jos\u00e9 Cela","og_url":"https:\/\/www.escapadarural.com\/blog\/padron-jose-cela-y-rosalia-de-castro\/","og_site_name":"Magazine de viajes de EscapadaRural","article_publisher":"https:\/\/www.facebook.com\/escapadarural","article_published_time":"2023-04-17T10:00:48+00:00","article_modified_time":"2025-07-25T12:49:55+00:00","og_image":[{"width":1024,"height":680,"url":"https:\/\/www.escapadarural.com\/blog\/wp-content\/uploads\/2024\/10\/Padron-1-1024x680-1.jpg?v=1753447796","type":"image\/jpeg"}],"author":"Emma Sexto","twitter_card":"summary_large_image","twitter_misc":{"Escrito por":"Emma Sexto","Tiempo de lectura":"9 minutos"},"schema":{"@context":"https:\/\/schema.org","@graph":[{"@type":"Article","@id":"https:\/\/www.escapadarural.com\/blog\/padron-jose-cela-y-rosalia-de-castro\/#article","isPartOf":{"@id":"https:\/\/www.escapadarural.com\/blog\/padron-jose-cela-y-rosalia-de-castro\/"},"author":{"name":"Emma Sexto","@id":"https:\/\/www.escapadarural.com\/blog\/#\/schema\/person\/d96b96281dd5b4a8b75a8b71c41b5a80"},"headline":"Padr\u00f3n: un paseo literario por la cuna de Cela y De Castro","datePublished":"2023-04-17T10:00:48+00:00","dateModified":"2025-07-25T12:49:55+00:00","mainEntityOfPage":{"@id":"https:\/\/www.escapadarural.com\/blog\/padron-jose-cela-y-rosalia-de-castro\/"},"wordCount":1863,"commentCount":0,"publisher":{"@id":"https:\/\/www.escapadarural.com\/blog\/#organization"},"image":{"@id":"https:\/\/www.escapadarural.com\/blog\/padron-jose-cela-y-rosalia-de-castro\/#primaryimage"},"thumbnailUrl":"https:\/\/www.escapadarural.com\/blog\/wp-content\/uploads\/2024\/10\/Padron-1-1024x680-1.jpg","keywords":["A Coru\u00f1a","art\u00edculo","Galicia","literatura","Padr\u00f3n","pueblos"],"articleSection":["Arte y Cultura"],"inLanguage":"es","potentialAction":[{"@type":"CommentAction","name":"Comment","target":["https:\/\/www.escapadarural.com\/blog\/padron-jose-cela-y-rosalia-de-castro\/#respond"]}]},{"@type":"WebPage","@id":"https:\/\/www.escapadarural.com\/blog\/padron-jose-cela-y-rosalia-de-castro\/","url":"https:\/\/www.escapadarural.com\/blog\/padron-jose-cela-y-rosalia-de-castro\/","name":"Padr\u00f3n: un paseo literario por la cuna de Cela y De Castro - EscapadaRural","isPartOf":{"@id":"https:\/\/www.escapadarural.com\/blog\/#website"},"primaryImageOfPage":{"@id":"https:\/\/www.escapadarural.com\/blog\/padron-jose-cela-y-rosalia-de-castro\/#primaryimage"},"image":{"@id":"https:\/\/www.escapadarural.com\/blog\/padron-jose-cela-y-rosalia-de-castro\/#primaryimage"},"thumbnailUrl":"https:\/\/www.escapadarural.com\/blog\/wp-content\/uploads\/2024\/10\/Padron-1-1024x680-1.jpg","datePublished":"2023-04-17T10:00:48+00:00","dateModified":"2025-07-25T12:49:55+00:00","breadcrumb":{"@id":"https:\/\/www.escapadarural.com\/blog\/padron-jose-cela-y-rosalia-de-castro\/#breadcrumb"},"inLanguage":"es","potentialAction":[{"@type":"ReadAction","target":["https:\/\/www.escapadarural.com\/blog\/padron-jose-cela-y-rosalia-de-castro\/"]}]},{"@type":"ImageObject","inLanguage":"es","@id":"https:\/\/www.escapadarural.com\/blog\/padron-jose-cela-y-rosalia-de-castro\/#primaryimage","url":"https:\/\/www.escapadarural.com\/blog\/wp-content\/uploads\/2024\/10\/Padron-1-1024x680-1.jpg","contentUrl":"https:\/\/www.escapadarural.com\/blog\/wp-content\/uploads\/2024\/10\/Padron-1-1024x680-1.jpg","width":1024,"height":680,"caption":"Iglesia y Puente de Padr\u00f3n. Por Fran Villena"},{"@type":"BreadcrumbList","@id":"https:\/\/www.escapadarural.com\/blog\/padron-jose-cela-y-rosalia-de-castro\/#breadcrumb","itemListElement":[{"@type":"ListItem","position":1,"name":"Inicio","item":"https:\/\/www.escapadarural.com\/blog\/"},{"@type":"ListItem","position":2,"name":"Arte y Cultura","item":"https:\/\/www.escapadarural.com\/blog\/categoria\/arte-y-cultura\/"},{"@type":"ListItem","position":3,"name":"Padr\u00f3n: un paseo literario por la cuna de Cela y De Castro"}]},{"@type":"WebSite","@id":"https:\/\/www.escapadarural.com\/blog\/#website","url":"https:\/\/www.escapadarural.com\/blog\/","name":"Blog de viajes | turismo rural, alojamientos e inspiraci\u00f3n","description":"Alojamientos rurales e inspiraci\u00f3n para tus escapadas","publisher":{"@id":"https:\/\/www.escapadarural.com\/blog\/#organization"},"alternateName":"Magazine de viajes de EscapadaRural","potentialAction":[{"@type":"SearchAction","target":{"@type":"EntryPoint","urlTemplate":"https:\/\/www.escapadarural.com\/blog\/?s={search_term_string}"},"query-input":{"@type":"PropertyValueSpecification","valueRequired":true,"valueName":"search_term_string"}}],"inLanguage":"es"},{"@type":"Organization","@id":"https:\/\/www.escapadarural.com\/blog\/#organization","name":"EscapadaRural","url":"https:\/\/www.escapadarural.com\/blog\/","logo":{"@type":"ImageObject","inLanguage":"es","@id":"https:\/\/www.escapadarural.com\/blog\/#\/schema\/logo\/image\/","url":"https:\/\/www.escapadarural.com\/blog\/wp-content\/uploads\/2024\/10\/cropped-cropped-escapada-rural-icon-mag-3.png","contentUrl":"https:\/\/www.escapadarural.com\/blog\/wp-content\/uploads\/2024\/10\/cropped-cropped-escapada-rural-icon-mag-3.png","width":512,"height":512,"caption":"EscapadaRural"},"image":{"@id":"https:\/\/www.escapadarural.com\/blog\/#\/schema\/logo\/image\/"},"sameAs":["https:\/\/www.facebook.com\/escapadarural","https:\/\/www.instagram.com\/escapadarural\/","https:\/\/www.youtube.com\/@escapadaruralcom"]},{"@type":"Person","@id":"https:\/\/www.escapadarural.com\/blog\/#\/schema\/person\/d96b96281dd5b4a8b75a8b71c41b5a80","name":"Emma Sexto","image":{"@type":"ImageObject","inLanguage":"es","@id":"https:\/\/secure.gravatar.com\/avatar\/44e2ce7e003436b181e9ede917fe0141710c07220d1ea53cab2c3abf89c0f609?s=96&d=mm&r=g","url":"https:\/\/secure.gravatar.com\/avatar\/44e2ce7e003436b181e9ede917fe0141710c07220d1ea53cab2c3abf89c0f609?s=96&d=mm&r=g","contentUrl":"https:\/\/secure.gravatar.com\/avatar\/44e2ce7e003436b181e9ede917fe0141710c07220d1ea53cab2c3abf89c0f609?s=96&d=mm&r=g","caption":"Emma Sexto"},"url":"https:\/\/www.escapadarural.com\/blog\/autor\/emma\/"}]}},"_links":{"self":[{"href":"https:\/\/www.escapadarural.com\/blog\/wp-json\/wp\/v2\/posts\/57663","targetHints":{"allow":["GET"]}}],"collection":[{"href":"https:\/\/www.escapadarural.com\/blog\/wp-json\/wp\/v2\/posts"}],"about":[{"href":"https:\/\/www.escapadarural.com\/blog\/wp-json\/wp\/v2\/types\/post"}],"author":[{"embeddable":true,"href":"https:\/\/www.escapadarural.com\/blog\/wp-json\/wp\/v2\/users\/146"}],"replies":[{"embeddable":true,"href":"https:\/\/www.escapadarural.com\/blog\/wp-json\/wp\/v2\/comments?post=57663"}],"version-history":[{"count":0,"href":"https:\/\/www.escapadarural.com\/blog\/wp-json\/wp\/v2\/posts\/57663\/revisions"}],"wp:featuredmedia":[{"embeddable":true,"href":"https:\/\/www.escapadarural.com\/blog\/wp-json\/wp\/v2\/media\/97994"}],"wp:attachment":[{"href":"https:\/\/www.escapadarural.com\/blog\/wp-json\/wp\/v2\/media?parent=57663"}],"wp:term":[{"taxonomy":"category","embeddable":true,"href":"https:\/\/www.escapadarural.com\/blog\/wp-json\/wp\/v2\/categories?post=57663"},{"taxonomy":"post_tag","embeddable":true,"href":"https:\/\/www.escapadarural.com\/blog\/wp-json\/wp\/v2\/tags?post=57663"}],"curies":[{"name":"wp","href":"https:\/\/api.w.org\/{rel}","templated":true}]}}