{"id":57687,"date":"2023-03-13T11:05:27","date_gmt":"2023-03-13T10:05:27","guid":{"rendered":"https:\/\/www.escapadarural.com\/blog\/?p=57687"},"modified":"2025-07-21T11:57:09","modified_gmt":"2025-07-21T09:57:09","slug":"olivo-bimilenario-de-gorga-alicante","status":"publish","type":"post","link":"https:\/\/www.escapadarural.com\/blog\/olivo-bimilenario-de-gorga-alicante\/","title":{"rendered":"El olivo de Gorga en cuyo interior vivi\u00f3 una familia"},"content":{"rendered":"\n<figure class=\"wp-block-image size-large\"><a href=\"https:\/\/www.escapadarural.com\/blog\/wp-content\/uploads\/10293801005_f6c91e853c_k.jpg\"><img decoding=\"async\" src=\"https:\/\/www.escapadarural.com\/blog\/wp-content\/uploads\/2023\/03\/10293801005_f6c91e853c_k-1024x678-1.jpg\" alt=\"Olivo de Gorga\" class=\"wp-image-58748\"\/><\/a><figcaption class=\"wp-element-caption\">Olivo de Gorga. Por <a href=\"https:\/\/www.flickr.com\/photos\/susoalenda\/10293801005\/in\/photolist-gFCqpF\" target=\"_blank\">Jes\u00fas Alenda<\/a><\/figcaption><\/figure>\n\n\n\n<p>A mediados de la d\u00e9cada de los 80, comenz\u00f3 a emitirse en Espa\u00f1a una serie de dibujos animados que descubri\u00f3 al p\u00fablico infantil \u2013y a sus progenitores\u2013 un secreto de la naturaleza. En el bosque viven unos seres de no m\u00e1s de 15 cent\u00edmetros de altura y una longevidad de unos 400 a\u00f1os, ataviados con gorros largos y que no se dan besos con la boca, sino con la nariz. Son <strong>los gnomos y su representante televisivo es David<\/strong>, el m\u00e1s anciano del lugar, que ten\u00eda unas caracter\u00edsticas que a muchos a\u00fan les resonar\u00e1n en la mente gracias a la canci\u00f3n de cabecera: \u201csoy siete veces m\u00e1s fuerte que t\u00fa \/muy veloz y siempre estoy de buen humor\u201d.<\/p>\n\n\n\n<p>Otra de las peculiaridades de los gnomos es que viven en madrigueras o <strong>casitas hechas en los troncos de los \u00e1rboles<\/strong> (tambi\u00e9n lo dec\u00eda David: \u201caqu\u00ed en el bosque soy feliz \/ bajo un \u00e1rbol vivo yo \/junto a su ra\u00edz\u201d) no muy grandes, pero apa\u00f1adas. Nadie ha visto nunca a un gnomo en la vida real \u2013habr\u00e1 quien diga que s\u00ed\u2013 aunque s\u00ed se sabe que una familia vivi\u00f3 en el interior del tronco de un \u00e1rbol arraigado en Gorga, un pueblo de <a href=\"https:\/\/www.escapadarural.com\/casas-rurales\/alicante\">Alicante<\/a>.&nbsp;<\/p>\n\n\n\n<figure class=\"wp-block-image size-large\"><a href=\"https:\/\/www.escapadarural.com\/blog\/wp-content\/uploads\/Gorga-Olivera-bi-millenaria.jpg\"><img decoding=\"async\" src=\"https:\/\/www.escapadarural.com\/blog\/wp-content\/uploads\/2023\/03\/Gorga-Olivera-bi-millenaria-1024x681-1.jpg\" alt=\"Olivo de Gorga\" class=\"wp-image-58745\"\/><\/a><figcaption class=\"wp-element-caption\">Olivo de Gorga. Por <a href=\"https:\/\/www.gorga.es\/turismo\/fotos-y-multimedia\/\" target=\"_blank\" rel=\"noreferrer noopener\">Ayuntamiento de Gorga<\/a><\/figcaption><\/figure>\n\n\n\n<p>Ese grupo de personas se aloj\u00f3 all\u00ed<strong> <\/strong>a principios del siglo XX y a d\u00eda de hoy a\u00fan tiene puerta y ventanas. El di\u00e1metro del tronco mide m\u00e1s de 13 metros y sobrepasa los 7 metros de altura. Tal y como est\u00e1 el mercado del alquiler a d\u00eda de hoy, es posible encontrar apartamentos m\u00e1s peque\u00f1os que este espacio a un precio desorbitado: qui\u00e9n sabe si los troncos de los \u00e1rboles se pondr\u00e1n de moda entre los humanos tambi\u00e9n, aunque puede que a los gnomos no les haga mucha gracia la gentrificaci\u00f3n.<\/p>\n\n\n\n<p>El \u00e1rbol, que <strong>tiene m\u00e1s de 2.000 a\u00f1os<\/strong>, gan\u00f3 en 2010 el IV premio al mejor olivo monumental que concede la Asociaci\u00f3n Espa\u00f1ola de Municipios del Olivo. En su <a href=\"https:\/\/www.aemo.es\/slides\/slide\/fallo-olivo-2010-56\/download\" target=\"_blank\" rel=\"noreferrer noopener nofollow\">comunicado<\/a>, la organizaci\u00f3n declar\u00f3 que: \u201cEste olivo encarna la esencia milenaria del \u00e1rbol m\u00e1s mediterr\u00e1neo a la vez que sirvi\u00f3, literalmente, de morada y hogar para una familia a principios del siglo XX, lo cual es probado con una antigua y rom\u00e1ntica <a href=\"https:\/\/www.facebook.com\/photo\/?fbid=123599467677414&amp;set=a.123235231047171\" target=\"_blank\">fotograf\u00eda de \u00e9poca<\/a>. En la actualidad a\u00fan sigue siendo refugio de pastores y paseantes los d\u00edas de tormenta\u201d. <\/p>\n\n\n\n<figure class=\"wp-block-image size-large\"><a href=\"https:\/\/www.escapadarural.com\/blog\/wp-content\/uploads\/Gorga-Interior-olivo-milenario.jpg\"><img decoding=\"async\" src=\"https:\/\/www.escapadarural.com\/blog\/wp-content\/uploads\/2023\/03\/Gorga-Interior-olivo-milenario-1024x472-1.jpg\" alt=\"Olivo bimilenario de Gorga\" class=\"wp-image-58746\"\/><\/a><figcaption class=\"wp-element-caption\">Interior olivo de Gorga. Por Ayuntamiento de Gorga<\/figcaption><\/figure>\n\n\n\n<p>Adem\u00e1s, tambi\u00e9n especifican que: \u201cA pesar de su edad tiene una cosecha media anual de m\u00e1s de <strong>200 kg de aceituna<\/strong>\u201d.<\/p>\n\n\n\n<p>Rosa Ferr\u00e1ndiz es la actual propietaria del olivo y matiza a EscapadaRural que: \u201cNo es un refugio, tiene la peculiaridad que su tronco es hueco y dentro se aprovech\u00f3 para hacer una especie de bancos\u201d. Es decir, <strong>su entrada est\u00e1 abierta<\/strong> y dentro del tronco pueden sentarse m\u00e1s de diez personas a imaginarse c\u00f3mo ser\u00eda vivir en \u00e9l, ser un gnomo o a descansar. Las opciones dependen de cada persona.<\/p>\n\n\n<blockquote class=\"instagram-media\" data-instgrm-captioned=\"\" data-instgrm-permalink=\"https:\/\/www.instagram.com\/p\/CUVsu_QKTuj\/?utm_source=ig_embed&amp;utm_campaign=loading\" data-instgrm-version=\"14\" style=\" background:#FFF; border:0; border-radius:3px; box-shadow:0 0 1px 0 rgba(0,0,0,0.5),0 1px 10px 0 rgba(0,0,0,0.15); margin: 1px; max-width:540px; min-width:326px; padding:0; width:99.375%; width:-webkit-calc(100% - 2px); width:calc(100% - 2px);\">\n<div style=\"padding:16px;\"> <a href=\"https:\/\/www.instagram.com\/p\/CUVsu_QKTuj\/?utm_source=ig_embed&amp;utm_campaign=loading\" style=\" background:#FFFFFF; line-height:0; padding:0 0; text-align:center; text-decoration:none; width:100%;\" target=\"_blank\" rel=\"noopener\"> <\/p>\n<div style=\" display: flex; flex-direction: row; align-items: center;\">\n<div style=\"background-color: #F4F4F4; border-radius: 50%; flex-grow: 0; height: 40px; margin-right: 14px; width: 40px;\"><\/div>\n<div style=\"display: flex; flex-direction: column; flex-grow: 1; justify-content: center;\">\n<div style=\" background-color: #F4F4F4; border-radius: 4px; flex-grow: 0; height: 14px; margin-bottom: 6px; width: 100px;\"><\/div>\n<div style=\" background-color: #F4F4F4; border-radius: 4px; flex-grow: 0; height: 14px; width: 60px;\"><\/div>\n<\/div>\n<\/div>\n<div style=\"padding: 19% 0;\"><\/div>\n<div style=\"display:block; height:50px; margin:0 auto 12px; width:50px;\"><svg width=\"50px\" height=\"50px\" viewBox=\"0 0 60 60\" version=\"1.1\" xmlns=\"https:\/\/www.w3.org\/2000\/svg\" xmlns:xlink=\"https:\/\/www.w3.org\/1999\/xlink\"><g stroke=\"none\" stroke-width=\"1\" fill=\"none\" fill-rule=\"evenodd\"><g transform=\"translate(-511.000000, -20.000000)\" fill=\"#000000\"><g><path d=\"M556.869,30.41 C554.814,30.41 553.148,32.076 553.148,34.131 C553.148,36.186 554.814,37.852 556.869,37.852 C558.924,37.852 560.59,36.186 560.59,34.131 C560.59,32.076 558.924,30.41 556.869,30.41 M541,60.657 C535.114,60.657 530.342,55.887 530.342,50 C530.342,44.114 535.114,39.342 541,39.342 C546.887,39.342 551.658,44.114 551.658,50 C551.658,55.887 546.887,60.657 541,60.657 M541,33.886 C532.1,33.886 524.886,41.1 524.886,50 C524.886,58.899 532.1,66.113 541,66.113 C549.9,66.113 557.115,58.899 557.115,50 C557.115,41.1 549.9,33.886 541,33.886 M565.378,62.101 C565.244,65.022 564.756,66.606 564.346,67.663 C563.803,69.06 563.154,70.057 562.106,71.106 C561.058,72.155 560.06,72.803 558.662,73.347 C557.607,73.757 556.021,74.244 553.102,74.378 C549.944,74.521 548.997,74.552 541,74.552 C533.003,74.552 532.056,74.521 528.898,74.378 C525.979,74.244 524.393,73.757 523.338,73.347 C521.94,72.803 520.942,72.155 519.894,71.106 C518.846,70.057 518.197,69.06 517.654,67.663 C517.244,66.606 516.755,65.022 516.623,62.101 C516.479,58.943 516.448,57.996 516.448,50 C516.448,42.003 516.479,41.056 516.623,37.899 C516.755,34.978 517.244,33.391 517.654,32.338 C518.197,30.938 518.846,29.942 519.894,28.894 C520.942,27.846 521.94,27.196 523.338,26.654 C524.393,26.244 525.979,25.756 528.898,25.623 C532.057,25.479 533.004,25.448 541,25.448 C548.997,25.448 549.943,25.479 553.102,25.623 C556.021,25.756 557.607,26.244 558.662,26.654 C560.06,27.196 561.058,27.846 562.106,28.894 C563.154,29.942 563.803,30.938 564.346,32.338 C564.756,33.391 565.244,34.978 565.378,37.899 C565.522,41.056 565.552,42.003 565.552,50 C565.552,57.996 565.522,58.943 565.378,62.101 M570.82,37.631 C570.674,34.438 570.167,32.258 569.425,30.349 C568.659,28.377 567.633,26.702 565.965,25.035 C564.297,23.368 562.623,22.342 560.652,21.575 C558.743,20.834 556.562,20.326 553.369,20.18 C550.169,20.033 549.148,20 541,20 C532.853,20 531.831,20.033 528.631,20.18 C525.438,20.326 523.257,20.834 521.349,21.575 C519.376,22.342 517.703,23.368 516.035,25.035 C514.368,26.702 513.342,28.377 512.574,30.349 C511.834,32.258 511.326,34.438 511.181,37.631 C511.035,40.831 511,41.851 511,50 C511,58.147 511.035,59.17 511.181,62.369 C511.326,65.562 511.834,67.743 512.574,69.651 C513.342,71.625 514.368,73.296 516.035,74.965 C517.703,76.634 519.376,77.658 521.349,78.425 C523.257,79.167 525.438,79.673 528.631,79.82 C531.831,79.965 532.853,80.001 541,80.001 C549.148,80.001 550.169,79.965 553.369,79.82 C556.562,79.673 558.743,79.167 560.652,78.425 C562.623,77.658 564.297,76.634 565.965,74.965 C567.633,73.296 568.659,71.625 569.425,69.651 C570.167,67.743 570.674,65.562 570.82,62.369 C570.966,59.17 571,58.147 571,50 C571,41.851 570.966,40.831 570.82,37.631\"><\/path><\/g><\/g><\/g><\/svg><\/div>\n<div style=\"padding-top: 8px;\">\n<div style=\" color:#3897f0; font-family:Arial,sans-serif; font-size:14px; font-style:normal; font-weight:550; line-height:18px;\">Ver esta publicaci\u00f3n en Instagram<\/div>\n<\/div>\n<div style=\"padding: 12.5% 0;\"><\/div>\n<div style=\"display: flex; flex-direction: row; margin-bottom: 14px; align-items: center;\">\n<div>\n<div style=\"background-color: #F4F4F4; border-radius: 50%; height: 12.5px; width: 12.5px; transform: translateX(0px) translateY(7px);\"><\/div>\n<div style=\"background-color: #F4F4F4; height: 12.5px; transform: rotate(-45deg) translateX(3px) translateY(1px); width: 12.5px; flex-grow: 0; margin-right: 14px; margin-left: 2px;\"><\/div>\n<div style=\"background-color: #F4F4F4; border-radius: 50%; height: 12.5px; width: 12.5px; transform: translateX(9px) translateY(-18px);\"><\/div>\n<\/div>\n<div style=\"margin-left: 8px;\">\n<div style=\" background-color: #F4F4F4; border-radius: 50%; flex-grow: 0; height: 20px; width: 20px;\"><\/div>\n<div style=\" width: 0; height: 0; border-top: 2px solid transparent; border-left: 6px solid #f4f4f4; border-bottom: 2px solid transparent; transform: translateX(16px) translateY(-4px) rotate(30deg)\"><\/div>\n<\/div>\n<div style=\"margin-left: auto;\">\n<div style=\" width: 0px; border-top: 8px solid #F4F4F4; border-right: 8px solid transparent; transform: translateY(16px);\"><\/div>\n<div style=\" background-color: #F4F4F4; flex-grow: 0; height: 12px; width: 16px; transform: translateY(-4px);\"><\/div>\n<div style=\" width: 0; height: 0; border-top: 8px solid #F4F4F4; border-left: 8px solid transparent; transform: translateY(-4px) translateX(8px);\"><\/div>\n<\/div>\n<\/div>\n<div style=\"display: flex; flex-direction: column; flex-grow: 1; justify-content: center; margin-bottom: 24px;\">\n<div style=\" background-color: #F4F4F4; border-radius: 4px; flex-grow: 0; height: 14px; margin-bottom: 6px; width: 224px;\"><\/div>\n<div style=\" background-color: #F4F4F4; border-radius: 4px; flex-grow: 0; height: 14px; width: 144px;\"><\/div>\n<\/div>\n<p><\/a><\/p>\n<p style=\" color:#c9c8cd; font-family:Arial,sans-serif; font-size:14px; line-height:17px; margin-bottom:0; margin-top:8px; overflow:hidden; padding:8px 0 7px; text-align:center; text-overflow:ellipsis; white-space:nowrap;\"><a href=\"https:\/\/www.instagram.com\/p\/CUVsu_QKTuj\/?utm_source=ig_embed&amp;utm_campaign=loading\" style=\" color:#c9c8cd; font-family:Arial,sans-serif; font-size:14px; font-style:normal; font-weight:normal; line-height:17px; text-decoration:none;\" target=\"_blank\" rel=\"noopener\">Una publicaci\u00f3n compartida de Valencia Bonita (@valenciabonita_insta)<\/a><\/p>\n<\/div>\n<\/blockquote>\n<p> <script async=\"\" src=\"\/\/www.instagram.com\/embed.js\"><\/script><\/p>\n\n\n\n<p>Ferr\u00e1ndiz comenta que por sus caracter\u00edsticas, este olivo bimilenario puede considerarse una atracci\u00f3n tur\u00edstica vinculada al <a href=\"https:\/\/www.escapadarural.com\/blog\/pueblos-de-fantasia-que-visitar-en-julio\/\" title=\"5 pueblos de fantas\u00eda para visitar en julio\"  data-wpil-monitor-id=\"1223\">pueblo y que recibe bastantes visitas<\/a>. El \u00e1rea o partida en el que se encuentra se llama <a href=\"https:\/\/www.escapadarural.com\/casas-rurales\/subirats\">Subirats<\/a><strong> <\/strong>y la entrevistada comenta que: \u201cHay un dicho que ha pasado de generaci\u00f3n en generaci\u00f3n y dice \u2018Subirats, Subirats que rico ser\u00e1 el que lo encontrar\u00e1\u2019. No s\u00e9 si es que hay un tesoro escondido o <strong>el tesoro es el propio olivo<\/strong>\u201d.<\/p>\n\n\n\n<h2 class=\"wp-block-heading\" id=\"h-que-ver-en-gorga\"><strong>Qu\u00e9 ver en Gorga<\/strong><\/h2>\n\n\n\n<figure class=\"wp-block-image size-large\"><a href=\"https:\/\/www.escapadarural.com\/blog\/wp-content\/uploads\/AdobeStock_571217070-scaled.jpeg\"><img decoding=\"async\" src=\"https:\/\/www.escapadarural.com\/blog\/wp-content\/uploads\/2023\/03\/AdobeStock_571217070-1024x683-1.jpeg\" alt=\"Gorga olivos\" class=\"wp-image-58747\"\/><\/a><figcaption class=\"wp-element-caption\">Gorga, olivos. Por mirafoto<\/figcaption><\/figure>\n\n\n\n<p>Adem\u00e1s del olivo, el pueblo tiene numerosos atractivos. Seg\u00fan desgrana Ferr\u00e1ndiz, lo primero por lo que destaca es por su ubicaci\u00f3n y paisaje: \u201cEs un valle [el de la Seta] rodeado de sierras espectaculares como la <a href=\"https:\/\/www.escapadarural.com\/casas-rurales\/sierra-de-la-serrella\">Serrella<\/a>, <a href=\"https:\/\/www.escapadarural.com\/casas-rurales\/sierra-de-aitana\">Aitana<\/a> y Alfaro\u201d. Este entorno lo hace atractivo para los aficionados al senderismo, ya que hay numerosas rutas de monta\u00f1a.&nbsp;<\/p>\n\n\n\n<p>Una de ellas es la que lleva al pico de Pla de la Casa, que se sit\u00faa a m\u00e1s de 1.300 metros de altura en la mencionada sierra de la Serella. Su nivel de dificultad se sit\u00faa entre medio y dif\u00edcil, as\u00ed que es necesario tener experiencia en este tipo de actividades. Para quienes no lleguen a tal nivel, tambi\u00e9n <strong>hay recorridos m\u00e1s suaves<\/strong> para conocer los bancales y otras de las caracter\u00edsticas orogr\u00e1ficas de la zona, como el r\u00edo Seta.&nbsp;<\/p>\n\n\n\n<p>Adem\u00e1s, tambi\u00e9n destaca: \u201cLa iglesia parroquial dedicada a Nuestra Se\u00f1ora de la Asunci\u00f3n, que cuenta con retablo atribuido a Juan de Juanes y un \u00f3rgano de tubos de viento\u201d. Su construcci\u00f3n data de 1742. Otra de las construcciones interesantes de la localidad es el palacio que antiguamente perteneci\u00f3 a los Marqueses de Ariza<strong> <\/strong>y que se encuentra en la Plaza Mayor que, por supuesto, es de visita obligada.<\/p>\n\n\n\n<figure class=\"wp-block-image size-large\"><img decoding=\"async\" src=\"https:\/\/www.escapadarural.com\/blog\/wp-content\/uploads\/2023\/03\/Esglesia-de-la-Mare-de-Deu-de-Gracia-3-1024x713-1.jpg\" alt=\"Iglesia de Gorga\n\" class=\"wp-image-58749\"\/><figcaption class=\"wp-element-caption\">Por Ayuntamiento de Gorga<\/figcaption><\/figure>\n\n\n\n<p>Asimismo, tambi\u00e9n cuenta con un \u201cacueducto levantado con piedra de gran valor hist\u00f3rico\u201d, se\u00f1ala la due\u00f1a del olivo, que completa su declaraci\u00f3n se\u00f1alando que: \u201cEs un pueblo <strong>bien comunicado con las ciudades<\/strong> y que conserva servicios b\u00e1sicos como m\u00e9dico, farmacia, panader\u00eda tradicional, peluquer\u00eda, tienda de abastos, bar e incluso pub y, de momento, con bastante gente joven\u201d.<\/p>\n\n\n\n<p>Para disfrutar de la gastronom\u00eda de la zona, hay que buscar alg\u00fan sitio en el que oferten los siguientes platos: pericana, que es una mezcla de bacalao con pimientos rojos; la olleta, un guiso de pata, morro, panceta de cerdo, arroz, habichuelas blancas, lentejas, cardo y acelgas; o la borreta, otra receta hecha con espinacas, bacalao, patatas, pimiento rojo seco y un huevo por persona. Todo elaborado, por supuesto, con aceite de oliva.<\/p>\n\n\n\n<div class=\"wp-block-buttons is-layout-flex wp-block-buttons-is-layout-flex\">\n<div class=\"wp-block-button\"><a class=\"wp-block-button__link wp-element-button\" href=\"https:\/\/www.escapadarural.com\/casas-rurales\/alicante\">Casas rurales en Alicante<\/a><\/div>\n<\/div>\n","protected":false},"excerpt":{"rendered":"<p>Con un di\u00e1metro de 13 metros y una altura de 7 metros, este olivo bimilenario fue a principios del siglo XX la vivienda de una familia de Gorga, el pueblo alicantino donde se encuentra.<\/p>\n","protected":false},"author":114,"featured_media":186882,"comment_status":"open","ping_status":"open","sticky":false,"template":"","format":"standard","meta":{"_acf_changed":false,"om_disable_all_campaigns":false,"footnotes":""},"categories":[231],"tags":[674,260,4955,440,4956,4957,4958],"class_list":["post-57687","post","type-post","status-publish","format-standard","has-post-thumbnail","hentry","category-arte-y-cultura","tag-que-ver-en-alicante","tag-articulo","tag-gorga","tag-historias-y-curiosidades","tag-olivo","tag-sierra-aitana","tag-sierra-serella"],"acf":[],"featured_image_src":"https:\/\/www.escapadarural.com\/blog\/wp-content\/uploads\/2025\/01\/03_FotoRural_Premio3_ElOlivoCorazonMediterraneo_JoseRamonLunadelaOssa_WP03.webp","author_info":{"display_name":"Carmen L\u00f3pez","author_link":"https:\/\/www.escapadarural.com\/blog\/autor\/carmenlopez\/"},"yoast_head":"<!-- This site is optimized with the Yoast SEO plugin v27.5 - https:\/\/yoast.com\/product\/yoast-seo-wordpress\/ -->\n<title>El olivo de Gorga en cuyo interior vivi\u00f3 una familia - EscapadaRural<\/title>\n<meta name=\"robots\" content=\"index, follow, max-snippet:-1, max-image-preview:large, max-video-preview:-1\" \/>\n<link rel=\"canonical\" href=\"https:\/\/www.escapadarural.com\/blog\/olivo-bimilenario-de-gorga-alicante\/\" \/>\n<meta property=\"og:locale\" content=\"es_ES\" \/>\n<meta property=\"og:type\" content=\"article\" \/>\n<meta property=\"og:title\" content=\"El olivo de Gorga en cuyo interior vivi\u00f3 una familia - EscapadaRural\" \/>\n<meta property=\"og:description\" content=\"Con un di\u00e1metro de 13 metros y una altura de 7 metros, este olivo bimilenario fue a principios del siglo XX la vivienda de una familia de Gorga, el pueblo alicantino donde se encuentra.\" \/>\n<meta property=\"og:url\" content=\"https:\/\/www.escapadarural.com\/blog\/olivo-bimilenario-de-gorga-alicante\/\" \/>\n<meta property=\"og:site_name\" content=\"Magazine de viajes de EscapadaRural\" \/>\n<meta property=\"article:publisher\" content=\"https:\/\/www.facebook.com\/escapadarural\" \/>\n<meta property=\"article:published_time\" content=\"2023-03-13T10:05:27+00:00\" \/>\n<meta property=\"article:modified_time\" content=\"2025-07-21T09:57:09+00:00\" \/>\n<meta property=\"og:image\" content=\"https:\/\/www.escapadarural.com\/blog\/wp-content\/uploads\/2025\/01\/03_FotoRural_Premio3_ElOlivoCorazonMediterraneo_JoseRamonLunadelaOssa_WP03.webp?v=1753091830\" \/>\n\t<meta property=\"og:image:width\" content=\"1024\" \/>\n\t<meta property=\"og:image:height\" content=\"664\" \/>\n\t<meta property=\"og:image:type\" content=\"image\/webp\" \/>\n<meta name=\"author\" content=\"Carmen L\u00f3pez\" \/>\n<meta name=\"twitter:card\" content=\"summary_large_image\" \/>\n<meta name=\"twitter:label1\" content=\"Escrito por\" \/>\n\t<meta name=\"twitter:data1\" content=\"Carmen L\u00f3pez\" \/>\n\t<meta name=\"twitter:label2\" content=\"Tiempo de lectura\" \/>\n\t<meta name=\"twitter:data2\" content=\"5 minutos\" \/>\n<script type=\"application\/ld+json\" class=\"yoast-schema-graph\">{\"@context\":\"https:\\\/\\\/schema.org\",\"@graph\":[{\"@type\":\"Article\",\"@id\":\"https:\\\/\\\/www.escapadarural.com\\\/blog\\\/olivo-bimilenario-de-gorga-alicante\\\/#article\",\"isPartOf\":{\"@id\":\"https:\\\/\\\/www.escapadarural.com\\\/blog\\\/olivo-bimilenario-de-gorga-alicante\\\/\"},\"author\":{\"name\":\"Carmen L\u00f3pez\",\"@id\":\"https:\\\/\\\/www.escapadarural.com\\\/blog\\\/#\\\/schema\\\/person\\\/42dfdff6118172efc6a04c8ae599a2ce\"},\"headline\":\"El olivo de Gorga en cuyo interior vivi\u00f3 una familia\",\"datePublished\":\"2023-03-13T10:05:27+00:00\",\"dateModified\":\"2025-07-21T09:57:09+00:00\",\"mainEntityOfPage\":{\"@id\":\"https:\\\/\\\/www.escapadarural.com\\\/blog\\\/olivo-bimilenario-de-gorga-alicante\\\/\"},\"wordCount\":1025,\"commentCount\":3,\"publisher\":{\"@id\":\"https:\\\/\\\/www.escapadarural.com\\\/blog\\\/#organization\"},\"image\":{\"@id\":\"https:\\\/\\\/www.escapadarural.com\\\/blog\\\/olivo-bimilenario-de-gorga-alicante\\\/#primaryimage\"},\"thumbnailUrl\":\"https:\\\/\\\/www.escapadarural.com\\\/blog\\\/wp-content\\\/uploads\\\/2025\\\/01\\\/03_FotoRural_Premio3_ElOlivoCorazonMediterraneo_JoseRamonLunadelaOssa_WP03.webp\",\"keywords\":[\"Alicante\",\"art\u00edculo\",\"gorga\",\"Historias y Curiosidades\",\"olivo\",\"sierra aitana\",\"sierra serella\"],\"articleSection\":[\"Arte y Cultura\"],\"inLanguage\":\"es\",\"potentialAction\":[{\"@type\":\"CommentAction\",\"name\":\"Comment\",\"target\":[\"https:\\\/\\\/www.escapadarural.com\\\/blog\\\/olivo-bimilenario-de-gorga-alicante\\\/#respond\"]}]},{\"@type\":\"WebPage\",\"@id\":\"https:\\\/\\\/www.escapadarural.com\\\/blog\\\/olivo-bimilenario-de-gorga-alicante\\\/\",\"url\":\"https:\\\/\\\/www.escapadarural.com\\\/blog\\\/olivo-bimilenario-de-gorga-alicante\\\/\",\"name\":\"El olivo de Gorga en cuyo interior vivi\u00f3 una familia - EscapadaRural\",\"isPartOf\":{\"@id\":\"https:\\\/\\\/www.escapadarural.com\\\/blog\\\/#website\"},\"primaryImageOfPage\":{\"@id\":\"https:\\\/\\\/www.escapadarural.com\\\/blog\\\/olivo-bimilenario-de-gorga-alicante\\\/#primaryimage\"},\"image\":{\"@id\":\"https:\\\/\\\/www.escapadarural.com\\\/blog\\\/olivo-bimilenario-de-gorga-alicante\\\/#primaryimage\"},\"thumbnailUrl\":\"https:\\\/\\\/www.escapadarural.com\\\/blog\\\/wp-content\\\/uploads\\\/2025\\\/01\\\/03_FotoRural_Premio3_ElOlivoCorazonMediterraneo_JoseRamonLunadelaOssa_WP03.webp\",\"datePublished\":\"2023-03-13T10:05:27+00:00\",\"dateModified\":\"2025-07-21T09:57:09+00:00\",\"breadcrumb\":{\"@id\":\"https:\\\/\\\/www.escapadarural.com\\\/blog\\\/olivo-bimilenario-de-gorga-alicante\\\/#breadcrumb\"},\"inLanguage\":\"es\",\"potentialAction\":[{\"@type\":\"ReadAction\",\"target\":[\"https:\\\/\\\/www.escapadarural.com\\\/blog\\\/olivo-bimilenario-de-gorga-alicante\\\/\"]}]},{\"@type\":\"ImageObject\",\"inLanguage\":\"es\",\"@id\":\"https:\\\/\\\/www.escapadarural.com\\\/blog\\\/olivo-bimilenario-de-gorga-alicante\\\/#primaryimage\",\"url\":\"https:\\\/\\\/www.escapadarural.com\\\/blog\\\/wp-content\\\/uploads\\\/2025\\\/01\\\/03_FotoRural_Premio3_ElOlivoCorazonMediterraneo_JoseRamonLunadelaOssa_WP03.webp\",\"contentUrl\":\"https:\\\/\\\/www.escapadarural.com\\\/blog\\\/wp-content\\\/uploads\\\/2025\\\/01\\\/03_FotoRural_Premio3_ElOlivoCorazonMediterraneo_JoseRamonLunadelaOssa_WP03.webp\",\"width\":1024,\"height\":664,\"caption\":\"El Olivo, Coraz\u00f3n Mediterr\u00e1neo. Por Jos\u00e9 Ram\u00f3n Luna de la Ossa.\"},{\"@type\":\"BreadcrumbList\",\"@id\":\"https:\\\/\\\/www.escapadarural.com\\\/blog\\\/olivo-bimilenario-de-gorga-alicante\\\/#breadcrumb\",\"itemListElement\":[{\"@type\":\"ListItem\",\"position\":1,\"name\":\"Inicio\",\"item\":\"https:\\\/\\\/www.escapadarural.com\\\/blog\\\/\"},{\"@type\":\"ListItem\",\"position\":2,\"name\":\"Arte y Cultura\",\"item\":\"https:\\\/\\\/www.escapadarural.com\\\/blog\\\/categoria\\\/arte-y-cultura\\\/\"},{\"@type\":\"ListItem\",\"position\":3,\"name\":\"El olivo de Gorga en cuyo interior vivi\u00f3 una familia\"}]},{\"@type\":\"WebSite\",\"@id\":\"https:\\\/\\\/www.escapadarural.com\\\/blog\\\/#website\",\"url\":\"https:\\\/\\\/www.escapadarural.com\\\/blog\\\/\",\"name\":\"Blog de viajes | turismo rural, alojamientos e inspiraci\u00f3n\",\"description\":\"Alojamientos rurales e inspiraci\u00f3n para tus escapadas\",\"publisher\":{\"@id\":\"https:\\\/\\\/www.escapadarural.com\\\/blog\\\/#organization\"},\"alternateName\":\"Magazine de viajes de EscapadaRural\",\"potentialAction\":[{\"@type\":\"SearchAction\",\"target\":{\"@type\":\"EntryPoint\",\"urlTemplate\":\"https:\\\/\\\/www.escapadarural.com\\\/blog\\\/?s={search_term_string}\"},\"query-input\":{\"@type\":\"PropertyValueSpecification\",\"valueRequired\":true,\"valueName\":\"search_term_string\"}}],\"inLanguage\":\"es\"},{\"@type\":\"Organization\",\"@id\":\"https:\\\/\\\/www.escapadarural.com\\\/blog\\\/#organization\",\"name\":\"EscapadaRural\",\"url\":\"https:\\\/\\\/www.escapadarural.com\\\/blog\\\/\",\"logo\":{\"@type\":\"ImageObject\",\"inLanguage\":\"es\",\"@id\":\"https:\\\/\\\/www.escapadarural.com\\\/blog\\\/#\\\/schema\\\/logo\\\/image\\\/\",\"url\":\"https:\\\/\\\/www.escapadarural.com\\\/blog\\\/wp-content\\\/uploads\\\/2024\\\/10\\\/cropped-cropped-escapada-rural-icon-mag-3.png\",\"contentUrl\":\"https:\\\/\\\/www.escapadarural.com\\\/blog\\\/wp-content\\\/uploads\\\/2024\\\/10\\\/cropped-cropped-escapada-rural-icon-mag-3.png\",\"width\":512,\"height\":512,\"caption\":\"EscapadaRural\"},\"image\":{\"@id\":\"https:\\\/\\\/www.escapadarural.com\\\/blog\\\/#\\\/schema\\\/logo\\\/image\\\/\"},\"sameAs\":[\"https:\\\/\\\/www.facebook.com\\\/escapadarural\",\"https:\\\/\\\/www.instagram.com\\\/escapadarural\\\/\",\"https:\\\/\\\/www.youtube.com\\\/@escapadaruralcom\"]},{\"@type\":\"Person\",\"@id\":\"https:\\\/\\\/www.escapadarural.com\\\/blog\\\/#\\\/schema\\\/person\\\/42dfdff6118172efc6a04c8ae599a2ce\",\"name\":\"Carmen L\u00f3pez\",\"image\":{\"@type\":\"ImageObject\",\"inLanguage\":\"es\",\"@id\":\"https:\\\/\\\/www.escapadarural.com\\\/blog\\\/wp-content\\\/uploads\\\/2024\\\/11\\\/cropped-perfil_eldiario-96x96-1-96x96.jpeg\",\"url\":\"https:\\\/\\\/www.escapadarural.com\\\/blog\\\/wp-content\\\/uploads\\\/2024\\\/11\\\/cropped-perfil_eldiario-96x96-1-96x96.jpeg\",\"contentUrl\":\"https:\\\/\\\/www.escapadarural.com\\\/blog\\\/wp-content\\\/uploads\\\/2024\\\/11\\\/cropped-perfil_eldiario-96x96-1-96x96.jpeg\",\"caption\":\"Carmen L\u00f3pez\"},\"description\":\"Soy periodista y escribo sobre cosas que importan en sitios que interesan desde hace m\u00e1s de una d\u00e9cada.\",\"url\":\"https:\\\/\\\/www.escapadarural.com\\\/blog\\\/autor\\\/carmenlopez\\\/\"}]}<\/script>\n<!-- \/ Yoast SEO plugin. -->","yoast_head_json":{"title":"El olivo de Gorga en cuyo interior vivi\u00f3 una familia - EscapadaRural","robots":{"index":"index","follow":"follow","max-snippet":"max-snippet:-1","max-image-preview":"max-image-preview:large","max-video-preview":"max-video-preview:-1"},"canonical":"https:\/\/www.escapadarural.com\/blog\/olivo-bimilenario-de-gorga-alicante\/","og_locale":"es_ES","og_type":"article","og_title":"El olivo de Gorga en cuyo interior vivi\u00f3 una familia - EscapadaRural","og_description":"Con un di\u00e1metro de 13 metros y una altura de 7 metros, este olivo bimilenario fue a principios del siglo XX la vivienda de una familia de Gorga, el pueblo alicantino donde se encuentra.","og_url":"https:\/\/www.escapadarural.com\/blog\/olivo-bimilenario-de-gorga-alicante\/","og_site_name":"Magazine de viajes de EscapadaRural","article_publisher":"https:\/\/www.facebook.com\/escapadarural","article_published_time":"2023-03-13T10:05:27+00:00","article_modified_time":"2025-07-21T09:57:09+00:00","og_image":[{"width":1024,"height":664,"url":"https:\/\/www.escapadarural.com\/blog\/wp-content\/uploads\/2025\/01\/03_FotoRural_Premio3_ElOlivoCorazonMediterraneo_JoseRamonLunadelaOssa_WP03.webp?v=1753091830","type":"image\/webp"}],"author":"Carmen L\u00f3pez","twitter_card":"summary_large_image","twitter_misc":{"Escrito por":"Carmen L\u00f3pez","Tiempo de lectura":"5 minutos"},"schema":{"@context":"https:\/\/schema.org","@graph":[{"@type":"Article","@id":"https:\/\/www.escapadarural.com\/blog\/olivo-bimilenario-de-gorga-alicante\/#article","isPartOf":{"@id":"https:\/\/www.escapadarural.com\/blog\/olivo-bimilenario-de-gorga-alicante\/"},"author":{"name":"Carmen L\u00f3pez","@id":"https:\/\/www.escapadarural.com\/blog\/#\/schema\/person\/42dfdff6118172efc6a04c8ae599a2ce"},"headline":"El olivo de Gorga en cuyo interior vivi\u00f3 una familia","datePublished":"2023-03-13T10:05:27+00:00","dateModified":"2025-07-21T09:57:09+00:00","mainEntityOfPage":{"@id":"https:\/\/www.escapadarural.com\/blog\/olivo-bimilenario-de-gorga-alicante\/"},"wordCount":1025,"commentCount":3,"publisher":{"@id":"https:\/\/www.escapadarural.com\/blog\/#organization"},"image":{"@id":"https:\/\/www.escapadarural.com\/blog\/olivo-bimilenario-de-gorga-alicante\/#primaryimage"},"thumbnailUrl":"https:\/\/www.escapadarural.com\/blog\/wp-content\/uploads\/2025\/01\/03_FotoRural_Premio3_ElOlivoCorazonMediterraneo_JoseRamonLunadelaOssa_WP03.webp","keywords":["Alicante","art\u00edculo","gorga","Historias y Curiosidades","olivo","sierra aitana","sierra serella"],"articleSection":["Arte y Cultura"],"inLanguage":"es","potentialAction":[{"@type":"CommentAction","name":"Comment","target":["https:\/\/www.escapadarural.com\/blog\/olivo-bimilenario-de-gorga-alicante\/#respond"]}]},{"@type":"WebPage","@id":"https:\/\/www.escapadarural.com\/blog\/olivo-bimilenario-de-gorga-alicante\/","url":"https:\/\/www.escapadarural.com\/blog\/olivo-bimilenario-de-gorga-alicante\/","name":"El olivo de Gorga en cuyo interior vivi\u00f3 una familia - EscapadaRural","isPartOf":{"@id":"https:\/\/www.escapadarural.com\/blog\/#website"},"primaryImageOfPage":{"@id":"https:\/\/www.escapadarural.com\/blog\/olivo-bimilenario-de-gorga-alicante\/#primaryimage"},"image":{"@id":"https:\/\/www.escapadarural.com\/blog\/olivo-bimilenario-de-gorga-alicante\/#primaryimage"},"thumbnailUrl":"https:\/\/www.escapadarural.com\/blog\/wp-content\/uploads\/2025\/01\/03_FotoRural_Premio3_ElOlivoCorazonMediterraneo_JoseRamonLunadelaOssa_WP03.webp","datePublished":"2023-03-13T10:05:27+00:00","dateModified":"2025-07-21T09:57:09+00:00","breadcrumb":{"@id":"https:\/\/www.escapadarural.com\/blog\/olivo-bimilenario-de-gorga-alicante\/#breadcrumb"},"inLanguage":"es","potentialAction":[{"@type":"ReadAction","target":["https:\/\/www.escapadarural.com\/blog\/olivo-bimilenario-de-gorga-alicante\/"]}]},{"@type":"ImageObject","inLanguage":"es","@id":"https:\/\/www.escapadarural.com\/blog\/olivo-bimilenario-de-gorga-alicante\/#primaryimage","url":"https:\/\/www.escapadarural.com\/blog\/wp-content\/uploads\/2025\/01\/03_FotoRural_Premio3_ElOlivoCorazonMediterraneo_JoseRamonLunadelaOssa_WP03.webp","contentUrl":"https:\/\/www.escapadarural.com\/blog\/wp-content\/uploads\/2025\/01\/03_FotoRural_Premio3_ElOlivoCorazonMediterraneo_JoseRamonLunadelaOssa_WP03.webp","width":1024,"height":664,"caption":"El Olivo, Coraz\u00f3n Mediterr\u00e1neo. Por Jos\u00e9 Ram\u00f3n Luna de la Ossa."},{"@type":"BreadcrumbList","@id":"https:\/\/www.escapadarural.com\/blog\/olivo-bimilenario-de-gorga-alicante\/#breadcrumb","itemListElement":[{"@type":"ListItem","position":1,"name":"Inicio","item":"https:\/\/www.escapadarural.com\/blog\/"},{"@type":"ListItem","position":2,"name":"Arte y Cultura","item":"https:\/\/www.escapadarural.com\/blog\/categoria\/arte-y-cultura\/"},{"@type":"ListItem","position":3,"name":"El olivo de Gorga en cuyo interior vivi\u00f3 una familia"}]},{"@type":"WebSite","@id":"https:\/\/www.escapadarural.com\/blog\/#website","url":"https:\/\/www.escapadarural.com\/blog\/","name":"Blog de viajes | turismo rural, alojamientos e inspiraci\u00f3n","description":"Alojamientos rurales e inspiraci\u00f3n para tus escapadas","publisher":{"@id":"https:\/\/www.escapadarural.com\/blog\/#organization"},"alternateName":"Magazine de viajes de EscapadaRural","potentialAction":[{"@type":"SearchAction","target":{"@type":"EntryPoint","urlTemplate":"https:\/\/www.escapadarural.com\/blog\/?s={search_term_string}"},"query-input":{"@type":"PropertyValueSpecification","valueRequired":true,"valueName":"search_term_string"}}],"inLanguage":"es"},{"@type":"Organization","@id":"https:\/\/www.escapadarural.com\/blog\/#organization","name":"EscapadaRural","url":"https:\/\/www.escapadarural.com\/blog\/","logo":{"@type":"ImageObject","inLanguage":"es","@id":"https:\/\/www.escapadarural.com\/blog\/#\/schema\/logo\/image\/","url":"https:\/\/www.escapadarural.com\/blog\/wp-content\/uploads\/2024\/10\/cropped-cropped-escapada-rural-icon-mag-3.png","contentUrl":"https:\/\/www.escapadarural.com\/blog\/wp-content\/uploads\/2024\/10\/cropped-cropped-escapada-rural-icon-mag-3.png","width":512,"height":512,"caption":"EscapadaRural"},"image":{"@id":"https:\/\/www.escapadarural.com\/blog\/#\/schema\/logo\/image\/"},"sameAs":["https:\/\/www.facebook.com\/escapadarural","https:\/\/www.instagram.com\/escapadarural\/","https:\/\/www.youtube.com\/@escapadaruralcom"]},{"@type":"Person","@id":"https:\/\/www.escapadarural.com\/blog\/#\/schema\/person\/42dfdff6118172efc6a04c8ae599a2ce","name":"Carmen L\u00f3pez","image":{"@type":"ImageObject","inLanguage":"es","@id":"https:\/\/www.escapadarural.com\/blog\/wp-content\/uploads\/2024\/11\/cropped-perfil_eldiario-96x96-1-96x96.jpeg","url":"https:\/\/www.escapadarural.com\/blog\/wp-content\/uploads\/2024\/11\/cropped-perfil_eldiario-96x96-1-96x96.jpeg","contentUrl":"https:\/\/www.escapadarural.com\/blog\/wp-content\/uploads\/2024\/11\/cropped-perfil_eldiario-96x96-1-96x96.jpeg","caption":"Carmen L\u00f3pez"},"description":"Soy periodista y escribo sobre cosas que importan en sitios que interesan desde hace m\u00e1s de una d\u00e9cada.","url":"https:\/\/www.escapadarural.com\/blog\/autor\/carmenlopez\/"}]}},"_links":{"self":[{"href":"https:\/\/www.escapadarural.com\/blog\/wp-json\/wp\/v2\/posts\/57687","targetHints":{"allow":["GET"]}}],"collection":[{"href":"https:\/\/www.escapadarural.com\/blog\/wp-json\/wp\/v2\/posts"}],"about":[{"href":"https:\/\/www.escapadarural.com\/blog\/wp-json\/wp\/v2\/types\/post"}],"author":[{"embeddable":true,"href":"https:\/\/www.escapadarural.com\/blog\/wp-json\/wp\/v2\/users\/114"}],"replies":[{"embeddable":true,"href":"https:\/\/www.escapadarural.com\/blog\/wp-json\/wp\/v2\/comments?post=57687"}],"version-history":[{"count":0,"href":"https:\/\/www.escapadarural.com\/blog\/wp-json\/wp\/v2\/posts\/57687\/revisions"}],"wp:featuredmedia":[{"embeddable":true,"href":"https:\/\/www.escapadarural.com\/blog\/wp-json\/wp\/v2\/media\/186882"}],"wp:attachment":[{"href":"https:\/\/www.escapadarural.com\/blog\/wp-json\/wp\/v2\/media?parent=57687"}],"wp:term":[{"taxonomy":"category","embeddable":true,"href":"https:\/\/www.escapadarural.com\/blog\/wp-json\/wp\/v2\/categories?post=57687"},{"taxonomy":"post_tag","embeddable":true,"href":"https:\/\/www.escapadarural.com\/blog\/wp-json\/wp\/v2\/tags?post=57687"}],"curies":[{"name":"wp","href":"https:\/\/api.w.org\/{rel}","templated":true}]}}