{"id":57697,"date":"2023-02-04T08:00:00","date_gmt":"2023-02-04T07:00:00","guid":{"rendered":"https:\/\/www.escapadarural.com\/blog\/?p=57697"},"modified":"2025-08-12T16:35:36","modified_gmt":"2025-08-12T14:35:36","slug":"calonge-villa-del-libro-costa-brava","status":"publish","type":"post","link":"https:\/\/www.escapadarural.com\/blog\/calonge-villa-del-libro-costa-brava\/","title":{"rendered":"La segunda Booktown de Espa\u00f1a est\u00e1 en la Costa Brava"},"content":{"rendered":"\n<figure class=\"wp-block-image size-large\"><a href=\"https:\/\/www.escapadarural.com\/blog\/wp-content\/uploads\/AdobeStock_256235152-scaled.jpeg\"><img decoding=\"async\" src=\"https:\/\/www.escapadarural.com\/blog\/wp-content\/uploads\/2023\/02\/AdobeStock_256235152-1024x767-1.jpeg\" alt=\"Sant Antoni de Calonge\" class=\"wp-image-57837\"\/><\/a><figcaption class=\"wp-element-caption\">Sant Antoni de Calonge, la villa del libro catalana. Por Arpad<\/figcaption><\/figure>\n\n\n\n<p>Hay-on-Wye, en la brit\u00e1nica Herefordshire (Gales), siempre fue una aldea modesta y desconocida para la mayor\u00eda de mortales, con apenas dos mil habitantes que viv\u00edan al margen de un turismo que casi siempre pasaba de largo del lugar. Pero en 1962, el librero Richard Booth abri\u00f3 una librer\u00eda de segunda mano en la localidad y aquello cambiar\u00eda las cosas para siempre. El \u00e9xito rotundo de esta <em>bookshop<\/em> \u2014que lleg\u00f3 gracias al carisma, la tenacidad y el buen hacer de Booth\u2014 ejerci\u00f3 como un im\u00e1n para otros libreros con ganas de alquilar locales, abrir persianas y <strong>llenar el pueblo de libros<\/strong>, amantes de la literatura, editores y autores. <\/p>\n\n\n\n<p>En 1970, Hay-on-Wye contaba ya con 20 librer\u00edas (que a\u00fan hoy funcionan) y ser\u00eda proclamado como primer <strong><em>Booktown<\/em><\/strong> (ciudad del libro) del mundo; Booth a su vez se autoproclam\u00f3 rey del nuevo <em>Kingdom of Books<\/em> (reino de los libros) de Hay-on-Wye. A principios de los a\u00f1os 80 el peri\u00f3dico <em>The Guardian<\/em> organizar\u00eda en esta poblaci\u00f3n un festival literario internacional que a\u00fan hoy sigue celebr\u00e1ndose anualmente con gran repercusi\u00f3n medi\u00e1tica y presencia de autores c\u00e9lebres adem\u00e1s de otras personalidades destacadas del mundo de la cultura.<\/p>\n\n\n\n<figure class=\"wp-block-image size-large\"><a href=\"https:\/\/www.escapadarural.com\/blog\/wp-content\/uploads\/Hay_on_Wye_Bookshop2-scaled.jpg\"><img decoding=\"async\" src=\"https:\/\/www.escapadarural.com\/blog\/wp-content\/uploads\/2023\/02\/Hay_on_Wye_Bookshop2-1024x685-1.jpg\" alt=\"Hay-on-Wye\" class=\"wp-image-57842\"\/><\/a><figcaption class=\"wp-element-caption\">Hay-on-Wye. Por Nexxo<\/figcaption><\/figure>\n\n\n\n<p>Hoy d\u00eda Hay-on-Wye es todo un <strong>referente literario mundial<\/strong>, pero no es el \u00fanico. Tras ella nacieron muchos otros <em>Booktowns<\/em> permanentes en Europa y m\u00e1s all\u00e1. Ah\u00ed est\u00e1n, por ejemplo, Ebeltoft, Ingstrup, Skorping o Torup, en Dinamarca; Sedbergh en Inglaterra y Wigtown en Escocia; Montereggio en Italia; Redu en B\u00e9lgica o Featherstown en Nueva Zelanda por mencionar solo algunos. En nuestro pa\u00eds, la villa medieval de <strong>Calonge i Sant Antoni<\/strong>, situada en el <a href=\"https:\/\/www.escapadarural.com\/casas-rurales\/baix-emporda\">Baix Empord\u00e0<\/a> (<a href=\"https:\/\/www.escapadarural.com\/casas-rurales\/costa-brava\">Costa Brava<\/a>), es desde hace un a\u00f1o la primera ciudad del libro permanente de Catalu\u00f1a y el segundo de Espa\u00f1a despu\u00e9s de <strong>Urue\u00f1a<\/strong>, en Valladolid, que presume de ser <a href=\"https:\/\/www.escapadarural.com\/blog\/uruena-el-pueblo-de-los-libreros-con-pajaros-en-la-cabeza\/\">Villa del Libro<\/a> desde 2007.&nbsp;<\/p>\n\n\n\n<h2 class=\"wp-block-heading\" id=\"h-calonge-i-sant-antoni-la-primera-villa-del-libro-de-cataluna\">Calonge i Sant Antoni, la primera villa del libro de Catalu\u00f1a<\/h2>\n\n\n\n<figure class=\"wp-block-image size-large\"><a href=\"https:\/\/www.escapadarural.com\/blog\/wp-content\/uploads\/plaza-calonge-scaled.jpg\"><img decoding=\"async\" src=\"https:\/\/www.escapadarural.com\/blog\/wp-content\/uploads\/2023\/02\/plaza-calonge-1024x577-1.jpg\" alt=\"Plaza Mayor de Calonge\" class=\"wp-image-57841\"\/><\/a><figcaption class=\"wp-element-caption\">Plaza Mayor de Calonge. Por Talavan37<\/figcaption><\/figure>\n\n\n\n<p>La iniciativa catalana arranc\u00f3 del Ayuntamiento de <a href=\"https:\/\/www.escapadarural.com\/casas-rurales\/sant-antoni-de-calonge\">Calonge i Sant Antoni<\/a> que, con el objetivo de dinamizar el centro hist\u00f3rico \u2014siempre menos concurrido que sus barrios m\u00e1s playeros\u2014 y apostar por un comercio de proximidad que girara entorno a la literatura, decidi\u00f3 hacer un llamamiento a libreros de todo el territorio para que se instalaran aqu\u00ed. A la convocatoria contestaron m\u00e1s de 70 interesados de los que se escogieron siete propuestas que hoy son <strong>siete librer\u00edas independientes<\/strong>, cada una de ellas con un proyecto personal muy diferenciado del resto. Un a\u00f1o despu\u00e9s, en Calonge, que tiene poco m\u00e1s de 10.000 habitantes, el panorama ha cambiado por completo.<\/p>\n\n\n\n<p>En la calle y la plaza Major de Calonge se ubican tres de estas librer\u00edas, una de ellas es <strong>Rals Llibres <\/strong>(Major,13), tras la cual est\u00e1 Meritxell Rals. Una librera licenciada en Humanidades que, tras dedicarse toda una vida al mundo del libro por cuenta ajena, dej\u00f3 Barcelona para cumplir su sue\u00f1o y abrir su propio negocio en la Costa Brava. Rals Llibres es una librer\u00eda generalista y ilustrada con sus estantes dedicados al ensayo y a la narrativa.&nbsp;<\/p>\n\n\n\n<figure class=\"wp-block-image size-large\"><a href=\"https:\/\/www.escapadarural.com\/blog\/wp-content\/uploads\/CALONGE-booktown-mapa.jpg\"><img decoding=\"async\" src=\"https:\/\/www.escapadarural.com\/blog\/wp-content\/uploads\/2023\/02\/CALONGE-booktown-mapa-1024x933-1.jpg\" alt=\"Booktown Calonge\" class=\"wp-image-57838\"\/><\/a><figcaption class=\"wp-element-caption\">Booktown Calonge<\/figcaption><\/figure>\n\n\n\n<p>A poca distancia de Rals Llibres, ubicado en la casa en la que vivi\u00f3 el escritor local Pere Caner, se domicilia <strong>Calonge C\u00f2mics <\/strong>(Major, 27) especializada en c\u00f3mic americano y europeo, manga y novela gr\u00e1fica. Su ide\u00f3logo es Sergi Mart\u00ednez, que a su vez es dinamizador socio-cultural y dirije una discogr\u00e1fica online. En Calonge C\u00f3mics, Sergi tambi\u00e9n tiene un peque\u00f1o apartado dedicado a los juegos de mesa.<\/p>\n\n\n\n<p>En una esquina de la plaza Major, <strong>Libelista Calonge<\/strong>, es una librer\u00eda generalista que ofrece libros en catal\u00e1n, castellano, ingl\u00e9s, franc\u00e9s y alem\u00e1n. Su alma es Bel\u00e9n Vieyra, quien a su vez es escritora (<em>L&#8217;\u00c0nima<\/em>, <em>Continuando el viaje<\/em>, <em>\u00bfLa gloria eterna o la derrota incansable?<\/em>) y editora. Bel\u00e9n organiza numerosos eventos \u2014algo que tambi\u00e9n hacen el resto de librer\u00edas de la localidad\u2014 como clubs de lectura o vermuts literarios.<\/p>\n\n\n\n<figure class=\"wp-block-image size-large\"><a href=\"https:\/\/www.escapadarural.com\/blog\/wp-content\/uploads\/035_Placa_Major_Calonge_amb_el_Castell_a_lesquerra.jpg\"><img decoding=\"async\" src=\"https:\/\/www.escapadarural.com\/blog\/wp-content\/uploads\/2023\/02\/035_Placa_Major_Calonge_amb_el_Castell_a_lesquerra-1024x768-1.jpg\" alt=\"libelista calonge\" class=\"wp-image-57839\"\/><\/a><figcaption class=\"wp-element-caption\">Libelista Calonge. Por Enric<\/figcaption><\/figure>\n\n\n\n<p>Si desde la plaza Major bajamos hasta la calle Rutlla, all\u00ed encontramos <strong>Cocollona<\/strong> (Rutlla, 6) con libros que giran entorno a la tem\u00e1tica de la espiritualidad. El proyecto m\u00e1s m\u00edstico de todos es idea del joven franc\u00e9s Thomas Dufrene, un apasionado de las t\u00e9cnicas espirituales como la magia ceremonial o el chamanismo, que tambi\u00e9n ofrece charlas sobre esoterismo y lectura del tarot.&nbsp;<\/p>\n\n\n\n<p>Pegada a la Cocollona se ubica la <strong>Llibreria<\/strong> <strong>Orient <\/strong>(Rutlla, 6) capitaneada por Xavier Serra. Se trata de un proyecto cultural que incluye libros de pensamiento y medicina orientales, as\u00ed como de artes y culturas asi\u00e1ticas desde el T\u00edbet hasta Indonesia. Entre sus ofertas culturales se ofrecen lecturas y talleres, entre otros eventos que tienen a Oriente como centro tem\u00e1tico.<\/p>\n\n\n<blockquote class=\"instagram-media\" data-instgrm-captioned data-instgrm-permalink=\"https:\/\/www.instagram.com\/p\/ChsOp1mtUOW\/?utm_source=ig_embed&amp;utm_campaign=loading\" data-instgrm-version=\"14\" style=\" background:#FFF; border:0; border-radius:3px; box-shadow:0 0 1px 0 rgba(0,0,0,0.5),0 1px 10px 0 rgba(0,0,0,0.15); margin: 1px; max-width:540px; min-width:326px; padding:0; width:99.375%; width:-webkit-calc(100% - 2px); width:calc(100% - 2px);\">\n<div style=\"padding:16px;\"> <a href=\"https:\/\/www.instagram.com\/p\/ChsOp1mtUOW\/?utm_source=ig_embed&amp;utm_campaign=loading\" style=\" background:#FFFFFF; line-height:0; padding:0 0; text-align:center; text-decoration:none; width:100%;\" target=\"_blank\" rel=\"noopener\"> <\/p>\n<div style=\" display: flex; flex-direction: row; align-items: center;\">\n<div style=\"background-color: #F4F4F4; border-radius: 50%; flex-grow: 0; height: 40px; margin-right: 14px; width: 40px;\"><\/div>\n<div style=\"display: flex; flex-direction: column; flex-grow: 1; justify-content: center;\">\n<div style=\" background-color: #F4F4F4; border-radius: 4px; flex-grow: 0; height: 14px; margin-bottom: 6px; width: 100px;\"><\/div>\n<div style=\" background-color: #F4F4F4; border-radius: 4px; flex-grow: 0; height: 14px; width: 60px;\"><\/div>\n<\/div>\n<\/div>\n<div style=\"padding: 19% 0;\"><\/div>\n<div style=\"display:block; height:50px; margin:0 auto 12px; width:50px;\"><svg width=\"50px\" height=\"50px\" viewBox=\"0 0 60 60\" version=\"1.1\" xmlns=\"https:\/\/www.w3.org\/2000\/svg\" xmlns:xlink=\"https:\/\/www.w3.org\/1999\/xlink\"><g stroke=\"none\" stroke-width=\"1\" fill=\"none\" fill-rule=\"evenodd\"><g transform=\"translate(-511.000000, -20.000000)\" fill=\"#000000\"><g><path d=\"M556.869,30.41 C554.814,30.41 553.148,32.076 553.148,34.131 C553.148,36.186 554.814,37.852 556.869,37.852 C558.924,37.852 560.59,36.186 560.59,34.131 C560.59,32.076 558.924,30.41 556.869,30.41 M541,60.657 C535.114,60.657 530.342,55.887 530.342,50 C530.342,44.114 535.114,39.342 541,39.342 C546.887,39.342 551.658,44.114 551.658,50 C551.658,55.887 546.887,60.657 541,60.657 M541,33.886 C532.1,33.886 524.886,41.1 524.886,50 C524.886,58.899 532.1,66.113 541,66.113 C549.9,66.113 557.115,58.899 557.115,50 C557.115,41.1 549.9,33.886 541,33.886 M565.378,62.101 C565.244,65.022 564.756,66.606 564.346,67.663 C563.803,69.06 563.154,70.057 562.106,71.106 C561.058,72.155 560.06,72.803 558.662,73.347 C557.607,73.757 556.021,74.244 553.102,74.378 C549.944,74.521 548.997,74.552 541,74.552 C533.003,74.552 532.056,74.521 528.898,74.378 C525.979,74.244 524.393,73.757 523.338,73.347 C521.94,72.803 520.942,72.155 519.894,71.106 C518.846,70.057 518.197,69.06 517.654,67.663 C517.244,66.606 516.755,65.022 516.623,62.101 C516.479,58.943 516.448,57.996 516.448,50 C516.448,42.003 516.479,41.056 516.623,37.899 C516.755,34.978 517.244,33.391 517.654,32.338 C518.197,30.938 518.846,29.942 519.894,28.894 C520.942,27.846 521.94,27.196 523.338,26.654 C524.393,26.244 525.979,25.756 528.898,25.623 C532.057,25.479 533.004,25.448 541,25.448 C548.997,25.448 549.943,25.479 553.102,25.623 C556.021,25.756 557.607,26.244 558.662,26.654 C560.06,27.196 561.058,27.846 562.106,28.894 C563.154,29.942 563.803,30.938 564.346,32.338 C564.756,33.391 565.244,34.978 565.378,37.899 C565.522,41.056 565.552,42.003 565.552,50 C565.552,57.996 565.522,58.943 565.378,62.101 M570.82,37.631 C570.674,34.438 570.167,32.258 569.425,30.349 C568.659,28.377 567.633,26.702 565.965,25.035 C564.297,23.368 562.623,22.342 560.652,21.575 C558.743,20.834 556.562,20.326 553.369,20.18 C550.169,20.033 549.148,20 541,20 C532.853,20 531.831,20.033 528.631,20.18 C525.438,20.326 523.257,20.834 521.349,21.575 C519.376,22.342 517.703,23.368 516.035,25.035 C514.368,26.702 513.342,28.377 512.574,30.349 C511.834,32.258 511.326,34.438 511.181,37.631 C511.035,40.831 511,41.851 511,50 C511,58.147 511.035,59.17 511.181,62.369 C511.326,65.562 511.834,67.743 512.574,69.651 C513.342,71.625 514.368,73.296 516.035,74.965 C517.703,76.634 519.376,77.658 521.349,78.425 C523.257,79.167 525.438,79.673 528.631,79.82 C531.831,79.965 532.853,80.001 541,80.001 C549.148,80.001 550.169,79.965 553.369,79.82 C556.562,79.673 558.743,79.167 560.652,78.425 C562.623,77.658 564.297,76.634 565.965,74.965 C567.633,73.296 568.659,71.625 569.425,69.651 C570.167,67.743 570.674,65.562 570.82,62.369 C570.966,59.17 571,58.147 571,50 C571,41.851 570.966,40.831 570.82,37.631\"><\/path><\/g><\/g><\/g><\/svg><\/div>\n<div style=\"padding-top: 8px;\">\n<div style=\" color:#3897f0; font-family:Arial,sans-serif; font-size:14px; font-style:normal; font-weight:550; line-height:18px;\">Ver esta publicaci\u00f3n en Instagram<\/div>\n<\/div>\n<div style=\"padding: 12.5% 0;\"><\/div>\n<div style=\"display: flex; flex-direction: row; margin-bottom: 14px; align-items: center;\">\n<div>\n<div style=\"background-color: #F4F4F4; border-radius: 50%; height: 12.5px; width: 12.5px; transform: translateX(0px) translateY(7px);\"><\/div>\n<div style=\"background-color: #F4F4F4; height: 12.5px; transform: rotate(-45deg) translateX(3px) translateY(1px); width: 12.5px; flex-grow: 0; margin-right: 14px; margin-left: 2px;\"><\/div>\n<div style=\"background-color: #F4F4F4; border-radius: 50%; height: 12.5px; width: 12.5px; transform: translateX(9px) translateY(-18px);\"><\/div>\n<\/div>\n<div style=\"margin-left: 8px;\">\n<div style=\" background-color: #F4F4F4; border-radius: 50%; flex-grow: 0; height: 20px; width: 20px;\"><\/div>\n<div style=\" width: 0; height: 0; border-top: 2px solid transparent; border-left: 6px solid #f4f4f4; border-bottom: 2px solid transparent; transform: translateX(16px) translateY(-4px) rotate(30deg)\"><\/div>\n<\/div>\n<div style=\"margin-left: auto;\">\n<div style=\" width: 0px; border-top: 8px solid #F4F4F4; border-right: 8px solid transparent; transform: translateY(16px);\"><\/div>\n<div style=\" background-color: #F4F4F4; flex-grow: 0; height: 12px; width: 16px; transform: translateY(-4px);\"><\/div>\n<div style=\" width: 0; height: 0; border-top: 8px solid #F4F4F4; border-left: 8px solid transparent; transform: translateY(-4px) translateX(8px);\"><\/div>\n<\/div>\n<\/div>\n<div style=\"display: flex; flex-direction: column; flex-grow: 1; justify-content: center; margin-bottom: 24px;\">\n<div style=\" background-color: #F4F4F4; border-radius: 4px; flex-grow: 0; height: 14px; margin-bottom: 6px; width: 224px;\"><\/div>\n<div style=\" background-color: #F4F4F4; border-radius: 4px; flex-grow: 0; height: 14px; width: 144px;\"><\/div>\n<\/div>\n<p><\/a><\/p>\n<p style=\" color:#c9c8cd; font-family:Arial,sans-serif; font-size:14px; line-height:17px; margin-bottom:0; margin-top:8px; overflow:hidden; padding:8px 0 7px; text-align:center; text-overflow:ellipsis; white-space:nowrap;\"><a href=\"https:\/\/www.instagram.com\/p\/ChsOp1mtUOW\/?utm_source=ig_embed&amp;utm_campaign=loading\" style=\" color:#c9c8cd; font-family:Arial,sans-serif; font-size:14px; font-style:normal; font-weight:normal; line-height:17px; text-decoration:none;\" target=\"_blank\" rel=\"noopener\">Una publicaci\u00f3n compartida de Llibreria Orient (@llibreriaorient)<\/a><\/p>\n<\/div>\n<\/blockquote>\n<p> <script async src=\"\/\/www.instagram.com\/embed.js\"><\/script><\/p>\n\n\n\n<p>Sin dejar la calle Rutlla, llegamos a <strong>Llibooks<\/strong> (Rutlla, 10) de Eva Salmoral, quien tambi\u00e9n regenta la librer\u00eda Lectonauta en Sant Feliu de Gu\u00edxols. Ambos locales est\u00e1n especializados en literatura infantil y juvenil, una materia que Eva \u2014que es T\u00e9cnica en Jard\u00edn de Infancia y que ha dado varios cursos de literatura infantil\u2014 conoce muy bien.<\/p>\n\n\n\n<p>En la misma calle encontramos <strong>La Viatgeria<\/strong> (Rutlla, 12) a cuyo tim\u00f3n est\u00e1n Cristina Vil\u00e0 y Xavier Bast\u00fas, una librer\u00eda especializada en libros de viajes que a su vez es tambi\u00e9n agencia de viajes. En ella se encuentran desde gu\u00edas hasta mapas pasando por literatura de los cinco continentes y tambi\u00e9n toda una secci\u00f3n de ensayo dedicada a temas de actualidad como el cambio clim\u00e1tico y la sostenibilidad.<\/p>\n\n\n\n<p>Y, por \u00faltimo, otra librer\u00eda que no estaba en el proyecto inicial, <strong>La F\u00e0brica <\/strong>(pla\u00e7a major, 1) que acaba de abrir puertas demostrando que el proyecto de Calonge como <strong>Booktown<\/strong> va viento en popa. Su impulsora es L\u00eddia Lobato, quien ha creado un acogedor espacio dedicado a los libros de m\u00fasica en el que tambi\u00e9n se ofrecer\u00e1n conciertos, maridajes y catas de vino.&nbsp;<\/p>\n\n\n\n<h2 class=\"wp-block-heading\" id=\"h-libros-y-vinos\">Libros y vinos<\/h2>\n\n\n\n<figure class=\"wp-block-image size-large\"><a href=\"https:\/\/www.escapadarural.com\/blog\/wp-content\/uploads\/AdobeStock_92363619-scaled.jpeg\"><img decoding=\"async\" src=\"https:\/\/www.escapadarural.com\/blog\/wp-content\/uploads\/2023\/02\/AdobeStock_92363619-1024x683-1.jpeg\" alt=\"Vi\u00f1edos en L\u00b4Empord\u00e0\" class=\"wp-image-57852\"\/><\/a><figcaption class=\"wp-element-caption\">Vi\u00f1edos en L\u00b4Empord\u00e0. Por funkyfrogstock<\/figcaption><\/figure>\n\n\n\n<p>Cabe decir que junto a los libros \u2014y el legado romano y medieval, senderos como el Cam\u00ed de Ronda, las playas y calas&#8230;\u2014 tambi\u00e9n el vino es uno de los grandes activos tur\u00edsticos y gastron\u00f3micos de Calonge i Sant Antoni. En la localidad se ubican tres productores que trabajan bajo el paraguas de la <strong>Denominaci\u00f3n de Origen Empord\u00e0<\/strong> (Vin\u00edric, Clos d&#8217;Agon y Mas Eugeni) y 21 bodegas m\u00e1s que elaboran algo muy propio y caracter\u00edstico de Calonge: el vino <em>de pag\u00e8s<\/em>. <\/p>\n\n\n\n<p>Se trata de un producto \u00fanico elaborado por los agricultores locales siguiendo m\u00e9todos ancestrales, esto es, que se madura en barriles centenarios, que no utiliza elementos ex\u00f3genos como los sulfitos y que usa variedades locales que hace ya mucho se extinguieron en la pen\u00ednsula. Los vinos <em>de pag\u00e8s<\/em> se venden en las mas\u00edas, vienen sin etiquetar e \u2014igual que sus hermanos de territorio, los vinos de la D.O. Empord\u00e0\u2014 son el complemento perfecto para una tarde de lectura.<\/p>\n\n\n\n<div class=\"wp-block-buttons is-layout-flex wp-block-buttons-is-layout-flex\">\n<div class=\"wp-block-button\"><a class=\"wp-block-button__link wp-element-button\" href=\"https:\/\/www.escapadarural.com\/casas-rurales\/costa-brava\">Casas rurales en la Costa Brava<\/a><\/div>\n<\/div>\n\n\n\n<h2 class=\"wp-block-heading\" id=\"h-que-mas-ver-en-la-costa-brava\">Qu\u00e9 m\u00e1s ver en la Costa Brava<\/h2>\n\n\n<section class=\"wp-block-ub-post-grid ub-block-post-grid align  is-equal-height preserve-post-image-aspect-ratio\" style=\"\" id=\"ub-post-grid-\"><div class=\"ub-post-grid-items is-list\" style=\"row-gap: 32px; column-gap: 32px; \"><article id=\"post-216008\" class=\"ub-post-grid-item post-216008 post type-post status-publish format-standard has-post-thumbnail hentry category-alojamientos-rurales category-destinos tag-amigos tag-articulo tag-casas-rurales tag-que-ver-en-cataluna tag-costa-brava tag-ecologia tag-el-bosc-dali-baba tag-entrevista tag-familia tag-floracion tag-que-ver-en-girona tag-primavera tag-sant-tomas-de-fluvia\" style=\"\"><div class=\"ub-block-post-grid-image\" style=\"\"><a href=\"https:\/\/www.escapadarural.com\/blog\/el-bosc-ali-baba-jardin-techo\/\" rel=\"bookmark\" aria-hidden=\"true\" tabindex=\"-1\"><img loading=\"lazy\" decoding=\"async\" width=\"2048\" height=\"1518\" src=\"https:\/\/www.escapadarural.com\/blog\/wp-content\/uploads\/2026\/04\/5b407317ad749-scaled.jpeg\" class=\"attachment-full size-full\" alt=\"Tejado vegetal de El Bosc d\u2019Ali Baba (Girona)\" style=\"max-width: 600px; \" srcset=\"https:\/\/www.escapadarural.com\/blog\/wp-content\/uploads\/2026\/04\/5b407317ad749-200x148.jpeg 200w, https:\/\/www.escapadarural.com\/blog\/wp-content\/uploads\/2026\/04\/5b407317ad749-300x222.jpeg 300w, https:\/\/www.escapadarural.com\/blog\/wp-content\/uploads\/2026\/04\/5b407317ad749-400x297.jpeg 400w, https:\/\/www.escapadarural.com\/blog\/wp-content\/uploads\/2026\/04\/5b407317ad749-600x445.jpeg 600w, https:\/\/www.escapadarural.com\/blog\/wp-content\/uploads\/2026\/04\/5b407317ad749-768x569.jpeg 768w, https:\/\/www.escapadarural.com\/blog\/wp-content\/uploads\/2026\/04\/5b407317ad749-800x593.jpeg 800w, https:\/\/www.escapadarural.com\/blog\/wp-content\/uploads\/2026\/04\/5b407317ad749-1024x759.jpeg 1024w, https:\/\/www.escapadarural.com\/blog\/wp-content\/uploads\/2026\/04\/5b407317ad749-1200x890.jpeg 1200w, https:\/\/www.escapadarural.com\/blog\/wp-content\/uploads\/2026\/04\/5b407317ad749-1536x1139.jpeg 1536w, https:\/\/www.escapadarural.com\/blog\/wp-content\/uploads\/2026\/04\/5b407317ad749-scaled.jpeg 2048w\" sizes=\"auto, (max-width: 2048px) 100vw, 2048px\"><\/a><\/div><div class=\"ub-block-post-grid-text\" style=\"\"><div class=\"ub-block-post-grid-header-content\"><header class=\"ub-block-post-grid-header\"><h3 class=\"ub-block-post-grid-title\"><a style=\"\" href=\"https:\/\/www.escapadarural.com\/blog\/el-bosc-ali-baba-jardin-techo\/\" rel=\"bookmark\">Bajo un jard\u00edn de flores en el techo: el rinc\u00f3n de cuento en el que querr\u00e1s despertarte<\/a><\/h3><\/header><\/div><div class=\"ub-block-post-grid-excerpt\"><div class=\"ub-block-post-grid-excerpt-text\" style=\"\"><p>Abrir los ojos y encontrarte bajo las flores. Este jard\u00edn en el techo transforma tu estancia en algo m\u00e1gico como si estuvieras dentro de un cuento<\/p>\n<\/div><\/div><\/div><\/article>\n<article id=\"post-208805\" class=\"ub-post-grid-item post-208805 post type-post status-publish format-standard has-post-thumbnail hentry category-destinos tag-arrozales tag-que-ver-en-cataluna tag-costa-brava tag-familia tag-que-ver-en-girona tag-medieval tag-pals\" style=\"\"><div class=\"ub-block-post-grid-image\" style=\"\"><a href=\"https:\/\/www.escapadarural.com\/blog\/que-hacer-en-pals\/\" rel=\"bookmark\" aria-hidden=\"true\" tabindex=\"-1\"><img loading=\"lazy\" decoding=\"async\" width=\"2048\" height=\"1365\" src=\"https:\/\/www.escapadarural.com\/blog\/wp-content\/uploads\/2021\/03\/shutterstock_192441479.jpg\" class=\"attachment-full size-full\" alt=\"Pals (Girona).\" style=\"max-width: 600px; \" srcset=\"https:\/\/www.escapadarural.com\/blog\/wp-content\/uploads\/2021\/03\/shutterstock_192441479-200x133.jpg 200w, https:\/\/www.escapadarural.com\/blog\/wp-content\/uploads\/2021\/03\/shutterstock_192441479-300x200.jpg 300w, https:\/\/www.escapadarural.com\/blog\/wp-content\/uploads\/2021\/03\/shutterstock_192441479-400x267.jpg 400w, https:\/\/www.escapadarural.com\/blog\/wp-content\/uploads\/2021\/03\/shutterstock_192441479-600x400.jpg 600w, https:\/\/www.escapadarural.com\/blog\/wp-content\/uploads\/2021\/03\/shutterstock_192441479-768x512.jpg 768w, https:\/\/www.escapadarural.com\/blog\/wp-content\/uploads\/2021\/03\/shutterstock_192441479-800x533.jpg 800w, https:\/\/www.escapadarural.com\/blog\/wp-content\/uploads\/2021\/03\/shutterstock_192441479-1024x683.jpg 1024w, https:\/\/www.escapadarural.com\/blog\/wp-content\/uploads\/2021\/03\/shutterstock_192441479-1200x800.jpg 1200w, https:\/\/www.escapadarural.com\/blog\/wp-content\/uploads\/2021\/03\/shutterstock_192441479-1536x1024.jpg 1536w, https:\/\/www.escapadarural.com\/blog\/wp-content\/uploads\/2021\/03\/shutterstock_192441479.jpg 2048w\" sizes=\"auto, (max-width: 2048px) 100vw, 2048px\"><\/a><\/div><div class=\"ub-block-post-grid-text\" style=\"\"><div class=\"ub-block-post-grid-header-content\"><header class=\"ub-block-post-grid-header\"><h3 class=\"ub-block-post-grid-title\"><a style=\"\" href=\"https:\/\/www.escapadarural.com\/blog\/que-hacer-en-pals\/\" rel=\"bookmark\">Qu\u00e9 hacer en Pals, la joya medieval de Girona entre arrozales y mar<\/a><\/h3><\/header><\/div><div class=\"ub-block-post-grid-excerpt\"><div class=\"ub-block-post-grid-excerpt-text\" style=\"\"><p>Rodeado de arrozales, dunas y marismas, y con vistas al mar y al macizo del Montgr\u00ed e islas Medes, Pals ofrece un refugio rural con sabor medieval y belleza natural<\/p>\n<\/div><\/div><\/div><\/article>\n<article id=\"post-203554\" class=\"ub-post-grid-item post-203554 post type-post status-publish format-standard has-post-thumbnail hentry category-rutas-y-excursiones tag-que-ver-en-cataluna tag-costa-brava tag-deportes-aventura tag-que-ver-en-girona tag-rutas tag-sant-feliu-de-guixols tag-turismo-activo tag-verano tag-via-ferrata-cala-del-moli\" style=\"\"><div class=\"ub-block-post-grid-image\" style=\"\"><a href=\"https:\/\/www.escapadarural.com\/blog\/via-ferrata-cala-del-moli-girona\/\" rel=\"bookmark\" aria-hidden=\"true\" tabindex=\"-1\"><img loading=\"lazy\" decoding=\"async\" width=\"1200\" height=\"800\" src=\"https:\/\/www.escapadarural.com\/blog\/wp-content\/uploads\/2025\/06\/AdobeStock_266587739_ferrata3-scaled-e1751458173472.webp\" class=\"attachment-full size-full\" alt=\"V\u00eda ferrata Cala del Mol\u00ed. Por Miguel.\" style=\"max-width: 600px; \"><\/a><\/div><div class=\"ub-block-post-grid-text\" style=\"\"><div class=\"ub-block-post-grid-header-content\"><header class=\"ub-block-post-grid-header\"><h3 class=\"ub-block-post-grid-title\"><a style=\"\" href=\"https:\/\/www.escapadarural.com\/blog\/via-ferrata-cala-del-moli-girona\/\" rel=\"bookmark\">Solo hay una v\u00eda ferrata sobre el mar en toda Europa y est\u00e1 en esta preciosa cala de la Costa Brava<\/a><\/h3><\/header><\/div><div class=\"ub-block-post-grid-excerpt\"><div class=\"ub-block-post-grid-excerpt-text\" style=\"\"><p>La v\u00eda ferrata Cala del Mol\u00ed, en Sant Feliu de Gu\u00edxols (Girona), es famosa por ser la \u00fanica que transcurre sobre el mar. <\/p>\n<\/div><\/div><\/div><\/article>\n<article id=\"post-201614\" class=\"ub-post-grid-item post-201614 post type-post status-publish format-standard has-post-thumbnail hentry category-arte-y-cultura tag-que-ver-en-cataluna tag-costa-brava tag-que-ver-en-girona tag-jardines-de-santa-clotilde tag-lloret-de-mar tag-parques\" style=\"\"><div class=\"ub-block-post-grid-image\" style=\"\"><a href=\"https:\/\/www.escapadarural.com\/blog\/jardines-santa-clotilde-lloret-de-mar\/\" rel=\"bookmark\" aria-hidden=\"true\" tabindex=\"-1\"><img loading=\"lazy\" decoding=\"async\" width=\"1200\" height=\"800\" src=\"https:\/\/www.escapadarural.com\/blog\/wp-content\/uploads\/2025\/05\/AdobeStock_209495426_clotilde_sirenas-scaled-e1750254041380.webp\" class=\"attachment-full size-full\" alt=\"Escalinata de las sirenas en los Jardines de Santa Clotilde, en Lloret de Mar. Por Mistervlad.\" style=\"max-width: 600px; \"><\/a><\/div><div class=\"ub-block-post-grid-text\" style=\"\"><div class=\"ub-block-post-grid-header-content\"><header class=\"ub-block-post-grid-header\"><h3 class=\"ub-block-post-grid-title\"><a style=\"\" href=\"https:\/\/www.escapadarural.com\/blog\/jardines-santa-clotilde-lloret-de-mar\/\" rel=\"bookmark\">Los jardines escondidos en la Costa Brava que enamoran m\u00e1s que Versalles<\/a><\/h3><\/header><\/div><div class=\"ub-block-post-grid-excerpt\"><div class=\"ub-block-post-grid-excerpt-text\" style=\"\"><p>Lloret de Mar tiene un espacio en el que el paisajismo renacentista tiene un lugar privilegiado. Se trata de los Jardines de Santa Clotilde, el sue\u00f1o del marqu\u00e9s de Roviralta, que ahora est\u00e1 abierto a todo el que quiera disfrutarlo.<\/p>\n<\/div><\/div><\/div><\/article>\n<article id=\"post-198279\" class=\"ub-post-grid-item post-198279 post type-post status-publish format-standard has-post-thumbnail hentry category-rutas-y-excursiones tag-que-ver-en-cataluna tag-costa-brava tag-familia tag-que-ver-en-girona tag-lescala tag-ruta-literaria\" style=\"\"><div class=\"ub-block-post-grid-image\" style=\"\"><a href=\"https:\/\/www.escapadarural.com\/blog\/ruta-el-principito-lescala-costa-brava\/\" rel=\"bookmark\" aria-hidden=\"true\" tabindex=\"-1\"><img loading=\"lazy\" decoding=\"async\" width=\"1024\" height=\"686\" src=\"https:\/\/www.escapadarural.com\/blog\/wp-content\/uploads\/2025\/03\/MIQUEL-BATALLER-2009-PETIT-PRINCEP-001_WP_04-1.webp\" class=\"attachment-full size-full\" alt=\"El Principito en L' Escala\" style=\"max-width: 600px; \" srcset=\"https:\/\/www.escapadarural.com\/blog\/wp-content\/uploads\/2025\/03\/MIQUEL-BATALLER-2009-PETIT-PRINCEP-001_WP_04-1-200x134.webp 200w, https:\/\/www.escapadarural.com\/blog\/wp-content\/uploads\/2025\/03\/MIQUEL-BATALLER-2009-PETIT-PRINCEP-001_WP_04-1-300x201.webp 300w, https:\/\/www.escapadarural.com\/blog\/wp-content\/uploads\/2025\/03\/MIQUEL-BATALLER-2009-PETIT-PRINCEP-001_WP_04-1-400x268.webp 400w, https:\/\/www.escapadarural.com\/blog\/wp-content\/uploads\/2025\/03\/MIQUEL-BATALLER-2009-PETIT-PRINCEP-001_WP_04-1-600x402.webp 600w, https:\/\/www.escapadarural.com\/blog\/wp-content\/uploads\/2025\/03\/MIQUEL-BATALLER-2009-PETIT-PRINCEP-001_WP_04-1-768x515.webp 768w, https:\/\/www.escapadarural.com\/blog\/wp-content\/uploads\/2025\/03\/MIQUEL-BATALLER-2009-PETIT-PRINCEP-001_WP_04-1-800x536.webp 800w, https:\/\/www.escapadarural.com\/blog\/wp-content\/uploads\/2025\/03\/MIQUEL-BATALLER-2009-PETIT-PRINCEP-001_WP_04-1.webp 1024w\" sizes=\"auto, (max-width: 1024px) 100vw, 1024px\"><\/a><\/div><div class=\"ub-block-post-grid-text\" style=\"\"><div class=\"ub-block-post-grid-header-content\"><header class=\"ub-block-post-grid-header\"><h3 class=\"ub-block-post-grid-title\"><a style=\"\" href=\"https:\/\/www.escapadarural.com\/blog\/ruta-el-principito-lescala-costa-brava\/\" rel=\"bookmark\">Ruta de El Principito en la Costa Brava<\/a><\/h3><\/header><\/div><div class=\"ub-block-post-grid-excerpt\"><div class=\"ub-block-post-grid-excerpt-text\" style=\"\"><p>En el pueblo marinero de L\u2019Escala, en la Costa Brava, encontramos la Ruta de El Principito. Un paseo con los protagonistas del popular libro. <\/p>\n<\/div><\/div><\/div><\/article>\n<article id=\"post-59264\" class=\"ub-post-grid-item post-59264 post type-post status-publish format-standard has-post-thumbnail hentry category-destinos tag-que-ver-en-cataluna tag-costa-brava tag-listado tag-medieval tag-pueblos tag-pueblos-bonitos tag-pueblos-medievales\" style=\"\"><div class=\"ub-block-post-grid-image\" style=\"\"><a href=\"https:\/\/www.escapadarural.com\/blog\/pueblos-medievales-en-la-costa-brava\/\" rel=\"bookmark\" aria-hidden=\"true\" tabindex=\"-1\"><img loading=\"lazy\" decoding=\"async\" width=\"1024\" height=\"678\" src=\"https:\/\/www.escapadarural.com\/blog\/wp-content\/uploads\/2024\/10\/Peratallada-costa-brava-1024x678-1.jpg\" class=\"attachment-full size-full\" alt=\"Peratallada, Girona. Por: Belikova Oksana\" style=\"max-width: 600px; \" srcset=\"https:\/\/www.escapadarural.com\/blog\/wp-content\/uploads\/2024\/10\/Peratallada-costa-brava-1024x678-1-200x132.jpg 200w, https:\/\/www.escapadarural.com\/blog\/wp-content\/uploads\/2024\/10\/Peratallada-costa-brava-1024x678-1-300x199.jpg 300w, https:\/\/www.escapadarural.com\/blog\/wp-content\/uploads\/2024\/10\/Peratallada-costa-brava-1024x678-1-400x265.jpg 400w, https:\/\/www.escapadarural.com\/blog\/wp-content\/uploads\/2024\/10\/Peratallada-costa-brava-1024x678-1-600x397.jpg 600w, https:\/\/www.escapadarural.com\/blog\/wp-content\/uploads\/2024\/10\/Peratallada-costa-brava-1024x678-1-768x509.jpg 768w, https:\/\/www.escapadarural.com\/blog\/wp-content\/uploads\/2024\/10\/Peratallada-costa-brava-1024x678-1-800x530.jpg 800w, https:\/\/www.escapadarural.com\/blog\/wp-content\/uploads\/2024\/10\/Peratallada-costa-brava-1024x678-1.jpg 1024w\" sizes=\"auto, (max-width: 1024px) 100vw, 1024px\"><\/a><\/div><div class=\"ub-block-post-grid-text\" style=\"\"><div class=\"ub-block-post-grid-header-content\"><header class=\"ub-block-post-grid-header\"><h3 class=\"ub-block-post-grid-title\"><a style=\"\" href=\"https:\/\/www.escapadarural.com\/blog\/pueblos-medievales-en-la-costa-brava\/\" rel=\"bookmark\">7 pueblos medievales en la Costa Brava para viajar al pasado<\/a><\/h3><\/header><\/div><div class=\"ub-block-post-grid-excerpt\"><div class=\"ub-block-post-grid-excerpt-text\" style=\"\"><p>A qui\u00e9n no le va a gustar un pueblo medieval del siglo XII. Esta es una lista de algunos de los pueblos medievales en la Costa Brava con los que viajar al pasado<\/p>\n<\/div><\/div><\/div><\/article>\n<\/div><\/section>","protected":false},"excerpt":{"rendered":"<p>A orillas del mar turquesa de la Costa Brava est\u00e1 Calonge. la primera villa del libro de Catalu\u00f1a y la segunda de Espa\u00f1a. Una nueva Booktown repleta de librer\u00edas. <\/p>\n","protected":false},"author":152,"featured_media":91304,"comment_status":"open","ping_status":"open","sticky":false,"template":"","format":"standard","meta":{"_acf_changed":false,"om_disable_all_campaigns":false,"footnotes":""},"categories":[231],"tags":[260,4898,4899,4900,2085,1319,212],"class_list":["post-57697","post","type-post","status-publish","format-standard","has-post-thumbnail","hentry","category-arte-y-cultura","tag-articulo","tag-booktown","tag-calonge","tag-calonge-i-sant-antoni","tag-librerias","tag-libros","tag-pueblos"],"acf":[],"featured_image_src":"https:\/\/www.escapadarural.com\/blog\/wp-content\/uploads\/2024\/10\/Peratallada-costa-brava-1024x678-1.jpg","author_info":{"display_name":"Kris Ubach","author_link":"https:\/\/www.escapadarural.com\/blog\/autor\/kris-ubach\/"},"yoast_head":"<!-- This site is optimized with the Yoast SEO plugin v27.5 - https:\/\/yoast.com\/product\/yoast-seo-wordpress\/ -->\n<title>La segunda Booktown de Espa\u00f1a est\u00e1 en la Costa Brava - EscapadaRural<\/title>\n<meta name=\"robots\" content=\"index, follow, max-snippet:-1, max-image-preview:large, max-video-preview:-1\" \/>\n<link rel=\"canonical\" href=\"https:\/\/www.escapadarural.com\/blog\/calonge-villa-del-libro-costa-brava\/\" \/>\n<meta property=\"og:locale\" content=\"es_ES\" \/>\n<meta property=\"og:type\" content=\"article\" \/>\n<meta property=\"og:title\" content=\"La segunda Booktown de Espa\u00f1a est\u00e1 en la Costa Brava - EscapadaRural\" \/>\n<meta property=\"og:description\" content=\"A orillas del mar turquesa de la Costa Brava est\u00e1 Calonge. la primera villa del libro de Catalu\u00f1a y la segunda de Espa\u00f1a. Una nueva Booktown repleta de librer\u00edas.\" \/>\n<meta property=\"og:url\" content=\"https:\/\/www.escapadarural.com\/blog\/calonge-villa-del-libro-costa-brava\/\" \/>\n<meta property=\"og:site_name\" content=\"Magazine de viajes de EscapadaRural\" \/>\n<meta property=\"article:publisher\" content=\"https:\/\/www.facebook.com\/escapadarural\" \/>\n<meta property=\"article:published_time\" content=\"2023-02-04T07:00:00+00:00\" \/>\n<meta property=\"article:modified_time\" content=\"2025-08-12T14:35:36+00:00\" \/>\n<meta property=\"og:image\" content=\"https:\/\/www.escapadarural.com\/blog\/wp-content\/uploads\/2024\/10\/Peratallada-costa-brava-1024x678-1.jpg?v=1755009338\" \/>\n\t<meta property=\"og:image:width\" content=\"1024\" \/>\n\t<meta property=\"og:image:height\" content=\"678\" \/>\n\t<meta property=\"og:image:type\" content=\"image\/jpeg\" \/>\n<meta name=\"author\" content=\"Kris Ubach\" \/>\n<meta name=\"twitter:card\" content=\"summary_large_image\" \/>\n<meta name=\"twitter:label1\" content=\"Escrito por\" \/>\n\t<meta name=\"twitter:data1\" content=\"Kris Ubach\" \/>\n\t<meta name=\"twitter:label2\" content=\"Tiempo de lectura\" \/>\n\t<meta name=\"twitter:data2\" content=\"7 minutos\" \/>\n<script type=\"application\/ld+json\" class=\"yoast-schema-graph\">{\"@context\":\"https:\\\/\\\/schema.org\",\"@graph\":[{\"@type\":\"Article\",\"@id\":\"https:\\\/\\\/www.escapadarural.com\\\/blog\\\/calonge-villa-del-libro-costa-brava\\\/#article\",\"isPartOf\":{\"@id\":\"https:\\\/\\\/www.escapadarural.com\\\/blog\\\/calonge-villa-del-libro-costa-brava\\\/\"},\"author\":{\"name\":\"Kris Ubach\",\"@id\":\"https:\\\/\\\/www.escapadarural.com\\\/blog\\\/#\\\/schema\\\/person\\\/f4289b70dddc0c89ed5fa989a8ced0c0\"},\"headline\":\"La segunda Booktown de Espa\u00f1a est\u00e1 en la Costa Brava\",\"datePublished\":\"2023-02-04T07:00:00+00:00\",\"dateModified\":\"2025-08-12T14:35:36+00:00\",\"mainEntityOfPage\":{\"@id\":\"https:\\\/\\\/www.escapadarural.com\\\/blog\\\/calonge-villa-del-libro-costa-brava\\\/\"},\"wordCount\":1271,\"commentCount\":0,\"publisher\":{\"@id\":\"https:\\\/\\\/www.escapadarural.com\\\/blog\\\/#organization\"},\"image\":{\"@id\":\"https:\\\/\\\/www.escapadarural.com\\\/blog\\\/calonge-villa-del-libro-costa-brava\\\/#primaryimage\"},\"thumbnailUrl\":\"https:\\\/\\\/www.escapadarural.com\\\/blog\\\/wp-content\\\/uploads\\\/2024\\\/10\\\/Peratallada-costa-brava-1024x678-1.jpg\",\"keywords\":[\"art\u00edculo\",\"Booktown\",\"Calonge\",\"Calonge i Sant Antoni\",\"Librer\u00edas\",\"Libros\",\"pueblos\"],\"articleSection\":[\"Arte y Cultura\"],\"inLanguage\":\"es\",\"potentialAction\":[{\"@type\":\"CommentAction\",\"name\":\"Comment\",\"target\":[\"https:\\\/\\\/www.escapadarural.com\\\/blog\\\/calonge-villa-del-libro-costa-brava\\\/#respond\"]}]},{\"@type\":\"WebPage\",\"@id\":\"https:\\\/\\\/www.escapadarural.com\\\/blog\\\/calonge-villa-del-libro-costa-brava\\\/\",\"url\":\"https:\\\/\\\/www.escapadarural.com\\\/blog\\\/calonge-villa-del-libro-costa-brava\\\/\",\"name\":\"La segunda Booktown de Espa\u00f1a est\u00e1 en la Costa Brava - EscapadaRural\",\"isPartOf\":{\"@id\":\"https:\\\/\\\/www.escapadarural.com\\\/blog\\\/#website\"},\"primaryImageOfPage\":{\"@id\":\"https:\\\/\\\/www.escapadarural.com\\\/blog\\\/calonge-villa-del-libro-costa-brava\\\/#primaryimage\"},\"image\":{\"@id\":\"https:\\\/\\\/www.escapadarural.com\\\/blog\\\/calonge-villa-del-libro-costa-brava\\\/#primaryimage\"},\"thumbnailUrl\":\"https:\\\/\\\/www.escapadarural.com\\\/blog\\\/wp-content\\\/uploads\\\/2024\\\/10\\\/Peratallada-costa-brava-1024x678-1.jpg\",\"datePublished\":\"2023-02-04T07:00:00+00:00\",\"dateModified\":\"2025-08-12T14:35:36+00:00\",\"breadcrumb\":{\"@id\":\"https:\\\/\\\/www.escapadarural.com\\\/blog\\\/calonge-villa-del-libro-costa-brava\\\/#breadcrumb\"},\"inLanguage\":\"es\",\"potentialAction\":[{\"@type\":\"ReadAction\",\"target\":[\"https:\\\/\\\/www.escapadarural.com\\\/blog\\\/calonge-villa-del-libro-costa-brava\\\/\"]}]},{\"@type\":\"ImageObject\",\"inLanguage\":\"es\",\"@id\":\"https:\\\/\\\/www.escapadarural.com\\\/blog\\\/calonge-villa-del-libro-costa-brava\\\/#primaryimage\",\"url\":\"https:\\\/\\\/www.escapadarural.com\\\/blog\\\/wp-content\\\/uploads\\\/2024\\\/10\\\/Peratallada-costa-brava-1024x678-1.jpg\",\"contentUrl\":\"https:\\\/\\\/www.escapadarural.com\\\/blog\\\/wp-content\\\/uploads\\\/2024\\\/10\\\/Peratallada-costa-brava-1024x678-1.jpg\",\"width\":1024,\"height\":678,\"caption\":\"Peratallada, Girona. Por: Belikova Oksana\"},{\"@type\":\"BreadcrumbList\",\"@id\":\"https:\\\/\\\/www.escapadarural.com\\\/blog\\\/calonge-villa-del-libro-costa-brava\\\/#breadcrumb\",\"itemListElement\":[{\"@type\":\"ListItem\",\"position\":1,\"name\":\"Inicio\",\"item\":\"https:\\\/\\\/www.escapadarural.com\\\/blog\\\/\"},{\"@type\":\"ListItem\",\"position\":2,\"name\":\"Arte y Cultura\",\"item\":\"https:\\\/\\\/www.escapadarural.com\\\/blog\\\/categoria\\\/arte-y-cultura\\\/\"},{\"@type\":\"ListItem\",\"position\":3,\"name\":\"La segunda Booktown de Espa\u00f1a est\u00e1 en la Costa Brava\"}]},{\"@type\":\"WebSite\",\"@id\":\"https:\\\/\\\/www.escapadarural.com\\\/blog\\\/#website\",\"url\":\"https:\\\/\\\/www.escapadarural.com\\\/blog\\\/\",\"name\":\"Blog de viajes | turismo rural, alojamientos e inspiraci\u00f3n\",\"description\":\"Alojamientos rurales e inspiraci\u00f3n para tus escapadas\",\"publisher\":{\"@id\":\"https:\\\/\\\/www.escapadarural.com\\\/blog\\\/#organization\"},\"alternateName\":\"Magazine de viajes de EscapadaRural\",\"potentialAction\":[{\"@type\":\"SearchAction\",\"target\":{\"@type\":\"EntryPoint\",\"urlTemplate\":\"https:\\\/\\\/www.escapadarural.com\\\/blog\\\/?s={search_term_string}\"},\"query-input\":{\"@type\":\"PropertyValueSpecification\",\"valueRequired\":true,\"valueName\":\"search_term_string\"}}],\"inLanguage\":\"es\"},{\"@type\":\"Organization\",\"@id\":\"https:\\\/\\\/www.escapadarural.com\\\/blog\\\/#organization\",\"name\":\"EscapadaRural\",\"url\":\"https:\\\/\\\/www.escapadarural.com\\\/blog\\\/\",\"logo\":{\"@type\":\"ImageObject\",\"inLanguage\":\"es\",\"@id\":\"https:\\\/\\\/www.escapadarural.com\\\/blog\\\/#\\\/schema\\\/logo\\\/image\\\/\",\"url\":\"https:\\\/\\\/www.escapadarural.com\\\/blog\\\/wp-content\\\/uploads\\\/2024\\\/10\\\/cropped-cropped-escapada-rural-icon-mag-3.png\",\"contentUrl\":\"https:\\\/\\\/www.escapadarural.com\\\/blog\\\/wp-content\\\/uploads\\\/2024\\\/10\\\/cropped-cropped-escapada-rural-icon-mag-3.png\",\"width\":512,\"height\":512,\"caption\":\"EscapadaRural\"},\"image\":{\"@id\":\"https:\\\/\\\/www.escapadarural.com\\\/blog\\\/#\\\/schema\\\/logo\\\/image\\\/\"},\"sameAs\":[\"https:\\\/\\\/www.facebook.com\\\/escapadarural\",\"https:\\\/\\\/www.instagram.com\\\/escapadarural\\\/\",\"https:\\\/\\\/www.youtube.com\\\/@escapadaruralcom\"]},{\"@type\":\"Person\",\"@id\":\"https:\\\/\\\/www.escapadarural.com\\\/blog\\\/#\\\/schema\\\/person\\\/f4289b70dddc0c89ed5fa989a8ced0c0\",\"name\":\"Kris Ubach\",\"image\":{\"@type\":\"ImageObject\",\"inLanguage\":\"es\",\"@id\":\"https:\\\/\\\/secure.gravatar.com\\\/avatar\\\/d1fd4b8ace034be6dbc5914e32cce2f5351a6cb1b766b6fd91f84421764f6dd4?s=96&d=mm&r=g\",\"url\":\"https:\\\/\\\/secure.gravatar.com\\\/avatar\\\/d1fd4b8ace034be6dbc5914e32cce2f5351a6cb1b766b6fd91f84421764f6dd4?s=96&d=mm&r=g\",\"contentUrl\":\"https:\\\/\\\/secure.gravatar.com\\\/avatar\\\/d1fd4b8ace034be6dbc5914e32cce2f5351a6cb1b766b6fd91f84421764f6dd4?s=96&d=mm&r=g\",\"caption\":\"Kris Ubach\"},\"url\":\"https:\\\/\\\/www.escapadarural.com\\\/blog\\\/autor\\\/kris-ubach\\\/\"}]}<\/script>\n<!-- \/ Yoast SEO plugin. -->","yoast_head_json":{"title":"La segunda Booktown de Espa\u00f1a est\u00e1 en la Costa Brava - EscapadaRural","robots":{"index":"index","follow":"follow","max-snippet":"max-snippet:-1","max-image-preview":"max-image-preview:large","max-video-preview":"max-video-preview:-1"},"canonical":"https:\/\/www.escapadarural.com\/blog\/calonge-villa-del-libro-costa-brava\/","og_locale":"es_ES","og_type":"article","og_title":"La segunda Booktown de Espa\u00f1a est\u00e1 en la Costa Brava - EscapadaRural","og_description":"A orillas del mar turquesa de la Costa Brava est\u00e1 Calonge. la primera villa del libro de Catalu\u00f1a y la segunda de Espa\u00f1a. Una nueva Booktown repleta de librer\u00edas.","og_url":"https:\/\/www.escapadarural.com\/blog\/calonge-villa-del-libro-costa-brava\/","og_site_name":"Magazine de viajes de EscapadaRural","article_publisher":"https:\/\/www.facebook.com\/escapadarural","article_published_time":"2023-02-04T07:00:00+00:00","article_modified_time":"2025-08-12T14:35:36+00:00","og_image":[{"width":1024,"height":678,"url":"https:\/\/www.escapadarural.com\/blog\/wp-content\/uploads\/2024\/10\/Peratallada-costa-brava-1024x678-1.jpg?v=1755009338","type":"image\/jpeg"}],"author":"Kris Ubach","twitter_card":"summary_large_image","twitter_misc":{"Escrito por":"Kris Ubach","Tiempo de lectura":"7 minutos"},"schema":{"@context":"https:\/\/schema.org","@graph":[{"@type":"Article","@id":"https:\/\/www.escapadarural.com\/blog\/calonge-villa-del-libro-costa-brava\/#article","isPartOf":{"@id":"https:\/\/www.escapadarural.com\/blog\/calonge-villa-del-libro-costa-brava\/"},"author":{"name":"Kris Ubach","@id":"https:\/\/www.escapadarural.com\/blog\/#\/schema\/person\/f4289b70dddc0c89ed5fa989a8ced0c0"},"headline":"La segunda Booktown de Espa\u00f1a est\u00e1 en la Costa Brava","datePublished":"2023-02-04T07:00:00+00:00","dateModified":"2025-08-12T14:35:36+00:00","mainEntityOfPage":{"@id":"https:\/\/www.escapadarural.com\/blog\/calonge-villa-del-libro-costa-brava\/"},"wordCount":1271,"commentCount":0,"publisher":{"@id":"https:\/\/www.escapadarural.com\/blog\/#organization"},"image":{"@id":"https:\/\/www.escapadarural.com\/blog\/calonge-villa-del-libro-costa-brava\/#primaryimage"},"thumbnailUrl":"https:\/\/www.escapadarural.com\/blog\/wp-content\/uploads\/2024\/10\/Peratallada-costa-brava-1024x678-1.jpg","keywords":["art\u00edculo","Booktown","Calonge","Calonge i Sant Antoni","Librer\u00edas","Libros","pueblos"],"articleSection":["Arte y Cultura"],"inLanguage":"es","potentialAction":[{"@type":"CommentAction","name":"Comment","target":["https:\/\/www.escapadarural.com\/blog\/calonge-villa-del-libro-costa-brava\/#respond"]}]},{"@type":"WebPage","@id":"https:\/\/www.escapadarural.com\/blog\/calonge-villa-del-libro-costa-brava\/","url":"https:\/\/www.escapadarural.com\/blog\/calonge-villa-del-libro-costa-brava\/","name":"La segunda Booktown de Espa\u00f1a est\u00e1 en la Costa Brava - EscapadaRural","isPartOf":{"@id":"https:\/\/www.escapadarural.com\/blog\/#website"},"primaryImageOfPage":{"@id":"https:\/\/www.escapadarural.com\/blog\/calonge-villa-del-libro-costa-brava\/#primaryimage"},"image":{"@id":"https:\/\/www.escapadarural.com\/blog\/calonge-villa-del-libro-costa-brava\/#primaryimage"},"thumbnailUrl":"https:\/\/www.escapadarural.com\/blog\/wp-content\/uploads\/2024\/10\/Peratallada-costa-brava-1024x678-1.jpg","datePublished":"2023-02-04T07:00:00+00:00","dateModified":"2025-08-12T14:35:36+00:00","breadcrumb":{"@id":"https:\/\/www.escapadarural.com\/blog\/calonge-villa-del-libro-costa-brava\/#breadcrumb"},"inLanguage":"es","potentialAction":[{"@type":"ReadAction","target":["https:\/\/www.escapadarural.com\/blog\/calonge-villa-del-libro-costa-brava\/"]}]},{"@type":"ImageObject","inLanguage":"es","@id":"https:\/\/www.escapadarural.com\/blog\/calonge-villa-del-libro-costa-brava\/#primaryimage","url":"https:\/\/www.escapadarural.com\/blog\/wp-content\/uploads\/2024\/10\/Peratallada-costa-brava-1024x678-1.jpg","contentUrl":"https:\/\/www.escapadarural.com\/blog\/wp-content\/uploads\/2024\/10\/Peratallada-costa-brava-1024x678-1.jpg","width":1024,"height":678,"caption":"Peratallada, Girona. Por: Belikova Oksana"},{"@type":"BreadcrumbList","@id":"https:\/\/www.escapadarural.com\/blog\/calonge-villa-del-libro-costa-brava\/#breadcrumb","itemListElement":[{"@type":"ListItem","position":1,"name":"Inicio","item":"https:\/\/www.escapadarural.com\/blog\/"},{"@type":"ListItem","position":2,"name":"Arte y Cultura","item":"https:\/\/www.escapadarural.com\/blog\/categoria\/arte-y-cultura\/"},{"@type":"ListItem","position":3,"name":"La segunda Booktown de Espa\u00f1a est\u00e1 en la Costa Brava"}]},{"@type":"WebSite","@id":"https:\/\/www.escapadarural.com\/blog\/#website","url":"https:\/\/www.escapadarural.com\/blog\/","name":"Blog de viajes | turismo rural, alojamientos e inspiraci\u00f3n","description":"Alojamientos rurales e inspiraci\u00f3n para tus escapadas","publisher":{"@id":"https:\/\/www.escapadarural.com\/blog\/#organization"},"alternateName":"Magazine de viajes de EscapadaRural","potentialAction":[{"@type":"SearchAction","target":{"@type":"EntryPoint","urlTemplate":"https:\/\/www.escapadarural.com\/blog\/?s={search_term_string}"},"query-input":{"@type":"PropertyValueSpecification","valueRequired":true,"valueName":"search_term_string"}}],"inLanguage":"es"},{"@type":"Organization","@id":"https:\/\/www.escapadarural.com\/blog\/#organization","name":"EscapadaRural","url":"https:\/\/www.escapadarural.com\/blog\/","logo":{"@type":"ImageObject","inLanguage":"es","@id":"https:\/\/www.escapadarural.com\/blog\/#\/schema\/logo\/image\/","url":"https:\/\/www.escapadarural.com\/blog\/wp-content\/uploads\/2024\/10\/cropped-cropped-escapada-rural-icon-mag-3.png","contentUrl":"https:\/\/www.escapadarural.com\/blog\/wp-content\/uploads\/2024\/10\/cropped-cropped-escapada-rural-icon-mag-3.png","width":512,"height":512,"caption":"EscapadaRural"},"image":{"@id":"https:\/\/www.escapadarural.com\/blog\/#\/schema\/logo\/image\/"},"sameAs":["https:\/\/www.facebook.com\/escapadarural","https:\/\/www.instagram.com\/escapadarural\/","https:\/\/www.youtube.com\/@escapadaruralcom"]},{"@type":"Person","@id":"https:\/\/www.escapadarural.com\/blog\/#\/schema\/person\/f4289b70dddc0c89ed5fa989a8ced0c0","name":"Kris Ubach","image":{"@type":"ImageObject","inLanguage":"es","@id":"https:\/\/secure.gravatar.com\/avatar\/d1fd4b8ace034be6dbc5914e32cce2f5351a6cb1b766b6fd91f84421764f6dd4?s=96&d=mm&r=g","url":"https:\/\/secure.gravatar.com\/avatar\/d1fd4b8ace034be6dbc5914e32cce2f5351a6cb1b766b6fd91f84421764f6dd4?s=96&d=mm&r=g","contentUrl":"https:\/\/secure.gravatar.com\/avatar\/d1fd4b8ace034be6dbc5914e32cce2f5351a6cb1b766b6fd91f84421764f6dd4?s=96&d=mm&r=g","caption":"Kris Ubach"},"url":"https:\/\/www.escapadarural.com\/blog\/autor\/kris-ubach\/"}]}},"_links":{"self":[{"href":"https:\/\/www.escapadarural.com\/blog\/wp-json\/wp\/v2\/posts\/57697","targetHints":{"allow":["GET"]}}],"collection":[{"href":"https:\/\/www.escapadarural.com\/blog\/wp-json\/wp\/v2\/posts"}],"about":[{"href":"https:\/\/www.escapadarural.com\/blog\/wp-json\/wp\/v2\/types\/post"}],"author":[{"embeddable":true,"href":"https:\/\/www.escapadarural.com\/blog\/wp-json\/wp\/v2\/users\/152"}],"replies":[{"embeddable":true,"href":"https:\/\/www.escapadarural.com\/blog\/wp-json\/wp\/v2\/comments?post=57697"}],"version-history":[{"count":0,"href":"https:\/\/www.escapadarural.com\/blog\/wp-json\/wp\/v2\/posts\/57697\/revisions"}],"wp:featuredmedia":[{"embeddable":true,"href":"https:\/\/www.escapadarural.com\/blog\/wp-json\/wp\/v2\/media\/91304"}],"wp:attachment":[{"href":"https:\/\/www.escapadarural.com\/blog\/wp-json\/wp\/v2\/media?parent=57697"}],"wp:term":[{"taxonomy":"category","embeddable":true,"href":"https:\/\/www.escapadarural.com\/blog\/wp-json\/wp\/v2\/categories?post=57697"},{"taxonomy":"post_tag","embeddable":true,"href":"https:\/\/www.escapadarural.com\/blog\/wp-json\/wp\/v2\/tags?post=57697"}],"curies":[{"name":"wp","href":"https:\/\/api.w.org\/{rel}","templated":true}]}}