{"id":57747,"date":"2025-02-20T08:00:00","date_gmt":"2025-02-20T06:00:00","guid":{"rendered":"https:\/\/www.escapadarural.com\/blog\/?p=57747"},"modified":"2025-02-20T10:24:56","modified_gmt":"2025-02-20T08:24:56","slug":"que-ver-y-que-hacer-en-cercedilla","status":"publish","type":"post","link":"https:\/\/www.escapadarural.com\/blog\/que-ver-y-que-hacer-en-cercedilla\/","title":{"rendered":"Qu\u00e9 ver y qu\u00e9 hacer en Cercedilla en un fin de semana"},"content":{"rendered":"\n<figure class=\"wp-block-image size-full\"><img loading=\"lazy\" decoding=\"async\" width=\"1024\" height=\"683\" src=\"https:\/\/www.escapadarural.com\/blog\/wp-content\/uploads\/2023\/02\/01_Cercedilla_Cascada_MrWeaK_AdobeStock_1074840570_WP01.webp\" alt=\"El entorno de Cercedilla ofrece enclaves naturales espectaculares.\" class=\"wp-image-191767\" srcset=\"https:\/\/www.escapadarural.com\/blog\/wp-content\/uploads\/2023\/02\/01_Cercedilla_Cascada_MrWeaK_AdobeStock_1074840570_WP01-200x133.webp 200w, https:\/\/www.escapadarural.com\/blog\/wp-content\/uploads\/2023\/02\/01_Cercedilla_Cascada_MrWeaK_AdobeStock_1074840570_WP01-300x200.webp 300w, https:\/\/www.escapadarural.com\/blog\/wp-content\/uploads\/2023\/02\/01_Cercedilla_Cascada_MrWeaK_AdobeStock_1074840570_WP01-400x267.webp 400w, https:\/\/www.escapadarural.com\/blog\/wp-content\/uploads\/2023\/02\/01_Cercedilla_Cascada_MrWeaK_AdobeStock_1074840570_WP01-600x400.webp 600w, https:\/\/www.escapadarural.com\/blog\/wp-content\/uploads\/2023\/02\/01_Cercedilla_Cascada_MrWeaK_AdobeStock_1074840570_WP01-768x512.webp 768w, https:\/\/www.escapadarural.com\/blog\/wp-content\/uploads\/2023\/02\/01_Cercedilla_Cascada_MrWeaK_AdobeStock_1074840570_WP01-800x534.webp 800w, https:\/\/www.escapadarural.com\/blog\/wp-content\/uploads\/2023\/02\/01_Cercedilla_Cascada_MrWeaK_AdobeStock_1074840570_WP01.webp 1024w\" sizes=\"auto, (max-width: 1024px) 100vw, 1024px\" \/><figcaption class=\"wp-element-caption\">El entorno de Cercedilla ofrece enclaves naturales espectaculares. Por Mr. Weak.<\/figcaption><\/figure>\n\n\n\n<p>Si alguien preguntara por una de las ni\u00f1as bonitas de la Comunidad de Madrid, <strong>Cercedilla<\/strong><strong> <\/strong>podr\u00eda levantar su mano sin temor a equivocarse. Este pueblo de monta\u00f1a est\u00e1 perfectamente comunicado con la capital por m\u00faltiples medios de transporte. En una hora aproximadamente se puede dejar atr\u00e1s los sonidos de los cl\u00e1xones y el barullo de la ciudad y plantarse en pleno Parque Nacional de la <strong><a href=\"https:\/\/www.escapadarural.com\/blog\/ruta-cascada-del-purgatorio-madrid\/\" title=\"La cascada del Purgatorio: imponente salto de agua a una hora de Madrid\"  data-wpil-monitor-id=\"306\">Sierra de Guadarrama<\/a><\/strong> para respirar aire limpio y relajarse en un entorno natural.<\/p>\n\n\n\n<p>Estas afirmaciones no forman parte de un anuncio financiado por el gobierno regional, sino que cualquiera que haya visitado la zona puede atestiguarlo. Cercedilla ofrece<strong> historia, gastronom\u00eda y, sobre todo, naturaleza pura, a menos de una hora de Madrid<\/strong>. Es el para\u00edso de los amantes del <a href=\"\/blog\/categoria\/rutas-y-excursiones\/\">senderismo<\/a>. La localidad, vinculada hist\u00f3ricamente a la industria maderera de Madrid, cuenta con cerca de 8.000 habitantes y se sit\u00faa a 1.118 metros de altitud.<\/p>\n\n\n\n<div class=\"wp-block-buttons is-layout-flex wp-block-buttons-is-layout-flex\">\n<div class=\"wp-block-button\"><a class=\"wp-block-button__link wp-element-button\" href=\"\/casas-rurales\/cercedilla\">Alojamientos rurales en Cercedilla<\/a><\/div>\n<\/div>\n\n\n\n<p>En un fin de semana se puede disfrutar de muchos de los atractivos que ofrecen tanto el pueblo como sus alrededores. Pero es posible que se queden cosas por hacer: una fant\u00e1stica <strong>excusa para volver a Cercedilla<\/strong>, si es que se necesita alguna. Con la siguiente planificaci\u00f3n que ofrecemos, podr\u00e1s sacarle el m\u00e1ximo partido a tu estancia de viernes a domingo, sea <strong>invierno o verano<\/strong>, porque de esta localidad tambi\u00e9n se puede decir que es vers\u00e1til.<\/p>\n\n\n\n<h2 class=\"wp-block-heading\" id=\"h-como-llegar-a-cercedilla\">C\u00f3mo llegar a Cercedilla<\/h2>\n\n\n\n<figure class=\"wp-block-image size-full\"><img loading=\"lazy\" decoding=\"async\" width=\"1024\" height=\"683\" src=\"https:\/\/www.escapadarural.com\/blog\/wp-content\/uploads\/2023\/02\/02_Cercedilla_Tren_Wirestock_AdobeStock_1028592916_WP02.webp\" alt=\"Es posible llegar a Cercedilla en tren.\" class=\"wp-image-191772\" srcset=\"https:\/\/www.escapadarural.com\/blog\/wp-content\/uploads\/2023\/02\/02_Cercedilla_Tren_Wirestock_AdobeStock_1028592916_WP02-200x133.webp 200w, https:\/\/www.escapadarural.com\/blog\/wp-content\/uploads\/2023\/02\/02_Cercedilla_Tren_Wirestock_AdobeStock_1028592916_WP02-300x200.webp 300w, https:\/\/www.escapadarural.com\/blog\/wp-content\/uploads\/2023\/02\/02_Cercedilla_Tren_Wirestock_AdobeStock_1028592916_WP02-400x267.webp 400w, https:\/\/www.escapadarural.com\/blog\/wp-content\/uploads\/2023\/02\/02_Cercedilla_Tren_Wirestock_AdobeStock_1028592916_WP02-600x400.webp 600w, https:\/\/www.escapadarural.com\/blog\/wp-content\/uploads\/2023\/02\/02_Cercedilla_Tren_Wirestock_AdobeStock_1028592916_WP02-768x512.webp 768w, https:\/\/www.escapadarural.com\/blog\/wp-content\/uploads\/2023\/02\/02_Cercedilla_Tren_Wirestock_AdobeStock_1028592916_WP02-800x534.webp 800w, https:\/\/www.escapadarural.com\/blog\/wp-content\/uploads\/2023\/02\/02_Cercedilla_Tren_Wirestock_AdobeStock_1028592916_WP02.webp 1024w\" sizes=\"auto, (max-width: 1024px) 100vw, 1024px\" \/><figcaption class=\"wp-element-caption\">Es posible llegar a Cercedilla en tren. Por Wirestock.<\/figcaption><\/figure>\n\n\n\n<p>Cercedilla se sit\u00faa muy cerca de Madrid y, por suerte, tenemos varias opciones para llegar hasta all\u00ed. Si decidimos acudir <strong>en veh\u00edculo particular<\/strong>, la mejor alternativa es tomar la A-6 hasta el desv\u00edo de Collado Villalba o el de Guadarrama. Otra opci\u00f3n es la carretera de Colmenar (M-607), tomando posteriormente el desv\u00edo por la M-614 hacia Cerceda y el Puerto de Navacerrada.<\/p>\n\n\n\n<p>Si optamos por <strong>el transporte p\u00fablico<\/strong>, podremos llegar hasta Cercedilla en tren o en autob\u00fas. La l\u00ednea C8 de <a href=\"https:\/\/www.escapadarural.com\/blog\/escapadas-cerca-de-madrid\/\" title=\"10 escapadas cerca de Madrid\"  data-wpil-monitor-id=\"308\">cercan\u00edas de Madrid<\/a> nos dejar\u00e1 en Cercedilla desde la estaci\u00f3n de Madrid-Chamart\u00edn en poco m\u00e1s de una hora. Por otro lado, el autocar de la <a href=\"https:\/\/cercedilla.es\/DOCUMENTACION2\/varios\/horarios-larrea-linea-684.pdf\" target=\"_blank\" rel=\"noreferrer noopener nofollow\">ruta 684 de la empresa Larrea<\/a> conecta a diario con el casco urbano de Cercedilla desde el intercambiador de Moncloa.<\/p>\n\n\n\n<h2 class=\"wp-block-heading\" id=\"h-viernes-tarde-en-cercedilla-un-pueblo-con-encanto-y-mucho-patrimonio\">Viernes tarde en Cercedilla: un pueblo con encanto y mucho patrimonio<\/h2>\n\n\n\n<figure class=\"wp-block-image size-full\"><img loading=\"lazy\" decoding=\"async\" width=\"1024\" height=\"683\" src=\"https:\/\/www.escapadarural.com\/blog\/wp-content\/uploads\/2023\/02\/03_Cercedilla_Panoramica_IRuiz_AdobeStock_394757996_WP03.webp\" alt=\"Vista panor\u00e1mica del valle de Fuenfr\u00eda y Cercedilla.\" class=\"wp-image-191773\" srcset=\"https:\/\/www.escapadarural.com\/blog\/wp-content\/uploads\/2023\/02\/03_Cercedilla_Panoramica_IRuiz_AdobeStock_394757996_WP03-200x133.webp 200w, https:\/\/www.escapadarural.com\/blog\/wp-content\/uploads\/2023\/02\/03_Cercedilla_Panoramica_IRuiz_AdobeStock_394757996_WP03-300x200.webp 300w, https:\/\/www.escapadarural.com\/blog\/wp-content\/uploads\/2023\/02\/03_Cercedilla_Panoramica_IRuiz_AdobeStock_394757996_WP03-400x267.webp 400w, https:\/\/www.escapadarural.com\/blog\/wp-content\/uploads\/2023\/02\/03_Cercedilla_Panoramica_IRuiz_AdobeStock_394757996_WP03-600x400.webp 600w, https:\/\/www.escapadarural.com\/blog\/wp-content\/uploads\/2023\/02\/03_Cercedilla_Panoramica_IRuiz_AdobeStock_394757996_WP03-768x512.webp 768w, https:\/\/www.escapadarural.com\/blog\/wp-content\/uploads\/2023\/02\/03_Cercedilla_Panoramica_IRuiz_AdobeStock_394757996_WP03-800x534.webp 800w, https:\/\/www.escapadarural.com\/blog\/wp-content\/uploads\/2023\/02\/03_Cercedilla_Panoramica_IRuiz_AdobeStock_394757996_WP03.webp 1024w\" sizes=\"auto, (max-width: 1024px) 100vw, 1024px\" \/><figcaption class=\"wp-element-caption\">Vista panor\u00e1mica del valle de Fuenfr\u00eda y Cercedilla. Por I.Ruiz.<\/figcaption><\/figure>\n\n\n\n<p>Para empezar con el estado de relajaci\u00f3n, lo primero es aclimatarse al entorno. Un <strong>paseo por el centro del pueblo<\/strong> es un buen primer paso. A\u00fan quedar\u00e1 tiempo de sobra para conocer los alrededores. Cercedilla en s\u00ed misma est\u00e1 llena de sorpresas.<\/p>\n\n\n\n<h3 class=\"wp-block-heading\" id=\"h-el-museo-del-esqui-paquito-fernandez-ochoa\">El Museo del Esqu\u00ed Paquito Fern\u00e1ndez Ochoa<\/h3>\n\n\n\n<figure class=\"wp-block-image size-full\"><img loading=\"lazy\" decoding=\"async\" width=\"1024\" height=\"684\" src=\"https:\/\/www.escapadarural.com\/blog\/wp-content\/uploads\/2023\/02\/04_Cercedilla_Pueblo_NicolasVigier_WP04.webp\" alt=\"El Museo del Esqu\u00ed Paquito Fern\u00e1ndez Ochoa, uno de los imprescindibles del pueblo.\" class=\"wp-image-191774\" srcset=\"https:\/\/www.escapadarural.com\/blog\/wp-content\/uploads\/2023\/02\/04_Cercedilla_Pueblo_NicolasVigier_WP04-200x134.webp 200w, https:\/\/www.escapadarural.com\/blog\/wp-content\/uploads\/2023\/02\/04_Cercedilla_Pueblo_NicolasVigier_WP04-300x200.webp 300w, https:\/\/www.escapadarural.com\/blog\/wp-content\/uploads\/2023\/02\/04_Cercedilla_Pueblo_NicolasVigier_WP04-400x267.webp 400w, https:\/\/www.escapadarural.com\/blog\/wp-content\/uploads\/2023\/02\/04_Cercedilla_Pueblo_NicolasVigier_WP04-600x401.webp 600w, https:\/\/www.escapadarural.com\/blog\/wp-content\/uploads\/2023\/02\/04_Cercedilla_Pueblo_NicolasVigier_WP04-768x513.webp 768w, https:\/\/www.escapadarural.com\/blog\/wp-content\/uploads\/2023\/02\/04_Cercedilla_Pueblo_NicolasVigier_WP04-800x534.webp 800w, https:\/\/www.escapadarural.com\/blog\/wp-content\/uploads\/2023\/02\/04_Cercedilla_Pueblo_NicolasVigier_WP04.webp 1024w\" sizes=\"auto, (max-width: 1024px) 100vw, 1024px\" \/><figcaption class=\"wp-element-caption\">El Museo del Esqu\u00ed Paquito Fern\u00e1ndez Ochoa, uno de los imprescindibles del pueblo. Por Nicol\u00e1s Vigier.<\/figcaption><\/figure>\n\n\n\n<p>Una de ellas es e<strong>l Museo del Esqu\u00ed<\/strong>, que lleva el nombre de Paquito Fern\u00e1ndez Ochoa, el \u00fanico espa\u00f1ol en <a href=\"\/blog\/tag\/medallistas-olimpicos-rurales\/\">conseguir una medalla<\/a> de oro en unas Olimpiadas de Invierno, concretamente en las celebradas en Sapporo en 1972. Aunque otros cuatro deportistas lograron victorias \u2013la \u00faltima de ellas Queralt Castellet en Pek\u00edn 2022 con una medalla de plata en la prueba de <em>halfpipe<\/em>\u2013 ning\u00fan otro espa\u00f1ol ha vuelto a subir al primer puesto del podio por el momento.<\/p>\n\n\n\n<p>En el edificio que lo acoge, situado en plena plaza Mayor, se pueden ver objetos que representan la historia \u2013trofeos, documentaci\u00f3n, piezas\u2013 de los deportes de invierno en nuestro pa\u00eds a trav\u00e9s de la figura del <strong>campe\u00f3n ol\u00edmpico<\/strong>. El espacio mide 500 metros cuadrados y est\u00e1 dividido en tres plantas, as\u00ed que recorrerlo con calma requiere su tiempo.<\/p>\n\n\n\n<h3 class=\"wp-block-heading\" id=\"h-el-patrimonio-religioso-de-cercedilla\">El patrimonio religioso de Cercedilla<\/h3>\n\n\n\n<figure class=\"wp-block-image size-full\"><img loading=\"lazy\" decoding=\"async\" width=\"1024\" height=\"768\" src=\"https:\/\/www.escapadarural.com\/blog\/wp-content\/uploads\/2023\/02\/05_Cercedilla_Iglesia_Cruccone_WP05.webp\" alt=\"Iglesia de San Sebasti\u00e1n, en Cercedilla.\" class=\"wp-image-191775\" srcset=\"https:\/\/www.escapadarural.com\/blog\/wp-content\/uploads\/2023\/02\/05_Cercedilla_Iglesia_Cruccone_WP05-200x150.webp 200w, https:\/\/www.escapadarural.com\/blog\/wp-content\/uploads\/2023\/02\/05_Cercedilla_Iglesia_Cruccone_WP05-300x225.webp 300w, https:\/\/www.escapadarural.com\/blog\/wp-content\/uploads\/2023\/02\/05_Cercedilla_Iglesia_Cruccone_WP05-400x300.webp 400w, https:\/\/www.escapadarural.com\/blog\/wp-content\/uploads\/2023\/02\/05_Cercedilla_Iglesia_Cruccone_WP05-600x450.webp 600w, https:\/\/www.escapadarural.com\/blog\/wp-content\/uploads\/2023\/02\/05_Cercedilla_Iglesia_Cruccone_WP05-768x576.webp 768w, https:\/\/www.escapadarural.com\/blog\/wp-content\/uploads\/2023\/02\/05_Cercedilla_Iglesia_Cruccone_WP05-800x600.webp 800w, https:\/\/www.escapadarural.com\/blog\/wp-content\/uploads\/2023\/02\/05_Cercedilla_Iglesia_Cruccone_WP05.webp 1024w\" sizes=\"auto, (max-width: 1024px) 100vw, 1024px\" \/><figcaption class=\"wp-element-caption\">Iglesia de San Sebasti\u00e1n, en Cercedilla. Por Cruccone.<\/figcaption><\/figure>\n\n\n\n<p>Otro de los puntos de inter\u00e9s es la <strong>iglesia de San Sebasti\u00e1n<\/strong>, cuya construcci\u00f3n se fue completando desde los siglos XIII hasta el XX (su capitel es de 1954). El santo al que est\u00e1 advocada es el patr\u00f3n de Cercedilla junto a Nuestra Se\u00f1ora de la Natividad.<\/p>\n\n\n\n<p>Asimismo, la <strong>ermita de Santa Mar\u00eda<\/strong> es una de las visitas recomendadas de la localidad. Se empez\u00f3 a erigir en el siglo XII (cuando se estima que naci\u00f3 el propio pueblo), aunque se ha ido reformando en los a\u00f1os posteriores. La \u00faltima gran reforma tuvo lugar en 1955.<\/p>\n\n\n\n<h3 class=\"wp-block-heading\" id=\"h-el-encanto-de-las-fuentes-naturales-y-los-parques\">El encanto de las fuentes naturales y los parques<\/h3>\n\n\n\n<figure class=\"wp-block-image size-full\"><img loading=\"lazy\" decoding=\"async\" width=\"1024\" height=\"683\" src=\"https:\/\/www.escapadarural.com\/blog\/wp-content\/uploads\/2023\/02\/06_Cercedilla_Fuente_IRuiz_AdobeStock_533182598_WP06.webp\" alt=\"Las fuentes naturales, un atractivo con mucho encanto.\" class=\"wp-image-191776\" srcset=\"https:\/\/www.escapadarural.com\/blog\/wp-content\/uploads\/2023\/02\/06_Cercedilla_Fuente_IRuiz_AdobeStock_533182598_WP06-200x133.webp 200w, https:\/\/www.escapadarural.com\/blog\/wp-content\/uploads\/2023\/02\/06_Cercedilla_Fuente_IRuiz_AdobeStock_533182598_WP06-300x200.webp 300w, https:\/\/www.escapadarural.com\/blog\/wp-content\/uploads\/2023\/02\/06_Cercedilla_Fuente_IRuiz_AdobeStock_533182598_WP06-400x267.webp 400w, https:\/\/www.escapadarural.com\/blog\/wp-content\/uploads\/2023\/02\/06_Cercedilla_Fuente_IRuiz_AdobeStock_533182598_WP06-600x400.webp 600w, https:\/\/www.escapadarural.com\/blog\/wp-content\/uploads\/2023\/02\/06_Cercedilla_Fuente_IRuiz_AdobeStock_533182598_WP06-768x512.webp 768w, https:\/\/www.escapadarural.com\/blog\/wp-content\/uploads\/2023\/02\/06_Cercedilla_Fuente_IRuiz_AdobeStock_533182598_WP06-800x534.webp 800w, https:\/\/www.escapadarural.com\/blog\/wp-content\/uploads\/2023\/02\/06_Cercedilla_Fuente_IRuiz_AdobeStock_533182598_WP06.webp 1024w\" sizes=\"auto, (max-width: 1024px) 100vw, 1024px\" \/><figcaption class=\"wp-element-caption\">Las fuentes naturales, un atractivo con mucho encanto. Por I.Ruiz.<\/figcaption><\/figure>\n\n\n\n<p>Uno de los elementos m\u00e1s destacados del entramado urbano de Cercedilla son sus fuentes, como <strong>la fuente del Tomillar o la fuente del Bolo<\/strong>. La fuente del Tomillar data de 1906 y est\u00e1 instalada sobre una l\u00e1pida de piedra berroque\u00f1a. Mientras, la fuente del Bolo, que se ubica precisamente en la calle de la Fuente, incluye dos piletas de granito presididas por una gran bola.<\/p>\n\n\n\n<p>Otro de los rincones con encanto de Cercedilla es el <strong>parque de Pradoluengo<\/strong>, donde podremos sentarnos a descansar un rato o simplemente disfrutar del atardecer. Otros espacios verdes de la localidad son el parque de la Humildad o el <strong>mirador de Camorritos<\/strong>, donde podremos contemplar unas preciosas vistas del <a href=\"https:\/\/www.parquenacionalsierraguadarrama.es\/\" target=\"_blank\" rel=\"noreferrer noopener nofollow\">Parque Nacional de la Sierra de Guadarrama<\/a>.<\/p>\n\n\n\n<h3 class=\"wp-block-heading\" id=\"h-cercedilla-refugio-de-literatos-y-poetas\">Cercedilla, refugio de literatos y poetas<\/h3>\n\n\n\n<figure class=\"wp-block-image size-full\"><img loading=\"lazy\" decoding=\"async\" width=\"1024\" height=\"539\" src=\"https:\/\/www.escapadarural.com\/blog\/wp-content\/uploads\/2023\/02\/07_Cercedilla_Vistas_pintxoman_AdobeStock_740514609_WP07.webp\" alt=\"Vistas de los Siete Picos de Guadarrama.\" class=\"wp-image-191777\" srcset=\"https:\/\/www.escapadarural.com\/blog\/wp-content\/uploads\/2023\/02\/07_Cercedilla_Vistas_pintxoman_AdobeStock_740514609_WP07-200x105.webp 200w, https:\/\/www.escapadarural.com\/blog\/wp-content\/uploads\/2023\/02\/07_Cercedilla_Vistas_pintxoman_AdobeStock_740514609_WP07-300x158.webp 300w, https:\/\/www.escapadarural.com\/blog\/wp-content\/uploads\/2023\/02\/07_Cercedilla_Vistas_pintxoman_AdobeStock_740514609_WP07-400x211.webp 400w, https:\/\/www.escapadarural.com\/blog\/wp-content\/uploads\/2023\/02\/07_Cercedilla_Vistas_pintxoman_AdobeStock_740514609_WP07-600x316.webp 600w, https:\/\/www.escapadarural.com\/blog\/wp-content\/uploads\/2023\/02\/07_Cercedilla_Vistas_pintxoman_AdobeStock_740514609_WP07-768x404.webp 768w, https:\/\/www.escapadarural.com\/blog\/wp-content\/uploads\/2023\/02\/07_Cercedilla_Vistas_pintxoman_AdobeStock_740514609_WP07-800x421.webp 800w, https:\/\/www.escapadarural.com\/blog\/wp-content\/uploads\/2023\/02\/07_Cercedilla_Vistas_pintxoman_AdobeStock_740514609_WP07.webp 1024w\" sizes=\"auto, (max-width: 1024px) 100vw, 1024px\" \/><figcaption class=\"wp-element-caption\">Vistas de los Siete Picos de Guadarrama. Por pintxoman.<\/figcaption><\/figure>\n\n\n\n<p>La capital del municipio tiene una marcada huella literaria y, de hecho, de \u00e9l sale la conocida <strong>Ruta de Los Poetas<\/strong>, que pasa por los miradores dedicados a Vicente Aleixandre y Luis Rosales. En cada uno pueden leerse versos escritos por los literatos.<\/p>\n\n\n\n<p>El segundo de ellos tiene una importancia especial para la localidad, ya que residi\u00f3 durante m\u00e1s de dos d\u00e9cadas en Cercedilla. De hecho, tiene un centro cultural<strong>&nbsp;<\/strong>que lleva su nombre. En \u00e9l se pueden ver retratos del autor as\u00ed como su m\u00e1quina de escribir o la mesa de su despacho. <strong>El \u2018corralillo de Gloria Fuertes&#8217; <\/strong>es otro de los rincones literarios del pueblo.<\/p>\n\n\n\n<h3 class=\"wp-block-heading\" id=\"h-hora-de-reponer-fuerzas-y-disfrutar-de-la-gastronomia\">Hora de reponer fuerzas y disfrutar de la gastronom\u00eda<\/h3>\n\n\n\n<p>Antes de retirarse a descansar despu\u00e9s de recorrer las calles, el mejor plan es<strong>&nbsp;<\/strong>buscar un restaurante en el que <strong>disfrutar de las delicias gastron\u00f3micas<\/strong> de la zona. En Cercedilla los hay de muy buena calidad. Uno de los platos estrella es la carne a la parrilla o al horno, como el cochinillo o el cordero; aunque no es el \u00fanico porque la sopa de cebolla, la sopa castellana o los judiones tambi\u00e9n brillan en las cartas. Quiz\u00e1 otro paseo antes de dormir no sea mala idea para hacer una buena digesti\u00f3n.<\/p>\n\n\n\n<h2 class=\"wp-block-heading\" id=\"h-sabado-en-los-espacios-naturales-de-cercedilla\">S\u00e1bado en los espacios naturales de Cercedilla<\/h2>\n\n\n\n<figure class=\"wp-block-image size-full\"><img loading=\"lazy\" decoding=\"async\" width=\"1024\" height=\"683\" src=\"https:\/\/www.escapadarural.com\/blog\/wp-content\/uploads\/2023\/02\/08_Cercedilla_Navacerrada_IrenaCastroMoreno_WP08.webp\" alt=\"El puerto de Navacerrada.\" class=\"wp-image-191778\" srcset=\"https:\/\/www.escapadarural.com\/blog\/wp-content\/uploads\/2023\/02\/08_Cercedilla_Navacerrada_IrenaCastroMoreno_WP08-200x133.webp 200w, https:\/\/www.escapadarural.com\/blog\/wp-content\/uploads\/2023\/02\/08_Cercedilla_Navacerrada_IrenaCastroMoreno_WP08-300x200.webp 300w, https:\/\/www.escapadarural.com\/blog\/wp-content\/uploads\/2023\/02\/08_Cercedilla_Navacerrada_IrenaCastroMoreno_WP08-400x267.webp 400w, https:\/\/www.escapadarural.com\/blog\/wp-content\/uploads\/2023\/02\/08_Cercedilla_Navacerrada_IrenaCastroMoreno_WP08-600x400.webp 600w, https:\/\/www.escapadarural.com\/blog\/wp-content\/uploads\/2023\/02\/08_Cercedilla_Navacerrada_IrenaCastroMoreno_WP08-768x512.webp 768w, https:\/\/www.escapadarural.com\/blog\/wp-content\/uploads\/2023\/02\/08_Cercedilla_Navacerrada_IrenaCastroMoreno_WP08-800x534.webp 800w, https:\/\/www.escapadarural.com\/blog\/wp-content\/uploads\/2023\/02\/08_Cercedilla_Navacerrada_IrenaCastroMoreno_WP08.webp 1024w\" sizes=\"auto, (max-width: 1024px) 100vw, 1024px\" \/><figcaption class=\"wp-element-caption\">El puerto de Navacerrada. Por Irene Castro Moreno.<\/figcaption><\/figure>\n\n\n\n<p>Cercedilla es un lugar preparado para acoger al turismo <strong>tanto en verano como en <a href=\"https:\/\/www.escapadarural.com\/blog\/que-ver-en-invierno-a-menos-de-2-horas-de-madrid\/\" title=\"Qu\u00e9 ver en invierno a menos de 2 horas de Madrid\"  data-wpil-monitor-id=\"307\">invierno<\/a><\/strong>. En ambas estaciones del a\u00f1o, la localidad tiene asociados dos lugares naturales de post\u00edn en los que poder disfrutar de un amplio abanico de actividades al aire libre para todos los gustos.<\/p>\n\n\n\n<h3 class=\"wp-block-heading\" id=\"h-en-verano-las-piscinas-naturales-de-las-berceas\">En verano, las piscinas naturales de Las Berceas<\/h3>\n\n\n\n<figure class=\"wp-block-image size-full\"><img loading=\"lazy\" decoding=\"async\" width=\"1024\" height=\"768\" src=\"https:\/\/www.escapadarural.com\/blog\/wp-content\/uploads\/2023\/02\/09_Cercedilla_LasBerceas_TurismodeCercedilla_WP09.webp\" alt=\"Las piscinas naturales de Las Berceas, en Cercedilla.\" class=\"wp-image-191779\" srcset=\"https:\/\/www.escapadarural.com\/blog\/wp-content\/uploads\/2023\/02\/09_Cercedilla_LasBerceas_TurismodeCercedilla_WP09-200x150.webp 200w, https:\/\/www.escapadarural.com\/blog\/wp-content\/uploads\/2023\/02\/09_Cercedilla_LasBerceas_TurismodeCercedilla_WP09-300x225.webp 300w, https:\/\/www.escapadarural.com\/blog\/wp-content\/uploads\/2023\/02\/09_Cercedilla_LasBerceas_TurismodeCercedilla_WP09-400x300.webp 400w, https:\/\/www.escapadarural.com\/blog\/wp-content\/uploads\/2023\/02\/09_Cercedilla_LasBerceas_TurismodeCercedilla_WP09-600x450.webp 600w, https:\/\/www.escapadarural.com\/blog\/wp-content\/uploads\/2023\/02\/09_Cercedilla_LasBerceas_TurismodeCercedilla_WP09-768x576.webp 768w, https:\/\/www.escapadarural.com\/blog\/wp-content\/uploads\/2023\/02\/09_Cercedilla_LasBerceas_TurismodeCercedilla_WP09-800x600.webp 800w, https:\/\/www.escapadarural.com\/blog\/wp-content\/uploads\/2023\/02\/09_Cercedilla_LasBerceas_TurismodeCercedilla_WP09.webp 1024w\" sizes=\"auto, (max-width: 1024px) 100vw, 1024px\" \/><figcaption class=\"wp-element-caption\">Las piscinas naturales de Las Berceas, en Cercedilla. Por Turismo de Cercedilla.<\/figcaption><\/figure>\n\n\n\n<p>En los meses de calor destacan <strong>las piscinas naturales de Las Berceas<\/strong>, situadas en el valle de la Fuenfr\u00eda. Se encuentran dentro del <a href=\"https:\/\/cercedilla.es\/piscinas\/\" target=\"_blank\">p<\/a><a href=\"https:\/\/cercedilla.es\/piscinas\/\" target=\"_blank\" rel=\"noreferrer noopener nofollow\">arque recreativo de Las Berceas<\/a>, que tiene un aforo de 1.800 personas y abren durante los meses de verano.<\/p>\n\n\n\n<p>Este no es un dato superficial, ya que este es uno de los <a href=\"https:\/\/escapadarural.com\/blog\/huir-del-calor-de-madrid\/\" target=\"_blank\" rel=\"noreferrer noopener nofollow\">destinos refrescantes m\u00e1s apreciados por los madrile\u00f1os<\/a>, y suele completarse. <strong>Las entradas pueden adquirirse por anticipado<\/strong> (es m\u00e1s que recomendable hacerlo) en la <a href=\"https:\/\/entradas.cercedilla.es\/\" target=\"_blank\" rel=\"noreferrer noopener nofollow\">plataforma de venta de entradas online<\/a> del Ayuntamiento de Cercedilla. Tambi\u00e9n se ofrece la opci\u00f3n de llegar a Las Berceas en transporte p\u00fablico desde el casco urbano de la localidad.<\/p>\n\n\n\n<p>Tanto las instalaciones como las piscinas est\u00e1n <strong>adaptadas para personas con movilidad reducida<\/strong>. Las mascotas, por contra, no est\u00e1n permitidas en el parque recreativo.<\/p>\n\n\n\n<h3 class=\"wp-block-heading\" id=\"h-en-invierno-el-puerto-de-navacerrada\">En invierno, el puerto de Navacerrada<\/h3>\n\n\n\n<figure class=\"wp-block-image size-full\"><img loading=\"lazy\" decoding=\"async\" width=\"1024\" height=\"768\" src=\"https:\/\/www.escapadarural.com\/blog\/wp-content\/uploads\/2023\/02\/10_Cercedilla_Navacerrada_FrankAlvarez_AdobeStock_419376464_WP10.webp\" alt=\"El esqu\u00ed es posiblemente la actividad mayoritaria en Cercedilla en invierno.\" class=\"wp-image-191780\" srcset=\"https:\/\/www.escapadarural.com\/blog\/wp-content\/uploads\/2023\/02\/10_Cercedilla_Navacerrada_FrankAlvarez_AdobeStock_419376464_WP10-200x150.webp 200w, https:\/\/www.escapadarural.com\/blog\/wp-content\/uploads\/2023\/02\/10_Cercedilla_Navacerrada_FrankAlvarez_AdobeStock_419376464_WP10-300x225.webp 300w, https:\/\/www.escapadarural.com\/blog\/wp-content\/uploads\/2023\/02\/10_Cercedilla_Navacerrada_FrankAlvarez_AdobeStock_419376464_WP10-400x300.webp 400w, https:\/\/www.escapadarural.com\/blog\/wp-content\/uploads\/2023\/02\/10_Cercedilla_Navacerrada_FrankAlvarez_AdobeStock_419376464_WP10-600x450.webp 600w, https:\/\/www.escapadarural.com\/blog\/wp-content\/uploads\/2023\/02\/10_Cercedilla_Navacerrada_FrankAlvarez_AdobeStock_419376464_WP10-768x576.webp 768w, https:\/\/www.escapadarural.com\/blog\/wp-content\/uploads\/2023\/02\/10_Cercedilla_Navacerrada_FrankAlvarez_AdobeStock_419376464_WP10-800x600.webp 800w, https:\/\/www.escapadarural.com\/blog\/wp-content\/uploads\/2023\/02\/10_Cercedilla_Navacerrada_FrankAlvarez_AdobeStock_419376464_WP10.webp 1024w\" sizes=\"auto, (max-width: 1024px) 100vw, 1024px\" \/><figcaption class=\"wp-element-caption\">El esqu\u00ed es posiblemente la actividad mayoritaria en Cercedilla en invierno. Por Frank \u00c1lvarez.<\/figcaption><\/figure>\n\n\n\n<p>En invierno, por supuesto, el ganador es el puerto de Navacerrada. All\u00ed se ubica la <strong>estaci\u00f3n de esqu\u00ed<\/strong> en la que se formaron el mencionado Paquito Fern\u00e1ndez Ochoa y su hermana Blanca. Ella fue la primera mujer espa\u00f1ola en ganar una medalla ol\u00edmpica en unos Juegos de Invierno, con el bronce en el slalom en Albertville 1992.<\/p>\n\n\n\n<p>En las pistas de la estaci\u00f3n se pueden practicar<strong>&nbsp;<\/strong>diversos deportes de nieve, adem\u00e1s del esqu\u00ed, como el <em>snowboard<\/em>. Asimismo, cuenta con un&nbsp;<em>snowpark<\/em>&nbsp;y una zona de trineos. Para los que sean solo acompa\u00f1antes de quienes disfrutan de la nieve como instrumento deportivo, <strong>tambi\u00e9n hay habilitadas zonas de recreo<\/strong> que no requieren esfuerzo f\u00edsico. Tomar una bebida caliente mirando el blanco de las laderas y sus bosques de pinos puede ser tan reconfortante como deslizarse por ellas.<\/p>\n\n\n\n<h3 class=\"wp-block-heading\" id=\"h-una-visita-a-la-historica-fabrica-de-la-luz\">Una visita a la hist\u00f3rica F\u00e1brica de la Luz<\/h3>\n\n\n\n<figure class=\"wp-block-image size-full\"><img loading=\"lazy\" decoding=\"async\" width=\"1024\" height=\"410\" src=\"https:\/\/www.escapadarural.com\/blog\/wp-content\/uploads\/2023\/02\/11_Cercedilla_FabricaLuz_AyotCercedilla._WP11.webp\" alt=\"La F\u00e1brica de la Luz, una muestra de patrimonio industrial en Cercedilla.\" class=\"wp-image-191781\" srcset=\"https:\/\/www.escapadarural.com\/blog\/wp-content\/uploads\/2023\/02\/11_Cercedilla_FabricaLuz_AyotCercedilla._WP11-200x80.webp 200w, https:\/\/www.escapadarural.com\/blog\/wp-content\/uploads\/2023\/02\/11_Cercedilla_FabricaLuz_AyotCercedilla._WP11-300x120.webp 300w, https:\/\/www.escapadarural.com\/blog\/wp-content\/uploads\/2023\/02\/11_Cercedilla_FabricaLuz_AyotCercedilla._WP11-400x160.webp 400w, https:\/\/www.escapadarural.com\/blog\/wp-content\/uploads\/2023\/02\/11_Cercedilla_FabricaLuz_AyotCercedilla._WP11-600x240.webp 600w, https:\/\/www.escapadarural.com\/blog\/wp-content\/uploads\/2023\/02\/11_Cercedilla_FabricaLuz_AyotCercedilla._WP11-768x308.webp 768w, https:\/\/www.escapadarural.com\/blog\/wp-content\/uploads\/2023\/02\/11_Cercedilla_FabricaLuz_AyotCercedilla._WP11-800x320.webp 800w, https:\/\/www.escapadarural.com\/blog\/wp-content\/uploads\/2023\/02\/11_Cercedilla_FabricaLuz_AyotCercedilla._WP11.webp 1024w\" sizes=\"auto, (max-width: 1024px) 100vw, 1024px\" \/><figcaption class=\"wp-element-caption\">La F\u00e1brica de la Luz, una muestra de patrimonio industrial en Cercedilla. Por Ayto Cercedilla.<\/figcaption><\/figure>\n\n\n\n<p>Si no se baja demasiado tarde del puerto, se puede aprovechar el resto del d\u00eda para visitar la <strong>F\u00e1brica de la Luz<\/strong>, situada en la carretera de las Dehesas. Se trata de la antigua central hidroel\u00e9ctrica, que durante medio siglo suministr\u00f3 electricidad al municipio. Una buena muestra de patrimonio industrial.<\/p>\n\n\n\n<p>Actualmente es un centro de interpretaci\u00f3n de la energ\u00eda hidr\u00e1ulica en el que se puede ver la maquinaria y la estructura original de la \u00e9poca que se utilizaba en dicha central. Tambi\u00e9n <strong>se organizan visitas guiadas<\/strong>, que se pueden contratar en la <a href=\"https:\/\/sierradelguadarrama.com\/historia-de-cercedilla-y-la-fabrica-de-la-luz\/\" target=\"_blank\" rel=\"noreferrer noopener nofollow\">central de reservas de la Sierra de Guadarrama<\/a>.<\/p>\n\n\n\n<h2 class=\"wp-block-heading\" id=\"h-domingo-de-senderismo-en-cercedilla\">Domingo de senderismo en Cercedilla<\/h2>\n\n\n\n<figure class=\"wp-block-image size-full\"><img loading=\"lazy\" decoding=\"async\" width=\"1024\" height=\"683\" src=\"https:\/\/www.escapadarural.com\/blog\/wp-content\/uploads\/2023\/02\/12_Cercedilla_Majalasna_AbueloRamiro_AdobeStock_21959022_WP12.webp\" alt=\"La ruta de senderismo al pico Majalasna es una de las top en el entorno de Cercedilla.\" class=\"wp-image-191782\" srcset=\"https:\/\/www.escapadarural.com\/blog\/wp-content\/uploads\/2023\/02\/12_Cercedilla_Majalasna_AbueloRamiro_AdobeStock_21959022_WP12-200x133.webp 200w, https:\/\/www.escapadarural.com\/blog\/wp-content\/uploads\/2023\/02\/12_Cercedilla_Majalasna_AbueloRamiro_AdobeStock_21959022_WP12-300x200.webp 300w, https:\/\/www.escapadarural.com\/blog\/wp-content\/uploads\/2023\/02\/12_Cercedilla_Majalasna_AbueloRamiro_AdobeStock_21959022_WP12-400x267.webp 400w, https:\/\/www.escapadarural.com\/blog\/wp-content\/uploads\/2023\/02\/12_Cercedilla_Majalasna_AbueloRamiro_AdobeStock_21959022_WP12-600x400.webp 600w, https:\/\/www.escapadarural.com\/blog\/wp-content\/uploads\/2023\/02\/12_Cercedilla_Majalasna_AbueloRamiro_AdobeStock_21959022_WP12-768x512.webp 768w, https:\/\/www.escapadarural.com\/blog\/wp-content\/uploads\/2023\/02\/12_Cercedilla_Majalasna_AbueloRamiro_AdobeStock_21959022_WP12-800x534.webp 800w, https:\/\/www.escapadarural.com\/blog\/wp-content\/uploads\/2023\/02\/12_Cercedilla_Majalasna_AbueloRamiro_AdobeStock_21959022_WP12.webp 1024w\" sizes=\"auto, (max-width: 1024px) 100vw, 1024px\" \/><figcaption class=\"wp-element-caption\">La ruta de senderismo al pico Majalasna es una de las <em>top<\/em> en el entorno de Cercedilla. Por Abuelo Ramiro.<\/figcaption><\/figure>\n\n\n\n<p>Una buena actividad para aprovechar el \u00faltimo d\u00eda en este pueblo rodeado de bosques de pino silvestre es el senderismo. Alrededor de Cercedilla y en cualquier \u00e9poca del a\u00f1o se pueden realizar<strong> numerosas <a href=\"https:\/\/www.escapadarural.com\/blog\/la-hiruela-sierra-del-rincon-madrid\/\" title=\"La Hiruela, uno de los pueblos m\u00e1s bonitos de la Sierra de Madrid\"  data-wpil-monitor-id=\"305\">rutas de senderismo<\/a><\/strong>, como la mencionada de Los Poetas.<\/p>\n\n\n\n<p>Algunas de las rutas son de dificultad baja y aptas para toda la familia, como puede ser el <strong>Camino del Agua<\/strong>, que recorre 5,7 kil\u00f3metros en 2 horas. Los m\u00e1s experimentados pueden probar con otras rutas de mayor exigencia como la de la <strong>calzada romana<\/strong> y los puentes romanos, que llega hasta el puerto de la Fuenfr\u00eda; o la del <strong>pico Majalsana,<\/strong> que termina en las Dehesas de Cercedilla. Otra opci\u00f3n muy popular es el famoso <strong>Camino Schmidt<\/strong>. Y, por supuesto, no podemos olvidarnos de <a href=\"https:\/\/www.escapadarural.com\/blog\/ruta-de-las-dehesas-de-cercedilla\/\" target=\"_blank\" rel=\"noreferrer noopener nofollow\">la Ruta de las Dehesas<\/a>.<\/p>\n\n\n\n<h3 class=\"wp-block-heading\" id=\"h-la-ducha-de-los-alemanes-un-espectaculo-natural\">La Ducha de los Alemanes, un espect\u00e1culo natural<\/h3>\n\n\n\n<figure class=\"wp-block-image size-full\"><img loading=\"lazy\" decoding=\"async\" width=\"1024\" height=\"768\" src=\"https:\/\/www.escapadarural.com\/blog\/wp-content\/uploads\/2023\/02\/13_Cercedilla_DuchaAlemanes_U95_WP13.webp\" alt=\"La Ducha de los Alemanes, un enclave natural espectacular.\" class=\"wp-image-191784\" srcset=\"https:\/\/www.escapadarural.com\/blog\/wp-content\/uploads\/2023\/02\/13_Cercedilla_DuchaAlemanes_U95_WP13-200x150.webp 200w, https:\/\/www.escapadarural.com\/blog\/wp-content\/uploads\/2023\/02\/13_Cercedilla_DuchaAlemanes_U95_WP13-300x225.webp 300w, https:\/\/www.escapadarural.com\/blog\/wp-content\/uploads\/2023\/02\/13_Cercedilla_DuchaAlemanes_U95_WP13-400x300.webp 400w, https:\/\/www.escapadarural.com\/blog\/wp-content\/uploads\/2023\/02\/13_Cercedilla_DuchaAlemanes_U95_WP13-600x450.webp 600w, https:\/\/www.escapadarural.com\/blog\/wp-content\/uploads\/2023\/02\/13_Cercedilla_DuchaAlemanes_U95_WP13-768x576.webp 768w, https:\/\/www.escapadarural.com\/blog\/wp-content\/uploads\/2023\/02\/13_Cercedilla_DuchaAlemanes_U95_WP13-800x600.webp 800w, https:\/\/www.escapadarural.com\/blog\/wp-content\/uploads\/2023\/02\/13_Cercedilla_DuchaAlemanes_U95_WP13.webp 1024w\" sizes=\"auto, (max-width: 1024px) 100vw, 1024px\" \/><figcaption class=\"wp-element-caption\">La Ducha de los Alemanes, un enclave natural espectacular. Por U95.<\/figcaption><\/figure>\n\n\n\n<p>Uno de los espect\u00e1culos naturales m\u00e1s llamativos de <strong>Cercedilla<\/strong><strong> es la Ducha de los Alemanes<\/strong>, un precioso salto de agua de dos metros que sale del arroyo de la Navazuela. Se llega a \u00e9l saliendo del \u00e1rea recreativa de las Dehesas de Cercedilla y siguiendo la calzada romana de la Fuenfr\u00eda durante unos tres cuartos de hora.<\/p>\n\n\n\n<p>Podemos encontrar <a href=\"https:\/\/cercedilla.es\/senderismo-y-rutas\/\" target=\"_blank\" rel=\"noreferrer noopener nofollow\">informaci\u00f3n detallada sobre las rutas<\/a>, sus caracter\u00edsticas y su estado actual en el apartado correspondiente la web del Ayuntamiento de Cercedilla. Es buena idea intentar <a href=\"https:\/\/aparcamientos.cercedilla.es\/\" target=\"_blank\" rel=\"noreferrer noopener nofollow\">reservar aparcamiento en Las Dehesas<\/a> si queremos hacer alguna de las rutas que parten desde ah\u00ed. Al ser un espacio natural protegido, <strong>la disponibilidad es muy limitada<\/strong>.<\/p>\n\n\n\n<p>Despu\u00e9s de una buena caminata por la naturaleza, un \u00faltimo homenaje a la gastronom\u00eda local constituye el \u2018hasta luego&#8217; perfecto, porque seguro que quedan ganas de regresar.<\/p>\n\n\n\n<p><\/p>\n","protected":false},"excerpt":{"rendered":"<p>Cercedilla, a apenas una hora de Madrid, nos espera con un sinf\u00edn de posibilidades: naturaleza, patrimonio, desconexi\u00f3n, gastronom\u00eda y senderismo <\/p>\n","protected":false},"author":114,"featured_media":191767,"comment_status":"open","ping_status":"open","sticky":false,"template":"","format":"standard","meta":{"_acf_changed":false,"om_disable_all_campaigns":false,"footnotes":""},"categories":[191],"tags":[1290,332,4925,407,585,790,4926,6088,6087,1292],"class_list":["post-57747","post","type-post","status-publish","format-standard","has-post-thumbnail","hentry","category-destinos","tag-cercedilla","tag-guia","tag-las-berceas","tag-que-ver-en-madrid","tag-naturaleza","tag-nieve","tag-puerto-de-navacerrada","tag-rutas","tag-senderismo","tag-sierra-del-guadarrama"],"acf":[],"featured_image_src":"https:\/\/www.escapadarural.com\/blog\/wp-content\/uploads\/2023\/02\/01_Cercedilla_Cascada_MrWeaK_AdobeStock_1074840570_WP01.webp","author_info":{"display_name":"Carmen L\u00f3pez","author_link":"https:\/\/www.escapadarural.com\/blog\/autor\/carmenlopez\/"},"yoast_head":"<!-- This site is optimized with the Yoast SEO plugin v27.5 - https:\/\/yoast.com\/product\/yoast-seo-wordpress\/ -->\n<title>Cercedilla en un fin de semana: qu\u00e9 ver y hacer - EscapadaRural<\/title>\n<meta name=\"description\" content=\"Cercedilla, a una hora de Madrid, nos espera con un sinf\u00edn de posibilidades: naturaleza, patrimonio, desconexi\u00f3n, gastronom\u00eda y senderismo\" \/>\n<meta name=\"robots\" content=\"index, follow, max-snippet:-1, max-image-preview:large, max-video-preview:-1\" \/>\n<link rel=\"canonical\" href=\"https:\/\/www.escapadarural.com\/blog\/que-ver-y-que-hacer-en-cercedilla\/\" \/>\n<meta property=\"og:locale\" content=\"es_ES\" \/>\n<meta property=\"og:type\" content=\"article\" \/>\n<meta property=\"og:title\" content=\"Cercedilla en un fin de semana: qu\u00e9 ver y hacer - EscapadaRural\" \/>\n<meta property=\"og:description\" content=\"Cercedilla, a una hora de Madrid, nos espera con un sinf\u00edn de posibilidades: naturaleza, patrimonio, desconexi\u00f3n, gastronom\u00eda y senderismo\" \/>\n<meta property=\"og:url\" content=\"https:\/\/www.escapadarural.com\/blog\/que-ver-y-que-hacer-en-cercedilla\/\" \/>\n<meta property=\"og:site_name\" content=\"Magazine de viajes de EscapadaRural\" \/>\n<meta property=\"article:publisher\" content=\"https:\/\/www.facebook.com\/escapadarural\" \/>\n<meta property=\"article:published_time\" content=\"2025-02-20T06:00:00+00:00\" \/>\n<meta property=\"article:modified_time\" content=\"2025-02-20T08:24:56+00:00\" \/>\n<meta property=\"og:image\" content=\"https:\/\/www.escapadarural.com\/blog\/wp-content\/uploads\/2023\/02\/01_Cercedilla_Cascada_MrWeaK_AdobeStock_1074840570_WP01.webp\" \/>\n\t<meta property=\"og:image:width\" content=\"1024\" \/>\n\t<meta property=\"og:image:height\" content=\"683\" \/>\n\t<meta property=\"og:image:type\" content=\"image\/webp\" \/>\n<meta name=\"author\" content=\"Carmen L\u00f3pez\" \/>\n<meta name=\"twitter:card\" content=\"summary_large_image\" \/>\n<meta name=\"twitter:label1\" content=\"Escrito por\" \/>\n\t<meta name=\"twitter:data1\" content=\"Carmen L\u00f3pez\" \/>\n\t<meta name=\"twitter:label2\" content=\"Tiempo de lectura\" \/>\n\t<meta name=\"twitter:data2\" content=\"12 minutos\" \/>\n<script type=\"application\/ld+json\" class=\"yoast-schema-graph\">{\"@context\":\"https:\\\/\\\/schema.org\",\"@graph\":[{\"@type\":\"Article\",\"@id\":\"https:\\\/\\\/www.escapadarural.com\\\/blog\\\/que-ver-y-que-hacer-en-cercedilla\\\/#article\",\"isPartOf\":{\"@id\":\"https:\\\/\\\/www.escapadarural.com\\\/blog\\\/que-ver-y-que-hacer-en-cercedilla\\\/\"},\"author\":{\"name\":\"Carmen L\u00f3pez\",\"@id\":\"https:\\\/\\\/www.escapadarural.com\\\/blog\\\/#\\\/schema\\\/person\\\/42dfdff6118172efc6a04c8ae599a2ce\"},\"headline\":\"Qu\u00e9 ver y qu\u00e9 hacer en Cercedilla en un fin de semana\",\"datePublished\":\"2025-02-20T06:00:00+00:00\",\"dateModified\":\"2025-02-20T08:24:56+00:00\",\"mainEntityOfPage\":{\"@id\":\"https:\\\/\\\/www.escapadarural.com\\\/blog\\\/que-ver-y-que-hacer-en-cercedilla\\\/\"},\"wordCount\":1996,\"commentCount\":3,\"publisher\":{\"@id\":\"https:\\\/\\\/www.escapadarural.com\\\/blog\\\/#organization\"},\"image\":{\"@id\":\"https:\\\/\\\/www.escapadarural.com\\\/blog\\\/que-ver-y-que-hacer-en-cercedilla\\\/#primaryimage\"},\"thumbnailUrl\":\"https:\\\/\\\/www.escapadarural.com\\\/blog\\\/wp-content\\\/uploads\\\/2023\\\/02\\\/01_Cercedilla_Cascada_MrWeaK_AdobeStock_1074840570_WP01.webp\",\"keywords\":[\"Cercedilla\",\"Gu\u00eda\",\"Las Berceas\",\"Madrid\",\"Naturaleza\",\"Nieve\",\"Puerto de Navacerrada\",\"Rutas\",\"senderismo\",\"Sierra del Guadarrama\"],\"articleSection\":[\"Destinos\"],\"inLanguage\":\"es\",\"potentialAction\":[{\"@type\":\"CommentAction\",\"name\":\"Comment\",\"target\":[\"https:\\\/\\\/www.escapadarural.com\\\/blog\\\/que-ver-y-que-hacer-en-cercedilla\\\/#respond\"]}]},{\"@type\":\"WebPage\",\"@id\":\"https:\\\/\\\/www.escapadarural.com\\\/blog\\\/que-ver-y-que-hacer-en-cercedilla\\\/\",\"url\":\"https:\\\/\\\/www.escapadarural.com\\\/blog\\\/que-ver-y-que-hacer-en-cercedilla\\\/\",\"name\":\"Cercedilla en un fin de semana: qu\u00e9 ver y hacer - EscapadaRural\",\"isPartOf\":{\"@id\":\"https:\\\/\\\/www.escapadarural.com\\\/blog\\\/#website\"},\"primaryImageOfPage\":{\"@id\":\"https:\\\/\\\/www.escapadarural.com\\\/blog\\\/que-ver-y-que-hacer-en-cercedilla\\\/#primaryimage\"},\"image\":{\"@id\":\"https:\\\/\\\/www.escapadarural.com\\\/blog\\\/que-ver-y-que-hacer-en-cercedilla\\\/#primaryimage\"},\"thumbnailUrl\":\"https:\\\/\\\/www.escapadarural.com\\\/blog\\\/wp-content\\\/uploads\\\/2023\\\/02\\\/01_Cercedilla_Cascada_MrWeaK_AdobeStock_1074840570_WP01.webp\",\"datePublished\":\"2025-02-20T06:00:00+00:00\",\"dateModified\":\"2025-02-20T08:24:56+00:00\",\"description\":\"Cercedilla, a una hora de Madrid, nos espera con un sinf\u00edn de posibilidades: naturaleza, patrimonio, desconexi\u00f3n, gastronom\u00eda y senderismo\",\"breadcrumb\":{\"@id\":\"https:\\\/\\\/www.escapadarural.com\\\/blog\\\/que-ver-y-que-hacer-en-cercedilla\\\/#breadcrumb\"},\"inLanguage\":\"es\",\"potentialAction\":[{\"@type\":\"ReadAction\",\"target\":[\"https:\\\/\\\/www.escapadarural.com\\\/blog\\\/que-ver-y-que-hacer-en-cercedilla\\\/\"]}]},{\"@type\":\"ImageObject\",\"inLanguage\":\"es\",\"@id\":\"https:\\\/\\\/www.escapadarural.com\\\/blog\\\/que-ver-y-que-hacer-en-cercedilla\\\/#primaryimage\",\"url\":\"https:\\\/\\\/www.escapadarural.com\\\/blog\\\/wp-content\\\/uploads\\\/2023\\\/02\\\/01_Cercedilla_Cascada_MrWeaK_AdobeStock_1074840570_WP01.webp\",\"contentUrl\":\"https:\\\/\\\/www.escapadarural.com\\\/blog\\\/wp-content\\\/uploads\\\/2023\\\/02\\\/01_Cercedilla_Cascada_MrWeaK_AdobeStock_1074840570_WP01.webp\",\"width\":1024,\"height\":683,\"caption\":\"El entorno de Cercedilla ofrece enclaves naturales espectaculares. Por Mr. Weak.\"},{\"@type\":\"BreadcrumbList\",\"@id\":\"https:\\\/\\\/www.escapadarural.com\\\/blog\\\/que-ver-y-que-hacer-en-cercedilla\\\/#breadcrumb\",\"itemListElement\":[{\"@type\":\"ListItem\",\"position\":1,\"name\":\"Inicio\",\"item\":\"https:\\\/\\\/www.escapadarural.com\\\/blog\\\/\"},{\"@type\":\"ListItem\",\"position\":2,\"name\":\"Destinos\",\"item\":\"https:\\\/\\\/www.escapadarural.com\\\/blog\\\/categoria\\\/destinos\\\/\"},{\"@type\":\"ListItem\",\"position\":3,\"name\":\"Qu\u00e9 ver y qu\u00e9 hacer en Cercedilla en un fin de semana\"}]},{\"@type\":\"WebSite\",\"@id\":\"https:\\\/\\\/www.escapadarural.com\\\/blog\\\/#website\",\"url\":\"https:\\\/\\\/www.escapadarural.com\\\/blog\\\/\",\"name\":\"Blog de viajes | turismo rural, alojamientos e inspiraci\u00f3n\",\"description\":\"Alojamientos rurales e inspiraci\u00f3n para tus escapadas\",\"publisher\":{\"@id\":\"https:\\\/\\\/www.escapadarural.com\\\/blog\\\/#organization\"},\"alternateName\":\"Magazine de viajes de EscapadaRural\",\"potentialAction\":[{\"@type\":\"SearchAction\",\"target\":{\"@type\":\"EntryPoint\",\"urlTemplate\":\"https:\\\/\\\/www.escapadarural.com\\\/blog\\\/?s={search_term_string}\"},\"query-input\":{\"@type\":\"PropertyValueSpecification\",\"valueRequired\":true,\"valueName\":\"search_term_string\"}}],\"inLanguage\":\"es\"},{\"@type\":\"Organization\",\"@id\":\"https:\\\/\\\/www.escapadarural.com\\\/blog\\\/#organization\",\"name\":\"EscapadaRural\",\"url\":\"https:\\\/\\\/www.escapadarural.com\\\/blog\\\/\",\"logo\":{\"@type\":\"ImageObject\",\"inLanguage\":\"es\",\"@id\":\"https:\\\/\\\/www.escapadarural.com\\\/blog\\\/#\\\/schema\\\/logo\\\/image\\\/\",\"url\":\"https:\\\/\\\/www.escapadarural.com\\\/blog\\\/wp-content\\\/uploads\\\/2024\\\/10\\\/cropped-cropped-escapada-rural-icon-mag-3.png\",\"contentUrl\":\"https:\\\/\\\/www.escapadarural.com\\\/blog\\\/wp-content\\\/uploads\\\/2024\\\/10\\\/cropped-cropped-escapada-rural-icon-mag-3.png\",\"width\":512,\"height\":512,\"caption\":\"EscapadaRural\"},\"image\":{\"@id\":\"https:\\\/\\\/www.escapadarural.com\\\/blog\\\/#\\\/schema\\\/logo\\\/image\\\/\"},\"sameAs\":[\"https:\\\/\\\/www.facebook.com\\\/escapadarural\",\"https:\\\/\\\/www.instagram.com\\\/escapadarural\\\/\",\"https:\\\/\\\/www.youtube.com\\\/@escapadaruralcom\"]},{\"@type\":\"Person\",\"@id\":\"https:\\\/\\\/www.escapadarural.com\\\/blog\\\/#\\\/schema\\\/person\\\/42dfdff6118172efc6a04c8ae599a2ce\",\"name\":\"Carmen L\u00f3pez\",\"image\":{\"@type\":\"ImageObject\",\"inLanguage\":\"es\",\"@id\":\"https:\\\/\\\/www.escapadarural.com\\\/blog\\\/wp-content\\\/uploads\\\/2024\\\/11\\\/cropped-perfil_eldiario-96x96-1-96x96.jpeg\",\"url\":\"https:\\\/\\\/www.escapadarural.com\\\/blog\\\/wp-content\\\/uploads\\\/2024\\\/11\\\/cropped-perfil_eldiario-96x96-1-96x96.jpeg\",\"contentUrl\":\"https:\\\/\\\/www.escapadarural.com\\\/blog\\\/wp-content\\\/uploads\\\/2024\\\/11\\\/cropped-perfil_eldiario-96x96-1-96x96.jpeg\",\"caption\":\"Carmen L\u00f3pez\"},\"description\":\"Soy periodista y escribo sobre cosas que importan en sitios que interesan desde hace m\u00e1s de una d\u00e9cada.\",\"url\":\"https:\\\/\\\/www.escapadarural.com\\\/blog\\\/autor\\\/carmenlopez\\\/\"}]}<\/script>\n<!-- \/ Yoast SEO plugin. -->","yoast_head_json":{"title":"Cercedilla en un fin de semana: qu\u00e9 ver y hacer - EscapadaRural","description":"Cercedilla, a una hora de Madrid, nos espera con un sinf\u00edn de posibilidades: naturaleza, patrimonio, desconexi\u00f3n, gastronom\u00eda y senderismo","robots":{"index":"index","follow":"follow","max-snippet":"max-snippet:-1","max-image-preview":"max-image-preview:large","max-video-preview":"max-video-preview:-1"},"canonical":"https:\/\/www.escapadarural.com\/blog\/que-ver-y-que-hacer-en-cercedilla\/","og_locale":"es_ES","og_type":"article","og_title":"Cercedilla en un fin de semana: qu\u00e9 ver y hacer - EscapadaRural","og_description":"Cercedilla, a una hora de Madrid, nos espera con un sinf\u00edn de posibilidades: naturaleza, patrimonio, desconexi\u00f3n, gastronom\u00eda y senderismo","og_url":"https:\/\/www.escapadarural.com\/blog\/que-ver-y-que-hacer-en-cercedilla\/","og_site_name":"Magazine de viajes de EscapadaRural","article_publisher":"https:\/\/www.facebook.com\/escapadarural","article_published_time":"2025-02-20T06:00:00+00:00","article_modified_time":"2025-02-20T08:24:56+00:00","og_image":[{"width":1024,"height":683,"url":"https:\/\/www.escapadarural.com\/blog\/wp-content\/uploads\/2023\/02\/01_Cercedilla_Cascada_MrWeaK_AdobeStock_1074840570_WP01.webp","type":"image\/webp"}],"author":"Carmen L\u00f3pez","twitter_card":"summary_large_image","twitter_misc":{"Escrito por":"Carmen L\u00f3pez","Tiempo de lectura":"12 minutos"},"schema":{"@context":"https:\/\/schema.org","@graph":[{"@type":"Article","@id":"https:\/\/www.escapadarural.com\/blog\/que-ver-y-que-hacer-en-cercedilla\/#article","isPartOf":{"@id":"https:\/\/www.escapadarural.com\/blog\/que-ver-y-que-hacer-en-cercedilla\/"},"author":{"name":"Carmen L\u00f3pez","@id":"https:\/\/www.escapadarural.com\/blog\/#\/schema\/person\/42dfdff6118172efc6a04c8ae599a2ce"},"headline":"Qu\u00e9 ver y qu\u00e9 hacer en Cercedilla en un fin de semana","datePublished":"2025-02-20T06:00:00+00:00","dateModified":"2025-02-20T08:24:56+00:00","mainEntityOfPage":{"@id":"https:\/\/www.escapadarural.com\/blog\/que-ver-y-que-hacer-en-cercedilla\/"},"wordCount":1996,"commentCount":3,"publisher":{"@id":"https:\/\/www.escapadarural.com\/blog\/#organization"},"image":{"@id":"https:\/\/www.escapadarural.com\/blog\/que-ver-y-que-hacer-en-cercedilla\/#primaryimage"},"thumbnailUrl":"https:\/\/www.escapadarural.com\/blog\/wp-content\/uploads\/2023\/02\/01_Cercedilla_Cascada_MrWeaK_AdobeStock_1074840570_WP01.webp","keywords":["Cercedilla","Gu\u00eda","Las Berceas","Madrid","Naturaleza","Nieve","Puerto de Navacerrada","Rutas","senderismo","Sierra del Guadarrama"],"articleSection":["Destinos"],"inLanguage":"es","potentialAction":[{"@type":"CommentAction","name":"Comment","target":["https:\/\/www.escapadarural.com\/blog\/que-ver-y-que-hacer-en-cercedilla\/#respond"]}]},{"@type":"WebPage","@id":"https:\/\/www.escapadarural.com\/blog\/que-ver-y-que-hacer-en-cercedilla\/","url":"https:\/\/www.escapadarural.com\/blog\/que-ver-y-que-hacer-en-cercedilla\/","name":"Cercedilla en un fin de semana: qu\u00e9 ver y hacer - EscapadaRural","isPartOf":{"@id":"https:\/\/www.escapadarural.com\/blog\/#website"},"primaryImageOfPage":{"@id":"https:\/\/www.escapadarural.com\/blog\/que-ver-y-que-hacer-en-cercedilla\/#primaryimage"},"image":{"@id":"https:\/\/www.escapadarural.com\/blog\/que-ver-y-que-hacer-en-cercedilla\/#primaryimage"},"thumbnailUrl":"https:\/\/www.escapadarural.com\/blog\/wp-content\/uploads\/2023\/02\/01_Cercedilla_Cascada_MrWeaK_AdobeStock_1074840570_WP01.webp","datePublished":"2025-02-20T06:00:00+00:00","dateModified":"2025-02-20T08:24:56+00:00","description":"Cercedilla, a una hora de Madrid, nos espera con un sinf\u00edn de posibilidades: naturaleza, patrimonio, desconexi\u00f3n, gastronom\u00eda y senderismo","breadcrumb":{"@id":"https:\/\/www.escapadarural.com\/blog\/que-ver-y-que-hacer-en-cercedilla\/#breadcrumb"},"inLanguage":"es","potentialAction":[{"@type":"ReadAction","target":["https:\/\/www.escapadarural.com\/blog\/que-ver-y-que-hacer-en-cercedilla\/"]}]},{"@type":"ImageObject","inLanguage":"es","@id":"https:\/\/www.escapadarural.com\/blog\/que-ver-y-que-hacer-en-cercedilla\/#primaryimage","url":"https:\/\/www.escapadarural.com\/blog\/wp-content\/uploads\/2023\/02\/01_Cercedilla_Cascada_MrWeaK_AdobeStock_1074840570_WP01.webp","contentUrl":"https:\/\/www.escapadarural.com\/blog\/wp-content\/uploads\/2023\/02\/01_Cercedilla_Cascada_MrWeaK_AdobeStock_1074840570_WP01.webp","width":1024,"height":683,"caption":"El entorno de Cercedilla ofrece enclaves naturales espectaculares. Por Mr. Weak."},{"@type":"BreadcrumbList","@id":"https:\/\/www.escapadarural.com\/blog\/que-ver-y-que-hacer-en-cercedilla\/#breadcrumb","itemListElement":[{"@type":"ListItem","position":1,"name":"Inicio","item":"https:\/\/www.escapadarural.com\/blog\/"},{"@type":"ListItem","position":2,"name":"Destinos","item":"https:\/\/www.escapadarural.com\/blog\/categoria\/destinos\/"},{"@type":"ListItem","position":3,"name":"Qu\u00e9 ver y qu\u00e9 hacer en Cercedilla en un fin de semana"}]},{"@type":"WebSite","@id":"https:\/\/www.escapadarural.com\/blog\/#website","url":"https:\/\/www.escapadarural.com\/blog\/","name":"Blog de viajes | turismo rural, alojamientos e inspiraci\u00f3n","description":"Alojamientos rurales e inspiraci\u00f3n para tus escapadas","publisher":{"@id":"https:\/\/www.escapadarural.com\/blog\/#organization"},"alternateName":"Magazine de viajes de EscapadaRural","potentialAction":[{"@type":"SearchAction","target":{"@type":"EntryPoint","urlTemplate":"https:\/\/www.escapadarural.com\/blog\/?s={search_term_string}"},"query-input":{"@type":"PropertyValueSpecification","valueRequired":true,"valueName":"search_term_string"}}],"inLanguage":"es"},{"@type":"Organization","@id":"https:\/\/www.escapadarural.com\/blog\/#organization","name":"EscapadaRural","url":"https:\/\/www.escapadarural.com\/blog\/","logo":{"@type":"ImageObject","inLanguage":"es","@id":"https:\/\/www.escapadarural.com\/blog\/#\/schema\/logo\/image\/","url":"https:\/\/www.escapadarural.com\/blog\/wp-content\/uploads\/2024\/10\/cropped-cropped-escapada-rural-icon-mag-3.png","contentUrl":"https:\/\/www.escapadarural.com\/blog\/wp-content\/uploads\/2024\/10\/cropped-cropped-escapada-rural-icon-mag-3.png","width":512,"height":512,"caption":"EscapadaRural"},"image":{"@id":"https:\/\/www.escapadarural.com\/blog\/#\/schema\/logo\/image\/"},"sameAs":["https:\/\/www.facebook.com\/escapadarural","https:\/\/www.instagram.com\/escapadarural\/","https:\/\/www.youtube.com\/@escapadaruralcom"]},{"@type":"Person","@id":"https:\/\/www.escapadarural.com\/blog\/#\/schema\/person\/42dfdff6118172efc6a04c8ae599a2ce","name":"Carmen L\u00f3pez","image":{"@type":"ImageObject","inLanguage":"es","@id":"https:\/\/www.escapadarural.com\/blog\/wp-content\/uploads\/2024\/11\/cropped-perfil_eldiario-96x96-1-96x96.jpeg","url":"https:\/\/www.escapadarural.com\/blog\/wp-content\/uploads\/2024\/11\/cropped-perfil_eldiario-96x96-1-96x96.jpeg","contentUrl":"https:\/\/www.escapadarural.com\/blog\/wp-content\/uploads\/2024\/11\/cropped-perfil_eldiario-96x96-1-96x96.jpeg","caption":"Carmen L\u00f3pez"},"description":"Soy periodista y escribo sobre cosas que importan en sitios que interesan desde hace m\u00e1s de una d\u00e9cada.","url":"https:\/\/www.escapadarural.com\/blog\/autor\/carmenlopez\/"}]}},"_links":{"self":[{"href":"https:\/\/www.escapadarural.com\/blog\/wp-json\/wp\/v2\/posts\/57747","targetHints":{"allow":["GET"]}}],"collection":[{"href":"https:\/\/www.escapadarural.com\/blog\/wp-json\/wp\/v2\/posts"}],"about":[{"href":"https:\/\/www.escapadarural.com\/blog\/wp-json\/wp\/v2\/types\/post"}],"author":[{"embeddable":true,"href":"https:\/\/www.escapadarural.com\/blog\/wp-json\/wp\/v2\/users\/114"}],"replies":[{"embeddable":true,"href":"https:\/\/www.escapadarural.com\/blog\/wp-json\/wp\/v2\/comments?post=57747"}],"version-history":[{"count":0,"href":"https:\/\/www.escapadarural.com\/blog\/wp-json\/wp\/v2\/posts\/57747\/revisions"}],"wp:featuredmedia":[{"embeddable":true,"href":"https:\/\/www.escapadarural.com\/blog\/wp-json\/wp\/v2\/media\/191767"}],"wp:attachment":[{"href":"https:\/\/www.escapadarural.com\/blog\/wp-json\/wp\/v2\/media?parent=57747"}],"wp:term":[{"taxonomy":"category","embeddable":true,"href":"https:\/\/www.escapadarural.com\/blog\/wp-json\/wp\/v2\/categories?post=57747"},{"taxonomy":"post_tag","embeddable":true,"href":"https:\/\/www.escapadarural.com\/blog\/wp-json\/wp\/v2\/tags?post=57747"}],"curies":[{"name":"wp","href":"https:\/\/api.w.org\/{rel}","templated":true}]}}