{"id":58057,"date":"2023-03-07T11:36:41","date_gmt":"2023-03-07T10:36:41","guid":{"rendered":"https:\/\/www.escapadarural.com\/blog\/?p=58057"},"modified":"2025-08-12T16:17:59","modified_gmt":"2025-08-12T14:17:59","slug":"ruta-por-acantilados-de-herbeira","status":"publish","type":"post","link":"https:\/\/www.escapadarural.com\/blog\/ruta-por-acantilados-de-herbeira\/","title":{"rendered":"Ruta por los acantilados de Herbeira, los m\u00e1s altos de Europa"},"content":{"rendered":"\n<figure class=\"wp-block-image size-large\"><a href=\"https:\/\/www.escapadarural.com\/blog\/wp-content\/uploads\/AdobeStock_274020649-scaled.jpeg\"><img decoding=\"async\" src=\"https:\/\/www.escapadarural.com\/blog\/wp-content\/uploads\/2023\/03\/AdobeStock_274020649-1024x683-1.jpeg\" alt=\"Ruta por los acantilados de Herbeira\" class=\"wp-image-58626\"\/><\/a><figcaption class=\"wp-element-caption\">Ruta por los acantilados de Herbeira. Por Jordi<\/figcaption><\/figure>\n\n\n\n<p>Galicia nos tiene acostumbrados a paisajes y lugares de una belleza y relevancia may\u00fascula. No hay m\u00e1s que visitar la exuberante <a href=\"https:\/\/www.escapadarural.com\/blog\/fragas-do-eume-paseando-por-la-naturaleza-gallega-mas-autentica\/\" data-type=\"post\" data-id=\"10370\">Fraga do Eume<\/a>, las id\u00edlicas islas C\u00edes, el hist\u00f3rico <a href=\"https:\/\/www.escapadarural.com\/blog\/castro-de-barona-una-joya-gallega-de-la-edad-de-hierro\/\" data-type=\"post\" data-id=\"40920\">castro de Baro\u00f1a<\/a> o la afilada Costa da Morte, para darse cuenta de la amplia diversidad y magnitud paisaj\u00edstica de las tierras gallegas. Estos cuatro lugares son solo un ejemplo, pero hay m\u00e1s, como los impresionantes <strong>acantilados de Vix\u00eda Herbeira<\/strong>, gigantes de hasta 615 metros de altura situados entre las localidades coru\u00f1esas de Cari\u00f1o y Cedeira.<\/p>\n\n\n\n<p>Los&nbsp;acantilados de Herbeira&nbsp;son de esas creaciones naturales que sobrecogen cuando son contempladas. Considerados los de mayor cota sobre el nivel del mar de la Europa Continental, estos imponentes precipios dibujan una escena de postal en plena sierra de la Capelada.<\/p>\n\n\n\n<figure class=\"wp-block-image size-large\"><a href=\"https:\/\/www.escapadarural.com\/blog\/wp-content\/uploads\/AdobeStock_66006408-scaled.jpeg\"><img decoding=\"async\" src=\"https:\/\/www.escapadarural.com\/blog\/wp-content\/uploads\/2023\/03\/AdobeStock_66006408-1024x683-1.jpeg\" alt=\"Ruta por los acantilados de Herbeira\" class=\"wp-image-58630\"\/><\/a><figcaption class=\"wp-element-caption\">Ruta por los acantilados de Herbeira. Por Luis Cagiao<\/figcaption><\/figure>\n\n\n\n<p>\u00bfY desde d\u00f3nde se obtienen las mejores vistas? Desde el <strong>mirador de la Garita de Herbeira<\/strong>. Es en sus inmediaciones donde se alza la zona m\u00e1s elevada de los acantilados y donde, adem\u00e1s, se funden en un abrazo el mar Cant\u00e1brico y las agitadas aguas del oc\u00e9ano Atl\u00e1ntico. El espect\u00e1culo est\u00e1 asegurado. Una panor\u00e1mica de la vertiginosa ca\u00edda, pr\u00e1cticamente en vertical, con el vasto oc\u00e9ano como tel\u00f3n de fondo que deja sin aliento.<\/p>\n\n\n\n<p>Llegar hasta el mirador es muy sencillo, pues tiene un acceso muy bien se\u00f1alizado desde la carretera DP-2205 y cuenta con su propio aparcamiento.<\/p>\n\n\n\n<figure class=\"wp-block-image size-large\"><a href=\"https:\/\/www.escapadarural.com\/blog\/wp-content\/uploads\/AdobeStock_375624444-scaled.jpeg\"><img decoding=\"async\" src=\"https:\/\/www.escapadarural.com\/blog\/wp-content\/uploads\/2023\/03\/AdobeStock_375624444-1024x684-1.jpeg\" alt=\"San Andr\u00e9s de Teixido\" class=\"wp-image-58631\"\/><\/a><figcaption class=\"wp-element-caption\">San Andr\u00e9s de Teixido<\/figcaption><\/figure>\n\n\n\n<p>Otro punto desde donde podemos contemplar a estos colosos es la pintoresca aldea de San Andr\u00e9s de Teixido, o <strong>Santo Andr\u00e9 de Teixido<\/strong> en gallego, uno de los centros de peregrinaci\u00f3n espiritual de mayor popularidad de Galicia que merece la pena visitar, se tengan o no esas inquietudes. Su excepcional ubicaci\u00f3n, encajada entre barrancos y suspendida sobre el mar, le aportan un encanto inigualable.<\/p>\n\n\n\n<p>Como curiosidad, muy cerca de esta localidad se encuentra el <strong>cruceiro de Leslie Howard<\/strong>, el famoso personaje Ashley en <em>Lo que el viento se llev\u00f3<\/em>. El motivo de la placa con su nombre es porque justo aqu\u00ed fue donde falleci\u00f3 al ser derribada su avioneta -con 16 pasajeros m\u00e1s a bordo- por la aviaci\u00f3n nazi en 1643.<\/p>\n\n\n\n<figure class=\"wp-block-image size-large\"><a href=\"https:\/\/www.escapadarural.com\/blog\/wp-content\/uploads\/AdobeStock_537895115-scaled.jpeg\"><img decoding=\"async\" src=\"https:\/\/www.escapadarural.com\/blog\/wp-content\/uploads\/2023\/03\/AdobeStock_537895115-683x1024-1.jpeg\" alt=\"San Andres de Teixido\" class=\"wp-image-58628\"\/><\/a><figcaption class=\"wp-element-caption\">San Andres de Teixido. Por rudiernst<\/figcaption><\/figure>\n\n\n\n<p>Pero no solo su altura hace a los acantilados de Herbeira tan especiales. La localidad de <strong>Vix\u00eda de Herbeira<\/strong> y sus alrededores conforman una maravilla geol\u00f3gica \u00fanica en el mundo. El porqu\u00e9 lo encontramos en la naturaleza de sus rocas, millones de a\u00f1os de cambios y movimientos a decenas de kil\u00f3metros bajo tierra que provocaron esta exhibici\u00f3n rocosa tan particular. Y decimos particular porque, por lo general, este tipo de rocas suele encontrarse en el subsuelo y no en la superficie. <\/p>\n\n\n\n<h2 class=\"wp-block-heading\" id=\"h-la-playa-de-arena-negra-no-volcanica\">La playa de arena negra no volc\u00e1nica <\/h2>\n\n\n\n<figure class=\"wp-block-image size-large\"><a href=\"https:\/\/www.escapadarural.com\/blog\/wp-content\/uploads\/AdobeStock_268530364-scaled.jpeg\"><img decoding=\"async\" src=\"https:\/\/www.escapadarural.com\/blog\/wp-content\/uploads\/2023\/03\/AdobeStock_268530364-1024x683-1.jpeg\" alt=\"Playa de Teixidelo\" class=\"wp-image-58629\"\/><\/a><figcaption class=\"wp-element-caption\">Playa de Teixidelo. Por Alberto<\/figcaption><\/figure>\n\n\n\n<p>Si a esto le sumamos que en esta zona podemos disfrutar de una de las pocas <strong>playas de arena negra <\/strong>no volc\u00e1nica del planeta, la playa de Teixidelo, obtenemos un rinc\u00f3n gallego de matr\u00edcula de los que perduran para siempre en la memoria. Su color se debe a los materiales rocosos que componen el cabo Ortegal. El acceso a la playa es complicado y no muy seguro, por lo que se recomienda acceder a ella con un gu\u00eda. <\/p>\n\n\n\n<p>A los acantilados de Herbeira se puede llegar en coche, con inicio en Cari\u00f1o y tomando la DP-2205 siguiendo las indicaciones de Vix\u00eda de Herbeira. No obstante, si prefieres recorrerla a pie tambi\u00e9n es posible. Desde Cari\u00f1o hay habilitada una ruta de senderismo de unas tres horas de duraci\u00f3n (solo ida) que atraviesa la sierra de A Capelada.<\/p>\n\n\n\n<div class=\"wp-block-buttons is-layout-flex wp-block-buttons-is-layout-flex\">\n<div class=\"wp-block-button\"><a class=\"wp-block-button__link wp-element-button\" href=\"https:\/\/www.escapadarural.com\/casas-rurales\/a-coruna\">Casas rurales en A Coru\u00f1a<\/a><\/div>\n<\/div>\n","protected":false},"excerpt":{"rendered":"<p>Con m\u00e1s de 600 metros de altura, estos gigantes rocosos se levantan frente al mar entre las localidades de Cari\u00f1o y Cedeira. Aqu\u00ed os dejamos una ruta por los acantilados de Herbeira. <\/p>\n","protected":false},"author":109,"featured_media":560,"comment_status":"open","ping_status":"open","sticky":false,"template":"","format":"standard","meta":{"_acf_changed":false,"om_disable_all_campaigns":false,"footnotes":""},"categories":[1379],"tags":[241,266,468,817,666],"class_list":["post-58057","post","type-post","status-publish","format-standard","has-post-thumbnail","hentry","category-rutas-y-excursiones","tag-que-ver-en-a-coruna","tag-acantilados","tag-que-ver-en-galicia","tag-garita-de-herbeira","tag-san-andres-de-teixido"],"acf":[],"featured_image_src":"https:\/\/www.escapadarural.com\/blog\/wp-content\/uploads\/2020\/04\/San_Andres_de_Teixido_vista-680x453-1.jpg","author_info":{"display_name":"El\u00edsabet Garc\u00eda","author_link":"https:\/\/www.escapadarural.com\/blog\/autor\/lagranescapada\/"},"yoast_head":"<!-- This site is optimized with the Yoast SEO plugin v27.5 - https:\/\/yoast.com\/product\/yoast-seo-wordpress\/ -->\n<title>Ruta por los acantilados de Herbeira, los m\u00e1s altos de Europa - EscapadaRural<\/title>\n<meta name=\"robots\" content=\"index, follow, max-snippet:-1, max-image-preview:large, max-video-preview:-1\" \/>\n<link rel=\"canonical\" href=\"https:\/\/www.escapadarural.com\/blog\/ruta-por-acantilados-de-herbeira\/\" \/>\n<meta property=\"og:locale\" content=\"es_ES\" \/>\n<meta property=\"og:type\" content=\"article\" \/>\n<meta property=\"og:title\" content=\"Ruta por los acantilados de Herbeira, los m\u00e1s altos de Europa - EscapadaRural\" \/>\n<meta property=\"og:description\" content=\"Con m\u00e1s de 600 metros de altura, estos gigantes rocosos se levantan frente al mar entre las localidades de Cari\u00f1o y Cedeira. Aqu\u00ed os dejamos una ruta por los acantilados de Herbeira.\" \/>\n<meta property=\"og:url\" content=\"https:\/\/www.escapadarural.com\/blog\/ruta-por-acantilados-de-herbeira\/\" \/>\n<meta property=\"og:site_name\" content=\"Magazine de viajes de EscapadaRural\" \/>\n<meta property=\"article:publisher\" content=\"https:\/\/www.facebook.com\/escapadarural\" \/>\n<meta property=\"article:published_time\" content=\"2023-03-07T10:36:41+00:00\" \/>\n<meta property=\"article:modified_time\" content=\"2025-08-12T14:17:59+00:00\" \/>\n<meta property=\"og:image\" content=\"https:\/\/www.escapadarural.com\/blog\/wp-content\/uploads\/2020\/04\/San_Andres_de_Teixido_vista-680x453-1.jpg?v=1755008280\" \/>\n\t<meta property=\"og:image:width\" content=\"680\" \/>\n\t<meta property=\"og:image:height\" content=\"453\" \/>\n\t<meta property=\"og:image:type\" content=\"image\/jpeg\" \/>\n<meta name=\"author\" content=\"El\u00edsabet Garc\u00eda\" \/>\n<meta name=\"twitter:card\" content=\"summary_large_image\" \/>\n<meta name=\"twitter:label1\" content=\"Escrito por\" \/>\n\t<meta name=\"twitter:data1\" content=\"El\u00edsabet Garc\u00eda\" \/>\n\t<meta name=\"twitter:label2\" content=\"Tiempo de lectura\" \/>\n\t<meta name=\"twitter:data2\" content=\"3 minutos\" \/>\n<script type=\"application\/ld+json\" class=\"yoast-schema-graph\">{\"@context\":\"https:\\\/\\\/schema.org\",\"@graph\":[{\"@type\":\"Article\",\"@id\":\"https:\\\/\\\/www.escapadarural.com\\\/blog\\\/ruta-por-acantilados-de-herbeira\\\/#article\",\"isPartOf\":{\"@id\":\"https:\\\/\\\/www.escapadarural.com\\\/blog\\\/ruta-por-acantilados-de-herbeira\\\/\"},\"author\":{\"name\":\"El\u00edsabet Garc\u00eda\",\"@id\":\"https:\\\/\\\/www.escapadarural.com\\\/blog\\\/#\\\/schema\\\/person\\\/2cac652e2d16373a24890ffaa220140f\"},\"headline\":\"Ruta por los acantilados de Herbeira, los m\u00e1s altos de Europa\",\"datePublished\":\"2023-03-07T10:36:41+00:00\",\"dateModified\":\"2025-08-12T14:17:59+00:00\",\"mainEntityOfPage\":{\"@id\":\"https:\\\/\\\/www.escapadarural.com\\\/blog\\\/ruta-por-acantilados-de-herbeira\\\/\"},\"wordCount\":664,\"commentCount\":1,\"publisher\":{\"@id\":\"https:\\\/\\\/www.escapadarural.com\\\/blog\\\/#organization\"},\"image\":{\"@id\":\"https:\\\/\\\/www.escapadarural.com\\\/blog\\\/ruta-por-acantilados-de-herbeira\\\/#primaryimage\"},\"thumbnailUrl\":\"https:\\\/\\\/www.escapadarural.com\\\/blog\\\/wp-content\\\/uploads\\\/2020\\\/04\\\/San_Andres_de_Teixido_vista-680x453-1.jpg\",\"keywords\":[\"A Coru\u00f1a\",\"Acantilados\",\"Galicia\",\"Garita de Herbeira\",\"San Andr\u00e9s de Teixido\"],\"articleSection\":[\"Rutas y excursiones\"],\"inLanguage\":\"es\",\"potentialAction\":[{\"@type\":\"CommentAction\",\"name\":\"Comment\",\"target\":[\"https:\\\/\\\/www.escapadarural.com\\\/blog\\\/ruta-por-acantilados-de-herbeira\\\/#respond\"]}]},{\"@type\":\"WebPage\",\"@id\":\"https:\\\/\\\/www.escapadarural.com\\\/blog\\\/ruta-por-acantilados-de-herbeira\\\/\",\"url\":\"https:\\\/\\\/www.escapadarural.com\\\/blog\\\/ruta-por-acantilados-de-herbeira\\\/\",\"name\":\"Ruta por los acantilados de Herbeira, los m\u00e1s altos de Europa - EscapadaRural\",\"isPartOf\":{\"@id\":\"https:\\\/\\\/www.escapadarural.com\\\/blog\\\/#website\"},\"primaryImageOfPage\":{\"@id\":\"https:\\\/\\\/www.escapadarural.com\\\/blog\\\/ruta-por-acantilados-de-herbeira\\\/#primaryimage\"},\"image\":{\"@id\":\"https:\\\/\\\/www.escapadarural.com\\\/blog\\\/ruta-por-acantilados-de-herbeira\\\/#primaryimage\"},\"thumbnailUrl\":\"https:\\\/\\\/www.escapadarural.com\\\/blog\\\/wp-content\\\/uploads\\\/2020\\\/04\\\/San_Andres_de_Teixido_vista-680x453-1.jpg\",\"datePublished\":\"2023-03-07T10:36:41+00:00\",\"dateModified\":\"2025-08-12T14:17:59+00:00\",\"breadcrumb\":{\"@id\":\"https:\\\/\\\/www.escapadarural.com\\\/blog\\\/ruta-por-acantilados-de-herbeira\\\/#breadcrumb\"},\"inLanguage\":\"es\",\"potentialAction\":[{\"@type\":\"ReadAction\",\"target\":[\"https:\\\/\\\/www.escapadarural.com\\\/blog\\\/ruta-por-acantilados-de-herbeira\\\/\"]}]},{\"@type\":\"ImageObject\",\"inLanguage\":\"es\",\"@id\":\"https:\\\/\\\/www.escapadarural.com\\\/blog\\\/ruta-por-acantilados-de-herbeira\\\/#primaryimage\",\"url\":\"https:\\\/\\\/www.escapadarural.com\\\/blog\\\/wp-content\\\/uploads\\\/2020\\\/04\\\/San_Andres_de_Teixido_vista-680x453-1.jpg\",\"contentUrl\":\"https:\\\/\\\/www.escapadarural.com\\\/blog\\\/wp-content\\\/uploads\\\/2020\\\/04\\\/San_Andres_de_Teixido_vista-680x453-1.jpg\",\"width\":680,\"height\":453,\"caption\":\"San Andr\u00e9s de Teixido\"},{\"@type\":\"BreadcrumbList\",\"@id\":\"https:\\\/\\\/www.escapadarural.com\\\/blog\\\/ruta-por-acantilados-de-herbeira\\\/#breadcrumb\",\"itemListElement\":[{\"@type\":\"ListItem\",\"position\":1,\"name\":\"Inicio\",\"item\":\"https:\\\/\\\/www.escapadarural.com\\\/blog\\\/\"},{\"@type\":\"ListItem\",\"position\":2,\"name\":\"Rutas y excursiones\",\"item\":\"https:\\\/\\\/www.escapadarural.com\\\/blog\\\/categoria\\\/rutas-y-excursiones\\\/\"},{\"@type\":\"ListItem\",\"position\":3,\"name\":\"Ruta por los acantilados de Herbeira, los m\u00e1s altos de Europa\"}]},{\"@type\":\"WebSite\",\"@id\":\"https:\\\/\\\/www.escapadarural.com\\\/blog\\\/#website\",\"url\":\"https:\\\/\\\/www.escapadarural.com\\\/blog\\\/\",\"name\":\"Blog de viajes | turismo rural, alojamientos e inspiraci\u00f3n\",\"description\":\"Alojamientos rurales e inspiraci\u00f3n para tus escapadas\",\"publisher\":{\"@id\":\"https:\\\/\\\/www.escapadarural.com\\\/blog\\\/#organization\"},\"alternateName\":\"Magazine de viajes de EscapadaRural\",\"potentialAction\":[{\"@type\":\"SearchAction\",\"target\":{\"@type\":\"EntryPoint\",\"urlTemplate\":\"https:\\\/\\\/www.escapadarural.com\\\/blog\\\/?s={search_term_string}\"},\"query-input\":{\"@type\":\"PropertyValueSpecification\",\"valueRequired\":true,\"valueName\":\"search_term_string\"}}],\"inLanguage\":\"es\"},{\"@type\":\"Organization\",\"@id\":\"https:\\\/\\\/www.escapadarural.com\\\/blog\\\/#organization\",\"name\":\"EscapadaRural\",\"url\":\"https:\\\/\\\/www.escapadarural.com\\\/blog\\\/\",\"logo\":{\"@type\":\"ImageObject\",\"inLanguage\":\"es\",\"@id\":\"https:\\\/\\\/www.escapadarural.com\\\/blog\\\/#\\\/schema\\\/logo\\\/image\\\/\",\"url\":\"https:\\\/\\\/www.escapadarural.com\\\/blog\\\/wp-content\\\/uploads\\\/2024\\\/10\\\/cropped-cropped-escapada-rural-icon-mag-3.png\",\"contentUrl\":\"https:\\\/\\\/www.escapadarural.com\\\/blog\\\/wp-content\\\/uploads\\\/2024\\\/10\\\/cropped-cropped-escapada-rural-icon-mag-3.png\",\"width\":512,\"height\":512,\"caption\":\"EscapadaRural\"},\"image\":{\"@id\":\"https:\\\/\\\/www.escapadarural.com\\\/blog\\\/#\\\/schema\\\/logo\\\/image\\\/\"},\"sameAs\":[\"https:\\\/\\\/www.facebook.com\\\/escapadarural\",\"https:\\\/\\\/www.instagram.com\\\/escapadarural\\\/\",\"https:\\\/\\\/www.youtube.com\\\/@escapadaruralcom\"]},{\"@type\":\"Person\",\"@id\":\"https:\\\/\\\/www.escapadarural.com\\\/blog\\\/#\\\/schema\\\/person\\\/2cac652e2d16373a24890ffaa220140f\",\"name\":\"El\u00edsabet Garc\u00eda\",\"image\":{\"@type\":\"ImageObject\",\"inLanguage\":\"es\",\"@id\":\"https:\\\/\\\/www.escapadarural.com\\\/blog\\\/wp-content\\\/uploads\\\/2025\\\/02\\\/elisabet_gran_escapada.webp\",\"url\":\"https:\\\/\\\/www.escapadarural.com\\\/blog\\\/wp-content\\\/uploads\\\/2025\\\/02\\\/elisabet_gran_escapada.webp\",\"contentUrl\":\"https:\\\/\\\/www.escapadarural.com\\\/blog\\\/wp-content\\\/uploads\\\/2025\\\/02\\\/elisabet_gran_escapada.webp\",\"caption\":\"El\u00edsabet Garc\u00eda\"},\"description\":\"Hola a todos! Soy El\u00edsabet Garc\u00eda, Consultora Inform\u00e1tica y, desde hace 7 a\u00f1os, blogger de viajes. Me apasiona viajar, conocer lugares inh\u00f3spitos, experimentar aventuras, perderme por la naturaleza y saborear la gastronom\u00eda local de cada lugar. Coeditora del blog lagranescapada.com junto a Mar Gonz\u00e1lez, un lugar que creamos para compartir cada nueva escapada que hacemos por el mundo.\",\"sameAs\":[\"https:\\\/\\\/lagranescapada.com\\\/\"],\"url\":\"https:\\\/\\\/www.escapadarural.com\\\/blog\\\/autor\\\/lagranescapada\\\/\"}]}<\/script>\n<!-- \/ Yoast SEO plugin. -->","yoast_head_json":{"title":"Ruta por los acantilados de Herbeira, los m\u00e1s altos de Europa - EscapadaRural","robots":{"index":"index","follow":"follow","max-snippet":"max-snippet:-1","max-image-preview":"max-image-preview:large","max-video-preview":"max-video-preview:-1"},"canonical":"https:\/\/www.escapadarural.com\/blog\/ruta-por-acantilados-de-herbeira\/","og_locale":"es_ES","og_type":"article","og_title":"Ruta por los acantilados de Herbeira, los m\u00e1s altos de Europa - EscapadaRural","og_description":"Con m\u00e1s de 600 metros de altura, estos gigantes rocosos se levantan frente al mar entre las localidades de Cari\u00f1o y Cedeira. Aqu\u00ed os dejamos una ruta por los acantilados de Herbeira.","og_url":"https:\/\/www.escapadarural.com\/blog\/ruta-por-acantilados-de-herbeira\/","og_site_name":"Magazine de viajes de EscapadaRural","article_publisher":"https:\/\/www.facebook.com\/escapadarural","article_published_time":"2023-03-07T10:36:41+00:00","article_modified_time":"2025-08-12T14:17:59+00:00","og_image":[{"width":680,"height":453,"url":"https:\/\/www.escapadarural.com\/blog\/wp-content\/uploads\/2020\/04\/San_Andres_de_Teixido_vista-680x453-1.jpg?v=1755008280","type":"image\/jpeg"}],"author":"El\u00edsabet Garc\u00eda","twitter_card":"summary_large_image","twitter_misc":{"Escrito por":"El\u00edsabet Garc\u00eda","Tiempo de lectura":"3 minutos"},"schema":{"@context":"https:\/\/schema.org","@graph":[{"@type":"Article","@id":"https:\/\/www.escapadarural.com\/blog\/ruta-por-acantilados-de-herbeira\/#article","isPartOf":{"@id":"https:\/\/www.escapadarural.com\/blog\/ruta-por-acantilados-de-herbeira\/"},"author":{"name":"El\u00edsabet Garc\u00eda","@id":"https:\/\/www.escapadarural.com\/blog\/#\/schema\/person\/2cac652e2d16373a24890ffaa220140f"},"headline":"Ruta por los acantilados de Herbeira, los m\u00e1s altos de Europa","datePublished":"2023-03-07T10:36:41+00:00","dateModified":"2025-08-12T14:17:59+00:00","mainEntityOfPage":{"@id":"https:\/\/www.escapadarural.com\/blog\/ruta-por-acantilados-de-herbeira\/"},"wordCount":664,"commentCount":1,"publisher":{"@id":"https:\/\/www.escapadarural.com\/blog\/#organization"},"image":{"@id":"https:\/\/www.escapadarural.com\/blog\/ruta-por-acantilados-de-herbeira\/#primaryimage"},"thumbnailUrl":"https:\/\/www.escapadarural.com\/blog\/wp-content\/uploads\/2020\/04\/San_Andres_de_Teixido_vista-680x453-1.jpg","keywords":["A Coru\u00f1a","Acantilados","Galicia","Garita de Herbeira","San Andr\u00e9s de Teixido"],"articleSection":["Rutas y excursiones"],"inLanguage":"es","potentialAction":[{"@type":"CommentAction","name":"Comment","target":["https:\/\/www.escapadarural.com\/blog\/ruta-por-acantilados-de-herbeira\/#respond"]}]},{"@type":"WebPage","@id":"https:\/\/www.escapadarural.com\/blog\/ruta-por-acantilados-de-herbeira\/","url":"https:\/\/www.escapadarural.com\/blog\/ruta-por-acantilados-de-herbeira\/","name":"Ruta por los acantilados de Herbeira, los m\u00e1s altos de Europa - EscapadaRural","isPartOf":{"@id":"https:\/\/www.escapadarural.com\/blog\/#website"},"primaryImageOfPage":{"@id":"https:\/\/www.escapadarural.com\/blog\/ruta-por-acantilados-de-herbeira\/#primaryimage"},"image":{"@id":"https:\/\/www.escapadarural.com\/blog\/ruta-por-acantilados-de-herbeira\/#primaryimage"},"thumbnailUrl":"https:\/\/www.escapadarural.com\/blog\/wp-content\/uploads\/2020\/04\/San_Andres_de_Teixido_vista-680x453-1.jpg","datePublished":"2023-03-07T10:36:41+00:00","dateModified":"2025-08-12T14:17:59+00:00","breadcrumb":{"@id":"https:\/\/www.escapadarural.com\/blog\/ruta-por-acantilados-de-herbeira\/#breadcrumb"},"inLanguage":"es","potentialAction":[{"@type":"ReadAction","target":["https:\/\/www.escapadarural.com\/blog\/ruta-por-acantilados-de-herbeira\/"]}]},{"@type":"ImageObject","inLanguage":"es","@id":"https:\/\/www.escapadarural.com\/blog\/ruta-por-acantilados-de-herbeira\/#primaryimage","url":"https:\/\/www.escapadarural.com\/blog\/wp-content\/uploads\/2020\/04\/San_Andres_de_Teixido_vista-680x453-1.jpg","contentUrl":"https:\/\/www.escapadarural.com\/blog\/wp-content\/uploads\/2020\/04\/San_Andres_de_Teixido_vista-680x453-1.jpg","width":680,"height":453,"caption":"San Andr\u00e9s de Teixido"},{"@type":"BreadcrumbList","@id":"https:\/\/www.escapadarural.com\/blog\/ruta-por-acantilados-de-herbeira\/#breadcrumb","itemListElement":[{"@type":"ListItem","position":1,"name":"Inicio","item":"https:\/\/www.escapadarural.com\/blog\/"},{"@type":"ListItem","position":2,"name":"Rutas y excursiones","item":"https:\/\/www.escapadarural.com\/blog\/categoria\/rutas-y-excursiones\/"},{"@type":"ListItem","position":3,"name":"Ruta por los acantilados de Herbeira, los m\u00e1s altos de Europa"}]},{"@type":"WebSite","@id":"https:\/\/www.escapadarural.com\/blog\/#website","url":"https:\/\/www.escapadarural.com\/blog\/","name":"Blog de viajes | turismo rural, alojamientos e inspiraci\u00f3n","description":"Alojamientos rurales e inspiraci\u00f3n para tus escapadas","publisher":{"@id":"https:\/\/www.escapadarural.com\/blog\/#organization"},"alternateName":"Magazine de viajes de EscapadaRural","potentialAction":[{"@type":"SearchAction","target":{"@type":"EntryPoint","urlTemplate":"https:\/\/www.escapadarural.com\/blog\/?s={search_term_string}"},"query-input":{"@type":"PropertyValueSpecification","valueRequired":true,"valueName":"search_term_string"}}],"inLanguage":"es"},{"@type":"Organization","@id":"https:\/\/www.escapadarural.com\/blog\/#organization","name":"EscapadaRural","url":"https:\/\/www.escapadarural.com\/blog\/","logo":{"@type":"ImageObject","inLanguage":"es","@id":"https:\/\/www.escapadarural.com\/blog\/#\/schema\/logo\/image\/","url":"https:\/\/www.escapadarural.com\/blog\/wp-content\/uploads\/2024\/10\/cropped-cropped-escapada-rural-icon-mag-3.png","contentUrl":"https:\/\/www.escapadarural.com\/blog\/wp-content\/uploads\/2024\/10\/cropped-cropped-escapada-rural-icon-mag-3.png","width":512,"height":512,"caption":"EscapadaRural"},"image":{"@id":"https:\/\/www.escapadarural.com\/blog\/#\/schema\/logo\/image\/"},"sameAs":["https:\/\/www.facebook.com\/escapadarural","https:\/\/www.instagram.com\/escapadarural\/","https:\/\/www.youtube.com\/@escapadaruralcom"]},{"@type":"Person","@id":"https:\/\/www.escapadarural.com\/blog\/#\/schema\/person\/2cac652e2d16373a24890ffaa220140f","name":"El\u00edsabet Garc\u00eda","image":{"@type":"ImageObject","inLanguage":"es","@id":"https:\/\/www.escapadarural.com\/blog\/wp-content\/uploads\/2025\/02\/elisabet_gran_escapada.webp","url":"https:\/\/www.escapadarural.com\/blog\/wp-content\/uploads\/2025\/02\/elisabet_gran_escapada.webp","contentUrl":"https:\/\/www.escapadarural.com\/blog\/wp-content\/uploads\/2025\/02\/elisabet_gran_escapada.webp","caption":"El\u00edsabet Garc\u00eda"},"description":"Hola a todos! Soy El\u00edsabet Garc\u00eda, Consultora Inform\u00e1tica y, desde hace 7 a\u00f1os, blogger de viajes. Me apasiona viajar, conocer lugares inh\u00f3spitos, experimentar aventuras, perderme por la naturaleza y saborear la gastronom\u00eda local de cada lugar. Coeditora del blog lagranescapada.com junto a Mar Gonz\u00e1lez, un lugar que creamos para compartir cada nueva escapada que hacemos por el mundo.","sameAs":["https:\/\/lagranescapada.com\/"],"url":"https:\/\/www.escapadarural.com\/blog\/autor\/lagranescapada\/"}]}},"_links":{"self":[{"href":"https:\/\/www.escapadarural.com\/blog\/wp-json\/wp\/v2\/posts\/58057","targetHints":{"allow":["GET"]}}],"collection":[{"href":"https:\/\/www.escapadarural.com\/blog\/wp-json\/wp\/v2\/posts"}],"about":[{"href":"https:\/\/www.escapadarural.com\/blog\/wp-json\/wp\/v2\/types\/post"}],"author":[{"embeddable":true,"href":"https:\/\/www.escapadarural.com\/blog\/wp-json\/wp\/v2\/users\/109"}],"replies":[{"embeddable":true,"href":"https:\/\/www.escapadarural.com\/blog\/wp-json\/wp\/v2\/comments?post=58057"}],"version-history":[{"count":0,"href":"https:\/\/www.escapadarural.com\/blog\/wp-json\/wp\/v2\/posts\/58057\/revisions"}],"wp:featuredmedia":[{"embeddable":true,"href":"https:\/\/www.escapadarural.com\/blog\/wp-json\/wp\/v2\/media\/560"}],"wp:attachment":[{"href":"https:\/\/www.escapadarural.com\/blog\/wp-json\/wp\/v2\/media?parent=58057"}],"wp:term":[{"taxonomy":"category","embeddable":true,"href":"https:\/\/www.escapadarural.com\/blog\/wp-json\/wp\/v2\/categories?post=58057"},{"taxonomy":"post_tag","embeddable":true,"href":"https:\/\/www.escapadarural.com\/blog\/wp-json\/wp\/v2\/tags?post=58057"}],"curies":[{"name":"wp","href":"https:\/\/api.w.org\/{rel}","templated":true}]}}