{"id":5813,"date":"2020-09-29T09:22:00","date_gmt":"2020-09-29T08:22:00","guid":{"rendered":"http:\/\/15.188.81.248\/2015\/09\/23\/citas-y-poemas-de-otono\/"},"modified":"2026-02-18T09:00:18","modified_gmt":"2026-02-18T08:00:18","slug":"citas-y-poemas-de-otono","status":"publish","type":"post","link":"https:\/\/www.escapadarural.com\/blog\/citas-y-poemas-de-otono\/","title":{"rendered":"Un poema y diez citas de oto\u00f1o"},"content":{"rendered":"\n<figure class=\"wp-block-image size-full\"><img loading=\"lazy\" decoding=\"async\" width=\"1024\" height=\"682\" src=\"https:\/\/www.escapadarural.com\/blog\/wp-content\/uploads\/2024\/09\/AdobeStock_453791386.jpeg\" alt=\"Hayedo Tejera Negra\" class=\"wp-image-106398\" srcset=\"https:\/\/www.escapadarural.com\/blog\/wp-content\/uploads\/2024\/09\/AdobeStock_453791386-200x133.jpeg 200w, https:\/\/www.escapadarural.com\/blog\/wp-content\/uploads\/2024\/09\/AdobeStock_453791386-300x200.jpeg 300w, https:\/\/www.escapadarural.com\/blog\/wp-content\/uploads\/2024\/09\/AdobeStock_453791386-400x266.jpeg 400w, https:\/\/www.escapadarural.com\/blog\/wp-content\/uploads\/2024\/09\/AdobeStock_453791386-600x400.jpeg 600w, https:\/\/www.escapadarural.com\/blog\/wp-content\/uploads\/2024\/09\/AdobeStock_453791386-768x512.jpeg 768w, https:\/\/www.escapadarural.com\/blog\/wp-content\/uploads\/2024\/09\/AdobeStock_453791386-800x533.jpeg 800w, https:\/\/www.escapadarural.com\/blog\/wp-content\/uploads\/2024\/09\/AdobeStock_453791386.jpeg 1024w\" sizes=\"auto, (max-width: 1024px) 100vw, 1024px\" \/><figcaption class=\"wp-element-caption\">Hayedo Tejera Negra<\/figcaption><\/figure>\n\n\n\n<p>Llega el oto\u00f1o y toca ponerse melanc\u00f3lico, es el sentimiento que mejor le sienta al sol que ya no arde, a las hojas ca\u00eddas y al olor de los suelos mojados por la lluvia. S\u00ed, el verano ha terminado, pero empieza el bello espect\u00e1culo que cubre los paisajes con un manto color fuego.<\/p>\n\n\n\n<p><strong>Bienvenido oto\u00f1o.<\/strong><\/p>\n\n\n\n<h2 class=\"wp-block-heading\" id=\"h-el-otono-se-acerca\">El oto\u00f1o se acerca<\/h2>\n\n\n\n<blockquote class=\"wp-block-quote is-layout-flow wp-block-quote-is-layout-flow\">\n<p><em>El oto\u00f1o se acerca con muy poco ruido:<\/em><\/p>\n\n\n\n<p><em>apagadas cigarras, unos grillos apenas,<\/em><\/p>\n\n\n\n<p><em>defienden el reducto<\/em><\/p>\n\n\n\n<p><em>de un verano obstinado en perpetuarse,<\/em><\/p>\n\n\n\n<p><em>cuya suntuosa cola a\u00fan brilla hacia el oeste.<\/em><\/p>\n\n\n\n<p><em>Se dir\u00eda que aqu\u00ed no pasa nada,<\/em><\/p>\n\n\n\n<p><em>pero un silencio s\u00fabito ilumina el prodigio:<\/em><\/p>\n\n\n\n<p><em>ha pasado<\/em><\/p>\n\n\n\n<p><em>un \u00e1ngel<\/em><\/p>\n\n\n\n<p><em>que se llamaba luz, o fuego, o vida.<\/em><\/p>\n\n\n\n<p><em>Y lo perdimos para siempre.<\/em><\/p>\n\n\n\n<p><strong>&#8211; \u00c1ngel Gonz\u00e1lez<\/strong><\/p>\n<\/blockquote>\n\n\n\n<h3 class=\"wp-block-heading\" id=\"h-el-invierno-es-una-aguafuerte-primavera-una-acuarela-un-oleo-de-verano-y-otono-un-mosaico-de-todos-ellos-stanley-horowitz\">\u00abEl invierno es una aguafuerte, primavera una acuarela, un \u00f3leo de verano y oto\u00f1o un mosaico de todos ellos.\u00bb<br>-Stanley Horowitz<\/h3>\n\n\n\n<h3 class=\"wp-block-heading\" id=\"h-el-otono-es-una-segunda-primavera-cuando-cada-hoja-es-una-flor-albert-camus\">\u00abEl oto\u00f1o es una segunda primavera, cuando cada hoja es una flor.\u00bb<br>-Albert Camus<\/h3>\n\n\n\n<h3 class=\"wp-block-heading\" id=\"h-el-otono-es-triste-para-el-que-no-sabe-divertirse-celine-blondeau\">\u00abEl oto\u00f1o es triste para el que no sabe divertirse\u00bb<br>-C\u00e9line Blondeau<\/h3>\n\n\n\n<h3 class=\"wp-block-heading\" id=\"h-no-existe-belleza-primaveral-ni-el-verano-tiene-tanta-gracia-como-el-que-he-visto-en-un-rostro-otonal-john-done\">\u00abNo existe belleza primaveral, ni el verano tiene tanta gracia , como el que he visto en un rostro oto\u00f1al.\u00bb<br>-John Done<\/h3>\n\n\n\n<h3 class=\"wp-block-heading\" id=\"h-no-temas-al-otono-si-ha-venido-aunque-caiga-la-flor-queda-la-rama-la-rama-queda-para-hacer-el-nido-leopoldo-lugones\">\u00abNo temas al oto\u00f1o si ha venido. Aunque caiga la flor, queda la rama. La rama queda para hacer el nido\u00bb<br>-Leopoldo Lugones<\/h3>\n\n\n\n<h3 class=\"wp-block-heading\" id=\"h-nada-es-mas-fugaz-que-la-forma-exterior-que-se-marchita-y-se-altera-como-las-flores-del-campo-en-la-aparicion-de-otono-umberto-eco\">\u00abNada es m\u00e1s fugaz que la forma exterior, que se marchita y se altera como las flores del campo en la aparici\u00f3n de oto\u00f1o.\u00bb<br>-Umberto Eco<\/h3>\n\n\n\n<h3 class=\"wp-block-heading\" id=\"h-cada-hoja-habla-de-felicidad-para-mi-agitando-los-arboles-de-otono-emily-bronte\">\u00abCada hoja habla de felicidad para m\u00ed, agitando los \u00e1rboles de oto\u00f1o.\u00bb<br>-Emily Bronte<\/h3>\n\n\n\n<h3 class=\"wp-block-heading\" id=\"h-viento-de-otono-tan-fugaz-como-tu-se-fue-mi-amor-masajo-suzuki\">\u00abViento de oto\u00f1o, tan fugaz como t\u00fa se fue mi amor.\u00bb<br>-Masajo Suzuki<\/h3>\n\n\n\n<h3 class=\"wp-block-heading\" id=\"h-la-montana-oscurece-y-asume-la-purpura-magnificencia-de-las-hojas-en-otono-yosa-buson\">\u00abLa monta\u00f1a oscurece y asume la p\u00farpura magnificencia de las hojas en oto\u00f1o.\u00bb<br>-Yosa Buson<\/h3>\n\n\n\n<h3 class=\"wp-block-heading\" id=\"h-el-otono-devuelve-a-la-tierra-las-hojas-que-ella-le-presto-en-verano-george-christoph-lechtenberg\">\u00abEl oto\u00f1o devuelve a la tierra las hojas que ella le prest\u00f3 en verano.\u00bb<br>-George Christoph Lechtenberg<\/h3>\n\n\n\n<p><\/p>\n","protected":false},"excerpt":{"rendered":"<p>S\u00ed, el verano ha terminado, pero empieza el bello espect\u00e1culo que cubre los paisajes con un manto color fuego. Bienvenido oto\u00f1o.<\/p>\n","protected":false},"author":87,"featured_media":106398,"comment_status":"open","ping_status":"closed","sticky":false,"template":"","format":"standard","meta":{"_acf_changed":false,"om_disable_all_campaigns":false,"footnotes":""},"categories":[191],"tags":[1663,1678,2828,2829],"class_list":["post-5813","post","type-post","status-publish","format-standard","has-post-thumbnail","hentry","category-destinos","tag-citas","tag-frases","tag-poesia","tag-quotes"],"acf":[],"featured_image_src":"https:\/\/www.escapadarural.com\/blog\/wp-content\/uploads\/2024\/09\/AdobeStock_453791386.jpeg","author_info":{"display_name":"Estel Soro G\u00f3mez","author_link":"https:\/\/www.escapadarural.com\/blog\/autor\/estelsoro\/"},"yoast_head":"<!-- This site is optimized with the Yoast SEO plugin v27.5 - https:\/\/yoast.com\/product\/yoast-seo-wordpress\/ -->\n<title>Un poema y diez citas de oto\u00f1o - EscapadaRural<\/title>\n<meta name=\"robots\" content=\"index, follow, max-snippet:-1, max-image-preview:large, max-video-preview:-1\" \/>\n<link rel=\"canonical\" href=\"https:\/\/www.escapadarural.com\/blog\/citas-y-poemas-de-otono\/\" \/>\n<meta property=\"og:locale\" content=\"es_ES\" \/>\n<meta property=\"og:type\" content=\"article\" \/>\n<meta property=\"og:title\" content=\"Un poema y diez citas de oto\u00f1o - EscapadaRural\" \/>\n<meta property=\"og:description\" content=\"S\u00ed, el verano ha terminado, pero empieza el bello espect\u00e1culo que cubre los paisajes con un manto color fuego. Bienvenido oto\u00f1o.\" \/>\n<meta property=\"og:url\" content=\"https:\/\/www.escapadarural.com\/blog\/citas-y-poemas-de-otono\/\" \/>\n<meta property=\"og:site_name\" content=\"Magazine de viajes de EscapadaRural\" \/>\n<meta property=\"article:publisher\" content=\"https:\/\/www.facebook.com\/escapadarural\" \/>\n<meta property=\"article:published_time\" content=\"2020-09-29T08:22:00+00:00\" \/>\n<meta property=\"article:modified_time\" content=\"2026-02-18T08:00:18+00:00\" \/>\n<meta property=\"og:image\" content=\"https:\/\/www.escapadarural.com\/blog\/wp-content\/uploads\/2024\/09\/AdobeStock_453791386.jpeg?v=1771401619\" \/>\n\t<meta property=\"og:image:width\" content=\"1024\" \/>\n\t<meta property=\"og:image:height\" content=\"682\" \/>\n\t<meta property=\"og:image:type\" content=\"image\/jpeg\" \/>\n<meta name=\"author\" content=\"Estel Soro G\u00f3mez\" \/>\n<meta name=\"twitter:card\" content=\"summary_large_image\" \/>\n<meta name=\"twitter:label1\" content=\"Escrito por\" \/>\n\t<meta name=\"twitter:data1\" content=\"Estel Soro G\u00f3mez\" \/>\n\t<meta name=\"twitter:label2\" content=\"Tiempo de lectura\" \/>\n\t<meta name=\"twitter:data2\" content=\"4 minutos\" \/>\n<script type=\"application\/ld+json\" class=\"yoast-schema-graph\">{\"@context\":\"https:\\\/\\\/schema.org\",\"@graph\":[{\"@type\":\"Article\",\"@id\":\"https:\\\/\\\/www.escapadarural.com\\\/blog\\\/citas-y-poemas-de-otono\\\/#article\",\"isPartOf\":{\"@id\":\"https:\\\/\\\/www.escapadarural.com\\\/blog\\\/citas-y-poemas-de-otono\\\/\"},\"author\":{\"name\":\"Estel Soro G\u00f3mez\",\"@id\":\"https:\\\/\\\/www.escapadarural.com\\\/blog\\\/#\\\/schema\\\/person\\\/765b6ee00ac07d22895193c5f8ccb01f\"},\"headline\":\"Un poema y diez citas de oto\u00f1o\",\"datePublished\":\"2020-09-29T08:22:00+00:00\",\"dateModified\":\"2026-02-18T08:00:18+00:00\",\"mainEntityOfPage\":{\"@id\":\"https:\\\/\\\/www.escapadarural.com\\\/blog\\\/citas-y-poemas-de-otono\\\/\"},\"wordCount\":336,\"commentCount\":9,\"publisher\":{\"@id\":\"https:\\\/\\\/www.escapadarural.com\\\/blog\\\/#organization\"},\"image\":{\"@id\":\"https:\\\/\\\/www.escapadarural.com\\\/blog\\\/citas-y-poemas-de-otono\\\/#primaryimage\"},\"thumbnailUrl\":\"https:\\\/\\\/www.escapadarural.com\\\/blog\\\/wp-content\\\/uploads\\\/2024\\\/09\\\/AdobeStock_453791386.jpeg\",\"keywords\":[\"Citas\",\"frases\",\"poes\u00eda\",\"quotes\"],\"articleSection\":[\"Destinos\"],\"inLanguage\":\"es\",\"potentialAction\":[{\"@type\":\"CommentAction\",\"name\":\"Comment\",\"target\":[\"https:\\\/\\\/www.escapadarural.com\\\/blog\\\/citas-y-poemas-de-otono\\\/#respond\"]}]},{\"@type\":\"WebPage\",\"@id\":\"https:\\\/\\\/www.escapadarural.com\\\/blog\\\/citas-y-poemas-de-otono\\\/\",\"url\":\"https:\\\/\\\/www.escapadarural.com\\\/blog\\\/citas-y-poemas-de-otono\\\/\",\"name\":\"Un poema y diez citas de oto\u00f1o - EscapadaRural\",\"isPartOf\":{\"@id\":\"https:\\\/\\\/www.escapadarural.com\\\/blog\\\/#website\"},\"primaryImageOfPage\":{\"@id\":\"https:\\\/\\\/www.escapadarural.com\\\/blog\\\/citas-y-poemas-de-otono\\\/#primaryimage\"},\"image\":{\"@id\":\"https:\\\/\\\/www.escapadarural.com\\\/blog\\\/citas-y-poemas-de-otono\\\/#primaryimage\"},\"thumbnailUrl\":\"https:\\\/\\\/www.escapadarural.com\\\/blog\\\/wp-content\\\/uploads\\\/2024\\\/09\\\/AdobeStock_453791386.jpeg\",\"datePublished\":\"2020-09-29T08:22:00+00:00\",\"dateModified\":\"2026-02-18T08:00:18+00:00\",\"breadcrumb\":{\"@id\":\"https:\\\/\\\/www.escapadarural.com\\\/blog\\\/citas-y-poemas-de-otono\\\/#breadcrumb\"},\"inLanguage\":\"es\",\"potentialAction\":[{\"@type\":\"ReadAction\",\"target\":[\"https:\\\/\\\/www.escapadarural.com\\\/blog\\\/citas-y-poemas-de-otono\\\/\"]}]},{\"@type\":\"ImageObject\",\"inLanguage\":\"es\",\"@id\":\"https:\\\/\\\/www.escapadarural.com\\\/blog\\\/citas-y-poemas-de-otono\\\/#primaryimage\",\"url\":\"https:\\\/\\\/www.escapadarural.com\\\/blog\\\/wp-content\\\/uploads\\\/2024\\\/09\\\/AdobeStock_453791386.jpeg\",\"contentUrl\":\"https:\\\/\\\/www.escapadarural.com\\\/blog\\\/wp-content\\\/uploads\\\/2024\\\/09\\\/AdobeStock_453791386.jpeg\",\"width\":1024,\"height\":682,\"caption\":\"Hayedo Tejera Negra\"},{\"@type\":\"BreadcrumbList\",\"@id\":\"https:\\\/\\\/www.escapadarural.com\\\/blog\\\/citas-y-poemas-de-otono\\\/#breadcrumb\",\"itemListElement\":[{\"@type\":\"ListItem\",\"position\":1,\"name\":\"Inicio\",\"item\":\"https:\\\/\\\/www.escapadarural.com\\\/blog\\\/\"},{\"@type\":\"ListItem\",\"position\":2,\"name\":\"Destinos\",\"item\":\"https:\\\/\\\/www.escapadarural.com\\\/blog\\\/categoria\\\/destinos\\\/\"},{\"@type\":\"ListItem\",\"position\":3,\"name\":\"Un poema y diez citas de oto\u00f1o\"}]},{\"@type\":\"WebSite\",\"@id\":\"https:\\\/\\\/www.escapadarural.com\\\/blog\\\/#website\",\"url\":\"https:\\\/\\\/www.escapadarural.com\\\/blog\\\/\",\"name\":\"Blog de viajes | turismo rural, alojamientos e inspiraci\u00f3n\",\"description\":\"Alojamientos rurales e inspiraci\u00f3n para tus escapadas\",\"publisher\":{\"@id\":\"https:\\\/\\\/www.escapadarural.com\\\/blog\\\/#organization\"},\"alternateName\":\"Magazine de viajes de EscapadaRural\",\"potentialAction\":[{\"@type\":\"SearchAction\",\"target\":{\"@type\":\"EntryPoint\",\"urlTemplate\":\"https:\\\/\\\/www.escapadarural.com\\\/blog\\\/?s={search_term_string}\"},\"query-input\":{\"@type\":\"PropertyValueSpecification\",\"valueRequired\":true,\"valueName\":\"search_term_string\"}}],\"inLanguage\":\"es\"},{\"@type\":\"Organization\",\"@id\":\"https:\\\/\\\/www.escapadarural.com\\\/blog\\\/#organization\",\"name\":\"EscapadaRural\",\"url\":\"https:\\\/\\\/www.escapadarural.com\\\/blog\\\/\",\"logo\":{\"@type\":\"ImageObject\",\"inLanguage\":\"es\",\"@id\":\"https:\\\/\\\/www.escapadarural.com\\\/blog\\\/#\\\/schema\\\/logo\\\/image\\\/\",\"url\":\"https:\\\/\\\/www.escapadarural.com\\\/blog\\\/wp-content\\\/uploads\\\/2024\\\/10\\\/cropped-cropped-escapada-rural-icon-mag-3.png\",\"contentUrl\":\"https:\\\/\\\/www.escapadarural.com\\\/blog\\\/wp-content\\\/uploads\\\/2024\\\/10\\\/cropped-cropped-escapada-rural-icon-mag-3.png\",\"width\":512,\"height\":512,\"caption\":\"EscapadaRural\"},\"image\":{\"@id\":\"https:\\\/\\\/www.escapadarural.com\\\/blog\\\/#\\\/schema\\\/logo\\\/image\\\/\"},\"sameAs\":[\"https:\\\/\\\/www.facebook.com\\\/escapadarural\",\"https:\\\/\\\/www.instagram.com\\\/escapadarural\\\/\",\"https:\\\/\\\/www.youtube.com\\\/@escapadaruralcom\"]},{\"@type\":\"Person\",\"@id\":\"https:\\\/\\\/www.escapadarural.com\\\/blog\\\/#\\\/schema\\\/person\\\/765b6ee00ac07d22895193c5f8ccb01f\",\"name\":\"Estel Soro G\u00f3mez\",\"image\":{\"@type\":\"ImageObject\",\"inLanguage\":\"es\",\"@id\":\"https:\\\/\\\/www.escapadarural.com\\\/blog\\\/wp-content\\\/uploads\\\/2025\\\/03\\\/cropped-estelinsta-e1453734083971-96x96.jpg\",\"url\":\"https:\\\/\\\/www.escapadarural.com\\\/blog\\\/wp-content\\\/uploads\\\/2025\\\/03\\\/cropped-estelinsta-e1453734083971-96x96.jpg\",\"contentUrl\":\"https:\\\/\\\/www.escapadarural.com\\\/blog\\\/wp-content\\\/uploads\\\/2025\\\/03\\\/cropped-estelinsta-e1453734083971-96x96.jpg\",\"caption\":\"Estel Soro G\u00f3mez\"},\"url\":\"https:\\\/\\\/www.escapadarural.com\\\/blog\\\/autor\\\/estelsoro\\\/\"}]}<\/script>\n<!-- \/ Yoast SEO plugin. -->","yoast_head_json":{"title":"Un poema y diez citas de oto\u00f1o - EscapadaRural","robots":{"index":"index","follow":"follow","max-snippet":"max-snippet:-1","max-image-preview":"max-image-preview:large","max-video-preview":"max-video-preview:-1"},"canonical":"https:\/\/www.escapadarural.com\/blog\/citas-y-poemas-de-otono\/","og_locale":"es_ES","og_type":"article","og_title":"Un poema y diez citas de oto\u00f1o - EscapadaRural","og_description":"S\u00ed, el verano ha terminado, pero empieza el bello espect\u00e1culo que cubre los paisajes con un manto color fuego. Bienvenido oto\u00f1o.","og_url":"https:\/\/www.escapadarural.com\/blog\/citas-y-poemas-de-otono\/","og_site_name":"Magazine de viajes de EscapadaRural","article_publisher":"https:\/\/www.facebook.com\/escapadarural","article_published_time":"2020-09-29T08:22:00+00:00","article_modified_time":"2026-02-18T08:00:18+00:00","og_image":[{"width":1024,"height":682,"url":"https:\/\/www.escapadarural.com\/blog\/wp-content\/uploads\/2024\/09\/AdobeStock_453791386.jpeg?v=1771401619","type":"image\/jpeg"}],"author":"Estel Soro G\u00f3mez","twitter_card":"summary_large_image","twitter_misc":{"Escrito por":"Estel Soro G\u00f3mez","Tiempo de lectura":"4 minutos"},"schema":{"@context":"https:\/\/schema.org","@graph":[{"@type":"Article","@id":"https:\/\/www.escapadarural.com\/blog\/citas-y-poemas-de-otono\/#article","isPartOf":{"@id":"https:\/\/www.escapadarural.com\/blog\/citas-y-poemas-de-otono\/"},"author":{"name":"Estel Soro G\u00f3mez","@id":"https:\/\/www.escapadarural.com\/blog\/#\/schema\/person\/765b6ee00ac07d22895193c5f8ccb01f"},"headline":"Un poema y diez citas de oto\u00f1o","datePublished":"2020-09-29T08:22:00+00:00","dateModified":"2026-02-18T08:00:18+00:00","mainEntityOfPage":{"@id":"https:\/\/www.escapadarural.com\/blog\/citas-y-poemas-de-otono\/"},"wordCount":336,"commentCount":9,"publisher":{"@id":"https:\/\/www.escapadarural.com\/blog\/#organization"},"image":{"@id":"https:\/\/www.escapadarural.com\/blog\/citas-y-poemas-de-otono\/#primaryimage"},"thumbnailUrl":"https:\/\/www.escapadarural.com\/blog\/wp-content\/uploads\/2024\/09\/AdobeStock_453791386.jpeg","keywords":["Citas","frases","poes\u00eda","quotes"],"articleSection":["Destinos"],"inLanguage":"es","potentialAction":[{"@type":"CommentAction","name":"Comment","target":["https:\/\/www.escapadarural.com\/blog\/citas-y-poemas-de-otono\/#respond"]}]},{"@type":"WebPage","@id":"https:\/\/www.escapadarural.com\/blog\/citas-y-poemas-de-otono\/","url":"https:\/\/www.escapadarural.com\/blog\/citas-y-poemas-de-otono\/","name":"Un poema y diez citas de oto\u00f1o - EscapadaRural","isPartOf":{"@id":"https:\/\/www.escapadarural.com\/blog\/#website"},"primaryImageOfPage":{"@id":"https:\/\/www.escapadarural.com\/blog\/citas-y-poemas-de-otono\/#primaryimage"},"image":{"@id":"https:\/\/www.escapadarural.com\/blog\/citas-y-poemas-de-otono\/#primaryimage"},"thumbnailUrl":"https:\/\/www.escapadarural.com\/blog\/wp-content\/uploads\/2024\/09\/AdobeStock_453791386.jpeg","datePublished":"2020-09-29T08:22:00+00:00","dateModified":"2026-02-18T08:00:18+00:00","breadcrumb":{"@id":"https:\/\/www.escapadarural.com\/blog\/citas-y-poemas-de-otono\/#breadcrumb"},"inLanguage":"es","potentialAction":[{"@type":"ReadAction","target":["https:\/\/www.escapadarural.com\/blog\/citas-y-poemas-de-otono\/"]}]},{"@type":"ImageObject","inLanguage":"es","@id":"https:\/\/www.escapadarural.com\/blog\/citas-y-poemas-de-otono\/#primaryimage","url":"https:\/\/www.escapadarural.com\/blog\/wp-content\/uploads\/2024\/09\/AdobeStock_453791386.jpeg","contentUrl":"https:\/\/www.escapadarural.com\/blog\/wp-content\/uploads\/2024\/09\/AdobeStock_453791386.jpeg","width":1024,"height":682,"caption":"Hayedo Tejera Negra"},{"@type":"BreadcrumbList","@id":"https:\/\/www.escapadarural.com\/blog\/citas-y-poemas-de-otono\/#breadcrumb","itemListElement":[{"@type":"ListItem","position":1,"name":"Inicio","item":"https:\/\/www.escapadarural.com\/blog\/"},{"@type":"ListItem","position":2,"name":"Destinos","item":"https:\/\/www.escapadarural.com\/blog\/categoria\/destinos\/"},{"@type":"ListItem","position":3,"name":"Un poema y diez citas de oto\u00f1o"}]},{"@type":"WebSite","@id":"https:\/\/www.escapadarural.com\/blog\/#website","url":"https:\/\/www.escapadarural.com\/blog\/","name":"Blog de viajes | turismo rural, alojamientos e inspiraci\u00f3n","description":"Alojamientos rurales e inspiraci\u00f3n para tus escapadas","publisher":{"@id":"https:\/\/www.escapadarural.com\/blog\/#organization"},"alternateName":"Magazine de viajes de EscapadaRural","potentialAction":[{"@type":"SearchAction","target":{"@type":"EntryPoint","urlTemplate":"https:\/\/www.escapadarural.com\/blog\/?s={search_term_string}"},"query-input":{"@type":"PropertyValueSpecification","valueRequired":true,"valueName":"search_term_string"}}],"inLanguage":"es"},{"@type":"Organization","@id":"https:\/\/www.escapadarural.com\/blog\/#organization","name":"EscapadaRural","url":"https:\/\/www.escapadarural.com\/blog\/","logo":{"@type":"ImageObject","inLanguage":"es","@id":"https:\/\/www.escapadarural.com\/blog\/#\/schema\/logo\/image\/","url":"https:\/\/www.escapadarural.com\/blog\/wp-content\/uploads\/2024\/10\/cropped-cropped-escapada-rural-icon-mag-3.png","contentUrl":"https:\/\/www.escapadarural.com\/blog\/wp-content\/uploads\/2024\/10\/cropped-cropped-escapada-rural-icon-mag-3.png","width":512,"height":512,"caption":"EscapadaRural"},"image":{"@id":"https:\/\/www.escapadarural.com\/blog\/#\/schema\/logo\/image\/"},"sameAs":["https:\/\/www.facebook.com\/escapadarural","https:\/\/www.instagram.com\/escapadarural\/","https:\/\/www.youtube.com\/@escapadaruralcom"]},{"@type":"Person","@id":"https:\/\/www.escapadarural.com\/blog\/#\/schema\/person\/765b6ee00ac07d22895193c5f8ccb01f","name":"Estel Soro G\u00f3mez","image":{"@type":"ImageObject","inLanguage":"es","@id":"https:\/\/www.escapadarural.com\/blog\/wp-content\/uploads\/2025\/03\/cropped-estelinsta-e1453734083971-96x96.jpg","url":"https:\/\/www.escapadarural.com\/blog\/wp-content\/uploads\/2025\/03\/cropped-estelinsta-e1453734083971-96x96.jpg","contentUrl":"https:\/\/www.escapadarural.com\/blog\/wp-content\/uploads\/2025\/03\/cropped-estelinsta-e1453734083971-96x96.jpg","caption":"Estel Soro G\u00f3mez"},"url":"https:\/\/www.escapadarural.com\/blog\/autor\/estelsoro\/"}]}},"_links":{"self":[{"href":"https:\/\/www.escapadarural.com\/blog\/wp-json\/wp\/v2\/posts\/5813","targetHints":{"allow":["GET"]}}],"collection":[{"href":"https:\/\/www.escapadarural.com\/blog\/wp-json\/wp\/v2\/posts"}],"about":[{"href":"https:\/\/www.escapadarural.com\/blog\/wp-json\/wp\/v2\/types\/post"}],"author":[{"embeddable":true,"href":"https:\/\/www.escapadarural.com\/blog\/wp-json\/wp\/v2\/users\/87"}],"replies":[{"embeddable":true,"href":"https:\/\/www.escapadarural.com\/blog\/wp-json\/wp\/v2\/comments?post=5813"}],"version-history":[{"count":0,"href":"https:\/\/www.escapadarural.com\/blog\/wp-json\/wp\/v2\/posts\/5813\/revisions"}],"wp:featuredmedia":[{"embeddable":true,"href":"https:\/\/www.escapadarural.com\/blog\/wp-json\/wp\/v2\/media\/106398"}],"wp:attachment":[{"href":"https:\/\/www.escapadarural.com\/blog\/wp-json\/wp\/v2\/media?parent=5813"}],"wp:term":[{"taxonomy":"category","embeddable":true,"href":"https:\/\/www.escapadarural.com\/blog\/wp-json\/wp\/v2\/categories?post=5813"},{"taxonomy":"post_tag","embeddable":true,"href":"https:\/\/www.escapadarural.com\/blog\/wp-json\/wp\/v2\/tags?post=5813"}],"curies":[{"name":"wp","href":"https:\/\/api.w.org\/{rel}","templated":true}]}}