{"id":58187,"date":"2020-05-17T18:32:00","date_gmt":"2020-05-17T17:32:00","guid":{"rendered":"https:\/\/www.escapadarural.com\/blog\/?p=58187"},"modified":"2025-02-26T19:41:41","modified_gmt":"2025-02-26T17:41:41","slug":"escapada-magica-a-montserrat-en-el-corazon-de-cataluna","status":"publish","type":"post","link":"https:\/\/www.escapadarural.com\/blog\/escapada-magica-a-montserrat-en-el-corazon-de-cataluna\/","title":{"rendered":"Escapada m\u00e1gica a Montserrat, en el coraz\u00f3n de Catalu\u00f1a"},"content":{"rendered":"\n<figure class=\"wp-block-embed is-type-video is-provider-youtube wp-block-embed-youtube wp-embed-aspect-16-9 wp-has-aspect-ratio\"><div class=\"wp-block-embed__wrapper\">\n<span class=\"CB5e7rCWcLmG0boNKkQ2ZXJ2WhYffmzaUpyw7ZsVJLFezTdIDVq98iRsHAkdNQ0pgU6BujoMErGAKitY5Fq6PO8xSOa3wlg1Mjn\"><div class=\"video-shortcode\"><iframe title=\"Escapada m\u00e1gica a Montserrat, en el coraz\u00f3n de Catalu\u00f1a\" width=\"1200\" height=\"675\" src=\"https:\/\/www.youtube.com\/embed\/1O1i1T10eZU?feature=oembed\" frameborder=\"0\" allow=\"accelerometer; autoplay; clipboard-write; encrypted-media; gyroscope; picture-in-picture; web-share\" referrerpolicy=\"strict-origin-when-cross-origin\" allowfullscreen><\/iframe><\/div><\/span>\n<\/div><\/figure>\n\n\n\n<p>En el coraz\u00f3n de Catalunya se halla el singular macizo de Montserrat, visible desde innumerables perspectivas. Desde el Pened\u00e8s, la mole surge al fondo, tras hect\u00e1reas de vi\u00f1edos que dan origen al producto m\u00e1s famoso de la zona: vinos y cavas. <\/p>\n\n\n\n<p>Montserrat ofrece, m\u00e1s all\u00e1 de una experiencia espiritual o religiosa, actividades en la naturaleza y tambi\u00e9n visitas culturales, como la del Museo de la abad\u00eda o el Centro de Arte Contempor\u00e1neo de Santa Cecilia, tambi\u00e9n convento de monjas benedictinas. <\/p>\n\n\n\n<p>De camino hacia las playas del Garraf o del Baix Llobregat cruzaremos la DO Pened\u00e8s para poder disfrutar de experiencias entre vi\u00f1edos y descubrir los secretos de Baco.<\/p>\n\n\n\n<div class=\"wp-block-buttons is-layout-flex wp-block-buttons-is-layout-flex\">\n<div class=\"wp-block-button\"><a class=\"wp-block-button__link wp-element-button\" href=\"https:\/\/www.escapadarural.com\/casas-rurales\/barcelona\">Casas rurales en Barcelona<\/a><\/div>\n<\/div>\n\n\n\n<h2 class=\"wp-block-heading\" id=\"h-mas-ideas-para-una-escapada-en-barcelona\">M\u00e1s ideas para una escapada en Barcelona<\/h2>\n\n\n<section class=\"wp-block-ub-post-grid ub-block-post-grid align  is-equal-height preserve-post-image-aspect-ratio\" style=\"\" id=\"ub-post-grid-\"><div class=\"ub-post-grid-items is-list\" style=\"row-gap: 32px; column-gap: 32px; \"><article id=\"post-149\" class=\"ub-post-grid-item post-149 post type-post status-publish format-standard has-post-thumbnail hentry category-destinos tag-que-ver-en-barcelona tag-cardona tag-sal\" style=\"\"><div class=\"ub-block-post-grid-image\" style=\"\"><a href=\"https:\/\/www.escapadarural.com\/blog\/minas-de-sal-cardona\/\" rel=\"bookmark\" aria-hidden=\"true\" tabindex=\"-1\"><img loading=\"lazy\" decoding=\"async\" width=\"1024\" height=\"683\" src=\"https:\/\/www.escapadarural.com\/blog\/wp-content\/uploads\/2024\/10\/mina-de-sal-de-cardona-1024x683-1.jpg\" class=\"attachment-full size-full\" alt=\"Un estrecho t\u00fanel de cueva con paredes rugosas y desiguales y suelo arenoso, iluminado por luz natural y bombillas el\u00e9ctricas que resaltan las texturas de las formaciones rocosas.\" style=\"max-width: 600px; \" srcset=\"https:\/\/www.escapadarural.com\/blog\/wp-content\/uploads\/2024\/10\/mina-de-sal-de-cardona-1024x683-1-200x133.jpg 200w, https:\/\/www.escapadarural.com\/blog\/wp-content\/uploads\/2024\/10\/mina-de-sal-de-cardona-1024x683-1-300x200.jpg 300w, https:\/\/www.escapadarural.com\/blog\/wp-content\/uploads\/2024\/10\/mina-de-sal-de-cardona-1024x683-1-400x267.jpg 400w, https:\/\/www.escapadarural.com\/blog\/wp-content\/uploads\/2024\/10\/mina-de-sal-de-cardona-1024x683-1-600x400.jpg 600w, https:\/\/www.escapadarural.com\/blog\/wp-content\/uploads\/2024\/10\/mina-de-sal-de-cardona-1024x683-1-768x512.jpg 768w, https:\/\/www.escapadarural.com\/blog\/wp-content\/uploads\/2024\/10\/mina-de-sal-de-cardona-1024x683-1-800x534.jpg 800w, https:\/\/www.escapadarural.com\/blog\/wp-content\/uploads\/2024\/10\/mina-de-sal-de-cardona-1024x683-1.jpg 1024w\" sizes=\"auto, (max-width: 1024px) 100vw, 1024px\"><\/a><\/div><div class=\"ub-block-post-grid-text\" style=\"\"><div class=\"ub-block-post-grid-header-content\"><header class=\"ub-block-post-grid-header\"><h3 class=\"ub-block-post-grid-title\"><a style=\"\" href=\"https:\/\/www.escapadarural.com\/blog\/minas-de-sal-cardona\/\" rel=\"bookmark\">La Mina de Sal<\/a><\/h3><\/header><\/div><div class=\"ub-block-post-grid-excerpt\"><div class=\"ub-block-post-grid-excerpt-text\" style=\"\"><p>La Mina de Sal de Cardona, en Barcelona, fue una de las explotaciones de sales pot\u00e1sicas m\u00e1s importantes de Europa hasta el 1990. Actualmente se puede contemplar una maravilla de la naturaleza, la Monta\u00f1a de Sal, ofreciendo la posibilidad de conocer los afloramientos salinos de Cardona y el patrimonio natural \u00fanico en el mundo. Los\u2026<\/p>\n<\/div><\/div><\/div><\/article>\n<article id=\"post-638\" class=\"ub-post-grid-item post-638 post type-post status-publish format-standard has-post-thumbnail hentry category-rutas-y-excursiones tag-articulo tag-que-ver-en-barcelona tag-que-ver-en-cataluna\" style=\"\"><div class=\"ub-block-post-grid-image\" style=\"\"><a href=\"https:\/\/www.escapadarural.com\/blog\/descubriendo-rincones-sant-roma-de-la-clusa\/\" rel=\"bookmark\" aria-hidden=\"true\" tabindex=\"-1\"><img loading=\"lazy\" decoding=\"async\" width=\"1280\" height=\"851\" src=\"https:\/\/www.escapadarural.com\/blog\/wp-content\/uploads\/2021\/01\/1280px-Sant_Roma_de_la_Clusa.jpg\" class=\"attachment-full size-full\" alt=\"Sant Rom\u00e0 de la Clusa\" style=\"max-width: 600px; \" srcset=\"https:\/\/www.escapadarural.com\/blog\/wp-content\/uploads\/2021\/01\/1280px-Sant_Roma_de_la_Clusa-200x133.jpg 200w, https:\/\/www.escapadarural.com\/blog\/wp-content\/uploads\/2021\/01\/1280px-Sant_Roma_de_la_Clusa-300x199.jpg 300w, https:\/\/www.escapadarural.com\/blog\/wp-content\/uploads\/2021\/01\/1280px-Sant_Roma_de_la_Clusa-400x266.jpg 400w, https:\/\/www.escapadarural.com\/blog\/wp-content\/uploads\/2021\/01\/1280px-Sant_Roma_de_la_Clusa-600x399.jpg 600w, https:\/\/www.escapadarural.com\/blog\/wp-content\/uploads\/2021\/01\/1280px-Sant_Roma_de_la_Clusa-768x511.jpg 768w, https:\/\/www.escapadarural.com\/blog\/wp-content\/uploads\/2021\/01\/1280px-Sant_Roma_de_la_Clusa-800x532.jpg 800w, https:\/\/www.escapadarural.com\/blog\/wp-content\/uploads\/2021\/01\/1280px-Sant_Roma_de_la_Clusa-1024x681.jpg 1024w, https:\/\/www.escapadarural.com\/blog\/wp-content\/uploads\/2021\/01\/1280px-Sant_Roma_de_la_Clusa-1200x798.jpg 1200w, https:\/\/www.escapadarural.com\/blog\/wp-content\/uploads\/2021\/01\/1280px-Sant_Roma_de_la_Clusa.jpg 1280w\" sizes=\"auto, (max-width: 1280px) 100vw, 1280px\"><\/a><\/div><div class=\"ub-block-post-grid-text\" style=\"\"><div class=\"ub-block-post-grid-header-content\"><header class=\"ub-block-post-grid-header\"><h3 class=\"ub-block-post-grid-title\"><a style=\"\" href=\"https:\/\/www.escapadarural.com\/blog\/descubriendo-rincones-sant-roma-de-la-clusa\/\" rel=\"bookmark\">Descubriendo rincones: Sant Rom\u00e0 de la Clusa<\/a><\/h3><\/header><\/div><div class=\"ub-block-post-grid-excerpt\"><div class=\"ub-block-post-grid-excerpt-text\" style=\"\"><p>Descubrimos el paisaje de la comarca del Bergued\u00e0 (Barcelona) durante la ruta a Sant Rom\u00e0 de la Clusa. Vive la experiencia natural y gastron\u00f3mica de\u2026<\/p>\n<\/div><\/div><\/div><\/article>\n<article id=\"post-954\" class=\"ub-post-grid-item post-954 post type-post status-publish format-standard has-post-thumbnail hentry category-arte-y-cultura tag-articulo tag-balsareny tag-que-ver-en-barcelona tag-que-ver-en-cataluna tag-traginers\" style=\"\"><div class=\"ub-block-post-grid-image\" style=\"\"><a href=\"https:\/\/www.escapadarural.com\/blog\/la-fiesta-dels-traginers-de-balsareny\/\" rel=\"bookmark\" aria-hidden=\"true\" tabindex=\"-1\"><img loading=\"lazy\" decoding=\"async\" width=\"500\" height=\"334\" src=\"https:\/\/www.escapadarural.com\/blog\/wp-content\/uploads\/2020\/04\/traginers.jpg\" class=\"attachment-full size-full\" alt=\"Hombres con sombreros rojos, camisas de cuadros y chalecos caminan junto a caballos que tiran de un carro cargado de bultos por una calle soleada durante un desfile o una fiesta.\" style=\"max-width: 600px; \" srcset=\"https:\/\/www.escapadarural.com\/blog\/wp-content\/uploads\/2020\/04\/traginers-200x134.jpg 200w, https:\/\/www.escapadarural.com\/blog\/wp-content\/uploads\/2020\/04\/traginers-300x200.jpg 300w, https:\/\/www.escapadarural.com\/blog\/wp-content\/uploads\/2020\/04\/traginers-400x267.jpg 400w, https:\/\/www.escapadarural.com\/blog\/wp-content\/uploads\/2020\/04\/traginers.jpg 500w\" sizes=\"auto, (max-width: 500px) 100vw, 500px\"><\/a><\/div><div class=\"ub-block-post-grid-text\" style=\"\"><div class=\"ub-block-post-grid-header-content\"><header class=\"ub-block-post-grid-header\"><h3 class=\"ub-block-post-grid-title\"><a style=\"\" href=\"https:\/\/www.escapadarural.com\/blog\/la-fiesta-dels-traginers-de-balsareny\/\" rel=\"bookmark\">La Fiesta dels Traginers de Balsareny<\/a><\/h3><\/header><\/div><div class=\"ub-block-post-grid-excerpt\"><div class=\"ub-block-post-grid-excerpt-text\" style=\"\"><p>El 27 de febrero se celebra en Balsareny (Barcelona) una de las fiestas m\u00e1s tradicionales de Catalu\u00f1a: la dels Traginers. Antiguos oficios, costumbres, gastronom\u00eda\u2026<\/p>\n<\/div><\/div><\/div><\/article>\n<article id=\"post-1360\" class=\"ub-post-grid-item post-1360 post type-post status-publish format-standard has-post-thumbnail hentry category-destinos tag-articulo tag-que-ver-en-barcelona tag-que-ver-en-cataluna tag-historias-y-curiosidades tag-masia\" style=\"\"><div class=\"ub-block-post-grid-image\" style=\"\"><a href=\"https:\/\/www.escapadarural.com\/blog\/la-casa-rural-del-lago-con-10-millones-de-litros\/\" rel=\"bookmark\" aria-hidden=\"true\" tabindex=\"-1\"><img loading=\"lazy\" decoding=\"async\" width=\"750\" height=\"505\" src=\"https:\/\/www.escapadarural.com\/blog\/wp-content\/uploads\/2020\/04\/fontanelles.jpg\" class=\"attachment-full size-full\" alt=\"Can Fontanelles\" style=\"max-width: 600px; \" srcset=\"https:\/\/www.escapadarural.com\/blog\/wp-content\/uploads\/2020\/04\/fontanelles-200x135.jpg 200w, https:\/\/www.escapadarural.com\/blog\/wp-content\/uploads\/2020\/04\/fontanelles-300x202.jpg 300w, https:\/\/www.escapadarural.com\/blog\/wp-content\/uploads\/2020\/04\/fontanelles-400x269.jpg 400w, https:\/\/www.escapadarural.com\/blog\/wp-content\/uploads\/2020\/04\/fontanelles-600x404.jpg 600w, https:\/\/www.escapadarural.com\/blog\/wp-content\/uploads\/2020\/04\/fontanelles.jpg 750w\" sizes=\"auto, (max-width: 750px) 100vw, 750px\"><\/a><\/div><div class=\"ub-block-post-grid-text\" style=\"\"><div class=\"ub-block-post-grid-header-content\"><header class=\"ub-block-post-grid-header\"><h3 class=\"ub-block-post-grid-title\"><a style=\"\" href=\"https:\/\/www.escapadarural.com\/blog\/la-casa-rural-del-lago-con-10-millones-de-litros\/\" rel=\"bookmark\">La casa rural del lago con 10 millones de litros<\/a><\/h3><\/header><\/div><div class=\"ub-block-post-grid-excerpt\"><div class=\"ub-block-post-grid-excerpt-text\" style=\"\"><p>Una estampa muy buc\u00f3lica: una casa rural en la monta\u00f1a con un lago propio, bosques, cultivos y comodidad. El turismo rural en Espa\u00f1a ha plasmado la t\u00edpica imagen en la realidad y\u2026<\/p>\n<\/div><\/div><\/div><\/article>\n<article id=\"post-1752\" class=\"ub-post-grid-item post-1752 post type-post status-publish format-standard has-post-thumbnail hentry category-destinos tag-articulo tag-que-ver-en-barcelona tag-que-ver-en-cataluna tag-cronica tag-pantano tag-parque-natural tag-sau\" style=\"\"><div class=\"ub-block-post-grid-image\" style=\"\"><a href=\"https:\/\/www.escapadarural.com\/blog\/un-dia-en-el-pantano-de-sau\/\" rel=\"bookmark\" aria-hidden=\"true\" tabindex=\"-1\"><img loading=\"lazy\" decoding=\"async\" width=\"500\" height=\"332\" src=\"https:\/\/www.escapadarural.com\/blog\/wp-content\/uploads\/2020\/04\/sanroman-1.jpg\" class=\"attachment-full size-full\" alt=\"Pantano de Sau. Por Javi\" style=\"max-width: 600px; \" srcset=\"https:\/\/www.escapadarural.com\/blog\/wp-content\/uploads\/2020\/04\/sanroman-1-200x133.jpg 200w, https:\/\/www.escapadarural.com\/blog\/wp-content\/uploads\/2020\/04\/sanroman-1-300x199.jpg 300w, https:\/\/www.escapadarural.com\/blog\/wp-content\/uploads\/2020\/04\/sanroman-1-400x266.jpg 400w, https:\/\/www.escapadarural.com\/blog\/wp-content\/uploads\/2020\/04\/sanroman-1.jpg 500w\" sizes=\"auto, (max-width: 500px) 100vw, 500px\"><\/a><\/div><div class=\"ub-block-post-grid-text\" style=\"\"><div class=\"ub-block-post-grid-header-content\"><header class=\"ub-block-post-grid-header\"><h3 class=\"ub-block-post-grid-title\"><a style=\"\" href=\"https:\/\/www.escapadarural.com\/blog\/un-dia-en-el-pantano-de-sau\/\" rel=\"bookmark\">Un d\u00eda en el Pantano de Sau<\/a><\/h3><\/header><\/div><div class=\"ub-block-post-grid-excerpt\"><div class=\"ub-block-post-grid-excerpt-text\" style=\"\"><p>Al campanario de la iglesia se llega en piraguas y la calle principal se recorre a nado. Visitamos un pueblo hundido en el Pantano de Sau, donde se toma el \u00edndice de las reservas de agua en Barcelona\u2026<\/p>\n<\/div><\/div><\/div><\/article>\n<article id=\"post-1886\" class=\"ub-post-grid-item post-1886 post type-post status-publish format-standard has-post-thumbnail hentry category-destinos tag-que-ver-en-barcelona tag-que-ver-en-cataluna tag-imprescindibles tag-listado\" style=\"\"><div class=\"ub-block-post-grid-image\" style=\"\"><a href=\"https:\/\/www.escapadarural.com\/blog\/9-rincones-de-sant-miquel-del-fai\/\" rel=\"bookmark\" aria-hidden=\"true\" tabindex=\"-1\"><img loading=\"lazy\" decoding=\"async\" width=\"500\" height=\"275\" src=\"https:\/\/www.escapadarural.com\/blog\/wp-content\/uploads\/2020\/04\/fais.jpg\" class=\"attachment-full size-full\" alt=\"Sant Miquel del Fai, Barcelona.\" style=\"max-width: 600px; \" srcset=\"https:\/\/www.escapadarural.com\/blog\/wp-content\/uploads\/2020\/04\/fais-200x110.jpg 200w, https:\/\/www.escapadarural.com\/blog\/wp-content\/uploads\/2020\/04\/fais-300x165.jpg 300w, https:\/\/www.escapadarural.com\/blog\/wp-content\/uploads\/2020\/04\/fais-400x220.jpg 400w, https:\/\/www.escapadarural.com\/blog\/wp-content\/uploads\/2020\/04\/fais.jpg 500w\" sizes=\"auto, (max-width: 500px) 100vw, 500px\"><\/a><\/div><div class=\"ub-block-post-grid-text\" style=\"\"><div class=\"ub-block-post-grid-header-content\"><header class=\"ub-block-post-grid-header\"><h3 class=\"ub-block-post-grid-title\"><a style=\"\" href=\"https:\/\/www.escapadarural.com\/blog\/9-rincones-de-sant-miquel-del-fai\/\" rel=\"bookmark\">Los 9 imprescindibles de Sant Miquel del Fai<\/a><\/h3><\/header><\/div><div class=\"ub-block-post-grid-excerpt\"><div class=\"ub-block-post-grid-excerpt-text\" style=\"\"><p>Un paraje impresionante a menos de una hora de Barcelona ciudad: Sant Miquel del Fai. Selecci\u00f3n de las mejores im\u00e1genes de los rincones con encanto de\u2026<\/p>\n<\/div><\/div><\/div><\/article>\n<article id=\"post-2461\" class=\"ub-post-grid-item post-2461 post type-post status-publish format-standard has-post-thumbnail hentry category-destinos tag-que-ver-en-barcelona tag-budista tag-garraf tag-meditacion tag-monjes tag-naturaleza tag-parque-natural\" style=\"\"><div class=\"ub-block-post-grid-image\" style=\"\"><a href=\"https:\/\/www.escapadarural.com\/blog\/buda-por-un-dia\/\" rel=\"bookmark\" aria-hidden=\"true\" tabindex=\"-1\"><img loading=\"lazy\" decoding=\"async\" width=\"1024\" height=\"659\" src=\"https:\/\/www.escapadarural.com\/blog\/wp-content\/uploads\/2020\/04\/kutsab.jpg\" class=\"attachment-full size-full\" alt=\"Un hombre con gafas y un chal granate y blanco se sienta delante de un edificio estampado con una fuente central, estatuas y un exuberante jard\u00edn alrededor.\" style=\"max-width: 600px; \" srcset=\"https:\/\/www.escapadarural.com\/blog\/wp-content\/uploads\/2020\/04\/kutsab-200x129.jpg 200w, https:\/\/www.escapadarural.com\/blog\/wp-content\/uploads\/2020\/04\/kutsab-300x193.jpg 300w, https:\/\/www.escapadarural.com\/blog\/wp-content\/uploads\/2020\/04\/kutsab-400x257.jpg 400w, https:\/\/www.escapadarural.com\/blog\/wp-content\/uploads\/2020\/04\/kutsab-600x386.jpg 600w, https:\/\/www.escapadarural.com\/blog\/wp-content\/uploads\/2020\/04\/kutsab-768x494.jpg 768w, https:\/\/www.escapadarural.com\/blog\/wp-content\/uploads\/2020\/04\/kutsab-800x515.jpg 800w, https:\/\/www.escapadarural.com\/blog\/wp-content\/uploads\/2020\/04\/kutsab.jpg 1024w\" sizes=\"auto, (max-width: 1024px) 100vw, 1024px\"><\/a><\/div><div class=\"ub-block-post-grid-text\" style=\"\"><div class=\"ub-block-post-grid-header-content\"><header class=\"ub-block-post-grid-header\"><h3 class=\"ub-block-post-grid-title\"><a style=\"\" href=\"https:\/\/www.escapadarural.com\/blog\/buda-por-un-dia\/\" rel=\"bookmark\">Buda por un d\u00eda, el Monasterio del Garraf<\/a><\/h3><\/header><\/div><div class=\"ub-block-post-grid-excerpt\"><div class=\"ub-block-post-grid-excerpt-text\" style=\"\"><p>Os contamos c\u00f3mo es una jornada en el Monasterio Budista del Garraf en compa\u00f1\u00eda de los monjes y las actividades que proponen\u2026<\/p>\n<\/div><\/div><\/div><\/article>\n<article id=\"post-3914\" class=\"ub-post-grid-item post-3914 post type-post status-publish format-standard has-post-thumbnail hentry category-destinos category-rutas-y-excursiones tag-que-ver-en-barcelona tag-listado tag-parques-naturales tag-pirineos\" style=\"\"><div class=\"ub-block-post-grid-image\" style=\"\"><a href=\"https:\/\/www.escapadarural.com\/blog\/barcelona-es-mucho-mas\/\" rel=\"bookmark\" aria-hidden=\"true\" tabindex=\"-1\"><img loading=\"lazy\" decoding=\"async\" width=\"1024\" height=\"683\" src=\"https:\/\/www.escapadarural.com\/blog\/wp-content\/uploads\/2024\/10\/Montserrat-Autor-Angela-Llop-1024x683-3.jpg\" class=\"attachment-full size-full\" alt=\"Monta\u00f1a de Montserrat, en Barcelona. Por Angela Llop\" style=\"max-width: 600px; \" srcset=\"https:\/\/www.escapadarural.com\/blog\/wp-content\/uploads\/2024\/10\/Montserrat-Autor-Angela-Llop-1024x683-3-200x133.jpg 200w, https:\/\/www.escapadarural.com\/blog\/wp-content\/uploads\/2024\/10\/Montserrat-Autor-Angela-Llop-1024x683-3-300x200.jpg 300w, https:\/\/www.escapadarural.com\/blog\/wp-content\/uploads\/2024\/10\/Montserrat-Autor-Angela-Llop-1024x683-3-400x267.jpg 400w, https:\/\/www.escapadarural.com\/blog\/wp-content\/uploads\/2024\/10\/Montserrat-Autor-Angela-Llop-1024x683-3-600x400.jpg 600w, https:\/\/www.escapadarural.com\/blog\/wp-content\/uploads\/2024\/10\/Montserrat-Autor-Angela-Llop-1024x683-3-768x512.jpg 768w, https:\/\/www.escapadarural.com\/blog\/wp-content\/uploads\/2024\/10\/Montserrat-Autor-Angela-Llop-1024x683-3-800x534.jpg 800w, https:\/\/www.escapadarural.com\/blog\/wp-content\/uploads\/2024\/10\/Montserrat-Autor-Angela-Llop-1024x683-3.jpg 1024w\" sizes=\"auto, (max-width: 1024px) 100vw, 1024px\"><\/a><\/div><div class=\"ub-block-post-grid-text\" style=\"\"><div class=\"ub-block-post-grid-header-content\"><header class=\"ub-block-post-grid-header\"><h3 class=\"ub-block-post-grid-title\"><a style=\"\" href=\"https:\/\/www.escapadarural.com\/blog\/barcelona-es-mucho-mas\/\" rel=\"bookmark\">Barcelona es mucho m\u00e1s que su ciudad<\/a><\/h3><\/header><\/div><div class=\"ub-block-post-grid-excerpt\"><div class=\"ub-block-post-grid-excerpt-text\" style=\"\"><p>\u00bfHay algo m\u00e1s que decir sobre Barcelona? Pues s\u00ed, TODO. Mira la lista de lugares que hay que visitar en Barcelona provincia\u2026<\/p>\n<\/div><\/div><\/div><\/article>\n<article id=\"post-5440\" class=\"ub-post-grid-item post-5440 post type-post status-publish format-standard has-post-thumbnail hentry category-arte-y-cultura tag-que-ver-en-barcelona tag-canet-de-mar tag-castillo tag-juego-de-tronos tag-monumentos\" style=\"\"><div class=\"ub-block-post-grid-image\" style=\"\"><a href=\"https:\/\/www.escapadarural.com\/blog\/asi-es-el-castillo-desconocido-de-barcelona-donde-se-grabara-juego-de-tronos\/\" rel=\"bookmark\" aria-hidden=\"true\" tabindex=\"-1\"><img loading=\"lazy\" decoding=\"async\" width=\"1500\" height=\"843\" src=\"https:\/\/www.escapadarural.com\/blog\/wp-content\/uploads\/2019\/08\/Castillo-de-Santa-Florentina-11.jpg\" class=\"attachment-full size-full\" alt=\"Castillo de Santa Florentina\" style=\"max-width: 600px; \" srcset=\"https:\/\/www.escapadarural.com\/blog\/wp-content\/uploads\/2019\/08\/Castillo-de-Santa-Florentina-11-200x112.jpg 200w, https:\/\/www.escapadarural.com\/blog\/wp-content\/uploads\/2019\/08\/Castillo-de-Santa-Florentina-11-300x169.jpg 300w, https:\/\/www.escapadarural.com\/blog\/wp-content\/uploads\/2019\/08\/Castillo-de-Santa-Florentina-11-400x225.jpg 400w, https:\/\/www.escapadarural.com\/blog\/wp-content\/uploads\/2019\/08\/Castillo-de-Santa-Florentina-11-600x337.jpg 600w, https:\/\/www.escapadarural.com\/blog\/wp-content\/uploads\/2019\/08\/Castillo-de-Santa-Florentina-11-768x432.jpg 768w, https:\/\/www.escapadarural.com\/blog\/wp-content\/uploads\/2019\/08\/Castillo-de-Santa-Florentina-11-800x450.jpg 800w, https:\/\/www.escapadarural.com\/blog\/wp-content\/uploads\/2019\/08\/Castillo-de-Santa-Florentina-11-1024x575.jpg 1024w, https:\/\/www.escapadarural.com\/blog\/wp-content\/uploads\/2019\/08\/Castillo-de-Santa-Florentina-11-1200x674.jpg 1200w, https:\/\/www.escapadarural.com\/blog\/wp-content\/uploads\/2019\/08\/Castillo-de-Santa-Florentina-11.jpg 1500w\" sizes=\"auto, (max-width: 1500px) 100vw, 1500px\"><\/a><\/div><div class=\"ub-block-post-grid-text\" style=\"\"><div class=\"ub-block-post-grid-header-content\"><header class=\"ub-block-post-grid-header\"><h3 class=\"ub-block-post-grid-title\"><a style=\"\" href=\"https:\/\/www.escapadarural.com\/blog\/asi-es-el-castillo-desconocido-de-barcelona-donde-se-grabara-juego-de-tronos\/\" rel=\"bookmark\">As\u00ed es el castillo de Barcelona donde se grabar\u00e1 Juego de Tronos<\/a><\/h3><\/header><\/div><div class=\"ub-block-post-grid-excerpt\"><div class=\"ub-block-post-grid-excerpt-text\" style=\"\"><p>El Castillo de Santa Florentina (Barcelona) ha pasado desapercibido hasta ahora: Juego de Tronos grabar\u00e1 escenas de la 6\u00aa temporada entre sus muros\u2026<\/p>\n<\/div><\/div><\/div><\/article>\n<article id=\"post-6358\" class=\"ub-post-grid-item post-6358 post type-post status-publish format-standard has-post-thumbnail hentry category-destinos tag-que-ver-en-barcelona tag-que-ver-en-cataluna tag-familia tag-listado tag-montseny\" style=\"\"><div class=\"ub-block-post-grid-image\" style=\"\"><a href=\"https:\/\/www.escapadarural.com\/blog\/los-mejores-planes-para-hacer-con-ninos-cerca-de-barcelona\/\" rel=\"bookmark\" aria-hidden=\"true\" tabindex=\"-1\"><img loading=\"lazy\" decoding=\"async\" width=\"1024\" height=\"683\" src=\"https:\/\/www.escapadarural.com\/blog\/wp-content\/uploads\/2024\/10\/Ninos-12-1-1024x683-2.jpg\" class=\"attachment-full size-full\" alt=\"Ni\u00f1o en el bosque\" style=\"max-width: 600px; \" srcset=\"https:\/\/www.escapadarural.com\/blog\/wp-content\/uploads\/2024\/10\/Ninos-12-1-1024x683-2-200x133.jpg 200w, https:\/\/www.escapadarural.com\/blog\/wp-content\/uploads\/2024\/10\/Ninos-12-1-1024x683-2-300x200.jpg 300w, https:\/\/www.escapadarural.com\/blog\/wp-content\/uploads\/2024\/10\/Ninos-12-1-1024x683-2-400x267.jpg 400w, https:\/\/www.escapadarural.com\/blog\/wp-content\/uploads\/2024\/10\/Ninos-12-1-1024x683-2-600x400.jpg 600w, https:\/\/www.escapadarural.com\/blog\/wp-content\/uploads\/2024\/10\/Ninos-12-1-1024x683-2-768x512.jpg 768w, https:\/\/www.escapadarural.com\/blog\/wp-content\/uploads\/2024\/10\/Ninos-12-1-1024x683-2-800x534.jpg 800w, https:\/\/www.escapadarural.com\/blog\/wp-content\/uploads\/2024\/10\/Ninos-12-1-1024x683-2.jpg 1024w\" sizes=\"auto, (max-width: 1024px) 100vw, 1024px\"><\/a><\/div><div class=\"ub-block-post-grid-text\" style=\"\"><div class=\"ub-block-post-grid-header-content\"><header class=\"ub-block-post-grid-header\"><h3 class=\"ub-block-post-grid-title\"><a style=\"\" href=\"https:\/\/www.escapadarural.com\/blog\/los-mejores-planes-para-hacer-con-ninos-cerca-de-barcelona\/\" rel=\"bookmark\">7 planes para hacer con ni\u00f1os cerca de Barcelona<\/a><\/h3><\/header><\/div><div class=\"ub-block-post-grid-excerpt\"><div class=\"ub-block-post-grid-excerpt-text\" style=\"\"><p>\u00bfOs apetece una escapadita de fin de semana con los ni\u00f1os? Barcelona es mucho m\u00e1s que su ciudad, os proponemos algunas escapadas y excursiones para crear recuerdos especiales y disfrutar juntos de nuevas experiencias. <\/p>\n<\/div><\/div><\/div><\/article>\n<\/div><\/section>","protected":false},"excerpt":{"rendered":"<p>En el coraz\u00f3n de Catalunya se halla el singular macizo de Montserrat, visible desde innumerables perspectivas. Desde el Pened\u00e8s, la mole surge al fondo, tras hect\u00e1reas de vi\u00f1edos que dan origen al producto m\u00e1s famoso de la zona: vinos y cavas. <\/p>\n","protected":false},"author":136,"featured_media":114396,"comment_status":"open","ping_status":"open","sticky":false,"template":"","format":"standard","meta":{"_acf_changed":false,"om_disable_all_campaigns":false,"footnotes":""},"categories":[191],"tags":[211,5994,1120,1258],"class_list":["post-58187","post","type-post","status-publish","format-standard","has-post-thumbnail","hentry","category-destinos","tag-que-ver-en-barcelona","tag-que-ver-en-cataluna","tag-montserrat","tag-videos"],"acf":[],"featured_image_src":"https:\/\/www.escapadarural.com\/blog\/wp-content\/uploads\/2014\/05\/Montserrat_fulleto-Trade-\u00a9-dymon-_-iStockphoto-_-Getty-Images.-Reducida-1-2-1.jpg","author_info":{"display_name":"Escapada Rural","author_link":"https:\/\/www.escapadarural.com\/blog\/autor\/user\/"},"yoast_head":"<!-- This site is optimized with the Yoast SEO plugin v27.5 - https:\/\/yoast.com\/product\/yoast-seo-wordpress\/ -->\n<title>Escapada m\u00e1gica a Montserrat, en el coraz\u00f3n de Catalu\u00f1a - EscapadaRural<\/title>\n<meta name=\"robots\" content=\"index, follow, max-snippet:-1, max-image-preview:large, max-video-preview:-1\" \/>\n<link rel=\"canonical\" href=\"https:\/\/www.escapadarural.com\/blog\/escapada-magica-a-montserrat-en-el-corazon-de-cataluna\/\" \/>\n<meta property=\"og:locale\" content=\"es_ES\" \/>\n<meta property=\"og:type\" content=\"article\" \/>\n<meta property=\"og:title\" content=\"Escapada m\u00e1gica a Montserrat, en el coraz\u00f3n de Catalu\u00f1a - EscapadaRural\" \/>\n<meta property=\"og:description\" content=\"En el coraz\u00f3n de Catalunya se halla el singular macizo de Montserrat, visible desde innumerables perspectivas. Desde el Pened\u00e8s, la mole surge al fondo, tras hect\u00e1reas de vi\u00f1edos que dan origen al producto m\u00e1s famoso de la zona: vinos y cavas.\" \/>\n<meta property=\"og:url\" content=\"https:\/\/www.escapadarural.com\/blog\/escapada-magica-a-montserrat-en-el-corazon-de-cataluna\/\" \/>\n<meta property=\"og:site_name\" content=\"Magazine de viajes de EscapadaRural\" \/>\n<meta property=\"article:publisher\" content=\"https:\/\/www.facebook.com\/escapadarural\" \/>\n<meta property=\"article:author\" content=\"https:\/\/www.facebook.com\/escapadarural\" \/>\n<meta property=\"article:published_time\" content=\"2020-05-17T17:32:00+00:00\" \/>\n<meta property=\"article:modified_time\" content=\"2025-02-26T17:41:41+00:00\" \/>\n<meta property=\"og:image\" content=\"https:\/\/www.escapadarural.com\/blog\/wp-content\/uploads\/2014\/05\/Montserrat_fulleto-Trade-\u00a9-dymon-_-iStockphoto-_-Getty-Images.-Reducida-1-2-1.jpg\" \/>\n\t<meta property=\"og:image:width\" content=\"709\" \/>\n\t<meta property=\"og:image:height\" content=\"494\" \/>\n\t<meta property=\"og:image:type\" content=\"image\/jpeg\" \/>\n<meta name=\"author\" content=\"Escapada Rural\" \/>\n<meta name=\"twitter:card\" content=\"summary_large_image\" \/>\n<meta name=\"twitter:creator\" content=\"@https:\/\/x.com\/i\/flow\/login?redirect_after_login=escapadarural\" \/>\n<meta name=\"twitter:label1\" content=\"Escrito por\" \/>\n\t<meta name=\"twitter:data1\" content=\"Escapada Rural\" \/>\n\t<meta name=\"twitter:label2\" content=\"Tiempo de lectura\" \/>\n\t<meta name=\"twitter:data2\" content=\"1 minuto\" \/>\n<script type=\"application\/ld+json\" class=\"yoast-schema-graph\">{\"@context\":\"https:\\\/\\\/schema.org\",\"@graph\":[{\"@type\":\"Article\",\"@id\":\"https:\\\/\\\/www.escapadarural.com\\\/blog\\\/escapada-magica-a-montserrat-en-el-corazon-de-cataluna\\\/#article\",\"isPartOf\":{\"@id\":\"https:\\\/\\\/www.escapadarural.com\\\/blog\\\/escapada-magica-a-montserrat-en-el-corazon-de-cataluna\\\/\"},\"author\":{\"name\":\"Escapada Rural\",\"@id\":\"https:\\\/\\\/www.escapadarural.com\\\/blog\\\/#\\\/schema\\\/person\\\/d9ee55ff3e0cef41d6eac8922b4f972c\"},\"headline\":\"Escapada m\u00e1gica a Montserrat, en el coraz\u00f3n de Catalu\u00f1a\",\"datePublished\":\"2020-05-17T17:32:00+00:00\",\"dateModified\":\"2025-02-26T17:41:41+00:00\",\"mainEntityOfPage\":{\"@id\":\"https:\\\/\\\/www.escapadarural.com\\\/blog\\\/escapada-magica-a-montserrat-en-el-corazon-de-cataluna\\\/\"},\"wordCount\":151,\"commentCount\":0,\"publisher\":{\"@id\":\"https:\\\/\\\/www.escapadarural.com\\\/blog\\\/#organization\"},\"image\":{\"@id\":\"https:\\\/\\\/www.escapadarural.com\\\/blog\\\/escapada-magica-a-montserrat-en-el-corazon-de-cataluna\\\/#primaryimage\"},\"thumbnailUrl\":\"https:\\\/\\\/www.escapadarural.com\\\/blog\\\/wp-content\\\/uploads\\\/2014\\\/05\\\/Montserrat_fulleto-Trade-\u00a9-dymon-_-iStockphoto-_-Getty-Images.-Reducida-1-2-1.jpg\",\"keywords\":[\"Barcelona\",\"Catalu\u00f1a\",\"Montserrat\",\"V\u00eddeos sobre el mundo rural\"],\"articleSection\":[\"Destinos\"],\"inLanguage\":\"es\",\"potentialAction\":[{\"@type\":\"CommentAction\",\"name\":\"Comment\",\"target\":[\"https:\\\/\\\/www.escapadarural.com\\\/blog\\\/escapada-magica-a-montserrat-en-el-corazon-de-cataluna\\\/#respond\"]}]},{\"@type\":\"WebPage\",\"@id\":\"https:\\\/\\\/www.escapadarural.com\\\/blog\\\/escapada-magica-a-montserrat-en-el-corazon-de-cataluna\\\/\",\"url\":\"https:\\\/\\\/www.escapadarural.com\\\/blog\\\/escapada-magica-a-montserrat-en-el-corazon-de-cataluna\\\/\",\"name\":\"Escapada m\u00e1gica a Montserrat, en el coraz\u00f3n de Catalu\u00f1a - EscapadaRural\",\"isPartOf\":{\"@id\":\"https:\\\/\\\/www.escapadarural.com\\\/blog\\\/#website\"},\"primaryImageOfPage\":{\"@id\":\"https:\\\/\\\/www.escapadarural.com\\\/blog\\\/escapada-magica-a-montserrat-en-el-corazon-de-cataluna\\\/#primaryimage\"},\"image\":{\"@id\":\"https:\\\/\\\/www.escapadarural.com\\\/blog\\\/escapada-magica-a-montserrat-en-el-corazon-de-cataluna\\\/#primaryimage\"},\"thumbnailUrl\":\"https:\\\/\\\/www.escapadarural.com\\\/blog\\\/wp-content\\\/uploads\\\/2014\\\/05\\\/Montserrat_fulleto-Trade-\u00a9-dymon-_-iStockphoto-_-Getty-Images.-Reducida-1-2-1.jpg\",\"datePublished\":\"2020-05-17T17:32:00+00:00\",\"dateModified\":\"2025-02-26T17:41:41+00:00\",\"breadcrumb\":{\"@id\":\"https:\\\/\\\/www.escapadarural.com\\\/blog\\\/escapada-magica-a-montserrat-en-el-corazon-de-cataluna\\\/#breadcrumb\"},\"inLanguage\":\"es\",\"potentialAction\":[{\"@type\":\"ReadAction\",\"target\":[\"https:\\\/\\\/www.escapadarural.com\\\/blog\\\/escapada-magica-a-montserrat-en-el-corazon-de-cataluna\\\/\"]}]},{\"@type\":\"ImageObject\",\"inLanguage\":\"es\",\"@id\":\"https:\\\/\\\/www.escapadarural.com\\\/blog\\\/escapada-magica-a-montserrat-en-el-corazon-de-cataluna\\\/#primaryimage\",\"url\":\"https:\\\/\\\/www.escapadarural.com\\\/blog\\\/wp-content\\\/uploads\\\/2014\\\/05\\\/Montserrat_fulleto-Trade-\u00a9-dymon-_-iStockphoto-_-Getty-Images.-Reducida-1-2-1.jpg\",\"contentUrl\":\"https:\\\/\\\/www.escapadarural.com\\\/blog\\\/wp-content\\\/uploads\\\/2014\\\/05\\\/Montserrat_fulleto-Trade-\u00a9-dymon-_-iStockphoto-_-Getty-Images.-Reducida-1-2-1.jpg\",\"width\":709,\"height\":494,\"caption\":\"Monta\u00f1a de Montserrat, en Barcelona.\"},{\"@type\":\"BreadcrumbList\",\"@id\":\"https:\\\/\\\/www.escapadarural.com\\\/blog\\\/escapada-magica-a-montserrat-en-el-corazon-de-cataluna\\\/#breadcrumb\",\"itemListElement\":[{\"@type\":\"ListItem\",\"position\":1,\"name\":\"Inicio\",\"item\":\"https:\\\/\\\/www.escapadarural.com\\\/blog\\\/\"},{\"@type\":\"ListItem\",\"position\":2,\"name\":\"Destinos\",\"item\":\"https:\\\/\\\/www.escapadarural.com\\\/blog\\\/categoria\\\/destinos\\\/\"},{\"@type\":\"ListItem\",\"position\":3,\"name\":\"Escapada m\u00e1gica a Montserrat, en el coraz\u00f3n de Catalu\u00f1a\"}]},{\"@type\":\"WebSite\",\"@id\":\"https:\\\/\\\/www.escapadarural.com\\\/blog\\\/#website\",\"url\":\"https:\\\/\\\/www.escapadarural.com\\\/blog\\\/\",\"name\":\"Blog de viajes | turismo rural, alojamientos e inspiraci\u00f3n\",\"description\":\"Alojamientos rurales e inspiraci\u00f3n para tus escapadas\",\"publisher\":{\"@id\":\"https:\\\/\\\/www.escapadarural.com\\\/blog\\\/#organization\"},\"alternateName\":\"Magazine de viajes de EscapadaRural\",\"potentialAction\":[{\"@type\":\"SearchAction\",\"target\":{\"@type\":\"EntryPoint\",\"urlTemplate\":\"https:\\\/\\\/www.escapadarural.com\\\/blog\\\/?s={search_term_string}\"},\"query-input\":{\"@type\":\"PropertyValueSpecification\",\"valueRequired\":true,\"valueName\":\"search_term_string\"}}],\"inLanguage\":\"es\"},{\"@type\":\"Organization\",\"@id\":\"https:\\\/\\\/www.escapadarural.com\\\/blog\\\/#organization\",\"name\":\"EscapadaRural\",\"url\":\"https:\\\/\\\/www.escapadarural.com\\\/blog\\\/\",\"logo\":{\"@type\":\"ImageObject\",\"inLanguage\":\"es\",\"@id\":\"https:\\\/\\\/www.escapadarural.com\\\/blog\\\/#\\\/schema\\\/logo\\\/image\\\/\",\"url\":\"https:\\\/\\\/www.escapadarural.com\\\/blog\\\/wp-content\\\/uploads\\\/2024\\\/10\\\/cropped-cropped-escapada-rural-icon-mag-3.png\",\"contentUrl\":\"https:\\\/\\\/www.escapadarural.com\\\/blog\\\/wp-content\\\/uploads\\\/2024\\\/10\\\/cropped-cropped-escapada-rural-icon-mag-3.png\",\"width\":512,\"height\":512,\"caption\":\"EscapadaRural\"},\"image\":{\"@id\":\"https:\\\/\\\/www.escapadarural.com\\\/blog\\\/#\\\/schema\\\/logo\\\/image\\\/\"},\"sameAs\":[\"https:\\\/\\\/www.facebook.com\\\/escapadarural\",\"https:\\\/\\\/www.instagram.com\\\/escapadarural\\\/\",\"https:\\\/\\\/www.youtube.com\\\/@escapadaruralcom\"]},{\"@type\":\"Person\",\"@id\":\"https:\\\/\\\/www.escapadarural.com\\\/blog\\\/#\\\/schema\\\/person\\\/d9ee55ff3e0cef41d6eac8922b4f972c\",\"name\":\"Escapada Rural\",\"image\":{\"@type\":\"ImageObject\",\"inLanguage\":\"es\",\"@id\":\"https:\\\/\\\/www.escapadarural.com\\\/blog\\\/wp-content\\\/uploads\\\/2024\\\/10\\\/cropped-cropped-escapada-rural-icon-mag-3-96x96.png\",\"url\":\"https:\\\/\\\/www.escapadarural.com\\\/blog\\\/wp-content\\\/uploads\\\/2024\\\/10\\\/cropped-cropped-escapada-rural-icon-mag-3-96x96.png\",\"contentUrl\":\"https:\\\/\\\/www.escapadarural.com\\\/blog\\\/wp-content\\\/uploads\\\/2024\\\/10\\\/cropped-cropped-escapada-rural-icon-mag-3-96x96.png\",\"caption\":\"Escapada Rural\"},\"sameAs\":[\"https:\\\/\\\/www.facebook.com\\\/escapadarural\",\"https:\\\/\\\/www.linkedin.com\\\/company\\\/escapada-rural\\\/?originalSubdomain=es\",\"https:\\\/\\\/x.com\\\/https:\\\/\\\/x.com\\\/i\\\/flow\\\/login?redirect_after_login=escapadarural\"],\"url\":\"https:\\\/\\\/www.escapadarural.com\\\/blog\\\/autor\\\/user\\\/\"}]}<\/script>\n<!-- \/ Yoast SEO plugin. -->","yoast_head_json":{"title":"Escapada m\u00e1gica a Montserrat, en el coraz\u00f3n de Catalu\u00f1a - EscapadaRural","robots":{"index":"index","follow":"follow","max-snippet":"max-snippet:-1","max-image-preview":"max-image-preview:large","max-video-preview":"max-video-preview:-1"},"canonical":"https:\/\/www.escapadarural.com\/blog\/escapada-magica-a-montserrat-en-el-corazon-de-cataluna\/","og_locale":"es_ES","og_type":"article","og_title":"Escapada m\u00e1gica a Montserrat, en el coraz\u00f3n de Catalu\u00f1a - EscapadaRural","og_description":"En el coraz\u00f3n de Catalunya se halla el singular macizo de Montserrat, visible desde innumerables perspectivas. Desde el Pened\u00e8s, la mole surge al fondo, tras hect\u00e1reas de vi\u00f1edos que dan origen al producto m\u00e1s famoso de la zona: vinos y cavas.","og_url":"https:\/\/www.escapadarural.com\/blog\/escapada-magica-a-montserrat-en-el-corazon-de-cataluna\/","og_site_name":"Magazine de viajes de EscapadaRural","article_publisher":"https:\/\/www.facebook.com\/escapadarural","article_author":"https:\/\/www.facebook.com\/escapadarural","article_published_time":"2020-05-17T17:32:00+00:00","article_modified_time":"2025-02-26T17:41:41+00:00","og_image":[{"width":709,"height":494,"url":"https:\/\/www.escapadarural.com\/blog\/wp-content\/uploads\/2014\/05\/Montserrat_fulleto-Trade-\u00a9-dymon-_-iStockphoto-_-Getty-Images.-Reducida-1-2-1.jpg","type":"image\/jpeg"}],"author":"Escapada Rural","twitter_card":"summary_large_image","twitter_creator":"@https:\/\/x.com\/i\/flow\/login?redirect_after_login=escapadarural","twitter_misc":{"Escrito por":"Escapada Rural","Tiempo de lectura":"1 minuto"},"schema":{"@context":"https:\/\/schema.org","@graph":[{"@type":"Article","@id":"https:\/\/www.escapadarural.com\/blog\/escapada-magica-a-montserrat-en-el-corazon-de-cataluna\/#article","isPartOf":{"@id":"https:\/\/www.escapadarural.com\/blog\/escapada-magica-a-montserrat-en-el-corazon-de-cataluna\/"},"author":{"name":"Escapada Rural","@id":"https:\/\/www.escapadarural.com\/blog\/#\/schema\/person\/d9ee55ff3e0cef41d6eac8922b4f972c"},"headline":"Escapada m\u00e1gica a Montserrat, en el coraz\u00f3n de Catalu\u00f1a","datePublished":"2020-05-17T17:32:00+00:00","dateModified":"2025-02-26T17:41:41+00:00","mainEntityOfPage":{"@id":"https:\/\/www.escapadarural.com\/blog\/escapada-magica-a-montserrat-en-el-corazon-de-cataluna\/"},"wordCount":151,"commentCount":0,"publisher":{"@id":"https:\/\/www.escapadarural.com\/blog\/#organization"},"image":{"@id":"https:\/\/www.escapadarural.com\/blog\/escapada-magica-a-montserrat-en-el-corazon-de-cataluna\/#primaryimage"},"thumbnailUrl":"https:\/\/www.escapadarural.com\/blog\/wp-content\/uploads\/2014\/05\/Montserrat_fulleto-Trade-\u00a9-dymon-_-iStockphoto-_-Getty-Images.-Reducida-1-2-1.jpg","keywords":["Barcelona","Catalu\u00f1a","Montserrat","V\u00eddeos sobre el mundo rural"],"articleSection":["Destinos"],"inLanguage":"es","potentialAction":[{"@type":"CommentAction","name":"Comment","target":["https:\/\/www.escapadarural.com\/blog\/escapada-magica-a-montserrat-en-el-corazon-de-cataluna\/#respond"]}]},{"@type":"WebPage","@id":"https:\/\/www.escapadarural.com\/blog\/escapada-magica-a-montserrat-en-el-corazon-de-cataluna\/","url":"https:\/\/www.escapadarural.com\/blog\/escapada-magica-a-montserrat-en-el-corazon-de-cataluna\/","name":"Escapada m\u00e1gica a Montserrat, en el coraz\u00f3n de Catalu\u00f1a - EscapadaRural","isPartOf":{"@id":"https:\/\/www.escapadarural.com\/blog\/#website"},"primaryImageOfPage":{"@id":"https:\/\/www.escapadarural.com\/blog\/escapada-magica-a-montserrat-en-el-corazon-de-cataluna\/#primaryimage"},"image":{"@id":"https:\/\/www.escapadarural.com\/blog\/escapada-magica-a-montserrat-en-el-corazon-de-cataluna\/#primaryimage"},"thumbnailUrl":"https:\/\/www.escapadarural.com\/blog\/wp-content\/uploads\/2014\/05\/Montserrat_fulleto-Trade-\u00a9-dymon-_-iStockphoto-_-Getty-Images.-Reducida-1-2-1.jpg","datePublished":"2020-05-17T17:32:00+00:00","dateModified":"2025-02-26T17:41:41+00:00","breadcrumb":{"@id":"https:\/\/www.escapadarural.com\/blog\/escapada-magica-a-montserrat-en-el-corazon-de-cataluna\/#breadcrumb"},"inLanguage":"es","potentialAction":[{"@type":"ReadAction","target":["https:\/\/www.escapadarural.com\/blog\/escapada-magica-a-montserrat-en-el-corazon-de-cataluna\/"]}]},{"@type":"ImageObject","inLanguage":"es","@id":"https:\/\/www.escapadarural.com\/blog\/escapada-magica-a-montserrat-en-el-corazon-de-cataluna\/#primaryimage","url":"https:\/\/www.escapadarural.com\/blog\/wp-content\/uploads\/2014\/05\/Montserrat_fulleto-Trade-\u00a9-dymon-_-iStockphoto-_-Getty-Images.-Reducida-1-2-1.jpg","contentUrl":"https:\/\/www.escapadarural.com\/blog\/wp-content\/uploads\/2014\/05\/Montserrat_fulleto-Trade-\u00a9-dymon-_-iStockphoto-_-Getty-Images.-Reducida-1-2-1.jpg","width":709,"height":494,"caption":"Monta\u00f1a de Montserrat, en Barcelona."},{"@type":"BreadcrumbList","@id":"https:\/\/www.escapadarural.com\/blog\/escapada-magica-a-montserrat-en-el-corazon-de-cataluna\/#breadcrumb","itemListElement":[{"@type":"ListItem","position":1,"name":"Inicio","item":"https:\/\/www.escapadarural.com\/blog\/"},{"@type":"ListItem","position":2,"name":"Destinos","item":"https:\/\/www.escapadarural.com\/blog\/categoria\/destinos\/"},{"@type":"ListItem","position":3,"name":"Escapada m\u00e1gica a Montserrat, en el coraz\u00f3n de Catalu\u00f1a"}]},{"@type":"WebSite","@id":"https:\/\/www.escapadarural.com\/blog\/#website","url":"https:\/\/www.escapadarural.com\/blog\/","name":"Blog de viajes | turismo rural, alojamientos e inspiraci\u00f3n","description":"Alojamientos rurales e inspiraci\u00f3n para tus escapadas","publisher":{"@id":"https:\/\/www.escapadarural.com\/blog\/#organization"},"alternateName":"Magazine de viajes de EscapadaRural","potentialAction":[{"@type":"SearchAction","target":{"@type":"EntryPoint","urlTemplate":"https:\/\/www.escapadarural.com\/blog\/?s={search_term_string}"},"query-input":{"@type":"PropertyValueSpecification","valueRequired":true,"valueName":"search_term_string"}}],"inLanguage":"es"},{"@type":"Organization","@id":"https:\/\/www.escapadarural.com\/blog\/#organization","name":"EscapadaRural","url":"https:\/\/www.escapadarural.com\/blog\/","logo":{"@type":"ImageObject","inLanguage":"es","@id":"https:\/\/www.escapadarural.com\/blog\/#\/schema\/logo\/image\/","url":"https:\/\/www.escapadarural.com\/blog\/wp-content\/uploads\/2024\/10\/cropped-cropped-escapada-rural-icon-mag-3.png","contentUrl":"https:\/\/www.escapadarural.com\/blog\/wp-content\/uploads\/2024\/10\/cropped-cropped-escapada-rural-icon-mag-3.png","width":512,"height":512,"caption":"EscapadaRural"},"image":{"@id":"https:\/\/www.escapadarural.com\/blog\/#\/schema\/logo\/image\/"},"sameAs":["https:\/\/www.facebook.com\/escapadarural","https:\/\/www.instagram.com\/escapadarural\/","https:\/\/www.youtube.com\/@escapadaruralcom"]},{"@type":"Person","@id":"https:\/\/www.escapadarural.com\/blog\/#\/schema\/person\/d9ee55ff3e0cef41d6eac8922b4f972c","name":"Escapada Rural","image":{"@type":"ImageObject","inLanguage":"es","@id":"https:\/\/www.escapadarural.com\/blog\/wp-content\/uploads\/2024\/10\/cropped-cropped-escapada-rural-icon-mag-3-96x96.png","url":"https:\/\/www.escapadarural.com\/blog\/wp-content\/uploads\/2024\/10\/cropped-cropped-escapada-rural-icon-mag-3-96x96.png","contentUrl":"https:\/\/www.escapadarural.com\/blog\/wp-content\/uploads\/2024\/10\/cropped-cropped-escapada-rural-icon-mag-3-96x96.png","caption":"Escapada Rural"},"sameAs":["https:\/\/www.facebook.com\/escapadarural","https:\/\/www.linkedin.com\/company\/escapada-rural\/?originalSubdomain=es","https:\/\/x.com\/https:\/\/x.com\/i\/flow\/login?redirect_after_login=escapadarural"],"url":"https:\/\/www.escapadarural.com\/blog\/autor\/user\/"}]}},"_links":{"self":[{"href":"https:\/\/www.escapadarural.com\/blog\/wp-json\/wp\/v2\/posts\/58187","targetHints":{"allow":["GET"]}}],"collection":[{"href":"https:\/\/www.escapadarural.com\/blog\/wp-json\/wp\/v2\/posts"}],"about":[{"href":"https:\/\/www.escapadarural.com\/blog\/wp-json\/wp\/v2\/types\/post"}],"author":[{"embeddable":true,"href":"https:\/\/www.escapadarural.com\/blog\/wp-json\/wp\/v2\/users\/136"}],"replies":[{"embeddable":true,"href":"https:\/\/www.escapadarural.com\/blog\/wp-json\/wp\/v2\/comments?post=58187"}],"version-history":[{"count":0,"href":"https:\/\/www.escapadarural.com\/blog\/wp-json\/wp\/v2\/posts\/58187\/revisions"}],"wp:featuredmedia":[{"embeddable":true,"href":"https:\/\/www.escapadarural.com\/blog\/wp-json\/wp\/v2\/media\/114396"}],"wp:attachment":[{"href":"https:\/\/www.escapadarural.com\/blog\/wp-json\/wp\/v2\/media?parent=58187"}],"wp:term":[{"taxonomy":"category","embeddable":true,"href":"https:\/\/www.escapadarural.com\/blog\/wp-json\/wp\/v2\/categories?post=58187"},{"taxonomy":"post_tag","embeddable":true,"href":"https:\/\/www.escapadarural.com\/blog\/wp-json\/wp\/v2\/tags?post=58187"}],"curies":[{"name":"wp","href":"https:\/\/api.w.org\/{rel}","templated":true}]}}