{"id":58233,"date":"2023-03-30T07:00:00","date_gmt":"2023-03-30T06:00:00","guid":{"rendered":"https:\/\/www.escapadarural.com\/blog\/?p=58233"},"modified":"2025-03-11T16:57:07","modified_gmt":"2025-03-11T14:57:07","slug":"escenarios-de-infiesto-asturias-y-galicia","status":"publish","type":"post","link":"https:\/\/www.escapadarural.com\/blog\/escenarios-de-infiesto-asturias-y-galicia\/","title":{"rendered":"Infiesto, la pel\u00edcula que se rod\u00f3 entre Asturias y Galicia"},"content":{"rendered":"\n<figure class=\"wp-block-image size-full\"><img loading=\"lazy\" decoding=\"async\" width=\"1024\" height=\"576\" src=\"https:\/\/www.escapadarural.com\/blog\/wp-content\/uploads\/2023\/03\/infiesto-2.webp\" alt=\"Pozo Samu\u00f1o. Por Ecomuseo Minero Valle de Samu\u00f1o\n\" class=\"wp-image-196056\" srcset=\"https:\/\/www.escapadarural.com\/blog\/wp-content\/uploads\/2023\/03\/infiesto-2-200x113.webp 200w, https:\/\/www.escapadarural.com\/blog\/wp-content\/uploads\/2023\/03\/infiesto-2-300x169.webp 300w, https:\/\/www.escapadarural.com\/blog\/wp-content\/uploads\/2023\/03\/infiesto-2-400x225.webp 400w, https:\/\/www.escapadarural.com\/blog\/wp-content\/uploads\/2023\/03\/infiesto-2-600x338.webp 600w, https:\/\/www.escapadarural.com\/blog\/wp-content\/uploads\/2023\/03\/infiesto-2-768x432.webp 768w, https:\/\/www.escapadarural.com\/blog\/wp-content\/uploads\/2023\/03\/infiesto-2-800x450.webp 800w, https:\/\/www.escapadarural.com\/blog\/wp-content\/uploads\/2023\/03\/infiesto-2.webp 1024w\" sizes=\"auto, (max-width: 1024px) 100vw, 1024px\" \/><figcaption class=\"wp-element-caption\">Pozo Samu\u00f1o. Por Ecomuseo Minero Valle de Samu\u00f1o\n<\/figcaption><\/figure>\n\n\n\n<p>Casi 13 millones de visualizaciones ha sumado<strong> la pel\u00edcula <em>Infiesto<\/em> en el ranking que Netflix<\/strong> \u2013poco dada a compartir datos\u2013 pocos d\u00edas de su estreno el 3 de febrero. Es la segunda pel\u00edcula de lengua no inglesa m\u00e1s vista en la plataforma, solo por debajo de <em>Viking Wolf<\/em> y muy por encima de su sucesora en el top 3, <em>Thunivu<\/em>, que acumula algo m\u00e1s de cuatro millones. Si se tiene en cuenta la extensi\u00f3n del cat\u00e1logo de producciones audiovisuales que tiene la empresa de streaming, es un logro m\u00e1s que considerable.<\/p>\n\n\n\n<p>\u00bfQu\u00e9 elementos son los que la pueden hacer tan atractiva para el p\u00fablico? Primero, por supuesto, el argumento. Este thriller de suspense cuenta la historia de dos detectives que tienen que <strong>desplazarse a la cuenca minera asturiana <\/strong>debido a un suceso inquietante: una joven que hab\u00eda sido dada por muerta desde hac\u00eda meses reaparece en el lugar en el que se la vio por \u00faltima vez. <\/p>\n\n\n<blockquote class=\"instagram-media\" data-instgrm-captioned=\"\" data-instgrm-permalink=\"https:\/\/www.instagram.com\/p\/CWvP7jwMoWm\/?utm_source=ig_embed&amp;utm_campaign=loading\" data-instgrm-version=\"14\" style=\" background:#FFF; border:0; border-radius:3px; box-shadow:0 0 1px 0 rgba(0,0,0,0.5),0 1px 10px 0 rgba(0,0,0,0.15); margin: 1px; max-width:540px; min-width:326px; padding:0; width:99.375%; width:-webkit-calc(100% - 2px); width:calc(100% - 2px);\">\n<div style=\"padding:16px;\"> <a href=\"https:\/\/www.instagram.com\/p\/CWvP7jwMoWm\/?utm_source=ig_embed&amp;utm_campaign=loading\" style=\" background:#FFFFFF; line-height:0; padding:0 0; text-align:center; text-decoration:none; width:100%;\" target=\"_blank\" rel=\"noopener\"> <\/p>\n<div style=\" display: flex; flex-direction: row; align-items: center;\">\n<div style=\"background-color: #F4F4F4; border-radius: 50%; flex-grow: 0; height: 40px; margin-right: 14px; width: 40px;\"><\/div>\n<div style=\"display: flex; flex-direction: column; flex-grow: 1; justify-content: center;\">\n<div style=\" background-color: #F4F4F4; border-radius: 4px; flex-grow: 0; height: 14px; margin-bottom: 6px; width: 100px;\"><\/div>\n<div style=\" background-color: #F4F4F4; border-radius: 4px; flex-grow: 0; height: 14px; width: 60px;\"><\/div>\n<\/div>\n<\/div>\n<div style=\"padding: 19% 0;\"><\/div>\n<div style=\"display:block; height:50px; margin:0 auto 12px; width:50px;\"><svg width=\"50px\" height=\"50px\" viewBox=\"0 0 60 60\" version=\"1.1\" xmlns=\"https:\/\/www.w3.org\/2000\/svg\" xmlns:xlink=\"https:\/\/www.w3.org\/1999\/xlink\"><g stroke=\"none\" stroke-width=\"1\" fill=\"none\" fill-rule=\"evenodd\"><g transform=\"translate(-511.000000, -20.000000)\" fill=\"#000000\"><g><path d=\"M556.869,30.41 C554.814,30.41 553.148,32.076 553.148,34.131 C553.148,36.186 554.814,37.852 556.869,37.852 C558.924,37.852 560.59,36.186 560.59,34.131 C560.59,32.076 558.924,30.41 556.869,30.41 M541,60.657 C535.114,60.657 530.342,55.887 530.342,50 C530.342,44.114 535.114,39.342 541,39.342 C546.887,39.342 551.658,44.114 551.658,50 C551.658,55.887 546.887,60.657 541,60.657 M541,33.886 C532.1,33.886 524.886,41.1 524.886,50 C524.886,58.899 532.1,66.113 541,66.113 C549.9,66.113 557.115,58.899 557.115,50 C557.115,41.1 549.9,33.886 541,33.886 M565.378,62.101 C565.244,65.022 564.756,66.606 564.346,67.663 C563.803,69.06 563.154,70.057 562.106,71.106 C561.058,72.155 560.06,72.803 558.662,73.347 C557.607,73.757 556.021,74.244 553.102,74.378 C549.944,74.521 548.997,74.552 541,74.552 C533.003,74.552 532.056,74.521 528.898,74.378 C525.979,74.244 524.393,73.757 523.338,73.347 C521.94,72.803 520.942,72.155 519.894,71.106 C518.846,70.057 518.197,69.06 517.654,67.663 C517.244,66.606 516.755,65.022 516.623,62.101 C516.479,58.943 516.448,57.996 516.448,50 C516.448,42.003 516.479,41.056 516.623,37.899 C516.755,34.978 517.244,33.391 517.654,32.338 C518.197,30.938 518.846,29.942 519.894,28.894 C520.942,27.846 521.94,27.196 523.338,26.654 C524.393,26.244 525.979,25.756 528.898,25.623 C532.057,25.479 533.004,25.448 541,25.448 C548.997,25.448 549.943,25.479 553.102,25.623 C556.021,25.756 557.607,26.244 558.662,26.654 C560.06,27.196 561.058,27.846 562.106,28.894 C563.154,29.942 563.803,30.938 564.346,32.338 C564.756,33.391 565.244,34.978 565.378,37.899 C565.522,41.056 565.552,42.003 565.552,50 C565.552,57.996 565.522,58.943 565.378,62.101 M570.82,37.631 C570.674,34.438 570.167,32.258 569.425,30.349 C568.659,28.377 567.633,26.702 565.965,25.035 C564.297,23.368 562.623,22.342 560.652,21.575 C558.743,20.834 556.562,20.326 553.369,20.18 C550.169,20.033 549.148,20 541,20 C532.853,20 531.831,20.033 528.631,20.18 C525.438,20.326 523.257,20.834 521.349,21.575 C519.376,22.342 517.703,23.368 516.035,25.035 C514.368,26.702 513.342,28.377 512.574,30.349 C511.834,32.258 511.326,34.438 511.181,37.631 C511.035,40.831 511,41.851 511,50 C511,58.147 511.035,59.17 511.181,62.369 C511.326,65.562 511.834,67.743 512.574,69.651 C513.342,71.625 514.368,73.296 516.035,74.965 C517.703,76.634 519.376,77.658 521.349,78.425 C523.257,79.167 525.438,79.673 528.631,79.82 C531.831,79.965 532.853,80.001 541,80.001 C549.148,80.001 550.169,79.965 553.369,79.82 C556.562,79.673 558.743,79.167 560.652,78.425 C562.623,77.658 564.297,76.634 565.965,74.965 C567.633,73.296 568.659,71.625 569.425,69.651 C570.167,67.743 570.674,65.562 570.82,62.369 C570.966,59.17 571,58.147 571,50 C571,41.851 570.966,40.831 570.82,37.631\"><\/path><\/g><\/g><\/g><\/svg><\/div>\n<div style=\"padding-top: 8px;\">\n<div style=\" color:#3897f0; font-family:Arial,sans-serif; font-size:14px; font-style:normal; font-weight:550; line-height:18px;\">Ver esta publicaci\u00f3n en Instagram<\/div>\n<\/div>\n<div style=\"padding: 12.5% 0;\"><\/div>\n<div style=\"display: flex; flex-direction: row; margin-bottom: 14px; align-items: center;\">\n<div>\n<div style=\"background-color: #F4F4F4; border-radius: 50%; height: 12.5px; width: 12.5px; transform: translateX(0px) translateY(7px);\"><\/div>\n<div style=\"background-color: #F4F4F4; height: 12.5px; transform: rotate(-45deg) translateX(3px) translateY(1px); width: 12.5px; flex-grow: 0; margin-right: 14px; margin-left: 2px;\"><\/div>\n<div style=\"background-color: #F4F4F4; border-radius: 50%; height: 12.5px; width: 12.5px; transform: translateX(9px) translateY(-18px);\"><\/div>\n<\/div>\n<div style=\"margin-left: 8px;\">\n<div style=\" background-color: #F4F4F4; border-radius: 50%; flex-grow: 0; height: 20px; width: 20px;\"><\/div>\n<div style=\" width: 0; height: 0; border-top: 2px solid transparent; border-left: 6px solid #f4f4f4; border-bottom: 2px solid transparent; transform: translateX(16px) translateY(-4px) rotate(30deg)\"><\/div>\n<\/div>\n<div style=\"margin-left: auto;\">\n<div style=\" width: 0px; border-top: 8px solid #F4F4F4; border-right: 8px solid transparent; transform: translateY(16px);\"><\/div>\n<div style=\" background-color: #F4F4F4; flex-grow: 0; height: 12px; width: 16px; transform: translateY(-4px);\"><\/div>\n<div style=\" width: 0; height: 0; border-top: 8px solid #F4F4F4; border-left: 8px solid transparent; transform: translateY(-4px) translateX(8px);\"><\/div>\n<\/div>\n<\/div>\n<div style=\"display: flex; flex-direction: column; flex-grow: 1; justify-content: center; margin-bottom: 24px;\">\n<div style=\" background-color: #F4F4F4; border-radius: 4px; flex-grow: 0; height: 14px; margin-bottom: 6px; width: 224px;\"><\/div>\n<div style=\" background-color: #F4F4F4; border-radius: 4px; flex-grow: 0; height: 14px; width: 144px;\"><\/div>\n<\/div>\n<p><\/a><\/p>\n<p style=\" color:#c9c8cd; font-family:Arial,sans-serif; font-size:14px; line-height:17px; margin-bottom:0; margin-top:8px; overflow:hidden; padding:8px 0 7px; text-align:center; text-overflow:ellipsis; white-space:nowrap;\"><a href=\"https:\/\/www.instagram.com\/p\/CWvP7jwMoWm\/?utm_source=ig_embed&amp;utm_campaign=loading\" style=\" color:#c9c8cd; font-family:Arial,sans-serif; font-size:14px; font-style:normal; font-weight:normal; line-height:17px; text-decoration:none;\" target=\"_blank\" rel=\"noopener\">Una publicaci\u00f3n compartida de I r i a (@iriadelrioo)<\/a><\/p>\n<\/div>\n<\/blockquote>\n<p> <script async=\"\" src=\"\/\/www.instagram.com\/embed.js\"><\/script><\/p>\n\n\n\n<p>Ese hecho esconde detr\u00e1s un secreto que la polic\u00eda intentar\u00e1 desentra\u00f1ar en un escenario gris y solitario, ya que la trama arranca en marzo de 2020, cuando comenz\u00f3 el confinamiento motivado por la pandemia de la Covid-19.<\/p>\n\n\n\n<figure class=\"wp-block-embed is-type-video is-provider-youtube wp-block-embed-youtube wp-embed-aspect-16-9 wp-has-aspect-ratio\"><div class=\"wp-block-embed__wrapper\">\n<span class=\"XGWjiV\"><div class=\"video-shortcode\"><iframe title=\"Infiesto | Tr\u00e1iler oficial | Netflix Espa\u00f1a\" width=\"1200\" height=\"675\" src=\"https:\/\/www.youtube.com\/embed\/mju9Ecfynds?feature=oembed\" frameborder=\"0\" allow=\"accelerometer; autoplay; clipboard-write; encrypted-media; gyroscope; picture-in-picture; web-share\" referrerpolicy=\"strict-origin-when-cross-origin\" allowfullscreen><\/iframe><\/div><\/span>\n<\/div><\/figure>\n\n\n\n<p>El segundo motivo de la atracci\u00f3n apunta al director, Patxi Amezcua, ya conocido por ser el responsable de otras pel\u00edculas como <em>S\u00e9ptimo<\/em> (2013), <em>Un hombre de acci\u00f3n<\/em> (2022) o <em>El aviso<\/em> (2018) y series como <em>Desaparecidos<\/em> (2020). Tambi\u00e9n ayuda el reparto, integrado por Iria del R\u00edo, Jos\u00e9 Manuel Poga, Luis Zahera, Isak F\u00e9rriz, Ana Villa o Juan Fern\u00e1ndez, entre otros. Y, c\u00f3mo no, por los escenarios porque, de hecho, el t\u00edtulo hace referencia a un pueblo situado en la zona en la que se supone que tienen lugar los hechos que se narran.<\/p>\n\n\n\n<h2 class=\"wp-block-heading\" id=\"h-infiesto-recupera-la-asturias-minera\"><strong>Infiesto recupera la Asturias minera <\/strong><\/h2>\n\n\n\n<figure class=\"wp-block-image size-full\"><img loading=\"lazy\" decoding=\"async\" width=\"1024\" height=\"683\" src=\"https:\/\/www.escapadarural.com\/blog\/wp-content\/uploads\/2023\/03\/pelicula-de-Infiesto.webp\" alt=\"Pel\u00edcula de Infiesto. Por Netflix\/Jaime Olmedo\n\" class=\"wp-image-196059\" srcset=\"https:\/\/www.escapadarural.com\/blog\/wp-content\/uploads\/2023\/03\/pelicula-de-Infiesto-200x133.webp 200w, https:\/\/www.escapadarural.com\/blog\/wp-content\/uploads\/2023\/03\/pelicula-de-Infiesto-300x200.webp 300w, https:\/\/www.escapadarural.com\/blog\/wp-content\/uploads\/2023\/03\/pelicula-de-Infiesto-400x267.webp 400w, https:\/\/www.escapadarural.com\/blog\/wp-content\/uploads\/2023\/03\/pelicula-de-Infiesto-600x400.webp 600w, https:\/\/www.escapadarural.com\/blog\/wp-content\/uploads\/2023\/03\/pelicula-de-Infiesto-768x512.webp 768w, https:\/\/www.escapadarural.com\/blog\/wp-content\/uploads\/2023\/03\/pelicula-de-Infiesto-800x534.webp 800w, https:\/\/www.escapadarural.com\/blog\/wp-content\/uploads\/2023\/03\/pelicula-de-Infiesto.webp 1024w\" sizes=\"auto, (max-width: 1024px) 100vw, 1024px\" \/><figcaption class=\"wp-element-caption\">Pel\u00edcula de Infiesto. Por Netflix\/Jaime Olmedo\n<\/figcaption><\/figure>\n\n\n\n<p><a href=\"https:\/\/www.escapadarural.com\/casas-rurales\/infiesto\">Infiesto<\/a><strong> <\/strong>es la capital del concejo asturiano de Pilo\u00f1a y ha servido de localizaci\u00f3n para la pel\u00edcula (si no, ser\u00eda bastante raro). Pero el equipo no solo sac\u00f3 las c\u00e1maras y alter\u00f3 la cotidianidad de dicha villa, sino que tambi\u00e9n se desplaz\u00f3 a otros municipios como<strong> <\/strong><a href=\"https:\/\/www.escapadarural.com\/casas-rurales\/mieres\">Mieres<\/a>, el valle de Samu\u00f1o y Langreo, sitios claves de la historia de la miner\u00eda en Asturias.<\/p>\n\n\n\n<figure class=\"wp-block-image size-full\"><img loading=\"lazy\" decoding=\"async\" width=\"1024\" height=\"683\" src=\"https:\/\/www.escapadarural.com\/blog\/wp-content\/uploads\/2023\/03\/infiesto-boal.webp\" alt=\"Palacio abandonado en Boal, uno de los escenarios de Infiesto. Por Netflix\/Jaime Olmedo\n\" class=\"wp-image-196058\" srcset=\"https:\/\/www.escapadarural.com\/blog\/wp-content\/uploads\/2023\/03\/infiesto-boal-200x133.webp 200w, https:\/\/www.escapadarural.com\/blog\/wp-content\/uploads\/2023\/03\/infiesto-boal-300x200.webp 300w, https:\/\/www.escapadarural.com\/blog\/wp-content\/uploads\/2023\/03\/infiesto-boal-400x267.webp 400w, https:\/\/www.escapadarural.com\/blog\/wp-content\/uploads\/2023\/03\/infiesto-boal-600x400.webp 600w, https:\/\/www.escapadarural.com\/blog\/wp-content\/uploads\/2023\/03\/infiesto-boal-768x512.webp 768w, https:\/\/www.escapadarural.com\/blog\/wp-content\/uploads\/2023\/03\/infiesto-boal-800x534.webp 800w, https:\/\/www.escapadarural.com\/blog\/wp-content\/uploads\/2023\/03\/infiesto-boal.webp 1024w\" sizes=\"auto, (max-width: 1024px) 100vw, 1024px\" \/><figcaption class=\"wp-element-caption\">Palacio abandonado en Boal, uno de los escenarios de Infiesto. Por Netflix\/Jaime Olmedo\n<\/figcaption><\/figure>\n\n\n\n<p>Gij\u00f3n tambi\u00e9n es otra de las localidades donde se desarrolla la trama de Infiesto. Se rod\u00f3 en calles como el paseo de La Infancia, calle Decano Prendes Pando&nbsp;o la avenida de la Constituci\u00f3n se rodaron diversas escenas.<\/p>\n\n\n\n<figure class=\"wp-block-image size-full\"><img loading=\"lazy\" decoding=\"async\" width=\"1024\" height=\"683\" src=\"https:\/\/www.escapadarural.com\/blog\/wp-content\/uploads\/2023\/03\/capilla-de-san-amaro.webp\" alt=\"Capilla de San Amaro. Por Netflix\/Jaime Olmedo\n\" class=\"wp-image-196054\" srcset=\"https:\/\/www.escapadarural.com\/blog\/wp-content\/uploads\/2023\/03\/capilla-de-san-amaro-200x133.webp 200w, https:\/\/www.escapadarural.com\/blog\/wp-content\/uploads\/2023\/03\/capilla-de-san-amaro-300x200.webp 300w, https:\/\/www.escapadarural.com\/blog\/wp-content\/uploads\/2023\/03\/capilla-de-san-amaro-400x267.webp 400w, https:\/\/www.escapadarural.com\/blog\/wp-content\/uploads\/2023\/03\/capilla-de-san-amaro-600x400.webp 600w, https:\/\/www.escapadarural.com\/blog\/wp-content\/uploads\/2023\/03\/capilla-de-san-amaro-768x512.webp 768w, https:\/\/www.escapadarural.com\/blog\/wp-content\/uploads\/2023\/03\/capilla-de-san-amaro-800x534.webp 800w, https:\/\/www.escapadarural.com\/blog\/wp-content\/uploads\/2023\/03\/capilla-de-san-amaro.webp 1024w\" sizes=\"auto, (max-width: 1024px) 100vw, 1024px\" \/><figcaption class=\"wp-element-caption\">Capilla de San Amaro. Por Netflix\/Jaime Olmedo\n<\/figcaption><\/figure>\n\n\n\n<p>En la ficci\u00f3n, producida por Vaca Films, tambi\u00e9n se pueden ver algunos <strong>escenarios gallegos como el hospital San Rafael <\/strong>de<strong> <\/strong>A Coru\u00f1a o la ermita de <strong>San Amaro, situada en Seoane<\/strong>. Esta \u00faltima localizaci\u00f3n pertenece a la parroquia de Meav\u00eda en el concejo pontevedr\u00e9s de <a href=\"https:\/\/www.escapadarural.com\/casas-rurales\/forcarei\">Forcarei<\/a>.<\/p>\n\n\n\n<h2 class=\"wp-block-heading\" id=\"h-que-ver-en-los-alrededores-de-infiesto\">Qu\u00e9 ver en los alrededores de Infiesto<\/h2>\n\n\n\n<figure class=\"wp-block-image size-full\"><img loading=\"lazy\" decoding=\"async\" width=\"1024\" height=\"677\" src=\"https:\/\/www.escapadarural.com\/blog\/wp-content\/uploads\/2023\/03\/infiesto-asturias.webp\" alt=\"Virgen de la Cueva, Infiesto. Por IMAG3S\n\" class=\"wp-image-196057\" srcset=\"https:\/\/www.escapadarural.com\/blog\/wp-content\/uploads\/2023\/03\/infiesto-asturias-200x132.webp 200w, https:\/\/www.escapadarural.com\/blog\/wp-content\/uploads\/2023\/03\/infiesto-asturias-300x198.webp 300w, https:\/\/www.escapadarural.com\/blog\/wp-content\/uploads\/2023\/03\/infiesto-asturias-400x264.webp 400w, https:\/\/www.escapadarural.com\/blog\/wp-content\/uploads\/2023\/03\/infiesto-asturias-600x397.webp 600w, https:\/\/www.escapadarural.com\/blog\/wp-content\/uploads\/2023\/03\/infiesto-asturias-768x508.webp 768w, https:\/\/www.escapadarural.com\/blog\/wp-content\/uploads\/2023\/03\/infiesto-asturias-800x529.webp 800w, https:\/\/www.escapadarural.com\/blog\/wp-content\/uploads\/2023\/03\/infiesto-asturias.webp 1024w\" sizes=\"auto, (max-width: 1024px) 100vw, 1024px\" \/><figcaption class=\"wp-element-caption\">Virgen de la Cueva, Infiesto. Por IMAG3S\n<\/figcaption><\/figure>\n\n\n\n<p>El pueblo asturiano que da nombre a la pel\u00edcula es conocido por varias razones. Una de ellas es su cercan\u00eda al<strong> Santuario de la Virgen de la Cueva<\/strong>, que data del siglo XVI, lugar en el que se celebran ofrendas vinculadas a las fiestas m\u00e1s importantes del lugar. Una de ellas es la del Festival de la avellana, que tiene lugar el primer domingo de octubre o la misa rociera, que cada a\u00f1o se oficia all\u00ed con motivo de la Feria de Abril de Infiesto.&nbsp;<\/p>\n\n\n\n<p>Hay quien la canci\u00f3n infantil que invoca las precipitaciones \u2013 \u201cQue llueva, que llueva\/&nbsp; la virgen de la cueva \/Los pajaritos cantan, las nubes se levantan \/ Que s\u00ed, que no, \/que caiga un chaparr\u00f3n \/con az\u00facar y turr\u00f3n\u201d\u2013 se inspir\u00f3 en esta virgen. Pero hay otra teor\u00eda que sit\u00faa el origen de la canci\u00f3n en el Santuario de la Cueva Santa, ubicado <a href=\"https:\/\/www.escapadarural.com\/casas-rurales?l=altura\">Altura<\/a> (Castell\u00f3n) y parece m\u00e1s probable, aunque solo sea por el detalle del turr\u00f3n, m\u00e1s propio de esa zona que del norte del pa\u00eds. <\/p>\n\n\n\n<p>Por lo visto, en 1726 unos desesperados campesinos fueron a rezar a la virgen para que la sequ\u00eda tremenda que estaban sufriendo no acabase con sus cosechas. Su deseo fue concedido y de ah\u00ed la tonadilla.<\/p>\n\n\n<blockquote class=\"instagram-media\" data-instgrm-captioned=\"\" data-instgrm-permalink=\"https:\/\/www.instagram.com\/p\/CqJRnnxs51c\/?utm_source=ig_embed&amp;utm_campaign=loading\" data-instgrm-version=\"14\" style=\" background:#FFF; border:0; border-radius:3px; box-shadow:0 0 1px 0 rgba(0,0,0,0.5),0 1px 10px 0 rgba(0,0,0,0.15); margin: 1px; max-width:540px; min-width:326px; padding:0; width:99.375%; width:-webkit-calc(100% - 2px); width:calc(100% - 2px);\">\n<div style=\"padding:16px;\"> <a href=\"https:\/\/www.instagram.com\/p\/CqJRnnxs51c\/?utm_source=ig_embed&amp;utm_campaign=loading\" style=\" background:#FFFFFF; line-height:0; padding:0 0; text-align:center; text-decoration:none; width:100%;\" target=\"_blank\" rel=\"noopener\"> <\/p>\n<div style=\" display: flex; flex-direction: row; align-items: center;\">\n<div style=\"background-color: #F4F4F4; border-radius: 50%; flex-grow: 0; height: 40px; margin-right: 14px; width: 40px;\"><\/div>\n<div style=\"display: flex; flex-direction: column; flex-grow: 1; justify-content: center;\">\n<div style=\" background-color: #F4F4F4; border-radius: 4px; flex-grow: 0; height: 14px; margin-bottom: 6px; width: 100px;\"><\/div>\n<div style=\" background-color: #F4F4F4; border-radius: 4px; flex-grow: 0; height: 14px; width: 60px;\"><\/div>\n<\/div>\n<\/div>\n<div style=\"padding: 19% 0;\"><\/div>\n<div style=\"display:block; height:50px; margin:0 auto 12px; width:50px;\"><svg width=\"50px\" height=\"50px\" viewBox=\"0 0 60 60\" version=\"1.1\" xmlns=\"https:\/\/www.w3.org\/2000\/svg\" xmlns:xlink=\"https:\/\/www.w3.org\/1999\/xlink\"><g stroke=\"none\" stroke-width=\"1\" fill=\"none\" fill-rule=\"evenodd\"><g transform=\"translate(-511.000000, -20.000000)\" fill=\"#000000\"><g><path d=\"M556.869,30.41 C554.814,30.41 553.148,32.076 553.148,34.131 C553.148,36.186 554.814,37.852 556.869,37.852 C558.924,37.852 560.59,36.186 560.59,34.131 C560.59,32.076 558.924,30.41 556.869,30.41 M541,60.657 C535.114,60.657 530.342,55.887 530.342,50 C530.342,44.114 535.114,39.342 541,39.342 C546.887,39.342 551.658,44.114 551.658,50 C551.658,55.887 546.887,60.657 541,60.657 M541,33.886 C532.1,33.886 524.886,41.1 524.886,50 C524.886,58.899 532.1,66.113 541,66.113 C549.9,66.113 557.115,58.899 557.115,50 C557.115,41.1 549.9,33.886 541,33.886 M565.378,62.101 C565.244,65.022 564.756,66.606 564.346,67.663 C563.803,69.06 563.154,70.057 562.106,71.106 C561.058,72.155 560.06,72.803 558.662,73.347 C557.607,73.757 556.021,74.244 553.102,74.378 C549.944,74.521 548.997,74.552 541,74.552 C533.003,74.552 532.056,74.521 528.898,74.378 C525.979,74.244 524.393,73.757 523.338,73.347 C521.94,72.803 520.942,72.155 519.894,71.106 C518.846,70.057 518.197,69.06 517.654,67.663 C517.244,66.606 516.755,65.022 516.623,62.101 C516.479,58.943 516.448,57.996 516.448,50 C516.448,42.003 516.479,41.056 516.623,37.899 C516.755,34.978 517.244,33.391 517.654,32.338 C518.197,30.938 518.846,29.942 519.894,28.894 C520.942,27.846 521.94,27.196 523.338,26.654 C524.393,26.244 525.979,25.756 528.898,25.623 C532.057,25.479 533.004,25.448 541,25.448 C548.997,25.448 549.943,25.479 553.102,25.623 C556.021,25.756 557.607,26.244 558.662,26.654 C560.06,27.196 561.058,27.846 562.106,28.894 C563.154,29.942 563.803,30.938 564.346,32.338 C564.756,33.391 565.244,34.978 565.378,37.899 C565.522,41.056 565.552,42.003 565.552,50 C565.552,57.996 565.522,58.943 565.378,62.101 M570.82,37.631 C570.674,34.438 570.167,32.258 569.425,30.349 C568.659,28.377 567.633,26.702 565.965,25.035 C564.297,23.368 562.623,22.342 560.652,21.575 C558.743,20.834 556.562,20.326 553.369,20.18 C550.169,20.033 549.148,20 541,20 C532.853,20 531.831,20.033 528.631,20.18 C525.438,20.326 523.257,20.834 521.349,21.575 C519.376,22.342 517.703,23.368 516.035,25.035 C514.368,26.702 513.342,28.377 512.574,30.349 C511.834,32.258 511.326,34.438 511.181,37.631 C511.035,40.831 511,41.851 511,50 C511,58.147 511.035,59.17 511.181,62.369 C511.326,65.562 511.834,67.743 512.574,69.651 C513.342,71.625 514.368,73.296 516.035,74.965 C517.703,76.634 519.376,77.658 521.349,78.425 C523.257,79.167 525.438,79.673 528.631,79.82 C531.831,79.965 532.853,80.001 541,80.001 C549.148,80.001 550.169,79.965 553.369,79.82 C556.562,79.673 558.743,79.167 560.652,78.425 C562.623,77.658 564.297,76.634 565.965,74.965 C567.633,73.296 568.659,71.625 569.425,69.651 C570.167,67.743 570.674,65.562 570.82,62.369 C570.966,59.17 571,58.147 571,50 C571,41.851 570.966,40.831 570.82,37.631\"><\/path><\/g><\/g><\/g><\/svg><\/div>\n<div style=\"padding-top: 8px;\">\n<div style=\" color:#3897f0; font-family:Arial,sans-serif; font-size:14px; font-style:normal; font-weight:550; line-height:18px;\">Ver esta publicaci\u00f3n en Instagram<\/div>\n<\/div>\n<div style=\"padding: 12.5% 0;\"><\/div>\n<div style=\"display: flex; flex-direction: row; margin-bottom: 14px; align-items: center;\">\n<div>\n<div style=\"background-color: #F4F4F4; border-radius: 50%; height: 12.5px; width: 12.5px; transform: translateX(0px) translateY(7px);\"><\/div>\n<div style=\"background-color: #F4F4F4; height: 12.5px; transform: rotate(-45deg) translateX(3px) translateY(1px); width: 12.5px; flex-grow: 0; margin-right: 14px; margin-left: 2px;\"><\/div>\n<div style=\"background-color: #F4F4F4; border-radius: 50%; height: 12.5px; width: 12.5px; transform: translateX(9px) translateY(-18px);\"><\/div>\n<\/div>\n<div style=\"margin-left: 8px;\">\n<div style=\" background-color: #F4F4F4; border-radius: 50%; flex-grow: 0; height: 20px; width: 20px;\"><\/div>\n<div style=\" width: 0; height: 0; border-top: 2px solid transparent; border-left: 6px solid #f4f4f4; border-bottom: 2px solid transparent; transform: translateX(16px) translateY(-4px) rotate(30deg)\"><\/div>\n<\/div>\n<div style=\"margin-left: auto;\">\n<div style=\" width: 0px; border-top: 8px solid #F4F4F4; border-right: 8px solid transparent; transform: translateY(16px);\"><\/div>\n<div style=\" background-color: #F4F4F4; flex-grow: 0; height: 12px; width: 16px; transform: translateY(-4px);\"><\/div>\n<div style=\" width: 0; height: 0; border-top: 8px solid #F4F4F4; border-left: 8px solid transparent; transform: translateY(-4px) translateX(8px);\"><\/div>\n<\/div>\n<\/div>\n<div style=\"display: flex; flex-direction: column; flex-grow: 1; justify-content: center; margin-bottom: 24px;\">\n<div style=\" background-color: #F4F4F4; border-radius: 4px; flex-grow: 0; height: 14px; margin-bottom: 6px; width: 224px;\"><\/div>\n<div style=\" background-color: #F4F4F4; border-radius: 4px; flex-grow: 0; height: 14px; width: 144px;\"><\/div>\n<\/div>\n<p><\/a><\/p>\n<p style=\" color:#c9c8cd; font-family:Arial,sans-serif; font-size:14px; line-height:17px; margin-bottom:0; margin-top:8px; overflow:hidden; padding:8px 0 7px; text-align:center; text-overflow:ellipsis; white-space:nowrap;\"><a href=\"https:\/\/www.instagram.com\/p\/CqJRnnxs51c\/?utm_source=ig_embed&amp;utm_campaign=loading\" style=\" color:#c9c8cd; font-family:Arial,sans-serif; font-size:14px; font-style:normal; font-weight:normal; line-height:17px; text-decoration:none;\" target=\"_blank\" rel=\"noopener\">Una publicaci\u00f3n compartida de Palacio De Cutre (@palaciodecutre)<\/a><\/p>\n<\/div>\n<\/blockquote>\n<p> <script async=\"\" src=\"\/\/www.instagram.com\/embed.js\"><\/script><\/p>\n\n\n\n<p>En la zona pueden apreciarse obras de arquitectura aristocr\u00e1tica con varios palacios como el de Sorribas;&nbsp; el de Cutre, en La Goleta; o el de Rubianes, en Cereceda. Tambi\u00e9n es interesante el <strong>torre\u00f3n medieval de Lode\u00f1a y la torre del Omedal<\/strong>, que data del siglo XVI y est\u00e1 construida en <a href=\"https:\/\/www.escapadarural.com\/casa-rural\/asturias\/albergue-rural-casona-de-miyares-la-figar\">Miyares<\/a>. Adem\u00e1s, merece la pena <strong>visitar <\/strong><a href=\"https:\/\/www.escapadarural.com\/casas-rurales?l=espinaredo\"><strong>Espinaredo<\/strong><\/a> porque tambi\u00e9n es un punto de inter\u00e9s arquitect\u00f3nico, pero en un estilo pr\u00e1cticamente opuesto al palaciego: es <strong>el lugar con m\u00e1s h\u00f3rreos<\/strong> de la comunidad.<\/p>\n\n\n\n<p>Quienes disfruten de la naturaleza no pueden irse sin visitar el <strong>\u00e1rea recreativa de La Pesanca<\/strong>, perteneciente al pueblo de los h\u00f3rreos que se acaba de mencionar. Atravesada por<strong> <\/strong>el r\u00edo del Infierno, tiene una concentraci\u00f3n espectacular de <strong>avellanos, robles y casta\u00f1os<\/strong> entre los que se pueden encontrar mesas y bancos de madera en los que disfrutar de un picnic perfecto.&nbsp;<\/p>\n\n\n\n<figure class=\"wp-block-image size-full\"><img loading=\"lazy\" decoding=\"async\" width=\"1024\" height=\"683\" src=\"https:\/\/www.escapadarural.com\/blog\/wp-content\/uploads\/2023\/03\/rio-infierno-en-la-pesanca.webp\" alt=\"R\u00edo Infierno, La Pesanca. Por PLG\n\" class=\"wp-image-196060\" srcset=\"https:\/\/www.escapadarural.com\/blog\/wp-content\/uploads\/2023\/03\/rio-infierno-en-la-pesanca-200x133.webp 200w, https:\/\/www.escapadarural.com\/blog\/wp-content\/uploads\/2023\/03\/rio-infierno-en-la-pesanca-300x200.webp 300w, https:\/\/www.escapadarural.com\/blog\/wp-content\/uploads\/2023\/03\/rio-infierno-en-la-pesanca-400x267.webp 400w, https:\/\/www.escapadarural.com\/blog\/wp-content\/uploads\/2023\/03\/rio-infierno-en-la-pesanca-600x400.webp 600w, https:\/\/www.escapadarural.com\/blog\/wp-content\/uploads\/2023\/03\/rio-infierno-en-la-pesanca-768x512.webp 768w, https:\/\/www.escapadarural.com\/blog\/wp-content\/uploads\/2023\/03\/rio-infierno-en-la-pesanca-800x534.webp 800w, https:\/\/www.escapadarural.com\/blog\/wp-content\/uploads\/2023\/03\/rio-infierno-en-la-pesanca.webp 1024w\" sizes=\"auto, (max-width: 1024px) 100vw, 1024px\" \/><figcaption class=\"wp-element-caption\">R\u00edo Infierno, La Pesanca. Por PLG\n<\/figcaption><\/figure>\n\n\n\n<p>El senderismo es otra actividad adecuada para practicar en los alrededores de Infiesto. Hay varias rutas de dificultades variadas que se pueden recorrer. Muchas de ellas parten precisamente de <strong>La Pesanca <\/strong>y tienen diferentes grados de dificultad. Una sencilla es la que lleva a la <strong>Foz de Mo\u00f1acos<\/strong>, por ejemplo, y una que requiere mucha experiencia y resistencia f\u00edsica es la que sube hasta el Picu V\u00edzcares<strong>.<\/strong> <\/p>\n\n\n\n<figure class=\"wp-block-image size-full\"><img loading=\"lazy\" decoding=\"async\" width=\"1024\" height=\"683\" src=\"https:\/\/www.escapadarural.com\/blog\/wp-content\/uploads\/2023\/03\/Covadonga-6.webp\" alt=\"Mirador del Fitu. Por Marques\n\" class=\"wp-image-196055\" srcset=\"https:\/\/www.escapadarural.com\/blog\/wp-content\/uploads\/2023\/03\/Covadonga-6-200x133.webp 200w, https:\/\/www.escapadarural.com\/blog\/wp-content\/uploads\/2023\/03\/Covadonga-6-300x200.webp 300w, https:\/\/www.escapadarural.com\/blog\/wp-content\/uploads\/2023\/03\/Covadonga-6-400x267.webp 400w, https:\/\/www.escapadarural.com\/blog\/wp-content\/uploads\/2023\/03\/Covadonga-6-600x400.webp 600w, https:\/\/www.escapadarural.com\/blog\/wp-content\/uploads\/2023\/03\/Covadonga-6-768x512.webp 768w, https:\/\/www.escapadarural.com\/blog\/wp-content\/uploads\/2023\/03\/Covadonga-6-800x534.webp 800w, https:\/\/www.escapadarural.com\/blog\/wp-content\/uploads\/2023\/03\/Covadonga-6.webp 1024w\" sizes=\"auto, (max-width: 1024px) 100vw, 1024px\" \/><figcaption class=\"wp-element-caption\">Mirador del Fitu. Por Marques\n<\/figcaption><\/figure>\n\n\n\n<p>Hay otras que hacen recorridos diferentes, aunque tambi\u00e9n cercanos, como la que va desde Sardea hasta el Alto de La Llama recorriendo la <a href=\"https:\/\/www.escapadarural.com\/blog\/la-sierra-del-sueve-asi-es-el-paraiso-de-los-asturcones\/\">sierra del Sueve<\/a>, que requiere algo de experiencia; o la que lleva de la sierra de Ques hasta el pueblo de Bero\u00f1es, tambi\u00e9n de dificultad media.<\/p>\n\n\n\n<p>Lo mejor para poner punto y final a la visita a Infiesto ser\u00e1n unos culines de sidra, un plato de carne de caza y un bizcocho de avellana para terminar con un toque dulce. Infiesto puede ser un thriller, pero sobre todo es un lugar en el que disfrutar de lo mejor de Asturias.<\/p>\n\n\n\n<div class=\"wp-block-buttons is-layout-flex wp-block-buttons-is-layout-flex\">\n<div class=\"wp-block-button\"><a class=\"wp-block-button__link wp-element-button\" href=\"https:\/\/www.escapadarural.com\/casas-rurales\/infiesto\">Casas rurales en Infiesto<\/a><\/div>\n<\/div>\n","protected":false},"excerpt":{"rendered":"<p>Un viaje a Asturias y Galicia a trav\u00e9s de los escenarios de la pel\u00edcula Infiesto, uno de los estrenos de m\u00e1s \u00e9xito de Netflix. <\/p>\n","protected":false},"author":114,"featured_media":196056,"comment_status":"open","ping_status":"open","sticky":false,"template":"","format":"standard","meta":{"_acf_changed":false,"om_disable_all_campaigns":false,"footnotes":""},"categories":[231],"tags":[260,246,1463,4985,1466,1195,3906],"class_list":["post-58233","post","type-post","status-publish","format-standard","has-post-thumbnail","hentry","category-arte-y-cultura","tag-articulo","tag-que-ver-en-asturias","tag-escenarios","tag-infiesto","tag-localizaciones","tag-netflix","tag-pelicula"],"acf":[],"featured_image_src":"https:\/\/www.escapadarural.com\/blog\/wp-content\/uploads\/2023\/03\/infiesto-2.webp","author_info":{"display_name":"Carmen L\u00f3pez","author_link":"https:\/\/www.escapadarural.com\/blog\/autor\/carmenlopez\/"},"yoast_head":"<!-- This site is optimized with the Yoast SEO plugin v27.5 - https:\/\/yoast.com\/product\/yoast-seo-wordpress\/ -->\n<title>Infiesto, la pel\u00edcula que se rod\u00f3 entre Asturias y Galicia - EscapadaRural<\/title>\n<meta name=\"robots\" content=\"index, follow, max-snippet:-1, max-image-preview:large, max-video-preview:-1\" \/>\n<link rel=\"canonical\" href=\"https:\/\/www.escapadarural.com\/blog\/escenarios-de-infiesto-asturias-y-galicia\/\" \/>\n<meta property=\"og:locale\" content=\"es_ES\" \/>\n<meta property=\"og:type\" content=\"article\" \/>\n<meta property=\"og:title\" content=\"Infiesto, la pel\u00edcula que se rod\u00f3 entre Asturias y Galicia - EscapadaRural\" \/>\n<meta property=\"og:description\" content=\"Un viaje a Asturias y Galicia a trav\u00e9s de los escenarios de la pel\u00edcula Infiesto, uno de los estrenos de m\u00e1s \u00e9xito de Netflix.\" \/>\n<meta property=\"og:url\" content=\"https:\/\/www.escapadarural.com\/blog\/escenarios-de-infiesto-asturias-y-galicia\/\" \/>\n<meta property=\"og:site_name\" content=\"Magazine de viajes de EscapadaRural\" \/>\n<meta property=\"article:publisher\" content=\"https:\/\/www.facebook.com\/escapadarural\" \/>\n<meta property=\"article:published_time\" content=\"2023-03-30T06:00:00+00:00\" \/>\n<meta property=\"article:modified_time\" content=\"2025-03-11T14:57:07+00:00\" \/>\n<meta property=\"og:image\" content=\"https:\/\/app.escapadarural.com\/blog\/wp-content\/uploads\/2023\/03\/infiesto-2.webp\" \/>\n\t<meta property=\"og:image:width\" content=\"1024\" \/>\n\t<meta property=\"og:image:height\" content=\"576\" \/>\n\t<meta property=\"og:image:type\" content=\"image\/webp\" \/>\n<meta name=\"author\" content=\"Carmen L\u00f3pez\" \/>\n<meta name=\"twitter:card\" content=\"summary_large_image\" \/>\n<meta name=\"twitter:label1\" content=\"Escrito por\" \/>\n\t<meta name=\"twitter:data1\" content=\"Carmen L\u00f3pez\" \/>\n\t<meta name=\"twitter:label2\" content=\"Tiempo de lectura\" \/>\n\t<meta name=\"twitter:data2\" content=\"7 minutos\" \/>\n<script type=\"application\/ld+json\" class=\"yoast-schema-graph\">{\"@context\":\"https:\\\/\\\/schema.org\",\"@graph\":[{\"@type\":\"Article\",\"@id\":\"https:\\\/\\\/www.escapadarural.com\\\/blog\\\/escenarios-de-infiesto-asturias-y-galicia\\\/#article\",\"isPartOf\":{\"@id\":\"https:\\\/\\\/www.escapadarural.com\\\/blog\\\/escenarios-de-infiesto-asturias-y-galicia\\\/\"},\"author\":{\"name\":\"Carmen L\u00f3pez\",\"@id\":\"https:\\\/\\\/www.escapadarural.com\\\/blog\\\/#\\\/schema\\\/person\\\/42dfdff6118172efc6a04c8ae599a2ce\"},\"headline\":\"Infiesto, la pel\u00edcula que se rod\u00f3 entre Asturias y Galicia\",\"datePublished\":\"2023-03-30T06:00:00+00:00\",\"dateModified\":\"2025-03-11T14:57:07+00:00\",\"mainEntityOfPage\":{\"@id\":\"https:\\\/\\\/www.escapadarural.com\\\/blog\\\/escenarios-de-infiesto-asturias-y-galicia\\\/\"},\"wordCount\":1155,\"commentCount\":0,\"publisher\":{\"@id\":\"https:\\\/\\\/www.escapadarural.com\\\/blog\\\/#organization\"},\"image\":{\"@id\":\"https:\\\/\\\/www.escapadarural.com\\\/blog\\\/escenarios-de-infiesto-asturias-y-galicia\\\/#primaryimage\"},\"thumbnailUrl\":\"https:\\\/\\\/www.escapadarural.com\\\/blog\\\/wp-content\\\/uploads\\\/2023\\\/03\\\/infiesto-2.webp\",\"keywords\":[\"art\u00edculo\",\"Asturias\",\"escenarios\",\"infiesto\",\"localizaciones\",\"Netflix\",\"pelicula\"],\"articleSection\":[\"Arte y Cultura\"],\"inLanguage\":\"es\",\"potentialAction\":[{\"@type\":\"CommentAction\",\"name\":\"Comment\",\"target\":[\"https:\\\/\\\/www.escapadarural.com\\\/blog\\\/escenarios-de-infiesto-asturias-y-galicia\\\/#respond\"]}]},{\"@type\":\"WebPage\",\"@id\":\"https:\\\/\\\/www.escapadarural.com\\\/blog\\\/escenarios-de-infiesto-asturias-y-galicia\\\/\",\"url\":\"https:\\\/\\\/www.escapadarural.com\\\/blog\\\/escenarios-de-infiesto-asturias-y-galicia\\\/\",\"name\":\"Infiesto, la pel\u00edcula que se rod\u00f3 entre Asturias y Galicia - EscapadaRural\",\"isPartOf\":{\"@id\":\"https:\\\/\\\/www.escapadarural.com\\\/blog\\\/#website\"},\"primaryImageOfPage\":{\"@id\":\"https:\\\/\\\/www.escapadarural.com\\\/blog\\\/escenarios-de-infiesto-asturias-y-galicia\\\/#primaryimage\"},\"image\":{\"@id\":\"https:\\\/\\\/www.escapadarural.com\\\/blog\\\/escenarios-de-infiesto-asturias-y-galicia\\\/#primaryimage\"},\"thumbnailUrl\":\"https:\\\/\\\/www.escapadarural.com\\\/blog\\\/wp-content\\\/uploads\\\/2023\\\/03\\\/infiesto-2.webp\",\"datePublished\":\"2023-03-30T06:00:00+00:00\",\"dateModified\":\"2025-03-11T14:57:07+00:00\",\"breadcrumb\":{\"@id\":\"https:\\\/\\\/www.escapadarural.com\\\/blog\\\/escenarios-de-infiesto-asturias-y-galicia\\\/#breadcrumb\"},\"inLanguage\":\"es\",\"potentialAction\":[{\"@type\":\"ReadAction\",\"target\":[\"https:\\\/\\\/www.escapadarural.com\\\/blog\\\/escenarios-de-infiesto-asturias-y-galicia\\\/\"]}]},{\"@type\":\"ImageObject\",\"inLanguage\":\"es\",\"@id\":\"https:\\\/\\\/www.escapadarural.com\\\/blog\\\/escenarios-de-infiesto-asturias-y-galicia\\\/#primaryimage\",\"url\":\"https:\\\/\\\/www.escapadarural.com\\\/blog\\\/wp-content\\\/uploads\\\/2023\\\/03\\\/infiesto-2.webp\",\"contentUrl\":\"https:\\\/\\\/www.escapadarural.com\\\/blog\\\/wp-content\\\/uploads\\\/2023\\\/03\\\/infiesto-2.webp\",\"width\":1024,\"height\":576,\"caption\":\"Pozo Samu\u00f1o. Por Ecomuseo Minero Valle de Samu\u00f1o\"},{\"@type\":\"BreadcrumbList\",\"@id\":\"https:\\\/\\\/www.escapadarural.com\\\/blog\\\/escenarios-de-infiesto-asturias-y-galicia\\\/#breadcrumb\",\"itemListElement\":[{\"@type\":\"ListItem\",\"position\":1,\"name\":\"Inicio\",\"item\":\"https:\\\/\\\/www.escapadarural.com\\\/blog\\\/\"},{\"@type\":\"ListItem\",\"position\":2,\"name\":\"Arte y Cultura\",\"item\":\"https:\\\/\\\/www.escapadarural.com\\\/blog\\\/categoria\\\/arte-y-cultura\\\/\"},{\"@type\":\"ListItem\",\"position\":3,\"name\":\"Infiesto, la pel\u00edcula que se rod\u00f3 entre Asturias y Galicia\"}]},{\"@type\":\"WebSite\",\"@id\":\"https:\\\/\\\/www.escapadarural.com\\\/blog\\\/#website\",\"url\":\"https:\\\/\\\/www.escapadarural.com\\\/blog\\\/\",\"name\":\"Blog de viajes | turismo rural, alojamientos e inspiraci\u00f3n\",\"description\":\"Alojamientos rurales e inspiraci\u00f3n para tus escapadas\",\"publisher\":{\"@id\":\"https:\\\/\\\/www.escapadarural.com\\\/blog\\\/#organization\"},\"alternateName\":\"Magazine de viajes de EscapadaRural\",\"potentialAction\":[{\"@type\":\"SearchAction\",\"target\":{\"@type\":\"EntryPoint\",\"urlTemplate\":\"https:\\\/\\\/www.escapadarural.com\\\/blog\\\/?s={search_term_string}\"},\"query-input\":{\"@type\":\"PropertyValueSpecification\",\"valueRequired\":true,\"valueName\":\"search_term_string\"}}],\"inLanguage\":\"es\"},{\"@type\":\"Organization\",\"@id\":\"https:\\\/\\\/www.escapadarural.com\\\/blog\\\/#organization\",\"name\":\"EscapadaRural\",\"url\":\"https:\\\/\\\/www.escapadarural.com\\\/blog\\\/\",\"logo\":{\"@type\":\"ImageObject\",\"inLanguage\":\"es\",\"@id\":\"https:\\\/\\\/www.escapadarural.com\\\/blog\\\/#\\\/schema\\\/logo\\\/image\\\/\",\"url\":\"https:\\\/\\\/www.escapadarural.com\\\/blog\\\/wp-content\\\/uploads\\\/2024\\\/10\\\/cropped-cropped-escapada-rural-icon-mag-3.png\",\"contentUrl\":\"https:\\\/\\\/www.escapadarural.com\\\/blog\\\/wp-content\\\/uploads\\\/2024\\\/10\\\/cropped-cropped-escapada-rural-icon-mag-3.png\",\"width\":512,\"height\":512,\"caption\":\"EscapadaRural\"},\"image\":{\"@id\":\"https:\\\/\\\/www.escapadarural.com\\\/blog\\\/#\\\/schema\\\/logo\\\/image\\\/\"},\"sameAs\":[\"https:\\\/\\\/www.facebook.com\\\/escapadarural\",\"https:\\\/\\\/www.instagram.com\\\/escapadarural\\\/\",\"https:\\\/\\\/www.youtube.com\\\/@escapadaruralcom\"]},{\"@type\":\"Person\",\"@id\":\"https:\\\/\\\/www.escapadarural.com\\\/blog\\\/#\\\/schema\\\/person\\\/42dfdff6118172efc6a04c8ae599a2ce\",\"name\":\"Carmen L\u00f3pez\",\"image\":{\"@type\":\"ImageObject\",\"inLanguage\":\"es\",\"@id\":\"https:\\\/\\\/www.escapadarural.com\\\/blog\\\/wp-content\\\/uploads\\\/2024\\\/11\\\/cropped-perfil_eldiario-96x96-1-96x96.jpeg\",\"url\":\"https:\\\/\\\/www.escapadarural.com\\\/blog\\\/wp-content\\\/uploads\\\/2024\\\/11\\\/cropped-perfil_eldiario-96x96-1-96x96.jpeg\",\"contentUrl\":\"https:\\\/\\\/www.escapadarural.com\\\/blog\\\/wp-content\\\/uploads\\\/2024\\\/11\\\/cropped-perfil_eldiario-96x96-1-96x96.jpeg\",\"caption\":\"Carmen L\u00f3pez\"},\"description\":\"Soy periodista y escribo sobre cosas que importan en sitios que interesan desde hace m\u00e1s de una d\u00e9cada.\",\"url\":\"https:\\\/\\\/www.escapadarural.com\\\/blog\\\/autor\\\/carmenlopez\\\/\"}]}<\/script>\n<!-- \/ Yoast SEO plugin. -->","yoast_head_json":{"title":"Infiesto, la pel\u00edcula que se rod\u00f3 entre Asturias y Galicia - EscapadaRural","robots":{"index":"index","follow":"follow","max-snippet":"max-snippet:-1","max-image-preview":"max-image-preview:large","max-video-preview":"max-video-preview:-1"},"canonical":"https:\/\/www.escapadarural.com\/blog\/escenarios-de-infiesto-asturias-y-galicia\/","og_locale":"es_ES","og_type":"article","og_title":"Infiesto, la pel\u00edcula que se rod\u00f3 entre Asturias y Galicia - EscapadaRural","og_description":"Un viaje a Asturias y Galicia a trav\u00e9s de los escenarios de la pel\u00edcula Infiesto, uno de los estrenos de m\u00e1s \u00e9xito de Netflix.","og_url":"https:\/\/www.escapadarural.com\/blog\/escenarios-de-infiesto-asturias-y-galicia\/","og_site_name":"Magazine de viajes de EscapadaRural","article_publisher":"https:\/\/www.facebook.com\/escapadarural","article_published_time":"2023-03-30T06:00:00+00:00","article_modified_time":"2025-03-11T14:57:07+00:00","og_image":[{"width":1024,"height":576,"url":"https:\/\/app.escapadarural.com\/blog\/wp-content\/uploads\/2023\/03\/infiesto-2.webp","type":"image\/webp"}],"author":"Carmen L\u00f3pez","twitter_card":"summary_large_image","twitter_misc":{"Escrito por":"Carmen L\u00f3pez","Tiempo de lectura":"7 minutos"},"schema":{"@context":"https:\/\/schema.org","@graph":[{"@type":"Article","@id":"https:\/\/www.escapadarural.com\/blog\/escenarios-de-infiesto-asturias-y-galicia\/#article","isPartOf":{"@id":"https:\/\/www.escapadarural.com\/blog\/escenarios-de-infiesto-asturias-y-galicia\/"},"author":{"name":"Carmen L\u00f3pez","@id":"https:\/\/www.escapadarural.com\/blog\/#\/schema\/person\/42dfdff6118172efc6a04c8ae599a2ce"},"headline":"Infiesto, la pel\u00edcula que se rod\u00f3 entre Asturias y Galicia","datePublished":"2023-03-30T06:00:00+00:00","dateModified":"2025-03-11T14:57:07+00:00","mainEntityOfPage":{"@id":"https:\/\/www.escapadarural.com\/blog\/escenarios-de-infiesto-asturias-y-galicia\/"},"wordCount":1155,"commentCount":0,"publisher":{"@id":"https:\/\/www.escapadarural.com\/blog\/#organization"},"image":{"@id":"https:\/\/www.escapadarural.com\/blog\/escenarios-de-infiesto-asturias-y-galicia\/#primaryimage"},"thumbnailUrl":"https:\/\/www.escapadarural.com\/blog\/wp-content\/uploads\/2023\/03\/infiesto-2.webp","keywords":["art\u00edculo","Asturias","escenarios","infiesto","localizaciones","Netflix","pelicula"],"articleSection":["Arte y Cultura"],"inLanguage":"es","potentialAction":[{"@type":"CommentAction","name":"Comment","target":["https:\/\/www.escapadarural.com\/blog\/escenarios-de-infiesto-asturias-y-galicia\/#respond"]}]},{"@type":"WebPage","@id":"https:\/\/www.escapadarural.com\/blog\/escenarios-de-infiesto-asturias-y-galicia\/","url":"https:\/\/www.escapadarural.com\/blog\/escenarios-de-infiesto-asturias-y-galicia\/","name":"Infiesto, la pel\u00edcula que se rod\u00f3 entre Asturias y Galicia - EscapadaRural","isPartOf":{"@id":"https:\/\/www.escapadarural.com\/blog\/#website"},"primaryImageOfPage":{"@id":"https:\/\/www.escapadarural.com\/blog\/escenarios-de-infiesto-asturias-y-galicia\/#primaryimage"},"image":{"@id":"https:\/\/www.escapadarural.com\/blog\/escenarios-de-infiesto-asturias-y-galicia\/#primaryimage"},"thumbnailUrl":"https:\/\/www.escapadarural.com\/blog\/wp-content\/uploads\/2023\/03\/infiesto-2.webp","datePublished":"2023-03-30T06:00:00+00:00","dateModified":"2025-03-11T14:57:07+00:00","breadcrumb":{"@id":"https:\/\/www.escapadarural.com\/blog\/escenarios-de-infiesto-asturias-y-galicia\/#breadcrumb"},"inLanguage":"es","potentialAction":[{"@type":"ReadAction","target":["https:\/\/www.escapadarural.com\/blog\/escenarios-de-infiesto-asturias-y-galicia\/"]}]},{"@type":"ImageObject","inLanguage":"es","@id":"https:\/\/www.escapadarural.com\/blog\/escenarios-de-infiesto-asturias-y-galicia\/#primaryimage","url":"https:\/\/www.escapadarural.com\/blog\/wp-content\/uploads\/2023\/03\/infiesto-2.webp","contentUrl":"https:\/\/www.escapadarural.com\/blog\/wp-content\/uploads\/2023\/03\/infiesto-2.webp","width":1024,"height":576,"caption":"Pozo Samu\u00f1o. Por Ecomuseo Minero Valle de Samu\u00f1o"},{"@type":"BreadcrumbList","@id":"https:\/\/www.escapadarural.com\/blog\/escenarios-de-infiesto-asturias-y-galicia\/#breadcrumb","itemListElement":[{"@type":"ListItem","position":1,"name":"Inicio","item":"https:\/\/www.escapadarural.com\/blog\/"},{"@type":"ListItem","position":2,"name":"Arte y Cultura","item":"https:\/\/www.escapadarural.com\/blog\/categoria\/arte-y-cultura\/"},{"@type":"ListItem","position":3,"name":"Infiesto, la pel\u00edcula que se rod\u00f3 entre Asturias y Galicia"}]},{"@type":"WebSite","@id":"https:\/\/www.escapadarural.com\/blog\/#website","url":"https:\/\/www.escapadarural.com\/blog\/","name":"Blog de viajes | turismo rural, alojamientos e inspiraci\u00f3n","description":"Alojamientos rurales e inspiraci\u00f3n para tus escapadas","publisher":{"@id":"https:\/\/www.escapadarural.com\/blog\/#organization"},"alternateName":"Magazine de viajes de EscapadaRural","potentialAction":[{"@type":"SearchAction","target":{"@type":"EntryPoint","urlTemplate":"https:\/\/www.escapadarural.com\/blog\/?s={search_term_string}"},"query-input":{"@type":"PropertyValueSpecification","valueRequired":true,"valueName":"search_term_string"}}],"inLanguage":"es"},{"@type":"Organization","@id":"https:\/\/www.escapadarural.com\/blog\/#organization","name":"EscapadaRural","url":"https:\/\/www.escapadarural.com\/blog\/","logo":{"@type":"ImageObject","inLanguage":"es","@id":"https:\/\/www.escapadarural.com\/blog\/#\/schema\/logo\/image\/","url":"https:\/\/www.escapadarural.com\/blog\/wp-content\/uploads\/2024\/10\/cropped-cropped-escapada-rural-icon-mag-3.png","contentUrl":"https:\/\/www.escapadarural.com\/blog\/wp-content\/uploads\/2024\/10\/cropped-cropped-escapada-rural-icon-mag-3.png","width":512,"height":512,"caption":"EscapadaRural"},"image":{"@id":"https:\/\/www.escapadarural.com\/blog\/#\/schema\/logo\/image\/"},"sameAs":["https:\/\/www.facebook.com\/escapadarural","https:\/\/www.instagram.com\/escapadarural\/","https:\/\/www.youtube.com\/@escapadaruralcom"]},{"@type":"Person","@id":"https:\/\/www.escapadarural.com\/blog\/#\/schema\/person\/42dfdff6118172efc6a04c8ae599a2ce","name":"Carmen L\u00f3pez","image":{"@type":"ImageObject","inLanguage":"es","@id":"https:\/\/www.escapadarural.com\/blog\/wp-content\/uploads\/2024\/11\/cropped-perfil_eldiario-96x96-1-96x96.jpeg","url":"https:\/\/www.escapadarural.com\/blog\/wp-content\/uploads\/2024\/11\/cropped-perfil_eldiario-96x96-1-96x96.jpeg","contentUrl":"https:\/\/www.escapadarural.com\/blog\/wp-content\/uploads\/2024\/11\/cropped-perfil_eldiario-96x96-1-96x96.jpeg","caption":"Carmen L\u00f3pez"},"description":"Soy periodista y escribo sobre cosas que importan en sitios que interesan desde hace m\u00e1s de una d\u00e9cada.","url":"https:\/\/www.escapadarural.com\/blog\/autor\/carmenlopez\/"}]}},"_links":{"self":[{"href":"https:\/\/www.escapadarural.com\/blog\/wp-json\/wp\/v2\/posts\/58233","targetHints":{"allow":["GET"]}}],"collection":[{"href":"https:\/\/www.escapadarural.com\/blog\/wp-json\/wp\/v2\/posts"}],"about":[{"href":"https:\/\/www.escapadarural.com\/blog\/wp-json\/wp\/v2\/types\/post"}],"author":[{"embeddable":true,"href":"https:\/\/www.escapadarural.com\/blog\/wp-json\/wp\/v2\/users\/114"}],"replies":[{"embeddable":true,"href":"https:\/\/www.escapadarural.com\/blog\/wp-json\/wp\/v2\/comments?post=58233"}],"version-history":[{"count":0,"href":"https:\/\/www.escapadarural.com\/blog\/wp-json\/wp\/v2\/posts\/58233\/revisions"}],"wp:featuredmedia":[{"embeddable":true,"href":"https:\/\/www.escapadarural.com\/blog\/wp-json\/wp\/v2\/media\/196056"}],"wp:attachment":[{"href":"https:\/\/www.escapadarural.com\/blog\/wp-json\/wp\/v2\/media?parent=58233"}],"wp:term":[{"taxonomy":"category","embeddable":true,"href":"https:\/\/www.escapadarural.com\/blog\/wp-json\/wp\/v2\/categories?post=58233"},{"taxonomy":"post_tag","embeddable":true,"href":"https:\/\/www.escapadarural.com\/blog\/wp-json\/wp\/v2\/tags?post=58233"}],"curies":[{"name":"wp","href":"https:\/\/api.w.org\/{rel}","templated":true}]}}