{"id":58295,"date":"2023-10-06T11:18:18","date_gmt":"2023-10-06T10:18:18","guid":{"rendered":"https:\/\/www.escapadarural.com\/blog\/?p=58295"},"modified":"2025-06-06T13:48:02","modified_gmt":"2025-06-06T11:48:02","slug":"cervera-del-maestre-pueblo-multicultural","status":"publish","type":"post","link":"https:\/\/www.escapadarural.com\/blog\/cervera-del-maestre-pueblo-multicultural\/","title":{"rendered":"Cervera del Maestre, el pueblo multicultural que cada a\u00f1o tiene m\u00e1s vecinos"},"content":{"rendered":"\n<figure class=\"wp-block-image size-large\"><a href=\"https:\/\/www.escapadarural.com\/blog\/wp-content\/uploads\/Ayuntamiento_Cervera_del_Maestre-Castillo-Fortaleza_03.jpg\"><img decoding=\"async\" src=\"https:\/\/www.escapadarural.com\/blog\/wp-content\/uploads\/2024\/10\/Ayuntamiento_Cervera_del_Maestre-Castillo-Fortaleza_03-1024x683-1.jpg\" alt=\"Cervera del Maestre\" class=\"wp-image-66919\"\/><\/a><figcaption class=\"wp-element-caption\">Cervera del Maestre. Por Ajuntament de Cervera del Maestre<\/figcaption><\/figure>\n\n\n\n<p>Cervera del Maestre es un peque\u00f1o pueblo del interior de <a href=\"\/casas-rurales\/castellon\">Castell\u00f3n<\/a>. Est\u00e1 en la comarca del Baix Maestrat, no muy lejos de la costa, en la zona donde <strong>se concentran m\u00e1s olivos milenarios del mundo<\/strong>. Sin ser un lugar especialmente tur\u00edstico -al menos, no tanto como otros municipios cercanos y masificados como Pe\u00f1\u00edscola-, llama la atenci\u00f3n que sus cifras de empadronamiento siguen una evoluci\u00f3n positiva desde hace pocos a\u00f1os. Una tendencia que choca con la habitual en las zonas rurales, tan afectadas por el despoblamiento paulatino. Nos adentramos en este <a href=\"https:\/\/www.escapadarural.com\/blog\/pueblos-bonitos-de-a-coruna\/\" title=\"Los pueblos m\u00e1s bonitos de A Coru\u00f1a en 10 fotos\"  data-wpil-monitor-id=\"1123\">bonito pueblo<\/a> que se erige como paradigma en la lucha contra la \u201cEspa\u00f1a vaciada\u201d.<\/p>\n\n\n\n<p>Seg\u00fan datos del Instituto Nacional de Estad\u00edstica, en 1996 hab\u00eda 746 habitantes; con el paso de los a\u00f1os, la cifra no dejaba de caer, hasta llegar a su m\u00ednimo el a\u00f1o 2020, con una poblaci\u00f3n de 557 personas. Entonces, todo empez\u00f3 a cambiar. En 2021, hab\u00eda 20 vecinos m\u00e1s; en 2022, llegaron a ser 593. Llama la atenci\u00f3n un dato: en una poblaci\u00f3n tan peque\u00f1a, unos 250 habitantes (alrededor del 30% del total) son extranjeros de una veintena de nacionalidades: son de Alemania, Suiza, Colombia, Cuba, Estados Unidos, Francia, Irlanda, Italia o Jap\u00f3n. Como vemos, un pueblo de lo m\u00e1s multicultural. \u00bfPor qu\u00e9 han elegido Cervera del Maestrat como destino vital?<\/p>\n\n\n\n<h2 class=\"wp-block-heading\" id=\"h-de-jubilados-en-busca-de-sol-a-jovenes-que-inician-un-nuevo-proyecto-vital\"><strong>De jubilados en busca de sol a j\u00f3venes que inician un nuevo proyecto vital<\/strong><\/h2>\n\n\n\n<figure class=\"wp-block-image size-large\"><a href=\"https:\/\/www.escapadarural.com\/blog\/wp-content\/uploads\/cervera-del-maestre-scaled.jpg\"><img decoding=\"async\" src=\"https:\/\/www.escapadarural.com\/blog\/wp-content\/uploads\/2024\/10\/cervera-del-maestre-1024x683-1.jpg\" alt=\"Cervera del Maestre\" class=\"wp-image-66918\"\/><\/a><figcaption class=\"wp-element-caption\">Cervera del Maestre. Por Julien<\/figcaption><\/figure>\n\n\n\n<p>Dani Cervera, t\u00e9cnico del Ayuntamiento, explica que la <strong>llegada de personas extranjeras al pueblo<\/strong> comenz\u00f3 a finales de los a\u00f1os 80. Muchos aterrizaron primero en el tur\u00edstico <a href=\"\/casas-rurales\/peniscola\">Pe\u00f1\u00edscola<\/a> y, buscando una zona m\u00e1s tranquila, y a la vez, cercana al mar, acabaron en Cervera del Maestre porque \u201cse enamoraban del pueblo y de su entorno\u201d. Al principio, casi todos ten\u00edan el t\u00edpico perfil de jubilado que buscaba una segunda residencia en un lugar con buen clima y precios m\u00e1s baratos para disfrutar m\u00e1s de sus pensiones (y s\u00ed, est\u00e1 <a href=\"https:\/\/www.escapadarural.com\/blog\/casas-rurales-cerca-playa-galicia\/\" title=\"Casas rurales cerca de la playa en Galicia\"  data-wpil-monitor-id=\"1124\">cerca de la playa<\/a>: a unos 20 minutos en coche).<\/p>\n\n\n\n<p>En la actualidad, sin embargo, esto ha cambiado. Muchos ya son j\u00f3venes que llegan para trabajar, con ni\u00f1os peque\u00f1os, y con la voluntad de iniciar un proyecto vital de larga duraci\u00f3n. Gracias a ellos, el consistorio ha podido contratar a m\u00e1s profesores en la escuela y aumentar la plantilla m\u00e9dica del consultorio. <\/p>\n\n\n\n<p>El secreto para atraerlos, seg\u00fan revela Cervera, es trabajar en pol\u00edticas de integraci\u00f3n para extranjeros como las que se han llevado a cabo desde el Ayuntamiento: <strong>se promueven jornadas de acogida a nuevos habitantes<\/strong> con explicaciones de los espacios y servicios del pueblo, se fomenta la participaci\u00f3n en la vida social y se imparten de manera gratuita clases de castellano y valenciano, entre otras medidas.<\/p>\n\n\n\n<h2 class=\"wp-block-heading\" id=\"h-una-calida-acogida-y-ganas-de-involucrarse-en-la-vida-del-pueblo-de-los-extranjeros\"><strong>Una c\u00e1lida acogida y ganas de involucrarse en la vida del pueblo de los extranjeros<\/strong><\/h2>\n\n\n\n<figure class=\"wp-block-image size-large\"><a href=\"https:\/\/www.escapadarural.com\/blog\/wp-content\/uploads\/Ayuntamiento_Cervera_del_Maestre-Castillo-Fortaleza_05.jpg\"><img decoding=\"async\" src=\"https:\/\/www.escapadarural.com\/blog\/wp-content\/uploads\/2024\/10\/Ayuntamiento_Cervera_del_Maestre-Castillo-Fortaleza_05-1024x683-1.jpg\" alt=\"Cervera del Maestre\" class=\"wp-image-66920\"\/><\/a><figcaption class=\"wp-element-caption\">Cervera del Maestre. Por Ajuntament de Cervera del Maestre<\/figcaption><\/figure>\n\n\n\n<p>En uno de esos encuentros surgi\u00f3 la idea de crear la <strong>asociaci\u00f3n El Mundo Unido<\/strong>, cuya presidenta es la hispano-suiza Maria Isabel, que se expresa en un castellano muy fluido. Hija de madre de Barcelona y de padre de Suiza, conoce la zona desde hace d\u00e9cadas porque ten\u00edan una casa familiar en Pe\u00f1\u00edscola. La acabaron vendiendo, pero tanto ella como su madre quer\u00edan seguir viviendo en Espa\u00f1a; as\u00ed decidieron comprar una casa en el pueblo de Cervera del Maestre, donde lleg\u00f3 en 2018. \u201cEl trabajo en Suiza estaba muy mal\u201d, recuerda, y ante un conflicto laboral en el que se vio inmersa, dice que no soport\u00f3 la situaci\u00f3n porque era \u201cinvivible\u201d y decidi\u00f3 mudarse al interior de Castell\u00f3n.<\/p>\n\n\n\n<p>No conoc\u00eda a nadie, pero le atra\u00eda \u201cel castillo, el mar, las monta\u00f1as, la tranquilidad, poder salir de casa y pasear por el campo, ver el sol. Me enamor\u00e9. La calidad de vida que hay aqu\u00ed no la encontraba en Suiza\u201d, afirma. Tiene 62 a\u00f1os y, aunque disfruta de una jubilaci\u00f3n anticipada en el pa\u00eds helv\u00e9tico, sigue haciendo faenas como arque\u00f3loga aut\u00f3noma porque asegura que todav\u00eda tiene mucho que aportar. Colabora, por ejemplo, haciendo talleres en el Museo de la Valltorta, en el cercano pueblo de T\u00edrig, dedicado a la conservaci\u00f3n, estudio y divulgaci\u00f3n del <strong>arte rupestre valenciano<\/strong>.<\/p>\n\n\n\n<figure class=\"wp-block-image size-large\"><a href=\"https:\/\/www.escapadarural.com\/blog\/wp-content\/uploads\/Ayuntamiento_Cervera_del_Maestre-Iglesia-Parroquial-de-la-Asuncion_03.jpg\"><img decoding=\"async\" src=\"https:\/\/www.escapadarural.com\/blog\/wp-content\/uploads\/2024\/10\/Ayuntamiento_Cervera_del_Maestre-Iglesia-Parroquial-de-la-Asuncion_03-1024x683-1.jpg\" alt=\"Iglesia parroquial de la Asunci\u00f3n\" class=\"wp-image-66990\"\/><\/a><figcaption class=\"wp-element-caption\">Iglesia parroquial de la Asunci\u00f3n. Por Ajuntament de Cervera de Maestre<\/figcaption><\/figure>\n\n\n\n<p>Maria Isabel lleg\u00f3 sola, pero hoy ya conoce \u201ca un mont\u00f3n de gente\u201d. Valora que los nativos de Cervera del Maestrat \u201cson muy amables y acogedores y eso hace mucho cuando vienes de fuera. Cuando te ven, te hacen muchas preguntas: \u00bfDe d\u00f3nde vienes? \u00bfTienes casa aqu\u00ed? Como es un pueblo tan peque\u00f1o, enseguida sabemos qui\u00e9n viene de fuera\u201d, observa. A la buena acogida de los habitantes y a las iniciativas del Ayuntamiento, se le suman las ganas de contribuir a la vida del pueblo de la mayor\u00eda de los extranjeros. Y es que los miembros de la asociaci\u00f3n El Mundo Unido participan mucho en las costumbres y en las fiestas, como asegura la hispano-suiza.<\/p>\n\n\n\n<h2 class=\"wp-block-heading\" id=\"h-una-visita-imprescindible-los-olivos-milenarios-de-cervera-del-maestre\"><strong>Una visita imprescindible: los olivos milenarios<\/strong> de Cervera del Maestre<\/h2>\n\n\n\n<figure class=\"wp-block-image size-large\"><a href=\"https:\/\/www.escapadarural.com\/blog\/wp-content\/uploads\/Ayuntamiento_Cervera_del_Maestre-Casco-Antiguo_04.jpg\"><img decoding=\"async\" src=\"https:\/\/www.escapadarural.com\/blog\/wp-content\/uploads\/2024\/10\/Ayuntamiento_Cervera_del_Maestre-Casco-Antiguo_04-1024x683-1.jpg\" alt=\"Cervera del Maestre\" class=\"wp-image-66921\"\/><\/a><figcaption class=\"wp-element-caption\">Cervera del Maestre. Por Ajuntament de Cervera del Maestre<\/figcaption><\/figure>\n\n\n\n<p>La fisonom\u00eda de Cervera del Maestre ya es un atractivo y un aliciente para visitarlo, donde no faltan sus calles estrechas y empedradas, su castillo en alto y un entorno agr\u00edcola en el que predominan los olivos; muchos de ellos son milenarios, en la <strong>comarca que m\u00e1s ejemplares ostenta<\/strong> de todo el mundo.<\/p>\n\n\n\n<p>Hablamos del llamado Territorio S\u00e9nia, una alianza entre municipios de tres comunidades aut\u00f3nomas -Arag\u00f3n, Catalu\u00f1a y Comunidad Valenciana- que tiene inventariados hasta 6.358 de estos \u00e1rboles monumentales. Nos propone diferentes planes como <a href=\"https:\/\/www.escapadarural.com\/blog\/categoria\/rutas-y-excursiones\/\" title=\"Rutas y excursiones\"  data-wpil-monitor-id=\"1125\">rutas a pie o viajes<\/a> gastron\u00f3micos para acercarnos a un tesoro agr\u00edcola de este y otros pueblos de los alrededores, como Santa B\u00e0rbara, Alcanar, Godall, Canet lo Roig, Traiguera, Sant Jordi, La Jana, Benicarl\u00f3 o Ulldecona.<\/p>\n\n\n\n<figure class=\"wp-block-image size-large\"><a href=\"https:\/\/www.escapadarural.com\/blog\/wp-content\/uploads\/Ayuntamiento_Cervera_del_Maestre-Moli_de_oli_03.jpg\"><img decoding=\"async\" src=\"https:\/\/www.escapadarural.com\/blog\/wp-content\/uploads\/2024\/10\/Ayuntamiento_Cervera_del_Maestre-Moli_de_oli_03-1024x575-1.jpg\" alt=\"Moli de Oli\" class=\"wp-image-66987\"\/><\/a><figcaption class=\"wp-element-caption\">Moli de Oli. Por Ajuntament de Cervera del Maestre<\/figcaption><\/figure>\n\n\n\n<p>En Cervera del Maestre podemos encontrar el <strong>Centro de Interpretaci\u00f3n Molino de Aceite<\/strong>, que est\u00e1 declarado Bien de Inter\u00e9s Cultural (BIC) y que es todo un templo dedicado al aceite. No olvidemos que para que sigan tan bien cuidados y conservados estos paisajes agr\u00edcolas, es fundamental el trabajo de los agricultores que los miman, as\u00ed que no dej\u00e9is de llevaros a casa un recuerdo de lo m\u00e1s sano y sabroso como es el aceite de esta zona, con el que adem\u00e1s contribuir\u00e9is a su desarrollo rural.<\/p>\n\n\n\n<div class=\"wp-block-buttons is-layout-flex wp-block-buttons-is-layout-flex\">\n<div class=\"wp-block-button\"><a class=\"wp-block-button__link wp-element-button\" href=\"\/casas-rurales\/castellon\">Casas rurales en Castell\u00f3n<\/a><\/div>\n<\/div>\n","protected":false},"excerpt":{"rendered":"<p>Ubicado en la provincia de Castell\u00f3n, Cervera del Maestre es el ejemplo de la lucha contra la despoblaci\u00f3n. Su buena acogida a los nuevos habitantes ha hecho que en los \u00faltimos a\u00f1os su poblaci\u00f3n haya aumentado y que sea multicultural. <\/p>\n","protected":false},"author":123,"featured_media":95757,"comment_status":"open","ping_status":"open","sticky":false,"template":"","format":"standard","meta":{"_acf_changed":false,"om_disable_all_campaigns":false,"footnotes":""},"categories":[231],"tags":[260,496,5369,469,2487],"class_list":["post-58295","post","type-post","status-publish","format-standard","has-post-thumbnail","hentry","category-arte-y-cultura","tag-articulo","tag-que-ver-en-castellon","tag-cervera-del-maestre","tag-que-ver-en-la-comunidad-valenciana","tag-espana-vacia"],"acf":[],"featured_image_src":"https:\/\/www.escapadarural.com\/blog\/wp-content\/uploads\/2024\/10\/Ayuntamiento_Cervera_del_Maestre-Castillo-Fortaleza_03-1024x683-1.jpg","author_info":{"display_name":"Raquel Andr\u00e9s","author_link":"https:\/\/www.escapadarural.com\/blog\/autor\/raquel\/"},"yoast_head":"<!-- This site is optimized with the Yoast SEO plugin v27.5 - https:\/\/yoast.com\/product\/yoast-seo-wordpress\/ -->\n<title>Cervera del Maestre, el pueblo multicultural que cada a\u00f1o tiene m\u00e1s vecinos - EscapadaRural<\/title>\n<meta name=\"robots\" content=\"index, follow, max-snippet:-1, max-image-preview:large, max-video-preview:-1\" \/>\n<link rel=\"canonical\" href=\"https:\/\/www.escapadarural.com\/blog\/cervera-del-maestre-pueblo-multicultural\/\" \/>\n<meta property=\"og:locale\" content=\"es_ES\" \/>\n<meta property=\"og:type\" content=\"article\" \/>\n<meta property=\"og:title\" content=\"Cervera del Maestre, el pueblo multicultural que cada a\u00f1o tiene m\u00e1s vecinos - EscapadaRural\" \/>\n<meta property=\"og:description\" content=\"Ubicado en la provincia de Castell\u00f3n, Cervera del Maestre es el ejemplo de la lucha contra la despoblaci\u00f3n. Su buena acogida a los nuevos habitantes ha hecho que en los \u00faltimos a\u00f1os su poblaci\u00f3n haya aumentado y que sea multicultural.\" \/>\n<meta property=\"og:url\" content=\"https:\/\/www.escapadarural.com\/blog\/cervera-del-maestre-pueblo-multicultural\/\" \/>\n<meta property=\"og:site_name\" content=\"Magazine de viajes de EscapadaRural\" \/>\n<meta property=\"article:publisher\" content=\"https:\/\/www.facebook.com\/escapadarural\" \/>\n<meta property=\"article:published_time\" content=\"2023-10-06T10:18:18+00:00\" \/>\n<meta property=\"article:modified_time\" content=\"2025-06-06T11:48:02+00:00\" \/>\n<meta property=\"og:image\" content=\"https:\/\/www.escapadarural.com\/blog\/wp-content\/uploads\/2024\/10\/Ayuntamiento_Cervera_del_Maestre-Castillo-Fortaleza_03-1024x683-1.jpg\" \/>\n\t<meta property=\"og:image:width\" content=\"1024\" \/>\n\t<meta property=\"og:image:height\" content=\"683\" \/>\n\t<meta property=\"og:image:type\" content=\"image\/jpeg\" \/>\n<meta name=\"author\" content=\"Raquel Andr\u00e9s\" \/>\n<meta name=\"twitter:card\" content=\"summary_large_image\" \/>\n<meta name=\"twitter:label1\" content=\"Escrito por\" \/>\n\t<meta name=\"twitter:data1\" content=\"Raquel Andr\u00e9s\" \/>\n\t<meta name=\"twitter:label2\" content=\"Tiempo de lectura\" \/>\n\t<meta name=\"twitter:data2\" content=\"6 minutos\" \/>\n<script type=\"application\/ld+json\" class=\"yoast-schema-graph\">{\"@context\":\"https:\\\/\\\/schema.org\",\"@graph\":[{\"@type\":\"Article\",\"@id\":\"https:\\\/\\\/www.escapadarural.com\\\/blog\\\/cervera-del-maestre-pueblo-multicultural\\\/#article\",\"isPartOf\":{\"@id\":\"https:\\\/\\\/www.escapadarural.com\\\/blog\\\/cervera-del-maestre-pueblo-multicultural\\\/\"},\"author\":{\"name\":\"Raquel Andr\u00e9s\",\"@id\":\"https:\\\/\\\/www.escapadarural.com\\\/blog\\\/#\\\/schema\\\/person\\\/67be061eb00d8315fa8642e01b88c894\"},\"headline\":\"Cervera del Maestre, el pueblo multicultural que cada a\u00f1o tiene m\u00e1s vecinos\",\"datePublished\":\"2023-10-06T10:18:18+00:00\",\"dateModified\":\"2025-06-06T11:48:02+00:00\",\"mainEntityOfPage\":{\"@id\":\"https:\\\/\\\/www.escapadarural.com\\\/blog\\\/cervera-del-maestre-pueblo-multicultural\\\/\"},\"wordCount\":1153,\"commentCount\":3,\"publisher\":{\"@id\":\"https:\\\/\\\/www.escapadarural.com\\\/blog\\\/#organization\"},\"image\":{\"@id\":\"https:\\\/\\\/www.escapadarural.com\\\/blog\\\/cervera-del-maestre-pueblo-multicultural\\\/#primaryimage\"},\"thumbnailUrl\":\"https:\\\/\\\/www.escapadarural.com\\\/blog\\\/wp-content\\\/uploads\\\/2024\\\/10\\\/Ayuntamiento_Cervera_del_Maestre-Castillo-Fortaleza_03-1024x683-1.jpg\",\"keywords\":[\"art\u00edculo\",\"Castell\u00f3n\",\"Cervera del Maestre\",\"Comunidad Valenciana\",\"Espa\u00f1a vac\u00eda\"],\"articleSection\":[\"Arte y Cultura\"],\"inLanguage\":\"es\",\"potentialAction\":[{\"@type\":\"CommentAction\",\"name\":\"Comment\",\"target\":[\"https:\\\/\\\/www.escapadarural.com\\\/blog\\\/cervera-del-maestre-pueblo-multicultural\\\/#respond\"]}]},{\"@type\":\"WebPage\",\"@id\":\"https:\\\/\\\/www.escapadarural.com\\\/blog\\\/cervera-del-maestre-pueblo-multicultural\\\/\",\"url\":\"https:\\\/\\\/www.escapadarural.com\\\/blog\\\/cervera-del-maestre-pueblo-multicultural\\\/\",\"name\":\"Cervera del Maestre, el pueblo multicultural que cada a\u00f1o tiene m\u00e1s vecinos - EscapadaRural\",\"isPartOf\":{\"@id\":\"https:\\\/\\\/www.escapadarural.com\\\/blog\\\/#website\"},\"primaryImageOfPage\":{\"@id\":\"https:\\\/\\\/www.escapadarural.com\\\/blog\\\/cervera-del-maestre-pueblo-multicultural\\\/#primaryimage\"},\"image\":{\"@id\":\"https:\\\/\\\/www.escapadarural.com\\\/blog\\\/cervera-del-maestre-pueblo-multicultural\\\/#primaryimage\"},\"thumbnailUrl\":\"https:\\\/\\\/www.escapadarural.com\\\/blog\\\/wp-content\\\/uploads\\\/2024\\\/10\\\/Ayuntamiento_Cervera_del_Maestre-Castillo-Fortaleza_03-1024x683-1.jpg\",\"datePublished\":\"2023-10-06T10:18:18+00:00\",\"dateModified\":\"2025-06-06T11:48:02+00:00\",\"breadcrumb\":{\"@id\":\"https:\\\/\\\/www.escapadarural.com\\\/blog\\\/cervera-del-maestre-pueblo-multicultural\\\/#breadcrumb\"},\"inLanguage\":\"es\",\"potentialAction\":[{\"@type\":\"ReadAction\",\"target\":[\"https:\\\/\\\/www.escapadarural.com\\\/blog\\\/cervera-del-maestre-pueblo-multicultural\\\/\"]}]},{\"@type\":\"ImageObject\",\"inLanguage\":\"es\",\"@id\":\"https:\\\/\\\/www.escapadarural.com\\\/blog\\\/cervera-del-maestre-pueblo-multicultural\\\/#primaryimage\",\"url\":\"https:\\\/\\\/www.escapadarural.com\\\/blog\\\/wp-content\\\/uploads\\\/2024\\\/10\\\/Ayuntamiento_Cervera_del_Maestre-Castillo-Fortaleza_03-1024x683-1.jpg\",\"contentUrl\":\"https:\\\/\\\/www.escapadarural.com\\\/blog\\\/wp-content\\\/uploads\\\/2024\\\/10\\\/Ayuntamiento_Cervera_del_Maestre-Castillo-Fortaleza_03-1024x683-1.jpg\",\"width\":1024,\"height\":683,\"caption\":\"Vista a trav\u00e9s de un arco de piedra de una antigua ruina, que da a un pueblo con tejados de tejas rojas y una torre del reloj: un escenario que invita al turismo rural, rodeado de vegetaci\u00f3n y colinas lejanas bajo un cielo azul despejado.\"},{\"@type\":\"BreadcrumbList\",\"@id\":\"https:\\\/\\\/www.escapadarural.com\\\/blog\\\/cervera-del-maestre-pueblo-multicultural\\\/#breadcrumb\",\"itemListElement\":[{\"@type\":\"ListItem\",\"position\":1,\"name\":\"Inicio\",\"item\":\"https:\\\/\\\/www.escapadarural.com\\\/blog\\\/\"},{\"@type\":\"ListItem\",\"position\":2,\"name\":\"Arte y Cultura\",\"item\":\"https:\\\/\\\/www.escapadarural.com\\\/blog\\\/categoria\\\/arte-y-cultura\\\/\"},{\"@type\":\"ListItem\",\"position\":3,\"name\":\"Cervera del Maestre, el pueblo multicultural que cada a\u00f1o tiene m\u00e1s vecinos\"}]},{\"@type\":\"WebSite\",\"@id\":\"https:\\\/\\\/www.escapadarural.com\\\/blog\\\/#website\",\"url\":\"https:\\\/\\\/www.escapadarural.com\\\/blog\\\/\",\"name\":\"Blog de viajes | turismo rural, alojamientos e inspiraci\u00f3n\",\"description\":\"Alojamientos rurales e inspiraci\u00f3n para tus escapadas\",\"publisher\":{\"@id\":\"https:\\\/\\\/www.escapadarural.com\\\/blog\\\/#organization\"},\"alternateName\":\"Magazine de viajes de EscapadaRural\",\"potentialAction\":[{\"@type\":\"SearchAction\",\"target\":{\"@type\":\"EntryPoint\",\"urlTemplate\":\"https:\\\/\\\/www.escapadarural.com\\\/blog\\\/?s={search_term_string}\"},\"query-input\":{\"@type\":\"PropertyValueSpecification\",\"valueRequired\":true,\"valueName\":\"search_term_string\"}}],\"inLanguage\":\"es\"},{\"@type\":\"Organization\",\"@id\":\"https:\\\/\\\/www.escapadarural.com\\\/blog\\\/#organization\",\"name\":\"EscapadaRural\",\"url\":\"https:\\\/\\\/www.escapadarural.com\\\/blog\\\/\",\"logo\":{\"@type\":\"ImageObject\",\"inLanguage\":\"es\",\"@id\":\"https:\\\/\\\/www.escapadarural.com\\\/blog\\\/#\\\/schema\\\/logo\\\/image\\\/\",\"url\":\"https:\\\/\\\/www.escapadarural.com\\\/blog\\\/wp-content\\\/uploads\\\/2024\\\/10\\\/cropped-cropped-escapada-rural-icon-mag-3.png\",\"contentUrl\":\"https:\\\/\\\/www.escapadarural.com\\\/blog\\\/wp-content\\\/uploads\\\/2024\\\/10\\\/cropped-cropped-escapada-rural-icon-mag-3.png\",\"width\":512,\"height\":512,\"caption\":\"EscapadaRural\"},\"image\":{\"@id\":\"https:\\\/\\\/www.escapadarural.com\\\/blog\\\/#\\\/schema\\\/logo\\\/image\\\/\"},\"sameAs\":[\"https:\\\/\\\/www.facebook.com\\\/escapadarural\",\"https:\\\/\\\/www.instagram.com\\\/escapadarural\\\/\",\"https:\\\/\\\/www.youtube.com\\\/@escapadaruralcom\"]},{\"@type\":\"Person\",\"@id\":\"https:\\\/\\\/www.escapadarural.com\\\/blog\\\/#\\\/schema\\\/person\\\/67be061eb00d8315fa8642e01b88c894\",\"name\":\"Raquel Andr\u00e9s\",\"image\":{\"@type\":\"ImageObject\",\"inLanguage\":\"es\",\"@id\":\"https:\\\/\\\/secure.gravatar.com\\\/avatar\\\/b45840531462f3cafb335a9fc5c0bfda2c07c3df4b82b304b923526b85cc6cb5?s=96&d=mm&r=g\",\"url\":\"https:\\\/\\\/secure.gravatar.com\\\/avatar\\\/b45840531462f3cafb335a9fc5c0bfda2c07c3df4b82b304b923526b85cc6cb5?s=96&d=mm&r=g\",\"contentUrl\":\"https:\\\/\\\/secure.gravatar.com\\\/avatar\\\/b45840531462f3cafb335a9fc5c0bfda2c07c3df4b82b304b923526b85cc6cb5?s=96&d=mm&r=g\",\"caption\":\"Raquel Andr\u00e9s\"},\"description\":\"Periodista y aventurera. Me has podido leer en Escapada Rural, Diari Nosaltres La Veu, La Vanguardia, El Salto y otros medios. Habitante y amante de las zonas rurales, sea cual sea el destino. Procuro escaparme una vez por semana con las botas de monta\u00f1a, el arn\u00e9s o el neopreno. Tambi\u00e9n soy un intento de baserritarra.\",\"url\":\"https:\\\/\\\/www.escapadarural.com\\\/blog\\\/autor\\\/raquel\\\/\"}]}<\/script>\n<!-- \/ Yoast SEO plugin. -->","yoast_head_json":{"title":"Cervera del Maestre, el pueblo multicultural que cada a\u00f1o tiene m\u00e1s vecinos - EscapadaRural","robots":{"index":"index","follow":"follow","max-snippet":"max-snippet:-1","max-image-preview":"max-image-preview:large","max-video-preview":"max-video-preview:-1"},"canonical":"https:\/\/www.escapadarural.com\/blog\/cervera-del-maestre-pueblo-multicultural\/","og_locale":"es_ES","og_type":"article","og_title":"Cervera del Maestre, el pueblo multicultural que cada a\u00f1o tiene m\u00e1s vecinos - EscapadaRural","og_description":"Ubicado en la provincia de Castell\u00f3n, Cervera del Maestre es el ejemplo de la lucha contra la despoblaci\u00f3n. Su buena acogida a los nuevos habitantes ha hecho que en los \u00faltimos a\u00f1os su poblaci\u00f3n haya aumentado y que sea multicultural.","og_url":"https:\/\/www.escapadarural.com\/blog\/cervera-del-maestre-pueblo-multicultural\/","og_site_name":"Magazine de viajes de EscapadaRural","article_publisher":"https:\/\/www.facebook.com\/escapadarural","article_published_time":"2023-10-06T10:18:18+00:00","article_modified_time":"2025-06-06T11:48:02+00:00","og_image":[{"width":1024,"height":683,"url":"https:\/\/www.escapadarural.com\/blog\/wp-content\/uploads\/2024\/10\/Ayuntamiento_Cervera_del_Maestre-Castillo-Fortaleza_03-1024x683-1.jpg","type":"image\/jpeg"}],"author":"Raquel Andr\u00e9s","twitter_card":"summary_large_image","twitter_misc":{"Escrito por":"Raquel Andr\u00e9s","Tiempo de lectura":"6 minutos"},"schema":{"@context":"https:\/\/schema.org","@graph":[{"@type":"Article","@id":"https:\/\/www.escapadarural.com\/blog\/cervera-del-maestre-pueblo-multicultural\/#article","isPartOf":{"@id":"https:\/\/www.escapadarural.com\/blog\/cervera-del-maestre-pueblo-multicultural\/"},"author":{"name":"Raquel Andr\u00e9s","@id":"https:\/\/www.escapadarural.com\/blog\/#\/schema\/person\/67be061eb00d8315fa8642e01b88c894"},"headline":"Cervera del Maestre, el pueblo multicultural que cada a\u00f1o tiene m\u00e1s vecinos","datePublished":"2023-10-06T10:18:18+00:00","dateModified":"2025-06-06T11:48:02+00:00","mainEntityOfPage":{"@id":"https:\/\/www.escapadarural.com\/blog\/cervera-del-maestre-pueblo-multicultural\/"},"wordCount":1153,"commentCount":3,"publisher":{"@id":"https:\/\/www.escapadarural.com\/blog\/#organization"},"image":{"@id":"https:\/\/www.escapadarural.com\/blog\/cervera-del-maestre-pueblo-multicultural\/#primaryimage"},"thumbnailUrl":"https:\/\/www.escapadarural.com\/blog\/wp-content\/uploads\/2024\/10\/Ayuntamiento_Cervera_del_Maestre-Castillo-Fortaleza_03-1024x683-1.jpg","keywords":["art\u00edculo","Castell\u00f3n","Cervera del Maestre","Comunidad Valenciana","Espa\u00f1a vac\u00eda"],"articleSection":["Arte y Cultura"],"inLanguage":"es","potentialAction":[{"@type":"CommentAction","name":"Comment","target":["https:\/\/www.escapadarural.com\/blog\/cervera-del-maestre-pueblo-multicultural\/#respond"]}]},{"@type":"WebPage","@id":"https:\/\/www.escapadarural.com\/blog\/cervera-del-maestre-pueblo-multicultural\/","url":"https:\/\/www.escapadarural.com\/blog\/cervera-del-maestre-pueblo-multicultural\/","name":"Cervera del Maestre, el pueblo multicultural que cada a\u00f1o tiene m\u00e1s vecinos - EscapadaRural","isPartOf":{"@id":"https:\/\/www.escapadarural.com\/blog\/#website"},"primaryImageOfPage":{"@id":"https:\/\/www.escapadarural.com\/blog\/cervera-del-maestre-pueblo-multicultural\/#primaryimage"},"image":{"@id":"https:\/\/www.escapadarural.com\/blog\/cervera-del-maestre-pueblo-multicultural\/#primaryimage"},"thumbnailUrl":"https:\/\/www.escapadarural.com\/blog\/wp-content\/uploads\/2024\/10\/Ayuntamiento_Cervera_del_Maestre-Castillo-Fortaleza_03-1024x683-1.jpg","datePublished":"2023-10-06T10:18:18+00:00","dateModified":"2025-06-06T11:48:02+00:00","breadcrumb":{"@id":"https:\/\/www.escapadarural.com\/blog\/cervera-del-maestre-pueblo-multicultural\/#breadcrumb"},"inLanguage":"es","potentialAction":[{"@type":"ReadAction","target":["https:\/\/www.escapadarural.com\/blog\/cervera-del-maestre-pueblo-multicultural\/"]}]},{"@type":"ImageObject","inLanguage":"es","@id":"https:\/\/www.escapadarural.com\/blog\/cervera-del-maestre-pueblo-multicultural\/#primaryimage","url":"https:\/\/www.escapadarural.com\/blog\/wp-content\/uploads\/2024\/10\/Ayuntamiento_Cervera_del_Maestre-Castillo-Fortaleza_03-1024x683-1.jpg","contentUrl":"https:\/\/www.escapadarural.com\/blog\/wp-content\/uploads\/2024\/10\/Ayuntamiento_Cervera_del_Maestre-Castillo-Fortaleza_03-1024x683-1.jpg","width":1024,"height":683,"caption":"Vista a trav\u00e9s de un arco de piedra de una antigua ruina, que da a un pueblo con tejados de tejas rojas y una torre del reloj: un escenario que invita al turismo rural, rodeado de vegetaci\u00f3n y colinas lejanas bajo un cielo azul despejado."},{"@type":"BreadcrumbList","@id":"https:\/\/www.escapadarural.com\/blog\/cervera-del-maestre-pueblo-multicultural\/#breadcrumb","itemListElement":[{"@type":"ListItem","position":1,"name":"Inicio","item":"https:\/\/www.escapadarural.com\/blog\/"},{"@type":"ListItem","position":2,"name":"Arte y Cultura","item":"https:\/\/www.escapadarural.com\/blog\/categoria\/arte-y-cultura\/"},{"@type":"ListItem","position":3,"name":"Cervera del Maestre, el pueblo multicultural que cada a\u00f1o tiene m\u00e1s vecinos"}]},{"@type":"WebSite","@id":"https:\/\/www.escapadarural.com\/blog\/#website","url":"https:\/\/www.escapadarural.com\/blog\/","name":"Blog de viajes | turismo rural, alojamientos e inspiraci\u00f3n","description":"Alojamientos rurales e inspiraci\u00f3n para tus escapadas","publisher":{"@id":"https:\/\/www.escapadarural.com\/blog\/#organization"},"alternateName":"Magazine de viajes de EscapadaRural","potentialAction":[{"@type":"SearchAction","target":{"@type":"EntryPoint","urlTemplate":"https:\/\/www.escapadarural.com\/blog\/?s={search_term_string}"},"query-input":{"@type":"PropertyValueSpecification","valueRequired":true,"valueName":"search_term_string"}}],"inLanguage":"es"},{"@type":"Organization","@id":"https:\/\/www.escapadarural.com\/blog\/#organization","name":"EscapadaRural","url":"https:\/\/www.escapadarural.com\/blog\/","logo":{"@type":"ImageObject","inLanguage":"es","@id":"https:\/\/www.escapadarural.com\/blog\/#\/schema\/logo\/image\/","url":"https:\/\/www.escapadarural.com\/blog\/wp-content\/uploads\/2024\/10\/cropped-cropped-escapada-rural-icon-mag-3.png","contentUrl":"https:\/\/www.escapadarural.com\/blog\/wp-content\/uploads\/2024\/10\/cropped-cropped-escapada-rural-icon-mag-3.png","width":512,"height":512,"caption":"EscapadaRural"},"image":{"@id":"https:\/\/www.escapadarural.com\/blog\/#\/schema\/logo\/image\/"},"sameAs":["https:\/\/www.facebook.com\/escapadarural","https:\/\/www.instagram.com\/escapadarural\/","https:\/\/www.youtube.com\/@escapadaruralcom"]},{"@type":"Person","@id":"https:\/\/www.escapadarural.com\/blog\/#\/schema\/person\/67be061eb00d8315fa8642e01b88c894","name":"Raquel Andr\u00e9s","image":{"@type":"ImageObject","inLanguage":"es","@id":"https:\/\/secure.gravatar.com\/avatar\/b45840531462f3cafb335a9fc5c0bfda2c07c3df4b82b304b923526b85cc6cb5?s=96&d=mm&r=g","url":"https:\/\/secure.gravatar.com\/avatar\/b45840531462f3cafb335a9fc5c0bfda2c07c3df4b82b304b923526b85cc6cb5?s=96&d=mm&r=g","contentUrl":"https:\/\/secure.gravatar.com\/avatar\/b45840531462f3cafb335a9fc5c0bfda2c07c3df4b82b304b923526b85cc6cb5?s=96&d=mm&r=g","caption":"Raquel Andr\u00e9s"},"description":"Periodista y aventurera. Me has podido leer en Escapada Rural, Diari Nosaltres La Veu, La Vanguardia, El Salto y otros medios. Habitante y amante de las zonas rurales, sea cual sea el destino. Procuro escaparme una vez por semana con las botas de monta\u00f1a, el arn\u00e9s o el neopreno. Tambi\u00e9n soy un intento de baserritarra.","url":"https:\/\/www.escapadarural.com\/blog\/autor\/raquel\/"}]}},"_links":{"self":[{"href":"https:\/\/www.escapadarural.com\/blog\/wp-json\/wp\/v2\/posts\/58295","targetHints":{"allow":["GET"]}}],"collection":[{"href":"https:\/\/www.escapadarural.com\/blog\/wp-json\/wp\/v2\/posts"}],"about":[{"href":"https:\/\/www.escapadarural.com\/blog\/wp-json\/wp\/v2\/types\/post"}],"author":[{"embeddable":true,"href":"https:\/\/www.escapadarural.com\/blog\/wp-json\/wp\/v2\/users\/123"}],"replies":[{"embeddable":true,"href":"https:\/\/www.escapadarural.com\/blog\/wp-json\/wp\/v2\/comments?post=58295"}],"version-history":[{"count":0,"href":"https:\/\/www.escapadarural.com\/blog\/wp-json\/wp\/v2\/posts\/58295\/revisions"}],"wp:featuredmedia":[{"embeddable":true,"href":"https:\/\/www.escapadarural.com\/blog\/wp-json\/wp\/v2\/media\/95757"}],"wp:attachment":[{"href":"https:\/\/www.escapadarural.com\/blog\/wp-json\/wp\/v2\/media?parent=58295"}],"wp:term":[{"taxonomy":"category","embeddable":true,"href":"https:\/\/www.escapadarural.com\/blog\/wp-json\/wp\/v2\/categories?post=58295"},{"taxonomy":"post_tag","embeddable":true,"href":"https:\/\/www.escapadarural.com\/blog\/wp-json\/wp\/v2\/tags?post=58295"}],"curies":[{"name":"wp","href":"https:\/\/api.w.org\/{rel}","templated":true}]}}