{"id":58419,"date":"2023-03-03T09:31:28","date_gmt":"2023-03-03T08:31:28","guid":{"rendered":"https:\/\/www.escapadarural.com\/blog\/?p=58419"},"modified":"2025-03-11T15:18:14","modified_gmt":"2025-03-11T13:18:14","slug":"que-ver-en-candeleda","status":"publish","type":"post","link":"https:\/\/www.escapadarural.com\/blog\/que-ver-en-candeleda\/","title":{"rendered":"Qu\u00e9 ver y hacer en Candeleda en un fin de semana"},"content":{"rendered":"\n<p>La lista de <strong>\u2018casas m\u00e1s fotografiadas de Espa\u00f1a\u2019 <\/strong>est\u00e1 bien nutrida. Var\u00eda cada a\u00f1o, en parte por el efecto llamada que provocan las redes sociales. De pronto, un hashtag que hace referencia a un edificio se viraliza y todos los aficionados a subir sus fotos a internet acuden a retratarse con las paredes del edificio detr\u00e1s. En algunos casos, los due\u00f1os tienen que poner l\u00edmites, como en el caso de la conocida como muralla roja de Calpe (en la que se inspir\u00f3 la serie de Netflix <em>El juego del calamar<\/em>). El edificio construido por el arquitecto Ricardo Bofill se volvi\u00f3 un im\u00e1n para turistas por su presencia en Instagram y los vecinos no est\u00e1n muy contentos ante la invasi\u00f3n de su intimidad.<\/p>\n\n\n\n<p>En el pueblo asturiano de Tazones tambi\u00e9n se encuentra otra casa-golosina para los turistas que buscan edificios singulares: La casa de las conchas. Otra es la singular casa de La Julianeta, la m\u00e1s emblem\u00e1tica del ya de por s\u00ed singular pueblo turolense Albarrac\u00edn y, por supuesto, <strong>La casa de las flores que se sit\u00faa en <\/strong><a href=\"https:\/\/www.escapadarural.com\/casas-rurales\/candeleda\"><strong>Candeleda<\/strong><\/a>, uno de los lugares m\u00e1s atractivos de la provincia de \u00c1vila, ya muy cerca de Extremadura y al sur de la Sierra de Gredos.<\/p>\n\n\n<div style=\"background-color: #d9edf7; color: #31708f; border-left-color: #31708f; \" class=\"ub-styled-box ub-notification-box wp-block-ub-styled-box\" id=\"ub-styled-box-8dab3526-f70c-44eb-bf57-493199288f53\">\n<p id=\"ub-styled-box-notification-content-\">Candeleda es medalla de plata de la Capital del Turismo Rural 2023<\/p>\n\n\n\n<p><strong>El municipio abulense\u00a0<\/strong>ha resultado\u00a0<strong>segundo clasificado<\/strong>\u00a0-con el\u00a0<strong>16% de los votos<\/strong>\u2013 en el certamen de la Capital del Turismo Rural 2023.\u00a0<a href=\"https:\/\/www.escapadarural.com\/blog\/campo-lameiro-capital-turismo-rural-23\/\" target=\"_blank\" rel=\"noreferrer noopener\">Aqu\u00ed puedes ver el ranking final<\/a><\/p>\n\n\n<\/div>\n\n\n<figure class=\"wp-block-image size-full\"><img loading=\"lazy\" decoding=\"async\" width=\"1024\" height=\"768\" src=\"https:\/\/www.escapadarural.com\/blog\/wp-content\/uploads\/2024\/10\/Candeleda-RRSS-1024x768-1.jpeg\" alt=\"Candeleda, en \u00c1vila. Por Rodrigo\" class=\"wp-image-92281\" srcset=\"https:\/\/www.escapadarural.com\/blog\/wp-content\/uploads\/2024\/10\/Candeleda-RRSS-1024x768-1-200x150.jpeg 200w, https:\/\/www.escapadarural.com\/blog\/wp-content\/uploads\/2024\/10\/Candeleda-RRSS-1024x768-1-300x225.jpeg 300w, https:\/\/www.escapadarural.com\/blog\/wp-content\/uploads\/2024\/10\/Candeleda-RRSS-1024x768-1-400x300.jpeg 400w, https:\/\/www.escapadarural.com\/blog\/wp-content\/uploads\/2024\/10\/Candeleda-RRSS-1024x768-1-600x450.jpeg 600w, https:\/\/www.escapadarural.com\/blog\/wp-content\/uploads\/2024\/10\/Candeleda-RRSS-1024x768-1-768x576.jpeg 768w, https:\/\/www.escapadarural.com\/blog\/wp-content\/uploads\/2024\/10\/Candeleda-RRSS-1024x768-1-800x600.jpeg 800w, https:\/\/www.escapadarural.com\/blog\/wp-content\/uploads\/2024\/10\/Candeleda-RRSS-1024x768-1.jpeg 1024w\" sizes=\"auto, (max-width: 1024px) 100vw, 1024px\" \/><figcaption class=\"wp-element-caption\">Candeleda, en \u00c1vila. Por Rodrigo<\/figcaption><\/figure>\n\n\n\n<p>Ese edificio, que data de 1862 (aunque sus propietarios lo remodelaron en 1902), no solo tiene inter\u00e9s por su est\u00e9tica exterior, con sus ocho balcones de madera coloreados por los p\u00e9talos y el verde de las plantas. Tambi\u00e9n su ubicaci\u00f3n es ideal para los visitantes \u2013y los vecinos que pueden observarlo cada d\u00eda\u2013 ya que se encuentra en la Plaza Mayor del pueblo, uno de sus puntos neur\u00e1lgicos.<\/p>\n\n\n\n<p>Pero adem\u00e1s guarda una sorpresa en el interior de su primera y planta baja. Es la sede del Museo de los Juguetes de Hojalata, en el que se puede ver la evoluci\u00f3n de los utensilios que los ni\u00f1os han usado para divertirse desde principios del siglo XX. Est\u00e1 dividido en cuatro secciones, una de ellas es la llamada<strong> \u2018Los juguetes de Kike y Nieves\u2019<\/strong>, en la que se muestran objetos que datan desde 1984 hasta el m\u00edtico Tamagotchi que se hizo famoso a finales de la d\u00e9cada de los 90.&nbsp;<\/p>\n\n\n\n<figure class=\"wp-block-image size-full\"><img loading=\"lazy\" decoding=\"async\" width=\"1024\" height=\"658\" src=\"https:\/\/www.escapadarural.com\/blog\/wp-content\/uploads\/2024\/10\/candeleda-casa-flores-1-1024x658-2.jpg\" alt=\"Candeleda. Por Por V\u00edctor Ferrando\" class=\"wp-image-101645\" srcset=\"https:\/\/www.escapadarural.com\/blog\/wp-content\/uploads\/2024\/10\/candeleda-casa-flores-1-1024x658-2-200x129.jpg 200w, https:\/\/www.escapadarural.com\/blog\/wp-content\/uploads\/2024\/10\/candeleda-casa-flores-1-1024x658-2-300x193.jpg 300w, https:\/\/www.escapadarural.com\/blog\/wp-content\/uploads\/2024\/10\/candeleda-casa-flores-1-1024x658-2-400x257.jpg 400w, https:\/\/www.escapadarural.com\/blog\/wp-content\/uploads\/2024\/10\/candeleda-casa-flores-1-1024x658-2-600x386.jpg 600w, https:\/\/www.escapadarural.com\/blog\/wp-content\/uploads\/2024\/10\/candeleda-casa-flores-1-1024x658-2-768x494.jpg 768w, https:\/\/www.escapadarural.com\/blog\/wp-content\/uploads\/2024\/10\/candeleda-casa-flores-1-1024x658-2-800x514.jpg 800w, https:\/\/www.escapadarural.com\/blog\/wp-content\/uploads\/2024\/10\/candeleda-casa-flores-1-1024x658-2.jpg 1024w\" sizes=\"auto, (max-width: 1024px) 100vw, 1024px\" \/><figcaption class=\"wp-element-caption\">Candeleda. Por Por V\u00edctor Ferrando<\/figcaption><\/figure>\n\n\n\n<p>Aunque la mencionada Plaza Mayor, donde se encuentra el Ayuntamiento, sea uno de los puntos de actividad de la localidad, hay otra que le disputa la acci\u00f3n: <strong>la plaza del Castillo, con sus palmeras<\/strong> d\u00e1ndole personalidad. En su d\u00eda, all\u00ed se ubicaba la fortaleza de los Condes de Miranda, pero el paso del tiempo la convirti\u00f3 en historia y ahora ya no existe (pero el sitio sigue siendo digno de visitar).<\/p>\n\n\n\n<p>Desde dicha plaza se puede emprender un paseo por la zona antigua del pueblo, que es la mejor manera de conocerlo.<strong> <\/strong>La calle del Moral \u2013que tiene ese nombre porque antiguamente estaba llena de moreras\u2013 o la del Pozo son una buena muestra de la <strong>arquitectura \u2018entramada\u2019<\/strong> t\u00edpica de la zona del <a href=\"https:\/\/www.escapadarural.com\/casas-rurales\/valle-del-tietar\">valle del Ti\u00e9tar<\/a> y de la <a href=\"https:\/\/www.escapadarural.com\/casas-rurales\/la-vera_zona-turistica\">Vera de Extremadura<\/a>. Fueron edificadas entre los siglos XVI y XVII y a d\u00eda de hoy se conservan como una maravilla caracter\u00edstica de esa parte del pa\u00eds.<\/p>\n\n\n\n<p>Otra de las edificaciones de las que se sienten orgullosos los candeledanos es la<strong> <\/strong>iglesia de Nuestra Se\u00f1ora de la Asunci\u00f3n, cuyo origen se remonta a finales del siglo XIV o principios del XV. Fue nombrada Bien de Inter\u00e9s Cultural en 1991 y en su interior alberga obras interesantes como el retablo mayor y el retablo de cer\u00e1mica, firmado por el pintor de azulejos de Talavera de la Reina Juan Fern\u00e1ndez.<\/p>\n\n\n\n<p>Un \u2018monumento\u2019 curioso de <strong>Candeleda es el homenaje a la cabra hisp\u00e1nica<\/strong>. Una estatua erigida en una rotonda que simboliza, sin ninguna duda, la figura de dicho animal \u00bfPor qu\u00e9 este reconocimiento? Pues porque, seg\u00fan <a href=\"https:\/\/www.turismoavila.com\/web\/puntos_de_interes\/visor\/index.php?iid=5b21368851485-63\" target=\"_blank\" rel=\"noreferrer noopener\">la p\u00e1gina web<\/a> de turismo de \u00c1vila: \u201cEn el siglo XX se le cedi\u00f3 al rey Alfonso XIII los derechos de la cabra hisp\u00e1nica, por parte del Ayuntamiento, cre\u00e1ndose as\u00ed<strong> <\/strong>el Coto Real de Gredos que ha propiciado la conservaci\u00f3n de la cabra hisp\u00e1nica y su entorno\u201d.<\/p>\n\n\n\n<p>Hay otros dos puntos de referencia en el pueblo. Uno es<strong> <\/strong>la casa de la Juder\u00eda, ubicada en la calle de la Amargura; y otro es El sequero, como se conoce al centro de interpretaci\u00f3n del piment\u00f3n. Para los pocos que no lo sepan, Candeleda es un pueblo de referencia en lo correspondiente a la elaboraci\u00f3n de este condimento.<\/p>\n\n\n\n<h2 class=\"wp-block-heading\" id=\"h-que-ver-en-los-alrededores-de-candeleda\"><strong>Qu\u00e9 ver en los alrededores <\/strong>de Candeleda<\/h2>\n\n\n\n<figure class=\"wp-block-image size-full\"><img loading=\"lazy\" decoding=\"async\" width=\"585\" height=\"585\" src=\"https:\/\/www.escapadarural.com\/blog\/wp-content\/uploads\/2024\/06\/Candeleda-puente-romano-585x585.jpg.webp\" alt=\"Puente romano de Candeleda. Por brunogm\" class=\"wp-image-79524\" srcset=\"https:\/\/www.escapadarural.com\/blog\/wp-content\/uploads\/2024\/06\/Candeleda-puente-romano-585x585.jpg-66x66.webp 66w, https:\/\/www.escapadarural.com\/blog\/wp-content\/uploads\/2024\/06\/Candeleda-puente-romano-585x585.jpg-150x150.webp 150w, https:\/\/www.escapadarural.com\/blog\/wp-content\/uploads\/2024\/06\/Candeleda-puente-romano-585x585.jpg-200x200.webp 200w, https:\/\/www.escapadarural.com\/blog\/wp-content\/uploads\/2024\/06\/Candeleda-puente-romano-585x585.jpg-300x300.webp 300w, https:\/\/www.escapadarural.com\/blog\/wp-content\/uploads\/2024\/06\/Candeleda-puente-romano-585x585.jpg-400x400.webp 400w, https:\/\/www.escapadarural.com\/blog\/wp-content\/uploads\/2024\/06\/Candeleda-puente-romano-585x585.jpg.webp 585w\" sizes=\"auto, (max-width: 585px) 100vw, 585px\" \/><figcaption class=\"wp-element-caption\">Puente romano de Candeleda. Por brunogm\n<\/figcaption><\/figure>\n\n\n\n<p>Una de las actividades m\u00e1s populares que se pueden llevar a cabo cerca del pueblo es darse un buen ba\u00f1o en las <strong>piscinas naturales<\/strong>, tambi\u00e9n conocidas como charcos, como El carrera o El paloma, cuya agua procede de la garganta de Santa Mar\u00eda<strong>.<\/strong> Por supuesto, la mejor estaci\u00f3n para disfrutar de ellas es el verano pero cuidado, porque el agua suele estar muy, muy fr\u00eda. Ideal para refrescarse, sin ninguna duda.&nbsp;<\/p>\n\n\n\n<p>Cerca est\u00e1 tambi\u00e9n el embalse de Rosarito, que recoge las aguas del r\u00edo Ti\u00e9tar y desde el que se puede <strong>apreciar el Almanzor.<\/strong> La grulla com\u00fan es uno de los animales que escoge este espacio para invernar.<\/p>\n\n\n\n<figure class=\"wp-block-image size-full\"><img loading=\"lazy\" decoding=\"async\" width=\"680\" height=\"510\" src=\"https:\/\/www.escapadarural.com\/blog\/wp-content\/uploads\/2019\/12\/1280px-Garganta_de_Santa_Maria_Candeleda-680x510-1.jpg\" alt=\"Garganta de Santa Mar\u00eda de Candeleda, Valle del Ti\u00e9tar. Por El\u00edsabet Garc\u00eda\" class=\"wp-image-22953\" srcset=\"https:\/\/www.escapadarural.com\/blog\/wp-content\/uploads\/2019\/12\/1280px-Garganta_de_Santa_Maria_Candeleda-680x510-1-200x150.jpg 200w, https:\/\/www.escapadarural.com\/blog\/wp-content\/uploads\/2019\/12\/1280px-Garganta_de_Santa_Maria_Candeleda-680x510-1-300x225.jpg 300w, https:\/\/www.escapadarural.com\/blog\/wp-content\/uploads\/2019\/12\/1280px-Garganta_de_Santa_Maria_Candeleda-680x510-1-400x300.jpg 400w, https:\/\/www.escapadarural.com\/blog\/wp-content\/uploads\/2019\/12\/1280px-Garganta_de_Santa_Maria_Candeleda-680x510-1-600x450.jpg 600w, https:\/\/www.escapadarural.com\/blog\/wp-content\/uploads\/2019\/12\/1280px-Garganta_de_Santa_Maria_Candeleda-680x510-1.jpg 680w\" sizes=\"auto, (max-width: 680px) 100vw, 680px\" \/><figcaption class=\"wp-element-caption\">Garganta de Santa Mar\u00eda de Candeleda, Valle del Ti\u00e9tar. Por El\u00edsabet Garc\u00eda<\/figcaption><\/figure>\n\n\n\n<p>El castro celta de El Raso es otro de los puntos se\u00f1alados en la agenda de visitas de Candeleda. Se trata de un asentamiento vet\u00f3n que tuvo vida desde el siglo III a.C hasta el I a.C y del cual se han reconstruido dos viviendas, en las que se cobija un centro de informaci\u00f3n sobre dicho yacimiento. Algunos de los descubrimientos arqueol\u00f3gicos que se hicieron en dicha zona se encuentran en el Museo de \u00c1vila, en una zona propia conocida como <strong>El tesorillo de El Raso<\/strong>.<\/p>\n\n\n\n<p>El senderismo, por supuesto, tambi\u00e9n tiene cabida en la agenda si se visita la zona. Un bonito camino es el que va desde el pueblo hasta el Puerto de Candeleda, aunque para llegar hasta la cumbre hay que estar en muy buena forma. Cada uno que se d\u00e9 la vuelta cuando considere, pero lo recomendable es llegar hasta<strong> <\/strong>el Puente del Puerto, un paso de piedra creado por los romanos. Uno de los sitios preferidos por los aficionados a la fotograf\u00eda para sacar sus instant\u00e1neas ( para comprobarlo solo hay que buscar en las redes sociales).<\/p>\n\n\n\n<h2 class=\"wp-block-heading\" id=\"h-donde-dormir-en-candeleda\">D\u00f3nde dormir en Candeleda<\/h2>\n\n\n\n<p>Descubre nuestra amplia oferta de casas rurales situadas en Candeleda y en sus alrededores. Entre ellas hay caba\u00f1as, casas rurales con piscina, jacuzzi, de arquitectura tradicional y con grandes jardines. <\/p>\n\n\n\n<div class=\"wp-block-buttons is-layout-flex wp-block-buttons-is-layout-flex\">\n<div class=\"wp-block-button\"><a class=\"wp-block-button__link wp-element-button\" href=\"https:\/\/www.escapadarural.com\/casas-rurales\/candeleda\">Casas rurales en Candeleda<\/a><\/div>\n<\/div>\n","protected":false},"excerpt":{"rendered":"<p>Candeleda est\u00e1 considerado como uno de los pueblos m\u00e1s singulares del valle del Ti\u00e9tar, al sur de \u00c1vila, adem\u00e1s de uno de los m\u00e1s fotografiados. Est\u00e1 es una mini gu\u00eda de qu\u00e9 ver en Candeleda un fin de semana. <\/p>\n","protected":false},"author":114,"featured_media":92281,"comment_status":"open","ping_status":"open","sticky":false,"template":"","format":"standard","meta":{"_acf_changed":false,"om_disable_all_campaigns":false,"footnotes":""},"categories":[191],"tags":[896,3353,4963,332,1285,2447],"class_list":["post-58419","post","type-post","status-publish","format-standard","has-post-thumbnail","hentry","category-destinos","tag-que-ver-en-avila","tag-candeleda","tag-casa-de-las-flores","tag-guia","tag-sierra-de-gredos","tag-valle-del-tietar"],"acf":[],"featured_image_src":"https:\/\/www.escapadarural.com\/blog\/wp-content\/uploads\/2024\/10\/Candeleda-RRSS-1024x768-1.jpeg","author_info":{"display_name":"Carmen L\u00f3pez","author_link":"https:\/\/www.escapadarural.com\/blog\/autor\/carmenlopez\/"},"yoast_head":"<!-- This site is optimized with the Yoast SEO plugin v27.5 - https:\/\/yoast.com\/product\/yoast-seo-wordpress\/ -->\n<title>Qu\u00e9 ver y hacer en Candeleda en un fin de semana - EscapadaRural<\/title>\n<meta name=\"robots\" content=\"index, follow, max-snippet:-1, max-image-preview:large, max-video-preview:-1\" \/>\n<link rel=\"canonical\" href=\"https:\/\/www.escapadarural.com\/blog\/que-ver-en-candeleda\/\" \/>\n<meta property=\"og:locale\" content=\"es_ES\" \/>\n<meta property=\"og:type\" content=\"article\" \/>\n<meta property=\"og:title\" content=\"Qu\u00e9 ver y hacer en Candeleda en un fin de semana - EscapadaRural\" \/>\n<meta property=\"og:description\" content=\"Candeleda est\u00e1 considerado como uno de los pueblos m\u00e1s singulares del valle del Ti\u00e9tar, al sur de \u00c1vila, adem\u00e1s de uno de los m\u00e1s fotografiados. Est\u00e1 es una mini gu\u00eda de qu\u00e9 ver en Candeleda un fin de semana.\" \/>\n<meta property=\"og:url\" content=\"https:\/\/www.escapadarural.com\/blog\/que-ver-en-candeleda\/\" \/>\n<meta property=\"og:site_name\" content=\"Magazine de viajes de EscapadaRural\" \/>\n<meta property=\"article:publisher\" content=\"https:\/\/www.facebook.com\/escapadarural\" \/>\n<meta property=\"article:published_time\" content=\"2023-03-03T08:31:28+00:00\" \/>\n<meta property=\"article:modified_time\" content=\"2025-03-11T13:18:14+00:00\" \/>\n<meta property=\"og:image\" content=\"https:\/\/www.escapadarural.com\/blog\/wp-content\/uploads\/2024\/10\/Candeleda-RRSS-1024x768-1.jpeg\" \/>\n\t<meta property=\"og:image:width\" content=\"1024\" \/>\n\t<meta property=\"og:image:height\" content=\"768\" \/>\n\t<meta property=\"og:image:type\" content=\"image\/jpeg\" \/>\n<meta name=\"author\" content=\"Carmen L\u00f3pez\" \/>\n<meta name=\"twitter:card\" content=\"summary_large_image\" \/>\n<meta name=\"twitter:label1\" content=\"Escrito por\" \/>\n\t<meta name=\"twitter:data1\" content=\"Carmen L\u00f3pez\" \/>\n\t<meta name=\"twitter:label2\" content=\"Tiempo de lectura\" \/>\n\t<meta name=\"twitter:data2\" content=\"7 minutos\" \/>\n<script type=\"application\/ld+json\" class=\"yoast-schema-graph\">{\"@context\":\"https:\\\/\\\/schema.org\",\"@graph\":[{\"@type\":\"Article\",\"@id\":\"https:\\\/\\\/www.escapadarural.com\\\/blog\\\/que-ver-en-candeleda\\\/#article\",\"isPartOf\":{\"@id\":\"https:\\\/\\\/www.escapadarural.com\\\/blog\\\/que-ver-en-candeleda\\\/\"},\"author\":{\"name\":\"Carmen L\u00f3pez\",\"@id\":\"https:\\\/\\\/www.escapadarural.com\\\/blog\\\/#\\\/schema\\\/person\\\/42dfdff6118172efc6a04c8ae599a2ce\"},\"headline\":\"Qu\u00e9 ver y hacer en Candeleda en un fin de semana\",\"datePublished\":\"2023-03-03T08:31:28+00:00\",\"dateModified\":\"2025-03-11T13:18:14+00:00\",\"mainEntityOfPage\":{\"@id\":\"https:\\\/\\\/www.escapadarural.com\\\/blog\\\/que-ver-en-candeleda\\\/\"},\"wordCount\":1219,\"commentCount\":1,\"publisher\":{\"@id\":\"https:\\\/\\\/www.escapadarural.com\\\/blog\\\/#organization\"},\"image\":{\"@id\":\"https:\\\/\\\/www.escapadarural.com\\\/blog\\\/que-ver-en-candeleda\\\/#primaryimage\"},\"thumbnailUrl\":\"https:\\\/\\\/www.escapadarural.com\\\/blog\\\/wp-content\\\/uploads\\\/2024\\\/10\\\/Candeleda-RRSS-1024x768-1.jpeg\",\"keywords\":[\"\u00c1vila\",\"Candeleda\",\"casa de las flores\",\"Gu\u00eda\",\"Sierra de Gredos\",\"Valle del Ti\u00e9tar\"],\"articleSection\":[\"Destinos\"],\"inLanguage\":\"es\",\"potentialAction\":[{\"@type\":\"CommentAction\",\"name\":\"Comment\",\"target\":[\"https:\\\/\\\/www.escapadarural.com\\\/blog\\\/que-ver-en-candeleda\\\/#respond\"]}]},{\"@type\":\"WebPage\",\"@id\":\"https:\\\/\\\/www.escapadarural.com\\\/blog\\\/que-ver-en-candeleda\\\/\",\"url\":\"https:\\\/\\\/www.escapadarural.com\\\/blog\\\/que-ver-en-candeleda\\\/\",\"name\":\"Qu\u00e9 ver y hacer en Candeleda en un fin de semana - EscapadaRural\",\"isPartOf\":{\"@id\":\"https:\\\/\\\/www.escapadarural.com\\\/blog\\\/#website\"},\"primaryImageOfPage\":{\"@id\":\"https:\\\/\\\/www.escapadarural.com\\\/blog\\\/que-ver-en-candeleda\\\/#primaryimage\"},\"image\":{\"@id\":\"https:\\\/\\\/www.escapadarural.com\\\/blog\\\/que-ver-en-candeleda\\\/#primaryimage\"},\"thumbnailUrl\":\"https:\\\/\\\/www.escapadarural.com\\\/blog\\\/wp-content\\\/uploads\\\/2024\\\/10\\\/Candeleda-RRSS-1024x768-1.jpeg\",\"datePublished\":\"2023-03-03T08:31:28+00:00\",\"dateModified\":\"2025-03-11T13:18:14+00:00\",\"breadcrumb\":{\"@id\":\"https:\\\/\\\/www.escapadarural.com\\\/blog\\\/que-ver-en-candeleda\\\/#breadcrumb\"},\"inLanguage\":\"es\",\"potentialAction\":[{\"@type\":\"ReadAction\",\"target\":[\"https:\\\/\\\/www.escapadarural.com\\\/blog\\\/que-ver-en-candeleda\\\/\"]}]},{\"@type\":\"ImageObject\",\"inLanguage\":\"es\",\"@id\":\"https:\\\/\\\/www.escapadarural.com\\\/blog\\\/que-ver-en-candeleda\\\/#primaryimage\",\"url\":\"https:\\\/\\\/www.escapadarural.com\\\/blog\\\/wp-content\\\/uploads\\\/2024\\\/10\\\/Candeleda-RRSS-1024x768-1.jpeg\",\"contentUrl\":\"https:\\\/\\\/www.escapadarural.com\\\/blog\\\/wp-content\\\/uploads\\\/2024\\\/10\\\/Candeleda-RRSS-1024x768-1.jpeg\",\"width\":1024,\"height\":768,\"caption\":\"Candeleda, en \u00c1vila. Por Rodrigo\"},{\"@type\":\"BreadcrumbList\",\"@id\":\"https:\\\/\\\/www.escapadarural.com\\\/blog\\\/que-ver-en-candeleda\\\/#breadcrumb\",\"itemListElement\":[{\"@type\":\"ListItem\",\"position\":1,\"name\":\"Inicio\",\"item\":\"https:\\\/\\\/www.escapadarural.com\\\/blog\\\/\"},{\"@type\":\"ListItem\",\"position\":2,\"name\":\"Destinos\",\"item\":\"https:\\\/\\\/www.escapadarural.com\\\/blog\\\/categoria\\\/destinos\\\/\"},{\"@type\":\"ListItem\",\"position\":3,\"name\":\"Qu\u00e9 ver y hacer en Candeleda en un fin de semana\"}]},{\"@type\":\"WebSite\",\"@id\":\"https:\\\/\\\/www.escapadarural.com\\\/blog\\\/#website\",\"url\":\"https:\\\/\\\/www.escapadarural.com\\\/blog\\\/\",\"name\":\"Blog de viajes | turismo rural, alojamientos e inspiraci\u00f3n\",\"description\":\"Alojamientos rurales e inspiraci\u00f3n para tus escapadas\",\"publisher\":{\"@id\":\"https:\\\/\\\/www.escapadarural.com\\\/blog\\\/#organization\"},\"alternateName\":\"Magazine de viajes de EscapadaRural\",\"potentialAction\":[{\"@type\":\"SearchAction\",\"target\":{\"@type\":\"EntryPoint\",\"urlTemplate\":\"https:\\\/\\\/www.escapadarural.com\\\/blog\\\/?s={search_term_string}\"},\"query-input\":{\"@type\":\"PropertyValueSpecification\",\"valueRequired\":true,\"valueName\":\"search_term_string\"}}],\"inLanguage\":\"es\"},{\"@type\":\"Organization\",\"@id\":\"https:\\\/\\\/www.escapadarural.com\\\/blog\\\/#organization\",\"name\":\"EscapadaRural\",\"url\":\"https:\\\/\\\/www.escapadarural.com\\\/blog\\\/\",\"logo\":{\"@type\":\"ImageObject\",\"inLanguage\":\"es\",\"@id\":\"https:\\\/\\\/www.escapadarural.com\\\/blog\\\/#\\\/schema\\\/logo\\\/image\\\/\",\"url\":\"https:\\\/\\\/www.escapadarural.com\\\/blog\\\/wp-content\\\/uploads\\\/2024\\\/10\\\/cropped-cropped-escapada-rural-icon-mag-3.png\",\"contentUrl\":\"https:\\\/\\\/www.escapadarural.com\\\/blog\\\/wp-content\\\/uploads\\\/2024\\\/10\\\/cropped-cropped-escapada-rural-icon-mag-3.png\",\"width\":512,\"height\":512,\"caption\":\"EscapadaRural\"},\"image\":{\"@id\":\"https:\\\/\\\/www.escapadarural.com\\\/blog\\\/#\\\/schema\\\/logo\\\/image\\\/\"},\"sameAs\":[\"https:\\\/\\\/www.facebook.com\\\/escapadarural\",\"https:\\\/\\\/www.instagram.com\\\/escapadarural\\\/\",\"https:\\\/\\\/www.youtube.com\\\/@escapadaruralcom\"]},{\"@type\":\"Person\",\"@id\":\"https:\\\/\\\/www.escapadarural.com\\\/blog\\\/#\\\/schema\\\/person\\\/42dfdff6118172efc6a04c8ae599a2ce\",\"name\":\"Carmen L\u00f3pez\",\"image\":{\"@type\":\"ImageObject\",\"inLanguage\":\"es\",\"@id\":\"https:\\\/\\\/www.escapadarural.com\\\/blog\\\/wp-content\\\/uploads\\\/2024\\\/11\\\/cropped-perfil_eldiario-96x96-1-96x96.jpeg\",\"url\":\"https:\\\/\\\/www.escapadarural.com\\\/blog\\\/wp-content\\\/uploads\\\/2024\\\/11\\\/cropped-perfil_eldiario-96x96-1-96x96.jpeg\",\"contentUrl\":\"https:\\\/\\\/www.escapadarural.com\\\/blog\\\/wp-content\\\/uploads\\\/2024\\\/11\\\/cropped-perfil_eldiario-96x96-1-96x96.jpeg\",\"caption\":\"Carmen L\u00f3pez\"},\"description\":\"Soy periodista y escribo sobre cosas que importan en sitios que interesan desde hace m\u00e1s de una d\u00e9cada.\",\"url\":\"https:\\\/\\\/www.escapadarural.com\\\/blog\\\/autor\\\/carmenlopez\\\/\"}]}<\/script>\n<!-- \/ Yoast SEO plugin. -->","yoast_head_json":{"title":"Qu\u00e9 ver y hacer en Candeleda en un fin de semana - EscapadaRural","robots":{"index":"index","follow":"follow","max-snippet":"max-snippet:-1","max-image-preview":"max-image-preview:large","max-video-preview":"max-video-preview:-1"},"canonical":"https:\/\/www.escapadarural.com\/blog\/que-ver-en-candeleda\/","og_locale":"es_ES","og_type":"article","og_title":"Qu\u00e9 ver y hacer en Candeleda en un fin de semana - EscapadaRural","og_description":"Candeleda est\u00e1 considerado como uno de los pueblos m\u00e1s singulares del valle del Ti\u00e9tar, al sur de \u00c1vila, adem\u00e1s de uno de los m\u00e1s fotografiados. Est\u00e1 es una mini gu\u00eda de qu\u00e9 ver en Candeleda un fin de semana.","og_url":"https:\/\/www.escapadarural.com\/blog\/que-ver-en-candeleda\/","og_site_name":"Magazine de viajes de EscapadaRural","article_publisher":"https:\/\/www.facebook.com\/escapadarural","article_published_time":"2023-03-03T08:31:28+00:00","article_modified_time":"2025-03-11T13:18:14+00:00","og_image":[{"width":1024,"height":768,"url":"https:\/\/www.escapadarural.com\/blog\/wp-content\/uploads\/2024\/10\/Candeleda-RRSS-1024x768-1.jpeg","type":"image\/jpeg"}],"author":"Carmen L\u00f3pez","twitter_card":"summary_large_image","twitter_misc":{"Escrito por":"Carmen L\u00f3pez","Tiempo de lectura":"7 minutos"},"schema":{"@context":"https:\/\/schema.org","@graph":[{"@type":"Article","@id":"https:\/\/www.escapadarural.com\/blog\/que-ver-en-candeleda\/#article","isPartOf":{"@id":"https:\/\/www.escapadarural.com\/blog\/que-ver-en-candeleda\/"},"author":{"name":"Carmen L\u00f3pez","@id":"https:\/\/www.escapadarural.com\/blog\/#\/schema\/person\/42dfdff6118172efc6a04c8ae599a2ce"},"headline":"Qu\u00e9 ver y hacer en Candeleda en un fin de semana","datePublished":"2023-03-03T08:31:28+00:00","dateModified":"2025-03-11T13:18:14+00:00","mainEntityOfPage":{"@id":"https:\/\/www.escapadarural.com\/blog\/que-ver-en-candeleda\/"},"wordCount":1219,"commentCount":1,"publisher":{"@id":"https:\/\/www.escapadarural.com\/blog\/#organization"},"image":{"@id":"https:\/\/www.escapadarural.com\/blog\/que-ver-en-candeleda\/#primaryimage"},"thumbnailUrl":"https:\/\/www.escapadarural.com\/blog\/wp-content\/uploads\/2024\/10\/Candeleda-RRSS-1024x768-1.jpeg","keywords":["\u00c1vila","Candeleda","casa de las flores","Gu\u00eda","Sierra de Gredos","Valle del Ti\u00e9tar"],"articleSection":["Destinos"],"inLanguage":"es","potentialAction":[{"@type":"CommentAction","name":"Comment","target":["https:\/\/www.escapadarural.com\/blog\/que-ver-en-candeleda\/#respond"]}]},{"@type":"WebPage","@id":"https:\/\/www.escapadarural.com\/blog\/que-ver-en-candeleda\/","url":"https:\/\/www.escapadarural.com\/blog\/que-ver-en-candeleda\/","name":"Qu\u00e9 ver y hacer en Candeleda en un fin de semana - EscapadaRural","isPartOf":{"@id":"https:\/\/www.escapadarural.com\/blog\/#website"},"primaryImageOfPage":{"@id":"https:\/\/www.escapadarural.com\/blog\/que-ver-en-candeleda\/#primaryimage"},"image":{"@id":"https:\/\/www.escapadarural.com\/blog\/que-ver-en-candeleda\/#primaryimage"},"thumbnailUrl":"https:\/\/www.escapadarural.com\/blog\/wp-content\/uploads\/2024\/10\/Candeleda-RRSS-1024x768-1.jpeg","datePublished":"2023-03-03T08:31:28+00:00","dateModified":"2025-03-11T13:18:14+00:00","breadcrumb":{"@id":"https:\/\/www.escapadarural.com\/blog\/que-ver-en-candeleda\/#breadcrumb"},"inLanguage":"es","potentialAction":[{"@type":"ReadAction","target":["https:\/\/www.escapadarural.com\/blog\/que-ver-en-candeleda\/"]}]},{"@type":"ImageObject","inLanguage":"es","@id":"https:\/\/www.escapadarural.com\/blog\/que-ver-en-candeleda\/#primaryimage","url":"https:\/\/www.escapadarural.com\/blog\/wp-content\/uploads\/2024\/10\/Candeleda-RRSS-1024x768-1.jpeg","contentUrl":"https:\/\/www.escapadarural.com\/blog\/wp-content\/uploads\/2024\/10\/Candeleda-RRSS-1024x768-1.jpeg","width":1024,"height":768,"caption":"Candeleda, en \u00c1vila. Por Rodrigo"},{"@type":"BreadcrumbList","@id":"https:\/\/www.escapadarural.com\/blog\/que-ver-en-candeleda\/#breadcrumb","itemListElement":[{"@type":"ListItem","position":1,"name":"Inicio","item":"https:\/\/www.escapadarural.com\/blog\/"},{"@type":"ListItem","position":2,"name":"Destinos","item":"https:\/\/www.escapadarural.com\/blog\/categoria\/destinos\/"},{"@type":"ListItem","position":3,"name":"Qu\u00e9 ver y hacer en Candeleda en un fin de semana"}]},{"@type":"WebSite","@id":"https:\/\/www.escapadarural.com\/blog\/#website","url":"https:\/\/www.escapadarural.com\/blog\/","name":"Blog de viajes | turismo rural, alojamientos e inspiraci\u00f3n","description":"Alojamientos rurales e inspiraci\u00f3n para tus escapadas","publisher":{"@id":"https:\/\/www.escapadarural.com\/blog\/#organization"},"alternateName":"Magazine de viajes de EscapadaRural","potentialAction":[{"@type":"SearchAction","target":{"@type":"EntryPoint","urlTemplate":"https:\/\/www.escapadarural.com\/blog\/?s={search_term_string}"},"query-input":{"@type":"PropertyValueSpecification","valueRequired":true,"valueName":"search_term_string"}}],"inLanguage":"es"},{"@type":"Organization","@id":"https:\/\/www.escapadarural.com\/blog\/#organization","name":"EscapadaRural","url":"https:\/\/www.escapadarural.com\/blog\/","logo":{"@type":"ImageObject","inLanguage":"es","@id":"https:\/\/www.escapadarural.com\/blog\/#\/schema\/logo\/image\/","url":"https:\/\/www.escapadarural.com\/blog\/wp-content\/uploads\/2024\/10\/cropped-cropped-escapada-rural-icon-mag-3.png","contentUrl":"https:\/\/www.escapadarural.com\/blog\/wp-content\/uploads\/2024\/10\/cropped-cropped-escapada-rural-icon-mag-3.png","width":512,"height":512,"caption":"EscapadaRural"},"image":{"@id":"https:\/\/www.escapadarural.com\/blog\/#\/schema\/logo\/image\/"},"sameAs":["https:\/\/www.facebook.com\/escapadarural","https:\/\/www.instagram.com\/escapadarural\/","https:\/\/www.youtube.com\/@escapadaruralcom"]},{"@type":"Person","@id":"https:\/\/www.escapadarural.com\/blog\/#\/schema\/person\/42dfdff6118172efc6a04c8ae599a2ce","name":"Carmen L\u00f3pez","image":{"@type":"ImageObject","inLanguage":"es","@id":"https:\/\/www.escapadarural.com\/blog\/wp-content\/uploads\/2024\/11\/cropped-perfil_eldiario-96x96-1-96x96.jpeg","url":"https:\/\/www.escapadarural.com\/blog\/wp-content\/uploads\/2024\/11\/cropped-perfil_eldiario-96x96-1-96x96.jpeg","contentUrl":"https:\/\/www.escapadarural.com\/blog\/wp-content\/uploads\/2024\/11\/cropped-perfil_eldiario-96x96-1-96x96.jpeg","caption":"Carmen L\u00f3pez"},"description":"Soy periodista y escribo sobre cosas que importan en sitios que interesan desde hace m\u00e1s de una d\u00e9cada.","url":"https:\/\/www.escapadarural.com\/blog\/autor\/carmenlopez\/"}]}},"_links":{"self":[{"href":"https:\/\/www.escapadarural.com\/blog\/wp-json\/wp\/v2\/posts\/58419","targetHints":{"allow":["GET"]}}],"collection":[{"href":"https:\/\/www.escapadarural.com\/blog\/wp-json\/wp\/v2\/posts"}],"about":[{"href":"https:\/\/www.escapadarural.com\/blog\/wp-json\/wp\/v2\/types\/post"}],"author":[{"embeddable":true,"href":"https:\/\/www.escapadarural.com\/blog\/wp-json\/wp\/v2\/users\/114"}],"replies":[{"embeddable":true,"href":"https:\/\/www.escapadarural.com\/blog\/wp-json\/wp\/v2\/comments?post=58419"}],"version-history":[{"count":0,"href":"https:\/\/www.escapadarural.com\/blog\/wp-json\/wp\/v2\/posts\/58419\/revisions"}],"wp:featuredmedia":[{"embeddable":true,"href":"https:\/\/www.escapadarural.com\/blog\/wp-json\/wp\/v2\/media\/92281"}],"wp:attachment":[{"href":"https:\/\/www.escapadarural.com\/blog\/wp-json\/wp\/v2\/media?parent=58419"}],"wp:term":[{"taxonomy":"category","embeddable":true,"href":"https:\/\/www.escapadarural.com\/blog\/wp-json\/wp\/v2\/categories?post=58419"},{"taxonomy":"post_tag","embeddable":true,"href":"https:\/\/www.escapadarural.com\/blog\/wp-json\/wp\/v2\/tags?post=58419"}],"curies":[{"name":"wp","href":"https:\/\/api.w.org\/{rel}","templated":true}]}}