{"id":58432,"date":"2023-03-25T09:00:00","date_gmt":"2023-03-25T08:00:00","guid":{"rendered":"https:\/\/www.escapadarural.com\/blog\/?p=58432"},"modified":"2026-02-05T14:19:36","modified_gmt":"2026-02-05T13:19:36","slug":"melocotoneros-de-aitona-fruiturismo","status":"publish","type":"post","link":"https:\/\/www.escapadarural.com\/blog\/melocotoneros-de-aitona-fruiturismo\/","title":{"rendered":"Los melocotoneros de Aitona, el paisaje rosa de moda y otros lugares para hacer fruiturismo"},"content":{"rendered":"\n<p>En 2022, la cineasta Carla Sim\u00f3n mostr\u00f3 al mundo, en pantalla grande, la vida de una familia dedicada al <strong>cultivo del melocot\u00f3n en Catalu\u00f1a<\/strong>. Ganadora de una impresionante ristra de premios \u2013entre ellos, el Oso de Oro del Festival de Cine de Berl\u00edn\u2013 no solo ense\u00f1\u00f3 una realidad sino tambi\u00e9n un paisaje que mucha gente no conoc\u00eda. No es la zona m\u00e1s tur\u00edstica de la Comunidad, que se concentra m\u00e1s en la zona de la costa, los Pirineos o Barcelona, por lo que tiene el atractivo del factor sorpresa. Hasta ahora, al menos.<\/p>\n\n\n\n<p>Curiosamente,<strong> <\/strong><a href=\"https:\/\/www.escapadarural.com\/blog\/alcarras-lleida-revoluciona-el-cine\/\">Alcarr\u00e0s<\/a>, el sitio en el que transcurre y da t\u00edtulo al filme de la directora, se encuentra a apenas 14 kil\u00f3metros de otro lugar que tambi\u00e9n es <strong>famoso por sus melocotones. <\/strong>En <a href=\"https:\/\/www.escapadarural.com\/casas-rurales\/aitona\">Aitona<\/a> son conscientes de las posibilidades que ofrece ese \u00e1rbol para promocionar el lugar y atraer a visitantes y ya hace a\u00f1os que el Ayuntamiento impulsa un proyecto para materializar esa idea. <strong>Lleva el nombre de <em><a href=\"https:\/\/fruiturisme.info\/es\/\" target=\"_blank\" rel=\"noreferrer noopener\">fruiturisme<\/a><\/em><\/strong>, que viene a ser algo as\u00ed como \u2018turismo frutal\u2019.<\/p>\n\n\n\n<h2 class=\"wp-block-heading\" id=\"h-cuando-y-como-disfrutar-de-los-melocotoneros-de-aitona\">Cu\u00e1ndo y c\u00f3mo disfrutar de los melocotoneros de Aitona<\/h2>\n\n\n\n<figure class=\"wp-block-image size-large\"><img loading=\"lazy\" decoding=\"async\" width=\"1024\" height=\"683\" src=\"https:\/\/www.escapadarural.com\/blog\/wp-content\/uploads\/2024\/03\/AdobeStock_586476461-scaled-1-1024x683.jpeg\" alt=\"Primavera en Aitona\" class=\"wp-image-71669\" srcset=\"https:\/\/www.escapadarural.com\/blog\/wp-content\/uploads\/2024\/03\/AdobeStock_586476461-scaled-1-200x133.jpeg 200w, https:\/\/www.escapadarural.com\/blog\/wp-content\/uploads\/2024\/03\/AdobeStock_586476461-scaled-1-300x200.jpeg 300w, https:\/\/www.escapadarural.com\/blog\/wp-content\/uploads\/2024\/03\/AdobeStock_586476461-scaled-1-400x267.jpeg 400w, https:\/\/www.escapadarural.com\/blog\/wp-content\/uploads\/2024\/03\/AdobeStock_586476461-scaled-1-600x400.jpeg 600w, https:\/\/www.escapadarural.com\/blog\/wp-content\/uploads\/2024\/03\/AdobeStock_586476461-scaled-1-768x512.jpeg 768w, https:\/\/www.escapadarural.com\/blog\/wp-content\/uploads\/2024\/03\/AdobeStock_586476461-scaled-1-800x533.jpeg 800w, https:\/\/www.escapadarural.com\/blog\/wp-content\/uploads\/2024\/03\/AdobeStock_586476461-scaled-1-1024x683.jpeg 1024w, https:\/\/www.escapadarural.com\/blog\/wp-content\/uploads\/2024\/03\/AdobeStock_586476461-scaled-1-1200x800.jpeg 1200w, https:\/\/www.escapadarural.com\/blog\/wp-content\/uploads\/2024\/03\/AdobeStock_586476461-scaled-1-1536x1024.jpeg 1536w\" sizes=\"auto, (max-width: 1024px) 100vw, 1024px\" \/><figcaption class=\"wp-element-caption\">Primavera en Aitona. Por Nestor<\/figcaption><\/figure>\n\n\n\n<p>La respuesta r\u00e1pida a la pregunta de cu\u00e1l es la mejor \u00e9poca para visitar los melocotoneros de Aitona es<strong> \u201cla temporada de la floraci\u00f3n\u201d<\/strong> por el espect\u00e1culo de colores rosados que ofrece la flor del melocotonero. No comienza en una fecha exacta, porque la naturaleza tiene sus propios ritmos y en ellos influyen muchos factores, pero suele ser entre finales de febrero y mediados o finales de marzo. Generalmente, si hace mucho fr\u00edo la flor tarda un poco m\u00e1s en salir, lo contrario a lo que sucede si el clima es c\u00e1lido, que se adelanta.<\/p>\n\n\n\n<p>Durante ese periodo, los interesados pueden disfrutar de una <strong>visita guiada por los campos en flor<\/strong>, pero las actividades no terminan con la ca\u00edda del \u00faltimo p\u00e9talo. En cada estaci\u00f3n hay una propuesta relacionada con sus caracter\u00edsticas. Por ejemplo, en verano, el camino transcurre por los mismos campos pero ya cargados de melocotones, por lo que los sentidos del olfato y el gusto tambi\u00e9n se sentir\u00e1n estimulados.&nbsp;<\/p>\n\n\n\n<p>En oto\u00f1o, el festival est\u00e1 dirigido, sobre todo, a la vista porque las hojas de los \u00e1rboles construyen un universo de marrones y amarillos pero tambi\u00e9n al o\u00eddo, porque el silencio impera. Y en invierno, esa \u00e9poca en la que parece que no ocurre nada, en Aitona muestran c\u00f3mo los agricultores preparan los \u00e1rboles para el nuevo ciclo y c\u00f3mo es la experiencia de moverse entre la niebla.<\/p>\n\n\n\n<p>Adem\u00e1s, el territorio <strong>ofrece otras posibilidades de ruta<\/strong>. Est\u00e1 el recorrido por el centro del pueblo, en el que se pueden ver monumentos como la iglesia de Sant Antol\u00ed o la capilla de Sant Gaiet\u00e0 y tambi\u00e9n un camino religioso guiado por el legado que tres santos nacidos en el pueblo dejaron para la posteridad. Es<strong> la ruta <em>Aitona, Cuna de Sants<\/em><\/strong> y sigui\u00e9ndola se pasa por puntos relacionados con Santa Teresa de Jes\u00fas Jornet y los beatos Francesc Palau y Josep Cam\u00ed.<\/p>\n\n\n\n<p>Los aficionados a la historia, en concreto a la relacionada con la Guerra Civil espa\u00f1ola, pueden hacer<strong> <a href=\"\/blog\/ruta-robert-capa-de-aitona-guerra-civil\/\">la ruta de Robert Capa<\/a><\/strong>, el famoso fot\u00f3grafo de prensa que en realidad eran dos. Tras ese nombre, se \u2018escond\u00eda\u2019 la pareja profesional y sentimental formada por Ern\u00f6 Friedmann y Greta Taro, que retrat\u00f3 algunos de los momentos m\u00e1s importantes de la contienda. Uno de los que vivieron fue el \u00faltimo ataque del ej\u00e9rcito republicano en Catalu\u00f1a, que tuvo lugar en 1938 en esta zona.<\/p>\n\n\n\n<p>Por supuesto, se puede disfrutar del <strong>sabor de los melocotones en su punto \u00e1lgido<\/strong> si se visita Aitona en el momento adecuado y, una vez al a\u00f1o (finales de febrero-marzo) se organizan viajes en globo para ver los colores desde el cielo.<\/p>\n\n\n\n<div class=\"wp-block-buttons is-layout-flex wp-block-buttons-is-layout-flex\">\n<div class=\"wp-block-button\"><a class=\"wp-block-button__link wp-element-button\" href=\"https:\/\/www.escapadarural.com\/casas-rurales\/aitona\">Casas rurales en Aitona<\/a><\/div>\n<\/div>\n\n\n\n<h2 class=\"wp-block-heading\" id=\"h-mas-fruiturismo-o-hanami\"><strong>M\u00e1s fruiturismo o <em>hanami<\/em><\/strong><\/h2>\n\n\n\n<p>Este pueblo de Lleida no es el \u00fanico que ha decidido poner la floraci\u00f3n de sus \u00e1rboles al servicio del turismo. De hecho, los japoneses, expertos en el tema gracias a sus cerezos, tienen un nombre que define la actividad de <strong>observar las flores de los \u00e1rboles: <\/strong><strong><em>hanami<\/em><\/strong>. Algo que en Espa\u00f1a puede practicarse en una gran cantidad de sitios.<\/p>\n\n\n\n<p>De hecho, no hace falta ni salir de Catalu\u00f1a. La comarca de la <a href=\"https:\/\/www.escapadarural.com\/casas-rurales\/ribera-d-ebre\">Ribera d&#8217;Ebre<\/a> relanz\u00f3 en 2022 la campa\u00f1a<strong> tur\u00edstica de la floraci\u00f3n de los \u00e1rboles frutales<\/strong>, con una gran oferta de entretenimiento relacionada con el <em>fruiturismo<\/em>: rutas en coche, a pie, bicicleta o incluso carro, degustaciones de productos o jornadas tem\u00e1ticas son algunas de ellas.<\/p>\n\n\n\n<p>El melocot\u00f3n tambi\u00e9n es popular en Murcia, en concreto en el municipio de <a href=\"https:\/\/www.escapadarural.com\/casas-rurales\/cieza\">Cieza<\/a>. Crece junto a otros \u00e1rboles que dan albaricoques y ciruelas, as\u00ed que las combinaciones de rosas tambi\u00e9n tocan el blanco. All\u00ed, se organiza <strong>la llamada Ruta de la Floraci\u00f3n<\/strong>, que incluye diversas ofertas para introducirse en la experiencia.<\/p>\n\n\n\n<p>Extremadura es otra tierra que ofrece citas obligadas a los fruituristas. La m\u00e1s conocida es la de <a href=\"https:\/\/www.escapadarural.com\/blog\/12-casas-rurales-para-ver-el-cerezo-en-flor-del-jerte\/\">los cerezos del Valle del Jerte<\/a>, pero desde hace un par de a\u00f1os tambi\u00e9n se ha popularizado la floraci\u00f3n de otra planta que no es \u00e1rbol sino arbusto. Se trata del piorno, que entre mayo y junio,<strong> ti\u00f1e de amarillo los prados de la <\/strong><a href=\"https:\/\/www.escapadarural.com\/casas-rurales\/sierra-de-gredos\"><strong>Sierra de Gredos<\/strong><\/a>. La Asociaci\u00f3n de Empresarios de Gredos Norte (ASENORG) organiza cada a\u00f1o el Festival del Piorno en Flor para explotar las posibilidades de <em>hanami<\/em> en esta zona que abarca 25 municipios nada menos.<\/p>\n\n\n\n<p>El espect\u00e1culo que ofrecen los almendros es blanco y se puede disfrutar en invierno en lugares como<strong> <\/strong>la sierra de la Tramuntana en <a href=\"https:\/\/www.escapadarural.com\/casas-rurales\/mallorca\">Mallorca<\/a>, donde hay m\u00e1s de 10.000 ejemplares. Ya entrada la primavera, en concreto en la primera semana de abril, se puede acudir a la celebraci\u00f3n del <strong>D\u00eda del Ciruelo en Flor en la localidad riojana de <\/strong><a href=\"https:\/\/www.escapadarural.com\/casas-rurales\/nalda\"><strong>Nalda<\/strong><\/a>.&nbsp;<\/p>\n\n\n\n<p>All\u00ed, como en todos <strong>los puntos claves del <\/strong><strong><em>fruiturismo<\/em><\/strong><strong> nacional<\/strong>, se organizan diversas actividades gastron\u00f3micas y culturales relacionadas con la variedad de ciruela claudia verde. Una buena manera de seguir la recomendaci\u00f3n de la Organizaci\u00f3n Mundial de la Salud: consumir, al menos, cinco piezas de fruta y verdura al d\u00eda.<\/p>\n","protected":false},"excerpt":{"rendered":"<p>Con la llegada de la primavera, muchos paisajes de Espa\u00f1a se vuelven rosas. Es el caso de la floraci\u00f3n de los melocotoneros de Aitona, el paisaje de moda. Aunque no es el \u00fanico donde realizar fruiturismo<\/p>\n","protected":false},"author":114,"featured_media":59139,"comment_status":"open","ping_status":"open","sticky":false,"template":"","format":"standard","meta":{"_acf_changed":false,"om_disable_all_campaigns":false,"footnotes":""},"categories":[191],"tags":[4996,3998,260,1246,4998,4999,5000,3284,196,257],"class_list":["post-58432","post","type-post","status-publish","format-standard","has-post-thumbnail","hentry","category-destinos","tag-aitona","tag-alcarras","tag-articulo","tag-floracion","tag-fruiturisme","tag-fruiturismo","tag-frutales","tag-hanami","tag-que-ver-en-lleida","tag-primavera"],"acf":[],"featured_image_src":"https:\/\/www.escapadarural.com\/blog\/wp-content\/uploads\/2023\/03\/Aitona-melocotoneros-1-scaled-1.jpg","author_info":{"display_name":"Carmen L\u00f3pez","author_link":"https:\/\/www.escapadarural.com\/blog\/autor\/carmenlopez\/"},"yoast_head":"<!-- This site is optimized with the Yoast SEO plugin v27.5 - https:\/\/yoast.com\/product\/yoast-seo-wordpress\/ -->\n<title>Los melocotoneros de Aitona, el paisaje rosa de moda y otros lugares para hacer fruiturismo - EscapadaRural<\/title>\n<meta name=\"robots\" content=\"index, follow, max-snippet:-1, max-image-preview:large, max-video-preview:-1\" \/>\n<link rel=\"canonical\" href=\"https:\/\/www.escapadarural.com\/blog\/melocotoneros-de-aitona-fruiturismo\/\" \/>\n<meta property=\"og:locale\" content=\"es_ES\" \/>\n<meta property=\"og:type\" content=\"article\" \/>\n<meta property=\"og:title\" content=\"Los melocotoneros de Aitona, el paisaje rosa de moda y otros lugares para hacer fruiturismo - EscapadaRural\" \/>\n<meta property=\"og:description\" content=\"Con la llegada de la primavera, muchos paisajes de Espa\u00f1a se vuelven rosas. Es el caso de la floraci\u00f3n de los melocotoneros de Aitona, el paisaje de moda. Aunque no es el \u00fanico donde realizar fruiturismo\" \/>\n<meta property=\"og:url\" content=\"https:\/\/www.escapadarural.com\/blog\/melocotoneros-de-aitona-fruiturismo\/\" \/>\n<meta property=\"og:site_name\" content=\"Magazine de viajes de EscapadaRural\" \/>\n<meta property=\"article:publisher\" content=\"https:\/\/www.facebook.com\/escapadarural\" \/>\n<meta property=\"article:published_time\" content=\"2023-03-25T08:00:00+00:00\" \/>\n<meta property=\"article:modified_time\" content=\"2026-02-05T13:19:36+00:00\" \/>\n<meta property=\"og:image\" content=\"https:\/\/www.escapadarural.com\/blog\/wp-content\/uploads\/2023\/03\/Aitona-melocotoneros-1-scaled-1.jpg\" \/>\n\t<meta property=\"og:image:width\" content=\"2048\" \/>\n\t<meta property=\"og:image:height\" content=\"1159\" \/>\n\t<meta property=\"og:image:type\" content=\"image\/jpeg\" \/>\n<meta name=\"author\" content=\"Carmen L\u00f3pez\" \/>\n<meta name=\"twitter:card\" content=\"summary_large_image\" \/>\n<meta name=\"twitter:label1\" content=\"Escrito por\" \/>\n\t<meta name=\"twitter:data1\" content=\"Carmen L\u00f3pez\" \/>\n\t<meta name=\"twitter:label2\" content=\"Tiempo de lectura\" \/>\n\t<meta name=\"twitter:data2\" content=\"6 minutos\" \/>\n<script type=\"application\/ld+json\" class=\"yoast-schema-graph\">{\"@context\":\"https:\\\/\\\/schema.org\",\"@graph\":[{\"@type\":\"Article\",\"@id\":\"https:\\\/\\\/www.escapadarural.com\\\/blog\\\/melocotoneros-de-aitona-fruiturismo\\\/#article\",\"isPartOf\":{\"@id\":\"https:\\\/\\\/www.escapadarural.com\\\/blog\\\/melocotoneros-de-aitona-fruiturismo\\\/\"},\"author\":{\"name\":\"Carmen L\u00f3pez\",\"@id\":\"https:\\\/\\\/www.escapadarural.com\\\/blog\\\/#\\\/schema\\\/person\\\/42dfdff6118172efc6a04c8ae599a2ce\"},\"headline\":\"Los melocotoneros de Aitona, el paisaje rosa de moda y otros lugares para hacer fruiturismo\",\"datePublished\":\"2023-03-25T08:00:00+00:00\",\"dateModified\":\"2026-02-05T13:19:36+00:00\",\"mainEntityOfPage\":{\"@id\":\"https:\\\/\\\/www.escapadarural.com\\\/blog\\\/melocotoneros-de-aitona-fruiturismo\\\/\"},\"wordCount\":1090,\"commentCount\":1,\"publisher\":{\"@id\":\"https:\\\/\\\/www.escapadarural.com\\\/blog\\\/#organization\"},\"image\":{\"@id\":\"https:\\\/\\\/www.escapadarural.com\\\/blog\\\/melocotoneros-de-aitona-fruiturismo\\\/#primaryimage\"},\"thumbnailUrl\":\"https:\\\/\\\/www.escapadarural.com\\\/blog\\\/wp-content\\\/uploads\\\/2023\\\/03\\\/Aitona-melocotoneros-1-scaled-1.jpg\",\"keywords\":[\"aitona\",\"Alcarr\u00e0s\",\"art\u00edculo\",\"floraci\u00f3n\",\"Fruiturisme\",\"Fruiturismo\",\"frutales\",\"hanami\",\"Lleida\",\"Primavera\"],\"articleSection\":[\"Destinos\"],\"inLanguage\":\"es\",\"potentialAction\":[{\"@type\":\"CommentAction\",\"name\":\"Comment\",\"target\":[\"https:\\\/\\\/www.escapadarural.com\\\/blog\\\/melocotoneros-de-aitona-fruiturismo\\\/#respond\"]}]},{\"@type\":\"WebPage\",\"@id\":\"https:\\\/\\\/www.escapadarural.com\\\/blog\\\/melocotoneros-de-aitona-fruiturismo\\\/\",\"url\":\"https:\\\/\\\/www.escapadarural.com\\\/blog\\\/melocotoneros-de-aitona-fruiturismo\\\/\",\"name\":\"Los melocotoneros de Aitona, el paisaje rosa de moda y otros lugares para hacer fruiturismo - EscapadaRural\",\"isPartOf\":{\"@id\":\"https:\\\/\\\/www.escapadarural.com\\\/blog\\\/#website\"},\"primaryImageOfPage\":{\"@id\":\"https:\\\/\\\/www.escapadarural.com\\\/blog\\\/melocotoneros-de-aitona-fruiturismo\\\/#primaryimage\"},\"image\":{\"@id\":\"https:\\\/\\\/www.escapadarural.com\\\/blog\\\/melocotoneros-de-aitona-fruiturismo\\\/#primaryimage\"},\"thumbnailUrl\":\"https:\\\/\\\/www.escapadarural.com\\\/blog\\\/wp-content\\\/uploads\\\/2023\\\/03\\\/Aitona-melocotoneros-1-scaled-1.jpg\",\"datePublished\":\"2023-03-25T08:00:00+00:00\",\"dateModified\":\"2026-02-05T13:19:36+00:00\",\"breadcrumb\":{\"@id\":\"https:\\\/\\\/www.escapadarural.com\\\/blog\\\/melocotoneros-de-aitona-fruiturismo\\\/#breadcrumb\"},\"inLanguage\":\"es\",\"potentialAction\":[{\"@type\":\"ReadAction\",\"target\":[\"https:\\\/\\\/www.escapadarural.com\\\/blog\\\/melocotoneros-de-aitona-fruiturismo\\\/\"]}]},{\"@type\":\"ImageObject\",\"inLanguage\":\"es\",\"@id\":\"https:\\\/\\\/www.escapadarural.com\\\/blog\\\/melocotoneros-de-aitona-fruiturismo\\\/#primaryimage\",\"url\":\"https:\\\/\\\/www.escapadarural.com\\\/blog\\\/wp-content\\\/uploads\\\/2023\\\/03\\\/Aitona-melocotoneros-1-scaled-1.jpg\",\"contentUrl\":\"https:\\\/\\\/www.escapadarural.com\\\/blog\\\/wp-content\\\/uploads\\\/2023\\\/03\\\/Aitona-melocotoneros-1-scaled-1.jpg\",\"width\":2048,\"height\":1159,\"caption\":\"Melocotoneros de Aitona. Por caftor\"},{\"@type\":\"BreadcrumbList\",\"@id\":\"https:\\\/\\\/www.escapadarural.com\\\/blog\\\/melocotoneros-de-aitona-fruiturismo\\\/#breadcrumb\",\"itemListElement\":[{\"@type\":\"ListItem\",\"position\":1,\"name\":\"Inicio\",\"item\":\"https:\\\/\\\/www.escapadarural.com\\\/blog\\\/\"},{\"@type\":\"ListItem\",\"position\":2,\"name\":\"Destinos\",\"item\":\"https:\\\/\\\/www.escapadarural.com\\\/blog\\\/categoria\\\/destinos\\\/\"},{\"@type\":\"ListItem\",\"position\":3,\"name\":\"Los melocotoneros de Aitona, el paisaje rosa de moda y otros lugares para hacer fruiturismo\"}]},{\"@type\":\"WebSite\",\"@id\":\"https:\\\/\\\/www.escapadarural.com\\\/blog\\\/#website\",\"url\":\"https:\\\/\\\/www.escapadarural.com\\\/blog\\\/\",\"name\":\"Blog de viajes | turismo rural, alojamientos e inspiraci\u00f3n\",\"description\":\"Alojamientos rurales e inspiraci\u00f3n para tus escapadas\",\"publisher\":{\"@id\":\"https:\\\/\\\/www.escapadarural.com\\\/blog\\\/#organization\"},\"alternateName\":\"Magazine de viajes de EscapadaRural\",\"potentialAction\":[{\"@type\":\"SearchAction\",\"target\":{\"@type\":\"EntryPoint\",\"urlTemplate\":\"https:\\\/\\\/www.escapadarural.com\\\/blog\\\/?s={search_term_string}\"},\"query-input\":{\"@type\":\"PropertyValueSpecification\",\"valueRequired\":true,\"valueName\":\"search_term_string\"}}],\"inLanguage\":\"es\"},{\"@type\":\"Organization\",\"@id\":\"https:\\\/\\\/www.escapadarural.com\\\/blog\\\/#organization\",\"name\":\"EscapadaRural\",\"url\":\"https:\\\/\\\/www.escapadarural.com\\\/blog\\\/\",\"logo\":{\"@type\":\"ImageObject\",\"inLanguage\":\"es\",\"@id\":\"https:\\\/\\\/www.escapadarural.com\\\/blog\\\/#\\\/schema\\\/logo\\\/image\\\/\",\"url\":\"https:\\\/\\\/www.escapadarural.com\\\/blog\\\/wp-content\\\/uploads\\\/2024\\\/10\\\/cropped-cropped-escapada-rural-icon-mag-3.png\",\"contentUrl\":\"https:\\\/\\\/www.escapadarural.com\\\/blog\\\/wp-content\\\/uploads\\\/2024\\\/10\\\/cropped-cropped-escapada-rural-icon-mag-3.png\",\"width\":512,\"height\":512,\"caption\":\"EscapadaRural\"},\"image\":{\"@id\":\"https:\\\/\\\/www.escapadarural.com\\\/blog\\\/#\\\/schema\\\/logo\\\/image\\\/\"},\"sameAs\":[\"https:\\\/\\\/www.facebook.com\\\/escapadarural\",\"https:\\\/\\\/www.instagram.com\\\/escapadarural\\\/\",\"https:\\\/\\\/www.youtube.com\\\/@escapadaruralcom\"]},{\"@type\":\"Person\",\"@id\":\"https:\\\/\\\/www.escapadarural.com\\\/blog\\\/#\\\/schema\\\/person\\\/42dfdff6118172efc6a04c8ae599a2ce\",\"name\":\"Carmen L\u00f3pez\",\"image\":{\"@type\":\"ImageObject\",\"inLanguage\":\"es\",\"@id\":\"https:\\\/\\\/www.escapadarural.com\\\/blog\\\/wp-content\\\/uploads\\\/2024\\\/11\\\/cropped-perfil_eldiario-96x96-1-96x96.jpeg\",\"url\":\"https:\\\/\\\/www.escapadarural.com\\\/blog\\\/wp-content\\\/uploads\\\/2024\\\/11\\\/cropped-perfil_eldiario-96x96-1-96x96.jpeg\",\"contentUrl\":\"https:\\\/\\\/www.escapadarural.com\\\/blog\\\/wp-content\\\/uploads\\\/2024\\\/11\\\/cropped-perfil_eldiario-96x96-1-96x96.jpeg\",\"caption\":\"Carmen L\u00f3pez\"},\"description\":\"Soy periodista y escribo sobre cosas que importan en sitios que interesan desde hace m\u00e1s de una d\u00e9cada.\",\"url\":\"https:\\\/\\\/www.escapadarural.com\\\/blog\\\/autor\\\/carmenlopez\\\/\"}]}<\/script>\n<!-- \/ Yoast SEO plugin. -->","yoast_head_json":{"title":"Los melocotoneros de Aitona, el paisaje rosa de moda y otros lugares para hacer fruiturismo - EscapadaRural","robots":{"index":"index","follow":"follow","max-snippet":"max-snippet:-1","max-image-preview":"max-image-preview:large","max-video-preview":"max-video-preview:-1"},"canonical":"https:\/\/www.escapadarural.com\/blog\/melocotoneros-de-aitona-fruiturismo\/","og_locale":"es_ES","og_type":"article","og_title":"Los melocotoneros de Aitona, el paisaje rosa de moda y otros lugares para hacer fruiturismo - EscapadaRural","og_description":"Con la llegada de la primavera, muchos paisajes de Espa\u00f1a se vuelven rosas. Es el caso de la floraci\u00f3n de los melocotoneros de Aitona, el paisaje de moda. Aunque no es el \u00fanico donde realizar fruiturismo","og_url":"https:\/\/www.escapadarural.com\/blog\/melocotoneros-de-aitona-fruiturismo\/","og_site_name":"Magazine de viajes de EscapadaRural","article_publisher":"https:\/\/www.facebook.com\/escapadarural","article_published_time":"2023-03-25T08:00:00+00:00","article_modified_time":"2026-02-05T13:19:36+00:00","og_image":[{"width":2048,"height":1159,"url":"https:\/\/www.escapadarural.com\/blog\/wp-content\/uploads\/2023\/03\/Aitona-melocotoneros-1-scaled-1.jpg","type":"image\/jpeg"}],"author":"Carmen L\u00f3pez","twitter_card":"summary_large_image","twitter_misc":{"Escrito por":"Carmen L\u00f3pez","Tiempo de lectura":"6 minutos"},"schema":{"@context":"https:\/\/schema.org","@graph":[{"@type":"Article","@id":"https:\/\/www.escapadarural.com\/blog\/melocotoneros-de-aitona-fruiturismo\/#article","isPartOf":{"@id":"https:\/\/www.escapadarural.com\/blog\/melocotoneros-de-aitona-fruiturismo\/"},"author":{"name":"Carmen L\u00f3pez","@id":"https:\/\/www.escapadarural.com\/blog\/#\/schema\/person\/42dfdff6118172efc6a04c8ae599a2ce"},"headline":"Los melocotoneros de Aitona, el paisaje rosa de moda y otros lugares para hacer fruiturismo","datePublished":"2023-03-25T08:00:00+00:00","dateModified":"2026-02-05T13:19:36+00:00","mainEntityOfPage":{"@id":"https:\/\/www.escapadarural.com\/blog\/melocotoneros-de-aitona-fruiturismo\/"},"wordCount":1090,"commentCount":1,"publisher":{"@id":"https:\/\/www.escapadarural.com\/blog\/#organization"},"image":{"@id":"https:\/\/www.escapadarural.com\/blog\/melocotoneros-de-aitona-fruiturismo\/#primaryimage"},"thumbnailUrl":"https:\/\/www.escapadarural.com\/blog\/wp-content\/uploads\/2023\/03\/Aitona-melocotoneros-1-scaled-1.jpg","keywords":["aitona","Alcarr\u00e0s","art\u00edculo","floraci\u00f3n","Fruiturisme","Fruiturismo","frutales","hanami","Lleida","Primavera"],"articleSection":["Destinos"],"inLanguage":"es","potentialAction":[{"@type":"CommentAction","name":"Comment","target":["https:\/\/www.escapadarural.com\/blog\/melocotoneros-de-aitona-fruiturismo\/#respond"]}]},{"@type":"WebPage","@id":"https:\/\/www.escapadarural.com\/blog\/melocotoneros-de-aitona-fruiturismo\/","url":"https:\/\/www.escapadarural.com\/blog\/melocotoneros-de-aitona-fruiturismo\/","name":"Los melocotoneros de Aitona, el paisaje rosa de moda y otros lugares para hacer fruiturismo - EscapadaRural","isPartOf":{"@id":"https:\/\/www.escapadarural.com\/blog\/#website"},"primaryImageOfPage":{"@id":"https:\/\/www.escapadarural.com\/blog\/melocotoneros-de-aitona-fruiturismo\/#primaryimage"},"image":{"@id":"https:\/\/www.escapadarural.com\/blog\/melocotoneros-de-aitona-fruiturismo\/#primaryimage"},"thumbnailUrl":"https:\/\/www.escapadarural.com\/blog\/wp-content\/uploads\/2023\/03\/Aitona-melocotoneros-1-scaled-1.jpg","datePublished":"2023-03-25T08:00:00+00:00","dateModified":"2026-02-05T13:19:36+00:00","breadcrumb":{"@id":"https:\/\/www.escapadarural.com\/blog\/melocotoneros-de-aitona-fruiturismo\/#breadcrumb"},"inLanguage":"es","potentialAction":[{"@type":"ReadAction","target":["https:\/\/www.escapadarural.com\/blog\/melocotoneros-de-aitona-fruiturismo\/"]}]},{"@type":"ImageObject","inLanguage":"es","@id":"https:\/\/www.escapadarural.com\/blog\/melocotoneros-de-aitona-fruiturismo\/#primaryimage","url":"https:\/\/www.escapadarural.com\/blog\/wp-content\/uploads\/2023\/03\/Aitona-melocotoneros-1-scaled-1.jpg","contentUrl":"https:\/\/www.escapadarural.com\/blog\/wp-content\/uploads\/2023\/03\/Aitona-melocotoneros-1-scaled-1.jpg","width":2048,"height":1159,"caption":"Melocotoneros de Aitona. Por caftor"},{"@type":"BreadcrumbList","@id":"https:\/\/www.escapadarural.com\/blog\/melocotoneros-de-aitona-fruiturismo\/#breadcrumb","itemListElement":[{"@type":"ListItem","position":1,"name":"Inicio","item":"https:\/\/www.escapadarural.com\/blog\/"},{"@type":"ListItem","position":2,"name":"Destinos","item":"https:\/\/www.escapadarural.com\/blog\/categoria\/destinos\/"},{"@type":"ListItem","position":3,"name":"Los melocotoneros de Aitona, el paisaje rosa de moda y otros lugares para hacer fruiturismo"}]},{"@type":"WebSite","@id":"https:\/\/www.escapadarural.com\/blog\/#website","url":"https:\/\/www.escapadarural.com\/blog\/","name":"Blog de viajes | turismo rural, alojamientos e inspiraci\u00f3n","description":"Alojamientos rurales e inspiraci\u00f3n para tus escapadas","publisher":{"@id":"https:\/\/www.escapadarural.com\/blog\/#organization"},"alternateName":"Magazine de viajes de EscapadaRural","potentialAction":[{"@type":"SearchAction","target":{"@type":"EntryPoint","urlTemplate":"https:\/\/www.escapadarural.com\/blog\/?s={search_term_string}"},"query-input":{"@type":"PropertyValueSpecification","valueRequired":true,"valueName":"search_term_string"}}],"inLanguage":"es"},{"@type":"Organization","@id":"https:\/\/www.escapadarural.com\/blog\/#organization","name":"EscapadaRural","url":"https:\/\/www.escapadarural.com\/blog\/","logo":{"@type":"ImageObject","inLanguage":"es","@id":"https:\/\/www.escapadarural.com\/blog\/#\/schema\/logo\/image\/","url":"https:\/\/www.escapadarural.com\/blog\/wp-content\/uploads\/2024\/10\/cropped-cropped-escapada-rural-icon-mag-3.png","contentUrl":"https:\/\/www.escapadarural.com\/blog\/wp-content\/uploads\/2024\/10\/cropped-cropped-escapada-rural-icon-mag-3.png","width":512,"height":512,"caption":"EscapadaRural"},"image":{"@id":"https:\/\/www.escapadarural.com\/blog\/#\/schema\/logo\/image\/"},"sameAs":["https:\/\/www.facebook.com\/escapadarural","https:\/\/www.instagram.com\/escapadarural\/","https:\/\/www.youtube.com\/@escapadaruralcom"]},{"@type":"Person","@id":"https:\/\/www.escapadarural.com\/blog\/#\/schema\/person\/42dfdff6118172efc6a04c8ae599a2ce","name":"Carmen L\u00f3pez","image":{"@type":"ImageObject","inLanguage":"es","@id":"https:\/\/www.escapadarural.com\/blog\/wp-content\/uploads\/2024\/11\/cropped-perfil_eldiario-96x96-1-96x96.jpeg","url":"https:\/\/www.escapadarural.com\/blog\/wp-content\/uploads\/2024\/11\/cropped-perfil_eldiario-96x96-1-96x96.jpeg","contentUrl":"https:\/\/www.escapadarural.com\/blog\/wp-content\/uploads\/2024\/11\/cropped-perfil_eldiario-96x96-1-96x96.jpeg","caption":"Carmen L\u00f3pez"},"description":"Soy periodista y escribo sobre cosas que importan en sitios que interesan desde hace m\u00e1s de una d\u00e9cada.","url":"https:\/\/www.escapadarural.com\/blog\/autor\/carmenlopez\/"}]}},"_links":{"self":[{"href":"https:\/\/www.escapadarural.com\/blog\/wp-json\/wp\/v2\/posts\/58432","targetHints":{"allow":["GET"]}}],"collection":[{"href":"https:\/\/www.escapadarural.com\/blog\/wp-json\/wp\/v2\/posts"}],"about":[{"href":"https:\/\/www.escapadarural.com\/blog\/wp-json\/wp\/v2\/types\/post"}],"author":[{"embeddable":true,"href":"https:\/\/www.escapadarural.com\/blog\/wp-json\/wp\/v2\/users\/114"}],"replies":[{"embeddable":true,"href":"https:\/\/www.escapadarural.com\/blog\/wp-json\/wp\/v2\/comments?post=58432"}],"version-history":[{"count":0,"href":"https:\/\/www.escapadarural.com\/blog\/wp-json\/wp\/v2\/posts\/58432\/revisions"}],"wp:featuredmedia":[{"embeddable":true,"href":"https:\/\/www.escapadarural.com\/blog\/wp-json\/wp\/v2\/media\/59139"}],"wp:attachment":[{"href":"https:\/\/www.escapadarural.com\/blog\/wp-json\/wp\/v2\/media?parent=58432"}],"wp:term":[{"taxonomy":"category","embeddable":true,"href":"https:\/\/www.escapadarural.com\/blog\/wp-json\/wp\/v2\/categories?post=58432"},{"taxonomy":"post_tag","embeddable":true,"href":"https:\/\/www.escapadarural.com\/blog\/wp-json\/wp\/v2\/tags?post=58432"}],"curies":[{"name":"wp","href":"https:\/\/api.w.org\/{rel}","templated":true}]}}