{"id":58500,"date":"2023-03-06T11:30:12","date_gmt":"2023-03-06T10:30:12","guid":{"rendered":"https:\/\/www.escapadarural.com\/blog\/?p=58500"},"modified":"2025-08-12T16:19:01","modified_gmt":"2025-08-12T14:19:01","slug":"naturaleza-sensorial-region-de-murcia","status":"publish","type":"post","link":"https:\/\/www.escapadarural.com\/blog\/naturaleza-sensorial-region-de-murcia\/","title":{"rendered":"Naturaleza Sensorial: Regi\u00f3n de Murcia, como nunca la has sentido"},"content":{"rendered":"\n<figure class=\"wp-block-image size-large\"><a href=\"https:\/\/www.escapadarural.com\/blog\/wp-content\/uploads\/Region-Murcia-Caballos-Yoga-extra-5-scaled.jpg\"><img decoding=\"async\" src=\"https:\/\/www.escapadarural.com\/blog\/wp-content\/uploads\/2023\/03\/Region-Murcia-Caballos-Yoga-extra-5-1024x683-1.jpg\" alt=\"Naturaleza sensorial en la Regi\u00f3n de Murcia\" class=\"wp-image-58508\"\/><\/a><figcaption class=\"wp-element-caption\">Por: Turismo Regi\u00f3n de Murcia<\/figcaption><\/figure>\n\n\n\n<p>\u00bfCrees que habiendo paseado por el centro de la <strong>ciudad de Murcia<\/strong> y por haber visto su impresionante catedral, por haber estado en La Manga y por haber visitado Caravaca y Cartagena ya lo has hecho todo en esta comunidad aut\u00f3noma? Nada m\u00e1s lejos de la realidad. Alberga grandes tesoros naturales y un sinf\u00edn de propuestas diferentes y originales que nos invitan a conocerla desde los cinco sentidos.<\/p>\n\n\n\n<p><a href=\"https:\/\/www.escapadarural.com\/casas-rurales\/costa-calida\" target=\"_blank\" rel=\"noreferrer noopener\">Costa C\u00e1lida<\/a> &#8211; Regi\u00f3n de Murcia es mucho m\u00e1s que playa: en pocos kil\u00f3metros podremos pasar de estar en las apacibles aguas del Mediterr\u00e1neo a adentrarnos en el <strong>Parque Regional de Sierra Espu\u00f1a<\/strong>, un paisaje natural y cultural \u00fanico. La <a href=\"https:\/\/www.escapadarural.com\/casas-rurales\/murcia\" target=\"_blank\" rel=\"noreferrer noopener\">Regi\u00f3n de Murcia<\/a> es un destino con m\u00e1s de <strong>300 horas de sol anuales<\/strong>, un tiempo maravilloso que nos permite disfrutar de muchas actividades al aire libre a lo largo del a\u00f1o. As\u00ed que para, respira y siente. Descubre una vida a otro ritmo.<\/p>\n\n\n\n<p>Caminos que te llevan a miradores desde los que contemplar la inmensidad de los bosques o atardeceres en playas de arenas ocres y doradas. Ad\u00e9ntrate en un<strong> conjunto de experiencias seleccionadas minuciosamente para saborear cada momento,<\/strong> sentir que el tiempo se detiene, centradas en tu bienestar y en los beneficios que aporta la naturaleza. Te invitamos a aprender a mirar de nuevo, a contemplar el paisaje reconoci\u00e9ndote como parte integrante del mismo.<\/p>\n\n\n\n<p>Vive cada experiencia con los cinco sentidos, descubriendo nuevas sensaciones y aprendiendo a vivir el momento de forma consciente y con un profundo respeto hacia los espacios naturales murcianos. Estas son las propuestas de actividades exclusivas de <strong>\u00abNaturaleza Sensorial\u00bb<\/strong> a tu alcance para mirar, escuchar, saborear, oler y sentir la Regi\u00f3n de Murcia.<\/p>\n\n\n\n<h2 class=\"wp-block-heading\"><strong>Regi\u00f3n de Murcia a trav\u00e9s de la vista<\/strong><\/h2>\n\n\n\n<figure class=\"wp-block-image size-large\"><a href=\"https:\/\/www.escapadarural.com\/blog\/wp-content\/uploads\/Region-de-Murcia-Turismo-sensorial-53-scaled.jpg\"><img decoding=\"async\" src=\"https:\/\/www.escapadarural.com\/blog\/wp-content\/uploads\/2023\/03\/Region-de-Murcia-Turismo-sensorial-53-1024x683-1.jpg\" alt=\"Naturaleza sensorial en Murcia\" class=\"wp-image-58501\"\/><\/a><figcaption class=\"wp-element-caption\">Por: Turismo Regi\u00f3n de Murcia<\/figcaption><\/figure>\n\n\n\n<p>Toda la Regi\u00f3n de Murcia es para verla, pero si hay planes en los que emplearemos especialmente el sentido de la vista es en <a href=\"https:\/\/www.turismoregiondemurcia.es\/es\/actividad?ficha=una-noche-con-las-estrellas-0&amp;empresa=PRD\/8888&amp;arpa=E52396&amp;accion=reservar_ahora&amp;empresa_oferta=antares-naturaleza-y-yoga\" target=\"_blank\" rel=\"noreferrer noopener nofollow\">\u00abuna noche con las estrellas\u00bb<\/a>. Se trata de una propuesta que nos acerca a eso tan simple, pero que tanto cuesta de ver en una ciudad: una noche estrellada.<\/p>\n\n\n\n<p>Lejos de la contaminaci\u00f3n lum\u00ednica, podremos explorar las constelaciones, la <strong>V\u00eda L\u00e1ctea<\/strong> y los planetas que se dejan ver con telescopios. Una actividad en medio del medio natural que est\u00e1 acompa\u00f1ada de explicaciones para saber orientarse con las estrellas -muy \u00fatil para amantes del senderismo- y leyendas sobre las constelaciones.<\/p>\n\n\n\n<p>Otro plan de lo m\u00e1s interesante, especialmente para aquellos que buscan un cambio en su vida y no acaban de encontrar el camino a seguir, es el \u201csenderismo terap\u00e9utico\u201d en la monta\u00f1a. Una actividad que se realiza en el <strong>Parque Regional de Sierra Espu\u00f1a<\/strong> y que ofrece un recorrido por la monta\u00f1a acompa\u00f1ado de un gu\u00eda y de un psic\u00f3logo terapeuta. Un entorno ideal para la reflexi\u00f3n.<\/p>\n\n\n\n<h2 class=\"wp-block-heading\"><strong>Regi\u00f3n de Murcia a trav\u00e9s del tacto<\/strong><\/h2>\n\n\n\n<figure class=\"wp-block-image size-large\"><a href=\"https:\/\/www.escapadarural.com\/blog\/wp-content\/uploads\/Region-de-Murcia-Turismo-sensorial-64-scaled.jpg\"><img decoding=\"async\" src=\"https:\/\/www.escapadarural.com\/blog\/wp-content\/uploads\/2023\/03\/Region-de-Murcia-Turismo-sensorial-64-1024x683-1.jpg\" alt=\"Naturaleza sensorial en la Regi\u00f3n de Murcia\" class=\"wp-image-58515\"\/><\/a><figcaption class=\"wp-element-caption\">Por: Turismo Regi\u00f3n de Murcia<\/figcaption><\/figure>\n\n\n\n<p>\u00bfTe animas a darte un <strong>masaje para relajar el cuerpo y la mente<\/strong>? Pero no hablamos de un masaje al uso, sino de los planes originales que nos ofrece \u00abNaturaleza Sensorial\u00bb.<\/p>\n\n\n\n<p>El primero es \u201caguahara\u201d, un masaje acu\u00e1tico individual que est\u00e1 acompa\u00f1ado de estiramientos y movimientos mientras tienes el cuerpo sumergido que ayuda a disolver las tensiones musculares; el segundo es un \u201cmasaje vibracional acu\u00e1tico\u201d, tambi\u00e9n conocido como <strong>aquasonoterapia<\/strong>, que se hace en aguas c\u00e1lidas y cuenta con la vibraci\u00f3n de cuencos tibetanos y de cuarzo colocados en diferentes partes del cuerpo, con el objetivo de eliminar bloqueos y liberar tensiones.<\/p>\n\n\n\n<p>Otra experiencia para sentir a flor de piel y que nos despertar\u00e1 todos los sentidos es el peculiar Ba\u00f1o de Bosque, una <strong>terapia japonesa<\/strong> (su nombre original es Shinrin yoku) que data de los a\u00f1os 80 y que nos invita a caminar lentamente por un espacio natural, sin prisa, siendo conscientes. No es una actividad que requiera un esfuerzo f\u00edsico, as\u00ed que la puede probar cualquier persona.<\/p>\n\n\n\n<h2 class=\"wp-block-heading\"><strong>Regi\u00f3n de Murcia a trav\u00e9s del o\u00eddo<\/strong><\/h2>\n\n\n\n<figure class=\"wp-block-image size-large\"><a href=\"https:\/\/www.escapadarural.com\/blog\/wp-content\/uploads\/Region-de-Murcia-Turismo-sensorial-62-copia-scaled.jpg\"><img decoding=\"async\" src=\"https:\/\/www.escapadarural.com\/blog\/wp-content\/uploads\/2023\/03\/Region-de-Murcia-Turismo-sensorial-62-copia-1024x683-1.jpg\" alt=\"Naturaleza sensorial en la Regi\u00f3n de Murcia\" class=\"wp-image-58502\"\/><\/a><figcaption class=\"wp-element-caption\">Por: Turismo Regi\u00f3n de Murcia<\/figcaption><\/figure>\n\n\n\n<p>\u00bfQu\u00e9 puede susurrarte la <strong>Regi\u00f3n de Murcia<\/strong> al o\u00eddo? Por ejemplo, un \u201cba\u00f1o de sonidos sagrados\u201d. Es una actividad con la que se generan unas vibraciones con metales y con la forma de los instrumentos que sentimos directamente en nuestro cuerpo. As\u00ed que usaremos m\u00e1s sentidos que el o\u00eddo. Es una m\u00fasica relajante que percibimos f\u00edsica, mental y emocionalmente.<\/p>\n\n\n\n<p>Otra opci\u00f3n parecida es participar en un \u201cba\u00f1o de Gong\u201d, experiencia de escucha profunda e inmersiva a trav\u00e9s de las ondas de sonido para conectar con lo que es superior a nosotros y ayuda a relajarse y a meditar. Esta pr\u00e1ctica, cuyos or\u00edgenes se remontan al 3.500 a.C., podemos vivirla en <strong>Sierra Espu\u00f1a<\/strong>.<\/p>\n\n\n\n<h2 class=\"wp-block-heading\"><strong>Regi\u00f3n de Murcia a trav\u00e9s del gusto<\/strong><\/h2>\n\n\n\n<figure class=\"wp-block-image size-large\"><a href=\"https:\/\/www.escapadarural.com\/blog\/wp-content\/uploads\/Region-de-Murcia-Turismo-sensorial-31-scaled.jpg\"><img decoding=\"async\" src=\"https:\/\/www.escapadarural.com\/blog\/wp-content\/uploads\/2023\/03\/Region-de-Murcia-Turismo-sensorial-31-1024x683-1.jpg\" alt=\"Naturaleza sensorial en la Regi\u00f3n de Murcia\" class=\"wp-image-58503\"\/><\/a><figcaption class=\"wp-element-caption\">Por: Turismo Regi\u00f3n de Murcia<\/figcaption><\/figure>\n\n\n\n<p>La gastronom\u00eda murciana es de lo m\u00e1s completa: marinera, michirones, pistos, arroz caldero, caf\u00e9 asi\u00e1tico t\u00edpico de la zona de Cartagena y el Mar Menor, paparajotes&#8230; por eso dicen que tiene 1001 sabores. Y si algo destaca entre sus productos aut\u00f3ctonos, adem\u00e1s de su gran huerta, es el aceite y el vino. \u00bfQu\u00e9 te parece combinar una sesi\u00f3n de \u201cyoga entre olivos\u201d o \u201cyoga entre vi\u00f1edos\u201d y acabar degustando estos oros l\u00edquidos?<\/p>\n\n\n\n<p>Por otro lado, podemos acercarnos al sorprendente <strong>Monte Arab\u00ed<\/strong>, declarado por la <strong>UNESCO Patrimonio de la Humanidad<\/strong> por su arte rupestre, y practicar yoga en plena naturaleza rodeados de vi\u00f1edos, una experiencia \u00fanica con mucho aire puro que finaliza con un aperitivo campero maridado con una cata de vinos en una bodega en Yecla.<\/p>\n\n\n\n<p>Este municipio situado en el altiplano murciano alberga la preciada variedad de <strong>uva Monastrell<\/strong>, sin duda uno de sus tesoros m\u00e1s codiciados del que podemos disfrutar a trav\u00e9s de su <strong>Ruta del Vino<\/strong>.<\/p>\n\n\n\n<h2 class=\"wp-block-heading\"><strong>Regi\u00f3n de Murcia a trav\u00e9s del olfato<\/strong><\/h2>\n\n\n\n<figure class=\"wp-block-image size-large\"><a href=\"https:\/\/www.escapadarural.com\/blog\/wp-content\/uploads\/Region-de-Murcia-SE-scaled.jpg\"><img decoding=\"async\" src=\"https:\/\/www.escapadarural.com\/blog\/wp-content\/uploads\/2023\/03\/Region-de-Murcia-SE-1024x683-1.jpg\" alt=\"Naturaleza sensorial en la Regi\u00f3n de Murcia\" class=\"wp-image-58504\"\/><\/a><figcaption class=\"wp-element-caption\">Por: Turismo Regi\u00f3n de Murcia<\/figcaption><\/figure>\n\n\n\n<p>\u00bfD\u00f3nde se respira mejor que en medio de la naturaleza? En la Regi\u00f3n de Murcia cuentan con la ventaja de tener un gran tesoro natural como es el <strong>Parque Regional de Sierra Espu\u00f1a<\/strong>.<\/p>\n\n\n\n<p>En <a href=\"https:\/\/www.escapadarural.com\/casas-rurales\/alhama-de-murcia\" target=\"_blank\" rel=\"noreferrer noopener\">Alhama de Murcia<\/a> se pueden hacer hasta tres actividades de lo que llaman \u00absenderismo consciente\u00bb: una, un recorrido de cuatro kil\u00f3metros, muy sencillo y apto para todos los p\u00fablicos, en el que se siguen diferentes fases, el despertar, experiencia sensorial y de intercambio y puesta en com\u00fan; dos, una caminata en un <strong>bosque m\u00e1gico e hist\u00f3rico<\/strong>, y en un entorno protegido que alberga cientos de especies animales y vegetales y que combina senderismo y <strong>sesi\u00f3n de yoga y meditaci\u00f3n<\/strong>; y tres, una completa experiencia inmersiva de dos d\u00edas en Sierra Espu\u00f1a, con su caracter\u00edstico olor a pino y flores, con sesiones de yoga durante el trayecto, charlas formativas y contemplaci\u00f3n de las estrellas durante la noche.<\/p>\n\n\n\n<p>Estas son solo unas pocas propuestas de la <strong>\u201cNaturaleza Sensorial\u201d<\/strong> que nos trae <strong>Costa C\u00e1lida \u2013 Regi\u00f3n de Murcia<\/strong> para explorar su territorio de mar a monta\u00f1a y durante todo el a\u00f1o. \u00bfTe animas?<\/p>\n\n\n\n<div class=\"wp-block-buttons is-layout-flex wp-block-buttons-is-layout-flex\">\n<div class=\"wp-block-button\"><a class=\"wp-block-button__link wp-element-button\" href=\"https:\/\/www.escapadarural.com\/casas-rurales\/murcia\" target=\"_blank\" rel=\"noreferrer noopener\">Casas rurales en Murcia<\/a><\/div>\n<\/div>\n\n\n\n<p><br>Reserva tu experiencia de naturaleza sensorial en turismoregiondemurcia.es.<\/p>\n\n\n\n<figure class=\"wp-block-image size-full\"><img decoding=\"async\" src=\"https:\/\/www.escapadarural.com\/blog\/wp-content\/uploads\/2023\/03\/09.jpg\" alt=\"Logo costa c\u00e1lida Murcia\" class=\"wp-image-58509\"\/><\/figure>\n","protected":false},"excerpt":{"rendered":"<p>Estas son las propuestas de actividades exclusivas de Naturaleza Sensorial a tu alcance para mirar, escuchar, saborear, oler y sentir la Regi\u00f3n de Murcia.<\/p>\n","protected":false},"author":123,"featured_media":112187,"comment_status":"open","ping_status":"open","sticky":false,"template":"","format":"standard","meta":{"_acf_changed":false,"om_disable_all_campaigns":false,"footnotes":""},"categories":[191],"tags":[4964,4965,428,4966,283,4967,2112,1649],"class_list":["post-58500","post","type-post","status-publish","format-standard","has-post-thumbnail","hentry","category-destinos","tag-aquasonoterapia","tag-bano-de-bosque","tag-que-ver-en-murcia","tag-naturaleza-sensorial","tag-region-de-murcia","tag-senderismo-terapeutico","tag-sierra-espuna","tag-yoga"],"acf":[],"featured_image_src":"https:\/\/www.escapadarural.com\/blog\/wp-content\/uploads\/2014\/02\/Caballos-4-1-2.jpg","author_info":{"display_name":"Raquel Andr\u00e9s","author_link":"https:\/\/www.escapadarural.com\/blog\/autor\/raquel\/"},"yoast_head":"<!-- This site is optimized with the Yoast SEO plugin v27.5 - https:\/\/yoast.com\/product\/yoast-seo-wordpress\/ -->\n<title>Naturaleza Sensorial: Regi\u00f3n de Murcia, como nunca la has sentido - EscapadaRural<\/title>\n<meta name=\"robots\" content=\"index, follow, max-snippet:-1, max-image-preview:large, max-video-preview:-1\" \/>\n<link rel=\"canonical\" href=\"https:\/\/www.escapadarural.com\/blog\/naturaleza-sensorial-region-de-murcia\/\" \/>\n<meta property=\"og:locale\" content=\"es_ES\" \/>\n<meta property=\"og:type\" content=\"article\" \/>\n<meta property=\"og:title\" content=\"Naturaleza Sensorial: Regi\u00f3n de Murcia, como nunca la has sentido - EscapadaRural\" \/>\n<meta property=\"og:description\" content=\"Estas son las propuestas de actividades exclusivas de Naturaleza Sensorial a tu alcance para mirar, escuchar, saborear, oler y sentir la Regi\u00f3n de Murcia.\" \/>\n<meta property=\"og:url\" content=\"https:\/\/www.escapadarural.com\/blog\/naturaleza-sensorial-region-de-murcia\/\" \/>\n<meta property=\"og:site_name\" content=\"Magazine de viajes de EscapadaRural\" \/>\n<meta property=\"article:publisher\" content=\"https:\/\/www.facebook.com\/escapadarural\" \/>\n<meta property=\"article:published_time\" content=\"2023-03-06T10:30:12+00:00\" \/>\n<meta property=\"article:modified_time\" content=\"2025-08-12T14:19:01+00:00\" \/>\n<meta property=\"og:image\" content=\"https:\/\/www.escapadarural.com\/blog\/wp-content\/uploads\/2014\/02\/Caballos-4-1-2.jpg?v=1755008343\" \/>\n\t<meta property=\"og:image:width\" content=\"1000\" \/>\n\t<meta property=\"og:image:height\" content=\"667\" \/>\n\t<meta property=\"og:image:type\" content=\"image\/jpeg\" \/>\n<meta name=\"author\" content=\"Raquel Andr\u00e9s\" \/>\n<meta name=\"twitter:card\" content=\"summary_large_image\" \/>\n<meta name=\"twitter:label1\" content=\"Escrito por\" \/>\n\t<meta name=\"twitter:data1\" content=\"Raquel Andr\u00e9s\" \/>\n\t<meta name=\"twitter:label2\" content=\"Tiempo de lectura\" \/>\n\t<meta name=\"twitter:data2\" content=\"6 minutos\" \/>\n<script type=\"application\/ld+json\" class=\"yoast-schema-graph\">{\"@context\":\"https:\\\/\\\/schema.org\",\"@graph\":[{\"@type\":\"Article\",\"@id\":\"https:\\\/\\\/www.escapadarural.com\\\/blog\\\/naturaleza-sensorial-region-de-murcia\\\/#article\",\"isPartOf\":{\"@id\":\"https:\\\/\\\/www.escapadarural.com\\\/blog\\\/naturaleza-sensorial-region-de-murcia\\\/\"},\"author\":{\"name\":\"Raquel Andr\u00e9s\",\"@id\":\"https:\\\/\\\/www.escapadarural.com\\\/blog\\\/#\\\/schema\\\/person\\\/67be061eb00d8315fa8642e01b88c894\"},\"headline\":\"Naturaleza Sensorial: Regi\u00f3n de Murcia, como nunca la has sentido\",\"datePublished\":\"2023-03-06T10:30:12+00:00\",\"dateModified\":\"2025-08-12T14:19:01+00:00\",\"mainEntityOfPage\":{\"@id\":\"https:\\\/\\\/www.escapadarural.com\\\/blog\\\/naturaleza-sensorial-region-de-murcia\\\/\"},\"wordCount\":1255,\"commentCount\":1,\"publisher\":{\"@id\":\"https:\\\/\\\/www.escapadarural.com\\\/blog\\\/#organization\"},\"image\":{\"@id\":\"https:\\\/\\\/www.escapadarural.com\\\/blog\\\/naturaleza-sensorial-region-de-murcia\\\/#primaryimage\"},\"thumbnailUrl\":\"https:\\\/\\\/www.escapadarural.com\\\/blog\\\/wp-content\\\/uploads\\\/2014\\\/02\\\/Caballos-4-1-2.jpg\",\"keywords\":[\"aquasonoterapia\",\"Ba\u00f1o de Bosque\",\"Murcia\",\"Naturaleza sensorial\",\"Regi\u00f3n de Murcia\",\"senderismo terap\u00e9utico\",\"Sierra Espu\u00f1a\",\"Yoga\"],\"articleSection\":[\"Destinos\"],\"inLanguage\":\"es\",\"potentialAction\":[{\"@type\":\"CommentAction\",\"name\":\"Comment\",\"target\":[\"https:\\\/\\\/www.escapadarural.com\\\/blog\\\/naturaleza-sensorial-region-de-murcia\\\/#respond\"]}]},{\"@type\":\"WebPage\",\"@id\":\"https:\\\/\\\/www.escapadarural.com\\\/blog\\\/naturaleza-sensorial-region-de-murcia\\\/\",\"url\":\"https:\\\/\\\/www.escapadarural.com\\\/blog\\\/naturaleza-sensorial-region-de-murcia\\\/\",\"name\":\"Naturaleza Sensorial: Regi\u00f3n de Murcia, como nunca la has sentido - EscapadaRural\",\"isPartOf\":{\"@id\":\"https:\\\/\\\/www.escapadarural.com\\\/blog\\\/#website\"},\"primaryImageOfPage\":{\"@id\":\"https:\\\/\\\/www.escapadarural.com\\\/blog\\\/naturaleza-sensorial-region-de-murcia\\\/#primaryimage\"},\"image\":{\"@id\":\"https:\\\/\\\/www.escapadarural.com\\\/blog\\\/naturaleza-sensorial-region-de-murcia\\\/#primaryimage\"},\"thumbnailUrl\":\"https:\\\/\\\/www.escapadarural.com\\\/blog\\\/wp-content\\\/uploads\\\/2014\\\/02\\\/Caballos-4-1-2.jpg\",\"datePublished\":\"2023-03-06T10:30:12+00:00\",\"dateModified\":\"2025-08-12T14:19:01+00:00\",\"breadcrumb\":{\"@id\":\"https:\\\/\\\/www.escapadarural.com\\\/blog\\\/naturaleza-sensorial-region-de-murcia\\\/#breadcrumb\"},\"inLanguage\":\"es\",\"potentialAction\":[{\"@type\":\"ReadAction\",\"target\":[\"https:\\\/\\\/www.escapadarural.com\\\/blog\\\/naturaleza-sensorial-region-de-murcia\\\/\"]}]},{\"@type\":\"ImageObject\",\"inLanguage\":\"es\",\"@id\":\"https:\\\/\\\/www.escapadarural.com\\\/blog\\\/naturaleza-sensorial-region-de-murcia\\\/#primaryimage\",\"url\":\"https:\\\/\\\/www.escapadarural.com\\\/blog\\\/wp-content\\\/uploads\\\/2014\\\/02\\\/Caballos-4-1-2.jpg\",\"contentUrl\":\"https:\\\/\\\/www.escapadarural.com\\\/blog\\\/wp-content\\\/uploads\\\/2014\\\/02\\\/Caballos-4-1-2.jpg\",\"width\":1000,\"height\":667,\"caption\":\"Caballos\"},{\"@type\":\"BreadcrumbList\",\"@id\":\"https:\\\/\\\/www.escapadarural.com\\\/blog\\\/naturaleza-sensorial-region-de-murcia\\\/#breadcrumb\",\"itemListElement\":[{\"@type\":\"ListItem\",\"position\":1,\"name\":\"Inicio\",\"item\":\"https:\\\/\\\/www.escapadarural.com\\\/blog\\\/\"},{\"@type\":\"ListItem\",\"position\":2,\"name\":\"Destinos\",\"item\":\"https:\\\/\\\/www.escapadarural.com\\\/blog\\\/categoria\\\/destinos\\\/\"},{\"@type\":\"ListItem\",\"position\":3,\"name\":\"Naturaleza Sensorial: Regi\u00f3n de Murcia, como nunca la has sentido\"}]},{\"@type\":\"WebSite\",\"@id\":\"https:\\\/\\\/www.escapadarural.com\\\/blog\\\/#website\",\"url\":\"https:\\\/\\\/www.escapadarural.com\\\/blog\\\/\",\"name\":\"Blog de viajes | turismo rural, alojamientos e inspiraci\u00f3n\",\"description\":\"Alojamientos rurales e inspiraci\u00f3n para tus escapadas\",\"publisher\":{\"@id\":\"https:\\\/\\\/www.escapadarural.com\\\/blog\\\/#organization\"},\"alternateName\":\"Magazine de viajes de EscapadaRural\",\"potentialAction\":[{\"@type\":\"SearchAction\",\"target\":{\"@type\":\"EntryPoint\",\"urlTemplate\":\"https:\\\/\\\/www.escapadarural.com\\\/blog\\\/?s={search_term_string}\"},\"query-input\":{\"@type\":\"PropertyValueSpecification\",\"valueRequired\":true,\"valueName\":\"search_term_string\"}}],\"inLanguage\":\"es\"},{\"@type\":\"Organization\",\"@id\":\"https:\\\/\\\/www.escapadarural.com\\\/blog\\\/#organization\",\"name\":\"EscapadaRural\",\"url\":\"https:\\\/\\\/www.escapadarural.com\\\/blog\\\/\",\"logo\":{\"@type\":\"ImageObject\",\"inLanguage\":\"es\",\"@id\":\"https:\\\/\\\/www.escapadarural.com\\\/blog\\\/#\\\/schema\\\/logo\\\/image\\\/\",\"url\":\"https:\\\/\\\/www.escapadarural.com\\\/blog\\\/wp-content\\\/uploads\\\/2024\\\/10\\\/cropped-cropped-escapada-rural-icon-mag-3.png\",\"contentUrl\":\"https:\\\/\\\/www.escapadarural.com\\\/blog\\\/wp-content\\\/uploads\\\/2024\\\/10\\\/cropped-cropped-escapada-rural-icon-mag-3.png\",\"width\":512,\"height\":512,\"caption\":\"EscapadaRural\"},\"image\":{\"@id\":\"https:\\\/\\\/www.escapadarural.com\\\/blog\\\/#\\\/schema\\\/logo\\\/image\\\/\"},\"sameAs\":[\"https:\\\/\\\/www.facebook.com\\\/escapadarural\",\"https:\\\/\\\/www.instagram.com\\\/escapadarural\\\/\",\"https:\\\/\\\/www.youtube.com\\\/@escapadaruralcom\"]},{\"@type\":\"Person\",\"@id\":\"https:\\\/\\\/www.escapadarural.com\\\/blog\\\/#\\\/schema\\\/person\\\/67be061eb00d8315fa8642e01b88c894\",\"name\":\"Raquel Andr\u00e9s\",\"image\":{\"@type\":\"ImageObject\",\"inLanguage\":\"es\",\"@id\":\"https:\\\/\\\/secure.gravatar.com\\\/avatar\\\/b45840531462f3cafb335a9fc5c0bfda2c07c3df4b82b304b923526b85cc6cb5?s=96&d=mm&r=g\",\"url\":\"https:\\\/\\\/secure.gravatar.com\\\/avatar\\\/b45840531462f3cafb335a9fc5c0bfda2c07c3df4b82b304b923526b85cc6cb5?s=96&d=mm&r=g\",\"contentUrl\":\"https:\\\/\\\/secure.gravatar.com\\\/avatar\\\/b45840531462f3cafb335a9fc5c0bfda2c07c3df4b82b304b923526b85cc6cb5?s=96&d=mm&r=g\",\"caption\":\"Raquel Andr\u00e9s\"},\"description\":\"Periodista y aventurera. Me has podido leer en Escapada Rural, Diari Nosaltres La Veu, La Vanguardia, El Salto y otros medios. Habitante y amante de las zonas rurales, sea cual sea el destino. Procuro escaparme una vez por semana con las botas de monta\u00f1a, el arn\u00e9s o el neopreno. Tambi\u00e9n soy un intento de baserritarra.\",\"url\":\"https:\\\/\\\/www.escapadarural.com\\\/blog\\\/autor\\\/raquel\\\/\"}]}<\/script>\n<!-- \/ Yoast SEO plugin. -->","yoast_head_json":{"title":"Naturaleza Sensorial: Regi\u00f3n de Murcia, como nunca la has sentido - EscapadaRural","robots":{"index":"index","follow":"follow","max-snippet":"max-snippet:-1","max-image-preview":"max-image-preview:large","max-video-preview":"max-video-preview:-1"},"canonical":"https:\/\/www.escapadarural.com\/blog\/naturaleza-sensorial-region-de-murcia\/","og_locale":"es_ES","og_type":"article","og_title":"Naturaleza Sensorial: Regi\u00f3n de Murcia, como nunca la has sentido - EscapadaRural","og_description":"Estas son las propuestas de actividades exclusivas de Naturaleza Sensorial a tu alcance para mirar, escuchar, saborear, oler y sentir la Regi\u00f3n de Murcia.","og_url":"https:\/\/www.escapadarural.com\/blog\/naturaleza-sensorial-region-de-murcia\/","og_site_name":"Magazine de viajes de EscapadaRural","article_publisher":"https:\/\/www.facebook.com\/escapadarural","article_published_time":"2023-03-06T10:30:12+00:00","article_modified_time":"2025-08-12T14:19:01+00:00","og_image":[{"width":1000,"height":667,"url":"https:\/\/www.escapadarural.com\/blog\/wp-content\/uploads\/2014\/02\/Caballos-4-1-2.jpg?v=1755008343","type":"image\/jpeg"}],"author":"Raquel Andr\u00e9s","twitter_card":"summary_large_image","twitter_misc":{"Escrito por":"Raquel Andr\u00e9s","Tiempo de lectura":"6 minutos"},"schema":{"@context":"https:\/\/schema.org","@graph":[{"@type":"Article","@id":"https:\/\/www.escapadarural.com\/blog\/naturaleza-sensorial-region-de-murcia\/#article","isPartOf":{"@id":"https:\/\/www.escapadarural.com\/blog\/naturaleza-sensorial-region-de-murcia\/"},"author":{"name":"Raquel Andr\u00e9s","@id":"https:\/\/www.escapadarural.com\/blog\/#\/schema\/person\/67be061eb00d8315fa8642e01b88c894"},"headline":"Naturaleza Sensorial: Regi\u00f3n de Murcia, como nunca la has sentido","datePublished":"2023-03-06T10:30:12+00:00","dateModified":"2025-08-12T14:19:01+00:00","mainEntityOfPage":{"@id":"https:\/\/www.escapadarural.com\/blog\/naturaleza-sensorial-region-de-murcia\/"},"wordCount":1255,"commentCount":1,"publisher":{"@id":"https:\/\/www.escapadarural.com\/blog\/#organization"},"image":{"@id":"https:\/\/www.escapadarural.com\/blog\/naturaleza-sensorial-region-de-murcia\/#primaryimage"},"thumbnailUrl":"https:\/\/www.escapadarural.com\/blog\/wp-content\/uploads\/2014\/02\/Caballos-4-1-2.jpg","keywords":["aquasonoterapia","Ba\u00f1o de Bosque","Murcia","Naturaleza sensorial","Regi\u00f3n de Murcia","senderismo terap\u00e9utico","Sierra Espu\u00f1a","Yoga"],"articleSection":["Destinos"],"inLanguage":"es","potentialAction":[{"@type":"CommentAction","name":"Comment","target":["https:\/\/www.escapadarural.com\/blog\/naturaleza-sensorial-region-de-murcia\/#respond"]}]},{"@type":"WebPage","@id":"https:\/\/www.escapadarural.com\/blog\/naturaleza-sensorial-region-de-murcia\/","url":"https:\/\/www.escapadarural.com\/blog\/naturaleza-sensorial-region-de-murcia\/","name":"Naturaleza Sensorial: Regi\u00f3n de Murcia, como nunca la has sentido - EscapadaRural","isPartOf":{"@id":"https:\/\/www.escapadarural.com\/blog\/#website"},"primaryImageOfPage":{"@id":"https:\/\/www.escapadarural.com\/blog\/naturaleza-sensorial-region-de-murcia\/#primaryimage"},"image":{"@id":"https:\/\/www.escapadarural.com\/blog\/naturaleza-sensorial-region-de-murcia\/#primaryimage"},"thumbnailUrl":"https:\/\/www.escapadarural.com\/blog\/wp-content\/uploads\/2014\/02\/Caballos-4-1-2.jpg","datePublished":"2023-03-06T10:30:12+00:00","dateModified":"2025-08-12T14:19:01+00:00","breadcrumb":{"@id":"https:\/\/www.escapadarural.com\/blog\/naturaleza-sensorial-region-de-murcia\/#breadcrumb"},"inLanguage":"es","potentialAction":[{"@type":"ReadAction","target":["https:\/\/www.escapadarural.com\/blog\/naturaleza-sensorial-region-de-murcia\/"]}]},{"@type":"ImageObject","inLanguage":"es","@id":"https:\/\/www.escapadarural.com\/blog\/naturaleza-sensorial-region-de-murcia\/#primaryimage","url":"https:\/\/www.escapadarural.com\/blog\/wp-content\/uploads\/2014\/02\/Caballos-4-1-2.jpg","contentUrl":"https:\/\/www.escapadarural.com\/blog\/wp-content\/uploads\/2014\/02\/Caballos-4-1-2.jpg","width":1000,"height":667,"caption":"Caballos"},{"@type":"BreadcrumbList","@id":"https:\/\/www.escapadarural.com\/blog\/naturaleza-sensorial-region-de-murcia\/#breadcrumb","itemListElement":[{"@type":"ListItem","position":1,"name":"Inicio","item":"https:\/\/www.escapadarural.com\/blog\/"},{"@type":"ListItem","position":2,"name":"Destinos","item":"https:\/\/www.escapadarural.com\/blog\/categoria\/destinos\/"},{"@type":"ListItem","position":3,"name":"Naturaleza Sensorial: Regi\u00f3n de Murcia, como nunca la has sentido"}]},{"@type":"WebSite","@id":"https:\/\/www.escapadarural.com\/blog\/#website","url":"https:\/\/www.escapadarural.com\/blog\/","name":"Blog de viajes | turismo rural, alojamientos e inspiraci\u00f3n","description":"Alojamientos rurales e inspiraci\u00f3n para tus escapadas","publisher":{"@id":"https:\/\/www.escapadarural.com\/blog\/#organization"},"alternateName":"Magazine de viajes de EscapadaRural","potentialAction":[{"@type":"SearchAction","target":{"@type":"EntryPoint","urlTemplate":"https:\/\/www.escapadarural.com\/blog\/?s={search_term_string}"},"query-input":{"@type":"PropertyValueSpecification","valueRequired":true,"valueName":"search_term_string"}}],"inLanguage":"es"},{"@type":"Organization","@id":"https:\/\/www.escapadarural.com\/blog\/#organization","name":"EscapadaRural","url":"https:\/\/www.escapadarural.com\/blog\/","logo":{"@type":"ImageObject","inLanguage":"es","@id":"https:\/\/www.escapadarural.com\/blog\/#\/schema\/logo\/image\/","url":"https:\/\/www.escapadarural.com\/blog\/wp-content\/uploads\/2024\/10\/cropped-cropped-escapada-rural-icon-mag-3.png","contentUrl":"https:\/\/www.escapadarural.com\/blog\/wp-content\/uploads\/2024\/10\/cropped-cropped-escapada-rural-icon-mag-3.png","width":512,"height":512,"caption":"EscapadaRural"},"image":{"@id":"https:\/\/www.escapadarural.com\/blog\/#\/schema\/logo\/image\/"},"sameAs":["https:\/\/www.facebook.com\/escapadarural","https:\/\/www.instagram.com\/escapadarural\/","https:\/\/www.youtube.com\/@escapadaruralcom"]},{"@type":"Person","@id":"https:\/\/www.escapadarural.com\/blog\/#\/schema\/person\/67be061eb00d8315fa8642e01b88c894","name":"Raquel Andr\u00e9s","image":{"@type":"ImageObject","inLanguage":"es","@id":"https:\/\/secure.gravatar.com\/avatar\/b45840531462f3cafb335a9fc5c0bfda2c07c3df4b82b304b923526b85cc6cb5?s=96&d=mm&r=g","url":"https:\/\/secure.gravatar.com\/avatar\/b45840531462f3cafb335a9fc5c0bfda2c07c3df4b82b304b923526b85cc6cb5?s=96&d=mm&r=g","contentUrl":"https:\/\/secure.gravatar.com\/avatar\/b45840531462f3cafb335a9fc5c0bfda2c07c3df4b82b304b923526b85cc6cb5?s=96&d=mm&r=g","caption":"Raquel Andr\u00e9s"},"description":"Periodista y aventurera. Me has podido leer en Escapada Rural, Diari Nosaltres La Veu, La Vanguardia, El Salto y otros medios. Habitante y amante de las zonas rurales, sea cual sea el destino. Procuro escaparme una vez por semana con las botas de monta\u00f1a, el arn\u00e9s o el neopreno. Tambi\u00e9n soy un intento de baserritarra.","url":"https:\/\/www.escapadarural.com\/blog\/autor\/raquel\/"}]}},"_links":{"self":[{"href":"https:\/\/www.escapadarural.com\/blog\/wp-json\/wp\/v2\/posts\/58500","targetHints":{"allow":["GET"]}}],"collection":[{"href":"https:\/\/www.escapadarural.com\/blog\/wp-json\/wp\/v2\/posts"}],"about":[{"href":"https:\/\/www.escapadarural.com\/blog\/wp-json\/wp\/v2\/types\/post"}],"author":[{"embeddable":true,"href":"https:\/\/www.escapadarural.com\/blog\/wp-json\/wp\/v2\/users\/123"}],"replies":[{"embeddable":true,"href":"https:\/\/www.escapadarural.com\/blog\/wp-json\/wp\/v2\/comments?post=58500"}],"version-history":[{"count":0,"href":"https:\/\/www.escapadarural.com\/blog\/wp-json\/wp\/v2\/posts\/58500\/revisions"}],"wp:featuredmedia":[{"embeddable":true,"href":"https:\/\/www.escapadarural.com\/blog\/wp-json\/wp\/v2\/media\/112187"}],"wp:attachment":[{"href":"https:\/\/www.escapadarural.com\/blog\/wp-json\/wp\/v2\/media?parent=58500"}],"wp:term":[{"taxonomy":"category","embeddable":true,"href":"https:\/\/www.escapadarural.com\/blog\/wp-json\/wp\/v2\/categories?post=58500"},{"taxonomy":"post_tag","embeddable":true,"href":"https:\/\/www.escapadarural.com\/blog\/wp-json\/wp\/v2\/tags?post=58500"}],"curies":[{"name":"wp","href":"https:\/\/api.w.org\/{rel}","templated":true}]}}