{"id":58644,"date":"2026-03-08T14:21:21","date_gmt":"2026-03-08T13:21:21","guid":{"rendered":"https:\/\/www.escapadarural.com\/blog\/?p=58644"},"modified":"2026-03-18T15:25:35","modified_gmt":"2026-03-18T14:25:35","slug":"pueblos-mujeres-ilustres-espanolas","status":"publish","type":"post","link":"https:\/\/www.escapadarural.com\/blog\/pueblos-mujeres-ilustres-espanolas\/","title":{"rendered":"9 pueblos de mujeres ilustres de la historia de Espa\u00f1a"},"content":{"rendered":"\n<figure class=\"wp-block-image size-full\"><img decoding=\"async\" src=\"https:\/\/www.escapadarural.com\/blog\/wp-content\/uploads\/2023\/03\/Estatua_Lola_Flores_Jerez-e1678267257806.jpg\" alt=\"Monumento a Lola Flores, Jerez de la Frontera\" class=\"wp-image-58652\"\/><figcaption class=\"wp-element-caption\">Monumento a Lola Flores, Jerez de la Frontera. Por I, Mao06<\/figcaption><\/figure>\n\n\n\n<p>La historia no ha sido muy generosa preservando el recuerdo de las <strong>mujeres ilustres<\/strong> espa\u00f1olas que nacieron, vivieron o fallecieron en el pa\u00eds. En muchos casos, ni siquiera en su tiempo recibieron su merecido reconocimiento, o no tanto como sucedi\u00f3 con sus contempor\u00e1neos masculinos. Pero nunca es tarde para recuperar sus nombres. Sobre todo en un 8 de marzo, <strong>D\u00eda Internacional de la Mujer<\/strong>, aunque cualquier fecha es buena para esta misi\u00f3n.<\/p>\n\n\n\n<p>Algunas de esas <strong>grandes figuras femeninas<\/strong>, sin las que nuestra sociedad no ser\u00eda lo que es hoy, tienen un pueblo en su biograf\u00eda. Y muchos de ellos les han dedicado algo \u2013un museo, una casa, el nombre de una calle o un parque\u2013 para rendirles el homenaje que se merecen, aunque hayan tardado. La siguiente lista est\u00e1 compuesta por un buen n\u00famero de ejemplos que pueden servir de gu\u00eda para organizar una ruta tur\u00edstica: la de las grandes mujeres que se abrieron camino y dejaron su huella en la Historia de Espa\u00f1a.<\/p>\n\n\n\n<div class=\"wp-block-buttons is-layout-flex wp-block-buttons-is-layout-flex\">\n<div class=\"wp-block-button\"><a class=\"wp-block-button__link wp-element-button\" href=\"\/casas-rurales\">Encuentra tu alojamiento<\/a><\/div>\n<\/div>\n\n\n\n<h2 class=\"wp-block-heading\" id=\"h-maria-de-la-o-lejarraga-san-millan-de-la-cogolla\"><strong>Mar\u00eda de la O Lej\u00e1rraga &#8211; San Mill\u00e1n de la Cogolla<\/strong> (<a href=\"\/casas-rurales\/la-rioja\">La Rioja<\/a>)<\/h2>\n\n\n\n<figure class=\"wp-block-image size-full\"><img decoding=\"async\" src=\"https:\/\/www.escapadarural.com\/blog\/wp-content\/uploads\/2023\/03\/Maria-de-la-O-Lejarraga-02-1024x683-1.jpg\" alt=\"Mar\u00eda de la O Lej\u00e1rraga\" class=\"wp-image-58653\"\/><figcaption class=\"wp-element-caption\">Mar\u00eda de la O Lej\u00e1rraga. Por Visita Logro\u00f1o<\/figcaption><\/figure>\n\n\n\n<p>Hasta hace relativamente poco, la obra de <strong><a href=\"https:\/\/es.wikipedia.org\/wiki\/Mar%C3%ADa_de_la_O_Lej%C3%A1rraga\" target=\"_blank\" rel=\"noreferrer noopener nofollow\">Mar\u00eda de la O Lej\u00e1rraga<\/a><\/strong> no llevaba su nombre sino el de su marido, Gregorio Mart\u00ednez Sierra. Muchos y muchas se sorprendieron al enterarse de que el libreto de <em>El amor brujo<\/em> de Manuel de Falla es suyo, as\u00ed como la famosa obra de teatro <em>Canci\u00f3n de cuna<\/em>.&nbsp;<\/p>\n\n\n\n<p><strong>Pionera del feminismo<\/strong> en el pa\u00eds (fue diputada por Granada en 1933), suyas son tambi\u00e9n las <em>Cartas a las Mujeres de Espa\u00f1a<\/em>, reeditadas recientemente por la editorial Renacimiento, uno de los motivos por los que la figura de esta aguerrida defensora de los derechos de la mujer rural vuelve a estar de plena actualidad. Otro es el documental <em>A las mujeres de Espa\u00f1a. Mar\u00eda Lej\u00e1rraga<\/em> firmado por Laura Hojman, casi ganadora de un Goya en 2022.\u00a0<\/p>\n\n\n\n<p>Nacida en el pueblo riojano de <strong>San Mill\u00e1n de la Cogolla<\/strong>, tiene una placa en su casa natal \u2013el n\u00famero 39 de la calle Mayor\u2013 as\u00ed como en el barrio madrile\u00f1o de Carabanchel, donde creci\u00f3, y en el barrio de Malasa\u00f1a, tambi\u00e9n en Madrid. Asimismo, la artista Andrea Btoy pint\u00f3 su retrato en una pared del centro de <a href=\"\/casas-rurales\/logrono\">Logro\u00f1o<\/a>, capital de su comunidad de nacimiento.<\/p>\n\n\n\n<div class=\"wp-block-buttons is-layout-flex wp-block-buttons-is-layout-flex\">\n<div class=\"wp-block-button\"><a class=\"wp-block-button__link wp-element-button\" href=\"\/casas-rurales\/san-millan-de-la-cogolla\">Alojamientos rurales en San Mill\u00e1n de la Cogolla<\/a><\/div>\n<\/div>\n\n\n\n<h2 class=\"wp-block-heading\" id=\"h-rosalia-de-castro-padron\"><strong>Rosal\u00eda de Castro &#8211; Padr\u00f3n<\/strong> (<a href=\"\/casas-rurales\/a-coruna\">A Coru\u00f1a<\/a>)<\/h2>\n\n\n\n<figure class=\"wp-block-image size-full\"><img decoding=\"async\" src=\"https:\/\/www.escapadarural.com\/blog\/wp-content\/uploads\/2023\/03\/Casa-museo_de_Rosalia.jpg\" alt=\"Casa-Museo Rosal\u00eda de Castro.\" class=\"wp-image-58648\"\/><figcaption class=\"wp-element-caption\">Casa-Museo Rosal\u00eda de Castro. Por Cookie<\/figcaption><\/figure>\n\n\n\n<p>La principal representante del Rexurdimento gallego ten\u00eda algo claro: si ten\u00eda que morir, que fuese en Galicia. Y as\u00ed fue c\u00f3mo sucedi\u00f3 en 1885, en la Casa da Matanza de <a href=\"\/casas-rurales\/padron\">Padr\u00f3n<\/a>, que ahora se puede visitar convertida en casa-museo. Aunque <strong>la escritora falleci\u00f3 all\u00ed<\/strong> acompa\u00f1ada por su hija Alejandra (a quien orden\u00f3 quemar sus fotos y manuscritos, ya que no quer\u00eda que su imagen saliera en los peri\u00f3dicos ni que se publicase su obra p\u00f3stuma), su cuerpo fue exhumado en 1891 y enterrado en el Pante\u00f3n dos Galegos Ilustres, en el monasterio de Santo Domingo de Bonaval, en <a href=\"\/casas-rurales\/santiago-de-compostela\">Santiago de Compostela<\/a>.<\/p>\n\n\n\n<p>Sus dos obras c\u00e9lebres son <em>Cantares gallegos<\/em> y <em>Follas novas<\/em>. En ellas reflexiona profundamente sobre <strong>la vida rural gallega<\/strong>, las condiciones de las mujeres o el sentido de la existencia. Hubo voces cr\u00edticas que la acusaron de ser demasiado rom\u00e1ntica e incluso simple, pero su vocaci\u00f3n siempre fue la de ser escritora y el tiempo ha demostrado que ten\u00eda sentido.<\/p>\n\n\n\n<div class=\"wp-block-buttons is-layout-flex wp-block-buttons-is-layout-flex\">\n<div class=\"wp-block-button\"><a class=\"wp-block-button__link wp-element-button\" href=\"\/casas-rurales\/padron\">Alojamientos rurales en Padr\u00f3n<\/a><\/div>\n<\/div>\n\n\n\n<h2 class=\"wp-block-heading\" id=\"h-carmen-de-burgos-rodalquilar\"><strong>Carmen de Burgos &#8211; Rodalquilar<\/strong> (<a href=\"\/casas-rurales\/almeria\">Almer\u00eda<\/a>)<\/h2>\n\n\n\n<figure class=\"wp-block-image size-large\"><img decoding=\"async\" src=\"https:\/\/www.escapadarural.com\/blog\/wp-content\/uploads\/2023\/03\/El_Cortijo_del_Fraile-1024x679-1.jpg\" alt=\"Cortijo del Fraile\" class=\"wp-image-17921\"\/><figcaption class=\"wp-element-caption\">Cortijo del Fraile. Por Ventura Carmona<\/figcaption><\/figure>\n\n\n\n<p>Aunque en la edad adulta la vida la llev\u00f3 a recorrer muchos kil\u00f3metros, la infancia de <strong>la primera periodista profesional de Espa\u00f1a<\/strong> transcurri\u00f3 alegremente en el valle de <a href=\"\/casas-rurales\/rodalquilar\">Rodalquilar,<\/a> donde su padre pose\u00eda minas y terrenos. \u201cMe crie en un lindo valle andaluz, oculto en las estribaciones de la cordillera de Sierra Nevada, a la orilla del mar, frente a la costa africana. En esta tierra mora, en mi inolvidable Rodalquilar, se form\u00f3 libremente mi esp\u00edritu y se desarroll\u00f3 mi cuerpo\u201d.<\/p>\n\n\n\n<p>Siendo a\u00fan muy joven, harta de un matrimonio infeliz, huy\u00f3 a Madrid con su hija y all\u00ed comenz\u00f3 su carrera profesional bajo el seud\u00f3nimo de Colombine. <strong>Activista feminista y pol\u00edtica de izquierdas<\/strong>, cubri\u00f3 la guerra de Marruecos in situ, porque tambi\u00e9n fue la primera corresponsal de guerra espa\u00f1ola.\u00a0<\/p>\n\n\n\n<p>Tambi\u00e9n <strong>produjo obra literaria<\/strong>, aunque durante mucho tiempo qued\u00f3 silenciada como la de muchas otras autoras. Uno de sus t\u00edtulos m\u00e1s conocidos es <em>Pu\u00f1al de Claveles<\/em> que, como <em>Bodas de sangre<\/em>, del tambi\u00e9n andaluz Federico Garc\u00eda Lorca, se basa en el famoso crimen del cortijo del Fraile, en <a href=\"\/casas-rurales\/nijar\">N\u00edjar,<\/a> en pleno <a href=\"\/casas-rurales\/cabo-de-gata-nijar\">Parque Natural de Cabo de Gata-N\u00edjar<\/a>. Actualmente, se puede hacer una ruta siguiendo los escenarios de la novela.<\/p>\n\n\n\n<div class=\"wp-block-buttons is-layout-flex wp-block-buttons-is-layout-flex\">\n<div class=\"wp-block-button\"><a class=\"wp-block-button__link wp-element-button\" href=\"\/casas-rurales\/rodalquilar\">Alojamientos rurales en Rodalquilar<\/a><\/div>\n<\/div>\n\n\n\n<h2 class=\"wp-block-heading\" id=\"h-maria-zambrano-velez-malaga\"><strong>Mar\u00eda Zambrano &#8211; V\u00e9lez-M\u00e1laga<\/strong> (<a href=\"\/casas-rurales\/malaga\">M\u00e1laga<\/a>)<\/h2>\n\n\n\n<figure class=\"wp-block-image size-large\"><img decoding=\"async\" src=\"https:\/\/www.escapadarural.com\/blog\/wp-content\/uploads\/2023\/03\/33358598624_0379a1b13b_o-1024x753-1.jpg\" alt=\"Fundaci\u00f3n Mar\u00eda Zambrano, una de las mujeres ilustres espa\u00f1olas\" class=\"wp-image-58649\"\/><figcaption class=\"wp-element-caption\">Fundaci\u00f3n Mar\u00eda Zambrano, una de las mujeres ilustres espa\u00f1olas. Por \u00c1ngeles Andrade<\/figcaption><\/figure>\n\n\n\n<p>Fue <strong>una de las intelectuales m\u00e1s importantes de Espa\u00f1a<\/strong>, pero tuvo que esperar hasta casi el final de su vida para recibir los m\u00e1ximos galardones nacionales: el Premio Pr\u00edncipe de Asturias en 1981 y el Premio Cervantes en 1988. Su obra estuvo silenciada durante d\u00e9cadas, despu\u00e9s de casi medio siglo en el exilio por su oposici\u00f3n activa a la dictadura de Franco. Durante todo ese tiempo residi\u00f3 en diversos lugares como M\u00e9xico, Cuba, Roma o Par\u00eds, y fue amiga de otras figuras tan relevantes de la intelectualidad espa\u00f1ola como Maruja Mallo o Luis Cernuda.<\/p>\n\n\n\n<p>Su mente incansable trabaj\u00f3 hasta casi el \u00faltimo d\u00eda. En 1981 fue nombrada hija predilecta de su municipio natal, <a href=\"\/casas-rurales\/velez-malaga\">V\u00e9lez-M\u00e1laga<\/a>, donde est\u00e1 la fundaci\u00f3n que lleva su nombre. En ella <strong>se puede visitar una biblioteca que fue suya<\/strong>, que est\u00e1 abierta para consulta y las exposiciones que se van organizando. Asimismo, cuenta con una sala para investigadores, que pueden tener acceso a la documentaci\u00f3n que reside en la sede.<\/p>\n\n\n\n<div class=\"wp-block-buttons is-layout-flex wp-block-buttons-is-layout-flex\">\n<div class=\"wp-block-button\"><a class=\"wp-block-button__link wp-element-button\" href=\"\/casas-rurales\/velez-malaga\">Alojamientos rurales en V\u00e9lez-M\u00e1laga<\/a><\/div>\n<\/div>\n\n\n\n<h2 class=\"wp-block-heading\" id=\"h-margarita-salas-valdes\"><strong>Margarita Salas &#8211; Vald\u00e9s<\/strong> (<a href=\"\/casas-rurales\/asturias\">Asturias<\/a>)<\/h2>\n\n\n\n<figure class=\"wp-block-image size-large\"><img loading=\"lazy\" decoding=\"async\" width=\"1024\" height=\"683\" src=\"https:\/\/www.escapadarural.com\/blog\/wp-content\/uploads\/2023\/03\/AdobeStock_831457965-1024x683.jpeg\" alt=\"Luarca, Vald\u00e9s (Asturias).\" class=\"wp-image-214636\" srcset=\"https:\/\/www.escapadarural.com\/blog\/wp-content\/uploads\/2023\/03\/AdobeStock_831457965-200x133.jpeg 200w, https:\/\/www.escapadarural.com\/blog\/wp-content\/uploads\/2023\/03\/AdobeStock_831457965-300x200.jpeg 300w, https:\/\/www.escapadarural.com\/blog\/wp-content\/uploads\/2023\/03\/AdobeStock_831457965-400x267.jpeg 400w, https:\/\/www.escapadarural.com\/blog\/wp-content\/uploads\/2023\/03\/AdobeStock_831457965-600x400.jpeg 600w, https:\/\/www.escapadarural.com\/blog\/wp-content\/uploads\/2023\/03\/AdobeStock_831457965-768x512.jpeg 768w, https:\/\/www.escapadarural.com\/blog\/wp-content\/uploads\/2023\/03\/AdobeStock_831457965-800x533.jpeg 800w, https:\/\/www.escapadarural.com\/blog\/wp-content\/uploads\/2023\/03\/AdobeStock_831457965-1024x683.jpeg 1024w, https:\/\/www.escapadarural.com\/blog\/wp-content\/uploads\/2023\/03\/AdobeStock_831457965-1200x800.jpeg 1200w, https:\/\/www.escapadarural.com\/blog\/wp-content\/uploads\/2023\/03\/AdobeStock_831457965-1536x1024.jpeg 1536w\" sizes=\"auto, (max-width: 1024px) 100vw, 1024px\" \/><figcaption class=\"wp-element-caption\">Luarca, Vald\u00e9s (Asturias). Por: N\u00e9stor MN.<\/figcaption><\/figure>\n\n\n\n<p>Esta bioqu\u00edmica asturiana es <strong>uno de los grandes nombres<\/strong> que Espa\u00f1a ha aportado a la ciencia junto al de Severo Ochoa, de quien fue disc\u00edpula y con el que comparti\u00f3 despacho en Estados Unidos. Su campo era el de la biolog\u00eda molecular y durante su carrera public\u00f3 m\u00e1s de 350 art\u00edculos en revistas y libros, se hizo con ocho patentes y dio cerca de 400 conferencias. La lista de galardones y reconocimientos que le otorgaron es largu\u00edsima: entre ellos est\u00e1n la Medalla del Principado de Asturias (1997), la Medalla de Oro al M\u00e9rito en el Trabajo (2005) o la Medalla Echegaray de la Academia de Ciencias Exactas, F\u00edsicas y Naturales (2016).<\/p>\n\n\n\n<p>En el a\u00f1o 2020, se abri\u00f3 el espacio \u2018Laboratorio Severo Ochoa\/Margarita Salas\u2019 en el Parque de la Vida de <a href=\"\/casas-rurales\/luarca\">Luarca<\/a>, que <a href=\"https:\/\/parquedelavida.org\/exposiciones\/laboratorio\/\" target=\"_blank\" rel=\"noreferrer noopener nofollow\">en su web<\/a> dice: \u201cA trav\u00e9s de sus trabajos e investigaciones nos adentramos en la vida, esa vida para la que la ciencia nos aporta, a trav\u00e9s del conocimiento, los valores fundamentales para protegerla. Y qu\u00e9 mejor que hacer este viaje acompa\u00f1ados de tan ilustres vecinos\u201d. Entre otras cosas, se puede ver la \u00faltima bata de trabajo que utiliz\u00f3 la cient\u00edfica.<\/p>\n\n\n\n<div class=\"wp-block-buttons is-layout-flex wp-block-buttons-is-layout-flex\">\n<div class=\"wp-block-button\"><a class=\"wp-block-button__link wp-element-button\" href=\"\/casas-rurales\/valdes_asturias\">Alojamientos rurales en Vald\u00e9s<\/a><\/div>\n<\/div>\n\n\n\n<h2 class=\"wp-block-heading\" id=\"h-rocio-jurado-chipiona\"><strong>Roc\u00edo Jurado &#8211; Chipiona<\/strong> (<a href=\"\/casas-rurales\/cadiz\">C\u00e1diz<\/a>)<\/h2>\n\n\n\n<figure class=\"wp-block-image size-large\"><img decoding=\"async\" src=\"https:\/\/www.escapadarural.com\/blog\/wp-content\/uploads\/2023\/03\/AdobeStock_75126256-691x1024-1.jpeg\" alt=\"Homenaje a Roc\u00edo Jurado, Chipiona\" class=\"wp-image-58650\"\/><figcaption class=\"wp-element-caption\">Homenaje a Roc\u00edo Jurado, Chipiona. Por joserpizarro<\/figcaption><\/figure>\n\n\n\n<p>Este pueblo de C\u00e1diz tiene el orgullo de poder decir que tiene a dos \u2018de las figuras m\u00e1s grandes de Espa\u00f1a\u2019 ligadas a \u00e9l. Una es Roc\u00edo Jurado conocida como <strong>\u2018la m\u00e1s grande de la copla\u2019<\/strong> y la otra es su faro, que es el m\u00e1s alto de la pen\u00ednsula. Pero teniendo en cuenta la tem\u00e1tica de esta lista, la protagonista en esta ocasi\u00f3n es la artista.<\/p>\n\n\n\n<p>En junio de 2022 se inaugur\u00f3 \u2013por fin, era una deuda pendiente de la localidad con su personaje m\u00e1s relevante\u2013 el <a href=\"https:\/\/www.rociojurado.es\/\" target=\"_blank\" rel=\"noreferrer noopener nofollow\">Centro de Interpretaci\u00f3n de Roc\u00edo Jurado<\/a>, que cuenta con una zona musical interactiva, una parte de dedicada a sus inicios y otra a sus primeros a\u00f1os en los tablaos y la televisi\u00f3n, adem\u00e1s de la protagonizada por su reconocimiento. Tambi\u00e9n hay una secci\u00f3n consagrada a su valor como persona m\u00e1s all\u00e1 de su figura art\u00edstica y a su funci\u00f3n como <strong>embajadora no oficial de Chipiona<\/strong>.<\/p>\n\n\n\n<p>Antes de la apertura de este centro, <strong>el museo dedicado a la folcl\u00f3rica era el bar Tani<\/strong>, con su exposici\u00f3n permanente dedicada a \u2018La Jurado\u2019. En el pueblo se puede hacer una ruta tem\u00e1tica que adem\u00e1s de pasar por dicho establecimiento, tambi\u00e9n se para en el monumento situado en la avenida Roc\u00edo Jurado, el mausoleo en el que est\u00e1 enterrada y la estrella en el santuario Virgen de Regla, entre otros puntos.<\/p>\n\n\n\n<div class=\"wp-block-buttons is-layout-flex wp-block-buttons-is-layout-flex\">\n<div class=\"wp-block-button\"><a class=\"wp-block-button__link wp-element-button\" href=\"\/casas-rurales\/chipiona\">Alojamientos rurales cerca de Chipiona<\/a><\/div>\n<\/div>\n\n\n\n<h2 class=\"wp-block-heading\" id=\"h-carmen-martin-gaite-el-boalo\"><strong>Carmen Mart\u00edn Gaite &#8211; El Boalo<\/strong> (<a href=\"\/casas-rurales\/madrid\">Madrid<\/a>)<\/h2>\n\n\n\n<figure class=\"wp-block-image size-full\"><img decoding=\"async\" src=\"https:\/\/www.escapadarural.com\/blog\/wp-content\/uploads\/2023\/03\/Escena-casa-Carmen-Martin-Gaite_CMYK.jpg\" alt=\"casa Carmen-Martin-Gaite\" class=\"wp-image-58651\"\/><figcaption class=\"wp-element-caption\">Casa Carmen Martin Gaite. Por Ayuntamiento El Boalo-Cerceda-Mataelpino<\/figcaption><\/figure>\n\n\n\n<p>Pese a que naci\u00f3 en Salamanca, pas\u00f3 gran parte de su vida en Madrid con intervalos en Nueva York, aunque <strong>su verdadero refugio<\/strong> era la casa familiar situada en El Boalo, en la <a href=\"\/casas-rurales\/sierra-de-guadarrama\">sierra de Guadarrama<\/a>. All\u00ed es donde se ubica ahora la <a href=\"http:\/\/fundacionmartingaite.org\/\" target=\"_blank\" rel=\"noreferrer noopener nofollow\">Fundaci\u00f3n Centro de Estudios de los A\u00f1os 50<\/a> que cre\u00f3 su hermana Ana Mar\u00eda, tambi\u00e9n fallecida. La residencia est\u00e1 abierta a visitas y en ella tambi\u00e9n se organizan eventos como seminarios o jornadas de incentivaci\u00f3n a la lectura.<\/p>\n\n\n\n<p>Mart\u00edn Gaite fue <strong>una de las escritoras m\u00e1s admiradas y queridas<\/strong> de la generaci\u00f3n de escritores e intelectuales conocida como \u2018Los ni\u00f1os de la guerra\u2019. Gan\u00f3 el Premio Nadal con su segunda novela <em>Entre visillos<\/em> (1958) y a partir de ah\u00ed todo fueron logros, incluyendo el Premio Nacional de Narrativa (1978), el Premio Pr\u00edncipe de Asturias de las Letras Espa\u00f1olas (1988) o el Premio Nacional de las Letras Espa\u00f1olas (1994) entre otros muchos.<\/p>\n\n\n\n<div class=\"wp-block-buttons is-layout-flex wp-block-buttons-is-layout-flex\">\n<div class=\"wp-block-button\"><a class=\"wp-block-button__link wp-element-button\" href=\"\/casas-rurales\/el-boalo\">Alojamientos rurales cerca de El Boalo<\/a><\/div>\n<\/div>\n\n\n\n<h2 class=\"wp-block-heading\" id=\"h-maria-de-maeztu-estella\"><strong>Mar\u00eda de Maeztu &#8211; Estella<\/strong> (<a href=\"\/casas-rurales\/navarra\">Navarra<\/a>)<\/h2>\n\n\n\n<figure class=\"wp-block-image size-large\"><img loading=\"lazy\" decoding=\"async\" width=\"1024\" height=\"683\" src=\"https:\/\/www.escapadarural.com\/blog\/wp-content\/uploads\/2025\/04\/AdobeStock_517386398-1024x683.jpeg\" alt=\"Dos peregrinos en Estella - Lizarra. Por N\u00e9stor MN\" class=\"wp-image-199096\" srcset=\"https:\/\/www.escapadarural.com\/blog\/wp-content\/uploads\/2025\/04\/AdobeStock_517386398-200x133.jpeg 200w, https:\/\/www.escapadarural.com\/blog\/wp-content\/uploads\/2025\/04\/AdobeStock_517386398-300x200.jpeg 300w, https:\/\/www.escapadarural.com\/blog\/wp-content\/uploads\/2025\/04\/AdobeStock_517386398-400x267.jpeg 400w, https:\/\/www.escapadarural.com\/blog\/wp-content\/uploads\/2025\/04\/AdobeStock_517386398-600x400.jpeg 600w, https:\/\/www.escapadarural.com\/blog\/wp-content\/uploads\/2025\/04\/AdobeStock_517386398-768x512.jpeg 768w, https:\/\/www.escapadarural.com\/blog\/wp-content\/uploads\/2025\/04\/AdobeStock_517386398-800x533.jpeg 800w, https:\/\/www.escapadarural.com\/blog\/wp-content\/uploads\/2025\/04\/AdobeStock_517386398-1024x683.jpeg 1024w, https:\/\/www.escapadarural.com\/blog\/wp-content\/uploads\/2025\/04\/AdobeStock_517386398-1200x800.jpeg 1200w, https:\/\/www.escapadarural.com\/blog\/wp-content\/uploads\/2025\/04\/AdobeStock_517386398-1536x1024.jpeg 1536w\" sizes=\"auto, (max-width: 1024px) 100vw, 1024px\" \/><figcaption class=\"wp-element-caption\">Dos peregrinos en Estella &#8211; Lizarra. Por N\u00e9stor MN<\/figcaption><\/figure>\n\n\n\n<p>Si la popularidad o el cari\u00f1o de un pa\u00eds por una persona puede medirse en el n\u00famero de calles, rotondas o colegios que llevan su nombre, Mar\u00eda de Maeztu tiene pocos competidores que lleguen a su nivel en Espa\u00f1a. La <strong>pedagoga y feminista vasca<\/strong> dirigi\u00f3 la Residencia de Se\u00f1oritas y el Lyceum Club Femenino \u2013dos centros de reuni\u00f3n de las intelectuales espa\u00f1olas en los a\u00f1os 30, frecuentados por Victoria Kent, Elena Fort\u00fan o la antes mencionada Mar\u00eda Lej\u00e1rraga\u2013, adem\u00e1s de dedicarse a la docencia.<\/p>\n\n\n\n<p><strong>El exilio la llev\u00f3 a Buenos Aires<\/strong>, donde obtuvo la c\u00e1tedra de Historia de la Educaci\u00f3n en la universidad de la ciudad. All\u00ed trabaj\u00f3 y residi\u00f3 el resto de su vida hasta que falleci\u00f3 en 1948. Un a\u00f1o despu\u00e9s, su cuerpo fue repatriado y enterrado en <a href=\"https:\/\/www.escapadarural.com\/casas-rurales\/estella-lizarra\">Estella<\/a>, en el mausoleo familiar. En dicha localidad residen los fondos de su hermano el pintor Gustavo de Maeztu, que fueron donados por la propia Mar\u00eda.&nbsp;<\/p>\n\n\n\n<div class=\"wp-block-buttons is-layout-flex wp-block-buttons-is-layout-flex\">\n<div class=\"wp-block-button\"><a class=\"wp-block-button__link wp-element-button\" href=\"\/casas-rurales\/estella-lizarra\">Alojamientos rurales en Estella-Lizarra<\/a><\/div>\n<\/div>\n\n\n\n<h2 class=\"wp-block-heading\" id=\"h-lola-flores-jerez-de-la-frontera\"><strong>Lola Flores &#8211; Jerez de la Frontera<\/strong> (<a href=\"\/casas-rurales\/cadiz\">C\u00e1diz<\/a>)<\/h2>\n\n\n\n<figure class=\"wp-block-image size-full\"><img decoding=\"async\" src=\"https:\/\/www.escapadarural.com\/blog\/wp-content\/uploads\/2023\/03\/Estatua_Lola_Flores_Jerez.jpg\" alt=\"Monumento a Lola Flores, Jerez de la Frontera\" class=\"wp-image-58652\"\/><figcaption class=\"wp-element-caption\">Monumento a Lola Flores, Jerez de la Frontera. Por I, Mao06<\/figcaption><\/figure>\n\n\n\n<p>En 2025 se cumplieron 30 a\u00f1os de la muerta de <strong>una de las artistas que m\u00e1s admiraci\u00f3n caus\u00f3<\/strong> en Espa\u00f1a a lo largo de toda su vida y que tambi\u00e9n se gan\u00f3 el cari\u00f1o genuino del pa\u00eds, pese a sus fraudes con Hacienda o sus salidas de tono. De hecho, la naturalidad con la que se expresaba en p\u00fablico fue la que la convirti\u00f3 con el tiempo en todo un icono de la cultura pop espa\u00f1ola. El d\u00eda que falleci\u00f3, se derramaron tantas l\u00e1grimas aqu\u00ed como en Gran Breta\u00f1a el d\u00eda que muri\u00f3 Lady Di.<\/p>\n\n\n\n<p>Pero pese a su fama, la folcl\u00f3rica no tuvo un centro de homenaje en <a href=\"\/casas-rurales\/jerez-de-la-frontera\">Jerez de la Frontera<\/a> hasta 2023 con la apertura del <a href=\"https:\/\/www.jerez.es\/ciudad\/centenario-lola\/centro-lola-visitas\" target=\"_blank\" rel=\"noreferrer noopener nofollow\">Museo Lola Flores<\/a>. En \u00e9l se pueden ver objetos relacionados con ella aportados por la familia, como <strong>sus batas de cola<\/strong> y muestras audiovisuales de sus actuaciones. Asimismo, hay un tablao flamenco que simular\u00e1 los escenarios donde Lola Flores dio sus primeros taconeos.<\/p>\n\n\n\n<div class=\"wp-block-buttons is-layout-flex wp-block-buttons-is-layout-flex\">\n<div class=\"wp-block-button\"><a class=\"wp-block-button__link wp-element-button\" href=\"\/casas-rurales\/jerez-de-la-frontera\">Alojamientos rurales en Jerez de la Frontera<\/a><\/div>\n<\/div>\n","protected":false},"excerpt":{"rendered":"<p>En el D\u00eda Internacional de la mujer recorremos aquellos pueblos donde se recuerda a algunas de las mujeres ilustres espa\u00f1olas<\/p>\n","protected":false},"author":114,"featured_media":79212,"comment_status":"open","ping_status":"open","sticky":false,"template":"","format":"standard","meta":{"_acf_changed":false,"om_disable_all_campaigns":false,"footnotes":""},"categories":[191],"tags":[241,355,246,648,4975,511,440,518,215,407,792,2536,421,212],"class_list":["post-58644","post","type-post","status-publish","format-standard","has-post-thumbnail","hentry","category-destinos","tag-que-ver-en-a-coruna","tag-que-ver-en-almeria","tag-que-ver-en-asturias","tag-que-ver-en-cadiz","tag-dia-internacional-de-la-mujer","tag-familia","tag-historias-y-curiosidades","tag-que-ver-en-la-rioja","tag-listado","tag-que-ver-en-madrid","tag-que-ver-en-malaga","tag-mujeres","tag-que-ver-en-navarra","tag-pueblos"],"acf":[],"featured_image_src":"https:\/\/www.escapadarural.com\/blog\/wp-content\/uploads\/2024\/09\/image-new-s.jpg","author_info":{"display_name":"Carmen L\u00f3pez","author_link":"https:\/\/www.escapadarural.com\/blog\/autor\/carmenlopez\/"},"yoast_head":"<!-- This site is optimized with the Yoast SEO plugin v27.5 - https:\/\/yoast.com\/product\/yoast-seo-wordpress\/ -->\n<title>9 pueblos de mujeres ilustres de la historia de Espa\u00f1a - EscapadaRural<\/title>\n<meta name=\"description\" content=\"En el D\u00eda Internacional de la mujer recorremos aquellos pueblos donde se recuerda a algunas de las mujeres ilustres espa\u00f1olas\" \/>\n<meta name=\"robots\" content=\"index, follow, max-snippet:-1, max-image-preview:large, max-video-preview:-1\" \/>\n<link rel=\"canonical\" href=\"https:\/\/www.escapadarural.com\/blog\/pueblos-mujeres-ilustres-espanolas\/\" \/>\n<meta property=\"og:locale\" content=\"es_ES\" \/>\n<meta property=\"og:type\" content=\"article\" \/>\n<meta property=\"og:title\" content=\"9 pueblos de mujeres ilustres de la historia de Espa\u00f1a - EscapadaRural\" \/>\n<meta property=\"og:description\" content=\"En el D\u00eda Internacional de la mujer recorremos aquellos pueblos donde se recuerda a algunas de las mujeres ilustres espa\u00f1olas\" \/>\n<meta property=\"og:url\" content=\"https:\/\/www.escapadarural.com\/blog\/pueblos-mujeres-ilustres-espanolas\/\" \/>\n<meta property=\"og:site_name\" content=\"Magazine de viajes de EscapadaRural\" \/>\n<meta property=\"article:publisher\" content=\"https:\/\/www.facebook.com\/escapadarural\" \/>\n<meta property=\"article:published_time\" content=\"2026-03-08T13:21:21+00:00\" \/>\n<meta property=\"article:modified_time\" content=\"2026-03-18T14:25:35+00:00\" \/>\n<meta property=\"og:image\" content=\"https:\/\/www.escapadarural.com\/blog\/wp-content\/uploads\/2024\/09\/image-new-s.jpg?v=1773843938\" \/>\n\t<meta property=\"og:image:width\" content=\"1897\" \/>\n\t<meta property=\"og:image:height\" content=\"1542\" \/>\n\t<meta property=\"og:image:type\" content=\"image\/jpeg\" \/>\n<meta name=\"author\" content=\"Carmen L\u00f3pez\" \/>\n<meta name=\"twitter:card\" content=\"summary_large_image\" \/>\n<meta name=\"twitter:label1\" content=\"Escrito por\" \/>\n\t<meta name=\"twitter:data1\" content=\"Carmen L\u00f3pez\" \/>\n\t<meta name=\"twitter:label2\" content=\"Tiempo de lectura\" \/>\n\t<meta name=\"twitter:data2\" content=\"11 minutos\" \/>\n<script type=\"application\/ld+json\" class=\"yoast-schema-graph\">{\"@context\":\"https:\\\/\\\/schema.org\",\"@graph\":[{\"@type\":\"Article\",\"@id\":\"https:\\\/\\\/www.escapadarural.com\\\/blog\\\/pueblos-mujeres-ilustres-espanolas\\\/#article\",\"isPartOf\":{\"@id\":\"https:\\\/\\\/www.escapadarural.com\\\/blog\\\/pueblos-mujeres-ilustres-espanolas\\\/\"},\"author\":{\"name\":\"Carmen L\u00f3pez\",\"@id\":\"https:\\\/\\\/www.escapadarural.com\\\/blog\\\/#\\\/schema\\\/person\\\/42dfdff6118172efc6a04c8ae599a2ce\"},\"headline\":\"9 pueblos de mujeres ilustres de la historia de Espa\u00f1a\",\"datePublished\":\"2026-03-08T13:21:21+00:00\",\"dateModified\":\"2026-03-18T14:25:35+00:00\",\"mainEntityOfPage\":{\"@id\":\"https:\\\/\\\/www.escapadarural.com\\\/blog\\\/pueblos-mujeres-ilustres-espanolas\\\/\"},\"wordCount\":2146,\"commentCount\":0,\"publisher\":{\"@id\":\"https:\\\/\\\/www.escapadarural.com\\\/blog\\\/#organization\"},\"image\":{\"@id\":\"https:\\\/\\\/www.escapadarural.com\\\/blog\\\/pueblos-mujeres-ilustres-espanolas\\\/#primaryimage\"},\"thumbnailUrl\":\"https:\\\/\\\/www.escapadarural.com\\\/blog\\\/wp-content\\\/uploads\\\/2024\\\/09\\\/image-new-s.jpg\",\"keywords\":[\"A Coru\u00f1a\",\"Almer\u00eda\",\"Asturias\",\"C\u00e1diz\",\"d\u00eda internacional de la mujer\",\"Familia\",\"Historias y Curiosidades\",\"La Rioja\",\"Listado\",\"Madrid\",\"M\u00e1laga\",\"mujeres\",\"Navarra\",\"pueblos\"],\"articleSection\":[\"Destinos\"],\"inLanguage\":\"es\",\"potentialAction\":[{\"@type\":\"CommentAction\",\"name\":\"Comment\",\"target\":[\"https:\\\/\\\/www.escapadarural.com\\\/blog\\\/pueblos-mujeres-ilustres-espanolas\\\/#respond\"]}]},{\"@type\":\"WebPage\",\"@id\":\"https:\\\/\\\/www.escapadarural.com\\\/blog\\\/pueblos-mujeres-ilustres-espanolas\\\/\",\"url\":\"https:\\\/\\\/www.escapadarural.com\\\/blog\\\/pueblos-mujeres-ilustres-espanolas\\\/\",\"name\":\"9 pueblos de mujeres ilustres de la historia de Espa\u00f1a - EscapadaRural\",\"isPartOf\":{\"@id\":\"https:\\\/\\\/www.escapadarural.com\\\/blog\\\/#website\"},\"primaryImageOfPage\":{\"@id\":\"https:\\\/\\\/www.escapadarural.com\\\/blog\\\/pueblos-mujeres-ilustres-espanolas\\\/#primaryimage\"},\"image\":{\"@id\":\"https:\\\/\\\/www.escapadarural.com\\\/blog\\\/pueblos-mujeres-ilustres-espanolas\\\/#primaryimage\"},\"thumbnailUrl\":\"https:\\\/\\\/www.escapadarural.com\\\/blog\\\/wp-content\\\/uploads\\\/2024\\\/09\\\/image-new-s.jpg\",\"datePublished\":\"2026-03-08T13:21:21+00:00\",\"dateModified\":\"2026-03-18T14:25:35+00:00\",\"description\":\"En el D\u00eda Internacional de la mujer recorremos aquellos pueblos donde se recuerda a algunas de las mujeres ilustres espa\u00f1olas\",\"breadcrumb\":{\"@id\":\"https:\\\/\\\/www.escapadarural.com\\\/blog\\\/pueblos-mujeres-ilustres-espanolas\\\/#breadcrumb\"},\"inLanguage\":\"es\",\"potentialAction\":[{\"@type\":\"ReadAction\",\"target\":[\"https:\\\/\\\/www.escapadarural.com\\\/blog\\\/pueblos-mujeres-ilustres-espanolas\\\/\"]}]},{\"@type\":\"ImageObject\",\"inLanguage\":\"es\",\"@id\":\"https:\\\/\\\/www.escapadarural.com\\\/blog\\\/pueblos-mujeres-ilustres-espanolas\\\/#primaryimage\",\"url\":\"https:\\\/\\\/www.escapadarural.com\\\/blog\\\/wp-content\\\/uploads\\\/2024\\\/09\\\/image-new-s.jpg\",\"contentUrl\":\"https:\\\/\\\/www.escapadarural.com\\\/blog\\\/wp-content\\\/uploads\\\/2024\\\/09\\\/image-new-s.jpg\",\"width\":1897,\"height\":1542,\"caption\":\"Mujer disfrutando del turismo rural\"},{\"@type\":\"BreadcrumbList\",\"@id\":\"https:\\\/\\\/www.escapadarural.com\\\/blog\\\/pueblos-mujeres-ilustres-espanolas\\\/#breadcrumb\",\"itemListElement\":[{\"@type\":\"ListItem\",\"position\":1,\"name\":\"Inicio\",\"item\":\"https:\\\/\\\/www.escapadarural.com\\\/blog\\\/\"},{\"@type\":\"ListItem\",\"position\":2,\"name\":\"Destinos\",\"item\":\"https:\\\/\\\/www.escapadarural.com\\\/blog\\\/categoria\\\/destinos\\\/\"},{\"@type\":\"ListItem\",\"position\":3,\"name\":\"9 pueblos de mujeres ilustres de la historia de Espa\u00f1a\"}]},{\"@type\":\"WebSite\",\"@id\":\"https:\\\/\\\/www.escapadarural.com\\\/blog\\\/#website\",\"url\":\"https:\\\/\\\/www.escapadarural.com\\\/blog\\\/\",\"name\":\"Blog de viajes | turismo rural, alojamientos e inspiraci\u00f3n\",\"description\":\"Alojamientos rurales e inspiraci\u00f3n para tus escapadas\",\"publisher\":{\"@id\":\"https:\\\/\\\/www.escapadarural.com\\\/blog\\\/#organization\"},\"alternateName\":\"Magazine de viajes de EscapadaRural\",\"potentialAction\":[{\"@type\":\"SearchAction\",\"target\":{\"@type\":\"EntryPoint\",\"urlTemplate\":\"https:\\\/\\\/www.escapadarural.com\\\/blog\\\/?s={search_term_string}\"},\"query-input\":{\"@type\":\"PropertyValueSpecification\",\"valueRequired\":true,\"valueName\":\"search_term_string\"}}],\"inLanguage\":\"es\"},{\"@type\":\"Organization\",\"@id\":\"https:\\\/\\\/www.escapadarural.com\\\/blog\\\/#organization\",\"name\":\"EscapadaRural\",\"url\":\"https:\\\/\\\/www.escapadarural.com\\\/blog\\\/\",\"logo\":{\"@type\":\"ImageObject\",\"inLanguage\":\"es\",\"@id\":\"https:\\\/\\\/www.escapadarural.com\\\/blog\\\/#\\\/schema\\\/logo\\\/image\\\/\",\"url\":\"https:\\\/\\\/www.escapadarural.com\\\/blog\\\/wp-content\\\/uploads\\\/2024\\\/10\\\/cropped-cropped-escapada-rural-icon-mag-3.png\",\"contentUrl\":\"https:\\\/\\\/www.escapadarural.com\\\/blog\\\/wp-content\\\/uploads\\\/2024\\\/10\\\/cropped-cropped-escapada-rural-icon-mag-3.png\",\"width\":512,\"height\":512,\"caption\":\"EscapadaRural\"},\"image\":{\"@id\":\"https:\\\/\\\/www.escapadarural.com\\\/blog\\\/#\\\/schema\\\/logo\\\/image\\\/\"},\"sameAs\":[\"https:\\\/\\\/www.facebook.com\\\/escapadarural\",\"https:\\\/\\\/www.instagram.com\\\/escapadarural\\\/\",\"https:\\\/\\\/www.youtube.com\\\/@escapadaruralcom\"]},{\"@type\":\"Person\",\"@id\":\"https:\\\/\\\/www.escapadarural.com\\\/blog\\\/#\\\/schema\\\/person\\\/42dfdff6118172efc6a04c8ae599a2ce\",\"name\":\"Carmen L\u00f3pez\",\"image\":{\"@type\":\"ImageObject\",\"inLanguage\":\"es\",\"@id\":\"https:\\\/\\\/www.escapadarural.com\\\/blog\\\/wp-content\\\/uploads\\\/2024\\\/11\\\/cropped-perfil_eldiario-96x96-1-96x96.jpeg\",\"url\":\"https:\\\/\\\/www.escapadarural.com\\\/blog\\\/wp-content\\\/uploads\\\/2024\\\/11\\\/cropped-perfil_eldiario-96x96-1-96x96.jpeg\",\"contentUrl\":\"https:\\\/\\\/www.escapadarural.com\\\/blog\\\/wp-content\\\/uploads\\\/2024\\\/11\\\/cropped-perfil_eldiario-96x96-1-96x96.jpeg\",\"caption\":\"Carmen L\u00f3pez\"},\"description\":\"Soy periodista y escribo sobre cosas que importan en sitios que interesan desde hace m\u00e1s de una d\u00e9cada.\",\"url\":\"https:\\\/\\\/www.escapadarural.com\\\/blog\\\/autor\\\/carmenlopez\\\/\"}]}<\/script>\n<!-- \/ Yoast SEO plugin. -->","yoast_head_json":{"title":"9 pueblos de mujeres ilustres de la historia de Espa\u00f1a - EscapadaRural","description":"En el D\u00eda Internacional de la mujer recorremos aquellos pueblos donde se recuerda a algunas de las mujeres ilustres espa\u00f1olas","robots":{"index":"index","follow":"follow","max-snippet":"max-snippet:-1","max-image-preview":"max-image-preview:large","max-video-preview":"max-video-preview:-1"},"canonical":"https:\/\/www.escapadarural.com\/blog\/pueblos-mujeres-ilustres-espanolas\/","og_locale":"es_ES","og_type":"article","og_title":"9 pueblos de mujeres ilustres de la historia de Espa\u00f1a - EscapadaRural","og_description":"En el D\u00eda Internacional de la mujer recorremos aquellos pueblos donde se recuerda a algunas de las mujeres ilustres espa\u00f1olas","og_url":"https:\/\/www.escapadarural.com\/blog\/pueblos-mujeres-ilustres-espanolas\/","og_site_name":"Magazine de viajes de EscapadaRural","article_publisher":"https:\/\/www.facebook.com\/escapadarural","article_published_time":"2026-03-08T13:21:21+00:00","article_modified_time":"2026-03-18T14:25:35+00:00","og_image":[{"width":1897,"height":1542,"url":"https:\/\/www.escapadarural.com\/blog\/wp-content\/uploads\/2024\/09\/image-new-s.jpg?v=1773843938","type":"image\/jpeg"}],"author":"Carmen L\u00f3pez","twitter_card":"summary_large_image","twitter_misc":{"Escrito por":"Carmen L\u00f3pez","Tiempo de lectura":"11 minutos"},"schema":{"@context":"https:\/\/schema.org","@graph":[{"@type":"Article","@id":"https:\/\/www.escapadarural.com\/blog\/pueblos-mujeres-ilustres-espanolas\/#article","isPartOf":{"@id":"https:\/\/www.escapadarural.com\/blog\/pueblos-mujeres-ilustres-espanolas\/"},"author":{"name":"Carmen L\u00f3pez","@id":"https:\/\/www.escapadarural.com\/blog\/#\/schema\/person\/42dfdff6118172efc6a04c8ae599a2ce"},"headline":"9 pueblos de mujeres ilustres de la historia de Espa\u00f1a","datePublished":"2026-03-08T13:21:21+00:00","dateModified":"2026-03-18T14:25:35+00:00","mainEntityOfPage":{"@id":"https:\/\/www.escapadarural.com\/blog\/pueblos-mujeres-ilustres-espanolas\/"},"wordCount":2146,"commentCount":0,"publisher":{"@id":"https:\/\/www.escapadarural.com\/blog\/#organization"},"image":{"@id":"https:\/\/www.escapadarural.com\/blog\/pueblos-mujeres-ilustres-espanolas\/#primaryimage"},"thumbnailUrl":"https:\/\/www.escapadarural.com\/blog\/wp-content\/uploads\/2024\/09\/image-new-s.jpg","keywords":["A Coru\u00f1a","Almer\u00eda","Asturias","C\u00e1diz","d\u00eda internacional de la mujer","Familia","Historias y Curiosidades","La Rioja","Listado","Madrid","M\u00e1laga","mujeres","Navarra","pueblos"],"articleSection":["Destinos"],"inLanguage":"es","potentialAction":[{"@type":"CommentAction","name":"Comment","target":["https:\/\/www.escapadarural.com\/blog\/pueblos-mujeres-ilustres-espanolas\/#respond"]}]},{"@type":"WebPage","@id":"https:\/\/www.escapadarural.com\/blog\/pueblos-mujeres-ilustres-espanolas\/","url":"https:\/\/www.escapadarural.com\/blog\/pueblos-mujeres-ilustres-espanolas\/","name":"9 pueblos de mujeres ilustres de la historia de Espa\u00f1a - EscapadaRural","isPartOf":{"@id":"https:\/\/www.escapadarural.com\/blog\/#website"},"primaryImageOfPage":{"@id":"https:\/\/www.escapadarural.com\/blog\/pueblos-mujeres-ilustres-espanolas\/#primaryimage"},"image":{"@id":"https:\/\/www.escapadarural.com\/blog\/pueblos-mujeres-ilustres-espanolas\/#primaryimage"},"thumbnailUrl":"https:\/\/www.escapadarural.com\/blog\/wp-content\/uploads\/2024\/09\/image-new-s.jpg","datePublished":"2026-03-08T13:21:21+00:00","dateModified":"2026-03-18T14:25:35+00:00","description":"En el D\u00eda Internacional de la mujer recorremos aquellos pueblos donde se recuerda a algunas de las mujeres ilustres espa\u00f1olas","breadcrumb":{"@id":"https:\/\/www.escapadarural.com\/blog\/pueblos-mujeres-ilustres-espanolas\/#breadcrumb"},"inLanguage":"es","potentialAction":[{"@type":"ReadAction","target":["https:\/\/www.escapadarural.com\/blog\/pueblos-mujeres-ilustres-espanolas\/"]}]},{"@type":"ImageObject","inLanguage":"es","@id":"https:\/\/www.escapadarural.com\/blog\/pueblos-mujeres-ilustres-espanolas\/#primaryimage","url":"https:\/\/www.escapadarural.com\/blog\/wp-content\/uploads\/2024\/09\/image-new-s.jpg","contentUrl":"https:\/\/www.escapadarural.com\/blog\/wp-content\/uploads\/2024\/09\/image-new-s.jpg","width":1897,"height":1542,"caption":"Mujer disfrutando del turismo rural"},{"@type":"BreadcrumbList","@id":"https:\/\/www.escapadarural.com\/blog\/pueblos-mujeres-ilustres-espanolas\/#breadcrumb","itemListElement":[{"@type":"ListItem","position":1,"name":"Inicio","item":"https:\/\/www.escapadarural.com\/blog\/"},{"@type":"ListItem","position":2,"name":"Destinos","item":"https:\/\/www.escapadarural.com\/blog\/categoria\/destinos\/"},{"@type":"ListItem","position":3,"name":"9 pueblos de mujeres ilustres de la historia de Espa\u00f1a"}]},{"@type":"WebSite","@id":"https:\/\/www.escapadarural.com\/blog\/#website","url":"https:\/\/www.escapadarural.com\/blog\/","name":"Blog de viajes | turismo rural, alojamientos e inspiraci\u00f3n","description":"Alojamientos rurales e inspiraci\u00f3n para tus escapadas","publisher":{"@id":"https:\/\/www.escapadarural.com\/blog\/#organization"},"alternateName":"Magazine de viajes de EscapadaRural","potentialAction":[{"@type":"SearchAction","target":{"@type":"EntryPoint","urlTemplate":"https:\/\/www.escapadarural.com\/blog\/?s={search_term_string}"},"query-input":{"@type":"PropertyValueSpecification","valueRequired":true,"valueName":"search_term_string"}}],"inLanguage":"es"},{"@type":"Organization","@id":"https:\/\/www.escapadarural.com\/blog\/#organization","name":"EscapadaRural","url":"https:\/\/www.escapadarural.com\/blog\/","logo":{"@type":"ImageObject","inLanguage":"es","@id":"https:\/\/www.escapadarural.com\/blog\/#\/schema\/logo\/image\/","url":"https:\/\/www.escapadarural.com\/blog\/wp-content\/uploads\/2024\/10\/cropped-cropped-escapada-rural-icon-mag-3.png","contentUrl":"https:\/\/www.escapadarural.com\/blog\/wp-content\/uploads\/2024\/10\/cropped-cropped-escapada-rural-icon-mag-3.png","width":512,"height":512,"caption":"EscapadaRural"},"image":{"@id":"https:\/\/www.escapadarural.com\/blog\/#\/schema\/logo\/image\/"},"sameAs":["https:\/\/www.facebook.com\/escapadarural","https:\/\/www.instagram.com\/escapadarural\/","https:\/\/www.youtube.com\/@escapadaruralcom"]},{"@type":"Person","@id":"https:\/\/www.escapadarural.com\/blog\/#\/schema\/person\/42dfdff6118172efc6a04c8ae599a2ce","name":"Carmen L\u00f3pez","image":{"@type":"ImageObject","inLanguage":"es","@id":"https:\/\/www.escapadarural.com\/blog\/wp-content\/uploads\/2024\/11\/cropped-perfil_eldiario-96x96-1-96x96.jpeg","url":"https:\/\/www.escapadarural.com\/blog\/wp-content\/uploads\/2024\/11\/cropped-perfil_eldiario-96x96-1-96x96.jpeg","contentUrl":"https:\/\/www.escapadarural.com\/blog\/wp-content\/uploads\/2024\/11\/cropped-perfil_eldiario-96x96-1-96x96.jpeg","caption":"Carmen L\u00f3pez"},"description":"Soy periodista y escribo sobre cosas que importan en sitios que interesan desde hace m\u00e1s de una d\u00e9cada.","url":"https:\/\/www.escapadarural.com\/blog\/autor\/carmenlopez\/"}]}},"_links":{"self":[{"href":"https:\/\/www.escapadarural.com\/blog\/wp-json\/wp\/v2\/posts\/58644","targetHints":{"allow":["GET"]}}],"collection":[{"href":"https:\/\/www.escapadarural.com\/blog\/wp-json\/wp\/v2\/posts"}],"about":[{"href":"https:\/\/www.escapadarural.com\/blog\/wp-json\/wp\/v2\/types\/post"}],"author":[{"embeddable":true,"href":"https:\/\/www.escapadarural.com\/blog\/wp-json\/wp\/v2\/users\/114"}],"replies":[{"embeddable":true,"href":"https:\/\/www.escapadarural.com\/blog\/wp-json\/wp\/v2\/comments?post=58644"}],"version-history":[{"count":0,"href":"https:\/\/www.escapadarural.com\/blog\/wp-json\/wp\/v2\/posts\/58644\/revisions"}],"wp:featuredmedia":[{"embeddable":true,"href":"https:\/\/www.escapadarural.com\/blog\/wp-json\/wp\/v2\/media\/79212"}],"wp:attachment":[{"href":"https:\/\/www.escapadarural.com\/blog\/wp-json\/wp\/v2\/media?parent=58644"}],"wp:term":[{"taxonomy":"category","embeddable":true,"href":"https:\/\/www.escapadarural.com\/blog\/wp-json\/wp\/v2\/categories?post=58644"},{"taxonomy":"post_tag","embeddable":true,"href":"https:\/\/www.escapadarural.com\/blog\/wp-json\/wp\/v2\/tags?post=58644"}],"curies":[{"name":"wp","href":"https:\/\/api.w.org\/{rel}","templated":true}]}}