{"id":58699,"date":"2024-02-11T08:14:18","date_gmt":"2024-02-11T07:14:18","guid":{"rendered":"https:\/\/www.escapadarural.com\/blog\/?p=58699"},"modified":"2026-02-05T14:02:21","modified_gmt":"2026-02-05T13:02:21","slug":"destinos-para-disfrutar-en-semana-santa","status":"publish","type":"post","link":"https:\/\/www.escapadarural.com\/blog\/destinos-para-disfrutar-en-semana-santa\/","title":{"rendered":"5 destinos perfectos para disfrutar de la Semana Santa m\u00e1s all\u00e1 de las Procesiones"},"content":{"rendered":"\n<figure class=\"wp-block-image size-full\"><img loading=\"lazy\" decoding=\"async\" width=\"1024\" height=\"682\" src=\"https:\/\/www.escapadarural.com\/blog\/wp-content\/uploads\/2024\/03\/Proyecto-nuevo-1.webp\" alt=\"Parque Nacional de Ordesa y Monte Perdido, Huesca\" class=\"wp-image-196063\" srcset=\"https:\/\/www.escapadarural.com\/blog\/wp-content\/uploads\/2024\/03\/Proyecto-nuevo-1-200x133.webp 200w, https:\/\/www.escapadarural.com\/blog\/wp-content\/uploads\/2024\/03\/Proyecto-nuevo-1-300x200.webp 300w, https:\/\/www.escapadarural.com\/blog\/wp-content\/uploads\/2024\/03\/Proyecto-nuevo-1-400x266.webp 400w, https:\/\/www.escapadarural.com\/blog\/wp-content\/uploads\/2024\/03\/Proyecto-nuevo-1-600x400.webp 600w, https:\/\/www.escapadarural.com\/blog\/wp-content\/uploads\/2024\/03\/Proyecto-nuevo-1-768x512.webp 768w, https:\/\/www.escapadarural.com\/blog\/wp-content\/uploads\/2024\/03\/Proyecto-nuevo-1-800x533.webp 800w, https:\/\/www.escapadarural.com\/blog\/wp-content\/uploads\/2024\/03\/Proyecto-nuevo-1.webp 1024w\" sizes=\"auto, (max-width: 1024px) 100vw, 1024px\" \/><figcaption class=\"wp-element-caption\">Parque Nacional de Ordesa y Monte Perdido, Huesca. Por StockPhotoAstur<\/figcaption><\/figure>\n\n\n\n<p>\u00a1La <strong>Semana Santa<\/strong> est\u00e1 al caer! Y s\u00ed\u2026 qu\u00e9 ganas tenemos de disfrutar de unos d\u00edas de vacaciones, \u00bfverdad? Es uno de los periodos vacacionales m\u00e1s esperados por los espa\u00f1oles, y es que sin duda alguna, es la fecha perfecta para poder hacer una escapada rural con familiares y\/o amigos.<\/p>\n\n\n\n<p>M\u00e1s all\u00e1 de las famosas <strong>procesiones de Semana Santa<\/strong>, en estas fechas vacacionales existen muchas otras alternativas no religiosas que har\u00e1n que tu escapada sea inolvidable. \u00bfQuieres saber cu\u00e1les no puedes perderte? \u00a1Sigue leyendo!<\/p>\n\n\n\n<div class=\"wp-block-buttons is-layout-flex wp-block-buttons-is-layout-flex\">\n<div class=\"wp-block-button\"><a class=\"wp-block-button__link wp-element-button\" href=\"\/casas-rurales\" target=\"_blank\" rel=\"noreferrer noopener\">Encuentra tu alojamiento<\/a><\/div>\n<\/div>\n\n\n\n<h2 class=\"wp-block-heading\" id=\"h-sierras-del-segura-y-alcaraz-albacete\"><strong>Sierras del Segura y Alcaraz (<a href=\"https:\/\/www.escapadarural.com\/casas-rurales\/albacete\" target=\"_blank\" rel=\"noreferrer noopener\">Albacete<\/a>)<\/strong><\/h2>\n\n\n\n<figure class=\"wp-block-image size-full\"><img loading=\"lazy\" decoding=\"async\" width=\"1024\" height=\"683\" src=\"https:\/\/www.escapadarural.com\/blog\/wp-content\/uploads\/2025\/03\/AdobeStock_277744540.webp\" alt=\"Primavera en Castilla-La Mancha: R\u00edo Mundo, Albacete\" class=\"wp-image-197503\" srcset=\"https:\/\/www.escapadarural.com\/blog\/wp-content\/uploads\/2025\/03\/AdobeStock_277744540-200x133.webp 200w, https:\/\/www.escapadarural.com\/blog\/wp-content\/uploads\/2025\/03\/AdobeStock_277744540-300x200.webp 300w, https:\/\/www.escapadarural.com\/blog\/wp-content\/uploads\/2025\/03\/AdobeStock_277744540-400x267.webp 400w, https:\/\/www.escapadarural.com\/blog\/wp-content\/uploads\/2025\/03\/AdobeStock_277744540-600x400.webp 600w, https:\/\/www.escapadarural.com\/blog\/wp-content\/uploads\/2025\/03\/AdobeStock_277744540-768x512.webp 768w, https:\/\/www.escapadarural.com\/blog\/wp-content\/uploads\/2025\/03\/AdobeStock_277744540-800x534.webp 800w, https:\/\/www.escapadarural.com\/blog\/wp-content\/uploads\/2025\/03\/AdobeStock_277744540.webp 1024w\" sizes=\"auto, (max-width: 1024px) 100vw, 1024px\" \/><figcaption class=\"wp-element-caption\">R\u00edo Mundo, Albacete. Por: remore<\/figcaption><\/figure>\n\n\n\n<p>Arrancamos nuestro viaje en Castilla &#8211; La Mancha, concretamente al sur de la provincia de Albacete. All\u00ed nos encontramos con las<strong> Sierras del Segura y Alcaraz<\/strong>. Sus valles escarpados y su terreno de mediana altura, hacen que sea el plan perfecto para los amantes de las rutas en la naturaleza en estas fechas primaverales.<\/p>\n\n\n\n<p>Entre sus muchos atractivos, existe un punto que el visitante no deber\u00eda perderse: el <strong>Parque Natural de los Calares del r\u00edo Mundo y de la Sima<\/strong>. Un espacio protegido con inesperados y preciosos paisajes como la Cueva de los Chorros.<\/p>\n\n\n\n<p>Si optas por esta opci\u00f3n, no deber\u00eda dejar de visitar localidades como <a href=\"https:\/\/www.escapadarural.com\/casas-rurales\/alcaraz\" target=\"_blank\" rel=\"noreferrer noopener\">Alcaraz<\/a>, con sus curiosas \u2018Torres gemelas\u2019; <a href=\"https:\/\/www.escapadarural.com\/casas-rurales\/riopar\" target=\"_blank\" rel=\"noreferrer noopener\">Ri\u00f3par<\/a>, una <strong>antigua villa medieval<\/strong> que a\u00fan conserva vestigios de su castillo y d\u00f3nde es posible visitar las Reales F\u00e1bricas de Bronce, o <a href=\"https:\/\/www.escapadarural.com\/casas-rurales\/ayna\" target=\"_blank\" rel=\"noreferrer noopener\">Ayna<\/a>, un peque\u00f1o pueblo construido sobre una ladera que ofrece unas bonitas vistas.<\/p>\n\n\n\n<div class=\"wp-block-buttons is-layout-flex wp-block-buttons-is-layout-flex\">\n<div class=\"wp-block-button\"><a class=\"wp-block-button__link wp-element-button\" href=\"\/casas-rurales\/albacete\" target=\"_blank\" rel=\"noreferrer noopener\">Casas rurales en Albacete<\/a><\/div>\n<\/div>\n\n\n\n<h2 class=\"wp-block-heading\" id=\"h-ordesa-huesca\"><strong>Ordesa (<a href=\"https:\/\/www.escapadarural.com\/casas-rurales\/huesca\" target=\"_blank\" rel=\"noreferrer noopener\">Huesca<\/a>)<\/strong><\/h2>\n\n\n\n<figure class=\"wp-block-image size-full\"><img loading=\"lazy\" decoding=\"async\" width=\"1024\" height=\"683\" src=\"https:\/\/www.escapadarural.com\/blog\/wp-content\/uploads\/2022\/03\/AdobeStock_61204967_WP_08.webp\" alt=\"Cascada Cola de Caballo, Ordesa, Huesca. Por lunamarina\" class=\"wp-image-193849\" srcset=\"https:\/\/www.escapadarural.com\/blog\/wp-content\/uploads\/2022\/03\/AdobeStock_61204967_WP_08-200x133.webp 200w, https:\/\/www.escapadarural.com\/blog\/wp-content\/uploads\/2022\/03\/AdobeStock_61204967_WP_08-300x200.webp 300w, https:\/\/www.escapadarural.com\/blog\/wp-content\/uploads\/2022\/03\/AdobeStock_61204967_WP_08-400x267.webp 400w, https:\/\/www.escapadarural.com\/blog\/wp-content\/uploads\/2022\/03\/AdobeStock_61204967_WP_08-600x400.webp 600w, https:\/\/www.escapadarural.com\/blog\/wp-content\/uploads\/2022\/03\/AdobeStock_61204967_WP_08-768x512.webp 768w, https:\/\/www.escapadarural.com\/blog\/wp-content\/uploads\/2022\/03\/AdobeStock_61204967_WP_08-800x534.webp 800w, https:\/\/www.escapadarural.com\/blog\/wp-content\/uploads\/2022\/03\/AdobeStock_61204967_WP_08.webp 1024w\" sizes=\"auto, (max-width: 1024px) 100vw, 1024px\" \/><figcaption class=\"wp-element-caption\">Cascada Cola de Caballo, Ordesa, Huesca. Por lunamarina<\/figcaption><\/figure>\n\n\n\n<p>Dejamos Albacete para irnos a Huesca, y es que all\u00ed encontramos el <strong>Parque Nacional de Ordesa y Monte Perdido<\/strong>, que ojito, seg\u00fan la prestigiosa publicaci\u00f3n internacional <em>National Geographic<\/em>, es uno de los lugares m\u00e1s bellos para visitar en primavera.<\/p>\n\n\n\n<p>Y es que son las fechas perfectas para disfrutar de la efervescencia de la naturaleza, ya que durante estas semanas, con el deshielo, es cuando la <strong>Cola de Caballo<\/strong> y el resto de cascadas aumentan de volumen. Ideal para visitar en Semana Santa.<\/p>\n\n\n\n<p>El camino que sube hasta el <strong>circo de Soaso<\/strong> discurre entre el verde brillante de las hojas nuevas y los llamativos colores de las flores pirenaicas. Sin duda alguna, el plan perfecto para disfrutar en familia de una estampa \u00fanica.<\/p>\n\n\n\n<div class=\"wp-block-buttons is-layout-flex wp-block-buttons-is-layout-flex\">\n<div class=\"wp-block-button\"><a class=\"wp-block-button__link wp-element-button\" href=\"\/casas-rurales\/huesca\" target=\"_blank\" rel=\"noreferrer noopener\">Casas rurales en Huesca<\/a><\/div>\n<\/div>\n\n\n\n<h2 class=\"wp-block-heading\" id=\"h-valle-del-jerte-caceres\"><strong>Valle del Jerte (<a href=\"https:\/\/www.escapadarural.com\/casas-rurales\/caceres\" target=\"_blank\" rel=\"noreferrer noopener\">C\u00e1ceres<\/a>)<\/strong><\/h2>\n\n\n\n<figure class=\"wp-block-image size-full\"><img loading=\"lazy\" decoding=\"async\" width=\"1024\" height=\"682\" src=\"https:\/\/www.escapadarural.com\/blog\/wp-content\/uploads\/2024\/03\/jerte.webp\" alt=\"Valle del Jerte (Extremadura)\" class=\"wp-image-196198\" srcset=\"https:\/\/www.escapadarural.com\/blog\/wp-content\/uploads\/2024\/03\/jerte-200x133.webp 200w, https:\/\/www.escapadarural.com\/blog\/wp-content\/uploads\/2024\/03\/jerte-300x200.webp 300w, https:\/\/www.escapadarural.com\/blog\/wp-content\/uploads\/2024\/03\/jerte-400x266.webp 400w, https:\/\/www.escapadarural.com\/blog\/wp-content\/uploads\/2024\/03\/jerte-600x400.webp 600w, https:\/\/www.escapadarural.com\/blog\/wp-content\/uploads\/2024\/03\/jerte-768x512.webp 768w, https:\/\/www.escapadarural.com\/blog\/wp-content\/uploads\/2024\/03\/jerte-800x533.webp 800w, https:\/\/www.escapadarural.com\/blog\/wp-content\/uploads\/2024\/03\/jerte.webp 1024w\" sizes=\"auto, (max-width: 1024px) 100vw, 1024px\" \/><figcaption class=\"wp-element-caption\">Valle del Jerte (Extremadura). Por M.studio<\/figcaption><\/figure>\n\n\n\n<p>Nuestra ruta contin\u00faa por Extremadura y es que esta Semana Santa coincide con la \u00e9poca m\u00e1s bonita para ver los cerezos en flor y el <a href=\"https:\/\/www.escapadarural.com\/casas-rurales\/valle-del-jerte\" target=\"_blank\" rel=\"noreferrer noopener\">Valle del Jerte<\/a>, en C\u00e1ceres, es la mejor opci\u00f3n para disfrutar de este plan.<\/p>\n\n\n\n<p>El valle est\u00e1 rodeado por varias sierras pertenecientes a Gredos: la <strong>Sierra de Tormantos<\/strong>, <strong>los montes de Traslasierra<\/strong> y la <strong>Sierra de B\u00e9jar<\/strong>.<\/p>\n\n\n\n<p>En primavera en todos los pueblos del valle del Jerte se celebra la \u00ab<strong>Fiesta del cerezo en flor<\/strong>\u201d, convirti\u00e9ndose en todo un espect\u00e1culo con la floraci\u00f3n simult\u00e1nea de m\u00e1s de mill\u00f3n y medio de cerezos. Este acontecimiento, est\u00e1 declarado de <strong>Inter\u00e9s Tur\u00edstico Nacional<\/strong>, por lo que puede ser una buen\u00edsima opci\u00f3n para hacerte una escapada.<\/p>\n\n\n\n<div class=\"wp-block-buttons is-layout-flex wp-block-buttons-is-layout-flex\">\n<div class=\"wp-block-button\"><a class=\"wp-block-button__link wp-element-button\" href=\"\/casas-rurales\/caceres\" target=\"_blank\" rel=\"noreferrer noopener\">Casas rurales en C\u00e1ceres<\/a><\/div>\n<\/div>\n\n\n\n<h2 class=\"wp-block-heading\" id=\"h-tudela-navarra\"><strong>Tudela (<a href=\"https:\/\/www.escapadarural.com\/casas-rurales\/navarra\" target=\"_blank\" rel=\"noreferrer noopener\">Navarra<\/a>)<\/strong><\/h2>\n\n\n\n<figure class=\"wp-block-image size-full\"><img loading=\"lazy\" decoding=\"async\" width=\"1024\" height=\"682\" src=\"https:\/\/www.escapadarural.com\/blog\/wp-content\/uploads\/2024\/02\/tudela.webp\" alt=\"Tudela (Navarra)\" class=\"wp-image-198778\" srcset=\"https:\/\/www.escapadarural.com\/blog\/wp-content\/uploads\/2024\/02\/tudela-200x133.webp 200w, https:\/\/www.escapadarural.com\/blog\/wp-content\/uploads\/2024\/02\/tudela-300x200.webp 300w, https:\/\/www.escapadarural.com\/blog\/wp-content\/uploads\/2024\/02\/tudela-400x266.webp 400w, https:\/\/www.escapadarural.com\/blog\/wp-content\/uploads\/2024\/02\/tudela-600x400.webp 600w, https:\/\/www.escapadarural.com\/blog\/wp-content\/uploads\/2024\/02\/tudela-768x512.webp 768w, https:\/\/www.escapadarural.com\/blog\/wp-content\/uploads\/2024\/02\/tudela-800x533.webp 800w, https:\/\/www.escapadarural.com\/blog\/wp-content\/uploads\/2024\/02\/tudela.webp 1024w\" sizes=\"auto, (max-width: 1024px) 100vw, 1024px\" \/><figcaption class=\"wp-element-caption\">Tudela (Navarra). Por Txemari (Argazki)<\/figcaption><\/figure>\n\n\n\n<p>Si eres de los que aprovecha una escapada, para disfrutar comiendo bien, Navarra puede ser otra opci\u00f3n, y es que en esta comunidad la gastronom\u00eda est\u00e1 muy ligada a lo que nos ofrece el entorno.<\/p>\n\n\n\n<p>Es el caso de la localidad de <a href=\"https:\/\/www.escapadarural.com\/casas-rurales\/tudela\" target=\"_blank\" rel=\"noreferrer noopener\">Tudela<\/a>, an\u00edmate a hacer alguna de las rutas de pinchos hechos con verdura, men\u00fas especiales en los restaurantes y actividades en torno a los mejores productos Km0.&nbsp;<\/p>\n\n\n\n<p>Tudela fue fundada en el a\u00f1o 802 bajo el <strong>dominio musulm\u00e1n<\/strong> aunque aqu\u00ed convivieron durante cuatro siglos musulmanes, jud\u00edos y moz\u00e1rabes, que aportaron un mestizaje cultural que a\u00fan hoy se refleja en sus calles. \u00a1Imag\u00ednate la gran riqueza cultural que esconde! \u00a1Una aut\u00e9ntica maravilla!<\/p>\n\n\n\n<div class=\"wp-block-buttons is-layout-flex wp-block-buttons-is-layout-flex\">\n<div class=\"wp-block-button\"><a class=\"wp-block-button__link wp-element-button\" href=\"\/casas-rurales\/tudela\" target=\"_blank\" rel=\"noreferrer noopener\">Casas rurales a Tudela<\/a><\/div>\n<\/div>\n\n\n\n<h2 class=\"wp-block-heading\" id=\"h-el-triangulo-del-arlanza-burgos-en-semana-santa\"><strong>El Tri\u00e1ngulo del Arlanza (<a href=\"https:\/\/www.escapadarural.com\/casas-rurales\/burgos\" target=\"_blank\" rel=\"noreferrer noopener\">Burgos<\/a>)<\/strong> en Semana Santa<\/h2>\n\n\n\n<figure class=\"wp-block-image size-full\"><img decoding=\"async\" src=\"https:\/\/www.escapadarural.com\/blog\/wp-content\/uploads\/2024\/10\/Santo-Domingo-de-Silos-5-1.jpg\" alt=\"Semana Santa en Santo Domingo de Silos\" class=\"wp-image-32623\"\/><figcaption class=\"wp-element-caption\">Santo Domingo de Silos. Por Richard Semik<\/figcaption><\/figure>\n\n\n\n<p>Y rematamos nuestro viaje en Burgos, Castilla y Le\u00f3n, concretamente en el llamado <strong>Tri\u00e1ngulo del Arlanza<\/strong>, formado por tres pueblos burgaleses, <a href=\"https:\/\/www.escapadarural.com\/casas-rurales\/covarrubias\" target=\"_blank\" rel=\"noreferrer noopener\">Covarrubias<\/a>, <a href=\"https:\/\/www.escapadarural.com\/casas-rurales\/lerma_burgos\" target=\"_blank\" rel=\"noreferrer noopener\">Lerma<\/a> y <a href=\"https:\/\/www.escapadarural.com\/casas-rurales\/santo-domingo-de-silos\" target=\"_blank\" rel=\"noreferrer noopener\">Santo Domingo de Silos<\/a>. Al loro porque los dos primeros, est\u00e1n considerados como dos de los pueblos m\u00e1s bonitos de Espa\u00f1a.&nbsp;<\/p>\n\n\n\n<p>Esta zona se puede visitar en cualquier \u00e9poca, pero la<strong> primavera<\/strong> es especialmente interesante. La naturaleza aqu\u00ed muda en bellos colores con la floraci\u00f3n. Estas monta\u00f1as de sabinas son ideales para realizar rutas de senderismo. En el <a href=\"https:\/\/www.escapadarural.com\/casas-rurales\/arlanza_zona-turistica\" target=\"_blank\" rel=\"noreferrer noopener\">Arlanza<\/a> se encuentra uno de los mayores atractivos naturales de la provincia, la Yecla.<\/p>\n\n\n\n<p>Se trata de un&nbsp; sorprendente desfiladero que est\u00e1 incluido en el <strong>Espacio Natural de la Yecla y los Sabinares del Arlanza<\/strong>. Y ojo porque una profunda y estrecha garganta est\u00e1 dominada por m\u00e1s de 200 buitres que anidan en las cumbres. A trav\u00e9s de puentes y pasarelas se puede realizar un paseo, de unos 600 metros, sobre cascadas y pozas. \u00a1Todo un planazo para esta Semana Santa!<\/p>\n\n\n\n<div class=\"wp-block-buttons is-layout-flex wp-block-buttons-is-layout-flex\">\n<div class=\"wp-block-button\"><a class=\"wp-block-button__link wp-element-button\" href=\"\/casas-rurales\/burgos\" target=\"_blank\" rel=\"noreferrer noopener\">Casas rurales en Burgos<\/a><\/div>\n<\/div>\n\n\n\n<div class=\"wp-block-spacer\" style=\"height: 14px;\" aria-hidden=\"true\">\u00a0<\/div>\n\n\n\n<p>5 destinos perfectos con sus respectivos planes para que esta <strong>Semana Santa<\/strong> te escapes de las m\u00edticas Procesiones y disfrutes de la naturaleza en estado puro.<\/p>\n","protected":false},"excerpt":{"rendered":"<p>M\u00e1s all\u00e1 de las famosas procesiones de Semana Santa, en estas fechas existen muchas otras alternativas no religiosas que har\u00e1n que tu escapada sea inolvidable.<\/p>\n","protected":false},"author":85,"featured_media":196063,"comment_status":"open","ping_status":"open","sticky":false,"template":"","format":"standard","meta":{"_acf_changed":false,"om_disable_all_campaigns":false,"footnotes":""},"categories":[191],"tags":[260,821,935,257,5650,212,1088],"class_list":["post-58699","post","type-post","status-publish","format-standard","has-post-thumbnail","hentry","category-destinos","tag-articulo","tag-fiestas","tag-planes","tag-primavera","tag-procesiones","tag-pueblos","tag-semana-santa"],"acf":[],"featured_image_src":"https:\/\/www.escapadarural.com\/blog\/wp-content\/uploads\/2024\/03\/Proyecto-nuevo-1.webp","author_info":{"display_name":"Redacci\u00f3n ER","author_link":"https:\/\/www.escapadarural.com\/blog\/autor\/admin\/"},"yoast_head":"<!-- This site is optimized with the Yoast SEO plugin v27.5 - https:\/\/yoast.com\/product\/yoast-seo-wordpress\/ -->\n<title>5 destinos perfectos para disfrutar de la Semana Santa m\u00e1s all\u00e1 de las Procesiones - EscapadaRural<\/title>\n<meta name=\"robots\" content=\"index, follow, max-snippet:-1, max-image-preview:large, max-video-preview:-1\" \/>\n<link rel=\"canonical\" href=\"https:\/\/www.escapadarural.com\/blog\/destinos-para-disfrutar-en-semana-santa\/\" \/>\n<meta property=\"og:locale\" content=\"es_ES\" \/>\n<meta property=\"og:type\" content=\"article\" \/>\n<meta property=\"og:title\" content=\"5 destinos perfectos para disfrutar de la Semana Santa m\u00e1s all\u00e1 de las Procesiones - EscapadaRural\" \/>\n<meta property=\"og:description\" content=\"M\u00e1s all\u00e1 de las famosas procesiones de Semana Santa, en estas fechas existen muchas otras alternativas no religiosas que har\u00e1n que tu escapada sea inolvidable.\" \/>\n<meta property=\"og:url\" content=\"https:\/\/www.escapadarural.com\/blog\/destinos-para-disfrutar-en-semana-santa\/\" \/>\n<meta property=\"og:site_name\" content=\"Magazine de viajes de EscapadaRural\" \/>\n<meta property=\"article:publisher\" content=\"https:\/\/www.facebook.com\/escapadarural\" \/>\n<meta property=\"article:published_time\" content=\"2024-02-11T07:14:18+00:00\" \/>\n<meta property=\"article:modified_time\" content=\"2026-02-05T13:02:21+00:00\" \/>\n<meta property=\"og:image\" content=\"https:\/\/www.escapadarural.com\/blog\/wp-content\/uploads\/2024\/03\/Proyecto-nuevo-1.webp\" \/>\n\t<meta property=\"og:image:width\" content=\"1024\" \/>\n\t<meta property=\"og:image:height\" content=\"682\" \/>\n\t<meta property=\"og:image:type\" content=\"image\/webp\" \/>\n<meta name=\"author\" content=\"Redacci\u00f3n ER\" \/>\n<meta name=\"twitter:card\" content=\"summary_large_image\" \/>\n<meta name=\"twitter:label1\" content=\"Escrito por\" \/>\n\t<meta name=\"twitter:data1\" content=\"Redacci\u00f3n ER\" \/>\n\t<meta name=\"twitter:label2\" content=\"Tiempo de lectura\" \/>\n\t<meta name=\"twitter:data2\" content=\"6 minutos\" \/>\n<script type=\"application\/ld+json\" class=\"yoast-schema-graph\">{\"@context\":\"https:\\\/\\\/schema.org\",\"@graph\":[{\"@type\":\"Article\",\"@id\":\"https:\\\/\\\/www.escapadarural.com\\\/blog\\\/destinos-para-disfrutar-en-semana-santa\\\/#article\",\"isPartOf\":{\"@id\":\"https:\\\/\\\/www.escapadarural.com\\\/blog\\\/destinos-para-disfrutar-en-semana-santa\\\/\"},\"author\":{\"name\":\"Redacci\u00f3n ER\",\"@id\":\"https:\\\/\\\/www.escapadarural.com\\\/blog\\\/#\\\/schema\\\/person\\\/bd5b0d7ad308a0bf4efed73e8308b4fa\"},\"headline\":\"5 destinos perfectos para disfrutar de la Semana Santa m\u00e1s all\u00e1 de las Procesiones\",\"datePublished\":\"2024-02-11T07:14:18+00:00\",\"dateModified\":\"2026-02-05T13:02:21+00:00\",\"mainEntityOfPage\":{\"@id\":\"https:\\\/\\\/www.escapadarural.com\\\/blog\\\/destinos-para-disfrutar-en-semana-santa\\\/\"},\"wordCount\":932,\"commentCount\":3,\"publisher\":{\"@id\":\"https:\\\/\\\/www.escapadarural.com\\\/blog\\\/#organization\"},\"image\":{\"@id\":\"https:\\\/\\\/www.escapadarural.com\\\/blog\\\/destinos-para-disfrutar-en-semana-santa\\\/#primaryimage\"},\"thumbnailUrl\":\"https:\\\/\\\/www.escapadarural.com\\\/blog\\\/wp-content\\\/uploads\\\/2024\\\/03\\\/Proyecto-nuevo-1.webp\",\"keywords\":[\"art\u00edculo\",\"Fiestas\",\"planes\",\"Primavera\",\"procesiones\",\"pueblos\",\"Semana Santa\"],\"articleSection\":[\"Destinos\"],\"inLanguage\":\"es\",\"potentialAction\":[{\"@type\":\"CommentAction\",\"name\":\"Comment\",\"target\":[\"https:\\\/\\\/www.escapadarural.com\\\/blog\\\/destinos-para-disfrutar-en-semana-santa\\\/#respond\"]}]},{\"@type\":\"WebPage\",\"@id\":\"https:\\\/\\\/www.escapadarural.com\\\/blog\\\/destinos-para-disfrutar-en-semana-santa\\\/\",\"url\":\"https:\\\/\\\/www.escapadarural.com\\\/blog\\\/destinos-para-disfrutar-en-semana-santa\\\/\",\"name\":\"5 destinos perfectos para disfrutar de la Semana Santa m\u00e1s all\u00e1 de las Procesiones - EscapadaRural\",\"isPartOf\":{\"@id\":\"https:\\\/\\\/www.escapadarural.com\\\/blog\\\/#website\"},\"primaryImageOfPage\":{\"@id\":\"https:\\\/\\\/www.escapadarural.com\\\/blog\\\/destinos-para-disfrutar-en-semana-santa\\\/#primaryimage\"},\"image\":{\"@id\":\"https:\\\/\\\/www.escapadarural.com\\\/blog\\\/destinos-para-disfrutar-en-semana-santa\\\/#primaryimage\"},\"thumbnailUrl\":\"https:\\\/\\\/www.escapadarural.com\\\/blog\\\/wp-content\\\/uploads\\\/2024\\\/03\\\/Proyecto-nuevo-1.webp\",\"datePublished\":\"2024-02-11T07:14:18+00:00\",\"dateModified\":\"2026-02-05T13:02:21+00:00\",\"breadcrumb\":{\"@id\":\"https:\\\/\\\/www.escapadarural.com\\\/blog\\\/destinos-para-disfrutar-en-semana-santa\\\/#breadcrumb\"},\"inLanguage\":\"es\",\"potentialAction\":[{\"@type\":\"ReadAction\",\"target\":[\"https:\\\/\\\/www.escapadarural.com\\\/blog\\\/destinos-para-disfrutar-en-semana-santa\\\/\"]}]},{\"@type\":\"ImageObject\",\"inLanguage\":\"es\",\"@id\":\"https:\\\/\\\/www.escapadarural.com\\\/blog\\\/destinos-para-disfrutar-en-semana-santa\\\/#primaryimage\",\"url\":\"https:\\\/\\\/www.escapadarural.com\\\/blog\\\/wp-content\\\/uploads\\\/2024\\\/03\\\/Proyecto-nuevo-1.webp\",\"contentUrl\":\"https:\\\/\\\/www.escapadarural.com\\\/blog\\\/wp-content\\\/uploads\\\/2024\\\/03\\\/Proyecto-nuevo-1.webp\",\"width\":1024,\"height\":682,\"caption\":\"Parque Nacional de Ordesa y Monte Perdido, Huesca. Por StockPhotoAstur\"},{\"@type\":\"BreadcrumbList\",\"@id\":\"https:\\\/\\\/www.escapadarural.com\\\/blog\\\/destinos-para-disfrutar-en-semana-santa\\\/#breadcrumb\",\"itemListElement\":[{\"@type\":\"ListItem\",\"position\":1,\"name\":\"Inicio\",\"item\":\"https:\\\/\\\/www.escapadarural.com\\\/blog\\\/\"},{\"@type\":\"ListItem\",\"position\":2,\"name\":\"Destinos\",\"item\":\"https:\\\/\\\/www.escapadarural.com\\\/blog\\\/categoria\\\/destinos\\\/\"},{\"@type\":\"ListItem\",\"position\":3,\"name\":\"5 destinos perfectos para disfrutar de la Semana Santa m\u00e1s all\u00e1 de las Procesiones\"}]},{\"@type\":\"WebSite\",\"@id\":\"https:\\\/\\\/www.escapadarural.com\\\/blog\\\/#website\",\"url\":\"https:\\\/\\\/www.escapadarural.com\\\/blog\\\/\",\"name\":\"Blog de viajes | turismo rural, alojamientos e inspiraci\u00f3n\",\"description\":\"Alojamientos rurales e inspiraci\u00f3n para tus escapadas\",\"publisher\":{\"@id\":\"https:\\\/\\\/www.escapadarural.com\\\/blog\\\/#organization\"},\"alternateName\":\"Magazine de viajes de EscapadaRural\",\"potentialAction\":[{\"@type\":\"SearchAction\",\"target\":{\"@type\":\"EntryPoint\",\"urlTemplate\":\"https:\\\/\\\/www.escapadarural.com\\\/blog\\\/?s={search_term_string}\"},\"query-input\":{\"@type\":\"PropertyValueSpecification\",\"valueRequired\":true,\"valueName\":\"search_term_string\"}}],\"inLanguage\":\"es\"},{\"@type\":\"Organization\",\"@id\":\"https:\\\/\\\/www.escapadarural.com\\\/blog\\\/#organization\",\"name\":\"EscapadaRural\",\"url\":\"https:\\\/\\\/www.escapadarural.com\\\/blog\\\/\",\"logo\":{\"@type\":\"ImageObject\",\"inLanguage\":\"es\",\"@id\":\"https:\\\/\\\/www.escapadarural.com\\\/blog\\\/#\\\/schema\\\/logo\\\/image\\\/\",\"url\":\"https:\\\/\\\/www.escapadarural.com\\\/blog\\\/wp-content\\\/uploads\\\/2024\\\/10\\\/cropped-cropped-escapada-rural-icon-mag-3.png\",\"contentUrl\":\"https:\\\/\\\/www.escapadarural.com\\\/blog\\\/wp-content\\\/uploads\\\/2024\\\/10\\\/cropped-cropped-escapada-rural-icon-mag-3.png\",\"width\":512,\"height\":512,\"caption\":\"EscapadaRural\"},\"image\":{\"@id\":\"https:\\\/\\\/www.escapadarural.com\\\/blog\\\/#\\\/schema\\\/logo\\\/image\\\/\"},\"sameAs\":[\"https:\\\/\\\/www.facebook.com\\\/escapadarural\",\"https:\\\/\\\/www.instagram.com\\\/escapadarural\\\/\",\"https:\\\/\\\/www.youtube.com\\\/@escapadaruralcom\"]},{\"@type\":\"Person\",\"@id\":\"https:\\\/\\\/www.escapadarural.com\\\/blog\\\/#\\\/schema\\\/person\\\/bd5b0d7ad308a0bf4efed73e8308b4fa\",\"name\":\"Redacci\u00f3n ER\",\"image\":{\"@type\":\"ImageObject\",\"inLanguage\":\"es\",\"@id\":\"https:\\\/\\\/www.escapadarural.com\\\/blog\\\/wp-content\\\/uploads\\\/2024\\\/10\\\/cropped-cropped-escapada-rural-icon-mag-3-96x96.png\",\"url\":\"https:\\\/\\\/www.escapadarural.com\\\/blog\\\/wp-content\\\/uploads\\\/2024\\\/10\\\/cropped-cropped-escapada-rural-icon-mag-3-96x96.png\",\"contentUrl\":\"https:\\\/\\\/www.escapadarural.com\\\/blog\\\/wp-content\\\/uploads\\\/2024\\\/10\\\/cropped-cropped-escapada-rural-icon-mag-3-96x96.png\",\"caption\":\"Redacci\u00f3n ER\"},\"description\":\"Nos encanta inspirar a viajeros y ayudar a los propietarios con nuestros contenidos\",\"url\":\"https:\\\/\\\/www.escapadarural.com\\\/blog\\\/autor\\\/admin\\\/\"}]}<\/script>\n<!-- \/ Yoast SEO plugin. -->","yoast_head_json":{"title":"5 destinos perfectos para disfrutar de la Semana Santa m\u00e1s all\u00e1 de las Procesiones - EscapadaRural","robots":{"index":"index","follow":"follow","max-snippet":"max-snippet:-1","max-image-preview":"max-image-preview:large","max-video-preview":"max-video-preview:-1"},"canonical":"https:\/\/www.escapadarural.com\/blog\/destinos-para-disfrutar-en-semana-santa\/","og_locale":"es_ES","og_type":"article","og_title":"5 destinos perfectos para disfrutar de la Semana Santa m\u00e1s all\u00e1 de las Procesiones - EscapadaRural","og_description":"M\u00e1s all\u00e1 de las famosas procesiones de Semana Santa, en estas fechas existen muchas otras alternativas no religiosas que har\u00e1n que tu escapada sea inolvidable.","og_url":"https:\/\/www.escapadarural.com\/blog\/destinos-para-disfrutar-en-semana-santa\/","og_site_name":"Magazine de viajes de EscapadaRural","article_publisher":"https:\/\/www.facebook.com\/escapadarural","article_published_time":"2024-02-11T07:14:18+00:00","article_modified_time":"2026-02-05T13:02:21+00:00","og_image":[{"width":1024,"height":682,"url":"https:\/\/www.escapadarural.com\/blog\/wp-content\/uploads\/2024\/03\/Proyecto-nuevo-1.webp","type":"image\/webp"}],"author":"Redacci\u00f3n ER","twitter_card":"summary_large_image","twitter_misc":{"Escrito por":"Redacci\u00f3n ER","Tiempo de lectura":"6 minutos"},"schema":{"@context":"https:\/\/schema.org","@graph":[{"@type":"Article","@id":"https:\/\/www.escapadarural.com\/blog\/destinos-para-disfrutar-en-semana-santa\/#article","isPartOf":{"@id":"https:\/\/www.escapadarural.com\/blog\/destinos-para-disfrutar-en-semana-santa\/"},"author":{"name":"Redacci\u00f3n ER","@id":"https:\/\/www.escapadarural.com\/blog\/#\/schema\/person\/bd5b0d7ad308a0bf4efed73e8308b4fa"},"headline":"5 destinos perfectos para disfrutar de la Semana Santa m\u00e1s all\u00e1 de las Procesiones","datePublished":"2024-02-11T07:14:18+00:00","dateModified":"2026-02-05T13:02:21+00:00","mainEntityOfPage":{"@id":"https:\/\/www.escapadarural.com\/blog\/destinos-para-disfrutar-en-semana-santa\/"},"wordCount":932,"commentCount":3,"publisher":{"@id":"https:\/\/www.escapadarural.com\/blog\/#organization"},"image":{"@id":"https:\/\/www.escapadarural.com\/blog\/destinos-para-disfrutar-en-semana-santa\/#primaryimage"},"thumbnailUrl":"https:\/\/www.escapadarural.com\/blog\/wp-content\/uploads\/2024\/03\/Proyecto-nuevo-1.webp","keywords":["art\u00edculo","Fiestas","planes","Primavera","procesiones","pueblos","Semana Santa"],"articleSection":["Destinos"],"inLanguage":"es","potentialAction":[{"@type":"CommentAction","name":"Comment","target":["https:\/\/www.escapadarural.com\/blog\/destinos-para-disfrutar-en-semana-santa\/#respond"]}]},{"@type":"WebPage","@id":"https:\/\/www.escapadarural.com\/blog\/destinos-para-disfrutar-en-semana-santa\/","url":"https:\/\/www.escapadarural.com\/blog\/destinos-para-disfrutar-en-semana-santa\/","name":"5 destinos perfectos para disfrutar de la Semana Santa m\u00e1s all\u00e1 de las Procesiones - EscapadaRural","isPartOf":{"@id":"https:\/\/www.escapadarural.com\/blog\/#website"},"primaryImageOfPage":{"@id":"https:\/\/www.escapadarural.com\/blog\/destinos-para-disfrutar-en-semana-santa\/#primaryimage"},"image":{"@id":"https:\/\/www.escapadarural.com\/blog\/destinos-para-disfrutar-en-semana-santa\/#primaryimage"},"thumbnailUrl":"https:\/\/www.escapadarural.com\/blog\/wp-content\/uploads\/2024\/03\/Proyecto-nuevo-1.webp","datePublished":"2024-02-11T07:14:18+00:00","dateModified":"2026-02-05T13:02:21+00:00","breadcrumb":{"@id":"https:\/\/www.escapadarural.com\/blog\/destinos-para-disfrutar-en-semana-santa\/#breadcrumb"},"inLanguage":"es","potentialAction":[{"@type":"ReadAction","target":["https:\/\/www.escapadarural.com\/blog\/destinos-para-disfrutar-en-semana-santa\/"]}]},{"@type":"ImageObject","inLanguage":"es","@id":"https:\/\/www.escapadarural.com\/blog\/destinos-para-disfrutar-en-semana-santa\/#primaryimage","url":"https:\/\/www.escapadarural.com\/blog\/wp-content\/uploads\/2024\/03\/Proyecto-nuevo-1.webp","contentUrl":"https:\/\/www.escapadarural.com\/blog\/wp-content\/uploads\/2024\/03\/Proyecto-nuevo-1.webp","width":1024,"height":682,"caption":"Parque Nacional de Ordesa y Monte Perdido, Huesca. Por StockPhotoAstur"},{"@type":"BreadcrumbList","@id":"https:\/\/www.escapadarural.com\/blog\/destinos-para-disfrutar-en-semana-santa\/#breadcrumb","itemListElement":[{"@type":"ListItem","position":1,"name":"Inicio","item":"https:\/\/www.escapadarural.com\/blog\/"},{"@type":"ListItem","position":2,"name":"Destinos","item":"https:\/\/www.escapadarural.com\/blog\/categoria\/destinos\/"},{"@type":"ListItem","position":3,"name":"5 destinos perfectos para disfrutar de la Semana Santa m\u00e1s all\u00e1 de las Procesiones"}]},{"@type":"WebSite","@id":"https:\/\/www.escapadarural.com\/blog\/#website","url":"https:\/\/www.escapadarural.com\/blog\/","name":"Blog de viajes | turismo rural, alojamientos e inspiraci\u00f3n","description":"Alojamientos rurales e inspiraci\u00f3n para tus escapadas","publisher":{"@id":"https:\/\/www.escapadarural.com\/blog\/#organization"},"alternateName":"Magazine de viajes de EscapadaRural","potentialAction":[{"@type":"SearchAction","target":{"@type":"EntryPoint","urlTemplate":"https:\/\/www.escapadarural.com\/blog\/?s={search_term_string}"},"query-input":{"@type":"PropertyValueSpecification","valueRequired":true,"valueName":"search_term_string"}}],"inLanguage":"es"},{"@type":"Organization","@id":"https:\/\/www.escapadarural.com\/blog\/#organization","name":"EscapadaRural","url":"https:\/\/www.escapadarural.com\/blog\/","logo":{"@type":"ImageObject","inLanguage":"es","@id":"https:\/\/www.escapadarural.com\/blog\/#\/schema\/logo\/image\/","url":"https:\/\/www.escapadarural.com\/blog\/wp-content\/uploads\/2024\/10\/cropped-cropped-escapada-rural-icon-mag-3.png","contentUrl":"https:\/\/www.escapadarural.com\/blog\/wp-content\/uploads\/2024\/10\/cropped-cropped-escapada-rural-icon-mag-3.png","width":512,"height":512,"caption":"EscapadaRural"},"image":{"@id":"https:\/\/www.escapadarural.com\/blog\/#\/schema\/logo\/image\/"},"sameAs":["https:\/\/www.facebook.com\/escapadarural","https:\/\/www.instagram.com\/escapadarural\/","https:\/\/www.youtube.com\/@escapadaruralcom"]},{"@type":"Person","@id":"https:\/\/www.escapadarural.com\/blog\/#\/schema\/person\/bd5b0d7ad308a0bf4efed73e8308b4fa","name":"Redacci\u00f3n ER","image":{"@type":"ImageObject","inLanguage":"es","@id":"https:\/\/www.escapadarural.com\/blog\/wp-content\/uploads\/2024\/10\/cropped-cropped-escapada-rural-icon-mag-3-96x96.png","url":"https:\/\/www.escapadarural.com\/blog\/wp-content\/uploads\/2024\/10\/cropped-cropped-escapada-rural-icon-mag-3-96x96.png","contentUrl":"https:\/\/www.escapadarural.com\/blog\/wp-content\/uploads\/2024\/10\/cropped-cropped-escapada-rural-icon-mag-3-96x96.png","caption":"Redacci\u00f3n ER"},"description":"Nos encanta inspirar a viajeros y ayudar a los propietarios con nuestros contenidos","url":"https:\/\/www.escapadarural.com\/blog\/autor\/admin\/"}]}},"_links":{"self":[{"href":"https:\/\/www.escapadarural.com\/blog\/wp-json\/wp\/v2\/posts\/58699","targetHints":{"allow":["GET"]}}],"collection":[{"href":"https:\/\/www.escapadarural.com\/blog\/wp-json\/wp\/v2\/posts"}],"about":[{"href":"https:\/\/www.escapadarural.com\/blog\/wp-json\/wp\/v2\/types\/post"}],"author":[{"embeddable":true,"href":"https:\/\/www.escapadarural.com\/blog\/wp-json\/wp\/v2\/users\/85"}],"replies":[{"embeddable":true,"href":"https:\/\/www.escapadarural.com\/blog\/wp-json\/wp\/v2\/comments?post=58699"}],"version-history":[{"count":0,"href":"https:\/\/www.escapadarural.com\/blog\/wp-json\/wp\/v2\/posts\/58699\/revisions"}],"wp:featuredmedia":[{"embeddable":true,"href":"https:\/\/www.escapadarural.com\/blog\/wp-json\/wp\/v2\/media\/196063"}],"wp:attachment":[{"href":"https:\/\/www.escapadarural.com\/blog\/wp-json\/wp\/v2\/media?parent=58699"}],"wp:term":[{"taxonomy":"category","embeddable":true,"href":"https:\/\/www.escapadarural.com\/blog\/wp-json\/wp\/v2\/categories?post=58699"},{"taxonomy":"post_tag","embeddable":true,"href":"https:\/\/www.escapadarural.com\/blog\/wp-json\/wp\/v2\/tags?post=58699"}],"curies":[{"name":"wp","href":"https:\/\/api.w.org\/{rel}","templated":true}]}}