{"id":58925,"date":"2023-04-05T11:37:49","date_gmt":"2023-04-05T10:37:49","guid":{"rendered":"https:\/\/www.escapadarural.com\/blog\/?p=58925"},"modified":"2026-02-17T17:50:01","modified_gmt":"2026-02-17T16:50:01","slug":"ordizia-capital-del-queso-idiazabal","status":"publish","type":"post","link":"https:\/\/www.escapadarural.com\/blog\/ordizia-capital-del-queso-idiazabal\/","title":{"rendered":"Ordizia, la capital del queso Idiaz\u00e1bal"},"content":{"rendered":"\n<figure class=\"wp-block-image size-large\"><a href=\"https:\/\/www.escapadarural.com\/blog\/wp-content\/uploads\/ordizia-scaled.jpg\"><img decoding=\"async\" src=\"https:\/\/www.escapadarural.com\/blog\/wp-content\/uploads\/2023\/04\/ordizia-1024x683-1.jpg\" alt=\"Ordizia\" class=\"wp-image-59549\"\/><\/a><figcaption class=\"wp-element-caption\">Ordizia. Por Euskaldunaa<\/figcaption><\/figure>\n\n\n\n<p>Idiaz\u00e1bal es un peque\u00f1o pueblo de la comarca del <a href=\"https:\/\/www.escapadarural.com\/casas-rurales\/goierri\">Goierri<\/a>, en <a href=\"https:\/\/www.escapadarural.com\/casas-rurales\/guipuzcoa\">Guip\u00fazcoa<\/a>, que da nombre a uno de los quesos m\u00e1s famosos y reputados de la pen\u00ednsula gracias a una Denominaci\u00f3n de Origen. Sin embargo, no es (solo) de este municipio: podemos encontrar queso Idiaz\u00e1bal de Zegama, de Zaldibia, de Tolosa o de Arruazu, por poner algunos ejemplos. Y, si hay un pueblo que destaca especialmente por su relaci\u00f3n con este tesoro gastron\u00f3mico vasco, ese es Ordizia. <\/p>\n\n\n\n<p>Aqu\u00ed tenemos algunas de las citas m\u00e1s importantes de los amantes queseros: la primera, en abril con el <em><strong>Artzai Eguna<\/strong><\/em> (d\u00eda del pastor) y, la segunda, en septiembre con su famoso <strong>concurso de queso Idiaz\u00e1bal<\/strong> en septiembre. \u00bfNos acompa\u00f1as por una ruta por el coraz\u00f3n del Goierri, entre hermosos prados verdes y deliciosas catas?<\/p>\n\n\n\n<h2 class=\"wp-block-heading\" id=\"h-por-que-queso-idiazabal\"><strong>\u00bfPor qu\u00e9 queso Idiaz\u00e1bal?<\/strong><\/h2>\n\n\n\n<figure class=\"wp-block-image size-large\"><a href=\"https:\/\/www.escapadarural.com\/blog\/wp-content\/uploads\/idiazabal-scaled.jpg\"><img decoding=\"async\" src=\"https:\/\/www.escapadarural.com\/blog\/wp-content\/uploads\/2023\/04\/idiazabal-1024x684-1.jpg\" alt=\"queso  Idiaz\u00e1bal \" class=\"wp-image-59553\"\/><\/a><figcaption class=\"wp-element-caption\">Queso Idiaz\u00e1bal. Por Javier Perib\u00e1\u00f1ez<\/figcaption><\/figure>\n\n\n\n<p>Empezaremos diciendo que el queso Idiaz\u00e1bal es aquel hecho con<strong> leche cruda de oveja latxa<\/strong>, la raza aut\u00f3ctona del Pa\u00eds Vasco. La Denominaci\u00f3n de Origen Protegida (DOP) cubre todos los que est\u00e1n elaborados con estas y otras condiciones que se establecen en su Consejo Regulador, aunque sean de otros pueblos. Entonces, \u00bfpor qu\u00e9 se le dio el nombre de un \u00fanico municipio? Como dice el refr\u00e1n y nunca en un contexto m\u00e1s apropiado: \u201cUnos se llevan la fama y otros cardan la lana\u201d.<\/p>\n\n\n\n<p>Pero tiene una explicaci\u00f3n. Por Idiaz\u00e1bal pasaba la antigua carretera Nacional 1 que conectaba Madrid con Ir\u00fan, actualmente reconvertida en la autov\u00eda A-1. Antes de subir al puerto de monta\u00f1a de Etxegarate, este era el \u00faltimo pueblo para comprar v\u00edveres para proseguir el viaje (o el primero despu\u00e9s del ascenso, viniendo de Madrid), as\u00ed que ten\u00eda una cierta fama entre viajeros, turistas y camioneros. <\/p>\n\n\n<blockquote class=\"instagram-media\" data-instgrm-captioned data-instgrm-permalink=\"https:\/\/www.instagram.com\/p\/CC-8DQ2MRkk\/?utm_source=ig_embed&amp;utm_campaign=loading\" data-instgrm-version=\"14\" style=\" background:#FFF; border:0; border-radius:3px; box-shadow:0 0 1px 0 rgba(0,0,0,0.5),0 1px 10px 0 rgba(0,0,0,0.15); margin: 1px; max-width:540px; min-width:326px; padding:0; width:99.375%; width:-webkit-calc(100% - 2px); width:calc(100% - 2px);\">\n<div style=\"padding:16px;\"> <a href=\"https:\/\/www.instagram.com\/p\/CC-8DQ2MRkk\/?utm_source=ig_embed&amp;utm_campaign=loading\" style=\" background:#FFFFFF; line-height:0; padding:0 0; text-align:center; text-decoration:none; width:100%;\" target=\"_blank\" rel=\"noopener\"> <\/p>\n<div style=\" display: flex; flex-direction: row; align-items: center;\">\n<div style=\"background-color: #F4F4F4; border-radius: 50%; flex-grow: 0; height: 40px; margin-right: 14px; width: 40px;\"><\/div>\n<div style=\"display: flex; flex-direction: column; flex-grow: 1; justify-content: center;\">\n<div style=\" background-color: #F4F4F4; border-radius: 4px; flex-grow: 0; height: 14px; margin-bottom: 6px; width: 100px;\"><\/div>\n<div style=\" background-color: #F4F4F4; border-radius: 4px; flex-grow: 0; height: 14px; width: 60px;\"><\/div>\n<\/div>\n<\/div>\n<div style=\"padding: 19% 0;\"><\/div>\n<div style=\"display:block; height:50px; margin:0 auto 12px; width:50px;\"><svg width=\"50px\" height=\"50px\" viewBox=\"0 0 60 60\" version=\"1.1\" xmlns=\"https:\/\/www.w3.org\/2000\/svg\" xmlns:xlink=\"https:\/\/www.w3.org\/1999\/xlink\"><g stroke=\"none\" stroke-width=\"1\" fill=\"none\" fill-rule=\"evenodd\"><g transform=\"translate(-511.000000, -20.000000)\" fill=\"#000000\"><g><path d=\"M556.869,30.41 C554.814,30.41 553.148,32.076 553.148,34.131 C553.148,36.186 554.814,37.852 556.869,37.852 C558.924,37.852 560.59,36.186 560.59,34.131 C560.59,32.076 558.924,30.41 556.869,30.41 M541,60.657 C535.114,60.657 530.342,55.887 530.342,50 C530.342,44.114 535.114,39.342 541,39.342 C546.887,39.342 551.658,44.114 551.658,50 C551.658,55.887 546.887,60.657 541,60.657 M541,33.886 C532.1,33.886 524.886,41.1 524.886,50 C524.886,58.899 532.1,66.113 541,66.113 C549.9,66.113 557.115,58.899 557.115,50 C557.115,41.1 549.9,33.886 541,33.886 M565.378,62.101 C565.244,65.022 564.756,66.606 564.346,67.663 C563.803,69.06 563.154,70.057 562.106,71.106 C561.058,72.155 560.06,72.803 558.662,73.347 C557.607,73.757 556.021,74.244 553.102,74.378 C549.944,74.521 548.997,74.552 541,74.552 C533.003,74.552 532.056,74.521 528.898,74.378 C525.979,74.244 524.393,73.757 523.338,73.347 C521.94,72.803 520.942,72.155 519.894,71.106 C518.846,70.057 518.197,69.06 517.654,67.663 C517.244,66.606 516.755,65.022 516.623,62.101 C516.479,58.943 516.448,57.996 516.448,50 C516.448,42.003 516.479,41.056 516.623,37.899 C516.755,34.978 517.244,33.391 517.654,32.338 C518.197,30.938 518.846,29.942 519.894,28.894 C520.942,27.846 521.94,27.196 523.338,26.654 C524.393,26.244 525.979,25.756 528.898,25.623 C532.057,25.479 533.004,25.448 541,25.448 C548.997,25.448 549.943,25.479 553.102,25.623 C556.021,25.756 557.607,26.244 558.662,26.654 C560.06,27.196 561.058,27.846 562.106,28.894 C563.154,29.942 563.803,30.938 564.346,32.338 C564.756,33.391 565.244,34.978 565.378,37.899 C565.522,41.056 565.552,42.003 565.552,50 C565.552,57.996 565.522,58.943 565.378,62.101 M570.82,37.631 C570.674,34.438 570.167,32.258 569.425,30.349 C568.659,28.377 567.633,26.702 565.965,25.035 C564.297,23.368 562.623,22.342 560.652,21.575 C558.743,20.834 556.562,20.326 553.369,20.18 C550.169,20.033 549.148,20 541,20 C532.853,20 531.831,20.033 528.631,20.18 C525.438,20.326 523.257,20.834 521.349,21.575 C519.376,22.342 517.703,23.368 516.035,25.035 C514.368,26.702 513.342,28.377 512.574,30.349 C511.834,32.258 511.326,34.438 511.181,37.631 C511.035,40.831 511,41.851 511,50 C511,58.147 511.035,59.17 511.181,62.369 C511.326,65.562 511.834,67.743 512.574,69.651 C513.342,71.625 514.368,73.296 516.035,74.965 C517.703,76.634 519.376,77.658 521.349,78.425 C523.257,79.167 525.438,79.673 528.631,79.82 C531.831,79.965 532.853,80.001 541,80.001 C549.148,80.001 550.169,79.965 553.369,79.82 C556.562,79.673 558.743,79.167 560.652,78.425 C562.623,77.658 564.297,76.634 565.965,74.965 C567.633,73.296 568.659,71.625 569.425,69.651 C570.167,67.743 570.674,65.562 570.82,62.369 C570.966,59.17 571,58.147 571,50 C571,41.851 570.966,40.831 570.82,37.631\"><\/path><\/g><\/g><\/g><\/svg><\/div>\n<div style=\"padding-top: 8px;\">\n<div style=\" color:#3897f0; font-family:Arial,sans-serif; font-size:14px; font-style:normal; font-weight:550; line-height:18px;\">Ver esta publicaci\u00f3n en Instagram<\/div>\n<\/div>\n<div style=\"padding: 12.5% 0;\"><\/div>\n<div style=\"display: flex; flex-direction: row; margin-bottom: 14px; align-items: center;\">\n<div>\n<div style=\"background-color: #F4F4F4; border-radius: 50%; height: 12.5px; width: 12.5px; transform: translateX(0px) translateY(7px);\"><\/div>\n<div style=\"background-color: #F4F4F4; height: 12.5px; transform: rotate(-45deg) translateX(3px) translateY(1px); width: 12.5px; flex-grow: 0; margin-right: 14px; margin-left: 2px;\"><\/div>\n<div style=\"background-color: #F4F4F4; border-radius: 50%; height: 12.5px; width: 12.5px; transform: translateX(9px) translateY(-18px);\"><\/div>\n<\/div>\n<div style=\"margin-left: 8px;\">\n<div style=\" background-color: #F4F4F4; border-radius: 50%; flex-grow: 0; height: 20px; width: 20px;\"><\/div>\n<div style=\" width: 0; height: 0; border-top: 2px solid transparent; border-left: 6px solid #f4f4f4; border-bottom: 2px solid transparent; transform: translateX(16px) translateY(-4px) rotate(30deg)\"><\/div>\n<\/div>\n<div style=\"margin-left: auto;\">\n<div style=\" width: 0px; border-top: 8px solid #F4F4F4; border-right: 8px solid transparent; transform: translateY(16px);\"><\/div>\n<div style=\" background-color: #F4F4F4; flex-grow: 0; height: 12px; width: 16px; transform: translateY(-4px);\"><\/div>\n<div style=\" width: 0; height: 0; border-top: 8px solid #F4F4F4; border-left: 8px solid transparent; transform: translateY(-4px) translateX(8px);\"><\/div>\n<\/div>\n<\/div>\n<div style=\"display: flex; flex-direction: column; flex-grow: 1; justify-content: center; margin-bottom: 24px;\">\n<div style=\" background-color: #F4F4F4; border-radius: 4px; flex-grow: 0; height: 14px; margin-bottom: 6px; width: 224px;\"><\/div>\n<div style=\" background-color: #F4F4F4; border-radius: 4px; flex-grow: 0; height: 14px; width: 144px;\"><\/div>\n<\/div>\n<p><\/a><\/p>\n<p style=\" color:#c9c8cd; font-family:Arial,sans-serif; font-size:14px; line-height:17px; margin-bottom:0; margin-top:8px; overflow:hidden; padding:8px 0 7px; text-align:center; text-overflow:ellipsis; white-space:nowrap;\"><a href=\"https:\/\/www.instagram.com\/p\/CC-8DQ2MRkk\/?utm_source=ig_embed&amp;utm_campaign=loading\" style=\" color:#c9c8cd; font-family:Arial,sans-serif; font-size:14px; font-style:normal; font-weight:normal; line-height:17px; text-decoration:none;\" target=\"_blank\" rel=\"noopener\">Una publicaci\u00f3n compartida de Idiazabal Turismoa (@idiazabalturismo)<\/a><\/p>\n<\/div>\n<\/blockquote>\n<p> <script async src=\"\/\/www.instagram.com\/embed.js\"><\/script><\/p>\n\n\n\n<p>Como explican en el <a href=\"https:\/\/www.idiazabalturismo.com\/es\/el-queso\/centro-interpretacion\" target=\"_blank\" rel=\"noreferrer noopener nofollow\">Centro de Interpretaci\u00f3n y Degustaci\u00f3n del Queso Idiaz\u00e1bal<\/a>, cuando se cre\u00f3 la DOP en 1987 se consensu\u00f3 aprovechar el conocimiento general que hab\u00eda de este municipio para impulsar la marca. Y as\u00ed se hizo, pese a que abarca elaboraciones hechas en much\u00edsimos m\u00e1s pueblos. Todos deliciosos y cada uno con su peculiar toque. Tambi\u00e9n se vende en formato ahumado.<\/p>\n\n\n\n<h2 class=\"wp-block-heading\" id=\"h-el-artzai-eguna-y-el-concurso-de-queso-de-ordizia\"><strong>El \u201cartzai eguna<strong>\u201d<\/strong><\/strong> <strong>y el concurso de queso de Ordizia<\/strong><\/h2>\n\n\n\n<figure class=\"wp-block-image size-large\"><a href=\"https:\/\/www.escapadarural.com\/blog\/wp-content\/uploads\/AdobeStock_321644888-scaled.jpeg\"><img decoding=\"async\" src=\"https:\/\/www.escapadarural.com\/blog\/wp-content\/uploads\/2023\/04\/AdobeStock_321644888-1024x683-1.jpeg\" alt=\"monte txindoki\" class=\"wp-image-59437\"\/><\/a><figcaption class=\"wp-element-caption\">monte txindoki. Por txakel<\/figcaption><\/figure>\n\n\n\n<p>Como dec\u00edamos, pese a la denominaci\u00f3n Queso Idiaz\u00e1bal, podemos afirmar que realmente la capital de este queso es Ordizia, un municipio de 10.000 habitantes a orillas del r\u00edo Oria, en Guip\u00fazcoa, y con la inconfundible <strong>silueta del monte Txindoki<\/strong> -tambi\u00e9n conocido como el \u201cCervino vasco\u201d por su similitud- como tel\u00f3n de fondo. Aqu\u00ed los amantes del queso, y especialmente del de leche cruda de oveja, tenemos dos citas ineludibles al a\u00f1o:<\/p>\n\n\n\n<h3 class=\"wp-block-heading\" id=\"h-el-artzai-eguna\"><strong>El <em>Artzai Eguna<\/em><\/strong><\/h3>\n\n\n\n<figure class=\"wp-block-image size-large\"><a href=\"https:\/\/www.escapadarural.com\/blog\/wp-content\/uploads\/AdobeStock_245388178-scaled.jpeg\"><img decoding=\"async\" src=\"https:\/\/www.escapadarural.com\/blog\/wp-content\/uploads\/2023\/04\/AdobeStock_245388178-1024x576-1.jpeg\" alt=\"ovejas\" class=\"wp-image-59551\"\/><\/a><figcaption class=\"wp-element-caption\">Ovejas pastando. Por Erlantz<\/figcaption><\/figure>\n\n\n\n<p>La traducci\u00f3n es D\u00eda del Pastor y es una jornada muy especial que se celebra en Ordizia entre marzo y abril para acercarnos un oficio tradicional como es el <strong>pastoreo y a la elaboraci\u00f3n de queso<\/strong>. Como han confirmado desde el Ayuntamiento, en 2023 la cita es el 12 de abril. En esta fiesta es donde se hace el primer corte de queso Idiaz\u00e1bal de la mano de personas que se anuncian cada a\u00f1o. <\/p>\n\n\n\n<p>Con \u00e9l queda inaugurada la nueva temporada, ya que requiere un tiempo m\u00ednimo de curaci\u00f3n de dos meses y las ovejas suelen tener a las cr\u00edas entre diciembre y enero. <\/p>\n\n\n\n<figure class=\"wp-block-image size-large\"><a href=\"https:\/\/www.escapadarural.com\/blog\/wp-content\/uploads\/16647031083_3d9d1664c8_k.jpg\"><img decoding=\"async\" src=\"https:\/\/www.escapadarural.com\/blog\/wp-content\/uploads\/2023\/04\/16647031083_3d9d1664c8_k-1024x680-1.jpg\" alt=\"Ordizia\" class=\"wp-image-59552\"\/><\/a><figcaption class=\"wp-element-caption\">Ordizia. Por Ordiziako Udala Ayuntamiento de Ordizia<\/figcaption><\/figure>\n\n\n\n<p>Este acto va acompa\u00f1ado por un paseo de pastores con reba\u00f1os que suman <strong>m\u00e1s de 2.000 ovejas<\/strong> a las 11 horas por las c\u00e9ntricas calles del casco antiguo de Ordizia, con el que se rememora la antigua trashumancia que se realizaba desde el valle hasta la cercana sierra de Aralar, en la que se aprovechan los pasos durante la primavera y el verano. <\/p>\n\n\n\n<p>El d\u00eda se completa con una <strong>exposici\u00f3n-concurso de ovejas latxas<\/strong> con cara rubia y negra, venta de carneros y degustaci\u00f3n de corderos lechales en forma de <em>pintxos<\/em>, cuya recaudaci\u00f3n se destina a un fin ben\u00e9fico. Por la tarde, hay partidos femeninos de pilota vasca.<\/p>\n\n\n\n<h3 class=\"wp-block-heading\" id=\"h-el-concurso-de-queso-idiazabal\">El concurso de queso Idiaz\u00e1bal<\/h3>\n\n\n\n<figure class=\"wp-block-image size-large\"><a href=\"https:\/\/www.escapadarural.com\/blog\/wp-content\/uploads\/concurso-idiazabal-scaled.jpg\"><img decoding=\"async\" src=\"https:\/\/www.escapadarural.com\/blog\/wp-content\/uploads\/2023\/04\/concurso-idiazabal-1024x683-1.jpg\" alt=\"Queso Idiaz\u00e1bal\" class=\"wp-image-59439\"\/><\/a><figcaption class=\"wp-element-caption\">Queso Idiaz\u00e1bal. Por txakel<\/figcaption><\/figure>\n\n\n\n<p>Todos los mi\u00e9rcoles se celebra en Ordizia un mercado (<em>azoka<\/em>, en euskera) en el que solo venden productores locales verduras, frutas, huevos, chorizos y otros alimentos de sus huertas y caser\u00edos. El primero del mes de septiembre se celebra una feria extraordinaria coincidiendo con las fiestas vascas (<em>Euskal Jaiak<\/em>) del pueblo. Es entonces cuando se celebra en el <strong>front\u00f3n Beti Alai<\/strong> esta competici\u00f3n tan famosa como curiosa y con casi 50 a\u00f1os de historia. <\/p>\n\n\n\n<p>Todos los quesos que se presentan tienen que ser elaborados por pastores de manera artesanal y pueden ser procedentes de Euskadi y Navarra. Un prestigioso y estricto jurado compuesto por t\u00e9cnicos de la DOP, cocineros de alto nivel y periodistas especializados analiza diferentes aspectos como el sabor, la forma, el olor o la textura de cada queso. <\/p>\n\n\n\n<p>La mitad de cada queso se destina a la <strong>cata a ciegas del jurado<\/strong> (se colocan unos n\u00fameros) y, lo que sobra, se reparte entre el p\u00fablico; la otra mitad, se subasta en el caso del queso ganador. Diferentes empresas, cooperativas y restaurantes pujan llegando a pagar precios desorbitados por medio queso, que suele pesar aproximadamente medio kilo: el r\u00e9cord actual son los <strong>13.050 euros<\/strong> que se alcanzaron en 2014. Aunque aparentemente parece una locura, realmente es una inversi\u00f3n que no conlleva solo la compra de ese trozo de queso, sino que aporta mucha publicidad en medios locales y estatales.<\/p>\n\n\n\n<h2 class=\"wp-block-heading\" id=\"h-el-centro-de-interpretacion-del-queso-idiazabal\">El <strong>Centro de Interpretaci\u00f3n del Queso Idiaz\u00e1bal<\/strong><\/h2>\n\n\n\n<figure class=\"wp-block-image size-large\"><a href=\"https:\/\/www.escapadarural.com\/blog\/wp-content\/uploads\/Artzai_txabola-scaled.jpg\"><img decoding=\"async\" src=\"https:\/\/www.escapadarural.com\/blog\/wp-content\/uploads\/2023\/04\/Artzai_txabola-1024x768-1.jpg\" alt=\"Centro de Interpretaci\u00f3n del Queso Idiaz\u00e1bal\" class=\"wp-image-59440\"\/><\/a><figcaption class=\"wp-element-caption\">Centro de Interpretaci\u00f3n del Queso Idiazabal. Por arangoierri<\/figcaption><\/figure>\n\n\n\n<p>Aunque no todo el queso Idiaz\u00e1bal es de Idiaz\u00e1bal, el museo dedicado a \u00e9l s\u00ed que est\u00e1 en este pueblo. Si os acerc\u00e1is a Ordizia a conocer m\u00e1s de este manjar, es obligatoria una visita a este espacio que es, adem\u00e1s, centro de interpretaci\u00f3n. Est\u00e1 a solo 10 kil\u00f3metros de Ordizia y tiene m\u00e1s de 200 metros cuadrados de superficie con materiales con un marcado car\u00e1cter divulgativo.<\/p>\n\n\n\n<p>Podremos conocer un sinf\u00edn de curiosidades de este queso tan famoso a trav\u00e9s de un recorrido guiado por su historia, por los paisajes que le han dado sabor, por sus utensilios tradicionales, se conoce su proceso de elaboraci\u00f3n, se reproduce una t\u00edpica txabola de pastor en medio de la monta\u00f1a&#8230; La visita concluye, como no pod\u00eda ser de otra manera, con una cata de iniciaci\u00f3n con cuatro aromas distintos de <strong>queso maridados con vino o sidra<\/strong>. Aqu\u00ed, frente a lo que aconseja el refr\u00e1n, s\u00ed querr\u00e9is que os la den con queso.<\/p>\n\n\n\n<div class=\"wp-block-buttons is-layout-flex wp-block-buttons-is-layout-flex\">\n<div class=\"wp-block-button\"><a class=\"wp-block-button__link wp-element-button\" href=\"https:\/\/www.escapadarural.com\/casas-rurales\/goierri\">Casas rurales en la comarca de Goierri<\/a><\/div>\n<\/div>\n","protected":false},"excerpt":{"rendered":"<p>El queso Idiaz\u00e1bal no es \u00fanico de su pueblo hom\u00f3nimo. Estos son los or\u00edgenes de su nombre y de un queso que se ha convertido en la joya gastron\u00f3mica de Ordizia. <\/p>\n","protected":false},"author":123,"featured_media":98319,"comment_status":"open","ping_status":"open","sticky":false,"template":"","format":"standard","meta":{"_acf_changed":false,"om_disable_all_campaigns":false,"footnotes":""},"categories":[231],"tags":[260,508,6244,5022,5023,450,2638,2528],"class_list":["post-58925","post","type-post","status-publish","format-standard","has-post-thumbnail","hentry","category-arte-y-cultura","tag-articulo","tag-gastronomia","tag-guipuzcoa","tag-idiazabal","tag-ordizia","tag-que-ver-en-pais-vasco","tag-quesos","tag-tipico"],"acf":[],"featured_image_src":"https:\/\/www.escapadarural.com\/blog\/wp-content\/uploads\/2024\/10\/ordizia-1024x683-3.jpg","author_info":{"display_name":"Raquel Andr\u00e9s","author_link":"https:\/\/www.escapadarural.com\/blog\/autor\/raquel\/"},"yoast_head":"<!-- This site is optimized with the Yoast SEO plugin v27.5 - https:\/\/yoast.com\/product\/yoast-seo-wordpress\/ -->\n<title>Ordizia, la capital del queso Idiaz\u00e1bal - EscapadaRural<\/title>\n<meta name=\"robots\" content=\"index, follow, max-snippet:-1, max-image-preview:large, max-video-preview:-1\" \/>\n<link rel=\"canonical\" href=\"https:\/\/www.escapadarural.com\/blog\/ordizia-capital-del-queso-idiazabal\/\" \/>\n<meta property=\"og:locale\" content=\"es_ES\" \/>\n<meta property=\"og:type\" content=\"article\" \/>\n<meta property=\"og:title\" content=\"Ordizia, la capital del queso Idiaz\u00e1bal - EscapadaRural\" \/>\n<meta property=\"og:description\" content=\"El queso Idiaz\u00e1bal no es \u00fanico de su pueblo hom\u00f3nimo. Estos son los or\u00edgenes de su nombre y de un queso que se ha convertido en la joya gastron\u00f3mica de Ordizia.\" \/>\n<meta property=\"og:url\" content=\"https:\/\/www.escapadarural.com\/blog\/ordizia-capital-del-queso-idiazabal\/\" \/>\n<meta property=\"og:site_name\" content=\"Magazine de viajes de EscapadaRural\" \/>\n<meta property=\"article:publisher\" content=\"https:\/\/www.facebook.com\/escapadarural\" \/>\n<meta property=\"article:published_time\" content=\"2023-04-05T10:37:49+00:00\" \/>\n<meta property=\"article:modified_time\" content=\"2026-02-17T16:50:01+00:00\" \/>\n<meta property=\"og:image\" content=\"https:\/\/www.escapadarural.com\/blog\/wp-content\/uploads\/2024\/10\/ordizia-1024x683-3.jpg?v=1771347001\" \/>\n\t<meta property=\"og:image:width\" content=\"1024\" \/>\n\t<meta property=\"og:image:height\" content=\"683\" \/>\n\t<meta property=\"og:image:type\" content=\"image\/jpeg\" \/>\n<meta name=\"author\" content=\"Raquel Andr\u00e9s\" \/>\n<meta name=\"twitter:card\" content=\"summary_large_image\" \/>\n<meta name=\"twitter:label1\" content=\"Escrito por\" \/>\n\t<meta name=\"twitter:data1\" content=\"Raquel Andr\u00e9s\" \/>\n\t<meta name=\"twitter:label2\" content=\"Tiempo de lectura\" \/>\n\t<meta name=\"twitter:data2\" content=\"6 minutos\" \/>\n<script type=\"application\/ld+json\" class=\"yoast-schema-graph\">{\"@context\":\"https:\\\/\\\/schema.org\",\"@graph\":[{\"@type\":\"Article\",\"@id\":\"https:\\\/\\\/www.escapadarural.com\\\/blog\\\/ordizia-capital-del-queso-idiazabal\\\/#article\",\"isPartOf\":{\"@id\":\"https:\\\/\\\/www.escapadarural.com\\\/blog\\\/ordizia-capital-del-queso-idiazabal\\\/\"},\"author\":{\"name\":\"Raquel Andr\u00e9s\",\"@id\":\"https:\\\/\\\/www.escapadarural.com\\\/blog\\\/#\\\/schema\\\/person\\\/67be061eb00d8315fa8642e01b88c894\"},\"headline\":\"Ordizia, la capital del queso Idiaz\u00e1bal\",\"datePublished\":\"2023-04-05T10:37:49+00:00\",\"dateModified\":\"2026-02-17T16:50:01+00:00\",\"mainEntityOfPage\":{\"@id\":\"https:\\\/\\\/www.escapadarural.com\\\/blog\\\/ordizia-capital-del-queso-idiazabal\\\/\"},\"wordCount\":1190,\"commentCount\":2,\"publisher\":{\"@id\":\"https:\\\/\\\/www.escapadarural.com\\\/blog\\\/#organization\"},\"image\":{\"@id\":\"https:\\\/\\\/www.escapadarural.com\\\/blog\\\/ordizia-capital-del-queso-idiazabal\\\/#primaryimage\"},\"thumbnailUrl\":\"https:\\\/\\\/www.escapadarural.com\\\/blog\\\/wp-content\\\/uploads\\\/2024\\\/10\\\/ordizia-1024x683-3.jpg\",\"keywords\":[\"art\u00edculo\",\"Gastronom\u00eda\",\"Guipuzcoa\",\"Idiaz\u00e1bal\",\"Ordizia\",\"Pa\u00eds Vasco\",\"quesos\",\"T\u00edpico\"],\"articleSection\":[\"Arte y Cultura\"],\"inLanguage\":\"es\",\"potentialAction\":[{\"@type\":\"CommentAction\",\"name\":\"Comment\",\"target\":[\"https:\\\/\\\/www.escapadarural.com\\\/blog\\\/ordizia-capital-del-queso-idiazabal\\\/#respond\"]}]},{\"@type\":\"WebPage\",\"@id\":\"https:\\\/\\\/www.escapadarural.com\\\/blog\\\/ordizia-capital-del-queso-idiazabal\\\/\",\"url\":\"https:\\\/\\\/www.escapadarural.com\\\/blog\\\/ordizia-capital-del-queso-idiazabal\\\/\",\"name\":\"Ordizia, la capital del queso Idiaz\u00e1bal - EscapadaRural\",\"isPartOf\":{\"@id\":\"https:\\\/\\\/www.escapadarural.com\\\/blog\\\/#website\"},\"primaryImageOfPage\":{\"@id\":\"https:\\\/\\\/www.escapadarural.com\\\/blog\\\/ordizia-capital-del-queso-idiazabal\\\/#primaryimage\"},\"image\":{\"@id\":\"https:\\\/\\\/www.escapadarural.com\\\/blog\\\/ordizia-capital-del-queso-idiazabal\\\/#primaryimage\"},\"thumbnailUrl\":\"https:\\\/\\\/www.escapadarural.com\\\/blog\\\/wp-content\\\/uploads\\\/2024\\\/10\\\/ordizia-1024x683-3.jpg\",\"datePublished\":\"2023-04-05T10:37:49+00:00\",\"dateModified\":\"2026-02-17T16:50:01+00:00\",\"breadcrumb\":{\"@id\":\"https:\\\/\\\/www.escapadarural.com\\\/blog\\\/ordizia-capital-del-queso-idiazabal\\\/#breadcrumb\"},\"inLanguage\":\"es\",\"potentialAction\":[{\"@type\":\"ReadAction\",\"target\":[\"https:\\\/\\\/www.escapadarural.com\\\/blog\\\/ordizia-capital-del-queso-idiazabal\\\/\"]}]},{\"@type\":\"ImageObject\",\"inLanguage\":\"es\",\"@id\":\"https:\\\/\\\/www.escapadarural.com\\\/blog\\\/ordizia-capital-del-queso-idiazabal\\\/#primaryimage\",\"url\":\"https:\\\/\\\/www.escapadarural.com\\\/blog\\\/wp-content\\\/uploads\\\/2024\\\/10\\\/ordizia-1024x683-3.jpg\",\"contentUrl\":\"https:\\\/\\\/www.escapadarural.com\\\/blog\\\/wp-content\\\/uploads\\\/2024\\\/10\\\/ordizia-1024x683-3.jpg\",\"width\":1024,\"height\":683,\"caption\":\"Una fuente rectangular con un surtidor de agua central se sit\u00faa delante de un gran edificio hist\u00f3rico rodeado de vegetaci\u00f3n, setos y farolas, con colinas y un cielo parcialmente nublado de fondo.\"},{\"@type\":\"BreadcrumbList\",\"@id\":\"https:\\\/\\\/www.escapadarural.com\\\/blog\\\/ordizia-capital-del-queso-idiazabal\\\/#breadcrumb\",\"itemListElement\":[{\"@type\":\"ListItem\",\"position\":1,\"name\":\"Inicio\",\"item\":\"https:\\\/\\\/www.escapadarural.com\\\/blog\\\/\"},{\"@type\":\"ListItem\",\"position\":2,\"name\":\"Arte y Cultura\",\"item\":\"https:\\\/\\\/www.escapadarural.com\\\/blog\\\/categoria\\\/arte-y-cultura\\\/\"},{\"@type\":\"ListItem\",\"position\":3,\"name\":\"Ordizia, la capital del queso Idiaz\u00e1bal\"}]},{\"@type\":\"WebSite\",\"@id\":\"https:\\\/\\\/www.escapadarural.com\\\/blog\\\/#website\",\"url\":\"https:\\\/\\\/www.escapadarural.com\\\/blog\\\/\",\"name\":\"Blog de viajes | turismo rural, alojamientos e inspiraci\u00f3n\",\"description\":\"Alojamientos rurales e inspiraci\u00f3n para tus escapadas\",\"publisher\":{\"@id\":\"https:\\\/\\\/www.escapadarural.com\\\/blog\\\/#organization\"},\"alternateName\":\"Magazine de viajes de EscapadaRural\",\"potentialAction\":[{\"@type\":\"SearchAction\",\"target\":{\"@type\":\"EntryPoint\",\"urlTemplate\":\"https:\\\/\\\/www.escapadarural.com\\\/blog\\\/?s={search_term_string}\"},\"query-input\":{\"@type\":\"PropertyValueSpecification\",\"valueRequired\":true,\"valueName\":\"search_term_string\"}}],\"inLanguage\":\"es\"},{\"@type\":\"Organization\",\"@id\":\"https:\\\/\\\/www.escapadarural.com\\\/blog\\\/#organization\",\"name\":\"EscapadaRural\",\"url\":\"https:\\\/\\\/www.escapadarural.com\\\/blog\\\/\",\"logo\":{\"@type\":\"ImageObject\",\"inLanguage\":\"es\",\"@id\":\"https:\\\/\\\/www.escapadarural.com\\\/blog\\\/#\\\/schema\\\/logo\\\/image\\\/\",\"url\":\"https:\\\/\\\/www.escapadarural.com\\\/blog\\\/wp-content\\\/uploads\\\/2024\\\/10\\\/cropped-cropped-escapada-rural-icon-mag-3.png\",\"contentUrl\":\"https:\\\/\\\/www.escapadarural.com\\\/blog\\\/wp-content\\\/uploads\\\/2024\\\/10\\\/cropped-cropped-escapada-rural-icon-mag-3.png\",\"width\":512,\"height\":512,\"caption\":\"EscapadaRural\"},\"image\":{\"@id\":\"https:\\\/\\\/www.escapadarural.com\\\/blog\\\/#\\\/schema\\\/logo\\\/image\\\/\"},\"sameAs\":[\"https:\\\/\\\/www.facebook.com\\\/escapadarural\",\"https:\\\/\\\/www.instagram.com\\\/escapadarural\\\/\",\"https:\\\/\\\/www.youtube.com\\\/@escapadaruralcom\"]},{\"@type\":\"Person\",\"@id\":\"https:\\\/\\\/www.escapadarural.com\\\/blog\\\/#\\\/schema\\\/person\\\/67be061eb00d8315fa8642e01b88c894\",\"name\":\"Raquel Andr\u00e9s\",\"image\":{\"@type\":\"ImageObject\",\"inLanguage\":\"es\",\"@id\":\"https:\\\/\\\/secure.gravatar.com\\\/avatar\\\/b45840531462f3cafb335a9fc5c0bfda2c07c3df4b82b304b923526b85cc6cb5?s=96&d=mm&r=g\",\"url\":\"https:\\\/\\\/secure.gravatar.com\\\/avatar\\\/b45840531462f3cafb335a9fc5c0bfda2c07c3df4b82b304b923526b85cc6cb5?s=96&d=mm&r=g\",\"contentUrl\":\"https:\\\/\\\/secure.gravatar.com\\\/avatar\\\/b45840531462f3cafb335a9fc5c0bfda2c07c3df4b82b304b923526b85cc6cb5?s=96&d=mm&r=g\",\"caption\":\"Raquel Andr\u00e9s\"},\"description\":\"Periodista y aventurera. Me has podido leer en Escapada Rural, Diari Nosaltres La Veu, La Vanguardia, El Salto y otros medios. Habitante y amante de las zonas rurales, sea cual sea el destino. Procuro escaparme una vez por semana con las botas de monta\u00f1a, el arn\u00e9s o el neopreno. Tambi\u00e9n soy un intento de baserritarra.\",\"url\":\"https:\\\/\\\/www.escapadarural.com\\\/blog\\\/autor\\\/raquel\\\/\"}]}<\/script>\n<!-- \/ Yoast SEO plugin. -->","yoast_head_json":{"title":"Ordizia, la capital del queso Idiaz\u00e1bal - EscapadaRural","robots":{"index":"index","follow":"follow","max-snippet":"max-snippet:-1","max-image-preview":"max-image-preview:large","max-video-preview":"max-video-preview:-1"},"canonical":"https:\/\/www.escapadarural.com\/blog\/ordizia-capital-del-queso-idiazabal\/","og_locale":"es_ES","og_type":"article","og_title":"Ordizia, la capital del queso Idiaz\u00e1bal - EscapadaRural","og_description":"El queso Idiaz\u00e1bal no es \u00fanico de su pueblo hom\u00f3nimo. Estos son los or\u00edgenes de su nombre y de un queso que se ha convertido en la joya gastron\u00f3mica de Ordizia.","og_url":"https:\/\/www.escapadarural.com\/blog\/ordizia-capital-del-queso-idiazabal\/","og_site_name":"Magazine de viajes de EscapadaRural","article_publisher":"https:\/\/www.facebook.com\/escapadarural","article_published_time":"2023-04-05T10:37:49+00:00","article_modified_time":"2026-02-17T16:50:01+00:00","og_image":[{"width":1024,"height":683,"url":"https:\/\/www.escapadarural.com\/blog\/wp-content\/uploads\/2024\/10\/ordizia-1024x683-3.jpg?v=1771347001","type":"image\/jpeg"}],"author":"Raquel Andr\u00e9s","twitter_card":"summary_large_image","twitter_misc":{"Escrito por":"Raquel Andr\u00e9s","Tiempo de lectura":"6 minutos"},"schema":{"@context":"https:\/\/schema.org","@graph":[{"@type":"Article","@id":"https:\/\/www.escapadarural.com\/blog\/ordizia-capital-del-queso-idiazabal\/#article","isPartOf":{"@id":"https:\/\/www.escapadarural.com\/blog\/ordizia-capital-del-queso-idiazabal\/"},"author":{"name":"Raquel Andr\u00e9s","@id":"https:\/\/www.escapadarural.com\/blog\/#\/schema\/person\/67be061eb00d8315fa8642e01b88c894"},"headline":"Ordizia, la capital del queso Idiaz\u00e1bal","datePublished":"2023-04-05T10:37:49+00:00","dateModified":"2026-02-17T16:50:01+00:00","mainEntityOfPage":{"@id":"https:\/\/www.escapadarural.com\/blog\/ordizia-capital-del-queso-idiazabal\/"},"wordCount":1190,"commentCount":2,"publisher":{"@id":"https:\/\/www.escapadarural.com\/blog\/#organization"},"image":{"@id":"https:\/\/www.escapadarural.com\/blog\/ordizia-capital-del-queso-idiazabal\/#primaryimage"},"thumbnailUrl":"https:\/\/www.escapadarural.com\/blog\/wp-content\/uploads\/2024\/10\/ordizia-1024x683-3.jpg","keywords":["art\u00edculo","Gastronom\u00eda","Guipuzcoa","Idiaz\u00e1bal","Ordizia","Pa\u00eds Vasco","quesos","T\u00edpico"],"articleSection":["Arte y Cultura"],"inLanguage":"es","potentialAction":[{"@type":"CommentAction","name":"Comment","target":["https:\/\/www.escapadarural.com\/blog\/ordizia-capital-del-queso-idiazabal\/#respond"]}]},{"@type":"WebPage","@id":"https:\/\/www.escapadarural.com\/blog\/ordizia-capital-del-queso-idiazabal\/","url":"https:\/\/www.escapadarural.com\/blog\/ordizia-capital-del-queso-idiazabal\/","name":"Ordizia, la capital del queso Idiaz\u00e1bal - EscapadaRural","isPartOf":{"@id":"https:\/\/www.escapadarural.com\/blog\/#website"},"primaryImageOfPage":{"@id":"https:\/\/www.escapadarural.com\/blog\/ordizia-capital-del-queso-idiazabal\/#primaryimage"},"image":{"@id":"https:\/\/www.escapadarural.com\/blog\/ordizia-capital-del-queso-idiazabal\/#primaryimage"},"thumbnailUrl":"https:\/\/www.escapadarural.com\/blog\/wp-content\/uploads\/2024\/10\/ordizia-1024x683-3.jpg","datePublished":"2023-04-05T10:37:49+00:00","dateModified":"2026-02-17T16:50:01+00:00","breadcrumb":{"@id":"https:\/\/www.escapadarural.com\/blog\/ordizia-capital-del-queso-idiazabal\/#breadcrumb"},"inLanguage":"es","potentialAction":[{"@type":"ReadAction","target":["https:\/\/www.escapadarural.com\/blog\/ordizia-capital-del-queso-idiazabal\/"]}]},{"@type":"ImageObject","inLanguage":"es","@id":"https:\/\/www.escapadarural.com\/blog\/ordizia-capital-del-queso-idiazabal\/#primaryimage","url":"https:\/\/www.escapadarural.com\/blog\/wp-content\/uploads\/2024\/10\/ordizia-1024x683-3.jpg","contentUrl":"https:\/\/www.escapadarural.com\/blog\/wp-content\/uploads\/2024\/10\/ordizia-1024x683-3.jpg","width":1024,"height":683,"caption":"Una fuente rectangular con un surtidor de agua central se sit\u00faa delante de un gran edificio hist\u00f3rico rodeado de vegetaci\u00f3n, setos y farolas, con colinas y un cielo parcialmente nublado de fondo."},{"@type":"BreadcrumbList","@id":"https:\/\/www.escapadarural.com\/blog\/ordizia-capital-del-queso-idiazabal\/#breadcrumb","itemListElement":[{"@type":"ListItem","position":1,"name":"Inicio","item":"https:\/\/www.escapadarural.com\/blog\/"},{"@type":"ListItem","position":2,"name":"Arte y Cultura","item":"https:\/\/www.escapadarural.com\/blog\/categoria\/arte-y-cultura\/"},{"@type":"ListItem","position":3,"name":"Ordizia, la capital del queso Idiaz\u00e1bal"}]},{"@type":"WebSite","@id":"https:\/\/www.escapadarural.com\/blog\/#website","url":"https:\/\/www.escapadarural.com\/blog\/","name":"Blog de viajes | turismo rural, alojamientos e inspiraci\u00f3n","description":"Alojamientos rurales e inspiraci\u00f3n para tus escapadas","publisher":{"@id":"https:\/\/www.escapadarural.com\/blog\/#organization"},"alternateName":"Magazine de viajes de EscapadaRural","potentialAction":[{"@type":"SearchAction","target":{"@type":"EntryPoint","urlTemplate":"https:\/\/www.escapadarural.com\/blog\/?s={search_term_string}"},"query-input":{"@type":"PropertyValueSpecification","valueRequired":true,"valueName":"search_term_string"}}],"inLanguage":"es"},{"@type":"Organization","@id":"https:\/\/www.escapadarural.com\/blog\/#organization","name":"EscapadaRural","url":"https:\/\/www.escapadarural.com\/blog\/","logo":{"@type":"ImageObject","inLanguage":"es","@id":"https:\/\/www.escapadarural.com\/blog\/#\/schema\/logo\/image\/","url":"https:\/\/www.escapadarural.com\/blog\/wp-content\/uploads\/2024\/10\/cropped-cropped-escapada-rural-icon-mag-3.png","contentUrl":"https:\/\/www.escapadarural.com\/blog\/wp-content\/uploads\/2024\/10\/cropped-cropped-escapada-rural-icon-mag-3.png","width":512,"height":512,"caption":"EscapadaRural"},"image":{"@id":"https:\/\/www.escapadarural.com\/blog\/#\/schema\/logo\/image\/"},"sameAs":["https:\/\/www.facebook.com\/escapadarural","https:\/\/www.instagram.com\/escapadarural\/","https:\/\/www.youtube.com\/@escapadaruralcom"]},{"@type":"Person","@id":"https:\/\/www.escapadarural.com\/blog\/#\/schema\/person\/67be061eb00d8315fa8642e01b88c894","name":"Raquel Andr\u00e9s","image":{"@type":"ImageObject","inLanguage":"es","@id":"https:\/\/secure.gravatar.com\/avatar\/b45840531462f3cafb335a9fc5c0bfda2c07c3df4b82b304b923526b85cc6cb5?s=96&d=mm&r=g","url":"https:\/\/secure.gravatar.com\/avatar\/b45840531462f3cafb335a9fc5c0bfda2c07c3df4b82b304b923526b85cc6cb5?s=96&d=mm&r=g","contentUrl":"https:\/\/secure.gravatar.com\/avatar\/b45840531462f3cafb335a9fc5c0bfda2c07c3df4b82b304b923526b85cc6cb5?s=96&d=mm&r=g","caption":"Raquel Andr\u00e9s"},"description":"Periodista y aventurera. Me has podido leer en Escapada Rural, Diari Nosaltres La Veu, La Vanguardia, El Salto y otros medios. Habitante y amante de las zonas rurales, sea cual sea el destino. Procuro escaparme una vez por semana con las botas de monta\u00f1a, el arn\u00e9s o el neopreno. Tambi\u00e9n soy un intento de baserritarra.","url":"https:\/\/www.escapadarural.com\/blog\/autor\/raquel\/"}]}},"_links":{"self":[{"href":"https:\/\/www.escapadarural.com\/blog\/wp-json\/wp\/v2\/posts\/58925","targetHints":{"allow":["GET"]}}],"collection":[{"href":"https:\/\/www.escapadarural.com\/blog\/wp-json\/wp\/v2\/posts"}],"about":[{"href":"https:\/\/www.escapadarural.com\/blog\/wp-json\/wp\/v2\/types\/post"}],"author":[{"embeddable":true,"href":"https:\/\/www.escapadarural.com\/blog\/wp-json\/wp\/v2\/users\/123"}],"replies":[{"embeddable":true,"href":"https:\/\/www.escapadarural.com\/blog\/wp-json\/wp\/v2\/comments?post=58925"}],"version-history":[{"count":0,"href":"https:\/\/www.escapadarural.com\/blog\/wp-json\/wp\/v2\/posts\/58925\/revisions"}],"wp:featuredmedia":[{"embeddable":true,"href":"https:\/\/www.escapadarural.com\/blog\/wp-json\/wp\/v2\/media\/98319"}],"wp:attachment":[{"href":"https:\/\/www.escapadarural.com\/blog\/wp-json\/wp\/v2\/media?parent=58925"}],"wp:term":[{"taxonomy":"category","embeddable":true,"href":"https:\/\/www.escapadarural.com\/blog\/wp-json\/wp\/v2\/categories?post=58925"},{"taxonomy":"post_tag","embeddable":true,"href":"https:\/\/www.escapadarural.com\/blog\/wp-json\/wp\/v2\/tags?post=58925"}],"curies":[{"name":"wp","href":"https:\/\/api.w.org\/{rel}","templated":true}]}}