{"id":58944,"date":"2023-04-21T08:54:40","date_gmt":"2023-04-21T07:54:40","guid":{"rendered":"https:\/\/www.escapadarural.com\/blog\/?p=58944"},"modified":"2025-06-19T09:57:59","modified_gmt":"2025-06-19T07:57:59","slug":"recuperacion-pigargos-en-espana","status":"publish","type":"post","link":"https:\/\/www.escapadarural.com\/blog\/recuperacion-pigargos-en-espana\/","title":{"rendered":"Liberar pigargos en Espa\u00f1a no suena tan bien como parece"},"content":{"rendered":"\n<figure class=\"wp-block-image size-large\"><a href=\"https:\/\/www.escapadarural.com\/blog\/wp-content\/uploads\/White_Tailed_Eagle_AdF.jpg\"><img decoding=\"async\" src=\"https:\/\/www.escapadarural.com\/blog\/wp-content\/uploads\/2023\/04\/White_Tailed_Eagle_AdF-1024x678-1.jpg\" alt=\"pigargos\" class=\"wp-image-58945\"\/><\/a><figcaption class=\"wp-element-caption\">Pigargo. Por Arturo de Fr\u00edas Marques<\/figcaption><\/figure>\n\n\n\n<blockquote class=\"wp-block-quote is-layout-flow wp-block-quote-is-layout-flow\">\n<p>El pigargo est\u00e1 incluido entre las 13 especies de animales que se suponen extinguidas en el medio natural espa\u00f1ol en tiempos hist\u00f3ricos. Seg\u00fan la normativa vigente, las Administraciones p\u00fablicas deben promover la vuelta de estas especies a su h\u00e1bitat original.<\/p>\n<cite>The Conversation<\/cite><\/blockquote>\n\n\n\n<p>En el coraz\u00f3n de las verdes tierras de <a href=\"https:\/\/www.escapadarural.com\/casas-rurales\/asturias\">Asturias<\/a>, un proyecto controvertido acusa sus efectos entre las hojas de los antiguos bosques. Los <strong>pigargos europeos<\/strong>, imponentes aves rapaces de alas anchas y mirada penetrante, cruzaron la distancia desde Noruega hasta Espa\u00f1a, con la esperanza de encontrar en Pimiango un nuevo hogar.&nbsp;<\/p>\n\n\n\n<figure class=\"wp-block-image size-full\"><a href=\"https:\/\/www.escapadarural.com\/blog\/wp-content\/uploads\/2023\/04\/White_tailed_eagle_raftsund_square_crop.jpg\"><img decoding=\"async\" src=\"https:\/\/www.escapadarural.com\/blog\/wp-content\/uploads\/2023\/04\/White_tailed_eagle_raftsund_square_crop.jpg\" alt=\"Pigargos\" class=\"wp-image-58946\"\/><\/a><figcaption class=\"wp-element-caption\">Pigargos. Por Christoph M\u00fcller (http:\/\/www.christophmueller.org)<\/figcaption><\/figure>\n\n\n\n<p>Nueve de estos majestuosos guardianes del cielo, que hab\u00edan sido desplazados de su tierra natal, llegaron para ser parte de <strong>un acto de \u00abreintroducci\u00f3n\u00bb<\/strong> orquestado por la organizaci\u00f3n GREFA y apoyado por el Principado de Asturias, la Comunidad de Cantabria y el Gobierno de Espa\u00f1a.<\/p>\n\n\n\n<p>Esta iniciativa ten\u00eda como objetivo restablecer una poblaci\u00f3n reproductora de pigargos en el Cant\u00e1brico, regi\u00f3n donde estas aves, en otro tiempo, <strong>eran consideradas extinguidas<\/strong>.&nbsp;<\/p>\n\n\n\n<h2 class=\"wp-block-heading\" id=\"h-c-riticas-a-la-reintroduccion-de-pigargos\"><strong>C<\/strong>r\u00edticas a la reintroducci\u00f3n de pigargos<\/h2>\n\n\n\n<p>Sin embargo, detr\u00e1s de este proyecto aparentemente edificante, se ocultaban secretos y cr\u00edticas, como siniestras serpientes en la espesura de un bosque oscuro. Cient\u00edficos, ecologistas y ganaderos cuestionaban el sustento cient\u00edfico y la falta de transparencia con la que se llevaba a cabo esta empresa.<\/p>\n\n\n\n<figure class=\"wp-block-image size-full\"><img decoding=\"async\" src=\"https:\/\/www.escapadarural.com\/blog\/wp-content\/uploads\/2023\/04\/1024px-Haliaeetus_albicilla_-captive-8a.jpg\" alt=\"Pigargo europeo\" class=\"wp-image-58947\"\/><figcaption class=\"wp-element-caption\">Pigargo europeo. Por Karlo<\/figcaption><\/figure>\n\n\n\n<p>Reintroducciones similares se hab\u00edan intentado desde mediados del siglo XIX, cuando urogallos suecos fueron liberados en Escocia tras su desaparici\u00f3n en 1830. Desde entonces, dicha pr\u00e1ctica se convirti\u00f3 en una herramienta com\u00fan para la conservaci\u00f3n de la biodiversidad. Pero el acto de devolver a una especie a su antiguo hogar, como si de un cuento de hadas se tratase, requiere de cuidadosa<strong> planificaci\u00f3n y consideraci\u00f3n de factores ecol\u00f3gicos, econ\u00f3micos y sociales<\/strong>.<\/p>\n\n\n\n<p>La reintroducci\u00f3n de una especie a un ecosistema es como el delicado bordado de un tapiz, donde cada hilo representa una especie y cada punto, una conexi\u00f3n. Cuando un hilo se rompe, otro puede ocupar su lugar, restaurando la belleza y funcionalidad del tapiz. Sin embargo, introducir un hilo extra\u00f1o podr\u00eda desequilibrar y desgarrar la intrincada obra de arte que es la naturaleza.<\/p>\n\n\n\n<p>En el caso del pigargo europeo en Espa\u00f1a, <strong>no existen pruebas irrefutables de que alguna vez hubiera sido parte del tejido ecol\u00f3gico ib\u00e9rico<\/strong>. Los documentos <a href=\"https:\/\/core.ac.uk\/display\/334749135\" target=\"_blank\" rel=\"noreferrer noopener nofollow\">se limitan a informes arqueol\u00f3gicos<\/a>, avistamientos espor\u00e1dicos y vagos indicios de cr\u00eda.&nbsp;<\/p>\n\n\n\n<figure class=\"wp-block-image size-full\"><img decoding=\"async\" src=\"https:\/\/www.escapadarural.com\/blog\/wp-content\/uploads\/2023\/04\/Haliaeetus_albicilla_-Littleisland_Norway_-adult-8a.jpg\" alt=\"Pigargo adulto\" class=\"wp-image-58948\"\/><figcaption class=\"wp-element-caption\">Pigargo adulto. Por Littleisland lighthouse&nbsp;&#8211;&nbsp;White-tailed eagle<\/figcaption><\/figure>\n\n\n\n<p>Por esa raz\u00f3n, la sombra de la duda se cierne sobre la reintroducci\u00f3n, y las preocupaciones sobre el impacto en otras especies amenazadas y en el ganado se han multiplicado. Incluso, un proyecto similar en Inglaterra hab\u00eda sido cancelado por temor a las consecuencias negativas sobre la vida dom\u00e9stica.<\/p>\n\n\n\n<p>El pasado 4 de octubre de 2021, siete de los nueve pigargos fueron liberados sin previo aviso. La noticia no sali\u00f3 a la luz hasta tres semanas despu\u00e9s y, con ella, el debate sobre la <strong>reintroducci\u00f3n del pigargo en Asturias se intensific\u00f3<\/strong>. Los ecos de las preguntas y preocupaciones resonaban en las monta\u00f1as del Cant\u00e1brico, mientras las majestuosas aves alzaban el vuelo en busca de su nueva vida. \u00bfHabr\u00eda sido este el regreso triunfal de una especie perdida, o la intrusi\u00f3n de un forastero en un ecosistema ya fr\u00e1gil?<\/p>\n\n\n\n<h2 class=\"wp-block-heading\" id=\"h-p-roteccion-de-la-cordillera-cantabrica\"><strong>P<\/strong>rotecci\u00f3n de la Cordillera Cant\u00e1brica<\/h2>\n\n\n\n<figure class=\"wp-block-image size-large\"><a href=\"https:\/\/www.escapadarural.com\/blog\/wp-content\/uploads\/pigargos-scaled.jpg\"><img decoding=\"async\" src=\"https:\/\/www.escapadarural.com\/blog\/wp-content\/uploads\/2023\/04\/pigargos-1024x683-1.jpg\" alt=\"Pigargos\" class=\"wp-image-60959\"\/><\/a><figcaption class=\"wp-element-caption\">Pigargos. Por porojnicu<\/figcaption><\/figure>\n\n\n\n<p>La cordillera Cant\u00e1brica alberga muchas <strong>especies y h\u00e1bitats en peligro<\/strong>, y la comunidad cient\u00edfica y conservacionista ha clamado durante a\u00f1os por acciones decididas para protegerlos. Pero la liberaci\u00f3n de los pigargos en Asturias, lejos de ser una prioridad, parec\u00eda un uso inadecuado de los recursos destinados a la conservaci\u00f3n.<\/p>\n\n\n\n<p>Mientras los pigargos despliegan sus alas sobre el paisaje asturiano, las inquietudes sobre el impacto en otras especies protegidas, como el cormor\u00e1n mo\u00f1udo y el salm\u00f3n atl\u00e1ntico, crecen como una enredadera que se aferra a un \u00e1rbol. Estas especies, posibles presas de los pigargos, se encuentran en un estado de conservaci\u00f3n desfavorable, y los efectos de la llegada de un <strong>gran depredador<\/strong> no han sido convenientemente evaluados.<\/p>\n\n\n\n<p>\u00bfSer\u00e1 posible tejer de nuevo el hilo del pigargo en el tapiz ecol\u00f3gico de Espa\u00f1a, o su presencia desgarrar\u00e1 a\u00fan m\u00e1s la fr\u00e1gil obra de arte que es la biodiversidad? Solo el tiempo, el gran revelador de secretos y verdades, permitir\u00e1 comprender las consecuencias de este controvertido proyecto y si, al final, las alas de los pigargos encontrar\u00e1n su lugar en los cielos de Asturias.<\/p>\n\n\n\n<h2 class=\"wp-block-heading\" id=\"h-u-n-ave-para-contemplar\"><strong>U<\/strong>n ave para contemplar<\/h2>\n\n\n\n<figure class=\"wp-block-image size-large\"><img decoding=\"async\" src=\"https:\/\/www.escapadarural.com\/blog\/wp-content\/uploads\/2023\/04\/1280px-Pigargo_europeo_Haliaeetus_albicilla_Svolvaer_Lofoten_Noruega_2019-09-05_DD_55-1024x682-1.jpg\" alt=\"Pigargo\" class=\"wp-image-58949\"\/><figcaption class=\"wp-element-caption\">Pigargo. Por Diego Delso<\/figcaption><\/figure>\n\n\n\n<p>M\u00e1s all\u00e1 de las dudas ecol\u00f3gicas, lo cierto es que la contemplaci\u00f3n de estas majestuosas aves es un gozo para los sentidos. Los <strong>pigargos europeos<\/strong>, cuyo nombre cient\u00edfico es <em>Haliaeetus albicilla<\/em>, son aves rapaces de gran tama\u00f1o que habitan en regiones de Europa y Asia. Se encuentran entre las aves rapaces m\u00e1s grandes del continente europeo y se caracterizan por su envergadura, que<strong> puede alcanzar hasta los 2,5 metros<\/strong>. Son depredadores formidables y habilidosos, que poseen una agudeza visual excepcional y garras poderosas para atrapar a sus presas.<\/p>\n\n\n\n<p>Tienen una cabeza y cuello de color blanco, contrastando con su cuerpo y alas de color marr\u00f3n oscuro. Sus patas y pico son de un amarillo brillante, y su cola es larga y en forma de cu\u00f1a. Los pigargos j\u00f3venes, sin embargo, presentan un plumaje m\u00e1s oscuro y moteado que se aclara con la edad.<\/p>\n\n\n\n<p>El pigargo europeo se ha enfrentado en el pasado a amenazas como la caza furtiva, la degradaci\u00f3n de su h\u00e1bitat y la contaminaci\u00f3n, lo que ha llevado a la disminuci\u00f3n de sus poblaciones en algunas regiones. Sin embargo, gracias a esfuerzos de conservaci\u00f3n y la implementaci\u00f3n de leyes de protecci\u00f3n, las poblaciones de pigargos han experimentado una recuperaci\u00f3n en algunas \u00e1reas de Europa.<\/p>\n\n\n\n<p>A pesar de ello, como hemos visto, la reintroducci\u00f3n de pigargos en \u00e1reas donde han desaparecido sigue siendo un tema de debate y controversia, como se evidencia en el proyecto de reintroducci\u00f3n en Asturias. En cualquier caso, estos imponentes guardianes del cielo contin\u00faan siendo un<strong> s\u00edmbolo de la naturaleza salvaje<\/strong> y la biodiversidad que a\u00fan prevalece en Europa y Asia. Disfrut\u00e9moslo mientras dure.&nbsp;<\/p>\n","protected":false},"excerpt":{"rendered":"<p>Los pigargos est\u00e1n considerados especie extinguidas del medio natural espa\u00f1ol. Actualmente, las administraciones p\u00fablicas promueven la vuelta de estas especies a su h\u00e1bitat. <\/p>\n","protected":false},"author":120,"featured_media":111207,"comment_status":"open","ping_status":"open","sticky":false,"template":"","format":"standard","meta":{"_acf_changed":false,"om_disable_all_campaigns":false,"footnotes":""},"categories":[279],"tags":[260,700,887,5056],"class_list":["post-58944","post","type-post","status-publish","format-standard","has-post-thumbnail","hentry","category-ciencia","tag-articulo","tag-aves","tag-ornitologia","tag-pigargos"],"acf":[],"featured_image_src":"https:\/\/www.escapadarural.com\/blog\/wp-content\/uploads\/2013\/05\/aguila.jpg","author_info":{"display_name":"Sergio Parra","author_link":"https:\/\/www.escapadarural.com\/blog\/autor\/sergio\/"},"yoast_head":"<!-- This site is optimized with the Yoast SEO plugin v27.5 - https:\/\/yoast.com\/product\/yoast-seo-wordpress\/ -->\n<title>Liberar pigargos en Espa\u00f1a no suena tan bien como parece - EscapadaRural<\/title>\n<meta name=\"robots\" content=\"index, follow, max-snippet:-1, max-image-preview:large, max-video-preview:-1\" \/>\n<link rel=\"canonical\" href=\"https:\/\/www.escapadarural.com\/blog\/recuperacion-pigargos-en-espana\/\" \/>\n<meta property=\"og:locale\" content=\"es_ES\" \/>\n<meta property=\"og:type\" content=\"article\" \/>\n<meta property=\"og:title\" content=\"Liberar pigargos en Espa\u00f1a no suena tan bien como parece - EscapadaRural\" \/>\n<meta property=\"og:description\" content=\"Los pigargos est\u00e1n considerados especie extinguidas del medio natural espa\u00f1ol. Actualmente, las administraciones p\u00fablicas promueven la vuelta de estas especies a su h\u00e1bitat.\" \/>\n<meta property=\"og:url\" content=\"https:\/\/www.escapadarural.com\/blog\/recuperacion-pigargos-en-espana\/\" \/>\n<meta property=\"og:site_name\" content=\"Magazine de viajes de EscapadaRural\" \/>\n<meta property=\"article:publisher\" content=\"https:\/\/www.facebook.com\/escapadarural\" \/>\n<meta property=\"article:published_time\" content=\"2023-04-21T07:54:40+00:00\" \/>\n<meta property=\"article:modified_time\" content=\"2025-06-19T07:57:59+00:00\" \/>\n<meta property=\"og:image\" content=\"https:\/\/www.escapadarural.com\/blog\/wp-content\/uploads\/2013\/05\/aguila.jpg\" \/>\n\t<meta property=\"og:image:width\" content=\"1024\" \/>\n\t<meta property=\"og:image:height\" content=\"684\" \/>\n\t<meta property=\"og:image:type\" content=\"image\/jpeg\" \/>\n<meta name=\"author\" content=\"Sergio Parra\" \/>\n<meta name=\"twitter:card\" content=\"summary_large_image\" \/>\n<meta name=\"twitter:label1\" content=\"Escrito por\" \/>\n\t<meta name=\"twitter:data1\" content=\"Sergio Parra\" \/>\n\t<meta name=\"twitter:label2\" content=\"Tiempo de lectura\" \/>\n\t<meta name=\"twitter:data2\" content=\"6 minutos\" \/>\n<script type=\"application\/ld+json\" class=\"yoast-schema-graph\">{\"@context\":\"https:\\\/\\\/schema.org\",\"@graph\":[{\"@type\":\"Article\",\"@id\":\"https:\\\/\\\/www.escapadarural.com\\\/blog\\\/recuperacion-pigargos-en-espana\\\/#article\",\"isPartOf\":{\"@id\":\"https:\\\/\\\/www.escapadarural.com\\\/blog\\\/recuperacion-pigargos-en-espana\\\/\"},\"author\":{\"name\":\"Sergio Parra\",\"@id\":\"https:\\\/\\\/www.escapadarural.com\\\/blog\\\/#\\\/schema\\\/person\\\/b19b2221b2fc03d3ab5ec82d81f7a678\"},\"headline\":\"Liberar pigargos en Espa\u00f1a no suena tan bien como parece\",\"datePublished\":\"2023-04-21T07:54:40+00:00\",\"dateModified\":\"2025-06-19T07:57:59+00:00\",\"mainEntityOfPage\":{\"@id\":\"https:\\\/\\\/www.escapadarural.com\\\/blog\\\/recuperacion-pigargos-en-espana\\\/\"},\"wordCount\":1123,\"commentCount\":1,\"publisher\":{\"@id\":\"https:\\\/\\\/www.escapadarural.com\\\/blog\\\/#organization\"},\"image\":{\"@id\":\"https:\\\/\\\/www.escapadarural.com\\\/blog\\\/recuperacion-pigargos-en-espana\\\/#primaryimage\"},\"thumbnailUrl\":\"https:\\\/\\\/www.escapadarural.com\\\/blog\\\/wp-content\\\/uploads\\\/2013\\\/05\\\/aguila.jpg\",\"keywords\":[\"art\u00edculo\",\"Aves\",\"ornitolog\u00eda\",\"pigargos\"],\"articleSection\":[\"Ciencia\"],\"inLanguage\":\"es\",\"potentialAction\":[{\"@type\":\"CommentAction\",\"name\":\"Comment\",\"target\":[\"https:\\\/\\\/www.escapadarural.com\\\/blog\\\/recuperacion-pigargos-en-espana\\\/#respond\"]}]},{\"@type\":\"WebPage\",\"@id\":\"https:\\\/\\\/www.escapadarural.com\\\/blog\\\/recuperacion-pigargos-en-espana\\\/\",\"url\":\"https:\\\/\\\/www.escapadarural.com\\\/blog\\\/recuperacion-pigargos-en-espana\\\/\",\"name\":\"Liberar pigargos en Espa\u00f1a no suena tan bien como parece - EscapadaRural\",\"isPartOf\":{\"@id\":\"https:\\\/\\\/www.escapadarural.com\\\/blog\\\/#website\"},\"primaryImageOfPage\":{\"@id\":\"https:\\\/\\\/www.escapadarural.com\\\/blog\\\/recuperacion-pigargos-en-espana\\\/#primaryimage\"},\"image\":{\"@id\":\"https:\\\/\\\/www.escapadarural.com\\\/blog\\\/recuperacion-pigargos-en-espana\\\/#primaryimage\"},\"thumbnailUrl\":\"https:\\\/\\\/www.escapadarural.com\\\/blog\\\/wp-content\\\/uploads\\\/2013\\\/05\\\/aguila.jpg\",\"datePublished\":\"2023-04-21T07:54:40+00:00\",\"dateModified\":\"2025-06-19T07:57:59+00:00\",\"breadcrumb\":{\"@id\":\"https:\\\/\\\/www.escapadarural.com\\\/blog\\\/recuperacion-pigargos-en-espana\\\/#breadcrumb\"},\"inLanguage\":\"es\",\"potentialAction\":[{\"@type\":\"ReadAction\",\"target\":[\"https:\\\/\\\/www.escapadarural.com\\\/blog\\\/recuperacion-pigargos-en-espana\\\/\"]}]},{\"@type\":\"ImageObject\",\"inLanguage\":\"es\",\"@id\":\"https:\\\/\\\/www.escapadarural.com\\\/blog\\\/recuperacion-pigargos-en-espana\\\/#primaryimage\",\"url\":\"https:\\\/\\\/www.escapadarural.com\\\/blog\\\/wp-content\\\/uploads\\\/2013\\\/05\\\/aguila.jpg\",\"contentUrl\":\"https:\\\/\\\/www.escapadarural.com\\\/blog\\\/wp-content\\\/uploads\\\/2013\\\/05\\\/aguila.jpg\",\"width\":1024,\"height\":684,\"caption\":\"Un gran p\u00e1jaro con las alas extendidas surca el cielo sobre un fondo azul con nubes claras.\"},{\"@type\":\"BreadcrumbList\",\"@id\":\"https:\\\/\\\/www.escapadarural.com\\\/blog\\\/recuperacion-pigargos-en-espana\\\/#breadcrumb\",\"itemListElement\":[{\"@type\":\"ListItem\",\"position\":1,\"name\":\"Inicio\",\"item\":\"https:\\\/\\\/www.escapadarural.com\\\/blog\\\/\"},{\"@type\":\"ListItem\",\"position\":2,\"name\":\"Ciencia\",\"item\":\"https:\\\/\\\/www.escapadarural.com\\\/blog\\\/categoria\\\/ciencia\\\/\"},{\"@type\":\"ListItem\",\"position\":3,\"name\":\"Liberar pigargos en Espa\u00f1a no suena tan bien como parece\"}]},{\"@type\":\"WebSite\",\"@id\":\"https:\\\/\\\/www.escapadarural.com\\\/blog\\\/#website\",\"url\":\"https:\\\/\\\/www.escapadarural.com\\\/blog\\\/\",\"name\":\"Blog de viajes | turismo rural, alojamientos e inspiraci\u00f3n\",\"description\":\"Alojamientos rurales e inspiraci\u00f3n para tus escapadas\",\"publisher\":{\"@id\":\"https:\\\/\\\/www.escapadarural.com\\\/blog\\\/#organization\"},\"alternateName\":\"Magazine de viajes de EscapadaRural\",\"potentialAction\":[{\"@type\":\"SearchAction\",\"target\":{\"@type\":\"EntryPoint\",\"urlTemplate\":\"https:\\\/\\\/www.escapadarural.com\\\/blog\\\/?s={search_term_string}\"},\"query-input\":{\"@type\":\"PropertyValueSpecification\",\"valueRequired\":true,\"valueName\":\"search_term_string\"}}],\"inLanguage\":\"es\"},{\"@type\":\"Organization\",\"@id\":\"https:\\\/\\\/www.escapadarural.com\\\/blog\\\/#organization\",\"name\":\"EscapadaRural\",\"url\":\"https:\\\/\\\/www.escapadarural.com\\\/blog\\\/\",\"logo\":{\"@type\":\"ImageObject\",\"inLanguage\":\"es\",\"@id\":\"https:\\\/\\\/www.escapadarural.com\\\/blog\\\/#\\\/schema\\\/logo\\\/image\\\/\",\"url\":\"https:\\\/\\\/www.escapadarural.com\\\/blog\\\/wp-content\\\/uploads\\\/2024\\\/10\\\/cropped-cropped-escapada-rural-icon-mag-3.png\",\"contentUrl\":\"https:\\\/\\\/www.escapadarural.com\\\/blog\\\/wp-content\\\/uploads\\\/2024\\\/10\\\/cropped-cropped-escapada-rural-icon-mag-3.png\",\"width\":512,\"height\":512,\"caption\":\"EscapadaRural\"},\"image\":{\"@id\":\"https:\\\/\\\/www.escapadarural.com\\\/blog\\\/#\\\/schema\\\/logo\\\/image\\\/\"},\"sameAs\":[\"https:\\\/\\\/www.facebook.com\\\/escapadarural\",\"https:\\\/\\\/www.instagram.com\\\/escapadarural\\\/\",\"https:\\\/\\\/www.youtube.com\\\/@escapadaruralcom\"]},{\"@type\":\"Person\",\"@id\":\"https:\\\/\\\/www.escapadarural.com\\\/blog\\\/#\\\/schema\\\/person\\\/b19b2221b2fc03d3ab5ec82d81f7a678\",\"name\":\"Sergio Parra\",\"image\":{\"@type\":\"ImageObject\",\"inLanguage\":\"es\",\"@id\":\"https:\\\/\\\/www.escapadarural.com\\\/blog\\\/wp-content\\\/uploads\\\/2025\\\/02\\\/cropped-sergio_parra.webp\",\"url\":\"https:\\\/\\\/www.escapadarural.com\\\/blog\\\/wp-content\\\/uploads\\\/2025\\\/02\\\/cropped-sergio_parra.webp\",\"contentUrl\":\"https:\\\/\\\/www.escapadarural.com\\\/blog\\\/wp-content\\\/uploads\\\/2025\\\/02\\\/cropped-sergio_parra.webp\",\"caption\":\"Sergio Parra\"},\"description\":\"Juntaletras, divulgador y alfanum\u00e9rico vocacional. Siempre a la caza de historias que iluminen el camino y de ense\u00f1anzas que permitan capturar lo que te salga al paso. Escribo en Yorokobu, Jot Down y Muy Interesante, y soy editor de Xataka Ciencia y Diario del Viajero. Cuando necesito recogimiento, escribo libros. Cuando me siento extrovertido, salgo en el canal de YouTube Optirrealismo o el podcast Xanad\u00fa: Hearst &amp; Kane. Cuando busco perspectiva, me marcho lejos en bicicleta.\",\"sameAs\":[\"https:\\\/\\\/about.me\\\/sergioparra\",\"https:\\\/\\\/www.instagram.com\\\/melvinud\\\/\"],\"url\":\"https:\\\/\\\/www.escapadarural.com\\\/blog\\\/autor\\\/sergio\\\/\"}]}<\/script>\n<!-- \/ Yoast SEO plugin. -->","yoast_head_json":{"title":"Liberar pigargos en Espa\u00f1a no suena tan bien como parece - EscapadaRural","robots":{"index":"index","follow":"follow","max-snippet":"max-snippet:-1","max-image-preview":"max-image-preview:large","max-video-preview":"max-video-preview:-1"},"canonical":"https:\/\/www.escapadarural.com\/blog\/recuperacion-pigargos-en-espana\/","og_locale":"es_ES","og_type":"article","og_title":"Liberar pigargos en Espa\u00f1a no suena tan bien como parece - EscapadaRural","og_description":"Los pigargos est\u00e1n considerados especie extinguidas del medio natural espa\u00f1ol. Actualmente, las administraciones p\u00fablicas promueven la vuelta de estas especies a su h\u00e1bitat.","og_url":"https:\/\/www.escapadarural.com\/blog\/recuperacion-pigargos-en-espana\/","og_site_name":"Magazine de viajes de EscapadaRural","article_publisher":"https:\/\/www.facebook.com\/escapadarural","article_published_time":"2023-04-21T07:54:40+00:00","article_modified_time":"2025-06-19T07:57:59+00:00","og_image":[{"width":1024,"height":684,"url":"https:\/\/www.escapadarural.com\/blog\/wp-content\/uploads\/2013\/05\/aguila.jpg","type":"image\/jpeg"}],"author":"Sergio Parra","twitter_card":"summary_large_image","twitter_misc":{"Escrito por":"Sergio Parra","Tiempo de lectura":"6 minutos"},"schema":{"@context":"https:\/\/schema.org","@graph":[{"@type":"Article","@id":"https:\/\/www.escapadarural.com\/blog\/recuperacion-pigargos-en-espana\/#article","isPartOf":{"@id":"https:\/\/www.escapadarural.com\/blog\/recuperacion-pigargos-en-espana\/"},"author":{"name":"Sergio Parra","@id":"https:\/\/www.escapadarural.com\/blog\/#\/schema\/person\/b19b2221b2fc03d3ab5ec82d81f7a678"},"headline":"Liberar pigargos en Espa\u00f1a no suena tan bien como parece","datePublished":"2023-04-21T07:54:40+00:00","dateModified":"2025-06-19T07:57:59+00:00","mainEntityOfPage":{"@id":"https:\/\/www.escapadarural.com\/blog\/recuperacion-pigargos-en-espana\/"},"wordCount":1123,"commentCount":1,"publisher":{"@id":"https:\/\/www.escapadarural.com\/blog\/#organization"},"image":{"@id":"https:\/\/www.escapadarural.com\/blog\/recuperacion-pigargos-en-espana\/#primaryimage"},"thumbnailUrl":"https:\/\/www.escapadarural.com\/blog\/wp-content\/uploads\/2013\/05\/aguila.jpg","keywords":["art\u00edculo","Aves","ornitolog\u00eda","pigargos"],"articleSection":["Ciencia"],"inLanguage":"es","potentialAction":[{"@type":"CommentAction","name":"Comment","target":["https:\/\/www.escapadarural.com\/blog\/recuperacion-pigargos-en-espana\/#respond"]}]},{"@type":"WebPage","@id":"https:\/\/www.escapadarural.com\/blog\/recuperacion-pigargos-en-espana\/","url":"https:\/\/www.escapadarural.com\/blog\/recuperacion-pigargos-en-espana\/","name":"Liberar pigargos en Espa\u00f1a no suena tan bien como parece - EscapadaRural","isPartOf":{"@id":"https:\/\/www.escapadarural.com\/blog\/#website"},"primaryImageOfPage":{"@id":"https:\/\/www.escapadarural.com\/blog\/recuperacion-pigargos-en-espana\/#primaryimage"},"image":{"@id":"https:\/\/www.escapadarural.com\/blog\/recuperacion-pigargos-en-espana\/#primaryimage"},"thumbnailUrl":"https:\/\/www.escapadarural.com\/blog\/wp-content\/uploads\/2013\/05\/aguila.jpg","datePublished":"2023-04-21T07:54:40+00:00","dateModified":"2025-06-19T07:57:59+00:00","breadcrumb":{"@id":"https:\/\/www.escapadarural.com\/blog\/recuperacion-pigargos-en-espana\/#breadcrumb"},"inLanguage":"es","potentialAction":[{"@type":"ReadAction","target":["https:\/\/www.escapadarural.com\/blog\/recuperacion-pigargos-en-espana\/"]}]},{"@type":"ImageObject","inLanguage":"es","@id":"https:\/\/www.escapadarural.com\/blog\/recuperacion-pigargos-en-espana\/#primaryimage","url":"https:\/\/www.escapadarural.com\/blog\/wp-content\/uploads\/2013\/05\/aguila.jpg","contentUrl":"https:\/\/www.escapadarural.com\/blog\/wp-content\/uploads\/2013\/05\/aguila.jpg","width":1024,"height":684,"caption":"Un gran p\u00e1jaro con las alas extendidas surca el cielo sobre un fondo azul con nubes claras."},{"@type":"BreadcrumbList","@id":"https:\/\/www.escapadarural.com\/blog\/recuperacion-pigargos-en-espana\/#breadcrumb","itemListElement":[{"@type":"ListItem","position":1,"name":"Inicio","item":"https:\/\/www.escapadarural.com\/blog\/"},{"@type":"ListItem","position":2,"name":"Ciencia","item":"https:\/\/www.escapadarural.com\/blog\/categoria\/ciencia\/"},{"@type":"ListItem","position":3,"name":"Liberar pigargos en Espa\u00f1a no suena tan bien como parece"}]},{"@type":"WebSite","@id":"https:\/\/www.escapadarural.com\/blog\/#website","url":"https:\/\/www.escapadarural.com\/blog\/","name":"Blog de viajes | turismo rural, alojamientos e inspiraci\u00f3n","description":"Alojamientos rurales e inspiraci\u00f3n para tus escapadas","publisher":{"@id":"https:\/\/www.escapadarural.com\/blog\/#organization"},"alternateName":"Magazine de viajes de EscapadaRural","potentialAction":[{"@type":"SearchAction","target":{"@type":"EntryPoint","urlTemplate":"https:\/\/www.escapadarural.com\/blog\/?s={search_term_string}"},"query-input":{"@type":"PropertyValueSpecification","valueRequired":true,"valueName":"search_term_string"}}],"inLanguage":"es"},{"@type":"Organization","@id":"https:\/\/www.escapadarural.com\/blog\/#organization","name":"EscapadaRural","url":"https:\/\/www.escapadarural.com\/blog\/","logo":{"@type":"ImageObject","inLanguage":"es","@id":"https:\/\/www.escapadarural.com\/blog\/#\/schema\/logo\/image\/","url":"https:\/\/www.escapadarural.com\/blog\/wp-content\/uploads\/2024\/10\/cropped-cropped-escapada-rural-icon-mag-3.png","contentUrl":"https:\/\/www.escapadarural.com\/blog\/wp-content\/uploads\/2024\/10\/cropped-cropped-escapada-rural-icon-mag-3.png","width":512,"height":512,"caption":"EscapadaRural"},"image":{"@id":"https:\/\/www.escapadarural.com\/blog\/#\/schema\/logo\/image\/"},"sameAs":["https:\/\/www.facebook.com\/escapadarural","https:\/\/www.instagram.com\/escapadarural\/","https:\/\/www.youtube.com\/@escapadaruralcom"]},{"@type":"Person","@id":"https:\/\/www.escapadarural.com\/blog\/#\/schema\/person\/b19b2221b2fc03d3ab5ec82d81f7a678","name":"Sergio Parra","image":{"@type":"ImageObject","inLanguage":"es","@id":"https:\/\/www.escapadarural.com\/blog\/wp-content\/uploads\/2025\/02\/cropped-sergio_parra.webp","url":"https:\/\/www.escapadarural.com\/blog\/wp-content\/uploads\/2025\/02\/cropped-sergio_parra.webp","contentUrl":"https:\/\/www.escapadarural.com\/blog\/wp-content\/uploads\/2025\/02\/cropped-sergio_parra.webp","caption":"Sergio Parra"},"description":"Juntaletras, divulgador y alfanum\u00e9rico vocacional. Siempre a la caza de historias que iluminen el camino y de ense\u00f1anzas que permitan capturar lo que te salga al paso. Escribo en Yorokobu, Jot Down y Muy Interesante, y soy editor de Xataka Ciencia y Diario del Viajero. Cuando necesito recogimiento, escribo libros. Cuando me siento extrovertido, salgo en el canal de YouTube Optirrealismo o el podcast Xanad\u00fa: Hearst &amp; Kane. Cuando busco perspectiva, me marcho lejos en bicicleta.","sameAs":["https:\/\/about.me\/sergioparra","https:\/\/www.instagram.com\/melvinud\/"],"url":"https:\/\/www.escapadarural.com\/blog\/autor\/sergio\/"}]}},"_links":{"self":[{"href":"https:\/\/www.escapadarural.com\/blog\/wp-json\/wp\/v2\/posts\/58944","targetHints":{"allow":["GET"]}}],"collection":[{"href":"https:\/\/www.escapadarural.com\/blog\/wp-json\/wp\/v2\/posts"}],"about":[{"href":"https:\/\/www.escapadarural.com\/blog\/wp-json\/wp\/v2\/types\/post"}],"author":[{"embeddable":true,"href":"https:\/\/www.escapadarural.com\/blog\/wp-json\/wp\/v2\/users\/120"}],"replies":[{"embeddable":true,"href":"https:\/\/www.escapadarural.com\/blog\/wp-json\/wp\/v2\/comments?post=58944"}],"version-history":[{"count":0,"href":"https:\/\/www.escapadarural.com\/blog\/wp-json\/wp\/v2\/posts\/58944\/revisions"}],"wp:featuredmedia":[{"embeddable":true,"href":"https:\/\/www.escapadarural.com\/blog\/wp-json\/wp\/v2\/media\/111207"}],"wp:attachment":[{"href":"https:\/\/www.escapadarural.com\/blog\/wp-json\/wp\/v2\/media?parent=58944"}],"wp:term":[{"taxonomy":"category","embeddable":true,"href":"https:\/\/www.escapadarural.com\/blog\/wp-json\/wp\/v2\/categories?post=58944"},{"taxonomy":"post_tag","embeddable":true,"href":"https:\/\/www.escapadarural.com\/blog\/wp-json\/wp\/v2\/tags?post=58944"}],"curies":[{"name":"wp","href":"https:\/\/api.w.org\/{rel}","templated":true}]}}