{"id":59174,"date":"2023-04-30T08:00:00","date_gmt":"2023-04-30T07:00:00","guid":{"rendered":"https:\/\/www.escapadarural.com\/blog\/?p=59174"},"modified":"2025-03-11T18:39:54","modified_gmt":"2025-03-11T16:39:54","slug":"que-ver-en-colmenar-de-oreja","status":"publish","type":"post","link":"https:\/\/www.escapadarural.com\/blog\/que-ver-en-colmenar-de-oreja\/","title":{"rendered":"Qu\u00e9 ver y hacer en\u00a0Colmenar de Oreja en un fin de semana"},"content":{"rendered":"\n<figure class=\"wp-block-image size-large\"><img loading=\"lazy\" decoding=\"async\" width=\"1024\" height=\"684\" src=\"https:\/\/www.escapadarural.com\/blog\/wp-content\/uploads\/2025\/01\/21_Colmenar-de-Oreja-1024x684.jpg\" alt=\"Colmenar de Oreja\" class=\"wp-image-188210\" srcset=\"https:\/\/www.escapadarural.com\/blog\/wp-content\/uploads\/2025\/01\/21_Colmenar-de-Oreja-200x134.jpg 200w, https:\/\/www.escapadarural.com\/blog\/wp-content\/uploads\/2025\/01\/21_Colmenar-de-Oreja-300x200.jpg 300w, https:\/\/www.escapadarural.com\/blog\/wp-content\/uploads\/2025\/01\/21_Colmenar-de-Oreja-400x267.jpg 400w, https:\/\/www.escapadarural.com\/blog\/wp-content\/uploads\/2025\/01\/21_Colmenar-de-Oreja-600x401.jpg 600w, https:\/\/www.escapadarural.com\/blog\/wp-content\/uploads\/2025\/01\/21_Colmenar-de-Oreja-768x513.jpg 768w, https:\/\/www.escapadarural.com\/blog\/wp-content\/uploads\/2025\/01\/21_Colmenar-de-Oreja-800x534.jpg 800w, https:\/\/www.escapadarural.com\/blog\/wp-content\/uploads\/2025\/01\/21_Colmenar-de-Oreja-1024x684.jpg 1024w, https:\/\/www.escapadarural.com\/blog\/wp-content\/uploads\/2025\/01\/21_Colmenar-de-Oreja-1200x801.jpg 1200w, https:\/\/www.escapadarural.com\/blog\/wp-content\/uploads\/2025\/01\/21_Colmenar-de-Oreja-1536x1025.jpg 1536w\" sizes=\"auto, (max-width: 1024px) 100vw, 1024px\" \/><figcaption class=\"wp-element-caption\">Colmenar de Oreja<\/figcaption><\/figure>\n\n\n\n<p>Cuando se menciona Madrid en la mente suelen aparecer la Puerta del Sol, la Plaza Mayor, la Gran V\u00eda, la catedral de la Almudena o Mario Vaquerizo haciendo de camarero en un anuncio. Pero quiz\u00e1 no todo el mundo piense en los pueblos que forman parte de la Comunidad aunque suponen un respiro del claxon de los coches y solo est\u00e1n a una hora de camino. <\/p>\n\n\n\n<p>Algunos, como <a href=\"https:\/\/www.escapadarural.com\/casas-rurales\/chinchon\">Chinch\u00f3n<\/a> o <a href=\"https:\/\/www.escapadarural.com\/casas-rurales\/guadalix-de-la-sierra\">Guadalix de la Sierra<\/a> (el nombre real del pueblo de la pel\u00edcula <em>Bienvenido Mr. Marshall<\/em> de Luis Garc\u00eda Berlanga) son muy conocidos, pero hay otros lugares m\u00e1s que interesantes que tambi\u00e9n merecen atenci\u00f3n.<\/p>\n\n\n\n<p>Un ejemplo claro es el de <a href=\"https:\/\/www.escapadarural.com\/casas-rurales\/colmenar-de-oreja\">Colmenar de Oreja<\/a>, un municipio ubicado en l<strong>a comarca de Las Vegas<\/strong>, en el sureste de la Comunidad de Madrid, que tiene unos 8.000 habitantes. Es un sitio perfecto para una escapada de fin de semana, el tiempo suficiente para disfrutar de sus atractivos sin prisas pero sin pausas. Arquitectura, gastronom\u00eda y naturaleza son los tres puntos fuertes de su oferta.<\/p>\n\n\n<div style=\"background-color: #d9edf7; color: #31708f; border-left-color: #31708f; \" class=\"ub-styled-box ub-notification-box wp-block-ub-styled-box\" id=\"ub-styled-box-6cdf4b49-0ecf-4461-a345-f08c9364cd9c\">\n<p id=\"ub-styled-box-notification-content-\">\u00bfSab\u00edas qu\u00e9\u2026?<\/p>\n\n\n\n<p>Colmenar de Oreja fue el \u00fanico pueblo de la Comunidad de Madrid finalista en la\u00a0<strong>Capital del Turismo Rural<\/strong>\u00a0<strong>2023<\/strong>, siendo el cuarto destino m\u00e1s votado por los viajeros.\u00a0<a href=\"https:\/\/www.escapadarural.com\/blog\/campo-lameiro-capital-turismo-rural-23\/\" target=\"_blank\" rel=\"noreferrer noopener\">Puedes ver el ranking completo aqu\u00ed<\/a>.<\/p>\n\n\n<\/div>\n\n\n<h2 class=\"wp-block-heading\" id=\"h-viernes\"><strong>Viernes<\/strong><\/h2>\n\n\n\n<figure class=\"wp-block-image size-full\"><img loading=\"lazy\" decoding=\"async\" width=\"1024\" height=\"683\" src=\"https:\/\/www.escapadarural.com\/blog\/wp-content\/uploads\/2023\/04\/Colmenar-de-Oreja.webp\" alt=\"Colmenar de Oreja. Por JMDuran Photography\n\" class=\"wp-image-196103\" srcset=\"https:\/\/www.escapadarural.com\/blog\/wp-content\/uploads\/2023\/04\/Colmenar-de-Oreja-200x133.webp 200w, https:\/\/www.escapadarural.com\/blog\/wp-content\/uploads\/2023\/04\/Colmenar-de-Oreja-300x200.webp 300w, https:\/\/www.escapadarural.com\/blog\/wp-content\/uploads\/2023\/04\/Colmenar-de-Oreja-400x267.webp 400w, https:\/\/www.escapadarural.com\/blog\/wp-content\/uploads\/2023\/04\/Colmenar-de-Oreja-600x400.webp 600w, https:\/\/www.escapadarural.com\/blog\/wp-content\/uploads\/2023\/04\/Colmenar-de-Oreja-768x512.webp 768w, https:\/\/www.escapadarural.com\/blog\/wp-content\/uploads\/2023\/04\/Colmenar-de-Oreja-800x534.webp 800w, https:\/\/www.escapadarural.com\/blog\/wp-content\/uploads\/2023\/04\/Colmenar-de-Oreja.webp 1024w\" sizes=\"auto, (max-width: 1024px) 100vw, 1024px\" \/><figcaption class=\"wp-element-caption\">Colmenar de Oreja. Por JMDuran Photography\n<\/figcaption><\/figure>\n\n\n\n<p>Por supuesto, lo m\u00e1s apetecible al llegar a un lugar nuevo es darse una vuelta por su centro, que es donde suele concentrarse la vida de la localidad. En este caso, el punto neur\u00e1lgico es<strong> la Plaza Mayor<\/strong>, donde se puede apreciar los rasgos tradicionales de la arquitectura castellana porticada de los siglos XVIII y XIX.&nbsp;<\/p>\n\n\n\n<p>Pero adem\u00e1s este foro tiene una caracter\u00edstica muy singular: est\u00e1 construido sobre e<strong>l t\u00fanel que permite cruzar el r\u00edo Zacat\u00edn<\/strong> y que se hizo para conectar los barrios de El Arrabal y La Villa. No fue una obra sencilla y, de hecho, tardaron m\u00e1s de cien a\u00f1os en terminarla.&nbsp;<\/p>\n\n\n\n<figure class=\"wp-block-image size-full\"><img loading=\"lazy\" decoding=\"async\" width=\"1024\" height=\"683\" src=\"https:\/\/www.escapadarural.com\/blog\/wp-content\/uploads\/2023\/04\/colmenar-de-oreja-2.webp\" alt=\"Colmenar de Oreja. Por Pedro Cobo\" class=\"wp-image-196100\" srcset=\"https:\/\/www.escapadarural.com\/blog\/wp-content\/uploads\/2023\/04\/colmenar-de-oreja-2-200x133.webp 200w, https:\/\/www.escapadarural.com\/blog\/wp-content\/uploads\/2023\/04\/colmenar-de-oreja-2-300x200.webp 300w, https:\/\/www.escapadarural.com\/blog\/wp-content\/uploads\/2023\/04\/colmenar-de-oreja-2-400x267.webp 400w, https:\/\/www.escapadarural.com\/blog\/wp-content\/uploads\/2023\/04\/colmenar-de-oreja-2-600x400.webp 600w, https:\/\/www.escapadarural.com\/blog\/wp-content\/uploads\/2023\/04\/colmenar-de-oreja-2-768x512.webp 768w, https:\/\/www.escapadarural.com\/blog\/wp-content\/uploads\/2023\/04\/colmenar-de-oreja-2-800x534.webp 800w, https:\/\/www.escapadarural.com\/blog\/wp-content\/uploads\/2023\/04\/colmenar-de-oreja-2.webp 1024w\" sizes=\"auto, (max-width: 1024px) 100vw, 1024px\" \/><figcaption class=\"wp-element-caption\">Colmenar de Oreja. Por Pedro Cobo\n<\/figcaption><\/figure>\n\n\n\n<p>En este espacio est\u00e1n dos de los edificios representativos del municipio. Uno de ellos data del siglo XVIII y se conoce como <strong>Casa del P\u00f3sito<\/strong>, que en su momento fue el granero de la comunidad.&nbsp; Y el otro es la casa consistorial, que data de la misma \u00e9poca que el primer edificio.&nbsp;<\/p>\n\n\n\n<p>Lo ideal es caminar por las calles que rodean la plaza y terminar en alguna de las terrazas de los bares de la plaza, para disfrutar de su gastronom\u00eda y coger fuerzas para la siguiente jornada. Uno de los platos m\u00e1s representativos de Colmenar de Oreja son <strong>las patatas chulas<\/strong>, que se cocinan en aceite no hirviendo por lo que est\u00e1n entre cocidas y fritas y van ali\u00f1adas con perejil y ajo picados.&nbsp;<\/p>\n\n\n\n<h2 class=\"wp-block-heading\" id=\"h-sabado\"><strong>S\u00e1bado<\/strong><\/h2>\n\n\n\n<figure class=\"wp-block-image size-full\"><img loading=\"lazy\" decoding=\"async\" width=\"1024\" height=\"732\" src=\"https:\/\/www.escapadarural.com\/blog\/wp-content\/uploads\/2023\/04\/colmenar-de-oreja-ayuntamiento.webp\" alt=\"Ayuntamiento Colmenar de Oreja, Por WH_Pics\" class=\"wp-image-196102\" srcset=\"https:\/\/www.escapadarural.com\/blog\/wp-content\/uploads\/2023\/04\/colmenar-de-oreja-ayuntamiento-200x143.webp 200w, https:\/\/www.escapadarural.com\/blog\/wp-content\/uploads\/2023\/04\/colmenar-de-oreja-ayuntamiento-300x214.webp 300w, https:\/\/www.escapadarural.com\/blog\/wp-content\/uploads\/2023\/04\/colmenar-de-oreja-ayuntamiento-400x286.webp 400w, https:\/\/www.escapadarural.com\/blog\/wp-content\/uploads\/2023\/04\/colmenar-de-oreja-ayuntamiento-600x429.webp 600w, https:\/\/www.escapadarural.com\/blog\/wp-content\/uploads\/2023\/04\/colmenar-de-oreja-ayuntamiento-768x549.webp 768w, https:\/\/www.escapadarural.com\/blog\/wp-content\/uploads\/2023\/04\/colmenar-de-oreja-ayuntamiento-800x572.webp 800w, https:\/\/www.escapadarural.com\/blog\/wp-content\/uploads\/2023\/04\/colmenar-de-oreja-ayuntamiento.webp 1024w\" sizes=\"auto, (max-width: 1024px) 100vw, 1024px\" \/><figcaption class=\"wp-element-caption\">Ayuntamiento Colmenar de Oreja, Por WH_Pics\n<\/figcaption><\/figure>\n\n\n\n<p>Hay varias <strong>rutas <\/strong>que permiten conocer el pueblo y se pueden seguir todas. Una es la que se gu\u00eda por los edificios religiosos del municipio. La iglesia m\u00e1s importante es la de Santa Mar\u00eda la Mayor, construida en el siglo XIII por la Orden de Santiago, aunque fue remodelada en profundidad en el siglo XVI. En 2020 fue declarada Bien de Inter\u00e9s Cultural.&nbsp;<\/p>\n\n\n\n<p>Otros monumentos relacionados con la religi\u00f3n son el convento de la Encarnaci\u00f3n del Divino Verbo y la ermita del Cristo del Humilladero, alzada entre los siglos XVI y XVII. Est\u00e1 situada a las afueras (no demasiado lejos tampoco, se llega caminando en menos de 20 minutos desde el centro) y el paseo permite ver la localidad desde otra perspectiva. Asimismo, tambi\u00e9n se pueden visitar las ermitas consagradas a San Roque, San Juan y San Isidro.<\/p>\n\n\n\n<p>Otro posible camino es el que lleva a las fuentes, que tambi\u00e9n son abundantes. Una de las m\u00e1s importantes es<strong> <\/strong>la fuente de Zacat\u00edn o del Barranco, que se encuentra en el jard\u00edn de Zacat\u00edn, otro lugar de inter\u00e9s. Desde \u00e9l se puede ver <strong>el Arco de Zacat\u00edn y el t\u00fanel <\/strong>y en su tiempo fue el lavadero del lugar. Adem\u00e1s, caminando por el Paseo del Cristo se puede ver la fuente del Pilarejo. Y hay m\u00e1s: la fuente de los Cosecheros, la fuente de las Pajaritas o la fuente de la Poza del Moral.<\/p>\n\n\n\n<figure class=\"wp-block-image size-full\"><img loading=\"lazy\" decoding=\"async\" width=\"1024\" height=\"684\" src=\"https:\/\/www.escapadarural.com\/blog\/wp-content\/uploads\/2023\/04\/colmenar-de-oreja-arcaded-square-illuminated-at-night-madrid-spain-stockpack-adobe-stock.webp\" alt=\"Colmenar de Oreja de noche. Por JMDuran Photography\" class=\"wp-image-196101\" srcset=\"https:\/\/www.escapadarural.com\/blog\/wp-content\/uploads\/2023\/04\/colmenar-de-oreja-arcaded-square-illuminated-at-night-madrid-spain-stockpack-adobe-stock-200x134.webp 200w, https:\/\/www.escapadarural.com\/blog\/wp-content\/uploads\/2023\/04\/colmenar-de-oreja-arcaded-square-illuminated-at-night-madrid-spain-stockpack-adobe-stock-300x200.webp 300w, https:\/\/www.escapadarural.com\/blog\/wp-content\/uploads\/2023\/04\/colmenar-de-oreja-arcaded-square-illuminated-at-night-madrid-spain-stockpack-adobe-stock-400x267.webp 400w, https:\/\/www.escapadarural.com\/blog\/wp-content\/uploads\/2023\/04\/colmenar-de-oreja-arcaded-square-illuminated-at-night-madrid-spain-stockpack-adobe-stock-600x401.webp 600w, https:\/\/www.escapadarural.com\/blog\/wp-content\/uploads\/2023\/04\/colmenar-de-oreja-arcaded-square-illuminated-at-night-madrid-spain-stockpack-adobe-stock-768x513.webp 768w, https:\/\/www.escapadarural.com\/blog\/wp-content\/uploads\/2023\/04\/colmenar-de-oreja-arcaded-square-illuminated-at-night-madrid-spain-stockpack-adobe-stock-800x534.webp 800w, https:\/\/www.escapadarural.com\/blog\/wp-content\/uploads\/2023\/04\/colmenar-de-oreja-arcaded-square-illuminated-at-night-madrid-spain-stockpack-adobe-stock.webp 1024w\" sizes=\"auto, (max-width: 1024px) 100vw, 1024px\" \/><figcaption class=\"wp-element-caption\">Colmenar de Oreja de noche. Por JMDuran Photography\n<\/figcaption><\/figure>\n\n\n\n<p>El centro cultural por excelencia es el <strong>Museo Ulpiano Checa<\/strong>, dedicado a la figura del pintor colmenare\u00f1o y ubicado en su casa natal. En \u00e9l se puede conocer su obra \u2013que tambi\u00e9n se puede apreciar en los frescos de la iglesia de Santa Mar\u00eda la Mayor, que son obra suya\u2013 y tambi\u00e9n su vida. Naci\u00f3 en el siglo XIX y estudi\u00f3 en la Academia de Roma y vivi\u00f3 en Par\u00eds, adem\u00e1s de viajar por todo el mundo. El centro se inaugur\u00f3 en 1960 y su cat\u00e1logo fue creciendo poco a poco gracias a donaciones de sus descendientes. Actualmente acoge m\u00e1s de cien trabajos del artista.<\/p>\n\n\n\n<p>Hay otro centro de exposici\u00f3n en el pueblo: <strong>el Museo de la Piedra<\/strong>. Se trata de un proyecto personal de un vecino de Colmenar llamado Narciso Figueroa Sanz. El objetivo es, seg\u00fan la <a href=\"http:\/\/turismo.aytocdo.com\/audioguia-museo-de-piedra\/\" target=\"_blank\" rel=\"noreferrer noopener nofollow\">web<\/a> de turismo del municipio: \u201cmostrar el trabajo de<strong> la piedra caliza de Colmenar<\/strong>, una piedra blanca de una extraordinaria calidad y belleza\u201d.&nbsp;<\/p>\n\n\n\n<p>Dicho material se utiliz\u00f3 en la construcci\u00f3n de los Palacios Reales de Madrid y Aranjuez y otros edificios emblem\u00e1ticos de la comunidad como el Banco de Espa\u00f1a, la Puerta de Alcal\u00e1 o el Museo del Prado. Adem\u00e1s, aquellos que est\u00e9n muy interesados en este tema tambi\u00e9n pueden <strong>visitar las canteras<\/strong> de las que ha salido esta materia.<\/p>\n\n\n\n<p>Quienes quieran practicar un poco de enoturismo tambi\u00e9n existe la posibilidad de visitar alguna de las numerosas <strong>bodegas<\/strong> de Colmenar de la Oreja. El pueblo tiene una larga trayectoria de producci\u00f3n vin\u00edcola y sus caldos cuentan con la D. O.\u00a0Vinos de Madrid.\u00a0<\/p>\n\n\n\n<figure class=\"wp-block-image size-full\"><img loading=\"lazy\" decoding=\"async\" width=\"1024\" height=\"684\" src=\"https:\/\/www.escapadarural.com\/blog\/wp-content\/uploads\/2023\/04\/cristo-del-humilladero.webp\" alt=\"Cristo del Humilladero en Colmenar de Oreja, Madrid. Por JMDuran Photography\" class=\"wp-image-196104\" srcset=\"https:\/\/www.escapadarural.com\/blog\/wp-content\/uploads\/2023\/04\/cristo-del-humilladero-200x134.webp 200w, https:\/\/www.escapadarural.com\/blog\/wp-content\/uploads\/2023\/04\/cristo-del-humilladero-300x200.webp 300w, https:\/\/www.escapadarural.com\/blog\/wp-content\/uploads\/2023\/04\/cristo-del-humilladero-400x267.webp 400w, https:\/\/www.escapadarural.com\/blog\/wp-content\/uploads\/2023\/04\/cristo-del-humilladero-600x401.webp 600w, https:\/\/www.escapadarural.com\/blog\/wp-content\/uploads\/2023\/04\/cristo-del-humilladero-768x513.webp 768w, https:\/\/www.escapadarural.com\/blog\/wp-content\/uploads\/2023\/04\/cristo-del-humilladero-800x534.webp 800w, https:\/\/www.escapadarural.com\/blog\/wp-content\/uploads\/2023\/04\/cristo-del-humilladero.webp 1024w\" sizes=\"auto, (max-width: 1024px) 100vw, 1024px\" \/><figcaption class=\"wp-element-caption\">Cristo del Humilladero en Colmenar de Oreja, Madrid. Por JMDuran Photography\n<\/figcaption><\/figure>\n\n\n\n<p>Para llenar el est\u00f3mago y compensar la ingesta de alcohol se pueden probar algunas de <strong>las recetas t\u00edpicas del pueblo<\/strong>, que van m\u00e1s all\u00e1 de las patatas chulas. <\/p>\n\n\n\n<p>Por ejemplo, <strong>Las pozas<\/strong>, que son trozos de pan de candeal o de oreja rellenos con un pisto preparado con tomate, cebolla y piment\u00f3n, principalmente. En las cartas de los restaurantes tambi\u00e9n suele estar presente un guiso conocido como <strong>carne al desarreglo<\/strong>, que se elabora con carne de ternera cocinada muy lentamente, tomate picado y un chorrito de vino de la zona. Asimismo, tambi\u00e9n hay dulces t\u00edpicos como las <strong>pelotas de fraile<\/strong> y licores para facilitar la digesti\u00f3n como <strong>el limoncillo<\/strong>.<\/p>\n\n\n\n<h2 class=\"wp-block-heading\" id=\"h-domingo\"><strong>Domingo<\/strong><\/h2>\n\n\n\n<p>Antes de abandonar el lugar, es recomendable disfrutar de su naturaleza caminando por los alrededores del pueblo. Una de las rutas de senderismo m\u00e1s interesantes es l<strong>a Ruta del Tren<\/strong> que lleva hasta Chinch\u00f3n, a trav\u00e9s de unos 13 kil\u00f3metros y dificultad f\u00e1cil. <\/p>\n\n\n\n<p>Asimismo tambi\u00e9n se puede hacer <strong>la senda de la Vereda del Cristo<\/strong>, de 7,2 kil\u00f3metros y dificultad media. Otra posibilidad es la de recorrer la ruta del P\u00e1ramo de la Vega, aunque esta es para senderistas experimentados y con aguante f\u00edsico ya que su longitud es de 19,5 kil\u00f3metros.<\/p>\n\n\n\n<p>Una \u00faltima recomendaci\u00f3n antes de emprender la vuelta a casa: una visita a alguna de las tiendas de productos t\u00edpicos de la localidad para adquirir alguna botella de sus vinos t\u00edpicos o de limoncillo (o ambos) y un <strong>queso <\/strong>propio del lugar, que tambi\u00e9n son famosos por su excelencia. Qu\u00e9 mejor souvenir que el que agrada al paladar.<\/p>\n\n\n\n<div class=\"wp-block-buttons is-layout-flex wp-block-buttons-is-layout-flex\">\n<div class=\"wp-block-button\"><a class=\"wp-block-button__link wp-element-button\" href=\"https:\/\/www.escapadarural.com\/casas-rurales\/colmenar-de-oreja\">Casas rurales en Colmenar de Oreja<\/a><\/div>\n<\/div>\n","protected":false},"excerpt":{"rendered":"<p>Es un sitio perfecto para una escapada de fin de semana, el tiempo suficiente para disfrutar de sus atractivos sin prisas pero sin pausas. Arquitectura, gastronom\u00eda y naturaleza son los tres puntos fuertes de su oferta.<\/p>\n","protected":false},"author":114,"featured_media":188210,"comment_status":"open","ping_status":"open","sticky":false,"template":"","format":"standard","meta":{"_acf_changed":false,"om_disable_all_campaigns":false,"footnotes":""},"categories":[191,333],"tags":[459,3841,5075,2657,407,5076,212],"class_list":["post-59174","post","type-post","status-publish","format-standard","has-post-thumbnail","hentry","category-destinos","category-guias","tag-chinchon","tag-colmenar-de-la-oreja","tag-comarca-de-las-vegas","tag-guadalix-de-la-sierra","tag-que-ver-en-madrid","tag-patatas-chulas","tag-pueblos"],"acf":[],"featured_image_src":"https:\/\/www.escapadarural.com\/blog\/wp-content\/uploads\/2025\/01\/21_Colmenar-de-Oreja-scaled.jpg","author_info":{"display_name":"Carmen L\u00f3pez","author_link":"https:\/\/www.escapadarural.com\/blog\/autor\/carmenlopez\/"},"yoast_head":"<!-- This site is optimized with the Yoast SEO plugin v27.5 - https:\/\/yoast.com\/product\/yoast-seo-wordpress\/ -->\n<title>Qu\u00e9 ver y hacer en\u00a0Colmenar de Oreja en un fin de semana - EscapadaRural<\/title>\n<meta name=\"robots\" content=\"index, follow, max-snippet:-1, max-image-preview:large, max-video-preview:-1\" \/>\n<link rel=\"canonical\" href=\"https:\/\/www.escapadarural.com\/blog\/que-ver-en-colmenar-de-oreja\/\" \/>\n<meta property=\"og:locale\" content=\"es_ES\" \/>\n<meta property=\"og:type\" content=\"article\" \/>\n<meta property=\"og:title\" content=\"Qu\u00e9 ver y hacer en\u00a0Colmenar de Oreja en un fin de semana - EscapadaRural\" \/>\n<meta property=\"og:description\" content=\"Es un sitio perfecto para una escapada de fin de semana, el tiempo suficiente para disfrutar de sus atractivos sin prisas pero sin pausas. Arquitectura, gastronom\u00eda y naturaleza son los tres puntos fuertes de su oferta.\" \/>\n<meta property=\"og:url\" content=\"https:\/\/www.escapadarural.com\/blog\/que-ver-en-colmenar-de-oreja\/\" \/>\n<meta property=\"og:site_name\" content=\"Magazine de viajes de EscapadaRural\" \/>\n<meta property=\"article:publisher\" content=\"https:\/\/www.facebook.com\/escapadarural\" \/>\n<meta property=\"article:published_time\" content=\"2023-04-30T07:00:00+00:00\" \/>\n<meta property=\"article:modified_time\" content=\"2025-03-11T16:39:54+00:00\" \/>\n<meta property=\"og:image\" content=\"https:\/\/www.escapadarural.com\/blog\/wp-content\/uploads\/2025\/01\/21_Colmenar-de-Oreja-scaled.jpg\" \/>\n\t<meta property=\"og:image:width\" content=\"2048\" \/>\n\t<meta property=\"og:image:height\" content=\"1367\" \/>\n\t<meta property=\"og:image:type\" content=\"image\/jpeg\" \/>\n<meta name=\"author\" content=\"Carmen L\u00f3pez\" \/>\n<meta name=\"twitter:card\" content=\"summary_large_image\" \/>\n<meta name=\"twitter:label1\" content=\"Escrito por\" \/>\n\t<meta name=\"twitter:data1\" content=\"Carmen L\u00f3pez\" \/>\n\t<meta name=\"twitter:label2\" content=\"Tiempo de lectura\" \/>\n\t<meta name=\"twitter:data2\" content=\"7 minutos\" \/>\n<script type=\"application\/ld+json\" class=\"yoast-schema-graph\">{\"@context\":\"https:\\\/\\\/schema.org\",\"@graph\":[{\"@type\":\"Article\",\"@id\":\"https:\\\/\\\/www.escapadarural.com\\\/blog\\\/que-ver-en-colmenar-de-oreja\\\/#article\",\"isPartOf\":{\"@id\":\"https:\\\/\\\/www.escapadarural.com\\\/blog\\\/que-ver-en-colmenar-de-oreja\\\/\"},\"author\":{\"name\":\"Carmen L\u00f3pez\",\"@id\":\"https:\\\/\\\/www.escapadarural.com\\\/blog\\\/#\\\/schema\\\/person\\\/42dfdff6118172efc6a04c8ae599a2ce\"},\"headline\":\"Qu\u00e9 ver y hacer en\u00a0Colmenar de Oreja en un fin de semana\",\"datePublished\":\"2023-04-30T07:00:00+00:00\",\"dateModified\":\"2025-03-11T16:39:54+00:00\",\"mainEntityOfPage\":{\"@id\":\"https:\\\/\\\/www.escapadarural.com\\\/blog\\\/que-ver-en-colmenar-de-oreja\\\/\"},\"wordCount\":1340,\"commentCount\":0,\"publisher\":{\"@id\":\"https:\\\/\\\/www.escapadarural.com\\\/blog\\\/#organization\"},\"image\":{\"@id\":\"https:\\\/\\\/www.escapadarural.com\\\/blog\\\/que-ver-en-colmenar-de-oreja\\\/#primaryimage\"},\"thumbnailUrl\":\"https:\\\/\\\/www.escapadarural.com\\\/blog\\\/wp-content\\\/uploads\\\/2025\\\/01\\\/21_Colmenar-de-Oreja-scaled.jpg\",\"keywords\":[\"Chinch\u00f3n\",\"colmenar de la oreja\",\"comarca de las vegas\",\"Guadalix de la Sierra\",\"Madrid\",\"patatas chulas\",\"pueblos\"],\"articleSection\":[\"Destinos\",\"Gu\u00edas\"],\"inLanguage\":\"es\",\"potentialAction\":[{\"@type\":\"CommentAction\",\"name\":\"Comment\",\"target\":[\"https:\\\/\\\/www.escapadarural.com\\\/blog\\\/que-ver-en-colmenar-de-oreja\\\/#respond\"]}]},{\"@type\":\"WebPage\",\"@id\":\"https:\\\/\\\/www.escapadarural.com\\\/blog\\\/que-ver-en-colmenar-de-oreja\\\/\",\"url\":\"https:\\\/\\\/www.escapadarural.com\\\/blog\\\/que-ver-en-colmenar-de-oreja\\\/\",\"name\":\"Qu\u00e9 ver y hacer en\u00a0Colmenar de Oreja en un fin de semana - EscapadaRural\",\"isPartOf\":{\"@id\":\"https:\\\/\\\/www.escapadarural.com\\\/blog\\\/#website\"},\"primaryImageOfPage\":{\"@id\":\"https:\\\/\\\/www.escapadarural.com\\\/blog\\\/que-ver-en-colmenar-de-oreja\\\/#primaryimage\"},\"image\":{\"@id\":\"https:\\\/\\\/www.escapadarural.com\\\/blog\\\/que-ver-en-colmenar-de-oreja\\\/#primaryimage\"},\"thumbnailUrl\":\"https:\\\/\\\/www.escapadarural.com\\\/blog\\\/wp-content\\\/uploads\\\/2025\\\/01\\\/21_Colmenar-de-Oreja-scaled.jpg\",\"datePublished\":\"2023-04-30T07:00:00+00:00\",\"dateModified\":\"2025-03-11T16:39:54+00:00\",\"breadcrumb\":{\"@id\":\"https:\\\/\\\/www.escapadarural.com\\\/blog\\\/que-ver-en-colmenar-de-oreja\\\/#breadcrumb\"},\"inLanguage\":\"es\",\"potentialAction\":[{\"@type\":\"ReadAction\",\"target\":[\"https:\\\/\\\/www.escapadarural.com\\\/blog\\\/que-ver-en-colmenar-de-oreja\\\/\"]}]},{\"@type\":\"ImageObject\",\"inLanguage\":\"es\",\"@id\":\"https:\\\/\\\/www.escapadarural.com\\\/blog\\\/que-ver-en-colmenar-de-oreja\\\/#primaryimage\",\"url\":\"https:\\\/\\\/www.escapadarural.com\\\/blog\\\/wp-content\\\/uploads\\\/2025\\\/01\\\/21_Colmenar-de-Oreja-scaled.jpg\",\"contentUrl\":\"https:\\\/\\\/www.escapadarural.com\\\/blog\\\/wp-content\\\/uploads\\\/2025\\\/01\\\/21_Colmenar-de-Oreja-scaled.jpg\",\"width\":2048,\"height\":1367,\"caption\":\"Colmenar de Oreja\"},{\"@type\":\"BreadcrumbList\",\"@id\":\"https:\\\/\\\/www.escapadarural.com\\\/blog\\\/que-ver-en-colmenar-de-oreja\\\/#breadcrumb\",\"itemListElement\":[{\"@type\":\"ListItem\",\"position\":1,\"name\":\"Inicio\",\"item\":\"https:\\\/\\\/www.escapadarural.com\\\/blog\\\/\"},{\"@type\":\"ListItem\",\"position\":2,\"name\":\"Destinos\",\"item\":\"https:\\\/\\\/www.escapadarural.com\\\/blog\\\/categoria\\\/destinos\\\/\"},{\"@type\":\"ListItem\",\"position\":3,\"name\":\"Qu\u00e9 ver y hacer en\u00a0Colmenar de Oreja en un fin de semana\"}]},{\"@type\":\"WebSite\",\"@id\":\"https:\\\/\\\/www.escapadarural.com\\\/blog\\\/#website\",\"url\":\"https:\\\/\\\/www.escapadarural.com\\\/blog\\\/\",\"name\":\"Blog de viajes | turismo rural, alojamientos e inspiraci\u00f3n\",\"description\":\"Alojamientos rurales e inspiraci\u00f3n para tus escapadas\",\"publisher\":{\"@id\":\"https:\\\/\\\/www.escapadarural.com\\\/blog\\\/#organization\"},\"alternateName\":\"Magazine de viajes de EscapadaRural\",\"potentialAction\":[{\"@type\":\"SearchAction\",\"target\":{\"@type\":\"EntryPoint\",\"urlTemplate\":\"https:\\\/\\\/www.escapadarural.com\\\/blog\\\/?s={search_term_string}\"},\"query-input\":{\"@type\":\"PropertyValueSpecification\",\"valueRequired\":true,\"valueName\":\"search_term_string\"}}],\"inLanguage\":\"es\"},{\"@type\":\"Organization\",\"@id\":\"https:\\\/\\\/www.escapadarural.com\\\/blog\\\/#organization\",\"name\":\"EscapadaRural\",\"url\":\"https:\\\/\\\/www.escapadarural.com\\\/blog\\\/\",\"logo\":{\"@type\":\"ImageObject\",\"inLanguage\":\"es\",\"@id\":\"https:\\\/\\\/www.escapadarural.com\\\/blog\\\/#\\\/schema\\\/logo\\\/image\\\/\",\"url\":\"https:\\\/\\\/www.escapadarural.com\\\/blog\\\/wp-content\\\/uploads\\\/2024\\\/10\\\/cropped-cropped-escapada-rural-icon-mag-3.png\",\"contentUrl\":\"https:\\\/\\\/www.escapadarural.com\\\/blog\\\/wp-content\\\/uploads\\\/2024\\\/10\\\/cropped-cropped-escapada-rural-icon-mag-3.png\",\"width\":512,\"height\":512,\"caption\":\"EscapadaRural\"},\"image\":{\"@id\":\"https:\\\/\\\/www.escapadarural.com\\\/blog\\\/#\\\/schema\\\/logo\\\/image\\\/\"},\"sameAs\":[\"https:\\\/\\\/www.facebook.com\\\/escapadarural\",\"https:\\\/\\\/www.instagram.com\\\/escapadarural\\\/\",\"https:\\\/\\\/www.youtube.com\\\/@escapadaruralcom\"]},{\"@type\":\"Person\",\"@id\":\"https:\\\/\\\/www.escapadarural.com\\\/blog\\\/#\\\/schema\\\/person\\\/42dfdff6118172efc6a04c8ae599a2ce\",\"name\":\"Carmen L\u00f3pez\",\"image\":{\"@type\":\"ImageObject\",\"inLanguage\":\"es\",\"@id\":\"https:\\\/\\\/www.escapadarural.com\\\/blog\\\/wp-content\\\/uploads\\\/2024\\\/11\\\/cropped-perfil_eldiario-96x96-1-96x96.jpeg\",\"url\":\"https:\\\/\\\/www.escapadarural.com\\\/blog\\\/wp-content\\\/uploads\\\/2024\\\/11\\\/cropped-perfil_eldiario-96x96-1-96x96.jpeg\",\"contentUrl\":\"https:\\\/\\\/www.escapadarural.com\\\/blog\\\/wp-content\\\/uploads\\\/2024\\\/11\\\/cropped-perfil_eldiario-96x96-1-96x96.jpeg\",\"caption\":\"Carmen L\u00f3pez\"},\"description\":\"Soy periodista y escribo sobre cosas que importan en sitios que interesan desde hace m\u00e1s de una d\u00e9cada.\",\"url\":\"https:\\\/\\\/www.escapadarural.com\\\/blog\\\/autor\\\/carmenlopez\\\/\"}]}<\/script>\n<!-- \/ Yoast SEO plugin. -->","yoast_head_json":{"title":"Qu\u00e9 ver y hacer en\u00a0Colmenar de Oreja en un fin de semana - EscapadaRural","robots":{"index":"index","follow":"follow","max-snippet":"max-snippet:-1","max-image-preview":"max-image-preview:large","max-video-preview":"max-video-preview:-1"},"canonical":"https:\/\/www.escapadarural.com\/blog\/que-ver-en-colmenar-de-oreja\/","og_locale":"es_ES","og_type":"article","og_title":"Qu\u00e9 ver y hacer en\u00a0Colmenar de Oreja en un fin de semana - EscapadaRural","og_description":"Es un sitio perfecto para una escapada de fin de semana, el tiempo suficiente para disfrutar de sus atractivos sin prisas pero sin pausas. Arquitectura, gastronom\u00eda y naturaleza son los tres puntos fuertes de su oferta.","og_url":"https:\/\/www.escapadarural.com\/blog\/que-ver-en-colmenar-de-oreja\/","og_site_name":"Magazine de viajes de EscapadaRural","article_publisher":"https:\/\/www.facebook.com\/escapadarural","article_published_time":"2023-04-30T07:00:00+00:00","article_modified_time":"2025-03-11T16:39:54+00:00","og_image":[{"width":2048,"height":1367,"url":"https:\/\/www.escapadarural.com\/blog\/wp-content\/uploads\/2025\/01\/21_Colmenar-de-Oreja-scaled.jpg","type":"image\/jpeg"}],"author":"Carmen L\u00f3pez","twitter_card":"summary_large_image","twitter_misc":{"Escrito por":"Carmen L\u00f3pez","Tiempo de lectura":"7 minutos"},"schema":{"@context":"https:\/\/schema.org","@graph":[{"@type":"Article","@id":"https:\/\/www.escapadarural.com\/blog\/que-ver-en-colmenar-de-oreja\/#article","isPartOf":{"@id":"https:\/\/www.escapadarural.com\/blog\/que-ver-en-colmenar-de-oreja\/"},"author":{"name":"Carmen L\u00f3pez","@id":"https:\/\/www.escapadarural.com\/blog\/#\/schema\/person\/42dfdff6118172efc6a04c8ae599a2ce"},"headline":"Qu\u00e9 ver y hacer en\u00a0Colmenar de Oreja en un fin de semana","datePublished":"2023-04-30T07:00:00+00:00","dateModified":"2025-03-11T16:39:54+00:00","mainEntityOfPage":{"@id":"https:\/\/www.escapadarural.com\/blog\/que-ver-en-colmenar-de-oreja\/"},"wordCount":1340,"commentCount":0,"publisher":{"@id":"https:\/\/www.escapadarural.com\/blog\/#organization"},"image":{"@id":"https:\/\/www.escapadarural.com\/blog\/que-ver-en-colmenar-de-oreja\/#primaryimage"},"thumbnailUrl":"https:\/\/www.escapadarural.com\/blog\/wp-content\/uploads\/2025\/01\/21_Colmenar-de-Oreja-scaled.jpg","keywords":["Chinch\u00f3n","colmenar de la oreja","comarca de las vegas","Guadalix de la Sierra","Madrid","patatas chulas","pueblos"],"articleSection":["Destinos","Gu\u00edas"],"inLanguage":"es","potentialAction":[{"@type":"CommentAction","name":"Comment","target":["https:\/\/www.escapadarural.com\/blog\/que-ver-en-colmenar-de-oreja\/#respond"]}]},{"@type":"WebPage","@id":"https:\/\/www.escapadarural.com\/blog\/que-ver-en-colmenar-de-oreja\/","url":"https:\/\/www.escapadarural.com\/blog\/que-ver-en-colmenar-de-oreja\/","name":"Qu\u00e9 ver y hacer en\u00a0Colmenar de Oreja en un fin de semana - EscapadaRural","isPartOf":{"@id":"https:\/\/www.escapadarural.com\/blog\/#website"},"primaryImageOfPage":{"@id":"https:\/\/www.escapadarural.com\/blog\/que-ver-en-colmenar-de-oreja\/#primaryimage"},"image":{"@id":"https:\/\/www.escapadarural.com\/blog\/que-ver-en-colmenar-de-oreja\/#primaryimage"},"thumbnailUrl":"https:\/\/www.escapadarural.com\/blog\/wp-content\/uploads\/2025\/01\/21_Colmenar-de-Oreja-scaled.jpg","datePublished":"2023-04-30T07:00:00+00:00","dateModified":"2025-03-11T16:39:54+00:00","breadcrumb":{"@id":"https:\/\/www.escapadarural.com\/blog\/que-ver-en-colmenar-de-oreja\/#breadcrumb"},"inLanguage":"es","potentialAction":[{"@type":"ReadAction","target":["https:\/\/www.escapadarural.com\/blog\/que-ver-en-colmenar-de-oreja\/"]}]},{"@type":"ImageObject","inLanguage":"es","@id":"https:\/\/www.escapadarural.com\/blog\/que-ver-en-colmenar-de-oreja\/#primaryimage","url":"https:\/\/www.escapadarural.com\/blog\/wp-content\/uploads\/2025\/01\/21_Colmenar-de-Oreja-scaled.jpg","contentUrl":"https:\/\/www.escapadarural.com\/blog\/wp-content\/uploads\/2025\/01\/21_Colmenar-de-Oreja-scaled.jpg","width":2048,"height":1367,"caption":"Colmenar de Oreja"},{"@type":"BreadcrumbList","@id":"https:\/\/www.escapadarural.com\/blog\/que-ver-en-colmenar-de-oreja\/#breadcrumb","itemListElement":[{"@type":"ListItem","position":1,"name":"Inicio","item":"https:\/\/www.escapadarural.com\/blog\/"},{"@type":"ListItem","position":2,"name":"Destinos","item":"https:\/\/www.escapadarural.com\/blog\/categoria\/destinos\/"},{"@type":"ListItem","position":3,"name":"Qu\u00e9 ver y hacer en\u00a0Colmenar de Oreja en un fin de semana"}]},{"@type":"WebSite","@id":"https:\/\/www.escapadarural.com\/blog\/#website","url":"https:\/\/www.escapadarural.com\/blog\/","name":"Blog de viajes | turismo rural, alojamientos e inspiraci\u00f3n","description":"Alojamientos rurales e inspiraci\u00f3n para tus escapadas","publisher":{"@id":"https:\/\/www.escapadarural.com\/blog\/#organization"},"alternateName":"Magazine de viajes de EscapadaRural","potentialAction":[{"@type":"SearchAction","target":{"@type":"EntryPoint","urlTemplate":"https:\/\/www.escapadarural.com\/blog\/?s={search_term_string}"},"query-input":{"@type":"PropertyValueSpecification","valueRequired":true,"valueName":"search_term_string"}}],"inLanguage":"es"},{"@type":"Organization","@id":"https:\/\/www.escapadarural.com\/blog\/#organization","name":"EscapadaRural","url":"https:\/\/www.escapadarural.com\/blog\/","logo":{"@type":"ImageObject","inLanguage":"es","@id":"https:\/\/www.escapadarural.com\/blog\/#\/schema\/logo\/image\/","url":"https:\/\/www.escapadarural.com\/blog\/wp-content\/uploads\/2024\/10\/cropped-cropped-escapada-rural-icon-mag-3.png","contentUrl":"https:\/\/www.escapadarural.com\/blog\/wp-content\/uploads\/2024\/10\/cropped-cropped-escapada-rural-icon-mag-3.png","width":512,"height":512,"caption":"EscapadaRural"},"image":{"@id":"https:\/\/www.escapadarural.com\/blog\/#\/schema\/logo\/image\/"},"sameAs":["https:\/\/www.facebook.com\/escapadarural","https:\/\/www.instagram.com\/escapadarural\/","https:\/\/www.youtube.com\/@escapadaruralcom"]},{"@type":"Person","@id":"https:\/\/www.escapadarural.com\/blog\/#\/schema\/person\/42dfdff6118172efc6a04c8ae599a2ce","name":"Carmen L\u00f3pez","image":{"@type":"ImageObject","inLanguage":"es","@id":"https:\/\/www.escapadarural.com\/blog\/wp-content\/uploads\/2024\/11\/cropped-perfil_eldiario-96x96-1-96x96.jpeg","url":"https:\/\/www.escapadarural.com\/blog\/wp-content\/uploads\/2024\/11\/cropped-perfil_eldiario-96x96-1-96x96.jpeg","contentUrl":"https:\/\/www.escapadarural.com\/blog\/wp-content\/uploads\/2024\/11\/cropped-perfil_eldiario-96x96-1-96x96.jpeg","caption":"Carmen L\u00f3pez"},"description":"Soy periodista y escribo sobre cosas que importan en sitios que interesan desde hace m\u00e1s de una d\u00e9cada.","url":"https:\/\/www.escapadarural.com\/blog\/autor\/carmenlopez\/"}]}},"_links":{"self":[{"href":"https:\/\/www.escapadarural.com\/blog\/wp-json\/wp\/v2\/posts\/59174","targetHints":{"allow":["GET"]}}],"collection":[{"href":"https:\/\/www.escapadarural.com\/blog\/wp-json\/wp\/v2\/posts"}],"about":[{"href":"https:\/\/www.escapadarural.com\/blog\/wp-json\/wp\/v2\/types\/post"}],"author":[{"embeddable":true,"href":"https:\/\/www.escapadarural.com\/blog\/wp-json\/wp\/v2\/users\/114"}],"replies":[{"embeddable":true,"href":"https:\/\/www.escapadarural.com\/blog\/wp-json\/wp\/v2\/comments?post=59174"}],"version-history":[{"count":0,"href":"https:\/\/www.escapadarural.com\/blog\/wp-json\/wp\/v2\/posts\/59174\/revisions"}],"wp:featuredmedia":[{"embeddable":true,"href":"https:\/\/www.escapadarural.com\/blog\/wp-json\/wp\/v2\/media\/188210"}],"wp:attachment":[{"href":"https:\/\/www.escapadarural.com\/blog\/wp-json\/wp\/v2\/media?parent=59174"}],"wp:term":[{"taxonomy":"category","embeddable":true,"href":"https:\/\/www.escapadarural.com\/blog\/wp-json\/wp\/v2\/categories?post=59174"},{"taxonomy":"post_tag","embeddable":true,"href":"https:\/\/www.escapadarural.com\/blog\/wp-json\/wp\/v2\/tags?post=59174"}],"curies":[{"name":"wp","href":"https:\/\/api.w.org\/{rel}","templated":true}]}}