{"id":59193,"date":"2023-03-28T08:45:01","date_gmt":"2023-03-28T07:45:01","guid":{"rendered":"https:\/\/www.escapadarural.com\/blog\/?p=59193"},"modified":"2025-01-15T10:46:54","modified_gmt":"2025-01-15T08:46:54","slug":"coetur-2023-programa-disponible","status":"publish","type":"post","link":"https:\/\/www.escapadarural.com\/blog\/coetur-2023-programa-disponible\/","title":{"rendered":"IX Congreso Europeo de Turismo Rural (COETUR): programa y entradas ya disponibles"},"content":{"rendered":"\r\n<figure class=\"wp-block-image size-large\"><a href=\"https:\/\/www.turismocastillayleon.com\/\" target=\"_blank\" rel=\"noreferrer noopener\"><img decoding=\"async\" class=\"wp-image-59194\" src=\"https:\/\/www.escapadarural.com\/blog\/wp-content\/uploads\/2023\/03\/imagen-pantalla-1-1024x576-1.jpg\" alt=\"\" \/><\/a><\/figure>\r\n\r\n\r\n\r\n<p>COETUR, el <strong>Congreso Europeo de Turismo Rural<\/strong> organizado por <a href=\"https:\/\/www.escapadarural.com\" target=\"_blank\" rel=\"noreferrer noopener\">EscapadaRural<\/a> pone <a href=\"https:\/\/www.eventbrite.es\/e\/entradas-coetur-2023-ix-congreso-europeo-de-turismo-rural-510656586597\" target=\"_blank\" rel=\"noreferrer noopener\">hoy a la venta las entradas anticipadas<\/a> para asistir a su novena edici\u00f3n.\u00a0<\/p>\r\n\r\n\r\n\r\n<p>La cita, que tendr\u00e1 lugar el <strong>10 y 11 de mayo en La Alberca (Salamanca)<\/strong> y cuenta con el\u00a0 apoyo institucional de la <a href=\"https:\/\/www.turismocastillayleon.com\/\" target=\"_blank\" rel=\"noreferrer noopener\">Consejer\u00eda de Cultura, Turismo y Deporte de la\u00a0 Junta de Castilla y Le\u00f3n<\/a>, espera recibir <strong>cerca de 150 asistentes presenciales<\/strong>. Adem\u00e1s, el congreso se va a retransmitir en <strong>streaming <\/strong>pudiendo as\u00ed alcanzar a un p\u00fablico m\u00e1s amplio.\u00a0<\/p>\r\n\r\n\r\n\r\n<p>Con ocho ediciones a sus espaldas, COETUR se ha consolidado como el punto de encuentro y de referencia para los profesionales del sector del turismo rural. Esta edici\u00f3n espera contar con m\u00e1s de 300 asistentes en formato presencial y online que podr\u00e1n compartir experiencias y estrechar lazos con otros empresarios tur\u00edsticos,\u00a0 inspirarse y estar al d\u00eda de las tendencias del sector gracias al programa de ponencias, mesas redondas, debates y talleres.<\/p>\r\n\r\n\r\n\r\n<div class=\"wp-block-buttons is-layout-flex wp-block-buttons-is-layout-flex\">\r\n<div class=\"wp-block-button\"><a class=\"wp-block-button__link wp-element-button\" href=\"https:\/\/www.eventbrite.es\/e\/entradas-coetur-2023-ix-congreso-europeo-de-turismo-rural-510656586597\" target=\"_blank\" rel=\"noreferrer noopener\">Comprar entrada<\/a><\/div>\r\n<\/div>\r\n\r\n\r\n\r\n<h2 class=\"wp-block-heading\"><strong>COETUR 2023: dos d\u00edas de ponencias, mesas redondas, talleres y networking<\/strong><\/h2>\r\n\r\n\r\n\r\n<p>Este a\u00f1o el evento se centrar\u00e1 en aspectos como<strong> las oportunidades que el turismo ofrece para el desarrollo territorial<\/strong>; la <strong>importancia de la presencia digital en el mundo rural<\/strong>; y el<strong> uso de datos y nuevas tecnolog\u00edas para la toma de decisiones en el sector<\/strong>. Tambi\u00e9n se realizar\u00e1n <strong>tres talleres<\/strong>\u00a0 en los que se abordar\u00e1n temas de actualidad como el uso de TikTok as\u00ed como consejos y trucos para mejorar el escaparate digital de los alojamientos. Y la primera jornada del congreso se cerrar\u00e1 con una <strong>actividad de networking<\/strong> dinamizada por la Direcci\u00f3n General de Turismo del Gobierno de Arag\u00f3n, territorio invitado de esta edici\u00f3n de COETUR, que ofrecer\u00e1 una degustaci\u00f3n de productos y vinos de su tierra.<\/p>\r\n\r\n\r\n\r\n<p>Todo este contenido ser\u00e1 desarrollado por los <strong>m\u00e1s de 20 expertos<\/strong> que participar\u00e1n en el programa de COETUR a lo largo de sus dos jornadas. Un programa que incluye <strong>cinco ponencias y micro-ponencias<\/strong> de la mano de expertos como <strong>Isabel Sanchez Tejado<\/strong>, fundadora de la escuela de turismo generativo y fiel defensora de que el futuro est\u00e1 en el mundo rural, o<strong> Patricia Carmona<\/strong>, del Departamento de Inteligencia de Mercados y Competitividad de la<strong> Organizaci\u00f3n Mundial del Turismo.\u00a0<\/strong><\/p>\r\n\r\n\r\n\r\n<p>Asimismo, se celebrar\u00e1n <strong>dos mesas redondas<\/strong>. La primera se centrar\u00e1 en <strong>el turismo como palanca de desarrollo del mundo rural<\/strong>, contar\u00e1 con la participaci\u00f3n de los <strong>Directores Generales de Turismo de la Xunta de Galicia, el Gobierno de Navarra y la Junta de Extremadura, y con la Directora de Turismo de Portugal en Espa\u00f1a<\/strong>, y ser\u00e1 moderada por D. \u00c1ngel Gonz\u00e1lez Pieras, Director General Turismo, Junta de Castilla y Le\u00f3n. La segunda, moderada por Olivia Fontela, directora de marketing de EscapadaRural, abordar\u00e1<strong> la realidad del uso de los datos en la gesti\u00f3n diaria.\u00a0<\/strong><\/p>\r\n\r\n\r\n\r\n<p>En el transcurso del congreso tambi\u00e9n se presentar\u00e1n <strong>tres\u00a0 casos de \u00e9xito de proyectos nacidos en la comunidad aut\u00f3noma anfitriona<\/strong> como son la marca de calidad Posadas Reales, la Asociaci\u00f3n nacional de coliving y coworking y la experiencia en el metaverso de la Bodega Dominio del Pidio. Y tambi\u00e9n habr\u00e1 espacio para <strong>entrevistas en profundidad<\/strong>; un <strong>debate sobre c\u00f3mo elegir el mejor canal para comercializar tu alojamiento rural<\/strong>; y un <strong>workshop sobre la aplicaci\u00f3n de Chat GPT desde la perspectiva de un propietario de turismo rural<\/strong> que impartir\u00e1 Joantxo Llantada, Experto en marketing, innovaci\u00f3n y estrategia.\u00a0<\/p>\r\n\r\n\r\n\r\n<p>Como broche final y cierre del congreso se llevar\u00e1 a cabo una<strong> ponencia participativa<\/strong> dirigida por Fuensanta Martin Garrido, Co-fundadora de Ruralizate.<\/p>\r\n\r\n\r\n\r\n<div class=\"wp-block-buttons is-layout-flex wp-block-buttons-is-layout-flex\">\r\n<div class=\"wp-block-button\"><a class=\"wp-block-button__link wp-element-button\" href=\"https:\/\/www.escapadarural.com\/acciones\/coetur\/programa.html\" target=\"_blank\" rel=\"noreferrer noopener\">Ver programa<\/a><\/div>\r\n<\/div>\r\n\r\n\r\n\r\n<h2 class=\"wp-block-heading\">Presentaci\u00f3n oficial con el Consejero de Cultura, Turismo y Deporte de la Junta de Castilla y Le\u00f3n<\/h2>\r\n\r\n\r\n\r\n<figure class=\"wp-block-image size-large\"><img decoding=\"async\" class=\"wp-image-59195\" src=\"https:\/\/www.escapadarural.com\/blog\/wp-content\/uploads\/2023\/03\/Rueda-de-Prensa-COETUR-1024x739-1.jpg\" alt=\"\" \/>\r\n<figcaption class=\"wp-element-caption\"><strong>D. Miguel \u00c1ngel Luengo Becerro, Alcalde de La Alberca<\/strong>; <strong>Alejandra Torent, Responsable de Relaciones Externas de EscapadaRural<\/strong>; <strong>D. \u00c1ngel Gonz\u00e1lez Pieras,\u00a0 Director General de Turismo<\/strong>; y <strong>D. Gonzalo Santonja G\u00f3mez, Consejero de Cultura, Turismo y Deporte<\/strong><\/figcaption>\r\n<\/figure>\r\n\r\n\r\n\r\n<p>La presentaci\u00f3n oficial de esta nueva edici\u00f3n de COETUR tuvo lugar el pasado 23 de marzo en una rueda de prensa celebrada con Salamanca que cont\u00f3 con la participaci\u00f3n de <strong>D. Gonzalo Santonja G\u00f3mez, Consejero de Cultura, Turismo y Deporte de la Junta de Castilla y Le\u00f3n<\/strong>; <strong>D. \u00c1ngel Gonz\u00e1lez Pieras,\u00a0 Director General de Turismo de la Junta de Castilla y Le\u00f3n<\/strong>; <strong>D. Miguel \u00c1ngel Luengo Becerro, Alcalde de La Alberca<\/strong>; y <strong>Alejandra Torent, Responsable de Relaciones Externas de EscapadaRural.\u00a0<\/strong><\/p>\r\n\r\n\r\n\r\n<p>En el transcurso de la misma el Consejero Santonja destac\u00f3 \u00abla importancia de Castilla y Le\u00f3n como Comunidad l\u00edder en turismo rural, un sector que contribuye significativamente a la mejora de la econom\u00eda local, al desarrollo de los municipios, a la fijaci\u00f3n de la poblaci\u00f3n y la conservaci\u00f3n del patrimonio monumental, natural y enogastron\u00f3mico del territorio\u00bb. En este sentido, el consejero puso de manifiesto \u00abla importancia de celebrar este congreso por primera vez en Castilla y Le\u00f3n, que pondr\u00e1 sobre la mesa temas tan importantes como los desaf\u00edos actuales a los que se enfrenta el turismo rural y especialmente las oportunidades que ofrece la revitalizaci\u00f3n del mundo rural\u00bb.<\/p>\r\n\r\n\r\n\r\n<p>&nbsp;<\/p>\r\n","protected":false},"excerpt":{"rendered":"<p>Ya puedes ver el programa completo de COETUR 2023 y hacer tu registro para asistir de manera presencial o a trav\u00e9s de streaming. <\/p>\n","protected":false},"author":144,"featured_media":98375,"comment_status":"open","ping_status":"open","sticky":false,"template":"","format":"standard","meta":{"_acf_changed":false,"om_disable_all_campaigns":false,"footnotes":""},"categories":[385,390],"tags":[386,4873,1297],"class_list":["post-59193","post","type-post","status-publish","format-standard","has-post-thumbnail","hentry","category-coetur","category-noticias","tag-coetur","tag-coetur2023","tag-congreso-europeo-de-turismo-rural"],"acf":[],"featured_image_src":"https:\/\/www.escapadarural.com\/blog\/wp-content\/uploads\/2024\/10\/imagen-pantalla-1-1024x576-4.jpg","author_info":{"display_name":"Judith Monmany","author_link":"https:\/\/www.escapadarural.com\/blog\/autor\/judith-monmany\/"},"yoast_head":"<!-- This site is optimized with the Yoast SEO plugin v27.5 - https:\/\/yoast.com\/product\/yoast-seo-wordpress\/ -->\n<title>IX Congreso Europeo de Turismo Rural (COETUR): programa y entradas ya disponibles - EscapadaRural<\/title>\n<meta name=\"robots\" content=\"index, follow, max-snippet:-1, max-image-preview:large, max-video-preview:-1\" \/>\n<link rel=\"canonical\" href=\"https:\/\/www.escapadarural.com\/blog\/coetur-2023-programa-disponible\/\" \/>\n<meta property=\"og:locale\" content=\"es_ES\" \/>\n<meta property=\"og:type\" content=\"article\" \/>\n<meta property=\"og:title\" content=\"IX Congreso Europeo de Turismo Rural (COETUR): programa y entradas ya disponibles - EscapadaRural\" \/>\n<meta property=\"og:description\" content=\"Ya puedes ver el programa completo de COETUR 2023 y hacer tu registro para asistir de manera presencial o a trav\u00e9s de streaming.\" \/>\n<meta property=\"og:url\" content=\"https:\/\/www.escapadarural.com\/blog\/coetur-2023-programa-disponible\/\" \/>\n<meta property=\"og:site_name\" content=\"Magazine de viajes de EscapadaRural\" \/>\n<meta property=\"article:publisher\" content=\"https:\/\/www.facebook.com\/escapadarural\" \/>\n<meta property=\"article:published_time\" content=\"2023-03-28T07:45:01+00:00\" \/>\n<meta property=\"article:modified_time\" content=\"2025-01-15T08:46:54+00:00\" \/>\n<meta property=\"og:image\" content=\"https:\/\/www.escapadarural.com\/blog\/wp-content\/uploads\/2024\/10\/imagen-pantalla-1-1024x576-4.jpg\" \/>\n\t<meta property=\"og:image:width\" content=\"1024\" \/>\n\t<meta property=\"og:image:height\" content=\"576\" \/>\n\t<meta property=\"og:image:type\" content=\"image\/jpeg\" \/>\n<meta name=\"author\" content=\"Judith Monmany\" \/>\n<meta name=\"twitter:card\" content=\"summary_large_image\" \/>\n<meta name=\"twitter:label1\" content=\"Escrito por\" \/>\n\t<meta name=\"twitter:data1\" content=\"Judith Monmany\" \/>\n\t<meta name=\"twitter:label2\" content=\"Tiempo de lectura\" \/>\n\t<meta name=\"twitter:data2\" content=\"5 minutos\" \/>\n<script type=\"application\/ld+json\" class=\"yoast-schema-graph\">{\"@context\":\"https:\\\/\\\/schema.org\",\"@graph\":[{\"@type\":\"Article\",\"@id\":\"https:\\\/\\\/www.escapadarural.com\\\/blog\\\/coetur-2023-programa-disponible\\\/#article\",\"isPartOf\":{\"@id\":\"https:\\\/\\\/www.escapadarural.com\\\/blog\\\/coetur-2023-programa-disponible\\\/\"},\"author\":{\"name\":\"Judith Monmany\",\"@id\":\"https:\\\/\\\/www.escapadarural.com\\\/blog\\\/#\\\/schema\\\/person\\\/25786969bae765c9b5eadf92da1dcffd\"},\"headline\":\"IX Congreso Europeo de Turismo Rural (COETUR): programa y entradas ya disponibles\",\"datePublished\":\"2023-03-28T07:45:01+00:00\",\"dateModified\":\"2025-01-15T08:46:54+00:00\",\"mainEntityOfPage\":{\"@id\":\"https:\\\/\\\/www.escapadarural.com\\\/blog\\\/coetur-2023-programa-disponible\\\/\"},\"wordCount\":883,\"commentCount\":0,\"publisher\":{\"@id\":\"https:\\\/\\\/www.escapadarural.com\\\/blog\\\/#organization\"},\"image\":{\"@id\":\"https:\\\/\\\/www.escapadarural.com\\\/blog\\\/coetur-2023-programa-disponible\\\/#primaryimage\"},\"thumbnailUrl\":\"https:\\\/\\\/www.escapadarural.com\\\/blog\\\/wp-content\\\/uploads\\\/2024\\\/10\\\/imagen-pantalla-1-1024x576-4.jpg\",\"keywords\":[\"COETUR\",\"coetur2023\",\"Congreso Europeo de Turismo Rural\"],\"articleSection\":[\"Coetur\",\"Noticias\"],\"inLanguage\":\"es\",\"potentialAction\":[{\"@type\":\"CommentAction\",\"name\":\"Comment\",\"target\":[\"https:\\\/\\\/www.escapadarural.com\\\/blog\\\/coetur-2023-programa-disponible\\\/#respond\"]}]},{\"@type\":\"WebPage\",\"@id\":\"https:\\\/\\\/www.escapadarural.com\\\/blog\\\/coetur-2023-programa-disponible\\\/\",\"url\":\"https:\\\/\\\/www.escapadarural.com\\\/blog\\\/coetur-2023-programa-disponible\\\/\",\"name\":\"IX Congreso Europeo de Turismo Rural (COETUR): programa y entradas ya disponibles - EscapadaRural\",\"isPartOf\":{\"@id\":\"https:\\\/\\\/www.escapadarural.com\\\/blog\\\/#website\"},\"primaryImageOfPage\":{\"@id\":\"https:\\\/\\\/www.escapadarural.com\\\/blog\\\/coetur-2023-programa-disponible\\\/#primaryimage\"},\"image\":{\"@id\":\"https:\\\/\\\/www.escapadarural.com\\\/blog\\\/coetur-2023-programa-disponible\\\/#primaryimage\"},\"thumbnailUrl\":\"https:\\\/\\\/www.escapadarural.com\\\/blog\\\/wp-content\\\/uploads\\\/2024\\\/10\\\/imagen-pantalla-1-1024x576-4.jpg\",\"datePublished\":\"2023-03-28T07:45:01+00:00\",\"dateModified\":\"2025-01-15T08:46:54+00:00\",\"breadcrumb\":{\"@id\":\"https:\\\/\\\/www.escapadarural.com\\\/blog\\\/coetur-2023-programa-disponible\\\/#breadcrumb\"},\"inLanguage\":\"es\",\"potentialAction\":[{\"@type\":\"ReadAction\",\"target\":[\"https:\\\/\\\/www.escapadarural.com\\\/blog\\\/coetur-2023-programa-disponible\\\/\"]}]},{\"@type\":\"ImageObject\",\"inLanguage\":\"es\",\"@id\":\"https:\\\/\\\/www.escapadarural.com\\\/blog\\\/coetur-2023-programa-disponible\\\/#primaryimage\",\"url\":\"https:\\\/\\\/www.escapadarural.com\\\/blog\\\/wp-content\\\/uploads\\\/2024\\\/10\\\/imagen-pantalla-1-1024x576-4.jpg\",\"contentUrl\":\"https:\\\/\\\/www.escapadarural.com\\\/blog\\\/wp-content\\\/uploads\\\/2024\\\/10\\\/imagen-pantalla-1-1024x576-4.jpg\",\"width\":1024,\"height\":576,\"caption\":\"Cartel del IX Congreso Europeo de Turismo Rural, celebrado los d\u00edas 10 y 11 de mayo de 2023 en La Alberca, Salamanca. Con logotipos y paisaje verde de monta\u00f1a estilizado en la parte inferior.\"},{\"@type\":\"BreadcrumbList\",\"@id\":\"https:\\\/\\\/www.escapadarural.com\\\/blog\\\/coetur-2023-programa-disponible\\\/#breadcrumb\",\"itemListElement\":[{\"@type\":\"ListItem\",\"position\":1,\"name\":\"Inicio\",\"item\":\"https:\\\/\\\/www.escapadarural.com\\\/blog\\\/\"},{\"@type\":\"ListItem\",\"position\":2,\"name\":\"Coetur\",\"item\":\"https:\\\/\\\/www.escapadarural.com\\\/blog\\\/categoria\\\/coetur\\\/\"},{\"@type\":\"ListItem\",\"position\":3,\"name\":\"IX Congreso Europeo de Turismo Rural (COETUR): programa y entradas ya disponibles\"}]},{\"@type\":\"WebSite\",\"@id\":\"https:\\\/\\\/www.escapadarural.com\\\/blog\\\/#website\",\"url\":\"https:\\\/\\\/www.escapadarural.com\\\/blog\\\/\",\"name\":\"Blog de viajes | turismo rural, alojamientos e inspiraci\u00f3n\",\"description\":\"Alojamientos rurales e inspiraci\u00f3n para tus escapadas\",\"publisher\":{\"@id\":\"https:\\\/\\\/www.escapadarural.com\\\/blog\\\/#organization\"},\"alternateName\":\"Magazine de viajes de EscapadaRural\",\"potentialAction\":[{\"@type\":\"SearchAction\",\"target\":{\"@type\":\"EntryPoint\",\"urlTemplate\":\"https:\\\/\\\/www.escapadarural.com\\\/blog\\\/?s={search_term_string}\"},\"query-input\":{\"@type\":\"PropertyValueSpecification\",\"valueRequired\":true,\"valueName\":\"search_term_string\"}}],\"inLanguage\":\"es\"},{\"@type\":\"Organization\",\"@id\":\"https:\\\/\\\/www.escapadarural.com\\\/blog\\\/#organization\",\"name\":\"EscapadaRural\",\"url\":\"https:\\\/\\\/www.escapadarural.com\\\/blog\\\/\",\"logo\":{\"@type\":\"ImageObject\",\"inLanguage\":\"es\",\"@id\":\"https:\\\/\\\/www.escapadarural.com\\\/blog\\\/#\\\/schema\\\/logo\\\/image\\\/\",\"url\":\"https:\\\/\\\/www.escapadarural.com\\\/blog\\\/wp-content\\\/uploads\\\/2024\\\/10\\\/cropped-cropped-escapada-rural-icon-mag-3.png\",\"contentUrl\":\"https:\\\/\\\/www.escapadarural.com\\\/blog\\\/wp-content\\\/uploads\\\/2024\\\/10\\\/cropped-cropped-escapada-rural-icon-mag-3.png\",\"width\":512,\"height\":512,\"caption\":\"EscapadaRural\"},\"image\":{\"@id\":\"https:\\\/\\\/www.escapadarural.com\\\/blog\\\/#\\\/schema\\\/logo\\\/image\\\/\"},\"sameAs\":[\"https:\\\/\\\/www.facebook.com\\\/escapadarural\",\"https:\\\/\\\/www.instagram.com\\\/escapadarural\\\/\",\"https:\\\/\\\/www.youtube.com\\\/@escapadaruralcom\"]},{\"@type\":\"Person\",\"@id\":\"https:\\\/\\\/www.escapadarural.com\\\/blog\\\/#\\\/schema\\\/person\\\/25786969bae765c9b5eadf92da1dcffd\",\"name\":\"Judith Monmany\",\"image\":{\"@type\":\"ImageObject\",\"inLanguage\":\"es\",\"@id\":\"https:\\\/\\\/secure.gravatar.com\\\/avatar\\\/1754df140325b983610fbba984e4f092ec9249b645010699d0749b7a1ade7c37?s=96&d=mm&r=g\",\"url\":\"https:\\\/\\\/secure.gravatar.com\\\/avatar\\\/1754df140325b983610fbba984e4f092ec9249b645010699d0749b7a1ade7c37?s=96&d=mm&r=g\",\"contentUrl\":\"https:\\\/\\\/secure.gravatar.com\\\/avatar\\\/1754df140325b983610fbba984e4f092ec9249b645010699d0749b7a1ade7c37?s=96&d=mm&r=g\",\"caption\":\"Judith Monmany\"},\"url\":\"https:\\\/\\\/www.escapadarural.com\\\/blog\\\/autor\\\/judith-monmany\\\/\"}]}<\/script>\n<!-- \/ Yoast SEO plugin. -->","yoast_head_json":{"title":"IX Congreso Europeo de Turismo Rural (COETUR): programa y entradas ya disponibles - EscapadaRural","robots":{"index":"index","follow":"follow","max-snippet":"max-snippet:-1","max-image-preview":"max-image-preview:large","max-video-preview":"max-video-preview:-1"},"canonical":"https:\/\/www.escapadarural.com\/blog\/coetur-2023-programa-disponible\/","og_locale":"es_ES","og_type":"article","og_title":"IX Congreso Europeo de Turismo Rural (COETUR): programa y entradas ya disponibles - EscapadaRural","og_description":"Ya puedes ver el programa completo de COETUR 2023 y hacer tu registro para asistir de manera presencial o a trav\u00e9s de streaming.","og_url":"https:\/\/www.escapadarural.com\/blog\/coetur-2023-programa-disponible\/","og_site_name":"Magazine de viajes de EscapadaRural","article_publisher":"https:\/\/www.facebook.com\/escapadarural","article_published_time":"2023-03-28T07:45:01+00:00","article_modified_time":"2025-01-15T08:46:54+00:00","og_image":[{"width":1024,"height":576,"url":"https:\/\/www.escapadarural.com\/blog\/wp-content\/uploads\/2024\/10\/imagen-pantalla-1-1024x576-4.jpg","type":"image\/jpeg"}],"author":"Judith Monmany","twitter_card":"summary_large_image","twitter_misc":{"Escrito por":"Judith Monmany","Tiempo de lectura":"5 minutos"},"schema":{"@context":"https:\/\/schema.org","@graph":[{"@type":"Article","@id":"https:\/\/www.escapadarural.com\/blog\/coetur-2023-programa-disponible\/#article","isPartOf":{"@id":"https:\/\/www.escapadarural.com\/blog\/coetur-2023-programa-disponible\/"},"author":{"name":"Judith Monmany","@id":"https:\/\/www.escapadarural.com\/blog\/#\/schema\/person\/25786969bae765c9b5eadf92da1dcffd"},"headline":"IX Congreso Europeo de Turismo Rural (COETUR): programa y entradas ya disponibles","datePublished":"2023-03-28T07:45:01+00:00","dateModified":"2025-01-15T08:46:54+00:00","mainEntityOfPage":{"@id":"https:\/\/www.escapadarural.com\/blog\/coetur-2023-programa-disponible\/"},"wordCount":883,"commentCount":0,"publisher":{"@id":"https:\/\/www.escapadarural.com\/blog\/#organization"},"image":{"@id":"https:\/\/www.escapadarural.com\/blog\/coetur-2023-programa-disponible\/#primaryimage"},"thumbnailUrl":"https:\/\/www.escapadarural.com\/blog\/wp-content\/uploads\/2024\/10\/imagen-pantalla-1-1024x576-4.jpg","keywords":["COETUR","coetur2023","Congreso Europeo de Turismo Rural"],"articleSection":["Coetur","Noticias"],"inLanguage":"es","potentialAction":[{"@type":"CommentAction","name":"Comment","target":["https:\/\/www.escapadarural.com\/blog\/coetur-2023-programa-disponible\/#respond"]}]},{"@type":"WebPage","@id":"https:\/\/www.escapadarural.com\/blog\/coetur-2023-programa-disponible\/","url":"https:\/\/www.escapadarural.com\/blog\/coetur-2023-programa-disponible\/","name":"IX Congreso Europeo de Turismo Rural (COETUR): programa y entradas ya disponibles - EscapadaRural","isPartOf":{"@id":"https:\/\/www.escapadarural.com\/blog\/#website"},"primaryImageOfPage":{"@id":"https:\/\/www.escapadarural.com\/blog\/coetur-2023-programa-disponible\/#primaryimage"},"image":{"@id":"https:\/\/www.escapadarural.com\/blog\/coetur-2023-programa-disponible\/#primaryimage"},"thumbnailUrl":"https:\/\/www.escapadarural.com\/blog\/wp-content\/uploads\/2024\/10\/imagen-pantalla-1-1024x576-4.jpg","datePublished":"2023-03-28T07:45:01+00:00","dateModified":"2025-01-15T08:46:54+00:00","breadcrumb":{"@id":"https:\/\/www.escapadarural.com\/blog\/coetur-2023-programa-disponible\/#breadcrumb"},"inLanguage":"es","potentialAction":[{"@type":"ReadAction","target":["https:\/\/www.escapadarural.com\/blog\/coetur-2023-programa-disponible\/"]}]},{"@type":"ImageObject","inLanguage":"es","@id":"https:\/\/www.escapadarural.com\/blog\/coetur-2023-programa-disponible\/#primaryimage","url":"https:\/\/www.escapadarural.com\/blog\/wp-content\/uploads\/2024\/10\/imagen-pantalla-1-1024x576-4.jpg","contentUrl":"https:\/\/www.escapadarural.com\/blog\/wp-content\/uploads\/2024\/10\/imagen-pantalla-1-1024x576-4.jpg","width":1024,"height":576,"caption":"Cartel del IX Congreso Europeo de Turismo Rural, celebrado los d\u00edas 10 y 11 de mayo de 2023 en La Alberca, Salamanca. Con logotipos y paisaje verde de monta\u00f1a estilizado en la parte inferior."},{"@type":"BreadcrumbList","@id":"https:\/\/www.escapadarural.com\/blog\/coetur-2023-programa-disponible\/#breadcrumb","itemListElement":[{"@type":"ListItem","position":1,"name":"Inicio","item":"https:\/\/www.escapadarural.com\/blog\/"},{"@type":"ListItem","position":2,"name":"Coetur","item":"https:\/\/www.escapadarural.com\/blog\/categoria\/coetur\/"},{"@type":"ListItem","position":3,"name":"IX Congreso Europeo de Turismo Rural (COETUR): programa y entradas ya disponibles"}]},{"@type":"WebSite","@id":"https:\/\/www.escapadarural.com\/blog\/#website","url":"https:\/\/www.escapadarural.com\/blog\/","name":"Blog de viajes | turismo rural, alojamientos e inspiraci\u00f3n","description":"Alojamientos rurales e inspiraci\u00f3n para tus escapadas","publisher":{"@id":"https:\/\/www.escapadarural.com\/blog\/#organization"},"alternateName":"Magazine de viajes de EscapadaRural","potentialAction":[{"@type":"SearchAction","target":{"@type":"EntryPoint","urlTemplate":"https:\/\/www.escapadarural.com\/blog\/?s={search_term_string}"},"query-input":{"@type":"PropertyValueSpecification","valueRequired":true,"valueName":"search_term_string"}}],"inLanguage":"es"},{"@type":"Organization","@id":"https:\/\/www.escapadarural.com\/blog\/#organization","name":"EscapadaRural","url":"https:\/\/www.escapadarural.com\/blog\/","logo":{"@type":"ImageObject","inLanguage":"es","@id":"https:\/\/www.escapadarural.com\/blog\/#\/schema\/logo\/image\/","url":"https:\/\/www.escapadarural.com\/blog\/wp-content\/uploads\/2024\/10\/cropped-cropped-escapada-rural-icon-mag-3.png","contentUrl":"https:\/\/www.escapadarural.com\/blog\/wp-content\/uploads\/2024\/10\/cropped-cropped-escapada-rural-icon-mag-3.png","width":512,"height":512,"caption":"EscapadaRural"},"image":{"@id":"https:\/\/www.escapadarural.com\/blog\/#\/schema\/logo\/image\/"},"sameAs":["https:\/\/www.facebook.com\/escapadarural","https:\/\/www.instagram.com\/escapadarural\/","https:\/\/www.youtube.com\/@escapadaruralcom"]},{"@type":"Person","@id":"https:\/\/www.escapadarural.com\/blog\/#\/schema\/person\/25786969bae765c9b5eadf92da1dcffd","name":"Judith Monmany","image":{"@type":"ImageObject","inLanguage":"es","@id":"https:\/\/secure.gravatar.com\/avatar\/1754df140325b983610fbba984e4f092ec9249b645010699d0749b7a1ade7c37?s=96&d=mm&r=g","url":"https:\/\/secure.gravatar.com\/avatar\/1754df140325b983610fbba984e4f092ec9249b645010699d0749b7a1ade7c37?s=96&d=mm&r=g","contentUrl":"https:\/\/secure.gravatar.com\/avatar\/1754df140325b983610fbba984e4f092ec9249b645010699d0749b7a1ade7c37?s=96&d=mm&r=g","caption":"Judith Monmany"},"url":"https:\/\/www.escapadarural.com\/blog\/autor\/judith-monmany\/"}]}},"_links":{"self":[{"href":"https:\/\/www.escapadarural.com\/blog\/wp-json\/wp\/v2\/posts\/59193","targetHints":{"allow":["GET"]}}],"collection":[{"href":"https:\/\/www.escapadarural.com\/blog\/wp-json\/wp\/v2\/posts"}],"about":[{"href":"https:\/\/www.escapadarural.com\/blog\/wp-json\/wp\/v2\/types\/post"}],"author":[{"embeddable":true,"href":"https:\/\/www.escapadarural.com\/blog\/wp-json\/wp\/v2\/users\/144"}],"replies":[{"embeddable":true,"href":"https:\/\/www.escapadarural.com\/blog\/wp-json\/wp\/v2\/comments?post=59193"}],"version-history":[{"count":0,"href":"https:\/\/www.escapadarural.com\/blog\/wp-json\/wp\/v2\/posts\/59193\/revisions"}],"wp:featuredmedia":[{"embeddable":true,"href":"https:\/\/www.escapadarural.com\/blog\/wp-json\/wp\/v2\/media\/98375"}],"wp:attachment":[{"href":"https:\/\/www.escapadarural.com\/blog\/wp-json\/wp\/v2\/media?parent=59193"}],"wp:term":[{"taxonomy":"category","embeddable":true,"href":"https:\/\/www.escapadarural.com\/blog\/wp-json\/wp\/v2\/categories?post=59193"},{"taxonomy":"post_tag","embeddable":true,"href":"https:\/\/www.escapadarural.com\/blog\/wp-json\/wp\/v2\/tags?post=59193"}],"curies":[{"name":"wp","href":"https:\/\/api.w.org\/{rel}","templated":true}]}}