{"id":59222,"date":"2023-04-03T11:06:03","date_gmt":"2023-04-03T10:06:03","guid":{"rendered":"https:\/\/www.escapadarural.com\/blog\/?p=59222"},"modified":"2025-03-17T17:16:13","modified_gmt":"2025-03-17T15:16:13","slug":"melides-pueblo-del-alentejo-louboutin","status":"publish","type":"post","link":"https:\/\/www.escapadarural.com\/blog\/melides-pueblo-del-alentejo-louboutin\/","title":{"rendered":"El pueblo costero de Alentejo que enamor\u00f3 a Louboutin"},"content":{"rendered":"\n<p>No todo en la <strong>costa de Alentejo<\/strong> gira en torno a Comporta, el pueblo estrella de la costa portuguesa que, desde hace unos a\u00f1os, atrae a la \u00e9lite europea que busca un refugio discreto para desconectar. Todav\u00eda quedan rincones secretos en la Costa Vicentina que empiezan ahora a ser descubiertos, como es el caso del peque\u00f1o pueblo de <strong>Melides<\/strong>, a casi 1h30 en coche de Lisboa.<\/p>\n\n\n\n<p>Este pueblo costero del municipio de <strong>Gr\u00e2ndola<\/strong> empez\u00f3 a llamar la atenci\u00f3n de los medios internacionales cuando figuras destacables del mundo de la moda, del arte y hasta de la realeza europea comenzaron a figurar entre los poco m\u00e1s de 1.600 habitantes del pueblo.<\/p>\n\n\n\n<figure class=\"wp-block-image size-full\"><img loading=\"lazy\" decoding=\"async\" width=\"1024\" height=\"369\" src=\"https:\/\/www.escapadarural.com\/blog\/wp-content\/uploads\/2023\/04\/melides.webp\" alt=\"Playa de Melides. Por Philippe Ramakers\n\" class=\"wp-image-197275\" srcset=\"https:\/\/www.escapadarural.com\/blog\/wp-content\/uploads\/2023\/04\/melides-200x72.webp 200w, https:\/\/www.escapadarural.com\/blog\/wp-content\/uploads\/2023\/04\/melides-300x108.webp 300w, https:\/\/www.escapadarural.com\/blog\/wp-content\/uploads\/2023\/04\/melides-400x144.webp 400w, https:\/\/www.escapadarural.com\/blog\/wp-content\/uploads\/2023\/04\/melides-600x216.webp 600w, https:\/\/www.escapadarural.com\/blog\/wp-content\/uploads\/2023\/04\/melides-768x277.webp 768w, https:\/\/www.escapadarural.com\/blog\/wp-content\/uploads\/2023\/04\/melides-800x288.webp 800w, https:\/\/www.escapadarural.com\/blog\/wp-content\/uploads\/2023\/04\/melides.webp 1024w\" sizes=\"auto, (max-width: 1024px) 100vw, 1024px\" \/><figcaption class=\"wp-element-caption\">Playa de Melides. Por Philippe Ramakers\n<\/figcaption><\/figure>\n\n\n\n<p>En los \u00faltimos a\u00f1os, celebridades como el conocido dise\u00f1ador de zapatos <strong>Christian Louboutin<\/strong>, se enamoraron de la tranquilidad sin pretensiones de Melides y construyeron en ella verdaderos refugios secretos. El <em>designer<\/em> franc\u00e9s cambi\u00f3 su residencia a Melides en 2017, donde tiene una casa. Aunque fue m\u00e1s all\u00e1 y tambi\u00e9n decidi\u00f3 proyectar y construir un hotel en el pueblo.<\/p>\n\n\n\n<p>El hotel <em><a href=\"https:\/\/www.vermelhohotel.com\/\" target=\"_blank\" rel=\"noreferrer noopener nofollow\">Vermelho<\/a><\/em> (que significa rojo en portugu\u00e9s, exactamente como las suelas de los famosos zapatos de la marca) abri\u00f3 las puertas en marzo de 2023. Con 13 habitaciones y el restaurante Xtian, se espera que atraiga a\u00fan m\u00e1s gente a Melides, sin perturbar el ritmo tranquilo de la vida del pueblo, claro.<\/p>\n\n\n<blockquote class=\"instagram-media\" data-instgrm-captioned data-instgrm-permalink=\"https:\/\/www.instagram.com\/p\/CqYSzaQoIGj\/?utm_source=ig_embed&amp;utm_campaign=loading\" data-instgrm-version=\"14\" style=\" background:#FFF; border:0; border-radius:3px; box-shadow:0 0 1px 0 rgba(0,0,0,0.5),0 1px 10px 0 rgba(0,0,0,0.15); margin: 1px; max-width:540px; min-width:326px; padding:0; width:99.375%; width:-webkit-calc(100% - 2px); width:calc(100% - 2px);\">\n<div style=\"padding:16px;\"> <a href=\"https:\/\/www.instagram.com\/p\/CqYSzaQoIGj\/?utm_source=ig_embed&amp;utm_campaign=loading\" style=\" background:#FFFFFF; line-height:0; padding:0 0; text-align:center; text-decoration:none; width:100%;\" target=\"_blank\" rel=\"noopener\"> <\/p>\n<div style=\" display: flex; flex-direction: row; align-items: center;\">\n<div style=\"background-color: #F4F4F4; border-radius: 50%; flex-grow: 0; height: 40px; margin-right: 14px; width: 40px;\"><\/div>\n<div style=\"display: flex; flex-direction: column; flex-grow: 1; justify-content: center;\">\n<div style=\" background-color: #F4F4F4; border-radius: 4px; flex-grow: 0; height: 14px; margin-bottom: 6px; width: 100px;\"><\/div>\n<div style=\" background-color: #F4F4F4; border-radius: 4px; flex-grow: 0; height: 14px; width: 60px;\"><\/div>\n<\/div>\n<\/div>\n<div style=\"padding: 19% 0;\"><\/div>\n<div style=\"display:block; height:50px; margin:0 auto 12px; width:50px;\"><svg width=\"50px\" height=\"50px\" viewBox=\"0 0 60 60\" version=\"1.1\" xmlns=\"https:\/\/www.w3.org\/2000\/svg\" xmlns:xlink=\"https:\/\/www.w3.org\/1999\/xlink\"><g stroke=\"none\" stroke-width=\"1\" fill=\"none\" fill-rule=\"evenodd\"><g transform=\"translate(-511.000000, -20.000000)\" fill=\"#000000\"><g><path d=\"M556.869,30.41 C554.814,30.41 553.148,32.076 553.148,34.131 C553.148,36.186 554.814,37.852 556.869,37.852 C558.924,37.852 560.59,36.186 560.59,34.131 C560.59,32.076 558.924,30.41 556.869,30.41 M541,60.657 C535.114,60.657 530.342,55.887 530.342,50 C530.342,44.114 535.114,39.342 541,39.342 C546.887,39.342 551.658,44.114 551.658,50 C551.658,55.887 546.887,60.657 541,60.657 M541,33.886 C532.1,33.886 524.886,41.1 524.886,50 C524.886,58.899 532.1,66.113 541,66.113 C549.9,66.113 557.115,58.899 557.115,50 C557.115,41.1 549.9,33.886 541,33.886 M565.378,62.101 C565.244,65.022 564.756,66.606 564.346,67.663 C563.803,69.06 563.154,70.057 562.106,71.106 C561.058,72.155 560.06,72.803 558.662,73.347 C557.607,73.757 556.021,74.244 553.102,74.378 C549.944,74.521 548.997,74.552 541,74.552 C533.003,74.552 532.056,74.521 528.898,74.378 C525.979,74.244 524.393,73.757 523.338,73.347 C521.94,72.803 520.942,72.155 519.894,71.106 C518.846,70.057 518.197,69.06 517.654,67.663 C517.244,66.606 516.755,65.022 516.623,62.101 C516.479,58.943 516.448,57.996 516.448,50 C516.448,42.003 516.479,41.056 516.623,37.899 C516.755,34.978 517.244,33.391 517.654,32.338 C518.197,30.938 518.846,29.942 519.894,28.894 C520.942,27.846 521.94,27.196 523.338,26.654 C524.393,26.244 525.979,25.756 528.898,25.623 C532.057,25.479 533.004,25.448 541,25.448 C548.997,25.448 549.943,25.479 553.102,25.623 C556.021,25.756 557.607,26.244 558.662,26.654 C560.06,27.196 561.058,27.846 562.106,28.894 C563.154,29.942 563.803,30.938 564.346,32.338 C564.756,33.391 565.244,34.978 565.378,37.899 C565.522,41.056 565.552,42.003 565.552,50 C565.552,57.996 565.522,58.943 565.378,62.101 M570.82,37.631 C570.674,34.438 570.167,32.258 569.425,30.349 C568.659,28.377 567.633,26.702 565.965,25.035 C564.297,23.368 562.623,22.342 560.652,21.575 C558.743,20.834 556.562,20.326 553.369,20.18 C550.169,20.033 549.148,20 541,20 C532.853,20 531.831,20.033 528.631,20.18 C525.438,20.326 523.257,20.834 521.349,21.575 C519.376,22.342 517.703,23.368 516.035,25.035 C514.368,26.702 513.342,28.377 512.574,30.349 C511.834,32.258 511.326,34.438 511.181,37.631 C511.035,40.831 511,41.851 511,50 C511,58.147 511.035,59.17 511.181,62.369 C511.326,65.562 511.834,67.743 512.574,69.651 C513.342,71.625 514.368,73.296 516.035,74.965 C517.703,76.634 519.376,77.658 521.349,78.425 C523.257,79.167 525.438,79.673 528.631,79.82 C531.831,79.965 532.853,80.001 541,80.001 C549.148,80.001 550.169,79.965 553.369,79.82 C556.562,79.673 558.743,79.167 560.652,78.425 C562.623,77.658 564.297,76.634 565.965,74.965 C567.633,73.296 568.659,71.625 569.425,69.651 C570.167,67.743 570.674,65.562 570.82,62.369 C570.966,59.17 571,58.147 571,50 C571,41.851 570.966,40.831 570.82,37.631\"><\/path><\/g><\/g><\/g><\/svg><\/div>\n<div style=\"padding-top: 8px;\">\n<div style=\" color:#3897f0; font-family:Arial,sans-serif; font-size:14px; font-style:normal; font-weight:550; line-height:18px;\">Ver esta publicaci\u00f3n en Instagram<\/div>\n<\/div>\n<div style=\"padding: 12.5% 0;\"><\/div>\n<div style=\"display: flex; flex-direction: row; margin-bottom: 14px; align-items: center;\">\n<div>\n<div style=\"background-color: #F4F4F4; border-radius: 50%; height: 12.5px; width: 12.5px; transform: translateX(0px) translateY(7px);\"><\/div>\n<div style=\"background-color: #F4F4F4; height: 12.5px; transform: rotate(-45deg) translateX(3px) translateY(1px); width: 12.5px; flex-grow: 0; margin-right: 14px; margin-left: 2px;\"><\/div>\n<div style=\"background-color: #F4F4F4; border-radius: 50%; height: 12.5px; width: 12.5px; transform: translateX(9px) translateY(-18px);\"><\/div>\n<\/div>\n<div style=\"margin-left: 8px;\">\n<div style=\" background-color: #F4F4F4; border-radius: 50%; flex-grow: 0; height: 20px; width: 20px;\"><\/div>\n<div style=\" width: 0; height: 0; border-top: 2px solid transparent; border-left: 6px solid #f4f4f4; border-bottom: 2px solid transparent; transform: translateX(16px) translateY(-4px) rotate(30deg)\"><\/div>\n<\/div>\n<div style=\"margin-left: auto;\">\n<div style=\" width: 0px; border-top: 8px solid #F4F4F4; border-right: 8px solid transparent; transform: translateY(16px);\"><\/div>\n<div style=\" background-color: #F4F4F4; flex-grow: 0; height: 12px; width: 16px; transform: translateY(-4px);\"><\/div>\n<div style=\" width: 0; height: 0; border-top: 8px solid #F4F4F4; border-left: 8px solid transparent; transform: translateY(-4px) translateX(8px);\"><\/div>\n<\/div>\n<\/div>\n<div style=\"display: flex; flex-direction: column; flex-grow: 1; justify-content: center; margin-bottom: 24px;\">\n<div style=\" background-color: #F4F4F4; border-radius: 4px; flex-grow: 0; height: 14px; margin-bottom: 6px; width: 224px;\"><\/div>\n<div style=\" background-color: #F4F4F4; border-radius: 4px; flex-grow: 0; height: 14px; width: 144px;\"><\/div>\n<\/div>\n<p><\/a><\/p>\n<p style=\" color:#c9c8cd; font-family:Arial,sans-serif; font-size:14px; line-height:17px; margin-bottom:0; margin-top:8px; overflow:hidden; padding:8px 0 7px; text-align:center; text-overflow:ellipsis; white-space:nowrap;\"><a href=\"https:\/\/www.instagram.com\/p\/CqYSzaQoIGj\/?utm_source=ig_embed&amp;utm_campaign=loading\" style=\" color:#c9c8cd; font-family:Arial,sans-serif; font-size:14px; font-style:normal; font-weight:normal; line-height:17px; text-decoration:none;\" target=\"_blank\" rel=\"noopener\">Una publicaci\u00f3n compartida de Vermelho Melides (@hotelvermelho)<\/a><\/p>\n<\/div>\n<\/blockquote>\n<p> <script async src=\"\/\/www.instagram.com\/embed.js\"><\/script><\/p>\n\n\n\n<p>La condesa italiana Noemi Marone Cinzano tambi\u00e9n construy\u00f3 aqu\u00ed un lugar para disfrutar de sus vacaciones, que ya fue fotografiada por la revista norte-americana <em>AD-Architectural Digest<\/em>. Adem\u00e1s del arquitecto y dise\u00f1ador belga Vincent Van Duysen, que dise\u00f1\u00f3 y construy\u00f3 una casa ic\u00f3nica y que tambi\u00e9n ha aparecido en el <em>The New York Times<\/em>.<\/p>\n\n\n\n<p>La revista de viajes <em><a href=\"https:\/\/www.cntraveller.com\/article\/melides-portugal\" target=\"_blank\" rel=\"noreferrer noopener nofollow\">Cond\u00e9 Nast Traveler<\/a><\/em> incluy\u00f3 a Melides en su lista de los mejores destinos para visitar en 2021, clasific\u00e1ndola incluso como \u201cla nueva Comporta\u201d. \u00bfPero ser\u00e1 justa la comparaci\u00f3n? A diferencia de la efusiva y agitada Comporta, Melides a\u00fan mantiene sus playas desiertas y v\u00edrgenes, kil\u00f3metros de vi\u00f1edos, arrozales y alcornoques.<\/p>\n\n\n\n<figure class=\"wp-block-image size-full\"><img loading=\"lazy\" decoding=\"async\" width=\"1024\" height=\"683\" src=\"https:\/\/www.escapadarural.com\/blog\/wp-content\/uploads\/2023\/04\/melides3.webp\" alt=\"Iglesia de Sa\u0303o Pedro, Melides. Por Vitor Oliveira\" class=\"wp-image-197276\" srcset=\"https:\/\/www.escapadarural.com\/blog\/wp-content\/uploads\/2023\/04\/melides3-200x133.webp 200w, https:\/\/www.escapadarural.com\/blog\/wp-content\/uploads\/2023\/04\/melides3-300x200.webp 300w, https:\/\/www.escapadarural.com\/blog\/wp-content\/uploads\/2023\/04\/melides3-400x267.webp 400w, https:\/\/www.escapadarural.com\/blog\/wp-content\/uploads\/2023\/04\/melides3-600x400.webp 600w, https:\/\/www.escapadarural.com\/blog\/wp-content\/uploads\/2023\/04\/melides3-768x512.webp 768w, https:\/\/www.escapadarural.com\/blog\/wp-content\/uploads\/2023\/04\/melides3-800x534.webp 800w, https:\/\/www.escapadarural.com\/blog\/wp-content\/uploads\/2023\/04\/melides3.webp 1024w\" sizes=\"auto, (max-width: 1024px) 100vw, 1024px\" \/><figcaption class=\"wp-element-caption\">Iglesia de Sa\u0303o Pedro, Melides. Por Vitor Oliveira\n<\/figcaption><\/figure>\n\n\n\n<p>En 2022, <a href=\"https:\/\/www.cntraveler.com\/story\/melides-portugal-travel-guide\" target=\"_blank\" rel=\"noreferrer noopener nofollow\">la misma publicaci\u00f3n<\/a> vuelve a mencionar el pueblo, asegurando que \u201cel discreto lugar de vacaciones de verano est\u00e1 disfrutando de su momento bajo el sol\u201d. Y es que, a pesar de todo el alboroto, este pueblo alentejano sigue siendo un lugar fuera de los circuitos m\u00e1s agitados y buscados en el verano, que sorprende por su tranquilidad y por ser a\u00fan poco conocido para el turismo de masas.<\/p>\n\n\n\n<p>En Melides el tiempo pasa m\u00e1s despacio, al ritmo de los lugare\u00f1os que f\u00e1cilmente encontrar\u00e1s jugando a las cartas en las plazas del pueblo. Y que siga as\u00ed, porque eso es parte de su encanto.<\/p>\n\n\n\n<h2 class=\"wp-block-heading\" id=\"h-playas-desiertas-hasta-donde-alcanza-la-vista\">Playas desiertas hasta donde alcanza la vista<\/h2>\n\n\n\n<figure class=\"wp-block-image size-full\"><img loading=\"lazy\" decoding=\"async\" width=\"1024\" height=\"683\" src=\"https:\/\/www.escapadarural.com\/blog\/wp-content\/uploads\/2023\/04\/melides4.webp\" alt=\"Playa Gal\u00e9-Fontainhas y playa Aberta Nova. Por Vitor Oliveira\" class=\"wp-image-197277\" srcset=\"https:\/\/www.escapadarural.com\/blog\/wp-content\/uploads\/2023\/04\/melides4-200x133.webp 200w, https:\/\/www.escapadarural.com\/blog\/wp-content\/uploads\/2023\/04\/melides4-300x200.webp 300w, https:\/\/www.escapadarural.com\/blog\/wp-content\/uploads\/2023\/04\/melides4-400x267.webp 400w, https:\/\/www.escapadarural.com\/blog\/wp-content\/uploads\/2023\/04\/melides4-600x400.webp 600w, https:\/\/www.escapadarural.com\/blog\/wp-content\/uploads\/2023\/04\/melides4-768x512.webp 768w, https:\/\/www.escapadarural.com\/blog\/wp-content\/uploads\/2023\/04\/melides4-800x534.webp 800w, https:\/\/www.escapadarural.com\/blog\/wp-content\/uploads\/2023\/04\/melides4.webp 1024w\" sizes=\"auto, (max-width: 1024px) 100vw, 1024px\" \/><figcaption class=\"wp-element-caption\">Playa Gal\u00e9-Fontainhas y playa Aberta Nova. Por Vitor Oliveira\n<\/figcaption><\/figure>\n\n\n\n<p>El municipio de Gr\u00e2ndola es conocido por sus <strong>extensos arenales de playas desiertas<\/strong>, por lo que quien llega aqu\u00ed tiene muchas opciones para elegir. Adem\u00e1s de las famosas playas de Tr\u00f3ia, Comporta, Carvalhal y P\u00eago, la m\u00e1s conocida es la <strong>playa de Melides<\/strong>, un extenso arenal con vigilancia, aparcamiento y restauraci\u00f3n.<\/p>\n\n\n\n<p>La <strong>playa Aberta Nova<\/strong> tambi\u00e9n es una excelente opci\u00f3n: cuenta con socorristas y un chiringuito que sirve tostadas en pan alentejano, ensalada de pulpo y caracoles.<\/p>\n\n\n\n<p>Casi siempre vac\u00eda, en la <strong>playa Gal\u00e9-Fontainhas<\/strong> encontrar\u00e1s un <a href=\"https:\/\/www.escapadarural.com\/blog\/agua-amarga-paraiso-cabo-de-gata\/\" title=\"Agua Amarga, el para\u00edso del Cabo de Gata que ha dejado de ser secreto\"  data-wpil-monitor-id=\"939\">para\u00edso<\/a> secreto de tranquilidad. As\u00ed como en la playa Vigia, que es de dif\u00edcil acceso por un camino de arena de unos 5 kil\u00f3metros y sin ninguna infraestructura.<\/p>\n\n\n\n<h2 class=\"wp-block-heading\" id=\"h-que-visitar-en-melides\">\u00bfQu\u00e9 visitar en Melides?<\/h2>\n\n\n\n<figure class=\"wp-block-image size-full\"><img loading=\"lazy\" decoding=\"async\" width=\"1024\" height=\"683\" src=\"https:\/\/www.escapadarural.com\/blog\/wp-content\/uploads\/2023\/04\/melides5.webp\" alt=\"Laguna de Melides. Por Vitor Oliveira\" class=\"wp-image-197278\" srcset=\"https:\/\/www.escapadarural.com\/blog\/wp-content\/uploads\/2023\/04\/melides5-200x133.webp 200w, https:\/\/www.escapadarural.com\/blog\/wp-content\/uploads\/2023\/04\/melides5-300x200.webp 300w, https:\/\/www.escapadarural.com\/blog\/wp-content\/uploads\/2023\/04\/melides5-400x267.webp 400w, https:\/\/www.escapadarural.com\/blog\/wp-content\/uploads\/2023\/04\/melides5-600x400.webp 600w, https:\/\/www.escapadarural.com\/blog\/wp-content\/uploads\/2023\/04\/melides5-768x512.webp 768w, https:\/\/www.escapadarural.com\/blog\/wp-content\/uploads\/2023\/04\/melides5-800x534.webp 800w, https:\/\/www.escapadarural.com\/blog\/wp-content\/uploads\/2023\/04\/melides5.webp 1024w\" sizes=\"auto, (max-width: 1024px) 100vw, 1024px\" \/><figcaption class=\"wp-element-caption\">Laguna de Melides. Por Vitor Oliveira\n<\/figcaption><\/figure>\n\n\n\n<p>Cerca de la playa de Melides se encuentra la <strong>laguna de Melides<\/strong>, que se extiende hasta el pueblo a trav\u00e9s de extensos arrozales y peque\u00f1os islotes, donde la rica flora y fauna garantizan actividades como la observaci\u00f3n de aves, el pirag\u00fcismo o el senderismo.<\/p>\n\n\n\n<p>Explorar la laguna es descubrir un fr\u00e1gil ecosistema que ha servido de h\u00e1bitat a diversas especies animales, como anguilas, pardelas, salmonetes, garzas-peque\u00f1as, garzas-blancas, garzas-rojas, milanos negros y chorlitos dorados.<\/p>\n\n\n\n<figure class=\"wp-block-image size-full\"><img loading=\"lazy\" decoding=\"async\" width=\"1024\" height=\"680\" src=\"https:\/\/www.escapadarural.com\/blog\/wp-content\/uploads\/2023\/04\/melides6.webp\" alt=\"Fonte dos Olhos. Por Vitor Oliveira\" class=\"wp-image-197279\" srcset=\"https:\/\/www.escapadarural.com\/blog\/wp-content\/uploads\/2023\/04\/melides6-200x133.webp 200w, https:\/\/www.escapadarural.com\/blog\/wp-content\/uploads\/2023\/04\/melides6-300x199.webp 300w, https:\/\/www.escapadarural.com\/blog\/wp-content\/uploads\/2023\/04\/melides6-400x266.webp 400w, https:\/\/www.escapadarural.com\/blog\/wp-content\/uploads\/2023\/04\/melides6-600x398.webp 600w, https:\/\/www.escapadarural.com\/blog\/wp-content\/uploads\/2023\/04\/melides6-768x510.webp 768w, https:\/\/www.escapadarural.com\/blog\/wp-content\/uploads\/2023\/04\/melides6-800x531.webp 800w, https:\/\/www.escapadarural.com\/blog\/wp-content\/uploads\/2023\/04\/melides6.webp 1024w\" sizes=\"auto, (max-width: 1024px) 100vw, 1024px\" \/><figcaption class=\"wp-element-caption\">Fonte dos Olhos. Por Vitor Oliveira\n<\/figcaption><\/figure>\n\n\n\n<p>En pleno pueblo hay un agradable merendero junto a una bonita fuente. La<strong> Fonte dos Olhos<\/strong> se construy\u00f3 a finales de los a\u00f1os 60 para abastecer el pueblo. Esta fuente todav\u00eda tiene un caudal considerable, que sirve a los arrozales, desembocando en la laguna de Melides.<\/p>\n\n\n\n<p>Con 326 metros en su punto m\u00e1s alto, la <strong>sierra de Gr\u00e2ndola<\/strong> es uno de los lugares naturales m\u00e1s importantes de la regi\u00f3n, donde existen varios caminos rurales, senderos, arroyos frescos y caminos que conectan las poblaciones de la monta\u00f1a con la costa y la laguna. La <strong>Vereda de Melides<\/strong> es una ruta circular que se extiende a lo largo de 19 kil\u00f3metros, entre el pueblo y los cerros hasta los valles de la sierra.<\/p>\n\n\n\n<h2 class=\"wp-block-heading\" id=\"h-donde-comer-en-melides\">\u00bfD\u00f3nde comer en Melides?<\/h2>\n\n\n\n<figure class=\"wp-block-image size-full\"><img loading=\"lazy\" decoding=\"async\" width=\"1024\" height=\"683\" src=\"https:\/\/www.escapadarural.com\/blog\/wp-content\/uploads\/2023\/04\/melides7.webp\" alt=\"Arrozales en Melides. Por CHROMORANGE BUDGET\" class=\"wp-image-197280\" srcset=\"https:\/\/www.escapadarural.com\/blog\/wp-content\/uploads\/2023\/04\/melides7-200x133.webp 200w, https:\/\/www.escapadarural.com\/blog\/wp-content\/uploads\/2023\/04\/melides7-300x200.webp 300w, https:\/\/www.escapadarural.com\/blog\/wp-content\/uploads\/2023\/04\/melides7-400x267.webp 400w, https:\/\/www.escapadarural.com\/blog\/wp-content\/uploads\/2023\/04\/melides7-600x400.webp 600w, https:\/\/www.escapadarural.com\/blog\/wp-content\/uploads\/2023\/04\/melides7-768x512.webp 768w, https:\/\/www.escapadarural.com\/blog\/wp-content\/uploads\/2023\/04\/melides7-800x534.webp 800w, https:\/\/www.escapadarural.com\/blog\/wp-content\/uploads\/2023\/04\/melides7.webp 1024w\" sizes=\"auto, (max-width: 1024px) 100vw, 1024px\" \/><figcaption class=\"wp-element-caption\">Arrozales en Melides. Por CHROMORANGE BUDGET\n<\/figcaption><\/figure>\n\n\n\n<p>La <strong>regi\u00f3n de Gr\u00e2ndola<\/strong> tiene productos de excelente calidad, como los embutidos de cerdo blanco y negro, que se pueden comprar en las carnicer\u00edas locales, as\u00ed como el pan, t\u00edpicamente alentejano. Te sugerimos que visites alguna de las varias panader\u00edas artesanales del pueblo de Melides, como la de la Tia Jesu\u00edna, en Vale Figueira, y pruebes el pan t\u00edpico de Alentejo.<\/p>\n\n\n\n<p>Con extensos bosques de pino, aqu\u00ed tambi\u00e9n se producen buenos pi\u00f1ones, sin olvidar los mejores arroces y las hierbas arom\u00e1ticas de la sierra, que tambi\u00e9n es abundante en madro\u00f1os e higos.<\/p>\n\n\n\n<p>En cuanto a restaurantes, tampoco te faltar\u00e1n opciones donde comer bien. En la playa de Melides se encuentra el conocido restaurante <a href=\"https:\/\/flordesalbymelides.eatbu.com\/?lang=es\" target=\"_blank\" rel=\"noreferrer noopener nofollow\">Flor de Sal by Melides<\/a>. Con vistas al mar, es uno de los restaurantes m\u00e1s populares de la regi\u00f3n, tanto para comer unas tapas como para cenar.<\/p>\n\n\n\n<p>En pleno centro de Melides se encuentra el restaurante <strong>O Fadista<\/strong>. Ideal para relajarse despu\u00e9s de un d\u00eda de playa, sentarse en la terraza y comer almejas, caracoles y ensaladas, acompa\u00f1ado de una cerveza fr\u00eda. Tambi\u00e9n sirve pasta de cangrejo y cerdo a la parrilla.<\/p>\n\n\n\n<p>El restaurante <strong>Tia Rosa<\/strong> y <strong>Quinta do Louren\u00e7o<\/strong> son otras dos opciones para probar el guiso de anguila, cordero y bacalao al horno, pasta de mero, \u201ccarne de porco \u00e0 alentejana\u201d (un plato t\u00edpico de la regi\u00f3n con cerdo y almejas) y migas.<\/p>\n","protected":false},"excerpt":{"rendered":"<p>No todo en la costa de Alentejo gira en torno a Comporta, el pueblo estrella de la costa portuguesa. La tranquila localidad de Melides est\u00e1 de moda por atraer al dise\u00f1ador Louboutin.<\/p>\n","protected":false},"author":135,"featured_media":98334,"comment_status":"open","ping_status":"open","sticky":false,"template":"","format":"standard","meta":{"_acf_changed":false,"om_disable_all_campaigns":false,"footnotes":""},"categories":[191],"tags":[2075,260,2460,5029,5030,538,212],"class_list":["post-59222","post","type-post","status-publish","format-standard","has-post-thumbnail","hentry","category-destinos","tag-alentejo","tag-articulo","tag-costa-vicentina","tag-grandola","tag-melides","tag-portugal","tag-pueblos"],"acf":[],"featured_image_src":"https:\/\/www.escapadarural.com\/blog\/wp-content\/uploads\/2024\/10\/Melides2-3.jpg","author_info":{"display_name":"\u00c2ngela Coelho","author_link":"https:\/\/www.escapadarural.com\/blog\/autor\/angela\/"},"yoast_head":"<!-- This site is optimized with the Yoast SEO plugin v27.5 - https:\/\/yoast.com\/product\/yoast-seo-wordpress\/ -->\n<title>El pueblo costero de Alentejo que enamor\u00f3 a Louboutin - EscapadaRural<\/title>\n<meta name=\"robots\" content=\"index, follow, max-snippet:-1, max-image-preview:large, max-video-preview:-1\" \/>\n<link rel=\"canonical\" href=\"https:\/\/www.escapadarural.com\/blog\/melides-pueblo-del-alentejo-louboutin\/\" \/>\n<meta property=\"og:locale\" content=\"es_ES\" \/>\n<meta property=\"og:type\" content=\"article\" \/>\n<meta property=\"og:title\" content=\"El pueblo costero de Alentejo que enamor\u00f3 a Louboutin - EscapadaRural\" \/>\n<meta property=\"og:description\" content=\"No todo en la costa de Alentejo gira en torno a Comporta, el pueblo estrella de la costa portuguesa. La tranquila localidad de Melides est\u00e1 de moda por atraer al dise\u00f1ador Louboutin.\" \/>\n<meta property=\"og:url\" content=\"https:\/\/www.escapadarural.com\/blog\/melides-pueblo-del-alentejo-louboutin\/\" \/>\n<meta property=\"og:site_name\" content=\"Magazine de viajes de EscapadaRural\" \/>\n<meta property=\"article:publisher\" content=\"https:\/\/www.facebook.com\/escapadarural\" \/>\n<meta property=\"article:published_time\" content=\"2023-04-03T10:06:03+00:00\" \/>\n<meta property=\"article:modified_time\" content=\"2025-03-17T15:16:13+00:00\" \/>\n<meta property=\"og:image\" content=\"https:\/\/www.escapadarural.com\/blog\/wp-content\/uploads\/2024\/10\/Melides2-3.jpg\" \/>\n\t<meta property=\"og:image:width\" content=\"1024\" \/>\n\t<meta property=\"og:image:height\" content=\"683\" \/>\n\t<meta property=\"og:image:type\" content=\"image\/jpeg\" \/>\n<meta name=\"author\" content=\"\u00c2ngela Coelho\" \/>\n<meta name=\"twitter:card\" content=\"summary_large_image\" \/>\n<meta name=\"twitter:label1\" content=\"Escrito por\" \/>\n\t<meta name=\"twitter:data1\" content=\"\u00c2ngela Coelho\" \/>\n\t<meta name=\"twitter:label2\" content=\"Tiempo de lectura\" \/>\n\t<meta name=\"twitter:data2\" content=\"7 minutos\" \/>\n<script type=\"application\/ld+json\" class=\"yoast-schema-graph\">{\"@context\":\"https:\\\/\\\/schema.org\",\"@graph\":[{\"@type\":\"Article\",\"@id\":\"https:\\\/\\\/www.escapadarural.com\\\/blog\\\/melides-pueblo-del-alentejo-louboutin\\\/#article\",\"isPartOf\":{\"@id\":\"https:\\\/\\\/www.escapadarural.com\\\/blog\\\/melides-pueblo-del-alentejo-louboutin\\\/\"},\"author\":{\"name\":\"\u00c2ngela Coelho\",\"@id\":\"https:\\\/\\\/www.escapadarural.com\\\/blog\\\/#\\\/schema\\\/person\\\/27db72653db008ab82e5d7fe93d09972\"},\"headline\":\"El pueblo costero de Alentejo que enamor\u00f3 a Louboutin\",\"datePublished\":\"2023-04-03T10:06:03+00:00\",\"dateModified\":\"2025-03-17T15:16:13+00:00\",\"mainEntityOfPage\":{\"@id\":\"https:\\\/\\\/www.escapadarural.com\\\/blog\\\/melides-pueblo-del-alentejo-louboutin\\\/\"},\"wordCount\":1124,\"commentCount\":0,\"publisher\":{\"@id\":\"https:\\\/\\\/www.escapadarural.com\\\/blog\\\/#organization\"},\"image\":{\"@id\":\"https:\\\/\\\/www.escapadarural.com\\\/blog\\\/melides-pueblo-del-alentejo-louboutin\\\/#primaryimage\"},\"thumbnailUrl\":\"https:\\\/\\\/www.escapadarural.com\\\/blog\\\/wp-content\\\/uploads\\\/2024\\\/10\\\/Melides2-3.jpg\",\"keywords\":[\"Alentejo\",\"art\u00edculo\",\"costa vicentina\",\"gr\u00e2ndola\",\"melides\",\"portugal\",\"pueblos\"],\"articleSection\":[\"Destinos\"],\"inLanguage\":\"es\",\"potentialAction\":[{\"@type\":\"CommentAction\",\"name\":\"Comment\",\"target\":[\"https:\\\/\\\/www.escapadarural.com\\\/blog\\\/melides-pueblo-del-alentejo-louboutin\\\/#respond\"]}]},{\"@type\":\"WebPage\",\"@id\":\"https:\\\/\\\/www.escapadarural.com\\\/blog\\\/melides-pueblo-del-alentejo-louboutin\\\/\",\"url\":\"https:\\\/\\\/www.escapadarural.com\\\/blog\\\/melides-pueblo-del-alentejo-louboutin\\\/\",\"name\":\"El pueblo costero de Alentejo que enamor\u00f3 a Louboutin - EscapadaRural\",\"isPartOf\":{\"@id\":\"https:\\\/\\\/www.escapadarural.com\\\/blog\\\/#website\"},\"primaryImageOfPage\":{\"@id\":\"https:\\\/\\\/www.escapadarural.com\\\/blog\\\/melides-pueblo-del-alentejo-louboutin\\\/#primaryimage\"},\"image\":{\"@id\":\"https:\\\/\\\/www.escapadarural.com\\\/blog\\\/melides-pueblo-del-alentejo-louboutin\\\/#primaryimage\"},\"thumbnailUrl\":\"https:\\\/\\\/www.escapadarural.com\\\/blog\\\/wp-content\\\/uploads\\\/2024\\\/10\\\/Melides2-3.jpg\",\"datePublished\":\"2023-04-03T10:06:03+00:00\",\"dateModified\":\"2025-03-17T15:16:13+00:00\",\"breadcrumb\":{\"@id\":\"https:\\\/\\\/www.escapadarural.com\\\/blog\\\/melides-pueblo-del-alentejo-louboutin\\\/#breadcrumb\"},\"inLanguage\":\"es\",\"potentialAction\":[{\"@type\":\"ReadAction\",\"target\":[\"https:\\\/\\\/www.escapadarural.com\\\/blog\\\/melides-pueblo-del-alentejo-louboutin\\\/\"]}]},{\"@type\":\"ImageObject\",\"inLanguage\":\"es\",\"@id\":\"https:\\\/\\\/www.escapadarural.com\\\/blog\\\/melides-pueblo-del-alentejo-louboutin\\\/#primaryimage\",\"url\":\"https:\\\/\\\/www.escapadarural.com\\\/blog\\\/wp-content\\\/uploads\\\/2024\\\/10\\\/Melides2-3.jpg\",\"contentUrl\":\"https:\\\/\\\/www.escapadarural.com\\\/blog\\\/wp-content\\\/uploads\\\/2024\\\/10\\\/Melides2-3.jpg\",\"width\":1024,\"height\":683,\"caption\":\"Melides, en el Alentejo. Por Janina Dierks\"},{\"@type\":\"BreadcrumbList\",\"@id\":\"https:\\\/\\\/www.escapadarural.com\\\/blog\\\/melides-pueblo-del-alentejo-louboutin\\\/#breadcrumb\",\"itemListElement\":[{\"@type\":\"ListItem\",\"position\":1,\"name\":\"Inicio\",\"item\":\"https:\\\/\\\/www.escapadarural.com\\\/blog\\\/\"},{\"@type\":\"ListItem\",\"position\":2,\"name\":\"Destinos\",\"item\":\"https:\\\/\\\/www.escapadarural.com\\\/blog\\\/categoria\\\/destinos\\\/\"},{\"@type\":\"ListItem\",\"position\":3,\"name\":\"El pueblo costero de Alentejo que enamor\u00f3 a Louboutin\"}]},{\"@type\":\"WebSite\",\"@id\":\"https:\\\/\\\/www.escapadarural.com\\\/blog\\\/#website\",\"url\":\"https:\\\/\\\/www.escapadarural.com\\\/blog\\\/\",\"name\":\"Blog de viajes | turismo rural, alojamientos e inspiraci\u00f3n\",\"description\":\"Alojamientos rurales e inspiraci\u00f3n para tus escapadas\",\"publisher\":{\"@id\":\"https:\\\/\\\/www.escapadarural.com\\\/blog\\\/#organization\"},\"alternateName\":\"Magazine de viajes de EscapadaRural\",\"potentialAction\":[{\"@type\":\"SearchAction\",\"target\":{\"@type\":\"EntryPoint\",\"urlTemplate\":\"https:\\\/\\\/www.escapadarural.com\\\/blog\\\/?s={search_term_string}\"},\"query-input\":{\"@type\":\"PropertyValueSpecification\",\"valueRequired\":true,\"valueName\":\"search_term_string\"}}],\"inLanguage\":\"es\"},{\"@type\":\"Organization\",\"@id\":\"https:\\\/\\\/www.escapadarural.com\\\/blog\\\/#organization\",\"name\":\"EscapadaRural\",\"url\":\"https:\\\/\\\/www.escapadarural.com\\\/blog\\\/\",\"logo\":{\"@type\":\"ImageObject\",\"inLanguage\":\"es\",\"@id\":\"https:\\\/\\\/www.escapadarural.com\\\/blog\\\/#\\\/schema\\\/logo\\\/image\\\/\",\"url\":\"https:\\\/\\\/www.escapadarural.com\\\/blog\\\/wp-content\\\/uploads\\\/2024\\\/10\\\/cropped-cropped-escapada-rural-icon-mag-3.png\",\"contentUrl\":\"https:\\\/\\\/www.escapadarural.com\\\/blog\\\/wp-content\\\/uploads\\\/2024\\\/10\\\/cropped-cropped-escapada-rural-icon-mag-3.png\",\"width\":512,\"height\":512,\"caption\":\"EscapadaRural\"},\"image\":{\"@id\":\"https:\\\/\\\/www.escapadarural.com\\\/blog\\\/#\\\/schema\\\/logo\\\/image\\\/\"},\"sameAs\":[\"https:\\\/\\\/www.facebook.com\\\/escapadarural\",\"https:\\\/\\\/www.instagram.com\\\/escapadarural\\\/\",\"https:\\\/\\\/www.youtube.com\\\/@escapadaruralcom\"]},{\"@type\":\"Person\",\"@id\":\"https:\\\/\\\/www.escapadarural.com\\\/blog\\\/#\\\/schema\\\/person\\\/27db72653db008ab82e5d7fe93d09972\",\"name\":\"\u00c2ngela Coelho\",\"image\":{\"@type\":\"ImageObject\",\"inLanguage\":\"es\",\"@id\":\"https:\\\/\\\/secure.gravatar.com\\\/avatar\\\/266007c4d733a1352809d25c72c8c5b058255e48028e729b91b5970cdc3b19ab?s=96&d=mm&r=g\",\"url\":\"https:\\\/\\\/secure.gravatar.com\\\/avatar\\\/266007c4d733a1352809d25c72c8c5b058255e48028e729b91b5970cdc3b19ab?s=96&d=mm&r=g\",\"contentUrl\":\"https:\\\/\\\/secure.gravatar.com\\\/avatar\\\/266007c4d733a1352809d25c72c8c5b058255e48028e729b91b5970cdc3b19ab?s=96&d=mm&r=g\",\"caption\":\"\u00c2ngela Coelho\"},\"url\":\"https:\\\/\\\/www.escapadarural.com\\\/blog\\\/autor\\\/angela\\\/\"}]}<\/script>\n<!-- \/ Yoast SEO plugin. -->","yoast_head_json":{"title":"El pueblo costero de Alentejo que enamor\u00f3 a Louboutin - EscapadaRural","robots":{"index":"index","follow":"follow","max-snippet":"max-snippet:-1","max-image-preview":"max-image-preview:large","max-video-preview":"max-video-preview:-1"},"canonical":"https:\/\/www.escapadarural.com\/blog\/melides-pueblo-del-alentejo-louboutin\/","og_locale":"es_ES","og_type":"article","og_title":"El pueblo costero de Alentejo que enamor\u00f3 a Louboutin - EscapadaRural","og_description":"No todo en la costa de Alentejo gira en torno a Comporta, el pueblo estrella de la costa portuguesa. La tranquila localidad de Melides est\u00e1 de moda por atraer al dise\u00f1ador Louboutin.","og_url":"https:\/\/www.escapadarural.com\/blog\/melides-pueblo-del-alentejo-louboutin\/","og_site_name":"Magazine de viajes de EscapadaRural","article_publisher":"https:\/\/www.facebook.com\/escapadarural","article_published_time":"2023-04-03T10:06:03+00:00","article_modified_time":"2025-03-17T15:16:13+00:00","og_image":[{"width":1024,"height":683,"url":"https:\/\/www.escapadarural.com\/blog\/wp-content\/uploads\/2024\/10\/Melides2-3.jpg","type":"image\/jpeg"}],"author":"\u00c2ngela Coelho","twitter_card":"summary_large_image","twitter_misc":{"Escrito por":"\u00c2ngela Coelho","Tiempo de lectura":"7 minutos"},"schema":{"@context":"https:\/\/schema.org","@graph":[{"@type":"Article","@id":"https:\/\/www.escapadarural.com\/blog\/melides-pueblo-del-alentejo-louboutin\/#article","isPartOf":{"@id":"https:\/\/www.escapadarural.com\/blog\/melides-pueblo-del-alentejo-louboutin\/"},"author":{"name":"\u00c2ngela Coelho","@id":"https:\/\/www.escapadarural.com\/blog\/#\/schema\/person\/27db72653db008ab82e5d7fe93d09972"},"headline":"El pueblo costero de Alentejo que enamor\u00f3 a Louboutin","datePublished":"2023-04-03T10:06:03+00:00","dateModified":"2025-03-17T15:16:13+00:00","mainEntityOfPage":{"@id":"https:\/\/www.escapadarural.com\/blog\/melides-pueblo-del-alentejo-louboutin\/"},"wordCount":1124,"commentCount":0,"publisher":{"@id":"https:\/\/www.escapadarural.com\/blog\/#organization"},"image":{"@id":"https:\/\/www.escapadarural.com\/blog\/melides-pueblo-del-alentejo-louboutin\/#primaryimage"},"thumbnailUrl":"https:\/\/www.escapadarural.com\/blog\/wp-content\/uploads\/2024\/10\/Melides2-3.jpg","keywords":["Alentejo","art\u00edculo","costa vicentina","gr\u00e2ndola","melides","portugal","pueblos"],"articleSection":["Destinos"],"inLanguage":"es","potentialAction":[{"@type":"CommentAction","name":"Comment","target":["https:\/\/www.escapadarural.com\/blog\/melides-pueblo-del-alentejo-louboutin\/#respond"]}]},{"@type":"WebPage","@id":"https:\/\/www.escapadarural.com\/blog\/melides-pueblo-del-alentejo-louboutin\/","url":"https:\/\/www.escapadarural.com\/blog\/melides-pueblo-del-alentejo-louboutin\/","name":"El pueblo costero de Alentejo que enamor\u00f3 a Louboutin - EscapadaRural","isPartOf":{"@id":"https:\/\/www.escapadarural.com\/blog\/#website"},"primaryImageOfPage":{"@id":"https:\/\/www.escapadarural.com\/blog\/melides-pueblo-del-alentejo-louboutin\/#primaryimage"},"image":{"@id":"https:\/\/www.escapadarural.com\/blog\/melides-pueblo-del-alentejo-louboutin\/#primaryimage"},"thumbnailUrl":"https:\/\/www.escapadarural.com\/blog\/wp-content\/uploads\/2024\/10\/Melides2-3.jpg","datePublished":"2023-04-03T10:06:03+00:00","dateModified":"2025-03-17T15:16:13+00:00","breadcrumb":{"@id":"https:\/\/www.escapadarural.com\/blog\/melides-pueblo-del-alentejo-louboutin\/#breadcrumb"},"inLanguage":"es","potentialAction":[{"@type":"ReadAction","target":["https:\/\/www.escapadarural.com\/blog\/melides-pueblo-del-alentejo-louboutin\/"]}]},{"@type":"ImageObject","inLanguage":"es","@id":"https:\/\/www.escapadarural.com\/blog\/melides-pueblo-del-alentejo-louboutin\/#primaryimage","url":"https:\/\/www.escapadarural.com\/blog\/wp-content\/uploads\/2024\/10\/Melides2-3.jpg","contentUrl":"https:\/\/www.escapadarural.com\/blog\/wp-content\/uploads\/2024\/10\/Melides2-3.jpg","width":1024,"height":683,"caption":"Melides, en el Alentejo. Por Janina Dierks"},{"@type":"BreadcrumbList","@id":"https:\/\/www.escapadarural.com\/blog\/melides-pueblo-del-alentejo-louboutin\/#breadcrumb","itemListElement":[{"@type":"ListItem","position":1,"name":"Inicio","item":"https:\/\/www.escapadarural.com\/blog\/"},{"@type":"ListItem","position":2,"name":"Destinos","item":"https:\/\/www.escapadarural.com\/blog\/categoria\/destinos\/"},{"@type":"ListItem","position":3,"name":"El pueblo costero de Alentejo que enamor\u00f3 a Louboutin"}]},{"@type":"WebSite","@id":"https:\/\/www.escapadarural.com\/blog\/#website","url":"https:\/\/www.escapadarural.com\/blog\/","name":"Blog de viajes | turismo rural, alojamientos e inspiraci\u00f3n","description":"Alojamientos rurales e inspiraci\u00f3n para tus escapadas","publisher":{"@id":"https:\/\/www.escapadarural.com\/blog\/#organization"},"alternateName":"Magazine de viajes de EscapadaRural","potentialAction":[{"@type":"SearchAction","target":{"@type":"EntryPoint","urlTemplate":"https:\/\/www.escapadarural.com\/blog\/?s={search_term_string}"},"query-input":{"@type":"PropertyValueSpecification","valueRequired":true,"valueName":"search_term_string"}}],"inLanguage":"es"},{"@type":"Organization","@id":"https:\/\/www.escapadarural.com\/blog\/#organization","name":"EscapadaRural","url":"https:\/\/www.escapadarural.com\/blog\/","logo":{"@type":"ImageObject","inLanguage":"es","@id":"https:\/\/www.escapadarural.com\/blog\/#\/schema\/logo\/image\/","url":"https:\/\/www.escapadarural.com\/blog\/wp-content\/uploads\/2024\/10\/cropped-cropped-escapada-rural-icon-mag-3.png","contentUrl":"https:\/\/www.escapadarural.com\/blog\/wp-content\/uploads\/2024\/10\/cropped-cropped-escapada-rural-icon-mag-3.png","width":512,"height":512,"caption":"EscapadaRural"},"image":{"@id":"https:\/\/www.escapadarural.com\/blog\/#\/schema\/logo\/image\/"},"sameAs":["https:\/\/www.facebook.com\/escapadarural","https:\/\/www.instagram.com\/escapadarural\/","https:\/\/www.youtube.com\/@escapadaruralcom"]},{"@type":"Person","@id":"https:\/\/www.escapadarural.com\/blog\/#\/schema\/person\/27db72653db008ab82e5d7fe93d09972","name":"\u00c2ngela Coelho","image":{"@type":"ImageObject","inLanguage":"es","@id":"https:\/\/secure.gravatar.com\/avatar\/266007c4d733a1352809d25c72c8c5b058255e48028e729b91b5970cdc3b19ab?s=96&d=mm&r=g","url":"https:\/\/secure.gravatar.com\/avatar\/266007c4d733a1352809d25c72c8c5b058255e48028e729b91b5970cdc3b19ab?s=96&d=mm&r=g","contentUrl":"https:\/\/secure.gravatar.com\/avatar\/266007c4d733a1352809d25c72c8c5b058255e48028e729b91b5970cdc3b19ab?s=96&d=mm&r=g","caption":"\u00c2ngela Coelho"},"url":"https:\/\/www.escapadarural.com\/blog\/autor\/angela\/"}]}},"_links":{"self":[{"href":"https:\/\/www.escapadarural.com\/blog\/wp-json\/wp\/v2\/posts\/59222","targetHints":{"allow":["GET"]}}],"collection":[{"href":"https:\/\/www.escapadarural.com\/blog\/wp-json\/wp\/v2\/posts"}],"about":[{"href":"https:\/\/www.escapadarural.com\/blog\/wp-json\/wp\/v2\/types\/post"}],"author":[{"embeddable":true,"href":"https:\/\/www.escapadarural.com\/blog\/wp-json\/wp\/v2\/users\/135"}],"replies":[{"embeddable":true,"href":"https:\/\/www.escapadarural.com\/blog\/wp-json\/wp\/v2\/comments?post=59222"}],"version-history":[{"count":0,"href":"https:\/\/www.escapadarural.com\/blog\/wp-json\/wp\/v2\/posts\/59222\/revisions"}],"wp:featuredmedia":[{"embeddable":true,"href":"https:\/\/www.escapadarural.com\/blog\/wp-json\/wp\/v2\/media\/98334"}],"wp:attachment":[{"href":"https:\/\/www.escapadarural.com\/blog\/wp-json\/wp\/v2\/media?parent=59222"}],"wp:term":[{"taxonomy":"category","embeddable":true,"href":"https:\/\/www.escapadarural.com\/blog\/wp-json\/wp\/v2\/categories?post=59222"},{"taxonomy":"post_tag","embeddable":true,"href":"https:\/\/www.escapadarural.com\/blog\/wp-json\/wp\/v2\/tags?post=59222"}],"curies":[{"name":"wp","href":"https:\/\/api.w.org\/{rel}","templated":true}]}}