{"id":59264,"date":"2023-04-13T09:03:45","date_gmt":"2023-04-13T08:03:45","guid":{"rendered":"https:\/\/www.escapadarural.com\/blog\/?p=59264"},"modified":"2025-03-10T13:08:58","modified_gmt":"2025-03-10T11:08:58","slug":"pueblos-medievales-en-la-costa-brava","status":"publish","type":"post","link":"https:\/\/www.escapadarural.com\/blog\/pueblos-medievales-en-la-costa-brava\/","title":{"rendered":"7 pueblos medievales en la Costa Brava para viajar al pasado"},"content":{"rendered":"\n<p>Lo medieval gusta. Puede ser una generalizaci\u00f3n, pero solo hay que fijarse en la cantidad de visitantes que recibe un pueblo que a\u00fan conserva patrimonio de la \u00e9poca, como puede ser <a href=\"https:\/\/www.escapadarural.com\/casas-rurales\/besalu\"><strong>Besal\u00fa<\/strong><\/a>, en Girona. Por sus calles transitan miles de visitantes cada a\u00f1o que se maravillan con el puente rom\u00e1nico (ideal para hacerse la foto) por el que se entra a la localidad, con el empedrado de los edificios e incluso con las tiendas de recuerdos <strong>inspirados en la Edad Media<\/strong>, que incluyen escudos y espadas de madera para los m\u00e1s peque\u00f1os (o no tanto).<\/p>\n\n\n\n<p>No es el \u00fanico, porque <strong>el territorio espa\u00f1ol est\u00e1 bien nutrido<\/strong> de recuerdos de la \u00e9poca de los caballeros ataviados con cota de malla. De hecho, en la misma provincia en la que se encuentra el pueblo mencionado hay una buena concentraci\u00f3n. La <a href=\"https:\/\/www.escapadarural.com\/casas-rurales\/costa-brava\">Costa Brava<\/a>, una de las zonas m\u00e1s apreciadas de los amantes de la playa, aporta a la <strong>lista de pueblos medievales<\/strong> de la pen\u00ednsula una buena cantidad de nombres. Estos son siete de ellos:<\/p>\n\n\n\n<h2 class=\"wp-block-heading\" id=\"h-tossa-de-mar\"><a href=\"https:\/\/www.escapadarural.com\/casas-rurales\/tossa-de-mar\"><strong>Tossa de Mar<\/strong><\/a><\/h2>\n\n\n\n<figure class=\"wp-block-image size-large\"><img loading=\"lazy\" decoding=\"async\" width=\"1024\" height=\"683\" src=\"https:\/\/www.escapadarural.com\/blog\/wp-content\/uploads\/2021\/03\/AdobeStock_211194842_tossa_de_mar-1024x683.webp\" alt=\"Tossa de Mar, Girona. Por Boris Stroujko\" class=\"wp-image-193985\" srcset=\"https:\/\/www.escapadarural.com\/blog\/wp-content\/uploads\/2021\/03\/AdobeStock_211194842_tossa_de_mar-200x133.webp 200w, https:\/\/www.escapadarural.com\/blog\/wp-content\/uploads\/2021\/03\/AdobeStock_211194842_tossa_de_mar-300x200.webp 300w, https:\/\/www.escapadarural.com\/blog\/wp-content\/uploads\/2021\/03\/AdobeStock_211194842_tossa_de_mar-400x267.webp 400w, https:\/\/www.escapadarural.com\/blog\/wp-content\/uploads\/2021\/03\/AdobeStock_211194842_tossa_de_mar-600x400.webp 600w, https:\/\/www.escapadarural.com\/blog\/wp-content\/uploads\/2021\/03\/AdobeStock_211194842_tossa_de_mar-768x513.webp 768w, https:\/\/www.escapadarural.com\/blog\/wp-content\/uploads\/2021\/03\/AdobeStock_211194842_tossa_de_mar-800x534.webp 800w, https:\/\/www.escapadarural.com\/blog\/wp-content\/uploads\/2021\/03\/AdobeStock_211194842_tossa_de_mar-1024x683.webp 1024w, https:\/\/www.escapadarural.com\/blog\/wp-content\/uploads\/2021\/03\/AdobeStock_211194842_tossa_de_mar-1200x801.webp 1200w, https:\/\/www.escapadarural.com\/blog\/wp-content\/uploads\/2021\/03\/AdobeStock_211194842_tossa_de_mar-1536x1025.webp 1536w\" sizes=\"auto, (max-width: 1024px) 100vw, 1024px\" \/><figcaption class=\"wp-element-caption\">Tossa de Mar, Girona. Por Boris Stroujko<\/figcaption><\/figure>\n\n\n\n<p>El recinto amurallado de la Vila Vella, declarado Monumento Hist\u00f3rico Art\u00edstico Nacional en el a\u00f1o 1931, deja boquiabiertos a todos los visitantes. Es el<strong> \u00fanico ejemplo de poblaci\u00f3n medieval fortificada<\/strong> que a\u00fan se conserva en la costa de Catalu\u00f1a. Aunque se construy\u00f3 a finales del siglo XII, lo que se puede ver hoy es el resultado de numerosas reconstrucciones llevadas a cabo sobre todo entre finales del siglo XIV y el siglo XVIII.&nbsp;<\/p>\n\n\n\n<p>Casi la totalidad de su per\u00edmetro original est\u00e1 conservado, as\u00ed como la torre d\u2019en Jon\u00e0s, la torre de les Hores y la torre d\u2019es Codolar, tambi\u00e9n conocida como torre del homenaje. En la parte m\u00e1s alta de esta zona amurallada estaba el castillo, pero ahora hay un faro. Entre otros monumentos de inter\u00e9s tambi\u00e9n est\u00e1 la iglesia rom\u00e1nica de San Vicente, construida en el siglo XV sobre los restos de un templo rom\u00e1nico del siglo XII.&nbsp;<\/p>\n\n\n\n<h2 class=\"wp-block-heading\" id=\"h-pals\"><a href=\"https:\/\/www.escapadarural.com\/casas-rurales\/pals\"><strong>Pals<\/strong><\/a><\/h2>\n\n\n\n<figure class=\"wp-block-image size-full\"><img loading=\"lazy\" decoding=\"async\" width=\"1024\" height=\"683\" src=\"https:\/\/www.escapadarural.com\/blog\/wp-content\/uploads\/2023\/10\/19_PueblosMedievales_Pals_zkcristian_AdobeStock_216433985_WP10.webp\" alt=\"Pals (Girona).\" class=\"wp-image-194650\" srcset=\"https:\/\/www.escapadarural.com\/blog\/wp-content\/uploads\/2023\/10\/19_PueblosMedievales_Pals_zkcristian_AdobeStock_216433985_WP10-200x133.webp 200w, https:\/\/www.escapadarural.com\/blog\/wp-content\/uploads\/2023\/10\/19_PueblosMedievales_Pals_zkcristian_AdobeStock_216433985_WP10-300x200.webp 300w, https:\/\/www.escapadarural.com\/blog\/wp-content\/uploads\/2023\/10\/19_PueblosMedievales_Pals_zkcristian_AdobeStock_216433985_WP10-400x267.webp 400w, https:\/\/www.escapadarural.com\/blog\/wp-content\/uploads\/2023\/10\/19_PueblosMedievales_Pals_zkcristian_AdobeStock_216433985_WP10-600x400.webp 600w, https:\/\/www.escapadarural.com\/blog\/wp-content\/uploads\/2023\/10\/19_PueblosMedievales_Pals_zkcristian_AdobeStock_216433985_WP10-768x512.webp 768w, https:\/\/www.escapadarural.com\/blog\/wp-content\/uploads\/2023\/10\/19_PueblosMedievales_Pals_zkcristian_AdobeStock_216433985_WP10-800x534.webp 800w, https:\/\/www.escapadarural.com\/blog\/wp-content\/uploads\/2023\/10\/19_PueblosMedievales_Pals_zkcristian_AdobeStock_216433985_WP10.webp 1024w\" sizes=\"auto, (max-width: 1024px) 100vw, 1024px\" \/><figcaption class=\"wp-element-caption\">Pals (Girona). Por zkcristian.<\/figcaption><\/figure>\n\n\n\n<p>Se trata de una peque\u00f1a joya medieval situada en la comarca del<strong> <\/strong><a href=\"https:\/\/www.escapadarural.com\/casas-rurales\/baix-emporda\">Baix Empord\u00e0<\/a>. Era el lugar preferido del famoso <strong>escritor y periodista Josep Pla<\/strong>, que llevaba a todos sus conocidos al mirador que ahora lleva su nombre, uno de los puntos m\u00e1s atractivos de la localidad.&nbsp;<\/p>\n\n\n\n<p>La Oficina de Turismo recomienda una ruta sencilla para conocer la villa medieval. Esta comienza desde Ca Pruna, una casa del siglo&nbsp; XV-XVI que ahora es la Casa de la Cultura de Pals. De ah\u00ed, se llega a la Plaza Mayor, caminando por la calle Creus, donde est\u00e1 el arco g\u00f3tico por el que se entra al recinto amurallado.&nbsp;<\/p>\n\n\n\n<p>All\u00ed est\u00e1 la <strong>torre de las Horas<\/strong>, que data del siglo XI-XII, mide 15 metros y es lo \u00fanico que se conserva del castillo que se demoli\u00f3 en el siglo XV. Su nombre viene del campanario g\u00f3tico que se instal\u00f3 en su interior. La iglesia de Sant Pere y el mirador del escritor son los otros dos puntos clave del pueblo. <\/p>\n\n\n\n<p>Pals es uno de los pueblos medievales en la Costa Brava m\u00e1s populares, por lo que durante festivos y \u00e9poca estival es posible encontrarse gran cantidad de turistas. <\/p>\n\n\n\n<h2 class=\"wp-block-heading\" id=\"h-begur\"><a href=\"https:\/\/www.escapadarural.com\/casas-rurales?l=begur\"><strong>Begur<\/strong><\/a><\/h2>\n\n\n\n<figure class=\"wp-block-image size-full\"><img loading=\"lazy\" decoding=\"async\" width=\"585\" height=\"390\" src=\"https:\/\/www.escapadarural.com\/blog\/wp-content\/uploads\/2024\/10\/Begur-1-585x390-1.jpg\" alt=\"Begur\" class=\"wp-image-97301\" srcset=\"https:\/\/www.escapadarural.com\/blog\/wp-content\/uploads\/2024\/10\/Begur-1-585x390-1-200x133.jpg 200w, https:\/\/www.escapadarural.com\/blog\/wp-content\/uploads\/2024\/10\/Begur-1-585x390-1-300x200.jpg 300w, https:\/\/www.escapadarural.com\/blog\/wp-content\/uploads\/2024\/10\/Begur-1-585x390-1-400x267.jpg 400w, https:\/\/www.escapadarural.com\/blog\/wp-content\/uploads\/2024\/10\/Begur-1-585x390-1.jpg 585w\" sizes=\"auto, (max-width: 585px) 100vw, 585px\" \/><figcaption class=\"wp-element-caption\">Begur<\/figcaption><\/figure>\n\n\n\n<p>Puede que muchos espectadores no lo sepan, pero el castillo en el que se rod\u00f3 la escena final de la pel\u00edcula <em><strong>De repente, el \u00faltimo verano<\/strong><\/em> protagonizada por Liz Taylor y Montgomery Cliff es el que corona Begur. El glamour de Hollywood lleg\u00f3 en 1951, pero el edificio data del siglo XI, aunque lo que se conserva actualmente es el fruto de numerosas remodelaciones ya que las contiendas que vivi\u00f3 dejaron su huella en \u00e9l, muchas veces demasiado profunda.<\/p>\n\n\n\n<p>Adem\u00e1s del castillo, el pueblo tambi\u00e9n tiene otros ejemplos de inter\u00e9s arquitect\u00f3nico como la iglesia rom\u00e1nica de San Esteban de Esclany\u00e0, las torres de defensa del siglo XVI y las casas de indianos, construidas por aquellos que emigraron a Am\u00e9rica y volvieron cargados con el dinero con el que levantaron estos peque\u00f1os palacetes.&nbsp;<\/p>\n\n\n\n<p>Aquellos que quieran conocer las mejores calas del municipio como <strong>Sa Tuna, Aiguablava o Sa Riera<\/strong> pueden seguir alg\u00fan <a href=\"https:\/\/www.escapadarural.com\/blog\/los-caminos-de-ronda\/\">Camino de Ronda<\/a>: son senderos que recorren la costa y permiten llegar a esas playas. Antiguamente se utilizaban para vigilar el horizonte ante posibles invasiones piratas o para operaciones de contrabando.&nbsp;<\/p>\n\n\n\n<h2 class=\"wp-block-heading\" id=\"h-peratallada\"><a href=\"https:\/\/www.escapadarural.com\/casas-rurales\/peratallada\"><strong>Peratallada<\/strong><\/a><\/h2>\n\n\n\n<figure class=\"wp-block-image size-full\"><img loading=\"lazy\" decoding=\"async\" width=\"1000\" height=\"667\" src=\"https:\/\/www.escapadarural.com\/blog\/wp-content\/uploads\/2024\/10\/Peratallada.jpg\" alt=\"Peratallada (Girona).\" class=\"wp-image-100809\" srcset=\"https:\/\/www.escapadarural.com\/blog\/wp-content\/uploads\/2024\/10\/Peratallada-200x133.jpg 200w, https:\/\/www.escapadarural.com\/blog\/wp-content\/uploads\/2024\/10\/Peratallada-300x200.jpg 300w, https:\/\/www.escapadarural.com\/blog\/wp-content\/uploads\/2024\/10\/Peratallada-400x267.jpg 400w, https:\/\/www.escapadarural.com\/blog\/wp-content\/uploads\/2024\/10\/Peratallada-600x400.jpg 600w, https:\/\/www.escapadarural.com\/blog\/wp-content\/uploads\/2024\/10\/Peratallada-768x512.jpg 768w, https:\/\/www.escapadarural.com\/blog\/wp-content\/uploads\/2024\/10\/Peratallada-800x534.jpg 800w, https:\/\/www.escapadarural.com\/blog\/wp-content\/uploads\/2024\/10\/Peratallada.jpg 1000w\" sizes=\"auto, (max-width: 1000px) 100vw, 1000px\" \/><figcaption class=\"wp-element-caption\">Peratallada (Girona). <\/figcaption><\/figure>\n\n\n\n<p>Esta peque\u00f1a localidad medieval est\u00e1 tan bien conservada que tiene el reconocimiento de Conjunto Hist\u00f3rico-Art\u00edstico. Merece la pena recorrer sus calles empedradas con tranquilidad y disfrutar de sus atractivos arquitect\u00f3nicos como la iglesia consagrada a San Esteban, que data del siglo XII con detalles a\u00f1adidos en los siglos posteriores XVI y XVI. Un detalle curioso es que est\u00e1 construida fuera del per\u00edmetro de la muralla y no se puede acceder a su interior, donde reposan los restos del se\u00f1or feudal Gilabert de Cru\u00eflles.<\/p>\n\n\n\n<p>El otro monumento destacado es<strong> el castillo-palacio<\/strong>, cuya fecha de construcci\u00f3n es 1065. Se edific\u00f3 sobre<strong> una roca natural que despu\u00e9s se cort\u00f3<\/strong> para que fuese vertical (de ah\u00ed el nombre del pueblo, en castellano \u2018piedra cortada\u2019). Su torre del homenaje mide ocho metros y sus actuales propietarios son los condes de Torroella de Montgr\u00ed.<\/p>\n\n\n\n<p>Al igual que Pals, Peratallada tambi\u00e9n es uno de los pueblos medievales en la Costa Brava m\u00e1s visitados. <\/p>\n\n\n\n<h2 class=\"wp-block-heading\" id=\"h-castello-d-empuries\"><a href=\"https:\/\/www.escapadarural.com\/casas-rurales?l=castello-d-empuries\"><strong>Castell\u00f3 d&#8217;Emp\u00faries<\/strong><\/a><\/h2>\n\n\n\n<p>Los amantes de las recreaciones hist\u00f3ricas, y en concreto de las medievales, tienen una cita obligada en septiembre: el <strong><a href=\"https:\/\/www.terradetrobadors.com\/\" target=\"_blank\" rel=\"noreferrer noopener nofollow\">Festival Terra de Trobadors<\/a><\/strong>. En dichas jornadas, diversos artistas recrean el esplendor medieval que el pueblo tuvo en el pasado a modo de trovadores y hay m\u00fasica, danza y teatro en la calle.&nbsp;<\/p>\n\n\n\n<p>Estos actos se desarrollan por las calles de esta villa que tiene, entre sus edificios m\u00e1s emblem\u00e1ticos, a la conocida como catedral de l\u2019Empord\u00e0. Se trata de la bas\u00edlica de Santa Mar\u00eda<strong>,<\/strong> que data del siglo XIII. En su interior se encuentra el museo parroquial, conocido como <strong>El Tesoro<\/strong>, en el que se puede ver una colecci\u00f3n de orfebrer\u00eda religiosa.<\/p>\n\n\n\n<p>Asimismo, tambi\u00e9n se puede observar la puerta Gallarda, la \u00fanica que queda del recinto fortificado que en su d\u00eda tuvo ocho y pasear por las calles del pueblo en las que a\u00fan se conservan casas se\u00f1oriales que se remontan al siglo XIII.<\/p>\n\n\n\n<h2 class=\"wp-block-heading\" id=\"h-sant-marti-d-empuries\"><strong>Sant Mart\u00ed d&#8217;Emp\u00faries<\/strong><\/h2>\n\n\n\n<figure class=\"wp-block-image size-full\"><img loading=\"lazy\" decoding=\"async\" width=\"1024\" height=\"683\" src=\"https:\/\/www.escapadarural.com\/blog\/wp-content\/uploads\/2024\/10\/Sant-Marti-Empuries-1024x683-1.jpg\" alt=\"Sant Mart\u00ed d'Emp\u00faries\" class=\"wp-image-96300\" srcset=\"https:\/\/www.escapadarural.com\/blog\/wp-content\/uploads\/2024\/10\/Sant-Marti-Empuries-1024x683-1-200x133.jpg 200w, https:\/\/www.escapadarural.com\/blog\/wp-content\/uploads\/2024\/10\/Sant-Marti-Empuries-1024x683-1-300x200.jpg 300w, https:\/\/www.escapadarural.com\/blog\/wp-content\/uploads\/2024\/10\/Sant-Marti-Empuries-1024x683-1-400x267.jpg 400w, https:\/\/www.escapadarural.com\/blog\/wp-content\/uploads\/2024\/10\/Sant-Marti-Empuries-1024x683-1-600x400.jpg 600w, https:\/\/www.escapadarural.com\/blog\/wp-content\/uploads\/2024\/10\/Sant-Marti-Empuries-1024x683-1-768x512.jpg 768w, https:\/\/www.escapadarural.com\/blog\/wp-content\/uploads\/2024\/10\/Sant-Marti-Empuries-1024x683-1-800x534.jpg 800w, https:\/\/www.escapadarural.com\/blog\/wp-content\/uploads\/2024\/10\/Sant-Marti-Empuries-1024x683-1.jpg 1024w\" sizes=\"auto, (max-width: 1024px) 100vw, 1024px\" \/><figcaption class=\"wp-element-caption\">Sant Mart\u00ed d&#8217;Emp\u00faries<\/figcaption><\/figure>\n\n\n\n<p>Aunque ahora es una especie de barrio de <a href=\"https:\/\/www.escapadarural.com\/casas-rurales\/l-escala\">L\u2019Escala<\/a> que ha conservado su esp\u00edritu y aspecto medieval, en su momento fue una pen\u00ednsula independiente en la que sus primeros habitantes se asentaron en el siglo IX a. C. Adem\u00e1s, est\u00e1 muy cerca del<strong> yacimiento grecorromano Emp\u00faries<\/strong>, en donde se pueden ver restos de mosaicos, columnas y templos.<\/p>\n\n\n\n<p>Dentro del pueblo se encuentra<strong> <\/strong>la iglesia de Sant Mart\u00ed, que se termin\u00f3 de construir en el a\u00f1o 1538. Parece que est\u00e1 elevada sobre las ruinas de otro templo que databa del a\u00f1o 926 seg\u00fan documentos que la mencionan. Est\u00e1 situada en plena Plaza Mayor del pueblo, desde d\u00f3nde tambi\u00e9n se puede observar la Casa Forestal, construida en 1910 por orden del Servicio Hidrol\u00f3gico y Forestal y ahora es la sede de la Fundaci\u00f3n Iberia Graeca. Asimismo, en ese espacio est\u00e1n<strong> <\/strong>los restos del castillo del pueblo \u2013el portal y un muro\u2013 que se erigi\u00f3 entre los siglos XIII y XIV.<\/p>\n\n\n\n<p>Un dato curioso es que V\u00edctor Mora, el autor del <strong>famoso c\u00f3mic <\/strong><strong><em>El Capit\u00e1n Trueno<\/em><\/strong>, se inspir\u00f3 en esta localidad para su trabajo. De hecho, su protagonista era vecino del pueblo aunque sus lectores seguramente no tuviesen ni idea.&nbsp;<\/p>\n\n\n\n<h2 class=\"wp-block-heading\" id=\"h-calella-de-palafrugell\">Calella de Palafrugell<\/h2>\n\n\n\n<figure class=\"wp-block-image size-full\"><img loading=\"lazy\" decoding=\"async\" width=\"1024\" height=\"882\" src=\"https:\/\/www.escapadarural.com\/blog\/wp-content\/uploads\/2024\/11\/AdobeStock_250321985-1024x882-1-1.jpeg\" alt=\"Calella de Palafrugell, Costa Brava, Girona.\" class=\"wp-image-184020\" srcset=\"https:\/\/www.escapadarural.com\/blog\/wp-content\/uploads\/2024\/11\/AdobeStock_250321985-1024x882-1-1-200x172.jpeg 200w, https:\/\/www.escapadarural.com\/blog\/wp-content\/uploads\/2024\/11\/AdobeStock_250321985-1024x882-1-1-300x258.jpeg 300w, https:\/\/www.escapadarural.com\/blog\/wp-content\/uploads\/2024\/11\/AdobeStock_250321985-1024x882-1-1-400x345.jpeg 400w, https:\/\/www.escapadarural.com\/blog\/wp-content\/uploads\/2024\/11\/AdobeStock_250321985-1024x882-1-1-600x517.jpeg 600w, https:\/\/www.escapadarural.com\/blog\/wp-content\/uploads\/2024\/11\/AdobeStock_250321985-1024x882-1-1-768x662.jpeg 768w, https:\/\/www.escapadarural.com\/blog\/wp-content\/uploads\/2024\/11\/AdobeStock_250321985-1024x882-1-1-800x689.jpeg 800w, https:\/\/www.escapadarural.com\/blog\/wp-content\/uploads\/2024\/11\/AdobeStock_250321985-1024x882-1-1.jpeg 1024w\" sizes=\"auto, (max-width: 1024px) 100vw, 1024px\" \/><figcaption class=\"wp-element-caption\">Calella de Palafrugell, Costa Brava, Girona.<\/figcaption><\/figure>\n\n\n\n<p>Es otro de los pueblos que tiene en su per\u00edmetro un Camino de Ronda que permite llegar a calas cercanas como<strong> <\/strong>Els canyers o cala foradada, si se quiere encontrar un poco menos de aglomeraci\u00f3n que en la playa que est\u00e1 justo en el pueblo conocida como Port Bo (en verano Calella es muy popular). Un buen sitio desde el que tomar perspectiva de la localidad es el mirador Manel Juanola i Reixach, que lleva ese nombre por el farmac\u00e9utico <strong>creador de las pastillas Juanola<\/strong>.<\/p>\n\n\n\n<p>La localidad tambi\u00e9n tiene un edificio de aspecto medieval, el castillo de Cap Roig, pero curiosamente se construy\u00f3 en 1931. La idea fue de Nicholas Woevodski, un oficial ruso que dej\u00f3 su pa\u00eds despu\u00e9s de la revoluci\u00f3n de 1917 y su mujer Dorothy Webster. Adem\u00e1s, tambi\u00e9n fueron los impulsores de los <strong>jardines de Cap Roig<\/strong>, que acogen m\u00e1s de 800 especies bot\u00e1nicas a lo largo de 20 hect\u00e1reas. El conjunto est\u00e1 protegido como Bien Cultural de Inter\u00e9s Nacional.<\/p>\n\n\n\n<div class=\"wp-block-buttons is-layout-flex wp-block-buttons-is-layout-flex\">\n<div class=\"wp-block-button\"><a class=\"wp-block-button__link wp-element-button\" href=\"https:\/\/www.escapadarural.com\/casas-rurales\/costa-brava\">Casas rurales en la Costa Brava<\/a><\/div>\n<\/div>\n","protected":false},"excerpt":{"rendered":"<p>A qui\u00e9n no le va a gustar un pueblo medieval del siglo XII. Esta es una lista de algunos de los pueblos medievales en la Costa Brava con los que viajar al pasado<\/p>\n","protected":false},"author":114,"featured_media":91304,"comment_status":"open","ping_status":"open","sticky":false,"template":"","format":"standard","meta":{"_acf_changed":false,"om_disable_all_campaigns":false,"footnotes":""},"categories":[191],"tags":[5994,1992,215,419,212,223,1278],"class_list":["post-59264","post","type-post","status-publish","format-standard","has-post-thumbnail","hentry","category-destinos","tag-que-ver-en-cataluna","tag-costa-brava","tag-listado","tag-medieval","tag-pueblos","tag-pueblos-bonitos","tag-pueblos-medievales"],"acf":[],"featured_image_src":"https:\/\/www.escapadarural.com\/blog\/wp-content\/uploads\/2024\/10\/Peratallada-costa-brava-1024x678-1.jpg","author_info":{"display_name":"Carmen L\u00f3pez","author_link":"https:\/\/www.escapadarural.com\/blog\/autor\/carmenlopez\/"},"yoast_head":"<!-- This site is optimized with the Yoast SEO plugin v27.5 - https:\/\/yoast.com\/product\/yoast-seo-wordpress\/ -->\n<title>7 pueblos medievales en la Costa Brava para viajar al pasado - EscapadaRural<\/title>\n<meta name=\"robots\" content=\"index, follow, max-snippet:-1, max-image-preview:large, max-video-preview:-1\" \/>\n<link rel=\"canonical\" href=\"https:\/\/www.escapadarural.com\/blog\/pueblos-medievales-en-la-costa-brava\/\" \/>\n<meta property=\"og:locale\" content=\"es_ES\" \/>\n<meta property=\"og:type\" content=\"article\" \/>\n<meta property=\"og:title\" content=\"7 pueblos medievales en la Costa Brava para viajar al pasado - EscapadaRural\" \/>\n<meta property=\"og:description\" content=\"A qui\u00e9n no le va a gustar un pueblo medieval del siglo XII. Esta es una lista de algunos de los pueblos medievales en la Costa Brava con los que viajar al pasado\" \/>\n<meta property=\"og:url\" content=\"https:\/\/www.escapadarural.com\/blog\/pueblos-medievales-en-la-costa-brava\/\" \/>\n<meta property=\"og:site_name\" content=\"Magazine de viajes de EscapadaRural\" \/>\n<meta property=\"article:publisher\" content=\"https:\/\/www.facebook.com\/escapadarural\" \/>\n<meta property=\"article:published_time\" content=\"2023-04-13T08:03:45+00:00\" \/>\n<meta property=\"article:modified_time\" content=\"2025-03-10T11:08:58+00:00\" \/>\n<meta property=\"og:image\" content=\"https:\/\/www.escapadarural.com\/blog\/wp-content\/uploads\/2024\/10\/Peratallada-costa-brava-1024x678-1.jpg\" \/>\n\t<meta property=\"og:image:width\" content=\"1024\" \/>\n\t<meta property=\"og:image:height\" content=\"678\" \/>\n\t<meta property=\"og:image:type\" content=\"image\/jpeg\" \/>\n<meta name=\"author\" content=\"Carmen L\u00f3pez\" \/>\n<meta name=\"twitter:card\" content=\"summary_large_image\" \/>\n<meta name=\"twitter:label1\" content=\"Escrito por\" \/>\n\t<meta name=\"twitter:data1\" content=\"Carmen L\u00f3pez\" \/>\n\t<meta name=\"twitter:label2\" content=\"Tiempo de lectura\" \/>\n\t<meta name=\"twitter:data2\" content=\"9 minutos\" \/>\n<script type=\"application\/ld+json\" class=\"yoast-schema-graph\">{\"@context\":\"https:\\\/\\\/schema.org\",\"@graph\":[{\"@type\":\"Article\",\"@id\":\"https:\\\/\\\/www.escapadarural.com\\\/blog\\\/pueblos-medievales-en-la-costa-brava\\\/#article\",\"isPartOf\":{\"@id\":\"https:\\\/\\\/www.escapadarural.com\\\/blog\\\/pueblos-medievales-en-la-costa-brava\\\/\"},\"author\":{\"name\":\"Carmen L\u00f3pez\",\"@id\":\"https:\\\/\\\/www.escapadarural.com\\\/blog\\\/#\\\/schema\\\/person\\\/42dfdff6118172efc6a04c8ae599a2ce\"},\"headline\":\"7 pueblos medievales en la Costa Brava para viajar al pasado\",\"datePublished\":\"2023-04-13T08:03:45+00:00\",\"dateModified\":\"2025-03-10T11:08:58+00:00\",\"mainEntityOfPage\":{\"@id\":\"https:\\\/\\\/www.escapadarural.com\\\/blog\\\/pueblos-medievales-en-la-costa-brava\\\/\"},\"wordCount\":1519,\"commentCount\":0,\"publisher\":{\"@id\":\"https:\\\/\\\/www.escapadarural.com\\\/blog\\\/#organization\"},\"image\":{\"@id\":\"https:\\\/\\\/www.escapadarural.com\\\/blog\\\/pueblos-medievales-en-la-costa-brava\\\/#primaryimage\"},\"thumbnailUrl\":\"https:\\\/\\\/www.escapadarural.com\\\/blog\\\/wp-content\\\/uploads\\\/2024\\\/10\\\/Peratallada-costa-brava-1024x678-1.jpg\",\"keywords\":[\"Catalu\u00f1a\",\"Costa Brava\",\"Listado\",\"Medieval\",\"pueblos\",\"Pueblos bonitos\",\"pueblos medievales\"],\"articleSection\":[\"Destinos\"],\"inLanguage\":\"es\",\"potentialAction\":[{\"@type\":\"CommentAction\",\"name\":\"Comment\",\"target\":[\"https:\\\/\\\/www.escapadarural.com\\\/blog\\\/pueblos-medievales-en-la-costa-brava\\\/#respond\"]}]},{\"@type\":\"WebPage\",\"@id\":\"https:\\\/\\\/www.escapadarural.com\\\/blog\\\/pueblos-medievales-en-la-costa-brava\\\/\",\"url\":\"https:\\\/\\\/www.escapadarural.com\\\/blog\\\/pueblos-medievales-en-la-costa-brava\\\/\",\"name\":\"7 pueblos medievales en la Costa Brava para viajar al pasado - EscapadaRural\",\"isPartOf\":{\"@id\":\"https:\\\/\\\/www.escapadarural.com\\\/blog\\\/#website\"},\"primaryImageOfPage\":{\"@id\":\"https:\\\/\\\/www.escapadarural.com\\\/blog\\\/pueblos-medievales-en-la-costa-brava\\\/#primaryimage\"},\"image\":{\"@id\":\"https:\\\/\\\/www.escapadarural.com\\\/blog\\\/pueblos-medievales-en-la-costa-brava\\\/#primaryimage\"},\"thumbnailUrl\":\"https:\\\/\\\/www.escapadarural.com\\\/blog\\\/wp-content\\\/uploads\\\/2024\\\/10\\\/Peratallada-costa-brava-1024x678-1.jpg\",\"datePublished\":\"2023-04-13T08:03:45+00:00\",\"dateModified\":\"2025-03-10T11:08:58+00:00\",\"breadcrumb\":{\"@id\":\"https:\\\/\\\/www.escapadarural.com\\\/blog\\\/pueblos-medievales-en-la-costa-brava\\\/#breadcrumb\"},\"inLanguage\":\"es\",\"potentialAction\":[{\"@type\":\"ReadAction\",\"target\":[\"https:\\\/\\\/www.escapadarural.com\\\/blog\\\/pueblos-medievales-en-la-costa-brava\\\/\"]}]},{\"@type\":\"ImageObject\",\"inLanguage\":\"es\",\"@id\":\"https:\\\/\\\/www.escapadarural.com\\\/blog\\\/pueblos-medievales-en-la-costa-brava\\\/#primaryimage\",\"url\":\"https:\\\/\\\/www.escapadarural.com\\\/blog\\\/wp-content\\\/uploads\\\/2024\\\/10\\\/Peratallada-costa-brava-1024x678-1.jpg\",\"contentUrl\":\"https:\\\/\\\/www.escapadarural.com\\\/blog\\\/wp-content\\\/uploads\\\/2024\\\/10\\\/Peratallada-costa-brava-1024x678-1.jpg\",\"width\":1024,\"height\":678,\"caption\":\"Peratallada, Girona. Por: Belikova Oksana\"},{\"@type\":\"BreadcrumbList\",\"@id\":\"https:\\\/\\\/www.escapadarural.com\\\/blog\\\/pueblos-medievales-en-la-costa-brava\\\/#breadcrumb\",\"itemListElement\":[{\"@type\":\"ListItem\",\"position\":1,\"name\":\"Inicio\",\"item\":\"https:\\\/\\\/www.escapadarural.com\\\/blog\\\/\"},{\"@type\":\"ListItem\",\"position\":2,\"name\":\"Destinos\",\"item\":\"https:\\\/\\\/www.escapadarural.com\\\/blog\\\/categoria\\\/destinos\\\/\"},{\"@type\":\"ListItem\",\"position\":3,\"name\":\"7 pueblos medievales en la Costa Brava para viajar al pasado\"}]},{\"@type\":\"WebSite\",\"@id\":\"https:\\\/\\\/www.escapadarural.com\\\/blog\\\/#website\",\"url\":\"https:\\\/\\\/www.escapadarural.com\\\/blog\\\/\",\"name\":\"Blog de viajes | turismo rural, alojamientos e inspiraci\u00f3n\",\"description\":\"Alojamientos rurales e inspiraci\u00f3n para tus escapadas\",\"publisher\":{\"@id\":\"https:\\\/\\\/www.escapadarural.com\\\/blog\\\/#organization\"},\"alternateName\":\"Magazine de viajes de EscapadaRural\",\"potentialAction\":[{\"@type\":\"SearchAction\",\"target\":{\"@type\":\"EntryPoint\",\"urlTemplate\":\"https:\\\/\\\/www.escapadarural.com\\\/blog\\\/?s={search_term_string}\"},\"query-input\":{\"@type\":\"PropertyValueSpecification\",\"valueRequired\":true,\"valueName\":\"search_term_string\"}}],\"inLanguage\":\"es\"},{\"@type\":\"Organization\",\"@id\":\"https:\\\/\\\/www.escapadarural.com\\\/blog\\\/#organization\",\"name\":\"EscapadaRural\",\"url\":\"https:\\\/\\\/www.escapadarural.com\\\/blog\\\/\",\"logo\":{\"@type\":\"ImageObject\",\"inLanguage\":\"es\",\"@id\":\"https:\\\/\\\/www.escapadarural.com\\\/blog\\\/#\\\/schema\\\/logo\\\/image\\\/\",\"url\":\"https:\\\/\\\/www.escapadarural.com\\\/blog\\\/wp-content\\\/uploads\\\/2024\\\/10\\\/cropped-cropped-escapada-rural-icon-mag-3.png\",\"contentUrl\":\"https:\\\/\\\/www.escapadarural.com\\\/blog\\\/wp-content\\\/uploads\\\/2024\\\/10\\\/cropped-cropped-escapada-rural-icon-mag-3.png\",\"width\":512,\"height\":512,\"caption\":\"EscapadaRural\"},\"image\":{\"@id\":\"https:\\\/\\\/www.escapadarural.com\\\/blog\\\/#\\\/schema\\\/logo\\\/image\\\/\"},\"sameAs\":[\"https:\\\/\\\/www.facebook.com\\\/escapadarural\",\"https:\\\/\\\/www.instagram.com\\\/escapadarural\\\/\",\"https:\\\/\\\/www.youtube.com\\\/@escapadaruralcom\"]},{\"@type\":\"Person\",\"@id\":\"https:\\\/\\\/www.escapadarural.com\\\/blog\\\/#\\\/schema\\\/person\\\/42dfdff6118172efc6a04c8ae599a2ce\",\"name\":\"Carmen L\u00f3pez\",\"image\":{\"@type\":\"ImageObject\",\"inLanguage\":\"es\",\"@id\":\"https:\\\/\\\/www.escapadarural.com\\\/blog\\\/wp-content\\\/uploads\\\/2024\\\/11\\\/cropped-perfil_eldiario-96x96-1-96x96.jpeg\",\"url\":\"https:\\\/\\\/www.escapadarural.com\\\/blog\\\/wp-content\\\/uploads\\\/2024\\\/11\\\/cropped-perfil_eldiario-96x96-1-96x96.jpeg\",\"contentUrl\":\"https:\\\/\\\/www.escapadarural.com\\\/blog\\\/wp-content\\\/uploads\\\/2024\\\/11\\\/cropped-perfil_eldiario-96x96-1-96x96.jpeg\",\"caption\":\"Carmen L\u00f3pez\"},\"description\":\"Soy periodista y escribo sobre cosas que importan en sitios que interesan desde hace m\u00e1s de una d\u00e9cada.\",\"url\":\"https:\\\/\\\/www.escapadarural.com\\\/blog\\\/autor\\\/carmenlopez\\\/\"}]}<\/script>\n<!-- \/ Yoast SEO plugin. -->","yoast_head_json":{"title":"7 pueblos medievales en la Costa Brava para viajar al pasado - EscapadaRural","robots":{"index":"index","follow":"follow","max-snippet":"max-snippet:-1","max-image-preview":"max-image-preview:large","max-video-preview":"max-video-preview:-1"},"canonical":"https:\/\/www.escapadarural.com\/blog\/pueblos-medievales-en-la-costa-brava\/","og_locale":"es_ES","og_type":"article","og_title":"7 pueblos medievales en la Costa Brava para viajar al pasado - EscapadaRural","og_description":"A qui\u00e9n no le va a gustar un pueblo medieval del siglo XII. Esta es una lista de algunos de los pueblos medievales en la Costa Brava con los que viajar al pasado","og_url":"https:\/\/www.escapadarural.com\/blog\/pueblos-medievales-en-la-costa-brava\/","og_site_name":"Magazine de viajes de EscapadaRural","article_publisher":"https:\/\/www.facebook.com\/escapadarural","article_published_time":"2023-04-13T08:03:45+00:00","article_modified_time":"2025-03-10T11:08:58+00:00","og_image":[{"width":1024,"height":678,"url":"https:\/\/www.escapadarural.com\/blog\/wp-content\/uploads\/2024\/10\/Peratallada-costa-brava-1024x678-1.jpg","type":"image\/jpeg"}],"author":"Carmen L\u00f3pez","twitter_card":"summary_large_image","twitter_misc":{"Escrito por":"Carmen L\u00f3pez","Tiempo de lectura":"9 minutos"},"schema":{"@context":"https:\/\/schema.org","@graph":[{"@type":"Article","@id":"https:\/\/www.escapadarural.com\/blog\/pueblos-medievales-en-la-costa-brava\/#article","isPartOf":{"@id":"https:\/\/www.escapadarural.com\/blog\/pueblos-medievales-en-la-costa-brava\/"},"author":{"name":"Carmen L\u00f3pez","@id":"https:\/\/www.escapadarural.com\/blog\/#\/schema\/person\/42dfdff6118172efc6a04c8ae599a2ce"},"headline":"7 pueblos medievales en la Costa Brava para viajar al pasado","datePublished":"2023-04-13T08:03:45+00:00","dateModified":"2025-03-10T11:08:58+00:00","mainEntityOfPage":{"@id":"https:\/\/www.escapadarural.com\/blog\/pueblos-medievales-en-la-costa-brava\/"},"wordCount":1519,"commentCount":0,"publisher":{"@id":"https:\/\/www.escapadarural.com\/blog\/#organization"},"image":{"@id":"https:\/\/www.escapadarural.com\/blog\/pueblos-medievales-en-la-costa-brava\/#primaryimage"},"thumbnailUrl":"https:\/\/www.escapadarural.com\/blog\/wp-content\/uploads\/2024\/10\/Peratallada-costa-brava-1024x678-1.jpg","keywords":["Catalu\u00f1a","Costa Brava","Listado","Medieval","pueblos","Pueblos bonitos","pueblos medievales"],"articleSection":["Destinos"],"inLanguage":"es","potentialAction":[{"@type":"CommentAction","name":"Comment","target":["https:\/\/www.escapadarural.com\/blog\/pueblos-medievales-en-la-costa-brava\/#respond"]}]},{"@type":"WebPage","@id":"https:\/\/www.escapadarural.com\/blog\/pueblos-medievales-en-la-costa-brava\/","url":"https:\/\/www.escapadarural.com\/blog\/pueblos-medievales-en-la-costa-brava\/","name":"7 pueblos medievales en la Costa Brava para viajar al pasado - EscapadaRural","isPartOf":{"@id":"https:\/\/www.escapadarural.com\/blog\/#website"},"primaryImageOfPage":{"@id":"https:\/\/www.escapadarural.com\/blog\/pueblos-medievales-en-la-costa-brava\/#primaryimage"},"image":{"@id":"https:\/\/www.escapadarural.com\/blog\/pueblos-medievales-en-la-costa-brava\/#primaryimage"},"thumbnailUrl":"https:\/\/www.escapadarural.com\/blog\/wp-content\/uploads\/2024\/10\/Peratallada-costa-brava-1024x678-1.jpg","datePublished":"2023-04-13T08:03:45+00:00","dateModified":"2025-03-10T11:08:58+00:00","breadcrumb":{"@id":"https:\/\/www.escapadarural.com\/blog\/pueblos-medievales-en-la-costa-brava\/#breadcrumb"},"inLanguage":"es","potentialAction":[{"@type":"ReadAction","target":["https:\/\/www.escapadarural.com\/blog\/pueblos-medievales-en-la-costa-brava\/"]}]},{"@type":"ImageObject","inLanguage":"es","@id":"https:\/\/www.escapadarural.com\/blog\/pueblos-medievales-en-la-costa-brava\/#primaryimage","url":"https:\/\/www.escapadarural.com\/blog\/wp-content\/uploads\/2024\/10\/Peratallada-costa-brava-1024x678-1.jpg","contentUrl":"https:\/\/www.escapadarural.com\/blog\/wp-content\/uploads\/2024\/10\/Peratallada-costa-brava-1024x678-1.jpg","width":1024,"height":678,"caption":"Peratallada, Girona. Por: Belikova Oksana"},{"@type":"BreadcrumbList","@id":"https:\/\/www.escapadarural.com\/blog\/pueblos-medievales-en-la-costa-brava\/#breadcrumb","itemListElement":[{"@type":"ListItem","position":1,"name":"Inicio","item":"https:\/\/www.escapadarural.com\/blog\/"},{"@type":"ListItem","position":2,"name":"Destinos","item":"https:\/\/www.escapadarural.com\/blog\/categoria\/destinos\/"},{"@type":"ListItem","position":3,"name":"7 pueblos medievales en la Costa Brava para viajar al pasado"}]},{"@type":"WebSite","@id":"https:\/\/www.escapadarural.com\/blog\/#website","url":"https:\/\/www.escapadarural.com\/blog\/","name":"Blog de viajes | turismo rural, alojamientos e inspiraci\u00f3n","description":"Alojamientos rurales e inspiraci\u00f3n para tus escapadas","publisher":{"@id":"https:\/\/www.escapadarural.com\/blog\/#organization"},"alternateName":"Magazine de viajes de EscapadaRural","potentialAction":[{"@type":"SearchAction","target":{"@type":"EntryPoint","urlTemplate":"https:\/\/www.escapadarural.com\/blog\/?s={search_term_string}"},"query-input":{"@type":"PropertyValueSpecification","valueRequired":true,"valueName":"search_term_string"}}],"inLanguage":"es"},{"@type":"Organization","@id":"https:\/\/www.escapadarural.com\/blog\/#organization","name":"EscapadaRural","url":"https:\/\/www.escapadarural.com\/blog\/","logo":{"@type":"ImageObject","inLanguage":"es","@id":"https:\/\/www.escapadarural.com\/blog\/#\/schema\/logo\/image\/","url":"https:\/\/www.escapadarural.com\/blog\/wp-content\/uploads\/2024\/10\/cropped-cropped-escapada-rural-icon-mag-3.png","contentUrl":"https:\/\/www.escapadarural.com\/blog\/wp-content\/uploads\/2024\/10\/cropped-cropped-escapada-rural-icon-mag-3.png","width":512,"height":512,"caption":"EscapadaRural"},"image":{"@id":"https:\/\/www.escapadarural.com\/blog\/#\/schema\/logo\/image\/"},"sameAs":["https:\/\/www.facebook.com\/escapadarural","https:\/\/www.instagram.com\/escapadarural\/","https:\/\/www.youtube.com\/@escapadaruralcom"]},{"@type":"Person","@id":"https:\/\/www.escapadarural.com\/blog\/#\/schema\/person\/42dfdff6118172efc6a04c8ae599a2ce","name":"Carmen L\u00f3pez","image":{"@type":"ImageObject","inLanguage":"es","@id":"https:\/\/www.escapadarural.com\/blog\/wp-content\/uploads\/2024\/11\/cropped-perfil_eldiario-96x96-1-96x96.jpeg","url":"https:\/\/www.escapadarural.com\/blog\/wp-content\/uploads\/2024\/11\/cropped-perfil_eldiario-96x96-1-96x96.jpeg","contentUrl":"https:\/\/www.escapadarural.com\/blog\/wp-content\/uploads\/2024\/11\/cropped-perfil_eldiario-96x96-1-96x96.jpeg","caption":"Carmen L\u00f3pez"},"description":"Soy periodista y escribo sobre cosas que importan en sitios que interesan desde hace m\u00e1s de una d\u00e9cada.","url":"https:\/\/www.escapadarural.com\/blog\/autor\/carmenlopez\/"}]}},"_links":{"self":[{"href":"https:\/\/www.escapadarural.com\/blog\/wp-json\/wp\/v2\/posts\/59264","targetHints":{"allow":["GET"]}}],"collection":[{"href":"https:\/\/www.escapadarural.com\/blog\/wp-json\/wp\/v2\/posts"}],"about":[{"href":"https:\/\/www.escapadarural.com\/blog\/wp-json\/wp\/v2\/types\/post"}],"author":[{"embeddable":true,"href":"https:\/\/www.escapadarural.com\/blog\/wp-json\/wp\/v2\/users\/114"}],"replies":[{"embeddable":true,"href":"https:\/\/www.escapadarural.com\/blog\/wp-json\/wp\/v2\/comments?post=59264"}],"version-history":[{"count":0,"href":"https:\/\/www.escapadarural.com\/blog\/wp-json\/wp\/v2\/posts\/59264\/revisions"}],"wp:featuredmedia":[{"embeddable":true,"href":"https:\/\/www.escapadarural.com\/blog\/wp-json\/wp\/v2\/media\/91304"}],"wp:attachment":[{"href":"https:\/\/www.escapadarural.com\/blog\/wp-json\/wp\/v2\/media?parent=59264"}],"wp:term":[{"taxonomy":"category","embeddable":true,"href":"https:\/\/www.escapadarural.com\/blog\/wp-json\/wp\/v2\/categories?post=59264"},{"taxonomy":"post_tag","embeddable":true,"href":"https:\/\/www.escapadarural.com\/blog\/wp-json\/wp\/v2\/tags?post=59264"}],"curies":[{"name":"wp","href":"https:\/\/api.w.org\/{rel}","templated":true}]}}