{"id":60815,"date":"2023-04-25T12:40:10","date_gmt":"2023-04-25T11:40:10","guid":{"rendered":"https:\/\/www.escapadarural.com\/blog\/?p=60815"},"modified":"2025-03-26T15:04:30","modified_gmt":"2025-03-26T13:04:30","slug":"que-ver-en-aranda-de-duero","status":"publish","type":"post","link":"https:\/\/www.escapadarural.com\/blog\/que-ver-en-aranda-de-duero\/","title":{"rendered":"5 razones para visitar Aranda de Duero, la ciudad de la m\u00fasica y el vino"},"content":{"rendered":"\n<p>En muchas ocasiones, las grandes ciudades eclipsan los encantos de otros n\u00facleos de poblaci\u00f3n repartidos por todo el pa\u00eds en los que la cultura, la gastronom\u00eda y el patrimonio hist\u00f3rico se encuentran en cada esquina. Madrid o Barcelona pueden ser destinos estrella para quienes est\u00e1n interesados en estos temas (\u00bfqui\u00e9n no?) pero les faltan unos aspectos que pueden ser cruciales: la comodidad y la tranquilidad.<strong> <\/strong><a href=\"https:\/\/www.escapadarural.com\/casas-rurales\/aranda-de-duero\"><strong>Aranda de Duero<\/strong><\/a><strong> es uno de esos lugares<\/strong> en los que confluyen todos esos factores y, por lo tanto, merece la pena una visita. Estas son algunas de las razones m\u00e1s interesantes:<\/p>\n\n\n\n<h2 class=\"wp-block-heading\" id=\"h-1-banda-sonora\">1- <strong>Banda sonora<\/strong><\/h2>\n\n\n\n<p>El pasado mes de marzo de 2023, Aranda de Duero present\u00f3 ante la UNESCO su petici\u00f3n para obtener el t\u00edtulo de <strong>Ciudad Creativa de la M\u00fasica<\/strong>. Lo cierto es que tiene m\u00e1s de un argumento de peso. Uno de ellos es <strong>el Festival Sonorama Ribera<\/strong>, que se celebra en el mes de agosto con un cartel cargado de nombres importantes de la m\u00fasica nacional. Adem\u00e1s, en \u00e9l alcanzaron la fama grandes bandas actuales como Vetusta Morla (la plaza del Trigo puede considerarse como un trampol\u00edn m\u00e1gico a la fama). El evento, que dura cuatro d\u00edas, se reparte por todos los puntos de la ciudad, convertida en un mapa de escenarios.&nbsp;<\/p>\n\n\n\n<figure class=\"wp-block-embed is-type-video is-provider-youtube wp-block-embed-youtube wp-embed-aspect-16-9 wp-has-aspect-ratio\"><div class=\"wp-block-embed__wrapper\">\n<span class=\"bY4MkOpzCiVTJfMvrPLbmXWe7KBAZQh9R5Gnq0FgIatDClN38H4cayjSUZzOYqopKILFQs2uew03dkl5T7AwthHS9BiRW\"><div class=\"video-shortcode\"><iframe title=\"Sonorama Ribera - Aftermovie 2022\" width=\"1200\" height=\"675\" src=\"https:\/\/www.youtube.com\/embed\/SngUi4nisLs?feature=oembed\" frameborder=\"0\" allow=\"accelerometer; autoplay; clipboard-write; encrypted-media; gyroscope; picture-in-picture; web-share\" referrerpolicy=\"strict-origin-when-cross-origin\" allowfullscreen><\/iframe><\/div><\/span>\n<\/div><\/figure>\n\n\n\n<p>Otra de las razones que pueden otorgar el t\u00edtulo de CCM a la ciudad burgalesa es el <strong>Certamen Internacional de Bandas<\/strong>, que tambi\u00e9n tiene lugar en verano o su pasado musical hist\u00f3rico que incluye una pieza propia: la Zarzuela de Aranda. Asimismo, es bastante habitual encontrarse con m\u00fasicos y m\u00fasicas callejeras interpretando sus canciones cada d\u00eda del a\u00f1o en cualquier calle o plaza.<\/p>\n\n\n\n<h2 class=\"wp-block-heading\" id=\"h-2-gastronomia\"><strong>2 &#8211; Gastronom\u00eda<\/strong><\/h2>\n\n\n\n<figure class=\"wp-block-image size-full\"><img loading=\"lazy\" decoding=\"async\" width=\"1024\" height=\"682\" src=\"https:\/\/www.escapadarural.com\/blog\/wp-content\/uploads\/2023\/04\/el-51-del-sol.webp\" alt=\"El 51 del Sol, Aranda de Duero\n\" class=\"wp-image-198175\" srcset=\"https:\/\/www.escapadarural.com\/blog\/wp-content\/uploads\/2023\/04\/el-51-del-sol-200x133.webp 200w, https:\/\/www.escapadarural.com\/blog\/wp-content\/uploads\/2023\/04\/el-51-del-sol-300x200.webp 300w, https:\/\/www.escapadarural.com\/blog\/wp-content\/uploads\/2023\/04\/el-51-del-sol-400x266.webp 400w, https:\/\/www.escapadarural.com\/blog\/wp-content\/uploads\/2023\/04\/el-51-del-sol-600x400.webp 600w, https:\/\/www.escapadarural.com\/blog\/wp-content\/uploads\/2023\/04\/el-51-del-sol-768x512.webp 768w, https:\/\/www.escapadarural.com\/blog\/wp-content\/uploads\/2023\/04\/el-51-del-sol-800x533.webp 800w, https:\/\/www.escapadarural.com\/blog\/wp-content\/uploads\/2023\/04\/el-51-del-sol.webp 1024w\" sizes=\"auto, (max-width: 1024px) 100vw, 1024px\" \/><figcaption class=\"wp-element-caption\">El 51 del Sol, Aranda de Duero\n<\/figcaption><\/figure>\n\n\n\n<p>Si hay alg\u00fan plato que represente a Aranda de Duero m\u00e1s all\u00e1 de sus fronteras es <strong>el lechazo asado<\/strong>. Muchos de los visitantes se desplazan hasta all\u00ed solo para degustar ese sabor tan t\u00edpico, pero lo cierto es que existen otras opciones (afortunadamente para los arandinos que busquen innovaci\u00f3n cuando salen a comer o cenar). Un ejemplo es el <strong>restaurante 51 del Sol<\/strong>, situado en el centro de la ciudad.&nbsp;<\/p>\n\n\n\n<figure class=\"wp-block-image size-large\"><img loading=\"lazy\" decoding=\"async\" width=\"768\" height=\"1024\" src=\"https:\/\/www.escapadarural.com\/blog\/wp-content\/uploads\/2023\/04\/el-51-del-sol-Aranda-de-Duero-768x1024.webp\" alt=\"Ensalada de Foie. El 51 del sol. Por Carmen L\u00f3pez\n\" class=\"wp-image-198174\" srcset=\"https:\/\/www.escapadarural.com\/blog\/wp-content\/uploads\/2023\/04\/el-51-del-sol-Aranda-de-Duero-200x267.webp 200w, https:\/\/www.escapadarural.com\/blog\/wp-content\/uploads\/2023\/04\/el-51-del-sol-Aranda-de-Duero-225x300.webp 225w, https:\/\/www.escapadarural.com\/blog\/wp-content\/uploads\/2023\/04\/el-51-del-sol-Aranda-de-Duero-400x533.webp 400w, https:\/\/www.escapadarural.com\/blog\/wp-content\/uploads\/2023\/04\/el-51-del-sol-Aranda-de-Duero-600x800.webp 600w, https:\/\/www.escapadarural.com\/blog\/wp-content\/uploads\/2023\/04\/el-51-del-sol-Aranda-de-Duero-768x1024.webp 768w, https:\/\/www.escapadarural.com\/blog\/wp-content\/uploads\/2023\/04\/el-51-del-sol-Aranda-de-Duero-800x1066.webp 800w, https:\/\/www.escapadarural.com\/blog\/wp-content\/uploads\/2023\/04\/el-51-del-sol-Aranda-de-Duero.webp 1024w\" sizes=\"auto, (max-width: 768px) 100vw, 768px\" \/><figcaption class=\"wp-element-caption\">Ensalada de Foie. El 51 del sol. Por Carmen L\u00f3pez\n<\/figcaption><\/figure>\n\n\n\n<p>Su jefe de cocina David Izquierdo combina la tradici\u00f3n gastron\u00f3mica de la zona con <strong>t\u00e9cnicas culinarias novedosas<\/strong> que dan lugar a platos que casan ingredientes como lascas de foie con frutas o bacalao con base de callos, aunque en su carta tambi\u00e9n hay sitio para opciones que nunca pasan de moda como las chuletillas de lechal con patatas. La oferta var\u00eda seg\u00fan la disponibilidad de los productos de temporada, eso s\u00ed. Mucha atenci\u00f3n a los postres, porque su tarta de queso o su flan con helado de regaliz negro son m\u00e1s que remarcables.&nbsp;<\/p>\n\n\n\n<h2 class=\"wp-block-heading\" id=\"h-3-vino\"><strong>3 &#8211; Vino<\/strong><\/h2>\n\n\n\n<figure class=\"wp-block-image size-full\"><img loading=\"lazy\" decoding=\"async\" width=\"1024\" height=\"768\" src=\"https:\/\/www.escapadarural.com\/blog\/wp-content\/uploads\/2025\/01\/AdobeStock_362437602_WP_06.webp\" alt=\"Bodega subterr\u00e1nea en Aranda de Duero\" class=\"wp-image-187356\" srcset=\"https:\/\/www.escapadarural.com\/blog\/wp-content\/uploads\/2025\/01\/AdobeStock_362437602_WP_06-200x150.webp 200w, https:\/\/www.escapadarural.com\/blog\/wp-content\/uploads\/2025\/01\/AdobeStock_362437602_WP_06-300x225.webp 300w, https:\/\/www.escapadarural.com\/blog\/wp-content\/uploads\/2025\/01\/AdobeStock_362437602_WP_06-400x300.webp 400w, https:\/\/www.escapadarural.com\/blog\/wp-content\/uploads\/2025\/01\/AdobeStock_362437602_WP_06-600x450.webp 600w, https:\/\/www.escapadarural.com\/blog\/wp-content\/uploads\/2025\/01\/AdobeStock_362437602_WP_06-768x576.webp 768w, https:\/\/www.escapadarural.com\/blog\/wp-content\/uploads\/2025\/01\/AdobeStock_362437602_WP_06-800x600.webp 800w, https:\/\/www.escapadarural.com\/blog\/wp-content\/uploads\/2025\/01\/AdobeStock_362437602_WP_06.webp 1024w\" sizes=\"auto, (max-width: 1024px) 100vw, 1024px\" \/><figcaption class=\"wp-element-caption\">Bodega subterr\u00e1nea en Aranda de Duero. Por Diego<\/figcaption><\/figure>\n\n\n\n<p>Aunque podr\u00eda entrar en la categor\u00eda de gastronom\u00eda, el vino tiene tal importancia en la personalidad de Aranda del Duero que merece un puesto propio en la lista de razones para hacer una visita. De hecho, forma parte de la<strong> <\/strong><a href=\"https:\/\/www.rutadelvinoriberadelduero.es\/\" target=\"_blank\">Ruta del Vino Ribera del Duero<\/a> junto a otras localidades burgalesas como Pe\u00f1aranda o <a href=\"https:\/\/www.escapadarural.com\/casas-rurales\/roa\">Roa<\/a> y sus calles est\u00e1n pobladas de bares y restaurantes en donde la mayor parte de los comensales brindan con caldos de la zona. Adem\u00e1s y por si quedaba alguna duda, fue escogida <strong>Ciudad Europea del Vino 2022<\/strong>.<\/p>\n\n\n\n<figure class=\"wp-block-image size-full\"><img loading=\"lazy\" decoding=\"async\" width=\"1024\" height=\"481\" src=\"https:\/\/www.escapadarural.com\/blog\/wp-content\/uploads\/2023\/04\/mapa-bodegas-subterraneas-aranda-de-duero.webp\" alt=\"Mapa bodegas subterr\u00e1neas Aranda de Duero.\n\" class=\"wp-image-198176\" srcset=\"https:\/\/www.escapadarural.com\/blog\/wp-content\/uploads\/2023\/04\/mapa-bodegas-subterraneas-aranda-de-duero-200x94.webp 200w, https:\/\/www.escapadarural.com\/blog\/wp-content\/uploads\/2023\/04\/mapa-bodegas-subterraneas-aranda-de-duero-300x141.webp 300w, https:\/\/www.escapadarural.com\/blog\/wp-content\/uploads\/2023\/04\/mapa-bodegas-subterraneas-aranda-de-duero-400x188.webp 400w, https:\/\/www.escapadarural.com\/blog\/wp-content\/uploads\/2023\/04\/mapa-bodegas-subterraneas-aranda-de-duero-600x282.webp 600w, https:\/\/www.escapadarural.com\/blog\/wp-content\/uploads\/2023\/04\/mapa-bodegas-subterraneas-aranda-de-duero-768x361.webp 768w, https:\/\/www.escapadarural.com\/blog\/wp-content\/uploads\/2023\/04\/mapa-bodegas-subterraneas-aranda-de-duero-800x376.webp 800w, https:\/\/www.escapadarural.com\/blog\/wp-content\/uploads\/2023\/04\/mapa-bodegas-subterraneas-aranda-de-duero.webp 1024w\" sizes=\"auto, (max-width: 1024px) 100vw, 1024px\" \/><figcaption class=\"wp-element-caption\">Mapa bodegas subterr\u00e1neas Aranda de Duero.\n<\/figcaption><\/figure>\n\n\n\n<p>Adem\u00e1s, hay un dato muy curioso: en el subsuelo de la localidad hay<strong> siete kil\u00f3metros de t\u00faneles y galer\u00edas<\/strong> excavados entre los siglos XII y XVIII que conforman las <strong>bodegas subterr\u00e1neas<\/strong> (dos de ellas, propiedad del Ayuntamiento, se pueden visitar a trav\u00e9s de su oficina de turismo). Estos lugares<strong> <\/strong>sirvieron de refugio para los arandinos durante la guerra de la Independencia del siglo XIX que se libr\u00f3 contra el ej\u00e9rcito franc\u00e9s de Napole\u00f3n y durante la Guerra Civil.<\/p>\n\n\n\n<h2 class=\"wp-block-heading\" id=\"h-4-patrimonio\"><strong>4- Patrimonio<\/strong><\/h2>\n\n\n\n<figure class=\"wp-block-image size-full\"><img loading=\"lazy\" decoding=\"async\" width=\"1024\" height=\"1024\" src=\"https:\/\/www.escapadarural.com\/blog\/wp-content\/uploads\/2023\/04\/aranda-de-duero-santa-maria-la-Real.webp\" alt=\"Santa Mar\u00eda La Real, Aranda de Duero. Por milosk50\n\" class=\"wp-image-198173\" srcset=\"https:\/\/www.escapadarural.com\/blog\/wp-content\/uploads\/2023\/04\/aranda-de-duero-santa-maria-la-Real-66x66.webp 66w, https:\/\/www.escapadarural.com\/blog\/wp-content\/uploads\/2023\/04\/aranda-de-duero-santa-maria-la-Real-150x150.webp 150w, https:\/\/www.escapadarural.com\/blog\/wp-content\/uploads\/2023\/04\/aranda-de-duero-santa-maria-la-Real-200x200.webp 200w, https:\/\/www.escapadarural.com\/blog\/wp-content\/uploads\/2023\/04\/aranda-de-duero-santa-maria-la-Real-300x300.webp 300w, https:\/\/www.escapadarural.com\/blog\/wp-content\/uploads\/2023\/04\/aranda-de-duero-santa-maria-la-Real-400x400.webp 400w, https:\/\/www.escapadarural.com\/blog\/wp-content\/uploads\/2023\/04\/aranda-de-duero-santa-maria-la-Real-600x600.webp 600w, https:\/\/www.escapadarural.com\/blog\/wp-content\/uploads\/2023\/04\/aranda-de-duero-santa-maria-la-Real-768x768.webp 768w, https:\/\/www.escapadarural.com\/blog\/wp-content\/uploads\/2023\/04\/aranda-de-duero-santa-maria-la-Real-800x800.webp 800w, https:\/\/www.escapadarural.com\/blog\/wp-content\/uploads\/2023\/04\/aranda-de-duero-santa-maria-la-Real.webp 1024w\" sizes=\"auto, (max-width: 1024px) 100vw, 1024px\" \/><figcaption class=\"wp-element-caption\">Santa Mar\u00eda La Real, Aranda de Duero. Por milosk50\n<\/figcaption><\/figure>\n\n\n\n<p>Pasear por la capital ribere\u00f1a significa toparse con monumentos hist\u00f3ricos a cada paso. Tiene <strong>cuatro bienes de inter\u00e9s cultural protegidos<\/strong>: las bodegas subterr\u00e1neas, la iglesia de Santa Mar\u00eda, la iglesia de San Juan (que actualmente es el Museo Sacro Iglesia de San Juan) y el rollo de justicia. Tambi\u00e9n son de inter\u00e9s los diferentes puentes que pasan sobre los r\u00edos de la ciudad como el Puente Mayor, que data \u2013al menos\u2013 del siglo XIV y sirve para cruzar el r\u00edo Duero. Asimismo, est\u00e1 el puente medieval de las Tener\u00edas que est\u00e1 constru\u00eddo sobre el r\u00edo Ba\u00f1uelos, afluente del Duero.<\/p>\n\n\n\n<p>Adem\u00e1s, en el suelo de la Plaza Mayor hay una representaci\u00f3n-homenaje al <strong>plano urban\u00edstico en perspectiva de Aranda<\/strong> que se traz\u00f3 en 1503 y que es <strong>el m\u00e1s antiguo<\/strong> que se encuentra en el Archivo General de Simancas (que, desde 2017 es parte de la Memoria del Mundo de la UNESCO). Este mapa se traz\u00f3 con motivo de un pleito que interpusieron los vecinos de la villa para derruir unas viviendas que imped\u00edan el paso directo a la iglesia de Santa Mar\u00eda desde la calle Barrionuevo. B\u00e1sicamente, lo que buscaban era acabar con un callej\u00f3n \u2018con mala fama\u2019 y lo consiguieron, porque finalmente tuvo lugar el derribo.&nbsp;<\/p>\n\n\n\n<figure class=\"wp-block-image size-full\"><img loading=\"lazy\" decoding=\"async\" width=\"1024\" height=\"461\" src=\"https:\/\/www.escapadarural.com\/blog\/wp-content\/uploads\/2023\/04\/plano-aranda-del-duero.webp\" alt=\"Plano Aranda del Duero\n\" class=\"wp-image-198177\" srcset=\"https:\/\/www.escapadarural.com\/blog\/wp-content\/uploads\/2023\/04\/plano-aranda-del-duero-200x90.webp 200w, https:\/\/www.escapadarural.com\/blog\/wp-content\/uploads\/2023\/04\/plano-aranda-del-duero-300x135.webp 300w, https:\/\/www.escapadarural.com\/blog\/wp-content\/uploads\/2023\/04\/plano-aranda-del-duero-400x180.webp 400w, https:\/\/www.escapadarural.com\/blog\/wp-content\/uploads\/2023\/04\/plano-aranda-del-duero-600x270.webp 600w, https:\/\/www.escapadarural.com\/blog\/wp-content\/uploads\/2023\/04\/plano-aranda-del-duero-768x346.webp 768w, https:\/\/www.escapadarural.com\/blog\/wp-content\/uploads\/2023\/04\/plano-aranda-del-duero-800x360.webp 800w, https:\/\/www.escapadarural.com\/blog\/wp-content\/uploads\/2023\/04\/plano-aranda-del-duero.webp 1024w\" sizes=\"auto, (max-width: 1024px) 100vw, 1024px\" \/><figcaption class=\"wp-element-caption\">Plano Aranda del Duero\n<\/figcaption><\/figure>\n\n\n\n<p>Por las calles y recovecos de Aranda de Duero es f\u00e1cil encontrarse con esculturas y obras de arte y, de hecho, hasta <strong>hay una casa famosa de un artista<\/strong> (famosa la vivienda, no el habitante). La fachada est\u00e1 adornada con azulejos con mensajes, esculturas y otros elementos que son capaces de captar la atenci\u00f3n del viandante durante un buen rato.<\/p>\n\n\n\n<h2 class=\"wp-block-heading\" id=\"h-5-ambiente\"><strong>5 &#8211; Ambiente<\/strong><\/h2>\n\n\n\n<figure class=\"wp-block-image size-full\"><img loading=\"lazy\" decoding=\"async\" width=\"1024\" height=\"683\" src=\"https:\/\/www.escapadarural.com\/blog\/wp-content\/uploads\/2023\/04\/puente-medieval-Aranda-de-Duero.webp\" alt=\"Puente medieval Aranda de Duero. Por AngelLuis\n\" class=\"wp-image-198178\" srcset=\"https:\/\/www.escapadarural.com\/blog\/wp-content\/uploads\/2023\/04\/puente-medieval-Aranda-de-Duero-200x133.webp 200w, https:\/\/www.escapadarural.com\/blog\/wp-content\/uploads\/2023\/04\/puente-medieval-Aranda-de-Duero-300x200.webp 300w, https:\/\/www.escapadarural.com\/blog\/wp-content\/uploads\/2023\/04\/puente-medieval-Aranda-de-Duero-400x267.webp 400w, https:\/\/www.escapadarural.com\/blog\/wp-content\/uploads\/2023\/04\/puente-medieval-Aranda-de-Duero-600x400.webp 600w, https:\/\/www.escapadarural.com\/blog\/wp-content\/uploads\/2023\/04\/puente-medieval-Aranda-de-Duero-768x512.webp 768w, https:\/\/www.escapadarural.com\/blog\/wp-content\/uploads\/2023\/04\/puente-medieval-Aranda-de-Duero-800x534.webp 800w, https:\/\/www.escapadarural.com\/blog\/wp-content\/uploads\/2023\/04\/puente-medieval-Aranda-de-Duero.webp 1024w\" sizes=\"auto, (max-width: 1024px) 100vw, 1024px\" \/><figcaption class=\"wp-element-caption\">Puente medieval Aranda de Duero. Por AngelLuis\n<\/figcaption><\/figure>\n\n\n\n<p>Aunque haya quien lo piense, el ambiente festivo de una ciudad no est\u00e1 necesariamente vinculado a su tama\u00f1o. Aranda de Duero es un buen ejemplo de ello: no es una gran urbe al estilo de Madrid, pero sus calles (y sus bares) est\u00e1n llenas de vida. <\/p>\n\n\n\n<p>Adem\u00e1s, no es necesario coger transporte motorizado para conocerla en profundidad porque se puede ir caminando a cualquier sitio, lo que hace que la visita est\u00e9 exenta de obligaciones horarias. Asimismo, permite pasar del bullicio a la calma absoluta en pocos minutos porque est\u00e1 rodeada de naturaleza. En apenas unos kil\u00f3metros <strong>es posible desplazarse a la Edad Media y respirar aire limpio<\/strong> casi sin darse cuenta.<\/p>\n\n\n\n<div class=\"wp-block-buttons is-layout-flex wp-block-buttons-is-layout-flex\">\n<div class=\"wp-block-button\"><a class=\"wp-block-button__link wp-element-button\" href=\"https:\/\/www.escapadarural.com\/casas-rurales\/aranda-de-duero\">Casas rurales en Aranda de Duero<\/a><\/div>\n<\/div>\n","protected":false},"excerpt":{"rendered":"<p>Situada en la Ruta del Vino Ribera del Duero, Aranda de Duero es una peque\u00f1a localidad a rebosar de vida, repleta de bodegas subterr\u00e1neas y que opta a ser Ciudad Creativa de la M\u00fasica. De aqu\u00ed salieron reconocidos artistas. <\/p>\n","protected":false},"author":114,"featured_media":198172,"comment_status":"open","ping_status":"open","sticky":false,"template":"","format":"standard","meta":{"_acf_changed":false,"om_disable_all_campaigns":false,"footnotes":""},"categories":[191],"tags":[1994,1505,439,286,215,212,2173,5061,5062,985],"class_list":["post-60815","post","type-post","status-publish","format-standard","has-post-thumbnail","hentry","category-destinos","tag-aranda-de-duero","tag-bodegas","tag-que-ver-en-burgos","tag-enoturismo","tag-listado","tag-pueblos","tag-ribera-del-duero","tag-ruta-del-vino-ribera-del-duero","tag-sonorama","tag-vino"],"acf":[],"featured_image_src":"https:\/\/www.escapadarural.com\/blog\/wp-content\/uploads\/2023\/04\/aranda-de-duero-plaza.webp","author_info":{"display_name":"Carmen L\u00f3pez","author_link":"https:\/\/www.escapadarural.com\/blog\/autor\/carmenlopez\/"},"yoast_head":"<!-- This site is optimized with the Yoast SEO plugin v27.5 - https:\/\/yoast.com\/product\/yoast-seo-wordpress\/ -->\n<title>5 razones para visitar Aranda de Duero, la ciudad de la m\u00fasica y el vino - EscapadaRural<\/title>\n<meta name=\"robots\" content=\"index, follow, max-snippet:-1, max-image-preview:large, max-video-preview:-1\" \/>\n<link rel=\"canonical\" href=\"https:\/\/www.escapadarural.com\/blog\/que-ver-en-aranda-de-duero\/\" \/>\n<meta property=\"og:locale\" content=\"es_ES\" \/>\n<meta property=\"og:type\" content=\"article\" \/>\n<meta property=\"og:title\" content=\"5 razones para visitar Aranda de Duero, la ciudad de la m\u00fasica y el vino - EscapadaRural\" \/>\n<meta property=\"og:description\" content=\"Situada en la Ruta del Vino Ribera del Duero, Aranda de Duero es una peque\u00f1a localidad a rebosar de vida, repleta de bodegas subterr\u00e1neas y que opta a ser Ciudad Creativa de la M\u00fasica. De aqu\u00ed salieron reconocidos artistas.\" \/>\n<meta property=\"og:url\" content=\"https:\/\/www.escapadarural.com\/blog\/que-ver-en-aranda-de-duero\/\" \/>\n<meta property=\"og:site_name\" content=\"Magazine de viajes de EscapadaRural\" \/>\n<meta property=\"article:publisher\" content=\"https:\/\/www.facebook.com\/escapadarural\" \/>\n<meta property=\"article:published_time\" content=\"2023-04-25T11:40:10+00:00\" \/>\n<meta property=\"article:modified_time\" content=\"2025-03-26T13:04:30+00:00\" \/>\n<meta property=\"og:image\" content=\"https:\/\/www.escapadarural.com\/blog\/wp-content\/uploads\/2023\/04\/aranda-de-duero-plaza.webp\" \/>\n\t<meta property=\"og:image:width\" content=\"1024\" \/>\n\t<meta property=\"og:image:height\" content=\"476\" \/>\n\t<meta property=\"og:image:type\" content=\"image\/webp\" \/>\n<meta name=\"author\" content=\"Carmen L\u00f3pez\" \/>\n<meta name=\"twitter:card\" content=\"summary_large_image\" \/>\n<meta name=\"twitter:label1\" content=\"Escrito por\" \/>\n\t<meta name=\"twitter:data1\" content=\"Carmen L\u00f3pez\" \/>\n\t<meta name=\"twitter:label2\" content=\"Tiempo de lectura\" \/>\n\t<meta name=\"twitter:data2\" content=\"7 minutos\" \/>\n<script type=\"application\/ld+json\" class=\"yoast-schema-graph\">{\"@context\":\"https:\\\/\\\/schema.org\",\"@graph\":[{\"@type\":\"Article\",\"@id\":\"https:\\\/\\\/www.escapadarural.com\\\/blog\\\/que-ver-en-aranda-de-duero\\\/#article\",\"isPartOf\":{\"@id\":\"https:\\\/\\\/www.escapadarural.com\\\/blog\\\/que-ver-en-aranda-de-duero\\\/\"},\"author\":{\"name\":\"Carmen L\u00f3pez\",\"@id\":\"https:\\\/\\\/www.escapadarural.com\\\/blog\\\/#\\\/schema\\\/person\\\/42dfdff6118172efc6a04c8ae599a2ce\"},\"headline\":\"5 razones para visitar Aranda de Duero, la ciudad de la m\u00fasica y el vino\",\"datePublished\":\"2023-04-25T11:40:10+00:00\",\"dateModified\":\"2025-03-26T13:04:30+00:00\",\"mainEntityOfPage\":{\"@id\":\"https:\\\/\\\/www.escapadarural.com\\\/blog\\\/que-ver-en-aranda-de-duero\\\/\"},\"wordCount\":1152,\"commentCount\":1,\"publisher\":{\"@id\":\"https:\\\/\\\/www.escapadarural.com\\\/blog\\\/#organization\"},\"image\":{\"@id\":\"https:\\\/\\\/www.escapadarural.com\\\/blog\\\/que-ver-en-aranda-de-duero\\\/#primaryimage\"},\"thumbnailUrl\":\"https:\\\/\\\/www.escapadarural.com\\\/blog\\\/wp-content\\\/uploads\\\/2023\\\/04\\\/aranda-de-duero-plaza.webp\",\"keywords\":[\"Aranda de Duero\",\"Bodegas\",\"Burgos\",\"Enoturismo\",\"Listado\",\"pueblos\",\"Ribera del Duero\",\"ruta del vino ribera del duero\",\"sonorama\",\"vino\"],\"articleSection\":[\"Destinos\"],\"inLanguage\":\"es\",\"potentialAction\":[{\"@type\":\"CommentAction\",\"name\":\"Comment\",\"target\":[\"https:\\\/\\\/www.escapadarural.com\\\/blog\\\/que-ver-en-aranda-de-duero\\\/#respond\"]}]},{\"@type\":\"WebPage\",\"@id\":\"https:\\\/\\\/www.escapadarural.com\\\/blog\\\/que-ver-en-aranda-de-duero\\\/\",\"url\":\"https:\\\/\\\/www.escapadarural.com\\\/blog\\\/que-ver-en-aranda-de-duero\\\/\",\"name\":\"5 razones para visitar Aranda de Duero, la ciudad de la m\u00fasica y el vino - EscapadaRural\",\"isPartOf\":{\"@id\":\"https:\\\/\\\/www.escapadarural.com\\\/blog\\\/#website\"},\"primaryImageOfPage\":{\"@id\":\"https:\\\/\\\/www.escapadarural.com\\\/blog\\\/que-ver-en-aranda-de-duero\\\/#primaryimage\"},\"image\":{\"@id\":\"https:\\\/\\\/www.escapadarural.com\\\/blog\\\/que-ver-en-aranda-de-duero\\\/#primaryimage\"},\"thumbnailUrl\":\"https:\\\/\\\/www.escapadarural.com\\\/blog\\\/wp-content\\\/uploads\\\/2023\\\/04\\\/aranda-de-duero-plaza.webp\",\"datePublished\":\"2023-04-25T11:40:10+00:00\",\"dateModified\":\"2025-03-26T13:04:30+00:00\",\"breadcrumb\":{\"@id\":\"https:\\\/\\\/www.escapadarural.com\\\/blog\\\/que-ver-en-aranda-de-duero\\\/#breadcrumb\"},\"inLanguage\":\"es\",\"potentialAction\":[{\"@type\":\"ReadAction\",\"target\":[\"https:\\\/\\\/www.escapadarural.com\\\/blog\\\/que-ver-en-aranda-de-duero\\\/\"]}]},{\"@type\":\"ImageObject\",\"inLanguage\":\"es\",\"@id\":\"https:\\\/\\\/www.escapadarural.com\\\/blog\\\/que-ver-en-aranda-de-duero\\\/#primaryimage\",\"url\":\"https:\\\/\\\/www.escapadarural.com\\\/blog\\\/wp-content\\\/uploads\\\/2023\\\/04\\\/aranda-de-duero-plaza.webp\",\"contentUrl\":\"https:\\\/\\\/www.escapadarural.com\\\/blog\\\/wp-content\\\/uploads\\\/2023\\\/04\\\/aranda-de-duero-plaza.webp\",\"width\":1024,\"height\":476,\"caption\":\"Aranda de Duero. Por rbduque\"},{\"@type\":\"BreadcrumbList\",\"@id\":\"https:\\\/\\\/www.escapadarural.com\\\/blog\\\/que-ver-en-aranda-de-duero\\\/#breadcrumb\",\"itemListElement\":[{\"@type\":\"ListItem\",\"position\":1,\"name\":\"Inicio\",\"item\":\"https:\\\/\\\/www.escapadarural.com\\\/blog\\\/\"},{\"@type\":\"ListItem\",\"position\":2,\"name\":\"Destinos\",\"item\":\"https:\\\/\\\/www.escapadarural.com\\\/blog\\\/categoria\\\/destinos\\\/\"},{\"@type\":\"ListItem\",\"position\":3,\"name\":\"5 razones para visitar Aranda de Duero, la ciudad de la m\u00fasica y el vino\"}]},{\"@type\":\"WebSite\",\"@id\":\"https:\\\/\\\/www.escapadarural.com\\\/blog\\\/#website\",\"url\":\"https:\\\/\\\/www.escapadarural.com\\\/blog\\\/\",\"name\":\"Blog de viajes | turismo rural, alojamientos e inspiraci\u00f3n\",\"description\":\"Alojamientos rurales e inspiraci\u00f3n para tus escapadas\",\"publisher\":{\"@id\":\"https:\\\/\\\/www.escapadarural.com\\\/blog\\\/#organization\"},\"alternateName\":\"Magazine de viajes de EscapadaRural\",\"potentialAction\":[{\"@type\":\"SearchAction\",\"target\":{\"@type\":\"EntryPoint\",\"urlTemplate\":\"https:\\\/\\\/www.escapadarural.com\\\/blog\\\/?s={search_term_string}\"},\"query-input\":{\"@type\":\"PropertyValueSpecification\",\"valueRequired\":true,\"valueName\":\"search_term_string\"}}],\"inLanguage\":\"es\"},{\"@type\":\"Organization\",\"@id\":\"https:\\\/\\\/www.escapadarural.com\\\/blog\\\/#organization\",\"name\":\"EscapadaRural\",\"url\":\"https:\\\/\\\/www.escapadarural.com\\\/blog\\\/\",\"logo\":{\"@type\":\"ImageObject\",\"inLanguage\":\"es\",\"@id\":\"https:\\\/\\\/www.escapadarural.com\\\/blog\\\/#\\\/schema\\\/logo\\\/image\\\/\",\"url\":\"https:\\\/\\\/www.escapadarural.com\\\/blog\\\/wp-content\\\/uploads\\\/2024\\\/10\\\/cropped-cropped-escapada-rural-icon-mag-3.png\",\"contentUrl\":\"https:\\\/\\\/www.escapadarural.com\\\/blog\\\/wp-content\\\/uploads\\\/2024\\\/10\\\/cropped-cropped-escapada-rural-icon-mag-3.png\",\"width\":512,\"height\":512,\"caption\":\"EscapadaRural\"},\"image\":{\"@id\":\"https:\\\/\\\/www.escapadarural.com\\\/blog\\\/#\\\/schema\\\/logo\\\/image\\\/\"},\"sameAs\":[\"https:\\\/\\\/www.facebook.com\\\/escapadarural\",\"https:\\\/\\\/www.instagram.com\\\/escapadarural\\\/\",\"https:\\\/\\\/www.youtube.com\\\/@escapadaruralcom\"]},{\"@type\":\"Person\",\"@id\":\"https:\\\/\\\/www.escapadarural.com\\\/blog\\\/#\\\/schema\\\/person\\\/42dfdff6118172efc6a04c8ae599a2ce\",\"name\":\"Carmen L\u00f3pez\",\"image\":{\"@type\":\"ImageObject\",\"inLanguage\":\"es\",\"@id\":\"https:\\\/\\\/www.escapadarural.com\\\/blog\\\/wp-content\\\/uploads\\\/2024\\\/11\\\/cropped-perfil_eldiario-96x96-1-96x96.jpeg\",\"url\":\"https:\\\/\\\/www.escapadarural.com\\\/blog\\\/wp-content\\\/uploads\\\/2024\\\/11\\\/cropped-perfil_eldiario-96x96-1-96x96.jpeg\",\"contentUrl\":\"https:\\\/\\\/www.escapadarural.com\\\/blog\\\/wp-content\\\/uploads\\\/2024\\\/11\\\/cropped-perfil_eldiario-96x96-1-96x96.jpeg\",\"caption\":\"Carmen L\u00f3pez\"},\"description\":\"Soy periodista y escribo sobre cosas que importan en sitios que interesan desde hace m\u00e1s de una d\u00e9cada.\",\"url\":\"https:\\\/\\\/www.escapadarural.com\\\/blog\\\/autor\\\/carmenlopez\\\/\"}]}<\/script>\n<!-- \/ Yoast SEO plugin. -->","yoast_head_json":{"title":"5 razones para visitar Aranda de Duero, la ciudad de la m\u00fasica y el vino - EscapadaRural","robots":{"index":"index","follow":"follow","max-snippet":"max-snippet:-1","max-image-preview":"max-image-preview:large","max-video-preview":"max-video-preview:-1"},"canonical":"https:\/\/www.escapadarural.com\/blog\/que-ver-en-aranda-de-duero\/","og_locale":"es_ES","og_type":"article","og_title":"5 razones para visitar Aranda de Duero, la ciudad de la m\u00fasica y el vino - EscapadaRural","og_description":"Situada en la Ruta del Vino Ribera del Duero, Aranda de Duero es una peque\u00f1a localidad a rebosar de vida, repleta de bodegas subterr\u00e1neas y que opta a ser Ciudad Creativa de la M\u00fasica. De aqu\u00ed salieron reconocidos artistas.","og_url":"https:\/\/www.escapadarural.com\/blog\/que-ver-en-aranda-de-duero\/","og_site_name":"Magazine de viajes de EscapadaRural","article_publisher":"https:\/\/www.facebook.com\/escapadarural","article_published_time":"2023-04-25T11:40:10+00:00","article_modified_time":"2025-03-26T13:04:30+00:00","og_image":[{"width":1024,"height":476,"url":"https:\/\/www.escapadarural.com\/blog\/wp-content\/uploads\/2023\/04\/aranda-de-duero-plaza.webp","type":"image\/webp"}],"author":"Carmen L\u00f3pez","twitter_card":"summary_large_image","twitter_misc":{"Escrito por":"Carmen L\u00f3pez","Tiempo de lectura":"7 minutos"},"schema":{"@context":"https:\/\/schema.org","@graph":[{"@type":"Article","@id":"https:\/\/www.escapadarural.com\/blog\/que-ver-en-aranda-de-duero\/#article","isPartOf":{"@id":"https:\/\/www.escapadarural.com\/blog\/que-ver-en-aranda-de-duero\/"},"author":{"name":"Carmen L\u00f3pez","@id":"https:\/\/www.escapadarural.com\/blog\/#\/schema\/person\/42dfdff6118172efc6a04c8ae599a2ce"},"headline":"5 razones para visitar Aranda de Duero, la ciudad de la m\u00fasica y el vino","datePublished":"2023-04-25T11:40:10+00:00","dateModified":"2025-03-26T13:04:30+00:00","mainEntityOfPage":{"@id":"https:\/\/www.escapadarural.com\/blog\/que-ver-en-aranda-de-duero\/"},"wordCount":1152,"commentCount":1,"publisher":{"@id":"https:\/\/www.escapadarural.com\/blog\/#organization"},"image":{"@id":"https:\/\/www.escapadarural.com\/blog\/que-ver-en-aranda-de-duero\/#primaryimage"},"thumbnailUrl":"https:\/\/www.escapadarural.com\/blog\/wp-content\/uploads\/2023\/04\/aranda-de-duero-plaza.webp","keywords":["Aranda de Duero","Bodegas","Burgos","Enoturismo","Listado","pueblos","Ribera del Duero","ruta del vino ribera del duero","sonorama","vino"],"articleSection":["Destinos"],"inLanguage":"es","potentialAction":[{"@type":"CommentAction","name":"Comment","target":["https:\/\/www.escapadarural.com\/blog\/que-ver-en-aranda-de-duero\/#respond"]}]},{"@type":"WebPage","@id":"https:\/\/www.escapadarural.com\/blog\/que-ver-en-aranda-de-duero\/","url":"https:\/\/www.escapadarural.com\/blog\/que-ver-en-aranda-de-duero\/","name":"5 razones para visitar Aranda de Duero, la ciudad de la m\u00fasica y el vino - EscapadaRural","isPartOf":{"@id":"https:\/\/www.escapadarural.com\/blog\/#website"},"primaryImageOfPage":{"@id":"https:\/\/www.escapadarural.com\/blog\/que-ver-en-aranda-de-duero\/#primaryimage"},"image":{"@id":"https:\/\/www.escapadarural.com\/blog\/que-ver-en-aranda-de-duero\/#primaryimage"},"thumbnailUrl":"https:\/\/www.escapadarural.com\/blog\/wp-content\/uploads\/2023\/04\/aranda-de-duero-plaza.webp","datePublished":"2023-04-25T11:40:10+00:00","dateModified":"2025-03-26T13:04:30+00:00","breadcrumb":{"@id":"https:\/\/www.escapadarural.com\/blog\/que-ver-en-aranda-de-duero\/#breadcrumb"},"inLanguage":"es","potentialAction":[{"@type":"ReadAction","target":["https:\/\/www.escapadarural.com\/blog\/que-ver-en-aranda-de-duero\/"]}]},{"@type":"ImageObject","inLanguage":"es","@id":"https:\/\/www.escapadarural.com\/blog\/que-ver-en-aranda-de-duero\/#primaryimage","url":"https:\/\/www.escapadarural.com\/blog\/wp-content\/uploads\/2023\/04\/aranda-de-duero-plaza.webp","contentUrl":"https:\/\/www.escapadarural.com\/blog\/wp-content\/uploads\/2023\/04\/aranda-de-duero-plaza.webp","width":1024,"height":476,"caption":"Aranda de Duero. Por rbduque"},{"@type":"BreadcrumbList","@id":"https:\/\/www.escapadarural.com\/blog\/que-ver-en-aranda-de-duero\/#breadcrumb","itemListElement":[{"@type":"ListItem","position":1,"name":"Inicio","item":"https:\/\/www.escapadarural.com\/blog\/"},{"@type":"ListItem","position":2,"name":"Destinos","item":"https:\/\/www.escapadarural.com\/blog\/categoria\/destinos\/"},{"@type":"ListItem","position":3,"name":"5 razones para visitar Aranda de Duero, la ciudad de la m\u00fasica y el vino"}]},{"@type":"WebSite","@id":"https:\/\/www.escapadarural.com\/blog\/#website","url":"https:\/\/www.escapadarural.com\/blog\/","name":"Blog de viajes | turismo rural, alojamientos e inspiraci\u00f3n","description":"Alojamientos rurales e inspiraci\u00f3n para tus escapadas","publisher":{"@id":"https:\/\/www.escapadarural.com\/blog\/#organization"},"alternateName":"Magazine de viajes de EscapadaRural","potentialAction":[{"@type":"SearchAction","target":{"@type":"EntryPoint","urlTemplate":"https:\/\/www.escapadarural.com\/blog\/?s={search_term_string}"},"query-input":{"@type":"PropertyValueSpecification","valueRequired":true,"valueName":"search_term_string"}}],"inLanguage":"es"},{"@type":"Organization","@id":"https:\/\/www.escapadarural.com\/blog\/#organization","name":"EscapadaRural","url":"https:\/\/www.escapadarural.com\/blog\/","logo":{"@type":"ImageObject","inLanguage":"es","@id":"https:\/\/www.escapadarural.com\/blog\/#\/schema\/logo\/image\/","url":"https:\/\/www.escapadarural.com\/blog\/wp-content\/uploads\/2024\/10\/cropped-cropped-escapada-rural-icon-mag-3.png","contentUrl":"https:\/\/www.escapadarural.com\/blog\/wp-content\/uploads\/2024\/10\/cropped-cropped-escapada-rural-icon-mag-3.png","width":512,"height":512,"caption":"EscapadaRural"},"image":{"@id":"https:\/\/www.escapadarural.com\/blog\/#\/schema\/logo\/image\/"},"sameAs":["https:\/\/www.facebook.com\/escapadarural","https:\/\/www.instagram.com\/escapadarural\/","https:\/\/www.youtube.com\/@escapadaruralcom"]},{"@type":"Person","@id":"https:\/\/www.escapadarural.com\/blog\/#\/schema\/person\/42dfdff6118172efc6a04c8ae599a2ce","name":"Carmen L\u00f3pez","image":{"@type":"ImageObject","inLanguage":"es","@id":"https:\/\/www.escapadarural.com\/blog\/wp-content\/uploads\/2024\/11\/cropped-perfil_eldiario-96x96-1-96x96.jpeg","url":"https:\/\/www.escapadarural.com\/blog\/wp-content\/uploads\/2024\/11\/cropped-perfil_eldiario-96x96-1-96x96.jpeg","contentUrl":"https:\/\/www.escapadarural.com\/blog\/wp-content\/uploads\/2024\/11\/cropped-perfil_eldiario-96x96-1-96x96.jpeg","caption":"Carmen L\u00f3pez"},"description":"Soy periodista y escribo sobre cosas que importan en sitios que interesan desde hace m\u00e1s de una d\u00e9cada.","url":"https:\/\/www.escapadarural.com\/blog\/autor\/carmenlopez\/"}]}},"_links":{"self":[{"href":"https:\/\/www.escapadarural.com\/blog\/wp-json\/wp\/v2\/posts\/60815","targetHints":{"allow":["GET"]}}],"collection":[{"href":"https:\/\/www.escapadarural.com\/blog\/wp-json\/wp\/v2\/posts"}],"about":[{"href":"https:\/\/www.escapadarural.com\/blog\/wp-json\/wp\/v2\/types\/post"}],"author":[{"embeddable":true,"href":"https:\/\/www.escapadarural.com\/blog\/wp-json\/wp\/v2\/users\/114"}],"replies":[{"embeddable":true,"href":"https:\/\/www.escapadarural.com\/blog\/wp-json\/wp\/v2\/comments?post=60815"}],"version-history":[{"count":0,"href":"https:\/\/www.escapadarural.com\/blog\/wp-json\/wp\/v2\/posts\/60815\/revisions"}],"wp:featuredmedia":[{"embeddable":true,"href":"https:\/\/www.escapadarural.com\/blog\/wp-json\/wp\/v2\/media\/198172"}],"wp:attachment":[{"href":"https:\/\/www.escapadarural.com\/blog\/wp-json\/wp\/v2\/media?parent=60815"}],"wp:term":[{"taxonomy":"category","embeddable":true,"href":"https:\/\/www.escapadarural.com\/blog\/wp-json\/wp\/v2\/categories?post=60815"},{"taxonomy":"post_tag","embeddable":true,"href":"https:\/\/www.escapadarural.com\/blog\/wp-json\/wp\/v2\/tags?post=60815"}],"curies":[{"name":"wp","href":"https:\/\/api.w.org\/{rel}","templated":true}]}}