{"id":60906,"date":"2023-04-28T10:09:30","date_gmt":"2023-04-28T09:09:30","guid":{"rendered":"https:\/\/www.escapadarural.com\/blog\/?p=60906"},"modified":"2025-05-14T14:13:52","modified_gmt":"2025-05-14T12:13:52","slug":"sequia-en-espana","status":"publish","type":"post","link":"https:\/\/www.escapadarural.com\/blog\/sequia-en-espana\/","title":{"rendered":"La sequ\u00eda en Espa\u00f1a: Europa se calienta el doble de r\u00e1pido que el resto del mundo"},"content":{"rendered":"\n<figure class=\"wp-block-image size-full\"><img decoding=\"async\" src=\"https:\/\/www.escapadarural.com\/blog\/wp-content\/uploads\/2023\/04\/flower-887443_960_720.jpg\" alt=\"\" class=\"wp-image-60909\"\/><\/figure>\n\n\n\n<p>Aunque normalmente el mes de abril es conocido por ser el mes m\u00e1s lluvioso del a\u00f1o, en 2023 este dicho no se cumplir\u00e1. Seg\u00fan la <strong>Agencia Estatal de Meteorolog\u00eda <\/strong>(Aemet), Espa\u00f1a solo ha acumulado una cantidad \u00abmuy inferior a la normal\u00bb de tres litros por metro cuadrado en los primeros 12 d\u00edas de abril. <\/p>\n\n\n\n<p>La previsi\u00f3n meteorol\u00f3gica indica que es posible que llueva en el tercio norte de la Pen\u00ednsula en los pr\u00f3ximos 10 d\u00edas, pero probablemente el tiempo seguir\u00e1 siendo seco en la mayor parte del pa\u00eds. Si la \u00faltima semana de abril tambi\u00e9n resulta ser seca, podr\u00eda ser considerado como <strong>el mes m\u00e1s seco<\/strong> de la serie hist\u00f3rica de precipitaciones en Espa\u00f1a, que comienza en 1961.<\/p>\n\n\n\n<p>Hemos enfrentado una sequ\u00eda en Espa\u00f1a <strong>de larga duraci\u00f3n<\/strong> desde finales del a\u00f1o pasado y esta situaci\u00f3n persistir\u00e1 al menos durante el mes de abril. Esto no es nuevo, ya que, seg\u00fan los datos de la Aemet recopilados por Servimedia, Espa\u00f1a ha experimentado sequ\u00edas similares en el pasado, como en 1975, entre 1981 y 1983, de 1992 a 1995 (que fue la m\u00e1s intensa y prolongada), entre 2005 y 2007, y en 2017 y 2019.<\/p>\n\n\n\n<p>Sin embargo, seg\u00fan los <a href=\"https:\/\/climate.copernicus.eu\/esotc\/2022\" target=\"_blank\">datos que ha arrojado<\/a> el <em>Informe sobre el Estado del Clima en Europa 2022<\/em>, la situaci\u00f3n para Europa es particularmente preocupante:<em> <\/em>el Viejo Continente ha alcanzado una temperatura media de 2,2 \u00b0C por encima de la era preindustrial (1850-1900). Y se est\u00e1 calentando <strong>el doble de r\u00e1pido<\/strong> que el resto del mundo, probablemente porque est\u00e1 desapareciendo cada vez m\u00e1s nieve y hielo de las monta\u00f1as (que reflejan el sol y enfr\u00edan la superficie).&nbsp;<\/p>\n\n\n\n<p>Al analizar el mapa de Espa\u00f1a, se puede notar que la mayor\u00eda de los r\u00edos principales de la pen\u00ednsula ib\u00e9rica tienen caudales significativamente m\u00e1s bajos de lo que sol\u00edan desembocar en el mar en agosto. La sequ\u00eda clim\u00e1tica ha impactado las reservas h\u00eddricas que ya enfrentaban una creciente demanda constante. A pesar de las copiosas precipitaciones en marzo y abril en el pa\u00eds, los embalses no lograron recuperarse.<\/p>\n\n\n\n<p>Posteriormente, el intenso calor y las lluvias escasas han empeorado la situaci\u00f3n, incrementando no solo la sequ\u00eda sino tambi\u00e9n los incendios forestales. Estos han sido tan frecuentes que las emisiones de carbono derivadas de la quema de vegetaci\u00f3n han alcanzado su punto m\u00e1ximo en el continente en los \u00faltimos 15 a\u00f1os.<\/p>\n\n\n\n<p>Es decir, que a pesar de que Espa\u00f1a es un pa\u00eds de contrastes clim\u00e1ticos y geogr\u00e1ficos, y que se ha enfrentado hist\u00f3ricamente periodos de sequ\u00eda que han afectado tanto a sus ciudadanos como a su econom\u00eda, en los \u00faltimos a\u00f1os estos episodios de sequ\u00eda parecen haberse vuelto m\u00e1s frecuentes y severos, lo que ha generado preocupaci\u00f3n en distintos sectores, incluido el <a href=\"https:\/\/www.escapadarural.com\/\" target=\"_blank\" rel=\"noreferrer noopener\">turismo rural<\/a>.&nbsp;<\/p>\n\n\n\n<figure class=\"wp-block-image size-full\"><img decoding=\"async\" src=\"https:\/\/www.escapadarural.com\/blog\/wp-content\/uploads\/2023\/04\/desert-4388204_960_720-1.jpg\" alt=\"\" class=\"wp-image-60910\"\/><\/figure>\n\n\n\n<p><strong>Problema econ\u00f3mico<\/strong><\/p>\n\n\n\n<p>La sequ\u00eda afecta a diversos sectores econ\u00f3micos en Espa\u00f1a, incluyendo la agricultura, la ganader\u00eda y la industria. En el sector agr\u00edcola, la falta de agua puede provocar p\u00e9rdidas significativas en la producci\u00f3n de cultivos, lo que se traduce en menores ingresos para los agricultores y <strong>un aumento en los precios de los productos b\u00e1sicos<\/strong>. <\/p>\n\n\n\n<p>La sequ\u00eda tambi\u00e9n impacta en la ganader\u00eda, ya que disminuye la disponibilidad de forraje y agua para el ganado, lo que puede conducir a una menor producci\u00f3n de carne y l\u00e1cteos.<\/p>\n\n\n\n<p>En cuanto a la industria, la falta de agua puede dificultar el funcionamiento de las empresas que dependen de ella para sus procesos productivos, como la generaci\u00f3n de energ\u00eda hidroel\u00e9ctrica, la industria qu\u00edmica o la producci\u00f3n de alimentos y bebidas.<\/p>\n\n\n\n<p><strong>Turismo<\/strong><\/p>\n\n\n\n<p>El turismo rural, un sector en crecimiento en Espa\u00f1a, tambi\u00e9n se ve afectado por la sequ\u00eda. La disminuci\u00f3n de la disponibilidad de agua puede tener un impacto negativo en la calidad y cantidad de los recursos naturales y culturales que atraen a los visitantes. <\/p>\n\n\n\n<p>Por ejemplo, la sequ\u00eda puede alterar los paisajes y ecosistemas, provocando la desaparici\u00f3n de humedales, la disminuci\u00f3n de caudales de r\u00edos y la degradaci\u00f3n de la vegetaci\u00f3n. Esto puede reducir el atractivo de las \u00e1reas rurales para actividades <strong>como el senderismo, la observaci\u00f3n de aves y el ecoturismo<\/strong>.<\/p>\n\n\n\n<p>Adem\u00e1s, la sequ\u00eda puede agravar los problemas de abastecimiento de agua en las comunidades rurales, lo que puede afectar la calidad y disponibilidad de los servicios tur\u00edsticos, como alojamientos y restaurantes. Ello puede disuadir a los turistas de visitar \u00e1reas afectadas por la sequ\u00eda y tener un impacto negativo en la econom\u00eda local.<\/p>\n\n\n\n<figure class=\"wp-block-image size-large\"><img decoding=\"async\" src=\"https:\/\/www.escapadarural.com\/blog\/wp-content\/uploads\/2023\/04\/dryness-ga24f8f730_1280-1-1024x576-1.jpg\" alt=\"\" class=\"wp-image-60911\"\/><\/figure>\n\n\n\n<p><strong>Pron\u00f3sticos<\/strong><\/p>\n\n\n\n<p>Las proyecciones clim\u00e1ticas indican que, en el futuro, Espa\u00f1a podr\u00eda enfrentar sequ\u00edas m\u00e1s frecuentes y severas debido al cambio clim\u00e1tico. Se espera que las temperaturas aumenten, las precipitaciones sean m\u00e1s variables y los recursos h\u00eddricos disminuyan en las pr\u00f3ximas d\u00e9cadas. <\/p>\n\n\n\n<p>Ante este panorama, es fundamental que Espa\u00f1a implemente medidas de adaptaci\u00f3n y mitigaci\u00f3n para <strong>enfrentar las sequ\u00edas<\/strong> y garantizar la sostenibilidad de sus recursos h\u00eddricos. Estas medidas pueden incluir la promoci\u00f3n de pr\u00e1cticas agr\u00edcolas y ganaderas sostenibles, la modernizaci\u00f3n de infraestructuras h\u00eddricas, el fomento del uso eficiente del agua y la implementaci\u00f3n de pol\u00edticas de gesti\u00f3n integrada de recursos h\u00eddricos.<\/p>\n\n\n\n<p>En el sector tur\u00edstico, es esencial <strong>promover pr\u00e1cticas sostenibles y responsables<\/strong> que reduzcan el impacto del turismo en los recursos h\u00eddricos y el medio ambiente en general. Ello puede incluir la adopci\u00f3n de tecnolog\u00edas de ahorro de agua en alojamientos y restaurantes, la promoci\u00f3n de actividades tur\u00edsticas de bajo impacto y la concienciaci\u00f3n sobre la importancia del uso responsable del agua entre los visitantes.<\/p>\n\n\n\n<p>El turismo rural tiene un papel importante en este proceso, dado que puede actuar como un motor de desarrollo sostenible y contribuir a la conservaci\u00f3n de los recursos naturales y culturales. Para lograrlo, es necesario adoptar pr\u00e1cticas tur\u00edsticas sostenibles y responsables que minimicen el impacto del turismo en el medio ambiente y fomenten la conservaci\u00f3n y el uso eficiente de los recursos h\u00eddricos. <strong>El futuro depende de ello<\/strong>.<\/p>\n","protected":false},"excerpt":{"rendered":"<p>El turismo rural tiene un papel importante sobre la sequ\u00eda en Espa\u00f1a, dado que puede actuar como un motor de desarrollo sostenible y contribuir a la conservaci\u00f3n de los recursos naturales y culturales. El futuro depende de ello.<\/p>\n","protected":false},"author":120,"featured_media":93796,"comment_status":"open","ping_status":"open","sticky":false,"template":"","format":"standard","meta":{"_acf_changed":false,"om_disable_all_campaigns":false,"footnotes":""},"categories":[390],"tags":[1326,2467,3796,1281,274],"class_list":["post-60906","post","type-post","status-publish","format-standard","has-post-thumbnail","hentry","category-noticias","tag-agua","tag-cambio-climatico","tag-sequia","tag-sostenibilidad","tag-turismo-rural"],"acf":[],"featured_image_src":"https:\/\/www.escapadarural.com\/blog\/wp-content\/uploads\/2024\/10\/gorafe-granada-1024x433-1.jpg","author_info":{"display_name":"Sergio Parra","author_link":"https:\/\/www.escapadarural.com\/blog\/autor\/sergio\/"},"yoast_head":"<!-- This site is optimized with the Yoast SEO plugin v27.5 - https:\/\/yoast.com\/product\/yoast-seo-wordpress\/ -->\n<title>La sequ\u00eda en Espa\u00f1a: Europa se calienta el doble de r\u00e1pido que el resto del mundo - EscapadaRural<\/title>\n<meta name=\"robots\" content=\"index, follow, max-snippet:-1, max-image-preview:large, max-video-preview:-1\" \/>\n<link rel=\"canonical\" href=\"https:\/\/www.escapadarural.com\/blog\/sequia-en-espana\/\" \/>\n<meta property=\"og:locale\" content=\"es_ES\" \/>\n<meta property=\"og:type\" content=\"article\" \/>\n<meta property=\"og:title\" content=\"La sequ\u00eda en Espa\u00f1a: Europa se calienta el doble de r\u00e1pido que el resto del mundo - EscapadaRural\" \/>\n<meta property=\"og:description\" content=\"El turismo rural tiene un papel importante sobre la sequ\u00eda en Espa\u00f1a, dado que puede actuar como un motor de desarrollo sostenible y contribuir a la conservaci\u00f3n de los recursos naturales y culturales. El futuro depende de ello.\" \/>\n<meta property=\"og:url\" content=\"https:\/\/www.escapadarural.com\/blog\/sequia-en-espana\/\" \/>\n<meta property=\"og:site_name\" content=\"Magazine de viajes de EscapadaRural\" \/>\n<meta property=\"article:publisher\" content=\"https:\/\/www.facebook.com\/escapadarural\" \/>\n<meta property=\"article:published_time\" content=\"2023-04-28T09:09:30+00:00\" \/>\n<meta property=\"article:modified_time\" content=\"2025-05-14T12:13:52+00:00\" \/>\n<meta property=\"og:image\" content=\"https:\/\/www.escapadarural.com\/blog\/wp-content\/uploads\/2024\/10\/gorafe-granada-1024x433-1.jpg\" \/>\n\t<meta property=\"og:image:width\" content=\"1024\" \/>\n\t<meta property=\"og:image:height\" content=\"433\" \/>\n\t<meta property=\"og:image:type\" content=\"image\/jpeg\" \/>\n<meta name=\"author\" content=\"Sergio Parra\" \/>\n<meta name=\"twitter:card\" content=\"summary_large_image\" \/>\n<meta name=\"twitter:label1\" content=\"Escrito por\" \/>\n\t<meta name=\"twitter:data1\" content=\"Sergio Parra\" \/>\n\t<meta name=\"twitter:label2\" content=\"Tiempo de lectura\" \/>\n\t<meta name=\"twitter:data2\" content=\"6 minutos\" \/>\n<script type=\"application\/ld+json\" class=\"yoast-schema-graph\">{\"@context\":\"https:\\\/\\\/schema.org\",\"@graph\":[{\"@type\":\"Article\",\"@id\":\"https:\\\/\\\/www.escapadarural.com\\\/blog\\\/sequia-en-espana\\\/#article\",\"isPartOf\":{\"@id\":\"https:\\\/\\\/www.escapadarural.com\\\/blog\\\/sequia-en-espana\\\/\"},\"author\":{\"name\":\"Sergio Parra\",\"@id\":\"https:\\\/\\\/www.escapadarural.com\\\/blog\\\/#\\\/schema\\\/person\\\/b19b2221b2fc03d3ab5ec82d81f7a678\"},\"headline\":\"La sequ\u00eda en Espa\u00f1a: Europa se calienta el doble de r\u00e1pido que el resto del mundo\",\"datePublished\":\"2023-04-28T09:09:30+00:00\",\"dateModified\":\"2025-05-14T12:13:52+00:00\",\"mainEntityOfPage\":{\"@id\":\"https:\\\/\\\/www.escapadarural.com\\\/blog\\\/sequia-en-espana\\\/\"},\"wordCount\":1096,\"commentCount\":0,\"publisher\":{\"@id\":\"https:\\\/\\\/www.escapadarural.com\\\/blog\\\/#organization\"},\"image\":{\"@id\":\"https:\\\/\\\/www.escapadarural.com\\\/blog\\\/sequia-en-espana\\\/#primaryimage\"},\"thumbnailUrl\":\"https:\\\/\\\/www.escapadarural.com\\\/blog\\\/wp-content\\\/uploads\\\/2024\\\/10\\\/gorafe-granada-1024x433-1.jpg\",\"keywords\":[\"Agua\",\"cambio clim\u00e1tico\",\"sequ\u00eda\",\"Sostenibilidad\",\"turismo rural\"],\"articleSection\":[\"Noticias\"],\"inLanguage\":\"es\",\"potentialAction\":[{\"@type\":\"CommentAction\",\"name\":\"Comment\",\"target\":[\"https:\\\/\\\/www.escapadarural.com\\\/blog\\\/sequia-en-espana\\\/#respond\"]}]},{\"@type\":\"WebPage\",\"@id\":\"https:\\\/\\\/www.escapadarural.com\\\/blog\\\/sequia-en-espana\\\/\",\"url\":\"https:\\\/\\\/www.escapadarural.com\\\/blog\\\/sequia-en-espana\\\/\",\"name\":\"La sequ\u00eda en Espa\u00f1a: Europa se calienta el doble de r\u00e1pido que el resto del mundo - EscapadaRural\",\"isPartOf\":{\"@id\":\"https:\\\/\\\/www.escapadarural.com\\\/blog\\\/#website\"},\"primaryImageOfPage\":{\"@id\":\"https:\\\/\\\/www.escapadarural.com\\\/blog\\\/sequia-en-espana\\\/#primaryimage\"},\"image\":{\"@id\":\"https:\\\/\\\/www.escapadarural.com\\\/blog\\\/sequia-en-espana\\\/#primaryimage\"},\"thumbnailUrl\":\"https:\\\/\\\/www.escapadarural.com\\\/blog\\\/wp-content\\\/uploads\\\/2024\\\/10\\\/gorafe-granada-1024x433-1.jpg\",\"datePublished\":\"2023-04-28T09:09:30+00:00\",\"dateModified\":\"2025-05-14T12:13:52+00:00\",\"breadcrumb\":{\"@id\":\"https:\\\/\\\/www.escapadarural.com\\\/blog\\\/sequia-en-espana\\\/#breadcrumb\"},\"inLanguage\":\"es\",\"potentialAction\":[{\"@type\":\"ReadAction\",\"target\":[\"https:\\\/\\\/www.escapadarural.com\\\/blog\\\/sequia-en-espana\\\/\"]}]},{\"@type\":\"ImageObject\",\"inLanguage\":\"es\",\"@id\":\"https:\\\/\\\/www.escapadarural.com\\\/blog\\\/sequia-en-espana\\\/#primaryimage\",\"url\":\"https:\\\/\\\/www.escapadarural.com\\\/blog\\\/wp-content\\\/uploads\\\/2024\\\/10\\\/gorafe-granada-1024x433-1.jpg\",\"contentUrl\":\"https:\\\/\\\/www.escapadarural.com\\\/blog\\\/wp-content\\\/uploads\\\/2024\\\/10\\\/gorafe-granada-1024x433-1.jpg\",\"width\":1024,\"height\":433,\"caption\":\"Desierto de Gorafe, Granada. Por Antonio ciero\"},{\"@type\":\"BreadcrumbList\",\"@id\":\"https:\\\/\\\/www.escapadarural.com\\\/blog\\\/sequia-en-espana\\\/#breadcrumb\",\"itemListElement\":[{\"@type\":\"ListItem\",\"position\":1,\"name\":\"Inicio\",\"item\":\"https:\\\/\\\/www.escapadarural.com\\\/blog\\\/\"},{\"@type\":\"ListItem\",\"position\":2,\"name\":\"Noticias\",\"item\":\"https:\\\/\\\/www.escapadarural.com\\\/blog\\\/categoria\\\/noticias\\\/\"},{\"@type\":\"ListItem\",\"position\":3,\"name\":\"La sequ\u00eda en Espa\u00f1a: Europa se calienta el doble de r\u00e1pido que el resto del mundo\"}]},{\"@type\":\"WebSite\",\"@id\":\"https:\\\/\\\/www.escapadarural.com\\\/blog\\\/#website\",\"url\":\"https:\\\/\\\/www.escapadarural.com\\\/blog\\\/\",\"name\":\"Blog de viajes | turismo rural, alojamientos e inspiraci\u00f3n\",\"description\":\"Alojamientos rurales e inspiraci\u00f3n para tus escapadas\",\"publisher\":{\"@id\":\"https:\\\/\\\/www.escapadarural.com\\\/blog\\\/#organization\"},\"alternateName\":\"Magazine de viajes de EscapadaRural\",\"potentialAction\":[{\"@type\":\"SearchAction\",\"target\":{\"@type\":\"EntryPoint\",\"urlTemplate\":\"https:\\\/\\\/www.escapadarural.com\\\/blog\\\/?s={search_term_string}\"},\"query-input\":{\"@type\":\"PropertyValueSpecification\",\"valueRequired\":true,\"valueName\":\"search_term_string\"}}],\"inLanguage\":\"es\"},{\"@type\":\"Organization\",\"@id\":\"https:\\\/\\\/www.escapadarural.com\\\/blog\\\/#organization\",\"name\":\"EscapadaRural\",\"url\":\"https:\\\/\\\/www.escapadarural.com\\\/blog\\\/\",\"logo\":{\"@type\":\"ImageObject\",\"inLanguage\":\"es\",\"@id\":\"https:\\\/\\\/www.escapadarural.com\\\/blog\\\/#\\\/schema\\\/logo\\\/image\\\/\",\"url\":\"https:\\\/\\\/www.escapadarural.com\\\/blog\\\/wp-content\\\/uploads\\\/2024\\\/10\\\/cropped-cropped-escapada-rural-icon-mag-3.png\",\"contentUrl\":\"https:\\\/\\\/www.escapadarural.com\\\/blog\\\/wp-content\\\/uploads\\\/2024\\\/10\\\/cropped-cropped-escapada-rural-icon-mag-3.png\",\"width\":512,\"height\":512,\"caption\":\"EscapadaRural\"},\"image\":{\"@id\":\"https:\\\/\\\/www.escapadarural.com\\\/blog\\\/#\\\/schema\\\/logo\\\/image\\\/\"},\"sameAs\":[\"https:\\\/\\\/www.facebook.com\\\/escapadarural\",\"https:\\\/\\\/www.instagram.com\\\/escapadarural\\\/\",\"https:\\\/\\\/www.youtube.com\\\/@escapadaruralcom\"]},{\"@type\":\"Person\",\"@id\":\"https:\\\/\\\/www.escapadarural.com\\\/blog\\\/#\\\/schema\\\/person\\\/b19b2221b2fc03d3ab5ec82d81f7a678\",\"name\":\"Sergio Parra\",\"image\":{\"@type\":\"ImageObject\",\"inLanguage\":\"es\",\"@id\":\"https:\\\/\\\/www.escapadarural.com\\\/blog\\\/wp-content\\\/uploads\\\/2025\\\/02\\\/cropped-sergio_parra.webp\",\"url\":\"https:\\\/\\\/www.escapadarural.com\\\/blog\\\/wp-content\\\/uploads\\\/2025\\\/02\\\/cropped-sergio_parra.webp\",\"contentUrl\":\"https:\\\/\\\/www.escapadarural.com\\\/blog\\\/wp-content\\\/uploads\\\/2025\\\/02\\\/cropped-sergio_parra.webp\",\"caption\":\"Sergio Parra\"},\"description\":\"Juntaletras, divulgador y alfanum\u00e9rico vocacional. Siempre a la caza de historias que iluminen el camino y de ense\u00f1anzas que permitan capturar lo que te salga al paso. Escribo en Yorokobu, Jot Down y Muy Interesante, y soy editor de Xataka Ciencia y Diario del Viajero. Cuando necesito recogimiento, escribo libros. Cuando me siento extrovertido, salgo en el canal de YouTube Optirrealismo o el podcast Xanad\u00fa: Hearst &amp; Kane. Cuando busco perspectiva, me marcho lejos en bicicleta.\",\"sameAs\":[\"https:\\\/\\\/about.me\\\/sergioparra\",\"https:\\\/\\\/www.instagram.com\\\/melvinud\\\/\"],\"url\":\"https:\\\/\\\/www.escapadarural.com\\\/blog\\\/autor\\\/sergio\\\/\"}]}<\/script>\n<!-- \/ Yoast SEO plugin. -->","yoast_head_json":{"title":"La sequ\u00eda en Espa\u00f1a: Europa se calienta el doble de r\u00e1pido que el resto del mundo - EscapadaRural","robots":{"index":"index","follow":"follow","max-snippet":"max-snippet:-1","max-image-preview":"max-image-preview:large","max-video-preview":"max-video-preview:-1"},"canonical":"https:\/\/www.escapadarural.com\/blog\/sequia-en-espana\/","og_locale":"es_ES","og_type":"article","og_title":"La sequ\u00eda en Espa\u00f1a: Europa se calienta el doble de r\u00e1pido que el resto del mundo - EscapadaRural","og_description":"El turismo rural tiene un papel importante sobre la sequ\u00eda en Espa\u00f1a, dado que puede actuar como un motor de desarrollo sostenible y contribuir a la conservaci\u00f3n de los recursos naturales y culturales. El futuro depende de ello.","og_url":"https:\/\/www.escapadarural.com\/blog\/sequia-en-espana\/","og_site_name":"Magazine de viajes de EscapadaRural","article_publisher":"https:\/\/www.facebook.com\/escapadarural","article_published_time":"2023-04-28T09:09:30+00:00","article_modified_time":"2025-05-14T12:13:52+00:00","og_image":[{"width":1024,"height":433,"url":"https:\/\/www.escapadarural.com\/blog\/wp-content\/uploads\/2024\/10\/gorafe-granada-1024x433-1.jpg","type":"image\/jpeg"}],"author":"Sergio Parra","twitter_card":"summary_large_image","twitter_misc":{"Escrito por":"Sergio Parra","Tiempo de lectura":"6 minutos"},"schema":{"@context":"https:\/\/schema.org","@graph":[{"@type":"Article","@id":"https:\/\/www.escapadarural.com\/blog\/sequia-en-espana\/#article","isPartOf":{"@id":"https:\/\/www.escapadarural.com\/blog\/sequia-en-espana\/"},"author":{"name":"Sergio Parra","@id":"https:\/\/www.escapadarural.com\/blog\/#\/schema\/person\/b19b2221b2fc03d3ab5ec82d81f7a678"},"headline":"La sequ\u00eda en Espa\u00f1a: Europa se calienta el doble de r\u00e1pido que el resto del mundo","datePublished":"2023-04-28T09:09:30+00:00","dateModified":"2025-05-14T12:13:52+00:00","mainEntityOfPage":{"@id":"https:\/\/www.escapadarural.com\/blog\/sequia-en-espana\/"},"wordCount":1096,"commentCount":0,"publisher":{"@id":"https:\/\/www.escapadarural.com\/blog\/#organization"},"image":{"@id":"https:\/\/www.escapadarural.com\/blog\/sequia-en-espana\/#primaryimage"},"thumbnailUrl":"https:\/\/www.escapadarural.com\/blog\/wp-content\/uploads\/2024\/10\/gorafe-granada-1024x433-1.jpg","keywords":["Agua","cambio clim\u00e1tico","sequ\u00eda","Sostenibilidad","turismo rural"],"articleSection":["Noticias"],"inLanguage":"es","potentialAction":[{"@type":"CommentAction","name":"Comment","target":["https:\/\/www.escapadarural.com\/blog\/sequia-en-espana\/#respond"]}]},{"@type":"WebPage","@id":"https:\/\/www.escapadarural.com\/blog\/sequia-en-espana\/","url":"https:\/\/www.escapadarural.com\/blog\/sequia-en-espana\/","name":"La sequ\u00eda en Espa\u00f1a: Europa se calienta el doble de r\u00e1pido que el resto del mundo - EscapadaRural","isPartOf":{"@id":"https:\/\/www.escapadarural.com\/blog\/#website"},"primaryImageOfPage":{"@id":"https:\/\/www.escapadarural.com\/blog\/sequia-en-espana\/#primaryimage"},"image":{"@id":"https:\/\/www.escapadarural.com\/blog\/sequia-en-espana\/#primaryimage"},"thumbnailUrl":"https:\/\/www.escapadarural.com\/blog\/wp-content\/uploads\/2024\/10\/gorafe-granada-1024x433-1.jpg","datePublished":"2023-04-28T09:09:30+00:00","dateModified":"2025-05-14T12:13:52+00:00","breadcrumb":{"@id":"https:\/\/www.escapadarural.com\/blog\/sequia-en-espana\/#breadcrumb"},"inLanguage":"es","potentialAction":[{"@type":"ReadAction","target":["https:\/\/www.escapadarural.com\/blog\/sequia-en-espana\/"]}]},{"@type":"ImageObject","inLanguage":"es","@id":"https:\/\/www.escapadarural.com\/blog\/sequia-en-espana\/#primaryimage","url":"https:\/\/www.escapadarural.com\/blog\/wp-content\/uploads\/2024\/10\/gorafe-granada-1024x433-1.jpg","contentUrl":"https:\/\/www.escapadarural.com\/blog\/wp-content\/uploads\/2024\/10\/gorafe-granada-1024x433-1.jpg","width":1024,"height":433,"caption":"Desierto de Gorafe, Granada. Por Antonio ciero"},{"@type":"BreadcrumbList","@id":"https:\/\/www.escapadarural.com\/blog\/sequia-en-espana\/#breadcrumb","itemListElement":[{"@type":"ListItem","position":1,"name":"Inicio","item":"https:\/\/www.escapadarural.com\/blog\/"},{"@type":"ListItem","position":2,"name":"Noticias","item":"https:\/\/www.escapadarural.com\/blog\/categoria\/noticias\/"},{"@type":"ListItem","position":3,"name":"La sequ\u00eda en Espa\u00f1a: Europa se calienta el doble de r\u00e1pido que el resto del mundo"}]},{"@type":"WebSite","@id":"https:\/\/www.escapadarural.com\/blog\/#website","url":"https:\/\/www.escapadarural.com\/blog\/","name":"Blog de viajes | turismo rural, alojamientos e inspiraci\u00f3n","description":"Alojamientos rurales e inspiraci\u00f3n para tus escapadas","publisher":{"@id":"https:\/\/www.escapadarural.com\/blog\/#organization"},"alternateName":"Magazine de viajes de EscapadaRural","potentialAction":[{"@type":"SearchAction","target":{"@type":"EntryPoint","urlTemplate":"https:\/\/www.escapadarural.com\/blog\/?s={search_term_string}"},"query-input":{"@type":"PropertyValueSpecification","valueRequired":true,"valueName":"search_term_string"}}],"inLanguage":"es"},{"@type":"Organization","@id":"https:\/\/www.escapadarural.com\/blog\/#organization","name":"EscapadaRural","url":"https:\/\/www.escapadarural.com\/blog\/","logo":{"@type":"ImageObject","inLanguage":"es","@id":"https:\/\/www.escapadarural.com\/blog\/#\/schema\/logo\/image\/","url":"https:\/\/www.escapadarural.com\/blog\/wp-content\/uploads\/2024\/10\/cropped-cropped-escapada-rural-icon-mag-3.png","contentUrl":"https:\/\/www.escapadarural.com\/blog\/wp-content\/uploads\/2024\/10\/cropped-cropped-escapada-rural-icon-mag-3.png","width":512,"height":512,"caption":"EscapadaRural"},"image":{"@id":"https:\/\/www.escapadarural.com\/blog\/#\/schema\/logo\/image\/"},"sameAs":["https:\/\/www.facebook.com\/escapadarural","https:\/\/www.instagram.com\/escapadarural\/","https:\/\/www.youtube.com\/@escapadaruralcom"]},{"@type":"Person","@id":"https:\/\/www.escapadarural.com\/blog\/#\/schema\/person\/b19b2221b2fc03d3ab5ec82d81f7a678","name":"Sergio Parra","image":{"@type":"ImageObject","inLanguage":"es","@id":"https:\/\/www.escapadarural.com\/blog\/wp-content\/uploads\/2025\/02\/cropped-sergio_parra.webp","url":"https:\/\/www.escapadarural.com\/blog\/wp-content\/uploads\/2025\/02\/cropped-sergio_parra.webp","contentUrl":"https:\/\/www.escapadarural.com\/blog\/wp-content\/uploads\/2025\/02\/cropped-sergio_parra.webp","caption":"Sergio Parra"},"description":"Juntaletras, divulgador y alfanum\u00e9rico vocacional. Siempre a la caza de historias que iluminen el camino y de ense\u00f1anzas que permitan capturar lo que te salga al paso. Escribo en Yorokobu, Jot Down y Muy Interesante, y soy editor de Xataka Ciencia y Diario del Viajero. Cuando necesito recogimiento, escribo libros. Cuando me siento extrovertido, salgo en el canal de YouTube Optirrealismo o el podcast Xanad\u00fa: Hearst &amp; Kane. Cuando busco perspectiva, me marcho lejos en bicicleta.","sameAs":["https:\/\/about.me\/sergioparra","https:\/\/www.instagram.com\/melvinud\/"],"url":"https:\/\/www.escapadarural.com\/blog\/autor\/sergio\/"}]}},"_links":{"self":[{"href":"https:\/\/www.escapadarural.com\/blog\/wp-json\/wp\/v2\/posts\/60906","targetHints":{"allow":["GET"]}}],"collection":[{"href":"https:\/\/www.escapadarural.com\/blog\/wp-json\/wp\/v2\/posts"}],"about":[{"href":"https:\/\/www.escapadarural.com\/blog\/wp-json\/wp\/v2\/types\/post"}],"author":[{"embeddable":true,"href":"https:\/\/www.escapadarural.com\/blog\/wp-json\/wp\/v2\/users\/120"}],"replies":[{"embeddable":true,"href":"https:\/\/www.escapadarural.com\/blog\/wp-json\/wp\/v2\/comments?post=60906"}],"version-history":[{"count":0,"href":"https:\/\/www.escapadarural.com\/blog\/wp-json\/wp\/v2\/posts\/60906\/revisions"}],"wp:featuredmedia":[{"embeddable":true,"href":"https:\/\/www.escapadarural.com\/blog\/wp-json\/wp\/v2\/media\/93796"}],"wp:attachment":[{"href":"https:\/\/www.escapadarural.com\/blog\/wp-json\/wp\/v2\/media?parent=60906"}],"wp:term":[{"taxonomy":"category","embeddable":true,"href":"https:\/\/www.escapadarural.com\/blog\/wp-json\/wp\/v2\/categories?post=60906"},{"taxonomy":"post_tag","embeddable":true,"href":"https:\/\/www.escapadarural.com\/blog\/wp-json\/wp\/v2\/tags?post=60906"}],"curies":[{"name":"wp","href":"https:\/\/api.w.org\/{rel}","templated":true}]}}