{"id":6106,"date":"2015-12-01T10:39:35","date_gmt":"2015-12-01T10:39:35","guid":{"rendered":"http:\/\/15.188.81.248\/2015\/12\/01\/estaciones-de-esqui-en-el-pirineo-aragones\/"},"modified":"2026-03-10T10:32:22","modified_gmt":"2026-03-10T09:32:22","slug":"estaciones-de-esqui-en-el-pirineo-aragones","status":"publish","type":"post","link":"https:\/\/www.escapadarural.com\/blog\/estaciones-de-esqui-en-el-pirineo-aragones\/","title":{"rendered":"Las 5 estaciones de esqu\u00ed del Pirineo aragon\u00e9s"},"content":{"rendered":"<div style=\"background-color: #dff0d8; color: #3c763d; border-left-color: #3c763d; \" class=\"ub-styled-box ub-notification-box wp-block-ub-styled-box\" id=\"ub-styled-box-6535dac9-3922-46ea-9e40-831946e971cc\">\n<p id=\"ub-styled-box-notification-content-\"><em><strong>Art\u00edculo disponible en formato Podcast<\/strong><\/em><\/p>\n\n\n\n<figure class=\"wp-block-audio\"><audio controls src=\"https:\/\/www.escapadarural.com\/blog\/wp-content\/uploads\/2015\/12\/Las_cinco_estaciones_del_Pirineo_aragones.mp3\"><\/audio><\/figure>\n\n\n\n<p><em>* El podcast (un di\u00e1logo ameno entre dos presentadores) ha sido producido con una herramienta de IA, basado en la informaci\u00f3n del texto, respetando la investigaci\u00f3n de nuestros periodistas y supervisado por ellos mismos.<\/em><\/p>\n\n\n<\/div>\n\n\n<p>El <a href=\"\/blog\/imprescindibles-del-pirineo-aragones\/\">Pirineo aragon\u00e9s<\/a> est\u00e1 considerado la meca de la <strong>alta monta\u00f1a<\/strong> espa\u00f1ola, albergando las cumbres m\u00e1s altas del Pirineo (188 picos que superan los 3.000 metros, destacando Aneto, Posets y Monte Perdido). Es el lugar ideal para disfrutar del deporte m\u00e1s popular en invierno. \u00a1A esquiar!<\/p>\n\n\n\n<h2 class=\"wp-block-heading title-rute\" id=\"h-astun\">Ast\u00fan (<a href=\"\/casas-rurales\/valle-del-aragon\">valle del Arag\u00f3n<\/a>)<\/h2>\n\n\n\n<figure class=\"wp-block-image size-large\"><img loading=\"lazy\" decoding=\"async\" width=\"1024\" height=\"683\" src=\"https:\/\/www.escapadarural.com\/blog\/wp-content\/uploads\/2015\/12\/01_estacionesesquiAragon_Astun_lunamarina_AdobeStock_214598125-1024x683.jpeg\" alt=\"Estaci\u00f3n de esqu\u00ed de Ast\u00fan (Huesca).\" class=\"wp-image-214698\" srcset=\"https:\/\/www.escapadarural.com\/blog\/wp-content\/uploads\/2015\/12\/01_estacionesesquiAragon_Astun_lunamarina_AdobeStock_214598125-200x133.jpeg 200w, https:\/\/www.escapadarural.com\/blog\/wp-content\/uploads\/2015\/12\/01_estacionesesquiAragon_Astun_lunamarina_AdobeStock_214598125-300x200.jpeg 300w, https:\/\/www.escapadarural.com\/blog\/wp-content\/uploads\/2015\/12\/01_estacionesesquiAragon_Astun_lunamarina_AdobeStock_214598125-400x267.jpeg 400w, https:\/\/www.escapadarural.com\/blog\/wp-content\/uploads\/2015\/12\/01_estacionesesquiAragon_Astun_lunamarina_AdobeStock_214598125-600x400.jpeg 600w, https:\/\/www.escapadarural.com\/blog\/wp-content\/uploads\/2015\/12\/01_estacionesesquiAragon_Astun_lunamarina_AdobeStock_214598125-768x512.jpeg 768w, https:\/\/www.escapadarural.com\/blog\/wp-content\/uploads\/2015\/12\/01_estacionesesquiAragon_Astun_lunamarina_AdobeStock_214598125-800x534.jpeg 800w, https:\/\/www.escapadarural.com\/blog\/wp-content\/uploads\/2015\/12\/01_estacionesesquiAragon_Astun_lunamarina_AdobeStock_214598125-1024x683.jpeg 1024w, https:\/\/www.escapadarural.com\/blog\/wp-content\/uploads\/2015\/12\/01_estacionesesquiAragon_Astun_lunamarina_AdobeStock_214598125-1200x800.jpeg 1200w, https:\/\/www.escapadarural.com\/blog\/wp-content\/uploads\/2015\/12\/01_estacionesesquiAragon_Astun_lunamarina_AdobeStock_214598125-1536x1025.jpeg 1536w\" sizes=\"auto, (max-width: 1024px) 100vw, 1024px\" \/><figcaption class=\"wp-element-caption\">Estaci\u00f3n de esqu\u00ed de Ast\u00fan (Huesca). Por lunamarina.<\/figcaption><\/figure>\n\n\n\n<p>La <a href=\"https:\/\/astuncandanchu.com\/\" target=\"_blank\" rel=\"noreferrer noopener nofollow\">estaci\u00f3n de esqu\u00ed de Ast\u00fan<\/a> est\u00e1 situada en el t\u00e9rmino municipal de <a href=\"\/casas-rurales\/jaca\">Jaca<\/a>. Se encuentra muy cerca de la estaci\u00f3n de esqu\u00ed de Candanch\u00fa, <strong>cerca de la frontera con Francia<\/strong>, con la que comparte dominio esquiable gracias a un servicio de autob\u00fas lanzadera. Est\u00e1 en proyecto la construcci\u00f3n de un telecabina entre ambas estaciones.<\/p>\n\n\n\n<p>Dispone de 42 km en pistas esquiables y ofrece <strong>todos los servicios<\/strong> de las estaciones de esqu\u00ed: remontes, enfermer\u00eda, restauraci\u00f3n y escuela de esqu\u00ed. Su pico m\u00e1s alto es La Raca, de 2.300 metros de altitud y un desnivel de 300 metros.<\/p>\n\n\n\n<div class=\"wp-block-buttons is-layout-flex wp-block-buttons-is-layout-flex\">\n<div class=\"wp-block-button\"><a class=\"wp-block-button__link wp-element-button\" href=\"\/casas-rurales\/astun\">Alojamientos rurales cerca de Ast\u00fan<\/a><\/div>\n<\/div>\n\n\n\n<h2 class=\"wp-block-heading title-rute\" id=\"h-candanchu\">Candanch\u00fa (<a href=\"\/casas-rurales\/valle-del-aragon\">valle del Arag\u00f3n<\/a>)<\/h2>\n\n\n\n<figure class=\"wp-block-image size-large\"><img loading=\"lazy\" decoding=\"async\" width=\"1024\" height=\"440\" src=\"https:\/\/www.escapadarural.com\/blog\/wp-content\/uploads\/2015\/12\/02_estacionesesquiAragon_Candanchu_lunamarina_AdobeStock_214601926-1024x440.jpeg\" alt=\"Estaci\u00f3n de esqu\u00ed de Candanch\u00fa (Huesca).\" class=\"wp-image-214699\" srcset=\"https:\/\/www.escapadarural.com\/blog\/wp-content\/uploads\/2015\/12\/02_estacionesesquiAragon_Candanchu_lunamarina_AdobeStock_214601926-200x86.jpeg 200w, https:\/\/www.escapadarural.com\/blog\/wp-content\/uploads\/2015\/12\/02_estacionesesquiAragon_Candanchu_lunamarina_AdobeStock_214601926-300x129.jpeg 300w, https:\/\/www.escapadarural.com\/blog\/wp-content\/uploads\/2015\/12\/02_estacionesesquiAragon_Candanchu_lunamarina_AdobeStock_214601926-400x172.jpeg 400w, https:\/\/www.escapadarural.com\/blog\/wp-content\/uploads\/2015\/12\/02_estacionesesquiAragon_Candanchu_lunamarina_AdobeStock_214601926-600x258.jpeg 600w, https:\/\/www.escapadarural.com\/blog\/wp-content\/uploads\/2015\/12\/02_estacionesesquiAragon_Candanchu_lunamarina_AdobeStock_214601926-768x330.jpeg 768w, https:\/\/www.escapadarural.com\/blog\/wp-content\/uploads\/2015\/12\/02_estacionesesquiAragon_Candanchu_lunamarina_AdobeStock_214601926-800x344.jpeg 800w, https:\/\/www.escapadarural.com\/blog\/wp-content\/uploads\/2015\/12\/02_estacionesesquiAragon_Candanchu_lunamarina_AdobeStock_214601926-1024x440.jpeg 1024w, https:\/\/www.escapadarural.com\/blog\/wp-content\/uploads\/2015\/12\/02_estacionesesquiAragon_Candanchu_lunamarina_AdobeStock_214601926-1200x516.jpeg 1200w, https:\/\/www.escapadarural.com\/blog\/wp-content\/uploads\/2015\/12\/02_estacionesesquiAragon_Candanchu_lunamarina_AdobeStock_214601926-1536x660.jpeg 1536w\" sizes=\"auto, (max-width: 1024px) 100vw, 1024px\" \/><figcaption class=\"wp-element-caption\">Estaci\u00f3n de esqu\u00ed de Candanch\u00fa (Huesca). Por lunamarina.<\/figcaption><\/figure>\n\n\n\n<p>La <a href=\"https:\/\/astuncandanchu.com\/\" target=\"_blank\" rel=\"noreferrer noopener nofollow\">estaci\u00f3n de esqu\u00ed de Candanch\u00fa<\/a>, vecina de la de Ast\u00fan y con la que, como dec\u00edamos, comparte dominio esquiable, se encuentra tambi\u00e9n en el Pirineo aragon\u00e9s, <strong>junto al r\u00edo Arag\u00f3n<\/strong> y a 1 km del puerto del Somport, <a href=\"\/blog\/monumentos-arte-en-la-frontera-espana\/\">en la frontera<\/a> con Francia.<\/p>\n\n\n\n<p>Es <strong>la escuela de esqu\u00ed m\u00e1s antigua de Espa\u00f1a<\/strong>. Adem\u00e1s, cuenta con un completo circuito de esqu\u00ed de fondo y un campo de biatl\u00f3n. Asimismo, ofrece todos los servicios, con enfermer\u00eda, escuela de esqu\u00ed, alquiler de material, guarder\u00eda, restauraci\u00f3n&#8230;<\/p>\n\n\n\n<div class=\"wp-block-buttons is-layout-flex wp-block-buttons-is-layout-flex\">\n<div class=\"wp-block-button\"><a class=\"wp-block-button__link wp-element-button\" href=\"\/casas-rurales\/candanchu\">Alojamientos rurales cerca de Candanch\u00fa<\/a><\/div>\n<\/div>\n\n\n\n<h2 class=\"wp-block-heading title-rute\" id=\"h-cerler\">Cerler (<a href=\"\/casas-rurales\/valle-de-benasque\">valle de Benasque<\/a>)<\/h2>\n\n\n\n<figure class=\"wp-block-image size-large\"><img loading=\"lazy\" decoding=\"async\" width=\"1024\" height=\"444\" src=\"https:\/\/www.escapadarural.com\/blog\/wp-content\/uploads\/2015\/12\/05_estacionesesquiAragon_Cerler_lunamarina_AdobeStock_214604064-1024x444.jpeg\" alt=\"Estaci\u00f3n de esqu\u00ed de Cerler (Huesca).\" class=\"wp-image-214702\" srcset=\"https:\/\/www.escapadarural.com\/blog\/wp-content\/uploads\/2015\/12\/05_estacionesesquiAragon_Cerler_lunamarina_AdobeStock_214604064-200x87.jpeg 200w, https:\/\/www.escapadarural.com\/blog\/wp-content\/uploads\/2015\/12\/05_estacionesesquiAragon_Cerler_lunamarina_AdobeStock_214604064-300x130.jpeg 300w, https:\/\/www.escapadarural.com\/blog\/wp-content\/uploads\/2015\/12\/05_estacionesesquiAragon_Cerler_lunamarina_AdobeStock_214604064-400x173.jpeg 400w, https:\/\/www.escapadarural.com\/blog\/wp-content\/uploads\/2015\/12\/05_estacionesesquiAragon_Cerler_lunamarina_AdobeStock_214604064-600x260.jpeg 600w, https:\/\/www.escapadarural.com\/blog\/wp-content\/uploads\/2015\/12\/05_estacionesesquiAragon_Cerler_lunamarina_AdobeStock_214604064-768x333.jpeg 768w, https:\/\/www.escapadarural.com\/blog\/wp-content\/uploads\/2015\/12\/05_estacionesesquiAragon_Cerler_lunamarina_AdobeStock_214604064-800x347.jpeg 800w, https:\/\/www.escapadarural.com\/blog\/wp-content\/uploads\/2015\/12\/05_estacionesesquiAragon_Cerler_lunamarina_AdobeStock_214604064-1024x444.jpeg 1024w, https:\/\/www.escapadarural.com\/blog\/wp-content\/uploads\/2015\/12\/05_estacionesesquiAragon_Cerler_lunamarina_AdobeStock_214604064-1200x520.jpeg 1200w, https:\/\/www.escapadarural.com\/blog\/wp-content\/uploads\/2015\/12\/05_estacionesesquiAragon_Cerler_lunamarina_AdobeStock_214604064-1536x666.jpeg 1536w\" sizes=\"auto, (max-width: 1024px) 100vw, 1024px\" \/><figcaption class=\"wp-element-caption\">Estaci\u00f3n de esqu\u00ed de Cerler (Huesca). Por lunamarina.<\/figcaption><\/figure>\n\n\n\n<p>La <a href=\"https:\/\/www.cerler.com\/\" target=\"_blank\" rel=\"noreferrer noopener nofollow\">estaci\u00f3n de Cerler<\/a> es <strong>la m\u00e1s alta del Pirineo aragon\u00e9s<\/strong>, siendo ideal para el esqu\u00ed alpino. Est\u00e1 situada en pleno valle de Benasque y alcanza una altura de m\u00e1s de 3.000 metros, con picos tan extraordinarios como el Aneto.<\/p>\n\n\n\n<p>En esta estaci\u00f3n hay <strong>todo tipo de pistas<\/strong>, desde principiantes, hasta para expertos. Tambi\u00e9n hay todo tipo de servicios de remontes, enfermer\u00eda, escuela de esqu\u00ed, alquiler de material, restauraci\u00f3n&#8230;<\/p>\n\n\n\n<div class=\"wp-block-buttons is-layout-flex wp-block-buttons-is-layout-flex\">\n<div class=\"wp-block-button\"><a class=\"wp-block-button__link wp-element-button\" href=\"\/casas-rurales\/cerler\">Alojamientos rurales cerca de Cerler<\/a><\/div>\n<\/div>\n\n\n\n<h2 class=\"wp-block-heading title-rute\" id=\"h-formigal\">Formigal (<a href=\"\/casas-rurales\/valle-de-tena\">valle de Tena<\/a>)<\/h2>\n\n\n\n<figure class=\"wp-block-image size-large\"><img loading=\"lazy\" decoding=\"async\" width=\"1024\" height=\"768\" src=\"https:\/\/www.escapadarural.com\/blog\/wp-content\/uploads\/2015\/12\/04_estacionesesquiAragon_Formigal_Jorge_AdobeStock_320623071-1024x768.jpeg\" alt=\"Estaci\u00f3n de esqu\u00ed de Formigal (Huesca).\" class=\"wp-image-214701\" srcset=\"https:\/\/www.escapadarural.com\/blog\/wp-content\/uploads\/2015\/12\/04_estacionesesquiAragon_Formigal_Jorge_AdobeStock_320623071-200x150.jpeg 200w, https:\/\/www.escapadarural.com\/blog\/wp-content\/uploads\/2015\/12\/04_estacionesesquiAragon_Formigal_Jorge_AdobeStock_320623071-300x225.jpeg 300w, https:\/\/www.escapadarural.com\/blog\/wp-content\/uploads\/2015\/12\/04_estacionesesquiAragon_Formigal_Jorge_AdobeStock_320623071-400x300.jpeg 400w, https:\/\/www.escapadarural.com\/blog\/wp-content\/uploads\/2015\/12\/04_estacionesesquiAragon_Formigal_Jorge_AdobeStock_320623071-600x450.jpeg 600w, https:\/\/www.escapadarural.com\/blog\/wp-content\/uploads\/2015\/12\/04_estacionesesquiAragon_Formigal_Jorge_AdobeStock_320623071-768x576.jpeg 768w, https:\/\/www.escapadarural.com\/blog\/wp-content\/uploads\/2015\/12\/04_estacionesesquiAragon_Formigal_Jorge_AdobeStock_320623071-800x600.jpeg 800w, https:\/\/www.escapadarural.com\/blog\/wp-content\/uploads\/2015\/12\/04_estacionesesquiAragon_Formigal_Jorge_AdobeStock_320623071-1024x768.jpeg 1024w, https:\/\/www.escapadarural.com\/blog\/wp-content\/uploads\/2015\/12\/04_estacionesesquiAragon_Formigal_Jorge_AdobeStock_320623071-1200x900.jpeg 1200w, https:\/\/www.escapadarural.com\/blog\/wp-content\/uploads\/2015\/12\/04_estacionesesquiAragon_Formigal_Jorge_AdobeStock_320623071-1536x1152.jpeg 1536w\" sizes=\"auto, (max-width: 1024px) 100vw, 1024px\" \/><figcaption class=\"wp-element-caption\">Estaci\u00f3n de esqu\u00ed de Formigal (Huesca). Por Jorge.<\/figcaption><\/figure>\n\n\n\n<p>La <a href=\"https:\/\/www.formigal-panticosa.com\/\" target=\"_blank\" rel=\"noreferrer noopener nofollow\">estaci\u00f3n de esqu\u00ed de Aram\u00f3n Formigal<\/a> est\u00e1 situada en el municipio pirenaico de <a href=\"\/casas-rurales\/sallent-de-gallego\">Sallent de G\u00e1llego<\/a>. Esta estaci\u00f3n es una <strong>gran referencia<\/strong> para los amantes de los deportes de invierno, con pistas verdes, azules, rojas y negras que se pueden combinar con las pistas de la cercana estaci\u00f3n de Panticosa.<\/p>\n\n\n\n<p>Ofrece los <strong>servicios habituales<\/strong> de una estaci\u00f3n de esqu\u00ed: remontes (con capacidad de 35.920 esquiadores por hora), enfermer\u00eda, escuela de esqu\u00ed, alquiler de material, restauraci\u00f3n, etc. Adem\u00e1s dispone de tres pistas especiales: Snow Park, Video Slalom y Tubers.<\/p>\n\n\n\n<div class=\"wp-block-buttons is-layout-flex wp-block-buttons-is-layout-flex\">\n<div class=\"wp-block-button\"><a class=\"wp-block-button__link wp-element-button\" href=\"\/casas-rurales\/formigal\">Alojamientos rurales cerca de Formigal<\/a><\/div>\n<\/div>\n\n\n\n<h2 class=\"wp-block-heading title-rute\" id=\"h-panticosa\">Panticosa (<a href=\"\/casas-rurales\/valle-de-tena\">valle de Tena<\/a>)<\/h2>\n\n\n\n<figure class=\"wp-block-image size-large\"><img loading=\"lazy\" decoding=\"async\" width=\"1024\" height=\"683\" src=\"https:\/\/www.escapadarural.com\/blog\/wp-content\/uploads\/2015\/12\/03_estacionesesquiAragon_Panticosa_lunamarina_AdobeStock_214608901-1024x683.jpeg\" alt=\"Estaci\u00f3n de esqu\u00ed de Panticosa (Huesca).\" class=\"wp-image-214700\" srcset=\"https:\/\/www.escapadarural.com\/blog\/wp-content\/uploads\/2015\/12\/03_estacionesesquiAragon_Panticosa_lunamarina_AdobeStock_214608901-200x133.jpeg 200w, https:\/\/www.escapadarural.com\/blog\/wp-content\/uploads\/2015\/12\/03_estacionesesquiAragon_Panticosa_lunamarina_AdobeStock_214608901-300x200.jpeg 300w, https:\/\/www.escapadarural.com\/blog\/wp-content\/uploads\/2015\/12\/03_estacionesesquiAragon_Panticosa_lunamarina_AdobeStock_214608901-400x267.jpeg 400w, https:\/\/www.escapadarural.com\/blog\/wp-content\/uploads\/2015\/12\/03_estacionesesquiAragon_Panticosa_lunamarina_AdobeStock_214608901-600x400.jpeg 600w, https:\/\/www.escapadarural.com\/blog\/wp-content\/uploads\/2015\/12\/03_estacionesesquiAragon_Panticosa_lunamarina_AdobeStock_214608901-768x512.jpeg 768w, https:\/\/www.escapadarural.com\/blog\/wp-content\/uploads\/2015\/12\/03_estacionesesquiAragon_Panticosa_lunamarina_AdobeStock_214608901-800x534.jpeg 800w, https:\/\/www.escapadarural.com\/blog\/wp-content\/uploads\/2015\/12\/03_estacionesesquiAragon_Panticosa_lunamarina_AdobeStock_214608901-1024x683.jpeg 1024w, https:\/\/www.escapadarural.com\/blog\/wp-content\/uploads\/2015\/12\/03_estacionesesquiAragon_Panticosa_lunamarina_AdobeStock_214608901-1200x800.jpeg 1200w, https:\/\/www.escapadarural.com\/blog\/wp-content\/uploads\/2015\/12\/03_estacionesesquiAragon_Panticosa_lunamarina_AdobeStock_214608901-1536x1024.jpeg 1536w\" sizes=\"auto, (max-width: 1024px) 100vw, 1024px\" \/><figcaption class=\"wp-element-caption\">Estaci\u00f3n de esqu\u00ed de Panticosa (Huesca). Por lunamarina.<\/figcaption><\/figure>\n\n\n\n<p id=\"h-panticosa\"><a href=\"https:\/\/www.formigal-panticosa.com\/\" target=\"_blank\" rel=\"noreferrer noopener nofollow\">Panticosa \u2013 Los Lagos<\/a> es una estaci\u00f3n de esqu\u00ed situada <strong>en el valle de Tena<\/strong>, con telecabina que sube hasta la cota de 1.500 m. Sus pistas est\u00e1n conectadas con las de Formigal.<\/p>\n\n\n\n<p>Esta estaci\u00f3n es <strong>ideal para el esqu\u00ed alpino<\/strong>, adem\u00e1s de para hacer <a href=\"\/blog\/rutas-con-raquetas-de-nieve\/\">rutas con raquetas de nieve<\/a>, esqu\u00ed de traves\u00eda o simplemente un paseo. Dispone de escuela de esqu\u00ed, alquiler de material, restauraci\u00f3n y los servicios cl\u00e1sicos de las estaciones de esqu\u00ed.<\/p>\n\n\n\n<div class=\"wp-block-buttons is-layout-flex wp-block-buttons-is-layout-flex\">\n<div class=\"wp-block-button\"><a class=\"wp-block-button__link wp-element-button\" href=\"\/casas-rurales\/panticosa\">Alojamientos en Panticosa<\/a><\/div>\n<\/div>\n\n\n\n<p><\/p>\n\n\n<section class=\"wp-block-ub-post-grid ub-block-post-grid align  is-equal-height preserve-post-image-aspect-ratio\" style=\"\" id=\"ub-post-grid-\"><div class=\"ub-post-grid-items is-list\" style=\"row-gap: 32px; column-gap: 32px; \"><article id=\"post-5665\" class=\"ub-post-grid-item post-5665 post type-post status-publish format-standard has-post-thumbnail hentry category-rutas-y-excursiones tag-amigos tag-que-ver-en-andalucia tag-castril tag-cazorla tag-cerrada-de-elias tag-familia tag-guia tag-que-ver-en-jaen tag-la-iruela tag-pareja tag-rio-borosa tag-rios tag-senderismo tag-sendero tag-sierra-de-cazorla\" style=\"\"><div class=\"ub-block-post-grid-image\" style=\"\"><a href=\"https:\/\/www.escapadarural.com\/blog\/el-sendero-de-la-cerrada-de-elias\/\" rel=\"bookmark\" aria-hidden=\"true\" tabindex=\"-1\"><img loading=\"lazy\" decoding=\"async\" width=\"2048\" height=\"1365\" src=\"https:\/\/www.escapadarural.com\/blog\/wp-content\/uploads\/2015\/11\/AdobeStock_1965552320-scaled.jpeg\" class=\"attachment-full size-full\" alt=\"R\u00edo Borosa por el Cerrada de El\u00edas, en el Parque Natural de Cazorla, Segura y Las Villas. Por manuelmartinez\" style=\"max-width: 600px; \" srcset=\"https:\/\/www.escapadarural.com\/blog\/wp-content\/uploads\/2015\/11\/AdobeStock_1965552320-200x133.jpeg 200w, https:\/\/www.escapadarural.com\/blog\/wp-content\/uploads\/2015\/11\/AdobeStock_1965552320-300x200.jpeg 300w, https:\/\/www.escapadarural.com\/blog\/wp-content\/uploads\/2015\/11\/AdobeStock_1965552320-400x267.jpeg 400w, https:\/\/www.escapadarural.com\/blog\/wp-content\/uploads\/2015\/11\/AdobeStock_1965552320-600x400.jpeg 600w, https:\/\/www.escapadarural.com\/blog\/wp-content\/uploads\/2015\/11\/AdobeStock_1965552320-768x512.jpeg 768w, https:\/\/www.escapadarural.com\/blog\/wp-content\/uploads\/2015\/11\/AdobeStock_1965552320-800x533.jpeg 800w, https:\/\/www.escapadarural.com\/blog\/wp-content\/uploads\/2015\/11\/AdobeStock_1965552320-1024x683.jpeg 1024w, https:\/\/www.escapadarural.com\/blog\/wp-content\/uploads\/2015\/11\/AdobeStock_1965552320-1200x800.jpeg 1200w, https:\/\/www.escapadarural.com\/blog\/wp-content\/uploads\/2015\/11\/AdobeStock_1965552320-1536x1024.jpeg 1536w, https:\/\/www.escapadarural.com\/blog\/wp-content\/uploads\/2015\/11\/AdobeStock_1965552320-scaled.jpeg 2048w\" sizes=\"auto, (max-width: 2048px) 100vw, 2048px\"><\/a><\/div><div class=\"ub-block-post-grid-text\" style=\"\"><div class=\"ub-block-post-grid-header-content\"><header class=\"ub-block-post-grid-header\"><h3 class=\"ub-block-post-grid-title\"><a style=\"\" href=\"https:\/\/www.escapadarural.com\/blog\/el-sendero-de-la-cerrada-de-elias\/\" rel=\"bookmark\">Gu\u00eda definitiva para hacer la Cerrada de El\u00edas (o Caminito de la Reina) en Ja\u00e9n<\/a><\/h3><\/header><\/div><div class=\"ub-block-post-grid-excerpt\"><div class=\"ub-block-post-grid-excerpt-text\" style=\"\"><p>Tambi\u00e9n conocida como Caminito de la Reina, es una ruta de senderismo familiar que atraviesa una impresionante garganta entre pasarelas<\/p>\n<\/div><\/div><\/div><\/article>\n<article id=\"post-217131\" class=\"ub-post-grid-item post-217131 post type-post status-publish format-standard has-post-thumbnail hentry category-coetur category-notas-de-prensa category-noticias\" style=\"\"><div class=\"ub-block-post-grid-image\" style=\"\"><a href=\"https:\/\/www.escapadarural.com\/blog\/navarra-territorio-invitado-coetur\/\" rel=\"bookmark\" aria-hidden=\"true\" tabindex=\"-1\"><img loading=\"lazy\" decoding=\"async\" width=\"2048\" height=\"1365\" src=\"https:\/\/www.escapadarural.com\/blog\/wp-content\/uploads\/2026\/04\/04_PlanesLluvia_Irati_gurb101088_AdobeStock_682386670-scaled.jpeg\" class=\"attachment-full size-full\" alt=\"La Selva de Irati (Navarra) adquiere otra atm\u00f3sfera cuando llueve.\" style=\"max-width: 600px; \" srcset=\"https:\/\/www.escapadarural.com\/blog\/wp-content\/uploads\/2026\/04\/04_PlanesLluvia_Irati_gurb101088_AdobeStock_682386670-200x133.jpeg 200w, https:\/\/www.escapadarural.com\/blog\/wp-content\/uploads\/2026\/04\/04_PlanesLluvia_Irati_gurb101088_AdobeStock_682386670-300x200.jpeg 300w, https:\/\/www.escapadarural.com\/blog\/wp-content\/uploads\/2026\/04\/04_PlanesLluvia_Irati_gurb101088_AdobeStock_682386670-400x267.jpeg 400w, https:\/\/www.escapadarural.com\/blog\/wp-content\/uploads\/2026\/04\/04_PlanesLluvia_Irati_gurb101088_AdobeStock_682386670-600x400.jpeg 600w, https:\/\/www.escapadarural.com\/blog\/wp-content\/uploads\/2026\/04\/04_PlanesLluvia_Irati_gurb101088_AdobeStock_682386670-768x512.jpeg 768w, https:\/\/www.escapadarural.com\/blog\/wp-content\/uploads\/2026\/04\/04_PlanesLluvia_Irati_gurb101088_AdobeStock_682386670-800x533.jpeg 800w, https:\/\/www.escapadarural.com\/blog\/wp-content\/uploads\/2026\/04\/04_PlanesLluvia_Irati_gurb101088_AdobeStock_682386670-1024x683.jpeg 1024w, https:\/\/www.escapadarural.com\/blog\/wp-content\/uploads\/2026\/04\/04_PlanesLluvia_Irati_gurb101088_AdobeStock_682386670-1200x800.jpeg 1200w, https:\/\/www.escapadarural.com\/blog\/wp-content\/uploads\/2026\/04\/04_PlanesLluvia_Irati_gurb101088_AdobeStock_682386670-1536x1024.jpeg 1536w, https:\/\/www.escapadarural.com\/blog\/wp-content\/uploads\/2026\/04\/04_PlanesLluvia_Irati_gurb101088_AdobeStock_682386670-scaled.jpeg 2048w\" sizes=\"auto, (max-width: 2048px) 100vw, 2048px\"><\/a><\/div><div class=\"ub-block-post-grid-text\" style=\"\"><div class=\"ub-block-post-grid-header-content\"><header class=\"ub-block-post-grid-header\"><h3 class=\"ub-block-post-grid-title\"><a style=\"\" href=\"https:\/\/www.escapadarural.com\/blog\/navarra-territorio-invitado-coetur\/\" rel=\"bookmark\">Navarra ser\u00e1 el territorio invitado en la XII edici\u00f3n de Coetur, el congreso de turismo rural iniciativa de EscapadaRural<\/a><\/h3><\/header><\/div><div class=\"ub-block-post-grid-excerpt\"><div class=\"ub-block-post-grid-excerpt-text\" style=\"\"><p>La XII edici\u00f3n de Coetur, el congreso de referencia del sector del turismo rural organizado por EscapadaRural, cuenta este a\u00f1o con la colaboraci\u00f3n especial de Navarra como territorio invitado y dinamizador de la sesi\u00f3n de networking que cerrar\u00e1 la primera jornada del congreso.\u00a0<\/p>\n<\/div><\/div><\/div><\/article>\n<article id=\"post-217015\" class=\"ub-post-grid-item post-217015 post type-post status-publish format-standard has-post-thumbnail hentry category-destinos tag-que-ver-en-albacete tag-amigos tag-que-ver-en-burgos tag-que-ver-en-cantabria tag-que-ver-en-castellon tag-que-ver-en-cordoba tag-familia tag-que-ver-en-girona tag-listado tag-que-ver-en-madrid tag-pareja tag-primavera tag-pueblos tag-turismo-rural\" style=\"\"><div class=\"ub-block-post-grid-image\" style=\"\"><a href=\"https:\/\/www.escapadarural.com\/blog\/pueblos-que-aun-no-estan-masificados\/\" rel=\"bookmark\" aria-hidden=\"true\" tabindex=\"-1\"><img loading=\"lazy\" decoding=\"async\" width=\"2048\" height=\"1365\" src=\"https:\/\/www.escapadarural.com\/blog\/wp-content\/uploads\/2026\/04\/AdobeStock_252419160_cartes2-scaled.jpeg\" class=\"attachment-full size-full\" alt=\"Cartes, en Cantabria. Por leonardo2011.\" style=\"max-width: 600px; \" srcset=\"https:\/\/www.escapadarural.com\/blog\/wp-content\/uploads\/2026\/04\/AdobeStock_252419160_cartes2-200x133.jpeg 200w, https:\/\/www.escapadarural.com\/blog\/wp-content\/uploads\/2026\/04\/AdobeStock_252419160_cartes2-300x200.jpeg 300w, https:\/\/www.escapadarural.com\/blog\/wp-content\/uploads\/2026\/04\/AdobeStock_252419160_cartes2-400x267.jpeg 400w, https:\/\/www.escapadarural.com\/blog\/wp-content\/uploads\/2026\/04\/AdobeStock_252419160_cartes2-600x400.jpeg 600w, https:\/\/www.escapadarural.com\/blog\/wp-content\/uploads\/2026\/04\/AdobeStock_252419160_cartes2-768x512.jpeg 768w, https:\/\/www.escapadarural.com\/blog\/wp-content\/uploads\/2026\/04\/AdobeStock_252419160_cartes2-800x533.jpeg 800w, https:\/\/www.escapadarural.com\/blog\/wp-content\/uploads\/2026\/04\/AdobeStock_252419160_cartes2-1024x683.jpeg 1024w, https:\/\/www.escapadarural.com\/blog\/wp-content\/uploads\/2026\/04\/AdobeStock_252419160_cartes2-1200x800.jpeg 1200w, https:\/\/www.escapadarural.com\/blog\/wp-content\/uploads\/2026\/04\/AdobeStock_252419160_cartes2-1536x1024.jpeg 1536w, https:\/\/www.escapadarural.com\/blog\/wp-content\/uploads\/2026\/04\/AdobeStock_252419160_cartes2-scaled.jpeg 2048w\" sizes=\"auto, (max-width: 2048px) 100vw, 2048px\"><\/a><\/div><div class=\"ub-block-post-grid-text\" style=\"\"><div class=\"ub-block-post-grid-header-content\"><header class=\"ub-block-post-grid-header\"><h3 class=\"ub-block-post-grid-title\"><a style=\"\" href=\"https:\/\/www.escapadarural.com\/blog\/pueblos-que-aun-no-estan-masificados\/\" rel=\"bookmark\">Pueblos con encanto de Espa\u00f1a que a\u00fan puedes disfrutar sin multitudes<\/a><\/h3><\/header><\/div><div class=\"ub-block-post-grid-excerpt\"><div class=\"ub-block-post-grid-excerpt-text\" style=\"\"><p>Destinos buscados por los viajeros pero que a\u00fan no est\u00e1n masificados. S\u00ed, existen. Estos son algunos de ellos que merece una visita. <\/p>\n<\/div><\/div><\/div><\/article>\n<article id=\"post-216901\" class=\"ub-post-grid-item post-216901 post type-post status-publish format-standard has-post-thumbnail hentry category-alojamientos-rurales category-destinos tag-que-ver-en-a-coruna tag-agua tag-que-ver-en-alava tag-amigos tag-casas-rurales tag-cascada tag-familia tag-listado tag-pareja tag-salto-del-nervion tag-que-ver-en-tarragona tag-que-ver-en-valencia\" style=\"\"><div class=\"ub-block-post-grid-image\" style=\"\"><a href=\"https:\/\/www.escapadarural.com\/blog\/casas-rurales-con-vistas-a-cascadas\/\" rel=\"bookmark\" aria-hidden=\"true\" tabindex=\"-1\"><img loading=\"lazy\" decoding=\"async\" width=\"1030\" height=\"773\" src=\"https:\/\/www.escapadarural.com\/blog\/wp-content\/uploads\/2026\/04\/Moli-de-Sotorres.jpg\" class=\"attachment-full size-full\" alt=\"Mol\u00ed de Sotorres (Tarragona)\" style=\"max-width: 600px; \" srcset=\"https:\/\/www.escapadarural.com\/blog\/wp-content\/uploads\/2026\/04\/Moli-de-Sotorres-200x150.jpg 200w, https:\/\/www.escapadarural.com\/blog\/wp-content\/uploads\/2026\/04\/Moli-de-Sotorres-300x225.jpg 300w, https:\/\/www.escapadarural.com\/blog\/wp-content\/uploads\/2026\/04\/Moli-de-Sotorres-400x300.jpg 400w, https:\/\/www.escapadarural.com\/blog\/wp-content\/uploads\/2026\/04\/Moli-de-Sotorres-600x450.jpg 600w, https:\/\/www.escapadarural.com\/blog\/wp-content\/uploads\/2026\/04\/Moli-de-Sotorres-768x576.jpg 768w, https:\/\/www.escapadarural.com\/blog\/wp-content\/uploads\/2026\/04\/Moli-de-Sotorres-800x600.jpg 800w, https:\/\/www.escapadarural.com\/blog\/wp-content\/uploads\/2026\/04\/Moli-de-Sotorres-1024x768.jpg 1024w, https:\/\/www.escapadarural.com\/blog\/wp-content\/uploads\/2026\/04\/Moli-de-Sotorres.jpg 1030w\" sizes=\"auto, (max-width: 1030px) 100vw, 1030px\"><\/a><\/div><div class=\"ub-block-post-grid-text\" style=\"\"><div class=\"ub-block-post-grid-header-content\"><header class=\"ub-block-post-grid-header\"><h3 class=\"ub-block-post-grid-title\"><a style=\"\" href=\"https:\/\/www.escapadarural.com\/blog\/casas-rurales-con-vistas-a-cascadas\/\" rel=\"bookmark\">Dormir frente a una cascada: 4 casas rurales pegadas a saltos de agua que hipnotizan<\/a><\/h3><\/header><\/div><div class=\"ub-block-post-grid-excerpt\"><div class=\"ub-block-post-grid-excerpt-text\" style=\"\"><p>No es una app de meditaci\u00f3n. En estas casas rurales duermes junto a cascadas y con el sonido del agua cayendo. <\/p>\n<\/div><\/div><\/div><\/article>\n<article id=\"post-216553\" class=\"ub-post-grid-item post-216553 post type-post status-publish format-standard has-post-thumbnail hentry category-arte-y-cultura category-destinos tag-amigos tag-que-ver-en-caceres tag-que-ver-en-cordoba tag-familia tag-fiestas tag-que-ver-en-huelva tag-listado tag-que-ver-en-madrid tag-mayo tag-pareja tag-primavera tag-que-ver-en-salamanca tag-que-ver-en-sevilla tag-valle-del-jerte tag-que-ver-en-vizcaya\" style=\"\"><div class=\"ub-block-post-grid-image\" style=\"\"><a href=\"https:\/\/www.escapadarural.com\/blog\/planes-baratos-y-gratis-en-mayo\/\" rel=\"bookmark\" aria-hidden=\"true\" tabindex=\"-1\"><img loading=\"lazy\" decoding=\"async\" width=\"2048\" height=\"1154\" src=\"https:\/\/www.escapadarural.com\/blog\/wp-content\/uploads\/2026\/04\/AdobeStock_613579227-scaled.jpeg\" class=\"attachment-full size-full\" alt=\"Cerezos en flor en el Jerte (C\u00e1ceres). Por M.studio\" style=\"max-width: 600px; \" srcset=\"https:\/\/www.escapadarural.com\/blog\/wp-content\/uploads\/2026\/04\/AdobeStock_613579227-200x113.jpeg 200w, https:\/\/www.escapadarural.com\/blog\/wp-content\/uploads\/2026\/04\/AdobeStock_613579227-300x169.jpeg 300w, https:\/\/www.escapadarural.com\/blog\/wp-content\/uploads\/2026\/04\/AdobeStock_613579227-400x225.jpeg 400w, https:\/\/www.escapadarural.com\/blog\/wp-content\/uploads\/2026\/04\/AdobeStock_613579227-600x338.jpeg 600w, https:\/\/www.escapadarural.com\/blog\/wp-content\/uploads\/2026\/04\/AdobeStock_613579227-768x433.jpeg 768w, https:\/\/www.escapadarural.com\/blog\/wp-content\/uploads\/2026\/04\/AdobeStock_613579227-800x451.jpeg 800w, https:\/\/www.escapadarural.com\/blog\/wp-content\/uploads\/2026\/04\/AdobeStock_613579227-1024x577.jpeg 1024w, https:\/\/www.escapadarural.com\/blog\/wp-content\/uploads\/2026\/04\/AdobeStock_613579227-1200x676.jpeg 1200w, https:\/\/www.escapadarural.com\/blog\/wp-content\/uploads\/2026\/04\/AdobeStock_613579227-1536x866.jpeg 1536w, https:\/\/www.escapadarural.com\/blog\/wp-content\/uploads\/2026\/04\/AdobeStock_613579227-scaled.jpeg 2048w\" sizes=\"auto, (max-width: 2048px) 100vw, 2048px\"><\/a><\/div><div class=\"ub-block-post-grid-text\" style=\"\"><div class=\"ub-block-post-grid-header-content\"><header class=\"ub-block-post-grid-header\"><h3 class=\"ub-block-post-grid-title\"><a style=\"\" href=\"https:\/\/www.escapadarural.com\/blog\/planes-baratos-y-gratis-en-mayo\/\" rel=\"bookmark\">Planes baratos (o gratis) para un mayo sin sayo \u2600\ufe0f<\/a><\/h3><\/header><\/div><div class=\"ub-block-post-grid-excerpt\"><div class=\"ub-block-post-grid-excerpt-text\" style=\"\"><p>Fiestas, flores, rutas, romer\u00edas en el campo\u2026. \u00a1No te pierdas los mejores planes para mayo! Son econ\u00f3micos, y algunos gratis. <\/p>\n<\/div><\/div><\/div><\/article>\n<article id=\"post-215407\" class=\"ub-post-grid-item post-215407 post type-post status-publish format-standard has-post-thumbnail hentry category-rutas-y-excursiones tag-que-ver-en-albacete tag-que-ver-en-alicante tag-que-ver-en-almeria tag-que-ver-en-barcelona tag-barefooting tag-que-ver-en-cadiz tag-caminar-descalzo tag-familia tag-que-ver-en-girona tag-que-ver-en-huesca tag-listado tag-que-ver-en-murcia tag-rutas-con-ninos tag-senderismo\" style=\"\"><div class=\"ub-block-post-grid-image\" style=\"\"><a href=\"https:\/\/www.escapadarural.com\/blog\/rutas-para-caminar-descalzo-en-espana\/\" rel=\"bookmark\" aria-hidden=\"true\" tabindex=\"-1\"><img loading=\"lazy\" decoding=\"async\" width=\"2048\" height=\"1365\" src=\"https:\/\/www.escapadarural.com\/blog\/wp-content\/uploads\/2026\/03\/04_RutasDescalzo_Bolonia_Cadiz_Q_AdobeStock_31319050-scaled.jpeg\" class=\"attachment-full size-full\" alt=\"Mujer caminando por la duna de Bolonia, en Tarifa (C\u00e1diz).\" style=\"max-width: 600px; \" srcset=\"https:\/\/www.escapadarural.com\/blog\/wp-content\/uploads\/2026\/03\/04_RutasDescalzo_Bolonia_Cadiz_Q_AdobeStock_31319050-200x133.jpeg 200w, https:\/\/www.escapadarural.com\/blog\/wp-content\/uploads\/2026\/03\/04_RutasDescalzo_Bolonia_Cadiz_Q_AdobeStock_31319050-300x200.jpeg 300w, https:\/\/www.escapadarural.com\/blog\/wp-content\/uploads\/2026\/03\/04_RutasDescalzo_Bolonia_Cadiz_Q_AdobeStock_31319050-400x267.jpeg 400w, https:\/\/www.escapadarural.com\/blog\/wp-content\/uploads\/2026\/03\/04_RutasDescalzo_Bolonia_Cadiz_Q_AdobeStock_31319050-600x400.jpeg 600w, https:\/\/www.escapadarural.com\/blog\/wp-content\/uploads\/2026\/03\/04_RutasDescalzo_Bolonia_Cadiz_Q_AdobeStock_31319050-768x512.jpeg 768w, https:\/\/www.escapadarural.com\/blog\/wp-content\/uploads\/2026\/03\/04_RutasDescalzo_Bolonia_Cadiz_Q_AdobeStock_31319050-800x533.jpeg 800w, https:\/\/www.escapadarural.com\/blog\/wp-content\/uploads\/2026\/03\/04_RutasDescalzo_Bolonia_Cadiz_Q_AdobeStock_31319050-1024x683.jpeg 1024w, https:\/\/www.escapadarural.com\/blog\/wp-content\/uploads\/2026\/03\/04_RutasDescalzo_Bolonia_Cadiz_Q_AdobeStock_31319050-1200x800.jpeg 1200w, https:\/\/www.escapadarural.com\/blog\/wp-content\/uploads\/2026\/03\/04_RutasDescalzo_Bolonia_Cadiz_Q_AdobeStock_31319050-1536x1024.jpeg 1536w, https:\/\/www.escapadarural.com\/blog\/wp-content\/uploads\/2026\/03\/04_RutasDescalzo_Bolonia_Cadiz_Q_AdobeStock_31319050-scaled.jpeg 2048w\" sizes=\"auto, (max-width: 2048px) 100vw, 2048px\"><\/a><\/div><div class=\"ub-block-post-grid-text\" style=\"\"><div class=\"ub-block-post-grid-header-content\"><header class=\"ub-block-post-grid-header\"><h3 class=\"ub-block-post-grid-title\"><a style=\"\" href=\"https:\/\/www.escapadarural.com\/blog\/rutas-para-caminar-descalzo-en-espana\/\" rel=\"bookmark\">\ud83d\udc63 Rutas para caminar descalzo en Espa\u00f1a: siente las texturas de la naturaleza bajo tus pies<\/a><\/h3><\/header><\/div><div class=\"ub-block-post-grid-excerpt\"><div class=\"ub-block-post-grid-excerpt-text\" style=\"\"><p>Explora rutas para caminar descalzo en Espa\u00f1a: playas, praderas, dunas y senderos sensoriales que despiertan tus sentidos en la naturaleza<\/p>\n<\/div><\/div><\/div><\/article>\n<article id=\"post-215913\" class=\"ub-post-grid-item post-215913 post type-post status-publish format-standard has-post-thumbnail hentry category-arte-y-cultura category-destinos tag-amigos tag-articulo tag-familia tag-gallarta tag-minas tag-mineria tag-que-ver-en-pais-vasco tag-paisajes tag-pareja tag-senderismo tag-que-ver-en-vizcaya\" style=\"\"><div class=\"ub-block-post-grid-image\" style=\"\"><a href=\"https:\/\/www.escapadarural.com\/blog\/excursion-a-gallarta-ultima-mina-hierro-vizcaya\/\" rel=\"bookmark\" aria-hidden=\"true\" tabindex=\"-1\"><img loading=\"lazy\" decoding=\"async\" width=\"1356\" height=\"748\" src=\"https:\/\/www.escapadarural.com\/blog\/wp-content\/uploads\/2026\/04\/mina-concha-2.jpg\" class=\"attachment-full size-full\" alt=\"Mina de Bodovalle y Concha II en Gallarta, Vizcaya. Por Museo de la Miner\u00eda del Pa\u00eds Vasco\" style=\"max-width: 600px; \" srcset=\"https:\/\/www.escapadarural.com\/blog\/wp-content\/uploads\/2026\/04\/mina-concha-2-200x110.jpg 200w, https:\/\/www.escapadarural.com\/blog\/wp-content\/uploads\/2026\/04\/mina-concha-2-300x165.jpg 300w, https:\/\/www.escapadarural.com\/blog\/wp-content\/uploads\/2026\/04\/mina-concha-2-400x221.jpg 400w, https:\/\/www.escapadarural.com\/blog\/wp-content\/uploads\/2026\/04\/mina-concha-2-600x331.jpg 600w, https:\/\/www.escapadarural.com\/blog\/wp-content\/uploads\/2026\/04\/mina-concha-2-768x424.jpg 768w, https:\/\/www.escapadarural.com\/blog\/wp-content\/uploads\/2026\/04\/mina-concha-2-800x441.jpg 800w, https:\/\/www.escapadarural.com\/blog\/wp-content\/uploads\/2026\/04\/mina-concha-2-1024x565.jpg 1024w, https:\/\/www.escapadarural.com\/blog\/wp-content\/uploads\/2026\/04\/mina-concha-2-1200x662.jpg 1200w, https:\/\/www.escapadarural.com\/blog\/wp-content\/uploads\/2026\/04\/mina-concha-2.jpg 1356w\" sizes=\"auto, (max-width: 1356px) 100vw, 1356px\"><\/a><\/div><div class=\"ub-block-post-grid-text\" style=\"\"><div class=\"ub-block-post-grid-header-content\"><header class=\"ub-block-post-grid-header\"><h3 class=\"ub-block-post-grid-title\"><a style=\"\" href=\"https:\/\/www.escapadarural.com\/blog\/excursion-a-gallarta-ultima-mina-hierro-vizcaya\/\" rel=\"bookmark\">Excursi\u00f3n a la \u00faltima mina de hierro de Vizcaya<\/a><\/h3><\/header><\/div><div class=\"ub-block-post-grid-excerpt\"><div class=\"ub-block-post-grid-excerpt-text\" style=\"\"><p>Descubre en Gallarta la que fue la m\u00e1s grande a cielo abierto de Europa y que hoy ofrece un paisaje lunar espectacular<\/p>\n<\/div><\/div><\/div><\/article>\n<article id=\"post-214017\" class=\"ub-post-grid-item post-214017 post type-post status-publish format-standard has-post-thumbnail hentry category-arte-y-cultura tag-caviar tag-espana tag-familia tag-gastronomia tag-que-ver-en-granada tag-grupos tag-que-ver-en-huesca tag-listado tag-que-ver-en-lleida tag-pareja tag-que-ver-en-teruel\" style=\"\"><div class=\"ub-block-post-grid-image\" style=\"\"><a href=\"https:\/\/www.escapadarural.com\/blog\/pueblos-productores-de-caviar-espana\/\" rel=\"bookmark\" aria-hidden=\"true\" tabindex=\"-1\"><img loading=\"lazy\" decoding=\"async\" width=\"2048\" height=\"1365\" src=\"https:\/\/www.escapadarural.com\/blog\/wp-content\/uploads\/2026\/02\/AdobeStock_214591702-scaled.jpeg\" class=\"attachment-full size-full\" alt=\"Caviar. Por Natalia Lisovskaya\" style=\"max-width: 600px; \" srcset=\"https:\/\/www.escapadarural.com\/blog\/wp-content\/uploads\/2026\/02\/AdobeStock_214591702-200x133.jpeg 200w, https:\/\/www.escapadarural.com\/blog\/wp-content\/uploads\/2026\/02\/AdobeStock_214591702-300x200.jpeg 300w, https:\/\/www.escapadarural.com\/blog\/wp-content\/uploads\/2026\/02\/AdobeStock_214591702-400x267.jpeg 400w, https:\/\/www.escapadarural.com\/blog\/wp-content\/uploads\/2026\/02\/AdobeStock_214591702-600x400.jpeg 600w, https:\/\/www.escapadarural.com\/blog\/wp-content\/uploads\/2026\/02\/AdobeStock_214591702-768x512.jpeg 768w, https:\/\/www.escapadarural.com\/blog\/wp-content\/uploads\/2026\/02\/AdobeStock_214591702-800x533.jpeg 800w, https:\/\/www.escapadarural.com\/blog\/wp-content\/uploads\/2026\/02\/AdobeStock_214591702-1024x683.jpeg 1024w, https:\/\/www.escapadarural.com\/blog\/wp-content\/uploads\/2026\/02\/AdobeStock_214591702-1200x800.jpeg 1200w, https:\/\/www.escapadarural.com\/blog\/wp-content\/uploads\/2026\/02\/AdobeStock_214591702-1536x1024.jpeg 1536w, https:\/\/www.escapadarural.com\/blog\/wp-content\/uploads\/2026\/02\/AdobeStock_214591702-scaled.jpeg 2048w\" sizes=\"auto, (max-width: 2048px) 100vw, 2048px\"><\/a><\/div><div class=\"ub-block-post-grid-text\" style=\"\"><div class=\"ub-block-post-grid-header-content\"><header class=\"ub-block-post-grid-header\"><h3 class=\"ub-block-post-grid-title\"><a style=\"\" href=\"https:\/\/www.escapadarural.com\/blog\/pueblos-productores-de-caviar-espana\/\" rel=\"bookmark\">Caviar con \u2018D.O. Espa\u00f1a\u2019: los pueblos espa\u00f1oles que producen oro negro<\/a><\/h3><\/header><\/div><div class=\"ub-block-post-grid-excerpt\"><div class=\"ub-block-post-grid-excerpt-text\" style=\"\"><p>\u00bfSab\u00edas que se elabora este \u00aboro negro\u00bb en los Pirineos, en Teruel y en Granada? Ofrecen visitas guiadas para conocer a fondo el caviar<\/p>\n<\/div><\/div><\/div><\/article>\n<article id=\"post-215200\" class=\"ub-post-grid-item post-215200 post type-post status-publish format-standard has-post-thumbnail hentry category-destinos category-rutas-y-excursiones tag-que-ver-en-barcelona tag-que-ver-en-cataluna tag-dia-del-libro tag-familia tag-que-ver-en-girona tag-libros tag-listado tag-ninos tag-primavera tag-sant-jordi tag-que-ver-en-tarragona\" style=\"\"><div class=\"ub-block-post-grid-image\" style=\"\"><a href=\"https:\/\/www.escapadarural.com\/blog\/rutas-de-cuento-ninos-cataluna\/\" rel=\"bookmark\" aria-hidden=\"true\" tabindex=\"-1\"><img loading=\"lazy\" decoding=\"async\" width=\"740\" height=\"555\" src=\"https:\/\/www.escapadarural.com\/blog\/wp-content\/uploads\/2026\/04\/20241009-140446.jpg\" class=\"attachment-full size-full\" alt=\"Parque infantil de les Tres Bessones. Foto de l'Ajuntament de Palau-solit\u00e0 i Plegamans (Barcelona)\" style=\"max-width: 600px; \" srcset=\"https:\/\/www.escapadarural.com\/blog\/wp-content\/uploads\/2026\/04\/20241009-140446-200x150.jpg 200w, https:\/\/www.escapadarural.com\/blog\/wp-content\/uploads\/2026\/04\/20241009-140446-300x225.jpg 300w, https:\/\/www.escapadarural.com\/blog\/wp-content\/uploads\/2026\/04\/20241009-140446-400x300.jpg 400w, https:\/\/www.escapadarural.com\/blog\/wp-content\/uploads\/2026\/04\/20241009-140446-600x450.jpg 600w, https:\/\/www.escapadarural.com\/blog\/wp-content\/uploads\/2026\/04\/20241009-140446.jpg 740w\" sizes=\"auto, (max-width: 740px) 100vw, 740px\"><\/a><\/div><div class=\"ub-block-post-grid-text\" style=\"\"><div class=\"ub-block-post-grid-header-content\"><header class=\"ub-block-post-grid-header\"><h3 class=\"ub-block-post-grid-title\"><a style=\"\" href=\"https:\/\/www.escapadarural.com\/blog\/rutas-de-cuento-ninos-cataluna\/\" rel=\"bookmark\">Las Tres Mellizas o El Principito: 4 rutas y rincones de cuento para ni\u00f1os en Catalu\u00f1a<\/a><\/h3><\/header><\/div><div class=\"ub-block-post-grid-excerpt\"><div class=\"ub-block-post-grid-excerpt-text\" style=\"\"><p>El D\u00eda del Libro o cualquier otro momento del a\u00f1o es bueno para acercarse a estos rincones que encantar\u00e1n a los peques<\/p>\n<\/div><\/div><\/div><\/article>\n<article id=\"post-216782\" class=\"ub-post-grid-item post-216782 post type-post status-publish format-standard has-post-thumbnail hentry category-destinos tag-el-bierzo tag-las-medulas tag-que-ver-en-leon tag-primavera tag-recomendaciones tag-rutas\" style=\"\"><div class=\"ub-block-post-grid-image\" style=\"\"><a href=\"https:\/\/www.escapadarural.com\/blog\/escapada-a-las-medulas\/\" rel=\"bookmark\" aria-hidden=\"true\" tabindex=\"-1\"><img loading=\"lazy\" decoding=\"async\" width=\"1200\" height=\"768\" src=\"https:\/\/www.escapadarural.com\/blog\/wp-content\/uploads\/2026\/04\/Desde-el-Mirador-de-Orellan19-actualizadat.jpg\" class=\"attachment-full size-full\" alt=\"Una mujer con sombrero de paja y gafas de sol se apoya en una barandilla, admirando acantilados y cuevas de arcilla roja en Las M\u00e9dulas, en Espa\u00f1a, con vegetaci\u00f3n verde y un cielo azul despejado al fondo.\" style=\"max-width: 600px; \" srcset=\"https:\/\/www.escapadarural.com\/blog\/wp-content\/uploads\/2026\/04\/Desde-el-Mirador-de-Orellan19-actualizadat-200x128.jpg 200w, https:\/\/www.escapadarural.com\/blog\/wp-content\/uploads\/2026\/04\/Desde-el-Mirador-de-Orellan19-actualizadat-300x192.jpg 300w, https:\/\/www.escapadarural.com\/blog\/wp-content\/uploads\/2026\/04\/Desde-el-Mirador-de-Orellan19-actualizadat-400x256.jpg 400w, https:\/\/www.escapadarural.com\/blog\/wp-content\/uploads\/2026\/04\/Desde-el-Mirador-de-Orellan19-actualizadat-600x384.jpg 600w, https:\/\/www.escapadarural.com\/blog\/wp-content\/uploads\/2026\/04\/Desde-el-Mirador-de-Orellan19-actualizadat-768x492.jpg 768w, https:\/\/www.escapadarural.com\/blog\/wp-content\/uploads\/2026\/04\/Desde-el-Mirador-de-Orellan19-actualizadat-800x512.jpg 800w, https:\/\/www.escapadarural.com\/blog\/wp-content\/uploads\/2026\/04\/Desde-el-Mirador-de-Orellan19-actualizadat-1024x655.jpg 1024w, https:\/\/www.escapadarural.com\/blog\/wp-content\/uploads\/2026\/04\/Desde-el-Mirador-de-Orellan19-actualizadat.jpg 1200w\" sizes=\"auto, (max-width: 1200px) 100vw, 1200px\"><\/a><\/div><div class=\"ub-block-post-grid-text\" style=\"\"><div class=\"ub-block-post-grid-header-content\"><header class=\"ub-block-post-grid-header\"><h3 class=\"ub-block-post-grid-title\"><a style=\"\" href=\"https:\/\/www.escapadarural.com\/blog\/escapada-a-las-medulas\/\" rel=\"bookmark\">Escapada a Las M\u00e9dulas: Rutas, miradores y naturaleza en el coraz\u00f3n de El Bierzo<\/a><\/h3><\/header><\/div><div class=\"ub-block-post-grid-excerpt\"><div class=\"ub-block-post-grid-excerpt-text\" style=\"\"><p>Las M\u00e9dulas desde el Mirador de Orell\u00e1n. Por: Fundaci\u00f3n Las M\u00e9dulas Si est\u00e1s buscando una escapada que combine naturaleza, historia y ese silencio que tanto cuesta encontrar hoy en d\u00eda, prep\u00e1rate. Pon rumbo a la comarca de El Bierzo, en Le\u00f3n, porque te espera uno de los viajes m\u00e1s emocionantes de tu vida. Las M\u00e9dulas\u2026<\/p>\n<\/div><\/div><\/div><\/article>\n<\/div><\/section>","protected":false},"excerpt":{"rendered":"<p>El Pirineo aragon\u00e9s est\u00e1 considerado la meca de la alta monta\u00f1a espa\u00f1ola. Es el lugar ideal para disfrutar del deporte m\u00e1s popular en invierno. \u00a1A esquiar!<\/p>\n","protected":false},"author":87,"featured_media":214698,"comment_status":"open","ping_status":"closed","sticky":false,"template":"","format":"standard","meta":{"_acf_changed":false,"om_disable_all_campaigns":false,"footnotes":""},"categories":[191],"tags":[6013,1751,1752,1753,1510,1754,1755,1756,215,790,1204,6673,270],"class_list":["post-6106","post","type-post","status-publish","format-standard","has-post-thumbnail","hentry","category-destinos","tag-que-ver-en-aragon","tag-astun","tag-candanchu","tag-cerler","tag-esqui","tag-estaciones-de-esqui","tag-formigal","tag-invierno","tag-listado","tag-nieve","tag-panticosa","tag-podcast","tag-turismo-activo"],"acf":[],"featured_image_src":"https:\/\/www.escapadarural.com\/blog\/wp-content\/uploads\/2015\/12\/01_estacionesesquiAragon_Astun_lunamarina_AdobeStock_214598125-scaled.jpeg","author_info":{"display_name":"Estel Soro G\u00f3mez","author_link":"https:\/\/www.escapadarural.com\/blog\/autor\/estelsoro\/"},"yoast_head":"<!-- This site is optimized with the Yoast SEO plugin v27.5 - https:\/\/yoast.com\/product\/yoast-seo-wordpress\/ -->\n<title>Las 5 estaciones de esqu\u00ed del Pirineo aragon\u00e9s - EscapadaRural<\/title>\n<meta name=\"description\" content=\"El Pirineo aragon\u00e9s est\u00e1 considerado la meca de la alta monta\u00f1a. Es ideal para disfrutar del deporte m\u00e1s popular en invierno. \u00a1A esquiar!\" \/>\n<meta name=\"robots\" content=\"index, follow, max-snippet:-1, max-image-preview:large, max-video-preview:-1\" \/>\n<link rel=\"canonical\" href=\"https:\/\/www.escapadarural.com\/blog\/estaciones-de-esqui-en-el-pirineo-aragones\/\" \/>\n<meta property=\"og:locale\" content=\"es_ES\" \/>\n<meta property=\"og:type\" content=\"article\" \/>\n<meta property=\"og:title\" content=\"Las 5 estaciones de esqu\u00ed del Pirineo aragon\u00e9s - EscapadaRural\" \/>\n<meta property=\"og:description\" content=\"El Pirineo aragon\u00e9s est\u00e1 considerado la meca de la alta monta\u00f1a. Es ideal para disfrutar del deporte m\u00e1s popular en invierno. \u00a1A esquiar!\" \/>\n<meta property=\"og:url\" content=\"https:\/\/www.escapadarural.com\/blog\/estaciones-de-esqui-en-el-pirineo-aragones\/\" \/>\n<meta property=\"og:site_name\" content=\"Magazine de viajes de EscapadaRural\" \/>\n<meta property=\"article:publisher\" content=\"https:\/\/www.facebook.com\/escapadarural\" \/>\n<meta property=\"article:published_time\" content=\"2015-12-01T10:39:35+00:00\" \/>\n<meta property=\"article:modified_time\" content=\"2026-03-10T09:32:22+00:00\" \/>\n<meta property=\"og:image\" content=\"https:\/\/www.escapadarural.com\/blog\/wp-content\/uploads\/2015\/12\/01_estacionesesquiAragon_Astun_lunamarina_AdobeStock_214598125-scaled.jpeg?v=1773135145\" \/>\n\t<meta property=\"og:image:width\" content=\"2048\" \/>\n\t<meta property=\"og:image:height\" content=\"1366\" \/>\n\t<meta property=\"og:image:type\" content=\"image\/jpeg\" \/>\n<meta name=\"author\" content=\"Estel Soro G\u00f3mez\" \/>\n<meta name=\"twitter:card\" content=\"summary_large_image\" \/>\n<meta name=\"twitter:label1\" content=\"Escrito por\" \/>\n\t<meta name=\"twitter:data1\" content=\"Estel Soro G\u00f3mez\" \/>\n\t<meta name=\"twitter:label2\" content=\"Tiempo de lectura\" \/>\n\t<meta name=\"twitter:data2\" content=\"4 minutos\" \/>\n<script type=\"application\/ld+json\" class=\"yoast-schema-graph\">{\"@context\":\"https:\\\/\\\/schema.org\",\"@graph\":[{\"@type\":\"Article\",\"@id\":\"https:\\\/\\\/www.escapadarural.com\\\/blog\\\/estaciones-de-esqui-en-el-pirineo-aragones\\\/#article\",\"isPartOf\":{\"@id\":\"https:\\\/\\\/www.escapadarural.com\\\/blog\\\/estaciones-de-esqui-en-el-pirineo-aragones\\\/\"},\"author\":{\"name\":\"Estel Soro G\u00f3mez\",\"@id\":\"https:\\\/\\\/www.escapadarural.com\\\/blog\\\/#\\\/schema\\\/person\\\/765b6ee00ac07d22895193c5f8ccb01f\"},\"headline\":\"Las 5 estaciones de esqu\u00ed del Pirineo aragon\u00e9s\",\"datePublished\":\"2015-12-01T10:39:35+00:00\",\"dateModified\":\"2026-03-10T09:32:22+00:00\",\"mainEntityOfPage\":{\"@id\":\"https:\\\/\\\/www.escapadarural.com\\\/blog\\\/estaciones-de-esqui-en-el-pirineo-aragones\\\/\"},\"wordCount\":644,\"commentCount\":2,\"publisher\":{\"@id\":\"https:\\\/\\\/www.escapadarural.com\\\/blog\\\/#organization\"},\"image\":{\"@id\":\"https:\\\/\\\/www.escapadarural.com\\\/blog\\\/estaciones-de-esqui-en-el-pirineo-aragones\\\/#primaryimage\"},\"thumbnailUrl\":\"https:\\\/\\\/www.escapadarural.com\\\/blog\\\/wp-content\\\/uploads\\\/2015\\\/12\\\/01_estacionesesquiAragon_Astun_lunamarina_AdobeStock_214598125-scaled.jpeg\",\"keywords\":[\"Arag\u00f3n\",\"Ast\u00fan\",\"Candanch\u00fa\",\"Cerler\",\"Esqu\u00ed\",\"estaciones de esqu\u00ed\",\"Formigal\",\"Invierno\",\"Listado\",\"Nieve\",\"Panticosa\",\"Podcast\",\"Turismo activo\"],\"articleSection\":[\"Destinos\"],\"inLanguage\":\"es\",\"potentialAction\":[{\"@type\":\"CommentAction\",\"name\":\"Comment\",\"target\":[\"https:\\\/\\\/www.escapadarural.com\\\/blog\\\/estaciones-de-esqui-en-el-pirineo-aragones\\\/#respond\"]}]},{\"@type\":\"WebPage\",\"@id\":\"https:\\\/\\\/www.escapadarural.com\\\/blog\\\/estaciones-de-esqui-en-el-pirineo-aragones\\\/\",\"url\":\"https:\\\/\\\/www.escapadarural.com\\\/blog\\\/estaciones-de-esqui-en-el-pirineo-aragones\\\/\",\"name\":\"Las 5 estaciones de esqu\u00ed del Pirineo aragon\u00e9s - EscapadaRural\",\"isPartOf\":{\"@id\":\"https:\\\/\\\/www.escapadarural.com\\\/blog\\\/#website\"},\"primaryImageOfPage\":{\"@id\":\"https:\\\/\\\/www.escapadarural.com\\\/blog\\\/estaciones-de-esqui-en-el-pirineo-aragones\\\/#primaryimage\"},\"image\":{\"@id\":\"https:\\\/\\\/www.escapadarural.com\\\/blog\\\/estaciones-de-esqui-en-el-pirineo-aragones\\\/#primaryimage\"},\"thumbnailUrl\":\"https:\\\/\\\/www.escapadarural.com\\\/blog\\\/wp-content\\\/uploads\\\/2015\\\/12\\\/01_estacionesesquiAragon_Astun_lunamarina_AdobeStock_214598125-scaled.jpeg\",\"datePublished\":\"2015-12-01T10:39:35+00:00\",\"dateModified\":\"2026-03-10T09:32:22+00:00\",\"description\":\"El Pirineo aragon\u00e9s est\u00e1 considerado la meca de la alta monta\u00f1a. Es ideal para disfrutar del deporte m\u00e1s popular en invierno. \u00a1A esquiar!\",\"breadcrumb\":{\"@id\":\"https:\\\/\\\/www.escapadarural.com\\\/blog\\\/estaciones-de-esqui-en-el-pirineo-aragones\\\/#breadcrumb\"},\"inLanguage\":\"es\",\"potentialAction\":[{\"@type\":\"ReadAction\",\"target\":[\"https:\\\/\\\/www.escapadarural.com\\\/blog\\\/estaciones-de-esqui-en-el-pirineo-aragones\\\/\"]}]},{\"@type\":\"ImageObject\",\"inLanguage\":\"es\",\"@id\":\"https:\\\/\\\/www.escapadarural.com\\\/blog\\\/estaciones-de-esqui-en-el-pirineo-aragones\\\/#primaryimage\",\"url\":\"https:\\\/\\\/www.escapadarural.com\\\/blog\\\/wp-content\\\/uploads\\\/2015\\\/12\\\/01_estacionesesquiAragon_Astun_lunamarina_AdobeStock_214598125-scaled.jpeg\",\"contentUrl\":\"https:\\\/\\\/www.escapadarural.com\\\/blog\\\/wp-content\\\/uploads\\\/2015\\\/12\\\/01_estacionesesquiAragon_Astun_lunamarina_AdobeStock_214598125-scaled.jpeg\",\"width\":2048,\"height\":1366,\"caption\":\"Estaci\u00f3n de esqu\u00ed de Ast\u00fan (Huesca). Por lunamarina.\"},{\"@type\":\"BreadcrumbList\",\"@id\":\"https:\\\/\\\/www.escapadarural.com\\\/blog\\\/estaciones-de-esqui-en-el-pirineo-aragones\\\/#breadcrumb\",\"itemListElement\":[{\"@type\":\"ListItem\",\"position\":1,\"name\":\"Inicio\",\"item\":\"https:\\\/\\\/www.escapadarural.com\\\/blog\\\/\"},{\"@type\":\"ListItem\",\"position\":2,\"name\":\"Destinos\",\"item\":\"https:\\\/\\\/www.escapadarural.com\\\/blog\\\/categoria\\\/destinos\\\/\"},{\"@type\":\"ListItem\",\"position\":3,\"name\":\"Las 5 estaciones de esqu\u00ed del Pirineo aragon\u00e9s\"}]},{\"@type\":\"WebSite\",\"@id\":\"https:\\\/\\\/www.escapadarural.com\\\/blog\\\/#website\",\"url\":\"https:\\\/\\\/www.escapadarural.com\\\/blog\\\/\",\"name\":\"Blog de viajes | turismo rural, alojamientos e inspiraci\u00f3n\",\"description\":\"Alojamientos rurales e inspiraci\u00f3n para tus escapadas\",\"publisher\":{\"@id\":\"https:\\\/\\\/www.escapadarural.com\\\/blog\\\/#organization\"},\"alternateName\":\"Magazine de viajes de EscapadaRural\",\"potentialAction\":[{\"@type\":\"SearchAction\",\"target\":{\"@type\":\"EntryPoint\",\"urlTemplate\":\"https:\\\/\\\/www.escapadarural.com\\\/blog\\\/?s={search_term_string}\"},\"query-input\":{\"@type\":\"PropertyValueSpecification\",\"valueRequired\":true,\"valueName\":\"search_term_string\"}}],\"inLanguage\":\"es\"},{\"@type\":\"Organization\",\"@id\":\"https:\\\/\\\/www.escapadarural.com\\\/blog\\\/#organization\",\"name\":\"EscapadaRural\",\"url\":\"https:\\\/\\\/www.escapadarural.com\\\/blog\\\/\",\"logo\":{\"@type\":\"ImageObject\",\"inLanguage\":\"es\",\"@id\":\"https:\\\/\\\/www.escapadarural.com\\\/blog\\\/#\\\/schema\\\/logo\\\/image\\\/\",\"url\":\"https:\\\/\\\/www.escapadarural.com\\\/blog\\\/wp-content\\\/uploads\\\/2024\\\/10\\\/cropped-cropped-escapada-rural-icon-mag-3.png\",\"contentUrl\":\"https:\\\/\\\/www.escapadarural.com\\\/blog\\\/wp-content\\\/uploads\\\/2024\\\/10\\\/cropped-cropped-escapada-rural-icon-mag-3.png\",\"width\":512,\"height\":512,\"caption\":\"EscapadaRural\"},\"image\":{\"@id\":\"https:\\\/\\\/www.escapadarural.com\\\/blog\\\/#\\\/schema\\\/logo\\\/image\\\/\"},\"sameAs\":[\"https:\\\/\\\/www.facebook.com\\\/escapadarural\",\"https:\\\/\\\/www.instagram.com\\\/escapadarural\\\/\",\"https:\\\/\\\/www.youtube.com\\\/@escapadaruralcom\"]},{\"@type\":\"Person\",\"@id\":\"https:\\\/\\\/www.escapadarural.com\\\/blog\\\/#\\\/schema\\\/person\\\/765b6ee00ac07d22895193c5f8ccb01f\",\"name\":\"Estel Soro G\u00f3mez\",\"image\":{\"@type\":\"ImageObject\",\"inLanguage\":\"es\",\"@id\":\"https:\\\/\\\/www.escapadarural.com\\\/blog\\\/wp-content\\\/uploads\\\/2025\\\/03\\\/cropped-estelinsta-e1453734083971-96x96.jpg\",\"url\":\"https:\\\/\\\/www.escapadarural.com\\\/blog\\\/wp-content\\\/uploads\\\/2025\\\/03\\\/cropped-estelinsta-e1453734083971-96x96.jpg\",\"contentUrl\":\"https:\\\/\\\/www.escapadarural.com\\\/blog\\\/wp-content\\\/uploads\\\/2025\\\/03\\\/cropped-estelinsta-e1453734083971-96x96.jpg\",\"caption\":\"Estel Soro G\u00f3mez\"},\"url\":\"https:\\\/\\\/www.escapadarural.com\\\/blog\\\/autor\\\/estelsoro\\\/\"}]}<\/script>\n<!-- \/ Yoast SEO plugin. -->","yoast_head_json":{"title":"Las 5 estaciones de esqu\u00ed del Pirineo aragon\u00e9s - EscapadaRural","description":"El Pirineo aragon\u00e9s est\u00e1 considerado la meca de la alta monta\u00f1a. Es ideal para disfrutar del deporte m\u00e1s popular en invierno. \u00a1A esquiar!","robots":{"index":"index","follow":"follow","max-snippet":"max-snippet:-1","max-image-preview":"max-image-preview:large","max-video-preview":"max-video-preview:-1"},"canonical":"https:\/\/www.escapadarural.com\/blog\/estaciones-de-esqui-en-el-pirineo-aragones\/","og_locale":"es_ES","og_type":"article","og_title":"Las 5 estaciones de esqu\u00ed del Pirineo aragon\u00e9s - EscapadaRural","og_description":"El Pirineo aragon\u00e9s est\u00e1 considerado la meca de la alta monta\u00f1a. Es ideal para disfrutar del deporte m\u00e1s popular en invierno. \u00a1A esquiar!","og_url":"https:\/\/www.escapadarural.com\/blog\/estaciones-de-esqui-en-el-pirineo-aragones\/","og_site_name":"Magazine de viajes de EscapadaRural","article_publisher":"https:\/\/www.facebook.com\/escapadarural","article_published_time":"2015-12-01T10:39:35+00:00","article_modified_time":"2026-03-10T09:32:22+00:00","og_image":[{"width":2048,"height":1366,"url":"https:\/\/www.escapadarural.com\/blog\/wp-content\/uploads\/2015\/12\/01_estacionesesquiAragon_Astun_lunamarina_AdobeStock_214598125-scaled.jpeg?v=1773135145","type":"image\/jpeg"}],"author":"Estel Soro G\u00f3mez","twitter_card":"summary_large_image","twitter_misc":{"Escrito por":"Estel Soro G\u00f3mez","Tiempo de lectura":"4 minutos"},"schema":{"@context":"https:\/\/schema.org","@graph":[{"@type":"Article","@id":"https:\/\/www.escapadarural.com\/blog\/estaciones-de-esqui-en-el-pirineo-aragones\/#article","isPartOf":{"@id":"https:\/\/www.escapadarural.com\/blog\/estaciones-de-esqui-en-el-pirineo-aragones\/"},"author":{"name":"Estel Soro G\u00f3mez","@id":"https:\/\/www.escapadarural.com\/blog\/#\/schema\/person\/765b6ee00ac07d22895193c5f8ccb01f"},"headline":"Las 5 estaciones de esqu\u00ed del Pirineo aragon\u00e9s","datePublished":"2015-12-01T10:39:35+00:00","dateModified":"2026-03-10T09:32:22+00:00","mainEntityOfPage":{"@id":"https:\/\/www.escapadarural.com\/blog\/estaciones-de-esqui-en-el-pirineo-aragones\/"},"wordCount":644,"commentCount":2,"publisher":{"@id":"https:\/\/www.escapadarural.com\/blog\/#organization"},"image":{"@id":"https:\/\/www.escapadarural.com\/blog\/estaciones-de-esqui-en-el-pirineo-aragones\/#primaryimage"},"thumbnailUrl":"https:\/\/www.escapadarural.com\/blog\/wp-content\/uploads\/2015\/12\/01_estacionesesquiAragon_Astun_lunamarina_AdobeStock_214598125-scaled.jpeg","keywords":["Arag\u00f3n","Ast\u00fan","Candanch\u00fa","Cerler","Esqu\u00ed","estaciones de esqu\u00ed","Formigal","Invierno","Listado","Nieve","Panticosa","Podcast","Turismo activo"],"articleSection":["Destinos"],"inLanguage":"es","potentialAction":[{"@type":"CommentAction","name":"Comment","target":["https:\/\/www.escapadarural.com\/blog\/estaciones-de-esqui-en-el-pirineo-aragones\/#respond"]}]},{"@type":"WebPage","@id":"https:\/\/www.escapadarural.com\/blog\/estaciones-de-esqui-en-el-pirineo-aragones\/","url":"https:\/\/www.escapadarural.com\/blog\/estaciones-de-esqui-en-el-pirineo-aragones\/","name":"Las 5 estaciones de esqu\u00ed del Pirineo aragon\u00e9s - EscapadaRural","isPartOf":{"@id":"https:\/\/www.escapadarural.com\/blog\/#website"},"primaryImageOfPage":{"@id":"https:\/\/www.escapadarural.com\/blog\/estaciones-de-esqui-en-el-pirineo-aragones\/#primaryimage"},"image":{"@id":"https:\/\/www.escapadarural.com\/blog\/estaciones-de-esqui-en-el-pirineo-aragones\/#primaryimage"},"thumbnailUrl":"https:\/\/www.escapadarural.com\/blog\/wp-content\/uploads\/2015\/12\/01_estacionesesquiAragon_Astun_lunamarina_AdobeStock_214598125-scaled.jpeg","datePublished":"2015-12-01T10:39:35+00:00","dateModified":"2026-03-10T09:32:22+00:00","description":"El Pirineo aragon\u00e9s est\u00e1 considerado la meca de la alta monta\u00f1a. Es ideal para disfrutar del deporte m\u00e1s popular en invierno. \u00a1A esquiar!","breadcrumb":{"@id":"https:\/\/www.escapadarural.com\/blog\/estaciones-de-esqui-en-el-pirineo-aragones\/#breadcrumb"},"inLanguage":"es","potentialAction":[{"@type":"ReadAction","target":["https:\/\/www.escapadarural.com\/blog\/estaciones-de-esqui-en-el-pirineo-aragones\/"]}]},{"@type":"ImageObject","inLanguage":"es","@id":"https:\/\/www.escapadarural.com\/blog\/estaciones-de-esqui-en-el-pirineo-aragones\/#primaryimage","url":"https:\/\/www.escapadarural.com\/blog\/wp-content\/uploads\/2015\/12\/01_estacionesesquiAragon_Astun_lunamarina_AdobeStock_214598125-scaled.jpeg","contentUrl":"https:\/\/www.escapadarural.com\/blog\/wp-content\/uploads\/2015\/12\/01_estacionesesquiAragon_Astun_lunamarina_AdobeStock_214598125-scaled.jpeg","width":2048,"height":1366,"caption":"Estaci\u00f3n de esqu\u00ed de Ast\u00fan (Huesca). Por lunamarina."},{"@type":"BreadcrumbList","@id":"https:\/\/www.escapadarural.com\/blog\/estaciones-de-esqui-en-el-pirineo-aragones\/#breadcrumb","itemListElement":[{"@type":"ListItem","position":1,"name":"Inicio","item":"https:\/\/www.escapadarural.com\/blog\/"},{"@type":"ListItem","position":2,"name":"Destinos","item":"https:\/\/www.escapadarural.com\/blog\/categoria\/destinos\/"},{"@type":"ListItem","position":3,"name":"Las 5 estaciones de esqu\u00ed del Pirineo aragon\u00e9s"}]},{"@type":"WebSite","@id":"https:\/\/www.escapadarural.com\/blog\/#website","url":"https:\/\/www.escapadarural.com\/blog\/","name":"Blog de viajes | turismo rural, alojamientos e inspiraci\u00f3n","description":"Alojamientos rurales e inspiraci\u00f3n para tus escapadas","publisher":{"@id":"https:\/\/www.escapadarural.com\/blog\/#organization"},"alternateName":"Magazine de viajes de EscapadaRural","potentialAction":[{"@type":"SearchAction","target":{"@type":"EntryPoint","urlTemplate":"https:\/\/www.escapadarural.com\/blog\/?s={search_term_string}"},"query-input":{"@type":"PropertyValueSpecification","valueRequired":true,"valueName":"search_term_string"}}],"inLanguage":"es"},{"@type":"Organization","@id":"https:\/\/www.escapadarural.com\/blog\/#organization","name":"EscapadaRural","url":"https:\/\/www.escapadarural.com\/blog\/","logo":{"@type":"ImageObject","inLanguage":"es","@id":"https:\/\/www.escapadarural.com\/blog\/#\/schema\/logo\/image\/","url":"https:\/\/www.escapadarural.com\/blog\/wp-content\/uploads\/2024\/10\/cropped-cropped-escapada-rural-icon-mag-3.png","contentUrl":"https:\/\/www.escapadarural.com\/blog\/wp-content\/uploads\/2024\/10\/cropped-cropped-escapada-rural-icon-mag-3.png","width":512,"height":512,"caption":"EscapadaRural"},"image":{"@id":"https:\/\/www.escapadarural.com\/blog\/#\/schema\/logo\/image\/"},"sameAs":["https:\/\/www.facebook.com\/escapadarural","https:\/\/www.instagram.com\/escapadarural\/","https:\/\/www.youtube.com\/@escapadaruralcom"]},{"@type":"Person","@id":"https:\/\/www.escapadarural.com\/blog\/#\/schema\/person\/765b6ee00ac07d22895193c5f8ccb01f","name":"Estel Soro G\u00f3mez","image":{"@type":"ImageObject","inLanguage":"es","@id":"https:\/\/www.escapadarural.com\/blog\/wp-content\/uploads\/2025\/03\/cropped-estelinsta-e1453734083971-96x96.jpg","url":"https:\/\/www.escapadarural.com\/blog\/wp-content\/uploads\/2025\/03\/cropped-estelinsta-e1453734083971-96x96.jpg","contentUrl":"https:\/\/www.escapadarural.com\/blog\/wp-content\/uploads\/2025\/03\/cropped-estelinsta-e1453734083971-96x96.jpg","caption":"Estel Soro G\u00f3mez"},"url":"https:\/\/www.escapadarural.com\/blog\/autor\/estelsoro\/"}]}},"_links":{"self":[{"href":"https:\/\/www.escapadarural.com\/blog\/wp-json\/wp\/v2\/posts\/6106","targetHints":{"allow":["GET"]}}],"collection":[{"href":"https:\/\/www.escapadarural.com\/blog\/wp-json\/wp\/v2\/posts"}],"about":[{"href":"https:\/\/www.escapadarural.com\/blog\/wp-json\/wp\/v2\/types\/post"}],"author":[{"embeddable":true,"href":"https:\/\/www.escapadarural.com\/blog\/wp-json\/wp\/v2\/users\/87"}],"replies":[{"embeddable":true,"href":"https:\/\/www.escapadarural.com\/blog\/wp-json\/wp\/v2\/comments?post=6106"}],"version-history":[{"count":0,"href":"https:\/\/www.escapadarural.com\/blog\/wp-json\/wp\/v2\/posts\/6106\/revisions"}],"wp:featuredmedia":[{"embeddable":true,"href":"https:\/\/www.escapadarural.com\/blog\/wp-json\/wp\/v2\/media\/214698"}],"wp:attachment":[{"href":"https:\/\/www.escapadarural.com\/blog\/wp-json\/wp\/v2\/media?parent=6106"}],"wp:term":[{"taxonomy":"category","embeddable":true,"href":"https:\/\/www.escapadarural.com\/blog\/wp-json\/wp\/v2\/categories?post=6106"},{"taxonomy":"post_tag","embeddable":true,"href":"https:\/\/www.escapadarural.com\/blog\/wp-json\/wp\/v2\/tags?post=6106"}],"curies":[{"name":"wp","href":"https:\/\/api.w.org\/{rel}","templated":true}]}}