{"id":61113,"date":"2023-04-27T08:00:00","date_gmt":"2023-04-27T07:00:00","guid":{"rendered":"https:\/\/www.escapadarural.com\/blog\/?p=61113"},"modified":"2025-08-12T16:01:54","modified_gmt":"2025-08-12T14:01:54","slug":"festival-itinera-parlem","status":"publish","type":"post","link":"https:\/\/www.escapadarural.com\/blog\/festival-itinera-parlem\/","title":{"rendered":"Itinera Parlem, el festival que acerca la m\u00fasica a los micropueblos"},"content":{"rendered":"\n<figure class=\"wp-block-image size-large\"><a href=\"https:\/\/www.escapadarural.com\/blog\/wp-content\/uploads\/LAIAV03955-2-scaled.jpg\"><img decoding=\"async\" src=\"https:\/\/www.escapadarural.com\/blog\/wp-content\/uploads\/2023\/04\/LAIAV03955-2-1024x683-1.jpg\" alt=\"Festival Itinera Parlem\" class=\"wp-image-61179\"\/><\/a><figcaption class=\"wp-element-caption\">Festival Itinera Parlem<\/figcaption><\/figure>\n\n\n\n<p>La oferta cultural en los peque\u00f1os pueblos suele ser bastante limitada. En muchos de ellos solo est\u00e1 presente en las fiestas populares, y con suerte. Esta carencia no es la principal causa de despoblaci\u00f3n, aunque s\u00ed es un aliciente m\u00e1s para que cueste repoblarlo o, incluso, atraer a los turistas; sobre todo si no son muy conocidos. El Festival Itera Parlem es la salvaci\u00f3n para muchos de ellos.&nbsp;<\/p>\n\n\n\n<p>El proyecto, creado por la Asociaci\u00f3n de Micropueblos de Catalu\u00f1a y Aktive en 2021, tiene como objetivo <strong>descentralizar la cultura<\/strong> y llevar la m\u00fasica y el arte a pueblos con menos de 1.000 habitantes. \u201cGenerar igualdad de oportunidades entre territorios\u201d, tal y como lo han comunicado y que les ha valido para ganar el <strong>premio Impulsa! 2021<\/strong> otorgado por la Fundaci\u00f3 Catalunya Cultura.<\/p>\n\n\n\n<p>En sus inicios, el Festival Itinera Parlem estaba enfocado en los micropueblos de <a href=\"https:\/\/www.escapadarural.com\/casas-rurales\/cataluna\">Catalu\u00f1a<\/a>. No obstante, una de las novedades en esta tercera edici\u00f3n es que se ha abierto a peque\u00f1as localidades de la Comunidad Valenciana, Islas Baleares, Islas Canarias, Castilla-La Mancha, la regi\u00f3n francesa de Occitania y Cerde\u00f1a.\u00a0<\/p>\n\n\n\n<h2 class=\"wp-block-heading\"><strong>M\u00e1s de 200 conciertos de diferentes estilos<\/strong><\/h2>\n\n\n\n<figure class=\"wp-block-image size-large\"><a href=\"https:\/\/www.escapadarural.com\/blog\/wp-content\/uploads\/PA300914-2-scaled.jpg\"><img decoding=\"async\" src=\"https:\/\/www.escapadarural.com\/blog\/wp-content\/uploads\/2023\/04\/PA300914-2-1024x768-1.jpg\" alt=\"\" class=\"wp-image-61178\"\/><\/a><figcaption class=\"wp-element-caption\">Festival Itinera Parlem<\/figcaption><\/figure>\n\n\n\n<p>Despu\u00e9s del \u00e9xito de los dos \u00faltimos a\u00f1os, en los que hubo m\u00e1s de 100 conciertos y se atrajo entre 8.000 y 14.000 espectadores, en esta nueva edici\u00f3n el Festival Itinera Parlem ha anunciado la organizaci\u00f3n de <strong>m\u00e1s de 200 conciertos<\/strong>. Habr\u00e1 artistas de jazz, soul, blues, g\u00f3spel, as\u00ed como m\u00fasicas del mundo.\u00a0<\/p>\n\n\n\n<p>El festival, que comenz\u00f3 el pasado 1 de abril, recorrer\u00e1 los distintos pueblos hasta el 31 de octubre. Adem\u00e1s de la itinerancia, que posibilita la actuaci\u00f3n de artistas en poblaciones donde, de otra manera, ser\u00eda complicado organizar conciertos; los m\u00fasicos tienen la oportunidad de hacer <strong>intercambios con territorios Itinera<\/strong> y ampliar su circuito profesional.\u00a0<\/p>\n\n\n\n<p>Entre los artistas de los que podemos disfrutar este a\u00f1o destacan el m\u00fasico de jazz barcelon\u00e9s Joan Chamorro, que entre sus duetos har\u00e1 un tributo a Frank Sinatra con Marc Mart\u00ed y Edu Ferrer; J.J White y Mayelen Fouler, que a trav\u00e9s de \u201cMi acorde secreto\u201d narrar\u00e1n la vida de Leonard Cohen; y Silvia Comes, que act\u00faa por primera vez en el festival y que traer\u00e1 un repertorio para recordar las canciones de la lucha por la igualdad.<\/p>\n\n\n\n<p>Por su parte, la compositora y cantante Big Mama Montse celebrar\u00e1 su 35 aniversario en los escenarios con diferentes conciertos conmemorativos; adem\u00e1s de que vuelven algunas de las propuestas que triunfaron en otras ediciones.\u00a0<\/p>\n\n\n\n<p>En el soul volveremos a o\u00edr las voces de Ster Wax, David Giorcelli, Frank Barnes y Abby Rubens; en el swing destaca el tr\u00edo Swingt\u00f2nics; Joe Psalmist &amp; The Gospel Train nos llevar\u00e1n a la m\u00fasica gospel; el jazz correr\u00e1 a cargo de Hop\u2019s duo y Roman\u00ed Brothers Hot Jazz; y el blues de Richard White, Johnny Bigstone, Sweet Marta y The Blues Prisoners. Por supuesto, no pod\u00eda faltar la rumba catalana, con Miliu Calabuch; entre otros muchos artistas.&nbsp;<\/p>\n\n\n\n<p>Itinera tambi\u00e9n <strong>colabora con conservatorios y escuelas de m\u00fasica<\/strong> catalanas, especialmente con el Liceu, el Esmuc, el Taller de M\u00fasics, la Fundaci\u00f3 Catalana de Jazz Class, la SBB (Societat Blues Barcelona) y el club de Jazz y Blues m\u00e1s antiguo de Catalunya: el Harlem Jazz Club.\u00a0<\/p>\n\n\n\n<h2 class=\"wp-block-heading\"><strong>M\u00e1s inter\u00e9s y turismo<\/strong><\/h2>\n\n\n\n<p>El Festival Itinera Parlem utiliza la m\u00fasica para <strong>acercar al viajero y mel\u00f3mano a los pueblos<\/strong>. Con ello, lo que se pretende es que puedan descubrir los atractivos de nuevas mini localidades que pasan desapercibidas, as\u00ed como mejorar la calidad de vida de sus habitantes.\u00a0<\/p>\n\n\n\n<p>La idea del proyecto es llegar a los 400 micropueblos y replicar su \u00e9xito en otras localidades europeas, tal y como se ha comenzado a hacer este 2023.<\/p>\n","protected":false},"excerpt":{"rendered":"<p>Despu\u00e9s del \u00e9xito de anteriores ediciones, el Festival Itinera Parlem vuelve con m\u00e1s de 200 conciertos de m\u00fasica variada en micropueblos de Espa\u00f1a y Europa<\/p>\n","protected":false},"author":85,"featured_media":100767,"comment_status":"open","ping_status":"open","sticky":false,"template":"","format":"standard","meta":{"_acf_changed":false,"om_disable_all_campaigns":false,"footnotes":""},"categories":[231],"tags":[260,2014,5085,504],"class_list":["post-61113","post","type-post","status-publish","format-standard","has-post-thumbnail","hentry","category-arte-y-cultura","tag-articulo","tag-festival","tag-itinera-parlem","tag-musica"],"acf":[],"featured_image_src":"https:\/\/www.escapadarural.com\/blog\/wp-content\/uploads\/2024\/10\/6_Musica-en-Segura-\u00a9-Oscar-Romero-1024x683-3.jpg","author_info":{"display_name":"Redacci\u00f3n ER","author_link":"https:\/\/www.escapadarural.com\/blog\/autor\/admin\/"},"yoast_head":"<!-- This site is optimized with the Yoast SEO plugin v27.5 - https:\/\/yoast.com\/product\/yoast-seo-wordpress\/ -->\n<title>Itinera Parlem, el festival que acerca la m\u00fasica a los micropueblos - EscapadaRural<\/title>\n<meta name=\"robots\" content=\"index, follow, max-snippet:-1, max-image-preview:large, max-video-preview:-1\" \/>\n<link rel=\"canonical\" href=\"https:\/\/www.escapadarural.com\/blog\/festival-itinera-parlem\/\" \/>\n<meta property=\"og:locale\" content=\"es_ES\" \/>\n<meta property=\"og:type\" content=\"article\" \/>\n<meta property=\"og:title\" content=\"Itinera Parlem, el festival que acerca la m\u00fasica a los micropueblos - EscapadaRural\" \/>\n<meta property=\"og:description\" content=\"Despu\u00e9s del \u00e9xito de anteriores ediciones, el Festival Itinera Parlem vuelve con m\u00e1s de 200 conciertos de m\u00fasica variada en micropueblos de Espa\u00f1a y Europa\" \/>\n<meta property=\"og:url\" content=\"https:\/\/www.escapadarural.com\/blog\/festival-itinera-parlem\/\" \/>\n<meta property=\"og:site_name\" content=\"Magazine de viajes de EscapadaRural\" \/>\n<meta property=\"article:publisher\" content=\"https:\/\/www.facebook.com\/escapadarural\" \/>\n<meta property=\"article:published_time\" content=\"2023-04-27T07:00:00+00:00\" \/>\n<meta property=\"article:modified_time\" content=\"2025-08-12T14:01:54+00:00\" \/>\n<meta property=\"og:image\" content=\"https:\/\/www.escapadarural.com\/blog\/wp-content\/uploads\/2024\/10\/6_Musica-en-Segura-\u00a9-Oscar-Romero-1024x683-3.jpg?v=1755007315\" \/>\n\t<meta property=\"og:image:width\" content=\"1024\" \/>\n\t<meta property=\"og:image:height\" content=\"683\" \/>\n\t<meta property=\"og:image:type\" content=\"image\/jpeg\" \/>\n<meta name=\"author\" content=\"Redacci\u00f3n ER\" \/>\n<meta name=\"twitter:card\" content=\"summary_large_image\" \/>\n<meta name=\"twitter:label1\" content=\"Escrito por\" \/>\n\t<meta name=\"twitter:data1\" content=\"Redacci\u00f3n ER\" \/>\n\t<meta name=\"twitter:label2\" content=\"Tiempo de lectura\" \/>\n\t<meta name=\"twitter:data2\" content=\"3 minutos\" \/>\n<script type=\"application\/ld+json\" class=\"yoast-schema-graph\">{\"@context\":\"https:\\\/\\\/schema.org\",\"@graph\":[{\"@type\":\"Article\",\"@id\":\"https:\\\/\\\/www.escapadarural.com\\\/blog\\\/festival-itinera-parlem\\\/#article\",\"isPartOf\":{\"@id\":\"https:\\\/\\\/www.escapadarural.com\\\/blog\\\/festival-itinera-parlem\\\/\"},\"author\":{\"name\":\"Redacci\u00f3n ER\",\"@id\":\"https:\\\/\\\/www.escapadarural.com\\\/blog\\\/#\\\/schema\\\/person\\\/bd5b0d7ad308a0bf4efed73e8308b4fa\"},\"headline\":\"Itinera Parlem, el festival que acerca la m\u00fasica a los micropueblos\",\"datePublished\":\"2023-04-27T07:00:00+00:00\",\"dateModified\":\"2025-08-12T14:01:54+00:00\",\"mainEntityOfPage\":{\"@id\":\"https:\\\/\\\/www.escapadarural.com\\\/blog\\\/festival-itinera-parlem\\\/\"},\"wordCount\":663,\"commentCount\":0,\"publisher\":{\"@id\":\"https:\\\/\\\/www.escapadarural.com\\\/blog\\\/#organization\"},\"image\":{\"@id\":\"https:\\\/\\\/www.escapadarural.com\\\/blog\\\/festival-itinera-parlem\\\/#primaryimage\"},\"thumbnailUrl\":\"https:\\\/\\\/www.escapadarural.com\\\/blog\\\/wp-content\\\/uploads\\\/2024\\\/10\\\/6_Musica-en-Segura-\u00a9-Oscar-Romero-1024x683-3.jpg\",\"keywords\":[\"art\u00edculo\",\"Festival\",\"itinera parlem\",\"M\u00fasica\"],\"articleSection\":[\"Arte y Cultura\"],\"inLanguage\":\"es\",\"potentialAction\":[{\"@type\":\"CommentAction\",\"name\":\"Comment\",\"target\":[\"https:\\\/\\\/www.escapadarural.com\\\/blog\\\/festival-itinera-parlem\\\/#respond\"]}]},{\"@type\":\"WebPage\",\"@id\":\"https:\\\/\\\/www.escapadarural.com\\\/blog\\\/festival-itinera-parlem\\\/\",\"url\":\"https:\\\/\\\/www.escapadarural.com\\\/blog\\\/festival-itinera-parlem\\\/\",\"name\":\"Itinera Parlem, el festival que acerca la m\u00fasica a los micropueblos - EscapadaRural\",\"isPartOf\":{\"@id\":\"https:\\\/\\\/www.escapadarural.com\\\/blog\\\/#website\"},\"primaryImageOfPage\":{\"@id\":\"https:\\\/\\\/www.escapadarural.com\\\/blog\\\/festival-itinera-parlem\\\/#primaryimage\"},\"image\":{\"@id\":\"https:\\\/\\\/www.escapadarural.com\\\/blog\\\/festival-itinera-parlem\\\/#primaryimage\"},\"thumbnailUrl\":\"https:\\\/\\\/www.escapadarural.com\\\/blog\\\/wp-content\\\/uploads\\\/2024\\\/10\\\/6_Musica-en-Segura-\u00a9-Oscar-Romero-1024x683-3.jpg\",\"datePublished\":\"2023-04-27T07:00:00+00:00\",\"dateModified\":\"2025-08-12T14:01:54+00:00\",\"breadcrumb\":{\"@id\":\"https:\\\/\\\/www.escapadarural.com\\\/blog\\\/festival-itinera-parlem\\\/#breadcrumb\"},\"inLanguage\":\"es\",\"potentialAction\":[{\"@type\":\"ReadAction\",\"target\":[\"https:\\\/\\\/www.escapadarural.com\\\/blog\\\/festival-itinera-parlem\\\/\"]}]},{\"@type\":\"ImageObject\",\"inLanguage\":\"es\",\"@id\":\"https:\\\/\\\/www.escapadarural.com\\\/blog\\\/festival-itinera-parlem\\\/#primaryimage\",\"url\":\"https:\\\/\\\/www.escapadarural.com\\\/blog\\\/wp-content\\\/uploads\\\/2024\\\/10\\\/6_Musica-en-Segura-\u00a9-Oscar-Romero-1024x683-3.jpg\",\"contentUrl\":\"https:\\\/\\\/www.escapadarural.com\\\/blog\\\/wp-content\\\/uploads\\\/2024\\\/10\\\/6_Musica-en-Segura-\u00a9-Oscar-Romero-1024x683-3.jpg\",\"width\":1024,\"height\":683,\"caption\":\"Un grupo numeroso de personas se sienta sobre la hierba en un bosque, observando la actuaci\u00f3n de un peque\u00f1o grupo entre altos pinos, con las monta\u00f1as visibles al fondo.\"},{\"@type\":\"BreadcrumbList\",\"@id\":\"https:\\\/\\\/www.escapadarural.com\\\/blog\\\/festival-itinera-parlem\\\/#breadcrumb\",\"itemListElement\":[{\"@type\":\"ListItem\",\"position\":1,\"name\":\"Inicio\",\"item\":\"https:\\\/\\\/www.escapadarural.com\\\/blog\\\/\"},{\"@type\":\"ListItem\",\"position\":2,\"name\":\"Arte y Cultura\",\"item\":\"https:\\\/\\\/www.escapadarural.com\\\/blog\\\/categoria\\\/arte-y-cultura\\\/\"},{\"@type\":\"ListItem\",\"position\":3,\"name\":\"Itinera Parlem, el festival que acerca la m\u00fasica a los micropueblos\"}]},{\"@type\":\"WebSite\",\"@id\":\"https:\\\/\\\/www.escapadarural.com\\\/blog\\\/#website\",\"url\":\"https:\\\/\\\/www.escapadarural.com\\\/blog\\\/\",\"name\":\"Blog de viajes | turismo rural, alojamientos e inspiraci\u00f3n\",\"description\":\"Alojamientos rurales e inspiraci\u00f3n para tus escapadas\",\"publisher\":{\"@id\":\"https:\\\/\\\/www.escapadarural.com\\\/blog\\\/#organization\"},\"alternateName\":\"Magazine de viajes de EscapadaRural\",\"potentialAction\":[{\"@type\":\"SearchAction\",\"target\":{\"@type\":\"EntryPoint\",\"urlTemplate\":\"https:\\\/\\\/www.escapadarural.com\\\/blog\\\/?s={search_term_string}\"},\"query-input\":{\"@type\":\"PropertyValueSpecification\",\"valueRequired\":true,\"valueName\":\"search_term_string\"}}],\"inLanguage\":\"es\"},{\"@type\":\"Organization\",\"@id\":\"https:\\\/\\\/www.escapadarural.com\\\/blog\\\/#organization\",\"name\":\"EscapadaRural\",\"url\":\"https:\\\/\\\/www.escapadarural.com\\\/blog\\\/\",\"logo\":{\"@type\":\"ImageObject\",\"inLanguage\":\"es\",\"@id\":\"https:\\\/\\\/www.escapadarural.com\\\/blog\\\/#\\\/schema\\\/logo\\\/image\\\/\",\"url\":\"https:\\\/\\\/www.escapadarural.com\\\/blog\\\/wp-content\\\/uploads\\\/2024\\\/10\\\/cropped-cropped-escapada-rural-icon-mag-3.png\",\"contentUrl\":\"https:\\\/\\\/www.escapadarural.com\\\/blog\\\/wp-content\\\/uploads\\\/2024\\\/10\\\/cropped-cropped-escapada-rural-icon-mag-3.png\",\"width\":512,\"height\":512,\"caption\":\"EscapadaRural\"},\"image\":{\"@id\":\"https:\\\/\\\/www.escapadarural.com\\\/blog\\\/#\\\/schema\\\/logo\\\/image\\\/\"},\"sameAs\":[\"https:\\\/\\\/www.facebook.com\\\/escapadarural\",\"https:\\\/\\\/www.instagram.com\\\/escapadarural\\\/\",\"https:\\\/\\\/www.youtube.com\\\/@escapadaruralcom\"]},{\"@type\":\"Person\",\"@id\":\"https:\\\/\\\/www.escapadarural.com\\\/blog\\\/#\\\/schema\\\/person\\\/bd5b0d7ad308a0bf4efed73e8308b4fa\",\"name\":\"Redacci\u00f3n ER\",\"image\":{\"@type\":\"ImageObject\",\"inLanguage\":\"es\",\"@id\":\"https:\\\/\\\/www.escapadarural.com\\\/blog\\\/wp-content\\\/uploads\\\/2024\\\/10\\\/cropped-cropped-escapada-rural-icon-mag-3-96x96.png\",\"url\":\"https:\\\/\\\/www.escapadarural.com\\\/blog\\\/wp-content\\\/uploads\\\/2024\\\/10\\\/cropped-cropped-escapada-rural-icon-mag-3-96x96.png\",\"contentUrl\":\"https:\\\/\\\/www.escapadarural.com\\\/blog\\\/wp-content\\\/uploads\\\/2024\\\/10\\\/cropped-cropped-escapada-rural-icon-mag-3-96x96.png\",\"caption\":\"Redacci\u00f3n ER\"},\"description\":\"Nos encanta inspirar a viajeros y ayudar a los propietarios con nuestros contenidos\",\"url\":\"https:\\\/\\\/www.escapadarural.com\\\/blog\\\/autor\\\/admin\\\/\"}]}<\/script>\n<!-- \/ Yoast SEO plugin. -->","yoast_head_json":{"title":"Itinera Parlem, el festival que acerca la m\u00fasica a los micropueblos - EscapadaRural","robots":{"index":"index","follow":"follow","max-snippet":"max-snippet:-1","max-image-preview":"max-image-preview:large","max-video-preview":"max-video-preview:-1"},"canonical":"https:\/\/www.escapadarural.com\/blog\/festival-itinera-parlem\/","og_locale":"es_ES","og_type":"article","og_title":"Itinera Parlem, el festival que acerca la m\u00fasica a los micropueblos - EscapadaRural","og_description":"Despu\u00e9s del \u00e9xito de anteriores ediciones, el Festival Itinera Parlem vuelve con m\u00e1s de 200 conciertos de m\u00fasica variada en micropueblos de Espa\u00f1a y Europa","og_url":"https:\/\/www.escapadarural.com\/blog\/festival-itinera-parlem\/","og_site_name":"Magazine de viajes de EscapadaRural","article_publisher":"https:\/\/www.facebook.com\/escapadarural","article_published_time":"2023-04-27T07:00:00+00:00","article_modified_time":"2025-08-12T14:01:54+00:00","og_image":[{"width":1024,"height":683,"url":"https:\/\/www.escapadarural.com\/blog\/wp-content\/uploads\/2024\/10\/6_Musica-en-Segura-\u00a9-Oscar-Romero-1024x683-3.jpg?v=1755007315","type":"image\/jpeg"}],"author":"Redacci\u00f3n ER","twitter_card":"summary_large_image","twitter_misc":{"Escrito por":"Redacci\u00f3n ER","Tiempo de lectura":"3 minutos"},"schema":{"@context":"https:\/\/schema.org","@graph":[{"@type":"Article","@id":"https:\/\/www.escapadarural.com\/blog\/festival-itinera-parlem\/#article","isPartOf":{"@id":"https:\/\/www.escapadarural.com\/blog\/festival-itinera-parlem\/"},"author":{"name":"Redacci\u00f3n ER","@id":"https:\/\/www.escapadarural.com\/blog\/#\/schema\/person\/bd5b0d7ad308a0bf4efed73e8308b4fa"},"headline":"Itinera Parlem, el festival que acerca la m\u00fasica a los micropueblos","datePublished":"2023-04-27T07:00:00+00:00","dateModified":"2025-08-12T14:01:54+00:00","mainEntityOfPage":{"@id":"https:\/\/www.escapadarural.com\/blog\/festival-itinera-parlem\/"},"wordCount":663,"commentCount":0,"publisher":{"@id":"https:\/\/www.escapadarural.com\/blog\/#organization"},"image":{"@id":"https:\/\/www.escapadarural.com\/blog\/festival-itinera-parlem\/#primaryimage"},"thumbnailUrl":"https:\/\/www.escapadarural.com\/blog\/wp-content\/uploads\/2024\/10\/6_Musica-en-Segura-\u00a9-Oscar-Romero-1024x683-3.jpg","keywords":["art\u00edculo","Festival","itinera parlem","M\u00fasica"],"articleSection":["Arte y Cultura"],"inLanguage":"es","potentialAction":[{"@type":"CommentAction","name":"Comment","target":["https:\/\/www.escapadarural.com\/blog\/festival-itinera-parlem\/#respond"]}]},{"@type":"WebPage","@id":"https:\/\/www.escapadarural.com\/blog\/festival-itinera-parlem\/","url":"https:\/\/www.escapadarural.com\/blog\/festival-itinera-parlem\/","name":"Itinera Parlem, el festival que acerca la m\u00fasica a los micropueblos - EscapadaRural","isPartOf":{"@id":"https:\/\/www.escapadarural.com\/blog\/#website"},"primaryImageOfPage":{"@id":"https:\/\/www.escapadarural.com\/blog\/festival-itinera-parlem\/#primaryimage"},"image":{"@id":"https:\/\/www.escapadarural.com\/blog\/festival-itinera-parlem\/#primaryimage"},"thumbnailUrl":"https:\/\/www.escapadarural.com\/blog\/wp-content\/uploads\/2024\/10\/6_Musica-en-Segura-\u00a9-Oscar-Romero-1024x683-3.jpg","datePublished":"2023-04-27T07:00:00+00:00","dateModified":"2025-08-12T14:01:54+00:00","breadcrumb":{"@id":"https:\/\/www.escapadarural.com\/blog\/festival-itinera-parlem\/#breadcrumb"},"inLanguage":"es","potentialAction":[{"@type":"ReadAction","target":["https:\/\/www.escapadarural.com\/blog\/festival-itinera-parlem\/"]}]},{"@type":"ImageObject","inLanguage":"es","@id":"https:\/\/www.escapadarural.com\/blog\/festival-itinera-parlem\/#primaryimage","url":"https:\/\/www.escapadarural.com\/blog\/wp-content\/uploads\/2024\/10\/6_Musica-en-Segura-\u00a9-Oscar-Romero-1024x683-3.jpg","contentUrl":"https:\/\/www.escapadarural.com\/blog\/wp-content\/uploads\/2024\/10\/6_Musica-en-Segura-\u00a9-Oscar-Romero-1024x683-3.jpg","width":1024,"height":683,"caption":"Un grupo numeroso de personas se sienta sobre la hierba en un bosque, observando la actuaci\u00f3n de un peque\u00f1o grupo entre altos pinos, con las monta\u00f1as visibles al fondo."},{"@type":"BreadcrumbList","@id":"https:\/\/www.escapadarural.com\/blog\/festival-itinera-parlem\/#breadcrumb","itemListElement":[{"@type":"ListItem","position":1,"name":"Inicio","item":"https:\/\/www.escapadarural.com\/blog\/"},{"@type":"ListItem","position":2,"name":"Arte y Cultura","item":"https:\/\/www.escapadarural.com\/blog\/categoria\/arte-y-cultura\/"},{"@type":"ListItem","position":3,"name":"Itinera Parlem, el festival que acerca la m\u00fasica a los micropueblos"}]},{"@type":"WebSite","@id":"https:\/\/www.escapadarural.com\/blog\/#website","url":"https:\/\/www.escapadarural.com\/blog\/","name":"Blog de viajes | turismo rural, alojamientos e inspiraci\u00f3n","description":"Alojamientos rurales e inspiraci\u00f3n para tus escapadas","publisher":{"@id":"https:\/\/www.escapadarural.com\/blog\/#organization"},"alternateName":"Magazine de viajes de EscapadaRural","potentialAction":[{"@type":"SearchAction","target":{"@type":"EntryPoint","urlTemplate":"https:\/\/www.escapadarural.com\/blog\/?s={search_term_string}"},"query-input":{"@type":"PropertyValueSpecification","valueRequired":true,"valueName":"search_term_string"}}],"inLanguage":"es"},{"@type":"Organization","@id":"https:\/\/www.escapadarural.com\/blog\/#organization","name":"EscapadaRural","url":"https:\/\/www.escapadarural.com\/blog\/","logo":{"@type":"ImageObject","inLanguage":"es","@id":"https:\/\/www.escapadarural.com\/blog\/#\/schema\/logo\/image\/","url":"https:\/\/www.escapadarural.com\/blog\/wp-content\/uploads\/2024\/10\/cropped-cropped-escapada-rural-icon-mag-3.png","contentUrl":"https:\/\/www.escapadarural.com\/blog\/wp-content\/uploads\/2024\/10\/cropped-cropped-escapada-rural-icon-mag-3.png","width":512,"height":512,"caption":"EscapadaRural"},"image":{"@id":"https:\/\/www.escapadarural.com\/blog\/#\/schema\/logo\/image\/"},"sameAs":["https:\/\/www.facebook.com\/escapadarural","https:\/\/www.instagram.com\/escapadarural\/","https:\/\/www.youtube.com\/@escapadaruralcom"]},{"@type":"Person","@id":"https:\/\/www.escapadarural.com\/blog\/#\/schema\/person\/bd5b0d7ad308a0bf4efed73e8308b4fa","name":"Redacci\u00f3n ER","image":{"@type":"ImageObject","inLanguage":"es","@id":"https:\/\/www.escapadarural.com\/blog\/wp-content\/uploads\/2024\/10\/cropped-cropped-escapada-rural-icon-mag-3-96x96.png","url":"https:\/\/www.escapadarural.com\/blog\/wp-content\/uploads\/2024\/10\/cropped-cropped-escapada-rural-icon-mag-3-96x96.png","contentUrl":"https:\/\/www.escapadarural.com\/blog\/wp-content\/uploads\/2024\/10\/cropped-cropped-escapada-rural-icon-mag-3-96x96.png","caption":"Redacci\u00f3n ER"},"description":"Nos encanta inspirar a viajeros y ayudar a los propietarios con nuestros contenidos","url":"https:\/\/www.escapadarural.com\/blog\/autor\/admin\/"}]}},"_links":{"self":[{"href":"https:\/\/www.escapadarural.com\/blog\/wp-json\/wp\/v2\/posts\/61113","targetHints":{"allow":["GET"]}}],"collection":[{"href":"https:\/\/www.escapadarural.com\/blog\/wp-json\/wp\/v2\/posts"}],"about":[{"href":"https:\/\/www.escapadarural.com\/blog\/wp-json\/wp\/v2\/types\/post"}],"author":[{"embeddable":true,"href":"https:\/\/www.escapadarural.com\/blog\/wp-json\/wp\/v2\/users\/85"}],"replies":[{"embeddable":true,"href":"https:\/\/www.escapadarural.com\/blog\/wp-json\/wp\/v2\/comments?post=61113"}],"version-history":[{"count":0,"href":"https:\/\/www.escapadarural.com\/blog\/wp-json\/wp\/v2\/posts\/61113\/revisions"}],"wp:featuredmedia":[{"embeddable":true,"href":"https:\/\/www.escapadarural.com\/blog\/wp-json\/wp\/v2\/media\/100767"}],"wp:attachment":[{"href":"https:\/\/www.escapadarural.com\/blog\/wp-json\/wp\/v2\/media?parent=61113"}],"wp:term":[{"taxonomy":"category","embeddable":true,"href":"https:\/\/www.escapadarural.com\/blog\/wp-json\/wp\/v2\/categories?post=61113"},{"taxonomy":"post_tag","embeddable":true,"href":"https:\/\/www.escapadarural.com\/blog\/wp-json\/wp\/v2\/tags?post=61113"}],"curies":[{"name":"wp","href":"https:\/\/api.w.org\/{rel}","templated":true}]}}