{"id":61118,"date":"2023-05-27T08:00:00","date_gmt":"2023-05-27T07:00:00","guid":{"rendered":"https:\/\/www.escapadarural.com\/blog\/?p=61118"},"modified":"2025-06-26T18:03:33","modified_gmt":"2025-06-26T16:03:33","slug":"placas-stolpersteine-victimas-holocausto","status":"publish","type":"post","link":"https:\/\/www.escapadarural.com\/blog\/placas-stolpersteine-victimas-holocausto\/","title":{"rendered":"Las placas Stolpersteine que recuerdan a v\u00edctimas del Holocausto"},"content":{"rendered":"\n<figure class=\"wp-block-image size-large\"><a href=\"https:\/\/www.escapadarural.com\/blog\/wp-content\/uploads\/3840px-Stolpersteine_de_Angel_Ferrer_de_Sallent-scaled.jpg\"><img decoding=\"async\" src=\"https:\/\/www.escapadarural.com\/blog\/wp-content\/uploads\/2024\/10\/3840px-Stolpersteine_de_Angel_Ferrer_de_Sallent-1024x576-1.jpg\" alt=\"Stolpersteine de Angel Ferrer de Sallent de G\u00e1llego\" class=\"wp-image-62717\"\/><\/a><figcaption class=\"wp-element-caption\">Stolpersteine en Sallent de G\u00e1llego. Por Suso01es <\/figcaption><\/figure>\n\n\n\n<p>Hay un lugar en Le\u00f3n, en Huesca, en C\u00e1ceres\u2026 y en otras muchas provincias; un lugar muy concreto en cuyo suelo se pueden ver placas muy peque\u00f1as (de tan solo 10 cm) que sirven para recordar a las <strong>v\u00edctimas del Holocausto<\/strong>. Son las placas del proyecto <em>Stolpersteine, <\/em>presente en toda Europa y que tambi\u00e9n podemos ver en las calles de muchas localidades espa\u00f1olas.<\/p>\n\n\n\n<p>En los a\u00f1os 90, un artista alem\u00e1n llamado Gunter Demnig cre\u00f3 el <a href=\"https:\/\/es.wikipedia.org\/wiki\/Stolpersteine\" target=\"_blank\" rel=\"noreferrer noopener\">proyecto <em>Stolpersteine<\/em><\/a>, que es una conjunci\u00f3n de historia, arte, recuerdo y activismo. La propia palabra <em>Stolpersteine<\/em> viene a significar algo as\u00ed como piedra-tropiezo, y explica muy bien la idea. El objetivo, en el que lleva m\u00e1s de 30 a\u00f1os trabajando, es colocar <strong>por toda Europa<\/strong> peque\u00f1as placas de bronce recordando a las v\u00edctimas del Holocausto.<\/p>\n\n\n\n<figure class=\"wp-block-image size-large\"><a href=\"https:\/\/www.escapadarural.com\/blog\/wp-content\/uploads\/Stolpersteine_in_Fuenlabrada_Fuenlabrada-scaled.jpg\"><img decoding=\"async\" src=\"https:\/\/www.escapadarural.com\/blog\/wp-content\/uploads\/2024\/10\/Stolpersteine_in_Fuenlabrada_Fuenlabrada-1024x684-1.jpg\" alt=\"Stolpersteine en Fuenlabrada\" class=\"wp-image-62718\"\/><\/a><figcaption class=\"wp-element-caption\">Stolpersteine en Fuenlabrada. Por Christian Michelides<\/figcaption><\/figure>\n\n\n\n<p>Cada placa es un peque\u00f1o bloque c\u00fabico de cemento de 10 cent\u00edmetros de lado que tiene una placa de bronce en un lado en la que est\u00e1 grabado el nombre de la v\u00edctima, su fecha de nacimiento, la fecha de su deportaci\u00f3n o <strong>env\u00edo a un campo de exterminio<\/strong> y la fecha de su muerte, salvo en alguna excepci\u00f3n. Estos datos b\u00e1sicos se completan con otros seg\u00fan el caso. Y esto \u00faltimo es importante porque cada uno de ellos es tratado como un caso \u00fanico, lo que da mucho m\u00e1s valor a esa acci\u00f3n de recuerdo de la v\u00edctima.<\/p>\n\n\n\n<h2 class=\"wp-block-heading\" id=\"h-las-placas-estan-hechas-a-mano-y-son-individuales\">Las placas est\u00e1n hechas a mano y son individuales<\/h2>\n\n\n\n<figure class=\"wp-block-image size-large\"><a href=\"https:\/\/www.escapadarural.com\/blog\/wp-content\/uploads\/Remembrance_Stone_in_Palma_Palma-scaled.jpg\"><img decoding=\"async\" src=\"https:\/\/www.escapadarural.com\/blog\/wp-content\/uploads\/2024\/10\/Remembrance_Stone_in_Palma_Palma-1024x684-1.jpg\" alt=\"Stolpersteine en Palma. \" class=\"wp-image-62719\"\/><\/a><figcaption class=\"wp-element-caption\">Stolpersteine en Palma. Por Christian Michelides<\/figcaption><\/figure>\n\n\n\n<p>En este sentido, las placas se hacen una a una, a mano, usando para grabar los datos un martillo y algo as\u00ed como los tipos m\u00f3viles de las imprentas antiguas. Esta individualizaci\u00f3n es tambi\u00e9n una contraposici\u00f3n con la forma en la que murieron los recordados, siendo s\u00f3lo uno m\u00e1s asesinado de modo industrial. La primera vez que se instala una <em>Stolpersteine<\/em> en una localidad lo hace el propio creador de proyecto, Gunter Demnig. Posteriormente ya se puede hacer sin su presencia.<\/p>\n\n\n\n<p>Las placas suelen estar en la acera, como si fuera un adoqu\u00edn m\u00e1s, habitualmente <strong>ante la \u00faltima vivienda de la v\u00edctima<\/strong>, o donde naci\u00f3, trabaj\u00f3&#8230; Se entierra el adoqu\u00edn, esos 10 cent\u00edmetros, a la profundidad adecuada para dejar el cemento justo a ras del suelo y que, por lo tanto, lo \u00fanico que sobresalga de ese nivel sea la propia placa. As\u00ed hay una posibilidad de que uno tropiece con ella y tenga que mirar hacia el suelo. Y lea qu\u00e9 pone y durante un momento recuerde o piense en la v\u00edctima. Es una idea poderosa, en mi opini\u00f3n.<\/p>\n\n\n\n<figure class=\"wp-block-image size-large\"><a href=\"https:\/\/www.escapadarural.com\/blog\/wp-content\/uploads\/Stolpersteine-1-scaled.jpg\"><img decoding=\"async\" src=\"https:\/\/www.escapadarural.com\/blog\/wp-content\/uploads\/2024\/10\/Stolpersteine-1-1024x697-1.jpg\" alt=\"Stolpersteine\" class=\"wp-image-62726\"\/><\/a><figcaption class=\"wp-element-caption\">Stolpersteine. Por artfocus<\/figcaption><\/figure>\n\n\n\n<p>Hay <strong>m\u00e1s de 75.000 de estas placas por toda Europa<\/strong>, y dado que Espa\u00f1a fue un pa\u00eds colaborador del nazismo, tambi\u00e9n hay unas cuantas v\u00edctimas del Holocausto cuya \u00faltima residencia en libertad estuvo en nuestro pa\u00eds. Esto hace que el proyecto haya llegado a Espa\u00f1a hace unos a\u00f1os y haya unas cuantas placas <em>Stolpersteine<\/em> por nuestras calles.<\/p>\n\n\n\n<h2 class=\"wp-block-heading\" id=\"h-localidades-que-tienen-en-sus-calles-placas-del-proyecto-stolpersteine\">Localidades que tienen en sus calles placas del proyecto <em>Stolpersteine<\/em><\/h2>\n\n\n\n<figure class=\"wp-block-image size-large\"><img decoding=\"async\" src=\"https:\/\/www.escapadarural.com\/blog\/wp-content\/uploads\/2024\/10\/Stolpersteine-1024x683-1.jpg\" alt=\"Stolpersteine\" class=\"wp-image-62723\"\/><figcaption class=\"wp-element-caption\">Stolpersteine. Por NICOLA<\/figcaption><\/figure>\n\n\n\n<p>El concreto hay cerca de <strong>500 <em>Stolpersteine<\/em> repartidas<\/strong> por decenas de localidades espa\u00f1olas. Como es l\u00f3gico por volumen de poblaci\u00f3n, en algunas localidades grandes se concentran varias placas, como Madrid, Zamora, Soria, Manresa, L\u00e9rida o Sabadell. Este \u00faltimo tiene el <strong>mayor n\u00famero de placas en Espa\u00f1a<\/strong>, con m\u00e1s de 60. Pero no se detiene ah\u00ed, sino que tambi\u00e9n las hay en localidades mucho m\u00e1s peque\u00f1as. Aqu\u00ed van algunos lugares en los que se pueden ver <em>Stolpersteine<\/em> en Espa\u00f1a:<\/p>\n\n\n\n<ul class=\"wp-block-list\">\n<li>Navas, en Barcelona, fue el pionero, el primer lugar en Espa\u00f1a en unirse al proyecto <em>Stolpersteine<\/em>. Por supuesto, Demnig estuvo presente. En concreto se instalaron en la plaza del Ayuntamiento cuatro placas. Recordaban a Antoni Barber\u00e0 Pla, Esteve Flotats Caus, Jaume Obradors Gr\u00edfol y Ramon Sala Besa, que hab\u00eda sido alcalde de la localidad. A estas cuatro se sum\u00f3 una m\u00e1s, en otra localizaci\u00f3n, en memoria de Josep Soler Torrens.<\/li>\n<\/ul>\n\n\n\n<ul class=\"wp-block-list\">\n<li>Las islas de Mallorca y Menorca fueron tambi\u00e9n de los primeros lugares donde se instalaron placas en Espa\u00f1a por parte de Demnig. Fue en diciembre de 2018 y est\u00e1n en Palma de Mallorca, Ciutadella, Inca, Soller y Esporles.<\/li>\n<\/ul>\n\n\n\n<ul class=\"wp-block-list\">\n<li>Jerez de la Frontera es otra de las ciudades con varias placas. En concreto, tiene cinco <em>Stolpersteine<\/em> instaladas en sus calles. Por ejemplo, en la calle Molineros o en la plaza del Arenal, uno puede tropezarse, nunca mejor dicho, con estas placas.<\/li>\n<\/ul>\n\n\n\n<ul class=\"wp-block-list\">\n<li>Ponferrada recuerda a varias deportados a Gusen, Mauthausen y Buchenwald en la plaza del Ayuntamiento. Aunque los recordados nacieron en varias localidades del entorno berciano, como Villafranca del Bierzo, Tejedo de Ancares o Albares de la Ribera, entre otras.<\/li>\n<\/ul>\n\n\n\n<ul class=\"wp-block-list\">\n<li>Sallent de G\u00e1llego, en Huesca, tiene una placa en recuerdo de uno de sus vecinos, \u00c1ngel Ojer, que fue deportado y acab\u00f3 sus d\u00edas en el campo de Mauthausen.<\/li>\n<\/ul>\n\n\n\n<ul class=\"wp-block-list\">\n<li>En La Granja de San Ildefonso, en Segovia, hay dos <em>Stolpersteine<\/em>. Una en la puerta del Parador Nacional, recordando a Pedro Carrillo P\u00e9rez, ya que ah\u00ed ten\u00eda su casa. Por suerte, Pedro Carrillo estaba a\u00fan con vida cuando el campo en el que estaba prisionero fue liberado por los aliados. La otra placa est\u00e1 en la calle R\u00eda Alta, ante la que era la casa de Andr\u00e9s Velasco Moreno.<\/li>\n<\/ul>\n\n\n\n<ul class=\"wp-block-list\">\n<li>En Navalmoral de la Mata, en C\u00e1ceres, se recuerda con una placa frente al IES Albalat a Santiago Gonz\u00e1lez Mart\u00edn, asesinado en Mauthausen. Es un caso excepcional, ya que no hay datos concretos sobre la vivienda de la v\u00edctima y se opt\u00f3 por la instalaci\u00f3n cerca del centro educativo. Dado que este caso se impuls\u00f3 desde el AMPA de este centro, se coloc\u00f3 ante \u00e9l, lo que tambi\u00e9n redunda en que los j\u00f3venes tengan esa referencia cerca durante su formaci\u00f3n.<\/li>\n\n\n\n<li>En Ciempozuelos, Madrid, se recuerda a Agust\u00edn Barrios Ortiz, deportado a Mauthausen en 1941, y que muri\u00f3 ese mismo a\u00f1o en Gusen.<\/li>\n<\/ul>\n\n\n\n<ul class=\"wp-block-list\">\n<li>C\u00e1rtama, en M\u00e1laga, recuerda a tres de sus vecinos que murieron en Mauthausen.<\/li>\n<\/ul>\n\n\n\n<figure class=\"wp-block-image size-large\"><a href=\"https:\/\/www.escapadarural.com\/blog\/wp-content\/uploads\/Stolperstein_in_Ciudad_Real_2_Ciudad_Real-scaled.jpg\"><img decoding=\"async\" src=\"https:\/\/www.escapadarural.com\/blog\/wp-content\/uploads\/2024\/10\/Stolperstein_in_Ciudad_Real_2_Ciudad_Real-1024x684-1.jpg\" alt=\"Stolpersteine en Ciudad Real\" class=\"wp-image-62725\"\/><\/a><figcaption class=\"wp-element-caption\">Stolpersteine en Ciudad Real. Por Christian Michelides<\/figcaption><\/figure>\n\n\n\n<p>La lista de lugares en los que uno puede tropezar con uno de estos recueros por las calles espa\u00f1olas es larga y a\u00fan as\u00ed incompleta. Aunque Espa\u00f1a no particip\u00f3 directamente en la Segunda Guerra Mundial, es obvio que la guerra y especialmente el Holocausto s\u00ed alcanzaron a algunos espa\u00f1oles en su propia tierra, llev\u00e1ndolos al otro extremo de Europa para morir. Nunca est\u00e1 de m\u00e1s pararse un momento y pensar en ello.<\/p>\n","protected":false},"excerpt":{"rendered":"<p>El proyecto Stolpersteine fue creado en los a\u00f1os 90 por el alem\u00e1n Gunter Demnig, quien dise\u00f1\u00f3 peque\u00f1as plazas de bronce en recuerdo de las v\u00edctimas del Holocausto y que hoy est\u00e1n repartidas por toda Europa. <\/p>\n","protected":false},"author":149,"featured_media":97725,"comment_status":"open","ping_status":"open","sticky":false,"template":"","format":"standard","meta":{"_acf_changed":false,"om_disable_all_campaigns":false,"footnotes":""},"categories":[231],"tags":[260,440,5155,5156,4062,5157],"class_list":["post-61118","post","type-post","status-publish","format-standard","has-post-thumbnail","hentry","category-arte-y-cultura","tag-articulo","tag-historias-y-curiosidades","tag-holocausto","tag-memoria","tag-segunda-guerra-mundial","tag-stolpersteine"],"acf":[],"featured_image_src":"https:\/\/www.escapadarural.com\/blog\/wp-content\/uploads\/2024\/10\/3840px-Stolpersteine_de_Angel_Ferrer_de_Sallent-1024x576-1.jpg","author_info":{"display_name":"Manuel Jes\u00fas Prieto","author_link":"https:\/\/www.escapadarural.com\/blog\/autor\/manuel\/"},"yoast_head":"<!-- This site is optimized with the Yoast SEO plugin v27.5 - https:\/\/yoast.com\/product\/yoast-seo-wordpress\/ -->\n<title>Las placas Stolpersteine que recuerdan a v\u00edctimas del Holocausto - EscapadaRural<\/title>\n<meta name=\"robots\" content=\"index, follow, max-snippet:-1, max-image-preview:large, max-video-preview:-1\" \/>\n<link rel=\"canonical\" href=\"https:\/\/www.escapadarural.com\/blog\/placas-stolpersteine-victimas-holocausto\/\" \/>\n<meta property=\"og:locale\" content=\"es_ES\" \/>\n<meta property=\"og:type\" content=\"article\" \/>\n<meta property=\"og:title\" content=\"Las placas Stolpersteine que recuerdan a v\u00edctimas del Holocausto - EscapadaRural\" \/>\n<meta property=\"og:description\" content=\"El proyecto Stolpersteine fue creado en los a\u00f1os 90 por el alem\u00e1n Gunter Demnig, quien dise\u00f1\u00f3 peque\u00f1as plazas de bronce en recuerdo de las v\u00edctimas del Holocausto y que hoy est\u00e1n repartidas por toda Europa.\" \/>\n<meta property=\"og:url\" content=\"https:\/\/www.escapadarural.com\/blog\/placas-stolpersteine-victimas-holocausto\/\" \/>\n<meta property=\"og:site_name\" content=\"Magazine de viajes de EscapadaRural\" \/>\n<meta property=\"article:publisher\" content=\"https:\/\/www.facebook.com\/escapadarural\" \/>\n<meta property=\"article:published_time\" content=\"2023-05-27T07:00:00+00:00\" \/>\n<meta property=\"article:modified_time\" content=\"2025-06-26T16:03:33+00:00\" \/>\n<meta property=\"og:image\" content=\"https:\/\/www.escapadarural.com\/blog\/wp-content\/uploads\/2024\/10\/3840px-Stolpersteine_de_Angel_Ferrer_de_Sallent-1024x576-1.jpg?v=1750953814\" \/>\n\t<meta property=\"og:image:width\" content=\"1024\" \/>\n\t<meta property=\"og:image:height\" content=\"576\" \/>\n\t<meta property=\"og:image:type\" content=\"image\/jpeg\" \/>\n<meta name=\"author\" content=\"Manuel Jes\u00fas Prieto\" \/>\n<meta name=\"twitter:card\" content=\"summary_large_image\" \/>\n<meta name=\"twitter:label1\" content=\"Escrito por\" \/>\n\t<meta name=\"twitter:data1\" content=\"Manuel Jes\u00fas Prieto\" \/>\n\t<meta name=\"twitter:label2\" content=\"Tiempo de lectura\" \/>\n\t<meta name=\"twitter:data2\" content=\"6 minutos\" \/>\n<script type=\"application\/ld+json\" class=\"yoast-schema-graph\">{\"@context\":\"https:\\\/\\\/schema.org\",\"@graph\":[{\"@type\":\"Article\",\"@id\":\"https:\\\/\\\/www.escapadarural.com\\\/blog\\\/placas-stolpersteine-victimas-holocausto\\\/#article\",\"isPartOf\":{\"@id\":\"https:\\\/\\\/www.escapadarural.com\\\/blog\\\/placas-stolpersteine-victimas-holocausto\\\/\"},\"author\":{\"name\":\"Manuel Jes\u00fas Prieto\",\"@id\":\"https:\\\/\\\/www.escapadarural.com\\\/blog\\\/#\\\/schema\\\/person\\\/4065dfd21d15120c54fb2ac942df5353\"},\"headline\":\"Las placas Stolpersteine que recuerdan a v\u00edctimas del Holocausto\",\"datePublished\":\"2023-05-27T07:00:00+00:00\",\"dateModified\":\"2025-06-26T16:03:33+00:00\",\"mainEntityOfPage\":{\"@id\":\"https:\\\/\\\/www.escapadarural.com\\\/blog\\\/placas-stolpersteine-victimas-holocausto\\\/\"},\"wordCount\":1162,\"commentCount\":0,\"publisher\":{\"@id\":\"https:\\\/\\\/www.escapadarural.com\\\/blog\\\/#organization\"},\"image\":{\"@id\":\"https:\\\/\\\/www.escapadarural.com\\\/blog\\\/placas-stolpersteine-victimas-holocausto\\\/#primaryimage\"},\"thumbnailUrl\":\"https:\\\/\\\/www.escapadarural.com\\\/blog\\\/wp-content\\\/uploads\\\/2024\\\/10\\\/3840px-Stolpersteine_de_Angel_Ferrer_de_Sallent-1024x576-1.jpg\",\"keywords\":[\"art\u00edculo\",\"Historias y Curiosidades\",\"Holocausto\",\"Memoria\",\"Segunda Guerra Mundial\",\"Stolpersteine\"],\"articleSection\":[\"Arte y Cultura\"],\"inLanguage\":\"es\",\"potentialAction\":[{\"@type\":\"CommentAction\",\"name\":\"Comment\",\"target\":[\"https:\\\/\\\/www.escapadarural.com\\\/blog\\\/placas-stolpersteine-victimas-holocausto\\\/#respond\"]}]},{\"@type\":\"WebPage\",\"@id\":\"https:\\\/\\\/www.escapadarural.com\\\/blog\\\/placas-stolpersteine-victimas-holocausto\\\/\",\"url\":\"https:\\\/\\\/www.escapadarural.com\\\/blog\\\/placas-stolpersteine-victimas-holocausto\\\/\",\"name\":\"Las placas Stolpersteine que recuerdan a v\u00edctimas del Holocausto - EscapadaRural\",\"isPartOf\":{\"@id\":\"https:\\\/\\\/www.escapadarural.com\\\/blog\\\/#website\"},\"primaryImageOfPage\":{\"@id\":\"https:\\\/\\\/www.escapadarural.com\\\/blog\\\/placas-stolpersteine-victimas-holocausto\\\/#primaryimage\"},\"image\":{\"@id\":\"https:\\\/\\\/www.escapadarural.com\\\/blog\\\/placas-stolpersteine-victimas-holocausto\\\/#primaryimage\"},\"thumbnailUrl\":\"https:\\\/\\\/www.escapadarural.com\\\/blog\\\/wp-content\\\/uploads\\\/2024\\\/10\\\/3840px-Stolpersteine_de_Angel_Ferrer_de_Sallent-1024x576-1.jpg\",\"datePublished\":\"2023-05-27T07:00:00+00:00\",\"dateModified\":\"2025-06-26T16:03:33+00:00\",\"breadcrumb\":{\"@id\":\"https:\\\/\\\/www.escapadarural.com\\\/blog\\\/placas-stolpersteine-victimas-holocausto\\\/#breadcrumb\"},\"inLanguage\":\"es\",\"potentialAction\":[{\"@type\":\"ReadAction\",\"target\":[\"https:\\\/\\\/www.escapadarural.com\\\/blog\\\/placas-stolpersteine-victimas-holocausto\\\/\"]}]},{\"@type\":\"ImageObject\",\"inLanguage\":\"es\",\"@id\":\"https:\\\/\\\/www.escapadarural.com\\\/blog\\\/placas-stolpersteine-victimas-holocausto\\\/#primaryimage\",\"url\":\"https:\\\/\\\/www.escapadarural.com\\\/blog\\\/wp-content\\\/uploads\\\/2024\\\/10\\\/3840px-Stolpersteine_de_Angel_Ferrer_de_Sallent-1024x576-1.jpg\",\"contentUrl\":\"https:\\\/\\\/www.escapadarural.com\\\/blog\\\/wp-content\\\/uploads\\\/2024\\\/10\\\/3840px-Stolpersteine_de_Angel_Ferrer_de_Sallent-1024x576-1.jpg\",\"width\":1024,\"height\":576,\"caption\":\"Una placa conmemorativa colocada en hormig\u00f3n rinde homenaje a \u00c1ngel Ojeda Buiza, se\u00f1alando su nacimiento en Salient de Calleo y su muerte en Mauthausen en 1942. Cerca de la placa hay flores. La luz del sol ilumina parcialmente la placa.\"},{\"@type\":\"BreadcrumbList\",\"@id\":\"https:\\\/\\\/www.escapadarural.com\\\/blog\\\/placas-stolpersteine-victimas-holocausto\\\/#breadcrumb\",\"itemListElement\":[{\"@type\":\"ListItem\",\"position\":1,\"name\":\"Inicio\",\"item\":\"https:\\\/\\\/www.escapadarural.com\\\/blog\\\/\"},{\"@type\":\"ListItem\",\"position\":2,\"name\":\"Arte y Cultura\",\"item\":\"https:\\\/\\\/www.escapadarural.com\\\/blog\\\/categoria\\\/arte-y-cultura\\\/\"},{\"@type\":\"ListItem\",\"position\":3,\"name\":\"Las placas Stolpersteine que recuerdan a v\u00edctimas del Holocausto\"}]},{\"@type\":\"WebSite\",\"@id\":\"https:\\\/\\\/www.escapadarural.com\\\/blog\\\/#website\",\"url\":\"https:\\\/\\\/www.escapadarural.com\\\/blog\\\/\",\"name\":\"Blog de viajes | turismo rural, alojamientos e inspiraci\u00f3n\",\"description\":\"Alojamientos rurales e inspiraci\u00f3n para tus escapadas\",\"publisher\":{\"@id\":\"https:\\\/\\\/www.escapadarural.com\\\/blog\\\/#organization\"},\"alternateName\":\"Magazine de viajes de EscapadaRural\",\"potentialAction\":[{\"@type\":\"SearchAction\",\"target\":{\"@type\":\"EntryPoint\",\"urlTemplate\":\"https:\\\/\\\/www.escapadarural.com\\\/blog\\\/?s={search_term_string}\"},\"query-input\":{\"@type\":\"PropertyValueSpecification\",\"valueRequired\":true,\"valueName\":\"search_term_string\"}}],\"inLanguage\":\"es\"},{\"@type\":\"Organization\",\"@id\":\"https:\\\/\\\/www.escapadarural.com\\\/blog\\\/#organization\",\"name\":\"EscapadaRural\",\"url\":\"https:\\\/\\\/www.escapadarural.com\\\/blog\\\/\",\"logo\":{\"@type\":\"ImageObject\",\"inLanguage\":\"es\",\"@id\":\"https:\\\/\\\/www.escapadarural.com\\\/blog\\\/#\\\/schema\\\/logo\\\/image\\\/\",\"url\":\"https:\\\/\\\/www.escapadarural.com\\\/blog\\\/wp-content\\\/uploads\\\/2024\\\/10\\\/cropped-cropped-escapada-rural-icon-mag-3.png\",\"contentUrl\":\"https:\\\/\\\/www.escapadarural.com\\\/blog\\\/wp-content\\\/uploads\\\/2024\\\/10\\\/cropped-cropped-escapada-rural-icon-mag-3.png\",\"width\":512,\"height\":512,\"caption\":\"EscapadaRural\"},\"image\":{\"@id\":\"https:\\\/\\\/www.escapadarural.com\\\/blog\\\/#\\\/schema\\\/logo\\\/image\\\/\"},\"sameAs\":[\"https:\\\/\\\/www.facebook.com\\\/escapadarural\",\"https:\\\/\\\/www.instagram.com\\\/escapadarural\\\/\",\"https:\\\/\\\/www.youtube.com\\\/@escapadaruralcom\"]},{\"@type\":\"Person\",\"@id\":\"https:\\\/\\\/www.escapadarural.com\\\/blog\\\/#\\\/schema\\\/person\\\/4065dfd21d15120c54fb2ac942df5353\",\"name\":\"Manuel Jes\u00fas Prieto\",\"image\":{\"@type\":\"ImageObject\",\"inLanguage\":\"es\",\"@id\":\"https:\\\/\\\/secure.gravatar.com\\\/avatar\\\/37b0a60089415adf7fccf5a36cbba1736d8f005f236f1e2dde1c27f78214b0f9?s=96&d=mm&r=g\",\"url\":\"https:\\\/\\\/secure.gravatar.com\\\/avatar\\\/37b0a60089415adf7fccf5a36cbba1736d8f005f236f1e2dde1c27f78214b0f9?s=96&d=mm&r=g\",\"contentUrl\":\"https:\\\/\\\/secure.gravatar.com\\\/avatar\\\/37b0a60089415adf7fccf5a36cbba1736d8f005f236f1e2dde1c27f78214b0f9?s=96&d=mm&r=g\",\"caption\":\"Manuel Jes\u00fas Prieto\"},\"url\":\"https:\\\/\\\/www.escapadarural.com\\\/blog\\\/autor\\\/manuel\\\/\"}]}<\/script>\n<!-- \/ Yoast SEO plugin. -->","yoast_head_json":{"title":"Las placas Stolpersteine que recuerdan a v\u00edctimas del Holocausto - EscapadaRural","robots":{"index":"index","follow":"follow","max-snippet":"max-snippet:-1","max-image-preview":"max-image-preview:large","max-video-preview":"max-video-preview:-1"},"canonical":"https:\/\/www.escapadarural.com\/blog\/placas-stolpersteine-victimas-holocausto\/","og_locale":"es_ES","og_type":"article","og_title":"Las placas Stolpersteine que recuerdan a v\u00edctimas del Holocausto - EscapadaRural","og_description":"El proyecto Stolpersteine fue creado en los a\u00f1os 90 por el alem\u00e1n Gunter Demnig, quien dise\u00f1\u00f3 peque\u00f1as plazas de bronce en recuerdo de las v\u00edctimas del Holocausto y que hoy est\u00e1n repartidas por toda Europa.","og_url":"https:\/\/www.escapadarural.com\/blog\/placas-stolpersteine-victimas-holocausto\/","og_site_name":"Magazine de viajes de EscapadaRural","article_publisher":"https:\/\/www.facebook.com\/escapadarural","article_published_time":"2023-05-27T07:00:00+00:00","article_modified_time":"2025-06-26T16:03:33+00:00","og_image":[{"width":1024,"height":576,"url":"https:\/\/www.escapadarural.com\/blog\/wp-content\/uploads\/2024\/10\/3840px-Stolpersteine_de_Angel_Ferrer_de_Sallent-1024x576-1.jpg?v=1750953814","type":"image\/jpeg"}],"author":"Manuel Jes\u00fas Prieto","twitter_card":"summary_large_image","twitter_misc":{"Escrito por":"Manuel Jes\u00fas Prieto","Tiempo de lectura":"6 minutos"},"schema":{"@context":"https:\/\/schema.org","@graph":[{"@type":"Article","@id":"https:\/\/www.escapadarural.com\/blog\/placas-stolpersteine-victimas-holocausto\/#article","isPartOf":{"@id":"https:\/\/www.escapadarural.com\/blog\/placas-stolpersteine-victimas-holocausto\/"},"author":{"name":"Manuel Jes\u00fas Prieto","@id":"https:\/\/www.escapadarural.com\/blog\/#\/schema\/person\/4065dfd21d15120c54fb2ac942df5353"},"headline":"Las placas Stolpersteine que recuerdan a v\u00edctimas del Holocausto","datePublished":"2023-05-27T07:00:00+00:00","dateModified":"2025-06-26T16:03:33+00:00","mainEntityOfPage":{"@id":"https:\/\/www.escapadarural.com\/blog\/placas-stolpersteine-victimas-holocausto\/"},"wordCount":1162,"commentCount":0,"publisher":{"@id":"https:\/\/www.escapadarural.com\/blog\/#organization"},"image":{"@id":"https:\/\/www.escapadarural.com\/blog\/placas-stolpersteine-victimas-holocausto\/#primaryimage"},"thumbnailUrl":"https:\/\/www.escapadarural.com\/blog\/wp-content\/uploads\/2024\/10\/3840px-Stolpersteine_de_Angel_Ferrer_de_Sallent-1024x576-1.jpg","keywords":["art\u00edculo","Historias y Curiosidades","Holocausto","Memoria","Segunda Guerra Mundial","Stolpersteine"],"articleSection":["Arte y Cultura"],"inLanguage":"es","potentialAction":[{"@type":"CommentAction","name":"Comment","target":["https:\/\/www.escapadarural.com\/blog\/placas-stolpersteine-victimas-holocausto\/#respond"]}]},{"@type":"WebPage","@id":"https:\/\/www.escapadarural.com\/blog\/placas-stolpersteine-victimas-holocausto\/","url":"https:\/\/www.escapadarural.com\/blog\/placas-stolpersteine-victimas-holocausto\/","name":"Las placas Stolpersteine que recuerdan a v\u00edctimas del Holocausto - EscapadaRural","isPartOf":{"@id":"https:\/\/www.escapadarural.com\/blog\/#website"},"primaryImageOfPage":{"@id":"https:\/\/www.escapadarural.com\/blog\/placas-stolpersteine-victimas-holocausto\/#primaryimage"},"image":{"@id":"https:\/\/www.escapadarural.com\/blog\/placas-stolpersteine-victimas-holocausto\/#primaryimage"},"thumbnailUrl":"https:\/\/www.escapadarural.com\/blog\/wp-content\/uploads\/2024\/10\/3840px-Stolpersteine_de_Angel_Ferrer_de_Sallent-1024x576-1.jpg","datePublished":"2023-05-27T07:00:00+00:00","dateModified":"2025-06-26T16:03:33+00:00","breadcrumb":{"@id":"https:\/\/www.escapadarural.com\/blog\/placas-stolpersteine-victimas-holocausto\/#breadcrumb"},"inLanguage":"es","potentialAction":[{"@type":"ReadAction","target":["https:\/\/www.escapadarural.com\/blog\/placas-stolpersteine-victimas-holocausto\/"]}]},{"@type":"ImageObject","inLanguage":"es","@id":"https:\/\/www.escapadarural.com\/blog\/placas-stolpersteine-victimas-holocausto\/#primaryimage","url":"https:\/\/www.escapadarural.com\/blog\/wp-content\/uploads\/2024\/10\/3840px-Stolpersteine_de_Angel_Ferrer_de_Sallent-1024x576-1.jpg","contentUrl":"https:\/\/www.escapadarural.com\/blog\/wp-content\/uploads\/2024\/10\/3840px-Stolpersteine_de_Angel_Ferrer_de_Sallent-1024x576-1.jpg","width":1024,"height":576,"caption":"Una placa conmemorativa colocada en hormig\u00f3n rinde homenaje a \u00c1ngel Ojeda Buiza, se\u00f1alando su nacimiento en Salient de Calleo y su muerte en Mauthausen en 1942. Cerca de la placa hay flores. La luz del sol ilumina parcialmente la placa."},{"@type":"BreadcrumbList","@id":"https:\/\/www.escapadarural.com\/blog\/placas-stolpersteine-victimas-holocausto\/#breadcrumb","itemListElement":[{"@type":"ListItem","position":1,"name":"Inicio","item":"https:\/\/www.escapadarural.com\/blog\/"},{"@type":"ListItem","position":2,"name":"Arte y Cultura","item":"https:\/\/www.escapadarural.com\/blog\/categoria\/arte-y-cultura\/"},{"@type":"ListItem","position":3,"name":"Las placas Stolpersteine que recuerdan a v\u00edctimas del Holocausto"}]},{"@type":"WebSite","@id":"https:\/\/www.escapadarural.com\/blog\/#website","url":"https:\/\/www.escapadarural.com\/blog\/","name":"Blog de viajes | turismo rural, alojamientos e inspiraci\u00f3n","description":"Alojamientos rurales e inspiraci\u00f3n para tus escapadas","publisher":{"@id":"https:\/\/www.escapadarural.com\/blog\/#organization"},"alternateName":"Magazine de viajes de EscapadaRural","potentialAction":[{"@type":"SearchAction","target":{"@type":"EntryPoint","urlTemplate":"https:\/\/www.escapadarural.com\/blog\/?s={search_term_string}"},"query-input":{"@type":"PropertyValueSpecification","valueRequired":true,"valueName":"search_term_string"}}],"inLanguage":"es"},{"@type":"Organization","@id":"https:\/\/www.escapadarural.com\/blog\/#organization","name":"EscapadaRural","url":"https:\/\/www.escapadarural.com\/blog\/","logo":{"@type":"ImageObject","inLanguage":"es","@id":"https:\/\/www.escapadarural.com\/blog\/#\/schema\/logo\/image\/","url":"https:\/\/www.escapadarural.com\/blog\/wp-content\/uploads\/2024\/10\/cropped-cropped-escapada-rural-icon-mag-3.png","contentUrl":"https:\/\/www.escapadarural.com\/blog\/wp-content\/uploads\/2024\/10\/cropped-cropped-escapada-rural-icon-mag-3.png","width":512,"height":512,"caption":"EscapadaRural"},"image":{"@id":"https:\/\/www.escapadarural.com\/blog\/#\/schema\/logo\/image\/"},"sameAs":["https:\/\/www.facebook.com\/escapadarural","https:\/\/www.instagram.com\/escapadarural\/","https:\/\/www.youtube.com\/@escapadaruralcom"]},{"@type":"Person","@id":"https:\/\/www.escapadarural.com\/blog\/#\/schema\/person\/4065dfd21d15120c54fb2ac942df5353","name":"Manuel Jes\u00fas Prieto","image":{"@type":"ImageObject","inLanguage":"es","@id":"https:\/\/secure.gravatar.com\/avatar\/37b0a60089415adf7fccf5a36cbba1736d8f005f236f1e2dde1c27f78214b0f9?s=96&d=mm&r=g","url":"https:\/\/secure.gravatar.com\/avatar\/37b0a60089415adf7fccf5a36cbba1736d8f005f236f1e2dde1c27f78214b0f9?s=96&d=mm&r=g","contentUrl":"https:\/\/secure.gravatar.com\/avatar\/37b0a60089415adf7fccf5a36cbba1736d8f005f236f1e2dde1c27f78214b0f9?s=96&d=mm&r=g","caption":"Manuel Jes\u00fas Prieto"},"url":"https:\/\/www.escapadarural.com\/blog\/autor\/manuel\/"}]}},"_links":{"self":[{"href":"https:\/\/www.escapadarural.com\/blog\/wp-json\/wp\/v2\/posts\/61118","targetHints":{"allow":["GET"]}}],"collection":[{"href":"https:\/\/www.escapadarural.com\/blog\/wp-json\/wp\/v2\/posts"}],"about":[{"href":"https:\/\/www.escapadarural.com\/blog\/wp-json\/wp\/v2\/types\/post"}],"author":[{"embeddable":true,"href":"https:\/\/www.escapadarural.com\/blog\/wp-json\/wp\/v2\/users\/149"}],"replies":[{"embeddable":true,"href":"https:\/\/www.escapadarural.com\/blog\/wp-json\/wp\/v2\/comments?post=61118"}],"version-history":[{"count":0,"href":"https:\/\/www.escapadarural.com\/blog\/wp-json\/wp\/v2\/posts\/61118\/revisions"}],"wp:featuredmedia":[{"embeddable":true,"href":"https:\/\/www.escapadarural.com\/blog\/wp-json\/wp\/v2\/media\/97725"}],"wp:attachment":[{"href":"https:\/\/www.escapadarural.com\/blog\/wp-json\/wp\/v2\/media?parent=61118"}],"wp:term":[{"taxonomy":"category","embeddable":true,"href":"https:\/\/www.escapadarural.com\/blog\/wp-json\/wp\/v2\/categories?post=61118"},{"taxonomy":"post_tag","embeddable":true,"href":"https:\/\/www.escapadarural.com\/blog\/wp-json\/wp\/v2\/tags?post=61118"}],"curies":[{"name":"wp","href":"https:\/\/api.w.org\/{rel}","templated":true}]}}