{"id":61154,"date":"2023-05-01T10:52:00","date_gmt":"2023-05-01T09:52:00","guid":{"rendered":"https:\/\/www.escapadarural.com\/blog\/?p=61154"},"modified":"2026-02-05T14:17:57","modified_gmt":"2026-02-05T13:17:57","slug":"ruta-valle-de-cabuerniga-cantabria","status":"publish","type":"post","link":"https:\/\/www.escapadarural.com\/blog\/ruta-valle-de-cabuerniga-cantabria\/","title":{"rendered":"Hadas, r\u00edos y secuoyas gigantes en el valle de Cabu\u00e9rniga"},"content":{"rendered":"\n<p>Est\u00e1 all\u00ed, en el mismo coraz\u00f3n de Cantabria.<a href=\"https:\/\/www.escapadarural.com\/casas-rurales\/valle-de-cabuerniga\" target=\"_blank\" rel=\"noreferrer noopener\"> Valle de Cabu\u00e9rniga<\/a>, le dicen, y es aliento verde con motitas de color gris y un borr\u00f3n de plata discurriendo hacia la mar. Est\u00e1 all\u00ed, claro, y late entre nieblas y heladas. Est\u00e1 all\u00ed, el Valle.<\/p>\n\n\n\n<h2 class=\"wp-block-heading\" id=\"h-sobre-hadas-buenas-y-ogros-malos\"><strong>Sobre hadas buenas y ogros malos<\/strong><\/h2>\n\n\n\n<figure class=\"wp-block-image size-full\"><img loading=\"lazy\" decoding=\"async\" width=\"1024\" height=\"682\" src=\"https:\/\/www.escapadarural.com\/blog\/wp-content\/uploads\/2023\/05\/cabuerniga-1.webp\" alt=\"Cabu\u00e9rniga (Cantabria)\" class=\"wp-image-197693\" srcset=\"https:\/\/www.escapadarural.com\/blog\/wp-content\/uploads\/2023\/05\/cabuerniga-1-200x133.webp 200w, https:\/\/www.escapadarural.com\/blog\/wp-content\/uploads\/2023\/05\/cabuerniga-1-300x200.webp 300w, https:\/\/www.escapadarural.com\/blog\/wp-content\/uploads\/2023\/05\/cabuerniga-1-400x266.webp 400w, https:\/\/www.escapadarural.com\/blog\/wp-content\/uploads\/2023\/05\/cabuerniga-1-600x400.webp 600w, https:\/\/www.escapadarural.com\/blog\/wp-content\/uploads\/2023\/05\/cabuerniga-1-768x512.webp 768w, https:\/\/www.escapadarural.com\/blog\/wp-content\/uploads\/2023\/05\/cabuerniga-1-800x533.webp 800w, https:\/\/www.escapadarural.com\/blog\/wp-content\/uploads\/2023\/05\/cabuerniga-1.webp 1024w\" sizes=\"auto, (max-width: 1024px) 100vw, 1024px\" \/><figcaption class=\"wp-element-caption\">Cabu\u00e9rniga (Cantabria). Por Gema Rodrigo<\/figcaption><\/figure>\n\n\n\n<p>La hoz de Santa Luc\u00eda es un sitio raro. Vienes de claridad y vuelves a claridad pero, entre medias, se le pone al mundo un aire de malo maloso decembrino, con sus cristalucos de color blanco en cunetas, sus ramas que parecen retorcerse para buscar calor y sus volutas escapando del suelo. En Santa Luc\u00eda huele siempre a petricor, y hace un fr\u00edo recio, un fr\u00edo que ves antes de sentir, un fr\u00edo que es cierta manera de mirar, ciertos matices en las sombras, cierto \u00e1ngulo particular en que cae el sol.&nbsp;<\/p>\n\n\n\n<p>En Santa Luc\u00eda, s\u00ed, empieza el Valle de Cabu\u00e9rniga.<\/p>\n\n\n\n<p>El Valle es un valle, claro, y los valles tienen r\u00edos. Por lo menos uno, aunque aqu\u00ed hay m\u00e1s, que para eso estamos en Cantabria y llueve mogoll\u00f3n. Al de aqu\u00ed le dicen r\u00edo Saja, y es uno de esos que tienen rumores traviesos pero, tambi\u00e9n, el transitar reposado, casi psicopompo de fantasmas, que dibuja con sus nieblas. R\u00edo en tres dimensiones, con fondo, con superficie, vapores gruesos como manos que flotan, aire grave, sobre la corriente. Eso es el Saja.<\/p>\n\n\n\n<p>El Saja es, tambi\u00e9n, un r\u00edo antiguo, cl\u00e1sico. Le dicen as\u00ed porque los romanos lo llamaron Salia, y aun ellos cogieron nombres m\u00e1s vetustos, porque \u201cSalia\u201d retoza con el preindoeuropeo, y viene a decir \u201cr\u00edo salado\u201d, y all\u00e1 por Suances, cuando el Saja (el Salia) juguetea a besarse con la mar, hay salinas, y torrenteras subterr\u00e1neas con sabor a anchoa fuerte&#8230;<\/p>\n\n\n\n<p>Pero, dijimos, aqu\u00ed hay m\u00e1s, porque el Valle es un valle, s\u00ed, pero a \u00e9l desaguan <strong>otros muchos valles<\/strong>, cada uno con su r\u00edo, con sus puentes, con sus leyendas. Guariza, Hit\u00f3n, Canal del Infierno (lo juro), Costanilla, Cambilla, Argoza, Canal de Valfr\u00eda, Via\u00f1a, Rubial, Barcenillas, Monte A\u00e1, La Fuentona y Bayones, que es el que cruzamos ahora. Todo eso en veinte kil\u00f3metros, metruco arriba o abajo. As\u00ed est\u00e1 todo de verde, que tienes lomas con el tono m\u00e1s <em>insospechao<\/em>, y luego piedras blancas como granitos albos en madera mal pulida&#8230;<\/p>\n\n\n\n<p>Seg\u00fan vas subiendo dejas el Saja a un lado o a otro. A la derecha en Ruente, por ejemplo, donde hay <a href=\"https:\/\/dle.rae.es\/corvato\" target=\"_blank\" data-type=\"URL\" data-id=\"https:\/\/dle.rae.es\/corvato\" rel=\"noreferrer noopener nofollow\">corvatos<\/a> montando escandalera cerquita de restaurantes a medio desperezar. En Ruente est\u00e1 la Fuentona, que es un nacimiento m\u00e1gico, misterioso. Una cueva de profundidad insondable (as\u00ed me lo contaban de cr\u00edo) de donde manan borbotones espumosos&#8230; hasta que un d\u00eda dejan de hacerlo. Vamos, que se seca, durante unas horucas, y luego vuelve, como si nada hubiera pasado. Hay varias teor\u00edas para explicar esto, pero entre que ninguna se muestra veraz al cien por cien y que nosotros preferimos los relatos&#8230; que es una anjanuca, una anjanuca buena, un hada de <strong>nuestra mitolog\u00eda<\/strong> que vive all\u00ed abajo y, a veces, tiene que limpiarse el palacio de oro y plata, y entonces interrumpe caudales, y despu\u00e9s vuelve a abrirlos, porque no puede hacer, no, la anjana cosa mal\u00e9vola.&nbsp;<\/p>\n\n\n\n<figure class=\"wp-block-image size-full\"><img loading=\"lazy\" decoding=\"async\" width=\"1024\" height=\"682\" src=\"https:\/\/www.escapadarural.com\/blog\/wp-content\/uploads\/2023\/05\/cabuerniga.webp\" alt=\"Saja-Besaya, Cabu\u00e9rniga (Cantabria)\" class=\"wp-image-197692\" srcset=\"https:\/\/www.escapadarural.com\/blog\/wp-content\/uploads\/2023\/05\/cabuerniga-200x133.webp 200w, https:\/\/www.escapadarural.com\/blog\/wp-content\/uploads\/2023\/05\/cabuerniga-300x200.webp 300w, https:\/\/www.escapadarural.com\/blog\/wp-content\/uploads\/2023\/05\/cabuerniga-400x266.webp 400w, https:\/\/www.escapadarural.com\/blog\/wp-content\/uploads\/2023\/05\/cabuerniga-600x400.webp 600w, https:\/\/www.escapadarural.com\/blog\/wp-content\/uploads\/2023\/05\/cabuerniga-768x512.webp 768w, https:\/\/www.escapadarural.com\/blog\/wp-content\/uploads\/2023\/05\/cabuerniga-800x533.webp 800w, https:\/\/www.escapadarural.com\/blog\/wp-content\/uploads\/2023\/05\/cabuerniga.webp 1024w\" sizes=\"auto, (max-width: 1024px) 100vw, 1024px\" \/><figcaption class=\"wp-element-caption\">Saja-Besaya, Cabu\u00e9rniga (Cantabria). Por Noradoa<\/figcaption><\/figure>\n\n\n\n<p>(A m\u00ed esta explicaci\u00f3n me gusta mucho. Sobre todo porque por Cabu\u00e9rniga tambi\u00e9n vivieron Oj\u00e1ncanos, Oj\u00e1ncanos grandes como casas, Oj\u00e1ncanos furiosos como <a href=\"https:\/\/dle.rae.es\/tasugo%20?m=form\" target=\"_blank\" rel=\"noreferrer noopener\">tasugo<\/a> <em>acorralao<\/em>. Los Oj\u00e1ncanos son <strong>ogros<\/strong> malos, con un solo ojo en mitad de la frente y barbas \u00e1speras que les caen hasta los pies. Solo hacen destrucciones y pendencias, as\u00ed que est\u00e1 bien tener una anjana, creo yo, para compensar).<\/p>\n\n\n\n<p>En las b\u00e1rcenas hay \u00e1rboles <em>esnugaos<\/em> como escobas de tres pelos. Hay avellanos, y <em>salcis<\/em>, tambi\u00e9n hay manzanos, higueras con olor a alm\u00edbar de oto\u00f1o, o robles de hojas que se dibujan por ni\u00f1os traviesos. Hay, all\u00e1 arriba, invernales de piedra, caba\u00f1ucas donde pasar tempestad y pendencia, recuerdos de un tiempo que ya ni fue, helechos gigantes como lagartos perezosos que se echaron a dormir. El r\u00edo susurra agua y vientos entre hojas, entre truchas y anguilas haci\u00e9ndose. Hay tambi\u00e9n, dicen, l\u00f3ndrigas, que es como decimos ac\u00e1 a las nutrias, pero siempre se muestran remolonas para dejar verse. Oh, y garzas, dos, enormes, color gris, y blanco, y negro, jugando entre ellas, salpicando, disfrutando de la vida, que no todo va a ser trabajar y buscar pitanza&#8230;<\/p>\n\n\n\n<p>(Cerquita est\u00e1 Sope\u00f1a, y en Sope\u00f1a naci\u00f3 Manuel Llano, escritor de leyendas, de <em>arquetus<\/em> y hadas bondadosas. Manuel Llano, que es padre de todos nosotros. Ese Manuel Llano).<\/p>\n\n\n\n<p>Nos desviamos hasta Lami\u00f1a, donde encontraron hace mucho un sarc\u00f3fago lleno de s\u00edmbolos arcanos y misteriosos (en realidad c\u00e9lticos, pero misteriosos suena mejor). Desde all\u00ed puedes ver un \u00e1rbol enorme, en la ladera de enfrente, un abeto que destaca entre brillos y gui\u00f1os traviesos, porque es un \u00e1rbol navide\u00f1o, y est\u00e1 en mitad del monte, y pienso en lo dif\u00edcil que debi\u00f3 ser adornarlo, y en lo bonitas que son las cosas in\u00fatiles&#8230; Cruzamos un paso canadiense (un paso canadiense es ese sitio donde el mundo hace \u201ctac, tac\u201d), llegamos hasta la linde del bosque. Aqu\u00ed bajan a comer hierba (hierba tierna, hierba h\u00fameda) los corzos. Los he visto muchas veces, en el pasado, cuando ven\u00eda con la bici.<\/p>\n\n\n\n<p>Hoy no hay ninguno, porque los corzos siempre madrugan m\u00e1s que los reporteros&#8230;<\/p>\n\n\n\n<h2 class=\"wp-block-heading\" id=\"h-krausismo-castanos-y-marisol\"><strong>Krausismo, casta\u00f1os y Marisol<\/strong><\/h2>\n\n\n\n<figure class=\"wp-block-image size-full\"><img loading=\"lazy\" decoding=\"async\" width=\"1024\" height=\"682\" src=\"https:\/\/www.escapadarural.com\/blog\/wp-content\/uploads\/2023\/05\/cabuerniga-2.webp\" alt=\"Valle de Cabu\u00e9rniga (Cantabria)\" class=\"wp-image-197694\" srcset=\"https:\/\/www.escapadarural.com\/blog\/wp-content\/uploads\/2023\/05\/cabuerniga-2-200x133.webp 200w, https:\/\/www.escapadarural.com\/blog\/wp-content\/uploads\/2023\/05\/cabuerniga-2-300x200.webp 300w, https:\/\/www.escapadarural.com\/blog\/wp-content\/uploads\/2023\/05\/cabuerniga-2-400x266.webp 400w, https:\/\/www.escapadarural.com\/blog\/wp-content\/uploads\/2023\/05\/cabuerniga-2-600x400.webp 600w, https:\/\/www.escapadarural.com\/blog\/wp-content\/uploads\/2023\/05\/cabuerniga-2-768x512.webp 768w, https:\/\/www.escapadarural.com\/blog\/wp-content\/uploads\/2023\/05\/cabuerniga-2-800x533.webp 800w, https:\/\/www.escapadarural.com\/blog\/wp-content\/uploads\/2023\/05\/cabuerniga-2.webp 1024w\" sizes=\"auto, (max-width: 1024px) 100vw, 1024px\" \/><figcaption class=\"wp-element-caption\">Valle de Cabu\u00e9rniga (Cantabria)<\/figcaption><\/figure>\n\n\n\n<p>Valle de Cabu\u00e9rniga es un pueblo krausista. S\u00ed, s\u00ed, muy <a href=\"https:\/\/es.wikipedia.org\/wiki\/Krausismo\" target=\"_blank\" data-type=\"URL\" data-id=\"https:\/\/es.wikipedia.org\/wiki\/Krausismo\" rel=\"noreferrer noopener nofollow\">krausista<\/a>. En Valle de Cabu\u00e9rniga (pueblo, que es capital del Valle de Cabu\u00e9rniga, valle), vivieron los hermanos Gonz\u00e1lez Linares. Augusto y Gervasio, sabios los dos, liberalotes decimon\u00f3nicos con pinta de sabios sin domar. All\u00ed ten\u00edan casa, una casona con escudo, muros gruesos y relente hidalgo en ma\u00f1anas invernales como la de hoy. Sobre su hastial, una placa. \u201cLibertad de ense\u00f1anza y libre investigaci\u00f3n. La Universidad Internacional Men\u00e9ndez y Pelayo al encuentro que en esta casona del valle tuvieron Francisco Giner de los R\u00edos, Augusto Gonz\u00e1lez Linares, Manuel Ru\u00edz de Quevedo y Nicol\u00e1s Salmer\u00f3n, abriendo camino a la Instituci\u00f3n Libre de Ense\u00f1anza. Agosto de 1875-agosto de 1992\u201d. S\u00ed, amigos, aqu\u00ed naci\u00f3, aqu\u00ed empez\u00f3 a nacer, esa realidad que aunaba materialismo e idealismo, que jugaba con nociones krausistas, que quer\u00eda, por resumirles mucho el tema, sacar a la sociedad de su secular atraso. Y hacerlo con libros y letras, que siempre es m\u00e1s sanote. Acab\u00f3 el tema regularcillo, pero queda la intenci\u00f3n, creo&#8230;<\/p>\n\n\n\n<p>No es lo \u00fanico para contar en Valle. Todo el puebluco huele a chimenea y retumba con el ruido de una desbrozadora algo asm\u00e1tica, a\u00f1oranza del <em>fiu<\/em>, <em>fiu<\/em> que dejaba el dalle los mediod\u00edas de sol. Las casas tienen, en Valle, blas\u00f3n y nombre, y as\u00ed paseas entre her\u00e1ldica y tenantes, entre lambrequines y cant\u00f3n, por sitios que se llaman \u201cLa Casuca\u201d o \u201cVista Alegre\u201d. Aqu\u00ed y all\u00e1 encuentras troncos de le\u00f1a apilada (p\u00e1tina en musgo verde) que parecen bocas con sorpresas sabor a pueblo. Hay, tambi\u00e9n, dos o tres apartados esperando gubias y buriles que los hagan dujos de enjambrar.&nbsp;<\/p>\n\n\n\n<p>Y el detalle. Definitivo. Enamorado me encuentro, oigan. Una parada de autob\u00fas. Peque\u00f1ita, acogedora. Asubiadero les decimos, porque estar a resguardo es \u201casubiarse\u201d. A la izquierda, seg\u00fan miras, un espacio de libros libres, peque\u00f1a biblioteca para que cada cual coja cuanto le plazca. Isabel Allende, Cor\u00edn Tellado, asesinatos con Agatha Christie, tambi\u00e9n dos o tres recetarios de comida tradicional. Al otro lado un nido, un nido hecho con ramitas y tierra, un nido que espera abriles. Si no es el bodeg\u00f3n m\u00e1s hermoso del mundo yo ya no s\u00e9&#8230;<\/p>\n\n\n\n<p>Unos kil\u00f3metros m\u00e1s adelante llegamos a <strong>Ter\u00e1n<\/strong>. Hasta las antiguas escuelas de Ter\u00e1n, concretamente. Espacio enorme que le dicen La Casta\u00f1era, uno donde llueven, este mediod\u00eda, hojas de color natillas, hojas que caen chocando contra ramas medio desnudas y hacen ruido de perrito que caminase sobre adoquines. Las fincas de alrededor encierran bizarradas de esas que te dejan pensando&#8230; c\u00f3mo&#8230; y, sobre todo&#8230; por qu\u00e9. Por qu\u00e9 hay un todoterreno de color marr\u00f3n intenso totalmente desguazado, con los asientos en despellejo, con plumas en su interior&#8230; O por qu\u00e9 hay un maniqu\u00ed de color blanco <em>sentao<\/em> sobre una silla, las piernas cruzadas, haciendo como que toma el t\u00e9. Uno esperar\u00eda estas cosas en la gran ciudad, pero aqu\u00ed somos m\u00e1s serios, \u00bfno?&nbsp;<\/p>\n\n\n\n<p>Las antiguas escuelas de Ter\u00e1n es un edificio sim\u00e9trico, de estilo neocl\u00e1sico, con remembrar a siglo XIX de chistera y b\u00e1culo, y mejor pasado que presente. Vamos, que ruina absoluta. \u201cRecuperaci\u00f3n y rehabilitaci\u00f3n \u00a1Ya!\u201d, te grita el cartel que hay sobre su puerta, pero es que hasta esa humilde s\u00e1bana est\u00e1 rota y medio borrada. Una enredadera seca se desliza por entre ventanas sin cristales como si fuera tent\u00e1culos de pulpo <em>despistao<\/em>. Me siento en un banco de piedra a mirar el edificio. Melanc\u00f3lico.<\/p>\n\n\n\n<p>\u201cTenga usted cuidado, que esos bancos son traicioneros. La piedra es fr\u00eda, y te entra un catarro sin avisar\u201d. Levanto la vista. \u00c9l lleva paraguas, sonr\u00ede mucho y tiene pelo de color nevada. Asiento, estrecho su mano, pregunto por esto y aquello, porque preguntar por esto y aquello es lo que m\u00e1s me gusta. Que qu\u00e9 hace, pues mire, a dar el paseo, hasta el barrio de all\u00ed me llego, y luego vuelta a casa, que ya ser\u00e1 la hora de comer. Que si lleva muchos a\u00f1os aqu\u00ed. Desde que nac\u00ed, luego me mandaron a estudiar por Santander, que tengo all\u00ed hermana, pero prefiero vivir en el Valle, claro. Que si conoci\u00f3 abierta la escuela, y <strong>se le ilumina el rostro<\/strong>. Hombre, pues claro. Colegio, fue, y luego incluso <a href=\"https:\/\/www.escapadarural.com\/blog\/lugares-de-espana-donde-entrenar-a-tu-dragon\/\" title=\"D\u00f3nde encontrar a tu drag\u00f3n en Espa\u00f1a (y entrenarlo)\"  data-wpil-monitor-id=\"1207\">cine<\/a>. \u00bfSabe? Hasta rodaron pel\u00edculas. Una con Marisol, seguro que conoce a Marisol. <em>Los d\u00edas del pasado<\/em>, se titulaba, con Marisol. Ya era Pepa Flores, entonces, pero, ya sabe, Marisol. Y vaya casta\u00f1os, estos, \u00bfeh?, gigantescos, seguro que all\u00e1 arriba juguetean musgosos y <a href=\"https:\/\/es.wikipedia.org\/wiki\/Trenti\" target=\"_blank\" rel=\"noreferrer noopener nofollow\">trentis<\/a>. \u00c9l vuelve a sonre\u00edr. Los mozucos les pon\u00edamos nombres, dice, y se\u00f1ala al m\u00e1s alto, al m\u00e1s grueso. A ese le dicen \u201cEl Duende\u201d, concluye, mir\u00e1ndome como si escondiese m\u00e1s secretos&#8230;<\/p>\n\n\n\n<p>Seguimos remontando Cabu\u00e9rniga y pasamos junto a un <em>prao<\/em> lleno de tudancas. Las <strong>tudancas <\/strong>(grises, grandes cuernos mirada de listas, de guapucas, de majas) son las vacas aut\u00f3ctonas de esta zona. Antes hab\u00eda m\u00e1s pero ahora solo quedan \u00e9stas. Y de casualidad. Ganado de trabajo y carne. Apenas dan leche, muy poca, as\u00ed que fueron sustituidas a lo largo del siglo XX por las frisonas, esas blancas y negras con ubres enormes capaces de llenar, cada ma\u00f1ana, calderos con un l\u00edquido espumoso y tibio. M\u00e1s delicadas, menos recias. En 1965 rumiaban m\u00e1s de 78.000 tudancas en toda Cantabria, para el cambio de centuria no llegaban a 10.000. En los \u00faltimos tiempos se han puesto de moda (su carne, sobre todo) y el n\u00famero va aumentando.&nbsp;<\/p>\n\n\n\n<p>En <a href=\"https:\/\/www.escapadarural.com\/casas-rurales\/fresneda\">Fresneda<\/a>, el siguiente pueblo, hay pedresas, una casa con farola de color oscuro que parece g\u00e1rgola a medio construir y adornos sobre vigas y dinteles. Adornos de inspiraci\u00f3n solar, adornos que parecen flores, que parecen estrellas, que parecen pasados. Apenas sales del vecindario y ya caminas por un bosque de oto\u00f1o, con tus botas que suenan como los cereales cada ma\u00f1ana cuando echas la leche. Hay hojas de roble dentadas cual trozos de plastilina que un ni\u00f1o hubiese aplastado, y tambi\u00e9n pacas de hierba seca, pacas apiladas en cuatro y cinco alturas, tetris de pasto y forraje para los meses de invierno, que aqu\u00ed duran m\u00e1s de treinta d\u00edas&#8230;<\/p>\n\n\n\n<h2 class=\"wp-block-heading\" id=\"h-a-lomos-de-gigantes\"><strong>A lomos de gigantes<\/strong><\/h2>\n\n\n\n<figure class=\"wp-block-image size-full\"><img loading=\"lazy\" decoding=\"async\" width=\"1024\" height=\"682\" src=\"https:\/\/www.escapadarural.com\/blog\/wp-content\/uploads\/2023\/05\/cabuerniga-1-1.webp\" alt=\"Cascada Lamina, Cabu\u00e9rniga (Cantabria)\" class=\"wp-image-197695\" srcset=\"https:\/\/www.escapadarural.com\/blog\/wp-content\/uploads\/2023\/05\/cabuerniga-1-1-200x133.webp 200w, https:\/\/www.escapadarural.com\/blog\/wp-content\/uploads\/2023\/05\/cabuerniga-1-1-300x200.webp 300w, https:\/\/www.escapadarural.com\/blog\/wp-content\/uploads\/2023\/05\/cabuerniga-1-1-400x266.webp 400w, https:\/\/www.escapadarural.com\/blog\/wp-content\/uploads\/2023\/05\/cabuerniga-1-1-600x400.webp 600w, https:\/\/www.escapadarural.com\/blog\/wp-content\/uploads\/2023\/05\/cabuerniga-1-1-768x512.webp 768w, https:\/\/www.escapadarural.com\/blog\/wp-content\/uploads\/2023\/05\/cabuerniga-1-1-800x533.webp 800w, https:\/\/www.escapadarural.com\/blog\/wp-content\/uploads\/2023\/05\/cabuerniga-1-1.webp 1024w\" sizes=\"auto, (max-width: 1024px) 100vw, 1024px\" \/><figcaption class=\"wp-element-caption\">Cascada Lamina, Cabu\u00e9rniga (Cantabria). Por Noradoa<\/figcaption><\/figure>\n\n\n\n<p>El pueblo de <a href=\"https:\/\/www.escapadarural.com\/casas-rurales\/saja\">Saja<\/a> huele a madera quemando y trisquidos de infancia. Huele a acebos con drupas de color rojo y mu\u00e9rdago colgado en los alfeizar. El pueblo de Saja es como la aldeuca del Bel\u00e9n, solo que cada d\u00eda, en todo momento.&nbsp;<\/p>\n\n\n\n<p><strong>Saja <\/strong>es lo \u00faltimo que te encuentras subiendo direcci\u00f3n Palombera. Hay curvas, hayedos, unas cuantas cagigas, hay zonas umbr\u00edas y rumores all\u00ed abajo, donde salta y salpica el r\u00edo. Hay todo eso y, despu\u00e9s, un mundo que se abre. Tampoco demasiado, no vayan a emocion\u00e1rseme, que es Saja de esos sitios donde las monta\u00f1as pintan de escarcha p\u00e1lida demasiadas horas. Pero nos vale. Espacio llano entre cumbres, tejados de naranja-musgo, algunas lascas, hilillos color gris escapando, entre finos y <em>pausaos<\/em>, hasta m\u00e1s all\u00e1 del bosque. Sosiego.<\/p>\n\n\n\n<p>Una de las primeras cosas que ves en Saja, justo al ladito de la senda, es el bar. Perfecto, las cartas por delante, yo siempre a favor. El bar tiene un mast\u00edn enorme (un mast\u00edn realmente enorme) tumbado junto a la puerta, tendido sobre su costado derecho, cabezota sobre asfalto, el pecho que se hincha y deshincha al ritmo de ronquidos perrunos. Yo le digo hola, porque soy muy educado con los mastines, y \u00e9l abre un ojo, me observa, hace medio dorsal, as\u00ed, hop, oreja colgando, los belfos brillantes, olisquea un poco, decide que no soy amenazador, se vuelve a tender, se vuelve a dormir. En resumen: simpatiqu\u00edsimo. Imposible que no me guste un establecimiento con semejante bienvenida.&nbsp;<\/p>\n\n\n\n<p>Dentro hay humo, aparejos de pesca posados sobre una mesilla, troncos consumi\u00e9ndose con llama tenue, t\u00edmida, en el hogar. Tambi\u00e9n hay dos paisanos hablando sobre la jornada en el r\u00edo&#8230; que si aquella vez que pic\u00f3 una, que si el pozo este es aun mejor, que si ma\u00f1ana volvemos. <strong>R\u00eden mucho<\/strong>. Primero tienen entre ellos una frasca de vino blanco (vino helado, vino que deja perlitas de condensaci\u00f3n sobre el cristal) y sendos vasucos. Despu\u00e9s llega el chulet\u00f3n chisporroteante.<\/p>\n\n\n\n<p>La cosa parece museo etnogr\u00e1fico, y es una delicia. Hay <em>campanus<\/em>, cebillas, hay albarcas, hay copas, hay un queso medio ro\u00eddo, hay olor a patatas fritas y torrezno ahumado que trae promesas de orujos. Hay, tambi\u00e9n, <em>esnas<\/em> para el hielo, cachavas nudosas de avellano (talladas y sin tallar), hay fotos antiguas de paisanos que llevan una belorta enorme de hierba sobre sus hombros. Aspiro fuerte, el tinto raspa. Un horno asoma de la pared como si la casa tuviera jorobas con olor a cabrito asado. Dos o tres troncos ahuecados hacen de sillones para bosques traviesos. Fuera no hay nieve, y eso me apena. Si hubiese un manto blanco podr\u00edamos tirarnos aqu\u00ed toda la tarde, al calor de la lumbre, escuchando hablar y que te hablen, mirando, naipes sobre le\u00f1a, cafetera ruidosa que echa vapor&#8230;<\/p>\n\n\n\n<p>Por las calles de Saja hace bastante fr\u00edo. Fr\u00edo de ese h\u00famedo, fr\u00edo que mordisquea huesos. Est\u00e1 muy cerca el cauce y el mismo asfalto brilla de color gris <em>mojao<\/em>. Hay unas vacucas aqu\u00ed, una casa reci\u00e9n arreglada a tu derecha, ladran perros, veo tertulia de gatos comentando sus cosas sobre el antiguo lavadero. La iglesia (peque\u00f1ita, humilde), tiene buz\u00f3n para recibir cartas. \u201cCalle F. La Yglesia\u201d. Sonr\u00edo. Todo tiene aire a cuento de hadas tranquilo, uno que vas deshilando tarde tras tarde. Saja es uno de esos pueblos que no recorres, sino en los que te acurrucas&#8230;&nbsp;&nbsp;<\/p>\n\n\n\n<p>Continuamos. Arriba, siempre arriba. Hacia el puerto de Palombera. El Saja, le dicen a veces los ciclistas, que hay a montones. Camino retorci\u00e9ndose, saltando como trenti por encima de arroyuelos a medio crecer. Nombres de antojil y escajo. La Jaya Cruz\u00e1, el Pozo del Amo, Canal de la Cruz. Hay se\u00f1ales con una ranita negra en el centro. \u201cPaso de anfibios\u201d. Imposible tener prisa ac\u00e1. Imposible.&nbsp;<\/p>\n\n\n\n<p>All\u00ed, donde empiezan las nubes, est\u00e1n los pastos. Sejos. Una extensi\u00f3n inmensa de hierba esmeralda y brotes tiernos. El sitio perfecto para llevar el ganado. El que es de todos, el que de nadie es, siete mil hect\u00e1reas de collados y riqueza. Visto desde arriba parece paloma echando a volar. Le dicen Mancomunidad de pastos Campoo-Cabu\u00e9rniga, y es el contrato m\u00e1s antiguo del que tenemos noticia en Cantabria. De 1497 nada menos, solo que aquello fue concordia, as\u00ed que antes hubo discordias. Vamos, que es anterior. Aprovechamiento comunal de predios entre la Hermandad de Campoo de Suso y el antiguo Valle de Cabu\u00e9rniga. A ambos lados de la Cordillera Cant\u00e1brica, para que hagan idea. Y se mantiene a d\u00eda de hoy, <em>mutatis mutandi<\/em>.<\/p>\n\n\n\n<p>Sejos es un lugar extra\u00f1o. Fe\u00e9rico. Hay <em>praos<\/em> muy verdes, oc\u00e9anos de olas bajas con sus mareas y sus tempestades. Y sorpresas. Menhires, por ejemplo. O los Cantos de la Borrica, piedras enormes que mantienen equilibrio de forma incomprensible. M\u00e1gica, s\u00ed&#8230; m\u00e1gica. C\u00f3mo llegaron all\u00ed, qui\u00e9n los llevo. Dice la <a href=\"https:\/\/www.escapadarural.com\/blog\/basaltos-fruiz-calzada-gigantes-vasca\/\" title=\"Parece Irlanda del Norte, pero es Espa\u00f1a: no sab\u00edamos que en Vizcaya tambi\u00e9n hay una Calzada del Gigante\"  data-wpil-monitor-id=\"1206\">ciencia<\/a> que si antiguos glaciares, que si disposici\u00f3n al azar. Nah, cuentos, pero cuentos de los malos, de los de no creer, de los ciertos. Imposible. Oj\u00e1ncanos, debieron ser oj\u00e1ncanos. Por mediod\u00eda bajan nubes, y al mundo se le pinta textura de s\u00e1banas reci\u00e9n puestas.&nbsp;<\/p>\n\n\n\n<p>Es all\u00ed, entre algod\u00f3n que mira y no deja mirar, donde acaba Cabu\u00e9rniga&#8230;<\/p>\n\n\n\n<div class=\"wp-block-buttons is-layout-flex wp-block-buttons-is-layout-flex\">\n<div class=\"wp-block-button\"><a class=\"wp-block-button__link wp-element-button\" href=\"https:\/\/www.escapadarural.com\/casas-rurales\/valle-de-cabuerniga\">Casas rurales en el Valle de Cabu\u00e9rniga<\/a><\/div>\n<\/div>\n","protected":false},"excerpt":{"rendered":"<p>Est\u00e1 all\u00ed, en el mismo coraz\u00f3n de Cantabria. Valle de Cabu\u00e9rniga, le dicen, y es aliento verde con motitas de color gris y un borr\u00f3n de plata discurriendo hacia la mar. Est\u00e1 all\u00ed, claro, y late entre nieblas y heladas. Est\u00e1 all\u00ed, el Valle.<\/p>\n","protected":false},"author":153,"featured_media":197692,"comment_status":"open","ping_status":"open","sticky":false,"template":"","format":"standard","meta":{"_acf_changed":false,"om_disable_all_campaigns":false,"footnotes":""},"categories":[191],"tags":[5088,224,377,257,212,5089,5090],"class_list":["post-61154","post","type-post","status-publish","format-standard","has-post-thumbnail","hentry","category-destinos","tag-cabuerniga","tag-que-ver-en-cantabria","tag-cascadas","tag-primavera","tag-pueblos","tag-saja","tag-valle-de-cabuerniga"],"acf":[],"featured_image_src":"https:\/\/www.escapadarural.com\/blog\/wp-content\/uploads\/2023\/05\/cabuerniga.webp","author_info":{"display_name":"Marcos Pereda","author_link":"https:\/\/www.escapadarural.com\/blog\/autor\/marcos\/"},"yoast_head":"<!-- This site is optimized with the Yoast SEO plugin v27.5 - https:\/\/yoast.com\/product\/yoast-seo-wordpress\/ -->\n<title>Hadas, r\u00edos y secuoyas gigantes en el valle de Cabu\u00e9rniga - EscapadaRural<\/title>\n<meta name=\"robots\" content=\"index, follow, max-snippet:-1, max-image-preview:large, max-video-preview:-1\" \/>\n<link rel=\"canonical\" href=\"https:\/\/www.escapadarural.com\/blog\/ruta-valle-de-cabuerniga-cantabria\/\" \/>\n<meta property=\"og:locale\" content=\"es_ES\" \/>\n<meta property=\"og:type\" content=\"article\" \/>\n<meta property=\"og:title\" content=\"Hadas, r\u00edos y secuoyas gigantes en el valle de Cabu\u00e9rniga - EscapadaRural\" \/>\n<meta property=\"og:description\" content=\"Est\u00e1 all\u00ed, en el mismo coraz\u00f3n de Cantabria. Valle de Cabu\u00e9rniga, le dicen, y es aliento verde con motitas de color gris y un borr\u00f3n de plata discurriendo hacia la mar. Est\u00e1 all\u00ed, claro, y late entre nieblas y heladas. Est\u00e1 all\u00ed, el Valle.\" \/>\n<meta property=\"og:url\" content=\"https:\/\/www.escapadarural.com\/blog\/ruta-valle-de-cabuerniga-cantabria\/\" \/>\n<meta property=\"og:site_name\" content=\"Magazine de viajes de EscapadaRural\" \/>\n<meta property=\"article:publisher\" content=\"https:\/\/www.facebook.com\/escapadarural\" \/>\n<meta property=\"article:published_time\" content=\"2023-05-01T09:52:00+00:00\" \/>\n<meta property=\"article:modified_time\" content=\"2026-02-05T13:17:57+00:00\" \/>\n<meta property=\"og:image\" content=\"https:\/\/www.escapadarural.com\/blog\/wp-content\/uploads\/2023\/05\/cabuerniga.webp\" \/>\n\t<meta property=\"og:image:width\" content=\"1024\" \/>\n\t<meta property=\"og:image:height\" content=\"682\" \/>\n\t<meta property=\"og:image:type\" content=\"image\/webp\" \/>\n<meta name=\"author\" content=\"Marcos Pereda\" \/>\n<meta name=\"twitter:card\" content=\"summary_large_image\" \/>\n<meta name=\"twitter:label1\" content=\"Escrito por\" \/>\n\t<meta name=\"twitter:data1\" content=\"Marcos Pereda\" \/>\n\t<meta name=\"twitter:label2\" content=\"Tiempo de lectura\" \/>\n\t<meta name=\"twitter:data2\" content=\"16 minutos\" \/>\n<script type=\"application\/ld+json\" class=\"yoast-schema-graph\">{\"@context\":\"https:\\\/\\\/schema.org\",\"@graph\":[{\"@type\":\"Article\",\"@id\":\"https:\\\/\\\/www.escapadarural.com\\\/blog\\\/ruta-valle-de-cabuerniga-cantabria\\\/#article\",\"isPartOf\":{\"@id\":\"https:\\\/\\\/www.escapadarural.com\\\/blog\\\/ruta-valle-de-cabuerniga-cantabria\\\/\"},\"author\":{\"name\":\"Marcos Pereda\",\"@id\":\"https:\\\/\\\/www.escapadarural.com\\\/blog\\\/#\\\/schema\\\/person\\\/a35333ebe220a27bd3ecb45c677314e0\"},\"headline\":\"Hadas, r\u00edos y secuoyas gigantes en el valle de Cabu\u00e9rniga\",\"datePublished\":\"2023-05-01T09:52:00+00:00\",\"dateModified\":\"2026-02-05T13:17:57+00:00\",\"mainEntityOfPage\":{\"@id\":\"https:\\\/\\\/www.escapadarural.com\\\/blog\\\/ruta-valle-de-cabuerniga-cantabria\\\/\"},\"wordCount\":3019,\"commentCount\":1,\"publisher\":{\"@id\":\"https:\\\/\\\/www.escapadarural.com\\\/blog\\\/#organization\"},\"image\":{\"@id\":\"https:\\\/\\\/www.escapadarural.com\\\/blog\\\/ruta-valle-de-cabuerniga-cantabria\\\/#primaryimage\"},\"thumbnailUrl\":\"https:\\\/\\\/www.escapadarural.com\\\/blog\\\/wp-content\\\/uploads\\\/2023\\\/05\\\/cabuerniga.webp\",\"keywords\":[\"Cabu\u00e9rniga\",\"Cantabria\",\"Cascadas\",\"Primavera\",\"pueblos\",\"Saja\",\"Valle de Cabu\u00e9rniga\"],\"articleSection\":[\"Destinos\"],\"inLanguage\":\"es\",\"potentialAction\":[{\"@type\":\"CommentAction\",\"name\":\"Comment\",\"target\":[\"https:\\\/\\\/www.escapadarural.com\\\/blog\\\/ruta-valle-de-cabuerniga-cantabria\\\/#respond\"]}]},{\"@type\":\"WebPage\",\"@id\":\"https:\\\/\\\/www.escapadarural.com\\\/blog\\\/ruta-valle-de-cabuerniga-cantabria\\\/\",\"url\":\"https:\\\/\\\/www.escapadarural.com\\\/blog\\\/ruta-valle-de-cabuerniga-cantabria\\\/\",\"name\":\"Hadas, r\u00edos y secuoyas gigantes en el valle de Cabu\u00e9rniga - EscapadaRural\",\"isPartOf\":{\"@id\":\"https:\\\/\\\/www.escapadarural.com\\\/blog\\\/#website\"},\"primaryImageOfPage\":{\"@id\":\"https:\\\/\\\/www.escapadarural.com\\\/blog\\\/ruta-valle-de-cabuerniga-cantabria\\\/#primaryimage\"},\"image\":{\"@id\":\"https:\\\/\\\/www.escapadarural.com\\\/blog\\\/ruta-valle-de-cabuerniga-cantabria\\\/#primaryimage\"},\"thumbnailUrl\":\"https:\\\/\\\/www.escapadarural.com\\\/blog\\\/wp-content\\\/uploads\\\/2023\\\/05\\\/cabuerniga.webp\",\"datePublished\":\"2023-05-01T09:52:00+00:00\",\"dateModified\":\"2026-02-05T13:17:57+00:00\",\"breadcrumb\":{\"@id\":\"https:\\\/\\\/www.escapadarural.com\\\/blog\\\/ruta-valle-de-cabuerniga-cantabria\\\/#breadcrumb\"},\"inLanguage\":\"es\",\"potentialAction\":[{\"@type\":\"ReadAction\",\"target\":[\"https:\\\/\\\/www.escapadarural.com\\\/blog\\\/ruta-valle-de-cabuerniga-cantabria\\\/\"]}]},{\"@type\":\"ImageObject\",\"inLanguage\":\"es\",\"@id\":\"https:\\\/\\\/www.escapadarural.com\\\/blog\\\/ruta-valle-de-cabuerniga-cantabria\\\/#primaryimage\",\"url\":\"https:\\\/\\\/www.escapadarural.com\\\/blog\\\/wp-content\\\/uploads\\\/2023\\\/05\\\/cabuerniga.webp\",\"contentUrl\":\"https:\\\/\\\/www.escapadarural.com\\\/blog\\\/wp-content\\\/uploads\\\/2023\\\/05\\\/cabuerniga.webp\",\"width\":1024,\"height\":682,\"caption\":\"Saja-Besaya, Cabu\u00e9rniga (Cantabria). Por Noradoa\"},{\"@type\":\"BreadcrumbList\",\"@id\":\"https:\\\/\\\/www.escapadarural.com\\\/blog\\\/ruta-valle-de-cabuerniga-cantabria\\\/#breadcrumb\",\"itemListElement\":[{\"@type\":\"ListItem\",\"position\":1,\"name\":\"Inicio\",\"item\":\"https:\\\/\\\/www.escapadarural.com\\\/blog\\\/\"},{\"@type\":\"ListItem\",\"position\":2,\"name\":\"Destinos\",\"item\":\"https:\\\/\\\/www.escapadarural.com\\\/blog\\\/categoria\\\/destinos\\\/\"},{\"@type\":\"ListItem\",\"position\":3,\"name\":\"Hadas, r\u00edos y secuoyas gigantes en el valle de Cabu\u00e9rniga\"}]},{\"@type\":\"WebSite\",\"@id\":\"https:\\\/\\\/www.escapadarural.com\\\/blog\\\/#website\",\"url\":\"https:\\\/\\\/www.escapadarural.com\\\/blog\\\/\",\"name\":\"Blog de viajes | turismo rural, alojamientos e inspiraci\u00f3n\",\"description\":\"Alojamientos rurales e inspiraci\u00f3n para tus escapadas\",\"publisher\":{\"@id\":\"https:\\\/\\\/www.escapadarural.com\\\/blog\\\/#organization\"},\"alternateName\":\"Magazine de viajes de EscapadaRural\",\"potentialAction\":[{\"@type\":\"SearchAction\",\"target\":{\"@type\":\"EntryPoint\",\"urlTemplate\":\"https:\\\/\\\/www.escapadarural.com\\\/blog\\\/?s={search_term_string}\"},\"query-input\":{\"@type\":\"PropertyValueSpecification\",\"valueRequired\":true,\"valueName\":\"search_term_string\"}}],\"inLanguage\":\"es\"},{\"@type\":\"Organization\",\"@id\":\"https:\\\/\\\/www.escapadarural.com\\\/blog\\\/#organization\",\"name\":\"EscapadaRural\",\"url\":\"https:\\\/\\\/www.escapadarural.com\\\/blog\\\/\",\"logo\":{\"@type\":\"ImageObject\",\"inLanguage\":\"es\",\"@id\":\"https:\\\/\\\/www.escapadarural.com\\\/blog\\\/#\\\/schema\\\/logo\\\/image\\\/\",\"url\":\"https:\\\/\\\/www.escapadarural.com\\\/blog\\\/wp-content\\\/uploads\\\/2024\\\/10\\\/cropped-cropped-escapada-rural-icon-mag-3.png\",\"contentUrl\":\"https:\\\/\\\/www.escapadarural.com\\\/blog\\\/wp-content\\\/uploads\\\/2024\\\/10\\\/cropped-cropped-escapada-rural-icon-mag-3.png\",\"width\":512,\"height\":512,\"caption\":\"EscapadaRural\"},\"image\":{\"@id\":\"https:\\\/\\\/www.escapadarural.com\\\/blog\\\/#\\\/schema\\\/logo\\\/image\\\/\"},\"sameAs\":[\"https:\\\/\\\/www.facebook.com\\\/escapadarural\",\"https:\\\/\\\/www.instagram.com\\\/escapadarural\\\/\",\"https:\\\/\\\/www.youtube.com\\\/@escapadaruralcom\"]},{\"@type\":\"Person\",\"@id\":\"https:\\\/\\\/www.escapadarural.com\\\/blog\\\/#\\\/schema\\\/person\\\/a35333ebe220a27bd3ecb45c677314e0\",\"name\":\"Marcos Pereda\",\"image\":{\"@type\":\"ImageObject\",\"inLanguage\":\"es\",\"@id\":\"https:\\\/\\\/secure.gravatar.com\\\/avatar\\\/5a58b7337ea3f90739cbfb1796d648e179a8cefe2b42cc0f7bb537317045f4ab?s=96&d=mm&r=g\",\"url\":\"https:\\\/\\\/secure.gravatar.com\\\/avatar\\\/5a58b7337ea3f90739cbfb1796d648e179a8cefe2b42cc0f7bb537317045f4ab?s=96&d=mm&r=g\",\"contentUrl\":\"https:\\\/\\\/secure.gravatar.com\\\/avatar\\\/5a58b7337ea3f90739cbfb1796d648e179a8cefe2b42cc0f7bb537317045f4ab?s=96&d=mm&r=g\",\"caption\":\"Marcos Pereda\"},\"url\":\"https:\\\/\\\/www.escapadarural.com\\\/blog\\\/autor\\\/marcos\\\/\"}]}<\/script>\n<!-- \/ Yoast SEO plugin. -->","yoast_head_json":{"title":"Hadas, r\u00edos y secuoyas gigantes en el valle de Cabu\u00e9rniga - EscapadaRural","robots":{"index":"index","follow":"follow","max-snippet":"max-snippet:-1","max-image-preview":"max-image-preview:large","max-video-preview":"max-video-preview:-1"},"canonical":"https:\/\/www.escapadarural.com\/blog\/ruta-valle-de-cabuerniga-cantabria\/","og_locale":"es_ES","og_type":"article","og_title":"Hadas, r\u00edos y secuoyas gigantes en el valle de Cabu\u00e9rniga - EscapadaRural","og_description":"Est\u00e1 all\u00ed, en el mismo coraz\u00f3n de Cantabria. Valle de Cabu\u00e9rniga, le dicen, y es aliento verde con motitas de color gris y un borr\u00f3n de plata discurriendo hacia la mar. Est\u00e1 all\u00ed, claro, y late entre nieblas y heladas. Est\u00e1 all\u00ed, el Valle.","og_url":"https:\/\/www.escapadarural.com\/blog\/ruta-valle-de-cabuerniga-cantabria\/","og_site_name":"Magazine de viajes de EscapadaRural","article_publisher":"https:\/\/www.facebook.com\/escapadarural","article_published_time":"2023-05-01T09:52:00+00:00","article_modified_time":"2026-02-05T13:17:57+00:00","og_image":[{"width":1024,"height":682,"url":"https:\/\/www.escapadarural.com\/blog\/wp-content\/uploads\/2023\/05\/cabuerniga.webp","type":"image\/webp"}],"author":"Marcos Pereda","twitter_card":"summary_large_image","twitter_misc":{"Escrito por":"Marcos Pereda","Tiempo de lectura":"16 minutos"},"schema":{"@context":"https:\/\/schema.org","@graph":[{"@type":"Article","@id":"https:\/\/www.escapadarural.com\/blog\/ruta-valle-de-cabuerniga-cantabria\/#article","isPartOf":{"@id":"https:\/\/www.escapadarural.com\/blog\/ruta-valle-de-cabuerniga-cantabria\/"},"author":{"name":"Marcos Pereda","@id":"https:\/\/www.escapadarural.com\/blog\/#\/schema\/person\/a35333ebe220a27bd3ecb45c677314e0"},"headline":"Hadas, r\u00edos y secuoyas gigantes en el valle de Cabu\u00e9rniga","datePublished":"2023-05-01T09:52:00+00:00","dateModified":"2026-02-05T13:17:57+00:00","mainEntityOfPage":{"@id":"https:\/\/www.escapadarural.com\/blog\/ruta-valle-de-cabuerniga-cantabria\/"},"wordCount":3019,"commentCount":1,"publisher":{"@id":"https:\/\/www.escapadarural.com\/blog\/#organization"},"image":{"@id":"https:\/\/www.escapadarural.com\/blog\/ruta-valle-de-cabuerniga-cantabria\/#primaryimage"},"thumbnailUrl":"https:\/\/www.escapadarural.com\/blog\/wp-content\/uploads\/2023\/05\/cabuerniga.webp","keywords":["Cabu\u00e9rniga","Cantabria","Cascadas","Primavera","pueblos","Saja","Valle de Cabu\u00e9rniga"],"articleSection":["Destinos"],"inLanguage":"es","potentialAction":[{"@type":"CommentAction","name":"Comment","target":["https:\/\/www.escapadarural.com\/blog\/ruta-valle-de-cabuerniga-cantabria\/#respond"]}]},{"@type":"WebPage","@id":"https:\/\/www.escapadarural.com\/blog\/ruta-valle-de-cabuerniga-cantabria\/","url":"https:\/\/www.escapadarural.com\/blog\/ruta-valle-de-cabuerniga-cantabria\/","name":"Hadas, r\u00edos y secuoyas gigantes en el valle de Cabu\u00e9rniga - EscapadaRural","isPartOf":{"@id":"https:\/\/www.escapadarural.com\/blog\/#website"},"primaryImageOfPage":{"@id":"https:\/\/www.escapadarural.com\/blog\/ruta-valle-de-cabuerniga-cantabria\/#primaryimage"},"image":{"@id":"https:\/\/www.escapadarural.com\/blog\/ruta-valle-de-cabuerniga-cantabria\/#primaryimage"},"thumbnailUrl":"https:\/\/www.escapadarural.com\/blog\/wp-content\/uploads\/2023\/05\/cabuerniga.webp","datePublished":"2023-05-01T09:52:00+00:00","dateModified":"2026-02-05T13:17:57+00:00","breadcrumb":{"@id":"https:\/\/www.escapadarural.com\/blog\/ruta-valle-de-cabuerniga-cantabria\/#breadcrumb"},"inLanguage":"es","potentialAction":[{"@type":"ReadAction","target":["https:\/\/www.escapadarural.com\/blog\/ruta-valle-de-cabuerniga-cantabria\/"]}]},{"@type":"ImageObject","inLanguage":"es","@id":"https:\/\/www.escapadarural.com\/blog\/ruta-valle-de-cabuerniga-cantabria\/#primaryimage","url":"https:\/\/www.escapadarural.com\/blog\/wp-content\/uploads\/2023\/05\/cabuerniga.webp","contentUrl":"https:\/\/www.escapadarural.com\/blog\/wp-content\/uploads\/2023\/05\/cabuerniga.webp","width":1024,"height":682,"caption":"Saja-Besaya, Cabu\u00e9rniga (Cantabria). Por Noradoa"},{"@type":"BreadcrumbList","@id":"https:\/\/www.escapadarural.com\/blog\/ruta-valle-de-cabuerniga-cantabria\/#breadcrumb","itemListElement":[{"@type":"ListItem","position":1,"name":"Inicio","item":"https:\/\/www.escapadarural.com\/blog\/"},{"@type":"ListItem","position":2,"name":"Destinos","item":"https:\/\/www.escapadarural.com\/blog\/categoria\/destinos\/"},{"@type":"ListItem","position":3,"name":"Hadas, r\u00edos y secuoyas gigantes en el valle de Cabu\u00e9rniga"}]},{"@type":"WebSite","@id":"https:\/\/www.escapadarural.com\/blog\/#website","url":"https:\/\/www.escapadarural.com\/blog\/","name":"Blog de viajes | turismo rural, alojamientos e inspiraci\u00f3n","description":"Alojamientos rurales e inspiraci\u00f3n para tus escapadas","publisher":{"@id":"https:\/\/www.escapadarural.com\/blog\/#organization"},"alternateName":"Magazine de viajes de EscapadaRural","potentialAction":[{"@type":"SearchAction","target":{"@type":"EntryPoint","urlTemplate":"https:\/\/www.escapadarural.com\/blog\/?s={search_term_string}"},"query-input":{"@type":"PropertyValueSpecification","valueRequired":true,"valueName":"search_term_string"}}],"inLanguage":"es"},{"@type":"Organization","@id":"https:\/\/www.escapadarural.com\/blog\/#organization","name":"EscapadaRural","url":"https:\/\/www.escapadarural.com\/blog\/","logo":{"@type":"ImageObject","inLanguage":"es","@id":"https:\/\/www.escapadarural.com\/blog\/#\/schema\/logo\/image\/","url":"https:\/\/www.escapadarural.com\/blog\/wp-content\/uploads\/2024\/10\/cropped-cropped-escapada-rural-icon-mag-3.png","contentUrl":"https:\/\/www.escapadarural.com\/blog\/wp-content\/uploads\/2024\/10\/cropped-cropped-escapada-rural-icon-mag-3.png","width":512,"height":512,"caption":"EscapadaRural"},"image":{"@id":"https:\/\/www.escapadarural.com\/blog\/#\/schema\/logo\/image\/"},"sameAs":["https:\/\/www.facebook.com\/escapadarural","https:\/\/www.instagram.com\/escapadarural\/","https:\/\/www.youtube.com\/@escapadaruralcom"]},{"@type":"Person","@id":"https:\/\/www.escapadarural.com\/blog\/#\/schema\/person\/a35333ebe220a27bd3ecb45c677314e0","name":"Marcos Pereda","image":{"@type":"ImageObject","inLanguage":"es","@id":"https:\/\/secure.gravatar.com\/avatar\/5a58b7337ea3f90739cbfb1796d648e179a8cefe2b42cc0f7bb537317045f4ab?s=96&d=mm&r=g","url":"https:\/\/secure.gravatar.com\/avatar\/5a58b7337ea3f90739cbfb1796d648e179a8cefe2b42cc0f7bb537317045f4ab?s=96&d=mm&r=g","contentUrl":"https:\/\/secure.gravatar.com\/avatar\/5a58b7337ea3f90739cbfb1796d648e179a8cefe2b42cc0f7bb537317045f4ab?s=96&d=mm&r=g","caption":"Marcos Pereda"},"url":"https:\/\/www.escapadarural.com\/blog\/autor\/marcos\/"}]}},"_links":{"self":[{"href":"https:\/\/www.escapadarural.com\/blog\/wp-json\/wp\/v2\/posts\/61154","targetHints":{"allow":["GET"]}}],"collection":[{"href":"https:\/\/www.escapadarural.com\/blog\/wp-json\/wp\/v2\/posts"}],"about":[{"href":"https:\/\/www.escapadarural.com\/blog\/wp-json\/wp\/v2\/types\/post"}],"author":[{"embeddable":true,"href":"https:\/\/www.escapadarural.com\/blog\/wp-json\/wp\/v2\/users\/153"}],"replies":[{"embeddable":true,"href":"https:\/\/www.escapadarural.com\/blog\/wp-json\/wp\/v2\/comments?post=61154"}],"version-history":[{"count":0,"href":"https:\/\/www.escapadarural.com\/blog\/wp-json\/wp\/v2\/posts\/61154\/revisions"}],"wp:featuredmedia":[{"embeddable":true,"href":"https:\/\/www.escapadarural.com\/blog\/wp-json\/wp\/v2\/media\/197692"}],"wp:attachment":[{"href":"https:\/\/www.escapadarural.com\/blog\/wp-json\/wp\/v2\/media?parent=61154"}],"wp:term":[{"taxonomy":"category","embeddable":true,"href":"https:\/\/www.escapadarural.com\/blog\/wp-json\/wp\/v2\/categories?post=61154"},{"taxonomy":"post_tag","embeddable":true,"href":"https:\/\/www.escapadarural.com\/blog\/wp-json\/wp\/v2\/tags?post=61154"}],"curies":[{"name":"wp","href":"https:\/\/api.w.org\/{rel}","templated":true}]}}