{"id":62101,"date":"2023-05-11T07:27:00","date_gmt":"2023-05-11T06:27:00","guid":{"rendered":"https:\/\/www.escapadarural.com\/blog\/?p=62101"},"modified":"2026-02-17T17:17:32","modified_gmt":"2026-02-17T16:17:32","slug":"almeria-a-granada-por-camino-mozarabe","status":"publish","type":"post","link":"https:\/\/www.escapadarural.com\/blog\/almeria-a-granada-por-camino-mozarabe\/","title":{"rendered":"De Almer\u00eda a Granada por el Camino Moz\u00e1rabe: joyas naturales y mucha historia"},"content":{"rendered":"\n<figure class=\"wp-block-image size-full\"><a href=\"https:\/\/www.escapadarural.com\/blog\/wp-content\/uploads\/2024\/10\/AL_Almeria_Alcazaba_014.jpg\"><img decoding=\"async\" src=\"https:\/\/www.escapadarural.com\/blog\/wp-content\/uploads\/2024\/10\/AL_Almeria_Alcazaba_014.jpg\" alt=\"Alcazaba de Almer\u00eda, Camino Moz\u00e1rabe\" class=\"wp-image-62147\"\/><\/a><figcaption class=\"wp-element-caption\">Por: Empresa P\u00fablica para la Gesti\u00f3n del Turismo y del Deporte de Andaluc\u00eda<\/figcaption><\/figure>\n\n\n\n<p><a href=\"https:\/\/www.escapadarural.com\/casas-rurales\/almeria\" target=\"_blank\" rel=\"noreferrer noopener\">Almer\u00eda<\/a> es mucho m\u00e1s que sol, playa o la mayor huerta de Europa. Una manera de descubrirlo es partir de la ciudad, a pie o en bicicleta, para emprender el <strong>Camino Moz\u00e1rabe<\/strong>, un recorrido jacobeo que propone cruzar la Pen\u00ednsula Ib\u00e9rica de sur a norte hasta culminar en Santiago de Compostela (1.395 kil\u00f3metros en total). Vamos a explorar, etapa por etapa, este primer tramo hasta llegar a la ciudad de <a href=\"https:\/\/www.escapadarural.com\/casas-rurales\/granada\" target=\"_blank\" rel=\"noreferrer noopener\">Granada<\/a>.<\/p>\n\n\n\n<p>Es una buena excusa para conocer la <strong>Almer\u00eda y la Granada m\u00e1s rurales<\/strong>, ricas en naturaleza y en cultura, sin olvidar su gastronom\u00eda ni sus noches estrelladas. Desde el Portus Magnus romano que fue la gran bah\u00eda de Almer\u00eda, llegaremos a Guadix y despu\u00e9s a la <strong>Alhambra de Granada<\/strong> caminando por antiguas calzadas, encadenando los valles de los r\u00edos Andarax y Nacimiento, atravesando la hipn\u00f3tica Hoya de Guadix y las estribaciones de Sierra Nevada, en unos 199 kil\u00f3metros. \u00bfNos acompa\u00f1as?<\/p>\n\n\n\n<h2 class=\"wp-block-heading\" id=\"h-las-etapas-del-camino-mozarabe-de-almeria-a-granada\">Las etapas del Camino Moz\u00e1rabe de Almer\u00eda a Granada<\/h2>\n\n\n\n<figure class=\"wp-block-image size-full\"><a href=\"https:\/\/www.escapadarural.com\/blog\/wp-content\/uploads\/2024\/10\/AL_Tabernas_Paisajes_1.jpg\"><img decoding=\"async\" src=\"https:\/\/www.escapadarural.com\/blog\/wp-content\/uploads\/2024\/10\/AL_Tabernas_Paisajes_1.jpg\" alt=\"Tabernas\" class=\"wp-image-62151\"\/><\/a><figcaption class=\"wp-element-caption\">Por: Empresa P\u00fablica para la Gesti\u00f3n del Turismo y del Deporte de Andaluc\u00eda<\/figcaption><\/figure>\n\n\n\n<h3 class=\"wp-block-heading\" id=\"h-almeria-rioja-15-09-km\">Almer\u00eda \u2013 Rioja (15,09 km)<\/h3>\n\n\n\n<p>Se sale de la Catedral \u2018fortaleza\u2019 de Almer\u00eda, en el casco antiguo, hasta llegar a<strong> Hu\u00e9rcal de Almer\u00eda<\/strong>. Dejando atr\u00e1s el entramado urbano y siguiendo la colorida vega del r\u00edo Andarax, se entra en Pechina, se contin\u00faa por las ruinas de <strong>Bayyana<\/strong> para llegar a Rioja, donde podemos descansar en el albergue municipal El Moz\u00e1rabe.<\/p>\n\n\n\n<h3 class=\"wp-block-heading\" id=\"h-rioja-alboloduy-23-67-km\">Rioja \u2013 Alboloduy (23,67 km)<\/h3>\n\n\n\n<p>Atravesando Rioja, y por el Camino Hist\u00f3rico de Quiciliana, entre huertas y cortijos, alcanzaremos Santa Fe de Mond\u00fajar. Seguimos en ascenso por la Torre Nazar\u00ed, que nos lleva a la <strong>Sierra de los Filabres<\/strong>, dejando atr\u00e1s el imponente puente de hierro del ferrocarril que se atribuye a Gustavo Eiffel. Una jornada corta en distancia, pero por sendas estrechas con fuertes ascensos, ramblas y acequias, vegas regadas que rompen con los <strong>paisajes subdes\u00e9rticos <\/strong>e impresionantes panor\u00e1micas de la Alpujarra almeriense. En el recorrido tendremos vistas del parque natural de Sierra Nevada y de sus pueblos blancos, de casas api\u00f1adas y callejas laber\u00ednticas que esconden m\u00e1gicos rincones.<\/p>\n\n\n\n<h3 class=\"wp-block-heading\" id=\"h-alboloduy-abla-28-63-km\">Alboloduy \u2013 Abla (28,63 km)<\/h3>\n\n\n\n<p>Es la etapa m\u00e1s larga de este tramo. Cuenta con 3 albergues de peregrinos y un alojamiento privado. Parte de <strong>Alboloduy<\/strong>, pueblo que parece sacado de una postal navide\u00f1a. Durante el camino atravesaremos un singular paisaje de contrastes, entre abundante vegetaci\u00f3n, senderos escarpados, un t\u00fanel natural de ca\u00f1as y elementos que nos revelar\u00e1n la importancia de la actividad agraria y minera de la zona: eras, molinos, almazaras, infraestructuras de riego, cortijos de pizarra y pozos. Abla recibe al peregrino en su singular <strong>Mausoleo Romano<\/strong>, del siglo II y car\u00e1cter funerario.<\/p>\n\n\n\n<h3 class=\"wp-block-heading\" id=\"h-abla-hueneja-20-94-km\">Abla \u2013 Hu\u00e9neja (20,94 km)<\/h3>\n\n\n\n<p>Arrancamos a los pies de la siempre imponente Sierra Nevada, hacia <strong>El Camino Real<\/strong> -el hist\u00f3rico entre Granada y Almer\u00eda-. Pasaremos por el pueblo de Fi\u00f1ana, conocido porque en su alcazaba durmieron los Reyes Cat\u00f3licos yendo hacia la conquista del reino de Granada en 1489; tambi\u00e9n destacan su aljibe y su mezquita almohade. Desde Venta Ratonera entraremos ya en la provincia de Granada. Hay un alojamiento privado y dos albergues de peregrinos.<\/p>\n\n\n\n<h3 class=\"wp-block-heading\" id=\"h-hueneja-alquife-18-05-km\">Hu\u00e9neja \u2013 Alquife (18,05 km)<\/h3>\n\n\n\n<p>Una jornada de contrastes que discurre entre paisajes \u00e1ridos, alta monta\u00f1a y el impresionante llano del Marquesado del Zenete, antes minero y ahora creador de energ\u00eda verde. Caminaremos por los pueblos de<strong> D\u00f3lar y Ferreira<\/strong>, con ruinas medievales, moriscas y mineras. Vale la pena hacer una pausa en el camino para visitar el <strong>Castillo de La Calahorra<\/strong>.<\/p>\n\n\n\n<figure class=\"wp-block-image size-full\"><a href=\"https:\/\/www.escapadarural.com\/blog\/wp-content\/uploads\/2024\/10\/GR_Moclin_Torre_de_Abril_01-1.jpg\"><img decoding=\"async\" src=\"https:\/\/www.escapadarural.com\/blog\/wp-content\/uploads\/2024\/10\/GR_Moclin_Torre_de_Abril_01-1.jpg\" alt=\"Torre de Abril, Granada\" class=\"wp-image-62150\"\/><\/a><figcaption class=\"wp-element-caption\">Por: Empresa P\u00fablica para la Gesti\u00f3n del Turismo y del Deporte de Andaluc\u00eda<\/figcaption><\/figure>\n\n\n\n<h3 class=\"wp-block-heading\" id=\"h-alquife-guadix-24-34-km\">Alquife \u2013 Guadix (24,34 km)<\/h3>\n\n\n\n<p>Partimos del lugar que, hasta finales del siglo XX, ha tenido las minas de hierro a cielo abierto m\u00e1s importantes de Espa\u00f1a, y eso se nota en su patrimonio y en el <strong>color rojo<\/strong> que lo abarca todo. Ascenderemos levemente las faldas de Sierra Nevada y proseguiremos hacia<a href=\"https:\/\/www.escapadarural.com\/casas-rurales\/jerez-del-marquesado\" target=\"_blank\" rel=\"noreferrer noopener\"> Jerez del Marquesado<\/a> y <a href=\"https:\/\/www.escapadarural.com\/casas-rurales\/cogollos-de-guadix\" target=\"_blank\" rel=\"noreferrer noopener\">Cogollos de Guadix<\/a> para acabar en Guadix, poblaci\u00f3n conocida por sus casas cueva habitadas y su espectacular catedral de la Encarnaci\u00f3n, primera sede episcopal de Hispania y faro que ilumina una tierra obstinadamente roja.<\/p>\n\n\n\n<h3 class=\"wp-block-heading\" id=\"h-guadix-la-peza-22-29-km\">Guadix \u2013 La Peza (22,29 km)<\/h3>\n\n\n\n<p>Atravesamos <a href=\"https:\/\/www.escapadarural.com\/casas-rurales\/guadix\" target=\"_blank\" rel=\"noreferrer noopener\">Guadix<\/a>, capital administrativa y econ\u00f3mica de la comarca que cuenta con un interesante patrimonio cultural, para llegar a la troglodita Purullena. Seguimos hacia Marchal para apreciar los fuertes contrastes entre los badlands de tonos rojizos y las vegas verdes, donde podremos deleitarnos con las c\u00e1rcavas que han sido declaradas <strong>Monumento Natural<\/strong>. Acabamos en La Peza, que mal conserva un castillo almohade y su casco urbano de origen morisco y cierto encanto, que cuenta con un albergue de peregrinos.<\/p>\n\n\n\n<h3 class=\"wp-block-heading\" id=\"h-la-peza-quentar-27-15-km\">La Peza \u2013 Qu\u00e9ntar (27,15 km)<\/h3>\n\n\n\n<p>Una jornada larga con mucha presencia de agua, pues caminaremos por la depresi\u00f3n del <strong>r\u00edo Aguas Blancas<\/strong> \u2014que separa Sierra Nevada de la Sierra de Hu\u00e9tor. Esta etapa podemos hacerla en dos tramos, caminando por la variante se\u00f1alizada que conduce al pintoresco <a href=\"https:\/\/www.escapadarural.com\/casas-rurales\/tocon-de-quentar\" target=\"_blank\" rel=\"noreferrer noopener\">Toc\u00f3n de Qu\u00e9ntar<\/a>. Cuenta con un albergue de peregrinos.<\/p>\n\n\n\n<h3 class=\"wp-block-heading\" id=\"h-quentar-granada-17-54-km\">Qu\u00e9ntar \u2013 Granada (17,54 km)<\/h3>\n\n\n\n<p>Comenzaremos a caminar por una pista que nos lleva a D\u00fadar, para luego seguir por un sendero en ascenso hacia el Canal de los franceses y descender despu\u00e9s al valle del r\u00edo Darro. Entrando en <a href=\"https:\/\/www.escapadarural.com\/casas-rurales\/granada\" target=\"_blank\" rel=\"noreferrer noopener\">Granada<\/a> por el Sacromonte, desde su abad\u00eda nos deslumbrar\u00e1n unas vistas impresionantes de la colina de la Alhambra, con la ciudad nazar\u00ed a sus pies. La entrada a la ciudad es de lo m\u00e1s especial, pues se penetra paralelo al r\u00edo, por la <strong>Carrera del Darro<\/strong> y bajo la ciudadela \u2018roja\u2019.<\/p>\n\n\n\n<h2 class=\"wp-block-heading\" id=\"h-donde-dormir\">\u00bfD\u00f3nde dormir?<\/h2>\n\n\n\n<figure class=\"wp-block-image size-large\"><a href=\"https:\/\/www.escapadarural.com\/blog\/wp-content\/uploads\/15-15_Carrera_del_Darro_Granada-scaled.jpg\"><img decoding=\"async\" src=\"https:\/\/www.escapadarural.com\/blog\/wp-content\/uploads\/2024\/10\/15-15_Carrera_del_Darro_Granada-1024x576-1.jpg\" alt=\"Carrera del Darro, Granada. Camino Moz\u00e1rabe\" class=\"wp-image-62152\"\/><\/a><figcaption class=\"wp-element-caption\">Por: Empresa P\u00fablica para la Gesti\u00f3n del Turismo y del Deporte de Andaluc\u00eda<\/figcaption><\/figure>\n\n\n\n<p>Las etapas mencionadas son la mejor sugerencia, dado que en los inicios y finales de cada caminata hay albergues y\/o alojamientos. Si un d\u00eda te sientes flojo o has tenido alg\u00fan problema y prefieres andar menos, y otro te animas y te ves con ganas y fuerzas de llegar m\u00e1s lejos, te recomendamos <strong>planificar la etapa <\/strong>en funci\u00f3n de los municipios que ofertan alg\u00fan tipo de establecimiento alojativo.<\/p>\n\n\n\n<p>Estos son todos los que disponen de alg\u00fan hotel, pensi\u00f3n, albergue o espacio habilitado para dormir: <a href=\"https:\/\/www.escapadarural.com\/casas-rurales\/almeria\" target=\"_blank\" rel=\"noreferrer noopener\">Almer\u00eda<\/a>, Rioja, <a href=\"https:\/\/www.escapadarural.com\/casas-rurales\/santa-fe-de-mondujar\" target=\"_blank\" rel=\"noreferrer noopener\">Santa Fe de Mond\u00fajar<\/a>, Santa Cruz de Marchena, Alboloduy, Nacimiento, Oca\u00f1a, <a href=\"https:\/\/www.escapadarural.com\/casas-rurales\/abla\" target=\"_blank\" rel=\"noreferrer noopener\">Abla<\/a>, Abrucena, <a href=\"https:\/\/www.escapadarural.com\/casas-rurales\/finana\" target=\"_blank\" rel=\"noreferrer noopener\">Fi\u00f1ana<\/a>, La Huertezuela, <a href=\"https:\/\/www.escapadarural.com\/casas-rurales\/hueneja\" target=\"_blank\" rel=\"noreferrer noopener\">Hu\u00e9neja<\/a>, <a href=\"https:\/\/www.escapadarural.com\/casas-rurales\/la-calahorra\" target=\"_blank\" rel=\"noreferrer noopener\">La Calahorra<\/a>, Alquife, <a href=\"https:\/\/www.escapadarural.com\/casas-rurales\/jerez-del-marquesado\" target=\"_blank\" rel=\"noreferrer noopener\">Jerez del Marquesado<\/a>, <a href=\"https:\/\/www.escapadarural.com\/casas-rurales\/cogollos-de-guadix\" target=\"_blank\" rel=\"noreferrer noopener\">Cogollos de Guadix<\/a>, <a href=\"https:\/\/www.escapadarural.com\/casas-rurales\/guadix\" target=\"_blank\" rel=\"noreferrer noopener\">Guadix<\/a>, <a href=\"https:\/\/www.escapadarural.com\/casas-rurales\/la-peza\" target=\"_blank\" rel=\"noreferrer noopener\">La Peza<\/a>, Toc\u00f3n de Qu\u00e9ntar, <a href=\"https:\/\/www.escapadarural.com\/casas-rurales\/quentar\" target=\"_blank\" rel=\"noreferrer noopener\">Qu\u00e9ntar<\/a> y <a href=\"https:\/\/www.escapadarural.com\/casas-rurales\/granada\" target=\"_blank\" rel=\"noreferrer noopener\">Granada<\/a>.<\/p>\n\n\n\n<h2 class=\"wp-block-heading\" id=\"h-puntos-de-interes-del-camino-mozarabe-de-almeria-a-granada\">Puntos de inter\u00e9s del Camino Moz\u00e1rabe de Almer\u00eda a Granada<\/h2>\n\n\n\n<figure class=\"wp-block-image size-full\"><a href=\"https:\/\/www.escapadarural.com\/blog\/wp-content\/uploads\/2024\/10\/GR_Pinos_Puente_Puente_de_la_Ciudad_02.jpg\"><img decoding=\"async\" src=\"https:\/\/www.escapadarural.com\/blog\/wp-content\/uploads\/2024\/10\/GR_Pinos_Puente_Puente_de_la_Ciudad_02.jpg\" alt=\"Camino Moz\u00e1rabe por Granada\" class=\"wp-image-62149\"\/><\/a><figcaption class=\"wp-element-caption\">Por: Empresa P\u00fablica para la Gesti\u00f3n del Turismo y del Deporte de Andaluc\u00eda<\/figcaption><\/figure>\n\n\n\n<p>Las etapas por las que transcurre el Camino Moz\u00e1rabe entre Almer\u00eda y Granada tienen muchos hitos en los que vale la pena pararse a respirar, contemplar sin prisas el entorno, descubrir paisajes ins\u00f3litos y explorar curiosos vestigios hist\u00f3ricos. Estos son los enclaves m\u00e1s relevantes:<\/p>\n\n\n\n<ul class=\"wp-block-list\">\n<li><strong>Desierto de Tabernas:<\/strong> Un territorio ind\u00f3mito que ha sido escenario de rodaje de pel\u00edculas m\u00edticas, como Por un pu\u00f1ado de d\u00f3lares o El bueno, el feo y el malo.<\/li>\n\n\n\n<li><strong>Enclave Arqueol\u00f3gico de Los Millares: <\/strong>Con 5.000 a\u00f1os a sus espaldas, est\u00e1 considerada como la primera ciudad del occidente europeo, y hoy es visitable. <\/li>\n\n\n\n<li><strong>Castillo de La Calahorra:<\/strong> Imponente, sobre una colina, se erigi\u00f3 en el siglo XVI. Levantado sobre las ruinas de una fortaleza andalus\u00ed, fue pionero de la arquitectura civil renacentista en la Pen\u00ednsula. Desde sus murallas se puede divisar la inmensa llanura del Marquesado de Zenete.<\/li>\n\n\n\n<li><strong>Desierto de los Coloraos y Parque Megal\u00edtico de Gorafe, en el Geoparque de Granada:<\/strong> Una aut\u00e9ntica joya natural que algunos comparan con el Gran Ca\u00f1\u00f3n del Colorado o con la Capadocia. El color rojo y sus profundas c\u00e1rcavas modelan un paisaje que guarda en sus dobleces hasta 240 d\u00f3lmenes. Adem\u00e1s, aqu\u00ed se encuentra el Complejo Astron\u00f3mico Los Coloraos, un destino Starlight de ensue\u00f1o.<\/li>\n\n\n\n<li><strong>Bosque Encantado de la Dehesa del Camarate:<\/strong> Un espacio natural m\u00e1gico formado por cerezos, arces, fresnos y sauces junto al r\u00edo Alhama. Un bosque con duende que es h\u00e1bitat de zorros, jabal\u00edes y ciervos y en oto\u00f1o adquiere unas tonalidades espectaculares.<\/li>\n\n\n\n<li><strong>C\u00e1rcavas de Marchal:<\/strong> Un aut\u00e9ntico monumento natural de m\u00e1s de cinco hect\u00e1reas: un macizo arcilloso de tonalidades rojizas y amarillentas con profundas hendiduras hechas por la acci\u00f3n del viento y el agua.<\/li>\n\n\n\n<li><strong>Mirador del Fin del Mundo:<\/strong> Ofrece una panor\u00e1mica espectacular de las badlands de Guadix, de las cumbres de Sierra Nevada y del que es el h\u00e1bitat en cueva m\u00e1s extenso del continente europeo.<\/li>\n\n\n\n<li><strong>Sierra Nevada:<\/strong> El m\u00edtico macizo que alberga m\u00e1s de 20 monta\u00f1as en 16 kil\u00f3metros de longitud, entre ellas, la m\u00e1s alta de la pen\u00ednsula: el Mulhac\u00e9n, con sus 3.479 metros de altitud.<\/li>\n\n\n\n<li><strong>Dehesa del Generalife:<\/strong> Antigua zona de caza de los sultanes, comprende un territorio de 458 hect\u00e1reas con un rico patrimonio natural y arqueol\u00f3gico. Tiene catalogadas m\u00e1s de 200 especies vegetales y 111 animales.<\/li>\n<\/ul>\n\n\n\n<h2 class=\"wp-block-heading\" id=\"h-gastronomia\">Gastronom\u00eda<\/h2>\n\n\n\n<figure class=\"wp-block-image size-full\"><a href=\"https:\/\/www.escapadarural.com\/blog\/wp-content\/uploads\/2024\/10\/GR_Guadix_Barrio_dlas_Cuevas_02.jpg\"><img decoding=\"async\" src=\"https:\/\/www.escapadarural.com\/blog\/wp-content\/uploads\/2024\/10\/GR_Guadix_Barrio_dlas_Cuevas_02.jpg\" alt=\"Barrio de las Cuevas, Guadix\" class=\"wp-image-62153\"\/><\/a><figcaption class=\"wp-element-caption\">Por: Empresa P\u00fablica para la Gesti\u00f3n del Turismo y del Deporte de Andaluc\u00eda<\/figcaption><\/figure>\n\n\n\n<p>La riqueza cultural y natural del <strong>Camino Moz\u00e1rabe<\/strong> entre Almer\u00eda y Granada se completa con su espectacular gastronom\u00eda, de proximidad y de gran calidad. El <strong>valle de Andarax<\/strong> es zona de c\u00edtricos, una dosis de vitamina C para nuestra caminata en invierno y primavera; tambi\u00e9n pasa por importantes vegas donde podr\u00e9is degustar productos de la llamada \u00abhuerta de Europa\u00bb, como el afamado tomate de la Ca\u00f1ada, reconocido con <strong>Indicaci\u00f3n Geogr\u00e1fica Protegida<\/strong>. De inter\u00e9s, los pescados de Almer\u00eda, las migas, el aceite de oliva virgen extra que se produce en Sierra Nevada, en Abla, Abrucena y Fi\u00f1ana, o vinos como el Alboloduy. Tambi\u00e9n podemos degustar quesos de cabra o frutos rojos, caso de fresas y cerezas.<\/p>\n\n\n\n<p>Por el contrario, seg\u00fan se asciende y aumentan los fr\u00edos, los usos culinarios se vuelven m\u00e1s contundentes. Guadix y el Marquesado son tierra de potajes y carnes, siendo muy recomendables su cochifrito, los embutidos y el jam\u00f3n de Charches; pero tambi\u00e9n es <strong>campo de cereal y vi\u00f1a<\/strong>. Sus vinos, curados en cueva, est\u00e1n acreditados con <strong>Denominaci\u00f3n de Origen<\/strong> y el pan de Alcudia tiene tanto reconocimiento como el propio de <strong>Alfacar \u2014Tr\u00f3polis<\/strong>, un complejo de aventura gastron\u00f3mica, es de visita obligada\u2014. No menor importancia tiene el cultivo de almendra ecol\u00f3gica, que nos ofrece panor\u00e1micas incre\u00edbles durante su floraci\u00f3n y es ingrediente principal de una reposter\u00eda de hond\u00edsima tradici\u00f3n.<\/p>\n\n\n\n<p>\u00a1Buen Camino!<\/p>\n\n\n\n<div class=\"wp-block-buttons is-layout-flex wp-block-buttons-is-layout-flex\"><\/div>\n\n\n\n<p>Con la colaboraci\u00f3n de la Consejer\u00eda de Turismo, Cultura y Deporte de la Junta de Andaluc\u00eda. Cofinanciado con el Programa Operativo FEDER de Andaluc\u00eda 2014-2020<\/p>\n","protected":false},"excerpt":{"rendered":"<p>Una manera de descubrir Almer\u00eda es partir de la ciudad para emprender el Camino Moz\u00e1rabe hasta llegar a la ciudad de Granada.<\/p>\n","protected":false},"author":123,"featured_media":204413,"comment_status":"open","ping_status":"open","sticky":false,"template":"","format":"standard","meta":{"_acf_changed":false,"om_disable_all_campaigns":false,"footnotes":""},"categories":[1379],"tags":[355,448,260,616,5114,338],"class_list":["post-62101","post","type-post","status-publish","format-standard","has-post-thumbnail","hentry","category-rutas-y-excursiones","tag-que-ver-en-almeria","tag-que-ver-en-andalucia","tag-articulo","tag-camino-de-santiago","tag-camino-mozarabe","tag-que-ver-en-granada"],"acf":[],"featured_image_src":"https:\/\/www.escapadarural.com\/blog\/wp-content\/uploads\/2025\/07\/Montefrio.webp","author_info":{"display_name":"Raquel Andr\u00e9s","author_link":"https:\/\/www.escapadarural.com\/blog\/autor\/raquel\/"},"yoast_head":"<!-- This site is optimized with the Yoast SEO plugin v27.5 - https:\/\/yoast.com\/product\/yoast-seo-wordpress\/ -->\n<title>De Almer\u00eda a Granada por el Camino Moz\u00e1rabe: joyas naturales y mucha historia - EscapadaRural<\/title>\n<meta name=\"robots\" content=\"index, follow, max-snippet:-1, max-image-preview:large, max-video-preview:-1\" \/>\n<link rel=\"canonical\" href=\"https:\/\/www.escapadarural.com\/blog\/almeria-a-granada-por-camino-mozarabe\/\" \/>\n<meta property=\"og:locale\" content=\"es_ES\" \/>\n<meta property=\"og:type\" content=\"article\" \/>\n<meta property=\"og:title\" content=\"De Almer\u00eda a Granada por el Camino Moz\u00e1rabe: joyas naturales y mucha historia - EscapadaRural\" \/>\n<meta property=\"og:description\" content=\"Una manera de descubrir Almer\u00eda es partir de la ciudad para emprender el Camino Moz\u00e1rabe hasta llegar a la ciudad de Granada.\" \/>\n<meta property=\"og:url\" content=\"https:\/\/www.escapadarural.com\/blog\/almeria-a-granada-por-camino-mozarabe\/\" \/>\n<meta property=\"og:site_name\" content=\"Magazine de viajes de EscapadaRural\" \/>\n<meta property=\"article:publisher\" content=\"https:\/\/www.facebook.com\/escapadarural\" \/>\n<meta property=\"article:published_time\" content=\"2023-05-11T06:27:00+00:00\" \/>\n<meta property=\"article:modified_time\" content=\"2026-02-17T16:17:32+00:00\" \/>\n<meta property=\"og:image\" content=\"https:\/\/www.escapadarural.com\/blog\/wp-content\/uploads\/2025\/07\/Montefrio.webp\" \/>\n\t<meta property=\"og:image:width\" content=\"1200\" \/>\n\t<meta property=\"og:image:height\" content=\"675\" \/>\n\t<meta property=\"og:image:type\" content=\"image\/webp\" \/>\n<meta name=\"author\" content=\"Raquel Andr\u00e9s\" \/>\n<meta name=\"twitter:card\" content=\"summary_large_image\" \/>\n<meta name=\"twitter:label1\" content=\"Escrito por\" \/>\n\t<meta name=\"twitter:data1\" content=\"Raquel Andr\u00e9s\" \/>\n\t<meta name=\"twitter:label2\" content=\"Tiempo de lectura\" \/>\n\t<meta name=\"twitter:data2\" content=\"9 minutos\" \/>\n<script type=\"application\/ld+json\" class=\"yoast-schema-graph\">{\"@context\":\"https:\\\/\\\/schema.org\",\"@graph\":[{\"@type\":\"Article\",\"@id\":\"https:\\\/\\\/www.escapadarural.com\\\/blog\\\/almeria-a-granada-por-camino-mozarabe\\\/#article\",\"isPartOf\":{\"@id\":\"https:\\\/\\\/www.escapadarural.com\\\/blog\\\/almeria-a-granada-por-camino-mozarabe\\\/\"},\"author\":{\"name\":\"Raquel Andr\u00e9s\",\"@id\":\"https:\\\/\\\/www.escapadarural.com\\\/blog\\\/#\\\/schema\\\/person\\\/67be061eb00d8315fa8642e01b88c894\"},\"headline\":\"De Almer\u00eda a Granada por el Camino Moz\u00e1rabe: joyas naturales y mucha historia\",\"datePublished\":\"2023-05-11T06:27:00+00:00\",\"dateModified\":\"2026-02-17T16:17:32+00:00\",\"mainEntityOfPage\":{\"@id\":\"https:\\\/\\\/www.escapadarural.com\\\/blog\\\/almeria-a-granada-por-camino-mozarabe\\\/\"},\"wordCount\":1900,\"commentCount\":0,\"publisher\":{\"@id\":\"https:\\\/\\\/www.escapadarural.com\\\/blog\\\/#organization\"},\"image\":{\"@id\":\"https:\\\/\\\/www.escapadarural.com\\\/blog\\\/almeria-a-granada-por-camino-mozarabe\\\/#primaryimage\"},\"thumbnailUrl\":\"https:\\\/\\\/www.escapadarural.com\\\/blog\\\/wp-content\\\/uploads\\\/2025\\\/07\\\/Montefrio.webp\",\"keywords\":[\"Almer\u00eda\",\"Andaluc\u00eda\",\"art\u00edculo\",\"Camino de Santiago\",\"Camino Moz\u00e1rabe\",\"Granada\"],\"articleSection\":[\"Rutas y excursiones\"],\"inLanguage\":\"es\",\"potentialAction\":[{\"@type\":\"CommentAction\",\"name\":\"Comment\",\"target\":[\"https:\\\/\\\/www.escapadarural.com\\\/blog\\\/almeria-a-granada-por-camino-mozarabe\\\/#respond\"]}]},{\"@type\":\"WebPage\",\"@id\":\"https:\\\/\\\/www.escapadarural.com\\\/blog\\\/almeria-a-granada-por-camino-mozarabe\\\/\",\"url\":\"https:\\\/\\\/www.escapadarural.com\\\/blog\\\/almeria-a-granada-por-camino-mozarabe\\\/\",\"name\":\"De Almer\u00eda a Granada por el Camino Moz\u00e1rabe: joyas naturales y mucha historia - EscapadaRural\",\"isPartOf\":{\"@id\":\"https:\\\/\\\/www.escapadarural.com\\\/blog\\\/#website\"},\"primaryImageOfPage\":{\"@id\":\"https:\\\/\\\/www.escapadarural.com\\\/blog\\\/almeria-a-granada-por-camino-mozarabe\\\/#primaryimage\"},\"image\":{\"@id\":\"https:\\\/\\\/www.escapadarural.com\\\/blog\\\/almeria-a-granada-por-camino-mozarabe\\\/#primaryimage\"},\"thumbnailUrl\":\"https:\\\/\\\/www.escapadarural.com\\\/blog\\\/wp-content\\\/uploads\\\/2025\\\/07\\\/Montefrio.webp\",\"datePublished\":\"2023-05-11T06:27:00+00:00\",\"dateModified\":\"2026-02-17T16:17:32+00:00\",\"breadcrumb\":{\"@id\":\"https:\\\/\\\/www.escapadarural.com\\\/blog\\\/almeria-a-granada-por-camino-mozarabe\\\/#breadcrumb\"},\"inLanguage\":\"es\",\"potentialAction\":[{\"@type\":\"ReadAction\",\"target\":[\"https:\\\/\\\/www.escapadarural.com\\\/blog\\\/almeria-a-granada-por-camino-mozarabe\\\/\"]}]},{\"@type\":\"ImageObject\",\"inLanguage\":\"es\",\"@id\":\"https:\\\/\\\/www.escapadarural.com\\\/blog\\\/almeria-a-granada-por-camino-mozarabe\\\/#primaryimage\",\"url\":\"https:\\\/\\\/www.escapadarural.com\\\/blog\\\/wp-content\\\/uploads\\\/2025\\\/07\\\/Montefrio.webp\",\"contentUrl\":\"https:\\\/\\\/www.escapadarural.com\\\/blog\\\/wp-content\\\/uploads\\\/2025\\\/07\\\/Montefrio.webp\",\"width\":1200,\"height\":675,\"caption\":\"Montefr\u00edo. Por: KukiLadrondeGuevara\"},{\"@type\":\"BreadcrumbList\",\"@id\":\"https:\\\/\\\/www.escapadarural.com\\\/blog\\\/almeria-a-granada-por-camino-mozarabe\\\/#breadcrumb\",\"itemListElement\":[{\"@type\":\"ListItem\",\"position\":1,\"name\":\"Inicio\",\"item\":\"https:\\\/\\\/www.escapadarural.com\\\/blog\\\/\"},{\"@type\":\"ListItem\",\"position\":2,\"name\":\"Rutas y excursiones\",\"item\":\"https:\\\/\\\/www.escapadarural.com\\\/blog\\\/categoria\\\/rutas-y-excursiones\\\/\"},{\"@type\":\"ListItem\",\"position\":3,\"name\":\"De Almer\u00eda a Granada por el Camino Moz\u00e1rabe: joyas naturales y mucha historia\"}]},{\"@type\":\"WebSite\",\"@id\":\"https:\\\/\\\/www.escapadarural.com\\\/blog\\\/#website\",\"url\":\"https:\\\/\\\/www.escapadarural.com\\\/blog\\\/\",\"name\":\"Blog de viajes | turismo rural, alojamientos e inspiraci\u00f3n\",\"description\":\"Alojamientos rurales e inspiraci\u00f3n para tus escapadas\",\"publisher\":{\"@id\":\"https:\\\/\\\/www.escapadarural.com\\\/blog\\\/#organization\"},\"alternateName\":\"Magazine de viajes de EscapadaRural\",\"potentialAction\":[{\"@type\":\"SearchAction\",\"target\":{\"@type\":\"EntryPoint\",\"urlTemplate\":\"https:\\\/\\\/www.escapadarural.com\\\/blog\\\/?s={search_term_string}\"},\"query-input\":{\"@type\":\"PropertyValueSpecification\",\"valueRequired\":true,\"valueName\":\"search_term_string\"}}],\"inLanguage\":\"es\"},{\"@type\":\"Organization\",\"@id\":\"https:\\\/\\\/www.escapadarural.com\\\/blog\\\/#organization\",\"name\":\"EscapadaRural\",\"url\":\"https:\\\/\\\/www.escapadarural.com\\\/blog\\\/\",\"logo\":{\"@type\":\"ImageObject\",\"inLanguage\":\"es\",\"@id\":\"https:\\\/\\\/www.escapadarural.com\\\/blog\\\/#\\\/schema\\\/logo\\\/image\\\/\",\"url\":\"https:\\\/\\\/www.escapadarural.com\\\/blog\\\/wp-content\\\/uploads\\\/2024\\\/10\\\/cropped-cropped-escapada-rural-icon-mag-3.png\",\"contentUrl\":\"https:\\\/\\\/www.escapadarural.com\\\/blog\\\/wp-content\\\/uploads\\\/2024\\\/10\\\/cropped-cropped-escapada-rural-icon-mag-3.png\",\"width\":512,\"height\":512,\"caption\":\"EscapadaRural\"},\"image\":{\"@id\":\"https:\\\/\\\/www.escapadarural.com\\\/blog\\\/#\\\/schema\\\/logo\\\/image\\\/\"},\"sameAs\":[\"https:\\\/\\\/www.facebook.com\\\/escapadarural\",\"https:\\\/\\\/www.instagram.com\\\/escapadarural\\\/\",\"https:\\\/\\\/www.youtube.com\\\/@escapadaruralcom\"]},{\"@type\":\"Person\",\"@id\":\"https:\\\/\\\/www.escapadarural.com\\\/blog\\\/#\\\/schema\\\/person\\\/67be061eb00d8315fa8642e01b88c894\",\"name\":\"Raquel Andr\u00e9s\",\"image\":{\"@type\":\"ImageObject\",\"inLanguage\":\"es\",\"@id\":\"https:\\\/\\\/secure.gravatar.com\\\/avatar\\\/b45840531462f3cafb335a9fc5c0bfda2c07c3df4b82b304b923526b85cc6cb5?s=96&d=mm&r=g\",\"url\":\"https:\\\/\\\/secure.gravatar.com\\\/avatar\\\/b45840531462f3cafb335a9fc5c0bfda2c07c3df4b82b304b923526b85cc6cb5?s=96&d=mm&r=g\",\"contentUrl\":\"https:\\\/\\\/secure.gravatar.com\\\/avatar\\\/b45840531462f3cafb335a9fc5c0bfda2c07c3df4b82b304b923526b85cc6cb5?s=96&d=mm&r=g\",\"caption\":\"Raquel Andr\u00e9s\"},\"description\":\"Periodista y aventurera. Me has podido leer en Escapada Rural, Diari Nosaltres La Veu, La Vanguardia, El Salto y otros medios. Habitante y amante de las zonas rurales, sea cual sea el destino. Procuro escaparme una vez por semana con las botas de monta\u00f1a, el arn\u00e9s o el neopreno. Tambi\u00e9n soy un intento de baserritarra.\",\"url\":\"https:\\\/\\\/www.escapadarural.com\\\/blog\\\/autor\\\/raquel\\\/\"}]}<\/script>\n<!-- \/ Yoast SEO plugin. -->","yoast_head_json":{"title":"De Almer\u00eda a Granada por el Camino Moz\u00e1rabe: joyas naturales y mucha historia - EscapadaRural","robots":{"index":"index","follow":"follow","max-snippet":"max-snippet:-1","max-image-preview":"max-image-preview:large","max-video-preview":"max-video-preview:-1"},"canonical":"https:\/\/www.escapadarural.com\/blog\/almeria-a-granada-por-camino-mozarabe\/","og_locale":"es_ES","og_type":"article","og_title":"De Almer\u00eda a Granada por el Camino Moz\u00e1rabe: joyas naturales y mucha historia - EscapadaRural","og_description":"Una manera de descubrir Almer\u00eda es partir de la ciudad para emprender el Camino Moz\u00e1rabe hasta llegar a la ciudad de Granada.","og_url":"https:\/\/www.escapadarural.com\/blog\/almeria-a-granada-por-camino-mozarabe\/","og_site_name":"Magazine de viajes de EscapadaRural","article_publisher":"https:\/\/www.facebook.com\/escapadarural","article_published_time":"2023-05-11T06:27:00+00:00","article_modified_time":"2026-02-17T16:17:32+00:00","og_image":[{"width":1200,"height":675,"url":"https:\/\/www.escapadarural.com\/blog\/wp-content\/uploads\/2025\/07\/Montefrio.webp","type":"image\/webp"}],"author":"Raquel Andr\u00e9s","twitter_card":"summary_large_image","twitter_misc":{"Escrito por":"Raquel Andr\u00e9s","Tiempo de lectura":"9 minutos"},"schema":{"@context":"https:\/\/schema.org","@graph":[{"@type":"Article","@id":"https:\/\/www.escapadarural.com\/blog\/almeria-a-granada-por-camino-mozarabe\/#article","isPartOf":{"@id":"https:\/\/www.escapadarural.com\/blog\/almeria-a-granada-por-camino-mozarabe\/"},"author":{"name":"Raquel Andr\u00e9s","@id":"https:\/\/www.escapadarural.com\/blog\/#\/schema\/person\/67be061eb00d8315fa8642e01b88c894"},"headline":"De Almer\u00eda a Granada por el Camino Moz\u00e1rabe: joyas naturales y mucha historia","datePublished":"2023-05-11T06:27:00+00:00","dateModified":"2026-02-17T16:17:32+00:00","mainEntityOfPage":{"@id":"https:\/\/www.escapadarural.com\/blog\/almeria-a-granada-por-camino-mozarabe\/"},"wordCount":1900,"commentCount":0,"publisher":{"@id":"https:\/\/www.escapadarural.com\/blog\/#organization"},"image":{"@id":"https:\/\/www.escapadarural.com\/blog\/almeria-a-granada-por-camino-mozarabe\/#primaryimage"},"thumbnailUrl":"https:\/\/www.escapadarural.com\/blog\/wp-content\/uploads\/2025\/07\/Montefrio.webp","keywords":["Almer\u00eda","Andaluc\u00eda","art\u00edculo","Camino de Santiago","Camino Moz\u00e1rabe","Granada"],"articleSection":["Rutas y excursiones"],"inLanguage":"es","potentialAction":[{"@type":"CommentAction","name":"Comment","target":["https:\/\/www.escapadarural.com\/blog\/almeria-a-granada-por-camino-mozarabe\/#respond"]}]},{"@type":"WebPage","@id":"https:\/\/www.escapadarural.com\/blog\/almeria-a-granada-por-camino-mozarabe\/","url":"https:\/\/www.escapadarural.com\/blog\/almeria-a-granada-por-camino-mozarabe\/","name":"De Almer\u00eda a Granada por el Camino Moz\u00e1rabe: joyas naturales y mucha historia - EscapadaRural","isPartOf":{"@id":"https:\/\/www.escapadarural.com\/blog\/#website"},"primaryImageOfPage":{"@id":"https:\/\/www.escapadarural.com\/blog\/almeria-a-granada-por-camino-mozarabe\/#primaryimage"},"image":{"@id":"https:\/\/www.escapadarural.com\/blog\/almeria-a-granada-por-camino-mozarabe\/#primaryimage"},"thumbnailUrl":"https:\/\/www.escapadarural.com\/blog\/wp-content\/uploads\/2025\/07\/Montefrio.webp","datePublished":"2023-05-11T06:27:00+00:00","dateModified":"2026-02-17T16:17:32+00:00","breadcrumb":{"@id":"https:\/\/www.escapadarural.com\/blog\/almeria-a-granada-por-camino-mozarabe\/#breadcrumb"},"inLanguage":"es","potentialAction":[{"@type":"ReadAction","target":["https:\/\/www.escapadarural.com\/blog\/almeria-a-granada-por-camino-mozarabe\/"]}]},{"@type":"ImageObject","inLanguage":"es","@id":"https:\/\/www.escapadarural.com\/blog\/almeria-a-granada-por-camino-mozarabe\/#primaryimage","url":"https:\/\/www.escapadarural.com\/blog\/wp-content\/uploads\/2025\/07\/Montefrio.webp","contentUrl":"https:\/\/www.escapadarural.com\/blog\/wp-content\/uploads\/2025\/07\/Montefrio.webp","width":1200,"height":675,"caption":"Montefr\u00edo. Por: KukiLadrondeGuevara"},{"@type":"BreadcrumbList","@id":"https:\/\/www.escapadarural.com\/blog\/almeria-a-granada-por-camino-mozarabe\/#breadcrumb","itemListElement":[{"@type":"ListItem","position":1,"name":"Inicio","item":"https:\/\/www.escapadarural.com\/blog\/"},{"@type":"ListItem","position":2,"name":"Rutas y excursiones","item":"https:\/\/www.escapadarural.com\/blog\/categoria\/rutas-y-excursiones\/"},{"@type":"ListItem","position":3,"name":"De Almer\u00eda a Granada por el Camino Moz\u00e1rabe: joyas naturales y mucha historia"}]},{"@type":"WebSite","@id":"https:\/\/www.escapadarural.com\/blog\/#website","url":"https:\/\/www.escapadarural.com\/blog\/","name":"Blog de viajes | turismo rural, alojamientos e inspiraci\u00f3n","description":"Alojamientos rurales e inspiraci\u00f3n para tus escapadas","publisher":{"@id":"https:\/\/www.escapadarural.com\/blog\/#organization"},"alternateName":"Magazine de viajes de EscapadaRural","potentialAction":[{"@type":"SearchAction","target":{"@type":"EntryPoint","urlTemplate":"https:\/\/www.escapadarural.com\/blog\/?s={search_term_string}"},"query-input":{"@type":"PropertyValueSpecification","valueRequired":true,"valueName":"search_term_string"}}],"inLanguage":"es"},{"@type":"Organization","@id":"https:\/\/www.escapadarural.com\/blog\/#organization","name":"EscapadaRural","url":"https:\/\/www.escapadarural.com\/blog\/","logo":{"@type":"ImageObject","inLanguage":"es","@id":"https:\/\/www.escapadarural.com\/blog\/#\/schema\/logo\/image\/","url":"https:\/\/www.escapadarural.com\/blog\/wp-content\/uploads\/2024\/10\/cropped-cropped-escapada-rural-icon-mag-3.png","contentUrl":"https:\/\/www.escapadarural.com\/blog\/wp-content\/uploads\/2024\/10\/cropped-cropped-escapada-rural-icon-mag-3.png","width":512,"height":512,"caption":"EscapadaRural"},"image":{"@id":"https:\/\/www.escapadarural.com\/blog\/#\/schema\/logo\/image\/"},"sameAs":["https:\/\/www.facebook.com\/escapadarural","https:\/\/www.instagram.com\/escapadarural\/","https:\/\/www.youtube.com\/@escapadaruralcom"]},{"@type":"Person","@id":"https:\/\/www.escapadarural.com\/blog\/#\/schema\/person\/67be061eb00d8315fa8642e01b88c894","name":"Raquel Andr\u00e9s","image":{"@type":"ImageObject","inLanguage":"es","@id":"https:\/\/secure.gravatar.com\/avatar\/b45840531462f3cafb335a9fc5c0bfda2c07c3df4b82b304b923526b85cc6cb5?s=96&d=mm&r=g","url":"https:\/\/secure.gravatar.com\/avatar\/b45840531462f3cafb335a9fc5c0bfda2c07c3df4b82b304b923526b85cc6cb5?s=96&d=mm&r=g","contentUrl":"https:\/\/secure.gravatar.com\/avatar\/b45840531462f3cafb335a9fc5c0bfda2c07c3df4b82b304b923526b85cc6cb5?s=96&d=mm&r=g","caption":"Raquel Andr\u00e9s"},"description":"Periodista y aventurera. Me has podido leer en Escapada Rural, Diari Nosaltres La Veu, La Vanguardia, El Salto y otros medios. Habitante y amante de las zonas rurales, sea cual sea el destino. Procuro escaparme una vez por semana con las botas de monta\u00f1a, el arn\u00e9s o el neopreno. Tambi\u00e9n soy un intento de baserritarra.","url":"https:\/\/www.escapadarural.com\/blog\/autor\/raquel\/"}]}},"_links":{"self":[{"href":"https:\/\/www.escapadarural.com\/blog\/wp-json\/wp\/v2\/posts\/62101","targetHints":{"allow":["GET"]}}],"collection":[{"href":"https:\/\/www.escapadarural.com\/blog\/wp-json\/wp\/v2\/posts"}],"about":[{"href":"https:\/\/www.escapadarural.com\/blog\/wp-json\/wp\/v2\/types\/post"}],"author":[{"embeddable":true,"href":"https:\/\/www.escapadarural.com\/blog\/wp-json\/wp\/v2\/users\/123"}],"replies":[{"embeddable":true,"href":"https:\/\/www.escapadarural.com\/blog\/wp-json\/wp\/v2\/comments?post=62101"}],"version-history":[{"count":0,"href":"https:\/\/www.escapadarural.com\/blog\/wp-json\/wp\/v2\/posts\/62101\/revisions"}],"wp:featuredmedia":[{"embeddable":true,"href":"https:\/\/www.escapadarural.com\/blog\/wp-json\/wp\/v2\/media\/204413"}],"wp:attachment":[{"href":"https:\/\/www.escapadarural.com\/blog\/wp-json\/wp\/v2\/media?parent=62101"}],"wp:term":[{"taxonomy":"category","embeddable":true,"href":"https:\/\/www.escapadarural.com\/blog\/wp-json\/wp\/v2\/categories?post=62101"},{"taxonomy":"post_tag","embeddable":true,"href":"https:\/\/www.escapadarural.com\/blog\/wp-json\/wp\/v2\/tags?post=62101"}],"curies":[{"name":"wp","href":"https:\/\/api.w.org\/{rel}","templated":true}]}}