{"id":62233,"date":"2023-05-13T08:58:00","date_gmt":"2023-05-13T07:58:00","guid":{"rendered":"https:\/\/www.escapadarural.com\/blog\/?p=62233"},"modified":"2025-01-15T14:39:46","modified_gmt":"2025-01-15T12:39:46","slug":"en-ruta-por-castilla-la-mancha-de-cine","status":"publish","type":"post","link":"https:\/\/www.escapadarural.com\/blog\/en-ruta-por-castilla-la-mancha-de-cine\/","title":{"rendered":"Unas &#8216;Telma y Louise&#8217; especiales, en ruta por Castilla-La Mancha"},"content":{"rendered":"\n<figure class=\"wp-block-image size-large\"><a href=\"https:\/\/www.escapadarural.com\/blog\/wp-content\/uploads\/ruidera-2018-3-scaled.jpg\"><img decoding=\"async\" src=\"https:\/\/www.escapadarural.com\/blog\/wp-content\/uploads\/2024\/10\/ruidera-2018-3-1024x683-1.jpg\" alt=\"Ruidera\" class=\"wp-image-62237\"\/><\/a><figcaption class=\"wp-element-caption\">Por: \u00a9&nbsp;Turismo Castilla-La Mancha. David Bl\u00e1zquez<\/figcaption><\/figure>\n\n\n\n<p>Atenci\u00f3n, cin\u00e9filos: <a href=\"https:\/\/www.escapadarural.com\/casas-rurales\/castilla-la-mancha\" target=\"_blank\" rel=\"noreferrer noopener\">Castilla-La Mancha<\/a> se ha convertido en un set de rodaje gigante que est\u00e1 abarcando toda la regi\u00f3n. Por todo su territorio se han grabado seis cortometrajes inspirados en pel\u00edculas m\u00edticas que forman parte de nuestras vidas. <\/p>\n\n\n\n<p>Seguro que sus t\u00edtulos te suenan muy familiares: <em><strong>Albacete, que no es poco<\/strong><\/em>, un recorrido por sus pueblos, ciudades y rincones naturales; <em><strong>Memorias de Ciudad Real<\/strong><\/em>, en un evocador paisaje de gran diversidad natural; <em><strong>Jurassic Cuenca<\/strong><\/em>, una trepidante aventura por uno de los yacimientos paleontol\u00f3gicos m\u00e1s importantes de Europa; <em><strong>Bajo el sol de Guadalajara<\/strong><\/em>, la historia de una mujer cautivada y enamorada de esta provincia; <em><strong>Vacaciones en Toledo<\/strong><\/em>, eterna y milenaria.<\/p>\n\n\n\n<p>Y, por \u00faltimo, la alocada, entusiasta y gamberra <em>Tere&amp;Luisa<\/em>, sobre dos j\u00f3venes que huyen de sus rutinarias y mon\u00f3tonas vidas y parten hacia un destino tur\u00edstico desconocido, pero sorprendente: \u00a1Castilla-La Mancha! Unos reporteros han recibido el encargo de seguirlas, pero no las encuentran. \u00bfQu\u00e9 te parece ir tras los pasos de su alucinante viaje, por espectaculares <strong>parques naturales<\/strong> con una rica fauna y flora? Si\u00e9ntete como la estrella invitada de una pel\u00edcula rodada en un destino \u201cde cine\u201d de lo m\u00e1s genuino, lejos de las masificaciones.<\/p>\n\n\n\n<h2 class=\"wp-block-heading\"><strong>Los destinos de \u00abTere y Luisa\u00bb<\/strong><\/h2>\n\n\n\n<p>Castilla-La Mancha es la <strong>tercera comunidad aut\u00f3noma m\u00e1s extensa de Espa\u00f1a<\/strong> y nos ofrece nada menos que 365 planes tur\u00edsticos -uno por cada d\u00eda del a\u00f1o- para descubrirla. Las dos chicas que se han lanzado a la aventura a bordo de un descapotable est\u00e1n visitando entornos naturales con paisajes de gran valor cinematogr\u00e1fico. Si andas tras sus pasos, te chivamos algunos destinos por los que andan:<\/p>\n\n\n\n<h3 class=\"wp-block-heading\">Parque Natural Los Calares del Mundo y la Sima de Albacete<\/h3>\n\n\n\n<figure class=\"wp-block-image size-large\"><a href=\"https:\/\/www.escapadarural.com\/blog\/wp-content\/uploads\/rio-mundo-2016-1-scaled.jpg\"><img decoding=\"async\" src=\"https:\/\/www.escapadarural.com\/blog\/wp-content\/uploads\/2024\/10\/rio-mundo-2016-1-1024x726-1.jpg\" alt=\"R\u00edo Mundo\" class=\"wp-image-62236\"\/><\/a><figcaption class=\"wp-element-caption\">Por: \u00a9&nbsp;Turismo Castilla-La Mancha. David Bl\u00e1zquez<\/figcaption><\/figure>\n\n\n\n<p>Un sorprendente destino de pel\u00edcula, en la bella comarca de la <a href=\"https:\/\/www.escapadarural.com\/casas-rurales\/sierra-de-alcaraz\" target=\"_blank\" rel=\"noreferrer noopener\">Sierra del Segura<\/a>, con imposibles formaciones hidrogeol\u00f3gicas que se han ido configurando gracias a su elevado desarrollo k\u00e1rstico y con una gran diversidad y riqueza crom\u00e1tica. <\/p>\n\n\n\n<p>Predominan los calares, las simas, las uvalas, las dolinas -\u00a1hay 960 solo en el macizo del Calar del Mundo!- y sus m\u00faltiples cuevas, entre las que destacan la <strong>Cueva de los Chorros del Mundo<\/strong>, con m\u00e1s de 85 cavidades exploradas, y el <strong>Nacimiento del R\u00edo Mundo<\/strong>, con una impresionante ca\u00edda de agua de m\u00e1s de 80 metros y peque\u00f1as pozas, conocidas como \u00abcalderetas\u00bb.<\/p>\n\n\n\n<p>En este singular paraje podremos identificar m\u00e1s de 1.300 especies vegetales diferentes en medio de bosques de pinos, encinas y quejigos, adem\u00e1s de 174 especies de vertebrados. El pico m\u00e1s alto del lugar es la cumbre Mentiras, con 1.897 metros de altitud.<\/p>\n\n\n\n<h3 class=\"wp-block-heading\">Parque Natural Valle de Alcudia y Sierra Madrona de Ciudad Real<\/h3>\n\n\n\n<p>Echa un vistazo por los rincones m\u00e1s ind\u00f3mitos de este excepcional paraje para encontrar a \u00abTere y Luisa\u00bb, porque es m\u00e1s que probable que se hayan dejado llevar por su abrumadora naturaleza en estado virgen.<\/p>\n\n\n\n<p>Este parque natural cuenta con dos paisajes muy diferenciados: primero, una enorme extensi\u00f3n de dehesas pobladas por ganado en el <strong>Valle de Alcudia<\/strong>, con un infinito mar de encinas y pastizales; y segundo, las sierras y los montes del sur con un relieve quebrado de lo m\u00e1s peculiar, con crestones y pedrizas que dan forma a la <strong>Sierra Madrona<\/strong>, y por donde discurren muchos r\u00edos y arroyos que enriquecen el lugar con colores cambiantes y con importantes puntos de inter\u00e9s geol\u00f3gico, como hoces, ca\u00f1ones y clusas fluviales, cascadas naturales, humedales (estacionales y permanentes), cavidades y formas de origen volc\u00e1nico.<\/p>\n\n\n\n<p>No dejes de visitar la encina milenaria con una enorme copa bajo la cual se dice que pueden refugiarse hasta mil ovejas. Y si tenemos suerte, podremos llegar a contemplar animales de la talla del <strong>\u00e1guila imperial ib\u00e9rica<\/strong>, el buitre negro, la cig\u00fce\u00f1a negra, el lince ib\u00e9rico o el lobo ib\u00e9rico, adem\u00e1s de haber varias microrreservas de murci\u00e9lagos.<\/p>\n\n\n\n<h2 class=\"wp-block-heading\">Parque Natural de la Serran\u00eda de Cuenca<\/h2>\n\n\n\n<figure class=\"wp-block-image size-large\"><a href=\"https:\/\/www.escapadarural.com\/blog\/wp-content\/uploads\/Senderismo-Cuenca_Ventano_2-scaled.jpg\"><img decoding=\"async\" src=\"https:\/\/www.escapadarural.com\/blog\/wp-content\/uploads\/2024\/10\/Senderismo-Cuenca_Ventano_2-1024x683-1.jpg\" alt=\"Senderismo en Cuenca\" class=\"wp-image-62235\"\/><\/a><figcaption class=\"wp-element-caption\">Por: \u00a9&nbsp;Turismo Castilla-La Mancha. David Bl\u00e1zquez<\/figcaption><\/figure>\n\n\n\n<p>Un espacio que no creer\u00e1s que es real, de esos que solo se ven en las pel\u00edculas. El enclave m\u00e1s conocido es, sin duda, la Ciudad Encantada, declarado <strong>Sitio Natural de Inter\u00e9s Nacional<\/strong> gracias a su impresionante paisaje calc\u00e1reo, \u00fanico en el mundo, que ha sido esculpido por la acci\u00f3n erosiva del agua y del viento, y donde podremos contemplar rocas con nombres que evocan las formas que han adoptado: <em>el Perro<\/em>, <em>la Ballena<\/em>, <em>el Puente<\/em>, etc. Con menos aglomeraciones por ser algo menos conocido, pero igualmente sorprendente, podemos visitar los <strong>Callejones de Las Majadas<\/strong>, con piedras con siluetas de lo m\u00e1s singulares.<\/p>\n\n\n\n<p>Otro paseo de gran valor geol\u00f3gico es el de los <strong>Tormagales<\/strong>, que dibuja lo que parecen ciudades esculpidas por hadas y duendes, o el humedal del complejo palustre de U\u00f1a. En medio de este paisaje m\u00e1gico que parece sacado de una pel\u00edcula de fantas\u00eda podremos avistar una importante comunidad de aves como el buitre leonado y mam\u00edferos como corzos y ciervos.<\/p>\n\n\n\n<h2 class=\"wp-block-heading\">Parque Natural Sierra Norte de Guadalajara<\/h2>\n\n\n\n<p>Tambi\u00e9n conocida como \u00ab<a href=\"https:\/\/www.escapadarural.com\/casas-rurales\/sierra-de-ayllon\" target=\"_blank\" rel=\"noreferrer noopener\">Sierra de Ayll\u00f3n<\/a>\u00ab, aqu\u00ed es donde \u00abTere y Luisa\u00bb han cambiado los tacones por calzado de monta\u00f1a. Si seguimos sus pasos, nos adentraremos en el conjunto monta\u00f1oso con las cumbres m\u00e1s altas de Castilla-La Mancha, que son el Pico del Lobo (2.273 metros) y el Cerr\u00f3n (2.199 metros).<\/p>\n\n\n\n<p>Aqu\u00ed se ubican tres espacios naturales protegidos: el <strong>Hayedo de Tejera Negra<\/strong>, el Pico del Lobo Cebollera y la Reserva Fluvial del r\u00edo Pelagallinas. El entorno nos deja estampas \u00fanicas con una \u00abarquitectura negra\u00bb basada en la utilizaci\u00f3n de pizarras y cuarcitas.<\/p>\n\n\n\n<h2 class=\"wp-block-heading\">Parque Nacional de Caba\u00f1eros de Toledo<\/h2>\n\n\n\n<figure class=\"wp-block-image size-large\"><a href=\"https:\/\/www.escapadarural.com\/blog\/wp-content\/uploads\/cabaneros-1-scaled.jpg\"><img decoding=\"async\" src=\"https:\/\/www.escapadarural.com\/blog\/wp-content\/uploads\/2024\/10\/cabaneros-1-1024x565-1.jpg\" alt=\"Parque Nacional de Caba\u00f1eros en Castilla-La Mancha\" class=\"wp-image-62234\"\/><\/a><figcaption class=\"wp-element-caption\">Por: \u00a9&nbsp;Turismo Castilla-La Mancha. David Bl\u00e1zquez<\/figcaption><\/figure>\n\n\n\n<p>Si todav\u00eda no hab\u00e9is localizado el descapotable de las amigas aventureras, solo os queda escudri\u00f1ar esta joya natural, \u00fanica en el mundo.&nbsp;Aqu\u00ed sobrevive intacto el <strong>gran bosque mediterr\u00e1neo de Europa<\/strong>, con f\u00f3siles de m\u00e1s de 500 millones de a\u00f1os de antig\u00fcedad y con una gran diversidad de fauna ib\u00e9rica amenazada.<\/p>\n\n\n\n<p>Uno de los grandes atractivos de este espacio natural es la \u00e9poca de berrea -el ciclo biol\u00f3gico del apareamiento de los ciervos-, que dura semanas -a partir de septiembre- y con el que sus desgarradores y llamativos bramidos rompen el silencio del lugar.<\/p>\n\n\n\n<p>Silencio, c\u00e1mara y&#8230; \u00a1acci\u00f3n! Comienza el rodaje de las escenas de tu pel\u00edcula en <strong>Castilla-La Mancha<\/strong>.<\/p>\n\n\n\n<div class=\"wp-block-buttons is-layout-flex wp-block-buttons-is-layout-flex\"><\/div>\n\n\n\n<p>Contenido patrocinado por:<\/p>\n\n\n\n<figure class=\"wp-block-image size-full\"><a href=\"http:\/\/www.turismocastillalamancha.es\/\" target=\"_blank\"><img decoding=\"async\" src=\"https:\/\/www.escapadarural.com\/blog\/wp-content\/uploads\/2024\/10\/logos-CLM-1.jpg\" alt=\"\" class=\"wp-image-62274\"\/><\/a><\/figure>\n","protected":false},"excerpt":{"rendered":"<p>Castilla-La Mancha se ha convertido en un set de rodaje gigante que est\u00e1 abarcando toda la regi\u00f3n. \u00a1Mirad, mirad!<\/p>\n","protected":false},"author":123,"featured_media":97923,"comment_status":"open","ping_status":"open","sticky":false,"template":"","format":"standard","meta":{"_acf_changed":false,"om_disable_all_campaigns":false,"footnotes":""},"categories":[1379],"tags":[921,260,6029,570,1216,3653,1218,1706,5142,2940,274],"class_list":["post-62233","post","type-post","status-publish","format-standard","has-post-thumbnail","hentry","category-rutas-y-excursiones","tag-que-ver-en-albacete","tag-articulo","tag-que-ver-en-castilla-la-mancha","tag-que-ver-en-ciudad-real","tag-parque-nacional-de-cabaneros","tag-parque-natural-de-los-calares-del-mundo-y-de-la-sima","tag-rutas-en-castilla-la-mancha","tag-serrania-de-cuenca","tag-sierra-madrona","tag-sierra-norte-de-guadalajara","tag-turismo-rural"],"acf":[],"featured_image_src":"https:\/\/www.escapadarural.com\/blog\/wp-content\/uploads\/2024\/10\/ruidera-2018-3-1024x683-1.jpg","author_info":{"display_name":"Raquel Andr\u00e9s","author_link":"https:\/\/www.escapadarural.com\/blog\/autor\/raquel\/"},"yoast_head":"<!-- This site is optimized with the Yoast SEO plugin v27.5 - https:\/\/yoast.com\/product\/yoast-seo-wordpress\/ -->\n<title>Unas &#039;Telma y Louise&#039; especiales, en ruta por Castilla-La Mancha - EscapadaRural<\/title>\n<meta name=\"robots\" content=\"index, follow, max-snippet:-1, max-image-preview:large, max-video-preview:-1\" \/>\n<link rel=\"canonical\" href=\"https:\/\/www.escapadarural.com\/blog\/en-ruta-por-castilla-la-mancha-de-cine\/\" \/>\n<meta property=\"og:locale\" content=\"es_ES\" \/>\n<meta property=\"og:type\" content=\"article\" \/>\n<meta property=\"og:title\" content=\"Unas &#039;Telma y Louise&#039; especiales, en ruta por Castilla-La Mancha - EscapadaRural\" \/>\n<meta property=\"og:description\" content=\"Castilla-La Mancha se ha convertido en un set de rodaje gigante que est\u00e1 abarcando toda la regi\u00f3n. \u00a1Mirad, mirad!\" \/>\n<meta property=\"og:url\" content=\"https:\/\/www.escapadarural.com\/blog\/en-ruta-por-castilla-la-mancha-de-cine\/\" \/>\n<meta property=\"og:site_name\" content=\"Magazine de viajes de EscapadaRural\" \/>\n<meta property=\"article:publisher\" content=\"https:\/\/www.facebook.com\/escapadarural\" \/>\n<meta property=\"article:published_time\" content=\"2023-05-13T07:58:00+00:00\" \/>\n<meta property=\"article:modified_time\" content=\"2025-01-15T12:39:46+00:00\" \/>\n<meta property=\"og:image\" content=\"https:\/\/app.escapadarural.com\/blog\/wp-content\/uploads\/2024\/10\/ruidera-2018-3-1024x683-1.jpg\" \/>\n\t<meta property=\"og:image:width\" content=\"1024\" \/>\n\t<meta property=\"og:image:height\" content=\"683\" \/>\n\t<meta property=\"og:image:type\" content=\"image\/jpeg\" \/>\n<meta name=\"author\" content=\"Raquel Andr\u00e9s\" \/>\n<meta name=\"twitter:card\" content=\"summary_large_image\" \/>\n<meta name=\"twitter:label1\" content=\"Escrito por\" \/>\n\t<meta name=\"twitter:data1\" content=\"Raquel Andr\u00e9s\" \/>\n\t<meta name=\"twitter:label2\" content=\"Tiempo de lectura\" \/>\n\t<meta name=\"twitter:data2\" content=\"6 minutos\" \/>\n<script type=\"application\/ld+json\" class=\"yoast-schema-graph\">{\"@context\":\"https:\\\/\\\/schema.org\",\"@graph\":[{\"@type\":\"Article\",\"@id\":\"https:\\\/\\\/www.escapadarural.com\\\/blog\\\/en-ruta-por-castilla-la-mancha-de-cine\\\/#article\",\"isPartOf\":{\"@id\":\"https:\\\/\\\/www.escapadarural.com\\\/blog\\\/en-ruta-por-castilla-la-mancha-de-cine\\\/\"},\"author\":{\"name\":\"Raquel Andr\u00e9s\",\"@id\":\"https:\\\/\\\/www.escapadarural.com\\\/blog\\\/#\\\/schema\\\/person\\\/67be061eb00d8315fa8642e01b88c894\"},\"headline\":\"Unas &#8216;Telma y Louise&#8217; especiales, en ruta por Castilla-La Mancha\",\"datePublished\":\"2023-05-13T07:58:00+00:00\",\"dateModified\":\"2025-01-15T12:39:46+00:00\",\"mainEntityOfPage\":{\"@id\":\"https:\\\/\\\/www.escapadarural.com\\\/blog\\\/en-ruta-por-castilla-la-mancha-de-cine\\\/\"},\"wordCount\":1143,\"commentCount\":1,\"publisher\":{\"@id\":\"https:\\\/\\\/www.escapadarural.com\\\/blog\\\/#organization\"},\"image\":{\"@id\":\"https:\\\/\\\/www.escapadarural.com\\\/blog\\\/en-ruta-por-castilla-la-mancha-de-cine\\\/#primaryimage\"},\"thumbnailUrl\":\"https:\\\/\\\/www.escapadarural.com\\\/blog\\\/wp-content\\\/uploads\\\/2024\\\/10\\\/ruidera-2018-3-1024x683-1.jpg\",\"keywords\":[\"Albacete\",\"art\u00edculo\",\"Castilla-La Mancha\",\"Ciudad Real\",\"Parque Nacional de Caba\u00f1eros\",\"Parque Natural de los Calares del Mundo y de la Sima\",\"Rutas en Castilla-La Mancha\",\"Serran\u00eda de Cuenca\",\"Sierra Madrona\",\"Sierra Norte de Guadalajara\",\"turismo rural\"],\"articleSection\":[\"Rutas y excursiones\"],\"inLanguage\":\"es\",\"potentialAction\":[{\"@type\":\"CommentAction\",\"name\":\"Comment\",\"target\":[\"https:\\\/\\\/www.escapadarural.com\\\/blog\\\/en-ruta-por-castilla-la-mancha-de-cine\\\/#respond\"]}]},{\"@type\":\"WebPage\",\"@id\":\"https:\\\/\\\/www.escapadarural.com\\\/blog\\\/en-ruta-por-castilla-la-mancha-de-cine\\\/\",\"url\":\"https:\\\/\\\/www.escapadarural.com\\\/blog\\\/en-ruta-por-castilla-la-mancha-de-cine\\\/\",\"name\":\"Unas 'Telma y Louise' especiales, en ruta por Castilla-La Mancha - EscapadaRural\",\"isPartOf\":{\"@id\":\"https:\\\/\\\/www.escapadarural.com\\\/blog\\\/#website\"},\"primaryImageOfPage\":{\"@id\":\"https:\\\/\\\/www.escapadarural.com\\\/blog\\\/en-ruta-por-castilla-la-mancha-de-cine\\\/#primaryimage\"},\"image\":{\"@id\":\"https:\\\/\\\/www.escapadarural.com\\\/blog\\\/en-ruta-por-castilla-la-mancha-de-cine\\\/#primaryimage\"},\"thumbnailUrl\":\"https:\\\/\\\/www.escapadarural.com\\\/blog\\\/wp-content\\\/uploads\\\/2024\\\/10\\\/ruidera-2018-3-1024x683-1.jpg\",\"datePublished\":\"2023-05-13T07:58:00+00:00\",\"dateModified\":\"2025-01-15T12:39:46+00:00\",\"breadcrumb\":{\"@id\":\"https:\\\/\\\/www.escapadarural.com\\\/blog\\\/en-ruta-por-castilla-la-mancha-de-cine\\\/#breadcrumb\"},\"inLanguage\":\"es\",\"potentialAction\":[{\"@type\":\"ReadAction\",\"target\":[\"https:\\\/\\\/www.escapadarural.com\\\/blog\\\/en-ruta-por-castilla-la-mancha-de-cine\\\/\"]}]},{\"@type\":\"ImageObject\",\"inLanguage\":\"es\",\"@id\":\"https:\\\/\\\/www.escapadarural.com\\\/blog\\\/en-ruta-por-castilla-la-mancha-de-cine\\\/#primaryimage\",\"url\":\"https:\\\/\\\/www.escapadarural.com\\\/blog\\\/wp-content\\\/uploads\\\/2024\\\/10\\\/ruidera-2018-3-1024x683-1.jpg\",\"contentUrl\":\"https:\\\/\\\/www.escapadarural.com\\\/blog\\\/wp-content\\\/uploads\\\/2024\\\/10\\\/ruidera-2018-3-1024x683-1.jpg\",\"width\":1024,\"height\":683,\"caption\":\"Lagunas de Ruidera.\"},{\"@type\":\"BreadcrumbList\",\"@id\":\"https:\\\/\\\/www.escapadarural.com\\\/blog\\\/en-ruta-por-castilla-la-mancha-de-cine\\\/#breadcrumb\",\"itemListElement\":[{\"@type\":\"ListItem\",\"position\":1,\"name\":\"Inicio\",\"item\":\"https:\\\/\\\/www.escapadarural.com\\\/blog\\\/\"},{\"@type\":\"ListItem\",\"position\":2,\"name\":\"Rutas y excursiones\",\"item\":\"https:\\\/\\\/www.escapadarural.com\\\/blog\\\/categoria\\\/rutas-y-excursiones\\\/\"},{\"@type\":\"ListItem\",\"position\":3,\"name\":\"Unas &#8216;Telma y Louise&#8217; especiales, en ruta por Castilla-La Mancha\"}]},{\"@type\":\"WebSite\",\"@id\":\"https:\\\/\\\/www.escapadarural.com\\\/blog\\\/#website\",\"url\":\"https:\\\/\\\/www.escapadarural.com\\\/blog\\\/\",\"name\":\"Blog de viajes | turismo rural, alojamientos e inspiraci\u00f3n\",\"description\":\"Alojamientos rurales e inspiraci\u00f3n para tus escapadas\",\"publisher\":{\"@id\":\"https:\\\/\\\/www.escapadarural.com\\\/blog\\\/#organization\"},\"alternateName\":\"Magazine de viajes de EscapadaRural\",\"potentialAction\":[{\"@type\":\"SearchAction\",\"target\":{\"@type\":\"EntryPoint\",\"urlTemplate\":\"https:\\\/\\\/www.escapadarural.com\\\/blog\\\/?s={search_term_string}\"},\"query-input\":{\"@type\":\"PropertyValueSpecification\",\"valueRequired\":true,\"valueName\":\"search_term_string\"}}],\"inLanguage\":\"es\"},{\"@type\":\"Organization\",\"@id\":\"https:\\\/\\\/www.escapadarural.com\\\/blog\\\/#organization\",\"name\":\"EscapadaRural\",\"url\":\"https:\\\/\\\/www.escapadarural.com\\\/blog\\\/\",\"logo\":{\"@type\":\"ImageObject\",\"inLanguage\":\"es\",\"@id\":\"https:\\\/\\\/www.escapadarural.com\\\/blog\\\/#\\\/schema\\\/logo\\\/image\\\/\",\"url\":\"https:\\\/\\\/www.escapadarural.com\\\/blog\\\/wp-content\\\/uploads\\\/2024\\\/10\\\/cropped-cropped-escapada-rural-icon-mag-3.png\",\"contentUrl\":\"https:\\\/\\\/www.escapadarural.com\\\/blog\\\/wp-content\\\/uploads\\\/2024\\\/10\\\/cropped-cropped-escapada-rural-icon-mag-3.png\",\"width\":512,\"height\":512,\"caption\":\"EscapadaRural\"},\"image\":{\"@id\":\"https:\\\/\\\/www.escapadarural.com\\\/blog\\\/#\\\/schema\\\/logo\\\/image\\\/\"},\"sameAs\":[\"https:\\\/\\\/www.facebook.com\\\/escapadarural\",\"https:\\\/\\\/www.instagram.com\\\/escapadarural\\\/\",\"https:\\\/\\\/www.youtube.com\\\/@escapadaruralcom\"]},{\"@type\":\"Person\",\"@id\":\"https:\\\/\\\/www.escapadarural.com\\\/blog\\\/#\\\/schema\\\/person\\\/67be061eb00d8315fa8642e01b88c894\",\"name\":\"Raquel Andr\u00e9s\",\"image\":{\"@type\":\"ImageObject\",\"inLanguage\":\"es\",\"@id\":\"https:\\\/\\\/secure.gravatar.com\\\/avatar\\\/b45840531462f3cafb335a9fc5c0bfda2c07c3df4b82b304b923526b85cc6cb5?s=96&d=mm&r=g\",\"url\":\"https:\\\/\\\/secure.gravatar.com\\\/avatar\\\/b45840531462f3cafb335a9fc5c0bfda2c07c3df4b82b304b923526b85cc6cb5?s=96&d=mm&r=g\",\"contentUrl\":\"https:\\\/\\\/secure.gravatar.com\\\/avatar\\\/b45840531462f3cafb335a9fc5c0bfda2c07c3df4b82b304b923526b85cc6cb5?s=96&d=mm&r=g\",\"caption\":\"Raquel Andr\u00e9s\"},\"description\":\"Periodista y aventurera. Me has podido leer en Escapada Rural, Diari Nosaltres La Veu, La Vanguardia, El Salto y otros medios. Habitante y amante de las zonas rurales, sea cual sea el destino. Procuro escaparme una vez por semana con las botas de monta\u00f1a, el arn\u00e9s o el neopreno. Tambi\u00e9n soy un intento de baserritarra.\",\"url\":\"https:\\\/\\\/www.escapadarural.com\\\/blog\\\/autor\\\/raquel\\\/\"}]}<\/script>\n<!-- \/ Yoast SEO plugin. -->","yoast_head_json":{"title":"Unas 'Telma y Louise' especiales, en ruta por Castilla-La Mancha - EscapadaRural","robots":{"index":"index","follow":"follow","max-snippet":"max-snippet:-1","max-image-preview":"max-image-preview:large","max-video-preview":"max-video-preview:-1"},"canonical":"https:\/\/www.escapadarural.com\/blog\/en-ruta-por-castilla-la-mancha-de-cine\/","og_locale":"es_ES","og_type":"article","og_title":"Unas 'Telma y Louise' especiales, en ruta por Castilla-La Mancha - EscapadaRural","og_description":"Castilla-La Mancha se ha convertido en un set de rodaje gigante que est\u00e1 abarcando toda la regi\u00f3n. \u00a1Mirad, mirad!","og_url":"https:\/\/www.escapadarural.com\/blog\/en-ruta-por-castilla-la-mancha-de-cine\/","og_site_name":"Magazine de viajes de EscapadaRural","article_publisher":"https:\/\/www.facebook.com\/escapadarural","article_published_time":"2023-05-13T07:58:00+00:00","article_modified_time":"2025-01-15T12:39:46+00:00","og_image":[{"width":1024,"height":683,"url":"https:\/\/app.escapadarural.com\/blog\/wp-content\/uploads\/2024\/10\/ruidera-2018-3-1024x683-1.jpg","type":"image\/jpeg"}],"author":"Raquel Andr\u00e9s","twitter_card":"summary_large_image","twitter_misc":{"Escrito por":"Raquel Andr\u00e9s","Tiempo de lectura":"6 minutos"},"schema":{"@context":"https:\/\/schema.org","@graph":[{"@type":"Article","@id":"https:\/\/www.escapadarural.com\/blog\/en-ruta-por-castilla-la-mancha-de-cine\/#article","isPartOf":{"@id":"https:\/\/www.escapadarural.com\/blog\/en-ruta-por-castilla-la-mancha-de-cine\/"},"author":{"name":"Raquel Andr\u00e9s","@id":"https:\/\/www.escapadarural.com\/blog\/#\/schema\/person\/67be061eb00d8315fa8642e01b88c894"},"headline":"Unas &#8216;Telma y Louise&#8217; especiales, en ruta por Castilla-La Mancha","datePublished":"2023-05-13T07:58:00+00:00","dateModified":"2025-01-15T12:39:46+00:00","mainEntityOfPage":{"@id":"https:\/\/www.escapadarural.com\/blog\/en-ruta-por-castilla-la-mancha-de-cine\/"},"wordCount":1143,"commentCount":1,"publisher":{"@id":"https:\/\/www.escapadarural.com\/blog\/#organization"},"image":{"@id":"https:\/\/www.escapadarural.com\/blog\/en-ruta-por-castilla-la-mancha-de-cine\/#primaryimage"},"thumbnailUrl":"https:\/\/www.escapadarural.com\/blog\/wp-content\/uploads\/2024\/10\/ruidera-2018-3-1024x683-1.jpg","keywords":["Albacete","art\u00edculo","Castilla-La Mancha","Ciudad Real","Parque Nacional de Caba\u00f1eros","Parque Natural de los Calares del Mundo y de la Sima","Rutas en Castilla-La Mancha","Serran\u00eda de Cuenca","Sierra Madrona","Sierra Norte de Guadalajara","turismo rural"],"articleSection":["Rutas y excursiones"],"inLanguage":"es","potentialAction":[{"@type":"CommentAction","name":"Comment","target":["https:\/\/www.escapadarural.com\/blog\/en-ruta-por-castilla-la-mancha-de-cine\/#respond"]}]},{"@type":"WebPage","@id":"https:\/\/www.escapadarural.com\/blog\/en-ruta-por-castilla-la-mancha-de-cine\/","url":"https:\/\/www.escapadarural.com\/blog\/en-ruta-por-castilla-la-mancha-de-cine\/","name":"Unas 'Telma y Louise' especiales, en ruta por Castilla-La Mancha - EscapadaRural","isPartOf":{"@id":"https:\/\/www.escapadarural.com\/blog\/#website"},"primaryImageOfPage":{"@id":"https:\/\/www.escapadarural.com\/blog\/en-ruta-por-castilla-la-mancha-de-cine\/#primaryimage"},"image":{"@id":"https:\/\/www.escapadarural.com\/blog\/en-ruta-por-castilla-la-mancha-de-cine\/#primaryimage"},"thumbnailUrl":"https:\/\/www.escapadarural.com\/blog\/wp-content\/uploads\/2024\/10\/ruidera-2018-3-1024x683-1.jpg","datePublished":"2023-05-13T07:58:00+00:00","dateModified":"2025-01-15T12:39:46+00:00","breadcrumb":{"@id":"https:\/\/www.escapadarural.com\/blog\/en-ruta-por-castilla-la-mancha-de-cine\/#breadcrumb"},"inLanguage":"es","potentialAction":[{"@type":"ReadAction","target":["https:\/\/www.escapadarural.com\/blog\/en-ruta-por-castilla-la-mancha-de-cine\/"]}]},{"@type":"ImageObject","inLanguage":"es","@id":"https:\/\/www.escapadarural.com\/blog\/en-ruta-por-castilla-la-mancha-de-cine\/#primaryimage","url":"https:\/\/www.escapadarural.com\/blog\/wp-content\/uploads\/2024\/10\/ruidera-2018-3-1024x683-1.jpg","contentUrl":"https:\/\/www.escapadarural.com\/blog\/wp-content\/uploads\/2024\/10\/ruidera-2018-3-1024x683-1.jpg","width":1024,"height":683,"caption":"Lagunas de Ruidera."},{"@type":"BreadcrumbList","@id":"https:\/\/www.escapadarural.com\/blog\/en-ruta-por-castilla-la-mancha-de-cine\/#breadcrumb","itemListElement":[{"@type":"ListItem","position":1,"name":"Inicio","item":"https:\/\/www.escapadarural.com\/blog\/"},{"@type":"ListItem","position":2,"name":"Rutas y excursiones","item":"https:\/\/www.escapadarural.com\/blog\/categoria\/rutas-y-excursiones\/"},{"@type":"ListItem","position":3,"name":"Unas &#8216;Telma y Louise&#8217; especiales, en ruta por Castilla-La Mancha"}]},{"@type":"WebSite","@id":"https:\/\/www.escapadarural.com\/blog\/#website","url":"https:\/\/www.escapadarural.com\/blog\/","name":"Blog de viajes | turismo rural, alojamientos e inspiraci\u00f3n","description":"Alojamientos rurales e inspiraci\u00f3n para tus escapadas","publisher":{"@id":"https:\/\/www.escapadarural.com\/blog\/#organization"},"alternateName":"Magazine de viajes de EscapadaRural","potentialAction":[{"@type":"SearchAction","target":{"@type":"EntryPoint","urlTemplate":"https:\/\/www.escapadarural.com\/blog\/?s={search_term_string}"},"query-input":{"@type":"PropertyValueSpecification","valueRequired":true,"valueName":"search_term_string"}}],"inLanguage":"es"},{"@type":"Organization","@id":"https:\/\/www.escapadarural.com\/blog\/#organization","name":"EscapadaRural","url":"https:\/\/www.escapadarural.com\/blog\/","logo":{"@type":"ImageObject","inLanguage":"es","@id":"https:\/\/www.escapadarural.com\/blog\/#\/schema\/logo\/image\/","url":"https:\/\/www.escapadarural.com\/blog\/wp-content\/uploads\/2024\/10\/cropped-cropped-escapada-rural-icon-mag-3.png","contentUrl":"https:\/\/www.escapadarural.com\/blog\/wp-content\/uploads\/2024\/10\/cropped-cropped-escapada-rural-icon-mag-3.png","width":512,"height":512,"caption":"EscapadaRural"},"image":{"@id":"https:\/\/www.escapadarural.com\/blog\/#\/schema\/logo\/image\/"},"sameAs":["https:\/\/www.facebook.com\/escapadarural","https:\/\/www.instagram.com\/escapadarural\/","https:\/\/www.youtube.com\/@escapadaruralcom"]},{"@type":"Person","@id":"https:\/\/www.escapadarural.com\/blog\/#\/schema\/person\/67be061eb00d8315fa8642e01b88c894","name":"Raquel Andr\u00e9s","image":{"@type":"ImageObject","inLanguage":"es","@id":"https:\/\/secure.gravatar.com\/avatar\/b45840531462f3cafb335a9fc5c0bfda2c07c3df4b82b304b923526b85cc6cb5?s=96&d=mm&r=g","url":"https:\/\/secure.gravatar.com\/avatar\/b45840531462f3cafb335a9fc5c0bfda2c07c3df4b82b304b923526b85cc6cb5?s=96&d=mm&r=g","contentUrl":"https:\/\/secure.gravatar.com\/avatar\/b45840531462f3cafb335a9fc5c0bfda2c07c3df4b82b304b923526b85cc6cb5?s=96&d=mm&r=g","caption":"Raquel Andr\u00e9s"},"description":"Periodista y aventurera. Me has podido leer en Escapada Rural, Diari Nosaltres La Veu, La Vanguardia, El Salto y otros medios. Habitante y amante de las zonas rurales, sea cual sea el destino. Procuro escaparme una vez por semana con las botas de monta\u00f1a, el arn\u00e9s o el neopreno. Tambi\u00e9n soy un intento de baserritarra.","url":"https:\/\/www.escapadarural.com\/blog\/autor\/raquel\/"}]}},"_links":{"self":[{"href":"https:\/\/www.escapadarural.com\/blog\/wp-json\/wp\/v2\/posts\/62233","targetHints":{"allow":["GET"]}}],"collection":[{"href":"https:\/\/www.escapadarural.com\/blog\/wp-json\/wp\/v2\/posts"}],"about":[{"href":"https:\/\/www.escapadarural.com\/blog\/wp-json\/wp\/v2\/types\/post"}],"author":[{"embeddable":true,"href":"https:\/\/www.escapadarural.com\/blog\/wp-json\/wp\/v2\/users\/123"}],"replies":[{"embeddable":true,"href":"https:\/\/www.escapadarural.com\/blog\/wp-json\/wp\/v2\/comments?post=62233"}],"version-history":[{"count":0,"href":"https:\/\/www.escapadarural.com\/blog\/wp-json\/wp\/v2\/posts\/62233\/revisions"}],"wp:featuredmedia":[{"embeddable":true,"href":"https:\/\/www.escapadarural.com\/blog\/wp-json\/wp\/v2\/media\/97923"}],"wp:attachment":[{"href":"https:\/\/www.escapadarural.com\/blog\/wp-json\/wp\/v2\/media?parent=62233"}],"wp:term":[{"taxonomy":"category","embeddable":true,"href":"https:\/\/www.escapadarural.com\/blog\/wp-json\/wp\/v2\/categories?post=62233"},{"taxonomy":"post_tag","embeddable":true,"href":"https:\/\/www.escapadarural.com\/blog\/wp-json\/wp\/v2\/tags?post=62233"}],"curies":[{"name":"wp","href":"https:\/\/api.w.org\/{rel}","templated":true}]}}